{"id":4505,"date":"2021-12-13T14:31:00","date_gmt":"2021-12-13T13:31:00","guid":{"rendered":"https:\/\/blog.ccc.eu\/cz\/?p=4505"},"modified":"2022-11-24T14:53:33","modified_gmt":"2022-11-24T13:53:33","slug":"jak-se-oblect-na-vanocni-vecirek-tipy-na-outfit-pro-kazdy-dress-code","status":"publish","type":"post","link":"https:\/\/blog.ccc.eu\/cz\/jak-se-oblect-na-vanocni-vecirek-tipy-na-outfit-pro-kazdy-dress-code\/","title":{"rendered":"Jak se obl\u00e9ct na v\u00e1no\u010dn\u00ed ve\u010d\u00edrek? Tipy na outfit pro ka\u017ed\u00fd dress code"},"content":{"rendered":"\n<p><b>Rok se s rokem se\u0161el a nast\u00e1v\u00e1 op\u011bt \u010das chystat d\u00e1rky, zdobit stromek a v neposledn\u00ed \u0159ad\u011b tak\u00e9 vyrazit na nejednu v\u00e1no\u010dn\u00ed party. A\u0165 u\u017e chyst\u00e1te neform\u00e1ln\u00ed posezen\u00ed v kancel\u00e1\u0159i, nebo pl\u00e1nujete noblesn\u00ed raut, ur\u010dit\u011b chcete vypadat dob\u0159e. V\u00edte, jak se na kterou ud\u00e1lost spr\u00e1vn\u011b obl\u00e9knout?<\/b> <\/p>\n\n\n\n<p>Firemn\u00ed v\u00e1no\u010dn\u00ed ve\u010d\u00edrky jsou obl\u00edben\u00e9 u v\u011bt\u0161iny zam\u011bstnanc\u016f t\u011bch nejr\u016fznorod\u011bj\u0161\u00edch spole\u010dnost\u00ed. Nejde na nich v\u0161ak jen o z\u00e1bavu. Pro v\u00e1s to m\u016f\u017ee b\u00fdt p\u0159\u00edle\u017eitost, jak ud\u011blat skv\u011bl\u00fd dojem na veden\u00ed, kolegy i klienty \u2013 a kdo v\u00ed, p\u0159\u00edpadn\u011b tak ud\u011blat kr\u016f\u010dek v kari\u00e9rn\u00edm postupu. <\/p>\n\n\n\n<figure class=\"wp-block-gallery has-nested-images columns-default is-cropped wp-block-gallery-1 is-layout-flex wp-block-gallery-is-layout-flex\">\n<figure class=\"wp-block-image size-large\"><img loading=\"lazy\" decoding=\"async\" width=\"384\" height=\"512\" data-id=\"4141\" src=\"https:\/\/blog.ccc.eu\/cz\/wp-content\/uploads\/2021\/12\/CCC-XMAS-2931_F-1.jpg\" alt=\"mal\u00e1 b\u00e9\u017eov\u00e1 kabelka na slavnostn\u00ed ve\u010d\u00edrek\" class=\"wp-image-4141\" srcset=\"https:\/\/blog.ccc.eu\/cz\/wp-content\/uploads\/2021\/12\/CCC-XMAS-2931_F-1.jpg 384w, https:\/\/blog.ccc.eu\/cz\/wp-content\/uploads\/2021\/12\/CCC-XMAS-2931_F-1-225x300.jpg 225w, https:\/\/blog.ccc.eu\/cz\/wp-content\/uploads\/2021\/12\/CCC-XMAS-2931_F-1-100x133.jpg 100w\" sizes=\"auto, (max-width: 384px) 100vw, 384px\" \/><\/figure>\n\n\n\n<figure class=\"wp-block-image size-large\"><img loading=\"lazy\" decoding=\"async\" width=\"384\" height=\"512\" data-id=\"4127\" src=\"https:\/\/blog.ccc.eu\/cz\/wp-content\/uploads\/2021\/12\/CCC-XMAS-2937_F.jpg\" alt=\"v\u00e1no\u010dn\u00ed a novoro\u010dn\u00ed styling s malou \u010dernou kabelkou\" class=\"wp-image-4127\" srcset=\"https:\/\/blog.ccc.eu\/cz\/wp-content\/uploads\/2021\/12\/CCC-XMAS-2937_F.jpg 384w, https:\/\/blog.ccc.eu\/cz\/wp-content\/uploads\/2021\/12\/CCC-XMAS-2937_F-225x300.jpg 225w, https:\/\/blog.ccc.eu\/cz\/wp-content\/uploads\/2021\/12\/CCC-XMAS-2937_F-100x133.jpg 100w\" sizes=\"auto, (max-width: 384px) 100vw, 384px\" \/><\/figure>\n<\/figure>\n\n\n\n<h2 class=\"wp-block-heading\"><b>Co nechat v ka\u017ed\u00e9m p\u0159\u00edpad\u011b doma <\/b><\/h2>\n\n\n\n<p>Bez ohledu na to, kam se chyst\u00e1te, existuje n\u011bkolik v\u011bc\u00ed, kter\u00e9 byste za ka\u017ed\u00e9 situace m\u011bli nechat doma. Pamatujte si, \u017ee ka\u017ed\u00fd detail se po\u010d\u00edt\u00e1 a ost\u0159\u00ed\u017e\u00edmu zraku koleg\u016f a kolegy\u0148 nic neunikne. Pokud tedy najdete na \u0161atech \u010di obleku i sebemen\u0161\u00ed fl\u00ed\u010dek nebo natr\u017een\u00fd \u0161ev, rozhodn\u011b nepo\u010d\u00edtejte s t\u00edm, \u017ee si jej krom\u011b v\u00e1s nikdo nev\u0161imne. Dan\u00fd kousek nechte rad\u011bji doma. Stejn\u011b tak, jako n\u00e1sleduj\u00edc\u00ed: <\/p>\n\n\n\n<ul class=\"wp-block-list\">\n<li>oble\u010den\u00ed s p\u0159\u00edli\u0161 velk\u00fdm logem, <\/li>\n\n\n\n<li>p\u0159ehnan\u011b odhaluj\u00edc\u00ed, pr\u016fsvitn\u00e9 nebo jinak vyz\u00fdvav\u00e9 oble\u010den\u00ed <\/li>\n<\/ul>\n\n\n\n<p>Myslete rovn\u011b\u017e na to, \u017ee patrn\u011b vy i va\u0161i kolegov\u00e9 budete na ve\u010d\u00edrku konzumovat alkohol, a \u017ee tedy snadno m\u016f\u017ee doj\u00edt k men\u0161\u00ed nehod\u011b. Rozhodujete-li se tedy mezi dv\u011bma barvami outfitu, dejte rad\u011bji p\u0159ednost t\u00e9 tmav\u0161\u00ed.&nbsp;<\/p>\n\n\n\n<p>D\u00e1my by to nem\u011bly p\u0159eh\u00e1n\u011bt s l\u00ed\u010den\u00edm: make-up na zakryt\u00ed nedokonalost\u00ed, decentn\u00ed sv\u011btl\u00e9 o\u010dn\u00ed st\u00edny a rt\u011bnka v neutr\u00e1ln\u00edm odst\u00ednu \u00fapln\u011b posta\u010d\u00ed. <\/p>\n\n\n\n<h2 class=\"wp-block-heading\"><b>P\u0159ipravte se podle pozv\u00e1nky <\/b><\/h2>\n\n\n\n<p>Je\u0161t\u011b ne\u017e se za\u010dnete rozhodovat, jak\u00fd outfit na v\u00e1no\u010dn\u00ed ve\u010d\u00edrek zvol\u00edte, pod\u00edvejte se na pozv\u00e1nku. Na n\u00ed b\u00fdv\u00e1 \u010dasto uveden \u2013 krom\u011b m\u00edsta a data kon\u00e1n\u00ed \u2013&nbsp;p\u0159edepsan\u00fd&nbsp;dress&nbsp;code, kter\u00fd ud\u00e1v\u00e1 styl, v jak\u00e9m byste m\u011bli p\u0159ij\u00edt oble\u010deni. Pokud na pozv\u00e1nce uveden nen\u00ed, zkuste se pod\u00edvat na fotky m\u00edsta kon\u00e1n\u00ed. Z nich z\u00edsk\u00e1te&nbsp;p\u0159edstavu, co&nbsp;si obl\u00e9ct: \u010d\u00edm honosn\u011bj\u0161\u00ed prostory, t\u00edm slavnostn\u011bj\u0161\u00ed by m\u011blo b\u00fdt i oble\u010den\u00ed.&nbsp;<\/p>\n\n\n\n<p>Pokud na pozv\u00e1nce dress code je, b\u00fdv\u00e1 uveden anglick\u00fdmi v\u00fdrazy pro jednotliv\u00e9 styly oble\u010den\u00ed. V\u00edte, co kter\u00fd z nich znamen\u00e1? <\/p>\n\n\n<shortcode prop-load-num=\"8\" prop-display-num=\"4\" prop-sku=\"5903698795621, 5903698741345, 5903698740805, 5903698904108, 5903698826295, 5903698920498, 5904248049379, 5904248076573, 5903698852362, 5903698965710, 5903698914046\" prop-view=\"slider\"><\/shortcode>        <div\r\n            class=\"eob-pf-shortcode\"\r\n            id=\"eobpf69f24948304b2\"\r\n        >\r\n            <shortcode prop-load-num=\"8\" prop-display-num=\"4\" prop-sku=\"5903698795621, 5903698741345, 5903698740805, 5903698904108, 5903698826295, 5903698920498, 5904248049379, 5904248076573, 5903698852362, 5903698965710, 5903698914046\" prop-view=\"slider\"><\/shortcode>        <\/div>\r\n\t\t<script>\r\n\t\t\tjQuery(document).ready(() => {\r\n\t\t\t    const root = document.getElementById('eobpf69f24948304b2');\r\n                Vue.createApp({\r\n\t                components: {\r\n\t                    shortcode\r\n\t                }\r\n                }).mount(root);\r\n\t\t\t});\r\n\t\t<\/script>\r\n\t\t\r\n\t\t\n\n\n\n<h3 class=\"wp-block-heading\"><b>Casual <\/b><\/h3>\n\n\n\n<p>Je-li na pozv\u00e1nce uveden\u00fd&nbsp;dress&nbsp;code&nbsp;<em>casual<\/em>, m\u00e1te ve v\u00fdb\u011bru oble\u010den\u00ed v\u00edcem\u00e9n\u011b volnou ruku. Obl\u00e9kn\u011bte si tedy cokoliv,&nbsp;v \u010dem se c\u00edt\u00edte sami sebou. \u017d\u00e1dn\u00e1 omezen\u00ed co do st\u0159ihu, barvy nebo d\u00e9lky \u0161at\u016f v p\u0159\u00edpad\u011b&nbsp;casual&nbsp;stylu neplat\u00ed, ov\u0161em d\u00e1my by si m\u011bly d\u00e1t pozor: p\u0159\u00edli\u0161 sexy outfit nepat\u0159\u00ed ani na neform\u00e1ln\u00ed firemn\u00ed ve\u010d\u00edrek. Zkuste si rad\u011bji obl\u00e9knout pleten\u00e9 svetrov\u00e9 \u0161aty v d\u00e9lce nad kolena, dopln\u011bn\u00e9 popul\u00e1rn\u00edmi pono\u017ekov\u00fdmi koza\u010dkami.&nbsp;&nbsp;<\/p>\n\n\n\n<p>P\u00e1nov\u00e9 mohou s\u00e1hnout po jak\u00fdchkoliv kalhot\u00e1ch, v\u010detn\u011b d\u017e\u00ednov\u00fdch, dopln\u011bn\u00fdch trikem bez potisku \u010di ko\u0161il\u00ed. Obout si v p\u0159\u00edpad\u011b casual party mohou klidn\u011b i tenisky. <\/p>\n\n\n\n<h3 class=\"wp-block-heading\"><b>Smart casual a business casual <\/b><\/h3>\n\n\n\n<p>V p\u0159\u00edpad\u011b ve\u010d\u00edrku s&nbsp;dress&nbsp;codem&nbsp;<em>smart&nbsp;casual<\/em>&nbsp;nebo&nbsp;<em>business&nbsp;casual<\/em>&nbsp;u\u017e bude nutn\u00e9 po\u010d\u00edtat s n\u011bkter\u00fdmi omezen\u00edmi. Zapov\u011bzen\u00e1 je nap\u0159\u00edklad d\u017e\u00ednovina, a to jak pro d\u00e1my, tak i pro p\u00e1ny. V\u00e1\u0161 celkov\u00fd vzhled by m\u011bl p\u016fsobit st\u0159\u00eddm\u011b, elegantn\u011b a \u010dist\u011b z\u00e1rove\u0148. \u017deny si mohou obl\u00e9ci kalhoty, sukni nebo \u0161aty v minim\u00e1ln\u00ed d\u00e9lce t\u011bsn\u011b nad kolena. Pro mu\u017ee jsou ide\u00e1ln\u00ed spole\u010densk\u00e9 kalhoty a ko\u0161ile, kravatu mohou v tomto p\u0159\u00edpad\u011b nechat doma.&nbsp;<\/p>\n\n\n\n<p><a href=\"https:\/\/ccc.eu\/cz\/damske\/boty\" target=\"_blank\" rel=\"noreferrer noopener\">Boty na party<\/a> ve stylu smart nebo business casual by m\u011bly b\u00fdt v decentn\u00edm neutr\u00e1ln\u00edm odst\u00ednu: \u010dern\u00e1, hn\u011bd\u00e1 a b\u00e9\u017eov\u00e1 jsou s\u00e1zkou na jistotu. D\u00e1my mohou, ale nemus\u00ed m\u00edt boty na podpatku, p\u00e1nov\u00e9 by m\u011bli zapomenout na tenisky a obout rad\u011bji chelsea boty nebo oxfordky. <\/p>\n\n\n\n<h3 class=\"wp-block-heading\"><b>Koktejl party <\/b><\/h3>\n\n\n\n<p>Pod pojmem&nbsp;<em>koktejl party<\/em>&nbsp;se neskr\u00fdv\u00e1 pop\u00edjen\u00ed m\u00edchan\u00fdch n\u00e1poj\u016f v tane\u010dn\u00edm klubu: jde o mnohem slavnostn\u011bji a form\u00e1ln\u011bji lad\u011bnou akci. Pro mu\u017ee je tedy jedinou p\u0159\u00edpustnou variantou oblek v decentn\u00edch odst\u00ednech, tedy \u010dern\u00fd, \u0161ed\u00fd nebo modr\u00fd. Povinn\u00e1 je v tomto p\u0159\u00edpad\u011b tak\u00e9 b\u00edl\u00e1 ko\u0161ile a kravata. Na chodidla&nbsp;pak pat\u0159\u00ed spole\u010densk\u00e9 polobotky, nejl\u00e9pe takzvan\u00e9 derby boty.&nbsp;<\/p>\n\n\n\n<p>D\u00e1my si mohou s outfitem trochu v\u00edce vyhr\u00e1t. <a href=\"https:\/\/ccc.eu\/cz\/damske\/obleceni\/saty\" target=\"_blank\" rel=\"noreferrer noopener\">\u0160aty na v\u00e1no\u010dn\u00ed ve\u010d\u00edrek<\/a> v podob\u011b koktejl party mus\u00ed b\u00fdt v d\u00e9lce ke kolen\u016fm, p\u0159\u00edpadn\u011b t\u011bsn\u011b nad. Povolen\u00e9 jsou ale v\u0161echny barvy, dokonce i potisky. Ke koktejlk\u00e1m pat\u0159\u00ed kabelka psan\u00ed\u010dko a barevn\u011b slad\u011bn\u00e9 boty na podpatku. Pokud chcete n\u00e1sledovat trendy posledn\u00edch rok\u016f, zvolte \u0161aty i boty v metalick\u00e9 st\u0159\u00edbrn\u00e9 \u010di zlat\u00e9. Nebojte se ani dopl\u0148k\u016f, nap\u0159\u00edklad zaj\u00edmav\u00fdch n\u00e1u\u0161nic. <\/p>\n\n\n\n<h3 class=\"wp-block-heading\"><b>Black tie <\/b><\/h3>\n\n\n\n<p><em>Black&nbsp;tie<\/em>&nbsp;ozna\u010duje maxim\u00e1ln\u011b slavnostn\u00ed p\u0159\u00edle\u017eitost s p\u0159\u00edsn\u00fdmi pravidly obl\u00e9k\u00e1n\u00ed. Pro mu\u017ee nep\u0159ipad\u00e1 v \u00favahu nic jin\u00e9ho ne\u017e \u010dern\u00fd smoking, b\u00edl\u00e1 ko\u0161ile a mot\u00fdlek. K tomu lze obout spole\u010densk\u00e9 lak\u00fdrky. D\u00e1my maj\u00ed p\u0159edepsan\u00e9 dlouh\u00e9 ve\u010dern\u00ed \u0161aty, kter\u00e9 by m\u011bly m\u00edt tmav\u00fd odst\u00edn: hod\u00ed se \u010dern\u00e9, ale i tmav\u011b modr\u00e9, fialov\u00e9 nebo zelen\u00e9. Dopln\u00ed je samoz\u0159ejm\u011b lodi\u010dkami na podpatku a psan\u00ed\u010dkem.&nbsp;<\/p>\n\n\n\n<h3 class=\"wp-block-heading\"><b>Party v kost\u00fdmech <\/b><\/h3>\n\n\n\n<p>V n\u011bkter\u00fdch firm\u00e1ch b\u00fdv\u00e1 v\u00e1no\u010dn\u00ed ve\u010d\u00edrek pojat jako ma\u0161karn\u00ed ples. Je to skv\u011bl\u00e1 p\u0159\u00edle\u017eitost utu\u017eit kolektiv a dob\u0159e se pobavit. Jako v\u00e1no\u010dn\u00ed kost\u00fdm se p\u0159itom hod\u00ed t\u00e9m\u011b\u0159 cokoliv v kombinaci \u010derven\u00e9 a zelen\u00e9, dopln\u011bn\u00e9 p\u0159\u00edpadn\u00fdmi zlat\u00fdmi akcenty. Na hlavu pak nasa\u010fte v\u00e1no\u010dn\u00ed \u010depi\u010dku, obujte si \u010derven\u00e9 boty a m\u016f\u017eete vyrazit. <\/p>\n\n\n\n<p>A\u0165 u\u017e se bude v\u00e1\u0161 firemn\u00ed ve\u010d\u00edrek konat kdekoliv a v jak\u00e9mkoliv duchu, bu\u010fte p\u0159edev\u0161\u00edm sami sebou a zachov\u00e1vejte profesionalitu. <\/p>\n","protected":false},"excerpt":{"rendered":"<p>Rok se s rokem se\u0161el a nast\u00e1v\u00e1 op\u011bt \u010das chystat d\u00e1rky, zdobit stromek a v neposledn\u00ed \u0159ad\u011b tak\u00e9 vyrazit na nejednu v\u00e1no\u010dn\u00ed party. A\u0165 u\u017e chyst\u00e1te neform\u00e1ln\u00ed posezen\u00ed v kancel\u00e1\u0159i, nebo pl\u00e1nujete noblesn\u00ed raut, ur\u010dit\u011b chcete vypadat dob\u0159e. V\u00edte, jak se na kterou ud\u00e1lost spr\u00e1vn\u011b obl\u00e9knout? Firemn\u00ed v\u00e1no\u010dn\u00ed ve\u010d\u00edrky jsou obl\u00edben\u00e9 u v\u011bt\u0161iny zam\u011bstnanc\u016f t\u011bch [&hellip;]<\/p>\n","protected":false},"author":16,"featured_media":4141,"comment_status":"open","ping_status":"open","sticky":false,"template":"","format":"standard","meta":{"_acf_changed":false,"footnotes":""},"categories":[4],"tags":[553,554,555,557,556],"class_list":["post-4505","post","type-post","status-publish","format-standard","has-post-thumbnail","hentry","category-modni-tipy","tag-obleceni","tag-outfit","tag-party-outfit","tag-vanoce","tag-vanocni-outfit"],"acf":[],"yoast_head":"<!-- This site is optimized with the Yoast SEO plugin v26.9 - https:\/\/yoast.com\/product\/yoast-seo-wordpress\/ -->\n<title>Jak se obl\u00e9ct na v\u00e1no\u010dn\u00ed ve\u010d\u00edrek? Tipy na outfit pro ka\u017ed\u00fd dress code - blog.ccc.eu\/cz<\/title>\n<meta name=\"description\" content=\"\u010cas ve\u010d\u00edrk\u016f a v\u00e1no\u010dn\u00edch party je za dve\u0159mi \u2728. Zjist\u011bte, co si vz\u00edt na sebe, abyste na nich byli za hv\u011bzdu, a\u0165 jde o setk\u00e1n\u00ed s p\u0159\u00e1teli nebo black tie raut! 2026\" \/>\n<meta name=\"robots\" content=\"index, follow, max-snippet:-1, max-image-preview:large, max-video-preview:-1\" \/>\n<link rel=\"canonical\" href=\"https:\/\/blog.ccc.eu\/cz\/jak-se-oblect-na-vanocni-vecirek-tipy-na-outfit-pro-kazdy-dress-code\/\" \/>\n<meta property=\"og:locale\" content=\"cs_CZ\" \/>\n<meta property=\"og:type\" content=\"article\" \/>\n<meta property=\"og:title\" content=\"Jak se obl\u00e9ct na v\u00e1no\u010dn\u00ed ve\u010d\u00edrek? Tipy na outfit pro ka\u017ed\u00fd dress code - blog.ccc.eu\/cz\" \/>\n<meta property=\"og:description\" content=\"\u010cas ve\u010d\u00edrk\u016f a v\u00e1no\u010dn\u00edch party je za dve\u0159mi \u2728. Zjist\u011bte, co si vz\u00edt na sebe, abyste na nich byli za hv\u011bzdu, a\u0165 jde o setk\u00e1n\u00ed s p\u0159\u00e1teli nebo black tie raut!\" \/>\n<meta property=\"og:url\" content=\"https:\/\/blog.ccc.eu\/cz\/jak-se-oblect-na-vanocni-vecirek-tipy-na-outfit-pro-kazdy-dress-code\/\" \/>\n<meta property=\"og:site_name\" content=\"blog.ccc.eu\/cz\" \/>\n<meta property=\"article:published_time\" content=\"2021-12-13T13:31:00+00:00\" \/>\n<meta property=\"article:modified_time\" content=\"2022-11-24T13:53:33+00:00\" \/>\n<meta property=\"og:image\" content=\"https:\/\/blog.ccc.eu\/cz\/wp-content\/uploads\/2021\/12\/CCC-XMAS-2931_F-1.jpg\" \/>\n\t<meta property=\"og:image:width\" content=\"384\" \/>\n\t<meta property=\"og:image:height\" content=\"512\" \/>\n\t<meta property=\"og:image:type\" content=\"image\/jpeg\" \/>\n<meta name=\"author\" content=\"Martina Havl\u00edkov\u00e1\" \/>\n<meta name=\"twitter:card\" content=\"summary_large_image\" \/>\n<meta name=\"twitter:label1\" content=\"Napsal(a)\" \/>\n\t<meta name=\"twitter:data1\" content=\"Martina Havl\u00edkov\u00e1\" \/>\n\t<meta name=\"twitter:label2\" content=\"Odhadovan\u00e1 doba \u010dten\u00ed\" \/>\n\t<meta name=\"twitter:data2\" content=\"5 minut\" \/>\n<script type=\"application\/ld+json\" class=\"yoast-schema-graph\">{\"@context\":\"https:\/\/schema.org\",\"@graph\":[{\"@type\":\"Article\",\"@id\":\"https:\/\/blog.ccc.eu\/cz\/jak-se-oblect-na-vanocni-vecirek-tipy-na-outfit-pro-kazdy-dress-code\/#article\",\"isPartOf\":{\"@id\":\"https:\/\/blog.ccc.eu\/cz\/jak-se-oblect-na-vanocni-vecirek-tipy-na-outfit-pro-kazdy-dress-code\/\"},\"author\":{\"name\":\"Martina Havl\u00edkov\u00e1\",\"@id\":\"https:\/\/blog.ccc.eu\/cz\/#\/schema\/person\/42cd03f93473ab4a9a9fb3f370f9a573\"},\"headline\":\"Jak se obl\u00e9ct na v\u00e1no\u010dn\u00ed ve\u010d\u00edrek? Tipy na outfit pro ka\u017ed\u00fd dress code\",\"datePublished\":\"2021-12-13T13:31:00+00:00\",\"dateModified\":\"2022-11-24T13:53:33+00:00\",\"mainEntityOfPage\":{\"@id\":\"https:\/\/blog.ccc.eu\/cz\/jak-se-oblect-na-vanocni-vecirek-tipy-na-outfit-pro-kazdy-dress-code\/\"},\"wordCount\":1165,\"commentCount\":0,\"publisher\":{\"@id\":\"https:\/\/blog.ccc.eu\/cz\/#organization\"},\"image\":{\"@id\":\"https:\/\/blog.ccc.eu\/cz\/jak-se-oblect-na-vanocni-vecirek-tipy-na-outfit-pro-kazdy-dress-code\/#primaryimage\"},\"thumbnailUrl\":\"https:\/\/blog.ccc.eu\/cz\/wp-content\/uploads\/2021\/12\/CCC-XMAS-2931_F-1.jpg\",\"keywords\":[\"Oble\u010den\u00ed\",\"Outfit\",\"Party outfit\",\"V\u00e1noce\",\"V\u00e1no\u010dn\u00ed outfit\"],\"articleSection\":[\"M\u00d3DN\u00cd TIPY\"],\"inLanguage\":\"cs\",\"potentialAction\":[{\"@type\":\"CommentAction\",\"name\":\"Comment\",\"target\":[\"https:\/\/blog.ccc.eu\/cz\/jak-se-oblect-na-vanocni-vecirek-tipy-na-outfit-pro-kazdy-dress-code\/#respond\"]}]},{\"@type\":\"WebPage\",\"@id\":\"https:\/\/blog.ccc.eu\/cz\/jak-se-oblect-na-vanocni-vecirek-tipy-na-outfit-pro-kazdy-dress-code\/\",\"url\":\"https:\/\/blog.ccc.eu\/cz\/jak-se-oblect-na-vanocni-vecirek-tipy-na-outfit-pro-kazdy-dress-code\/\",\"name\":\"Jak se obl\u00e9ct na v\u00e1no\u010dn\u00ed ve\u010d\u00edrek? Tipy na outfit pro ka\u017ed\u00fd dress code - blog.ccc.eu\/cz\",\"isPartOf\":{\"@id\":\"https:\/\/blog.ccc.eu\/cz\/#website\"},\"primaryImageOfPage\":{\"@id\":\"https:\/\/blog.ccc.eu\/cz\/jak-se-oblect-na-vanocni-vecirek-tipy-na-outfit-pro-kazdy-dress-code\/#primaryimage\"},\"image\":{\"@id\":\"https:\/\/blog.ccc.eu\/cz\/jak-se-oblect-na-vanocni-vecirek-tipy-na-outfit-pro-kazdy-dress-code\/#primaryimage\"},\"thumbnailUrl\":\"https:\/\/blog.ccc.eu\/cz\/wp-content\/uploads\/2021\/12\/CCC-XMAS-2931_F-1.jpg\",\"datePublished\":\"2021-12-13T13:31:00+00:00\",\"dateModified\":\"2022-11-24T13:53:33+00:00\",\"description\":\"\u010cas ve\u010d\u00edrk\u016f a v\u00e1no\u010dn\u00edch party je za dve\u0159mi \u2728. Zjist\u011bte, co si vz\u00edt na sebe, abyste na nich byli za hv\u011bzdu, a\u0165 jde o setk\u00e1n\u00ed s p\u0159\u00e1teli nebo black tie raut!\",\"breadcrumb\":{\"@id\":\"https:\/\/blog.ccc.eu\/cz\/jak-se-oblect-na-vanocni-vecirek-tipy-na-outfit-pro-kazdy-dress-code\/#breadcrumb\"},\"inLanguage\":\"cs\",\"potentialAction\":[{\"@type\":\"ReadAction\",\"target\":[\"https:\/\/blog.ccc.eu\/cz\/jak-se-oblect-na-vanocni-vecirek-tipy-na-outfit-pro-kazdy-dress-code\/\"]}]},{\"@type\":\"ImageObject\",\"inLanguage\":\"cs\",\"@id\":\"https:\/\/blog.ccc.eu\/cz\/jak-se-oblect-na-vanocni-vecirek-tipy-na-outfit-pro-kazdy-dress-code\/#primaryimage\",\"url\":\"https:\/\/blog.ccc.eu\/cz\/wp-content\/uploads\/2021\/12\/CCC-XMAS-2931_F-1.jpg\",\"contentUrl\":\"https:\/\/blog.ccc.eu\/cz\/wp-content\/uploads\/2021\/12\/CCC-XMAS-2931_F-1.jpg\",\"width\":384,\"height\":512,\"caption\":\"b\u00e9\u017eov\u00e1 d\u00e1msk\u00e1 kabelka na v\u00e1no\u010dn\u00ed a novoro\u010dn\u00ed ve\u010d\u00edrek\"},{\"@type\":\"BreadcrumbList\",\"@id\":\"https:\/\/blog.ccc.eu\/cz\/jak-se-oblect-na-vanocni-vecirek-tipy-na-outfit-pro-kazdy-dress-code\/#breadcrumb\",\"itemListElement\":[{\"@type\":\"ListItem\",\"position\":1,\"name\":\"Strona g\u0142\u00f3wna\",\"item\":\"https:\/\/blog.ccc.eu\/cz\/\"},{\"@type\":\"ListItem\",\"position\":2,\"name\":\"Jak se obl\u00e9ct na v\u00e1no\u010dn\u00ed ve\u010d\u00edrek? Tipy na outfit pro ka\u017ed\u00fd dress code\"}]},{\"@type\":\"WebSite\",\"@id\":\"https:\/\/blog.ccc.eu\/cz\/#website\",\"url\":\"https:\/\/blog.ccc.eu\/cz\/\",\"name\":\"blog.ccc.eu\/cz\",\"description\":\"Va\u0161e m\u00edsto pln\u00e9 m\u00f3dn\u00edch inspirac\u00ed\",\"publisher\":{\"@id\":\"https:\/\/blog.ccc.eu\/cz\/#organization\"},\"potentialAction\":[{\"@type\":\"SearchAction\",\"target\":{\"@type\":\"EntryPoint\",\"urlTemplate\":\"https:\/\/blog.ccc.eu\/cz\/?s={search_term_string}\"},\"query-input\":{\"@type\":\"PropertyValueSpecification\",\"valueRequired\":true,\"valueName\":\"search_term_string\"}}],\"inLanguage\":\"cs\"},{\"@type\":\"Organization\",\"@id\":\"https:\/\/blog.ccc.eu\/cz\/#organization\",\"name\":\"CCC S.A.\",\"url\":\"https:\/\/blog.ccc.eu\/cz\/\",\"logo\":{\"@type\":\"ImageObject\",\"inLanguage\":\"cs\",\"@id\":\"https:\/\/blog.ccc.eu\/cz\/#\/schema\/logo\/image\/\",\"url\":\"https:\/\/blog.ccc.eu\/cz\/wp-content\/uploads\/2021\/11\/logo_ccc.png\",\"contentUrl\":\"https:\/\/blog.ccc.eu\/cz\/wp-content\/uploads\/2021\/11\/logo_ccc.png\",\"width\":730,\"height\":270,\"caption\":\"CCC S.A.\"},\"image\":{\"@id\":\"https:\/\/blog.ccc.eu\/cz\/#\/schema\/logo\/image\/\"}},{\"@type\":\"Person\",\"@id\":\"https:\/\/blog.ccc.eu\/cz\/#\/schema\/person\/42cd03f93473ab4a9a9fb3f370f9a573\",\"name\":\"Martina Havl\u00edkov\u00e1\",\"image\":{\"@type\":\"ImageObject\",\"inLanguage\":\"cs\",\"@id\":\"https:\/\/blog.ccc.eu\/cz\/#\/schema\/person\/image\/\",\"url\":\"https:\/\/blog.ccc.eu\/cz\/wp-content\/uploads\/2022\/02\/Martina-Havlikova-Cropped-100x100.jpg\",\"contentUrl\":\"https:\/\/blog.ccc.eu\/cz\/wp-content\/uploads\/2022\/02\/Martina-Havlikova-Cropped-100x100.jpg\",\"caption\":\"Martina Havl\u00edkov\u00e1\"},\"description\":\"Psan\u00edm text\u016f se \u017eiv\u00edm od roku 2012, bavilo m\u011b to ale v\u017edycky. Nejrad\u011bji p\u00ed\u0161i \u010dl\u00e1nky o m\u00f3d\u011b a obl\u00e9k\u00e1n\u00ed, cestov\u00e1n\u00ed nebo wellness, ale \u017e\u00e1dn\u00e9 t\u00e9ma mi nen\u00ed \u00fapln\u011b ciz\u00ed. Zhruba posledn\u00ed dva roky p\u00ed\u0161i i v angli\u010dtin\u011b pro klienty z Velk\u00e9 Brit\u00e1nie.\",\"url\":\"https:\/\/blog.ccc.eu\/cz\/author\/marta-urban\/\"}]}<\/script>\n<!-- \/ Yoast SEO plugin. -->","yoast_head_json":{"title":"Jak se obl\u00e9ct na v\u00e1no\u010dn\u00ed ve\u010d\u00edrek? Tipy na outfit pro ka\u017ed\u00fd dress code - blog.ccc.eu\/cz","description":"\u010cas ve\u010d\u00edrk\u016f a v\u00e1no\u010dn\u00edch party je za dve\u0159mi \u2728. Zjist\u011bte, co si vz\u00edt na sebe, abyste na nich byli za hv\u011bzdu, a\u0165 jde o setk\u00e1n\u00ed s p\u0159\u00e1teli nebo black tie raut! 2026","robots":{"index":"index","follow":"follow","max-snippet":"max-snippet:-1","max-image-preview":"max-image-preview:large","max-video-preview":"max-video-preview:-1"},"canonical":"https:\/\/blog.ccc.eu\/cz\/jak-se-oblect-na-vanocni-vecirek-tipy-na-outfit-pro-kazdy-dress-code\/","og_locale":"cs_CZ","og_type":"article","og_title":"Jak se obl\u00e9ct na v\u00e1no\u010dn\u00ed ve\u010d\u00edrek? Tipy na outfit pro ka\u017ed\u00fd dress code - blog.ccc.eu\/cz","og_description":"\u010cas ve\u010d\u00edrk\u016f a v\u00e1no\u010dn\u00edch party je za dve\u0159mi \u2728. Zjist\u011bte, co si vz\u00edt na sebe, abyste na nich byli za hv\u011bzdu, a\u0165 jde o setk\u00e1n\u00ed s p\u0159\u00e1teli nebo black tie raut!","og_url":"https:\/\/blog.ccc.eu\/cz\/jak-se-oblect-na-vanocni-vecirek-tipy-na-outfit-pro-kazdy-dress-code\/","og_site_name":"blog.ccc.eu\/cz","article_published_time":"2021-12-13T13:31:00+00:00","article_modified_time":"2022-11-24T13:53:33+00:00","og_image":[{"width":384,"height":512,"url":"https:\/\/blog.ccc.eu\/cz\/wp-content\/uploads\/2021\/12\/CCC-XMAS-2931_F-1.jpg","type":"image\/jpeg"}],"author":"Martina Havl\u00edkov\u00e1","twitter_card":"summary_large_image","twitter_misc":{"Napsal(a)":"Martina Havl\u00edkov\u00e1","Odhadovan\u00e1 doba \u010dten\u00ed":"5 minut"},"schema":{"@context":"https:\/\/schema.org","@graph":[{"@type":"Article","@id":"https:\/\/blog.ccc.eu\/cz\/jak-se-oblect-na-vanocni-vecirek-tipy-na-outfit-pro-kazdy-dress-code\/#article","isPartOf":{"@id":"https:\/\/blog.ccc.eu\/cz\/jak-se-oblect-na-vanocni-vecirek-tipy-na-outfit-pro-kazdy-dress-code\/"},"author":{"name":"Martina Havl\u00edkov\u00e1","@id":"https:\/\/blog.ccc.eu\/cz\/#\/schema\/person\/42cd03f93473ab4a9a9fb3f370f9a573"},"headline":"Jak se obl\u00e9ct na v\u00e1no\u010dn\u00ed ve\u010d\u00edrek? Tipy na outfit pro ka\u017ed\u00fd dress code","datePublished":"2021-12-13T13:31:00+00:00","dateModified":"2022-11-24T13:53:33+00:00","mainEntityOfPage":{"@id":"https:\/\/blog.ccc.eu\/cz\/jak-se-oblect-na-vanocni-vecirek-tipy-na-outfit-pro-kazdy-dress-code\/"},"wordCount":1165,"commentCount":0,"publisher":{"@id":"https:\/\/blog.ccc.eu\/cz\/#organization"},"image":{"@id":"https:\/\/blog.ccc.eu\/cz\/jak-se-oblect-na-vanocni-vecirek-tipy-na-outfit-pro-kazdy-dress-code\/#primaryimage"},"thumbnailUrl":"https:\/\/blog.ccc.eu\/cz\/wp-content\/uploads\/2021\/12\/CCC-XMAS-2931_F-1.jpg","keywords":["Oble\u010den\u00ed","Outfit","Party outfit","V\u00e1noce","V\u00e1no\u010dn\u00ed outfit"],"articleSection":["M\u00d3DN\u00cd TIPY"],"inLanguage":"cs","potentialAction":[{"@type":"CommentAction","name":"Comment","target":["https:\/\/blog.ccc.eu\/cz\/jak-se-oblect-na-vanocni-vecirek-tipy-na-outfit-pro-kazdy-dress-code\/#respond"]}]},{"@type":"WebPage","@id":"https:\/\/blog.ccc.eu\/cz\/jak-se-oblect-na-vanocni-vecirek-tipy-na-outfit-pro-kazdy-dress-code\/","url":"https:\/\/blog.ccc.eu\/cz\/jak-se-oblect-na-vanocni-vecirek-tipy-na-outfit-pro-kazdy-dress-code\/","name":"Jak se obl\u00e9ct na v\u00e1no\u010dn\u00ed ve\u010d\u00edrek? Tipy na outfit pro ka\u017ed\u00fd dress code - blog.ccc.eu\/cz","isPartOf":{"@id":"https:\/\/blog.ccc.eu\/cz\/#website"},"primaryImageOfPage":{"@id":"https:\/\/blog.ccc.eu\/cz\/jak-se-oblect-na-vanocni-vecirek-tipy-na-outfit-pro-kazdy-dress-code\/#primaryimage"},"image":{"@id":"https:\/\/blog.ccc.eu\/cz\/jak-se-oblect-na-vanocni-vecirek-tipy-na-outfit-pro-kazdy-dress-code\/#primaryimage"},"thumbnailUrl":"https:\/\/blog.ccc.eu\/cz\/wp-content\/uploads\/2021\/12\/CCC-XMAS-2931_F-1.jpg","datePublished":"2021-12-13T13:31:00+00:00","dateModified":"2022-11-24T13:53:33+00:00","description":"\u010cas ve\u010d\u00edrk\u016f a v\u00e1no\u010dn\u00edch party je za dve\u0159mi \u2728. Zjist\u011bte, co si vz\u00edt na sebe, abyste na nich byli za hv\u011bzdu, a\u0165 jde o setk\u00e1n\u00ed s p\u0159\u00e1teli nebo black tie raut!","breadcrumb":{"@id":"https:\/\/blog.ccc.eu\/cz\/jak-se-oblect-na-vanocni-vecirek-tipy-na-outfit-pro-kazdy-dress-code\/#breadcrumb"},"inLanguage":"cs","potentialAction":[{"@type":"ReadAction","target":["https:\/\/blog.ccc.eu\/cz\/jak-se-oblect-na-vanocni-vecirek-tipy-na-outfit-pro-kazdy-dress-code\/"]}]},{"@type":"ImageObject","inLanguage":"cs","@id":"https:\/\/blog.ccc.eu\/cz\/jak-se-oblect-na-vanocni-vecirek-tipy-na-outfit-pro-kazdy-dress-code\/#primaryimage","url":"https:\/\/blog.ccc.eu\/cz\/wp-content\/uploads\/2021\/12\/CCC-XMAS-2931_F-1.jpg","contentUrl":"https:\/\/blog.ccc.eu\/cz\/wp-content\/uploads\/2021\/12\/CCC-XMAS-2931_F-1.jpg","width":384,"height":512,"caption":"b\u00e9\u017eov\u00e1 d\u00e1msk\u00e1 kabelka na v\u00e1no\u010dn\u00ed a novoro\u010dn\u00ed ve\u010d\u00edrek"},{"@type":"BreadcrumbList","@id":"https:\/\/blog.ccc.eu\/cz\/jak-se-oblect-na-vanocni-vecirek-tipy-na-outfit-pro-kazdy-dress-code\/#breadcrumb","itemListElement":[{"@type":"ListItem","position":1,"name":"Strona g\u0142\u00f3wna","item":"https:\/\/blog.ccc.eu\/cz\/"},{"@type":"ListItem","position":2,"name":"Jak se obl\u00e9ct na v\u00e1no\u010dn\u00ed ve\u010d\u00edrek? Tipy na outfit pro ka\u017ed\u00fd dress code"}]},{"@type":"WebSite","@id":"https:\/\/blog.ccc.eu\/cz\/#website","url":"https:\/\/blog.ccc.eu\/cz\/","name":"blog.ccc.eu\/cz","description":"Va\u0161e m\u00edsto pln\u00e9 m\u00f3dn\u00edch inspirac\u00ed","publisher":{"@id":"https:\/\/blog.ccc.eu\/cz\/#organization"},"potentialAction":[{"@type":"SearchAction","target":{"@type":"EntryPoint","urlTemplate":"https:\/\/blog.ccc.eu\/cz\/?s={search_term_string}"},"query-input":{"@type":"PropertyValueSpecification","valueRequired":true,"valueName":"search_term_string"}}],"inLanguage":"cs"},{"@type":"Organization","@id":"https:\/\/blog.ccc.eu\/cz\/#organization","name":"CCC S.A.","url":"https:\/\/blog.ccc.eu\/cz\/","logo":{"@type":"ImageObject","inLanguage":"cs","@id":"https:\/\/blog.ccc.eu\/cz\/#\/schema\/logo\/image\/","url":"https:\/\/blog.ccc.eu\/cz\/wp-content\/uploads\/2021\/11\/logo_ccc.png","contentUrl":"https:\/\/blog.ccc.eu\/cz\/wp-content\/uploads\/2021\/11\/logo_ccc.png","width":730,"height":270,"caption":"CCC S.A."},"image":{"@id":"https:\/\/blog.ccc.eu\/cz\/#\/schema\/logo\/image\/"}},{"@type":"Person","@id":"https:\/\/blog.ccc.eu\/cz\/#\/schema\/person\/42cd03f93473ab4a9a9fb3f370f9a573","name":"Martina Havl\u00edkov\u00e1","image":{"@type":"ImageObject","inLanguage":"cs","@id":"https:\/\/blog.ccc.eu\/cz\/#\/schema\/person\/image\/","url":"https:\/\/blog.ccc.eu\/cz\/wp-content\/uploads\/2022\/02\/Martina-Havlikova-Cropped-100x100.jpg","contentUrl":"https:\/\/blog.ccc.eu\/cz\/wp-content\/uploads\/2022\/02\/Martina-Havlikova-Cropped-100x100.jpg","caption":"Martina Havl\u00edkov\u00e1"},"description":"Psan\u00edm text\u016f se \u017eiv\u00edm od roku 2012, bavilo m\u011b to ale v\u017edycky. Nejrad\u011bji p\u00ed\u0161i \u010dl\u00e1nky o m\u00f3d\u011b a obl\u00e9k\u00e1n\u00ed, cestov\u00e1n\u00ed nebo wellness, ale \u017e\u00e1dn\u00e9 t\u00e9ma mi nen\u00ed \u00fapln\u011b ciz\u00ed. Zhruba posledn\u00ed dva roky p\u00ed\u0161i i v angli\u010dtin\u011b pro klienty z Velk\u00e9 Brit\u00e1nie.","url":"https:\/\/blog.ccc.eu\/cz\/author\/marta-urban\/"}]}},"_links":{"self":[{"href":"https:\/\/blog.ccc.eu\/cz\/wp-json\/wp\/v2\/posts\/4505","targetHints":{"allow":["GET"]}}],"collection":[{"href":"https:\/\/blog.ccc.eu\/cz\/wp-json\/wp\/v2\/posts"}],"about":[{"href":"https:\/\/blog.ccc.eu\/cz\/wp-json\/wp\/v2\/types\/post"}],"author":[{"embeddable":true,"href":"https:\/\/blog.ccc.eu\/cz\/wp-json\/wp\/v2\/users\/16"}],"replies":[{"embeddable":true,"href":"https:\/\/blog.ccc.eu\/cz\/wp-json\/wp\/v2\/comments?post=4505"}],"version-history":[{"count":8,"href":"https:\/\/blog.ccc.eu\/cz\/wp-json\/wp\/v2\/posts\/4505\/revisions"}],"predecessor-version":[{"id":5439,"href":"https:\/\/blog.ccc.eu\/cz\/wp-json\/wp\/v2\/posts\/4505\/revisions\/5439"}],"wp:featuredmedia":[{"embeddable":true,"href":"https:\/\/blog.ccc.eu\/cz\/wp-json\/wp\/v2\/media\/4141"}],"wp:attachment":[{"href":"https:\/\/blog.ccc.eu\/cz\/wp-json\/wp\/v2\/media?parent=4505"}],"wp:term":[{"taxonomy":"category","embeddable":true,"href":"https:\/\/blog.ccc.eu\/cz\/wp-json\/wp\/v2\/categories?post=4505"},{"taxonomy":"post_tag","embeddable":true,"href":"https:\/\/blog.ccc.eu\/cz\/wp-json\/wp\/v2\/tags?post=4505"}],"curies":[{"name":"wp","href":"https:\/\/api.w.org\/{rel}","templated":true}]}}