{"id":4860,"date":"2022-02-25T15:14:04","date_gmt":"2022-02-25T14:14:04","guid":{"rendered":"https:\/\/blog.ccc.eu\/cz\/?p=4860"},"modified":"2022-11-24T14:58:25","modified_gmt":"2022-11-24T13:58:25","slug":"jak-spravne-kombinovat-barvy-u-obleceni-tipy-ktere-z-vas-udelaji-hvezdu","status":"publish","type":"post","link":"https:\/\/blog.ccc.eu\/cz\/jak-spravne-kombinovat-barvy-u-obleceni-tipy-ktere-z-vas-udelaji-hvezdu\/","title":{"rendered":"Jak spr\u00e1vn\u011b kombinovat barvy u oble\u010den\u00ed? Tipy, kter\u00e9 z\u202fv\u00e1s ud\u011blaj\u00ed hv\u011bzdu\u00a0"},"content":{"rendered":"\n<p><b>Osvojte si um\u011bn\u00ed sladit barvy. Jakmile tuto schopnost natr\u00e9nujete, budete z\u202ftoho t\u011b\u017eit cel\u00fd \u017eivot. A\u0165 u\u017e p\u016fjdete na rande, na pracovn\u00ed pohovor nebo business meeting, spr\u00e1vn\u011b zvolen\u00fd outfit v\u00e1m p\u0159inese k\u00fd\u017een\u00e9 ovoce \u2013 t\u0159eba ve form\u011b skv\u011bl\u00e9ho prvn\u00edho dojmu.<\/b>&nbsp;<\/p>\n\n\n\n<p>N\u011bkomu to chv\u00edli trv\u00e1, n\u011bkdo to zvl\u00e1dne hned. Jak byste na stupnici od 1 do 10 obodovali svou schopnost kombinovat barvy u oble\u010den\u00ed? Pokud je pro v\u00e1s lad\u011bn\u00ed odst\u00edn\u016f \u0161pan\u011blsk\u00e1 vesnice, pak v\u00e1s pot\u011b\u0161\u00ed tento praktick\u00fd n\u00e1vod, kter\u00fd v\u00e1m odhal\u00ed, po jak\u00fdch kombinac\u00edch s\u00e1hnout. Jestli\u017ee se pova\u017eujete za ost\u0159\u00edlen\u00e9 m\u00f3dn\u00ed znalce, tak v\u00e1m tyto tipy poslou\u017e\u00ed jako super opakov\u00e1n\u00ed. <\/p>\n\n\n\n<figure class=\"wp-block-gallery has-nested-images columns-default is-cropped wp-block-gallery-1 is-layout-flex wp-block-gallery-is-layout-flex\">\n<figure class=\"wp-block-image size-large\"><img loading=\"lazy\" decoding=\"async\" width=\"819\" height=\"1024\" data-id=\"4869\" src=\"https:\/\/blog.ccc.eu\/cz\/wp-content\/uploads\/2022\/02\/imgonline-com-ua-CompressToSize-aFL5ogkXAXagp43-819x1024.jpg\" alt=\"barevn\u00fd vzhled s b\u00e9\u017eovou ta\u0161kou\" class=\"wp-image-4869\" srcset=\"https:\/\/blog.ccc.eu\/cz\/wp-content\/uploads\/2022\/02\/imgonline-com-ua-CompressToSize-aFL5ogkXAXagp43-819x1024.jpg 819w, https:\/\/blog.ccc.eu\/cz\/wp-content\/uploads\/2022\/02\/imgonline-com-ua-CompressToSize-aFL5ogkXAXagp43-240x300.jpg 240w, https:\/\/blog.ccc.eu\/cz\/wp-content\/uploads\/2022\/02\/imgonline-com-ua-CompressToSize-aFL5ogkXAXagp43-768x960.jpg 768w, https:\/\/blog.ccc.eu\/cz\/wp-content\/uploads\/2022\/02\/imgonline-com-ua-CompressToSize-aFL5ogkXAXagp43-100x125.jpg 100w, https:\/\/blog.ccc.eu\/cz\/wp-content\/uploads\/2022\/02\/imgonline-com-ua-CompressToSize-aFL5ogkXAXagp43.jpg 900w\" sizes=\"auto, (max-width: 819px) 100vw, 819px\" \/><\/figure>\n\n\n\n<figure class=\"wp-block-image size-large\"><img loading=\"lazy\" decoding=\"async\" width=\"819\" height=\"1024\" data-id=\"4870\" src=\"https:\/\/blog.ccc.eu\/cz\/wp-content\/uploads\/2022\/02\/imgonline-com-ua-CompressToSize-tvV8n8rgc0ygw-819x1024.jpg\" alt=\"barevn\u00fd styling a b\u00e9\u017eov\u00e1 kabelka pro d\u00e1my\" class=\"wp-image-4870\" srcset=\"https:\/\/blog.ccc.eu\/cz\/wp-content\/uploads\/2022\/02\/imgonline-com-ua-CompressToSize-tvV8n8rgc0ygw-819x1024.jpg 819w, https:\/\/blog.ccc.eu\/cz\/wp-content\/uploads\/2022\/02\/imgonline-com-ua-CompressToSize-tvV8n8rgc0ygw-240x300.jpg 240w, https:\/\/blog.ccc.eu\/cz\/wp-content\/uploads\/2022\/02\/imgonline-com-ua-CompressToSize-tvV8n8rgc0ygw-768x960.jpg 768w, https:\/\/blog.ccc.eu\/cz\/wp-content\/uploads\/2022\/02\/imgonline-com-ua-CompressToSize-tvV8n8rgc0ygw-100x125.jpg 100w, https:\/\/blog.ccc.eu\/cz\/wp-content\/uploads\/2022\/02\/imgonline-com-ua-CompressToSize-tvV8n8rgc0ygw.jpg 900w\" sizes=\"auto, (max-width: 819px) 100vw, 819px\" \/><\/figure>\n<\/figure>\n\n\n\n<h2 class=\"wp-block-heading\"><b>Nev\u00edte, jak\u00e9 barvy se k\u202fsob\u011b hod\u00ed? Barevn\u00fd kruh v\u00e1s navede <\/b><\/h2>\n\n\n\n<p>Ultim\u00e1tn\u00edm par\u0165\u00e1kem, kter\u00fd v\u00e1m v\u017edy pom\u016f\u017ee vybrat tu nejlep\u0161\u00ed kombinaci, je barevn\u00fd kruh. Jedn\u00e1 se o diagram, s\u202fn\u00edm\u017e v\u202froce 1666 p\u0159i\u0161el slavn\u00fd Isaac Newton. Identifikoval v n\u011bm 7 hlavn\u00edch barev \u2013 \u010derven\u00e1, oran\u017eov\u00e1, \u017elut\u00e1, zelen\u00e1, sv\u011btle modr\u00e1, tmav\u011b modr\u00e1 (indigov\u00e1) a\u202ffialov\u00e1. Tento vyn\u00e1lez p\u016fvodn\u011b slou\u017eil ve sv\u011bt\u011b fyziky ke studiu sv\u011btla a jeho lomu, nicm\u00e9n\u011b o n\u011bkolik stolet\u00ed pozd\u011bji ho s\u202fotev\u0159enou n\u00e1ru\u010d\u00ed p\u0159ijali design\u00e9\u0159i ve sv\u011bt\u011b m\u00f3dy. A to pr\u00e1v\u011b za \u00fa\u010delem ur\u010dov\u00e1n\u00ed atraktivn\u00edch barevn\u00fdch kombinac\u00ed.  <\/p>\n\n\n\n<p>Newton ve sv\u00e9m diagramu rozd\u011blil barvy do t\u011bchto hlavn\u00edch kategori\u00ed:&nbsp;<\/p>\n\n\n\n<ul class=\"wp-block-list\">\n<li><b>Prim\u00e1rn\u00ed barvy<\/b>: \u010derven\u00e1, modr\u00e1 a \u017elut\u00e1. Jedn\u00e1 se o z\u00e1kladn\u00ed set barev, kter\u00e9 nem\u016f\u017eete vytvo\u0159it sm\u00edch\u00e1n\u00edm dal\u0161\u00ed barev \u2013 jsou vlajkovou lod\u00ed cel\u00e9ho diagramu. <\/li>\n\n\n\n<li><b>Sekund\u00e1rn\u00ed barvy<\/b>: zelen\u00e1, oran\u017eov\u00e1 a fialov\u00e1. Tyto odst\u00edny jednodu\u0161e z\u00edsk\u00e1te mixov\u00e1n\u00edm prim\u00e1rn\u00edch barev.  <\/li>\n\n\n\n<li><b>Sekund\u00e1rn\u00ed a terci\u00e1ln\u00ed barvy<\/b>: \u017eluto-oran\u017eov\u00e1, \u010derveno-oran\u017eov\u00e1, \u010derveno-fialov\u00e1, modro-fialov\u00e1, modro-zelen\u00e1 a \u017eluto-zelen\u00e1. Nakonec zde figuruj\u00ed kombinace prim\u00e1rn\u00edch a sekund\u00e1rn\u00edch barev.  <\/li>\n<\/ul>\n\n\n\n<h2 class=\"wp-block-heading\"><b>Color blocking a dal\u0161\u00ed tipy, jak pou\u017e\u00edvat barevn\u00fd kruh <\/b><\/h2>\n\n\n\n<p>U\u017e m\u00e1te p\u0159edstavu, jak vypad\u00e1 legend\u00e1rn\u00ed barevn\u00fd kruh? Skv\u011bl\u00e9. Na n\u00e1sleduj\u00edc\u00edch \u0159\u00e1dc\u00edch se dozv\u00edte, jak tyto poznatky p\u0159ev\u00e9st do\u202fpraxe.  <\/p>\n\n\n\n<h3 class=\"wp-block-heading\"><b>Pravidlo prim\u00e1rn\u00edch barev<\/b> <\/h3>\n\n\n\n<p>Pro odv\u00e1\u017elivce, kte\u0159\u00ed miluj\u00ed v\u00fdrazn\u00e9 a vesel\u00e9 kombinace, tu m\u00e1me pravidlo prim\u00e1rn\u00edch barev. Spo\u010d\u00edv\u00e1 v\u202fnam\u00edch\u00e1n\u00ed dvou \u010di t\u0159\u00ed kousk\u016f oble\u010den\u00ed v \u010derven\u00e9, \u017elut\u00e9 \u010di modr\u00e9. Na prvn\u00ed pohled v\u00e1s tento mix p\u0159ekvap\u00ed, na druh\u00fd pohled nadchne. Je bl\u00e1zniv\u00fd, sv\u011b\u017e\u00ed a neokoukan\u00fd. Co \u0159\u00edk\u00e1te t\u0159eba na modr\u00e9 d\u017e\u00edny s\u202f\u010derven\u00fdmi sneakerskami? A tento outfit je\u0161t\u011b doplnit t\u0159eba \u017elutou \u0161\u00e1lou? Kombinace prim\u00e1rn\u00edch barev je spolehliv\u00e1 cesta, jak upoutat pozornost. <\/p>\n\n\n<shortcode prop-load-num=\"4\" prop-display-num=\"4\" prop-sku=\"5903698461168, 5903698356563, 5903698846248,  5904248435622, 5904248216092, 5904248091644, 5903698950969, 5904248350710, 5904248350567, 5904248250034, 5904248255336\" prop-view=\"slider\"><\/shortcode>        <div\r\n            class=\"eob-pf-shortcode\"\r\n            id=\"eobpf69ee3e6fd9737\"\r\n        >\r\n            <shortcode prop-load-num=\"4\" prop-display-num=\"4\" prop-sku=\"5903698461168, 5903698356563, 5903698846248,  5904248435622, 5904248216092, 5904248091644, 5903698950969, 5904248350710, 5904248350567, 5904248250034, 5904248255336\" prop-view=\"slider\"><\/shortcode>        <\/div>\r\n\t\t<script>\r\n\t\t\tjQuery(document).ready(() => {\r\n\t\t\t    const root = document.getElementById('eobpf69ee3e6fd9737');\r\n                Vue.createApp({\r\n\t                components: {\r\n\t                    shortcode\r\n\t                }\r\n                }).mount(root);\r\n\t\t\t});\r\n\t\t<\/script>\r\n\t\t\r\n\t\t\n\n\n\n<h3 class=\"wp-block-heading\"><b>Pravidlo analogov\u00fdch barev <\/b><\/h3>\n\n\n\n<p>Zast\u00e1nce konzervativn\u00edho stylu naopak pot\u011b\u0161\u00ed pravidlo analogov\u00fdch barev. Sta\u010d\u00ed zvolit odst\u00edny jedn\u00e9 \u010di dvou po sob\u011b jdouc\u00edch barev, \u010d\u00edm\u017e vznikne p\u0159\u00edjemn\u00fd vizu\u00e1ln\u00ed efekt. Jak se v\u00e1m zamlouv\u00e1 nap\u0159\u00edklad tmav\u011b modr\u00e1 sukn\u011b, sv\u011btle modr\u00fd top a fialov\u00e9 dopl\u0148ky? Vyzkou\u0161et m\u016f\u017eete i dal\u0161\u00ed kombinace \u2013 viz \u010derven\u00e1, oran\u017eov\u00e1 a \u017elut\u00e1. <\/p>\n\n\n\n<h3 class=\"wp-block-heading\"><b>Pravidlo blokov\u00e1n\u00ed barev (color blocking)<\/b><\/h3>\n\n\n\n<p>Sly\u0161eli jste n\u011bkdy r\u010den\u00ed \u201eprotiklady se p\u0159itahuj\u00ed\u201c? Plat\u00ed to i p\u0159i lad\u011bn\u00ed barev. Pod\u00edvejte se na diagram a ve\u010fte vodorovnou \u010d\u00e1rou z\u202fjedn\u00e9 \u010d\u00e1sti do druh\u00e9. Po spojen\u00ed obou m\u00edst z\u00edsk\u00e1te tip na origin\u00e1ln\u00ed skladbu dvou barvi\u010dek, kter\u00e1 v\u00e1s rozhodn\u011b bude bavit. Obl\u00edben\u00e9 je nap\u0159\u00edklad duo modr\u00e9 a oran\u017eov\u00e9, fialov\u00e9 a \u017elut\u00e9 nebo zelen\u00e9 a r\u016f\u017eov\u00e9. <\/p>\n\n\n\n<h2 class=\"wp-block-heading\"><b>Osv\u011bd\u010den\u00e9 kombinace barev, kter\u00e9 nezrad\u00ed \u0161atn\u00edk \u017eeny ani mu\u017ee <\/b><\/h2>\n\n\n\n<p>Dosp\u011bli jste k\u202fz\u00e1v\u011bru, \u017ee m\u00edsto experimentov\u00e1n\u00ed chcete vsadit na jistotu? Speci\u00e1ln\u011b pro v\u00e1s tu m\u00e1me tipy na ov\u011b\u0159en\u00e9 barevn\u00e9 kombinace, se kter\u00fdmi nem\u016f\u017eete \u0161l\u00e1pnout vedle.  <\/p>\n\n\n<shortcode prop-load-num=\"4\" prop-display-num=\"4\" prop-sku=\"5904248166632,   5904248068363,   5904248068141,   5904248350710,   5904248192686,   5904248048235, \" prop-view=\"slider\"><\/shortcode>        <div\r\n            class=\"eob-pf-shortcode\"\r\n            id=\"eobpf69ee3e6fd98e0\"\r\n        >\r\n            <shortcode prop-load-num=\"4\" prop-display-num=\"4\" prop-sku=\"5904248166632,   5904248068363,   5904248068141,   5904248350710,   5904248192686,   5904248048235, \" prop-view=\"slider\"><\/shortcode>        <\/div>\r\n\t\t<script>\r\n\t\t\tjQuery(document).ready(() => {\r\n\t\t\t    const root = document.getElementById('eobpf69ee3e6fd98e0');\r\n                Vue.createApp({\r\n\t                components: {\r\n\t                    shortcode\r\n\t                }\r\n                }).mount(root);\r\n\t\t\t});\r\n\t\t<\/script>\r\n\t\t\r\n\t\t\n\n\n\n<h3 class=\"wp-block-heading\"><b>Univerz\u00e1ln\u00ed barevn\u00e9 kombinace:<\/b>&nbsp;<\/h3>\n\n\n\n<ul class=\"wp-block-list\">\n<li>\u010dern\u00e1 a b\u00edl\u00e1, <\/li>\n\n\n\n<li>\u010dern\u00e1 a b\u00e9\u017eov\u00e1, <\/li>\n\n\n\n<li>b\u00e9\u017eov\u00e1 a b\u00edl\u00e1, <\/li>\n\n\n\n<li>\u017elut\u00e1 a \u0161ed\u00e1, <\/li>\n\n\n\n<li>r\u016f\u017eov\u00e1 a b\u00e9\u017eov\u00e1, <\/li>\n\n\n\n<li>tyrkysov\u00e1 a b\u00edl\u00e1, <\/li>\n\n\n\n<li>pastelov\u00e9 barvy a \u010dern\u00e1. <\/li>\n<\/ul>\n\n\n\n<p>Jak jste si v\u0161imli, ve v\u00fd\u0161e zm\u00edn\u011bn\u00fdch kombinac\u00edch \u010dasto figuruje jedna z\u202ft\u011bchto \u010dty\u0159 barev: \u010dern\u00e1, b\u00edl\u00e1, \u0161ed\u00e1 a b\u00e9\u017eov\u00e1. Jedn\u00e1 se o neutr\u00e1ln\u00ed odst\u00edny, kter\u00e9 si rozum\u00ed s\u202fjakoukoliv dal\u0161\u00ed barvou. Proto byste m\u011bli m\u00edt od ka\u017ed\u00e9 z\u202ft\u00e9to barev alespo\u0148 jedno od\u011bvn\u00ed zastoupen\u00ed v\u202f\u0161atn\u00edku. <\/p>\n\n\n\n<p>Zlat\u00e1 \u010dty\u0159ka je rovn\u011b\u017e perfektn\u00ed volbou pro prvn\u00ed vrstvu, nap\u0159\u00edklad ve form\u011b topu \u010di tri\u010dka. Na tento z\u00e1klad pak m\u016f\u017eete obl\u00e9ct kousek libovoln\u00e9ho odst\u00ednu. Uvid\u00edte, \u017ee takov\u00e9 duo se na v\u00e1s bude n\u00e1ramn\u011b vyj\u00edmat. <\/p>\n\n\n\n<p><b>Tip! <\/b>Jednolitost outfitu z neutr\u00e1ln\u00edch barev rozbijete tak\u00e9 v\u00fdrazn\u00fdmi dopl\u0148ky \u2013 m\u016f\u017ee se jednat o barevn\u00e9 n\u00e1u\u0161nice, tenisky nebo klobouk.  <\/p>\n\n\n\n<h2 class=\"wp-block-heading\"><b>Top barevn\u00e9 trendy sou\u010dasnosti <\/b><\/h2>\n\n\n\n<p>P\u0159i lad\u011bn\u00ed kombinac\u00ed se v\u00e1m bude hodit i znalost toho, jak\u00e9 barvy jsou pr\u00e1v\u011b v\u202fkurzu. Perfektn\u00ed p\u0159ehled v\u00e1m naserv\u00edruje Pantone Color Institute, kter\u00fd po ka\u017ed\u00e9m t\u00fddnu m\u00f3dy publikuje <a href=\"https:\/\/www.pantone.com\/articles\/fashion-color-trend-report\" target=\"_blank\" rel=\"noreferrer noopener\">Fashion Color Report<\/a>. Po rozkliknut\u00ed zpr\u00e1vy se ihned dozv\u00edte, co zrovna fr\u010d\u00ed, jak\u00e9 barevn\u00e9 skladby ud\u011blaly na p\u0159ehl\u00eddk\u00e1ch nejv\u011bt\u0161\u00ed dojem a co se bude nosit v\u202fdal\u0161\u00edch sez\u00f3n\u00e1ch. Podle aktu\u00e1ln\u00edho reportu bude letos v\u00e9vodit odst\u00edn very peri \u2013 modr\u00e1 s\u202fpodt\u00f3nem fialov\u00e9 a \u010derven\u00e9. Nezapome\u0148te se pod\u00edvat tak\u00e9 na kompletn\u00ed <a href=\"https:\/\/www.pantone.com\/color-of-the-year-2022-palette-exploration\" target=\"_blank\" rel=\"noreferrer noopener\">barevnou paletu<\/a>, kter\u00e1 bude letos kralovat. <\/p>\n\n\n\n<h2 class=\"wp-block-heading\"><b>Kombinace barev oble\u010den\u00ed pro mu\u017ee i \u017eeny <\/b><\/h2>\n\n\n\n<p>Tr\u00e9nov\u00e1n\u00ed barevn\u00fdch kombinac\u00ed v praxi nen\u00ed nikdy dost. Jak jinak byste p\u0159i\u0161li na kloub tomuto um\u011bn\u00ed? Sv\u00e9 poznatky m\u016f\u017eete otestovat t\u0159eba na e-shopu CCC, kde najdete slu\u0161iv\u00e9 mikiny, tri\u010dka, tepl\u00e1ky, \u0161aty, kra\u0165asy, bundy \u010di kab\u00e1ty na v\u0161echny ro\u010dn\u00ed sez\u00f3ny. Rozpoznat atraktivn\u00ed kombinace barev oble\u010den\u00ed <a href=\"https:\/\/ccc.eu\/cz\/damske\/obleceni\" target=\"_blank\" rel=\"noreferrer noopener\">pro \u017eeny<\/a> i <a href=\"https:\/\/ccc.eu\/cz\/panske\/obleceni\" target=\"_blank\" rel=\"noreferrer noopener\">mu\u017ee<\/a> bude pak hra\u010dka.\u00a0\u00a0<\/p>\n","protected":false},"excerpt":{"rendered":"<p>Osvojte si um\u011bn\u00ed sladit barvy. Jakmile tuto schopnost natr\u00e9nujete, budete z\u202ftoho t\u011b\u017eit cel\u00fd \u017eivot. A\u0165 u\u017e p\u016fjdete na rande, na pracovn\u00ed pohovor nebo business meeting, spr\u00e1vn\u011b zvolen\u00fd outfit v\u00e1m p\u0159inese k\u00fd\u017een\u00e9 ovoce \u2013 t\u0159eba ve form\u011b skv\u011bl\u00e9ho prvn\u00edho dojmu.&nbsp; N\u011bkomu to chv\u00edli trv\u00e1, n\u011bkdo to zvl\u00e1dne hned. Jak byste na stupnici od 1 do 10 [&hellip;]<\/p>\n","protected":false},"author":14,"featured_media":4869,"comment_status":"open","ping_status":"open","sticky":false,"template":"","format":"standard","meta":{"_acf_changed":false,"footnotes":""},"categories":[4,6],"tags":[647,646,650,648,649],"class_list":["post-4860","post","type-post","status-publish","format-standard","has-post-thumbnail","hentry","category-modni-tipy","category-trendy","tag-damska-moda","tag-kombinace-barev","tag-kombinace-obleceni","tag-outfit-tipy","tag-panska-moda"],"acf":[],"yoast_head":"<!-- This site is optimized with the Yoast SEO plugin v26.9 - https:\/\/yoast.com\/product\/yoast-seo-wordpress\/ -->\n<title>Jak spr\u00e1vn\u011b kombinovat barvy u oble\u010den\u00ed? Tipy, kter\u00e9 z\u202fv\u00e1s ud\u011blaj\u00ed hv\u011bzdu\u00a0 - blog.ccc.eu\/cz<\/title>\n<meta name=\"description\" content=\"Hled\u00e1te inspiraci, jak kombinovat barvy, abyste vypadali sv\u011b\u017e\u00ed a \u0161ik? Tento praktick\u00fd manu\u00e1l se stane ka\u017edodenn\u00edm pomocn\u00edkem p\u0159i v\u00fdb\u011bru va\u0161ich outfit\u016f. 2026\" \/>\n<meta name=\"robots\" content=\"index, follow, max-snippet:-1, max-image-preview:large, max-video-preview:-1\" \/>\n<link rel=\"canonical\" href=\"https:\/\/blog.ccc.eu\/cz\/jak-spravne-kombinovat-barvy-u-obleceni-tipy-ktere-z-vas-udelaji-hvezdu\/\" \/>\n<meta property=\"og:locale\" content=\"cs_CZ\" \/>\n<meta property=\"og:type\" content=\"article\" \/>\n<meta property=\"og:title\" content=\"Jak spr\u00e1vn\u011b kombinovat barvy u oble\u010den\u00ed? Tipy, kter\u00e9 z\u202fv\u00e1s ud\u011blaj\u00ed hv\u011bzdu\u00a0 - blog.ccc.eu\/cz\" \/>\n<meta property=\"og:description\" content=\"Hled\u00e1te inspiraci, jak kombinovat barvy, abyste vypadali sv\u011b\u017e\u00ed a \u0161ik? Tento praktick\u00fd manu\u00e1l se stane ka\u017edodenn\u00edm pomocn\u00edkem p\u0159i v\u00fdb\u011bru va\u0161ich outfit\u016f.\" \/>\n<meta property=\"og:url\" content=\"https:\/\/blog.ccc.eu\/cz\/jak-spravne-kombinovat-barvy-u-obleceni-tipy-ktere-z-vas-udelaji-hvezdu\/\" \/>\n<meta property=\"og:site_name\" content=\"blog.ccc.eu\/cz\" \/>\n<meta property=\"article:published_time\" content=\"2022-02-25T14:14:04+00:00\" \/>\n<meta property=\"article:modified_time\" content=\"2022-11-24T13:58:25+00:00\" \/>\n<meta property=\"og:image\" content=\"https:\/\/blog.ccc.eu\/cz\/wp-content\/uploads\/2022\/02\/imgonline-com-ua-CompressToSize-aFL5ogkXAXagp43.jpg\" \/>\n\t<meta property=\"og:image:width\" content=\"900\" \/>\n\t<meta property=\"og:image:height\" content=\"1125\" \/>\n\t<meta property=\"og:image:type\" content=\"image\/jpeg\" \/>\n<meta name=\"author\" content=\"Petra Pruden\" \/>\n<meta name=\"twitter:card\" content=\"summary_large_image\" \/>\n<meta name=\"twitter:label1\" content=\"Napsal(a)\" \/>\n\t<meta name=\"twitter:data1\" content=\"Petra Pruden\" \/>\n\t<meta name=\"twitter:label2\" content=\"Odhadovan\u00e1 doba \u010dten\u00ed\" \/>\n\t<meta name=\"twitter:data2\" content=\"5 minut\" \/>\n<script type=\"application\/ld+json\" class=\"yoast-schema-graph\">{\"@context\":\"https:\/\/schema.org\",\"@graph\":[{\"@type\":\"Article\",\"@id\":\"https:\/\/blog.ccc.eu\/cz\/jak-spravne-kombinovat-barvy-u-obleceni-tipy-ktere-z-vas-udelaji-hvezdu\/#article\",\"isPartOf\":{\"@id\":\"https:\/\/blog.ccc.eu\/cz\/jak-spravne-kombinovat-barvy-u-obleceni-tipy-ktere-z-vas-udelaji-hvezdu\/\"},\"author\":{\"name\":\"Petra Pruden\",\"@id\":\"https:\/\/blog.ccc.eu\/cz\/#\/schema\/person\/b4b25d3677f28b7e854d8ee3760e32ef\"},\"headline\":\"Jak spr\u00e1vn\u011b kombinovat barvy u oble\u010den\u00ed? Tipy, kter\u00e9 z\u202fv\u00e1s ud\u011blaj\u00ed hv\u011bzdu\u00a0\",\"datePublished\":\"2022-02-25T14:14:04+00:00\",\"dateModified\":\"2022-11-24T13:58:25+00:00\",\"mainEntityOfPage\":{\"@id\":\"https:\/\/blog.ccc.eu\/cz\/jak-spravne-kombinovat-barvy-u-obleceni-tipy-ktere-z-vas-udelaji-hvezdu\/\"},\"wordCount\":1078,\"commentCount\":0,\"publisher\":{\"@id\":\"https:\/\/blog.ccc.eu\/cz\/#organization\"},\"image\":{\"@id\":\"https:\/\/blog.ccc.eu\/cz\/jak-spravne-kombinovat-barvy-u-obleceni-tipy-ktere-z-vas-udelaji-hvezdu\/#primaryimage\"},\"thumbnailUrl\":\"https:\/\/blog.ccc.eu\/cz\/wp-content\/uploads\/2022\/02\/imgonline-com-ua-CompressToSize-aFL5ogkXAXagp43.jpg\",\"keywords\":[\"D\u00e1msk\u00e1 m\u00f3da\",\"Kombinace barev\",\"Kombinace oble\u010den\u00ed\",\"Outfit tipy\",\"P\u00e1nsk\u00e1 m\u00f3da\"],\"articleSection\":[\"M\u00d3DN\u00cd TIPY\",\"TRENDY\"],\"inLanguage\":\"cs\",\"potentialAction\":[{\"@type\":\"CommentAction\",\"name\":\"Comment\",\"target\":[\"https:\/\/blog.ccc.eu\/cz\/jak-spravne-kombinovat-barvy-u-obleceni-tipy-ktere-z-vas-udelaji-hvezdu\/#respond\"]}]},{\"@type\":\"WebPage\",\"@id\":\"https:\/\/blog.ccc.eu\/cz\/jak-spravne-kombinovat-barvy-u-obleceni-tipy-ktere-z-vas-udelaji-hvezdu\/\",\"url\":\"https:\/\/blog.ccc.eu\/cz\/jak-spravne-kombinovat-barvy-u-obleceni-tipy-ktere-z-vas-udelaji-hvezdu\/\",\"name\":\"Jak spr\u00e1vn\u011b kombinovat barvy u oble\u010den\u00ed? Tipy, kter\u00e9 z\u202fv\u00e1s ud\u011blaj\u00ed hv\u011bzdu\u00a0 - blog.ccc.eu\/cz\",\"isPartOf\":{\"@id\":\"https:\/\/blog.ccc.eu\/cz\/#website\"},\"primaryImageOfPage\":{\"@id\":\"https:\/\/blog.ccc.eu\/cz\/jak-spravne-kombinovat-barvy-u-obleceni-tipy-ktere-z-vas-udelaji-hvezdu\/#primaryimage\"},\"image\":{\"@id\":\"https:\/\/blog.ccc.eu\/cz\/jak-spravne-kombinovat-barvy-u-obleceni-tipy-ktere-z-vas-udelaji-hvezdu\/#primaryimage\"},\"thumbnailUrl\":\"https:\/\/blog.ccc.eu\/cz\/wp-content\/uploads\/2022\/02\/imgonline-com-ua-CompressToSize-aFL5ogkXAXagp43.jpg\",\"datePublished\":\"2022-02-25T14:14:04+00:00\",\"dateModified\":\"2022-11-24T13:58:25+00:00\",\"description\":\"Hled\u00e1te inspiraci, jak kombinovat barvy, abyste vypadali sv\u011b\u017e\u00ed a \u0161ik? Tento praktick\u00fd manu\u00e1l se stane ka\u017edodenn\u00edm pomocn\u00edkem p\u0159i v\u00fdb\u011bru va\u0161ich outfit\u016f.\",\"breadcrumb\":{\"@id\":\"https:\/\/blog.ccc.eu\/cz\/jak-spravne-kombinovat-barvy-u-obleceni-tipy-ktere-z-vas-udelaji-hvezdu\/#breadcrumb\"},\"inLanguage\":\"cs\",\"potentialAction\":[{\"@type\":\"ReadAction\",\"target\":[\"https:\/\/blog.ccc.eu\/cz\/jak-spravne-kombinovat-barvy-u-obleceni-tipy-ktere-z-vas-udelaji-hvezdu\/\"]}]},{\"@type\":\"ImageObject\",\"inLanguage\":\"cs\",\"@id\":\"https:\/\/blog.ccc.eu\/cz\/jak-spravne-kombinovat-barvy-u-obleceni-tipy-ktere-z-vas-udelaji-hvezdu\/#primaryimage\",\"url\":\"https:\/\/blog.ccc.eu\/cz\/wp-content\/uploads\/2022\/02\/imgonline-com-ua-CompressToSize-aFL5ogkXAXagp43.jpg\",\"contentUrl\":\"https:\/\/blog.ccc.eu\/cz\/wp-content\/uploads\/2022\/02\/imgonline-com-ua-CompressToSize-aFL5ogkXAXagp43.jpg\",\"width\":900,\"height\":1125,\"caption\":\"barevn\u00fd styling a b\u00e9\u017eov\u00e1 mal\u00e1 kabelka\"},{\"@type\":\"BreadcrumbList\",\"@id\":\"https:\/\/blog.ccc.eu\/cz\/jak-spravne-kombinovat-barvy-u-obleceni-tipy-ktere-z-vas-udelaji-hvezdu\/#breadcrumb\",\"itemListElement\":[{\"@type\":\"ListItem\",\"position\":1,\"name\":\"Strona g\u0142\u00f3wna\",\"item\":\"https:\/\/blog.ccc.eu\/cz\/\"},{\"@type\":\"ListItem\",\"position\":2,\"name\":\"Jak spr\u00e1vn\u011b kombinovat barvy u oble\u010den\u00ed? Tipy, kter\u00e9 z\u202fv\u00e1s ud\u011blaj\u00ed hv\u011bzdu\u00a0\"}]},{\"@type\":\"WebSite\",\"@id\":\"https:\/\/blog.ccc.eu\/cz\/#website\",\"url\":\"https:\/\/blog.ccc.eu\/cz\/\",\"name\":\"blog.ccc.eu\/cz\",\"description\":\"Va\u0161e m\u00edsto pln\u00e9 m\u00f3dn\u00edch inspirac\u00ed\",\"publisher\":{\"@id\":\"https:\/\/blog.ccc.eu\/cz\/#organization\"},\"potentialAction\":[{\"@type\":\"SearchAction\",\"target\":{\"@type\":\"EntryPoint\",\"urlTemplate\":\"https:\/\/blog.ccc.eu\/cz\/?s={search_term_string}\"},\"query-input\":{\"@type\":\"PropertyValueSpecification\",\"valueRequired\":true,\"valueName\":\"search_term_string\"}}],\"inLanguage\":\"cs\"},{\"@type\":\"Organization\",\"@id\":\"https:\/\/blog.ccc.eu\/cz\/#organization\",\"name\":\"CCC S.A.\",\"url\":\"https:\/\/blog.ccc.eu\/cz\/\",\"logo\":{\"@type\":\"ImageObject\",\"inLanguage\":\"cs\",\"@id\":\"https:\/\/blog.ccc.eu\/cz\/#\/schema\/logo\/image\/\",\"url\":\"https:\/\/blog.ccc.eu\/cz\/wp-content\/uploads\/2021\/11\/logo_ccc.png\",\"contentUrl\":\"https:\/\/blog.ccc.eu\/cz\/wp-content\/uploads\/2021\/11\/logo_ccc.png\",\"width\":730,\"height\":270,\"caption\":\"CCC S.A.\"},\"image\":{\"@id\":\"https:\/\/blog.ccc.eu\/cz\/#\/schema\/logo\/image\/\"}},{\"@type\":\"Person\",\"@id\":\"https:\/\/blog.ccc.eu\/cz\/#\/schema\/person\/b4b25d3677f28b7e854d8ee3760e32ef\",\"name\":\"Petra Pruden\",\"image\":{\"@type\":\"ImageObject\",\"inLanguage\":\"cs\",\"@id\":\"https:\/\/blog.ccc.eu\/cz\/#\/schema\/person\/image\/\",\"url\":\"https:\/\/blog.ccc.eu\/cz\/wp-content\/uploads\/2022\/06\/Petra-Pruden-150x150.jpeg\",\"contentUrl\":\"https:\/\/blog.ccc.eu\/cz\/wp-content\/uploads\/2022\/06\/Petra-Pruden-150x150.jpeg\",\"caption\":\"Petra Pruden\"},\"description\":\"Petra p\u016fsob\u00ed jako freelance copywriterka u\u017e 5. rokem. Zam\u011b\u0159uje se na t\u00e9mata fashion, beauty nebo lifestyle. Na blog CCC p\u0159ipravuje \u010dl\u00e1nky s praktick\u00fdmi tipy a triky, kter\u00e9 pot\u011b\u0161\u00ed v\u0161echny m\u00f3dn\u00ed nad\u0161ence. Kdy\u017e zrovna nep\u00ed\u0161e, voln\u00fd \u010das tr\u00e1v\u00ed sportem a cestov\u00e1n\u00edm.\",\"url\":\"https:\/\/blog.ccc.eu\/cz\/author\/natalia-dysiewicz\/\"}]}<\/script>\n<!-- \/ Yoast SEO plugin. -->","yoast_head_json":{"title":"Jak spr\u00e1vn\u011b kombinovat barvy u oble\u010den\u00ed? Tipy, kter\u00e9 z\u202fv\u00e1s ud\u011blaj\u00ed hv\u011bzdu\u00a0 - blog.ccc.eu\/cz","description":"Hled\u00e1te inspiraci, jak kombinovat barvy, abyste vypadali sv\u011b\u017e\u00ed a \u0161ik? Tento praktick\u00fd manu\u00e1l se stane ka\u017edodenn\u00edm pomocn\u00edkem p\u0159i v\u00fdb\u011bru va\u0161ich outfit\u016f. 2026","robots":{"index":"index","follow":"follow","max-snippet":"max-snippet:-1","max-image-preview":"max-image-preview:large","max-video-preview":"max-video-preview:-1"},"canonical":"https:\/\/blog.ccc.eu\/cz\/jak-spravne-kombinovat-barvy-u-obleceni-tipy-ktere-z-vas-udelaji-hvezdu\/","og_locale":"cs_CZ","og_type":"article","og_title":"Jak spr\u00e1vn\u011b kombinovat barvy u oble\u010den\u00ed? Tipy, kter\u00e9 z\u202fv\u00e1s ud\u011blaj\u00ed hv\u011bzdu\u00a0 - blog.ccc.eu\/cz","og_description":"Hled\u00e1te inspiraci, jak kombinovat barvy, abyste vypadali sv\u011b\u017e\u00ed a \u0161ik? Tento praktick\u00fd manu\u00e1l se stane ka\u017edodenn\u00edm pomocn\u00edkem p\u0159i v\u00fdb\u011bru va\u0161ich outfit\u016f.","og_url":"https:\/\/blog.ccc.eu\/cz\/jak-spravne-kombinovat-barvy-u-obleceni-tipy-ktere-z-vas-udelaji-hvezdu\/","og_site_name":"blog.ccc.eu\/cz","article_published_time":"2022-02-25T14:14:04+00:00","article_modified_time":"2022-11-24T13:58:25+00:00","og_image":[{"width":900,"height":1125,"url":"https:\/\/blog.ccc.eu\/cz\/wp-content\/uploads\/2022\/02\/imgonline-com-ua-CompressToSize-aFL5ogkXAXagp43.jpg","type":"image\/jpeg"}],"author":"Petra Pruden","twitter_card":"summary_large_image","twitter_misc":{"Napsal(a)":"Petra Pruden","Odhadovan\u00e1 doba \u010dten\u00ed":"5 minut"},"schema":{"@context":"https:\/\/schema.org","@graph":[{"@type":"Article","@id":"https:\/\/blog.ccc.eu\/cz\/jak-spravne-kombinovat-barvy-u-obleceni-tipy-ktere-z-vas-udelaji-hvezdu\/#article","isPartOf":{"@id":"https:\/\/blog.ccc.eu\/cz\/jak-spravne-kombinovat-barvy-u-obleceni-tipy-ktere-z-vas-udelaji-hvezdu\/"},"author":{"name":"Petra Pruden","@id":"https:\/\/blog.ccc.eu\/cz\/#\/schema\/person\/b4b25d3677f28b7e854d8ee3760e32ef"},"headline":"Jak spr\u00e1vn\u011b kombinovat barvy u oble\u010den\u00ed? Tipy, kter\u00e9 z\u202fv\u00e1s ud\u011blaj\u00ed hv\u011bzdu\u00a0","datePublished":"2022-02-25T14:14:04+00:00","dateModified":"2022-11-24T13:58:25+00:00","mainEntityOfPage":{"@id":"https:\/\/blog.ccc.eu\/cz\/jak-spravne-kombinovat-barvy-u-obleceni-tipy-ktere-z-vas-udelaji-hvezdu\/"},"wordCount":1078,"commentCount":0,"publisher":{"@id":"https:\/\/blog.ccc.eu\/cz\/#organization"},"image":{"@id":"https:\/\/blog.ccc.eu\/cz\/jak-spravne-kombinovat-barvy-u-obleceni-tipy-ktere-z-vas-udelaji-hvezdu\/#primaryimage"},"thumbnailUrl":"https:\/\/blog.ccc.eu\/cz\/wp-content\/uploads\/2022\/02\/imgonline-com-ua-CompressToSize-aFL5ogkXAXagp43.jpg","keywords":["D\u00e1msk\u00e1 m\u00f3da","Kombinace barev","Kombinace oble\u010den\u00ed","Outfit tipy","P\u00e1nsk\u00e1 m\u00f3da"],"articleSection":["M\u00d3DN\u00cd TIPY","TRENDY"],"inLanguage":"cs","potentialAction":[{"@type":"CommentAction","name":"Comment","target":["https:\/\/blog.ccc.eu\/cz\/jak-spravne-kombinovat-barvy-u-obleceni-tipy-ktere-z-vas-udelaji-hvezdu\/#respond"]}]},{"@type":"WebPage","@id":"https:\/\/blog.ccc.eu\/cz\/jak-spravne-kombinovat-barvy-u-obleceni-tipy-ktere-z-vas-udelaji-hvezdu\/","url":"https:\/\/blog.ccc.eu\/cz\/jak-spravne-kombinovat-barvy-u-obleceni-tipy-ktere-z-vas-udelaji-hvezdu\/","name":"Jak spr\u00e1vn\u011b kombinovat barvy u oble\u010den\u00ed? Tipy, kter\u00e9 z\u202fv\u00e1s ud\u011blaj\u00ed hv\u011bzdu\u00a0 - blog.ccc.eu\/cz","isPartOf":{"@id":"https:\/\/blog.ccc.eu\/cz\/#website"},"primaryImageOfPage":{"@id":"https:\/\/blog.ccc.eu\/cz\/jak-spravne-kombinovat-barvy-u-obleceni-tipy-ktere-z-vas-udelaji-hvezdu\/#primaryimage"},"image":{"@id":"https:\/\/blog.ccc.eu\/cz\/jak-spravne-kombinovat-barvy-u-obleceni-tipy-ktere-z-vas-udelaji-hvezdu\/#primaryimage"},"thumbnailUrl":"https:\/\/blog.ccc.eu\/cz\/wp-content\/uploads\/2022\/02\/imgonline-com-ua-CompressToSize-aFL5ogkXAXagp43.jpg","datePublished":"2022-02-25T14:14:04+00:00","dateModified":"2022-11-24T13:58:25+00:00","description":"Hled\u00e1te inspiraci, jak kombinovat barvy, abyste vypadali sv\u011b\u017e\u00ed a \u0161ik? Tento praktick\u00fd manu\u00e1l se stane ka\u017edodenn\u00edm pomocn\u00edkem p\u0159i v\u00fdb\u011bru va\u0161ich outfit\u016f.","breadcrumb":{"@id":"https:\/\/blog.ccc.eu\/cz\/jak-spravne-kombinovat-barvy-u-obleceni-tipy-ktere-z-vas-udelaji-hvezdu\/#breadcrumb"},"inLanguage":"cs","potentialAction":[{"@type":"ReadAction","target":["https:\/\/blog.ccc.eu\/cz\/jak-spravne-kombinovat-barvy-u-obleceni-tipy-ktere-z-vas-udelaji-hvezdu\/"]}]},{"@type":"ImageObject","inLanguage":"cs","@id":"https:\/\/blog.ccc.eu\/cz\/jak-spravne-kombinovat-barvy-u-obleceni-tipy-ktere-z-vas-udelaji-hvezdu\/#primaryimage","url":"https:\/\/blog.ccc.eu\/cz\/wp-content\/uploads\/2022\/02\/imgonline-com-ua-CompressToSize-aFL5ogkXAXagp43.jpg","contentUrl":"https:\/\/blog.ccc.eu\/cz\/wp-content\/uploads\/2022\/02\/imgonline-com-ua-CompressToSize-aFL5ogkXAXagp43.jpg","width":900,"height":1125,"caption":"barevn\u00fd styling a b\u00e9\u017eov\u00e1 mal\u00e1 kabelka"},{"@type":"BreadcrumbList","@id":"https:\/\/blog.ccc.eu\/cz\/jak-spravne-kombinovat-barvy-u-obleceni-tipy-ktere-z-vas-udelaji-hvezdu\/#breadcrumb","itemListElement":[{"@type":"ListItem","position":1,"name":"Strona g\u0142\u00f3wna","item":"https:\/\/blog.ccc.eu\/cz\/"},{"@type":"ListItem","position":2,"name":"Jak spr\u00e1vn\u011b kombinovat barvy u oble\u010den\u00ed? Tipy, kter\u00e9 z\u202fv\u00e1s ud\u011blaj\u00ed hv\u011bzdu\u00a0"}]},{"@type":"WebSite","@id":"https:\/\/blog.ccc.eu\/cz\/#website","url":"https:\/\/blog.ccc.eu\/cz\/","name":"blog.ccc.eu\/cz","description":"Va\u0161e m\u00edsto pln\u00e9 m\u00f3dn\u00edch inspirac\u00ed","publisher":{"@id":"https:\/\/blog.ccc.eu\/cz\/#organization"},"potentialAction":[{"@type":"SearchAction","target":{"@type":"EntryPoint","urlTemplate":"https:\/\/blog.ccc.eu\/cz\/?s={search_term_string}"},"query-input":{"@type":"PropertyValueSpecification","valueRequired":true,"valueName":"search_term_string"}}],"inLanguage":"cs"},{"@type":"Organization","@id":"https:\/\/blog.ccc.eu\/cz\/#organization","name":"CCC S.A.","url":"https:\/\/blog.ccc.eu\/cz\/","logo":{"@type":"ImageObject","inLanguage":"cs","@id":"https:\/\/blog.ccc.eu\/cz\/#\/schema\/logo\/image\/","url":"https:\/\/blog.ccc.eu\/cz\/wp-content\/uploads\/2021\/11\/logo_ccc.png","contentUrl":"https:\/\/blog.ccc.eu\/cz\/wp-content\/uploads\/2021\/11\/logo_ccc.png","width":730,"height":270,"caption":"CCC S.A."},"image":{"@id":"https:\/\/blog.ccc.eu\/cz\/#\/schema\/logo\/image\/"}},{"@type":"Person","@id":"https:\/\/blog.ccc.eu\/cz\/#\/schema\/person\/b4b25d3677f28b7e854d8ee3760e32ef","name":"Petra Pruden","image":{"@type":"ImageObject","inLanguage":"cs","@id":"https:\/\/blog.ccc.eu\/cz\/#\/schema\/person\/image\/","url":"https:\/\/blog.ccc.eu\/cz\/wp-content\/uploads\/2022\/06\/Petra-Pruden-150x150.jpeg","contentUrl":"https:\/\/blog.ccc.eu\/cz\/wp-content\/uploads\/2022\/06\/Petra-Pruden-150x150.jpeg","caption":"Petra Pruden"},"description":"Petra p\u016fsob\u00ed jako freelance copywriterka u\u017e 5. rokem. Zam\u011b\u0159uje se na t\u00e9mata fashion, beauty nebo lifestyle. Na blog CCC p\u0159ipravuje \u010dl\u00e1nky s praktick\u00fdmi tipy a triky, kter\u00e9 pot\u011b\u0161\u00ed v\u0161echny m\u00f3dn\u00ed nad\u0161ence. Kdy\u017e zrovna nep\u00ed\u0161e, voln\u00fd \u010das tr\u00e1v\u00ed sportem a cestov\u00e1n\u00edm.","url":"https:\/\/blog.ccc.eu\/cz\/author\/natalia-dysiewicz\/"}]}},"_links":{"self":[{"href":"https:\/\/blog.ccc.eu\/cz\/wp-json\/wp\/v2\/posts\/4860","targetHints":{"allow":["GET"]}}],"collection":[{"href":"https:\/\/blog.ccc.eu\/cz\/wp-json\/wp\/v2\/posts"}],"about":[{"href":"https:\/\/blog.ccc.eu\/cz\/wp-json\/wp\/v2\/types\/post"}],"author":[{"embeddable":true,"href":"https:\/\/blog.ccc.eu\/cz\/wp-json\/wp\/v2\/users\/14"}],"replies":[{"embeddable":true,"href":"https:\/\/blog.ccc.eu\/cz\/wp-json\/wp\/v2\/comments?post=4860"}],"version-history":[{"count":4,"href":"https:\/\/blog.ccc.eu\/cz\/wp-json\/wp\/v2\/posts\/4860\/revisions"}],"predecessor-version":[{"id":5442,"href":"https:\/\/blog.ccc.eu\/cz\/wp-json\/wp\/v2\/posts\/4860\/revisions\/5442"}],"wp:featuredmedia":[{"embeddable":true,"href":"https:\/\/blog.ccc.eu\/cz\/wp-json\/wp\/v2\/media\/4869"}],"wp:attachment":[{"href":"https:\/\/blog.ccc.eu\/cz\/wp-json\/wp\/v2\/media?parent=4860"}],"wp:term":[{"taxonomy":"category","embeddable":true,"href":"https:\/\/blog.ccc.eu\/cz\/wp-json\/wp\/v2\/categories?post=4860"},{"taxonomy":"post_tag","embeddable":true,"href":"https:\/\/blog.ccc.eu\/cz\/wp-json\/wp\/v2\/tags?post=4860"}],"curies":[{"name":"wp","href":"https:\/\/api.w.org\/{rel}","templated":true}]}}