{"id":4894,"date":"2022-03-16T16:44:38","date_gmt":"2022-03-16T15:44:38","guid":{"rendered":"https:\/\/blog.ccc.eu\/cz\/?p=4894"},"modified":"2022-11-24T15:01:25","modified_gmt":"2022-11-24T14:01:25","slug":"ledvinku-nosil-otzi-i-dwayne-johnson-a-dnes-se-v-plne-sile-vraci-do-mody","status":"publish","type":"post","link":"https:\/\/blog.ccc.eu\/cz\/ledvinku-nosil-otzi-i-dwayne-johnson-a-dnes-se-v-plne-sile-vraci-do-mody\/","title":{"rendered":"Ledvinku nosil \u00d6tzi i Dwayne Johnson. A dnes se v\u00a0pln\u00e9 s\u00edle vrac\u00ed do m\u00f3dy"},"content":{"rendered":"\n<p><b>Svoji verzi sportovn\u00ed ledvinky m\u011bla ka\u017ed\u00e1 sv\u011btov\u00e1 kultura, z&nbsp;povinn\u00e9 v\u00fdbavy americk\u00e9ho turisty se postupn\u011b stal high-end m\u00f3dn\u00ed dopln\u011bk. Ko\u017eenou p\u00e1nskou nebo d\u00e1mskou ledvinku dnes potk\u00e1te v\u0161ude, crossbody verze nos\u00ed rape\u0159i i filmov\u00e9 hv\u011bzdy. Jak to cel\u00e9 vzniklo?<\/b><\/p>\n\n\n\n<figure class=\"wp-block-gallery has-nested-images columns-default is-cropped wp-block-gallery-1 is-layout-flex wp-block-gallery-is-layout-flex\">\n<figure class=\"wp-block-image size-large\"><img loading=\"lazy\" decoding=\"async\" width=\"563\" height=\"750\" data-id=\"4898\" src=\"https:\/\/blog.ccc.eu\/cz\/wp-content\/uploads\/2022\/03\/CCC_JF_SS22_38.jpg\" alt=\"d\u00e1msk\u00fd zlat\u00fd \u0159et\u00edzek\" class=\"wp-image-4898\" srcset=\"https:\/\/blog.ccc.eu\/cz\/wp-content\/uploads\/2022\/03\/CCC_JF_SS22_38.jpg 563w, https:\/\/blog.ccc.eu\/cz\/wp-content\/uploads\/2022\/03\/CCC_JF_SS22_38-225x300.jpg 225w, https:\/\/blog.ccc.eu\/cz\/wp-content\/uploads\/2022\/03\/CCC_JF_SS22_38-100x133.jpg 100w\" sizes=\"auto, (max-width: 563px) 100vw, 563px\" \/><\/figure>\n\n\n\n<figure class=\"wp-block-image size-large\"><img loading=\"lazy\" decoding=\"async\" width=\"563\" height=\"750\" data-id=\"4899\" src=\"https:\/\/blog.ccc.eu\/cz\/wp-content\/uploads\/2022\/03\/CCC_JF_SS22_58.jpg\" alt=\"b\u00e9\u017eov\u00fd d\u00e1msk\u00fd ledvinov\u00fd s\u00e1\u010dek\" class=\"wp-image-4899\" srcset=\"https:\/\/blog.ccc.eu\/cz\/wp-content\/uploads\/2022\/03\/CCC_JF_SS22_58.jpg 563w, https:\/\/blog.ccc.eu\/cz\/wp-content\/uploads\/2022\/03\/CCC_JF_SS22_58-225x300.jpg 225w, https:\/\/blog.ccc.eu\/cz\/wp-content\/uploads\/2022\/03\/CCC_JF_SS22_58-100x133.jpg 100w\" sizes=\"auto, (max-width: 563px) 100vw, 563px\" \/><\/figure>\n<\/figure>\n\n\n\n<p>V&nbsp;roce 1991 odkryl alpsk\u00fd ledovec perfektn\u011b zachovalou mumii mu\u017ee <em>\u00d6<\/em>tziho. J\u00e1sali nad\u0161enci do historie, biologov\u00e9, antropologov\u00e9\u2026 i m\u00f3dn\u00ed n\u00e1vrh\u00e1\u0159i. Spole\u010dn\u011b s&nbsp;prav\u011bk\u00fdm lovcem se toti\u017e na\u0161la i ko\u017een\u00e1 ledvinka pln\u00e1 n\u00e1stroj\u016f.<\/p>\n\n\n\n<h2 class=\"wp-block-heading\"><strong>Sportovn\u00ed ledvinky maj\u00ed p\u0159ekvapiv\u011b dlouhou historii<\/strong><\/h2>\n\n\n\n<p>Ledvinka byla povinnou v\u00fdbavou star\u00fdch \u0158\u00edman\u016f i Kelt\u016f. Ve st\u0159edov\u011bku zna\u010dila vysok\u00e9 postaven\u00ed, obl\u00edbila si je i \u0161lechta francouzsk\u00e9ho dvora.<\/p>\n\n\n\n<p>K&nbsp;dokonalosti ledvinky dovedly d\u00e1my viktori\u00e1nsk\u00e9 Anglie. Takzvan\u00fd chatelaine plnil funkci \u0161v\u00fdcarsk\u00e9ho no\u017ee. \u017dena si ho ov\u011bsila v\u0161emi p\u0159edm\u011bty, kter\u00e9 denn\u011b pot\u0159ebovala, aby je m\u011bla v\u017edy po ruce.<\/p>\n\n\n\n<h2 class=\"wp-block-heading\"><strong>Modern\u00ed verze sportovn\u00ed ledvinky p\u0159inesla a\u017e Amerika<\/strong><\/h2>\n\n\n\n<p>V&nbsp;reklamn\u00edm let\u00e1ku \u010dasopisu Sports Illustrated jste si v&nbsp;roce 1954 mohli zakoupit speci\u00e1ln\u00ed ko\u017eenou ta\u0161ku pro ly\u017ea\u0159e, cyklisty a jin\u00e9 sportovce. Jde pravd\u011bpodobn\u011b o prvn\u00ed zm\u00ednku o ledvince v&nbsp;modern\u00ed dob\u011b. St\u00e1la deset dolar\u016f a nosit jste v&nbsp;n\u00ed m\u011bli vosk, mapu, nebo sva\u010dinu.<\/p>\n\n\n\n<p>V&nbsp;60. a 70. letech byly ledvinky st\u00e1lou v\u00fdbavou alpsk\u00fdch b\u011b\u017eka\u0159\u016f a fotograf\u016f. Na absolutn\u00ed komer\u010dn\u00ed p\u0159evrat se ale musely po\u010dkat je\u0161t\u011b deset let.<\/p>\n\n\n\n<h2 class=\"wp-block-heading\"><strong>Sportovn\u00ed \u0161\u00edlenstv\u00ed 80. let ud\u011blalo z&nbsp;ledvinek modlu<\/strong><\/h2>\n\n\n\n<p>V\u00a080. letech minul\u00e9ho stolet\u00ed vznikla m\u00f3dn\u00ed m\u00e1nie athleisure. Do m\u00f3dn\u00edho proudu pronikly do t\u00e9 doby \u010dist\u011b <a href=\"https:\/\/ccc.eu\/cz\/damske\/boty\/sportovni\">sportovn\u00ed boty<\/a> a <a href=\"https:\/\/ccc.eu\/cz\/damske\/obleceni\">oble\u010den\u00ed<\/a>. Za\u010daly se nosit leg\u00edny, tenisky, funk\u010dn\u00ed kalhoty, fotbalov\u00e9 dresy a samoz\u0159ejm\u011b ledvinky. V\u0161e v\u00a0k\u0159iklav\u00fdch barv\u00e1ch a vzorech, mezi materi\u00e1ly dominovala um\u011bl\u00e1 vl\u00e1kna, jako nylon nebo polyester.<\/p>\n\n\n\n<p>Ve stejn\u00e9m obdob\u00ed nav\u00edc explodoval trend turizmu v&nbsp;New Yorku a Japonsku. A v&nbsp;\u010dem \u017ee to nad\u0161en\u00ed turist\u00e9 nosili v\u0161echny svoje cennosti?<\/p>\n\n\n\n<p>Ledvinky lid\u00e9 obl\u00e9kali v\u0161ude, k&nbsp;\u010demukoliv a p\u0159i ka\u017ed\u00e9 p\u0159\u00edle\u017eitosti. Nesmrteln\u00fd je outfit Dwayna Johnsona, kter\u00fdm se pochlubil na Instagramu, jak v&nbsp;devades\u00e1tk\u00e1ch ledvinku dokonale sp\u00e1roval s&nbsp;\u010dern\u00fdm rol\u00e1kem a d\u017e\u00edny ve stylu Steva Jobse.<\/p>\n\n\n\n<h2 class=\"wp-block-heading\"><strong>Sportovn\u00ed a ko\u017een\u00e9 ledvinky jsou zp\u011bt, d\u011bkovat m\u016f\u017eete i Kendall Jenner<\/strong><\/h2>\n\n\n\n<p>V&nbsp;roce 1988 prohl\u00e1sil Adweek ledvinky za nejv\u00edc hot produkt roku. Pak najednou vy\u0161ly z&nbsp;m\u00f3dy a na dlouhou dobu se po nich slehla zem.<\/p>\n\n\n\n<p>A\u017e dote\u010f.<\/p>\n\n\n\n<p>V&nbsp;roce 2017 si top modelka Kendall Jenner vzala t\u0159i r\u016fzn\u00e9 ledvinky, b\u011bhem t\u0159\u00ed dn\u00ed. Okam\u017eit\u011b se toho chytla v\u0161echna m\u00f3dn\u00ed m\u00e9dia a na\u0159kla ji ze snahy vr\u00e1tit trend op\u011bt k&nbsp;\u017eivotu. A povedlo se. Do roku 2018 tyto <a href=\"https:\/\/ccc.eu\/cz\/kabelky\/damske-kabelky\/male-kabelky\">mal\u00e9 kabelky<\/a> zn\u00e1sobily prodeje, na konci obdob\u00ed st\u00e1ly za jednou \u010dtvrtinou r\u016fstu cel\u00e9ho americk\u00e9ho trhu s&nbsp;dopl\u0148ky.<\/p>\n\n\n\n<p>Nicm\u00e9n\u011b, ve skute\u010dnosti ledvinky vykoukly u\u017e v polovin\u011b devades\u00e1t\u00fdch let, kdy Karl Lagerfeld vytvo\u0159il ikonickou \u0159adu z&nbsp;ov\u010d\u00ed k\u016f\u017ee pro Chanel. Definitivn\u011b se vr\u00e1tily na p\u0159ehl\u00eddk\u00e1ch Balenciaga a Louis Vuitton v&nbsp;roce 2014.<\/p>\n\n\n\n<h2 class=\"wp-block-heading\"><strong>Jak\u00e9 ledvinky se dneska nos\u00ed? Sportovn\u00ed, ko\u017een\u00e9, crossbody\u2026<\/strong><\/h2>\n\n\n\n<p>Z&nbsp;ledvinek je aktu\u00e1ln\u011b velk\u00e1 m\u00f3da, s&nbsp;autoritou slavn\u00fdch zna\u010dek koup\u00edte kousky za desetitis\u00edce. Svoji exkluzivn\u00ed interpretaci m\u00e1 Gucci, Chanel, Alexander Wang i Burberry.<\/p>\n\n\n\n<ul class=\"wp-block-list\">\n<li><strong>Klasick\u00e1 verze<\/strong> je st\u00e1le v&nbsp;oblib\u011b. Se\u017eenete minimalistick\u00e9 kousky na mobil, nebo oversized s&nbsp;kapsami, kter\u00e9 pojmou opalovac\u00ed kr\u00e9m i sva\u010dinu. Designov\u011b jsou trochu t\u00e1tovsk\u00e9, ale pokud n\u011bkdy zav\u00edt\u00e1te na letn\u00ed festivaly, bude je m\u00edt ka\u017ed\u00fd druh\u00fd.<\/li>\n\n\n\n<li>Obl\u00edben\u00e1 je <a href=\"https:\/\/ccc.eu\/cz\/kabelky\/damske-kabelky\/kabelky-pres-rameno\"><strong>crossbody ledvinka<\/strong><\/a>. Jak napov\u00edd\u00e1 n\u00e1zev, nos\u00ed se p\u0159es rameno, zapnut\u00e1 nap\u0159\u00ed\u010d t\u011blem. Je trochu stylov\u011bj\u0161\u00ed, SUPREME z&nbsp;n\u00ed ud\u011blal stabiln\u00ed sou\u010d\u00e1st pouli\u010dn\u00ed m\u00f3dy.<\/li>\n\n\n\n<li>P\u00e1r let zp\u00e1tky se hodn\u011b nosil <strong>techno\/army styl<\/strong>. V&nbsp;\u0159e\u010di ledvinek to znamen\u00e1 ta\u0161ky kolem krku, taktick\u00e9 vesty, kapsy kolem nohy\u2026 Razili je t\u0159eba Kanye West, nebo raper A$AP Rocky.<\/li>\n\n\n\n<li>Zaj\u00edmav\u00e9 jsou <strong>pr\u016fhledn\u00e9 ledvinky<\/strong>. Skv\u011ble dopln\u00ed b\u00edl\u00fd outfit.<\/li>\n<\/ul>\n\n\n<shortcode prop-load-num=\"6\" prop-display-num=\"4\" prop-sku=\"5904862376011, 5904862038872, 5904862398044, 5904862412719, 5904248946111, 5904248992842, 5904862412726, 5904862120706, 5904862376028, 5904862012513, 5904862006956, 5904248977849, 5904248555917, 5904248946081, \" prop-view=\"slider\"><\/shortcode>        <div\r\n            class=\"eob-pf-shortcode\"\r\n            id=\"eobpf69f50a366bf76\"\r\n        >\r\n            <shortcode prop-load-num=\"6\" prop-display-num=\"4\" prop-sku=\"5904862376011, 5904862038872, 5904862398044, 5904862412719, 5904248946111, 5904248992842, 5904862412726, 5904862120706, 5904862376028, 5904862012513, 5904862006956, 5904248977849, 5904248555917, 5904248946081, \" prop-view=\"slider\"><\/shortcode>        <\/div>\r\n\t\t<script>\r\n\t\t\tjQuery(document).ready(() => {\r\n\t\t\t    const root = document.getElementById('eobpf69f50a366bf76');\r\n                Vue.createApp({\r\n\t                components: {\r\n\t                    shortcode\r\n\t                }\r\n                }).mount(root);\r\n\t\t\t});\r\n\t\t<\/script>\r\n\t\t\r\n\t\t\n\n\n\n<h2 class=\"wp-block-heading\"><strong>Jak ledvinky nosit? Ty ko\u017een\u00e9 klidn\u011b i s&nbsp;kab\u00e1tem<\/strong><\/h2>\n\n\n\n<p>Ledvinka byla v\u017edy hlavn\u011b o funkci. Vejde se do n\u00ed v\u011bt\u0161ina v\u011bc\u00ed a m\u00e1te ji po\u0159\u00e1d na o\u010d\u00edch, bez obav z&nbsp;kaps\u00e1\u0159\u016f. Aktu\u00e1ln\u011b se raz\u00ed i jako m\u00f3dn\u00ed dopln\u011bk a nevypad\u00e1 v\u016fbec \u0161patn\u011b \u2013 pokud ji nakombinujete s&nbsp;t\u00edm spr\u00e1vn\u00fdm stylem.<\/p>\n\n\n\n<ul class=\"wp-block-list\">\n<li>Z\u00e1kladem je no\u0161en\u00ed jednodu\u0161e <strong><em>na t\u00e1tu<\/em><\/strong>. To znamen\u00e1 \u0161irok\u00e9 d\u017e\u00edny, triko a tenisky. Tenhle nest\u00e1rnouc\u00ed unisex look skv\u011ble dopln\u00ed k\u0161iltovka a stylov\u00e1 flanelka.<\/li>\n\n\n\n<li>Klasick\u00e1 sportovn\u00ed ledvinka si nejv\u00edce rozum\u00ed s&nbsp;<strong>uvoln\u011bn\u00fdm outfitem<\/strong>. Kra\u0165asy, oversized mikina, t\u00edlko\u2026 Kdy\u017e slad\u00edte barvy, nemus\u00edte si s&nbsp;t\u00edm l\u00e1mat hlavu.<\/li>\n\n\n\n<li>Uhlazen\u00e1 ko\u017een\u00e1 ledvinka v\u00e1m projde i u <strong>form\u00e1ln\u011bj\u0161\u00edho outfitu<\/strong>, obzvl\u00e1\u0161\u0165 kdy\u017e ho pojmete v&nbsp;duchu street stylu. Nos\u00ed se pod kab\u00e1t i p\u0159es n\u011bj \u2013 jako opasek.<\/li>\n\n\n\n<li>Crossbody ledvinky sednou i <strong>ko\u0161il\u00edm<\/strong>. Divili byste se, kolik lid\u00ed je schov\u00e1v\u00e1 pod sakem.<\/li>\n\n\n\n<li>A pokud se chcete vr\u00e1tit ke ko\u0159en\u016fm, doporu\u010dujeme nosit ledvinku takzvan\u011b <strong><em>na turistu<\/em><\/strong>. To znamen\u00e1 k&nbsp;funk\u010dn\u00edm khaki kra\u0165as\u016fm, triku s logem a sand\u00e1l\u016fm. \u010cern\u00e9 br\u00fdle na kolo jsou podm\u00ednkou!<\/li>\n<\/ul>\n\n\n\n<h2 class=\"wp-block-heading\"><strong>Sportovn\u00ed a ko\u017een\u00e9 ledvinky: I po letech st\u00e1le spolu<\/strong><\/h2>\n\n\n\n<p>Jak \u0159\u00edk\u00e1 Malcolm v&nbsp;Jursk\u00e9m parku: \u201eDinosau\u0159i m\u011bli svoji p\u0159\u00edle\u017eitost, p\u0159\u00edroda se je rozhodla vyhladit\u201c. Ledvinky podobn\u00fd osud zat\u00edm ne\u010dek\u00e1. Nos\u00ed je v\u0161ichni \u2013 od k\u00e1mo\u0161\u016f na festivalu po hv\u011bzdy rud\u00e9ho koberce. Co na to \u0159\u00edct? Star\u00e1 l\u00e1ska prost\u011b nerezav\u00ed.<\/p>\n","protected":false},"excerpt":{"rendered":"<p>Svoji verzi sportovn\u00ed ledvinky m\u011bla ka\u017ed\u00e1 sv\u011btov\u00e1 kultura, z&nbsp;povinn\u00e9 v\u00fdbavy americk\u00e9ho turisty se postupn\u011b stal high-end m\u00f3dn\u00ed dopln\u011bk. Ko\u017eenou p\u00e1nskou nebo d\u00e1mskou ledvinku dnes potk\u00e1te v\u0161ude, crossbody verze nos\u00ed rape\u0159i i filmov\u00e9 hv\u011bzdy. Jak to cel\u00e9 vzniklo? V&nbsp;roce 1991 odkryl alpsk\u00fd ledovec perfektn\u011b zachovalou mumii mu\u017ee \u00d6tziho. J\u00e1sali nad\u0161enci do historie, biologov\u00e9, antropologov\u00e9\u2026 i m\u00f3dn\u00ed [&hellip;]<\/p>\n","protected":false},"author":17,"featured_media":4899,"comment_status":"open","ping_status":"open","sticky":false,"template":"","format":"standard","meta":{"_acf_changed":false,"footnotes":""},"categories":[6],"tags":[647,658,657,656,659],"class_list":["post-4894","post","type-post","status-publish","format-standard","has-post-thumbnail","hentry","category-trendy","tag-damska-moda","tag-kabelka","tag-kidney-bag","tag-ledvinka","tag-retro-moda"],"acf":[],"yoast_head":"<!-- This site is optimized with the Yoast SEO plugin v26.9 - https:\/\/yoast.com\/product\/yoast-seo-wordpress\/ -->\n<title>Ledvinku nosil \u00d6tzi i Dwayne Johnson. A dnes se v\u00a0pln\u00e9 s\u00edle vrac\u00ed do m\u00f3dy - blog.ccc.eu\/cz<\/title>\n<meta name=\"description\" content=\"D\u0159\u00edve sportovn\u00ed ledvinky obl\u00e9kali turist\u00e9 v New Yorku, dnes je maj\u00ed p\u0159edn\u00ed m\u00f3dn\u00ed ikony. Jak k tomu do\u0161lo? Co je to crossbody ledvinka? A jak ledvinky nosit? 2026\" \/>\n<meta name=\"robots\" content=\"index, follow, max-snippet:-1, max-image-preview:large, max-video-preview:-1\" \/>\n<link rel=\"canonical\" href=\"https:\/\/blog.ccc.eu\/cz\/ledvinku-nosil-otzi-i-dwayne-johnson-a-dnes-se-v-plne-sile-vraci-do-mody\/\" \/>\n<meta property=\"og:locale\" content=\"cs_CZ\" \/>\n<meta property=\"og:type\" content=\"article\" \/>\n<meta property=\"og:title\" content=\"Ledvinku nosil \u00d6tzi i Dwayne Johnson. A dnes se v\u00a0pln\u00e9 s\u00edle vrac\u00ed do m\u00f3dy - blog.ccc.eu\/cz\" \/>\n<meta property=\"og:description\" content=\"D\u0159\u00edve sportovn\u00ed ledvinky obl\u00e9kali turist\u00e9 v New Yorku, dnes je maj\u00ed p\u0159edn\u00ed m\u00f3dn\u00ed ikony. Jak k tomu do\u0161lo? Co je to crossbody ledvinka? A jak ledvinky nosit?\" \/>\n<meta property=\"og:url\" content=\"https:\/\/blog.ccc.eu\/cz\/ledvinku-nosil-otzi-i-dwayne-johnson-a-dnes-se-v-plne-sile-vraci-do-mody\/\" \/>\n<meta property=\"og:site_name\" content=\"blog.ccc.eu\/cz\" \/>\n<meta property=\"article:published_time\" content=\"2022-03-16T15:44:38+00:00\" \/>\n<meta property=\"article:modified_time\" content=\"2022-11-24T14:01:25+00:00\" \/>\n<meta property=\"og:image\" content=\"https:\/\/blog.ccc.eu\/cz\/wp-content\/uploads\/2022\/03\/CCC_JF_SS22_58.jpg\" \/>\n\t<meta property=\"og:image:width\" content=\"563\" \/>\n\t<meta property=\"og:image:height\" content=\"750\" \/>\n\t<meta property=\"og:image:type\" content=\"image\/jpeg\" \/>\n<meta name=\"author\" content=\"Mikul\u00e1\u0161 Ma\u010das\" \/>\n<meta name=\"twitter:card\" content=\"summary_large_image\" \/>\n<meta name=\"twitter:label1\" content=\"Napsal(a)\" \/>\n\t<meta name=\"twitter:data1\" content=\"Mikul\u00e1\u0161 Ma\u010das\" \/>\n\t<meta name=\"twitter:label2\" content=\"Odhadovan\u00e1 doba \u010dten\u00ed\" \/>\n\t<meta name=\"twitter:data2\" content=\"5 minut\" \/>\n<script type=\"application\/ld+json\" class=\"yoast-schema-graph\">{\"@context\":\"https:\/\/schema.org\",\"@graph\":[{\"@type\":\"Article\",\"@id\":\"https:\/\/blog.ccc.eu\/cz\/ledvinku-nosil-otzi-i-dwayne-johnson-a-dnes-se-v-plne-sile-vraci-do-mody\/#article\",\"isPartOf\":{\"@id\":\"https:\/\/blog.ccc.eu\/cz\/ledvinku-nosil-otzi-i-dwayne-johnson-a-dnes-se-v-plne-sile-vraci-do-mody\/\"},\"author\":{\"name\":\"Mikul\u00e1\u0161 Ma\u010das\",\"@id\":\"https:\/\/blog.ccc.eu\/cz\/#\/schema\/person\/c55747dda951bb5edd590c08c59b22c5\"},\"headline\":\"Ledvinku nosil \u00d6tzi i Dwayne Johnson. A dnes se v\u00a0pln\u00e9 s\u00edle vrac\u00ed do m\u00f3dy\",\"datePublished\":\"2022-03-16T15:44:38+00:00\",\"dateModified\":\"2022-11-24T14:01:25+00:00\",\"mainEntityOfPage\":{\"@id\":\"https:\/\/blog.ccc.eu\/cz\/ledvinku-nosil-otzi-i-dwayne-johnson-a-dnes-se-v-plne-sile-vraci-do-mody\/\"},\"wordCount\":1081,\"commentCount\":0,\"publisher\":{\"@id\":\"https:\/\/blog.ccc.eu\/cz\/#organization\"},\"image\":{\"@id\":\"https:\/\/blog.ccc.eu\/cz\/ledvinku-nosil-otzi-i-dwayne-johnson-a-dnes-se-v-plne-sile-vraci-do-mody\/#primaryimage\"},\"thumbnailUrl\":\"https:\/\/blog.ccc.eu\/cz\/wp-content\/uploads\/2022\/03\/CCC_JF_SS22_58.jpg\",\"keywords\":[\"D\u00e1msk\u00e1 m\u00f3da\",\"Kabelka\",\"Kidney Bag\",\"Ledvinka\",\"Retro m\u00f3da\"],\"articleSection\":[\"TRENDY\"],\"inLanguage\":\"cs\",\"potentialAction\":[{\"@type\":\"CommentAction\",\"name\":\"Comment\",\"target\":[\"https:\/\/blog.ccc.eu\/cz\/ledvinku-nosil-otzi-i-dwayne-johnson-a-dnes-se-v-plne-sile-vraci-do-mody\/#respond\"]}]},{\"@type\":\"WebPage\",\"@id\":\"https:\/\/blog.ccc.eu\/cz\/ledvinku-nosil-otzi-i-dwayne-johnson-a-dnes-se-v-plne-sile-vraci-do-mody\/\",\"url\":\"https:\/\/blog.ccc.eu\/cz\/ledvinku-nosil-otzi-i-dwayne-johnson-a-dnes-se-v-plne-sile-vraci-do-mody\/\",\"name\":\"Ledvinku nosil \u00d6tzi i Dwayne Johnson. A dnes se v\u00a0pln\u00e9 s\u00edle vrac\u00ed do m\u00f3dy - blog.ccc.eu\/cz\",\"isPartOf\":{\"@id\":\"https:\/\/blog.ccc.eu\/cz\/#website\"},\"primaryImageOfPage\":{\"@id\":\"https:\/\/blog.ccc.eu\/cz\/ledvinku-nosil-otzi-i-dwayne-johnson-a-dnes-se-v-plne-sile-vraci-do-mody\/#primaryimage\"},\"image\":{\"@id\":\"https:\/\/blog.ccc.eu\/cz\/ledvinku-nosil-otzi-i-dwayne-johnson-a-dnes-se-v-plne-sile-vraci-do-mody\/#primaryimage\"},\"thumbnailUrl\":\"https:\/\/blog.ccc.eu\/cz\/wp-content\/uploads\/2022\/03\/CCC_JF_SS22_58.jpg\",\"datePublished\":\"2022-03-16T15:44:38+00:00\",\"dateModified\":\"2022-11-24T14:01:25+00:00\",\"description\":\"D\u0159\u00edve sportovn\u00ed ledvinky obl\u00e9kali turist\u00e9 v New Yorku, dnes je maj\u00ed p\u0159edn\u00ed m\u00f3dn\u00ed ikony. Jak k tomu do\u0161lo? Co je to crossbody ledvinka? A jak ledvinky nosit?\",\"breadcrumb\":{\"@id\":\"https:\/\/blog.ccc.eu\/cz\/ledvinku-nosil-otzi-i-dwayne-johnson-a-dnes-se-v-plne-sile-vraci-do-mody\/#breadcrumb\"},\"inLanguage\":\"cs\",\"potentialAction\":[{\"@type\":\"ReadAction\",\"target\":[\"https:\/\/blog.ccc.eu\/cz\/ledvinku-nosil-otzi-i-dwayne-johnson-a-dnes-se-v-plne-sile-vraci-do-mody\/\"]}]},{\"@type\":\"ImageObject\",\"inLanguage\":\"cs\",\"@id\":\"https:\/\/blog.ccc.eu\/cz\/ledvinku-nosil-otzi-i-dwayne-johnson-a-dnes-se-v-plne-sile-vraci-do-mody\/#primaryimage\",\"url\":\"https:\/\/blog.ccc.eu\/cz\/wp-content\/uploads\/2022\/03\/CCC_JF_SS22_58.jpg\",\"contentUrl\":\"https:\/\/blog.ccc.eu\/cz\/wp-content\/uploads\/2022\/03\/CCC_JF_SS22_58.jpg\",\"width\":563,\"height\":750,\"caption\":\"D\u00e1msk\u00e1 ko\u017een\u00e1 ledvinka b\u00e9\u017eov\u00e1\"},{\"@type\":\"BreadcrumbList\",\"@id\":\"https:\/\/blog.ccc.eu\/cz\/ledvinku-nosil-otzi-i-dwayne-johnson-a-dnes-se-v-plne-sile-vraci-do-mody\/#breadcrumb\",\"itemListElement\":[{\"@type\":\"ListItem\",\"position\":1,\"name\":\"Strona g\u0142\u00f3wna\",\"item\":\"https:\/\/blog.ccc.eu\/cz\/\"},{\"@type\":\"ListItem\",\"position\":2,\"name\":\"Ledvinku nosil \u00d6tzi i Dwayne Johnson. A dnes se v\u00a0pln\u00e9 s\u00edle vrac\u00ed do m\u00f3dy\"}]},{\"@type\":\"WebSite\",\"@id\":\"https:\/\/blog.ccc.eu\/cz\/#website\",\"url\":\"https:\/\/blog.ccc.eu\/cz\/\",\"name\":\"blog.ccc.eu\/cz\",\"description\":\"Va\u0161e m\u00edsto pln\u00e9 m\u00f3dn\u00edch inspirac\u00ed\",\"publisher\":{\"@id\":\"https:\/\/blog.ccc.eu\/cz\/#organization\"},\"potentialAction\":[{\"@type\":\"SearchAction\",\"target\":{\"@type\":\"EntryPoint\",\"urlTemplate\":\"https:\/\/blog.ccc.eu\/cz\/?s={search_term_string}\"},\"query-input\":{\"@type\":\"PropertyValueSpecification\",\"valueRequired\":true,\"valueName\":\"search_term_string\"}}],\"inLanguage\":\"cs\"},{\"@type\":\"Organization\",\"@id\":\"https:\/\/blog.ccc.eu\/cz\/#organization\",\"name\":\"CCC S.A.\",\"url\":\"https:\/\/blog.ccc.eu\/cz\/\",\"logo\":{\"@type\":\"ImageObject\",\"inLanguage\":\"cs\",\"@id\":\"https:\/\/blog.ccc.eu\/cz\/#\/schema\/logo\/image\/\",\"url\":\"https:\/\/blog.ccc.eu\/cz\/wp-content\/uploads\/2021\/11\/logo_ccc.png\",\"contentUrl\":\"https:\/\/blog.ccc.eu\/cz\/wp-content\/uploads\/2021\/11\/logo_ccc.png\",\"width\":730,\"height\":270,\"caption\":\"CCC S.A.\"},\"image\":{\"@id\":\"https:\/\/blog.ccc.eu\/cz\/#\/schema\/logo\/image\/\"}},{\"@type\":\"Person\",\"@id\":\"https:\/\/blog.ccc.eu\/cz\/#\/schema\/person\/c55747dda951bb5edd590c08c59b22c5\",\"name\":\"Mikul\u00e1\u0161 Ma\u010das\",\"image\":{\"@type\":\"ImageObject\",\"inLanguage\":\"cs\",\"@id\":\"https:\/\/blog.ccc.eu\/cz\/#\/schema\/person\/image\/\",\"url\":\"https:\/\/blog.ccc.eu\/cz\/wp-content\/uploads\/2022\/03\/mik-Cropped-100x100.jpg\",\"contentUrl\":\"https:\/\/blog.ccc.eu\/cz\/wp-content\/uploads\/2022\/03\/mik-Cropped-100x100.jpg\",\"caption\":\"Mikul\u00e1\u0161 Ma\u010das\"},\"description\":\"Mikul\u00e1\u0161 p\u00ed\u0161e na voln\u00e9 noze od roku 2018. Nejv\u00edce ho bav\u00ed fashion, design, kosmetika a parf\u00e9my. V t\u00e9matech r\u00e1d hled\u00e1 cool detaily a historick\u00e9 zaj\u00edmavosti. Kdy\u017e zrovna nep\u00ed\u0161e \u010dl\u00e1nky, tak doma tvo\u0159\u00ed poezii a pr\u00f3zu. Ale \u0159\u00edct, \u017ee \u017eije psan\u00edm, to by bylo cheesy.\",\"url\":\"https:\/\/blog.ccc.eu\/cz\/author\/katarzyna-martyn\/\"}]}<\/script>\n<!-- \/ Yoast SEO plugin. -->","yoast_head_json":{"title":"Ledvinku nosil \u00d6tzi i Dwayne Johnson. A dnes se v\u00a0pln\u00e9 s\u00edle vrac\u00ed do m\u00f3dy - blog.ccc.eu\/cz","description":"D\u0159\u00edve sportovn\u00ed ledvinky obl\u00e9kali turist\u00e9 v New Yorku, dnes je maj\u00ed p\u0159edn\u00ed m\u00f3dn\u00ed ikony. Jak k tomu do\u0161lo? Co je to crossbody ledvinka? A jak ledvinky nosit? 2026","robots":{"index":"index","follow":"follow","max-snippet":"max-snippet:-1","max-image-preview":"max-image-preview:large","max-video-preview":"max-video-preview:-1"},"canonical":"https:\/\/blog.ccc.eu\/cz\/ledvinku-nosil-otzi-i-dwayne-johnson-a-dnes-se-v-plne-sile-vraci-do-mody\/","og_locale":"cs_CZ","og_type":"article","og_title":"Ledvinku nosil \u00d6tzi i Dwayne Johnson. A dnes se v\u00a0pln\u00e9 s\u00edle vrac\u00ed do m\u00f3dy - blog.ccc.eu\/cz","og_description":"D\u0159\u00edve sportovn\u00ed ledvinky obl\u00e9kali turist\u00e9 v New Yorku, dnes je maj\u00ed p\u0159edn\u00ed m\u00f3dn\u00ed ikony. Jak k tomu do\u0161lo? Co je to crossbody ledvinka? A jak ledvinky nosit?","og_url":"https:\/\/blog.ccc.eu\/cz\/ledvinku-nosil-otzi-i-dwayne-johnson-a-dnes-se-v-plne-sile-vraci-do-mody\/","og_site_name":"blog.ccc.eu\/cz","article_published_time":"2022-03-16T15:44:38+00:00","article_modified_time":"2022-11-24T14:01:25+00:00","og_image":[{"width":563,"height":750,"url":"https:\/\/blog.ccc.eu\/cz\/wp-content\/uploads\/2022\/03\/CCC_JF_SS22_58.jpg","type":"image\/jpeg"}],"author":"Mikul\u00e1\u0161 Ma\u010das","twitter_card":"summary_large_image","twitter_misc":{"Napsal(a)":"Mikul\u00e1\u0161 Ma\u010das","Odhadovan\u00e1 doba \u010dten\u00ed":"5 minut"},"schema":{"@context":"https:\/\/schema.org","@graph":[{"@type":"Article","@id":"https:\/\/blog.ccc.eu\/cz\/ledvinku-nosil-otzi-i-dwayne-johnson-a-dnes-se-v-plne-sile-vraci-do-mody\/#article","isPartOf":{"@id":"https:\/\/blog.ccc.eu\/cz\/ledvinku-nosil-otzi-i-dwayne-johnson-a-dnes-se-v-plne-sile-vraci-do-mody\/"},"author":{"name":"Mikul\u00e1\u0161 Ma\u010das","@id":"https:\/\/blog.ccc.eu\/cz\/#\/schema\/person\/c55747dda951bb5edd590c08c59b22c5"},"headline":"Ledvinku nosil \u00d6tzi i Dwayne Johnson. A dnes se v\u00a0pln\u00e9 s\u00edle vrac\u00ed do m\u00f3dy","datePublished":"2022-03-16T15:44:38+00:00","dateModified":"2022-11-24T14:01:25+00:00","mainEntityOfPage":{"@id":"https:\/\/blog.ccc.eu\/cz\/ledvinku-nosil-otzi-i-dwayne-johnson-a-dnes-se-v-plne-sile-vraci-do-mody\/"},"wordCount":1081,"commentCount":0,"publisher":{"@id":"https:\/\/blog.ccc.eu\/cz\/#organization"},"image":{"@id":"https:\/\/blog.ccc.eu\/cz\/ledvinku-nosil-otzi-i-dwayne-johnson-a-dnes-se-v-plne-sile-vraci-do-mody\/#primaryimage"},"thumbnailUrl":"https:\/\/blog.ccc.eu\/cz\/wp-content\/uploads\/2022\/03\/CCC_JF_SS22_58.jpg","keywords":["D\u00e1msk\u00e1 m\u00f3da","Kabelka","Kidney Bag","Ledvinka","Retro m\u00f3da"],"articleSection":["TRENDY"],"inLanguage":"cs","potentialAction":[{"@type":"CommentAction","name":"Comment","target":["https:\/\/blog.ccc.eu\/cz\/ledvinku-nosil-otzi-i-dwayne-johnson-a-dnes-se-v-plne-sile-vraci-do-mody\/#respond"]}]},{"@type":"WebPage","@id":"https:\/\/blog.ccc.eu\/cz\/ledvinku-nosil-otzi-i-dwayne-johnson-a-dnes-se-v-plne-sile-vraci-do-mody\/","url":"https:\/\/blog.ccc.eu\/cz\/ledvinku-nosil-otzi-i-dwayne-johnson-a-dnes-se-v-plne-sile-vraci-do-mody\/","name":"Ledvinku nosil \u00d6tzi i Dwayne Johnson. A dnes se v\u00a0pln\u00e9 s\u00edle vrac\u00ed do m\u00f3dy - blog.ccc.eu\/cz","isPartOf":{"@id":"https:\/\/blog.ccc.eu\/cz\/#website"},"primaryImageOfPage":{"@id":"https:\/\/blog.ccc.eu\/cz\/ledvinku-nosil-otzi-i-dwayne-johnson-a-dnes-se-v-plne-sile-vraci-do-mody\/#primaryimage"},"image":{"@id":"https:\/\/blog.ccc.eu\/cz\/ledvinku-nosil-otzi-i-dwayne-johnson-a-dnes-se-v-plne-sile-vraci-do-mody\/#primaryimage"},"thumbnailUrl":"https:\/\/blog.ccc.eu\/cz\/wp-content\/uploads\/2022\/03\/CCC_JF_SS22_58.jpg","datePublished":"2022-03-16T15:44:38+00:00","dateModified":"2022-11-24T14:01:25+00:00","description":"D\u0159\u00edve sportovn\u00ed ledvinky obl\u00e9kali turist\u00e9 v New Yorku, dnes je maj\u00ed p\u0159edn\u00ed m\u00f3dn\u00ed ikony. Jak k tomu do\u0161lo? Co je to crossbody ledvinka? A jak ledvinky nosit?","breadcrumb":{"@id":"https:\/\/blog.ccc.eu\/cz\/ledvinku-nosil-otzi-i-dwayne-johnson-a-dnes-se-v-plne-sile-vraci-do-mody\/#breadcrumb"},"inLanguage":"cs","potentialAction":[{"@type":"ReadAction","target":["https:\/\/blog.ccc.eu\/cz\/ledvinku-nosil-otzi-i-dwayne-johnson-a-dnes-se-v-plne-sile-vraci-do-mody\/"]}]},{"@type":"ImageObject","inLanguage":"cs","@id":"https:\/\/blog.ccc.eu\/cz\/ledvinku-nosil-otzi-i-dwayne-johnson-a-dnes-se-v-plne-sile-vraci-do-mody\/#primaryimage","url":"https:\/\/blog.ccc.eu\/cz\/wp-content\/uploads\/2022\/03\/CCC_JF_SS22_58.jpg","contentUrl":"https:\/\/blog.ccc.eu\/cz\/wp-content\/uploads\/2022\/03\/CCC_JF_SS22_58.jpg","width":563,"height":750,"caption":"D\u00e1msk\u00e1 ko\u017een\u00e1 ledvinka b\u00e9\u017eov\u00e1"},{"@type":"BreadcrumbList","@id":"https:\/\/blog.ccc.eu\/cz\/ledvinku-nosil-otzi-i-dwayne-johnson-a-dnes-se-v-plne-sile-vraci-do-mody\/#breadcrumb","itemListElement":[{"@type":"ListItem","position":1,"name":"Strona g\u0142\u00f3wna","item":"https:\/\/blog.ccc.eu\/cz\/"},{"@type":"ListItem","position":2,"name":"Ledvinku nosil \u00d6tzi i Dwayne Johnson. A dnes se v\u00a0pln\u00e9 s\u00edle vrac\u00ed do m\u00f3dy"}]},{"@type":"WebSite","@id":"https:\/\/blog.ccc.eu\/cz\/#website","url":"https:\/\/blog.ccc.eu\/cz\/","name":"blog.ccc.eu\/cz","description":"Va\u0161e m\u00edsto pln\u00e9 m\u00f3dn\u00edch inspirac\u00ed","publisher":{"@id":"https:\/\/blog.ccc.eu\/cz\/#organization"},"potentialAction":[{"@type":"SearchAction","target":{"@type":"EntryPoint","urlTemplate":"https:\/\/blog.ccc.eu\/cz\/?s={search_term_string}"},"query-input":{"@type":"PropertyValueSpecification","valueRequired":true,"valueName":"search_term_string"}}],"inLanguage":"cs"},{"@type":"Organization","@id":"https:\/\/blog.ccc.eu\/cz\/#organization","name":"CCC S.A.","url":"https:\/\/blog.ccc.eu\/cz\/","logo":{"@type":"ImageObject","inLanguage":"cs","@id":"https:\/\/blog.ccc.eu\/cz\/#\/schema\/logo\/image\/","url":"https:\/\/blog.ccc.eu\/cz\/wp-content\/uploads\/2021\/11\/logo_ccc.png","contentUrl":"https:\/\/blog.ccc.eu\/cz\/wp-content\/uploads\/2021\/11\/logo_ccc.png","width":730,"height":270,"caption":"CCC S.A."},"image":{"@id":"https:\/\/blog.ccc.eu\/cz\/#\/schema\/logo\/image\/"}},{"@type":"Person","@id":"https:\/\/blog.ccc.eu\/cz\/#\/schema\/person\/c55747dda951bb5edd590c08c59b22c5","name":"Mikul\u00e1\u0161 Ma\u010das","image":{"@type":"ImageObject","inLanguage":"cs","@id":"https:\/\/blog.ccc.eu\/cz\/#\/schema\/person\/image\/","url":"https:\/\/blog.ccc.eu\/cz\/wp-content\/uploads\/2022\/03\/mik-Cropped-100x100.jpg","contentUrl":"https:\/\/blog.ccc.eu\/cz\/wp-content\/uploads\/2022\/03\/mik-Cropped-100x100.jpg","caption":"Mikul\u00e1\u0161 Ma\u010das"},"description":"Mikul\u00e1\u0161 p\u00ed\u0161e na voln\u00e9 noze od roku 2018. Nejv\u00edce ho bav\u00ed fashion, design, kosmetika a parf\u00e9my. V t\u00e9matech r\u00e1d hled\u00e1 cool detaily a historick\u00e9 zaj\u00edmavosti. Kdy\u017e zrovna nep\u00ed\u0161e \u010dl\u00e1nky, tak doma tvo\u0159\u00ed poezii a pr\u00f3zu. Ale \u0159\u00edct, \u017ee \u017eije psan\u00edm, to by bylo cheesy.","url":"https:\/\/blog.ccc.eu\/cz\/author\/katarzyna-martyn\/"}]}},"_links":{"self":[{"href":"https:\/\/blog.ccc.eu\/cz\/wp-json\/wp\/v2\/posts\/4894","targetHints":{"allow":["GET"]}}],"collection":[{"href":"https:\/\/blog.ccc.eu\/cz\/wp-json\/wp\/v2\/posts"}],"about":[{"href":"https:\/\/blog.ccc.eu\/cz\/wp-json\/wp\/v2\/types\/post"}],"author":[{"embeddable":true,"href":"https:\/\/blog.ccc.eu\/cz\/wp-json\/wp\/v2\/users\/17"}],"replies":[{"embeddable":true,"href":"https:\/\/blog.ccc.eu\/cz\/wp-json\/wp\/v2\/comments?post=4894"}],"version-history":[{"count":6,"href":"https:\/\/blog.ccc.eu\/cz\/wp-json\/wp\/v2\/posts\/4894\/revisions"}],"predecessor-version":[{"id":5444,"href":"https:\/\/blog.ccc.eu\/cz\/wp-json\/wp\/v2\/posts\/4894\/revisions\/5444"}],"wp:featuredmedia":[{"embeddable":true,"href":"https:\/\/blog.ccc.eu\/cz\/wp-json\/wp\/v2\/media\/4899"}],"wp:attachment":[{"href":"https:\/\/blog.ccc.eu\/cz\/wp-json\/wp\/v2\/media?parent=4894"}],"wp:term":[{"taxonomy":"category","embeddable":true,"href":"https:\/\/blog.ccc.eu\/cz\/wp-json\/wp\/v2\/categories?post=4894"},{"taxonomy":"post_tag","embeddable":true,"href":"https:\/\/blog.ccc.eu\/cz\/wp-json\/wp\/v2\/tags?post=4894"}],"curies":[{"name":"wp","href":"https:\/\/api.w.org\/{rel}","templated":true}]}}