{"id":5059,"date":"2022-06-21T09:41:29","date_gmt":"2022-06-21T07:41:29","guid":{"rendered":"https:\/\/blog.ccc.eu\/cz\/?p=5059"},"modified":"2022-06-21T09:41:50","modified_gmt":"2022-06-21T07:41:50","slug":"espadrilky-stylova-a-univerzalni-letni-obuv","status":"publish","type":"post","link":"https:\/\/blog.ccc.eu\/cz\/espadrilky-stylova-a-univerzalni-letni-obuv\/","title":{"rendered":"Espadrilky \u2013 stylov\u00e1 a\u00a0univerz\u00e1ln\u00ed letn\u00ed obuv"},"content":{"rendered":"\n<p><strong>Jak\u00e9 by bylo l\u00e9to bez trendy bot? Zat\u00edmco v chladn\u011bj\u0161\u00edch ro\u010dn\u00edch obdob\u00edch, pozdn\u00edho podzimu a v tuh\u00e9 zim\u011b, pe\u010dujeme sp\u00ed\u0161e o teplo a pohodl\u00ed na\u0161ich nohou, b\u011bhem l\u00e9ta si m\u016f\u017eeme dovolit se v\u00edce vy\u0159\u00e1dit. Krom\u011b sand\u00e1l\u016f do m\u011bsta a pantofl\u00ed k vod\u011b doporu\u010dujeme zkusit i stylov\u00e9 espadrilky. Espadrilky se v 70. letech minul\u00e9ho stolet\u00ed staly hitem. Od t\u00e9 doby si bez t\u00e9to obuvi s jutovou podr\u00e1\u017ekovou, n\u011bkte\u0159\u00ed z n\u00e1s, l\u00e9to neum\u011bj\u00ed ani p\u0159edstavit. V \u010dl\u00e1nku se dozv\u00edte, jak espadrilky kombinovat a vytvo\u0159it perfektn\u00ed letn\u00ed outfit.<\/strong><\/p>\n\n\n\n<figure class=\"wp-block-image size-full\"><img loading=\"lazy\" decoding=\"async\" width=\"768\" height=\"768\" src=\"https:\/\/blog.ccc.eu\/cz\/wp-content\/uploads\/2022\/06\/96700652_735553120545714_7171221138581490136_n-768x768-1.jpg\" alt=\"\" class=\"wp-image-5060\" srcset=\"https:\/\/blog.ccc.eu\/cz\/wp-content\/uploads\/2022\/06\/96700652_735553120545714_7171221138581490136_n-768x768-1.jpg 768w, https:\/\/blog.ccc.eu\/cz\/wp-content\/uploads\/2022\/06\/96700652_735553120545714_7171221138581490136_n-768x768-1-300x300.jpg 300w, https:\/\/blog.ccc.eu\/cz\/wp-content\/uploads\/2022\/06\/96700652_735553120545714_7171221138581490136_n-768x768-1-150x150.jpg 150w, https:\/\/blog.ccc.eu\/cz\/wp-content\/uploads\/2022\/06\/96700652_735553120545714_7171221138581490136_n-768x768-1-100x100.jpg 100w\" sizes=\"auto, (max-width: 768px) 100vw, 768px\" \/><\/figure>\n\n\n\n<h2 class=\"wp-block-heading\"><strong>D\u00e1msk\u00e9 espadrilky \u2013 ide\u00e1ln\u00ed letn\u00ed obuv<\/strong><\/h2>\n\n\n\n<p>Nohy pot\u0159ebuj\u00ed d\u00fdchat. A o to v\u00edc, b\u011bhem tepl\u00e9ho obdob\u00ed. Espadrilky <strong>jsou na l\u00e9to ide\u00e1ln\u00ed<\/strong>, proto\u017ee jsou vzdu\u0161n\u00e9, lehk\u00e9 a p\u0159\u00edjemn\u00e9 na no\u0161en\u00ed. Sou\u010dasn\u011b V\u00e1m poskytuj\u00ed pohodl\u00ed, kter\u00e9 je p\u0159i chozen\u00ed v jak\u00e9koli obuvi tak velmi d\u016fle\u017eit\u00e9. Boty si v\u0161ak neobouv\u00e1me jen proto, abychom nechodili bos\u00ed. V p\u0159\u00edpad\u011b espadrilek se ur\u010dit\u011b nemus\u00edte ob\u00e1vat, \u017ee nenajdete stylov\u00fd a trendy kousek, kter\u00fd je na l\u00e9to jako stvo\u0159en\u00fd.<\/p>\n\n\n\n<p><strong>Espadrilky jsou vhodn\u00e9 pro ka\u017edodenn\u00ed no\u0161en\u00ed.<\/strong> Hod\u00ed se ke casual, sportovn\u00edm, ale tak\u00e9 elegantn\u011bj\u0161\u00edm outfit\u016fm. Zkuste je zkombinovat s <strong>d\u017e\u00ednov\u00fdmi \u0161ortkami a lehk\u00fdm topem<\/strong>. Tento jednoduch\u00fd a klasick\u00fd letn\u00ed outfit se hod\u00ed do hork\u00e9ho m\u011bsta i na pl\u00e1\u017e. V p\u0159\u00edpad\u011b, \u017ee si b\u011bhem nejteplej\u0161\u00edch m\u011bs\u00edc\u016f v roce \u201enebudete m\u00edt co obl\u00e9ct\u201c, tato kombinace v\u00e1s m\u016f\u017ee zachr\u00e1nit.<\/p>\n\n\n\n<p>D\u00e1msk\u00e9 espadrilky si m\u016f\u017eete klidn\u011b obl\u00e9knout i k \u0161at\u016fm nebo sukni. Hod\u00ed se zejm\u00e9na k t\u011bm krat\u0161\u00edm, po a nad kolena, rovn\u00e9mu nebo \u00e1\u010dkov\u00e9mu st\u0159ihu. Dob\u0159e vypad\u00e1 i kombinace espadrilek a d\u017e\u00ednov\u00fdch \u0161at\u016f. Spojen\u00ed pohodln\u00fdch, trendy espadrilek a voln\u00fdch \u0161at\u016f je obl\u00edben\u00e9 zejm\u00e9na na dovolen\u00fdch.<\/p>\n\n\n\n<p><\/p>\n\n\n\n<shortcode prop-category=\"Espadrilky\" prop-gender=\"D\u00e1mske\" prop-load-num=\"12\" prop-display-num=\"4\" prop-sku=\"5904248488543, 5904248396015, 5904248495893, 5904248552046, 5903698541198, 5904248765088, 5904248554088\" prop-view=\"slider\"><\/shortcode>        <div\r\n            class=\"eob-pf-shortcode\"\r\n            id=\"eobpf69f29489e6121\"\r\n        >\r\n            <shortcode prop-category=\"Espadrilky\" prop-gender=\"D\u00e1mske\" prop-load-num=\"12\" prop-display-num=\"4\" prop-sku=\"5904248488543, 5904248396015, 5904248495893, 5904248552046, 5903698541198, 5904248765088, 5904248554088\" prop-view=\"slider\"><\/shortcode>        <\/div>\r\n\t\t<script>\r\n\t\t\tjQuery(document).ready(() => {\r\n\t\t\t    const root = document.getElementById('eobpf69f29489e6121');\r\n                Vue.createApp({\r\n\t                components: {\r\n\t                    shortcode\r\n\t                }\r\n                }).mount(root);\r\n\t\t\t});\r\n\t\t<\/script>\r\n\t\t\r\n\t\t\n\n\n\n<p><\/p>\n\n\n\n<h2 class=\"wp-block-heading\"><strong>B\u00edl\u00e9 espadrilky jsou v&nbsp;d\u00e1msk\u00e9m \u0161atn\u00edku \u201emust have\u201c<\/strong><\/h2>\n\n\n\n<p><strong>B\u00edl\u00e1 je ide\u00e1ln\u00ed barva na l\u00e9to<\/strong>. Odr\u00e1\u017e\u00ed sv\u011btlo a na sluncem pol\u00edben\u00e9 poko\u017ece vypad\u00e1 n\u00e1dhern\u011b. Vyzkou\u0161ejte <strong>sladit b\u00edl\u00e9 espadrilky ke sv\u011btl\u00fdm a vzdu\u0161n\u00fdm \u0161at\u016fm<\/strong>. Vytvo\u0159\u00edte tak monochromatick\u00fd outfit \u2013 t\u00f3n v t\u00f3nu. <strong>B\u00edl\u00e9 espadrilky se skv\u011ble hod\u00ed k d\u017e\u00ednovin\u011b<\/strong>, d\u017e\u00ednov\u00e9 sukni, kra\u0165as\u016fm i k dlouh\u00fdm d\u017e\u00edn\u016fm. Pokud zkombinujete b\u00edl\u00e9 espadrilky, \u0161aty a d\u017e\u00ednovou bundou, vytvo\u0159\u00edte ide\u00e1ln\u00ed outfit, vhodn\u00fd na ve\u010dern\u00ed proch\u00e1zku m\u011bstem nebo rande.<\/p>\n\n\n\n<h2 class=\"wp-block-heading\"><strong>Espadrilky na platform\u011b \u2013 trendy bod letn\u00edho outfitu<\/strong><\/h2>\n\n\n\n<p>R\u00e1di se po sv\u011bt\u011b p\u0159ech\u00e1z\u00edte na vysok\u00e9 noze? Sand\u00e1ly m\u016f\u017eete ob\u010das vym\u011bnit za espadrilky a p\u00e1r centimetr\u016f nav\u00edc se nemus\u00edte vzd\u00e1t ani v tomto p\u0159\u00edpad\u011b. Espadrilky na platform\u011b <strong>jsou skv\u011bl\u00e9 k letn\u00edm kv\u011btovan\u00fdm \u0161at\u016fm i k voln\u00fdm kalhot\u00e1m<\/strong>. V p\u0159\u00edpad\u011b kombinace espadrilek a \u0161at\u016f \u010di sukn\u011b vytvo\u0159\u00edte fit vhodn\u00fd pro ka\u017edou letn\u00ed p\u00e1rty. Vyzkou\u0161ejte je doplnit ke kra\u0165as\u016fm s vysok\u00fdm pasem nebo rifl\u00edm a vkusn\u00e1, sportovn\u011b-elegantn\u00ed kombinace je na sv\u011bt\u011b.<\/p>\n\n\n\n<shortcode prop-category=\"Espadrilky\" prop-gender=\"D\u00e1mske\" prop-sole-type=\"Platforma\" prop-load-num=\"12\" prop-display-num=\"4\" prop-sku=\"5904248431815, 5904248434021, 5904248543907, 5904248747251, 5903698541228, 5903698467801, 5904248765088\" prop-view=\"slider\"><\/shortcode>        <div\r\n            class=\"eob-pf-shortcode\"\r\n            id=\"eobpf69f29489e6221\"\r\n        >\r\n            <shortcode prop-category=\"Espadrilky\" prop-gender=\"D\u00e1mske\" prop-sole-type=\"Platforma\" prop-load-num=\"12\" prop-display-num=\"4\" prop-sku=\"5904248431815, 5904248434021, 5904248543907, 5904248747251, 5903698541228, 5903698467801, 5904248765088\" prop-view=\"slider\"><\/shortcode>        <\/div>\r\n\t\t<script>\r\n\t\t\tjQuery(document).ready(() => {\r\n\t\t\t    const root = document.getElementById('eobpf69f29489e6221');\r\n                Vue.createApp({\r\n\t                components: {\r\n\t                    shortcode\r\n\t                }\r\n                }).mount(root);\r\n\t\t\t});\r\n\t\t<\/script>\r\n\t\t\r\n\t\t\n\n\n\n<p><\/p>\n\n\n\n<h2 class=\"wp-block-heading\"><strong>\u010cern\u00e9 espadrilky \u2013 univerz\u00e1ln\u00ed boty, vhodn\u00e9 ke v\u0161emu<\/strong><\/h2>\n\n\n\n<p>\u010cern\u00e1 nest\u00e1rne. Plat\u00ed to i v p\u0159\u00edpad\u011b obuvi a espadrilek. \u010cern\u00e9 espadrilky vynos\u00edte krom\u011b l\u00e9ta i b\u011bhem tepl\u00e9ho jara \u010di podzimu. Jsou to pro V\u00e1s ide\u00e1ln\u00ed boty, preferujete-li ladit jeden p\u00e1r obuvi k v\u00edce outfit\u016fm a p\u0159\u00edle\u017eitostem. <strong>\u010cern\u00e9 espadrilky se hod\u00ed prakticky ke v\u0161emu.<\/strong><\/p>\n\n\n\n<p>Espadrilky jsou v\u011bt\u0161inou vyrobeny z p\u0159\u00edrodn\u00ed bavlny, ale m\u016f\u017eete je objevit i v jin\u00fdch materi\u00e1lech. Nap\u0159\u00edklad p\u0159\u00edrodn\u00ed ko\u017een\u00e9 espadrilky nebo espadrilky z eko k\u016f\u017ee.<\/p>\n\n\n\n<h2 class=\"wp-block-heading\"><strong>Pro\u010d byste m\u011bli vlastnit alespo\u0148 jedny espadrilky?<\/strong><\/h2>\n\n\n\n<p>Jsou to boty vhodn\u00e9 do kr\u00e1sn\u00e9ho letn\u00edho po\u010das\u00ed, ale tak\u00e9 do p\u0159echodn\u00fdch obdob\u00ed, jara a podzimu. <strong>Espadrilky lze snadno zkombinovat k Va\u0161emu b\u011b\u017en\u00e9mu a ka\u017edodenn\u00edmu outfitu<\/strong>, k d\u017e\u00edn\u016fm, kra\u0165as\u016fm a tri\u010dku, stejn\u011b k \u0161at\u016fm a sukni. Zejm\u00e9na espadrilky na platform\u011b se perfektn\u011b hod\u00ed k letn\u00edm \u0161at\u016fm. Jsou univerz\u00e1ln\u00ed, trendy a praktick\u00e9. Pokud je je\u0161t\u011b nem\u00e1te v \u0161atn\u00edku, u n\u00e1s v CCC ur\u010dit\u011b najdete ty sv\u00e9.<\/p>\n","protected":false},"excerpt":{"rendered":"<p>Jak\u00e9 by bylo l\u00e9to bez trendy bot? Zat\u00edmco v chladn\u011bj\u0161\u00edch ro\u010dn\u00edch obdob\u00edch, pozdn\u00edho podzimu a v tuh\u00e9 zim\u011b, pe\u010dujeme sp\u00ed\u0161e o teplo a pohodl\u00ed na\u0161ich nohou, b\u011bhem l\u00e9ta si m\u016f\u017eeme dovolit se v\u00edce vy\u0159\u00e1dit. Krom\u011b sand\u00e1l\u016f do m\u011bsta a pantofl\u00ed k vod\u011b doporu\u010dujeme zkusit i stylov\u00e9 espadrilky. Espadrilky se v 70. letech minul\u00e9ho stolet\u00ed staly [&hellip;]<\/p>\n","protected":false},"author":12,"featured_media":5061,"comment_status":"open","ping_status":"open","sticky":false,"template":"","format":"standard","meta":{"_acf_changed":false,"footnotes":""},"categories":[6],"tags":[594,704,701,702,703],"class_list":["post-5059","post","type-post","status-publish","format-standard","has-post-thumbnail","hentry","category-trendy","tag-damske-boty","tag-espadrilky","tag-letni-boty","tag-leto","tag-univerzalni-boty"],"acf":[],"yoast_head":"<!-- This site is optimized with the Yoast SEO plugin v26.9 - https:\/\/yoast.com\/product\/yoast-seo-wordpress\/ -->\n<title>Espadrilky \u2013 stylov\u00e1 a\u00a0univerz\u00e1ln\u00ed letn\u00ed obuv - blog.ccc.eu\/cz<\/title>\n<meta name=\"description\" content=\"Espadrilky jsou ide\u00e1ln\u00ed obuv na l\u00e9to, hod\u00ed se do m\u011bstsk\u00fdch ulic i na rande. Dopl\u0148te espadrilky k Va\u0161emu obl\u00edben\u00e9mu letn\u00edmu outfitu a vykro\u010dte sm\u011ble do sv\u011bta. 2026\" \/>\n<meta name=\"robots\" content=\"index, follow, max-snippet:-1, max-image-preview:large, max-video-preview:-1\" \/>\n<link rel=\"canonical\" href=\"https:\/\/blog.ccc.eu\/cz\/espadrilky-stylova-a-univerzalni-letni-obuv\/\" \/>\n<meta property=\"og:locale\" content=\"cs_CZ\" \/>\n<meta property=\"og:type\" content=\"article\" \/>\n<meta property=\"og:title\" content=\"Espadrilky \u2013 stylov\u00e1 a\u00a0univerz\u00e1ln\u00ed letn\u00ed obuv - blog.ccc.eu\/cz\" \/>\n<meta property=\"og:description\" content=\"Espadrilky jsou ide\u00e1ln\u00ed obuv na l\u00e9to, hod\u00ed se do m\u011bstsk\u00fdch ulic i na rande. Dopl\u0148te espadrilky k Va\u0161emu obl\u00edben\u00e9mu letn\u00edmu outfitu a vykro\u010dte sm\u011ble do sv\u011bta.\" \/>\n<meta property=\"og:url\" content=\"https:\/\/blog.ccc.eu\/cz\/espadrilky-stylova-a-univerzalni-letni-obuv\/\" \/>\n<meta property=\"og:site_name\" content=\"blog.ccc.eu\/cz\" \/>\n<meta property=\"article:published_time\" content=\"2022-06-21T07:41:29+00:00\" \/>\n<meta property=\"article:modified_time\" content=\"2022-06-21T07:41:50+00:00\" \/>\n<meta property=\"og:image\" content=\"https:\/\/blog.ccc.eu\/cz\/wp-content\/uploads\/2022\/06\/94707189_559755358015317_5326028400023516789_n-768x768-1.jpg\" \/>\n\t<meta property=\"og:image:width\" content=\"768\" \/>\n\t<meta property=\"og:image:height\" content=\"768\" \/>\n\t<meta property=\"og:image:type\" content=\"image\/jpeg\" \/>\n<meta name=\"author\" content=\"Lena\" \/>\n<meta name=\"twitter:card\" content=\"summary_large_image\" \/>\n<meta name=\"twitter:label1\" content=\"Napsal(a)\" \/>\n\t<meta name=\"twitter:data1\" content=\"Lena\" \/>\n\t<meta name=\"twitter:label2\" content=\"Odhadovan\u00e1 doba \u010dten\u00ed\" \/>\n\t<meta name=\"twitter:data2\" content=\"4 minuty\" \/>\n<script type=\"application\/ld+json\" class=\"yoast-schema-graph\">{\"@context\":\"https:\/\/schema.org\",\"@graph\":[{\"@type\":\"Article\",\"@id\":\"https:\/\/blog.ccc.eu\/cz\/espadrilky-stylova-a-univerzalni-letni-obuv\/#article\",\"isPartOf\":{\"@id\":\"https:\/\/blog.ccc.eu\/cz\/espadrilky-stylova-a-univerzalni-letni-obuv\/\"},\"author\":{\"name\":\"Lena\",\"@id\":\"https:\/\/blog.ccc.eu\/cz\/#\/schema\/person\/6d50a49f9c84d32a489180be7a29155d\"},\"headline\":\"Espadrilky \u2013 stylov\u00e1 a\u00a0univerz\u00e1ln\u00ed letn\u00ed obuv\",\"datePublished\":\"2022-06-21T07:41:29+00:00\",\"dateModified\":\"2022-06-21T07:41:50+00:00\",\"mainEntityOfPage\":{\"@id\":\"https:\/\/blog.ccc.eu\/cz\/espadrilky-stylova-a-univerzalni-letni-obuv\/\"},\"wordCount\":806,\"commentCount\":0,\"publisher\":{\"@id\":\"https:\/\/blog.ccc.eu\/cz\/#organization\"},\"image\":{\"@id\":\"https:\/\/blog.ccc.eu\/cz\/espadrilky-stylova-a-univerzalni-letni-obuv\/#primaryimage\"},\"thumbnailUrl\":\"https:\/\/blog.ccc.eu\/cz\/wp-content\/uploads\/2022\/06\/94707189_559755358015317_5326028400023516789_n-768x768-1.jpg\",\"keywords\":[\"D\u00e1msk\u00e9 boty\",\"espadrilky\",\"letn\u00ed boty\",\"l\u00e9to\",\"univerz\u00e1ln\u00ed boty\"],\"articleSection\":[\"TRENDY\"],\"inLanguage\":\"cs\",\"potentialAction\":[{\"@type\":\"CommentAction\",\"name\":\"Comment\",\"target\":[\"https:\/\/blog.ccc.eu\/cz\/espadrilky-stylova-a-univerzalni-letni-obuv\/#respond\"]}]},{\"@type\":\"WebPage\",\"@id\":\"https:\/\/blog.ccc.eu\/cz\/espadrilky-stylova-a-univerzalni-letni-obuv\/\",\"url\":\"https:\/\/blog.ccc.eu\/cz\/espadrilky-stylova-a-univerzalni-letni-obuv\/\",\"name\":\"Espadrilky \u2013 stylov\u00e1 a\u00a0univerz\u00e1ln\u00ed letn\u00ed obuv - blog.ccc.eu\/cz\",\"isPartOf\":{\"@id\":\"https:\/\/blog.ccc.eu\/cz\/#website\"},\"primaryImageOfPage\":{\"@id\":\"https:\/\/blog.ccc.eu\/cz\/espadrilky-stylova-a-univerzalni-letni-obuv\/#primaryimage\"},\"image\":{\"@id\":\"https:\/\/blog.ccc.eu\/cz\/espadrilky-stylova-a-univerzalni-letni-obuv\/#primaryimage\"},\"thumbnailUrl\":\"https:\/\/blog.ccc.eu\/cz\/wp-content\/uploads\/2022\/06\/94707189_559755358015317_5326028400023516789_n-768x768-1.jpg\",\"datePublished\":\"2022-06-21T07:41:29+00:00\",\"dateModified\":\"2022-06-21T07:41:50+00:00\",\"description\":\"Espadrilky jsou ide\u00e1ln\u00ed obuv na l\u00e9to, hod\u00ed se do m\u011bstsk\u00fdch ulic i na rande. Dopl\u0148te espadrilky k Va\u0161emu obl\u00edben\u00e9mu letn\u00edmu outfitu a vykro\u010dte sm\u011ble do sv\u011bta.\",\"breadcrumb\":{\"@id\":\"https:\/\/blog.ccc.eu\/cz\/espadrilky-stylova-a-univerzalni-letni-obuv\/#breadcrumb\"},\"inLanguage\":\"cs\",\"potentialAction\":[{\"@type\":\"ReadAction\",\"target\":[\"https:\/\/blog.ccc.eu\/cz\/espadrilky-stylova-a-univerzalni-letni-obuv\/\"]}]},{\"@type\":\"ImageObject\",\"inLanguage\":\"cs\",\"@id\":\"https:\/\/blog.ccc.eu\/cz\/espadrilky-stylova-a-univerzalni-letni-obuv\/#primaryimage\",\"url\":\"https:\/\/blog.ccc.eu\/cz\/wp-content\/uploads\/2022\/06\/94707189_559755358015317_5326028400023516789_n-768x768-1.jpg\",\"contentUrl\":\"https:\/\/blog.ccc.eu\/cz\/wp-content\/uploads\/2022\/06\/94707189_559755358015317_5326028400023516789_n-768x768-1.jpg\",\"width\":768,\"height\":768,\"caption\":\"R\u016f\u017eov\u00e9 tenisky\"},{\"@type\":\"BreadcrumbList\",\"@id\":\"https:\/\/blog.ccc.eu\/cz\/espadrilky-stylova-a-univerzalni-letni-obuv\/#breadcrumb\",\"itemListElement\":[{\"@type\":\"ListItem\",\"position\":1,\"name\":\"Strona g\u0142\u00f3wna\",\"item\":\"https:\/\/blog.ccc.eu\/cz\/\"},{\"@type\":\"ListItem\",\"position\":2,\"name\":\"Espadrilky \u2013 stylov\u00e1 a\u00a0univerz\u00e1ln\u00ed letn\u00ed obuv\"}]},{\"@type\":\"WebSite\",\"@id\":\"https:\/\/blog.ccc.eu\/cz\/#website\",\"url\":\"https:\/\/blog.ccc.eu\/cz\/\",\"name\":\"blog.ccc.eu\/cz\",\"description\":\"Va\u0161e m\u00edsto pln\u00e9 m\u00f3dn\u00edch inspirac\u00ed\",\"publisher\":{\"@id\":\"https:\/\/blog.ccc.eu\/cz\/#organization\"},\"potentialAction\":[{\"@type\":\"SearchAction\",\"target\":{\"@type\":\"EntryPoint\",\"urlTemplate\":\"https:\/\/blog.ccc.eu\/cz\/?s={search_term_string}\"},\"query-input\":{\"@type\":\"PropertyValueSpecification\",\"valueRequired\":true,\"valueName\":\"search_term_string\"}}],\"inLanguage\":\"cs\"},{\"@type\":\"Organization\",\"@id\":\"https:\/\/blog.ccc.eu\/cz\/#organization\",\"name\":\"CCC S.A.\",\"url\":\"https:\/\/blog.ccc.eu\/cz\/\",\"logo\":{\"@type\":\"ImageObject\",\"inLanguage\":\"cs\",\"@id\":\"https:\/\/blog.ccc.eu\/cz\/#\/schema\/logo\/image\/\",\"url\":\"https:\/\/blog.ccc.eu\/cz\/wp-content\/uploads\/2021\/11\/logo_ccc.png\",\"contentUrl\":\"https:\/\/blog.ccc.eu\/cz\/wp-content\/uploads\/2021\/11\/logo_ccc.png\",\"width\":730,\"height\":270,\"caption\":\"CCC S.A.\"},\"image\":{\"@id\":\"https:\/\/blog.ccc.eu\/cz\/#\/schema\/logo\/image\/\"}},{\"@type\":\"Person\",\"@id\":\"https:\/\/blog.ccc.eu\/cz\/#\/schema\/person\/6d50a49f9c84d32a489180be7a29155d\",\"name\":\"Lena\",\"image\":{\"@type\":\"ImageObject\",\"inLanguage\":\"cs\",\"@id\":\"https:\/\/blog.ccc.eu\/cz\/#\/schema\/person\/image\/\",\"url\":\"https:\/\/blog.ccc.eu\/cz\/wp-content\/uploads\/2022\/06\/MicrosoftTeams-image-2-100x100.jpg\",\"contentUrl\":\"https:\/\/blog.ccc.eu\/cz\/wp-content\/uploads\/2022\/06\/MicrosoftTeams-image-2-100x100.jpg\",\"caption\":\"Lena\"},\"description\":\"Absolventka digit\u00e1ln\u00edho marketingu se zku\u0161enostmi s obsahov\u00fdm marketingem a (velmi p\u0159ekvapiv\u011b) copywritingem. Ve voln\u00e9m \u010dase r\u00e1da nos\u00ed platformy a sna\u017e\u00ed se vyva\u017eovat n\u00e1kupy ve fast-fashion \u0159et\u011bzc\u00edch, swapov\u00e1n\u00edm.\",\"url\":\"https:\/\/blog.ccc.eu\/cz\/author\/katarzyna-kostygin\/\"}]}<\/script>\n<!-- \/ Yoast SEO plugin. -->","yoast_head_json":{"title":"Espadrilky \u2013 stylov\u00e1 a\u00a0univerz\u00e1ln\u00ed letn\u00ed obuv - blog.ccc.eu\/cz","description":"Espadrilky jsou ide\u00e1ln\u00ed obuv na l\u00e9to, hod\u00ed se do m\u011bstsk\u00fdch ulic i na rande. Dopl\u0148te espadrilky k Va\u0161emu obl\u00edben\u00e9mu letn\u00edmu outfitu a vykro\u010dte sm\u011ble do sv\u011bta. 2026","robots":{"index":"index","follow":"follow","max-snippet":"max-snippet:-1","max-image-preview":"max-image-preview:large","max-video-preview":"max-video-preview:-1"},"canonical":"https:\/\/blog.ccc.eu\/cz\/espadrilky-stylova-a-univerzalni-letni-obuv\/","og_locale":"cs_CZ","og_type":"article","og_title":"Espadrilky \u2013 stylov\u00e1 a\u00a0univerz\u00e1ln\u00ed letn\u00ed obuv - blog.ccc.eu\/cz","og_description":"Espadrilky jsou ide\u00e1ln\u00ed obuv na l\u00e9to, hod\u00ed se do m\u011bstsk\u00fdch ulic i na rande. Dopl\u0148te espadrilky k Va\u0161emu obl\u00edben\u00e9mu letn\u00edmu outfitu a vykro\u010dte sm\u011ble do sv\u011bta.","og_url":"https:\/\/blog.ccc.eu\/cz\/espadrilky-stylova-a-univerzalni-letni-obuv\/","og_site_name":"blog.ccc.eu\/cz","article_published_time":"2022-06-21T07:41:29+00:00","article_modified_time":"2022-06-21T07:41:50+00:00","og_image":[{"width":768,"height":768,"url":"https:\/\/blog.ccc.eu\/cz\/wp-content\/uploads\/2022\/06\/94707189_559755358015317_5326028400023516789_n-768x768-1.jpg","type":"image\/jpeg"}],"author":"Lena","twitter_card":"summary_large_image","twitter_misc":{"Napsal(a)":"Lena","Odhadovan\u00e1 doba \u010dten\u00ed":"4 minuty"},"schema":{"@context":"https:\/\/schema.org","@graph":[{"@type":"Article","@id":"https:\/\/blog.ccc.eu\/cz\/espadrilky-stylova-a-univerzalni-letni-obuv\/#article","isPartOf":{"@id":"https:\/\/blog.ccc.eu\/cz\/espadrilky-stylova-a-univerzalni-letni-obuv\/"},"author":{"name":"Lena","@id":"https:\/\/blog.ccc.eu\/cz\/#\/schema\/person\/6d50a49f9c84d32a489180be7a29155d"},"headline":"Espadrilky \u2013 stylov\u00e1 a\u00a0univerz\u00e1ln\u00ed letn\u00ed obuv","datePublished":"2022-06-21T07:41:29+00:00","dateModified":"2022-06-21T07:41:50+00:00","mainEntityOfPage":{"@id":"https:\/\/blog.ccc.eu\/cz\/espadrilky-stylova-a-univerzalni-letni-obuv\/"},"wordCount":806,"commentCount":0,"publisher":{"@id":"https:\/\/blog.ccc.eu\/cz\/#organization"},"image":{"@id":"https:\/\/blog.ccc.eu\/cz\/espadrilky-stylova-a-univerzalni-letni-obuv\/#primaryimage"},"thumbnailUrl":"https:\/\/blog.ccc.eu\/cz\/wp-content\/uploads\/2022\/06\/94707189_559755358015317_5326028400023516789_n-768x768-1.jpg","keywords":["D\u00e1msk\u00e9 boty","espadrilky","letn\u00ed boty","l\u00e9to","univerz\u00e1ln\u00ed boty"],"articleSection":["TRENDY"],"inLanguage":"cs","potentialAction":[{"@type":"CommentAction","name":"Comment","target":["https:\/\/blog.ccc.eu\/cz\/espadrilky-stylova-a-univerzalni-letni-obuv\/#respond"]}]},{"@type":"WebPage","@id":"https:\/\/blog.ccc.eu\/cz\/espadrilky-stylova-a-univerzalni-letni-obuv\/","url":"https:\/\/blog.ccc.eu\/cz\/espadrilky-stylova-a-univerzalni-letni-obuv\/","name":"Espadrilky \u2013 stylov\u00e1 a\u00a0univerz\u00e1ln\u00ed letn\u00ed obuv - blog.ccc.eu\/cz","isPartOf":{"@id":"https:\/\/blog.ccc.eu\/cz\/#website"},"primaryImageOfPage":{"@id":"https:\/\/blog.ccc.eu\/cz\/espadrilky-stylova-a-univerzalni-letni-obuv\/#primaryimage"},"image":{"@id":"https:\/\/blog.ccc.eu\/cz\/espadrilky-stylova-a-univerzalni-letni-obuv\/#primaryimage"},"thumbnailUrl":"https:\/\/blog.ccc.eu\/cz\/wp-content\/uploads\/2022\/06\/94707189_559755358015317_5326028400023516789_n-768x768-1.jpg","datePublished":"2022-06-21T07:41:29+00:00","dateModified":"2022-06-21T07:41:50+00:00","description":"Espadrilky jsou ide\u00e1ln\u00ed obuv na l\u00e9to, hod\u00ed se do m\u011bstsk\u00fdch ulic i na rande. Dopl\u0148te espadrilky k Va\u0161emu obl\u00edben\u00e9mu letn\u00edmu outfitu a vykro\u010dte sm\u011ble do sv\u011bta.","breadcrumb":{"@id":"https:\/\/blog.ccc.eu\/cz\/espadrilky-stylova-a-univerzalni-letni-obuv\/#breadcrumb"},"inLanguage":"cs","potentialAction":[{"@type":"ReadAction","target":["https:\/\/blog.ccc.eu\/cz\/espadrilky-stylova-a-univerzalni-letni-obuv\/"]}]},{"@type":"ImageObject","inLanguage":"cs","@id":"https:\/\/blog.ccc.eu\/cz\/espadrilky-stylova-a-univerzalni-letni-obuv\/#primaryimage","url":"https:\/\/blog.ccc.eu\/cz\/wp-content\/uploads\/2022\/06\/94707189_559755358015317_5326028400023516789_n-768x768-1.jpg","contentUrl":"https:\/\/blog.ccc.eu\/cz\/wp-content\/uploads\/2022\/06\/94707189_559755358015317_5326028400023516789_n-768x768-1.jpg","width":768,"height":768,"caption":"R\u016f\u017eov\u00e9 tenisky"},{"@type":"BreadcrumbList","@id":"https:\/\/blog.ccc.eu\/cz\/espadrilky-stylova-a-univerzalni-letni-obuv\/#breadcrumb","itemListElement":[{"@type":"ListItem","position":1,"name":"Strona g\u0142\u00f3wna","item":"https:\/\/blog.ccc.eu\/cz\/"},{"@type":"ListItem","position":2,"name":"Espadrilky \u2013 stylov\u00e1 a\u00a0univerz\u00e1ln\u00ed letn\u00ed obuv"}]},{"@type":"WebSite","@id":"https:\/\/blog.ccc.eu\/cz\/#website","url":"https:\/\/blog.ccc.eu\/cz\/","name":"blog.ccc.eu\/cz","description":"Va\u0161e m\u00edsto pln\u00e9 m\u00f3dn\u00edch inspirac\u00ed","publisher":{"@id":"https:\/\/blog.ccc.eu\/cz\/#organization"},"potentialAction":[{"@type":"SearchAction","target":{"@type":"EntryPoint","urlTemplate":"https:\/\/blog.ccc.eu\/cz\/?s={search_term_string}"},"query-input":{"@type":"PropertyValueSpecification","valueRequired":true,"valueName":"search_term_string"}}],"inLanguage":"cs"},{"@type":"Organization","@id":"https:\/\/blog.ccc.eu\/cz\/#organization","name":"CCC S.A.","url":"https:\/\/blog.ccc.eu\/cz\/","logo":{"@type":"ImageObject","inLanguage":"cs","@id":"https:\/\/blog.ccc.eu\/cz\/#\/schema\/logo\/image\/","url":"https:\/\/blog.ccc.eu\/cz\/wp-content\/uploads\/2021\/11\/logo_ccc.png","contentUrl":"https:\/\/blog.ccc.eu\/cz\/wp-content\/uploads\/2021\/11\/logo_ccc.png","width":730,"height":270,"caption":"CCC S.A."},"image":{"@id":"https:\/\/blog.ccc.eu\/cz\/#\/schema\/logo\/image\/"}},{"@type":"Person","@id":"https:\/\/blog.ccc.eu\/cz\/#\/schema\/person\/6d50a49f9c84d32a489180be7a29155d","name":"Lena","image":{"@type":"ImageObject","inLanguage":"cs","@id":"https:\/\/blog.ccc.eu\/cz\/#\/schema\/person\/image\/","url":"https:\/\/blog.ccc.eu\/cz\/wp-content\/uploads\/2022\/06\/MicrosoftTeams-image-2-100x100.jpg","contentUrl":"https:\/\/blog.ccc.eu\/cz\/wp-content\/uploads\/2022\/06\/MicrosoftTeams-image-2-100x100.jpg","caption":"Lena"},"description":"Absolventka digit\u00e1ln\u00edho marketingu se zku\u0161enostmi s obsahov\u00fdm marketingem a (velmi p\u0159ekvapiv\u011b) copywritingem. Ve voln\u00e9m \u010dase r\u00e1da nos\u00ed platformy a sna\u017e\u00ed se vyva\u017eovat n\u00e1kupy ve fast-fashion \u0159et\u011bzc\u00edch, swapov\u00e1n\u00edm.","url":"https:\/\/blog.ccc.eu\/cz\/author\/katarzyna-kostygin\/"}]}},"_links":{"self":[{"href":"https:\/\/blog.ccc.eu\/cz\/wp-json\/wp\/v2\/posts\/5059","targetHints":{"allow":["GET"]}}],"collection":[{"href":"https:\/\/blog.ccc.eu\/cz\/wp-json\/wp\/v2\/posts"}],"about":[{"href":"https:\/\/blog.ccc.eu\/cz\/wp-json\/wp\/v2\/types\/post"}],"author":[{"embeddable":true,"href":"https:\/\/blog.ccc.eu\/cz\/wp-json\/wp\/v2\/users\/12"}],"replies":[{"embeddable":true,"href":"https:\/\/blog.ccc.eu\/cz\/wp-json\/wp\/v2\/comments?post=5059"}],"version-history":[{"count":2,"href":"https:\/\/blog.ccc.eu\/cz\/wp-json\/wp\/v2\/posts\/5059\/revisions"}],"predecessor-version":[{"id":5063,"href":"https:\/\/blog.ccc.eu\/cz\/wp-json\/wp\/v2\/posts\/5059\/revisions\/5063"}],"wp:featuredmedia":[{"embeddable":true,"href":"https:\/\/blog.ccc.eu\/cz\/wp-json\/wp\/v2\/media\/5061"}],"wp:attachment":[{"href":"https:\/\/blog.ccc.eu\/cz\/wp-json\/wp\/v2\/media?parent=5059"}],"wp:term":[{"taxonomy":"category","embeddable":true,"href":"https:\/\/blog.ccc.eu\/cz\/wp-json\/wp\/v2\/categories?post=5059"},{"taxonomy":"post_tag","embeddable":true,"href":"https:\/\/blog.ccc.eu\/cz\/wp-json\/wp\/v2\/tags?post=5059"}],"curies":[{"name":"wp","href":"https:\/\/api.w.org\/{rel}","templated":true}]}}