{"id":5080,"date":"2022-06-27T15:10:10","date_gmt":"2022-06-27T13:10:10","guid":{"rendered":"https:\/\/blog.ccc.eu\/cz\/?p=5080"},"modified":"2023-02-13T16:15:50","modified_gmt":"2023-02-13T15:15:50","slug":"jak-se-oblekat-ve-stylu-80-let","status":"publish","type":"post","link":"https:\/\/blog.ccc.eu\/cz\/jak-se-oblekat-ve-stylu-80-let\/","title":{"rendered":"Jak se obl\u00e9kat ve stylu 80. let?"},"content":{"rendered":"\n<p><b>Ramenn\u00ed vycp\u00e1vky, trval\u00e9, disco koule, neon, mini d\u017e\u00ednov\u00e9 \u0161ortky, aerobik &nbsp;a ko\u017een\u00e9 bundy. &nbsp;<strong>Jak\u00e9 dal\u0161\u00ed trendy jsou spojeny s m\u00f3dou 80. let? <\/strong>&nbsp;<strong>Pokud se chyst\u00e1te na retro p\u00e1rty, zaj\u00edm\u00e1te se o uplynul\u00e1 m\u00f3dn\u00ed desetilet\u00ed nebo jen hled\u00e1te novou inspiraci, m\u00e1me pro v\u00e1s dobrou zpr\u00e1vu. <\/strong>&nbsp;<strong>To v\u0161e a mnohem v\u00edce najdete v tomto \u010dl\u00e1nku. <\/strong><strong><\/strong><\/b><\/p>\n\n\n\n<figure class=\"wp-block-gallery has-nested-images columns-default is-cropped wp-block-gallery-1 is-layout-flex wp-block-gallery-is-layout-flex\">\n<figure class=\"wp-block-image size-large\"><img loading=\"lazy\" decoding=\"async\" width=\"1024\" height=\"683\" data-id=\"5081\" src=\"https:\/\/blog.ccc.eu\/cz\/wp-content\/uploads\/2022\/06\/CA_SPRANDI_AW21_org_Remi_Lamande_jpg48-1024x683.jpg\" alt=\"\" class=\"wp-image-5081\" srcset=\"https:\/\/blog.ccc.eu\/cz\/wp-content\/uploads\/2022\/06\/CA_SPRANDI_AW21_org_Remi_Lamande_jpg48-1024x683.jpg 1024w, https:\/\/blog.ccc.eu\/cz\/wp-content\/uploads\/2022\/06\/CA_SPRANDI_AW21_org_Remi_Lamande_jpg48-300x200.jpg 300w, https:\/\/blog.ccc.eu\/cz\/wp-content\/uploads\/2022\/06\/CA_SPRANDI_AW21_org_Remi_Lamande_jpg48-768x512.jpg 768w, https:\/\/blog.ccc.eu\/cz\/wp-content\/uploads\/2022\/06\/CA_SPRANDI_AW21_org_Remi_Lamande_jpg48-1536x1024.jpg 1536w, https:\/\/blog.ccc.eu\/cz\/wp-content\/uploads\/2022\/06\/CA_SPRANDI_AW21_org_Remi_Lamande_jpg48-2048x1365.jpg 2048w, https:\/\/blog.ccc.eu\/cz\/wp-content\/uploads\/2022\/06\/CA_SPRANDI_AW21_org_Remi_Lamande_jpg48-100x67.jpg 100w\" sizes=\"auto, (max-width: 1024px) 100vw, 1024px\" \/><\/figure>\n<\/figure>\n\n\n\n<h2 class=\"wp-block-heading\"><strong>M\u00f3da 80. let \u2013 charakteristika stylu<\/strong><\/h2>\n\n\n\n<p>M\u00f3da ur\u010dit\u011b nen\u00ed nem\u011bn\u00edc\u00ed se a st\u00e1l\u00e1. Je <strong>cyklick\u00e1 a st\u00e1le se vrac\u00ed ve vln\u00e1ch. <\/strong>&nbsp;Krom\u011b&nbsp; n\u00e1vratu minul\u00fdch popul\u00e1rn\u00edch kousk\u016f s sebou nov\u00e1 vlna p\u0159inese i n\u011bco nov\u00e9ho. Kombinace nov\u00e9ho a star\u00e9ho vytvo\u0159\u00ed zcela nov\u00fd trend.&nbsp; Nap\u0159\u00edklad takov\u00e9 <strong>rovn\u00e9 d\u017e\u00edny s vysok\u00fdm pasem<\/strong> nebo <strong>&#8222;mom jeans&#8220;.<\/strong> &nbsp;Tyhle v\u0161echny trendy byly popul\u00e1rn\u00ed v 70. a 80. letech, stejn\u011b jako, s mal\u00fdmi \u00fapravami, jsou in dnes. U mnoha kus\u016f oble\u010den\u00ed nem\u016f\u017eeme ani p\u0159esn\u011b ur\u010dit, zda je to &#8222;minulost&#8220;, retro nebo aktualizovan\u00fd kousek s prvky star\u00e9ho trendu.<\/p>\n\n\n\n<p>M\u00e9n\u011b je n\u011bkdy v\u00edce. Nicm\u00e9n\u011b, pokud jde o 80. l\u00e9ta<strong>, platilo, \u017ee v\u00edce je v\u00edce.<\/strong> M\u00f3da tohoto obdob\u00ed byla <strong>odv\u00e1\u017en\u00e1, z\u00e1\u0159iv\u00e1 a hlu\u010dn\u00e1.<\/strong> &nbsp;V\u00edce ne\u017e kter\u00e1koli jin\u00e1 dek\u00e1da p\u0159ed n\u00ed se inspirovala popkulturou, televizn\u00edmi seri\u00e1ly, modelkami a slavn\u00fdmi ikonami t\u00e9 doby.<\/p>\n\n\n\n<p>Popul\u00e1rn\u00ed byly <strong>vycp\u00e1vky,<\/strong> ostr\u00e9, dramatick\u00e9 a sebev\u011bdom\u00e9 siluety, p\u0159edstavuj\u00edc\u00ed \u017eenskou s\u00edlu a \u00fasp\u011b\u0161n\u00e9 \u017eeny buduj\u00edc\u00ed kari\u00e9ru. Vycp\u00e1vky se pou\u017e\u00edvali jak u sak, tak na kab\u00e1tech i u \u0161at. \u010c\u00edm toho bylo v\u00edc&nbsp; a bylo to <strong>\u201cvizu\u00e1ln\u011b hlu\u010dn\u00e9\u201d, t\u00edm l\u00e9pe<\/strong>. Nosili se zv\u00ed\u0159ec\u00ed vzory, te\u010dky, <a href=\"https:\/\/ccc.eu\/cz\/damske\/obleceni\/dziny\">d\u017e\u00edny<\/a>, roztrhan\u00e1 kolena, odv\u00e1\u017en\u00e9 n\u00e1pisy na tri\u010dk\u00e1ch, neon, k\u016f\u017ee a samoz\u0159ejm\u011b nem\u016f\u017eeme vynechat leskl\u00e9 a barevn\u00e9 sportovn\u00ed kombin\u00e9zy.<\/p>\n\n\n\n<p><\/p>\n\n\n\n<h2 class=\"wp-block-heading\"><strong>Disco diva, rockov\u00e1 kr\u00e1lovna nebo fitness bohyn\u011b?<\/strong><\/h2>\n\n\n\n<p>\u017deny se v&nbsp;80. letech, minim\u00e1ln\u011b co se m\u00f3dy t\u00fdka, mohli opravdu vybl\u00e1znit. R\u00e1no sa cvi\u010dil <strong>aerobik v&nbsp;z\u00e1\u0159iv\u00fdch r\u016f\u017eov\u00fdch leg\u00ednach, neonov\u00e9m body a&nbsp;m\u011bkkou\u010dk\u00fdch podkolenk\u00e1ch.<\/strong> Potom rychle p\u0159evl\u00e9ct do <strong>acid jeans s&nbsp;vysok\u00fdm pasem a&nbsp;roztrhan\u00fdmi kolenami.<\/strong> Sta\u010d\u00ed jen doplnit <a href=\"https:\/\/ccc.eu\/cz\/damske\/obleceni\/tricka\"><strong>tri\u010dkem<\/strong><\/a><strong><u> s&nbsp;obrovsk\u00fdm n\u00e1pisem, <\/u><\/strong><a href=\"https:\/\/ccc.eu\/cz\/damske\/boty\/znacka:adidas\/barva:bila\"><strong>b\u00edl\u00fdmi adidas teniskami<\/strong><\/a><strong> a&nbsp;velk\u00fdmi kruhov\u00fdmi n\u00e1u\u0161nicemi.<\/strong> Ve\u010der je na pl\u00e1nu rockov\u00fd koncert nov\u00e9ho boybandu. Velk\u00e9 tri\u010dko treba nahrad\u00edme crop topem a&nbsp;dopln\u00edme <strong>ko\u017eenou bundou.<\/strong><\/p>\n\n\n\n<p>V\u00edkendov\u00e1 noc znamen\u00e1 jen jedno. Disco! M\u00e1te chu\u0165 na suk\u0148i nebo kalhoty? V&nbsp;p\u0159\u00edpade <strong>\u0161at zvolte kr\u00e1tke a flitrovan\u00e9<\/strong>, aby ste na parket\u011b z\u00e1\u0159ili v\u00edc ne\u017e disco koule. K&nbsp;nim <strong>vysok\u00e9 b\u00edl\u00e9 koza\u010dky a&nbsp;malou kabelku. <\/strong>Kalhoty si vyberte takzvan\u00e9 <strong>zvon\u00e1\u010de<\/strong>, p\u0159\u00edpadn\u011b m\u016f\u017eete zkusit <strong>vzorovan\u00fd nebo t\u0159pytiv\u00fd overal.<\/strong><\/p>\n\n\n\n<p>Ur\u010dite nesm\u00edme zapomenout doladit detaily. Vlasy mus\u00ed b\u00fdt velk\u00e9, nejv\u011bt\u0161\u00ed. Nosili se <strong>francouzsk\u00e9 trval\u00e9,<\/strong> popul\u00e1rn\u00ed byl t\u00e9\u017e sest\u0159ih <strong>\u201emullet\u201c.<\/strong> Make-up je v\u00fdrazn\u00fd, 80. m\u00f3dn\u00ed roky skv\u011ble dopl\u0148uj\u00ed v\u00fdrazn\u00e9 o\u010dn\u00ed st\u00edny, nap\u0159\u00edklad v&nbsp;modr\u00e9 nebo r\u016f\u017eov\u00e9 barv\u011b, \u010dern\u00e1 linka se spir\u00e1lou, jasn\u00e1 tv\u00e1\u0159enka&nbsp;nebo m\u00edrn\u011b zv\u00fdrazn\u011bn\u00e9 rty.<\/p>\n\n\n\n<h2 class=\"wp-block-heading\"><strong>Riflov\u00fd kr\u00e1l i rockov\u00e1 hv\u011bzda<\/strong><\/h2>\n\n\n\n<p>Nezapom\u00edn\u00e1me ani na mu\u017ee. Do 80. let byste hrav\u011b zapadli v celoriflov\u00e9m outfitu. Roztrhan\u00e9 <a href=\"https:\/\/ccc.eu\/cz\/panske\/obleceni\/dziny\"><strong>modr\u00e9 jeansy<\/strong><\/a><strong>, b\u00edl\u00e9 tri\u010dko, tenisky a oversize d\u017e\u00ednov\u00e1 bunda <\/strong>na b\u011b\u017en\u00fd den. Na ve\u010dern\u00ed koncerty se chodilo v <a href=\"https:\/\/ccc.eu\/cz\/panske\/boty\/tenisky\/znacka:converse\">Converse tenisk\u00e1ch<\/a> i masivn\u011bj\u0161\u00edch <strong>\u010dern\u00fdch bot\u00e1ch, modr\u00fdch nebo \u010dern\u00fdch d\u017e\u00edn\u00e1ch, polotri\u010dku a \u010dern\u00e9 ko\u017een\u00e9 bund\u011b.<\/strong><br><br>Mu\u017ei si nech\u00e1vali nar\u016fst <strong>del\u0161\u00ed vlasy,<\/strong> ur\u010dit\u011b nelze vynechat \u00fa\u010des v punkov\u00e9m stylu nebo je\u0161t\u011b l\u00e9pe, styl \u00e0 la <strong>\u201eJ\u00e1ger\u201c.<\/strong><\/p>\n\n\n\n<shortcode prop-category=\"Sportovn\u00ed obuv\" prop-manufacturer=\"adidas\" prop-load-num=\"12\" prop-display-num=\"4\" prop-sku=\"5904248223298, 5904248818050, 5904248193560, 5904248209315, 5904248810214, 5904248311063, 5904248218133, 5904248351762\" prop-view=\"slider\"><\/shortcode>        <div\r\n            class=\"eob-pf-shortcode\"\r\n            id=\"eobpf69f57070840c7\"\r\n        >\r\n            <shortcode prop-category=\"Sportovn\u00ed obuv\" prop-manufacturer=\"adidas\" prop-load-num=\"12\" prop-display-num=\"4\" prop-sku=\"5904248223298, 5904248818050, 5904248193560, 5904248209315, 5904248810214, 5904248311063, 5904248218133, 5904248351762\" prop-view=\"slider\"><\/shortcode>        <\/div>\r\n\t\t<script>\r\n\t\t\tjQuery(document).ready(() => {\r\n\t\t\t    const root = document.getElementById('eobpf69f57070840c7');\r\n                Vue.createApp({\r\n\t                components: {\r\n\t                    shortcode\r\n\t                }\r\n                }).mount(root);\r\n\t\t\t});\r\n\t\t<\/script>\r\n\t\t\r\n\t\t\n\n\n\n<p><\/p>\n\n\n\n<h2 class=\"wp-block-heading\"><strong>80. l\u00e9t\u016fm vl\u00e1dly v\u00fdrazn\u00e9 dopl\u0148ky<\/strong><\/h2>\n\n\n\n<p>V osmdes\u00e1tk\u00e1ch byly popul\u00e1rn\u00ed <strong>obrovsk\u00e9, v\u00fdrazn\u00e9 br\u00fdle a tak\u00e9 zrcadlov\u00e1 skla.<\/strong> V r\u00e1mci oble\u010den\u00ed se nosily <strong>pr\u016fsvitn\u00e9 pun\u010doch\u00e1\u010de, podkolenky a bezprst\u00e9 rukavice<\/strong>. Z bi\u017euterie byly v m\u00f3d\u011b per<strong>lov\u00e9 n\u00e1hrdeln\u00edky<\/strong>, velk\u00e9 <strong>geometrick\u00e9 n\u00e1u\u0161nice <\/strong>v z\u00e1kladn\u00edch barv\u00e1ch a objemn\u00e9, l\u00e1tkov\u00e9<strong> gumi\u010dky do vlas\u016f<\/strong>.<br><br>Rozhodn\u011b jste se nemuseli b\u00e1t, \u017ee byste to s dopl\u0148ky p\u0159ehnali. Ani s outfitem. Pokud se m\u00e1te chu\u0165 m\u00f3dn\u011b vy\u0159\u00e1dit p\u0159i n\u011bjak\u00e9 retro dek\u00e1d\u011b, ve stylu 80. let se v\u00e1m to ur\u010dit\u011b povede!<\/p>\n","protected":false},"excerpt":{"rendered":"<p>Ramenn\u00ed vycp\u00e1vky, trval\u00e9, disco koule, neon, mini d\u017e\u00ednov\u00e9 \u0161ortky, aerobik &nbsp;a ko\u017een\u00e9 bundy. &nbsp;Jak\u00e9 dal\u0161\u00ed trendy jsou spojeny s m\u00f3dou 80. let? &nbsp;Pokud se chyst\u00e1te na retro p\u00e1rty, zaj\u00edm\u00e1te se o uplynul\u00e1 m\u00f3dn\u00ed desetilet\u00ed nebo jen hled\u00e1te novou inspiraci, m\u00e1me pro v\u00e1s dobrou zpr\u00e1vu. &nbsp;To v\u0161e a mnohem v\u00edce najdete v tomto \u010dl\u00e1nku. M\u00f3da 80. [&hellip;]<\/p>\n","protected":false},"author":12,"featured_media":5081,"comment_status":"open","ping_status":"open","sticky":false,"template":"","format":"standard","meta":{"_acf_changed":false,"footnotes":""},"categories":[4],"tags":[712,713],"class_list":["post-5080","post","type-post","status-publish","format-standard","has-post-thumbnail","hentry","category-modni-tipy","tag-80-roky","tag-retro"],"acf":[],"yoast_head":"<!-- This site is optimized with the Yoast SEO plugin v26.9 - https:\/\/yoast.com\/product\/yoast-seo-wordpress\/ -->\n<title>Jak se obl\u00e9kat ve stylu 80. let? - blog.ccc.eu\/cz<\/title>\n<meta name=\"description\" content=\"M\u00f3da 80. let byla hlu\u010dn\u00e1, expresivn\u00ed a divok\u00e1. Stejn\u011b jako samotn\u00e9 obdob\u00ed. Nechte se inspirovat na\u0161\u00edm \u010dl\u00e1nkem a obl\u00e9kn\u011bte se ve stylu t\u00e9to popul\u00e1rn\u00ed retro dek\u00e1dy. 2026\" \/>\n<meta name=\"robots\" content=\"index, follow, max-snippet:-1, max-image-preview:large, max-video-preview:-1\" \/>\n<link rel=\"canonical\" href=\"https:\/\/blog.ccc.eu\/cz\/jak-se-oblekat-ve-stylu-80-let\/\" \/>\n<meta property=\"og:locale\" content=\"cs_CZ\" \/>\n<meta property=\"og:type\" content=\"article\" \/>\n<meta property=\"og:title\" content=\"Jak se obl\u00e9kat ve stylu 80. let? - blog.ccc.eu\/cz\" \/>\n<meta property=\"og:description\" content=\"M\u00f3da 80. let byla hlu\u010dn\u00e1, expresivn\u00ed a divok\u00e1. Stejn\u011b jako samotn\u00e9 obdob\u00ed. Nechte se inspirovat na\u0161\u00edm \u010dl\u00e1nkem a obl\u00e9kn\u011bte se ve stylu t\u00e9to popul\u00e1rn\u00ed retro dek\u00e1dy.\" \/>\n<meta property=\"og:url\" content=\"https:\/\/blog.ccc.eu\/cz\/jak-se-oblekat-ve-stylu-80-let\/\" \/>\n<meta property=\"og:site_name\" content=\"blog.ccc.eu\/cz\" \/>\n<meta property=\"article:published_time\" content=\"2022-06-27T13:10:10+00:00\" \/>\n<meta property=\"article:modified_time\" content=\"2023-02-13T15:15:50+00:00\" \/>\n<meta property=\"og:image\" content=\"https:\/\/blog.ccc.eu\/cz\/wp-content\/uploads\/2022\/06\/CA_SPRANDI_AW21_org_Remi_Lamande_jpg48.jpg\" \/>\n\t<meta property=\"og:image:width\" content=\"2064\" \/>\n\t<meta property=\"og:image:height\" content=\"1376\" \/>\n\t<meta property=\"og:image:type\" content=\"image\/jpeg\" \/>\n<meta name=\"author\" content=\"Lena\" \/>\n<meta name=\"twitter:card\" content=\"summary_large_image\" \/>\n<meta name=\"twitter:label1\" content=\"Napsal(a)\" \/>\n\t<meta name=\"twitter:data1\" content=\"Lena\" \/>\n\t<meta name=\"twitter:label2\" content=\"Odhadovan\u00e1 doba \u010dten\u00ed\" \/>\n\t<meta name=\"twitter:data2\" content=\"4 minuty\" \/>\n<script type=\"application\/ld+json\" class=\"yoast-schema-graph\">{\"@context\":\"https:\/\/schema.org\",\"@graph\":[{\"@type\":\"Article\",\"@id\":\"https:\/\/blog.ccc.eu\/cz\/jak-se-oblekat-ve-stylu-80-let\/#article\",\"isPartOf\":{\"@id\":\"https:\/\/blog.ccc.eu\/cz\/jak-se-oblekat-ve-stylu-80-let\/\"},\"author\":{\"name\":\"Lena\",\"@id\":\"https:\/\/blog.ccc.eu\/cz\/#\/schema\/person\/6d50a49f9c84d32a489180be7a29155d\"},\"headline\":\"Jak se obl\u00e9kat ve stylu 80. let?\",\"datePublished\":\"2022-06-27T13:10:10+00:00\",\"dateModified\":\"2023-02-13T15:15:50+00:00\",\"mainEntityOfPage\":{\"@id\":\"https:\/\/blog.ccc.eu\/cz\/jak-se-oblekat-ve-stylu-80-let\/\"},\"wordCount\":826,\"commentCount\":0,\"publisher\":{\"@id\":\"https:\/\/blog.ccc.eu\/cz\/#organization\"},\"image\":{\"@id\":\"https:\/\/blog.ccc.eu\/cz\/jak-se-oblekat-ve-stylu-80-let\/#primaryimage\"},\"thumbnailUrl\":\"https:\/\/blog.ccc.eu\/cz\/wp-content\/uploads\/2022\/06\/CA_SPRANDI_AW21_org_Remi_Lamande_jpg48.jpg\",\"keywords\":[\"80. roky\",\"retro\"],\"articleSection\":[\"M\u00d3DN\u00cd TIPY\"],\"inLanguage\":\"cs\",\"potentialAction\":[{\"@type\":\"CommentAction\",\"name\":\"Comment\",\"target\":[\"https:\/\/blog.ccc.eu\/cz\/jak-se-oblekat-ve-stylu-80-let\/#respond\"]}]},{\"@type\":\"WebPage\",\"@id\":\"https:\/\/blog.ccc.eu\/cz\/jak-se-oblekat-ve-stylu-80-let\/\",\"url\":\"https:\/\/blog.ccc.eu\/cz\/jak-se-oblekat-ve-stylu-80-let\/\",\"name\":\"Jak se obl\u00e9kat ve stylu 80. let? - blog.ccc.eu\/cz\",\"isPartOf\":{\"@id\":\"https:\/\/blog.ccc.eu\/cz\/#website\"},\"primaryImageOfPage\":{\"@id\":\"https:\/\/blog.ccc.eu\/cz\/jak-se-oblekat-ve-stylu-80-let\/#primaryimage\"},\"image\":{\"@id\":\"https:\/\/blog.ccc.eu\/cz\/jak-se-oblekat-ve-stylu-80-let\/#primaryimage\"},\"thumbnailUrl\":\"https:\/\/blog.ccc.eu\/cz\/wp-content\/uploads\/2022\/06\/CA_SPRANDI_AW21_org_Remi_Lamande_jpg48.jpg\",\"datePublished\":\"2022-06-27T13:10:10+00:00\",\"dateModified\":\"2023-02-13T15:15:50+00:00\",\"description\":\"M\u00f3da 80. let byla hlu\u010dn\u00e1, expresivn\u00ed a divok\u00e1. Stejn\u011b jako samotn\u00e9 obdob\u00ed. Nechte se inspirovat na\u0161\u00edm \u010dl\u00e1nkem a obl\u00e9kn\u011bte se ve stylu t\u00e9to popul\u00e1rn\u00ed retro dek\u00e1dy.\",\"breadcrumb\":{\"@id\":\"https:\/\/blog.ccc.eu\/cz\/jak-se-oblekat-ve-stylu-80-let\/#breadcrumb\"},\"inLanguage\":\"cs\",\"potentialAction\":[{\"@type\":\"ReadAction\",\"target\":[\"https:\/\/blog.ccc.eu\/cz\/jak-se-oblekat-ve-stylu-80-let\/\"]}]},{\"@type\":\"ImageObject\",\"inLanguage\":\"cs\",\"@id\":\"https:\/\/blog.ccc.eu\/cz\/jak-se-oblekat-ve-stylu-80-let\/#primaryimage\",\"url\":\"https:\/\/blog.ccc.eu\/cz\/wp-content\/uploads\/2022\/06\/CA_SPRANDI_AW21_org_Remi_Lamande_jpg48.jpg\",\"contentUrl\":\"https:\/\/blog.ccc.eu\/cz\/wp-content\/uploads\/2022\/06\/CA_SPRANDI_AW21_org_Remi_Lamande_jpg48.jpg\",\"width\":2064,\"height\":1376,\"caption\":\"Sportovn\u00ed outfit\"},{\"@type\":\"BreadcrumbList\",\"@id\":\"https:\/\/blog.ccc.eu\/cz\/jak-se-oblekat-ve-stylu-80-let\/#breadcrumb\",\"itemListElement\":[{\"@type\":\"ListItem\",\"position\":1,\"name\":\"Strona g\u0142\u00f3wna\",\"item\":\"https:\/\/blog.ccc.eu\/cz\/\"},{\"@type\":\"ListItem\",\"position\":2,\"name\":\"Jak se obl\u00e9kat ve stylu 80. let?\"}]},{\"@type\":\"WebSite\",\"@id\":\"https:\/\/blog.ccc.eu\/cz\/#website\",\"url\":\"https:\/\/blog.ccc.eu\/cz\/\",\"name\":\"blog.ccc.eu\/cz\",\"description\":\"Va\u0161e m\u00edsto pln\u00e9 m\u00f3dn\u00edch inspirac\u00ed\",\"publisher\":{\"@id\":\"https:\/\/blog.ccc.eu\/cz\/#organization\"},\"potentialAction\":[{\"@type\":\"SearchAction\",\"target\":{\"@type\":\"EntryPoint\",\"urlTemplate\":\"https:\/\/blog.ccc.eu\/cz\/?s={search_term_string}\"},\"query-input\":{\"@type\":\"PropertyValueSpecification\",\"valueRequired\":true,\"valueName\":\"search_term_string\"}}],\"inLanguage\":\"cs\"},{\"@type\":\"Organization\",\"@id\":\"https:\/\/blog.ccc.eu\/cz\/#organization\",\"name\":\"CCC S.A.\",\"url\":\"https:\/\/blog.ccc.eu\/cz\/\",\"logo\":{\"@type\":\"ImageObject\",\"inLanguage\":\"cs\",\"@id\":\"https:\/\/blog.ccc.eu\/cz\/#\/schema\/logo\/image\/\",\"url\":\"https:\/\/blog.ccc.eu\/cz\/wp-content\/uploads\/2021\/11\/logo_ccc.png\",\"contentUrl\":\"https:\/\/blog.ccc.eu\/cz\/wp-content\/uploads\/2021\/11\/logo_ccc.png\",\"width\":730,\"height\":270,\"caption\":\"CCC S.A.\"},\"image\":{\"@id\":\"https:\/\/blog.ccc.eu\/cz\/#\/schema\/logo\/image\/\"}},{\"@type\":\"Person\",\"@id\":\"https:\/\/blog.ccc.eu\/cz\/#\/schema\/person\/6d50a49f9c84d32a489180be7a29155d\",\"name\":\"Lena\",\"image\":{\"@type\":\"ImageObject\",\"inLanguage\":\"cs\",\"@id\":\"https:\/\/blog.ccc.eu\/cz\/#\/schema\/person\/image\/\",\"url\":\"https:\/\/blog.ccc.eu\/cz\/wp-content\/uploads\/2022\/06\/MicrosoftTeams-image-2-100x100.jpg\",\"contentUrl\":\"https:\/\/blog.ccc.eu\/cz\/wp-content\/uploads\/2022\/06\/MicrosoftTeams-image-2-100x100.jpg\",\"caption\":\"Lena\"},\"description\":\"Absolventka digit\u00e1ln\u00edho marketingu se zku\u0161enostmi s obsahov\u00fdm marketingem a (velmi p\u0159ekvapiv\u011b) copywritingem. Ve voln\u00e9m \u010dase r\u00e1da nos\u00ed platformy a sna\u017e\u00ed se vyva\u017eovat n\u00e1kupy ve fast-fashion \u0159et\u011bzc\u00edch, swapov\u00e1n\u00edm.\",\"url\":\"https:\/\/blog.ccc.eu\/cz\/author\/katarzyna-kostygin\/\"}]}<\/script>\n<!-- \/ Yoast SEO plugin. -->","yoast_head_json":{"title":"Jak se obl\u00e9kat ve stylu 80. let? - blog.ccc.eu\/cz","description":"M\u00f3da 80. let byla hlu\u010dn\u00e1, expresivn\u00ed a divok\u00e1. Stejn\u011b jako samotn\u00e9 obdob\u00ed. Nechte se inspirovat na\u0161\u00edm \u010dl\u00e1nkem a obl\u00e9kn\u011bte se ve stylu t\u00e9to popul\u00e1rn\u00ed retro dek\u00e1dy. 2026","robots":{"index":"index","follow":"follow","max-snippet":"max-snippet:-1","max-image-preview":"max-image-preview:large","max-video-preview":"max-video-preview:-1"},"canonical":"https:\/\/blog.ccc.eu\/cz\/jak-se-oblekat-ve-stylu-80-let\/","og_locale":"cs_CZ","og_type":"article","og_title":"Jak se obl\u00e9kat ve stylu 80. let? - blog.ccc.eu\/cz","og_description":"M\u00f3da 80. let byla hlu\u010dn\u00e1, expresivn\u00ed a divok\u00e1. Stejn\u011b jako samotn\u00e9 obdob\u00ed. Nechte se inspirovat na\u0161\u00edm \u010dl\u00e1nkem a obl\u00e9kn\u011bte se ve stylu t\u00e9to popul\u00e1rn\u00ed retro dek\u00e1dy.","og_url":"https:\/\/blog.ccc.eu\/cz\/jak-se-oblekat-ve-stylu-80-let\/","og_site_name":"blog.ccc.eu\/cz","article_published_time":"2022-06-27T13:10:10+00:00","article_modified_time":"2023-02-13T15:15:50+00:00","og_image":[{"width":2064,"height":1376,"url":"https:\/\/blog.ccc.eu\/cz\/wp-content\/uploads\/2022\/06\/CA_SPRANDI_AW21_org_Remi_Lamande_jpg48.jpg","type":"image\/jpeg"}],"author":"Lena","twitter_card":"summary_large_image","twitter_misc":{"Napsal(a)":"Lena","Odhadovan\u00e1 doba \u010dten\u00ed":"4 minuty"},"schema":{"@context":"https:\/\/schema.org","@graph":[{"@type":"Article","@id":"https:\/\/blog.ccc.eu\/cz\/jak-se-oblekat-ve-stylu-80-let\/#article","isPartOf":{"@id":"https:\/\/blog.ccc.eu\/cz\/jak-se-oblekat-ve-stylu-80-let\/"},"author":{"name":"Lena","@id":"https:\/\/blog.ccc.eu\/cz\/#\/schema\/person\/6d50a49f9c84d32a489180be7a29155d"},"headline":"Jak se obl\u00e9kat ve stylu 80. let?","datePublished":"2022-06-27T13:10:10+00:00","dateModified":"2023-02-13T15:15:50+00:00","mainEntityOfPage":{"@id":"https:\/\/blog.ccc.eu\/cz\/jak-se-oblekat-ve-stylu-80-let\/"},"wordCount":826,"commentCount":0,"publisher":{"@id":"https:\/\/blog.ccc.eu\/cz\/#organization"},"image":{"@id":"https:\/\/blog.ccc.eu\/cz\/jak-se-oblekat-ve-stylu-80-let\/#primaryimage"},"thumbnailUrl":"https:\/\/blog.ccc.eu\/cz\/wp-content\/uploads\/2022\/06\/CA_SPRANDI_AW21_org_Remi_Lamande_jpg48.jpg","keywords":["80. roky","retro"],"articleSection":["M\u00d3DN\u00cd TIPY"],"inLanguage":"cs","potentialAction":[{"@type":"CommentAction","name":"Comment","target":["https:\/\/blog.ccc.eu\/cz\/jak-se-oblekat-ve-stylu-80-let\/#respond"]}]},{"@type":"WebPage","@id":"https:\/\/blog.ccc.eu\/cz\/jak-se-oblekat-ve-stylu-80-let\/","url":"https:\/\/blog.ccc.eu\/cz\/jak-se-oblekat-ve-stylu-80-let\/","name":"Jak se obl\u00e9kat ve stylu 80. let? - blog.ccc.eu\/cz","isPartOf":{"@id":"https:\/\/blog.ccc.eu\/cz\/#website"},"primaryImageOfPage":{"@id":"https:\/\/blog.ccc.eu\/cz\/jak-se-oblekat-ve-stylu-80-let\/#primaryimage"},"image":{"@id":"https:\/\/blog.ccc.eu\/cz\/jak-se-oblekat-ve-stylu-80-let\/#primaryimage"},"thumbnailUrl":"https:\/\/blog.ccc.eu\/cz\/wp-content\/uploads\/2022\/06\/CA_SPRANDI_AW21_org_Remi_Lamande_jpg48.jpg","datePublished":"2022-06-27T13:10:10+00:00","dateModified":"2023-02-13T15:15:50+00:00","description":"M\u00f3da 80. let byla hlu\u010dn\u00e1, expresivn\u00ed a divok\u00e1. Stejn\u011b jako samotn\u00e9 obdob\u00ed. Nechte se inspirovat na\u0161\u00edm \u010dl\u00e1nkem a obl\u00e9kn\u011bte se ve stylu t\u00e9to popul\u00e1rn\u00ed retro dek\u00e1dy.","breadcrumb":{"@id":"https:\/\/blog.ccc.eu\/cz\/jak-se-oblekat-ve-stylu-80-let\/#breadcrumb"},"inLanguage":"cs","potentialAction":[{"@type":"ReadAction","target":["https:\/\/blog.ccc.eu\/cz\/jak-se-oblekat-ve-stylu-80-let\/"]}]},{"@type":"ImageObject","inLanguage":"cs","@id":"https:\/\/blog.ccc.eu\/cz\/jak-se-oblekat-ve-stylu-80-let\/#primaryimage","url":"https:\/\/blog.ccc.eu\/cz\/wp-content\/uploads\/2022\/06\/CA_SPRANDI_AW21_org_Remi_Lamande_jpg48.jpg","contentUrl":"https:\/\/blog.ccc.eu\/cz\/wp-content\/uploads\/2022\/06\/CA_SPRANDI_AW21_org_Remi_Lamande_jpg48.jpg","width":2064,"height":1376,"caption":"Sportovn\u00ed outfit"},{"@type":"BreadcrumbList","@id":"https:\/\/blog.ccc.eu\/cz\/jak-se-oblekat-ve-stylu-80-let\/#breadcrumb","itemListElement":[{"@type":"ListItem","position":1,"name":"Strona g\u0142\u00f3wna","item":"https:\/\/blog.ccc.eu\/cz\/"},{"@type":"ListItem","position":2,"name":"Jak se obl\u00e9kat ve stylu 80. let?"}]},{"@type":"WebSite","@id":"https:\/\/blog.ccc.eu\/cz\/#website","url":"https:\/\/blog.ccc.eu\/cz\/","name":"blog.ccc.eu\/cz","description":"Va\u0161e m\u00edsto pln\u00e9 m\u00f3dn\u00edch inspirac\u00ed","publisher":{"@id":"https:\/\/blog.ccc.eu\/cz\/#organization"},"potentialAction":[{"@type":"SearchAction","target":{"@type":"EntryPoint","urlTemplate":"https:\/\/blog.ccc.eu\/cz\/?s={search_term_string}"},"query-input":{"@type":"PropertyValueSpecification","valueRequired":true,"valueName":"search_term_string"}}],"inLanguage":"cs"},{"@type":"Organization","@id":"https:\/\/blog.ccc.eu\/cz\/#organization","name":"CCC S.A.","url":"https:\/\/blog.ccc.eu\/cz\/","logo":{"@type":"ImageObject","inLanguage":"cs","@id":"https:\/\/blog.ccc.eu\/cz\/#\/schema\/logo\/image\/","url":"https:\/\/blog.ccc.eu\/cz\/wp-content\/uploads\/2021\/11\/logo_ccc.png","contentUrl":"https:\/\/blog.ccc.eu\/cz\/wp-content\/uploads\/2021\/11\/logo_ccc.png","width":730,"height":270,"caption":"CCC S.A."},"image":{"@id":"https:\/\/blog.ccc.eu\/cz\/#\/schema\/logo\/image\/"}},{"@type":"Person","@id":"https:\/\/blog.ccc.eu\/cz\/#\/schema\/person\/6d50a49f9c84d32a489180be7a29155d","name":"Lena","image":{"@type":"ImageObject","inLanguage":"cs","@id":"https:\/\/blog.ccc.eu\/cz\/#\/schema\/person\/image\/","url":"https:\/\/blog.ccc.eu\/cz\/wp-content\/uploads\/2022\/06\/MicrosoftTeams-image-2-100x100.jpg","contentUrl":"https:\/\/blog.ccc.eu\/cz\/wp-content\/uploads\/2022\/06\/MicrosoftTeams-image-2-100x100.jpg","caption":"Lena"},"description":"Absolventka digit\u00e1ln\u00edho marketingu se zku\u0161enostmi s obsahov\u00fdm marketingem a (velmi p\u0159ekvapiv\u011b) copywritingem. Ve voln\u00e9m \u010dase r\u00e1da nos\u00ed platformy a sna\u017e\u00ed se vyva\u017eovat n\u00e1kupy ve fast-fashion \u0159et\u011bzc\u00edch, swapov\u00e1n\u00edm.","url":"https:\/\/blog.ccc.eu\/cz\/author\/katarzyna-kostygin\/"}]}},"_links":{"self":[{"href":"https:\/\/blog.ccc.eu\/cz\/wp-json\/wp\/v2\/posts\/5080","targetHints":{"allow":["GET"]}}],"collection":[{"href":"https:\/\/blog.ccc.eu\/cz\/wp-json\/wp\/v2\/posts"}],"about":[{"href":"https:\/\/blog.ccc.eu\/cz\/wp-json\/wp\/v2\/types\/post"}],"author":[{"embeddable":true,"href":"https:\/\/blog.ccc.eu\/cz\/wp-json\/wp\/v2\/users\/12"}],"replies":[{"embeddable":true,"href":"https:\/\/blog.ccc.eu\/cz\/wp-json\/wp\/v2\/comments?post=5080"}],"version-history":[{"count":6,"href":"https:\/\/blog.ccc.eu\/cz\/wp-json\/wp\/v2\/posts\/5080\/revisions"}],"predecessor-version":[{"id":5645,"href":"https:\/\/blog.ccc.eu\/cz\/wp-json\/wp\/v2\/posts\/5080\/revisions\/5645"}],"wp:featuredmedia":[{"embeddable":true,"href":"https:\/\/blog.ccc.eu\/cz\/wp-json\/wp\/v2\/media\/5081"}],"wp:attachment":[{"href":"https:\/\/blog.ccc.eu\/cz\/wp-json\/wp\/v2\/media?parent=5080"}],"wp:term":[{"taxonomy":"category","embeddable":true,"href":"https:\/\/blog.ccc.eu\/cz\/wp-json\/wp\/v2\/categories?post=5080"},{"taxonomy":"post_tag","embeddable":true,"href":"https:\/\/blog.ccc.eu\/cz\/wp-json\/wp\/v2\/tags?post=5080"}],"curies":[{"name":"wp","href":"https:\/\/api.w.org\/{rel}","templated":true}]}}