{"id":5083,"date":"2022-06-27T15:17:35","date_gmt":"2022-06-27T13:17:35","guid":{"rendered":"https:\/\/blog.ccc.eu\/cz\/?p=5083"},"modified":"2023-02-02T11:04:51","modified_gmt":"2023-02-02T10:04:51","slug":"jak-nosit-casual-dress-code-poradime-vam","status":"publish","type":"post","link":"https:\/\/blog.ccc.eu\/cz\/jak-nosit-casual-dress-code-poradime-vam\/","title":{"rendered":"Jak nosit casual dress code? Porad\u00edme v\u00e1m!"},"content":{"rendered":"\n<p><b>Dostali jste pozv\u00e1nku na ud\u00e1lost, na kter\u00e9 st\u00e1lo: \u201ecasual dress code\u201d, p\u0159\u00edpadn\u011b jste nastoupili do nov\u00e9 pr\u00e1ce a zjistili jste, \u017ee p\u0159edepsan\u00fd styl obl\u00e9k\u00e1n\u00ed je takzvan\u00fd \u201esmart casual\u201c? Pokud v\u00e1h\u00e1te, co si vz\u00edt na sebe a \u010demu se vyvarovat, jste u n\u00e1s spr\u00e1vn\u011b! V \u010dl\u00e1nku se dozv\u00edte, co p\u0159esn\u011b znamen\u00e1 pojem casual dress code, jak vypad\u00e1 perfektn\u00ed casual outfit do kancel\u00e1\u0159e, jak\u00fd je rozd\u00edl mezi casual dress code, smart casual a business casual. Nakonec v\u00e1m doporu\u010d\u00edme t\u0159i esenci\u00e1ln\u00ed kousky, kter\u00e9 byste m\u011bli m\u00edt rozhodn\u011b v \u0161atn\u00edku. Hlavn\u011b, je-li pr\u00e1v\u011b casual dress code, va\u0161\u00edm \u010dasto vyu\u017e\u00edv\u00e1n\u00edm stylem obl\u00e9k\u00e1n\u00ed.<\/b><\/p>\n\n\n\n<figure class=\"wp-block-gallery has-nested-images columns-default is-cropped wp-block-gallery-1 is-layout-flex wp-block-gallery-is-layout-flex\">\n<figure class=\"wp-block-image size-large\"><img loading=\"lazy\" decoding=\"async\" width=\"682\" height=\"1024\" data-id=\"5084\" src=\"https:\/\/blog.ccc.eu\/cz\/wp-content\/uploads\/2022\/06\/SIMPLE-LINDA-TOLL_Shot-8_1722-682x1024.jpg\" alt=\"\" class=\"wp-image-5084\" srcset=\"https:\/\/blog.ccc.eu\/cz\/wp-content\/uploads\/2022\/06\/SIMPLE-LINDA-TOLL_Shot-8_1722-682x1024.jpg 682w, https:\/\/blog.ccc.eu\/cz\/wp-content\/uploads\/2022\/06\/SIMPLE-LINDA-TOLL_Shot-8_1722-200x300.jpg 200w, https:\/\/blog.ccc.eu\/cz\/wp-content\/uploads\/2022\/06\/SIMPLE-LINDA-TOLL_Shot-8_1722-768x1152.jpg 768w, https:\/\/blog.ccc.eu\/cz\/wp-content\/uploads\/2022\/06\/SIMPLE-LINDA-TOLL_Shot-8_1722-1024x1536.jpg 1024w, https:\/\/blog.ccc.eu\/cz\/wp-content\/uploads\/2022\/06\/SIMPLE-LINDA-TOLL_Shot-8_1722-100x150.jpg 100w, https:\/\/blog.ccc.eu\/cz\/wp-content\/uploads\/2022\/06\/SIMPLE-LINDA-TOLL_Shot-8_1722.jpg 1097w\" sizes=\"auto, (max-width: 682px) 100vw, 682px\" \/><\/figure>\n\n\n\n<figure class=\"wp-block-image size-large\"><img loading=\"lazy\" decoding=\"async\" width=\"682\" height=\"1024\" data-id=\"5085\" src=\"https:\/\/blog.ccc.eu\/cz\/wp-content\/uploads\/2022\/06\/SIMPLE-LINDA-TOLL_Shot-8_1747-1-682x1024.jpg\" alt=\"\" class=\"wp-image-5085\" srcset=\"https:\/\/blog.ccc.eu\/cz\/wp-content\/uploads\/2022\/06\/SIMPLE-LINDA-TOLL_Shot-8_1747-1-682x1024.jpg 682w, https:\/\/blog.ccc.eu\/cz\/wp-content\/uploads\/2022\/06\/SIMPLE-LINDA-TOLL_Shot-8_1747-1-200x300.jpg 200w, https:\/\/blog.ccc.eu\/cz\/wp-content\/uploads\/2022\/06\/SIMPLE-LINDA-TOLL_Shot-8_1747-1-768x1152.jpg 768w, https:\/\/blog.ccc.eu\/cz\/wp-content\/uploads\/2022\/06\/SIMPLE-LINDA-TOLL_Shot-8_1747-1-1024x1536.jpg 1024w, https:\/\/blog.ccc.eu\/cz\/wp-content\/uploads\/2022\/06\/SIMPLE-LINDA-TOLL_Shot-8_1747-1-100x150.jpg 100w, https:\/\/blog.ccc.eu\/cz\/wp-content\/uploads\/2022\/06\/SIMPLE-LINDA-TOLL_Shot-8_1747-1.jpg 1095w\" sizes=\"auto, (max-width: 682px) 100vw, 682px\" \/><\/figure>\n<\/figure>\n\n\n\n<h2 class=\"wp-block-heading\"><strong>Co je to ten \u201ecasual dress code\u201c?<\/strong><\/h2>\n\n\n\n<p>&nbsp;Je\u0161t\u011b d\u016fle\u017eit\u011bj\u0161\u00ed ot\u00e1zka,<strong> jak se obl\u00e9ct \u201ecasual\u201c?<\/strong> Pojem casual, bychom mohli p\u0159elo\u017eit z angli\u010dtiny jako: neform\u00e1ln\u00ed, p\u0159\u00edle\u017eitostn\u00fd, le\u017e\u00e9rn\u00ed. Casual dress code, jak jste ji\u017e ur\u010dit\u011b pochopili z \u010desk\u00e9ho p\u0159ekladu, je outfit, kter\u00fd si obl\u00e9knete v b\u011b\u017en\u00fd den. Je to va\u0161e ka\u017edodenn\u00ed oble\u010den\u00ed. To samoz\u0159ejm\u011b pro ka\u017ed\u00e9ho m\u016f\u017ee znamenat n\u011bco tro\u0161ku jin\u00e9ho. Jsou to v\u0161ak obecn\u011b va\u0161e obl\u00edben\u00e9 a <strong>klasick\u00e9 d\u017e\u00edny nebo kalhoty, triko \u010di jin\u00fd top<\/strong>. Vkusn\u00e9 tenisky, mokas\u00edny nebo dal\u0161\u00ed <a href=\"https:\/\/ccc.eu\/cz\/damske\/boty\"><strong>pohodln\u00e9 boty.<\/strong><\/a> Jednoduch\u00e9 <strong>svetry a kardigany. Minimalistick\u00e9 dopl\u0148ky.<\/strong><\/p>\n\n\n\n<p>Zn\u00ed to mo\u017en\u00e1 a\u017e p\u0159\u00edli\u0161 dob\u0159e, \u017ee? Mo\u017en\u00e1 se pt\u00e1te, jestli m\u00e1 tento styl n\u011bjak\u00e1 omezen\u00ed. Ur\u010dit\u011b byste m\u011bli vynechat <strong>\u201ep\u0159ehnan\u011b neform\u00e1ln\u00ed kousky oble\u010den\u00ed\u201c. <\/strong>Roztrhan\u00e9 d\u017e\u00edny od stehen a\u017e ke kotn\u00edk\u016fm, dvan\u00e1ctilet\u00e9 tepl\u00e1ky s fleky, kter\u00e9 u\u017e toho za\u017eily hodn\u011b nebo \u017eabky. Ty pat\u0159\u00ed na pl\u00e1\u017e. <strong>Z\u00e1kladem causal dress code stylu m\u00e1 b\u00fdt pohodl\u00ed, jednoduchost, uvoln\u011bnost, ale po\u0159\u00e1d vkusnost.<\/strong><\/p>\n\n\n\n<shortcode prop-category=\"Polobotky\" prop-manufacturer=\"Gino Rossi\" prop-load-num=\"12\" prop-display-num=\"4\" prop-sku=\"5904248728274, 5904248518400, 5904248765439, 5904248499136, 5904248195229, 5904248591717, 5904248290535\" prop-view=\"slider\"><\/shortcode>        <div\r\n            class=\"eob-pf-shortcode\"\r\n            id=\"eobpf69f4167f0cffb\"\r\n        >\r\n            <shortcode prop-category=\"Polobotky\" prop-manufacturer=\"Gino Rossi\" prop-load-num=\"12\" prop-display-num=\"4\" prop-sku=\"5904248728274, 5904248518400, 5904248765439, 5904248499136, 5904248195229, 5904248591717, 5904248290535\" prop-view=\"slider\"><\/shortcode>        <\/div>\r\n\t\t<script>\r\n\t\t\tjQuery(document).ready(() => {\r\n\t\t\t    const root = document.getElementById('eobpf69f4167f0cffb');\r\n                Vue.createApp({\r\n\t                components: {\r\n\t                    shortcode\r\n\t                }\r\n                }).mount(root);\r\n\t\t\t});\r\n\t\t<\/script>\r\n\t\t\r\n\t\t\n\n\n\n<p><\/p>\n\n\n\n<p><strong>K samotn\u00e9mu pojmu casual dress code se mohou p\u0159idat tak\u00e9 v\u00fdrazy: smart casual \u010di business casual. Jak\u00fd je mezi nimi rozd\u00edl?<\/strong><\/p>\n\n\n\n<h2 class=\"wp-block-heading\"><strong>Smart casual dress code<\/strong><\/h2>\n\n\n\n<p>Znamen\u00e1 <strong>zlatou &#8211; st\u0159edn\u00ed cestu mezi casual a form\u00e1ln\u00edm oble\u010den\u00edm. <\/strong>V\u00e1\u0161 outfit by nem\u011bl b\u00fdt p\u0159\u00edli\u0161 le\u017e\u00e9rn\u00ed, ale ani spole\u010densk\u00fd. Mu\u017ei mohou ko\u0161ili zapnutou a\u017e po krk nechat doma a pod sako si obl\u00e9ct poloko\u0161ili nebo tri\u010dko. \u017deny mohou vsadit na sukni nebo \u0161aty v \u00e1\u010dkov\u00e9m st\u0159ihu a uzav\u0159en\u00e9 sand\u00e1ly nebo voln\u00e9 kalhoty a zakasanou ko\u0161ili.<\/p>\n\n\n\n<h2 class=\"wp-block-heading\"><strong>Business casual dress code<\/strong><\/h2>\n\n\n\n<p>\u010casto se nos\u00ed jako ka\u017edodenn\u00ed oble\u010den\u00ed do pr\u00e1ce nebo na pracovn\u00ed sch\u016fzku. Pova\u017euje se za <strong>v\u00edce form\u00e1ln\u00ed verzi smart casual.<\/strong> Mu\u017ei se v tomto stylu mohou obl\u00e9ct do sportovn\u00edho saka, kalhot a nam\u00edsto spole\u010densk\u00e9 ko\u0161ile si vz\u00edt polotri\u010dko. Pro \u017eeny jsou vhodn\u00e9 pouzdrov\u00e9 \u0161aty a sukn\u011b \u010di spole\u010densk\u00e9 kalhoty s bl\u016fzkou a jednozna\u010dn\u011b lodi\u010dky.<\/p>\n\n\n\n<shortcode prop-category=\"D\u00e1msk\u00e9 kabelky\" prop-manufacturer=\"Gino Rossi\" prop-load-num=\"12\" prop-display-num=\"4\" prop-sku=\"5904248077655, 5904248070915, 5904248037574, 5903698832647, 5904248781217, 5904248800727, 5903698945712\" prop-view=\"slider\"><\/shortcode>        <div\r\n            class=\"eob-pf-shortcode\"\r\n            id=\"eobpf69f4167f0d116\"\r\n        >\r\n            <shortcode prop-category=\"D\u00e1msk\u00e9 kabelky\" prop-manufacturer=\"Gino Rossi\" prop-load-num=\"12\" prop-display-num=\"4\" prop-sku=\"5904248077655, 5904248070915, 5904248037574, 5903698832647, 5904248781217, 5904248800727, 5903698945712\" prop-view=\"slider\"><\/shortcode>        <\/div>\r\n\t\t<script>\r\n\t\t\tjQuery(document).ready(() => {\r\n\t\t\t    const root = document.getElementById('eobpf69f4167f0d116');\r\n                Vue.createApp({\r\n\t                components: {\r\n\t                    shortcode\r\n\t                }\r\n                }).mount(root);\r\n\t\t\t});\r\n\t\t<\/script>\r\n\t\t\r\n\t\t\n\n\n\n<p><\/p>\n\n\n\n<h2 class=\"wp-block-heading\"><strong>Jak vypad\u00e1 dokonal\u00fd casual dress code do kancel\u00e1\u0159e?<\/strong><\/h2>\n\n\n\n<p>V p\u0159\u00edpad\u011b, \u017ee m\u00e1te <strong>ve sv\u00e9 pr\u00e1ci na\u0159\u00edzeno nosit casual dress code<\/strong> nebo by se v\u00e1m hodily tipy, jak se obl\u00e9ct neform\u00e1ln\u011b, ale p\u0159itom st\u00e1le vkusn\u011b tak \u010dt\u011bte d\u00e1le. Ide\u00e1ln\u00ed casual dress code do pr\u00e1ce m\u016f\u017ee vypadat jako va\u0161e klasick\u00e9, ka\u017edodenn\u00ed oble\u010den\u00ed, av\u0161ak ve skv\u011bl\u00e9 kondici. \u010cist\u00e9 a vy\u017eehlen\u00e9, jednodu\u0161e jako ze \u0161katulky. <strong>Dejte si tak\u00e9 pozor na p\u0159ehnan\u00e9 m\u00f3dn\u00ed v\u00fdst\u0159elky<\/strong> jako p\u0159\u00edli\u0161 velk\u00e9 a \u0161irok\u00e9, nesed\u00edc\u00ed oble\u010den\u00ed, tepl\u00e1kovinu, roztrhan\u00e9 a d\u011brav\u00e9 v\u011bci \u010di p\u0159\u00edli\u0161 vyz\u00fdvav\u00e9 a odhaluj\u00edc\u00ed kousky.<\/p>\n\n\n\n<p>Naopak, vhodn\u00e9 jsou dob\u0159e sed\u00edc\u00ed <strong>kalhoty nebo slu\u0161n\u00e9 d\u017e\u00edny a ko\u0161ile, \u0161aty a sukn\u011b po kolena<\/strong>. T<strong>ri\u010dka s kr\u00e1tk\u00fdm nebo dlouh\u00fdm ruk\u00e1vem, jednobarevn\u00e9 nebo jemn\u011b vzorovan\u00e9 topy.<\/strong> Z bot si m\u016f\u017eete vybrat <a href=\"https:\/\/ccc.eu\/cz\/panske\/boty\/polobotky\"><strong>mokas\u00edny, polobotky<\/strong><\/a> a <strong>lodi\u010dky<\/strong>, v n\u011bkter\u00fdch p\u0159\u00edpadech i sand\u00e1ly nebo tenisky. Plat\u00ed zde heslo, m\u00e9n\u011b je v\u00edce.<br><br><strong>\u017deny <\/strong>mohou zvolit nude nebo smetanov\u00e9 kalhoty s jednobarevn\u00fdm topem a kardiganem, mokas\u00edny, v\u011bt\u0161\u00ed kabelku a jednoduch\u00e9 dopl\u0148ky. Vhodn\u00e9 jsou tak\u00e9 \u0161aty a sand\u00e1ly na platform\u011b. <strong>Mu\u017ei <\/strong>nic nezkaz\u00ed tmav\u00fdmi d\u017e\u00edny, poloko\u0161il\u00ed nebo polotri\u010dkem a vkusn\u00fdmi teniskami nebo polobotkami.<\/p>\n\n\n\n<h2 class=\"wp-block-heading\"><strong>Casual dress code \u017eeny \u2013 3 esenci\u00e1ln\u00ed kousky, kter\u00e9 mus\u00edte m\u00edt v \u0161atn\u00edku<\/strong><\/h2>\n\n\n\n<p>Je pr\u00e1v\u011b casual dress code styl obl\u00e9k\u00e1n\u00ed, kter\u00fd nos\u00edte nej\u010dast\u011bji? V tom p\u0159\u00edpad\u011b do \u0161atn\u00edku ur\u010dit\u011b doporu\u010dujeme za\u0159adit <strong>kvalitn\u00ed ko\u0161ili<\/strong>. Nemus\u00ed b\u00fdt zrovna b\u00edl\u00e1, pokud ji nem\u00e1te v oblib\u011b, ale jedna jednobarevn\u00e1, dob\u0159e padnouc\u00ed ko\u0161ile je \u201emust have\u201c. Dok\u00e1\u017eete ji zkombinovat k velk\u00e9mu mno\u017estv\u00ed outfit\u016f a ur\u010dit\u011b se v\u00e1m bude hodit. Dal\u0161\u00ed kousek, kter\u00fd si doporu\u010dujeme po\u0159\u00eddit jsou <strong>nude, hn\u011bd\u00e9 nebo \u010dern\u00e9 mokas\u00edny.<\/strong> Vyu\u017eijete je, krom\u011b ke kalhot\u016fm a rifl\u00edm, i k neform\u00e1ln\u011bj\u0161\u00edm a jednodu\u0161\u0161\u00edm sukn\u00edm a \u0161at\u016fm. Posledn\u00ed \u010d\u00e1st\u00ed outfitu, kterou dopln\u00edte perfektn\u00ed casual dress code, jsou <strong>tmav\u00e9 kalhoty nebo d\u017e\u00edny.<\/strong><\/p>\n\n\n\n<h2 class=\"wp-block-heading\"><strong>Casual dress code mu\u017ei \u2013 sta\u010d\u00ed v\u00e1m jen 3 z\u00e1kladn\u00ed kousky<\/strong><\/h2>\n\n\n\n<p>Pro mu\u017ee plat\u00ed n\u011bco podobn\u00e9ho jako pro \u017eeny. Na vhodn\u00fd casual dress code do \u0161atn\u00edku doporu\u010dujeme za\u0159adit jednobarevnou, dob\u0159e padnouc\u00ed <strong>ko\u0161ili, p\u0159\u00edpadn\u011b poloko\u0161ili<\/strong>. Tu dok\u00e1\u017eete dob\u0159e sladit k spodn\u00edmu \u010d\u00e1sti od\u011bvu, t<strong>mav\u00fdm kalhot\u00e1m nebo d\u017e\u00edn\u00e1m bez d\u011br. <\/strong>Posledn\u00edm kouskem, kter\u00fd doporu\u010dujeme zkombinovat ve stylu casual dress code jsou <a href=\"https:\/\/ccc.eu\/cz\/panske\/boty\/polobotky\/znacka:lasocki\"><strong>kvalitn\u00ed oxford boty.<\/strong><\/a><strong><\/strong><\/p>\n","protected":false},"excerpt":{"rendered":"<p>Dostali jste pozv\u00e1nku na ud\u00e1lost, na kter\u00e9 st\u00e1lo: \u201ecasual dress code\u201d, p\u0159\u00edpadn\u011b jste nastoupili do nov\u00e9 pr\u00e1ce a zjistili jste, \u017ee p\u0159edepsan\u00fd styl obl\u00e9k\u00e1n\u00ed je takzvan\u00fd \u201esmart casual\u201c? Pokud v\u00e1h\u00e1te, co si vz\u00edt na sebe a \u010demu se vyvarovat, jste u n\u00e1s spr\u00e1vn\u011b! V \u010dl\u00e1nku se dozv\u00edte, co p\u0159esn\u011b znamen\u00e1 pojem casual dress code, jak [&hellip;]<\/p>\n","protected":false},"author":12,"featured_media":5085,"comment_status":"open","ping_status":"open","sticky":false,"template":"","format":"standard","meta":{"_acf_changed":false,"footnotes":""},"categories":[4],"tags":[716,715,714],"class_list":["post-5083","post","type-post","status-publish","format-standard","has-post-thumbnail","hentry","category-modni-tipy","tag-business-casual","tag-casual","tag-casual-dress-code"],"acf":[],"yoast_head":"<!-- This site is optimized with the Yoast SEO plugin v26.9 - https:\/\/yoast.com\/product\/yoast-seo-wordpress\/ -->\n<title>Jak nosit casual dress code? Porad\u00edme v\u00e1m! - blog.ccc.eu\/cz<\/title>\n<meta name=\"description\" content=\"Casual dress code se m\u016f\u017ee objevit v pozv\u00e1nce na p\u00e1rty \u010di jako doporu\u010den\u00fd styl obl\u00e9k\u00e1n\u00ed v nov\u00e9 pr\u00e1ci. V\u00edte, jak se obl\u00e9ct \u201ecasual?\u201c Dozv\u00edte se v \u010dl\u00e1nku! 2026\" \/>\n<meta name=\"robots\" content=\"index, follow, max-snippet:-1, max-image-preview:large, max-video-preview:-1\" \/>\n<link rel=\"canonical\" href=\"https:\/\/blog.ccc.eu\/cz\/jak-nosit-casual-dress-code-poradime-vam\/\" \/>\n<meta property=\"og:locale\" content=\"cs_CZ\" \/>\n<meta property=\"og:type\" content=\"article\" \/>\n<meta property=\"og:title\" content=\"Jak nosit casual dress code? Porad\u00edme v\u00e1m! - blog.ccc.eu\/cz\" \/>\n<meta property=\"og:description\" content=\"Casual dress code se m\u016f\u017ee objevit v pozv\u00e1nce na p\u00e1rty \u010di jako doporu\u010den\u00fd styl obl\u00e9k\u00e1n\u00ed v nov\u00e9 pr\u00e1ci. V\u00edte, jak se obl\u00e9ct \u201ecasual?\u201c Dozv\u00edte se v \u010dl\u00e1nku!\" \/>\n<meta property=\"og:url\" content=\"https:\/\/blog.ccc.eu\/cz\/jak-nosit-casual-dress-code-poradime-vam\/\" \/>\n<meta property=\"og:site_name\" content=\"blog.ccc.eu\/cz\" \/>\n<meta property=\"article:published_time\" content=\"2022-06-27T13:17:35+00:00\" \/>\n<meta property=\"article:modified_time\" content=\"2023-02-02T10:04:51+00:00\" \/>\n<meta property=\"og:image\" content=\"https:\/\/blog.ccc.eu\/cz\/wp-content\/uploads\/2022\/06\/SIMPLE-LINDA-TOLL_Shot-8_1747-1.jpg\" \/>\n\t<meta property=\"og:image:width\" content=\"1095\" \/>\n\t<meta property=\"og:image:height\" content=\"1643\" \/>\n\t<meta property=\"og:image:type\" content=\"image\/jpeg\" \/>\n<meta name=\"author\" content=\"Lena\" \/>\n<meta name=\"twitter:card\" content=\"summary_large_image\" \/>\n<meta name=\"twitter:label1\" content=\"Napsal(a)\" \/>\n\t<meta name=\"twitter:data1\" content=\"Lena\" \/>\n\t<meta name=\"twitter:label2\" content=\"Odhadovan\u00e1 doba \u010dten\u00ed\" \/>\n\t<meta name=\"twitter:data2\" content=\"5 minut\" \/>\n<script type=\"application\/ld+json\" class=\"yoast-schema-graph\">{\"@context\":\"https:\/\/schema.org\",\"@graph\":[{\"@type\":\"Article\",\"@id\":\"https:\/\/blog.ccc.eu\/cz\/jak-nosit-casual-dress-code-poradime-vam\/#article\",\"isPartOf\":{\"@id\":\"https:\/\/blog.ccc.eu\/cz\/jak-nosit-casual-dress-code-poradime-vam\/\"},\"author\":{\"name\":\"Lena\",\"@id\":\"https:\/\/blog.ccc.eu\/cz\/#\/schema\/person\/6d50a49f9c84d32a489180be7a29155d\"},\"headline\":\"Jak nosit casual dress code? Porad\u00edme v\u00e1m!\",\"datePublished\":\"2022-06-27T13:17:35+00:00\",\"dateModified\":\"2023-02-02T10:04:51+00:00\",\"mainEntityOfPage\":{\"@id\":\"https:\/\/blog.ccc.eu\/cz\/jak-nosit-casual-dress-code-poradime-vam\/\"},\"wordCount\":1017,\"commentCount\":0,\"publisher\":{\"@id\":\"https:\/\/blog.ccc.eu\/cz\/#organization\"},\"image\":{\"@id\":\"https:\/\/blog.ccc.eu\/cz\/jak-nosit-casual-dress-code-poradime-vam\/#primaryimage\"},\"thumbnailUrl\":\"https:\/\/blog.ccc.eu\/cz\/wp-content\/uploads\/2022\/06\/SIMPLE-LINDA-TOLL_Shot-8_1747-1.jpg\",\"keywords\":[\"business casual\",\"casual\",\"casual dress code\"],\"articleSection\":[\"M\u00d3DN\u00cd TIPY\"],\"inLanguage\":\"cs\",\"potentialAction\":[{\"@type\":\"CommentAction\",\"name\":\"Comment\",\"target\":[\"https:\/\/blog.ccc.eu\/cz\/jak-nosit-casual-dress-code-poradime-vam\/#respond\"]}]},{\"@type\":\"WebPage\",\"@id\":\"https:\/\/blog.ccc.eu\/cz\/jak-nosit-casual-dress-code-poradime-vam\/\",\"url\":\"https:\/\/blog.ccc.eu\/cz\/jak-nosit-casual-dress-code-poradime-vam\/\",\"name\":\"Jak nosit casual dress code? Porad\u00edme v\u00e1m! - blog.ccc.eu\/cz\",\"isPartOf\":{\"@id\":\"https:\/\/blog.ccc.eu\/cz\/#website\"},\"primaryImageOfPage\":{\"@id\":\"https:\/\/blog.ccc.eu\/cz\/jak-nosit-casual-dress-code-poradime-vam\/#primaryimage\"},\"image\":{\"@id\":\"https:\/\/blog.ccc.eu\/cz\/jak-nosit-casual-dress-code-poradime-vam\/#primaryimage\"},\"thumbnailUrl\":\"https:\/\/blog.ccc.eu\/cz\/wp-content\/uploads\/2022\/06\/SIMPLE-LINDA-TOLL_Shot-8_1747-1.jpg\",\"datePublished\":\"2022-06-27T13:17:35+00:00\",\"dateModified\":\"2023-02-02T10:04:51+00:00\",\"description\":\"Casual dress code se m\u016f\u017ee objevit v pozv\u00e1nce na p\u00e1rty \u010di jako doporu\u010den\u00fd styl obl\u00e9k\u00e1n\u00ed v nov\u00e9 pr\u00e1ci. V\u00edte, jak se obl\u00e9ct \u201ecasual?\u201c Dozv\u00edte se v \u010dl\u00e1nku!\",\"breadcrumb\":{\"@id\":\"https:\/\/blog.ccc.eu\/cz\/jak-nosit-casual-dress-code-poradime-vam\/#breadcrumb\"},\"inLanguage\":\"cs\",\"potentialAction\":[{\"@type\":\"ReadAction\",\"target\":[\"https:\/\/blog.ccc.eu\/cz\/jak-nosit-casual-dress-code-poradime-vam\/\"]}]},{\"@type\":\"ImageObject\",\"inLanguage\":\"cs\",\"@id\":\"https:\/\/blog.ccc.eu\/cz\/jak-nosit-casual-dress-code-poradime-vam\/#primaryimage\",\"url\":\"https:\/\/blog.ccc.eu\/cz\/wp-content\/uploads\/2022\/06\/SIMPLE-LINDA-TOLL_Shot-8_1747-1.jpg\",\"contentUrl\":\"https:\/\/blog.ccc.eu\/cz\/wp-content\/uploads\/2022\/06\/SIMPLE-LINDA-TOLL_Shot-8_1747-1.jpg\",\"width\":1095,\"height\":1643,\"caption\":\"Khaki bomber\"},{\"@type\":\"BreadcrumbList\",\"@id\":\"https:\/\/blog.ccc.eu\/cz\/jak-nosit-casual-dress-code-poradime-vam\/#breadcrumb\",\"itemListElement\":[{\"@type\":\"ListItem\",\"position\":1,\"name\":\"Strona g\u0142\u00f3wna\",\"item\":\"https:\/\/blog.ccc.eu\/cz\/\"},{\"@type\":\"ListItem\",\"position\":2,\"name\":\"Jak nosit casual dress code? Porad\u00edme v\u00e1m!\"}]},{\"@type\":\"WebSite\",\"@id\":\"https:\/\/blog.ccc.eu\/cz\/#website\",\"url\":\"https:\/\/blog.ccc.eu\/cz\/\",\"name\":\"blog.ccc.eu\/cz\",\"description\":\"Va\u0161e m\u00edsto pln\u00e9 m\u00f3dn\u00edch inspirac\u00ed\",\"publisher\":{\"@id\":\"https:\/\/blog.ccc.eu\/cz\/#organization\"},\"potentialAction\":[{\"@type\":\"SearchAction\",\"target\":{\"@type\":\"EntryPoint\",\"urlTemplate\":\"https:\/\/blog.ccc.eu\/cz\/?s={search_term_string}\"},\"query-input\":{\"@type\":\"PropertyValueSpecification\",\"valueRequired\":true,\"valueName\":\"search_term_string\"}}],\"inLanguage\":\"cs\"},{\"@type\":\"Organization\",\"@id\":\"https:\/\/blog.ccc.eu\/cz\/#organization\",\"name\":\"CCC S.A.\",\"url\":\"https:\/\/blog.ccc.eu\/cz\/\",\"logo\":{\"@type\":\"ImageObject\",\"inLanguage\":\"cs\",\"@id\":\"https:\/\/blog.ccc.eu\/cz\/#\/schema\/logo\/image\/\",\"url\":\"https:\/\/blog.ccc.eu\/cz\/wp-content\/uploads\/2021\/11\/logo_ccc.png\",\"contentUrl\":\"https:\/\/blog.ccc.eu\/cz\/wp-content\/uploads\/2021\/11\/logo_ccc.png\",\"width\":730,\"height\":270,\"caption\":\"CCC S.A.\"},\"image\":{\"@id\":\"https:\/\/blog.ccc.eu\/cz\/#\/schema\/logo\/image\/\"}},{\"@type\":\"Person\",\"@id\":\"https:\/\/blog.ccc.eu\/cz\/#\/schema\/person\/6d50a49f9c84d32a489180be7a29155d\",\"name\":\"Lena\",\"image\":{\"@type\":\"ImageObject\",\"inLanguage\":\"cs\",\"@id\":\"https:\/\/blog.ccc.eu\/cz\/#\/schema\/person\/image\/\",\"url\":\"https:\/\/blog.ccc.eu\/cz\/wp-content\/uploads\/2022\/06\/MicrosoftTeams-image-2-100x100.jpg\",\"contentUrl\":\"https:\/\/blog.ccc.eu\/cz\/wp-content\/uploads\/2022\/06\/MicrosoftTeams-image-2-100x100.jpg\",\"caption\":\"Lena\"},\"description\":\"Absolventka digit\u00e1ln\u00edho marketingu se zku\u0161enostmi s obsahov\u00fdm marketingem a (velmi p\u0159ekvapiv\u011b) copywritingem. Ve voln\u00e9m \u010dase r\u00e1da nos\u00ed platformy a sna\u017e\u00ed se vyva\u017eovat n\u00e1kupy ve fast-fashion \u0159et\u011bzc\u00edch, swapov\u00e1n\u00edm.\",\"url\":\"https:\/\/blog.ccc.eu\/cz\/author\/katarzyna-kostygin\/\"}]}<\/script>\n<!-- \/ Yoast SEO plugin. -->","yoast_head_json":{"title":"Jak nosit casual dress code? Porad\u00edme v\u00e1m! - blog.ccc.eu\/cz","description":"Casual dress code se m\u016f\u017ee objevit v pozv\u00e1nce na p\u00e1rty \u010di jako doporu\u010den\u00fd styl obl\u00e9k\u00e1n\u00ed v nov\u00e9 pr\u00e1ci. V\u00edte, jak se obl\u00e9ct \u201ecasual?\u201c Dozv\u00edte se v \u010dl\u00e1nku! 2026","robots":{"index":"index","follow":"follow","max-snippet":"max-snippet:-1","max-image-preview":"max-image-preview:large","max-video-preview":"max-video-preview:-1"},"canonical":"https:\/\/blog.ccc.eu\/cz\/jak-nosit-casual-dress-code-poradime-vam\/","og_locale":"cs_CZ","og_type":"article","og_title":"Jak nosit casual dress code? Porad\u00edme v\u00e1m! - blog.ccc.eu\/cz","og_description":"Casual dress code se m\u016f\u017ee objevit v pozv\u00e1nce na p\u00e1rty \u010di jako doporu\u010den\u00fd styl obl\u00e9k\u00e1n\u00ed v nov\u00e9 pr\u00e1ci. V\u00edte, jak se obl\u00e9ct \u201ecasual?\u201c Dozv\u00edte se v \u010dl\u00e1nku!","og_url":"https:\/\/blog.ccc.eu\/cz\/jak-nosit-casual-dress-code-poradime-vam\/","og_site_name":"blog.ccc.eu\/cz","article_published_time":"2022-06-27T13:17:35+00:00","article_modified_time":"2023-02-02T10:04:51+00:00","og_image":[{"width":1095,"height":1643,"url":"https:\/\/blog.ccc.eu\/cz\/wp-content\/uploads\/2022\/06\/SIMPLE-LINDA-TOLL_Shot-8_1747-1.jpg","type":"image\/jpeg"}],"author":"Lena","twitter_card":"summary_large_image","twitter_misc":{"Napsal(a)":"Lena","Odhadovan\u00e1 doba \u010dten\u00ed":"5 minut"},"schema":{"@context":"https:\/\/schema.org","@graph":[{"@type":"Article","@id":"https:\/\/blog.ccc.eu\/cz\/jak-nosit-casual-dress-code-poradime-vam\/#article","isPartOf":{"@id":"https:\/\/blog.ccc.eu\/cz\/jak-nosit-casual-dress-code-poradime-vam\/"},"author":{"name":"Lena","@id":"https:\/\/blog.ccc.eu\/cz\/#\/schema\/person\/6d50a49f9c84d32a489180be7a29155d"},"headline":"Jak nosit casual dress code? Porad\u00edme v\u00e1m!","datePublished":"2022-06-27T13:17:35+00:00","dateModified":"2023-02-02T10:04:51+00:00","mainEntityOfPage":{"@id":"https:\/\/blog.ccc.eu\/cz\/jak-nosit-casual-dress-code-poradime-vam\/"},"wordCount":1017,"commentCount":0,"publisher":{"@id":"https:\/\/blog.ccc.eu\/cz\/#organization"},"image":{"@id":"https:\/\/blog.ccc.eu\/cz\/jak-nosit-casual-dress-code-poradime-vam\/#primaryimage"},"thumbnailUrl":"https:\/\/blog.ccc.eu\/cz\/wp-content\/uploads\/2022\/06\/SIMPLE-LINDA-TOLL_Shot-8_1747-1.jpg","keywords":["business casual","casual","casual dress code"],"articleSection":["M\u00d3DN\u00cd TIPY"],"inLanguage":"cs","potentialAction":[{"@type":"CommentAction","name":"Comment","target":["https:\/\/blog.ccc.eu\/cz\/jak-nosit-casual-dress-code-poradime-vam\/#respond"]}]},{"@type":"WebPage","@id":"https:\/\/blog.ccc.eu\/cz\/jak-nosit-casual-dress-code-poradime-vam\/","url":"https:\/\/blog.ccc.eu\/cz\/jak-nosit-casual-dress-code-poradime-vam\/","name":"Jak nosit casual dress code? Porad\u00edme v\u00e1m! - blog.ccc.eu\/cz","isPartOf":{"@id":"https:\/\/blog.ccc.eu\/cz\/#website"},"primaryImageOfPage":{"@id":"https:\/\/blog.ccc.eu\/cz\/jak-nosit-casual-dress-code-poradime-vam\/#primaryimage"},"image":{"@id":"https:\/\/blog.ccc.eu\/cz\/jak-nosit-casual-dress-code-poradime-vam\/#primaryimage"},"thumbnailUrl":"https:\/\/blog.ccc.eu\/cz\/wp-content\/uploads\/2022\/06\/SIMPLE-LINDA-TOLL_Shot-8_1747-1.jpg","datePublished":"2022-06-27T13:17:35+00:00","dateModified":"2023-02-02T10:04:51+00:00","description":"Casual dress code se m\u016f\u017ee objevit v pozv\u00e1nce na p\u00e1rty \u010di jako doporu\u010den\u00fd styl obl\u00e9k\u00e1n\u00ed v nov\u00e9 pr\u00e1ci. V\u00edte, jak se obl\u00e9ct \u201ecasual?\u201c Dozv\u00edte se v \u010dl\u00e1nku!","breadcrumb":{"@id":"https:\/\/blog.ccc.eu\/cz\/jak-nosit-casual-dress-code-poradime-vam\/#breadcrumb"},"inLanguage":"cs","potentialAction":[{"@type":"ReadAction","target":["https:\/\/blog.ccc.eu\/cz\/jak-nosit-casual-dress-code-poradime-vam\/"]}]},{"@type":"ImageObject","inLanguage":"cs","@id":"https:\/\/blog.ccc.eu\/cz\/jak-nosit-casual-dress-code-poradime-vam\/#primaryimage","url":"https:\/\/blog.ccc.eu\/cz\/wp-content\/uploads\/2022\/06\/SIMPLE-LINDA-TOLL_Shot-8_1747-1.jpg","contentUrl":"https:\/\/blog.ccc.eu\/cz\/wp-content\/uploads\/2022\/06\/SIMPLE-LINDA-TOLL_Shot-8_1747-1.jpg","width":1095,"height":1643,"caption":"Khaki bomber"},{"@type":"BreadcrumbList","@id":"https:\/\/blog.ccc.eu\/cz\/jak-nosit-casual-dress-code-poradime-vam\/#breadcrumb","itemListElement":[{"@type":"ListItem","position":1,"name":"Strona g\u0142\u00f3wna","item":"https:\/\/blog.ccc.eu\/cz\/"},{"@type":"ListItem","position":2,"name":"Jak nosit casual dress code? Porad\u00edme v\u00e1m!"}]},{"@type":"WebSite","@id":"https:\/\/blog.ccc.eu\/cz\/#website","url":"https:\/\/blog.ccc.eu\/cz\/","name":"blog.ccc.eu\/cz","description":"Va\u0161e m\u00edsto pln\u00e9 m\u00f3dn\u00edch inspirac\u00ed","publisher":{"@id":"https:\/\/blog.ccc.eu\/cz\/#organization"},"potentialAction":[{"@type":"SearchAction","target":{"@type":"EntryPoint","urlTemplate":"https:\/\/blog.ccc.eu\/cz\/?s={search_term_string}"},"query-input":{"@type":"PropertyValueSpecification","valueRequired":true,"valueName":"search_term_string"}}],"inLanguage":"cs"},{"@type":"Organization","@id":"https:\/\/blog.ccc.eu\/cz\/#organization","name":"CCC S.A.","url":"https:\/\/blog.ccc.eu\/cz\/","logo":{"@type":"ImageObject","inLanguage":"cs","@id":"https:\/\/blog.ccc.eu\/cz\/#\/schema\/logo\/image\/","url":"https:\/\/blog.ccc.eu\/cz\/wp-content\/uploads\/2021\/11\/logo_ccc.png","contentUrl":"https:\/\/blog.ccc.eu\/cz\/wp-content\/uploads\/2021\/11\/logo_ccc.png","width":730,"height":270,"caption":"CCC S.A."},"image":{"@id":"https:\/\/blog.ccc.eu\/cz\/#\/schema\/logo\/image\/"}},{"@type":"Person","@id":"https:\/\/blog.ccc.eu\/cz\/#\/schema\/person\/6d50a49f9c84d32a489180be7a29155d","name":"Lena","image":{"@type":"ImageObject","inLanguage":"cs","@id":"https:\/\/blog.ccc.eu\/cz\/#\/schema\/person\/image\/","url":"https:\/\/blog.ccc.eu\/cz\/wp-content\/uploads\/2022\/06\/MicrosoftTeams-image-2-100x100.jpg","contentUrl":"https:\/\/blog.ccc.eu\/cz\/wp-content\/uploads\/2022\/06\/MicrosoftTeams-image-2-100x100.jpg","caption":"Lena"},"description":"Absolventka digit\u00e1ln\u00edho marketingu se zku\u0161enostmi s obsahov\u00fdm marketingem a (velmi p\u0159ekvapiv\u011b) copywritingem. Ve voln\u00e9m \u010dase r\u00e1da nos\u00ed platformy a sna\u017e\u00ed se vyva\u017eovat n\u00e1kupy ve fast-fashion \u0159et\u011bzc\u00edch, swapov\u00e1n\u00edm.","url":"https:\/\/blog.ccc.eu\/cz\/author\/katarzyna-kostygin\/"}]}},"_links":{"self":[{"href":"https:\/\/blog.ccc.eu\/cz\/wp-json\/wp\/v2\/posts\/5083","targetHints":{"allow":["GET"]}}],"collection":[{"href":"https:\/\/blog.ccc.eu\/cz\/wp-json\/wp\/v2\/posts"}],"about":[{"href":"https:\/\/blog.ccc.eu\/cz\/wp-json\/wp\/v2\/types\/post"}],"author":[{"embeddable":true,"href":"https:\/\/blog.ccc.eu\/cz\/wp-json\/wp\/v2\/users\/12"}],"replies":[{"embeddable":true,"href":"https:\/\/blog.ccc.eu\/cz\/wp-json\/wp\/v2\/comments?post=5083"}],"version-history":[{"count":2,"href":"https:\/\/blog.ccc.eu\/cz\/wp-json\/wp\/v2\/posts\/5083\/revisions"}],"predecessor-version":[{"id":5580,"href":"https:\/\/blog.ccc.eu\/cz\/wp-json\/wp\/v2\/posts\/5083\/revisions\/5580"}],"wp:featuredmedia":[{"embeddable":true,"href":"https:\/\/blog.ccc.eu\/cz\/wp-json\/wp\/v2\/media\/5085"}],"wp:attachment":[{"href":"https:\/\/blog.ccc.eu\/cz\/wp-json\/wp\/v2\/media?parent=5083"}],"wp:term":[{"taxonomy":"category","embeddable":true,"href":"https:\/\/blog.ccc.eu\/cz\/wp-json\/wp\/v2\/categories?post=5083"},{"taxonomy":"post_tag","embeddable":true,"href":"https:\/\/blog.ccc.eu\/cz\/wp-json\/wp\/v2\/tags?post=5083"}],"curies":[{"name":"wp","href":"https:\/\/api.w.org\/{rel}","templated":true}]}}