{"id":5180,"date":"2022-08-09T09:22:37","date_gmt":"2022-08-09T07:22:37","guid":{"rendered":"https:\/\/blog.ccc.eu\/cz\/?p=5180"},"modified":"2022-11-24T15:08:36","modified_gmt":"2022-11-24T14:08:36","slug":"9-podzimnich-trendu-primo-z-modnich-prehlidek","status":"publish","type":"post","link":"https:\/\/blog.ccc.eu\/cz\/9-podzimnich-trendu-primo-z-modnich-prehlidek\/","title":{"rendered":"9 podzimn\u00edch trend\u016f p\u0159\u00edmo z\u00a0m\u00f3dn\u00edch p\u0159ehl\u00eddek"},"content":{"rendered":"\n<p><b>Plavky jsme do sk\u0159\u00edn\u011b je\u0161t\u011b neschovali, l\u00e9to vrchol\u00ed. My v\u00e1s mo\u017en\u00e1 tro\u0161ku zchlad\u00edme (nebo osv\u011b\u017e\u00edme?) my\u0161lenkami na p\u0159ich\u00e1zej\u00edc\u00ed podzim. A trendy, samoz\u0159ejm\u011b! Zapn\u011bte si ventil\u00e1tor nebo klimatizaci, do obl\u00edben\u00e9ho studen\u00e9ho n\u00e1poje si p\u0159idejte o dv\u011b kostky ledu nav\u00edc a pod\u00edvejme se spolu na m\u00f3dn\u00ed kousky tohoto podzimu.<\/b><\/p>\n\n\n\n<figure class=\"wp-block-gallery has-nested-images columns-default is-cropped wp-block-gallery-1 is-layout-flex wp-block-gallery-is-layout-flex\">\n<figure class=\"wp-block-image size-large\"><img loading=\"lazy\" decoding=\"async\" width=\"1024\" height=\"706\" data-id=\"5181\" src=\"https:\/\/blog.ccc.eu\/cz\/wp-content\/uploads\/2022\/08\/CCC_5904248284008_02M2-1024x706.jpg\" alt=\"\" class=\"wp-image-5181\"\/><\/figure>\n<\/figure>\n\n\n\n<h2 class=\"wp-block-heading\"><strong>N\u00e1vrat k&nbsp;b\u00edl\u00e9 jednoduchosti<\/strong><\/h2>\n\n\n\n<p>Pamatujete si je\u0161t\u011b na <em>star\u00e1-dobr\u00e1-b\u00edl\u00e1 t\u00edlka<\/em> (nebo n\u00e1t\u011bln\u00edky), kter\u00e9 v\u00e1s maminka nutila nosit pod oble\u010den\u00ed \u2013 jakmile teplom\u011br uk\u00e1zal m\u00e9n\u011b ne\u017e 10 \u00b0C? Jsou zp\u011bt! Samoz\u0159ejm\u011b, v tro\u0161ku aktualizovan\u00e9 podob\u011b. <a href=\"https:\/\/ccc.eu\/cz\/damske\/obleceni\/tricka\/barva:bila\"><strong>B\u00edl\u00e9 oby\u010dejn\u00e9 t\u00edlko<\/strong><\/a> m\u016f\u017eete sladit k minimalistick\u00e9mu outfitu \u2013 <strong>modr\u00fdm jeans\u016fm a tenisk\u00e1m<\/strong> nebo si s n\u00edm u\u017e\u00edt trochu v\u00edce z\u00e1bavy a pou\u017e\u00edt jej jako dopl\u0148kov\u00fd prvek k statement kousk\u016fm.<\/p>\n\n\n\n<h2 class=\"wp-block-heading\"><strong>Zv\u00fdraz\u0148ova\u010de nejen ve \u0161koln\u00edch pen\u00e1lech<\/strong><\/h2>\n\n\n\n<p>N\u00e1vrat do \u0161koly se sp\u00e1j\u00ed s koup\u00ed nov\u00e9 v\u00fdbavy. Se\u0161it\u016f, rt\u016f, knih a <strong>neonov\u00fdch zv\u00fdraz\u0148ova\u010d\u016f.<\/strong> Ty b\u011bhem podzimu 2022 neuvid\u00edme jen v pen\u00e1le ale z\u0159ejm\u011b i v m\u011bstsk\u00fdch ulic\u00edch. Jasn\u00e1 a v\u00fdrazn\u00e1 <em>barbie r\u016f\u017eov\u00e1, magenta, ne\u00f3nov\u00e1 \u017elut\u00e1 i hr\u00e1\u0161kov\u011b zelen\u00e1.<\/em> Vytvo\u0159te <strong>monochromatick\u00fd look pou\u017eit\u00edm jedn\u00e9 z&nbsp;v\u00fdrazn\u00fdch barev <\/strong>nebo ji dopl\u0148te k tlumen\u011bj\u0161\u00edm (nap\u0159\u00edklad b\u00edl\u00e9 \u010di \u0161ed\u00e9).<\/p>\n\n\n\n<shortcode prop-category=\"Tri\u010dka\" prop-color=\"B\u00cdL\u00c1\" prop-gender=\"D\u00e1mske\" prop-load-num=\"12\" prop-display-num=\"4\" prop-sku=\"2230023096225, 2230021001672, 5903698733739, 2230023098229, 2230021002013, 5903698486307, 5903698733548\" prop-view=\"slider\"><\/shortcode>        <div\r\n            class=\"eob-pf-shortcode\"\r\n            id=\"eobpf69f5edb819abb\"\r\n        >\r\n            <shortcode prop-category=\"Tri\u010dka\" prop-color=\"B\u00cdL\u00c1\" prop-gender=\"D\u00e1mske\" prop-load-num=\"12\" prop-display-num=\"4\" prop-sku=\"2230023096225, 2230021001672, 5903698733739, 2230023098229, 2230021002013, 5903698486307, 5903698733548\" prop-view=\"slider\"><\/shortcode>        <\/div>\r\n\t\t<script>\r\n\t\t\tjQuery(document).ready(() => {\r\n\t\t\t    const root = document.getElementById('eobpf69f5edb819abb');\r\n                Vue.createApp({\r\n\t                components: {\r\n\t                    shortcode\r\n\t                }\r\n                }).mount(root);\r\n\t\t\t});\r\n\t\t<\/script>\r\n\t\t\r\n\t\t\n\n\n\n<h2 class=\"wp-block-heading\"><strong>Pokroucen\u00fd tren\u010dkot<\/strong><\/h2>\n\n\n\n<p><strong>Podzimn\u00ed kab\u00e1t pat\u0159\u00ed k&nbsp;esenci\u00e1ln\u00edm kousk\u016fm \u0161atn\u00edku.<\/strong> Znamen\u00e1 to v\u0161ak, \u017ee m\u00e1me m\u00edt jen jeden jedin\u00fd \u2013 univerz\u00e1ln\u00ed a dost? To je samoz\u0159ejm\u011b na v\u00e1s. Pokud chcete posunout va\u0161\u00ed <em>podzimn\u00edmu \u201efashion game,\u201c <\/em>zkuste se poohl\u00e9dnout po netypick\u00e9m tren\u010dkotu. Nap\u0159\u00edklad <strong>atypick\u00fdm a&nbsp;nesymetrick\u00fdm.<\/strong> S&nbsp;extra hrub\u00fdm opaskem. Nebo tren\u010dkotov\u00fdch \u0161atech.<\/p>\n\n\n\n<h2 class=\"wp-block-heading\"><strong>\u010cerna je nov\u00e1&#8230; \u010derna<\/strong><\/h2>\n\n\n\n<p><em>\u010cernou p\u0159estanu nosit, a\u017e kdy\u017e vymysl\u00ed tmav\u0161\u00ed barvu.<\/em> Tak\u00e9 se ztoto\u017e\u0148ujete s touto my\u0161lenkou? B\u011bhem l\u00e9ta se j\u00ed zvykneme vyh\u00fdbat a nahrazovat ji barvami, kter\u00e9 slunce p\u0159itahuj\u00ed o n\u011bco m\u00e9n\u011b. Proto je podzim nejvhodn\u011bj\u0161\u00ed obdob\u00ed, kdy po n\u00ed op\u011bt s\u00e1hnout a po\u0159\u00e1dn\u011b si to u\u017e\u00edt.<\/p>\n\n\n\n<p><strong>\u010cern\u00e1 barva<\/strong> m\u00e1 spoustu benefit\u016f, vizu\u00e1ln\u011b ze\u0161t\u00edhluje a ka\u017ed\u00fd v n\u00ed prost\u011b vypad\u00e1 skv\u011ble. M\u016f\u017eete j\u00edt do \u010derno-\u010dern\u00e9ho outfitu (pouze pozor na r\u016fzn\u00e9 odst\u00edny \u010dern\u00e9). Chcete-li b\u00fdt trendy, k \u010dern\u00e9 jednoduchosti p\u0159idejte p\u00e1r <em>\u201eblinky \u2013 blinky\u201c prvky<\/em>. Bl\u00fdsknout se m\u016f\u017eete v&nbsp;<strong>\u010dern\u00fdch magick\u00fdch \u0161atech<\/strong> na tane\u010dn\u00ed parket\u011b i v&nbsp;<strong>\u010dern\u00e9m overalu<\/strong> na ve\u010de\u0159i s&nbsp;p\u0159\u00e1teli.<\/p>\n\n\n\n<h2 class=\"wp-block-heading\"><strong>Bombastick\u00e1 bomb\u00e9ra<\/strong><\/h2>\n\n\n\n<p><a href=\"https:\/\/ccc.eu\/cz\/damske\/obleceni\/bundy\"><strong>Bomb\u00e9ry<\/strong><\/a> jsou prost\u011b cool.<strong> Ko\u017een\u00e9 hn\u011bdou pod\u0161\u00edvkou,<\/strong> celo \u010dern\u00e9, obrovsk\u00e9 oversized nebo origin\u00e1ln\u00ed n\u00e1\u0161ivkou \u010di jinou aplikac\u00ed? Slad\u00edte je k va\u0161im obl\u00edben\u00fdm jeans\u016fm, \u0161irok\u00fdm kalhot\u00e1m nebo k\u00a0n\u00ed m\u016f\u017eete p\u0159ekvapit va\u0161e pozdn\u00ed letn\u00ed a romantick\u00e9 \u0161aty.\u00a0<\/p>\n\n\n\n<shortcode prop-category=\"Bundy\" prop-gender=\"D\u00e1mske\" prop-load-num=\"12\" prop-display-num=\"4\" prop-sku=\"2230025759609, 2230020924002, 2230021002525, 2230020923654, 2230020924705, 2230025769875, 5904248161262, 5904248157999\" prop-view=\"slider\"><\/shortcode>        <div\r\n            class=\"eob-pf-shortcode\"\r\n            id=\"eobpf69f5edb819bca\"\r\n        >\r\n            <shortcode prop-category=\"Bundy\" prop-gender=\"D\u00e1mske\" prop-load-num=\"12\" prop-display-num=\"4\" prop-sku=\"2230025759609, 2230020924002, 2230021002525, 2230020923654, 2230020924705, 2230025769875, 5904248161262, 5904248157999\" prop-view=\"slider\"><\/shortcode>        <\/div>\r\n\t\t<script>\r\n\t\t\tjQuery(document).ready(() => {\r\n\t\t\t    const root = document.getElementById('eobpf69f5edb819bca');\r\n                Vue.createApp({\r\n\t                components: {\r\n\t                    shortcode\r\n\t                }\r\n                }).mount(root);\r\n\t\t\t});\r\n\t\t<\/script>\r\n\t\t\r\n\t\t\n\n\n\n<p><\/p>\n\n\n\n<h2 class=\"wp-block-heading\"><strong>P\u0159edefinov\u00e1n\u00ed \u017eenskosti<\/strong><\/h2>\n\n\n\n<p>M\u00f3dn\u00ed n\u00e1vrh\u00e1\u0159i ve sv\u00fdch kolekc\u00edch \u010dasto odkazuj\u00ed na aktu\u00e1ln\u00ed situaci ve spole\u010dnosti. Co je dnes <em>\u017eensk\u00e9 a&nbsp;mu\u017esk\u00e9<\/em> je obt\u00ed\u017en\u011b definovateln\u00e9, hranice se st\u00edraj\u00ed a m\u00edchaj\u00ed. Vid\u011bt mu\u017ee v sukni \u2013 vzpome\u0148me Brada Pitta na premi\u00e9\u0159e filmu v Berl\u00edn\u011b nebo Harry Stylese (hmm, obecn\u011b?) \u2013 u\u017e nikoho ze \u017eidle jen tak nepostav\u00ed. Popul\u00e1rn\u00ed jsou v sou\u010dasnosti i <strong>\u017eensk\u00e9 smokingy.<\/strong><\/p>\n\n\n\n<p>Vn\u00edm\u00e1n\u00ed \u017eenskosti je subjektivn\u00ed, ale na m\u00f3dn\u00edch molech jsme mohli vid\u011bt typicky old school feminn\u00ed kousky: <strong>pastelov\u00e9, jemn\u00e9 barvy <\/strong>\u2013 staror\u016f\u017eovou, baby blue, fialovou a b\u00edlou,<strong> p\u00edrka, pr\u016fsvitn\u00e9 oble\u010den\u00ed, korzetov\u00e9 st\u0159ihy a krajku.<\/strong><\/p>\n\n\n\n<h2 class=\"wp-block-heading\"><strong>\u017divot v&nbsp;\u017eupanu&nbsp;<\/strong><\/h2>\n\n\n\n<p>Jsme si v minul\u00fdch letech u\u017eili v\u00edce ne\u017e dost. Proto n\u00e1m mo\u017en\u00e1 cht\u011bj\u00ed m\u00f3dn\u00ed n\u00e1vrh\u00e1\u0159i usnadnit p\u0159echod z postele p\u0159\u00edmo do ulic. A to v m\u011bkk\u00e9m, chlupat\u00e9m <strong>ko\u017eichu.<\/strong> Vegansk\u00e9m, samoz\u0159ejm\u011b. S tak\u00fdm outfitem se pracuje velmi jednodu\u0161e \u2013 sta\u010d\u00ed jen doplnit <strong>koza\u010dkami, kabelkou a&nbsp;obl\u00edben\u00fdm ka\u017edodenn\u00edm outfitem.<\/strong><\/p>\n\n\n\n<h2 class=\"wp-block-heading\"><strong>Milovan\u00e9 i nen\u00e1vid\u011bn\u00e9 osmdes\u00e1tky<\/strong><\/h2>\n\n\n\n<p>Odv\u00e1\u017en\u00e9, v\u00fdrazn\u00e9 a&#8230; <em>\u010derven\u00e9!<\/em> <strong>K\u016f\u017ee, k\u0159iklav\u00e9 odst\u00edny \u010derven\u00e9, \u017eensk\u00e1 silueta i objemn\u00e9 proporce. <\/strong><em>Glam look<\/em> se bude nosit.<\/p>\n\n\n\n<h2 class=\"wp-block-heading\"><strong>Dlouh\u00e9 m\u00edsto \u0161irok\u00e9<\/strong><\/h2>\n\n\n\n<p>\u017de by se \u010dasy <em>oversized <\/em>oble\u010den\u00ed stylu <em>Billie Eilish<\/em> ch\u00fdlilo ke konci? Jasn\u00e9 je, \u017ee na molech jsme sp\u00ed\u0161e mohli vid\u011bt <em>prodlou\u017eenou a&nbsp;obt\u00e1hnutou siluetu.<\/em> <strong>\u010cern\u00e9 a velmi dlouh\u00e9 rol\u00e1ky, obt\u00e1hnut\u00e9 p\u0159il\u00e9hav\u00e9 \u0161aty a\u017e na zem, dlouh\u00e1 jednobarevn\u00e1 saka <\/strong>\u2013 k\u016f\u017ee, k\u0159iklav\u00e9 odst\u00edny \u010derven\u00e9, \u017eensk\u00e1 silueta i objemn\u00e9 proporce.<\/p>\n","protected":false},"excerpt":{"rendered":"<p>Plavky jsme do sk\u0159\u00edn\u011b je\u0161t\u011b neschovali, l\u00e9to vrchol\u00ed. My v\u00e1s mo\u017en\u00e1 tro\u0161ku zchlad\u00edme (nebo osv\u011b\u017e\u00edme?) my\u0161lenkami na p\u0159ich\u00e1zej\u00edc\u00ed podzim. A trendy, samoz\u0159ejm\u011b! Zapn\u011bte si ventil\u00e1tor nebo klimatizaci, do obl\u00edben\u00e9ho studen\u00e9ho n\u00e1poje si p\u0159idejte o dv\u011b kostky ledu nav\u00edc a pod\u00edvejme se spolu na m\u00f3dn\u00ed kousky tohoto podzimu. N\u00e1vrat k&nbsp;b\u00edl\u00e9 jednoduchosti Pamatujete si je\u0161t\u011b na star\u00e1-dobr\u00e1-b\u00edl\u00e1 [&hellip;]<\/p>\n","protected":false},"author":12,"featured_media":5181,"comment_status":"open","ping_status":"open","sticky":false,"template":"","format":"standard","meta":{"_acf_changed":false,"footnotes":""},"categories":[6],"tags":[737,738,9],"class_list":["post-5180","post","type-post","status-publish","format-standard","has-post-thumbnail","hentry","category-trendy","tag-podzim","tag-podzimni-trendy","tag-trendy"],"acf":[],"yoast_head":"<!-- This site is optimized with the Yoast SEO plugin v26.9 - https:\/\/yoast.com\/product\/yoast-seo-wordpress\/ -->\n<title>9 podzimn\u00edch trend\u016f p\u0159\u00edmo z\u00a0m\u00f3dn\u00edch p\u0159ehl\u00eddek - blog.ccc.eu\/cz<\/title>\n<meta name=\"description\" content=\"L\u00e9to je pln\u00e9m proudu, ale my v\u00e1s osv\u011b\u017e\u00edme p\u0159ich\u00e1zej\u00edc\u00edmi podzimn\u00edmi trendy pro rok 2022! Zapn\u011bte si klimatizaci a poj\u010fme na to. 2026\" \/>\n<meta name=\"robots\" content=\"index, follow, max-snippet:-1, max-image-preview:large, max-video-preview:-1\" \/>\n<link rel=\"canonical\" href=\"https:\/\/blog.ccc.eu\/cz\/9-podzimnich-trendu-primo-z-modnich-prehlidek\/\" \/>\n<meta property=\"og:locale\" content=\"cs_CZ\" \/>\n<meta property=\"og:type\" content=\"article\" \/>\n<meta property=\"og:title\" content=\"9 podzimn\u00edch trend\u016f p\u0159\u00edmo z\u00a0m\u00f3dn\u00edch p\u0159ehl\u00eddek - blog.ccc.eu\/cz\" \/>\n<meta property=\"og:description\" content=\"L\u00e9to je pln\u00e9m proudu, ale my v\u00e1s osv\u011b\u017e\u00edme p\u0159ich\u00e1zej\u00edc\u00edmi podzimn\u00edmi trendy pro rok 2022! Zapn\u011bte si klimatizaci a poj\u010fme na to.\" \/>\n<meta property=\"og:url\" content=\"https:\/\/blog.ccc.eu\/cz\/9-podzimnich-trendu-primo-z-modnich-prehlidek\/\" \/>\n<meta property=\"og:site_name\" content=\"blog.ccc.eu\/cz\" \/>\n<meta property=\"article:published_time\" content=\"2022-08-09T07:22:37+00:00\" \/>\n<meta property=\"article:modified_time\" content=\"2022-11-24T14:08:36+00:00\" \/>\n<meta property=\"og:image\" content=\"https:\/\/blog.ccc.eu\/cz\/wp-content\/uploads\/2022\/08\/CCC_5904248284008_02M2-e1660029743959.jpg\" \/>\n\t<meta property=\"og:image:width\" content=\"530\" \/>\n\t<meta property=\"og:image:height\" content=\"717\" \/>\n\t<meta property=\"og:image:type\" content=\"image\/jpeg\" \/>\n<meta name=\"author\" content=\"Lena\" \/>\n<meta name=\"twitter:card\" content=\"summary_large_image\" \/>\n<meta name=\"twitter:label1\" content=\"Napsal(a)\" \/>\n\t<meta name=\"twitter:data1\" content=\"Lena\" \/>\n\t<meta name=\"twitter:label2\" content=\"Odhadovan\u00e1 doba \u010dten\u00ed\" \/>\n\t<meta name=\"twitter:data2\" content=\"4 minuty\" \/>\n<script type=\"application\/ld+json\" class=\"yoast-schema-graph\">{\"@context\":\"https:\/\/schema.org\",\"@graph\":[{\"@type\":\"Article\",\"@id\":\"https:\/\/blog.ccc.eu\/cz\/9-podzimnich-trendu-primo-z-modnich-prehlidek\/#article\",\"isPartOf\":{\"@id\":\"https:\/\/blog.ccc.eu\/cz\/9-podzimnich-trendu-primo-z-modnich-prehlidek\/\"},\"author\":{\"name\":\"Lena\",\"@id\":\"https:\/\/blog.ccc.eu\/cz\/#\/schema\/person\/6d50a49f9c84d32a489180be7a29155d\"},\"headline\":\"9 podzimn\u00edch trend\u016f p\u0159\u00edmo z\u00a0m\u00f3dn\u00edch p\u0159ehl\u00eddek\",\"datePublished\":\"2022-08-09T07:22:37+00:00\",\"dateModified\":\"2022-11-24T14:08:36+00:00\",\"mainEntityOfPage\":{\"@id\":\"https:\/\/blog.ccc.eu\/cz\/9-podzimnich-trendu-primo-z-modnich-prehlidek\/\"},\"wordCount\":870,\"commentCount\":0,\"publisher\":{\"@id\":\"https:\/\/blog.ccc.eu\/cz\/#organization\"},\"image\":{\"@id\":\"https:\/\/blog.ccc.eu\/cz\/9-podzimnich-trendu-primo-z-modnich-prehlidek\/#primaryimage\"},\"thumbnailUrl\":\"https:\/\/blog.ccc.eu\/cz\/wp-content\/uploads\/2022\/08\/CCC_5904248284008_02M2-e1660029743959.jpg\",\"keywords\":[\"podzim\",\"podzimn\u00ed trendy\",\"trendy\"],\"articleSection\":[\"TRENDY\"],\"inLanguage\":\"cs\",\"potentialAction\":[{\"@type\":\"CommentAction\",\"name\":\"Comment\",\"target\":[\"https:\/\/blog.ccc.eu\/cz\/9-podzimnich-trendu-primo-z-modnich-prehlidek\/#respond\"]}]},{\"@type\":\"WebPage\",\"@id\":\"https:\/\/blog.ccc.eu\/cz\/9-podzimnich-trendu-primo-z-modnich-prehlidek\/\",\"url\":\"https:\/\/blog.ccc.eu\/cz\/9-podzimnich-trendu-primo-z-modnich-prehlidek\/\",\"name\":\"9 podzimn\u00edch trend\u016f p\u0159\u00edmo z\u00a0m\u00f3dn\u00edch p\u0159ehl\u00eddek - blog.ccc.eu\/cz\",\"isPartOf\":{\"@id\":\"https:\/\/blog.ccc.eu\/cz\/#website\"},\"primaryImageOfPage\":{\"@id\":\"https:\/\/blog.ccc.eu\/cz\/9-podzimnich-trendu-primo-z-modnich-prehlidek\/#primaryimage\"},\"image\":{\"@id\":\"https:\/\/blog.ccc.eu\/cz\/9-podzimnich-trendu-primo-z-modnich-prehlidek\/#primaryimage\"},\"thumbnailUrl\":\"https:\/\/blog.ccc.eu\/cz\/wp-content\/uploads\/2022\/08\/CCC_5904248284008_02M2-e1660029743959.jpg\",\"datePublished\":\"2022-08-09T07:22:37+00:00\",\"dateModified\":\"2022-11-24T14:08:36+00:00\",\"description\":\"L\u00e9to je pln\u00e9m proudu, ale my v\u00e1s osv\u011b\u017e\u00edme p\u0159ich\u00e1zej\u00edc\u00edmi podzimn\u00edmi trendy pro rok 2022! Zapn\u011bte si klimatizaci a poj\u010fme na to.\",\"breadcrumb\":{\"@id\":\"https:\/\/blog.ccc.eu\/cz\/9-podzimnich-trendu-primo-z-modnich-prehlidek\/#breadcrumb\"},\"inLanguage\":\"cs\",\"potentialAction\":[{\"@type\":\"ReadAction\",\"target\":[\"https:\/\/blog.ccc.eu\/cz\/9-podzimnich-trendu-primo-z-modnich-prehlidek\/\"]}]},{\"@type\":\"ImageObject\",\"inLanguage\":\"cs\",\"@id\":\"https:\/\/blog.ccc.eu\/cz\/9-podzimnich-trendu-primo-z-modnich-prehlidek\/#primaryimage\",\"url\":\"https:\/\/blog.ccc.eu\/cz\/wp-content\/uploads\/2022\/08\/CCC_5904248284008_02M2-e1660029743959.jpg\",\"contentUrl\":\"https:\/\/blog.ccc.eu\/cz\/wp-content\/uploads\/2022\/08\/CCC_5904248284008_02M2-e1660029743959.jpg\",\"width\":530,\"height\":717,\"caption\":\"D\u00e1msk\u00fd ko\u017eenkov\u00fd overal\"},{\"@type\":\"BreadcrumbList\",\"@id\":\"https:\/\/blog.ccc.eu\/cz\/9-podzimnich-trendu-primo-z-modnich-prehlidek\/#breadcrumb\",\"itemListElement\":[{\"@type\":\"ListItem\",\"position\":1,\"name\":\"Strona g\u0142\u00f3wna\",\"item\":\"https:\/\/blog.ccc.eu\/cz\/\"},{\"@type\":\"ListItem\",\"position\":2,\"name\":\"9 podzimn\u00edch trend\u016f p\u0159\u00edmo z\u00a0m\u00f3dn\u00edch p\u0159ehl\u00eddek\"}]},{\"@type\":\"WebSite\",\"@id\":\"https:\/\/blog.ccc.eu\/cz\/#website\",\"url\":\"https:\/\/blog.ccc.eu\/cz\/\",\"name\":\"blog.ccc.eu\/cz\",\"description\":\"Va\u0161e m\u00edsto pln\u00e9 m\u00f3dn\u00edch inspirac\u00ed\",\"publisher\":{\"@id\":\"https:\/\/blog.ccc.eu\/cz\/#organization\"},\"potentialAction\":[{\"@type\":\"SearchAction\",\"target\":{\"@type\":\"EntryPoint\",\"urlTemplate\":\"https:\/\/blog.ccc.eu\/cz\/?s={search_term_string}\"},\"query-input\":{\"@type\":\"PropertyValueSpecification\",\"valueRequired\":true,\"valueName\":\"search_term_string\"}}],\"inLanguage\":\"cs\"},{\"@type\":\"Organization\",\"@id\":\"https:\/\/blog.ccc.eu\/cz\/#organization\",\"name\":\"CCC S.A.\",\"url\":\"https:\/\/blog.ccc.eu\/cz\/\",\"logo\":{\"@type\":\"ImageObject\",\"inLanguage\":\"cs\",\"@id\":\"https:\/\/blog.ccc.eu\/cz\/#\/schema\/logo\/image\/\",\"url\":\"https:\/\/blog.ccc.eu\/cz\/wp-content\/uploads\/2021\/11\/logo_ccc.png\",\"contentUrl\":\"https:\/\/blog.ccc.eu\/cz\/wp-content\/uploads\/2021\/11\/logo_ccc.png\",\"width\":730,\"height\":270,\"caption\":\"CCC S.A.\"},\"image\":{\"@id\":\"https:\/\/blog.ccc.eu\/cz\/#\/schema\/logo\/image\/\"}},{\"@type\":\"Person\",\"@id\":\"https:\/\/blog.ccc.eu\/cz\/#\/schema\/person\/6d50a49f9c84d32a489180be7a29155d\",\"name\":\"Lena\",\"image\":{\"@type\":\"ImageObject\",\"inLanguage\":\"cs\",\"@id\":\"https:\/\/blog.ccc.eu\/cz\/#\/schema\/person\/image\/\",\"url\":\"https:\/\/blog.ccc.eu\/cz\/wp-content\/uploads\/2022\/06\/MicrosoftTeams-image-2-100x100.jpg\",\"contentUrl\":\"https:\/\/blog.ccc.eu\/cz\/wp-content\/uploads\/2022\/06\/MicrosoftTeams-image-2-100x100.jpg\",\"caption\":\"Lena\"},\"description\":\"Absolventka digit\u00e1ln\u00edho marketingu se zku\u0161enostmi s obsahov\u00fdm marketingem a (velmi p\u0159ekvapiv\u011b) copywritingem. Ve voln\u00e9m \u010dase r\u00e1da nos\u00ed platformy a sna\u017e\u00ed se vyva\u017eovat n\u00e1kupy ve fast-fashion \u0159et\u011bzc\u00edch, swapov\u00e1n\u00edm.\",\"url\":\"https:\/\/blog.ccc.eu\/cz\/author\/katarzyna-kostygin\/\"}]}<\/script>\n<!-- \/ Yoast SEO plugin. -->","yoast_head_json":{"title":"9 podzimn\u00edch trend\u016f p\u0159\u00edmo z\u00a0m\u00f3dn\u00edch p\u0159ehl\u00eddek - blog.ccc.eu\/cz","description":"L\u00e9to je pln\u00e9m proudu, ale my v\u00e1s osv\u011b\u017e\u00edme p\u0159ich\u00e1zej\u00edc\u00edmi podzimn\u00edmi trendy pro rok 2022! Zapn\u011bte si klimatizaci a poj\u010fme na to. 2026","robots":{"index":"index","follow":"follow","max-snippet":"max-snippet:-1","max-image-preview":"max-image-preview:large","max-video-preview":"max-video-preview:-1"},"canonical":"https:\/\/blog.ccc.eu\/cz\/9-podzimnich-trendu-primo-z-modnich-prehlidek\/","og_locale":"cs_CZ","og_type":"article","og_title":"9 podzimn\u00edch trend\u016f p\u0159\u00edmo z\u00a0m\u00f3dn\u00edch p\u0159ehl\u00eddek - blog.ccc.eu\/cz","og_description":"L\u00e9to je pln\u00e9m proudu, ale my v\u00e1s osv\u011b\u017e\u00edme p\u0159ich\u00e1zej\u00edc\u00edmi podzimn\u00edmi trendy pro rok 2022! Zapn\u011bte si klimatizaci a poj\u010fme na to.","og_url":"https:\/\/blog.ccc.eu\/cz\/9-podzimnich-trendu-primo-z-modnich-prehlidek\/","og_site_name":"blog.ccc.eu\/cz","article_published_time":"2022-08-09T07:22:37+00:00","article_modified_time":"2022-11-24T14:08:36+00:00","og_image":[{"width":530,"height":717,"url":"https:\/\/blog.ccc.eu\/cz\/wp-content\/uploads\/2022\/08\/CCC_5904248284008_02M2-e1660029743959.jpg","type":"image\/jpeg"}],"author":"Lena","twitter_card":"summary_large_image","twitter_misc":{"Napsal(a)":"Lena","Odhadovan\u00e1 doba \u010dten\u00ed":"4 minuty"},"schema":{"@context":"https:\/\/schema.org","@graph":[{"@type":"Article","@id":"https:\/\/blog.ccc.eu\/cz\/9-podzimnich-trendu-primo-z-modnich-prehlidek\/#article","isPartOf":{"@id":"https:\/\/blog.ccc.eu\/cz\/9-podzimnich-trendu-primo-z-modnich-prehlidek\/"},"author":{"name":"Lena","@id":"https:\/\/blog.ccc.eu\/cz\/#\/schema\/person\/6d50a49f9c84d32a489180be7a29155d"},"headline":"9 podzimn\u00edch trend\u016f p\u0159\u00edmo z\u00a0m\u00f3dn\u00edch p\u0159ehl\u00eddek","datePublished":"2022-08-09T07:22:37+00:00","dateModified":"2022-11-24T14:08:36+00:00","mainEntityOfPage":{"@id":"https:\/\/blog.ccc.eu\/cz\/9-podzimnich-trendu-primo-z-modnich-prehlidek\/"},"wordCount":870,"commentCount":0,"publisher":{"@id":"https:\/\/blog.ccc.eu\/cz\/#organization"},"image":{"@id":"https:\/\/blog.ccc.eu\/cz\/9-podzimnich-trendu-primo-z-modnich-prehlidek\/#primaryimage"},"thumbnailUrl":"https:\/\/blog.ccc.eu\/cz\/wp-content\/uploads\/2022\/08\/CCC_5904248284008_02M2-e1660029743959.jpg","keywords":["podzim","podzimn\u00ed trendy","trendy"],"articleSection":["TRENDY"],"inLanguage":"cs","potentialAction":[{"@type":"CommentAction","name":"Comment","target":["https:\/\/blog.ccc.eu\/cz\/9-podzimnich-trendu-primo-z-modnich-prehlidek\/#respond"]}]},{"@type":"WebPage","@id":"https:\/\/blog.ccc.eu\/cz\/9-podzimnich-trendu-primo-z-modnich-prehlidek\/","url":"https:\/\/blog.ccc.eu\/cz\/9-podzimnich-trendu-primo-z-modnich-prehlidek\/","name":"9 podzimn\u00edch trend\u016f p\u0159\u00edmo z\u00a0m\u00f3dn\u00edch p\u0159ehl\u00eddek - blog.ccc.eu\/cz","isPartOf":{"@id":"https:\/\/blog.ccc.eu\/cz\/#website"},"primaryImageOfPage":{"@id":"https:\/\/blog.ccc.eu\/cz\/9-podzimnich-trendu-primo-z-modnich-prehlidek\/#primaryimage"},"image":{"@id":"https:\/\/blog.ccc.eu\/cz\/9-podzimnich-trendu-primo-z-modnich-prehlidek\/#primaryimage"},"thumbnailUrl":"https:\/\/blog.ccc.eu\/cz\/wp-content\/uploads\/2022\/08\/CCC_5904248284008_02M2-e1660029743959.jpg","datePublished":"2022-08-09T07:22:37+00:00","dateModified":"2022-11-24T14:08:36+00:00","description":"L\u00e9to je pln\u00e9m proudu, ale my v\u00e1s osv\u011b\u017e\u00edme p\u0159ich\u00e1zej\u00edc\u00edmi podzimn\u00edmi trendy pro rok 2022! Zapn\u011bte si klimatizaci a poj\u010fme na to.","breadcrumb":{"@id":"https:\/\/blog.ccc.eu\/cz\/9-podzimnich-trendu-primo-z-modnich-prehlidek\/#breadcrumb"},"inLanguage":"cs","potentialAction":[{"@type":"ReadAction","target":["https:\/\/blog.ccc.eu\/cz\/9-podzimnich-trendu-primo-z-modnich-prehlidek\/"]}]},{"@type":"ImageObject","inLanguage":"cs","@id":"https:\/\/blog.ccc.eu\/cz\/9-podzimnich-trendu-primo-z-modnich-prehlidek\/#primaryimage","url":"https:\/\/blog.ccc.eu\/cz\/wp-content\/uploads\/2022\/08\/CCC_5904248284008_02M2-e1660029743959.jpg","contentUrl":"https:\/\/blog.ccc.eu\/cz\/wp-content\/uploads\/2022\/08\/CCC_5904248284008_02M2-e1660029743959.jpg","width":530,"height":717,"caption":"D\u00e1msk\u00fd ko\u017eenkov\u00fd overal"},{"@type":"BreadcrumbList","@id":"https:\/\/blog.ccc.eu\/cz\/9-podzimnich-trendu-primo-z-modnich-prehlidek\/#breadcrumb","itemListElement":[{"@type":"ListItem","position":1,"name":"Strona g\u0142\u00f3wna","item":"https:\/\/blog.ccc.eu\/cz\/"},{"@type":"ListItem","position":2,"name":"9 podzimn\u00edch trend\u016f p\u0159\u00edmo z\u00a0m\u00f3dn\u00edch p\u0159ehl\u00eddek"}]},{"@type":"WebSite","@id":"https:\/\/blog.ccc.eu\/cz\/#website","url":"https:\/\/blog.ccc.eu\/cz\/","name":"blog.ccc.eu\/cz","description":"Va\u0161e m\u00edsto pln\u00e9 m\u00f3dn\u00edch inspirac\u00ed","publisher":{"@id":"https:\/\/blog.ccc.eu\/cz\/#organization"},"potentialAction":[{"@type":"SearchAction","target":{"@type":"EntryPoint","urlTemplate":"https:\/\/blog.ccc.eu\/cz\/?s={search_term_string}"},"query-input":{"@type":"PropertyValueSpecification","valueRequired":true,"valueName":"search_term_string"}}],"inLanguage":"cs"},{"@type":"Organization","@id":"https:\/\/blog.ccc.eu\/cz\/#organization","name":"CCC S.A.","url":"https:\/\/blog.ccc.eu\/cz\/","logo":{"@type":"ImageObject","inLanguage":"cs","@id":"https:\/\/blog.ccc.eu\/cz\/#\/schema\/logo\/image\/","url":"https:\/\/blog.ccc.eu\/cz\/wp-content\/uploads\/2021\/11\/logo_ccc.png","contentUrl":"https:\/\/blog.ccc.eu\/cz\/wp-content\/uploads\/2021\/11\/logo_ccc.png","width":730,"height":270,"caption":"CCC S.A."},"image":{"@id":"https:\/\/blog.ccc.eu\/cz\/#\/schema\/logo\/image\/"}},{"@type":"Person","@id":"https:\/\/blog.ccc.eu\/cz\/#\/schema\/person\/6d50a49f9c84d32a489180be7a29155d","name":"Lena","image":{"@type":"ImageObject","inLanguage":"cs","@id":"https:\/\/blog.ccc.eu\/cz\/#\/schema\/person\/image\/","url":"https:\/\/blog.ccc.eu\/cz\/wp-content\/uploads\/2022\/06\/MicrosoftTeams-image-2-100x100.jpg","contentUrl":"https:\/\/blog.ccc.eu\/cz\/wp-content\/uploads\/2022\/06\/MicrosoftTeams-image-2-100x100.jpg","caption":"Lena"},"description":"Absolventka digit\u00e1ln\u00edho marketingu se zku\u0161enostmi s obsahov\u00fdm marketingem a (velmi p\u0159ekvapiv\u011b) copywritingem. Ve voln\u00e9m \u010dase r\u00e1da nos\u00ed platformy a sna\u017e\u00ed se vyva\u017eovat n\u00e1kupy ve fast-fashion \u0159et\u011bzc\u00edch, swapov\u00e1n\u00edm.","url":"https:\/\/blog.ccc.eu\/cz\/author\/katarzyna-kostygin\/"}]}},"_links":{"self":[{"href":"https:\/\/blog.ccc.eu\/cz\/wp-json\/wp\/v2\/posts\/5180","targetHints":{"allow":["GET"]}}],"collection":[{"href":"https:\/\/blog.ccc.eu\/cz\/wp-json\/wp\/v2\/posts"}],"about":[{"href":"https:\/\/blog.ccc.eu\/cz\/wp-json\/wp\/v2\/types\/post"}],"author":[{"embeddable":true,"href":"https:\/\/blog.ccc.eu\/cz\/wp-json\/wp\/v2\/users\/12"}],"replies":[{"embeddable":true,"href":"https:\/\/blog.ccc.eu\/cz\/wp-json\/wp\/v2\/comments?post=5180"}],"version-history":[{"count":2,"href":"https:\/\/blog.ccc.eu\/cz\/wp-json\/wp\/v2\/posts\/5180\/revisions"}],"predecessor-version":[{"id":5452,"href":"https:\/\/blog.ccc.eu\/cz\/wp-json\/wp\/v2\/posts\/5180\/revisions\/5452"}],"wp:featuredmedia":[{"embeddable":true,"href":"https:\/\/blog.ccc.eu\/cz\/wp-json\/wp\/v2\/media\/5181"}],"wp:attachment":[{"href":"https:\/\/blog.ccc.eu\/cz\/wp-json\/wp\/v2\/media?parent=5180"}],"wp:term":[{"taxonomy":"category","embeddable":true,"href":"https:\/\/blog.ccc.eu\/cz\/wp-json\/wp\/v2\/categories?post=5180"},{"taxonomy":"post_tag","embeddable":true,"href":"https:\/\/blog.ccc.eu\/cz\/wp-json\/wp\/v2\/tags?post=5180"}],"curies":[{"name":"wp","href":"https:\/\/api.w.org\/{rel}","templated":true}]}}