{"id":5203,"date":"2022-08-12T08:51:02","date_gmt":"2022-08-12T06:51:02","guid":{"rendered":"https:\/\/blog.ccc.eu\/cz\/?p=5203"},"modified":"2022-08-12T08:51:03","modified_gmt":"2022-08-12T06:51:03","slug":"korkove-pantofle-nebo-sandaly-korek-k-letu-patri-jako-vlny-do-more","status":"publish","type":"post","link":"https:\/\/blog.ccc.eu\/cz\/korkove-pantofle-nebo-sandaly-korek-k-letu-patri-jako-vlny-do-more\/","title":{"rendered":"Korkov\u00e9 pantofle nebo sand\u00e1ly? Korek k\u00a0l\u00e9tu pat\u0159\u00ed jako vlny do mo\u0159e"},"content":{"rendered":"\n<p><b>Korek je materi\u00e1l, kter\u00fd se s oblibou pou\u017e\u00edv\u00e1 p\u0159i v\u00fdrob\u011b letn\u00edch dopl\u0148k\u016f, nap\u0159\u00edklad bot. Korkov\u00e9 pantofle u\u017e d\u00e1vno nevypadaj\u00ed jako ortopedick\u00e1 obuv do nemocnice. Ale sou\u010dasn\u011b si zachovaly jejich zdravotn\u00ed benefity. D\u00e1msk\u00e9 korkov\u00e9 pantofle jsou odoln\u00e1 a pohodln\u00e1 obuv vhodn\u00e1 pro ka\u017edodenn\u00ed no\u0161en\u00ed. D\u00edky ortopedicky tvarovan\u00e9 st\u00e9lce udr\u017euje anatomick\u00fd tvar chodidel a t\u00edm odstra\u0148uje nep\u0159\u00edjemn\u00e9 bolesti zad a nohou. Ale to neznamen\u00e1, \u017ee vypadaj\u00ed nudn\u011b! Vyberte si stylov\u00e9 letn\u00ed boty s korkovou podr\u00e1\u017ekou \u2013 korkov\u00e9 <\/strong><a href=\"https:\/\/ccc.eu\/cz\/damske\/boty\/pantofle\"><strong>pantofle<\/strong><\/a><strong> a\u00a0korkov\u00e9 <\/strong><a href=\"https:\/\/ccc.eu\/cz\/damske\/boty\/sandaly\"><strong>sand\u00e1le<\/strong><\/a><strong>.<\/b><\/p>\n\n\n\n<figure class=\"wp-block-gallery has-nested-images columns-default is-cropped wp-block-gallery-1 is-layout-flex wp-block-gallery-is-layout-flex\">\n<figure class=\"wp-block-image size-large\"><img loading=\"lazy\" decoding=\"async\" width=\"876\" height=\"876\" data-id=\"5204\" src=\"https:\/\/blog.ccc.eu\/cz\/wp-content\/uploads\/2022\/08\/CCC_5904248615871_01_LR-edited.jpg\" alt=\"\" class=\"wp-image-5204\" srcset=\"https:\/\/blog.ccc.eu\/cz\/wp-content\/uploads\/2022\/08\/CCC_5904248615871_01_LR-edited.jpg 876w, https:\/\/blog.ccc.eu\/cz\/wp-content\/uploads\/2022\/08\/CCC_5904248615871_01_LR-edited-300x300.jpg 300w, https:\/\/blog.ccc.eu\/cz\/wp-content\/uploads\/2022\/08\/CCC_5904248615871_01_LR-edited-150x150.jpg 150w, https:\/\/blog.ccc.eu\/cz\/wp-content\/uploads\/2022\/08\/CCC_5904248615871_01_LR-edited-768x768.jpg 768w, https:\/\/blog.ccc.eu\/cz\/wp-content\/uploads\/2022\/08\/CCC_5904248615871_01_LR-edited-100x100.jpg 100w\" sizes=\"auto, (max-width: 876px) 100vw, 876px\" \/><\/figure>\n\n\n\n<figure class=\"wp-block-image size-large\"><img loading=\"lazy\" decoding=\"async\" width=\"876\" height=\"876\" data-id=\"5205\" src=\"https:\/\/blog.ccc.eu\/cz\/wp-content\/uploads\/2022\/08\/CCC_5904248750923_05_LR-edited.jpg\" alt=\"\" class=\"wp-image-5205\" srcset=\"https:\/\/blog.ccc.eu\/cz\/wp-content\/uploads\/2022\/08\/CCC_5904248750923_05_LR-edited.jpg 876w, https:\/\/blog.ccc.eu\/cz\/wp-content\/uploads\/2022\/08\/CCC_5904248750923_05_LR-edited-300x300.jpg 300w, https:\/\/blog.ccc.eu\/cz\/wp-content\/uploads\/2022\/08\/CCC_5904248750923_05_LR-edited-150x150.jpg 150w, https:\/\/blog.ccc.eu\/cz\/wp-content\/uploads\/2022\/08\/CCC_5904248750923_05_LR-edited-768x768.jpg 768w, https:\/\/blog.ccc.eu\/cz\/wp-content\/uploads\/2022\/08\/CCC_5904248750923_05_LR-edited-100x100.jpg 100w\" sizes=\"auto, (max-width: 876px) 100vw, 876px\" \/><\/figure>\n<\/figure>\n\n\n\n<h3 class=\"wp-block-heading\"><strong>Co je to korek?<\/strong><\/h3>\n\n\n\n<p>Korek se z\u00edsk\u00e1v\u00e1 z k\u016fry dubu korkov\u00e9ho. Je tvo\u0159en odum\u0159el\u00fdmi bu\u0148kami <em>(m\u0148am),<\/em> kter\u00e9 jsou napou\u0161t\u011bny nepropustnou l\u00e1tkou suberin <em>(pokud by n\u011bkoho zaj\u00edmalo: je to d\u016fle\u017eit\u00e1 sou\u010d\u00e1st korku, jinak \u0159e\u010deno korkovina \u2013 voskovit\u00e1 l\u00e1tka v st\u011bn\u011b vy\u0161\u0161\u00edch rostlin).<\/em><\/p>\n\n\n\n<p>Objem korku jinak tvo\u0159\u00ed asi z&nbsp;<em>50 % vzduch. <\/em>Je m\u011bkk\u00fd, vod\u011bodoln\u00fd a dr\u017e\u00ed tvar i po stla\u010den\u00ed. Je odoln\u00fd v\u016f\u010di chemik\u00e1li\u00edm a m\u00e1lo ho\u0159lav\u00fd. Jednodu\u0161e, <strong>ide\u00e1ln\u00ed materi\u00e1l pro v\u00fdrobu podr\u00e1\u017eek letn\u00ed obuvi<\/strong>! Z\u0159ejm\u011b je v\u00e1m zn\u00e1my jako materi\u00e1l, kter\u00fd se pou\u017e\u00edv\u00e1 p\u0159i v\u00fdrob\u011b <em>z\u00e1tek od v\u00edn<\/em>. A d\u00edky sv\u00e9 tepeln\u011b-izola\u010dn\u00ed vlastnosti i p\u0159i regulaci vlhkosti v interi\u00e9ru a ve stavebnictv\u00ed.<\/p>\n\n\n\n<p><\/p>\n\n\n\n<shortcode prop-category=\"Pantofle\" prop-manufacturer=\"Clara Barson\" prop-load-num=\"4\" prop-display-num=\"4\" prop-sku=\"5904248723101, 5904248678135, 5904248374365, 5904248622206, 5904248615871, 5904248803902, 5904248270049\" prop-view=\"slider\"><\/shortcode>        <div\r\n            class=\"eob-pf-shortcode\"\r\n            id=\"eobpf69f1ee432c121\"\r\n        >\r\n            <shortcode prop-category=\"Pantofle\" prop-manufacturer=\"Clara Barson\" prop-load-num=\"4\" prop-display-num=\"4\" prop-sku=\"5904248723101, 5904248678135, 5904248374365, 5904248622206, 5904248615871, 5904248803902, 5904248270049\" prop-view=\"slider\"><\/shortcode>        <\/div>\r\n\t\t<script>\r\n\t\t\tjQuery(document).ready(() => {\r\n\t\t\t    const root = document.getElementById('eobpf69f1ee432c121');\r\n                Vue.createApp({\r\n\t                components: {\r\n\t                    shortcode\r\n\t                }\r\n                }).mount(root);\r\n\t\t\t});\r\n\t\t<\/script>\r\n\t\t\r\n\t\t\n\n\n\n<p><\/p>\n\n\n\n<h2 class=\"wp-block-heading\"><strong>Zdrav\u00ed a\u00a0styl ruka v ruce<\/strong><\/h2>\n\n\n\n<p>Pantofle s korkovou podr\u00e1\u017ekou maj\u00ed krom\u011b zdravotn\u00edch benefit\u016f i p\u0159\u00edjemn\u00fd a trendy vzhled. Pokud akor\u00e1t nes\u00e1hnete po pantofl\u00edch p\u0159ipom\u00ednaj\u00edc\u00edch \u0161koln\u00ed p\u0159ez\u016fvky, <strong>hod\u00ed se k mno\u017estv\u00ed letn\u00edch outfit\u016f.<\/strong> V l\u00e9t\u011b, krom\u011b koupali\u0161t\u011b \u010di pl\u00e1\u017ee, si je m\u016f\u017eete nazout i na rychl\u00fd n\u00e1kup do m\u011bsta nebo vyj\u00ed\u017e\u010fku. B\u011bhem chladn\u011bj\u0161\u00edch m\u011bs\u00edc\u016f v roku se v\u00e1m zase mohou hodit jako dom\u00e1c\u00ed obuv nebo n\u00e1hradn\u00ed boty na v\u00fdlety.<\/p>\n\n\n\n<p>Velk\u00e1 v\u00fdhoda korkov\u00fdch pantofl\u016f je jejich jednoduchost, univerz\u00e1lnost a rychl\u00e9 nazouv\u00e1n\u00ed. Nemus\u00edte p\u0159\u00edli\u0161 p\u0159em\u00fd\u0161let, co k nim sladit, proto\u017ee dok\u00e1\u017eou skv\u011ble doplnit t\u00e9m\u011b\u0159 v\u0161echny va\u0161e b\u011b\u017en\u00e9 letn\u00ed outfity. <strong>Korkov\u00e9 pantofle jsou vhodn\u00e9 jak k letn\u00edm kr\u00e1tk\u00fdm \u0161at\u016fm, tak \u0161ortk\u00e1m. <\/strong>Plavky a \u0161ortky s vysok\u00fdm pasem, navrch letn\u00ed plavkov\u00fd p\u0159ehoz a barevn\u00e9 korkov\u00e9 pantofle na koupali\u0161t\u011b. Nebo d\u017e\u00ednov\u00e9 \u0161aty, mal\u00e1 kabelka a b\u00edl\u00e9 korkov\u00e9 pantofle do m\u011bsta. Tyto pantofle se snadno stanou va\u0161\u00ed <em>top letn\u00ed obuv\u00ed, <\/em>po kter\u00e9 budete sahat nej\u010dast\u011bji.<\/p>\n\n\n\n<p>M\u00e1te chu\u0165 na n\u011bco nov\u00e9ho? Vyzkou\u0161ejte <strong>korkov\u00e9 pantofle na platform\u011b<\/strong>. P\u0159ejete si p\u0159idat p\u00e1r centimetr\u016f nav\u00edc nebo jen jednodu\u0161e up\u0159ednost\u0148ujete sand\u00e1ly? Rozhodn\u011b naleznete i ty korkov\u00e9.<\/p>\n\n\n\n<h2 class=\"wp-block-heading\"><strong>D\u00e1msk\u00e9 korkov\u00e9 sand\u00e1ly \u2013 milovan\u00e9, nen\u00e1vid\u011bn\u00e9 a nesmrteln\u00e9<\/strong><\/h2>\n\n\n\n<p>Co se v\u00e1m vybav\u00ed jako prvn\u00ed p\u0159i vysloven\u00ed \u201e<em>korkov\u00e9 sand\u00e1ly<\/em>?\u201c Hork\u00e9 l\u00e9to a rozp\u00e1len\u00fd p\u00edsek? Jennifer Lopez v \u010dasn\u00fdch 2000 b\u011bhem nat\u00e1\u010den\u00ed jednoho z jej\u00edch videoklip\u016f? Racky a proch\u00e1zka p\u0159\u00edmo\u0159sk\u00fdm m\u011bstem? Ka\u017edop\u00e1dn\u011b, je jasn\u00e9, \u017ee korkov\u00e9 sand\u00e1ly jsou <em>\u201eon\u201c and \u201eoff\u201c<\/em> trendem posledn\u00edch let.<\/p>\n\n\n\n<p><\/p>\n\n\n\n<shortcode prop-category=\"Sand\u00e1ly\" prop-manufacturer=\"Scholl\" prop-load-num=\"4\" prop-display-num=\"4\" prop-sku=\"5904248750923, 5904248750916, 5904248750909, 5903698946665, 5903419429514, 5904248622763, 5904248803896\" prop-view=\"slider\"><\/shortcode>        <div\r\n            class=\"eob-pf-shortcode\"\r\n            id=\"eobpf69f1ee432c23b\"\r\n        >\r\n            <shortcode prop-category=\"Sand\u00e1ly\" prop-manufacturer=\"Scholl\" prop-load-num=\"4\" prop-display-num=\"4\" prop-sku=\"5904248750923, 5904248750916, 5904248750909, 5903698946665, 5903419429514, 5904248622763, 5904248803896\" prop-view=\"slider\"><\/shortcode>        <\/div>\r\n\t\t<script>\r\n\t\t\tjQuery(document).ready(() => {\r\n\t\t\t    const root = document.getElementById('eobpf69f1ee432c23b');\r\n                Vue.createApp({\r\n\t                components: {\r\n\t                    shortcode\r\n\t                }\r\n                }).mount(root);\r\n\t\t\t});\r\n\t\t<\/script>\r\n\t\t\r\n\t\t\n\n\n\n<p><\/p>\n\n\n\n<h3 class=\"wp-block-heading\"><strong>Nos\u00ed je i celebrity<\/strong><\/h3>\n\n\n\n<p>M\u011bli obdob\u00ed, kdy byli na v\u00fdslun\u00ed a piedestalu letn\u00edch bot, jindy zase \u0161li trochu do \u00fastran\u00ed, a\u017e by se dalo \u0159\u00edci, \u017ee byli <em>\u201eout\u201c.<\/em><\/p>\n\n\n\n<p>Mo\u017en\u00e1 si je pamatujete z popul\u00e1rn\u00edch seri\u00e1l\u016f na za\u010d\u00e1tku 2000. Nosila je nap\u0159\u00edklad <em>Blair Waldorf <\/em>v Gossip Girl. Popul\u00e1rn\u00ed byly a jsou u celebrit a modelek jako <em>Bella Hadid<\/em>, ale i osobnost\u00ed jako <em>Kate Middleton a Michelle Obama<\/em>. Nyn\u00ed se zd\u00e1, jsou zp\u011bt v kurzu.<\/p>\n\n\n\n<p>Korkov\u00e9 sand\u00e1ly maj\u00ed oproti t\u011bm na kl\u00ednov\u00e9m podpatku <strong>\u0159adu v\u00fdhod.<\/strong> Podpatek je pln\u00fd, proto je chodidlo l\u00e9pe stabilizov\u00e1no a m\u00e1 pevn\u011bj\u0161\u00ed oporu. Budete v nich na vy\u0161\u0161\u00ed, ale sou\u010dasn\u011b lehk\u00e9 noze. Korek je pom\u011brn\u011b lehk\u00fd materi\u00e1l, ale jak jsme u\u017e zmi\u0148ovali, sou\u010dasn\u011b tvrd\u00fd a vod\u011bodoln\u00fd. Proto se v bot\u00e1ch s korkovou podr\u00e1\u017ekou<em> nemus\u00edte b\u00e1t ani letn\u00edch bou\u0159\u00ed.<\/em><\/p>\n","protected":false},"excerpt":{"rendered":"<p>Korek je materi\u00e1l, kter\u00fd se s oblibou pou\u017e\u00edv\u00e1 p\u0159i v\u00fdrob\u011b letn\u00edch dopl\u0148k\u016f, nap\u0159\u00edklad bot. Korkov\u00e9 pantofle u\u017e d\u00e1vno nevypadaj\u00ed jako ortopedick\u00e1 obuv do nemocnice. Ale sou\u010dasn\u011b si zachovaly jejich zdravotn\u00ed benefity. D\u00e1msk\u00e9 korkov\u00e9 pantofle jsou odoln\u00e1 a pohodln\u00e1 obuv vhodn\u00e1 pro ka\u017edodenn\u00ed no\u0161en\u00ed. D\u00edky ortopedicky tvarovan\u00e9 st\u00e9lce udr\u017euje anatomick\u00fd tvar chodidel a t\u00edm odstra\u0148uje nep\u0159\u00edjemn\u00e9 [&hellip;]<\/p>\n","protected":false},"author":12,"featured_media":5204,"comment_status":"open","ping_status":"open","sticky":false,"template":"","format":"standard","meta":{"_acf_changed":false,"footnotes":""},"categories":[1],"tags":[592,748,747,702],"class_list":["post-5203","post","type-post","status-publish","format-standard","has-post-thumbnail","hentry","category-bez-kategorii","tag-damska-obuv","tag-korkove-sandaly","tag-korkove-zabky","tag-leto"],"acf":[],"yoast_head":"<!-- This site is optimized with the Yoast SEO plugin v26.9 - https:\/\/yoast.com\/product\/yoast-seo-wordpress\/ -->\n<title>Korkov\u00e9 pantofle nebo sand\u00e1ly? Korek k\u00a0l\u00e9tu pat\u0159\u00ed jako vlny do mo\u0159e - blog.ccc.eu\/cz<\/title>\n<meta name=\"description\" content=\"Korek k l\u00e9tu prost\u011b pat\u0159\u00ed! Vyberte si s n\u00e1mi stylov\u00e9 letn\u00ed boty s korkovou podr\u00e1\u017ekou \u2013 korkov\u00e9 pantofle nebo sand\u00e1ly. 2026\" \/>\n<meta name=\"robots\" content=\"index, follow, max-snippet:-1, max-image-preview:large, max-video-preview:-1\" \/>\n<link rel=\"canonical\" href=\"https:\/\/blog.ccc.eu\/cz\/korkove-pantofle-nebo-sandaly-korek-k-letu-patri-jako-vlny-do-more\/\" \/>\n<meta property=\"og:locale\" content=\"cs_CZ\" \/>\n<meta property=\"og:type\" content=\"article\" \/>\n<meta property=\"og:title\" content=\"Korkov\u00e9 pantofle nebo sand\u00e1ly? Korek k\u00a0l\u00e9tu pat\u0159\u00ed jako vlny do mo\u0159e - blog.ccc.eu\/cz\" \/>\n<meta property=\"og:description\" content=\"Korek k l\u00e9tu prost\u011b pat\u0159\u00ed! Vyberte si s n\u00e1mi stylov\u00e9 letn\u00ed boty s korkovou podr\u00e1\u017ekou \u2013 korkov\u00e9 pantofle nebo sand\u00e1ly.\" \/>\n<meta property=\"og:url\" content=\"https:\/\/blog.ccc.eu\/cz\/korkove-pantofle-nebo-sandaly-korek-k-letu-patri-jako-vlny-do-more\/\" \/>\n<meta property=\"og:site_name\" content=\"blog.ccc.eu\/cz\" \/>\n<meta property=\"article:published_time\" content=\"2022-08-12T06:51:02+00:00\" \/>\n<meta property=\"article:modified_time\" content=\"2022-08-12T06:51:03+00:00\" \/>\n<meta property=\"og:image\" content=\"https:\/\/blog.ccc.eu\/cz\/wp-content\/uploads\/2022\/08\/CCC_5904248615871_01_LR-edited.jpg\" \/>\n\t<meta property=\"og:image:width\" content=\"876\" \/>\n\t<meta property=\"og:image:height\" content=\"876\" \/>\n\t<meta property=\"og:image:type\" content=\"image\/jpeg\" \/>\n<meta name=\"author\" content=\"Lena\" \/>\n<meta name=\"twitter:card\" content=\"summary_large_image\" \/>\n<meta name=\"twitter:label1\" content=\"Napsal(a)\" \/>\n\t<meta name=\"twitter:data1\" content=\"Lena\" \/>\n\t<meta name=\"twitter:label2\" content=\"Odhadovan\u00e1 doba \u010dten\u00ed\" \/>\n\t<meta name=\"twitter:data2\" content=\"4 minuty\" \/>\n<script type=\"application\/ld+json\" class=\"yoast-schema-graph\">{\"@context\":\"https:\/\/schema.org\",\"@graph\":[{\"@type\":\"Article\",\"@id\":\"https:\/\/blog.ccc.eu\/cz\/korkove-pantofle-nebo-sandaly-korek-k-letu-patri-jako-vlny-do-more\/#article\",\"isPartOf\":{\"@id\":\"https:\/\/blog.ccc.eu\/cz\/korkove-pantofle-nebo-sandaly-korek-k-letu-patri-jako-vlny-do-more\/\"},\"author\":{\"name\":\"Lena\",\"@id\":\"https:\/\/blog.ccc.eu\/cz\/#\/schema\/person\/6d50a49f9c84d32a489180be7a29155d\"},\"headline\":\"Korkov\u00e9 pantofle nebo sand\u00e1ly? Korek k\u00a0l\u00e9tu pat\u0159\u00ed jako vlny do mo\u0159e\",\"datePublished\":\"2022-08-12T06:51:02+00:00\",\"dateModified\":\"2022-08-12T06:51:03+00:00\",\"mainEntityOfPage\":{\"@id\":\"https:\/\/blog.ccc.eu\/cz\/korkove-pantofle-nebo-sandaly-korek-k-letu-patri-jako-vlny-do-more\/\"},\"wordCount\":764,\"commentCount\":0,\"publisher\":{\"@id\":\"https:\/\/blog.ccc.eu\/cz\/#organization\"},\"image\":{\"@id\":\"https:\/\/blog.ccc.eu\/cz\/korkove-pantofle-nebo-sandaly-korek-k-letu-patri-jako-vlny-do-more\/#primaryimage\"},\"thumbnailUrl\":\"https:\/\/blog.ccc.eu\/cz\/wp-content\/uploads\/2022\/08\/CCC_5904248615871_01_LR-edited.jpg\",\"keywords\":[\"D\u00e1msk\u00e1 obuv\",\"korkov\u00e9 sand\u00e1ly\",\"korkov\u00e9 \u017eabky\",\"l\u00e9to\"],\"articleSection\":[\"Bez kategorii\"],\"inLanguage\":\"cs\",\"potentialAction\":[{\"@type\":\"CommentAction\",\"name\":\"Comment\",\"target\":[\"https:\/\/blog.ccc.eu\/cz\/korkove-pantofle-nebo-sandaly-korek-k-letu-patri-jako-vlny-do-more\/#respond\"]}]},{\"@type\":\"WebPage\",\"@id\":\"https:\/\/blog.ccc.eu\/cz\/korkove-pantofle-nebo-sandaly-korek-k-letu-patri-jako-vlny-do-more\/\",\"url\":\"https:\/\/blog.ccc.eu\/cz\/korkove-pantofle-nebo-sandaly-korek-k-letu-patri-jako-vlny-do-more\/\",\"name\":\"Korkov\u00e9 pantofle nebo sand\u00e1ly? Korek k\u00a0l\u00e9tu pat\u0159\u00ed jako vlny do mo\u0159e - blog.ccc.eu\/cz\",\"isPartOf\":{\"@id\":\"https:\/\/blog.ccc.eu\/cz\/#website\"},\"primaryImageOfPage\":{\"@id\":\"https:\/\/blog.ccc.eu\/cz\/korkove-pantofle-nebo-sandaly-korek-k-letu-patri-jako-vlny-do-more\/#primaryimage\"},\"image\":{\"@id\":\"https:\/\/blog.ccc.eu\/cz\/korkove-pantofle-nebo-sandaly-korek-k-letu-patri-jako-vlny-do-more\/#primaryimage\"},\"thumbnailUrl\":\"https:\/\/blog.ccc.eu\/cz\/wp-content\/uploads\/2022\/08\/CCC_5904248615871_01_LR-edited.jpg\",\"datePublished\":\"2022-08-12T06:51:02+00:00\",\"dateModified\":\"2022-08-12T06:51:03+00:00\",\"description\":\"Korek k l\u00e9tu prost\u011b pat\u0159\u00ed! Vyberte si s n\u00e1mi stylov\u00e9 letn\u00ed boty s korkovou podr\u00e1\u017ekou \u2013 korkov\u00e9 pantofle nebo sand\u00e1ly.\",\"breadcrumb\":{\"@id\":\"https:\/\/blog.ccc.eu\/cz\/korkove-pantofle-nebo-sandaly-korek-k-letu-patri-jako-vlny-do-more\/#breadcrumb\"},\"inLanguage\":\"cs\",\"potentialAction\":[{\"@type\":\"ReadAction\",\"target\":[\"https:\/\/blog.ccc.eu\/cz\/korkove-pantofle-nebo-sandaly-korek-k-letu-patri-jako-vlny-do-more\/\"]}]},{\"@type\":\"ImageObject\",\"inLanguage\":\"cs\",\"@id\":\"https:\/\/blog.ccc.eu\/cz\/korkove-pantofle-nebo-sandaly-korek-k-letu-patri-jako-vlny-do-more\/#primaryimage\",\"url\":\"https:\/\/blog.ccc.eu\/cz\/wp-content\/uploads\/2022\/08\/CCC_5904248615871_01_LR-edited.jpg\",\"contentUrl\":\"https:\/\/blog.ccc.eu\/cz\/wp-content\/uploads\/2022\/08\/CCC_5904248615871_01_LR-edited.jpg\",\"width\":876,\"height\":876,\"caption\":\"Had\u00ed pantofle\"},{\"@type\":\"BreadcrumbList\",\"@id\":\"https:\/\/blog.ccc.eu\/cz\/korkove-pantofle-nebo-sandaly-korek-k-letu-patri-jako-vlny-do-more\/#breadcrumb\",\"itemListElement\":[{\"@type\":\"ListItem\",\"position\":1,\"name\":\"Strona g\u0142\u00f3wna\",\"item\":\"https:\/\/blog.ccc.eu\/cz\/\"},{\"@type\":\"ListItem\",\"position\":2,\"name\":\"Korkov\u00e9 pantofle nebo sand\u00e1ly? Korek k\u00a0l\u00e9tu pat\u0159\u00ed jako vlny do mo\u0159e\"}]},{\"@type\":\"WebSite\",\"@id\":\"https:\/\/blog.ccc.eu\/cz\/#website\",\"url\":\"https:\/\/blog.ccc.eu\/cz\/\",\"name\":\"blog.ccc.eu\/cz\",\"description\":\"Va\u0161e m\u00edsto pln\u00e9 m\u00f3dn\u00edch inspirac\u00ed\",\"publisher\":{\"@id\":\"https:\/\/blog.ccc.eu\/cz\/#organization\"},\"potentialAction\":[{\"@type\":\"SearchAction\",\"target\":{\"@type\":\"EntryPoint\",\"urlTemplate\":\"https:\/\/blog.ccc.eu\/cz\/?s={search_term_string}\"},\"query-input\":{\"@type\":\"PropertyValueSpecification\",\"valueRequired\":true,\"valueName\":\"search_term_string\"}}],\"inLanguage\":\"cs\"},{\"@type\":\"Organization\",\"@id\":\"https:\/\/blog.ccc.eu\/cz\/#organization\",\"name\":\"CCC S.A.\",\"url\":\"https:\/\/blog.ccc.eu\/cz\/\",\"logo\":{\"@type\":\"ImageObject\",\"inLanguage\":\"cs\",\"@id\":\"https:\/\/blog.ccc.eu\/cz\/#\/schema\/logo\/image\/\",\"url\":\"https:\/\/blog.ccc.eu\/cz\/wp-content\/uploads\/2021\/11\/logo_ccc.png\",\"contentUrl\":\"https:\/\/blog.ccc.eu\/cz\/wp-content\/uploads\/2021\/11\/logo_ccc.png\",\"width\":730,\"height\":270,\"caption\":\"CCC S.A.\"},\"image\":{\"@id\":\"https:\/\/blog.ccc.eu\/cz\/#\/schema\/logo\/image\/\"}},{\"@type\":\"Person\",\"@id\":\"https:\/\/blog.ccc.eu\/cz\/#\/schema\/person\/6d50a49f9c84d32a489180be7a29155d\",\"name\":\"Lena\",\"image\":{\"@type\":\"ImageObject\",\"inLanguage\":\"cs\",\"@id\":\"https:\/\/blog.ccc.eu\/cz\/#\/schema\/person\/image\/\",\"url\":\"https:\/\/blog.ccc.eu\/cz\/wp-content\/uploads\/2022\/06\/MicrosoftTeams-image-2-100x100.jpg\",\"contentUrl\":\"https:\/\/blog.ccc.eu\/cz\/wp-content\/uploads\/2022\/06\/MicrosoftTeams-image-2-100x100.jpg\",\"caption\":\"Lena\"},\"description\":\"Absolventka digit\u00e1ln\u00edho marketingu se zku\u0161enostmi s obsahov\u00fdm marketingem a (velmi p\u0159ekvapiv\u011b) copywritingem. Ve voln\u00e9m \u010dase r\u00e1da nos\u00ed platformy a sna\u017e\u00ed se vyva\u017eovat n\u00e1kupy ve fast-fashion \u0159et\u011bzc\u00edch, swapov\u00e1n\u00edm.\",\"url\":\"https:\/\/blog.ccc.eu\/cz\/author\/katarzyna-kostygin\/\"}]}<\/script>\n<!-- \/ Yoast SEO plugin. -->","yoast_head_json":{"title":"Korkov\u00e9 pantofle nebo sand\u00e1ly? Korek k\u00a0l\u00e9tu pat\u0159\u00ed jako vlny do mo\u0159e - blog.ccc.eu\/cz","description":"Korek k l\u00e9tu prost\u011b pat\u0159\u00ed! Vyberte si s n\u00e1mi stylov\u00e9 letn\u00ed boty s korkovou podr\u00e1\u017ekou \u2013 korkov\u00e9 pantofle nebo sand\u00e1ly. 2026","robots":{"index":"index","follow":"follow","max-snippet":"max-snippet:-1","max-image-preview":"max-image-preview:large","max-video-preview":"max-video-preview:-1"},"canonical":"https:\/\/blog.ccc.eu\/cz\/korkove-pantofle-nebo-sandaly-korek-k-letu-patri-jako-vlny-do-more\/","og_locale":"cs_CZ","og_type":"article","og_title":"Korkov\u00e9 pantofle nebo sand\u00e1ly? Korek k\u00a0l\u00e9tu pat\u0159\u00ed jako vlny do mo\u0159e - blog.ccc.eu\/cz","og_description":"Korek k l\u00e9tu prost\u011b pat\u0159\u00ed! Vyberte si s n\u00e1mi stylov\u00e9 letn\u00ed boty s korkovou podr\u00e1\u017ekou \u2013 korkov\u00e9 pantofle nebo sand\u00e1ly.","og_url":"https:\/\/blog.ccc.eu\/cz\/korkove-pantofle-nebo-sandaly-korek-k-letu-patri-jako-vlny-do-more\/","og_site_name":"blog.ccc.eu\/cz","article_published_time":"2022-08-12T06:51:02+00:00","article_modified_time":"2022-08-12T06:51:03+00:00","og_image":[{"width":876,"height":876,"url":"https:\/\/blog.ccc.eu\/cz\/wp-content\/uploads\/2022\/08\/CCC_5904248615871_01_LR-edited.jpg","type":"image\/jpeg"}],"author":"Lena","twitter_card":"summary_large_image","twitter_misc":{"Napsal(a)":"Lena","Odhadovan\u00e1 doba \u010dten\u00ed":"4 minuty"},"schema":{"@context":"https:\/\/schema.org","@graph":[{"@type":"Article","@id":"https:\/\/blog.ccc.eu\/cz\/korkove-pantofle-nebo-sandaly-korek-k-letu-patri-jako-vlny-do-more\/#article","isPartOf":{"@id":"https:\/\/blog.ccc.eu\/cz\/korkove-pantofle-nebo-sandaly-korek-k-letu-patri-jako-vlny-do-more\/"},"author":{"name":"Lena","@id":"https:\/\/blog.ccc.eu\/cz\/#\/schema\/person\/6d50a49f9c84d32a489180be7a29155d"},"headline":"Korkov\u00e9 pantofle nebo sand\u00e1ly? Korek k\u00a0l\u00e9tu pat\u0159\u00ed jako vlny do mo\u0159e","datePublished":"2022-08-12T06:51:02+00:00","dateModified":"2022-08-12T06:51:03+00:00","mainEntityOfPage":{"@id":"https:\/\/blog.ccc.eu\/cz\/korkove-pantofle-nebo-sandaly-korek-k-letu-patri-jako-vlny-do-more\/"},"wordCount":764,"commentCount":0,"publisher":{"@id":"https:\/\/blog.ccc.eu\/cz\/#organization"},"image":{"@id":"https:\/\/blog.ccc.eu\/cz\/korkove-pantofle-nebo-sandaly-korek-k-letu-patri-jako-vlny-do-more\/#primaryimage"},"thumbnailUrl":"https:\/\/blog.ccc.eu\/cz\/wp-content\/uploads\/2022\/08\/CCC_5904248615871_01_LR-edited.jpg","keywords":["D\u00e1msk\u00e1 obuv","korkov\u00e9 sand\u00e1ly","korkov\u00e9 \u017eabky","l\u00e9to"],"articleSection":["Bez kategorii"],"inLanguage":"cs","potentialAction":[{"@type":"CommentAction","name":"Comment","target":["https:\/\/blog.ccc.eu\/cz\/korkove-pantofle-nebo-sandaly-korek-k-letu-patri-jako-vlny-do-more\/#respond"]}]},{"@type":"WebPage","@id":"https:\/\/blog.ccc.eu\/cz\/korkove-pantofle-nebo-sandaly-korek-k-letu-patri-jako-vlny-do-more\/","url":"https:\/\/blog.ccc.eu\/cz\/korkove-pantofle-nebo-sandaly-korek-k-letu-patri-jako-vlny-do-more\/","name":"Korkov\u00e9 pantofle nebo sand\u00e1ly? Korek k\u00a0l\u00e9tu pat\u0159\u00ed jako vlny do mo\u0159e - blog.ccc.eu\/cz","isPartOf":{"@id":"https:\/\/blog.ccc.eu\/cz\/#website"},"primaryImageOfPage":{"@id":"https:\/\/blog.ccc.eu\/cz\/korkove-pantofle-nebo-sandaly-korek-k-letu-patri-jako-vlny-do-more\/#primaryimage"},"image":{"@id":"https:\/\/blog.ccc.eu\/cz\/korkove-pantofle-nebo-sandaly-korek-k-letu-patri-jako-vlny-do-more\/#primaryimage"},"thumbnailUrl":"https:\/\/blog.ccc.eu\/cz\/wp-content\/uploads\/2022\/08\/CCC_5904248615871_01_LR-edited.jpg","datePublished":"2022-08-12T06:51:02+00:00","dateModified":"2022-08-12T06:51:03+00:00","description":"Korek k l\u00e9tu prost\u011b pat\u0159\u00ed! Vyberte si s n\u00e1mi stylov\u00e9 letn\u00ed boty s korkovou podr\u00e1\u017ekou \u2013 korkov\u00e9 pantofle nebo sand\u00e1ly.","breadcrumb":{"@id":"https:\/\/blog.ccc.eu\/cz\/korkove-pantofle-nebo-sandaly-korek-k-letu-patri-jako-vlny-do-more\/#breadcrumb"},"inLanguage":"cs","potentialAction":[{"@type":"ReadAction","target":["https:\/\/blog.ccc.eu\/cz\/korkove-pantofle-nebo-sandaly-korek-k-letu-patri-jako-vlny-do-more\/"]}]},{"@type":"ImageObject","inLanguage":"cs","@id":"https:\/\/blog.ccc.eu\/cz\/korkove-pantofle-nebo-sandaly-korek-k-letu-patri-jako-vlny-do-more\/#primaryimage","url":"https:\/\/blog.ccc.eu\/cz\/wp-content\/uploads\/2022\/08\/CCC_5904248615871_01_LR-edited.jpg","contentUrl":"https:\/\/blog.ccc.eu\/cz\/wp-content\/uploads\/2022\/08\/CCC_5904248615871_01_LR-edited.jpg","width":876,"height":876,"caption":"Had\u00ed pantofle"},{"@type":"BreadcrumbList","@id":"https:\/\/blog.ccc.eu\/cz\/korkove-pantofle-nebo-sandaly-korek-k-letu-patri-jako-vlny-do-more\/#breadcrumb","itemListElement":[{"@type":"ListItem","position":1,"name":"Strona g\u0142\u00f3wna","item":"https:\/\/blog.ccc.eu\/cz\/"},{"@type":"ListItem","position":2,"name":"Korkov\u00e9 pantofle nebo sand\u00e1ly? Korek k\u00a0l\u00e9tu pat\u0159\u00ed jako vlny do mo\u0159e"}]},{"@type":"WebSite","@id":"https:\/\/blog.ccc.eu\/cz\/#website","url":"https:\/\/blog.ccc.eu\/cz\/","name":"blog.ccc.eu\/cz","description":"Va\u0161e m\u00edsto pln\u00e9 m\u00f3dn\u00edch inspirac\u00ed","publisher":{"@id":"https:\/\/blog.ccc.eu\/cz\/#organization"},"potentialAction":[{"@type":"SearchAction","target":{"@type":"EntryPoint","urlTemplate":"https:\/\/blog.ccc.eu\/cz\/?s={search_term_string}"},"query-input":{"@type":"PropertyValueSpecification","valueRequired":true,"valueName":"search_term_string"}}],"inLanguage":"cs"},{"@type":"Organization","@id":"https:\/\/blog.ccc.eu\/cz\/#organization","name":"CCC S.A.","url":"https:\/\/blog.ccc.eu\/cz\/","logo":{"@type":"ImageObject","inLanguage":"cs","@id":"https:\/\/blog.ccc.eu\/cz\/#\/schema\/logo\/image\/","url":"https:\/\/blog.ccc.eu\/cz\/wp-content\/uploads\/2021\/11\/logo_ccc.png","contentUrl":"https:\/\/blog.ccc.eu\/cz\/wp-content\/uploads\/2021\/11\/logo_ccc.png","width":730,"height":270,"caption":"CCC S.A."},"image":{"@id":"https:\/\/blog.ccc.eu\/cz\/#\/schema\/logo\/image\/"}},{"@type":"Person","@id":"https:\/\/blog.ccc.eu\/cz\/#\/schema\/person\/6d50a49f9c84d32a489180be7a29155d","name":"Lena","image":{"@type":"ImageObject","inLanguage":"cs","@id":"https:\/\/blog.ccc.eu\/cz\/#\/schema\/person\/image\/","url":"https:\/\/blog.ccc.eu\/cz\/wp-content\/uploads\/2022\/06\/MicrosoftTeams-image-2-100x100.jpg","contentUrl":"https:\/\/blog.ccc.eu\/cz\/wp-content\/uploads\/2022\/06\/MicrosoftTeams-image-2-100x100.jpg","caption":"Lena"},"description":"Absolventka digit\u00e1ln\u00edho marketingu se zku\u0161enostmi s obsahov\u00fdm marketingem a (velmi p\u0159ekvapiv\u011b) copywritingem. Ve voln\u00e9m \u010dase r\u00e1da nos\u00ed platformy a sna\u017e\u00ed se vyva\u017eovat n\u00e1kupy ve fast-fashion \u0159et\u011bzc\u00edch, swapov\u00e1n\u00edm.","url":"https:\/\/blog.ccc.eu\/cz\/author\/katarzyna-kostygin\/"}]}},"_links":{"self":[{"href":"https:\/\/blog.ccc.eu\/cz\/wp-json\/wp\/v2\/posts\/5203","targetHints":{"allow":["GET"]}}],"collection":[{"href":"https:\/\/blog.ccc.eu\/cz\/wp-json\/wp\/v2\/posts"}],"about":[{"href":"https:\/\/blog.ccc.eu\/cz\/wp-json\/wp\/v2\/types\/post"}],"author":[{"embeddable":true,"href":"https:\/\/blog.ccc.eu\/cz\/wp-json\/wp\/v2\/users\/12"}],"replies":[{"embeddable":true,"href":"https:\/\/blog.ccc.eu\/cz\/wp-json\/wp\/v2\/comments?post=5203"}],"version-history":[{"count":1,"href":"https:\/\/blog.ccc.eu\/cz\/wp-json\/wp\/v2\/posts\/5203\/revisions"}],"predecessor-version":[{"id":5206,"href":"https:\/\/blog.ccc.eu\/cz\/wp-json\/wp\/v2\/posts\/5203\/revisions\/5206"}],"wp:featuredmedia":[{"embeddable":true,"href":"https:\/\/blog.ccc.eu\/cz\/wp-json\/wp\/v2\/media\/5204"}],"wp:attachment":[{"href":"https:\/\/blog.ccc.eu\/cz\/wp-json\/wp\/v2\/media?parent=5203"}],"wp:term":[{"taxonomy":"category","embeddable":true,"href":"https:\/\/blog.ccc.eu\/cz\/wp-json\/wp\/v2\/categories?post=5203"},{"taxonomy":"post_tag","embeddable":true,"href":"https:\/\/blog.ccc.eu\/cz\/wp-json\/wp\/v2\/tags?post=5203"}],"curies":[{"name":"wp","href":"https:\/\/api.w.org\/{rel}","templated":true}]}}