{"id":5278,"date":"2022-09-20T11:40:45","date_gmt":"2022-09-20T09:40:45","guid":{"rendered":"https:\/\/blog.ccc.eu\/cz\/?p=5278"},"modified":"2022-09-20T11:40:50","modified_gmt":"2022-09-20T09:40:50","slug":"black-tie-dress-code-neznamena-cerna-kravata-vite-jak-se-oblect-v-tomto-formalnim-stylu","status":"publish","type":"post","link":"https:\/\/blog.ccc.eu\/cz\/black-tie-dress-code-neznamena-cerna-kravata-vite-jak-se-oblect-v-tomto-formalnim-stylu\/","title":{"rendered":"Black tie dress code neznamen\u00e1 \u010dern\u00e1 kravata. V\u00edte, jak se obl\u00e9ct v tomto form\u00e1ln\u00edm stylu?"},"content":{"rendered":"\n<p><b>\u201eBlack tie\u201c je dress code pat\u0159\u00edc\u00ed k t\u011bm nejform\u00e1ln\u011bj\u0161\u00edm, jak\u00e9 m\u016f\u017eete naj\u00edt na pozv\u00e1nce k ud\u00e1losti. Pokud v\u00e1m v\u0161ak p\u0159i\u0161lo pozv\u00e1n\u00ed s t\u00edmto po\u017eadavkem, nemus\u00edte se b\u00e1t. V \u010dl\u00e1nku se do\u010dtete, jak je vhodn\u00e9 se ve stylu black tie obl\u00e9knout. Porad\u00edme v\u00e1m, jak\u00e9 kousky oble\u010den\u00ed a dopl\u0148ky jsou k tomuto dress code pot\u0159ebn\u00e9 a nezbytn\u00e9. Na co nezapomenout, i co rad\u011bji vynechat. Tak si ut\u00e1hn\u011bte mot\u00fdlky, narovnejte \u0161aty a poj\u010fme na to!<\/b><\/p>\n\n\n\n<figure class=\"wp-block-gallery has-nested-images columns-default is-cropped wp-block-gallery-1 is-layout-flex wp-block-gallery-is-layout-flex\">\n<figure class=\"wp-block-image size-large\"><img loading=\"lazy\" decoding=\"async\" width=\"768\" height=\"1024\" data-id=\"5280\" src=\"https:\/\/blog.ccc.eu\/cz\/wp-content\/uploads\/2022\/09\/CCC-XMAS212946_1.12.jpg\" alt=\"\" class=\"wp-image-5280\" srcset=\"https:\/\/blog.ccc.eu\/cz\/wp-content\/uploads\/2022\/09\/CCC-XMAS212946_1.12.jpg 768w, https:\/\/blog.ccc.eu\/cz\/wp-content\/uploads\/2022\/09\/CCC-XMAS212946_1.12-225x300.jpg 225w, https:\/\/blog.ccc.eu\/cz\/wp-content\/uploads\/2022\/09\/CCC-XMAS212946_1.12-100x133.jpg 100w\" sizes=\"auto, (max-width: 768px) 100vw, 768px\" \/><\/figure>\n\n\n\n<figure class=\"wp-block-image size-large\"><img loading=\"lazy\" decoding=\"async\" width=\"1536\" height=\"2048\" data-id=\"5279\" src=\"https:\/\/blog.ccc.eu\/cz\/wp-content\/uploads\/2022\/09\/CCC-XMAS-2937_F-1.jpg\" alt=\"\" class=\"wp-image-5279\" srcset=\"https:\/\/blog.ccc.eu\/cz\/wp-content\/uploads\/2022\/09\/CCC-XMAS-2937_F-1.jpg 1536w, https:\/\/blog.ccc.eu\/cz\/wp-content\/uploads\/2022\/09\/CCC-XMAS-2937_F-1-225x300.jpg 225w, https:\/\/blog.ccc.eu\/cz\/wp-content\/uploads\/2022\/09\/CCC-XMAS-2937_F-1-768x1024.jpg 768w, https:\/\/blog.ccc.eu\/cz\/wp-content\/uploads\/2022\/09\/CCC-XMAS-2937_F-1-1152x1536.jpg 1152w, https:\/\/blog.ccc.eu\/cz\/wp-content\/uploads\/2022\/09\/CCC-XMAS-2937_F-1-100x133.jpg 100w\" sizes=\"auto, (max-width: 1536px) 100vw, 1536px\" \/><\/figure>\n<\/figure>\n\n\n\n<h2 class=\"wp-block-heading\">Jak vypad\u00e1 dokonal\u00fd black tie dress code?<\/h2>\n\n\n\n<p>U\u017e samotn\u00fd n\u00e1zev dress code <strong><em>black tie<\/em><\/strong> m\u016f\u017ee b\u00fdt zav\u00e1d\u011bj\u00edc\u00ed. N\u00e1zev v p\u0159edkladu neozna\u010duje barvu kravaty (z angli\u010dtiny <em>black tie<\/em>), kterou by si p\u00e1ni m\u011bli obl\u00e9ct. Opak je zde pravdou! <strong>\u010cern\u00e1 kravata nen\u00ed vhodn\u00e1.<\/strong><\/p>\n\n\n\n<p>Stejn\u011b tak si dejte pozor, a\u0165 si nespletete tento dress code s\u00a0<em>black &amp; white<\/em> t\u00e9matikou, kter\u00e1 je velmi obl\u00edben\u00e1 na r\u016fzn\u00e9 party i spole\u010den\u0161t\u011bj\u0161\u00ed ud\u00e1losti. Dress code v n\u00e1zvu sice obsahuje <strong>\u010dernou<\/strong> (anglicky black), ale neznamen\u00e1, \u017ee m\u00e1te b\u00fdt oble\u010den do \u010dern\u00e9 od hlavy a\u017e k pat\u00e1m. P\u00e1nsk\u00fd outfit je o n\u011bco specifi\u010dt\u011bj\u0161\u00ed a m\u00e9n\u011b kreativn\u00ed ne\u017e d\u00e1msk\u00fd. \u017deny maj\u00ed sice p\u0159ednost, my si v\u0161ak v tomto p\u0159\u00edpad\u011b do par\u00e1dy jako prvn\u00ed vezmeme mu\u017ee.<\/p>\n\n\n\n<h2 class=\"wp-block-heading\">Mu\u017ei &amp; black tie<\/h2>\n\n\n\n<p>Black tie by se dal z angli\u010dtiny p\u0159elo\u017eit jako \u010dern\u00e1 kravata. Ale paradoxem je, \u017ee byste ji v p\u0159\u00edpad\u011b tohoto dress codu m\u011bli nechat ve sk\u0159\u00edni na jin\u00e9 p\u0159\u00edle\u017eitosti. Ta je v r\u00e1mci tohoto dress code nevhodn\u00e1, a\u017e nep\u0159\u00edpustn\u00e1. Naopak \u017e\u00e1dan\u00fd, je<strong> \u010dern\u00fd mot\u00fdlek.<\/strong><\/p>\n\n\n\n<p>Povinn\u00fd je <strong>\u010dern\u00fd smoking. <\/strong>V \u00favahu je\u0161t\u011b p\u0159ich\u00e1z\u00ed i ten v p\u016flno\u010dn\u011b modr\u00e9 <em>(tmav\u011b modr\u00e9)<\/em> barv\u011b. Takov\u00fd kousek b\u011bhem \u017eivota z\u0159ejm\u011b vyt\u00e1hnete m\u00e1lokr\u00e1t. D\u00edky black tie dress code m\u00e1te kone\u010dn\u011b p\u0159\u00edle\u017eitost! Pod smoking klasick\u00e1 b\u00edl\u00e1 ko\u0161ile se stoj\u00e1\u010dkem. K n\u011bmu \u0161erpa lad\u00edc\u00ed s knofl\u00edky. Boty mus\u00ed b\u00fdt s uzav\u0159en\u00fdm \u0161n\u011brov\u00e1n\u00edm, nap\u0159\u00edklad <a href=\"https:\/\/ccc.eu\/cz\/panske\/doporucene\/boty-ke-spolecenskemu-obleku\"><strong>\u010dern\u00e9, lakovan\u00e9 oxfordky.<\/strong><\/a><\/p>\n\n\n\n<h3 class=\"wp-block-heading\">Smoking versus oblek<\/h3>\n\n\n\n<p>A&nbsp;jak se li\u0161\u00ed smoking od klasick\u00e9ho obleku? Prvn\u00ed rozd\u00edl je, \u017ee <strong>klopy smokingu jsou na rozd\u00edl od obleku \u0161pi\u010dat\u00e9.<\/strong> D\u00e1le nejsou vyroben\u00e9 ze&nbsp;stejn\u00e9ho materi\u00e1lu jako sako, ale z luxusn\u011bj\u0161\u00ed leskl\u00e9 l\u00e1tky, nap\u0159\u00edklad z <em>hedv\u00e1b\u00ed.<\/em> Takto zdoben\u00e9 jsou tak\u00e9 knofl\u00edky smokingu. A to p\u0159edn\u00ed i ruk\u00e1vov\u00e9. Na rozd\u00edl od oby\u010dejn\u00e9ho saka je <strong>p\u0159edn\u00ed knofl\u00edk jen jeden<\/strong>, v\u00fdjimka plat\u00ed v p\u0159\u00edpad\u011b dvou\u0159ad\u00e9ho smokingu, kdy jsou knofl\u00edky \u010dty\u0159i. Knofl\u00edky mohou b\u00fdt tak\u00e9 slad\u011bny s man\u017eetov\u00fdmi knofl\u00ed\u010dky \u2013 to se naz\u00fdv\u00e1 dvojit\u00e1 nebo francouzsk\u00e1 man\u017eeta. Co smokingov\u00e9 kalhoty? Ty se od t\u011bch klasick\u00fdch oblekov\u00fdch, li\u0161\u00ed leskl\u00fdmi sat\u00e9nov\u00fdmi p\u00e1sy na stran\u00e1ch, kter\u00e9 se jmenuj\u00ed lampasy.<\/p>\n\n\n\n<p>V&nbsp;p\u0159\u00edpad\u011b smokingu t\u00e9\u017e plat\u00ed, \u017ee se nos\u00ed <strong>a\u017e po \u0161est\u00e9 hodin\u011b ve\u010der.<\/strong> Pokud obdr\u017e\u00edte pozv\u00e1nku s black tie dress code, akce by m\u011bla rovn\u011b\u017e za\u010d\u00ednat a\u017e po t\u00e9to ve\u010dern\u00ed hodin\u011b. Jinak si t\u00edm proti\u0159e\u010d\u00ed s\u00e1m po\u0159adatel nebo po\u0159adatelka. Nahrazovat smoking oby\u010dejn\u00fdm sakem v\u0161ak v \u017e\u00e1dn\u00e9m p\u0159\u00edpad\u011b nedoporu\u010dujeme.<\/p>\n\n\n\n<p><\/p>\n\n\n\n<shortcode prop-category=\"Polobotky\" prop-gender=\"male\" prop-manufacturer=\"Gino Rossi\" prop-load-num=\"12\" prop-display-num=\"4\" prop-sku=\"5904248426330, 5904248387846, 5904248964771, 5904248812942, 5904862074665, 5904248984526, 5904248982799, 5904248961121, 5904248896478, 5904248961121, 5904248426248, 5904248409258\" prop-view=\"slider\"><\/shortcode>        <div\r\n            class=\"eob-pf-shortcode\"\r\n            id=\"eobpf69f27a440429c\"\r\n        >\r\n            <shortcode prop-category=\"Polobotky\" prop-gender=\"male\" prop-manufacturer=\"Gino Rossi\" prop-load-num=\"12\" prop-display-num=\"4\" prop-sku=\"5904248426330, 5904248387846, 5904248964771, 5904248812942, 5904862074665, 5904248984526, 5904248982799, 5904248961121, 5904248896478, 5904248961121, 5904248426248, 5904248409258\" prop-view=\"slider\"><\/shortcode>        <\/div>\r\n\t\t<script>\r\n\t\t\tjQuery(document).ready(() => {\r\n\t\t\t    const root = document.getElementById('eobpf69f27a440429c');\r\n                Vue.createApp({\r\n\t                components: {\r\n\t                    shortcode\r\n\t                }\r\n                }).mount(root);\r\n\t\t\t});\r\n\t\t<\/script>\r\n\t\t\r\n\t\t\n\n\n\n<p><\/p>\n\n\n\n<h2 class=\"wp-block-heading\">\u017deny &amp;\u00a0black tie<\/h2>\n\n\n\n<p>D\u00e1my to maj\u00ed v&nbsp;p\u0159\u00edpad\u011b black tie dress code o&nbsp;n\u011bco jednodu\u0161\u0161\u00ed. Jak u\u017e vypl\u00fdv\u00e1 z&nbsp;n\u00e1zvu, <em>\u201eplay it safe\u201c<\/em> a<strong>&nbsp;nejvhodn\u011bj\u0161\u00ed<\/strong> <strong>barva ve\u010dern\u00ed r\u00f3by je \u010dern\u00e1. <\/strong>S n\u00ed ur\u010dit\u011b krok vedle neud\u011bl\u00e1te. Ov\u0161em nen\u00ed to nutnost. Dlouh\u00e9 \u0161aty mohou b\u00fdt rovn\u011b\u017e v<strong> tmavomodr\u00e9, tmavofialov\u00e9 nebo bord\u00f3. <\/strong>Pozor byste si m\u011bli d\u00e1t na p\u0159\u00edli\u0161 v\u00fdrazn\u00e9 a jasn\u00e9 barvy. Vhodn\u011bj\u0161\u00ed jsou ty tlumen\u00e9. Honosn\u00e9 \u0161aty m\u016f\u017eete nahradit i typick\u00fdmi \u201emal\u00fdmi \u010dern\u00fdmi\u201c nebo koktejlov\u00fdmi, d\u00e9lkou max. t\u011bsn\u011b nad kolena. Mus\u00ed ov\u0161em na prvn\u00ed pohled p\u016fsobit velmi elegantn\u011b. <strong>Nejvhodn\u011bj\u0161\u00ed materi\u00e1ly jsou samet, \u0161ifon, hedv\u00e1b\u00ed a&nbsp;krajka.<\/strong> Na takovou akci se nehod\u00ed \u017e\u00e1dn\u00e9 m\u00f3dn\u00ed v\u00fdst\u0159elky nebo experimenty. M\u00e9n\u011b je v tomto p\u0159\u00edpad\u011b ur\u010dit\u011b v\u00edce. Hodn\u011b odhalen\u00e9 k\u016f\u017ee, p\u0159\u00edli\u0161 mnoho \u0161perk\u016f \u010di v\u00fdrazn\u00fdch aplikac\u00ed p\u0159i tomto dress code nen\u00ed na m\u00edst\u011b. Zato klasick\u00e1 elegance je na prvn\u00edm.<\/p>\n\n\n\n<p>Nazout byste si m\u011bli <a href=\"https:\/\/ccc.eu\/cz\/damske\/boty\/lodicky\"><strong>uzav\u0159en\u00e9 lodi\u010dky anebo jin\u00e9 boty s\u00a0uzav\u0159enou \u0161pi\u010dkou na podpatku.<\/strong><\/a> Doplnit silonkami v\u00a0t\u011blov\u00e9 barv\u011b a\u00a0do ruky vz\u00edt <strong>malou kabelku, nejl\u00e9pe psan\u00ed\u010dko,<\/strong> kter\u00e1 bude ladit ke zbytku outfitu. Ta m\u016f\u017ee b\u00fdt r\u016fzn\u011b zdoben\u00e1 nebo na ozdobn\u00e9m \u0159et\u00edzku. Vyvarovat byste se m\u011bli v\u00fdrazn\u00fdm n\u00e1pis\u016fm, zna\u010dk\u00e1m a p\u0159\u00edli\u0161 mohutn\u00fdm a velk\u00fdm kousk\u016fm.<\/p>\n\n\n\n<shortcode prop-category=\"Lodi\u010dky\" prop-gender=\"male\" prop-manufacturer=\"Gino Rossi\" prop-load-num=\"12\" prop-display-num=\"4\" prop-sku=\"5904862146454, 5904862157740, 5904862026305, 5904862365879, 5904248824464, 5904862225937, 5904862207766, 5904862207544, 5904862207568, 5904862154060, 5904248907334, 5904862205472\" prop-view=\"slider\"><\/shortcode>        <div\r\n            class=\"eob-pf-shortcode\"\r\n            id=\"eobpf69f27a44043bb\"\r\n        >\r\n            <shortcode prop-category=\"Lodi\u010dky\" prop-gender=\"male\" prop-manufacturer=\"Gino Rossi\" prop-load-num=\"12\" prop-display-num=\"4\" prop-sku=\"5904862146454, 5904862157740, 5904862026305, 5904862365879, 5904248824464, 5904862225937, 5904862207766, 5904862207544, 5904862207568, 5904862154060, 5904248907334, 5904862205472\" prop-view=\"slider\"><\/shortcode>        <\/div>\r\n\t\t<script>\r\n\t\t\tjQuery(document).ready(() => {\r\n\t\t\t    const root = document.getElementById('eobpf69f27a44043bb');\r\n                Vue.createApp({\r\n\t                components: {\r\n\t                    shortcode\r\n\t                }\r\n                }).mount(root);\r\n\t\t\t});\r\n\t\t<\/script>\r\n\t\t\r\n\t\t\n\n\n\n<p><\/p>\n\n\n\n<h2 class=\"wp-block-heading\">Black tie alternativy<\/h2>\n\n\n\n<p>Alternativou black tie je <strong>Black tie optional &amp;<\/strong> <strong>Creative black tie<\/strong>. Black tie optional povoluje m\u00edsto smokingu \u010dern\u00fd oblek. K n\u011bmu kvalitn\u00ed b\u00edlou ko\u0161ili a \u010dernou kravatu. Creative black tie je uvoln\u011bn\u011bj\u0161\u00ed forma black tie dress code, popul\u00e1rn\u00ed nap\u0159\u00edklad u um\u011blc\u016f. Oby\u010dejn\u00fd smoking se nahrazuje t\u00edm se zaj\u00edmav\u011bj\u0161\u00edm materi\u00e1lem jako samet nebo se vol\u00ed vinn\u00e9, neobvyklej\u0161\u00ed barv\u011b ne\u017e \u010dern\u00e9. Dokonce si m\u016f\u017eete dovolit i vzorovan\u00fd.<\/p>\n\n\n\n<h3 class=\"wp-block-heading\">Black tie na b\u011b\u017en\u00fd ples nen\u00ed pot\u0159eba. Kam se tedy nos\u00ed?<\/h3>\n\n\n\n<p>Black tie pat\u0159\u00ed k jednomu z nejform\u00e1ln\u011bj\u0161\u00edch dress code, jak\u00e9 najdete na pozv\u00e1nce. Form\u00e1ln\u011bj\u0161\u00ed je u\u017e jen <strong><em>white tie dress code.<\/em><\/strong> Na opa\u010dn\u00e9m p\u00f3lu zase stoj\u00ed <a href=\"https:\/\/blog.ccc.eu\/cz\/jak-nosit-casual-dress-code-poradime-vam\/\"><strong>casual dress code.<\/strong><\/a> A&nbsp;t\u00e9\u017e jeho dal\u0161\u00ed odno\u017ee <strong>smart causal a&nbsp;business casual.<\/strong><\/p>\n\n\n\n<p>Ale vra\u0165me se k black tie. Nen\u00ed b\u011b\u017en\u00fd na akce jako klasick\u00e9 plesy nebo z\u00e1bavy, dokonce ani svatby. Po\u017eaduje se na form\u00e1ln\u00edch gala ve\u010derech, oper\u00e1ch, speci\u00e1ln\u00edch plesech a tak\u00e9 na t\u011bch form\u00e1ln\u011bj\u0161\u00edch typech svateb, kde si potrp\u00ed na luxus a vysok\u00e9 standardy.<\/p>\n\n\n\n<h3 class=\"wp-block-heading\">White tie dress code<\/h3>\n\n\n\n<p>White tie je nejform\u00e1ln\u011bj\u0161\u00ed dress code. Nos\u00ed se na ty nejluxusn\u011bj\u0161\u00ed gala ve\u010dery, plesy, b\u00e1ly a svatby.<strong> \u010cern\u00fd mot\u00fdlek se d\u00e1 nahradit b\u00edl\u00fdm smokingem nebo frakem. <\/strong>Ten se nezap\u00edn\u00e1 a pod n\u011bj se nos\u00ed b\u00edl\u00e1 piketov\u00e1 vesta. K white tie dress code se m\u016f\u017ee p\u0159idat tak\u00e9 \u010dern\u00fd cylindr a b\u00edl\u00e9 rukavi\u010dky. Tyto dopl\u0148ky jsou v\u0161ak nepovinn\u00e9. Co si naopak mus\u00edte odpustit, jsou n\u00e1ramkov\u00e9 hodinky. Dovoleny jsou ty na \u0159et\u00edzku.<\/p>\n\n\n\n<p>U \u017eeny jsou ohledn\u011b outfitu op\u011bt ruce m\u00e9n\u011b kreativn\u011b sv\u00e1zan\u00e9 ne\u017e u p\u00e1n\u016f. Nutn\u00e9 jsou dlouh\u00e9, slavnostn\u00ed \u0161aty sahaj\u00edc\u00ed a\u017e k zemi. St\u0159\u00eddm\u00e9 dopl\u0148ky, uzav\u0159en\u00e9 boty na podpatku, luxusn\u00ed materi\u00e1ly a velk\u00e1 noblesa.<\/p>\n","protected":false},"excerpt":{"rendered":"<p>\u201eBlack tie\u201c je dress code pat\u0159\u00edc\u00ed k t\u011bm nejform\u00e1ln\u011bj\u0161\u00edm, jak\u00e9 m\u016f\u017eete naj\u00edt na pozv\u00e1nce k ud\u00e1losti. Pokud v\u00e1m v\u0161ak p\u0159i\u0161lo pozv\u00e1n\u00ed s t\u00edmto po\u017eadavkem, nemus\u00edte se b\u00e1t. V \u010dl\u00e1nku se do\u010dtete, jak je vhodn\u00e9 se ve stylu black tie obl\u00e9knout. Porad\u00edme v\u00e1m, jak\u00e9 kousky oble\u010den\u00ed a dopl\u0148ky jsou k tomuto dress code pot\u0159ebn\u00e9 a nezbytn\u00e9. [&hellip;]<\/p>\n","protected":false},"author":12,"featured_media":5280,"comment_status":"open","ping_status":"open","sticky":false,"template":"","format":"standard","meta":{"_acf_changed":false,"footnotes":""},"categories":[4],"tags":[480,767,479],"class_list":["post-5278","post","type-post","status-publish","format-standard","has-post-thumbnail","hentry","category-modni-tipy","tag-black-tie","tag-black-tie-dress-code","tag-dress-code"],"acf":[],"yoast_head":"<!-- This site is optimized with the Yoast SEO plugin v26.9 - https:\/\/yoast.com\/product\/yoast-seo-wordpress\/ -->\n<title>Black tie dress code neznamen\u00e1 \u010dern\u00e1 kravata. V\u00edte, jak se obl\u00e9ct v tomto form\u00e1ln\u00edm stylu? - blog.ccc.eu\/cz<\/title>\n<meta name=\"description\" content=\"\u201cBlack tie\u201d v p\u0159ekladu znamen\u00e1 \u010dern\u00e1 kravata. V r\u00e1mci tohohle dress code na ni ale rychle zapome\u0148te! V tomto \u010dl\u00e1nku se do\u010dtete na co naopak nezapomenout. 2026\" \/>\n<meta name=\"robots\" content=\"index, follow, max-snippet:-1, max-image-preview:large, max-video-preview:-1\" \/>\n<link rel=\"canonical\" href=\"https:\/\/blog.ccc.eu\/cz\/black-tie-dress-code-neznamena-cerna-kravata-vite-jak-se-oblect-v-tomto-formalnim-stylu\/\" \/>\n<meta property=\"og:locale\" content=\"cs_CZ\" \/>\n<meta property=\"og:type\" content=\"article\" \/>\n<meta property=\"og:title\" content=\"Black tie dress code neznamen\u00e1 \u010dern\u00e1 kravata. V\u00edte, jak se obl\u00e9ct v tomto form\u00e1ln\u00edm stylu? - blog.ccc.eu\/cz\" \/>\n<meta property=\"og:description\" content=\"\u201cBlack tie\u201d v p\u0159ekladu znamen\u00e1 \u010dern\u00e1 kravata. V r\u00e1mci tohohle dress code na ni ale rychle zapome\u0148te! V tomto \u010dl\u00e1nku se do\u010dtete na co naopak nezapomenout.\" \/>\n<meta property=\"og:url\" content=\"https:\/\/blog.ccc.eu\/cz\/black-tie-dress-code-neznamena-cerna-kravata-vite-jak-se-oblect-v-tomto-formalnim-stylu\/\" \/>\n<meta property=\"og:site_name\" content=\"blog.ccc.eu\/cz\" \/>\n<meta property=\"article:published_time\" content=\"2022-09-20T09:40:45+00:00\" \/>\n<meta property=\"article:modified_time\" content=\"2022-09-20T09:40:50+00:00\" \/>\n<meta property=\"og:image\" content=\"https:\/\/blog.ccc.eu\/cz\/wp-content\/uploads\/2022\/09\/CCC-XMAS212946_1.12.jpg\" \/>\n\t<meta property=\"og:image:width\" content=\"768\" \/>\n\t<meta property=\"og:image:height\" content=\"1024\" \/>\n\t<meta property=\"og:image:type\" content=\"image\/jpeg\" \/>\n<meta name=\"author\" content=\"Lena\" \/>\n<meta name=\"twitter:card\" content=\"summary_large_image\" \/>\n<meta name=\"twitter:label1\" content=\"Napsal(a)\" \/>\n\t<meta name=\"twitter:data1\" content=\"Lena\" \/>\n\t<meta name=\"twitter:label2\" content=\"Odhadovan\u00e1 doba \u010dten\u00ed\" \/>\n\t<meta name=\"twitter:data2\" content=\"6 minut\" \/>\n<script type=\"application\/ld+json\" class=\"yoast-schema-graph\">{\"@context\":\"https:\/\/schema.org\",\"@graph\":[{\"@type\":\"Article\",\"@id\":\"https:\/\/blog.ccc.eu\/cz\/black-tie-dress-code-neznamena-cerna-kravata-vite-jak-se-oblect-v-tomto-formalnim-stylu\/#article\",\"isPartOf\":{\"@id\":\"https:\/\/blog.ccc.eu\/cz\/black-tie-dress-code-neznamena-cerna-kravata-vite-jak-se-oblect-v-tomto-formalnim-stylu\/\"},\"author\":{\"name\":\"Lena\",\"@id\":\"https:\/\/blog.ccc.eu\/cz\/#\/schema\/person\/6d50a49f9c84d32a489180be7a29155d\"},\"headline\":\"Black tie dress code neznamen\u00e1 \u010dern\u00e1 kravata. V\u00edte, jak se obl\u00e9ct v tomto form\u00e1ln\u00edm stylu?\",\"datePublished\":\"2022-09-20T09:40:45+00:00\",\"dateModified\":\"2022-09-20T09:40:50+00:00\",\"mainEntityOfPage\":{\"@id\":\"https:\/\/blog.ccc.eu\/cz\/black-tie-dress-code-neznamena-cerna-kravata-vite-jak-se-oblect-v-tomto-formalnim-stylu\/\"},\"wordCount\":1266,\"commentCount\":0,\"publisher\":{\"@id\":\"https:\/\/blog.ccc.eu\/cz\/#organization\"},\"image\":{\"@id\":\"https:\/\/blog.ccc.eu\/cz\/black-tie-dress-code-neznamena-cerna-kravata-vite-jak-se-oblect-v-tomto-formalnim-stylu\/#primaryimage\"},\"thumbnailUrl\":\"https:\/\/blog.ccc.eu\/cz\/wp-content\/uploads\/2022\/09\/CCC-XMAS212946_1.12.jpg\",\"keywords\":[\"black tie\",\"black tie dress code\",\"dress code\"],\"articleSection\":[\"M\u00d3DN\u00cd TIPY\"],\"inLanguage\":\"cs\",\"potentialAction\":[{\"@type\":\"CommentAction\",\"name\":\"Comment\",\"target\":[\"https:\/\/blog.ccc.eu\/cz\/black-tie-dress-code-neznamena-cerna-kravata-vite-jak-se-oblect-v-tomto-formalnim-stylu\/#respond\"]}]},{\"@type\":\"WebPage\",\"@id\":\"https:\/\/blog.ccc.eu\/cz\/black-tie-dress-code-neznamena-cerna-kravata-vite-jak-se-oblect-v-tomto-formalnim-stylu\/\",\"url\":\"https:\/\/blog.ccc.eu\/cz\/black-tie-dress-code-neznamena-cerna-kravata-vite-jak-se-oblect-v-tomto-formalnim-stylu\/\",\"name\":\"Black tie dress code neznamen\u00e1 \u010dern\u00e1 kravata. V\u00edte, jak se obl\u00e9ct v tomto form\u00e1ln\u00edm stylu? - blog.ccc.eu\/cz\",\"isPartOf\":{\"@id\":\"https:\/\/blog.ccc.eu\/cz\/#website\"},\"primaryImageOfPage\":{\"@id\":\"https:\/\/blog.ccc.eu\/cz\/black-tie-dress-code-neznamena-cerna-kravata-vite-jak-se-oblect-v-tomto-formalnim-stylu\/#primaryimage\"},\"image\":{\"@id\":\"https:\/\/blog.ccc.eu\/cz\/black-tie-dress-code-neznamena-cerna-kravata-vite-jak-se-oblect-v-tomto-formalnim-stylu\/#primaryimage\"},\"thumbnailUrl\":\"https:\/\/blog.ccc.eu\/cz\/wp-content\/uploads\/2022\/09\/CCC-XMAS212946_1.12.jpg\",\"datePublished\":\"2022-09-20T09:40:45+00:00\",\"dateModified\":\"2022-09-20T09:40:50+00:00\",\"description\":\"\u201cBlack tie\u201d v p\u0159ekladu znamen\u00e1 \u010dern\u00e1 kravata. V r\u00e1mci tohohle dress code na ni ale rychle zapome\u0148te! V tomto \u010dl\u00e1nku se do\u010dtete na co naopak nezapomenout.\",\"breadcrumb\":{\"@id\":\"https:\/\/blog.ccc.eu\/cz\/black-tie-dress-code-neznamena-cerna-kravata-vite-jak-se-oblect-v-tomto-formalnim-stylu\/#breadcrumb\"},\"inLanguage\":\"cs\",\"potentialAction\":[{\"@type\":\"ReadAction\",\"target\":[\"https:\/\/blog.ccc.eu\/cz\/black-tie-dress-code-neznamena-cerna-kravata-vite-jak-se-oblect-v-tomto-formalnim-stylu\/\"]}]},{\"@type\":\"ImageObject\",\"inLanguage\":\"cs\",\"@id\":\"https:\/\/blog.ccc.eu\/cz\/black-tie-dress-code-neznamena-cerna-kravata-vite-jak-se-oblect-v-tomto-formalnim-stylu\/#primaryimage\",\"url\":\"https:\/\/blog.ccc.eu\/cz\/wp-content\/uploads\/2022\/09\/CCC-XMAS212946_1.12.jpg\",\"contentUrl\":\"https:\/\/blog.ccc.eu\/cz\/wp-content\/uploads\/2022\/09\/CCC-XMAS212946_1.12.jpg\",\"width\":768,\"height\":1024,\"caption\":\"Outfit na silvestr\"},{\"@type\":\"BreadcrumbList\",\"@id\":\"https:\/\/blog.ccc.eu\/cz\/black-tie-dress-code-neznamena-cerna-kravata-vite-jak-se-oblect-v-tomto-formalnim-stylu\/#breadcrumb\",\"itemListElement\":[{\"@type\":\"ListItem\",\"position\":1,\"name\":\"Strona g\u0142\u00f3wna\",\"item\":\"https:\/\/blog.ccc.eu\/cz\/\"},{\"@type\":\"ListItem\",\"position\":2,\"name\":\"Black tie dress code neznamen\u00e1 \u010dern\u00e1 kravata. V\u00edte, jak se obl\u00e9ct v tomto form\u00e1ln\u00edm stylu?\"}]},{\"@type\":\"WebSite\",\"@id\":\"https:\/\/blog.ccc.eu\/cz\/#website\",\"url\":\"https:\/\/blog.ccc.eu\/cz\/\",\"name\":\"blog.ccc.eu\/cz\",\"description\":\"Va\u0161e m\u00edsto pln\u00e9 m\u00f3dn\u00edch inspirac\u00ed\",\"publisher\":{\"@id\":\"https:\/\/blog.ccc.eu\/cz\/#organization\"},\"potentialAction\":[{\"@type\":\"SearchAction\",\"target\":{\"@type\":\"EntryPoint\",\"urlTemplate\":\"https:\/\/blog.ccc.eu\/cz\/?s={search_term_string}\"},\"query-input\":{\"@type\":\"PropertyValueSpecification\",\"valueRequired\":true,\"valueName\":\"search_term_string\"}}],\"inLanguage\":\"cs\"},{\"@type\":\"Organization\",\"@id\":\"https:\/\/blog.ccc.eu\/cz\/#organization\",\"name\":\"CCC S.A.\",\"url\":\"https:\/\/blog.ccc.eu\/cz\/\",\"logo\":{\"@type\":\"ImageObject\",\"inLanguage\":\"cs\",\"@id\":\"https:\/\/blog.ccc.eu\/cz\/#\/schema\/logo\/image\/\",\"url\":\"https:\/\/blog.ccc.eu\/cz\/wp-content\/uploads\/2021\/11\/logo_ccc.png\",\"contentUrl\":\"https:\/\/blog.ccc.eu\/cz\/wp-content\/uploads\/2021\/11\/logo_ccc.png\",\"width\":730,\"height\":270,\"caption\":\"CCC S.A.\"},\"image\":{\"@id\":\"https:\/\/blog.ccc.eu\/cz\/#\/schema\/logo\/image\/\"}},{\"@type\":\"Person\",\"@id\":\"https:\/\/blog.ccc.eu\/cz\/#\/schema\/person\/6d50a49f9c84d32a489180be7a29155d\",\"name\":\"Lena\",\"image\":{\"@type\":\"ImageObject\",\"inLanguage\":\"cs\",\"@id\":\"https:\/\/blog.ccc.eu\/cz\/#\/schema\/person\/image\/\",\"url\":\"https:\/\/blog.ccc.eu\/cz\/wp-content\/uploads\/2022\/06\/MicrosoftTeams-image-2-100x100.jpg\",\"contentUrl\":\"https:\/\/blog.ccc.eu\/cz\/wp-content\/uploads\/2022\/06\/MicrosoftTeams-image-2-100x100.jpg\",\"caption\":\"Lena\"},\"description\":\"Absolventka digit\u00e1ln\u00edho marketingu se zku\u0161enostmi s obsahov\u00fdm marketingem a (velmi p\u0159ekvapiv\u011b) copywritingem. Ve voln\u00e9m \u010dase r\u00e1da nos\u00ed platformy a sna\u017e\u00ed se vyva\u017eovat n\u00e1kupy ve fast-fashion \u0159et\u011bzc\u00edch, swapov\u00e1n\u00edm.\",\"url\":\"https:\/\/blog.ccc.eu\/cz\/author\/katarzyna-kostygin\/\"}]}<\/script>\n<!-- \/ Yoast SEO plugin. -->","yoast_head_json":{"title":"Black tie dress code neznamen\u00e1 \u010dern\u00e1 kravata. V\u00edte, jak se obl\u00e9ct v tomto form\u00e1ln\u00edm stylu? - blog.ccc.eu\/cz","description":"\u201cBlack tie\u201d v p\u0159ekladu znamen\u00e1 \u010dern\u00e1 kravata. V r\u00e1mci tohohle dress code na ni ale rychle zapome\u0148te! V tomto \u010dl\u00e1nku se do\u010dtete na co naopak nezapomenout. 2026","robots":{"index":"index","follow":"follow","max-snippet":"max-snippet:-1","max-image-preview":"max-image-preview:large","max-video-preview":"max-video-preview:-1"},"canonical":"https:\/\/blog.ccc.eu\/cz\/black-tie-dress-code-neznamena-cerna-kravata-vite-jak-se-oblect-v-tomto-formalnim-stylu\/","og_locale":"cs_CZ","og_type":"article","og_title":"Black tie dress code neznamen\u00e1 \u010dern\u00e1 kravata. V\u00edte, jak se obl\u00e9ct v tomto form\u00e1ln\u00edm stylu? - blog.ccc.eu\/cz","og_description":"\u201cBlack tie\u201d v p\u0159ekladu znamen\u00e1 \u010dern\u00e1 kravata. V r\u00e1mci tohohle dress code na ni ale rychle zapome\u0148te! V tomto \u010dl\u00e1nku se do\u010dtete na co naopak nezapomenout.","og_url":"https:\/\/blog.ccc.eu\/cz\/black-tie-dress-code-neznamena-cerna-kravata-vite-jak-se-oblect-v-tomto-formalnim-stylu\/","og_site_name":"blog.ccc.eu\/cz","article_published_time":"2022-09-20T09:40:45+00:00","article_modified_time":"2022-09-20T09:40:50+00:00","og_image":[{"width":768,"height":1024,"url":"https:\/\/blog.ccc.eu\/cz\/wp-content\/uploads\/2022\/09\/CCC-XMAS212946_1.12.jpg","type":"image\/jpeg"}],"author":"Lena","twitter_card":"summary_large_image","twitter_misc":{"Napsal(a)":"Lena","Odhadovan\u00e1 doba \u010dten\u00ed":"6 minut"},"schema":{"@context":"https:\/\/schema.org","@graph":[{"@type":"Article","@id":"https:\/\/blog.ccc.eu\/cz\/black-tie-dress-code-neznamena-cerna-kravata-vite-jak-se-oblect-v-tomto-formalnim-stylu\/#article","isPartOf":{"@id":"https:\/\/blog.ccc.eu\/cz\/black-tie-dress-code-neznamena-cerna-kravata-vite-jak-se-oblect-v-tomto-formalnim-stylu\/"},"author":{"name":"Lena","@id":"https:\/\/blog.ccc.eu\/cz\/#\/schema\/person\/6d50a49f9c84d32a489180be7a29155d"},"headline":"Black tie dress code neznamen\u00e1 \u010dern\u00e1 kravata. V\u00edte, jak se obl\u00e9ct v tomto form\u00e1ln\u00edm stylu?","datePublished":"2022-09-20T09:40:45+00:00","dateModified":"2022-09-20T09:40:50+00:00","mainEntityOfPage":{"@id":"https:\/\/blog.ccc.eu\/cz\/black-tie-dress-code-neznamena-cerna-kravata-vite-jak-se-oblect-v-tomto-formalnim-stylu\/"},"wordCount":1266,"commentCount":0,"publisher":{"@id":"https:\/\/blog.ccc.eu\/cz\/#organization"},"image":{"@id":"https:\/\/blog.ccc.eu\/cz\/black-tie-dress-code-neznamena-cerna-kravata-vite-jak-se-oblect-v-tomto-formalnim-stylu\/#primaryimage"},"thumbnailUrl":"https:\/\/blog.ccc.eu\/cz\/wp-content\/uploads\/2022\/09\/CCC-XMAS212946_1.12.jpg","keywords":["black tie","black tie dress code","dress code"],"articleSection":["M\u00d3DN\u00cd TIPY"],"inLanguage":"cs","potentialAction":[{"@type":"CommentAction","name":"Comment","target":["https:\/\/blog.ccc.eu\/cz\/black-tie-dress-code-neznamena-cerna-kravata-vite-jak-se-oblect-v-tomto-formalnim-stylu\/#respond"]}]},{"@type":"WebPage","@id":"https:\/\/blog.ccc.eu\/cz\/black-tie-dress-code-neznamena-cerna-kravata-vite-jak-se-oblect-v-tomto-formalnim-stylu\/","url":"https:\/\/blog.ccc.eu\/cz\/black-tie-dress-code-neznamena-cerna-kravata-vite-jak-se-oblect-v-tomto-formalnim-stylu\/","name":"Black tie dress code neznamen\u00e1 \u010dern\u00e1 kravata. V\u00edte, jak se obl\u00e9ct v tomto form\u00e1ln\u00edm stylu? - blog.ccc.eu\/cz","isPartOf":{"@id":"https:\/\/blog.ccc.eu\/cz\/#website"},"primaryImageOfPage":{"@id":"https:\/\/blog.ccc.eu\/cz\/black-tie-dress-code-neznamena-cerna-kravata-vite-jak-se-oblect-v-tomto-formalnim-stylu\/#primaryimage"},"image":{"@id":"https:\/\/blog.ccc.eu\/cz\/black-tie-dress-code-neznamena-cerna-kravata-vite-jak-se-oblect-v-tomto-formalnim-stylu\/#primaryimage"},"thumbnailUrl":"https:\/\/blog.ccc.eu\/cz\/wp-content\/uploads\/2022\/09\/CCC-XMAS212946_1.12.jpg","datePublished":"2022-09-20T09:40:45+00:00","dateModified":"2022-09-20T09:40:50+00:00","description":"\u201cBlack tie\u201d v p\u0159ekladu znamen\u00e1 \u010dern\u00e1 kravata. V r\u00e1mci tohohle dress code na ni ale rychle zapome\u0148te! V tomto \u010dl\u00e1nku se do\u010dtete na co naopak nezapomenout.","breadcrumb":{"@id":"https:\/\/blog.ccc.eu\/cz\/black-tie-dress-code-neznamena-cerna-kravata-vite-jak-se-oblect-v-tomto-formalnim-stylu\/#breadcrumb"},"inLanguage":"cs","potentialAction":[{"@type":"ReadAction","target":["https:\/\/blog.ccc.eu\/cz\/black-tie-dress-code-neznamena-cerna-kravata-vite-jak-se-oblect-v-tomto-formalnim-stylu\/"]}]},{"@type":"ImageObject","inLanguage":"cs","@id":"https:\/\/blog.ccc.eu\/cz\/black-tie-dress-code-neznamena-cerna-kravata-vite-jak-se-oblect-v-tomto-formalnim-stylu\/#primaryimage","url":"https:\/\/blog.ccc.eu\/cz\/wp-content\/uploads\/2022\/09\/CCC-XMAS212946_1.12.jpg","contentUrl":"https:\/\/blog.ccc.eu\/cz\/wp-content\/uploads\/2022\/09\/CCC-XMAS212946_1.12.jpg","width":768,"height":1024,"caption":"Outfit na silvestr"},{"@type":"BreadcrumbList","@id":"https:\/\/blog.ccc.eu\/cz\/black-tie-dress-code-neznamena-cerna-kravata-vite-jak-se-oblect-v-tomto-formalnim-stylu\/#breadcrumb","itemListElement":[{"@type":"ListItem","position":1,"name":"Strona g\u0142\u00f3wna","item":"https:\/\/blog.ccc.eu\/cz\/"},{"@type":"ListItem","position":2,"name":"Black tie dress code neznamen\u00e1 \u010dern\u00e1 kravata. V\u00edte, jak se obl\u00e9ct v tomto form\u00e1ln\u00edm stylu?"}]},{"@type":"WebSite","@id":"https:\/\/blog.ccc.eu\/cz\/#website","url":"https:\/\/blog.ccc.eu\/cz\/","name":"blog.ccc.eu\/cz","description":"Va\u0161e m\u00edsto pln\u00e9 m\u00f3dn\u00edch inspirac\u00ed","publisher":{"@id":"https:\/\/blog.ccc.eu\/cz\/#organization"},"potentialAction":[{"@type":"SearchAction","target":{"@type":"EntryPoint","urlTemplate":"https:\/\/blog.ccc.eu\/cz\/?s={search_term_string}"},"query-input":{"@type":"PropertyValueSpecification","valueRequired":true,"valueName":"search_term_string"}}],"inLanguage":"cs"},{"@type":"Organization","@id":"https:\/\/blog.ccc.eu\/cz\/#organization","name":"CCC S.A.","url":"https:\/\/blog.ccc.eu\/cz\/","logo":{"@type":"ImageObject","inLanguage":"cs","@id":"https:\/\/blog.ccc.eu\/cz\/#\/schema\/logo\/image\/","url":"https:\/\/blog.ccc.eu\/cz\/wp-content\/uploads\/2021\/11\/logo_ccc.png","contentUrl":"https:\/\/blog.ccc.eu\/cz\/wp-content\/uploads\/2021\/11\/logo_ccc.png","width":730,"height":270,"caption":"CCC S.A."},"image":{"@id":"https:\/\/blog.ccc.eu\/cz\/#\/schema\/logo\/image\/"}},{"@type":"Person","@id":"https:\/\/blog.ccc.eu\/cz\/#\/schema\/person\/6d50a49f9c84d32a489180be7a29155d","name":"Lena","image":{"@type":"ImageObject","inLanguage":"cs","@id":"https:\/\/blog.ccc.eu\/cz\/#\/schema\/person\/image\/","url":"https:\/\/blog.ccc.eu\/cz\/wp-content\/uploads\/2022\/06\/MicrosoftTeams-image-2-100x100.jpg","contentUrl":"https:\/\/blog.ccc.eu\/cz\/wp-content\/uploads\/2022\/06\/MicrosoftTeams-image-2-100x100.jpg","caption":"Lena"},"description":"Absolventka digit\u00e1ln\u00edho marketingu se zku\u0161enostmi s obsahov\u00fdm marketingem a (velmi p\u0159ekvapiv\u011b) copywritingem. Ve voln\u00e9m \u010dase r\u00e1da nos\u00ed platformy a sna\u017e\u00ed se vyva\u017eovat n\u00e1kupy ve fast-fashion \u0159et\u011bzc\u00edch, swapov\u00e1n\u00edm.","url":"https:\/\/blog.ccc.eu\/cz\/author\/katarzyna-kostygin\/"}]}},"_links":{"self":[{"href":"https:\/\/blog.ccc.eu\/cz\/wp-json\/wp\/v2\/posts\/5278","targetHints":{"allow":["GET"]}}],"collection":[{"href":"https:\/\/blog.ccc.eu\/cz\/wp-json\/wp\/v2\/posts"}],"about":[{"href":"https:\/\/blog.ccc.eu\/cz\/wp-json\/wp\/v2\/types\/post"}],"author":[{"embeddable":true,"href":"https:\/\/blog.ccc.eu\/cz\/wp-json\/wp\/v2\/users\/12"}],"replies":[{"embeddable":true,"href":"https:\/\/blog.ccc.eu\/cz\/wp-json\/wp\/v2\/comments?post=5278"}],"version-history":[{"count":1,"href":"https:\/\/blog.ccc.eu\/cz\/wp-json\/wp\/v2\/posts\/5278\/revisions"}],"predecessor-version":[{"id":5281,"href":"https:\/\/blog.ccc.eu\/cz\/wp-json\/wp\/v2\/posts\/5278\/revisions\/5281"}],"wp:featuredmedia":[{"embeddable":true,"href":"https:\/\/blog.ccc.eu\/cz\/wp-json\/wp\/v2\/media\/5280"}],"wp:attachment":[{"href":"https:\/\/blog.ccc.eu\/cz\/wp-json\/wp\/v2\/media?parent=5278"}],"wp:term":[{"taxonomy":"category","embeddable":true,"href":"https:\/\/blog.ccc.eu\/cz\/wp-json\/wp\/v2\/categories?post=5278"},{"taxonomy":"post_tag","embeddable":true,"href":"https:\/\/blog.ccc.eu\/cz\/wp-json\/wp\/v2\/tags?post=5278"}],"curies":[{"name":"wp","href":"https:\/\/api.w.org\/{rel}","templated":true}]}}