{"id":5284,"date":"2022-09-21T14:27:19","date_gmt":"2022-09-21T12:27:19","guid":{"rendered":"https:\/\/blog.ccc.eu\/cz\/?p=5284"},"modified":"2023-02-13T15:42:45","modified_gmt":"2023-02-13T14:42:45","slug":"unisex-genderfluid-modu-nosi-harry-styles-i-adam-pavlovcin-co-znamenaji-tyto-trendy-vyrazy","status":"publish","type":"post","link":"https:\/\/blog.ccc.eu\/cz\/unisex-genderfluid-modu-nosi-harry-styles-i-adam-pavlovcin-co-znamenaji-tyto-trendy-vyrazy\/","title":{"rendered":"Unisex &#038; genderfluid m\u00f3du nos\u00ed Harry Styles i Adam Pavlov\u010din. Co znamenaj\u00ed tyto trendy v\u00fdrazy?"},"content":{"rendered":"\n<p><b>Unisex a genderfluid jsou v\u00fdrazy, o kter\u00fdch jste z\u0159ejm\u011b sly\u0161eli, ale mo\u017en\u00e1 si nebyli p\u0159esn\u011b jisti, co znamenaj\u00ed. Funguj\u00ed i mimo specifick\u00e9 odv\u011btv\u00ed m\u00f3dy. Pojem unisex je v sou\u010dasnosti o n\u011bco zn\u00e1m\u011bj\u0161\u00ed. Zn\u00e1me a \u010dasto i pou\u017e\u00edv\u00e1me unisex v\u016fn\u011b, kosmetiku nebo ozna\u010den\u00ed unisex v\u00edd\u00e1me na toalet\u00e1ch. Pojem je spojov\u00e1n s neutr\u00e1lnost\u00ed a smaz\u00e1v\u00e1n\u00edm rozd\u00edl\u016f mezi pohlav\u00edmi. V\u00fdraz genderfluid je v b\u011b\u017en\u00e9 komunikaci m\u00e9n\u011b zn\u00e1m. Krom\u011b m\u00f3dy souvis\u00ed s genderovou identitou a tak\u00e9 nepravidelnou prom\u011bnlivost\u00ed v \u010dase. Zaj\u00edmaj\u00ed v\u00e1s pojmy unisex a&nbsp;genderfluid a&nbsp;jejich v\u00fdznam? Jak takov\u00e1 m\u00f3da vypad\u00e1 v praxi? Vno\u0159te se do gender neutr\u00e1ln\u00edch vod a m\u00f3dn\u00edch kreac\u00ed spolu s n\u00e1mi.<\/b><\/p>\n\n\n\n<figure class=\"wp-block-gallery has-nested-images columns-default is-cropped wp-block-gallery-1 is-layout-flex wp-block-gallery-is-layout-flex\">\n<figure class=\"wp-block-image size-large\"><img loading=\"lazy\" decoding=\"async\" width=\"1024\" height=\"768\" data-id=\"5286\" src=\"https:\/\/blog.ccc.eu\/cz\/wp-content\/uploads\/2022\/09\/untitled-3535_KM_-1-1024x768.jpg\" alt=\"\" class=\"wp-image-5286\" srcset=\"https:\/\/blog.ccc.eu\/cz\/wp-content\/uploads\/2022\/09\/untitled-3535_KM_-1-1024x768.jpg 1024w, https:\/\/blog.ccc.eu\/cz\/wp-content\/uploads\/2022\/09\/untitled-3535_KM_-1-300x225.jpg 300w, https:\/\/blog.ccc.eu\/cz\/wp-content\/uploads\/2022\/09\/untitled-3535_KM_-1-768x576.jpg 768w, https:\/\/blog.ccc.eu\/cz\/wp-content\/uploads\/2022\/09\/untitled-3535_KM_-1-100x75.jpg 100w, https:\/\/blog.ccc.eu\/cz\/wp-content\/uploads\/2022\/09\/untitled-3535_KM_-1.jpg 1531w\" sizes=\"auto, (max-width: 1024px) 100vw, 1024px\" \/><\/figure>\n<\/figure>\n\n\n\n<h2 class=\"wp-block-heading\">Unisex v&nbsp;m\u00f3dn\u00edm pr\u016fmyslu i mimo n\u011bj<\/h2>\n\n\n\n<p>R\u016f\u017eov\u00e1 je pro d\u011bv\u010data a&nbsp;modr\u00e1 pro chlapce. Zn\u00e1m\u00fd stereotyp. Rozd\u011blov\u00e1n\u00ed oble\u010den\u00ed na \u201e<em>d\u00edv\u010d\u00ed\u201c<\/em> a <em>\u201echlapeck\u00e9\u201c<\/em> za\u010d\u00edn\u00e1 ji\u017e od \u00fatl\u00e9ho v\u011bku (<em>p\u0159itom koncem 19. stolet\u00ed toto d\u011blen\u00ed barev bylo p\u0159esn\u011b opa\u010dn\u011b<\/em>). Rozli\u0161uj\u00ed se \u201ed\u00edv\u010d\u00ed a chlapeck\u00e9\u201c barvy, motivy, vzory a konkr\u00e9tn\u00ed kusy oble\u010den\u00ed. <strong>Unisex oble\u010den\u00ed<\/strong> se sna\u017e\u00ed tento koncept bo\u0159it.<\/p>\n\n\n\n<p>Slovo <strong><em>unisex<\/em><\/strong> poch\u00e1z\u00ed z\u00a0latinsk\u00e9 p\u0159edpony <em>unus <\/em>\u2013 <strong>jeden anebo single.<\/strong> <em>Sex<\/em> v\u00a0tomto p\u0159\u00edpad\u011b znamen\u00e1 <strong>pohlav\u00ed.<\/strong> V\u00fdraz unisex byl inspirov\u00e1n slovy <em>universe<\/em> nebo <em>universal. <\/em>Ve slov\u011b univerz\u00e1ln\u00ed p\u0159edpona <em>uni<\/em> znamen\u00e1 sd\u00edlen\u00fd nebo spole\u010dn\u00fd. Z\u00a0tohoto hlediska m\u016f\u017eeme slovo unisex vn\u00edmat jako sd\u00edlen\u00fd ob\u011bma pohlav\u00edmi.<\/p>\n\n\n\n<p>Obecn\u011b pojem znamen\u00e1 <strong>nez\u00e1visl\u00e9 na pohlav\u00ed, <\/strong>p\u0159\u00edpadn\u011b <strong>vhodn\u00e9 pro ob\u011b pohlav\u00ed. <\/strong>Slovo<strong> unisex <\/strong>se m\u016f\u017ee t\u00e9\u017e zam\u011bnit s pojmy<strong> gender neutral, genderless <\/strong>anebo <strong>androgynn\u00ed. <\/strong>Tyto v\u00fdrazy jsou synonyma, kter\u00e1 znamenaj\u00ed a&nbsp;odkazuj\u00ed v&nbsp;podstat\u011b na to sam\u00e9.<\/p>\n\n\n\n<p>N\u011bkter\u00e9 produkty jsou vn\u00edman\u00e9 jako unisex p\u0159irozen\u011b. Jsou to nap\u0159\u00edklad <strong>v\u016fn\u011b, parf\u00e9my a\u00a0deodoranty, <\/strong>\u017eiletky nebo h\u0159ebeny. Produkty, kter\u00e9 jsou hojn\u011b vyu\u017e\u00edvan\u00e9 v\u0161emi. D\u016fle\u017eit\u011bj\u0161\u00ed jsou specifick\u00e9 pot\u0159eby \u010dlov\u011bka, p\u0159\u00edpadn\u011b vlastnosti a\u00a0obsah dan\u00e9ho v\u00fdrobku. Ne gender. \u00a0<\/p>\n\n\n\n<p>V\u00a0n\u011bkter\u00fdch p\u0159\u00edpadech je <em>pou\u017eit\u00ed univerz\u00e1ln\u00ed n\u00e1lepky unisex slo\u017eit\u011bj\u0161\u00ed<\/em>. Nap\u0159\u00edklad v\u00a0p\u0159\u00edpad\u011b toalet a kosmetick\u00fdch nebo kade\u0159nick\u00fdch sal\u00f3n\u016f. Ty se \u010dasto d\u011bl\u00ed na z\u00e1klad\u011b pot\u0159eb z\u00e1kazn\u00edk\u016f. Obecn\u011b maj\u00ed mu\u017ei a\u00a0\u017eeny trochu jin\u00e9 po\u017eadavky, nap\u0159\u00edklad co se t\u00fd\u010de st\u0159\u00edh\u00e1n\u00ed a\u00a0barven\u00ed vlas\u016f.\u00a0<\/p>\n\n\n\n<p><strong>Unisex je zn\u00e1m\u00fd i v&nbsp;m\u00f3dn\u00edm pr\u016fmyslu<\/strong>. Popul\u00e1rn\u00ed jsou nap\u0159\u00edklad dopl\u0148ky, unisex klobouky, br\u00fdle, \u0161aty, tri\u010dka nebo unisex mikiny. U n\u011bkter\u00fdch produkt\u016f je v\u00fdroba unisex verz\u00ed n\u00e1ro\u010dn\u011bj\u0161\u00ed. Nap\u0159\u00edklad co se t\u00fd\u010de d\u017e\u00edn\u016f, spodn\u00edho pr\u00e1dla nebo n\u011bkter\u00fdch druh\u016f bot.<\/p>\n\n\n\n<p><\/p>\n\n\n\n<h2 class=\"wp-block-heading\">Stru\u010dn\u00e1 historie gender neutr\u00e1ln\u00ed m\u00f3dy<\/h2>\n\n\n\n<p>V\u00fdraz <strong>unisex<\/strong> <strong>byl poprv\u00e9 pou\u017eit\u00fd v&nbsp;roce 1968<\/strong> ve zn\u00e1m\u00fdch novin\u00e1ch <em>New York Times.<\/em> Odkazoval na <em>\u201emonster\u201c boty,<\/em> vhodn\u00e9 pro v\u0161echny pohlav\u00ed. Ve stejn\u00e9m roce se tento term\u00edn v novin\u00e1ch objevil je\u0161t\u011b \u010d<em>ty\u0159ikr\u00e1t.<\/em> A\u010dkoliv se slovo unisex za\u010dalo ofici\u00e1ln\u011b pou\u017e\u00edvat a\u017e v&nbsp;60. letech minul\u00e9ho stolet\u00ed, v&nbsp;historii se tento koncept objevil ji\u017e <em>&nbsp;mnohem<\/em> d\u0159\u00edv. A&nbsp;to d\u00edky feministick\u00e9mu hnut\u00ed. &nbsp;<\/p>\n\n\n\n<p>V&nbsp;17. stolet\u00ed se v&nbsp;Anglii po prv\u00e9 objevil v\u00fdraz <em>androgynn\u00ed. <\/em>Po del\u0161\u00ed pauze se op\u011bt vr\u00e1til v&nbsp;sedmdes\u00e1t\u00fdch letech minul\u00e9ho stolet\u00ed jako reference na <strong>glam-rock sc\u00e9nu.<\/strong> V 19. stolet\u00ed se uskute\u010dnila velk\u00e1 viktori\u00e1nsk\u00e1 reforma obl\u00e9k\u00e1n\u00ed. \u017deny do t\u00e9 doby nosily nepohodln\u00e9 a&nbsp;sv\u00edraj\u00edc\u00ed korzety a&nbsp;krinol\u00edny s&nbsp;obrovsk\u00fdmi sukn\u011bmi. Mu\u017ei naopak mohli fungovat v&nbsp;praktick\u00e9m oble\u010den\u00ed, p\u0159izp\u016fsoben\u00e9m k aktivit\u00e1m b\u011b\u017en\u00e9ho dne.<\/p>\n\n\n\n<p>\u017deny za\u010daly nosit kalhoty. To bylo tehdy n\u011bco nev\u00eddan\u00e9ho a&nbsp;vzbudilo to velkou vlnu pobou\u0159en\u00ed. Okolo p\u0159elomu 19. a 20. stolet\u00ed <strong>advok\u00e1tka \u017eensk\u00fdch pr\u00e1v, Amelia Bloomer,<\/strong> p\u0159edstavila <em>\u201ebloomer\u201c<\/em> kalhoty. Byly to v&nbsp;podstat\u011b dne\u0161n\u00ed kra\u0165asy, kter\u00e9 se nosili pod kr\u00e1tkou sukn\u00ed anebo \u0161aty. Unisex m\u00f3da se v&nbsp;<em>Haute couture<\/em> (high fashion) poprv\u00e9 objevila v&nbsp;minul\u00e9m stolet\u00ed, d\u00edky kanadsk\u00e9mu n\u00e1vrh\u00e1\u0159i, <strong>Rad Houranimu.<\/strong><\/p>\n\n\n\n<p><\/p>\n\n\n\n<h2 class=\"wp-block-heading\">Genderfluid: v\u00fdznam slova &amp; v\u00fdznam v\u00a0m\u00f3d\u011b<\/h2>\n\n\n\n<p>Genderfluid, gender fluid nebo jen <em>fluid.<\/em> Pojem zn\u00e1m\u00fd a&nbsp;prim\u00e1rn\u011b pou\u017e\u00edvan\u00fd ve&nbsp;smyslu genderov\u00e9 identity. Podobn\u00e9 v\u00fdrazy jsou nap\u0159\u00edklad <strong>nonbinary alebo bigender.<\/strong><\/p>\n\n\n\n<p>Jak to <strong>souvis\u00ed s&nbsp;m\u00f3dou?<\/strong> Genderfluid m\u00f3da se vyzna\u010duje st\u00edr\u00e1n\u00edm a&nbsp;bour\u00e1n\u00edm hranic mezi typicky femininn\u00edm a&nbsp;maskulinn\u00edm. <strong>Sukn\u011b a&nbsp;\u0161aty pro mu\u017ee, smokingov\u00e9 obleky na \u017eenskou postavu, v\u00fdrazn\u00fd make-up a&nbsp;um\u011bl\u00e9 nehty pro v\u0161echny.<\/strong><\/p>\n\n\n\n<p>Genderfluid m\u00f3da v\u0161ak ani n\u00e1hodou nen\u00ed jen v\u00fdmyslem 21. stolet\u00ed. <strong>David Bowie<\/strong> \u010di <strong>Grace Jones<\/strong> bourali mu\u017esko\u2013\u017eensk\u00e9 m\u00f3dn\u00ed stereotypy ji\u017e v&nbsp;druh\u00e9 polovin\u011b minul\u00e9ho stolet\u00ed. <a href=\"https:\/\/blog.ccc.eu\/cz\/damsky-kostym-byl-kdysi-kontroverzni-jako-panske-saty\/\"><strong>V&nbsp;roce 1966 <em>Yves Saint Laurent<\/em> na fashion show \u0161okoval d\u00e1msk\u00fdm kost\u00fdmem.<\/strong><\/a><strong><\/strong><\/p>\n\n\n\n<p>Jako bychom se posunuli v&nbsp;\u010dase je\u0161t\u011b <em>o mnoho <\/em>v\u00edc dozadu, <em>v&nbsp;roce 2000 p\u0159ed na\u0161\u00edm letopo\u010dtem v&nbsp;starov\u011bk\u00e9m Egypt\u011b a&nbsp;\u0158ecku, <\/em><strong>make-up a&nbsp;vysok\u00e9 podpatky<\/strong> nosili jak \u017eeny, tak mu\u017ei. A dokonce byli p\u016fvodn\u011b navr\u017een\u00e9 pro mu\u017ee.<\/p>\n\n\n\n<p><\/p>\n\n\n\n<h2 class=\"wp-block-heading\">Unisex \u2260 genderfluid<\/h2>\n\n\n\n<p><strong>Jak\u00fd je rozd\u00edl mezi gender fluid a&nbsp;unisex m\u00f3dou?<\/strong> U unisex oble\u010den\u00ed se ned\u00e1 ur\u010dit, jestli byl dan\u00fd kousek p\u016fvodn\u011b ur\u010den\u00fd pro \u017eenu nebo mu\u017ee. <em>Je ur\u010den\u00e9 pro ka\u017ed\u00e9ho.<\/em> Jsou to nap\u0159\u00edklad <strong>\u010dern\u00e9 mokas\u00edny, <\/strong><a href=\"https:\/\/ccc.eu\/cz\/damske\/boty\/tenisky\/barva:bila\"><strong>b\u00edl\u00e9 tenisky<\/strong><\/a><strong>, oby\u010dejn\u00e1 tri\u010dka s&nbsp;rovn\u00fdm st\u0159ihem. Ale i <\/strong><a href=\"https:\/\/ccc.eu\/cz\/damske\/obleceni\/dziny\"><strong>modr\u00e9 klasick\u00e9 d\u017e\u00edny<\/strong><\/a><strong>, bundy a&nbsp;nude nebo \u010dern\u00fd&nbsp;tren\u010dkot.<\/strong> Hodinky, jednoduch\u00e9 dopl\u0148ky, \u0159et\u00edzky, pono\u017eky a&nbsp;k\u0161iltovky. Podobn\u011b jako unisex v\u016fn\u011b \u010di kosmetick\u00e9 v\u00fdrobky, produkt m\u00e1 tendenci se p\u0159izp\u016fsobit majiteli, ne naopak. Unisex oble\u010den\u00ed m\u016f\u017ee pomoct vyzdvihnout osobnost a <em>\u201evibe\u201c<\/em> konkr\u00e9tn\u00edho \u010dlov\u011bka, bez ohledu na pohlav\u00ed.<\/p>\n\n\n\n<p><strong>Genderfluid,<\/strong> jak u\u017e to vypl\u00fdv\u00e1 z&nbsp;n\u00e1zvu \u2013 <em>gender &amp; fluid<\/em> \u2013 d\u011bl\u00e1 hranice mezi mu\u017esk\u00fdm a \u017eensk\u00fdm propustn\u011bj\u0161\u00ed. Unisex pracuje s&nbsp;o&nbsp;n\u011bco neutr\u00e1ln\u011bj\u0161\u00edmi kousky oble\u010den\u00ed, genderfluid m\u00f3da pou\u017e\u00edv\u00e1 typicky <strong>\u017eensk\u00e9 prvky na mu\u017e\u00edch a&nbsp;naopak.<\/strong><\/p>\n\n\n\n<p><\/p>\n\n\n\n<h2 class=\"wp-block-heading\">Genderfluid m\u00f3da &amp;\u00a0zn\u00e1me osobnosti<\/h2>\n\n\n\n<p>Sta\u010d\u00ed si p\u0159edstavit styl <strong>Harryho Stylese<\/strong> v&nbsp;nejnov\u011bj\u0161\u00edch videoklipech. <strong>Dlouh\u00e9 sukn\u011b a&nbsp;\u0161aty, pr\u016fsvitn\u00e9 oble\u010den\u00ed, v\u00fdrazn\u00e9 vzory a&nbsp;flitry. Perlov\u00e9 n\u00e1hrdeln\u00edky, t\u0159pytiv\u00e9 hv\u011bzdi\u010dky, prsteny a&nbsp;hrav\u00e9, barevn\u00e9 nehty.<\/strong><\/p>\n\n\n\n<p>Slavn\u00fdm propag\u00e1torem genderfluid m\u00f3dy sou\u010dasnosti je t\u00e9\u017e americk\u00fd zp\u011bv\u00e1k a&nbsp;herec <strong>Billy Porter, <\/strong>kter\u00fd 21. z\u00e1\u0159\u00ed oslav\u00ed 53 narozeniny.Um\u011blec si nev\u00e1h\u00e1 na presti\u017en\u00ed ud\u00e1losti, jako Met Gala \u010di Oskary vz\u00edt <strong>\u010dern\u00fd sametov\u00fd smoking, <\/strong>kter\u00fd ale kon\u010d\u00ed<em> sukn\u00ed m\u00edsto kalhot.<\/em>Dal\u0161\u00ed z jeho outifit\u016f jsou t\u0159eba klasicky \u017eensk\u00e9, dlouh\u00e9 zelen\u00e9 \u0161aty nebo v\u00fdrazn\u011b zdoben\u00fd od\u011bv s kv\u011btovan\u00fdmi vzory. Neboj\u00ed se ani <strong>zlat\u00e9ho overalu s&nbsp;<\/strong><strong>k\u0159\u00eddly <\/strong><em>\u00e0 la drag queen bohyn\u011b.<\/em><\/p>\n\n\n\n<p>Trochu jemn\u011bj\u0161\u00ed verz\u00ed genderfluid m\u00f3dy p\u0159edstavuje australsk\u00fd herec <strong>Cody Fern. <\/strong>Je zn\u00e1m\u00fd nap\u0159\u00edklad ze<em> seri\u00e1lu American Horror Story. <\/em>Obl\u00edben\u00e9 <strong>pr\u016fsvitn\u00e9 topy, l\u00ed\u010den\u00ed o\u010d\u00ed, v\u00fdrazn\u00e9 \u0161perky a&nbsp;ne\u010dekan\u00e9 a&nbsp;extravagantn\u00ed dopl\u0148ky.<\/strong><\/p>\n\n\n\n<p>V&nbsp;na\u0161em \u010desko-slovensk\u00e9m rybn\u00edku je to nap\u0159\u00edklad<strong> Adam Pavlov\u010din, <\/strong>v\u00fdherce <em>Superstar 2021.<\/em> \u010casto byl kv\u016fli sv\u00e9mu m\u00f3dn\u00edmu stylu p\u0159irovn\u00e1v\u00e1n ji\u017e ke&nbsp;zm\u00edn\u011bn\u00e9mu Harry Stylesovi.<\/p>\n\n\n\n<p><strong>A&nbsp;co \u017eeny? <\/strong>Mu\u017ei v&nbsp;\u017eensk\u00fdch kousc\u00edch bud\u00ed o&nbsp;n\u011bco v\u00edc pozornosti ne\u017e \u017eeny v mu\u017esk\u00fdch. Velmi mlad\u00e1 a&nbsp;velmi zn\u00e1m\u00e1 zp\u011bva\u010dka <strong>Billie Eilish<\/strong> by ve sv\u00fdch <em>oversized v\u011bcech, high end zna\u010dk\u00e1ch<\/em> mohla spadat do t\u00e9to kategorie. Here\u010dka a modelka zn\u00e1m\u00e1 ze seri\u00e1lu <em>Orange is the New Black, <\/em><strong>Ruby Rose<\/strong>, sv\u016fj styl r\u00e1da p\u0159ep\u00edn\u00e1 mezi mu\u017esk\u00fdm a&nbsp;\u017eensk\u00fdm sv\u011btem.<\/p>\n\n\n\n<p>Unisex a&nbsp;genderfluid m\u00f3da je <em>v\u00edc ne\u017e jen m\u00f3dn\u00ed trend<\/em>. Pro\u010d je aktu\u00e1ln\u011b tak popul\u00e1rn\u00ed? <strong>M\u00f3da nen\u00ed odd\u011blen\u00e1 od okoln\u00edho sv\u011bta, m\u011bn\u00ed se spolu s&nbsp;n\u00edm a&nbsp;reaguje na n\u011bj.<\/strong> Je odrazem toho, \u017ee lid\u00e9 se cht\u011bj\u00ed v&nbsp;obl\u00e9kan\u00ed bavit, b\u00fdt svobodn\u00ed a&nbsp;neomezovat se \u017e\u00e1dn\u00fdmi pravidly. St\u00edr\u00e1n\u00ed hranic mezi mu\u017esk\u00fdm a&nbsp;\u017eensk\u00fdm, hled\u00e1n\u00ed nov\u00e9ho norm\u00e1lu je p\u0159irozen\u00fdm v\u00fdvinem sou\u010dasnosti a&nbsp;je z\u0159ejm\u00e9, \u017ee bude jen pokra\u010dovat.<\/p>\n","protected":false},"excerpt":{"rendered":"<p>Unisex a genderfluid jsou v\u00fdrazy, o kter\u00fdch jste z\u0159ejm\u011b sly\u0161eli, ale mo\u017en\u00e1 si nebyli p\u0159esn\u011b jisti, co znamenaj\u00ed. Funguj\u00ed i mimo specifick\u00e9 odv\u011btv\u00ed m\u00f3dy. Pojem unisex je v sou\u010dasnosti o n\u011bco zn\u00e1m\u011bj\u0161\u00ed. Zn\u00e1me a \u010dasto i pou\u017e\u00edv\u00e1me unisex v\u016fn\u011b, kosmetiku nebo ozna\u010den\u00ed unisex v\u00edd\u00e1me na toalet\u00e1ch. Pojem je spojov\u00e1n s neutr\u00e1lnost\u00ed a smaz\u00e1v\u00e1n\u00edm rozd\u00edl\u016f mezi [&hellip;]<\/p>\n","protected":false},"author":12,"featured_media":5285,"comment_status":"open","ping_status":"open","sticky":false,"template":"","format":"standard","meta":{"_acf_changed":false,"footnotes":""},"categories":[6],"tags":[769,9,768],"class_list":["post-5284","post","type-post","status-publish","format-standard","has-post-thumbnail","hentry","category-trendy","tag-genderfluid","tag-trendy","tag-unisex"],"acf":[],"yoast_head":"<!-- This site is optimized with the Yoast SEO plugin v26.9 - https:\/\/yoast.com\/product\/yoast-seo-wordpress\/ -->\n<title>Unisex &amp; genderfluid m\u00f3du nos\u00ed Harry Styles i Adam Pavlov\u010din. Co znamenaj\u00ed tyto trendy v\u00fdrazy? - blog.ccc.eu\/cz<\/title>\n<meta name=\"description\" content=\"Unisex &amp; genderfluid m\u00f3da je v\u00edce ne\u017e jen do\u010dasn\u00fd trend. Co tyto pojmy znamenaj\u00ed a jak vypadaj\u00ed takov\u00e9 outfity v praxi? 2026\" \/>\n<meta name=\"robots\" content=\"index, follow, max-snippet:-1, max-image-preview:large, max-video-preview:-1\" \/>\n<link rel=\"canonical\" href=\"https:\/\/blog.ccc.eu\/cz\/unisex-genderfluid-modu-nosi-harry-styles-i-adam-pavlovcin-co-znamenaji-tyto-trendy-vyrazy\/\" \/>\n<meta property=\"og:locale\" content=\"cs_CZ\" \/>\n<meta property=\"og:type\" content=\"article\" \/>\n<meta property=\"og:title\" content=\"Unisex &amp; genderfluid m\u00f3du nos\u00ed Harry Styles i Adam Pavlov\u010din. Co znamenaj\u00ed tyto trendy v\u00fdrazy? - blog.ccc.eu\/cz\" \/>\n<meta property=\"og:description\" content=\"Unisex &amp; genderfluid m\u00f3da je v\u00edce ne\u017e jen do\u010dasn\u00fd trend. Co tyto pojmy znamenaj\u00ed a jak vypadaj\u00ed takov\u00e9 outfity v praxi?\" \/>\n<meta property=\"og:url\" content=\"https:\/\/blog.ccc.eu\/cz\/unisex-genderfluid-modu-nosi-harry-styles-i-adam-pavlovcin-co-znamenaji-tyto-trendy-vyrazy\/\" \/>\n<meta property=\"og:site_name\" content=\"blog.ccc.eu\/cz\" \/>\n<meta property=\"article:published_time\" content=\"2022-09-21T12:27:19+00:00\" \/>\n<meta property=\"article:modified_time\" content=\"2023-02-13T14:42:45+00:00\" \/>\n<meta property=\"og:image\" content=\"https:\/\/blog.ccc.eu\/cz\/wp-content\/uploads\/2022\/09\/untitled-3524_KM.jpg\" \/>\n\t<meta property=\"og:image:width\" content=\"1166\" \/>\n\t<meta property=\"og:image:height\" content=\"1554\" \/>\n\t<meta property=\"og:image:type\" content=\"image\/jpeg\" \/>\n<meta name=\"author\" content=\"Lena\" \/>\n<meta name=\"twitter:card\" content=\"summary_large_image\" \/>\n<meta name=\"twitter:label1\" content=\"Napsal(a)\" \/>\n\t<meta name=\"twitter:data1\" content=\"Lena\" \/>\n\t<meta name=\"twitter:label2\" content=\"Odhadovan\u00e1 doba \u010dten\u00ed\" \/>\n\t<meta name=\"twitter:data2\" content=\"7 minut\" \/>\n<script type=\"application\/ld+json\" class=\"yoast-schema-graph\">{\"@context\":\"https:\/\/schema.org\",\"@graph\":[{\"@type\":\"Article\",\"@id\":\"https:\/\/blog.ccc.eu\/cz\/unisex-genderfluid-modu-nosi-harry-styles-i-adam-pavlovcin-co-znamenaji-tyto-trendy-vyrazy\/#article\",\"isPartOf\":{\"@id\":\"https:\/\/blog.ccc.eu\/cz\/unisex-genderfluid-modu-nosi-harry-styles-i-adam-pavlovcin-co-znamenaji-tyto-trendy-vyrazy\/\"},\"author\":{\"name\":\"Lena\",\"@id\":\"https:\/\/blog.ccc.eu\/cz\/#\/schema\/person\/6d50a49f9c84d32a489180be7a29155d\"},\"headline\":\"Unisex &#038; genderfluid m\u00f3du nos\u00ed Harry Styles i Adam Pavlov\u010din. Co znamenaj\u00ed tyto trendy v\u00fdrazy?\",\"datePublished\":\"2022-09-21T12:27:19+00:00\",\"dateModified\":\"2023-02-13T14:42:45+00:00\",\"mainEntityOfPage\":{\"@id\":\"https:\/\/blog.ccc.eu\/cz\/unisex-genderfluid-modu-nosi-harry-styles-i-adam-pavlovcin-co-znamenaji-tyto-trendy-vyrazy\/\"},\"wordCount\":1589,\"commentCount\":0,\"publisher\":{\"@id\":\"https:\/\/blog.ccc.eu\/cz\/#organization\"},\"image\":{\"@id\":\"https:\/\/blog.ccc.eu\/cz\/unisex-genderfluid-modu-nosi-harry-styles-i-adam-pavlovcin-co-znamenaji-tyto-trendy-vyrazy\/#primaryimage\"},\"thumbnailUrl\":\"https:\/\/blog.ccc.eu\/cz\/wp-content\/uploads\/2022\/09\/untitled-3524_KM.jpg\",\"keywords\":[\"genderfluid\",\"trendy\",\"unisex\"],\"articleSection\":[\"TRENDY\"],\"inLanguage\":\"cs\",\"potentialAction\":[{\"@type\":\"CommentAction\",\"name\":\"Comment\",\"target\":[\"https:\/\/blog.ccc.eu\/cz\/unisex-genderfluid-modu-nosi-harry-styles-i-adam-pavlovcin-co-znamenaji-tyto-trendy-vyrazy\/#respond\"]}]},{\"@type\":\"WebPage\",\"@id\":\"https:\/\/blog.ccc.eu\/cz\/unisex-genderfluid-modu-nosi-harry-styles-i-adam-pavlovcin-co-znamenaji-tyto-trendy-vyrazy\/\",\"url\":\"https:\/\/blog.ccc.eu\/cz\/unisex-genderfluid-modu-nosi-harry-styles-i-adam-pavlovcin-co-znamenaji-tyto-trendy-vyrazy\/\",\"name\":\"Unisex & genderfluid m\u00f3du nos\u00ed Harry Styles i Adam Pavlov\u010din. Co znamenaj\u00ed tyto trendy v\u00fdrazy? - blog.ccc.eu\/cz\",\"isPartOf\":{\"@id\":\"https:\/\/blog.ccc.eu\/cz\/#website\"},\"primaryImageOfPage\":{\"@id\":\"https:\/\/blog.ccc.eu\/cz\/unisex-genderfluid-modu-nosi-harry-styles-i-adam-pavlovcin-co-znamenaji-tyto-trendy-vyrazy\/#primaryimage\"},\"image\":{\"@id\":\"https:\/\/blog.ccc.eu\/cz\/unisex-genderfluid-modu-nosi-harry-styles-i-adam-pavlovcin-co-znamenaji-tyto-trendy-vyrazy\/#primaryimage\"},\"thumbnailUrl\":\"https:\/\/blog.ccc.eu\/cz\/wp-content\/uploads\/2022\/09\/untitled-3524_KM.jpg\",\"datePublished\":\"2022-09-21T12:27:19+00:00\",\"dateModified\":\"2023-02-13T14:42:45+00:00\",\"description\":\"Unisex & genderfluid m\u00f3da je v\u00edce ne\u017e jen do\u010dasn\u00fd trend. Co tyto pojmy znamenaj\u00ed a jak vypadaj\u00ed takov\u00e9 outfity v praxi?\",\"breadcrumb\":{\"@id\":\"https:\/\/blog.ccc.eu\/cz\/unisex-genderfluid-modu-nosi-harry-styles-i-adam-pavlovcin-co-znamenaji-tyto-trendy-vyrazy\/#breadcrumb\"},\"inLanguage\":\"cs\",\"potentialAction\":[{\"@type\":\"ReadAction\",\"target\":[\"https:\/\/blog.ccc.eu\/cz\/unisex-genderfluid-modu-nosi-harry-styles-i-adam-pavlovcin-co-znamenaji-tyto-trendy-vyrazy\/\"]}]},{\"@type\":\"ImageObject\",\"inLanguage\":\"cs\",\"@id\":\"https:\/\/blog.ccc.eu\/cz\/unisex-genderfluid-modu-nosi-harry-styles-i-adam-pavlovcin-co-znamenaji-tyto-trendy-vyrazy\/#primaryimage\",\"url\":\"https:\/\/blog.ccc.eu\/cz\/wp-content\/uploads\/2022\/09\/untitled-3524_KM.jpg\",\"contentUrl\":\"https:\/\/blog.ccc.eu\/cz\/wp-content\/uploads\/2022\/09\/untitled-3524_KM.jpg\",\"width\":1166,\"height\":1554,\"caption\":\"B\u00edl\u00fd d\u017e\u00ednov\u00fd outfit\"},{\"@type\":\"BreadcrumbList\",\"@id\":\"https:\/\/blog.ccc.eu\/cz\/unisex-genderfluid-modu-nosi-harry-styles-i-adam-pavlovcin-co-znamenaji-tyto-trendy-vyrazy\/#breadcrumb\",\"itemListElement\":[{\"@type\":\"ListItem\",\"position\":1,\"name\":\"Strona g\u0142\u00f3wna\",\"item\":\"https:\/\/blog.ccc.eu\/cz\/\"},{\"@type\":\"ListItem\",\"position\":2,\"name\":\"Unisex &#038; genderfluid m\u00f3du nos\u00ed Harry Styles i Adam Pavlov\u010din. Co znamenaj\u00ed tyto trendy v\u00fdrazy?\"}]},{\"@type\":\"WebSite\",\"@id\":\"https:\/\/blog.ccc.eu\/cz\/#website\",\"url\":\"https:\/\/blog.ccc.eu\/cz\/\",\"name\":\"blog.ccc.eu\/cz\",\"description\":\"Va\u0161e m\u00edsto pln\u00e9 m\u00f3dn\u00edch inspirac\u00ed\",\"publisher\":{\"@id\":\"https:\/\/blog.ccc.eu\/cz\/#organization\"},\"potentialAction\":[{\"@type\":\"SearchAction\",\"target\":{\"@type\":\"EntryPoint\",\"urlTemplate\":\"https:\/\/blog.ccc.eu\/cz\/?s={search_term_string}\"},\"query-input\":{\"@type\":\"PropertyValueSpecification\",\"valueRequired\":true,\"valueName\":\"search_term_string\"}}],\"inLanguage\":\"cs\"},{\"@type\":\"Organization\",\"@id\":\"https:\/\/blog.ccc.eu\/cz\/#organization\",\"name\":\"CCC S.A.\",\"url\":\"https:\/\/blog.ccc.eu\/cz\/\",\"logo\":{\"@type\":\"ImageObject\",\"inLanguage\":\"cs\",\"@id\":\"https:\/\/blog.ccc.eu\/cz\/#\/schema\/logo\/image\/\",\"url\":\"https:\/\/blog.ccc.eu\/cz\/wp-content\/uploads\/2021\/11\/logo_ccc.png\",\"contentUrl\":\"https:\/\/blog.ccc.eu\/cz\/wp-content\/uploads\/2021\/11\/logo_ccc.png\",\"width\":730,\"height\":270,\"caption\":\"CCC S.A.\"},\"image\":{\"@id\":\"https:\/\/blog.ccc.eu\/cz\/#\/schema\/logo\/image\/\"}},{\"@type\":\"Person\",\"@id\":\"https:\/\/blog.ccc.eu\/cz\/#\/schema\/person\/6d50a49f9c84d32a489180be7a29155d\",\"name\":\"Lena\",\"image\":{\"@type\":\"ImageObject\",\"inLanguage\":\"cs\",\"@id\":\"https:\/\/blog.ccc.eu\/cz\/#\/schema\/person\/image\/\",\"url\":\"https:\/\/blog.ccc.eu\/cz\/wp-content\/uploads\/2022\/06\/MicrosoftTeams-image-2-100x100.jpg\",\"contentUrl\":\"https:\/\/blog.ccc.eu\/cz\/wp-content\/uploads\/2022\/06\/MicrosoftTeams-image-2-100x100.jpg\",\"caption\":\"Lena\"},\"description\":\"Absolventka digit\u00e1ln\u00edho marketingu se zku\u0161enostmi s obsahov\u00fdm marketingem a (velmi p\u0159ekvapiv\u011b) copywritingem. Ve voln\u00e9m \u010dase r\u00e1da nos\u00ed platformy a sna\u017e\u00ed se vyva\u017eovat n\u00e1kupy ve fast-fashion \u0159et\u011bzc\u00edch, swapov\u00e1n\u00edm.\",\"url\":\"https:\/\/blog.ccc.eu\/cz\/author\/katarzyna-kostygin\/\"}]}<\/script>\n<!-- \/ Yoast SEO plugin. -->","yoast_head_json":{"title":"Unisex & genderfluid m\u00f3du nos\u00ed Harry Styles i Adam Pavlov\u010din. Co znamenaj\u00ed tyto trendy v\u00fdrazy? - blog.ccc.eu\/cz","description":"Unisex & genderfluid m\u00f3da je v\u00edce ne\u017e jen do\u010dasn\u00fd trend. Co tyto pojmy znamenaj\u00ed a jak vypadaj\u00ed takov\u00e9 outfity v praxi? 2026","robots":{"index":"index","follow":"follow","max-snippet":"max-snippet:-1","max-image-preview":"max-image-preview:large","max-video-preview":"max-video-preview:-1"},"canonical":"https:\/\/blog.ccc.eu\/cz\/unisex-genderfluid-modu-nosi-harry-styles-i-adam-pavlovcin-co-znamenaji-tyto-trendy-vyrazy\/","og_locale":"cs_CZ","og_type":"article","og_title":"Unisex & genderfluid m\u00f3du nos\u00ed Harry Styles i Adam Pavlov\u010din. Co znamenaj\u00ed tyto trendy v\u00fdrazy? - blog.ccc.eu\/cz","og_description":"Unisex & genderfluid m\u00f3da je v\u00edce ne\u017e jen do\u010dasn\u00fd trend. Co tyto pojmy znamenaj\u00ed a jak vypadaj\u00ed takov\u00e9 outfity v praxi?","og_url":"https:\/\/blog.ccc.eu\/cz\/unisex-genderfluid-modu-nosi-harry-styles-i-adam-pavlovcin-co-znamenaji-tyto-trendy-vyrazy\/","og_site_name":"blog.ccc.eu\/cz","article_published_time":"2022-09-21T12:27:19+00:00","article_modified_time":"2023-02-13T14:42:45+00:00","og_image":[{"width":1166,"height":1554,"url":"https:\/\/blog.ccc.eu\/cz\/wp-content\/uploads\/2022\/09\/untitled-3524_KM.jpg","type":"image\/jpeg"}],"author":"Lena","twitter_card":"summary_large_image","twitter_misc":{"Napsal(a)":"Lena","Odhadovan\u00e1 doba \u010dten\u00ed":"7 minut"},"schema":{"@context":"https:\/\/schema.org","@graph":[{"@type":"Article","@id":"https:\/\/blog.ccc.eu\/cz\/unisex-genderfluid-modu-nosi-harry-styles-i-adam-pavlovcin-co-znamenaji-tyto-trendy-vyrazy\/#article","isPartOf":{"@id":"https:\/\/blog.ccc.eu\/cz\/unisex-genderfluid-modu-nosi-harry-styles-i-adam-pavlovcin-co-znamenaji-tyto-trendy-vyrazy\/"},"author":{"name":"Lena","@id":"https:\/\/blog.ccc.eu\/cz\/#\/schema\/person\/6d50a49f9c84d32a489180be7a29155d"},"headline":"Unisex &#038; genderfluid m\u00f3du nos\u00ed Harry Styles i Adam Pavlov\u010din. Co znamenaj\u00ed tyto trendy v\u00fdrazy?","datePublished":"2022-09-21T12:27:19+00:00","dateModified":"2023-02-13T14:42:45+00:00","mainEntityOfPage":{"@id":"https:\/\/blog.ccc.eu\/cz\/unisex-genderfluid-modu-nosi-harry-styles-i-adam-pavlovcin-co-znamenaji-tyto-trendy-vyrazy\/"},"wordCount":1589,"commentCount":0,"publisher":{"@id":"https:\/\/blog.ccc.eu\/cz\/#organization"},"image":{"@id":"https:\/\/blog.ccc.eu\/cz\/unisex-genderfluid-modu-nosi-harry-styles-i-adam-pavlovcin-co-znamenaji-tyto-trendy-vyrazy\/#primaryimage"},"thumbnailUrl":"https:\/\/blog.ccc.eu\/cz\/wp-content\/uploads\/2022\/09\/untitled-3524_KM.jpg","keywords":["genderfluid","trendy","unisex"],"articleSection":["TRENDY"],"inLanguage":"cs","potentialAction":[{"@type":"CommentAction","name":"Comment","target":["https:\/\/blog.ccc.eu\/cz\/unisex-genderfluid-modu-nosi-harry-styles-i-adam-pavlovcin-co-znamenaji-tyto-trendy-vyrazy\/#respond"]}]},{"@type":"WebPage","@id":"https:\/\/blog.ccc.eu\/cz\/unisex-genderfluid-modu-nosi-harry-styles-i-adam-pavlovcin-co-znamenaji-tyto-trendy-vyrazy\/","url":"https:\/\/blog.ccc.eu\/cz\/unisex-genderfluid-modu-nosi-harry-styles-i-adam-pavlovcin-co-znamenaji-tyto-trendy-vyrazy\/","name":"Unisex & genderfluid m\u00f3du nos\u00ed Harry Styles i Adam Pavlov\u010din. Co znamenaj\u00ed tyto trendy v\u00fdrazy? - blog.ccc.eu\/cz","isPartOf":{"@id":"https:\/\/blog.ccc.eu\/cz\/#website"},"primaryImageOfPage":{"@id":"https:\/\/blog.ccc.eu\/cz\/unisex-genderfluid-modu-nosi-harry-styles-i-adam-pavlovcin-co-znamenaji-tyto-trendy-vyrazy\/#primaryimage"},"image":{"@id":"https:\/\/blog.ccc.eu\/cz\/unisex-genderfluid-modu-nosi-harry-styles-i-adam-pavlovcin-co-znamenaji-tyto-trendy-vyrazy\/#primaryimage"},"thumbnailUrl":"https:\/\/blog.ccc.eu\/cz\/wp-content\/uploads\/2022\/09\/untitled-3524_KM.jpg","datePublished":"2022-09-21T12:27:19+00:00","dateModified":"2023-02-13T14:42:45+00:00","description":"Unisex & genderfluid m\u00f3da je v\u00edce ne\u017e jen do\u010dasn\u00fd trend. Co tyto pojmy znamenaj\u00ed a jak vypadaj\u00ed takov\u00e9 outfity v praxi?","breadcrumb":{"@id":"https:\/\/blog.ccc.eu\/cz\/unisex-genderfluid-modu-nosi-harry-styles-i-adam-pavlovcin-co-znamenaji-tyto-trendy-vyrazy\/#breadcrumb"},"inLanguage":"cs","potentialAction":[{"@type":"ReadAction","target":["https:\/\/blog.ccc.eu\/cz\/unisex-genderfluid-modu-nosi-harry-styles-i-adam-pavlovcin-co-znamenaji-tyto-trendy-vyrazy\/"]}]},{"@type":"ImageObject","inLanguage":"cs","@id":"https:\/\/blog.ccc.eu\/cz\/unisex-genderfluid-modu-nosi-harry-styles-i-adam-pavlovcin-co-znamenaji-tyto-trendy-vyrazy\/#primaryimage","url":"https:\/\/blog.ccc.eu\/cz\/wp-content\/uploads\/2022\/09\/untitled-3524_KM.jpg","contentUrl":"https:\/\/blog.ccc.eu\/cz\/wp-content\/uploads\/2022\/09\/untitled-3524_KM.jpg","width":1166,"height":1554,"caption":"B\u00edl\u00fd d\u017e\u00ednov\u00fd outfit"},{"@type":"BreadcrumbList","@id":"https:\/\/blog.ccc.eu\/cz\/unisex-genderfluid-modu-nosi-harry-styles-i-adam-pavlovcin-co-znamenaji-tyto-trendy-vyrazy\/#breadcrumb","itemListElement":[{"@type":"ListItem","position":1,"name":"Strona g\u0142\u00f3wna","item":"https:\/\/blog.ccc.eu\/cz\/"},{"@type":"ListItem","position":2,"name":"Unisex &#038; genderfluid m\u00f3du nos\u00ed Harry Styles i Adam Pavlov\u010din. Co znamenaj\u00ed tyto trendy v\u00fdrazy?"}]},{"@type":"WebSite","@id":"https:\/\/blog.ccc.eu\/cz\/#website","url":"https:\/\/blog.ccc.eu\/cz\/","name":"blog.ccc.eu\/cz","description":"Va\u0161e m\u00edsto pln\u00e9 m\u00f3dn\u00edch inspirac\u00ed","publisher":{"@id":"https:\/\/blog.ccc.eu\/cz\/#organization"},"potentialAction":[{"@type":"SearchAction","target":{"@type":"EntryPoint","urlTemplate":"https:\/\/blog.ccc.eu\/cz\/?s={search_term_string}"},"query-input":{"@type":"PropertyValueSpecification","valueRequired":true,"valueName":"search_term_string"}}],"inLanguage":"cs"},{"@type":"Organization","@id":"https:\/\/blog.ccc.eu\/cz\/#organization","name":"CCC S.A.","url":"https:\/\/blog.ccc.eu\/cz\/","logo":{"@type":"ImageObject","inLanguage":"cs","@id":"https:\/\/blog.ccc.eu\/cz\/#\/schema\/logo\/image\/","url":"https:\/\/blog.ccc.eu\/cz\/wp-content\/uploads\/2021\/11\/logo_ccc.png","contentUrl":"https:\/\/blog.ccc.eu\/cz\/wp-content\/uploads\/2021\/11\/logo_ccc.png","width":730,"height":270,"caption":"CCC S.A."},"image":{"@id":"https:\/\/blog.ccc.eu\/cz\/#\/schema\/logo\/image\/"}},{"@type":"Person","@id":"https:\/\/blog.ccc.eu\/cz\/#\/schema\/person\/6d50a49f9c84d32a489180be7a29155d","name":"Lena","image":{"@type":"ImageObject","inLanguage":"cs","@id":"https:\/\/blog.ccc.eu\/cz\/#\/schema\/person\/image\/","url":"https:\/\/blog.ccc.eu\/cz\/wp-content\/uploads\/2022\/06\/MicrosoftTeams-image-2-100x100.jpg","contentUrl":"https:\/\/blog.ccc.eu\/cz\/wp-content\/uploads\/2022\/06\/MicrosoftTeams-image-2-100x100.jpg","caption":"Lena"},"description":"Absolventka digit\u00e1ln\u00edho marketingu se zku\u0161enostmi s obsahov\u00fdm marketingem a (velmi p\u0159ekvapiv\u011b) copywritingem. Ve voln\u00e9m \u010dase r\u00e1da nos\u00ed platformy a sna\u017e\u00ed se vyva\u017eovat n\u00e1kupy ve fast-fashion \u0159et\u011bzc\u00edch, swapov\u00e1n\u00edm.","url":"https:\/\/blog.ccc.eu\/cz\/author\/katarzyna-kostygin\/"}]}},"_links":{"self":[{"href":"https:\/\/blog.ccc.eu\/cz\/wp-json\/wp\/v2\/posts\/5284","targetHints":{"allow":["GET"]}}],"collection":[{"href":"https:\/\/blog.ccc.eu\/cz\/wp-json\/wp\/v2\/posts"}],"about":[{"href":"https:\/\/blog.ccc.eu\/cz\/wp-json\/wp\/v2\/types\/post"}],"author":[{"embeddable":true,"href":"https:\/\/blog.ccc.eu\/cz\/wp-json\/wp\/v2\/users\/12"}],"replies":[{"embeddable":true,"href":"https:\/\/blog.ccc.eu\/cz\/wp-json\/wp\/v2\/comments?post=5284"}],"version-history":[{"count":6,"href":"https:\/\/blog.ccc.eu\/cz\/wp-json\/wp\/v2\/posts\/5284\/revisions"}],"predecessor-version":[{"id":5619,"href":"https:\/\/blog.ccc.eu\/cz\/wp-json\/wp\/v2\/posts\/5284\/revisions\/5619"}],"wp:featuredmedia":[{"embeddable":true,"href":"https:\/\/blog.ccc.eu\/cz\/wp-json\/wp\/v2\/media\/5285"}],"wp:attachment":[{"href":"https:\/\/blog.ccc.eu\/cz\/wp-json\/wp\/v2\/media?parent=5284"}],"wp:term":[{"taxonomy":"category","embeddable":true,"href":"https:\/\/blog.ccc.eu\/cz\/wp-json\/wp\/v2\/categories?post=5284"},{"taxonomy":"post_tag","embeddable":true,"href":"https:\/\/blog.ccc.eu\/cz\/wp-json\/wp\/v2\/tags?post=5284"}],"curies":[{"name":"wp","href":"https:\/\/api.w.org\/{rel}","templated":true}]}}