{"id":5499,"date":"2022-12-20T13:38:15","date_gmt":"2022-12-20T12:38:15","guid":{"rendered":"https:\/\/blog.ccc.eu\/cz\/?p=5499"},"modified":"2023-02-15T16:51:11","modified_gmt":"2023-02-15T15:51:11","slug":"barva-roku-2023-je-viva-magenta","status":"publish","type":"post","link":"https:\/\/blog.ccc.eu\/cz\/barva-roku-2023-je-viva-magenta\/","title":{"rendered":"Barva roku 2023 je Viva Magenta!"},"content":{"rendered":"\n<p><b>Cel\u00fd sv\u011bt ka\u017edoro\u010dn\u011b netrp\u011bliv\u011b o\u010dek\u00e1v\u00e1 vyhl\u00e1\u0161en\u00ed barvy roku od Pantone. Pantone Color Institute je sv\u011btov\u011b uzn\u00e1van\u00e1 instituce. V\u00fdb\u011br barvy roku neznamen\u00e1 jen estetickou z\u00e1le\u017eitost. Ve skute\u010dnosti jde o d\u016fsledn\u00fd v\u00fdzkum a spolupr\u00e1ci v\u00edce sv\u011btov\u00fdch \u0161pi\u010dek v odboru. Selekce prob\u00edh\u00e1 anal\u00fdzou trend\u016f a inspirac\u00ed z oblasti um\u011bn\u00ed, designu, m\u00f3dy, z\u00e1bavn\u00edho pr\u016fmyslu, popul\u00e1rn\u00edch cestovatelsk\u00fdch destinac\u00ed, socioekonomick\u00fdch faktor\u016f, technologii, prob\u00edhaj\u00edc\u00edch sportovn\u00edch akc\u00ed a n\u00e1lad ve spole\u010dnosti. Ty se po dlouh\u00fdch \u00favah\u00e1ch rozhodnou zvolit barvu roku s ohledem na inovace, o\u010dek\u00e1van\u00e9 a p\u0159ich\u00e1zej\u00edc\u00ed eventy a nejnov\u011bj\u0161\u00ed trendy.<\/b><\/p>\n\n\n\n<figure class=\"wp-block-gallery has-nested-images columns-default is-cropped wp-block-gallery-1 is-layout-flex wp-block-gallery-is-layout-flex\">\n<figure class=\"wp-block-image size-large\"><img loading=\"lazy\" decoding=\"async\" width=\"564\" height=\"846\" data-id=\"5501\" src=\"https:\/\/blog.ccc.eu\/cz\/wp-content\/uploads\/2022\/12\/5edefe4daa76d467d33306d0d583b124.jpg\" alt=\"\" class=\"wp-image-5501\" srcset=\"https:\/\/blog.ccc.eu\/cz\/wp-content\/uploads\/2022\/12\/5edefe4daa76d467d33306d0d583b124.jpg 564w, https:\/\/blog.ccc.eu\/cz\/wp-content\/uploads\/2022\/12\/5edefe4daa76d467d33306d0d583b124-200x300.jpg 200w, https:\/\/blog.ccc.eu\/cz\/wp-content\/uploads\/2022\/12\/5edefe4daa76d467d33306d0d583b124-100x150.jpg 100w\" sizes=\"auto, (max-width: 564px) 100vw, 564px\" \/><\/figure>\n\n\n\n<figure class=\"wp-block-image size-large\"><img loading=\"lazy\" decoding=\"async\" width=\"1024\" height=\"682\" data-id=\"5500\" src=\"https:\/\/blog.ccc.eu\/cz\/wp-content\/uploads\/2022\/12\/victor-freitas-WvDYdXDzkhs-unsplash.jpg\" alt=\"\" class=\"wp-image-5500\" srcset=\"https:\/\/blog.ccc.eu\/cz\/wp-content\/uploads\/2022\/12\/victor-freitas-WvDYdXDzkhs-unsplash.jpg 1024w, https:\/\/blog.ccc.eu\/cz\/wp-content\/uploads\/2022\/12\/victor-freitas-WvDYdXDzkhs-unsplash-300x200.jpg 300w, https:\/\/blog.ccc.eu\/cz\/wp-content\/uploads\/2022\/12\/victor-freitas-WvDYdXDzkhs-unsplash-768x512.jpg 768w, https:\/\/blog.ccc.eu\/cz\/wp-content\/uploads\/2022\/12\/victor-freitas-WvDYdXDzkhs-unsplash-100x67.jpg 100w\" sizes=\"auto, (max-width: 1024px) 100vw, 1024px\" \/><\/figure>\n<\/figure>\n\n\n\n<h2 class=\"wp-block-heading\">Jak je PANTONE Viva Magenta?<\/h2>\n\n\n\n<p>Barvu roku 2022 \u2013 <em>Very Peri<\/em> \u2013 nahrazuje nov\u00e1. Rovn\u011b\u017e obsahuj\u00edc\u00ed modrou a \u010dervenou. No je o n\u011bco z\u00e1\u0159iv\u011bj\u0161\u00ed, v\u00fdrazn\u011bj\u0161\u00ed a energi\u010dt\u011bj\u0161\u00ed. <strong>PANTONE Viva Magenta 18-1750.<\/strong> Reprezentuj\u00edc\u00ed s\u00edlu, sna\u017e\u00edc\u00ed se o propojen\u00ed a podporuj\u00edc\u00ed sebevyj\u00e1d\u0159en\u00ed. Dynamick\u00e1, neboj\u00e1cn\u00e1 a pulzuj\u00edc\u00ed. Nep\u0159ehl\u00e9dnuteln\u00e1.<\/p>\n\n\n\n<p>Barva roku 2023, podle <em>Pantone<\/em>, vibruje energi\u00ed. Je to barevn\u00fd odst\u00edn, jeho\u017e ko\u0159eny m\u016f\u017eeme nal\u00e9zt v p\u0159\u00edrod\u011b \u2013 a to v <strong>karm\u00ednu<\/strong>. Poch\u00e1z\u00ed z \u010derven\u00e9 rodiny a vyjad\u0159uje novou s\u00edlu. Viva Magenta je odv\u00e1\u017en\u00e1, pulzuj\u00edc\u00ed barva, jej\u00ed\u017e bou\u0159livost podporuje optimismus, radostnou oslavu, dod\u00e1v\u00e1 energii v t\u011b\u017ek\u00fdch \u010dasech. Za\u010d\u00edn\u00e1 ps\u00e1t nov\u00fd p\u0159\u00edb\u011bh.<\/p>\n\n\n\n<p>Je siln\u00e1 a posiluj\u00edc\u00ed. \u017div\u00e1 \u010derven\u00e1, kter\u00e1 p\u0159ekypuje \u010distou radost\u00ed, podporuje experimentov\u00e1n\u00ed a sebevyj\u00e1d\u0159en\u00ed bez z\u00e1bran. Elektrizuj\u00edc\u00ed odst\u00edn, kter\u00fd se projevuje jako v\u00fdrazn\u00e9 svol\u00e1n\u00ed. Viva Magenta v\u00edt\u00e1 ka\u017ed\u00e9ho a v\u0161echny se stejnou vervou do \u017eivota a rebelantsk\u00fdm duchem. Je to barva pln\u00e1 vtipu a inkluzivn\u00ed pro v\u0161echny.<\/p>\n\n\n\n<figure class=\"wp-block-gallery has-nested-images columns-default is-cropped wp-block-gallery-2 is-layout-flex wp-block-gallery-is-layout-flex\">\n<figure class=\"wp-block-image size-large\"><img loading=\"lazy\" decoding=\"async\" width=\"1024\" height=\"683\" data-id=\"5502\" src=\"https:\/\/blog.ccc.eu\/cz\/wp-content\/uploads\/2022\/12\/Jenny-Fairy-LB-AW22_Shot-7_1587-Copy-1024x683-1.jpg\" alt=\"\" class=\"wp-image-5502\" srcset=\"https:\/\/blog.ccc.eu\/cz\/wp-content\/uploads\/2022\/12\/Jenny-Fairy-LB-AW22_Shot-7_1587-Copy-1024x683-1.jpg 1024w, https:\/\/blog.ccc.eu\/cz\/wp-content\/uploads\/2022\/12\/Jenny-Fairy-LB-AW22_Shot-7_1587-Copy-1024x683-1-300x200.jpg 300w, https:\/\/blog.ccc.eu\/cz\/wp-content\/uploads\/2022\/12\/Jenny-Fairy-LB-AW22_Shot-7_1587-Copy-1024x683-1-768x512.jpg 768w, https:\/\/blog.ccc.eu\/cz\/wp-content\/uploads\/2022\/12\/Jenny-Fairy-LB-AW22_Shot-7_1587-Copy-1024x683-1-100x67.jpg 100w\" sizes=\"auto, (max-width: 1024px) 100vw, 1024px\" \/><\/figure>\n<\/figure>\n\n\n\n<h3 class=\"wp-block-heading\">P\u00e1r slov p\u0159\u00edmo od Pantone<\/h3>\n\n\n\n<p><strong>V\u00fdkonn\u00e1 \u0159editelka <\/strong><a href=\"https:\/\/www.pantone.com\/color-of-the-year\/2023\"><strong>Pantone Color Institute<\/strong><\/a><strong>, Leatrice Eiseman hovo\u0159\u00ed: <\/strong><em>\u201eV dne\u0161n\u00ed dob\u011b technologi\u00ed hled\u00e1me inspiraci v p\u0159\u00edrod\u011b a v tom, co je skute\u010dn\u00e9. PANTONE Viva Magenta je inspirov\u00e1na \u010dervenou barvou karm\u00ednu, kter\u00e9 je jedn\u00edm z nejvz\u00e1cn\u011bj\u0161\u00edch barviv, pat\u0159\u00edc\u00edch do rodiny p\u0159\u00edrodn\u00edch barviv. A z\u00e1rove\u0148 jedn\u00edm z nejsiln\u011bj\u0161\u00edch a nejjasn\u011bj\u0161\u00edch, jak\u00e9 sv\u011bt zn\u00e1. Viva Magenta, kter\u00e1 m\u00e1 ko\u0159eny v prap\u016fvodu sv\u011bta, n\u00e1s znovu spojuje s p\u016fvodn\u00ed hmotou. P\u0159ivol\u00e1vaj\u00edc s\u00edly p\u0159\u00edrody, o\u017eivuje na\u0161eho ducha a pom\u00e1h\u00e1 n\u00e1m posilovat na\u0161i vnit\u0159n\u00ed s\u00edlu.\u201d<\/em><\/p>\n\n\n\n<p>Viva Magenta, jako karm\u00ednov\u011b \u010derven\u00fd odst\u00edn, p\u0159edstavuje rovnov\u00e1hu mezi teplou a studenou barvou. Z\u00e1rove\u0148 je hybridn\u00ed barvou, kter\u00e1 se v na\u0161em v\u00edcerozm\u011brn\u00e9m sv\u011bt\u011b pohodln\u011b rozprost\u00edr\u00e1 mezi fyzick\u00fdm a virtu\u00e1ln\u00edm. Je asertivn\u00ed, ne agresivn\u00ed. Viva Magenta od Pantone vyza\u0159uje dynamiku a je transforma\u010dn\u00edm \u010derven\u00fdm t\u00f3nem, kter\u00fd dok\u00e1\u017ee poh\u00e1n\u011bt k vytv\u00e1\u0159en\u00ed pozitivn\u011bj\u0161\u00ed budoucnosti.<\/p>\n\n\n\n<h2 class=\"wp-block-heading\">Objevte kousky ve Viva Magenta<\/h2>\n\n\n\n<p>V na\u0161\u00ed nab\u00eddce objev\u00edte kousk\u016f ve Viva Magenta v\u00edce ne\u017e dost. N\u00e1hoda? To u\u017e si nech\u00e1me pro sebe. Ka\u017edop\u00e1dn\u011b si m\u016f\u017eete vybrat od lodi\u010dek, sand\u00e1l\u016f a bot na ohromn\u00e9 platform\u011b, p\u0159es \u017eabky a\u017e po sportovn\u00ed obuv. Pokud je v\u00fdrazn\u00e1 magenta pro v\u00e1s tro\u0161ku p\u0159\u00edli\u0161, vyberete si nap\u0159\u00edklad tenisky nebo letn\u00ed obuv s barevn\u00fdm akcentem v barv\u011b roku. Rovn\u011b\u017e u n\u00e1s najdete i jin\u00e9 dopl\u0148ky a kabelky. Najd\u011bte si sv\u016fj vysn\u011bn\u00fd kousek ji\u017e nyn\u00ed a bu\u010fte v barv\u011b 2023 trendy po cel\u00fd n\u00e1sleduj\u00edc\u00ed rok.<\/p>\n\n\n\n<shortcode prop-color=\"TMAV\u011a R\u016e\u017dOV\u00c1\" prop-load-num=\"12\" prop-display-num=\"4\" prop-sku=\"5904862179315, 5904862393377, 5904862125534, 5904862202617, 5904862443232, 5904862398334, 5904248808419, 5904248375812, 5904862407739, 5904248332143, 5904248725921, 5904248374761, 5904248805968, 5904248479336, 5904248952105, 5904862253411, 5904862218939, 5904248669805, 5904248520069, 5904248764760, 5904862410777, 5904248448097, 5904248569099\" prop-view=\"slider\"><\/shortcode>        <div\r\n            class=\"eob-pf-shortcode\"\r\n            id=\"eobpf69f50a35b9638\"\r\n        >\r\n            <shortcode prop-color=\"TMAV\u011a R\u016e\u017dOV\u00c1\" prop-load-num=\"12\" prop-display-num=\"4\" prop-sku=\"5904862179315, 5904862393377, 5904862125534, 5904862202617, 5904862443232, 5904862398334, 5904248808419, 5904248375812, 5904862407739, 5904248332143, 5904248725921, 5904248374761, 5904248805968, 5904248479336, 5904248952105, 5904862253411, 5904862218939, 5904248669805, 5904248520069, 5904248764760, 5904862410777, 5904248448097, 5904248569099\" prop-view=\"slider\"><\/shortcode>        <\/div>\r\n\t\t<script>\r\n\t\t\tjQuery(document).ready(() => {\r\n\t\t\t    const root = document.getElementById('eobpf69f50a35b9638');\r\n                Vue.createApp({\r\n\t                components: {\r\n\t                    shortcode\r\n\t                }\r\n                }).mount(root);\r\n\t\t\t});\r\n\t\t<\/script>\r\n\t\t\r\n\t\t\n\n\n\n<p><\/p>\n\n\n\n<h2 class=\"wp-block-heading\">Jak kombinovat barvu roku?<\/h2>\n\n\n\n<p>Zjemn\u011bte ji neutr\u00e1ln\u00edmi t\u00f3ny. Pokud to m\u00e1te podobn\u011b a v\u00fdrazn\u00e1 Viva Magenta se v\u00e1m moc l\u00edb\u00ed, jen si ji neum\u00edte p\u0159edstavit na sob\u011b \u2013 vyva\u017ete ji jemn\u00fdmi barvami. Kr\u00e1sn\u00fd top ve Viva Magenta dopl\u0148te ke sv\u011btl\u00fdm d\u017e\u00edn\u016fm, nud\u011b kalhot\u00e1m nebo jemn\u011b \u0161ed\u00e9 sukni. Barvu si rovn\u011b\u017e m\u016f\u017eete dop\u0159\u00e1t jen na men\u0161\u00edch kousc\u00edch od\u011bvu. Dopl\u0148c\u00edch, \u0161perc\u00edch, kabelk\u00e1ch, bot\u00e1ch \u010di jako barevn\u00fd akcent od\u011bvu.<\/p>\n\n\n\n<p>Pokud je barva roku 2023 sou\u010dasn\u011b va\u0161e barva \u2013 dlouh\u00e9, obta\u017een\u00e9 \u0161aty ve Viva Magenta z v\u00e1s ud\u011blaj\u00ed hv\u011bzdu ka\u017ed\u00e9 party. Skv\u011ble vynikne i na k\u016f\u017ei, ko\u017eence a um\u011bl\u00fdch ko\u017eich\u00e1ch. Viva Magenta m\u016f\u017ee krom\u011b oble\u010den\u00ed zdobit tak\u00e9 va\u0161e rty \u010di nehty. Dokonal\u00e1 a v\u00fdrazn\u00e1 \u010derveno-r\u016f\u017eov\u00e1 ur\u010dit\u011b stoj\u00ed za vyzkou\u0161en\u00ed.<\/p>\n\n\n\n<p>Pantone n\u00e1m kombinov\u00e1n\u00ed barvy roku tro\u0161ku uleh\u010dil a poskytnul inspiraci barev, kter\u00e9 k n\u00ed zvolit. A to nap\u0159\u00edklad jemnou a smetanovou <em>Pale Dogwood 13-1404<\/em>, p\u0159\u00edjemnou p\u00edskovou <em>Gray Sand 13-1010<\/em>, neutr\u00e1ln\u00ed \u0161edou <em>Gray Lilac 13-3804<\/em>, jemnou khaki <em>Pale Khaki 15-1216<\/em>, sv\u011btle hn\u011bdou <em>Fields of Rye 15-1115<\/em>, zeleno \u0161edou Agate Gray 15-6307 a jemnou modrou <em>Plein Air 13-4111<\/em>.<\/p>\n\n\n\n<p><\/p>\n\n\n\n<shortcode prop-category=\"D\u00e1msk\u00e9 kabelky\" prop-color=\"TMAV\u011a R\u016e\u017dOV\u00c1\" prop-load-num=\"12\" prop-display-num=\"4\" prop-sku=\"5904248927219, 5904248214746, 5904862371832, 5904862371825, 5904862152660, 5904248556150, 5904862013602, 5904862013367, 5904862127415\" prop-view=\"slider\"><\/shortcode>        <div\r\n            class=\"eob-pf-shortcode\"\r\n            id=\"eobpf69f50a35b973a\"\r\n        >\r\n            <shortcode prop-category=\"D\u00e1msk\u00e9 kabelky\" prop-color=\"TMAV\u011a R\u016e\u017dOV\u00c1\" prop-load-num=\"12\" prop-display-num=\"4\" prop-sku=\"5904248927219, 5904248214746, 5904862371832, 5904862371825, 5904862152660, 5904248556150, 5904862013602, 5904862013367, 5904862127415\" prop-view=\"slider\"><\/shortcode>        <\/div>\r\n\t\t<script>\r\n\t\t\tjQuery(document).ready(() => {\r\n\t\t\t    const root = document.getElementById('eobpf69f50a35b973a');\r\n                Vue.createApp({\r\n\t                components: {\r\n\t                    shortcode\r\n\t                }\r\n                }).mount(root);\r\n\t\t\t});\r\n\t\t<\/script>\r\n\t\t\r\n\t\t\n\n\n\n<p><\/p>\n\n\n\n<h2 class=\"wp-block-heading\">Barvy minul\u00fdch let od Pantone<\/h2>\n\n\n\n<p>Barvou roku kon\u010d\u00edc\u00edho 2022 byla ji\u017e zm\u00edn\u011bn\u00e1 <strong>Very Peri <\/strong>17-3938. Fialov\u00e1, obsahuj\u00edc\u00ed p\u0159ev\u00e1\u017en\u011b modrou, ale sou\u010dasn\u011b \u010dervenou barvu, nach\u00e1zej\u00edc\u00ed se sp\u00ed\u0161e na chladn\u011bj\u0161\u00edm spektru. Vyjad\u0159uje p\u0159\u00edzna\u010dn\u00fd modr\u00fd klid, ale sou\u010dasn\u011b m\u00e1 v sob\u011b aktivitu \u010derven\u00e9. Znamen\u00e1 skryt\u00e9 vzru\u0161en\u00ed, pokoru. M\u011bla by p\u0159in\u00e9st uklidn\u011bn\u00ed a pozitivn\u011b sm\u011brovanou aktivitu.<\/p>\n\n\n\n<p>V roce 2021 barva roku nebyla jen jedna. Ale rovnou dv\u011b a to<strong> Illuminating<\/strong> 13-0647 \u2013 tedy \u017elut\u00e1 a <strong>Ultimate Gray<\/strong> 17-5104 \u2013 \u0161ed\u00e1. Prvn\u00ed m\u00e1 p\u0159edstavovat pulzuj\u00edc\u00ed energii a druh\u00e1 stabilitu. Odborn\u00edci na barvy reagovali na nejist\u00e9 obdob\u00ed, o kter\u00e9m na za\u010d\u00e1tku toho p\u0159ede\u0161l\u00e9ho roku, jen m\u00e1lokdo tu\u0161il.<\/p>\n\n\n\n<p>Barvou pro z mnoha d\u016fvod\u016f p\u0159elomov\u00e9ho, roku 2020, byla <strong>Classic Blue<\/strong> 19-4052. Reprezentuje nad\u010dasov\u00fd a nest\u00e1rnouc\u00ed odst\u00edn.<\/p>\n\n\n\n<p>Rok 2019 jsme \u017eili pro <strong>Living Coral<\/strong> 16-1546. Kor\u00e1lov\u00fd odst\u00edn se zlat\u00fdm podt\u00f3nem, symbolizuj\u00edc\u00ed optimizmus a autenticitu p\u0159i neust\u00e1l\u00e9m tlaku ze stran soci\u00e1ln\u00edch s\u00edt\u00ed.<\/p>\n\n\n\n<p>Rok 2018 se nesl ve znamen\u00ed <strong>Ultra Violet <\/strong>18-3838. Inovativn\u00ed a n\u00e1paditou fialovou, p\u0159ipom\u00ednaj\u00edc\u00ed no\u010dn\u00ed oblohu a vesm\u00edr.<\/p>\n\n\n\n<p>Za\u010d\u00e1tek uv\u011bdomov\u00e1n\u00ed si nebezpe\u010d\u00ed klimatick\u00fdch zm\u011bn, rok 2017, byl v barv\u011b <strong>Greenery<\/strong> 15-0343. \u010cerstv\u00e9 a sv\u011b\u017e\u00ed zelen\u00e9, symbolizuj\u00edc\u00ed nov\u00e9 za\u010d\u00e1tky.<\/p>\n\n\n\n<p>V roce 2016 se o barvu roku d\u011blily poprv\u00e9 dokonce barvy dv\u011b, a to <strong>Rose Quartz<\/strong> 13-1520 &amp; <strong>Serenity<\/strong> 15-3919. Kombinace tepl\u00e9ho, r\u016f\u017eov\u00e9ho t\u00f3nu s chladn\u011bj\u0161\u00ed modrou. Evokuje pokoj, m\u00edr, bezpe\u010d\u00ed, vnit\u0159n\u00ed rovnov\u00e1hu a well-being \u010dlov\u011bka.<\/p>\n\n\n\n<p>A tak bychom mohli pokra\u010dovat a\u017e do roku 2000, kdy Pantone zapo\u010dala toto barevn\u00e9 dobrodru\u017estv\u00ed, pomoc\u00ed Pantone Color Institute.<\/p>\n\n\n\n<h3 class=\"wp-block-heading\">Pantone Color Institute<\/h3>\n\n\n\n<p>Od roku 2000 je jedine\u010dn\u00fdm projektem v\u00fdzkumn\u00e9 sekce firmy, <em>Pantone Color Institute,<\/em> ka\u017edoro\u010dn\u00ed vyhl\u00e1\u0161en\u00ed barvy roku. Ur\u010duj\u00ed j\u00ed odborn\u00edci na tajn\u00e9m zased\u00e1n\u00ed a sna\u017e\u00ed se, aby v\u017edy odr\u00e1\u017eela aktu\u00e1ln\u00ed spole\u010denskou situaci.<\/p>\n\n\n\n<p><strong>Barva roku 2023<\/strong> je tedy slavnostn\u011b p\u0159edstaven\u00e1. V\u011b\u0159\u00edme, \u017ee n\u00e1m <strong>Pantone Viva Magenta<\/strong> 18-1750 bude po cel\u00fd n\u00e1sleduj\u00edc\u00ed rok p\u0159ipom\u00ednat a p\u0159ed\u00e1vat v\u0161echny svoje pozitivn\u00ed vlastnosti, kter\u00e9 se s n\u00ed poj\u00ed.<\/p>\n","protected":false},"excerpt":{"rendered":"<p>Cel\u00fd sv\u011bt ka\u017edoro\u010dn\u011b netrp\u011bliv\u011b o\u010dek\u00e1v\u00e1 vyhl\u00e1\u0161en\u00ed barvy roku od Pantone. Pantone Color Institute je sv\u011btov\u011b uzn\u00e1van\u00e1 instituce. V\u00fdb\u011br barvy roku neznamen\u00e1 jen estetickou z\u00e1le\u017eitost. Ve skute\u010dnosti jde o d\u016fsledn\u00fd v\u00fdzkum a spolupr\u00e1ci v\u00edce sv\u011btov\u00fdch \u0161pi\u010dek v odboru. Selekce prob\u00edh\u00e1 anal\u00fdzou trend\u016f a inspirac\u00ed z oblasti um\u011bn\u00ed, designu, m\u00f3dy, z\u00e1bavn\u00edho pr\u016fmyslu, popul\u00e1rn\u00edch cestovatelsk\u00fdch destinac\u00ed, socioekonomick\u00fdch faktor\u016f, [&hellip;]<\/p>\n","protected":false},"author":12,"featured_media":5502,"comment_status":"open","ping_status":"open","sticky":false,"template":"","format":"standard","meta":{"_acf_changed":false,"footnotes":""},"categories":[432,6],"tags":[798,9],"class_list":["post-5499","post","type-post","status-publish","format-standard","has-post-thumbnail","hentry","category-novinky","category-trendy","tag-barvy","tag-trendy"],"acf":[],"yoast_head":"<!-- This site is optimized with the Yoast SEO plugin v26.9 - https:\/\/yoast.com\/product\/yoast-seo-wordpress\/ -->\n<title>Barva roku 2023 je Viva Magenta! - blog.ccc.eu\/cz<\/title>\n<meta name=\"description\" content=\"Viva Magenta. \u201cNetradi\u010dn\u00ed odst\u00edn pro netradi\u010dn\u00ed dobu.\u201d Tak vypad\u00e1 p\u0159edstaven\u00ed nov\u00e9 barvy roku 2023, p\u0159\u00edmo z pera Pantone. 2026\" \/>\n<meta name=\"robots\" content=\"index, follow, max-snippet:-1, max-image-preview:large, max-video-preview:-1\" \/>\n<link rel=\"canonical\" href=\"https:\/\/blog.ccc.eu\/cz\/barva-roku-2023-je-viva-magenta\/\" \/>\n<meta property=\"og:locale\" content=\"cs_CZ\" \/>\n<meta property=\"og:type\" content=\"article\" \/>\n<meta property=\"og:title\" content=\"Barva roku 2023 je Viva Magenta! - blog.ccc.eu\/cz\" \/>\n<meta property=\"og:description\" content=\"Viva Magenta. \u201cNetradi\u010dn\u00ed odst\u00edn pro netradi\u010dn\u00ed dobu.\u201d Tak vypad\u00e1 p\u0159edstaven\u00ed nov\u00e9 barvy roku 2023, p\u0159\u00edmo z pera Pantone.\" \/>\n<meta property=\"og:url\" content=\"https:\/\/blog.ccc.eu\/cz\/barva-roku-2023-je-viva-magenta\/\" \/>\n<meta property=\"og:site_name\" content=\"blog.ccc.eu\/cz\" \/>\n<meta property=\"article:published_time\" content=\"2022-12-20T12:38:15+00:00\" \/>\n<meta property=\"article:modified_time\" content=\"2023-02-15T15:51:11+00:00\" \/>\n<meta property=\"og:image\" content=\"https:\/\/blog.ccc.eu\/cz\/wp-content\/uploads\/2022\/12\/Jenny-Fairy-LB-AW22_Shot-7_1587-Copy-1024x683-1.jpg\" \/>\n\t<meta property=\"og:image:width\" content=\"1024\" \/>\n\t<meta property=\"og:image:height\" content=\"683\" \/>\n\t<meta property=\"og:image:type\" content=\"image\/jpeg\" \/>\n<meta name=\"author\" content=\"Lena\" \/>\n<meta name=\"twitter:card\" content=\"summary_large_image\" \/>\n<meta name=\"twitter:label1\" content=\"Napsal(a)\" \/>\n\t<meta name=\"twitter:data1\" content=\"Lena\" \/>\n\t<meta name=\"twitter:label2\" content=\"Odhadovan\u00e1 doba \u010dten\u00ed\" \/>\n\t<meta name=\"twitter:data2\" content=\"6 minut\" \/>\n<script type=\"application\/ld+json\" class=\"yoast-schema-graph\">{\"@context\":\"https:\/\/schema.org\",\"@graph\":[{\"@type\":\"Article\",\"@id\":\"https:\/\/blog.ccc.eu\/cz\/barva-roku-2023-je-viva-magenta\/#article\",\"isPartOf\":{\"@id\":\"https:\/\/blog.ccc.eu\/cz\/barva-roku-2023-je-viva-magenta\/\"},\"author\":{\"name\":\"Lena\",\"@id\":\"https:\/\/blog.ccc.eu\/cz\/#\/schema\/person\/6d50a49f9c84d32a489180be7a29155d\"},\"headline\":\"Barva roku 2023 je Viva Magenta!\",\"datePublished\":\"2022-12-20T12:38:15+00:00\",\"dateModified\":\"2023-02-15T15:51:11+00:00\",\"mainEntityOfPage\":{\"@id\":\"https:\/\/blog.ccc.eu\/cz\/barva-roku-2023-je-viva-magenta\/\"},\"wordCount\":1282,\"commentCount\":0,\"publisher\":{\"@id\":\"https:\/\/blog.ccc.eu\/cz\/#organization\"},\"image\":{\"@id\":\"https:\/\/blog.ccc.eu\/cz\/barva-roku-2023-je-viva-magenta\/#primaryimage\"},\"thumbnailUrl\":\"https:\/\/blog.ccc.eu\/cz\/wp-content\/uploads\/2022\/12\/Jenny-Fairy-LB-AW22_Shot-7_1587-Copy-1024x683-1.jpg\",\"keywords\":[\"barvy\",\"trendy\"],\"articleSection\":[\"NOVINKY\",\"TRENDY\"],\"inLanguage\":\"cs\",\"potentialAction\":[{\"@type\":\"CommentAction\",\"name\":\"Comment\",\"target\":[\"https:\/\/blog.ccc.eu\/cz\/barva-roku-2023-je-viva-magenta\/#respond\"]}]},{\"@type\":\"WebPage\",\"@id\":\"https:\/\/blog.ccc.eu\/cz\/barva-roku-2023-je-viva-magenta\/\",\"url\":\"https:\/\/blog.ccc.eu\/cz\/barva-roku-2023-je-viva-magenta\/\",\"name\":\"Barva roku 2023 je Viva Magenta! - blog.ccc.eu\/cz\",\"isPartOf\":{\"@id\":\"https:\/\/blog.ccc.eu\/cz\/#website\"},\"primaryImageOfPage\":{\"@id\":\"https:\/\/blog.ccc.eu\/cz\/barva-roku-2023-je-viva-magenta\/#primaryimage\"},\"image\":{\"@id\":\"https:\/\/blog.ccc.eu\/cz\/barva-roku-2023-je-viva-magenta\/#primaryimage\"},\"thumbnailUrl\":\"https:\/\/blog.ccc.eu\/cz\/wp-content\/uploads\/2022\/12\/Jenny-Fairy-LB-AW22_Shot-7_1587-Copy-1024x683-1.jpg\",\"datePublished\":\"2022-12-20T12:38:15+00:00\",\"dateModified\":\"2023-02-15T15:51:11+00:00\",\"description\":\"Viva Magenta. \u201cNetradi\u010dn\u00ed odst\u00edn pro netradi\u010dn\u00ed dobu.\u201d Tak vypad\u00e1 p\u0159edstaven\u00ed nov\u00e9 barvy roku 2023, p\u0159\u00edmo z pera Pantone.\",\"breadcrumb\":{\"@id\":\"https:\/\/blog.ccc.eu\/cz\/barva-roku-2023-je-viva-magenta\/#breadcrumb\"},\"inLanguage\":\"cs\",\"potentialAction\":[{\"@type\":\"ReadAction\",\"target\":[\"https:\/\/blog.ccc.eu\/cz\/barva-roku-2023-je-viva-magenta\/\"]}]},{\"@type\":\"ImageObject\",\"inLanguage\":\"cs\",\"@id\":\"https:\/\/blog.ccc.eu\/cz\/barva-roku-2023-je-viva-magenta\/#primaryimage\",\"url\":\"https:\/\/blog.ccc.eu\/cz\/wp-content\/uploads\/2022\/12\/Jenny-Fairy-LB-AW22_Shot-7_1587-Copy-1024x683-1.jpg\",\"contentUrl\":\"https:\/\/blog.ccc.eu\/cz\/wp-content\/uploads\/2022\/12\/Jenny-Fairy-LB-AW22_Shot-7_1587-Copy-1024x683-1.jpg\",\"width\":1024,\"height\":683,\"caption\":\"R\u016f\u017eov\u00e9 boty\"},{\"@type\":\"BreadcrumbList\",\"@id\":\"https:\/\/blog.ccc.eu\/cz\/barva-roku-2023-je-viva-magenta\/#breadcrumb\",\"itemListElement\":[{\"@type\":\"ListItem\",\"position\":1,\"name\":\"Strona g\u0142\u00f3wna\",\"item\":\"https:\/\/blog.ccc.eu\/cz\/\"},{\"@type\":\"ListItem\",\"position\":2,\"name\":\"Barva roku 2023 je Viva Magenta!\"}]},{\"@type\":\"WebSite\",\"@id\":\"https:\/\/blog.ccc.eu\/cz\/#website\",\"url\":\"https:\/\/blog.ccc.eu\/cz\/\",\"name\":\"blog.ccc.eu\/cz\",\"description\":\"Va\u0161e m\u00edsto pln\u00e9 m\u00f3dn\u00edch inspirac\u00ed\",\"publisher\":{\"@id\":\"https:\/\/blog.ccc.eu\/cz\/#organization\"},\"potentialAction\":[{\"@type\":\"SearchAction\",\"target\":{\"@type\":\"EntryPoint\",\"urlTemplate\":\"https:\/\/blog.ccc.eu\/cz\/?s={search_term_string}\"},\"query-input\":{\"@type\":\"PropertyValueSpecification\",\"valueRequired\":true,\"valueName\":\"search_term_string\"}}],\"inLanguage\":\"cs\"},{\"@type\":\"Organization\",\"@id\":\"https:\/\/blog.ccc.eu\/cz\/#organization\",\"name\":\"CCC S.A.\",\"url\":\"https:\/\/blog.ccc.eu\/cz\/\",\"logo\":{\"@type\":\"ImageObject\",\"inLanguage\":\"cs\",\"@id\":\"https:\/\/blog.ccc.eu\/cz\/#\/schema\/logo\/image\/\",\"url\":\"https:\/\/blog.ccc.eu\/cz\/wp-content\/uploads\/2021\/11\/logo_ccc.png\",\"contentUrl\":\"https:\/\/blog.ccc.eu\/cz\/wp-content\/uploads\/2021\/11\/logo_ccc.png\",\"width\":730,\"height\":270,\"caption\":\"CCC S.A.\"},\"image\":{\"@id\":\"https:\/\/blog.ccc.eu\/cz\/#\/schema\/logo\/image\/\"}},{\"@type\":\"Person\",\"@id\":\"https:\/\/blog.ccc.eu\/cz\/#\/schema\/person\/6d50a49f9c84d32a489180be7a29155d\",\"name\":\"Lena\",\"image\":{\"@type\":\"ImageObject\",\"inLanguage\":\"cs\",\"@id\":\"https:\/\/blog.ccc.eu\/cz\/#\/schema\/person\/image\/\",\"url\":\"https:\/\/blog.ccc.eu\/cz\/wp-content\/uploads\/2022\/06\/MicrosoftTeams-image-2-100x100.jpg\",\"contentUrl\":\"https:\/\/blog.ccc.eu\/cz\/wp-content\/uploads\/2022\/06\/MicrosoftTeams-image-2-100x100.jpg\",\"caption\":\"Lena\"},\"description\":\"Absolventka digit\u00e1ln\u00edho marketingu se zku\u0161enostmi s obsahov\u00fdm marketingem a (velmi p\u0159ekvapiv\u011b) copywritingem. Ve voln\u00e9m \u010dase r\u00e1da nos\u00ed platformy a sna\u017e\u00ed se vyva\u017eovat n\u00e1kupy ve fast-fashion \u0159et\u011bzc\u00edch, swapov\u00e1n\u00edm.\",\"url\":\"https:\/\/blog.ccc.eu\/cz\/author\/katarzyna-kostygin\/\"}]}<\/script>\n<!-- \/ Yoast SEO plugin. -->","yoast_head_json":{"title":"Barva roku 2023 je Viva Magenta! - blog.ccc.eu\/cz","description":"Viva Magenta. \u201cNetradi\u010dn\u00ed odst\u00edn pro netradi\u010dn\u00ed dobu.\u201d Tak vypad\u00e1 p\u0159edstaven\u00ed nov\u00e9 barvy roku 2023, p\u0159\u00edmo z pera Pantone. 2026","robots":{"index":"index","follow":"follow","max-snippet":"max-snippet:-1","max-image-preview":"max-image-preview:large","max-video-preview":"max-video-preview:-1"},"canonical":"https:\/\/blog.ccc.eu\/cz\/barva-roku-2023-je-viva-magenta\/","og_locale":"cs_CZ","og_type":"article","og_title":"Barva roku 2023 je Viva Magenta! - blog.ccc.eu\/cz","og_description":"Viva Magenta. \u201cNetradi\u010dn\u00ed odst\u00edn pro netradi\u010dn\u00ed dobu.\u201d Tak vypad\u00e1 p\u0159edstaven\u00ed nov\u00e9 barvy roku 2023, p\u0159\u00edmo z pera Pantone.","og_url":"https:\/\/blog.ccc.eu\/cz\/barva-roku-2023-je-viva-magenta\/","og_site_name":"blog.ccc.eu\/cz","article_published_time":"2022-12-20T12:38:15+00:00","article_modified_time":"2023-02-15T15:51:11+00:00","og_image":[{"width":1024,"height":683,"url":"https:\/\/blog.ccc.eu\/cz\/wp-content\/uploads\/2022\/12\/Jenny-Fairy-LB-AW22_Shot-7_1587-Copy-1024x683-1.jpg","type":"image\/jpeg"}],"author":"Lena","twitter_card":"summary_large_image","twitter_misc":{"Napsal(a)":"Lena","Odhadovan\u00e1 doba \u010dten\u00ed":"6 minut"},"schema":{"@context":"https:\/\/schema.org","@graph":[{"@type":"Article","@id":"https:\/\/blog.ccc.eu\/cz\/barva-roku-2023-je-viva-magenta\/#article","isPartOf":{"@id":"https:\/\/blog.ccc.eu\/cz\/barva-roku-2023-je-viva-magenta\/"},"author":{"name":"Lena","@id":"https:\/\/blog.ccc.eu\/cz\/#\/schema\/person\/6d50a49f9c84d32a489180be7a29155d"},"headline":"Barva roku 2023 je Viva Magenta!","datePublished":"2022-12-20T12:38:15+00:00","dateModified":"2023-02-15T15:51:11+00:00","mainEntityOfPage":{"@id":"https:\/\/blog.ccc.eu\/cz\/barva-roku-2023-je-viva-magenta\/"},"wordCount":1282,"commentCount":0,"publisher":{"@id":"https:\/\/blog.ccc.eu\/cz\/#organization"},"image":{"@id":"https:\/\/blog.ccc.eu\/cz\/barva-roku-2023-je-viva-magenta\/#primaryimage"},"thumbnailUrl":"https:\/\/blog.ccc.eu\/cz\/wp-content\/uploads\/2022\/12\/Jenny-Fairy-LB-AW22_Shot-7_1587-Copy-1024x683-1.jpg","keywords":["barvy","trendy"],"articleSection":["NOVINKY","TRENDY"],"inLanguage":"cs","potentialAction":[{"@type":"CommentAction","name":"Comment","target":["https:\/\/blog.ccc.eu\/cz\/barva-roku-2023-je-viva-magenta\/#respond"]}]},{"@type":"WebPage","@id":"https:\/\/blog.ccc.eu\/cz\/barva-roku-2023-je-viva-magenta\/","url":"https:\/\/blog.ccc.eu\/cz\/barva-roku-2023-je-viva-magenta\/","name":"Barva roku 2023 je Viva Magenta! - blog.ccc.eu\/cz","isPartOf":{"@id":"https:\/\/blog.ccc.eu\/cz\/#website"},"primaryImageOfPage":{"@id":"https:\/\/blog.ccc.eu\/cz\/barva-roku-2023-je-viva-magenta\/#primaryimage"},"image":{"@id":"https:\/\/blog.ccc.eu\/cz\/barva-roku-2023-je-viva-magenta\/#primaryimage"},"thumbnailUrl":"https:\/\/blog.ccc.eu\/cz\/wp-content\/uploads\/2022\/12\/Jenny-Fairy-LB-AW22_Shot-7_1587-Copy-1024x683-1.jpg","datePublished":"2022-12-20T12:38:15+00:00","dateModified":"2023-02-15T15:51:11+00:00","description":"Viva Magenta. \u201cNetradi\u010dn\u00ed odst\u00edn pro netradi\u010dn\u00ed dobu.\u201d Tak vypad\u00e1 p\u0159edstaven\u00ed nov\u00e9 barvy roku 2023, p\u0159\u00edmo z pera Pantone.","breadcrumb":{"@id":"https:\/\/blog.ccc.eu\/cz\/barva-roku-2023-je-viva-magenta\/#breadcrumb"},"inLanguage":"cs","potentialAction":[{"@type":"ReadAction","target":["https:\/\/blog.ccc.eu\/cz\/barva-roku-2023-je-viva-magenta\/"]}]},{"@type":"ImageObject","inLanguage":"cs","@id":"https:\/\/blog.ccc.eu\/cz\/barva-roku-2023-je-viva-magenta\/#primaryimage","url":"https:\/\/blog.ccc.eu\/cz\/wp-content\/uploads\/2022\/12\/Jenny-Fairy-LB-AW22_Shot-7_1587-Copy-1024x683-1.jpg","contentUrl":"https:\/\/blog.ccc.eu\/cz\/wp-content\/uploads\/2022\/12\/Jenny-Fairy-LB-AW22_Shot-7_1587-Copy-1024x683-1.jpg","width":1024,"height":683,"caption":"R\u016f\u017eov\u00e9 boty"},{"@type":"BreadcrumbList","@id":"https:\/\/blog.ccc.eu\/cz\/barva-roku-2023-je-viva-magenta\/#breadcrumb","itemListElement":[{"@type":"ListItem","position":1,"name":"Strona g\u0142\u00f3wna","item":"https:\/\/blog.ccc.eu\/cz\/"},{"@type":"ListItem","position":2,"name":"Barva roku 2023 je Viva Magenta!"}]},{"@type":"WebSite","@id":"https:\/\/blog.ccc.eu\/cz\/#website","url":"https:\/\/blog.ccc.eu\/cz\/","name":"blog.ccc.eu\/cz","description":"Va\u0161e m\u00edsto pln\u00e9 m\u00f3dn\u00edch inspirac\u00ed","publisher":{"@id":"https:\/\/blog.ccc.eu\/cz\/#organization"},"potentialAction":[{"@type":"SearchAction","target":{"@type":"EntryPoint","urlTemplate":"https:\/\/blog.ccc.eu\/cz\/?s={search_term_string}"},"query-input":{"@type":"PropertyValueSpecification","valueRequired":true,"valueName":"search_term_string"}}],"inLanguage":"cs"},{"@type":"Organization","@id":"https:\/\/blog.ccc.eu\/cz\/#organization","name":"CCC S.A.","url":"https:\/\/blog.ccc.eu\/cz\/","logo":{"@type":"ImageObject","inLanguage":"cs","@id":"https:\/\/blog.ccc.eu\/cz\/#\/schema\/logo\/image\/","url":"https:\/\/blog.ccc.eu\/cz\/wp-content\/uploads\/2021\/11\/logo_ccc.png","contentUrl":"https:\/\/blog.ccc.eu\/cz\/wp-content\/uploads\/2021\/11\/logo_ccc.png","width":730,"height":270,"caption":"CCC S.A."},"image":{"@id":"https:\/\/blog.ccc.eu\/cz\/#\/schema\/logo\/image\/"}},{"@type":"Person","@id":"https:\/\/blog.ccc.eu\/cz\/#\/schema\/person\/6d50a49f9c84d32a489180be7a29155d","name":"Lena","image":{"@type":"ImageObject","inLanguage":"cs","@id":"https:\/\/blog.ccc.eu\/cz\/#\/schema\/person\/image\/","url":"https:\/\/blog.ccc.eu\/cz\/wp-content\/uploads\/2022\/06\/MicrosoftTeams-image-2-100x100.jpg","contentUrl":"https:\/\/blog.ccc.eu\/cz\/wp-content\/uploads\/2022\/06\/MicrosoftTeams-image-2-100x100.jpg","caption":"Lena"},"description":"Absolventka digit\u00e1ln\u00edho marketingu se zku\u0161enostmi s obsahov\u00fdm marketingem a (velmi p\u0159ekvapiv\u011b) copywritingem. Ve voln\u00e9m \u010dase r\u00e1da nos\u00ed platformy a sna\u017e\u00ed se vyva\u017eovat n\u00e1kupy ve fast-fashion \u0159et\u011bzc\u00edch, swapov\u00e1n\u00edm.","url":"https:\/\/blog.ccc.eu\/cz\/author\/katarzyna-kostygin\/"}]}},"_links":{"self":[{"href":"https:\/\/blog.ccc.eu\/cz\/wp-json\/wp\/v2\/posts\/5499","targetHints":{"allow":["GET"]}}],"collection":[{"href":"https:\/\/blog.ccc.eu\/cz\/wp-json\/wp\/v2\/posts"}],"about":[{"href":"https:\/\/blog.ccc.eu\/cz\/wp-json\/wp\/v2\/types\/post"}],"author":[{"embeddable":true,"href":"https:\/\/blog.ccc.eu\/cz\/wp-json\/wp\/v2\/users\/12"}],"replies":[{"embeddable":true,"href":"https:\/\/blog.ccc.eu\/cz\/wp-json\/wp\/v2\/comments?post=5499"}],"version-history":[{"count":3,"href":"https:\/\/blog.ccc.eu\/cz\/wp-json\/wp\/v2\/posts\/5499\/revisions"}],"predecessor-version":[{"id":5690,"href":"https:\/\/blog.ccc.eu\/cz\/wp-json\/wp\/v2\/posts\/5499\/revisions\/5690"}],"wp:featuredmedia":[{"embeddable":true,"href":"https:\/\/blog.ccc.eu\/cz\/wp-json\/wp\/v2\/media\/5502"}],"wp:attachment":[{"href":"https:\/\/blog.ccc.eu\/cz\/wp-json\/wp\/v2\/media?parent=5499"}],"wp:term":[{"taxonomy":"category","embeddable":true,"href":"https:\/\/blog.ccc.eu\/cz\/wp-json\/wp\/v2\/categories?post=5499"},{"taxonomy":"post_tag","embeddable":true,"href":"https:\/\/blog.ccc.eu\/cz\/wp-json\/wp\/v2\/tags?post=5499"}],"curies":[{"name":"wp","href":"https:\/\/api.w.org\/{rel}","templated":true}]}}