{"id":5596,"date":"2023-02-09T11:35:34","date_gmt":"2023-02-09T10:35:34","guid":{"rendered":"https:\/\/blog.ccc.eu\/cz\/?p=5596"},"modified":"2023-02-09T11:35:34","modified_gmt":"2023-02-09T10:35:34","slug":"zname-nejtrendy-barvy-roku-2023","status":"publish","type":"post","link":"https:\/\/blog.ccc.eu\/cz\/zname-nejtrendy-barvy-roku-2023\/","title":{"rendered":"Zn\u00e1me nejtrendy barvy roku 2023!"},"content":{"rendered":"\n<p><b>Barva roku 2023 od Pantone je u\u017e d\u00e1vno zn\u00e1m\u00e1. Krom\u011b Viva Magenta, v\u011bd\u011bli jste, \u017ee barvou tohoto roka je tak\u00e9 Digital Lavender? Odst\u00edny zelen\u00e9 byly v kurzu ji\u017e minul\u00fd rok. Styl zvan\u00fd Barbiecore n\u00e1s ani tento rok neopust\u00ed. A s n\u00edm tedy ani \u017ehav\u00e1 r\u016f\u017eov\u00e1, stejn\u011b jako jin\u00e9 v\u00fdrazn\u00e9 a intenzivn\u00ed barvi\u010dky. Jak\u00e9 dal\u0161\u00ed odst\u00edny budou v kurzu nejbli\u017e\u0161\u00ed sez\u00f3nu? Na z\u00e1klad\u011b p\u0159edpov\u011bd\u00ed odborn\u00edk\u016f z Pantone a kolekc\u00ed sv\u011btov\u00fdch n\u00e1vrh\u00e1\u0159\u016f jsme pro v\u00e1s p\u0159ipravili speci\u00e1ln\u00ed p\u0159ehled nejtrendy barev roku. Pono\u0159te se s n\u00e1mi do jejich rozmanit\u00e9ho sv\u011bta!<\/b><\/p>\n\n\n\n<p><em>Barvy jsou fascinuj\u00edc\u00ed a z\u00e1rove\u0148 maj\u00ed v na\u0161em \u017eivot\u011b d\u016fle\u017eit\u00e9 m\u00edsto. Ovliv\u0148uj\u00ed na\u0161i n\u00e1ladu, emoce \u010di chu\u0165 k j\u00eddlu. Jejich vn\u00edm\u00e1n\u00ed je sice subjektivn\u00ed ale jsou barvy, kter\u00e9 mohou vyvol\u00e1vat podobn\u00e9 emoce u v\u011bt\u0161iny lid\u00ed. Pokud chcete potr\u00e1pit sv\u016fj mozek, zkuste si p\u0159edstavit novou barvu&#8230; anebo si dejte pauzu a rad\u011bji se za\u010dt\u011bte do na\u0161eho barevn\u00e9ho p\u0159ehledu <\/em>\u2013 <em>trendy odst\u00edn na aktu\u00e1ln\u00ed sez\u00f3nu 2023.<\/em><\/p>\n\n\n\n<p><strong>P\u0159e\u010dt\u011bte si t\u00e9\u017e: <\/strong><a href=\"https:\/\/blog.ccc.eu\/cz\/zname-nejnovejsi-modni-trendy-jaro-leto-2023\/\">Nejnov\u011bj\u0161\u00ed m\u00f3dn\u00ed trendy jaro\/l\u00e9to 2023!<\/a><\/p>\n\n\n\n<figure class=\"wp-block-gallery has-nested-images columns-default is-cropped wp-block-gallery-1 is-layout-flex wp-block-gallery-is-layout-flex\">\n<figure class=\"wp-block-image size-large\"><img loading=\"lazy\" decoding=\"async\" width=\"1024\" height=\"683\" data-id=\"5597\" src=\"https:\/\/blog.ccc.eu\/cz\/wp-content\/uploads\/2023\/02\/221006_CCC_JF1438-Copy.jpg\" alt=\"\" class=\"wp-image-5597\" srcset=\"https:\/\/blog.ccc.eu\/cz\/wp-content\/uploads\/2023\/02\/221006_CCC_JF1438-Copy.jpg 1024w, https:\/\/blog.ccc.eu\/cz\/wp-content\/uploads\/2023\/02\/221006_CCC_JF1438-Copy-300x200.jpg 300w, https:\/\/blog.ccc.eu\/cz\/wp-content\/uploads\/2023\/02\/221006_CCC_JF1438-Copy-768x512.jpg 768w, https:\/\/blog.ccc.eu\/cz\/wp-content\/uploads\/2023\/02\/221006_CCC_JF1438-Copy-100x67.jpg 100w\" sizes=\"auto, (max-width: 1024px) 100vw, 1024px\" \/><\/figure>\n<\/figure>\n\n\n\n<h2 class=\"wp-block-heading\">Digital Lavender<\/h2>\n\n\n\n<p>Anebo digit\u00e1ln\u00ed levandule, pokud chcete! Podle spole\u010dnosti <strong>WGSN<\/strong> <em>(experti na p\u0159edpov\u011b\u010f trend\u016f pomoc\u00ed v\u011bdeck\u00fdch anal\u00fdz), <\/em><strong>Coloro<\/strong> a <strong>Pantone<\/strong> inkluzivn\u00ed fialov\u00e1 se roz\u0161\u00ed\u0159\u00ed do v\u0161ech m\u00f3dn\u00edch kategori\u00ed. Je unisex a velmi p\u0159ita\u017eliv\u00e1.<\/p>\n\n\n\n<p>Sv\u011btl\u00fd odst\u00edn fialov\u00e9 evokuje dv\u011b hlavn\u00ed emoce, kter\u00e9 jsou ve vz\u00e1jemn\u00e9 harmonii. Radost a klid. Na prvn\u00ed pohled kontrastn\u00ed emoce spolu naopak tvo\u0159\u00ed dokonalou kombinaci. Odborn\u00edci p\u0159edpov\u00eddaj\u00ed, \u017ee levandulov\u00e1 se z digit\u00e1ln\u00edho sv\u011bta v roce 2023 v\u00edc posune do toho offline. A to do interi\u00e9r\u016f jako popul\u00e1rn\u00ed barva na\u0161ich p\u0159\u00edbytk\u016f, ale tak\u00e9 i do m\u00f3dy.<\/p>\n\n\n\n<p><strong>Jak kombinovat Digital Lavender? <\/strong>Levandulov\u00e1 vypad\u00e1 skv\u011ble na \u0161atech, oblec\u00edch, svetrech, sak\u00e1ch a\u017e po dopl\u0148ky. M\u016f\u017eete ji zkusit navrstvit s jin\u00fdmi odst\u00edny fialov\u00e9, t\u00edm dos\u00e1hnete monochromatick\u00fd a uklid\u0148uj\u00edc\u00ed efekt. Stejn\u011b tak s pastelovou r\u016f\u017eovou, \u0161edou a \u0161vestkovou. P\u0159id\u00e1n\u00edm \u017elut\u00e9 vytvo\u0159\u00edte efektn\u00ed a kontrastn\u00ed akcent. \u00a0<\/p>\n\n\n\n<shortcode prop-color=\"SV\u011aTLE FIALOV\u00c1\" prop-gender=\"female\" prop-load-num=\"12\" prop-display-num=\"4\" prop-sku=\"5904862069616, 5904248279400, 5904248379032, 5904248997564, 5904248835071, 5904248536756, 5904248606077, 5904248391416, 5904862217932, 5904248570606, 5903698470597, 5904248952334, 5904248956523, 5904248822323, 5904248391577\" prop-view=\"slider\"><\/shortcode>        <div\r\n            class=\"eob-pf-shortcode\"\r\n            id=\"eobpf69f4f7551d1d9\"\r\n        >\r\n            <shortcode prop-color=\"SV\u011aTLE FIALOV\u00c1\" prop-gender=\"female\" prop-load-num=\"12\" prop-display-num=\"4\" prop-sku=\"5904862069616, 5904248279400, 5904248379032, 5904248997564, 5904248835071, 5904248536756, 5904248606077, 5904248391416, 5904862217932, 5904248570606, 5903698470597, 5904248952334, 5904248956523, 5904248822323, 5904248391577\" prop-view=\"slider\"><\/shortcode>        <\/div>\r\n\t\t<script>\r\n\t\t\tjQuery(document).ready(() => {\r\n\t\t\t    const root = document.getElementById('eobpf69f4f7551d1d9');\r\n                Vue.createApp({\r\n\t                components: {\r\n\t                    shortcode\r\n\t                }\r\n                }).mount(root);\r\n\t\t\t});\r\n\t\t<\/script>\r\n\t\t\r\n\t\t\n\n\n\n<p><\/p>\n\n\n\n<h2 class=\"wp-block-heading\">Siren Red<\/h2>\n\n\n\n<p>Jinak t\u00e9\u017e k\u0159iklav\u00e1 \u010derven\u00e1. V\u00fdrazn\u00e1 a nep\u0159ehl\u00e9dnuteln\u00e1. P\u0159esn\u011b jako v\u00fdhru\u017en\u00e1 sir\u00e9na. Tato barva je teda n\u011bco! Hlavn\u011b n\u011bco pro odv\u00e1\u017en\u00e9. Pokud by v\u00e1m ani jedna barva roku nebyla po chuti, m\u016f\u017eete zaexperimentovat s v\u00fdraznou \u010dervenou. M\u00f3dn\u00ed znalci si z\u0159ejm\u011b mysl\u00ed to stejn\u00e9. M\u00f3dn\u00ed mola j\u00ed toti\u017e byla pln\u00e1. A to v n\u011bkter\u00fdch p\u0159\u00edpadech od hlavy a\u017e k pat\u011b na \u0161atech, kalhotov\u00fdch kost\u00fdmech a overalech. Na men\u0161\u00ed plo\u0161e ji m\u016f\u017eete vyzkou\u0161et nap\u0159\u00edklad prost\u0159ednictv\u00edm r\u016f\u017ee na rtech anebo nehtech.<\/p>\n\n\n\n<p><strong>Jak kombinovat Siren Red? <\/strong>Pro extra v\u00fdrazn\u00fd look ji zkuste kombinovat s fialovou, \u017elutou \u010di zelenou. Utlumit \u010di zjemnit ji m\u016f\u017eete tmav\u011b fialovou anebo b\u00edlou.<\/p>\n\n\n\n<shortcode prop-color=\"\u010cERVEN\u00c1\" prop-gender=\"female\" prop-load-num=\"12\" prop-display-num=\"4\" prop-sku=\"5904862137520, 5904248214753, 5904248907341, 5904862137476, 5904862497914, 5904248700409, 5904248818548, 5904862273457, 5904248751715, 5904862179322, 5904248335694, 5904248702182, 5904248459550\" prop-view=\"slider\"><\/shortcode>        <div\r\n            class=\"eob-pf-shortcode\"\r\n            id=\"eobpf69f4f7551d2fb\"\r\n        >\r\n            <shortcode prop-color=\"\u010cERVEN\u00c1\" prop-gender=\"female\" prop-load-num=\"12\" prop-display-num=\"4\" prop-sku=\"5904862137520, 5904248214753, 5904248907341, 5904862137476, 5904862497914, 5904248700409, 5904248818548, 5904862273457, 5904248751715, 5904862179322, 5904248335694, 5904248702182, 5904248459550\" prop-view=\"slider\"><\/shortcode>        <\/div>\r\n\t\t<script>\r\n\t\t\tjQuery(document).ready(() => {\r\n\t\t\t    const root = document.getElementById('eobpf69f4f7551d2fb');\r\n                Vue.createApp({\r\n\t                components: {\r\n\t                    shortcode\r\n\t                }\r\n                }).mount(root);\r\n\t\t\t});\r\n\t\t<\/script>\r\n\t\t\r\n\t\t\n\n\n\n<p><\/p>\n\n\n\n<h2 class=\"wp-block-heading\">Viva Magenta<\/h2>\n\n\n\n<p>Ofici\u00e1ln\u00ed barva roku na 2023 od Pantone je jasn\u00e1. <a href=\"https:\/\/blog.ccc.eu\/cz\/barva-roku-2023-je-viva-magenta\/\">Viva Magenta<\/a> aneb<em> purpurov\u00e1<\/em> vibruje energi\u00ed. V\u00fdrazn\u00e1 r\u016f\u017eovo \u010derven\u00e1 poch\u00e1z\u00ed z \u010derven\u00e9 barevn\u00e9 rodiny. Kr\u00e1sn\u00fd odst\u00edn purpurov\u00e9 m\u00e1 ko\u0159eny v p\u0159\u00edrod\u011b, a to v karm\u00ednov\u00e9. Je odv\u00e1\u017en\u00e1, siln\u00e1 a energick\u00e1. Viva Magenta v\u00edt\u00e1 ka\u017ed\u00e9ho, podporuje sebevyj\u00e1d\u0159en\u00ed a experimentov\u00e1n\u00ed.<\/p>\n\n\n\n<p>Skv\u011ble vynikne na k\u016f\u017ei i ko\u017ei\u0161\u00edch. Dlouh\u00e9 a upnut\u00e9 magenta \u0161aty z v\u00e1s ud\u011blaj\u00ed hv\u011bzdu ka\u017ed\u00e9 party. Krom\u011b \u0161at\u016f m\u016f\u017ee t\u00e9\u017e zdobit va\u0161i kabelku, boty \u010di rty. Dokonal\u00e1 \u010derveno r\u016f\u017eov\u00e1 rozhodn\u011b stoj\u00ed za vyzkou\u0161en\u00ed.<\/p>\n\n\n\n<p><strong>Jak kombinovat Viva Magenta?<\/strong> Pokud je pro v\u00e1s Viva Magenta p\u0159\u00edli\u0161 v\u00fdrazn\u00e1, zjemn\u011bte ji neutr\u00e1ln\u00edmi t\u00f3ny. Jemnou smetanovou, p\u00edskovou, neutr\u00e1ln\u00ed \u0161edou, khaki \u010di sv\u011btlehn\u011bdou.<\/p>\n\n\n\n<shortcode prop-color=\"R\u016e\u017dOV\u00c1\" prop-gender=\"female\" prop-load-num=\"12\" prop-display-num=\"4\" prop-sku=\"5904248927219, 5904862443232, 5904862152660, 5904862253411, 5904248214746, 5904862371825, 5904248479336, 5904248640132, 5904248639181, 5904248726867\" prop-view=\"slider\"><\/shortcode>        <div\r\n            class=\"eob-pf-shortcode\"\r\n            id=\"eobpf69f4f7551d342\"\r\n        >\r\n            <shortcode prop-color=\"R\u016e\u017dOV\u00c1\" prop-gender=\"female\" prop-load-num=\"12\" prop-display-num=\"4\" prop-sku=\"5904248927219, 5904862443232, 5904862152660, 5904862253411, 5904248214746, 5904862371825, 5904248479336, 5904248640132, 5904248639181, 5904248726867\" prop-view=\"slider\"><\/shortcode>        <\/div>\r\n\t\t<script>\r\n\t\t\tjQuery(document).ready(() => {\r\n\t\t\t    const root = document.getElementById('eobpf69f4f7551d342');\r\n                Vue.createApp({\r\n\t                components: {\r\n\t                    shortcode\r\n\t                }\r\n                }).mount(root);\r\n\t\t\t});\r\n\t\t<\/script>\r\n\t\t\r\n\t\t\n\n\n\n<p><\/p>\n\n\n\n<h2 class=\"wp-block-heading\">Hot Pink<\/h2>\n\n\n\n<p>D\u00edky <em>Valentino<\/em> p\u0159ehl\u00eddce podzim 2022 jsme si \u017ehavou r\u016f\u017eovou, jako od Mattela, jednodu\u0161e museli zamilovat. Trend Barbiecore jsme tu m\u011bli v pln\u00e9 par\u00e1d\u011b b\u011bhem minul\u00e9ho l\u00e9ta. A ano, je <em>st\u00e1le \u017eiv\u00fd. <\/em>\u017dhavou r\u016f\u017eovou budeme tuto sez\u00f3nu vid\u011bt st\u00e1le \u010dasto.<\/p>\n\n\n\n<p><strong>Jak kombinovat Hot Pink?<\/strong> Pokud je va\u0161im c\u00edlem vytvo\u0159it po\u0159\u00e1dn\u00fd Barbiecore look v pln\u00e9 par\u00e1d\u011b, r\u016f\u017eov\u00e1 s r\u016f\u017eovou a dal\u0161\u00ed r\u016f\u017eovou je odpov\u011b\u010f! \u017dhavou r\u016f\u017eovou uzemn\u00edte \u0161edivou a hn\u011bdou. Barevn\u00fd look podpo\u0159\u00edte modrou a zelenou.<\/p>\n\n\n\n<shortcode prop-color=\"R\u016e\u017dOV\u00c1\" prop-gender=\"female\" prop-load-num=\"12\" prop-display-num=\"4\" prop-sku=\"5904862179315, 5904248561666, 5904248725921, 5904248435172, 5904248552923, 5904862410777, 5904862407739, 5904248546830, 5904862398334, 5904862202617, 5904248332143, 5904248805968, 5904248669805, 5904862127415, 5904248435219\" prop-view=\"slider\"><\/shortcode>        <div\r\n            class=\"eob-pf-shortcode\"\r\n            id=\"eobpf69f4f7551d370\"\r\n        >\r\n            <shortcode prop-color=\"R\u016e\u017dOV\u00c1\" prop-gender=\"female\" prop-load-num=\"12\" prop-display-num=\"4\" prop-sku=\"5904862179315, 5904248561666, 5904248725921, 5904248435172, 5904248552923, 5904862410777, 5904862407739, 5904248546830, 5904862398334, 5904862202617, 5904248332143, 5904248805968, 5904248669805, 5904862127415, 5904248435219\" prop-view=\"slider\"><\/shortcode>        <\/div>\r\n\t\t<script>\r\n\t\t\tjQuery(document).ready(() => {\r\n\t\t\t    const root = document.getElementById('eobpf69f4f7551d370');\r\n                Vue.createApp({\r\n\t                components: {\r\n\t                    shortcode\r\n\t                }\r\n                }).mount(root);\r\n\t\t\t});\r\n\t\t<\/script>\r\n\t\t\r\n\t\t\n\n\n\n<p><\/p>\n\n\n\n<h2 class=\"wp-block-heading\">Tranquil Blue<\/h2>\n\n\n\n<p>U\u017e jste p\u0159eslazen\u00ed z tolika r\u016f\u017eov\u00fdch \u010derven\u00fdch odst\u00edn\u016f? S\u00e1hn\u011bte po modr\u00e9. Ta je jako v\u017edy, dobr\u00e1. Nen\u00ed n\u00e1hoda, \u017ee pat\u0159\u00ed ve v\u0161eobecnosti mezi nejobl\u00edben\u011bj\u0161\u00ed barvy. Trendy je aktu\u00e1ln\u011b modr\u00e1 jako obloha \u2013 <em>nebesky modr\u00e1. <\/em>Je jemn\u00e1, \u010dist\u00e1 a uklid\u0148uj\u00edc\u00ed. Sv\u011btlemodr\u00e1 dominovala na p\u0159ehl\u00eddk\u00e1ch zna\u010dek Prada, Burberry i Fendi. Objevila se na sak\u00e1ch, overalech, \u0161atech i plavk\u00e1ch. Jako jednu z nejtrendy barev roku ji stejn\u011b vn\u00edm\u00e1 spole\u010dnost <em>WGSN<\/em>.<\/p>\n\n\n\n<p><strong>Jak kombinovat Tranquil Blue? <\/strong>Pro ultra letn\u00ed, pl\u00e1\u017eov\u00fd efekt ji kombinujte s b\u00edlou a p\u00edskov\u011b hn\u011bdou.<\/p>\n\n\n\n<p><\/p>\n\n\n\n<shortcode prop-color=\"BLANKYTN\u011a MODR\u00c1\" prop-gender=\"female\" prop-load-num=\"12\" prop-display-num=\"4\" prop-sku=\"5904862152677, 5903698337289, 5904248812119, 5904248680473, 2230029795115, 5904248578183, 2230032344140, 5904248568870, 5904248379001, 5904248052232,  5904248536879, 5903698412665,  5904248536770, 5903698658858, 5904248450045, 5904248701789, 5904248654740, 5903698368702\" prop-view=\"slider\"><\/shortcode>        <div\r\n            class=\"eob-pf-shortcode\"\r\n            id=\"eobpf69f4f7551d399\"\r\n        >\r\n            <shortcode prop-color=\"BLANKYTN\u011a MODR\u00c1\" prop-gender=\"female\" prop-load-num=\"12\" prop-display-num=\"4\" prop-sku=\"5904862152677, 5903698337289, 5904248812119, 5904248680473, 2230029795115, 5904248578183, 2230032344140, 5904248568870, 5904248379001, 5904248052232,  5904248536879, 5903698412665,  5904248536770, 5903698658858, 5904248450045, 5904248701789, 5904248654740, 5903698368702\" prop-view=\"slider\"><\/shortcode>        <\/div>\r\n\t\t<script>\r\n\t\t\tjQuery(document).ready(() => {\r\n\t\t\t    const root = document.getElementById('eobpf69f4f7551d399');\r\n                Vue.createApp({\r\n\t                components: {\r\n\t                    shortcode\r\n\t                }\r\n                }).mount(root);\r\n\t\t\t});\r\n\t\t<\/script>\r\n\t\t\r\n\t\t\n\n\n\n<p><\/p>\n\n\n\n<h2 class=\"wp-block-heading\">Lime Green<\/h2>\n\n\n\n<p>M\u00edrnou obsesi zelen\u00e9 jsme mohli zaregistrovat u\u017e minul\u00fd rok. V zelen\u00e9 jsme si obl\u00edbili kr\u00e1sn\u00e9 sat\u00e9nov\u00e9 \u0161aty s vysok\u00fdm rozparkem, plavky i dopl\u0148ky. Zelen\u00e1 jako limetka n\u00e1m p\u0159ipom\u00edn\u00e1 l\u00e9to, sv\u011b\u017eest a ledov\u00e9 drinky. Limetkov\u011b zelenou jsme vid\u011bli v nejnov\u011bj\u0161\u00edch kolekc\u00edch v\u011bt\u0161iny sv\u011btov\u00fdch zna\u010dek.<\/p>\n\n\n\n<p><strong>Jak kombinovat Lime Green? <\/strong>Skv\u011ble vypad\u00e1 dopln\u011bn\u00e1 fuchsiovou. Z\u00e1\u0159iv\u00e9 a \u017eiv\u011b barevn\u00e9 palety dos\u00e1hnete v kombinaci s pomeran\u010dovou, \u017elutou a r\u016f\u017eovou.<\/p>\n\n\n\n<shortcode prop-color=\"JASN\u011a ZELEN\u00c1\" prop-gender=\"female\" prop-load-num=\"12\" prop-display-num=\"4\" prop-sku=\"5904248835088, 5904248570620, 5904248752835, 5904248822316, 5904248703646\" prop-view=\"slider\"><\/shortcode>        <div\r\n            class=\"eob-pf-shortcode\"\r\n            id=\"eobpf69f4f7551d3bf\"\r\n        >\r\n            <shortcode prop-color=\"JASN\u011a ZELEN\u00c1\" prop-gender=\"female\" prop-load-num=\"12\" prop-display-num=\"4\" prop-sku=\"5904248835088, 5904248570620, 5904248752835, 5904248822316, 5904248703646\" prop-view=\"slider\"><\/shortcode>        <\/div>\r\n\t\t<script>\r\n\t\t\tjQuery(document).ready(() => {\r\n\t\t\t    const root = document.getElementById('eobpf69f4f7551d3bf');\r\n                Vue.createApp({\r\n\t                components: {\r\n\t                    shortcode\r\n\t                }\r\n                }).mount(root);\r\n\t\t\t});\r\n\t\t<\/script>\r\n\t\t\r\n\t\t\n\n\n\n<p><\/p>\n\n\n\n<h2 class=\"wp-block-heading\">Olive Green<\/h2>\n\n\n\n<p>Zelen\u00e9 z\u0159ejm\u011b nem\u00e1me st\u00e1le dost. Olivov\u011b zelen\u00e1 je n\u00e1dhern\u00fd odst\u00edn, objevila se nap\u0159\u00edklad v nejnov\u011bj\u0161\u00ed kolekci Victorie Beckham. Krom\u011b \u0161at\u016f vypad\u00e1 skv\u011ble i na bund\u00e1ch a blejzrech.<\/p>\n\n\n\n<p><strong>Jak kombinovat Olive Green? <\/strong>Olivov\u011b zelen\u00e1 se dob\u0159e hod\u00ed k mno\u017estv\u00ed barev. Nemus\u00edte se ji b\u00e1t kombinovat k nude, bord\u00f3, n\u00e1mo\u0159nick\u00e9 modr\u00e9, \u0161ed\u00e9, fialov\u00e9 i \u010derven\u00e9.<\/p>\n\n\n\n<shortcode prop-color=\"KHAKI\" prop-gender=\"female\" prop-load-num=\"12\" prop-display-num=\"4\" prop-sku=\"5904248669812, 5904862445359, 5904248841027, 5904248284633, 5904862010786, 5904248682255, 5903698368726, 5904248712969, 5904862073576, 5904248720117\" prop-view=\"slider\"><\/shortcode>        <div\r\n            class=\"eob-pf-shortcode\"\r\n            id=\"eobpf69f4f7551d3e5\"\r\n        >\r\n            <shortcode prop-color=\"KHAKI\" prop-gender=\"female\" prop-load-num=\"12\" prop-display-num=\"4\" prop-sku=\"5904248669812, 5904862445359, 5904248841027, 5904248284633, 5904862010786, 5904248682255, 5903698368726, 5904248712969, 5904862073576, 5904248720117\" prop-view=\"slider\"><\/shortcode>        <\/div>\r\n\t\t<script>\r\n\t\t\tjQuery(document).ready(() => {\r\n\t\t\t    const root = document.getElementById('eobpf69f4f7551d3e5');\r\n                Vue.createApp({\r\n\t                components: {\r\n\t                    shortcode\r\n\t                }\r\n                }).mount(root);\r\n\t\t\t});\r\n\t\t<\/script>\r\n\t\t\r\n\t\t\n\n\n\n<p><\/p>\n\n\n\n<h2 class=\"wp-block-heading\">Blinding Lights<\/h2>\n\n\n\n<p>Anebo jinak, \u010dist\u011b b\u00edl\u00e1. Nic nek\u0159i\u010d\u00ed <em>\u201cjaro je tu!\u201d <\/em>hlasit\u011bji ne\u017e pr\u00e1v\u011b b\u00edl\u00e1. Vypad\u00e1 n\u00e1dhern\u011b hlavn\u011b na sluncem pohlazen\u00e9 poko\u017ece v podob\u011b na\u0159asen\u00fdch topech bez ram\u00ednek, voln\u00fdch \u0161atech a ko\u0161il. B\u00edlou nen\u00ed n\u00e1ro\u010dn\u00e9 sladit k jak\u00e9koliv jin\u00e9 barv\u011b, proto\u017ee kr\u00e1sn\u011b ka\u017edou dopln\u00ed. Co je ale u b\u00edl\u00e9 v\u00fdzva: udr\u017eet \u010dist\u00fd a minimalistick\u00fd look. D\u00e1 se s n\u00ed experimentovat v podob\u011b pou\u017eit\u00ed netradi\u010dn\u00edch materi\u00e1l\u016f a st\u0159ih\u016f.<\/p>\n\n\n\n<p><strong>Jak kombinovat b\u00edlou? <\/strong>Hod\u00ed se ke v\u0161em barv\u00e1m.<\/p>\n\n\n\n<shortcode prop-color=\"B\u00cdL\u00c1\" prop-gender=\"female\" prop-load-num=\"12\" prop-display-num=\"4\" prop-sku=\"5904862185248, 2230031462449, 5904862277431, 5904248568856, 5904248523855, 5904862045337, 5904248524708, 5904862238623, 5904248824457, 5904862019833, 5904248393595, 5904248214456, 5904862492537, 5904248998622, 5903698413303, 5904862086972, 5904248792046, 5904248725914, 5904248650483, 5904248474713, 5904248531799\" prop-view=\"slider\"><\/shortcode>        <div\r\n            class=\"eob-pf-shortcode\"\r\n            id=\"eobpf69f4f7551d409\"\r\n        >\r\n            <shortcode prop-color=\"B\u00cdL\u00c1\" prop-gender=\"female\" prop-load-num=\"12\" prop-display-num=\"4\" prop-sku=\"5904862185248, 2230031462449, 5904862277431, 5904248568856, 5904248523855, 5904862045337, 5904248524708, 5904862238623, 5904248824457, 5904862019833, 5904248393595, 5904248214456, 5904862492537, 5904248998622, 5903698413303, 5904862086972, 5904248792046, 5904248725914, 5904248650483, 5904248474713, 5904248531799\" prop-view=\"slider\"><\/shortcode>        <\/div>\r\n\t\t<script>\r\n\t\t\tjQuery(document).ready(() => {\r\n\t\t\t    const root = document.getElementById('eobpf69f4f7551d409');\r\n                Vue.createApp({\r\n\t                components: {\r\n\t                    shortcode\r\n\t                }\r\n                }).mount(root);\r\n\t\t\t});\r\n\t\t<\/script>\r\n\t\t\r\n\t\t\n\n\n\n<p><\/p>\n\n\n\n<h2 class=\"wp-block-heading\">The Blackest Black \u00a0<\/h2>\n\n\n\n<p>Je samoz\u0159ejm\u011b \u00fapln\u011b mimo trendy. \u010cern\u00e1 je trend s\u00e1m o sob\u011b! \u010cernou p\u0159estaneme nosit, a\u017e kdy\u017e vymysl\u00ed tmav\u0161\u00ed barvu, to je ka\u017ed\u00e9mu jasn\u00e9. Do\u010dk\u00e1me se ale zm\u011bny v podob\u011b estetiky. \u010cern\u00e1 se bude nosit na k\u016f\u017ei, latexu, krajce a pr\u016fsvitn\u00e9m oble\u010den\u00ed. Inspiraci m\u016f\u017eete hledat v subkultur\u00e1ch grunge, gotiky \u010di motokros.<\/p>\n\n\n\n<shortcode prop-color=\"\u010cERN\u00c1\" prop-gender=\"female\" prop-load-num=\"12\" prop-display-num=\"4\" prop-sku=\"2230033379158, 5904862376189, 5904862443249, 5904862441771, 5904248927196, 5904862277097, 5904862206011, 5904862426266, 5904248561413, 5904862043470, 5904248754747, 5904248806491, 5904248755454, 5904248739706, 5904248436797, 5904248927165, 5904248391409, 5904248662387, 5904248561222, 5904248393588, 5904248188450\" prop-view=\"slider\"><\/shortcode>        <div\r\n            class=\"eob-pf-shortcode\"\r\n            id=\"eobpf69f4f7551d42c\"\r\n        >\r\n            <shortcode prop-color=\"\u010cERN\u00c1\" prop-gender=\"female\" prop-load-num=\"12\" prop-display-num=\"4\" prop-sku=\"2230033379158, 5904862376189, 5904862443249, 5904862441771, 5904248927196, 5904862277097, 5904862206011, 5904862426266, 5904248561413, 5904862043470, 5904248754747, 5904248806491, 5904248755454, 5904248739706, 5904248436797, 5904248927165, 5904248391409, 5904248662387, 5904248561222, 5904248393588, 5904248188450\" prop-view=\"slider\"><\/shortcode>        <\/div>\r\n\t\t<script>\r\n\t\t\tjQuery(document).ready(() => {\r\n\t\t\t    const root = document.getElementById('eobpf69f4f7551d42c');\r\n                Vue.createApp({\r\n\t                components: {\r\n\t                    shortcode\r\n\t                }\r\n                }).mount(root);\r\n\t\t\t});\r\n\t\t<\/script>\r\n\t\t\r\n\t\t\n\n\n\n<p><\/p>\n\n\n\n<p>Krom\u011b barev roku t\u00e9\u017e v rychlosti p\u0159ipomeneme <em>barevn\u00e9 trendy. <\/em>Metalick\u00e9 odst\u00edny, hlavn\u011b st\u0159\u00edbrn\u00e1 bude na vrcholu. \u017d\u00e1dn\u00e9 druh\u00e9 m\u00edsto se v tomto p\u0159\u00edpad\u011b nekon\u00e1, bude vyhr\u00e1vat v pln\u00e9 par\u00e1d\u011b.<\/p>\n\n\n\n<p>Pokud m\u00e1te chu\u0165 b\u00fdt b\u011bhem l\u00e9ta po\u0159\u00e1dn\u011b v\u00fdrazn\u00ed, s\u00e1hn\u011bte po neonov\u00fdch odst\u00ednech r\u016f\u017eov\u00e9, limetkov\u00e9, pomeran\u010dov\u00e9 \u010di \u017elut\u00e9.<\/p>\n\n\n\n<p>Kr\u00e1sn\u00e9 ombr\u00e9 nemus\u00edte vid\u011bt jen v p\u0159\u00edrod\u011b, v podob\u011b romantick\u00e9ho z\u00e1padu slunce. Vyzkou\u0161ejte ho na dopl\u0148c\u00edch! Nap\u0159\u00edklad lodi\u010dk\u00e1ch a kabelk\u00e1ch. Ti odv\u00e1\u017en\u011bj\u0161\u00ed klidn\u011b z v\u00e1s klidn\u011b i na v\u011bt\u0161\u00edch kousc\u00edch oble\u010den\u00ed, \u0161atech, kab\u00e1tech a sukn\u00edch. Nech\u0165 je v\u00e1\u0161 rok 2023 stejn\u011b tak rozmanit\u00fd jako barevn\u00e9 trendy!<\/p>\n","protected":false},"excerpt":{"rendered":"<p>Barva roku 2023 od Pantone je u\u017e d\u00e1vno zn\u00e1m\u00e1. Krom\u011b Viva Magenta, v\u011bd\u011bli jste, \u017ee barvou tohoto roka je tak\u00e9 Digital Lavender? Odst\u00edny zelen\u00e9 byly v kurzu ji\u017e minul\u00fd rok. Styl zvan\u00fd Barbiecore n\u00e1s ani tento rok neopust\u00ed. A s n\u00edm tedy ani \u017ehav\u00e1 r\u016f\u017eov\u00e1, stejn\u011b jako jin\u00e9 v\u00fdrazn\u00e9 a intenzivn\u00ed barvi\u010dky. Jak\u00e9 dal\u0161\u00ed odst\u00edny [&hellip;]<\/p>\n","protected":false},"author":12,"featured_media":5598,"comment_status":"open","ping_status":"open","sticky":false,"template":"","format":"standard","meta":{"_acf_changed":false,"footnotes":""},"categories":[6],"tags":[798,9,819],"class_list":["post-5596","post","type-post","status-publish","format-standard","has-post-thumbnail","hentry","category-trendy","tag-barvy","tag-trendy","tag-trendy-2023"],"acf":[],"yoast_head":"<!-- This site is optimized with the Yoast SEO plugin v26.9 - https:\/\/yoast.com\/product\/yoast-seo-wordpress\/ -->\n<title>Zn\u00e1me nejtrendy barvy roku 2023! - blog.ccc.eu\/cz<\/title>\n<meta name=\"description\" content=\"Barvy jsou fascinuj\u00edc\u00ed. Chcete potr\u00e1pit mozek? P\u0159edstavte si novou barvu... anebo si dejte pauzu a za\u010dt\u011bte se do nejtrendy barevn\u00fdch odst\u00edn\u016f na rok 2023. 2026\" \/>\n<meta name=\"robots\" content=\"index, follow, max-snippet:-1, max-image-preview:large, max-video-preview:-1\" \/>\n<link rel=\"canonical\" href=\"https:\/\/blog.ccc.eu\/cz\/zname-nejtrendy-barvy-roku-2023\/\" \/>\n<meta property=\"og:locale\" content=\"cs_CZ\" \/>\n<meta property=\"og:type\" content=\"article\" \/>\n<meta property=\"og:title\" content=\"Zn\u00e1me nejtrendy barvy roku 2023! - blog.ccc.eu\/cz\" \/>\n<meta property=\"og:description\" content=\"Barvy jsou fascinuj\u00edc\u00ed. Chcete potr\u00e1pit mozek? P\u0159edstavte si novou barvu... anebo si dejte pauzu a za\u010dt\u011bte se do nejtrendy barevn\u00fdch odst\u00edn\u016f na rok 2023.\" \/>\n<meta property=\"og:url\" content=\"https:\/\/blog.ccc.eu\/cz\/zname-nejtrendy-barvy-roku-2023\/\" \/>\n<meta property=\"og:site_name\" content=\"blog.ccc.eu\/cz\" \/>\n<meta property=\"article:published_time\" content=\"2023-02-09T10:35:34+00:00\" \/>\n<meta property=\"og:image\" content=\"https:\/\/blog.ccc.eu\/cz\/wp-content\/uploads\/2023\/02\/221006_CCC_JF0989-Copy.jpg\" \/>\n\t<meta property=\"og:image:width\" content=\"512\" \/>\n\t<meta property=\"og:image:height\" content=\"768\" \/>\n\t<meta property=\"og:image:type\" content=\"image\/jpeg\" \/>\n<meta name=\"author\" content=\"Lena\" \/>\n<meta name=\"twitter:card\" content=\"summary_large_image\" \/>\n<meta name=\"twitter:label1\" content=\"Napsal(a)\" \/>\n\t<meta name=\"twitter:data1\" content=\"Lena\" \/>\n\t<meta name=\"twitter:label2\" content=\"Odhadovan\u00e1 doba \u010dten\u00ed\" \/>\n\t<meta name=\"twitter:data2\" content=\"7 minut\" \/>\n<script type=\"application\/ld+json\" class=\"yoast-schema-graph\">{\"@context\":\"https:\/\/schema.org\",\"@graph\":[{\"@type\":\"Article\",\"@id\":\"https:\/\/blog.ccc.eu\/cz\/zname-nejtrendy-barvy-roku-2023\/#article\",\"isPartOf\":{\"@id\":\"https:\/\/blog.ccc.eu\/cz\/zname-nejtrendy-barvy-roku-2023\/\"},\"author\":{\"name\":\"Lena\",\"@id\":\"https:\/\/blog.ccc.eu\/cz\/#\/schema\/person\/6d50a49f9c84d32a489180be7a29155d\"},\"headline\":\"Zn\u00e1me nejtrendy barvy roku 2023!\",\"datePublished\":\"2023-02-09T10:35:34+00:00\",\"mainEntityOfPage\":{\"@id\":\"https:\/\/blog.ccc.eu\/cz\/zname-nejtrendy-barvy-roku-2023\/\"},\"wordCount\":1470,\"commentCount\":0,\"publisher\":{\"@id\":\"https:\/\/blog.ccc.eu\/cz\/#organization\"},\"image\":{\"@id\":\"https:\/\/blog.ccc.eu\/cz\/zname-nejtrendy-barvy-roku-2023\/#primaryimage\"},\"thumbnailUrl\":\"https:\/\/blog.ccc.eu\/cz\/wp-content\/uploads\/2023\/02\/221006_CCC_JF0989-Copy.jpg\",\"keywords\":[\"barvy\",\"trendy\",\"trendy 2023\"],\"articleSection\":[\"TRENDY\"],\"inLanguage\":\"cs\",\"potentialAction\":[{\"@type\":\"CommentAction\",\"name\":\"Comment\",\"target\":[\"https:\/\/blog.ccc.eu\/cz\/zname-nejtrendy-barvy-roku-2023\/#respond\"]}]},{\"@type\":\"WebPage\",\"@id\":\"https:\/\/blog.ccc.eu\/cz\/zname-nejtrendy-barvy-roku-2023\/\",\"url\":\"https:\/\/blog.ccc.eu\/cz\/zname-nejtrendy-barvy-roku-2023\/\",\"name\":\"Zn\u00e1me nejtrendy barvy roku 2023! - blog.ccc.eu\/cz\",\"isPartOf\":{\"@id\":\"https:\/\/blog.ccc.eu\/cz\/#website\"},\"primaryImageOfPage\":{\"@id\":\"https:\/\/blog.ccc.eu\/cz\/zname-nejtrendy-barvy-roku-2023\/#primaryimage\"},\"image\":{\"@id\":\"https:\/\/blog.ccc.eu\/cz\/zname-nejtrendy-barvy-roku-2023\/#primaryimage\"},\"thumbnailUrl\":\"https:\/\/blog.ccc.eu\/cz\/wp-content\/uploads\/2023\/02\/221006_CCC_JF0989-Copy.jpg\",\"datePublished\":\"2023-02-09T10:35:34+00:00\",\"description\":\"Barvy jsou fascinuj\u00edc\u00ed. Chcete potr\u00e1pit mozek? P\u0159edstavte si novou barvu... anebo si dejte pauzu a za\u010dt\u011bte se do nejtrendy barevn\u00fdch odst\u00edn\u016f na rok 2023.\",\"breadcrumb\":{\"@id\":\"https:\/\/blog.ccc.eu\/cz\/zname-nejtrendy-barvy-roku-2023\/#breadcrumb\"},\"inLanguage\":\"cs\",\"potentialAction\":[{\"@type\":\"ReadAction\",\"target\":[\"https:\/\/blog.ccc.eu\/cz\/zname-nejtrendy-barvy-roku-2023\/\"]}]},{\"@type\":\"ImageObject\",\"inLanguage\":\"cs\",\"@id\":\"https:\/\/blog.ccc.eu\/cz\/zname-nejtrendy-barvy-roku-2023\/#primaryimage\",\"url\":\"https:\/\/blog.ccc.eu\/cz\/wp-content\/uploads\/2023\/02\/221006_CCC_JF0989-Copy.jpg\",\"contentUrl\":\"https:\/\/blog.ccc.eu\/cz\/wp-content\/uploads\/2023\/02\/221006_CCC_JF0989-Copy.jpg\",\"width\":512,\"height\":768,\"caption\":\"fialov\u00e9 boty na platform\u011b\"},{\"@type\":\"BreadcrumbList\",\"@id\":\"https:\/\/blog.ccc.eu\/cz\/zname-nejtrendy-barvy-roku-2023\/#breadcrumb\",\"itemListElement\":[{\"@type\":\"ListItem\",\"position\":1,\"name\":\"Strona g\u0142\u00f3wna\",\"item\":\"https:\/\/blog.ccc.eu\/cz\/\"},{\"@type\":\"ListItem\",\"position\":2,\"name\":\"Zn\u00e1me nejtrendy barvy roku 2023!\"}]},{\"@type\":\"WebSite\",\"@id\":\"https:\/\/blog.ccc.eu\/cz\/#website\",\"url\":\"https:\/\/blog.ccc.eu\/cz\/\",\"name\":\"blog.ccc.eu\/cz\",\"description\":\"Va\u0161e m\u00edsto pln\u00e9 m\u00f3dn\u00edch inspirac\u00ed\",\"publisher\":{\"@id\":\"https:\/\/blog.ccc.eu\/cz\/#organization\"},\"potentialAction\":[{\"@type\":\"SearchAction\",\"target\":{\"@type\":\"EntryPoint\",\"urlTemplate\":\"https:\/\/blog.ccc.eu\/cz\/?s={search_term_string}\"},\"query-input\":{\"@type\":\"PropertyValueSpecification\",\"valueRequired\":true,\"valueName\":\"search_term_string\"}}],\"inLanguage\":\"cs\"},{\"@type\":\"Organization\",\"@id\":\"https:\/\/blog.ccc.eu\/cz\/#organization\",\"name\":\"CCC S.A.\",\"url\":\"https:\/\/blog.ccc.eu\/cz\/\",\"logo\":{\"@type\":\"ImageObject\",\"inLanguage\":\"cs\",\"@id\":\"https:\/\/blog.ccc.eu\/cz\/#\/schema\/logo\/image\/\",\"url\":\"https:\/\/blog.ccc.eu\/cz\/wp-content\/uploads\/2021\/11\/logo_ccc.png\",\"contentUrl\":\"https:\/\/blog.ccc.eu\/cz\/wp-content\/uploads\/2021\/11\/logo_ccc.png\",\"width\":730,\"height\":270,\"caption\":\"CCC S.A.\"},\"image\":{\"@id\":\"https:\/\/blog.ccc.eu\/cz\/#\/schema\/logo\/image\/\"}},{\"@type\":\"Person\",\"@id\":\"https:\/\/blog.ccc.eu\/cz\/#\/schema\/person\/6d50a49f9c84d32a489180be7a29155d\",\"name\":\"Lena\",\"image\":{\"@type\":\"ImageObject\",\"inLanguage\":\"cs\",\"@id\":\"https:\/\/blog.ccc.eu\/cz\/#\/schema\/person\/image\/\",\"url\":\"https:\/\/blog.ccc.eu\/cz\/wp-content\/uploads\/2022\/06\/MicrosoftTeams-image-2-100x100.jpg\",\"contentUrl\":\"https:\/\/blog.ccc.eu\/cz\/wp-content\/uploads\/2022\/06\/MicrosoftTeams-image-2-100x100.jpg\",\"caption\":\"Lena\"},\"description\":\"Absolventka digit\u00e1ln\u00edho marketingu se zku\u0161enostmi s obsahov\u00fdm marketingem a (velmi p\u0159ekvapiv\u011b) copywritingem. Ve voln\u00e9m \u010dase r\u00e1da nos\u00ed platformy a sna\u017e\u00ed se vyva\u017eovat n\u00e1kupy ve fast-fashion \u0159et\u011bzc\u00edch, swapov\u00e1n\u00edm.\",\"url\":\"https:\/\/blog.ccc.eu\/cz\/author\/katarzyna-kostygin\/\"}]}<\/script>\n<!-- \/ Yoast SEO plugin. -->","yoast_head_json":{"title":"Zn\u00e1me nejtrendy barvy roku 2023! - blog.ccc.eu\/cz","description":"Barvy jsou fascinuj\u00edc\u00ed. Chcete potr\u00e1pit mozek? P\u0159edstavte si novou barvu... anebo si dejte pauzu a za\u010dt\u011bte se do nejtrendy barevn\u00fdch odst\u00edn\u016f na rok 2023. 2026","robots":{"index":"index","follow":"follow","max-snippet":"max-snippet:-1","max-image-preview":"max-image-preview:large","max-video-preview":"max-video-preview:-1"},"canonical":"https:\/\/blog.ccc.eu\/cz\/zname-nejtrendy-barvy-roku-2023\/","og_locale":"cs_CZ","og_type":"article","og_title":"Zn\u00e1me nejtrendy barvy roku 2023! - blog.ccc.eu\/cz","og_description":"Barvy jsou fascinuj\u00edc\u00ed. Chcete potr\u00e1pit mozek? P\u0159edstavte si novou barvu... anebo si dejte pauzu a za\u010dt\u011bte se do nejtrendy barevn\u00fdch odst\u00edn\u016f na rok 2023.","og_url":"https:\/\/blog.ccc.eu\/cz\/zname-nejtrendy-barvy-roku-2023\/","og_site_name":"blog.ccc.eu\/cz","article_published_time":"2023-02-09T10:35:34+00:00","og_image":[{"width":512,"height":768,"url":"https:\/\/blog.ccc.eu\/cz\/wp-content\/uploads\/2023\/02\/221006_CCC_JF0989-Copy.jpg","type":"image\/jpeg"}],"author":"Lena","twitter_card":"summary_large_image","twitter_misc":{"Napsal(a)":"Lena","Odhadovan\u00e1 doba \u010dten\u00ed":"7 minut"},"schema":{"@context":"https:\/\/schema.org","@graph":[{"@type":"Article","@id":"https:\/\/blog.ccc.eu\/cz\/zname-nejtrendy-barvy-roku-2023\/#article","isPartOf":{"@id":"https:\/\/blog.ccc.eu\/cz\/zname-nejtrendy-barvy-roku-2023\/"},"author":{"name":"Lena","@id":"https:\/\/blog.ccc.eu\/cz\/#\/schema\/person\/6d50a49f9c84d32a489180be7a29155d"},"headline":"Zn\u00e1me nejtrendy barvy roku 2023!","datePublished":"2023-02-09T10:35:34+00:00","mainEntityOfPage":{"@id":"https:\/\/blog.ccc.eu\/cz\/zname-nejtrendy-barvy-roku-2023\/"},"wordCount":1470,"commentCount":0,"publisher":{"@id":"https:\/\/blog.ccc.eu\/cz\/#organization"},"image":{"@id":"https:\/\/blog.ccc.eu\/cz\/zname-nejtrendy-barvy-roku-2023\/#primaryimage"},"thumbnailUrl":"https:\/\/blog.ccc.eu\/cz\/wp-content\/uploads\/2023\/02\/221006_CCC_JF0989-Copy.jpg","keywords":["barvy","trendy","trendy 2023"],"articleSection":["TRENDY"],"inLanguage":"cs","potentialAction":[{"@type":"CommentAction","name":"Comment","target":["https:\/\/blog.ccc.eu\/cz\/zname-nejtrendy-barvy-roku-2023\/#respond"]}]},{"@type":"WebPage","@id":"https:\/\/blog.ccc.eu\/cz\/zname-nejtrendy-barvy-roku-2023\/","url":"https:\/\/blog.ccc.eu\/cz\/zname-nejtrendy-barvy-roku-2023\/","name":"Zn\u00e1me nejtrendy barvy roku 2023! - blog.ccc.eu\/cz","isPartOf":{"@id":"https:\/\/blog.ccc.eu\/cz\/#website"},"primaryImageOfPage":{"@id":"https:\/\/blog.ccc.eu\/cz\/zname-nejtrendy-barvy-roku-2023\/#primaryimage"},"image":{"@id":"https:\/\/blog.ccc.eu\/cz\/zname-nejtrendy-barvy-roku-2023\/#primaryimage"},"thumbnailUrl":"https:\/\/blog.ccc.eu\/cz\/wp-content\/uploads\/2023\/02\/221006_CCC_JF0989-Copy.jpg","datePublished":"2023-02-09T10:35:34+00:00","description":"Barvy jsou fascinuj\u00edc\u00ed. Chcete potr\u00e1pit mozek? P\u0159edstavte si novou barvu... anebo si dejte pauzu a za\u010dt\u011bte se do nejtrendy barevn\u00fdch odst\u00edn\u016f na rok 2023.","breadcrumb":{"@id":"https:\/\/blog.ccc.eu\/cz\/zname-nejtrendy-barvy-roku-2023\/#breadcrumb"},"inLanguage":"cs","potentialAction":[{"@type":"ReadAction","target":["https:\/\/blog.ccc.eu\/cz\/zname-nejtrendy-barvy-roku-2023\/"]}]},{"@type":"ImageObject","inLanguage":"cs","@id":"https:\/\/blog.ccc.eu\/cz\/zname-nejtrendy-barvy-roku-2023\/#primaryimage","url":"https:\/\/blog.ccc.eu\/cz\/wp-content\/uploads\/2023\/02\/221006_CCC_JF0989-Copy.jpg","contentUrl":"https:\/\/blog.ccc.eu\/cz\/wp-content\/uploads\/2023\/02\/221006_CCC_JF0989-Copy.jpg","width":512,"height":768,"caption":"fialov\u00e9 boty na platform\u011b"},{"@type":"BreadcrumbList","@id":"https:\/\/blog.ccc.eu\/cz\/zname-nejtrendy-barvy-roku-2023\/#breadcrumb","itemListElement":[{"@type":"ListItem","position":1,"name":"Strona g\u0142\u00f3wna","item":"https:\/\/blog.ccc.eu\/cz\/"},{"@type":"ListItem","position":2,"name":"Zn\u00e1me nejtrendy barvy roku 2023!"}]},{"@type":"WebSite","@id":"https:\/\/blog.ccc.eu\/cz\/#website","url":"https:\/\/blog.ccc.eu\/cz\/","name":"blog.ccc.eu\/cz","description":"Va\u0161e m\u00edsto pln\u00e9 m\u00f3dn\u00edch inspirac\u00ed","publisher":{"@id":"https:\/\/blog.ccc.eu\/cz\/#organization"},"potentialAction":[{"@type":"SearchAction","target":{"@type":"EntryPoint","urlTemplate":"https:\/\/blog.ccc.eu\/cz\/?s={search_term_string}"},"query-input":{"@type":"PropertyValueSpecification","valueRequired":true,"valueName":"search_term_string"}}],"inLanguage":"cs"},{"@type":"Organization","@id":"https:\/\/blog.ccc.eu\/cz\/#organization","name":"CCC S.A.","url":"https:\/\/blog.ccc.eu\/cz\/","logo":{"@type":"ImageObject","inLanguage":"cs","@id":"https:\/\/blog.ccc.eu\/cz\/#\/schema\/logo\/image\/","url":"https:\/\/blog.ccc.eu\/cz\/wp-content\/uploads\/2021\/11\/logo_ccc.png","contentUrl":"https:\/\/blog.ccc.eu\/cz\/wp-content\/uploads\/2021\/11\/logo_ccc.png","width":730,"height":270,"caption":"CCC S.A."},"image":{"@id":"https:\/\/blog.ccc.eu\/cz\/#\/schema\/logo\/image\/"}},{"@type":"Person","@id":"https:\/\/blog.ccc.eu\/cz\/#\/schema\/person\/6d50a49f9c84d32a489180be7a29155d","name":"Lena","image":{"@type":"ImageObject","inLanguage":"cs","@id":"https:\/\/blog.ccc.eu\/cz\/#\/schema\/person\/image\/","url":"https:\/\/blog.ccc.eu\/cz\/wp-content\/uploads\/2022\/06\/MicrosoftTeams-image-2-100x100.jpg","contentUrl":"https:\/\/blog.ccc.eu\/cz\/wp-content\/uploads\/2022\/06\/MicrosoftTeams-image-2-100x100.jpg","caption":"Lena"},"description":"Absolventka digit\u00e1ln\u00edho marketingu se zku\u0161enostmi s obsahov\u00fdm marketingem a (velmi p\u0159ekvapiv\u011b) copywritingem. Ve voln\u00e9m \u010dase r\u00e1da nos\u00ed platformy a sna\u017e\u00ed se vyva\u017eovat n\u00e1kupy ve fast-fashion \u0159et\u011bzc\u00edch, swapov\u00e1n\u00edm.","url":"https:\/\/blog.ccc.eu\/cz\/author\/katarzyna-kostygin\/"}]}},"_links":{"self":[{"href":"https:\/\/blog.ccc.eu\/cz\/wp-json\/wp\/v2\/posts\/5596","targetHints":{"allow":["GET"]}}],"collection":[{"href":"https:\/\/blog.ccc.eu\/cz\/wp-json\/wp\/v2\/posts"}],"about":[{"href":"https:\/\/blog.ccc.eu\/cz\/wp-json\/wp\/v2\/types\/post"}],"author":[{"embeddable":true,"href":"https:\/\/blog.ccc.eu\/cz\/wp-json\/wp\/v2\/users\/12"}],"replies":[{"embeddable":true,"href":"https:\/\/blog.ccc.eu\/cz\/wp-json\/wp\/v2\/comments?post=5596"}],"version-history":[{"count":2,"href":"https:\/\/blog.ccc.eu\/cz\/wp-json\/wp\/v2\/posts\/5596\/revisions"}],"predecessor-version":[{"id":5686,"href":"https:\/\/blog.ccc.eu\/cz\/wp-json\/wp\/v2\/posts\/5596\/revisions\/5686"}],"wp:featuredmedia":[{"embeddable":true,"href":"https:\/\/blog.ccc.eu\/cz\/wp-json\/wp\/v2\/media\/5598"}],"wp:attachment":[{"href":"https:\/\/blog.ccc.eu\/cz\/wp-json\/wp\/v2\/media?parent=5596"}],"wp:term":[{"taxonomy":"category","embeddable":true,"href":"https:\/\/blog.ccc.eu\/cz\/wp-json\/wp\/v2\/categories?post=5596"},{"taxonomy":"post_tag","embeddable":true,"href":"https:\/\/blog.ccc.eu\/cz\/wp-json\/wp\/v2\/tags?post=5596"}],"curies":[{"name":"wp","href":"https:\/\/api.w.org\/{rel}","templated":true}]}}