{"id":5600,"date":"2023-02-09T11:59:06","date_gmt":"2023-02-09T10:59:06","guid":{"rendered":"https:\/\/blog.ccc.eu\/cz\/?p=5600"},"modified":"2023-02-09T11:59:06","modified_gmt":"2023-02-09T10:59:06","slug":"vyberte-dokonaly-darek-k-valentynu-mame-pro-vas-7-neotrepanych-napadu","status":"publish","type":"post","link":"https:\/\/blog.ccc.eu\/cz\/vyberte-dokonaly-darek-k-valentynu-mame-pro-vas-7-neotrepanych-napadu\/","title":{"rendered":"Vyberte dokonal\u00fd d\u00e1rek k Valent\u00fdnu! M\u00e1me pro v\u00e1s 7 neot\u0159epan\u00fdch n\u00e1pad\u016f"},"content":{"rendered":"\n<p><b>Ano, v\u00edme. L\u00e1ska se m\u00e1 projevovat po cel\u00fd rok, nejen na Valent\u00fdna. Ale co kdy\u017e p\u0159esto chcete sv\u00e9 bl\u00edzk\u00e9 obdarovat? Kv\u011btiny a \u010dokol\u00e1da pat\u0159\u00ed mezi nejobl\u00edben\u011bj\u0161\u00ed a nejjednodu\u0161\u0161\u00ed d\u00e1rky, kter\u00e9 m\u016f\u017eete darovat. Pokud v\u0161ak chcete darovat n\u011bco trvalej\u0161\u00edho, d\u00e1rek, kter\u00fd se nesn\u00ed hned prvn\u00ed den Valent\u00fdna a vydr\u017e\u00ed d\u00e9le ne\u017e t\u00fdden, p\u0159e\u010dt\u011bte si na\u0161e tipy. V \u010dl\u00e1nku najdete n\u00e1pady na perfektn\u00ed d\u00e1rky pro n\u011bj i pro ni.<\/b><\/p>\n\n\n\n<figure class=\"wp-block-gallery has-nested-images columns-default is-cropped wp-block-gallery-1 is-layout-flex wp-block-gallery-is-layout-flex\">\n<figure class=\"wp-block-image size-large\"><img loading=\"lazy\" decoding=\"async\" width=\"724\" height=\"483\" data-id=\"5602\" src=\"https:\/\/blog.ccc.eu\/cz\/wp-content\/uploads\/2023\/02\/GettyImages-901307796.jpg\" alt=\"\" class=\"wp-image-5602\" srcset=\"https:\/\/blog.ccc.eu\/cz\/wp-content\/uploads\/2023\/02\/GettyImages-901307796.jpg 724w, https:\/\/blog.ccc.eu\/cz\/wp-content\/uploads\/2023\/02\/GettyImages-901307796-300x200.jpg 300w, https:\/\/blog.ccc.eu\/cz\/wp-content\/uploads\/2023\/02\/GettyImages-901307796-100x67.jpg 100w\" sizes=\"auto, (max-width: 724px) 100vw, 724px\" \/><\/figure>\n<\/figure>\n\n\n\n<h2 class=\"wp-block-heading\">D\u00e1rek k Valent\u00fdnu pro \u017eenu\u00a0<\/h2>\n\n\n\n<p>Co d\u00e1t sv\u00e9 milovan\u00e9 k Valent\u00fdnu? V\u011b\u0159\u00edme, \u017ee v\u00fdb\u011br valent\u00fdnsk\u00e9ho d\u00e1rku pro \u017eenu m\u016f\u017ee b\u00fdt n\u00e1ro\u010dn\u00fd. Existuje v\u0161ak spousta mo\u017enost\u00ed. M\u00e1me tipy na d\u00e1rky pro v\u00e1\u0161niv\u00e9 sportovkyn\u011b, n\u00e1kupn\u00ed mania\u010dky i ekologicky sm\u00fd\u0161lej\u00edc\u00ed \u017eeny.<\/p>\n\n\n\n<h3 class=\"wp-block-heading\">Pro \u017eeny se zelen\u00fdm srdcem<\/h3>\n\n\n\n<p>Pokud va\u0161\u00ed vyvolen\u00e9 z\u00e1le\u017e\u00ed na p\u0159\u00edrod\u011b a \u017eivotn\u00edm prost\u0159ed\u00ed stejn\u011b jako na m\u00f3d\u011b, po\u0159i\u010fte j\u00ed kvalitn\u00ed eko boty. Nap\u0159\u00edklad model zna\u010dky Americanos. Vysok\u00e9 \u0161n\u011brovac\u00ed boty jsou pohodln\u00e9 a kvalitn\u00ed. Maj\u00ed vysokou platformu, kter\u00e1 je praktick\u00e1 a z\u00e1rove\u0148 trendy. Hod\u00ed se ke sportovn\u00edmu oble\u010den\u00ed, d\u017e\u00edn\u016fm a bund\u011b.<\/p>\n\n\n\n<shortcode prop-category=\"Obuv\" prop-gender=\"male\" prop-manufacturer=\"Americanos\" prop-load-num=\"12\" prop-display-num=\"4\" prop-sku=\"5904862284514, 5904862284507, 5904862284484, 5904862204819, 5904862204451, 5904248866532, 5904862118246\" prop-view=\"slider\"><\/shortcode>        <div\r\n            class=\"eob-pf-shortcode\"\r\n            id=\"eobpf69f4e4cdce486\"\r\n        >\r\n            <shortcode prop-category=\"Obuv\" prop-gender=\"male\" prop-manufacturer=\"Americanos\" prop-load-num=\"12\" prop-display-num=\"4\" prop-sku=\"5904862284514, 5904862284507, 5904862284484, 5904862204819, 5904862204451, 5904248866532, 5904862118246\" prop-view=\"slider\"><\/shortcode>        <\/div>\r\n\t\t<script>\r\n\t\t\tjQuery(document).ready(() => {\r\n\t\t\t    const root = document.getElementById('eobpf69f4e4cdce486');\r\n                Vue.createApp({\r\n\t                components: {\r\n\t                    shortcode\r\n\t                }\r\n                }).mount(root);\r\n\t\t\t});\r\n\t\t<\/script>\r\n\t\t\r\n\t\t\n\n\n\n<p><\/p>\n\n\n\n<p>M\u016f\u017eete je v\u0161ak nosit i v neobvyklej\u0161\u00edch kombinac\u00edch oble\u010den\u00ed. Nap\u0159\u00edklad s dlouh\u00fdmi a \u0161irok\u00fdmi kalhotami, p\u0159il\u00e9hav\u00fdm rol\u00e1kem a dlouh\u00fdm kab\u00e1tem. T\u00edmto zp\u016fsobem m\u016f\u017eete dos\u00e1hnout stylov\u00e9ho streetwear vzhledu. Krom\u011b b\u00e9\u017eov\u00e9 m\u016f\u017eete m\u00edt boty tak\u00e9 v \u010dern\u00e9, \u0161ed\u00e9 a oran\u017eov\u00e9 barv\u011b! U zna\u010dky Americanos najdete tak\u00e9 dal\u0161\u00ed pohodln\u00e9 tenisky a obuv, kter\u00e1 je nejen trendy, ale tak\u00e9 \u0161etrn\u00e1 k \u017eivotn\u00edmu prost\u0159ed\u00ed.<\/p>\n\n\n\n<h2 class=\"wp-block-heading\">Pro ty, kte\u0159\u00ed v\u017edy doraz\u00ed v\u010das<\/h2>\n\n\n\n<p>Ano, mo\u017en\u00e1 trochu netypick\u00fd valent\u00fdnsk\u00fd d\u00e1rek, ale pro\u010d ne? <a href=\"https:\/\/ccc.eu\/cz\/prislusenstvi\/damske\/hodinky\">Hodinky jsou dopl\u0148kem, kter\u00fd nikdy nevyjde z m\u00f3dy.<\/a> Je elegantn\u00ed, nad\u010dasov\u00fd a vhodn\u00fd pro ka\u017ed\u00fd den. Vyb\u00edrejte z kvalitn\u00edch zna\u010dek, jako Gino Rossi, Jenny Fairy, DeeZee nebo Sprandi.<\/p>\n\n\n\n<shortcode prop-category=\"Hodinky\" prop-gender=\"female\" prop-load-num=\"12\" prop-display-num=\"4\" prop-sku=\"5904248834197, 5904248836184, 5904248836313, 5904248834135, 5904862161334, 5904862489810, 5904862489834\" prop-view=\"slider\"><\/shortcode>        <div\r\n            class=\"eob-pf-shortcode\"\r\n            id=\"eobpf69f4e4cdce5a4\"\r\n        >\r\n            <shortcode prop-category=\"Hodinky\" prop-gender=\"female\" prop-load-num=\"12\" prop-display-num=\"4\" prop-sku=\"5904248834197, 5904248836184, 5904248836313, 5904248834135, 5904862161334, 5904862489810, 5904862489834\" prop-view=\"slider\"><\/shortcode>        <\/div>\r\n\t\t<script>\r\n\t\t\tjQuery(document).ready(() => {\r\n\t\t\t    const root = document.getElementById('eobpf69f4e4cdce5a4');\r\n                Vue.createApp({\r\n\t                components: {\r\n\t                    shortcode\r\n\t                }\r\n                }).mount(root);\r\n\t\t\t});\r\n\t\t<\/script>\r\n\t\t\r\n\t\t\n\n\n\n<p><\/p>\n\n\n\n<p>Vyb\u00edrat m\u016f\u017eete z minimalistick\u00fdch a kr\u00e1sn\u00fdch kousk\u016f, nap\u0159\u00edklad od Gino Rossi. Nap\u0159\u00edklad zlat\u00e9 hodinky s kovov\u00fdm \u0159em\u00ednkem a kulat\u00fdm \u010dern\u00fdm cifern\u00edkem. Kombinace \u010dern\u00e9 a zlat\u00e9 vypad\u00e1 velmi elegantn\u011b a luxusn\u011b. Model je vyroben z nerezov\u00e9 oceli a dozdoben t\u0159pytiv\u00fdm kam\u00ednkem. Podobn\u011b minimalistick\u00fd kousek najdete tak\u00e9 u Jenny Fairy. M\u00edsto zlat\u00e9ho \u0159em\u00ednku m\u00e1 \u010dern\u00fd. Hled\u00e1te barvy? Zna\u010dka DeeZee nab\u00edz\u00ed vesel\u00e9 d\u00e1msk\u00e9 hodinky ve v\u00fdrazn\u00e9 r\u016f\u017eov\u00e9, se srd\u00ed\u010dkem a n\u00e1ramkem z r\u016f\u017eov\u00e9ho zlata. \u017d\u00e1dn\u00e9 nek\u0159i\u010d\u00ed &#8222;Valent\u00fdn je tady&#8220; a &#8222;Miluji t\u011b&#8220; tak hlasit\u011b jako pr\u00e1v\u011b tyto.<\/p>\n\n\n\n<p>Dal\u0161\u00edm ikonick\u00fdm kouskem od Gino Rossi jsou hodinky s hn\u011bd\u00fdm ko\u017een\u00fdm \u0159em\u00ednkem a tmav\u011b modr\u00fdm cifern\u00edkem. \u010c\u00edm jin\u00fdm je ozdobit ne\u017e zlatem? Hodinky jsou neobvykl\u00e9 a velmi zaj\u00edmav\u00e9. Najdete je tak\u00e9 v kombinaci s \u010dernou a tmav\u011b zelenou.<\/p>\n\n\n\n<p><strong>Nezapomn\u011bli jsme ani na sportovkyn\u011b! Pokud elegantn\u00ed hodinky nejsou nic pro va\u0161i drahou polovi\u010dku, s\u00e1hn\u011bte po sportovn\u00edm modelu s kulat\u00fdm cifern\u00edkem. Posledn\u00ed hodinky, kter\u00e9 p\u0159edstav\u00edme, jsou od Jenny Fairy. Kr\u00e1sn\u00e9 hodinky maj\u00ed st\u0159\u00edbrn\u00e9 ocelov\u00e9 t\u011blo a miner\u00e1ln\u00ed skl\u00ed\u010dko. M\u016f\u017eete si vybrat z nebesky modr\u00e9 a levandulov\u011b fialov\u00e9 barvy s abstraktn\u00edm efektem. Nav\u00edc je zdoben t\u0159pytiv\u00fdmi kam\u00ednky kolem \u010dtvercov\u00e9ho cifern\u00edku.<\/strong><\/p>\n\n\n\n<h2 class=\"wp-block-heading\">Pro praktick\u00e9 \u017eeny<\/h2>\n\n\n\n<p>Stylov\u00e1 d\u00e1msk\u00e1 pen\u011b\u017eenka je jedn\u00edm z nad\u010dasov\u00fdch d\u00e1rk\u016f. Pokud v\u00edte, \u017ee ta va\u0161e hled\u00e1 novou, pod\u00edvejte se po m\u00f3dn\u00edch pen\u011b\u017eenk\u00e1ch od Jenny Fairy, Gino Rossi, Quazi, Sprandi nebo Acccesories.<\/p>\n\n\n\n<shortcode prop-category=\"Pen\u011b\u017eenky\" prop-gender=\"female\" prop-manufacturer=\"Jenny Fairy\" prop-load-num=\"12\" prop-display-num=\"4\" prop-sku=\"5904248318154, 5904248318215, 5904248318123, 5904248956738, 5904248956660, 5904248956707, 5904862091167, 5904862531267, 5904862531250\" prop-view=\"slider\"><\/shortcode>        <div\r\n            class=\"eob-pf-shortcode\"\r\n            id=\"eobpf69f4e4cdce5e1\"\r\n        >\r\n            <shortcode prop-category=\"Pen\u011b\u017eenky\" prop-gender=\"female\" prop-manufacturer=\"Jenny Fairy\" prop-load-num=\"12\" prop-display-num=\"4\" prop-sku=\"5904248318154, 5904248318215, 5904248318123, 5904248956738, 5904248956660, 5904248956707, 5904862091167, 5904862531267, 5904862531250\" prop-view=\"slider\"><\/shortcode>        <\/div>\r\n\t\t<script>\r\n\t\t\tjQuery(document).ready(() => {\r\n\t\t\t    const root = document.getElementById('eobpf69f4e4cdce5e1');\r\n                Vue.createApp({\r\n\t                components: {\r\n\t                    shortcode\r\n\t                }\r\n                }).mount(root);\r\n\t\t\t});\r\n\t\t<\/script>\r\n\t\t\r\n\t\t\n\n\n\n<p><\/p>\n\n\n\n<p>Kv\u011btinov\u00e1 velk\u00e1 pen\u011b\u017eenka od spole\u010dnosti Acccesories pot\u011b\u0161\u00ed v\u0161echny milovn\u00edky kv\u011btin a kv\u011btinov\u00fdch vzor\u016f. P\u0159inese v\u00e1m n\u00e1dech jara a l\u00e9ta i v t\u011bch nejchladn\u011bj\u0161\u00edch dnech. Stejn\u011b tak barevn\u00e9 pen\u011b\u017eenky od Jenny Fairy. Tu v neobvykl\u00e9m obd\u00e9ln\u00edkov\u00e9m tvaru m\u016f\u017eete nosit i jako mini kabelku.<\/p>\n\n\n\n<p>V p\u0159\u00edpad\u011b, \u017ee obdarovan\u00e1 u sebe nenos\u00ed mnoho pen\u011bz ani karet a pot\u0159ebuje pen\u011b\u017eenku jen na p\u00e1r drobn\u00fdch minc\u00ed, roztomil\u00e9 mal\u00e9 pen\u011b\u017eenky od Jenny Fairy v\u00e1m ur\u010dit\u011b ud\u011blaj\u00ed radost. M\u016f\u017eete si vybrat z r\u016fzn\u00fdch barev. M\u00f3dn\u00ed lila, v\u00fdrazn\u00e1 zelen\u00e1, \u010derven\u00e1 nebo sladce r\u016f\u017eov\u00e1.<\/p>\n\n\n\n<p>M\u00f3dn\u00edm dopl\u0148kem je tak\u00e9 kulat\u00e1, \u010dern\u00e1 pen\u011b\u017eenka z imitace k\u016f\u017ee, rovn\u011b\u017e od Jenny Fairy. Klasi\u010dt\u011bj\u0161\u00ed verzi st\u0159edn\u011b velk\u00fdch pen\u011b\u017eenek z prav\u00e9 k\u016f\u017ee naleznete v nab\u00eddce Gino Rossi. M\u016f\u017eete si vybrat z \u010dern\u00e9 a \u010derven\u00e9 barvy.<\/p>\n\n\n\n<h2 class=\"wp-block-heading\">Pro milovnice kabelek<\/h2>\n\n\n\n<p>Pokud zn\u00e1te posedlost sv\u00e9 milovan\u00e9, m\u00e1te vyhr\u00e1no. <a href=\"https:\/\/ccc.eu\/cz\/kabelky\/damske-kabelky?sort=nowosci_cs&amp;page=1\">Jsou to kabelky?<\/a> V tom p\u0159\u00edpad\u011b jste na spr\u00e1vn\u00e9m m\u00edst\u011b. S\u00e1hn\u011bte po miniaturn\u00edm a m\u00f3dn\u00edm kousku, kter\u00fd o\u017eiv\u00ed ka\u017ed\u00fd outfit.<strong><\/strong><\/p>\n\n\n\n<p><\/p>\n\n\n\n<shortcode prop-category=\"D\u00e1msk\u00e9 kabelky\" prop-gender=\"female\" prop-manufacturer=\"Jenny Fairy\" prop-load-num=\"12\" prop-display-num=\"4\" prop-sku=\"5904862050973, 5904862375786, 5904862444079, 5904862426266, 5904862082073, 5904862073583, 5904862073491\" prop-view=\"slider\"><\/shortcode>        <div\r\n            class=\"eob-pf-shortcode\"\r\n            id=\"eobpf69f4e4cdce611\"\r\n        >\r\n            <shortcode prop-category=\"D\u00e1msk\u00e9 kabelky\" prop-gender=\"female\" prop-manufacturer=\"Jenny Fairy\" prop-load-num=\"12\" prop-display-num=\"4\" prop-sku=\"5904862050973, 5904862375786, 5904862444079, 5904862426266, 5904862082073, 5904862073583, 5904862073491\" prop-view=\"slider\"><\/shortcode>        <\/div>\r\n\t\t<script>\r\n\t\t\tjQuery(document).ready(() => {\r\n\t\t\t    const root = document.getElementById('eobpf69f4e4cdce611');\r\n                Vue.createApp({\r\n\t                components: {\r\n\t                    shortcode\r\n\t                }\r\n                }).mount(root);\r\n\t\t\t});\r\n\t\t<\/script>\r\n\t\t\r\n\t\t\n\n\n\n<p><\/p>\n\n\n\n<p>S\u00e1hnete nap\u0159\u00edklad po hn\u011bd\u00e9 kabelce DeeZee v neobvykl\u00e9m tvaru p\u016flm\u011bs\u00edce a s&nbsp;kr\u00e1tk\u00fdm, zlat\u00fdm \u0159et\u00edzkem. Dal\u0161\u00ed m\u00f3dn\u00ed volbou jsou kabelky z pevn\u00e9ho materi\u00e1lu, p\u0159ipom\u00ednaj\u00edc\u00ed aktovky. Takov\u00e9 ta\u0161ky nab\u00edz\u00ed nap\u0159\u00edklad zna\u010dka Jenny Fairy. Kabelka je v neutr\u00e1ln\u00ed a velmi praktick\u00e9 nude barv\u011b. Neobvyklej\u0161\u00ed verzi aktovkov\u00e9 kabelky najdete u zna\u010dky DeeZee. St\u0159\u00edbrn\u00e1 barva, t\u0159pytiv\u00e9 kam\u00ednky a tenk\u00fd \u0159et\u00edzek ud\u011blaj\u00ed z ka\u017ed\u00e9 \u017eeny nep\u0159ehl\u00e9dnutelnou bytost.<\/p>\n\n\n\n<p>V nab\u00eddce DeeZee v\u0161ak najdete i klasi\u010dt\u011bj\u0161\u00ed ta\u0161ky. Nap\u0159\u00edklad \u010dernou, st\u0159edn\u011b velkou, do kter\u00e9 se vejde i v\u00e1\u0161 notebook. Ka\u017edop\u00e1dn\u011b, v\u00fdb\u011br je \u0161irok\u00fd. Najdete zde v\u0161echno, od levn\u011bj\u0161\u00edch model\u016f d\u00e1msk\u00fdch kabelek a\u017e po ty dra\u017e\u0161\u00ed.<\/p>\n\n\n\n<h2 class=\"wp-block-heading\">D\u00e1rek k Valent\u00fdnu pro mu\u017ee &nbsp;<\/h2>\n\n\n\n<p>V\u00fdb\u011br dokonal\u00e9ho valent\u00fdnsk\u00e9ho d\u00e1rku pro mu\u017ee m\u016f\u017ee b\u00fdt utrpen\u00edm, a to nejen na Valent\u00fdna. Nebojte se, jsme v tom s v\u00e1mi! Porad\u00edme v\u00e1m, jak\u00fd d\u00e1rek vybrat pro sportovn\u011b zalo\u017een\u00e9ho, praktick\u00e9ho a elegantn\u00edho mu\u017ee.<\/p>\n\n\n\n<h2 class=\"wp-block-heading\">Pro praktick\u00e9ho mu\u017ee<\/h2>\n\n\n\n<p>Co s n\u00edm, kdy\u017e &#8222;nikdy nic nechce&#8220;? Vyberte praktick\u00fd d\u00e1rek, kter\u00fd ur\u010dit\u011b vyu\u017eije. Hodinky, <a href=\"https:\/\/ccc.eu\/cz\/prislusenstvi\/panske\/penezenky\">nov\u00e1 pen\u011b\u017eenka<\/a> nebo kvalitn\u00ed ko\u017een\u00fd p\u00e1sek. Hodink\u00e1m se budeme podrobn\u011bji v\u011bnovat v posledn\u00edm bod\u011b na\u0161eho \u010dl\u00e1nku. Krom\u011b nich m\u016f\u017eete s\u00e1hnout nap\u0159\u00edklad po klasick\u00fdm, \u010dern\u00fdm a ko\u017een\u00fdm p\u00e1sku od Gino Rossi.<\/p>\n\n\n\n<shortcode prop-category=\"Opasky\" prop-load-num=\"12\" prop-display-num=\"4\" prop-sku=\"5904862520155, 5904862520162, 5904862520131, 5904862396491, 5904862397214, 5904248886721, 5904862191614\" prop-view=\"slider\"><\/shortcode>        <div\r\n            class=\"eob-pf-shortcode\"\r\n            id=\"eobpf69f4e4cdce639\"\r\n        >\r\n            <shortcode prop-category=\"Opasky\" prop-load-num=\"12\" prop-display-num=\"4\" prop-sku=\"5904862520155, 5904862520162, 5904862520131, 5904862396491, 5904862397214, 5904248886721, 5904862191614\" prop-view=\"slider\"><\/shortcode>        <\/div>\r\n\t\t<script>\r\n\t\t\tjQuery(document).ready(() => {\r\n\t\t\t    const root = document.getElementById('eobpf69f4e4cdce639');\r\n                Vue.createApp({\r\n\t                components: {\r\n\t                    shortcode\r\n\t                }\r\n                }).mount(root);\r\n\t\t\t});\r\n\t\t<\/script>\r\n\t\t\r\n\t\t\n\n\n\n<p><\/p>\n\n\n\n<p>M\u00e1 st\u0159\u00edbrnou p\u0159ezku a ne\u010dekan\u00e9 \u010derven\u00e9 lemov\u00e1n\u00ed. Uvnit\u0159 je tak\u00e9 \u010derven\u00fd. Jde o zaj\u00edmav\u00fd detail, kter\u00fd v\u0161ak m\u016f\u017ee b\u00fdt zaj\u00edmav\u00fdm zpest\u0159en\u00edm b\u011b\u017en\u00e9ho dne. M\u016f\u017eete tak\u00e9 s\u00e1hnout po minimalistick\u00e9m, celo\u010dern\u00e9m modelu od Gino Rossi. Klasick\u00e9 p\u00e1nsk\u00e9 opasky najdete tak\u00e9 u spole\u010dnosti Lasocki. Krom\u011b nad\u010dasov\u00e9 \u010dern\u00e9 m\u016f\u017eete s\u00e1hnout tak\u00e9 po hn\u011bd\u00e9 nebo \u0161ed\u00e9. Pokud m\u00e1te doma zaryt\u00e9ho punk\u00e1\u010de, p\u0159ekvapte ho p\u00e1skem od Vans.<\/p>\n\n\n\n<h2 class=\"wp-block-heading\">Pro milovn\u00edky sportu<\/h2>\n\n\n\n<shortcode prop-category=\"Tri\u010dka\" prop-manufacturer=\"Champion\" prop-load-num=\"12\" prop-display-num=\"4\" prop-sku=\"5904248597283, 5904248598068, 5904248598549, 5904248598181, 5904248073282, 5904248597771, 5904248073589\" prop-view=\"slider\"><\/shortcode>        <div\r\n            class=\"eob-pf-shortcode\"\r\n            id=\"eobpf69f4e4cdce65d\"\r\n        >\r\n            <shortcode prop-category=\"Tri\u010dka\" prop-manufacturer=\"Champion\" prop-load-num=\"12\" prop-display-num=\"4\" prop-sku=\"5904248597283, 5904248598068, 5904248598549, 5904248598181, 5904248073282, 5904248597771, 5904248073589\" prop-view=\"slider\"><\/shortcode>        <\/div>\r\n\t\t<script>\r\n\t\t\tjQuery(document).ready(() => {\r\n\t\t\t    const root = document.getElementById('eobpf69f4e4cdce65d');\r\n                Vue.createApp({\r\n\t                components: {\r\n\t                    shortcode\r\n\t                }\r\n                }).mount(root);\r\n\t\t\t});\r\n\t\t<\/script>\r\n\t\t\r\n\t\t\n\n\n\n<p><\/p>\n\n\n\n<p>Pokud ten v\u00e1\u0161 tr\u00e1v\u00ed v\u00edce \u010dasu v posilovn\u011b ne\u017e doma, volba je jasn\u00e1. Dejte mu sportovn\u00ed oble\u010den\u00ed na cvi\u010den\u00ed! Pak ale hroz\u00ed, \u017ee bude v&nbsp;m\u00f3dn\u00edch kousc\u00edch chodit cvi\u010dit je\u0161t\u011b v\u00edc ne\u017e d\u0159\u00edv&#8230; ale nedop\u0159ejete mu, kdy\u017e ho milujete? S\u00e1hn\u011bte nap\u0159\u00edklad po stylov\u00fdch a pohodln\u00fdch mikin\u00e1ch, tri\u010dk\u00e1ch nebo tepl\u00e1c\u00edch zna\u010dky Champion.<\/p>\n\n\n\n<h2 class=\"wp-block-heading\">M\u00f3dn\u00ed hodinky pro n\u011bj i pro ni<strong><\/strong><\/h2>\n\n\n\n<p><\/p>\n\n\n\n<shortcode prop-category=\"Hodinky\" prop-gender=\"male\" prop-load-num=\"12\" prop-display-num=\"4\" prop-sku=\"5904248834203, 5904248771645, 5904862161372, 5904248771614, 5904862161389, 5904862161303\" prop-view=\"slider\"><\/shortcode>        <div\r\n            class=\"eob-pf-shortcode\"\r\n            id=\"eobpf69f4e4cdce681\"\r\n        >\r\n            <shortcode prop-category=\"Hodinky\" prop-gender=\"male\" prop-load-num=\"12\" prop-display-num=\"4\" prop-sku=\"5904248834203, 5904248771645, 5904862161372, 5904248771614, 5904862161389, 5904862161303\" prop-view=\"slider\"><\/shortcode>        <\/div>\r\n\t\t<script>\r\n\t\t\tjQuery(document).ready(() => {\r\n\t\t\t    const root = document.getElementById('eobpf69f4e4cdce681');\r\n                Vue.createApp({\r\n\t                components: {\r\n\t                    shortcode\r\n\t                }\r\n                }).mount(root);\r\n\t\t\t});\r\n\t\t<\/script>\r\n\t\t\r\n\t\t\n\n\n\n<p><\/p>\n\n\n\n<p><a href=\"https:\/\/ccc.eu\/cz\/prislusenstvi\/panske\/hodinky\">Hodinky jsou v\u017edy skv\u011bl\u00fdm d\u00e1rkem.<\/a> Aktu\u00e1ln\u011b si m\u016f\u017eete dop\u0159\u00e1t trendy kousek od kvalitn\u00edch zna\u010dek s v\u00fdraznou slevou! Sta\u010d\u00ed si vybrat hodinky pro sebe a pro sv\u00e9ho partnera. S\u00e1hn\u011bte nap\u0159\u00edklad po nad\u010dasov\u00e9m modelu od Ginno Rossi nebo po m\u00f3dn\u00edm od Sprandi.<\/p>\n","protected":false},"excerpt":{"rendered":"<p>Ano, v\u00edme. L\u00e1ska se m\u00e1 projevovat po cel\u00fd rok, nejen na Valent\u00fdna. Ale co kdy\u017e p\u0159esto chcete sv\u00e9 bl\u00edzk\u00e9 obdarovat? Kv\u011btiny a \u010dokol\u00e1da pat\u0159\u00ed mezi nejobl\u00edben\u011bj\u0161\u00ed a nejjednodu\u0161\u0161\u00ed d\u00e1rky, kter\u00e9 m\u016f\u017eete darovat. Pokud v\u0161ak chcete darovat n\u011bco trvalej\u0161\u00edho, d\u00e1rek, kter\u00fd se nesn\u00ed hned prvn\u00ed den Valent\u00fdna a vydr\u017e\u00ed d\u00e9le ne\u017e t\u00fdden, p\u0159e\u010dt\u011bte si na\u0161e tipy. [&hellip;]<\/p>\n","protected":false},"author":12,"featured_media":5602,"comment_status":"open","ping_status":"open","sticky":false,"template":"","format":"standard","meta":{"_acf_changed":false,"footnotes":""},"categories":[4],"tags":[594,762,813,770,706,826],"class_list":["post-5600","post","type-post","status-publish","format-standard","has-post-thumbnail","hentry","category-modni-tipy","tag-damske-boty","tag-damske-kabelky","tag-hodinky","tag-panske-obleceni","tag-penezenky","tag-valentyn"],"acf":[],"yoast_head":"<!-- This site is optimized with the Yoast SEO plugin v26.9 - https:\/\/yoast.com\/product\/yoast-seo-wordpress\/ -->\n<title>Vyberte dokonal\u00fd d\u00e1rek k Valent\u00fdnu! M\u00e1me pro v\u00e1s 7 neot\u0159epan\u00fdch n\u00e1pad\u016f - blog.ccc.eu\/cz<\/title>\n<meta name=\"description\" content=\"Kv\u011btiny a \u010dokol\u00e1da pot\u011b\u0161\u00ed v\u017edy. Co ale s\u00e1hnout po d\u00e1rku, kter\u00fd vydr\u017e\u00ed d\u00e9le ne\u017e jednu valent\u00fdnskou noc? 2026\" \/>\n<meta name=\"robots\" content=\"index, follow, max-snippet:-1, max-image-preview:large, max-video-preview:-1\" \/>\n<link rel=\"canonical\" href=\"https:\/\/blog.ccc.eu\/cz\/vyberte-dokonaly-darek-k-valentynu-mame-pro-vas-7-neotrepanych-napadu\/\" \/>\n<meta property=\"og:locale\" content=\"cs_CZ\" \/>\n<meta property=\"og:type\" content=\"article\" \/>\n<meta property=\"og:title\" content=\"Vyberte dokonal\u00fd d\u00e1rek k Valent\u00fdnu! M\u00e1me pro v\u00e1s 7 neot\u0159epan\u00fdch n\u00e1pad\u016f - blog.ccc.eu\/cz\" \/>\n<meta property=\"og:description\" content=\"Kv\u011btiny a \u010dokol\u00e1da pot\u011b\u0161\u00ed v\u017edy. Co ale s\u00e1hnout po d\u00e1rku, kter\u00fd vydr\u017e\u00ed d\u00e9le ne\u017e jednu valent\u00fdnskou noc?\" \/>\n<meta property=\"og:url\" content=\"https:\/\/blog.ccc.eu\/cz\/vyberte-dokonaly-darek-k-valentynu-mame-pro-vas-7-neotrepanych-napadu\/\" \/>\n<meta property=\"og:site_name\" content=\"blog.ccc.eu\/cz\" \/>\n<meta property=\"article:published_time\" content=\"2023-02-09T10:59:06+00:00\" \/>\n<meta property=\"og:image\" content=\"https:\/\/blog.ccc.eu\/cz\/wp-content\/uploads\/2023\/02\/GettyImages-901307796.jpg\" \/>\n\t<meta property=\"og:image:width\" content=\"724\" \/>\n\t<meta property=\"og:image:height\" content=\"483\" \/>\n\t<meta property=\"og:image:type\" content=\"image\/jpeg\" \/>\n<meta name=\"author\" content=\"Lena\" \/>\n<meta name=\"twitter:card\" content=\"summary_large_image\" \/>\n<meta name=\"twitter:label1\" content=\"Napsal(a)\" \/>\n\t<meta name=\"twitter:data1\" content=\"Lena\" \/>\n\t<meta name=\"twitter:label2\" content=\"Odhadovan\u00e1 doba \u010dten\u00ed\" \/>\n\t<meta name=\"twitter:data2\" content=\"6 minut\" \/>\n<script type=\"application\/ld+json\" class=\"yoast-schema-graph\">{\"@context\":\"https:\/\/schema.org\",\"@graph\":[{\"@type\":\"Article\",\"@id\":\"https:\/\/blog.ccc.eu\/cz\/vyberte-dokonaly-darek-k-valentynu-mame-pro-vas-7-neotrepanych-napadu\/#article\",\"isPartOf\":{\"@id\":\"https:\/\/blog.ccc.eu\/cz\/vyberte-dokonaly-darek-k-valentynu-mame-pro-vas-7-neotrepanych-napadu\/\"},\"author\":{\"name\":\"Lena\",\"@id\":\"https:\/\/blog.ccc.eu\/cz\/#\/schema\/person\/6d50a49f9c84d32a489180be7a29155d\"},\"headline\":\"Vyberte dokonal\u00fd d\u00e1rek k Valent\u00fdnu! M\u00e1me pro v\u00e1s 7 neot\u0159epan\u00fdch n\u00e1pad\u016f\",\"datePublished\":\"2023-02-09T10:59:06+00:00\",\"mainEntityOfPage\":{\"@id\":\"https:\/\/blog.ccc.eu\/cz\/vyberte-dokonaly-darek-k-valentynu-mame-pro-vas-7-neotrepanych-napadu\/\"},\"wordCount\":1491,\"commentCount\":0,\"publisher\":{\"@id\":\"https:\/\/blog.ccc.eu\/cz\/#organization\"},\"image\":{\"@id\":\"https:\/\/blog.ccc.eu\/cz\/vyberte-dokonaly-darek-k-valentynu-mame-pro-vas-7-neotrepanych-napadu\/#primaryimage\"},\"thumbnailUrl\":\"https:\/\/blog.ccc.eu\/cz\/wp-content\/uploads\/2023\/02\/GettyImages-901307796.jpg\",\"keywords\":[\"D\u00e1msk\u00e9 boty\",\"d\u00e1msk\u00e9 kabelky\",\"hodinky\",\"p\u00e1nsk\u00e9 oble\u010den\u00ed\",\"pen\u011b\u017eenky\",\"Valent\u00fdn\"],\"articleSection\":[\"M\u00d3DN\u00cd TIPY\"],\"inLanguage\":\"cs\",\"potentialAction\":[{\"@type\":\"CommentAction\",\"name\":\"Comment\",\"target\":[\"https:\/\/blog.ccc.eu\/cz\/vyberte-dokonaly-darek-k-valentynu-mame-pro-vas-7-neotrepanych-napadu\/#respond\"]}]},{\"@type\":\"WebPage\",\"@id\":\"https:\/\/blog.ccc.eu\/cz\/vyberte-dokonaly-darek-k-valentynu-mame-pro-vas-7-neotrepanych-napadu\/\",\"url\":\"https:\/\/blog.ccc.eu\/cz\/vyberte-dokonaly-darek-k-valentynu-mame-pro-vas-7-neotrepanych-napadu\/\",\"name\":\"Vyberte dokonal\u00fd d\u00e1rek k Valent\u00fdnu! M\u00e1me pro v\u00e1s 7 neot\u0159epan\u00fdch n\u00e1pad\u016f - blog.ccc.eu\/cz\",\"isPartOf\":{\"@id\":\"https:\/\/blog.ccc.eu\/cz\/#website\"},\"primaryImageOfPage\":{\"@id\":\"https:\/\/blog.ccc.eu\/cz\/vyberte-dokonaly-darek-k-valentynu-mame-pro-vas-7-neotrepanych-napadu\/#primaryimage\"},\"image\":{\"@id\":\"https:\/\/blog.ccc.eu\/cz\/vyberte-dokonaly-darek-k-valentynu-mame-pro-vas-7-neotrepanych-napadu\/#primaryimage\"},\"thumbnailUrl\":\"https:\/\/blog.ccc.eu\/cz\/wp-content\/uploads\/2023\/02\/GettyImages-901307796.jpg\",\"datePublished\":\"2023-02-09T10:59:06+00:00\",\"description\":\"Kv\u011btiny a \u010dokol\u00e1da pot\u011b\u0161\u00ed v\u017edy. Co ale s\u00e1hnout po d\u00e1rku, kter\u00fd vydr\u017e\u00ed d\u00e9le ne\u017e jednu valent\u00fdnskou noc?\",\"breadcrumb\":{\"@id\":\"https:\/\/blog.ccc.eu\/cz\/vyberte-dokonaly-darek-k-valentynu-mame-pro-vas-7-neotrepanych-napadu\/#breadcrumb\"},\"inLanguage\":\"cs\",\"potentialAction\":[{\"@type\":\"ReadAction\",\"target\":[\"https:\/\/blog.ccc.eu\/cz\/vyberte-dokonaly-darek-k-valentynu-mame-pro-vas-7-neotrepanych-napadu\/\"]}]},{\"@type\":\"ImageObject\",\"inLanguage\":\"cs\",\"@id\":\"https:\/\/blog.ccc.eu\/cz\/vyberte-dokonaly-darek-k-valentynu-mame-pro-vas-7-neotrepanych-napadu\/#primaryimage\",\"url\":\"https:\/\/blog.ccc.eu\/cz\/wp-content\/uploads\/2023\/02\/GettyImages-901307796.jpg\",\"contentUrl\":\"https:\/\/blog.ccc.eu\/cz\/wp-content\/uploads\/2023\/02\/GettyImages-901307796.jpg\",\"width\":724,\"height\":483,\"caption\":\"Hands Giving Heart Shaped Gift Close-up\"},{\"@type\":\"BreadcrumbList\",\"@id\":\"https:\/\/blog.ccc.eu\/cz\/vyberte-dokonaly-darek-k-valentynu-mame-pro-vas-7-neotrepanych-napadu\/#breadcrumb\",\"itemListElement\":[{\"@type\":\"ListItem\",\"position\":1,\"name\":\"Strona g\u0142\u00f3wna\",\"item\":\"https:\/\/blog.ccc.eu\/cz\/\"},{\"@type\":\"ListItem\",\"position\":2,\"name\":\"Vyberte dokonal\u00fd d\u00e1rek k Valent\u00fdnu! M\u00e1me pro v\u00e1s 7 neot\u0159epan\u00fdch n\u00e1pad\u016f\"}]},{\"@type\":\"WebSite\",\"@id\":\"https:\/\/blog.ccc.eu\/cz\/#website\",\"url\":\"https:\/\/blog.ccc.eu\/cz\/\",\"name\":\"blog.ccc.eu\/cz\",\"description\":\"Va\u0161e m\u00edsto pln\u00e9 m\u00f3dn\u00edch inspirac\u00ed\",\"publisher\":{\"@id\":\"https:\/\/blog.ccc.eu\/cz\/#organization\"},\"potentialAction\":[{\"@type\":\"SearchAction\",\"target\":{\"@type\":\"EntryPoint\",\"urlTemplate\":\"https:\/\/blog.ccc.eu\/cz\/?s={search_term_string}\"},\"query-input\":{\"@type\":\"PropertyValueSpecification\",\"valueRequired\":true,\"valueName\":\"search_term_string\"}}],\"inLanguage\":\"cs\"},{\"@type\":\"Organization\",\"@id\":\"https:\/\/blog.ccc.eu\/cz\/#organization\",\"name\":\"CCC S.A.\",\"url\":\"https:\/\/blog.ccc.eu\/cz\/\",\"logo\":{\"@type\":\"ImageObject\",\"inLanguage\":\"cs\",\"@id\":\"https:\/\/blog.ccc.eu\/cz\/#\/schema\/logo\/image\/\",\"url\":\"https:\/\/blog.ccc.eu\/cz\/wp-content\/uploads\/2021\/11\/logo_ccc.png\",\"contentUrl\":\"https:\/\/blog.ccc.eu\/cz\/wp-content\/uploads\/2021\/11\/logo_ccc.png\",\"width\":730,\"height\":270,\"caption\":\"CCC S.A.\"},\"image\":{\"@id\":\"https:\/\/blog.ccc.eu\/cz\/#\/schema\/logo\/image\/\"}},{\"@type\":\"Person\",\"@id\":\"https:\/\/blog.ccc.eu\/cz\/#\/schema\/person\/6d50a49f9c84d32a489180be7a29155d\",\"name\":\"Lena\",\"image\":{\"@type\":\"ImageObject\",\"inLanguage\":\"cs\",\"@id\":\"https:\/\/blog.ccc.eu\/cz\/#\/schema\/person\/image\/\",\"url\":\"https:\/\/blog.ccc.eu\/cz\/wp-content\/uploads\/2022\/06\/MicrosoftTeams-image-2-100x100.jpg\",\"contentUrl\":\"https:\/\/blog.ccc.eu\/cz\/wp-content\/uploads\/2022\/06\/MicrosoftTeams-image-2-100x100.jpg\",\"caption\":\"Lena\"},\"description\":\"Absolventka digit\u00e1ln\u00edho marketingu se zku\u0161enostmi s obsahov\u00fdm marketingem a (velmi p\u0159ekvapiv\u011b) copywritingem. Ve voln\u00e9m \u010dase r\u00e1da nos\u00ed platformy a sna\u017e\u00ed se vyva\u017eovat n\u00e1kupy ve fast-fashion \u0159et\u011bzc\u00edch, swapov\u00e1n\u00edm.\",\"url\":\"https:\/\/blog.ccc.eu\/cz\/author\/katarzyna-kostygin\/\"}]}<\/script>\n<!-- \/ Yoast SEO plugin. -->","yoast_head_json":{"title":"Vyberte dokonal\u00fd d\u00e1rek k Valent\u00fdnu! M\u00e1me pro v\u00e1s 7 neot\u0159epan\u00fdch n\u00e1pad\u016f - blog.ccc.eu\/cz","description":"Kv\u011btiny a \u010dokol\u00e1da pot\u011b\u0161\u00ed v\u017edy. Co ale s\u00e1hnout po d\u00e1rku, kter\u00fd vydr\u017e\u00ed d\u00e9le ne\u017e jednu valent\u00fdnskou noc? 2026","robots":{"index":"index","follow":"follow","max-snippet":"max-snippet:-1","max-image-preview":"max-image-preview:large","max-video-preview":"max-video-preview:-1"},"canonical":"https:\/\/blog.ccc.eu\/cz\/vyberte-dokonaly-darek-k-valentynu-mame-pro-vas-7-neotrepanych-napadu\/","og_locale":"cs_CZ","og_type":"article","og_title":"Vyberte dokonal\u00fd d\u00e1rek k Valent\u00fdnu! M\u00e1me pro v\u00e1s 7 neot\u0159epan\u00fdch n\u00e1pad\u016f - blog.ccc.eu\/cz","og_description":"Kv\u011btiny a \u010dokol\u00e1da pot\u011b\u0161\u00ed v\u017edy. Co ale s\u00e1hnout po d\u00e1rku, kter\u00fd vydr\u017e\u00ed d\u00e9le ne\u017e jednu valent\u00fdnskou noc?","og_url":"https:\/\/blog.ccc.eu\/cz\/vyberte-dokonaly-darek-k-valentynu-mame-pro-vas-7-neotrepanych-napadu\/","og_site_name":"blog.ccc.eu\/cz","article_published_time":"2023-02-09T10:59:06+00:00","og_image":[{"width":724,"height":483,"url":"https:\/\/blog.ccc.eu\/cz\/wp-content\/uploads\/2023\/02\/GettyImages-901307796.jpg","type":"image\/jpeg"}],"author":"Lena","twitter_card":"summary_large_image","twitter_misc":{"Napsal(a)":"Lena","Odhadovan\u00e1 doba \u010dten\u00ed":"6 minut"},"schema":{"@context":"https:\/\/schema.org","@graph":[{"@type":"Article","@id":"https:\/\/blog.ccc.eu\/cz\/vyberte-dokonaly-darek-k-valentynu-mame-pro-vas-7-neotrepanych-napadu\/#article","isPartOf":{"@id":"https:\/\/blog.ccc.eu\/cz\/vyberte-dokonaly-darek-k-valentynu-mame-pro-vas-7-neotrepanych-napadu\/"},"author":{"name":"Lena","@id":"https:\/\/blog.ccc.eu\/cz\/#\/schema\/person\/6d50a49f9c84d32a489180be7a29155d"},"headline":"Vyberte dokonal\u00fd d\u00e1rek k Valent\u00fdnu! M\u00e1me pro v\u00e1s 7 neot\u0159epan\u00fdch n\u00e1pad\u016f","datePublished":"2023-02-09T10:59:06+00:00","mainEntityOfPage":{"@id":"https:\/\/blog.ccc.eu\/cz\/vyberte-dokonaly-darek-k-valentynu-mame-pro-vas-7-neotrepanych-napadu\/"},"wordCount":1491,"commentCount":0,"publisher":{"@id":"https:\/\/blog.ccc.eu\/cz\/#organization"},"image":{"@id":"https:\/\/blog.ccc.eu\/cz\/vyberte-dokonaly-darek-k-valentynu-mame-pro-vas-7-neotrepanych-napadu\/#primaryimage"},"thumbnailUrl":"https:\/\/blog.ccc.eu\/cz\/wp-content\/uploads\/2023\/02\/GettyImages-901307796.jpg","keywords":["D\u00e1msk\u00e9 boty","d\u00e1msk\u00e9 kabelky","hodinky","p\u00e1nsk\u00e9 oble\u010den\u00ed","pen\u011b\u017eenky","Valent\u00fdn"],"articleSection":["M\u00d3DN\u00cd TIPY"],"inLanguage":"cs","potentialAction":[{"@type":"CommentAction","name":"Comment","target":["https:\/\/blog.ccc.eu\/cz\/vyberte-dokonaly-darek-k-valentynu-mame-pro-vas-7-neotrepanych-napadu\/#respond"]}]},{"@type":"WebPage","@id":"https:\/\/blog.ccc.eu\/cz\/vyberte-dokonaly-darek-k-valentynu-mame-pro-vas-7-neotrepanych-napadu\/","url":"https:\/\/blog.ccc.eu\/cz\/vyberte-dokonaly-darek-k-valentynu-mame-pro-vas-7-neotrepanych-napadu\/","name":"Vyberte dokonal\u00fd d\u00e1rek k Valent\u00fdnu! M\u00e1me pro v\u00e1s 7 neot\u0159epan\u00fdch n\u00e1pad\u016f - blog.ccc.eu\/cz","isPartOf":{"@id":"https:\/\/blog.ccc.eu\/cz\/#website"},"primaryImageOfPage":{"@id":"https:\/\/blog.ccc.eu\/cz\/vyberte-dokonaly-darek-k-valentynu-mame-pro-vas-7-neotrepanych-napadu\/#primaryimage"},"image":{"@id":"https:\/\/blog.ccc.eu\/cz\/vyberte-dokonaly-darek-k-valentynu-mame-pro-vas-7-neotrepanych-napadu\/#primaryimage"},"thumbnailUrl":"https:\/\/blog.ccc.eu\/cz\/wp-content\/uploads\/2023\/02\/GettyImages-901307796.jpg","datePublished":"2023-02-09T10:59:06+00:00","description":"Kv\u011btiny a \u010dokol\u00e1da pot\u011b\u0161\u00ed v\u017edy. Co ale s\u00e1hnout po d\u00e1rku, kter\u00fd vydr\u017e\u00ed d\u00e9le ne\u017e jednu valent\u00fdnskou noc?","breadcrumb":{"@id":"https:\/\/blog.ccc.eu\/cz\/vyberte-dokonaly-darek-k-valentynu-mame-pro-vas-7-neotrepanych-napadu\/#breadcrumb"},"inLanguage":"cs","potentialAction":[{"@type":"ReadAction","target":["https:\/\/blog.ccc.eu\/cz\/vyberte-dokonaly-darek-k-valentynu-mame-pro-vas-7-neotrepanych-napadu\/"]}]},{"@type":"ImageObject","inLanguage":"cs","@id":"https:\/\/blog.ccc.eu\/cz\/vyberte-dokonaly-darek-k-valentynu-mame-pro-vas-7-neotrepanych-napadu\/#primaryimage","url":"https:\/\/blog.ccc.eu\/cz\/wp-content\/uploads\/2023\/02\/GettyImages-901307796.jpg","contentUrl":"https:\/\/blog.ccc.eu\/cz\/wp-content\/uploads\/2023\/02\/GettyImages-901307796.jpg","width":724,"height":483,"caption":"Hands Giving Heart Shaped Gift Close-up"},{"@type":"BreadcrumbList","@id":"https:\/\/blog.ccc.eu\/cz\/vyberte-dokonaly-darek-k-valentynu-mame-pro-vas-7-neotrepanych-napadu\/#breadcrumb","itemListElement":[{"@type":"ListItem","position":1,"name":"Strona g\u0142\u00f3wna","item":"https:\/\/blog.ccc.eu\/cz\/"},{"@type":"ListItem","position":2,"name":"Vyberte dokonal\u00fd d\u00e1rek k Valent\u00fdnu! M\u00e1me pro v\u00e1s 7 neot\u0159epan\u00fdch n\u00e1pad\u016f"}]},{"@type":"WebSite","@id":"https:\/\/blog.ccc.eu\/cz\/#website","url":"https:\/\/blog.ccc.eu\/cz\/","name":"blog.ccc.eu\/cz","description":"Va\u0161e m\u00edsto pln\u00e9 m\u00f3dn\u00edch inspirac\u00ed","publisher":{"@id":"https:\/\/blog.ccc.eu\/cz\/#organization"},"potentialAction":[{"@type":"SearchAction","target":{"@type":"EntryPoint","urlTemplate":"https:\/\/blog.ccc.eu\/cz\/?s={search_term_string}"},"query-input":{"@type":"PropertyValueSpecification","valueRequired":true,"valueName":"search_term_string"}}],"inLanguage":"cs"},{"@type":"Organization","@id":"https:\/\/blog.ccc.eu\/cz\/#organization","name":"CCC S.A.","url":"https:\/\/blog.ccc.eu\/cz\/","logo":{"@type":"ImageObject","inLanguage":"cs","@id":"https:\/\/blog.ccc.eu\/cz\/#\/schema\/logo\/image\/","url":"https:\/\/blog.ccc.eu\/cz\/wp-content\/uploads\/2021\/11\/logo_ccc.png","contentUrl":"https:\/\/blog.ccc.eu\/cz\/wp-content\/uploads\/2021\/11\/logo_ccc.png","width":730,"height":270,"caption":"CCC S.A."},"image":{"@id":"https:\/\/blog.ccc.eu\/cz\/#\/schema\/logo\/image\/"}},{"@type":"Person","@id":"https:\/\/blog.ccc.eu\/cz\/#\/schema\/person\/6d50a49f9c84d32a489180be7a29155d","name":"Lena","image":{"@type":"ImageObject","inLanguage":"cs","@id":"https:\/\/blog.ccc.eu\/cz\/#\/schema\/person\/image\/","url":"https:\/\/blog.ccc.eu\/cz\/wp-content\/uploads\/2022\/06\/MicrosoftTeams-image-2-100x100.jpg","contentUrl":"https:\/\/blog.ccc.eu\/cz\/wp-content\/uploads\/2022\/06\/MicrosoftTeams-image-2-100x100.jpg","caption":"Lena"},"description":"Absolventka digit\u00e1ln\u00edho marketingu se zku\u0161enostmi s obsahov\u00fdm marketingem a (velmi p\u0159ekvapiv\u011b) copywritingem. Ve voln\u00e9m \u010dase r\u00e1da nos\u00ed platformy a sna\u017e\u00ed se vyva\u017eovat n\u00e1kupy ve fast-fashion \u0159et\u011bzc\u00edch, swapov\u00e1n\u00edm.","url":"https:\/\/blog.ccc.eu\/cz\/author\/katarzyna-kostygin\/"}]}},"_links":{"self":[{"href":"https:\/\/blog.ccc.eu\/cz\/wp-json\/wp\/v2\/posts\/5600","targetHints":{"allow":["GET"]}}],"collection":[{"href":"https:\/\/blog.ccc.eu\/cz\/wp-json\/wp\/v2\/posts"}],"about":[{"href":"https:\/\/blog.ccc.eu\/cz\/wp-json\/wp\/v2\/types\/post"}],"author":[{"embeddable":true,"href":"https:\/\/blog.ccc.eu\/cz\/wp-json\/wp\/v2\/users\/12"}],"replies":[{"embeddable":true,"href":"https:\/\/blog.ccc.eu\/cz\/wp-json\/wp\/v2\/comments?post=5600"}],"version-history":[{"count":3,"href":"https:\/\/blog.ccc.eu\/cz\/wp-json\/wp\/v2\/posts\/5600\/revisions"}],"predecessor-version":[{"id":5613,"href":"https:\/\/blog.ccc.eu\/cz\/wp-json\/wp\/v2\/posts\/5600\/revisions\/5613"}],"wp:featuredmedia":[{"embeddable":true,"href":"https:\/\/blog.ccc.eu\/cz\/wp-json\/wp\/v2\/media\/5602"}],"wp:attachment":[{"href":"https:\/\/blog.ccc.eu\/cz\/wp-json\/wp\/v2\/media?parent=5600"}],"wp:term":[{"taxonomy":"category","embeddable":true,"href":"https:\/\/blog.ccc.eu\/cz\/wp-json\/wp\/v2\/categories?post=5600"},{"taxonomy":"post_tag","embeddable":true,"href":"https:\/\/blog.ccc.eu\/cz\/wp-json\/wp\/v2\/tags?post=5600"}],"curies":[{"name":"wp","href":"https:\/\/api.w.org\/{rel}","templated":true}]}}