{"id":5736,"date":"2023-03-07T13:33:08","date_gmt":"2023-03-07T12:33:08","guid":{"rendered":"https:\/\/blog.ccc.eu\/cz\/?p=5736"},"modified":"2023-03-07T13:33:08","modified_gmt":"2023-03-07T12:33:08","slug":"nejnovejsi-kolekce-ccc-x-jenny-fairy-v-hlavni-roli-emily-ratajkowski","status":"publish","type":"post","link":"https:\/\/blog.ccc.eu\/cz\/nejnovejsi-kolekce-ccc-x-jenny-fairy-v-hlavni-roli-emily-ratajkowski\/","title":{"rendered":"Nejnov\u011bj\u0161\u00ed kolekce CCC x Jenny Fairy: v hlavn\u00ed roli Emily Ratajkowski!"},"content":{"rendered":"\n<p><b><em>C&#8217;est tr\u00e8s chic! Jak v\u00e1m zn\u00ed p\u0159edstava supermodelky Emily Ratajkowski v nenapodobiteln\u00e9m stylu 60. let v pod\u00e1n\u00ed Jenny Fairy? Oh la la la la&#8230; K tomu si p\u0159ipo\u010dt\u011bte Pa\u0159\u00ed\u017e, p\u0159ich\u00e1zej\u00edc\u00ed jaro ve vzduchu a nejnov\u011bj\u0161\u00ed m\u00f3dn\u00ed trendy. Ano, je na co se t\u011b\u0161it. Objevte novou, exkluzivn\u00ed kolekci Jenny Fairy, pro jaro-l\u00e9to 2023!<\/em><\/b><\/p>\n\n\n\n<figure class=\"wp-block-gallery has-nested-images columns-default is-cropped wp-block-gallery-1 is-layout-flex wp-block-gallery-is-layout-flex\">\n<figure class=\"wp-block-image size-large\"><img loading=\"lazy\" decoding=\"async\" width=\"1024\" height=\"683\" data-id=\"5737\" src=\"https:\/\/blog.ccc.eu\/cz\/wp-content\/uploads\/2023\/03\/Jenny_Fairy_-_SS_2023_1-1024x683.jpg\" alt=\"\" class=\"wp-image-5737\"\/><\/figure>\n<\/figure>\n\n\n\n<h2 class=\"wp-block-heading\">Sbalte si kufry, let\u00edme do m\u011bsta m\u00f3dy a l\u00e1sky<\/h2>\n\n\n\n<p>Pa\u0159\u00ed\u017e, ikonick\u00e1 60. l\u00e9ta a Emily Ratajkowski. Napad\u00e1 v\u00e1s lep\u0161\u00ed kombinace pro nejnov\u011bj\u0161\u00ed kolekci Jenny Fairy? Jaro 2023 za\u010d\u00edn\u00e1 vskutku stylov\u011b. Jenny Fairy n\u00e1s zavede zp\u011bt do Pa\u0159\u00ed\u017ee a jej\u00edch slavn\u00fdch \u010das\u016f. A my v\u00e1s bereme s sebou! \u010cek\u00e1 na v\u00e1s prav\u00e1 pa\u0159\u00ed\u017esk\u00e1 estetika: \u0161aty a sukn\u011b \u00e1\u010dkov\u00e9ho st\u0159ihu, tv\u00eddov\u00e1 saka v tmav\u00fdch barv\u00e1ch, pun\u010dochy, rozko\u0161n\u00e9, pastelov\u00e9 barvy a perly. T\u011b\u0161te se na jemn\u00e9 a stylov\u00e9 baler\u00ednky, elegantn\u00ed mokas\u00edny i tenisky na v\u00fdrazn\u00e9 platform\u011b v kombinaci s nad\u010dasovou eleganc\u00ed baget. A to v\u0161e ve spolupr\u00e1ci se sv\u011btovou topmodelkou, hv\u011bzdou \u2013 Emily Ratajkowski.<\/p>\n\n\n\n<p><\/p>\n\n\n\n<shortcode prop-manufacturer=\"Jenny Fairy\" prop-load-num=\"12\" prop-display-num=\"4\" prop-sku=\"5904862537153, 5904862632100, 5904862632322, 5904248381585, 5904862436319, 5904862597775, 5904862436609, 5904862528915, 5904862499949, 5904862542928\" prop-view=\"slider\"><\/shortcode>        <div\r\n            class=\"eob-pf-shortcode\"\r\n            id=\"eobpf69f2414944f89\"\r\n        >\r\n            <shortcode prop-manufacturer=\"Jenny Fairy\" prop-load-num=\"12\" prop-display-num=\"4\" prop-sku=\"5904862537153, 5904862632100, 5904862632322, 5904248381585, 5904862436319, 5904862597775, 5904862436609, 5904862528915, 5904862499949, 5904862542928\" prop-view=\"slider\"><\/shortcode>        <\/div>\r\n\t\t<script>\r\n\t\t\tjQuery(document).ready(() => {\r\n\t\t\t    const root = document.getElementById('eobpf69f2414944f89');\r\n                Vue.createApp({\r\n\t                components: {\r\n\t                    shortcode\r\n\t                }\r\n                }).mount(root);\r\n\t\t\t});\r\n\t\t<\/script>\r\n\t\t\r\n\t\t\n\n\n\n<p><\/p>\n\n\n\n<h2 class=\"wp-block-heading\">Nov\u00e1 kolekce Jenny Fairy x Emily Ratajkowski<\/h2>\n\n\n\n<p>Emily Ratajkowski nen\u00ed t\u0159eba v\u011bt\u0161in\u011b lid\u00ed p\u0159edstavovat. Topmodelka, here\u010dka, autorka bestselleru Moje t\u011blo a v sou\u010dasnosti autorka podcastu High Low. Na Instagramu ji sleduje t\u00e9m\u011b\u0159 30 milion\u016f lid\u00ed. Svou popularitu vyu\u017e\u00edv\u00e1 stejnou m\u011brou k aktivismu a boji proti objektivizaci a za pr\u00e1va \u017een. Jak napov\u00edd\u00e1 jej\u00ed p\u0159\u00edjmen\u00ed, m\u00e1 polsk\u00e9 ko\u0159eny. Narodila se v\u0161ak v Lond\u00fdn\u011b a vyr\u016fstala v Kalifornii v USA. Mo\u017en\u00e1 si ji pamatujete tak\u00e9 z nechvaln\u011b proslul\u00e9ho videoklipu Blurred Lines, jeho\u017e autorem je Robin Thicke. A v\u00edte, co je\u0161t\u011b? V sou\u010dasn\u00e9 dob\u011b je tak\u00e9 na\u0161\u00ed novou d\u00edvkou Jenny Fairy! Obdivovat ji m\u016f\u017eete v nejnov\u011bj\u0161\u00ed kampani, v n\u00ed\u017e p\u0159edv\u00e1d\u00ed pa\u0159\u00ed\u017eskou eleganci, ve zna\u010dce Jenny Fairy.<\/p>\n\n\n\n<figure class=\"wp-block-gallery has-nested-images columns-default is-cropped wp-block-gallery-2 is-layout-flex wp-block-gallery-is-layout-flex\">\n<figure class=\"wp-block-image size-large\"><img loading=\"lazy\" decoding=\"async\" width=\"1024\" height=\"683\" data-id=\"5738\" src=\"https:\/\/blog.ccc.eu\/cz\/wp-content\/uploads\/2023\/03\/Jenny_Fairy_-_SS_2023_6-1024x683.jpg\" alt=\"\" class=\"wp-image-5738\" srcset=\"https:\/\/blog.ccc.eu\/cz\/wp-content\/uploads\/2023\/03\/Jenny_Fairy_-_SS_2023_6-1024x683.jpg 1024w, https:\/\/blog.ccc.eu\/cz\/wp-content\/uploads\/2023\/03\/Jenny_Fairy_-_SS_2023_6-300x200.jpg 300w, https:\/\/blog.ccc.eu\/cz\/wp-content\/uploads\/2023\/03\/Jenny_Fairy_-_SS_2023_6-768x512.jpg 768w, https:\/\/blog.ccc.eu\/cz\/wp-content\/uploads\/2023\/03\/Jenny_Fairy_-_SS_2023_6-100x67.jpg 100w, https:\/\/blog.ccc.eu\/cz\/wp-content\/uploads\/2023\/03\/Jenny_Fairy_-_SS_2023_6.jpg 1500w\" sizes=\"auto, (max-width: 1024px) 100vw, 1024px\" \/><\/figure>\n<\/figure>\n\n\n\n<h2 class=\"wp-block-heading\">Co objev\u00edte v nejnov\u011bj\u0161\u00ed kolekci?<\/h2>\n\n\n\n<p>Nov\u00e1 kolekce Jenny Fairy pro jaro a l\u00e9to 2023 evokuje kr\u00e1su 60. let a pa\u0159\u00ed\u017eskou estetiku. Z\u00e1rove\u0148 ji kombinuje se sou\u010dasn\u00fdmi trendy. Nep\u0159ehl\u00e9dn\u011bte ikonick\u00e9 baler\u00edny, kter\u00e9 se po m\u00edrn\u00e9 pauze vracej\u00ed do m\u00f3dy. Jsou d\u00edv\u010d\u00ed, elegantn\u00ed, a p\u0159itom velmi trendy. P\u0159ipom\u00ednaj\u00ed vintage boty ve stylu Mary Jane. \u010cern\u00e9, ploch\u00e9 a s ikonickou p\u0159ezkou. V kolekci v\u0161ak nenajdete jen baler\u00edny! Na sv\u00e9 si p\u0159ijdou i milovnice sportovn\u00ed obuvi a milovnice obrovsk\u00fdch platforem.&nbsp;<\/p>\n\n\n\n<p>Krom\u011b aktu\u00e1ln\u011b velmi m\u00f3dn\u00edch baler\u00ednek m\u016f\u017eete b\u011bhem jara chodit i v nad\u010dasov\u00fdch b\u00edl\u00fdch tenisk\u00e1ch. S n\u011bkolika centimetry nav\u00edc \u2013 na opravdu vysok\u00e9 platform\u011b. V kolekci najdete tak\u00e9 kr\u00e1sn\u00e9 mokas\u00edny v pastelov\u00fdch barv\u00e1ch. Pro milovnice minimalismu m\u00e1me mokas\u00edny a tenisky v jedn\u00e9 barv\u011b, bez zbyte\u010dn\u00fdch aplikac\u00ed nav\u00edc.<\/p>\n\n\n\n<p>Za pozornost stoj\u00ed tak\u00e9 roztomil\u00e9 kabelky! Jsou drobn\u00e9, velmi roztomil\u00e9 a elegantn\u00ed. Jsou ide\u00e1ln\u00ed pro nejnov\u011bj\u0161\u00ed jarn\u00ed sez\u00f3nu. Jsou modern\u00ed, s n\u00e1dechem retra. V kolekci objev\u00edte jednoduchou a malou \u010dernou kabelku, zdobenou v\u00fdrazn\u00fdmi perlami. Nep\u0159ehl\u00e9dnete ani pastelov\u011b fialovou kabelku s leskl\u00fdmi zlat\u00fdmi p\u0159ezkami a minimalistickou \u010dernob\u00edlou kabelku.<\/p>\n\n\n\n<figure class=\"wp-block-gallery has-nested-images columns-default is-cropped wp-block-gallery-3 is-layout-flex wp-block-gallery-is-layout-flex\">\n<figure class=\"wp-block-image size-large\"><img loading=\"lazy\" decoding=\"async\" width=\"1024\" height=\"683\" data-id=\"5739\" src=\"https:\/\/blog.ccc.eu\/cz\/wp-content\/uploads\/2023\/03\/Jenny_Fairy_-_SS_2023_4-1024x683.jpg\" alt=\"\" class=\"wp-image-5739\" srcset=\"https:\/\/blog.ccc.eu\/cz\/wp-content\/uploads\/2023\/03\/Jenny_Fairy_-_SS_2023_4-1024x683.jpg 1024w, https:\/\/blog.ccc.eu\/cz\/wp-content\/uploads\/2023\/03\/Jenny_Fairy_-_SS_2023_4-300x200.jpg 300w, https:\/\/blog.ccc.eu\/cz\/wp-content\/uploads\/2023\/03\/Jenny_Fairy_-_SS_2023_4-768x512.jpg 768w, https:\/\/blog.ccc.eu\/cz\/wp-content\/uploads\/2023\/03\/Jenny_Fairy_-_SS_2023_4-100x67.jpg 100w, https:\/\/blog.ccc.eu\/cz\/wp-content\/uploads\/2023\/03\/Jenny_Fairy_-_SS_2023_4.jpg 1500w\" sizes=\"auto, (max-width: 1024px) 100vw, 1024px\" \/><\/figure>\n<\/figure>\n\n\n\n<h2 class=\"wp-block-heading\">Nov\u00e1 sez\u00f3na jaro-l\u00e9to 2023 s Jenny Fairy<\/h2>\n\n\n\n<p>Zna\u010dka Jenny Fairy je dob\u0159e zn\u00e1m\u00e1 pro sv\u00e9 porozum\u011bn\u00ed sou\u010dasn\u00e9 m\u00f3d\u011b, sleduje nejnov\u011bj\u0161\u00ed trendy a za\u010dle\u0148uje je do sv\u00fdch kolekc\u00ed. Zaj\u00edm\u00e1 v\u00e1s, jak stylizovat nejnov\u011bj\u0161\u00ed kolekci? Inspirujte se Emily Ratajkowski. Jednobarevn\u00e9 d\u00edv\u010d\u00ed \u0161aty \u00e1\u010dkov\u00e9ho st\u0159ihu dopl\u0148te pun\u010dochami, baler\u00ednami a malou kabelkou ve tvaru bagety. Outfit ide\u00e1ln\u00ed na jarn\u00ed proch\u00e1zku nebo ve\u010dern\u00ed rande!&nbsp;<\/p>\n\n\n\n<p>Pro sportovn\u011bj\u0161\u00ed vzhled zkombinujte \u010dern\u00e9 kalhoty, crop top s ko\u017ee\u0161inou a tenisky na vysok\u00e9 platform\u011b. Dopl\u0148ky m\u016f\u017eete op\u011bt doplnit mini a rozko\u0161nou kabelkou! Tentokr\u00e1t v \u010dern\u00e9 barv\u011b s b\u00edl\u00fdmi detaily. Na sv\u00e9 si p\u0159ijdou i romantick\u00e9 du\u0161e. Kr\u00e1tk\u00e9 \u0161aty nebo sukn\u011b v pastelov\u00fdch odst\u00ednech sla\u010fte s podobn\u011b barevn\u00fdmi mokas\u00edny a kabelkami z nejnov\u011bj\u0161\u00ed kolekce. Praktick\u00e9 tenisky a mokas\u00edny m\u016f\u017eete kombinovat tak\u00e9 s mini \u0161aty.<\/p>\n\n\n\n<figure class=\"wp-block-embed\"><div class=\"wp-block-embed__wrapper\">\n    <blockquote class=\"instagram-media\" data-instgrm-permalink=\"https:\/\/www.instagram.com\/p\/CpaVciaIwsM\/\" data-instgrm-version=\"12\"\n                style=\" background:#FFF; border:0; border-radius:3px; box-shadow:0 0 1px 0 rgba(0,0,0,0.5),0 1px 10px 0 rgba(0,0,0,0.15); margin: 1px; max-width:540px; min-width:326px; padding:0; width:99.375%; width:-webkit-calc(100% - 2px); width:calc(100% - 2px);\">\n        <div style=\"padding:16px;\"><a href=\"https:\/\/www.instagram.com\/p\/CpaVciaIwsM\/\"\n                                      style=\" background:#FFFFFF; line-height:0; padding:0 0; text-align:center; text-decoration:none; width:100%;\"\n                                      target=\"_blank\">\n                <div style=\" display: flex; flex-direction: row; align-items: center;\">\n                    <div\n                        style=\"background-color: #F4F4F4; border-radius: 50%; flex-grow: 0; height: 40px; margin-right: 14px; width: 40px;\"><\/div>\n                    <div style=\"display: flex; flex-direction: column; flex-grow: 1; justify-content: center;\">\n                        <div\n                            style=\" background-color: #F4F4F4; border-radius: 4px; flex-grow: 0; height: 14px; margin-bottom: 6px; width: 100px;\"><\/div>\n                        <div\n                            style=\" background-color: #F4F4F4; border-radius: 4px; flex-grow: 0; height: 14px; width: 60px;\"><\/div>\n                    <\/div>\n                <\/div>\n                <div style=\"padding: 19% 0;\"><\/div>\n                <div style=\"display:block; height:50px; margin:0 auto 12px; width:50px;\">\n                    <svg width=\"50px\" height=\"50px\" viewBox=\"0 0 60 60\" version=\"1.1\"\n                         xmlns=\"https:\/\/www.w3.org\/2000\/svg\">\n                        <g stroke=\"none\" stroke-width=\"1\" fill=\"none\" fill-rule=\"evenodd\">\n                            <g transform=\"translate(-511.000000, -20.000000)\" fill=\"#000000\">\n                                <g>\n                                    <path\n                                        d=\"M556.869,30.41 C554.814,30.41 553.148,32.076 553.148,34.131 C553.148,36.186 554.814,37.852 556.869,37.852 C558.924,37.852 560.59,36.186 560.59,34.131 C560.59,32.076 558.924,30.41 556.869,30.41 M541,60.657 C535.114,60.657 530.342,55.887 530.342,50 C530.342,44.114 535.114,39.342 541,39.342 C546.887,39.342 551.658,44.114 551.658,50 C551.658,55.887 546.887,60.657 541,60.657 M541,33.886 C532.1,33.886 524.886,41.1 524.886,50 C524.886,58.899 532.1,66.113 541,66.113 C549.9,66.113 557.115,58.899 557.115,50 C557.115,41.1 549.9,33.886 541,33.886 M565.378,62.101 C565.244,65.022 564.756,66.606 564.346,67.663 C563.803,69.06 563.154,70.057 562.106,71.106 C561.058,72.155 560.06,72.803 558.662,73.347 C557.607,73.757 556.021,74.244 553.102,74.378 C549.944,74.521 548.997,74.552 541,74.552 C533.003,74.552 532.056,74.521 528.898,74.378 C525.979,74.244 524.393,73.757 523.338,73.347 C521.94,72.803 520.942,72.155 519.894,71.106 C518.846,70.057 518.197,69.06 517.654,67.663 C517.244,66.606 516.755,65.022 516.623,62.101 C516.479,58.943 516.448,57.996 516.448,50 C516.448,42.003 516.479,41.056 516.623,37.899 C516.755,34.978 517.244,33.391 517.654,32.338 C518.197,30.938 518.846,29.942 519.894,28.894 C520.942,27.846 521.94,27.196 523.338,26.654 C524.393,26.244 525.979,25.756 528.898,25.623 C532.057,25.479 533.004,25.448 541,25.448 C548.997,25.448 549.943,25.479 553.102,25.623 C556.021,25.756 557.607,26.244 558.662,26.654 C560.06,27.196 561.058,27.846 562.106,28.894 C563.154,29.942 563.803,30.938 564.346,32.338 C564.756,33.391 565.244,34.978 565.378,37.899 C565.522,41.056 565.552,42.003 565.552,50 C565.552,57.996 565.522,58.943 565.378,62.101 M570.82,37.631 C570.674,34.438 570.167,32.258 569.425,30.349 C568.659,28.377 567.633,26.702 565.965,25.035 C564.297,23.368 562.623,22.342 560.652,21.575 C558.743,20.834 556.562,20.326 553.369,20.18 C550.169,20.033 549.148,20 541,20 C532.853,20 531.831,20.033 528.631,20.18 C525.438,20.326 523.257,20.834 521.349,21.575 C519.376,22.342 517.703,23.368 516.035,25.035 C514.368,26.702 513.342,28.377 512.574,30.349 C511.834,32.258 511.326,34.438 511.181,37.631 C511.035,40.831 511,41.851 511,50 C511,58.147 511.035,59.17 511.181,62.369 C511.326,65.562 511.834,67.743 512.574,69.651 C513.342,71.625 514.368,73.296 516.035,74.965 C517.703,76.634 519.376,77.658 521.349,78.425 C523.257,79.167 525.438,79.673 528.631,79.82 C531.831,79.965 532.853,80.001 541,80.001 C549.148,80.001 550.169,79.965 553.369,79.82 C556.562,79.673 558.743,79.167 560.652,78.425 C562.623,77.658 564.297,76.634 565.965,74.965 C567.633,73.296 568.659,71.625 569.425,69.651 C570.167,67.743 570.674,65.562 570.82,62.369 C570.966,59.17 571,58.147 571,50 C571,41.851 570.966,40.831 570.82,37.631\"><\/path>\n                                <\/g>\n                            <\/g>\n                        <\/g>\n                    <\/svg>\n                <\/div>\n                <div style=\"padding: 12.5% 0;\"><\/div>\n                <div style=\"display: flex; flex-direction: row; margin-bottom: 14px; align-items: center;\">\n                    <div>\n                        <div\n                            style=\"background-color: #F4F4F4; border-radius: 50%; height: 12.5px; width: 12.5px; transform: translateX(0px) translateY(7px);\"><\/div>\n                        <div\n                            style=\"background-color: #F4F4F4; height: 12.5px; transform: rotate(-45deg) translateX(3px) translateY(1px); width: 12.5px; flex-grow: 0; margin-right: 14px; margin-left: 2px;\"><\/div>\n                        <div\n                            style=\"background-color: #F4F4F4; border-radius: 50%; height: 12.5px; width: 12.5px; transform: translateX(9px) translateY(-18px);\"><\/div>\n                    <\/div>\n                    <div style=\"margin-left: 8px;\">\n                        <div\n                            style=\" background-color: #F4F4F4; border-radius: 50%; flex-grow: 0; height: 20px; width: 20px;\"><\/div>\n                        <div\n                            style=\" width: 0; height: 0; border-top: 2px solid transparent; border-left: 6px solid #f4f4f4; border-bottom: 2px solid transparent; transform: translateX(16px) translateY(-4px) rotate(30deg)\"><\/div>\n                    <\/div>\n                    <div style=\"margin-left: auto;\">\n                        <div\n                            style=\" width: 0; border-top: 8px solid #F4F4F4; border-right: 8px solid transparent; transform: translateY(16px);\"><\/div>\n                        <div\n                            style=\" background-color: #F4F4F4; flex-grow: 0; height: 12px; width: 16px; transform: translateY(-4px);\"><\/div>\n                        <div\n                            style=\" width: 0; height: 0; border-top: 8px solid #F4F4F4; border-left: 8px solid transparent; transform: translateY(-4px) translateX(8px);\"><\/div>\n                    <\/div>\n                <\/div>\n                <div\n                    style=\"display: flex; flex-direction: column; flex-grow: 1; justify-content: center; margin-bottom: 24px;\">\n                    <div\n                        style=\" background-color: #F4F4F4; border-radius: 4px; flex-grow: 0; height: 14px; margin-bottom: 6px; width: 224px;\"><\/div>\n                    <div\n                        style=\" background-color: #F4F4F4; border-radius: 4px; flex-grow: 0; height: 14px; width: 144px;\"><\/div>\n                <\/div>\n            <\/a><\/div>\n    <\/blockquote>\n    <script async=\"\" src=\"\/\/www.instagram.com\/embed.js\"><\/script>\n\n    \n<\/div><\/figure>\n\n\n\n<p>Jarn\u00ed kampa\u0148 CCC vytvo\u0159ilo skv\u011bl\u00e9 duo The Morelli Brothers, Luka a Alessandro, kte\u0159\u00ed p\u016fsob\u00ed v Los Angeles. Pracovali nap\u0159\u00edklad s Kendall Jenner, Hailey Bieber, Paris Hilton nebo Gwen Stefani. P\u0159i nat\u00e1\u010den\u00ed se tak\u00e9 znovu setkali s topmodelkou Emily Ratajkowski. Tentokr\u00e1t speci\u00e1ln\u011b pro CCC!<\/p>\n\n\n\n<p>Et c&#8217;est tout, chers amis! (neboli, to je v\u0161echno, draz\u00ed p\u0159\u00e1tel\u00e9!). Nejnov\u011bj\u0161\u00ed kolekce Jenny Fairy s Emily Ratajkowski je v sou\u010dasn\u00e9 dob\u011b k dost\u00e1n\u00ed v kamenn\u00fdch obchodech CCC, na ccc.eu a v aplikaci CCC. U\u017eijte si jaro a nov\u00e9 m\u00f3dn\u00ed trendy!<\/p>\n","protected":false},"excerpt":{"rendered":"<p>C&#8217;est tr\u00e8s chic! Jak v\u00e1m zn\u00ed p\u0159edstava supermodelky Emily Ratajkowski v nenapodobiteln\u00e9m stylu 60. let v pod\u00e1n\u00ed Jenny Fairy? Oh la la la la&#8230; K tomu si p\u0159ipo\u010dt\u011bte Pa\u0159\u00ed\u017e, p\u0159ich\u00e1zej\u00edc\u00ed jaro ve vzduchu a nejnov\u011bj\u0161\u00ed m\u00f3dn\u00ed trendy. Ano, je na co se t\u011b\u0161it. Objevte novou, exkluzivn\u00ed kolekci Jenny Fairy, pro jaro-l\u00e9to 2023! Sbalte si kufry, [&hellip;]<\/p>\n","protected":false},"author":12,"featured_media":5739,"comment_status":"open","ping_status":"open","sticky":false,"template":"","format":"standard","meta":{"_acf_changed":false,"footnotes":""},"categories":[432,6],"tags":[844,837,418,728,843,568],"class_list":["post-5736","post","type-post","status-publish","format-standard","has-post-thumbnail","hentry","category-novinky","category-trendy","tag-baleriny-2","tag-emily-ratajkowski","tag-jenny-fairy","tag-kabelky","tag-nova-kampan","tag-tenisky"],"acf":[],"yoast_head":"<!-- This site is optimized with the Yoast SEO plugin v26.9 - https:\/\/yoast.com\/product\/yoast-seo-wordpress\/ -->\n<title>Nejnov\u011bj\u0161\u00ed kolekce CCC x Jenny Fairy: v hlavn\u00ed roli Emily Ratajkowski! - blog.ccc.eu\/cz<\/title>\n<meta name=\"description\" content=\"Jak se v\u00e1m l\u00edb\u00ed p\u0159edstava supermodelky Emily Ratajkowski v nenapodobiteln\u00e9m stylu 60. let v pod\u00e1n\u00ed Jenny Fairy? C&#039;est tr\u00e8s chic! 2026\" \/>\n<meta name=\"robots\" content=\"index, follow, max-snippet:-1, max-image-preview:large, max-video-preview:-1\" \/>\n<link rel=\"canonical\" href=\"https:\/\/blog.ccc.eu\/cz\/nejnovejsi-kolekce-ccc-x-jenny-fairy-v-hlavni-roli-emily-ratajkowski\/\" \/>\n<meta property=\"og:locale\" content=\"cs_CZ\" \/>\n<meta property=\"og:type\" content=\"article\" \/>\n<meta property=\"og:title\" content=\"Nejnov\u011bj\u0161\u00ed kolekce CCC x Jenny Fairy: v hlavn\u00ed roli Emily Ratajkowski! - blog.ccc.eu\/cz\" \/>\n<meta property=\"og:description\" content=\"Jak se v\u00e1m l\u00edb\u00ed p\u0159edstava supermodelky Emily Ratajkowski v nenapodobiteln\u00e9m stylu 60. let v pod\u00e1n\u00ed Jenny Fairy? C&#039;est tr\u00e8s chic!\" \/>\n<meta property=\"og:url\" content=\"https:\/\/blog.ccc.eu\/cz\/nejnovejsi-kolekce-ccc-x-jenny-fairy-v-hlavni-roli-emily-ratajkowski\/\" \/>\n<meta property=\"og:site_name\" content=\"blog.ccc.eu\/cz\" \/>\n<meta property=\"article:published_time\" content=\"2023-03-07T12:33:08+00:00\" \/>\n<meta property=\"og:image\" content=\"https:\/\/blog.ccc.eu\/cz\/wp-content\/uploads\/2023\/03\/Jenny_Fairy_-_SS_2023_4.jpg\" \/>\n\t<meta property=\"og:image:width\" content=\"1500\" \/>\n\t<meta property=\"og:image:height\" content=\"1000\" \/>\n\t<meta property=\"og:image:type\" content=\"image\/jpeg\" \/>\n<meta name=\"author\" content=\"Lena\" \/>\n<meta name=\"twitter:card\" content=\"summary_large_image\" \/>\n<meta name=\"twitter:label1\" content=\"Napsal(a)\" \/>\n\t<meta name=\"twitter:data1\" content=\"Lena\" \/>\n\t<meta name=\"twitter:label2\" content=\"Odhadovan\u00e1 doba \u010dten\u00ed\" \/>\n\t<meta name=\"twitter:data2\" content=\"5 minut\" \/>\n<script type=\"application\/ld+json\" class=\"yoast-schema-graph\">{\"@context\":\"https:\/\/schema.org\",\"@graph\":[{\"@type\":\"Article\",\"@id\":\"https:\/\/blog.ccc.eu\/cz\/nejnovejsi-kolekce-ccc-x-jenny-fairy-v-hlavni-roli-emily-ratajkowski\/#article\",\"isPartOf\":{\"@id\":\"https:\/\/blog.ccc.eu\/cz\/nejnovejsi-kolekce-ccc-x-jenny-fairy-v-hlavni-roli-emily-ratajkowski\/\"},\"author\":{\"name\":\"Lena\",\"@id\":\"https:\/\/blog.ccc.eu\/cz\/#\/schema\/person\/6d50a49f9c84d32a489180be7a29155d\"},\"headline\":\"Nejnov\u011bj\u0161\u00ed kolekce CCC x Jenny Fairy: v hlavn\u00ed roli Emily Ratajkowski!\",\"datePublished\":\"2023-03-07T12:33:08+00:00\",\"mainEntityOfPage\":{\"@id\":\"https:\/\/blog.ccc.eu\/cz\/nejnovejsi-kolekce-ccc-x-jenny-fairy-v-hlavni-roli-emily-ratajkowski\/\"},\"wordCount\":861,\"commentCount\":0,\"publisher\":{\"@id\":\"https:\/\/blog.ccc.eu\/cz\/#organization\"},\"image\":{\"@id\":\"https:\/\/blog.ccc.eu\/cz\/nejnovejsi-kolekce-ccc-x-jenny-fairy-v-hlavni-roli-emily-ratajkowski\/#primaryimage\"},\"thumbnailUrl\":\"https:\/\/blog.ccc.eu\/cz\/wp-content\/uploads\/2023\/03\/Jenny_Fairy_-_SS_2023_4.jpg\",\"keywords\":[\"baler\u00edny\",\"Emily Ratajkowski\",\"Jenny Fairy\",\"kabelky\",\"nov\u00e1 kampa\u0148\",\"Tenisky\"],\"articleSection\":[\"NOVINKY\",\"TRENDY\"],\"inLanguage\":\"cs\",\"potentialAction\":[{\"@type\":\"CommentAction\",\"name\":\"Comment\",\"target\":[\"https:\/\/blog.ccc.eu\/cz\/nejnovejsi-kolekce-ccc-x-jenny-fairy-v-hlavni-roli-emily-ratajkowski\/#respond\"]}]},{\"@type\":\"WebPage\",\"@id\":\"https:\/\/blog.ccc.eu\/cz\/nejnovejsi-kolekce-ccc-x-jenny-fairy-v-hlavni-roli-emily-ratajkowski\/\",\"url\":\"https:\/\/blog.ccc.eu\/cz\/nejnovejsi-kolekce-ccc-x-jenny-fairy-v-hlavni-roli-emily-ratajkowski\/\",\"name\":\"Nejnov\u011bj\u0161\u00ed kolekce CCC x Jenny Fairy: v hlavn\u00ed roli Emily Ratajkowski! - blog.ccc.eu\/cz\",\"isPartOf\":{\"@id\":\"https:\/\/blog.ccc.eu\/cz\/#website\"},\"primaryImageOfPage\":{\"@id\":\"https:\/\/blog.ccc.eu\/cz\/nejnovejsi-kolekce-ccc-x-jenny-fairy-v-hlavni-roli-emily-ratajkowski\/#primaryimage\"},\"image\":{\"@id\":\"https:\/\/blog.ccc.eu\/cz\/nejnovejsi-kolekce-ccc-x-jenny-fairy-v-hlavni-roli-emily-ratajkowski\/#primaryimage\"},\"thumbnailUrl\":\"https:\/\/blog.ccc.eu\/cz\/wp-content\/uploads\/2023\/03\/Jenny_Fairy_-_SS_2023_4.jpg\",\"datePublished\":\"2023-03-07T12:33:08+00:00\",\"description\":\"Jak se v\u00e1m l\u00edb\u00ed p\u0159edstava supermodelky Emily Ratajkowski v nenapodobiteln\u00e9m stylu 60. let v pod\u00e1n\u00ed Jenny Fairy? C'est tr\u00e8s chic!\",\"breadcrumb\":{\"@id\":\"https:\/\/blog.ccc.eu\/cz\/nejnovejsi-kolekce-ccc-x-jenny-fairy-v-hlavni-roli-emily-ratajkowski\/#breadcrumb\"},\"inLanguage\":\"cs\",\"potentialAction\":[{\"@type\":\"ReadAction\",\"target\":[\"https:\/\/blog.ccc.eu\/cz\/nejnovejsi-kolekce-ccc-x-jenny-fairy-v-hlavni-roli-emily-ratajkowski\/\"]}]},{\"@type\":\"ImageObject\",\"inLanguage\":\"cs\",\"@id\":\"https:\/\/blog.ccc.eu\/cz\/nejnovejsi-kolekce-ccc-x-jenny-fairy-v-hlavni-roli-emily-ratajkowski\/#primaryimage\",\"url\":\"https:\/\/blog.ccc.eu\/cz\/wp-content\/uploads\/2023\/03\/Jenny_Fairy_-_SS_2023_4.jpg\",\"contentUrl\":\"https:\/\/blog.ccc.eu\/cz\/wp-content\/uploads\/2023\/03\/Jenny_Fairy_-_SS_2023_4.jpg\",\"width\":1500,\"height\":1000,\"caption\":\"Emily Ratajkowski CCC\"},{\"@type\":\"BreadcrumbList\",\"@id\":\"https:\/\/blog.ccc.eu\/cz\/nejnovejsi-kolekce-ccc-x-jenny-fairy-v-hlavni-roli-emily-ratajkowski\/#breadcrumb\",\"itemListElement\":[{\"@type\":\"ListItem\",\"position\":1,\"name\":\"Strona g\u0142\u00f3wna\",\"item\":\"https:\/\/blog.ccc.eu\/cz\/\"},{\"@type\":\"ListItem\",\"position\":2,\"name\":\"Nejnov\u011bj\u0161\u00ed kolekce CCC x Jenny Fairy: v hlavn\u00ed roli Emily Ratajkowski!\"}]},{\"@type\":\"WebSite\",\"@id\":\"https:\/\/blog.ccc.eu\/cz\/#website\",\"url\":\"https:\/\/blog.ccc.eu\/cz\/\",\"name\":\"blog.ccc.eu\/cz\",\"description\":\"Va\u0161e m\u00edsto pln\u00e9 m\u00f3dn\u00edch inspirac\u00ed\",\"publisher\":{\"@id\":\"https:\/\/blog.ccc.eu\/cz\/#organization\"},\"potentialAction\":[{\"@type\":\"SearchAction\",\"target\":{\"@type\":\"EntryPoint\",\"urlTemplate\":\"https:\/\/blog.ccc.eu\/cz\/?s={search_term_string}\"},\"query-input\":{\"@type\":\"PropertyValueSpecification\",\"valueRequired\":true,\"valueName\":\"search_term_string\"}}],\"inLanguage\":\"cs\"},{\"@type\":\"Organization\",\"@id\":\"https:\/\/blog.ccc.eu\/cz\/#organization\",\"name\":\"CCC S.A.\",\"url\":\"https:\/\/blog.ccc.eu\/cz\/\",\"logo\":{\"@type\":\"ImageObject\",\"inLanguage\":\"cs\",\"@id\":\"https:\/\/blog.ccc.eu\/cz\/#\/schema\/logo\/image\/\",\"url\":\"https:\/\/blog.ccc.eu\/cz\/wp-content\/uploads\/2021\/11\/logo_ccc.png\",\"contentUrl\":\"https:\/\/blog.ccc.eu\/cz\/wp-content\/uploads\/2021\/11\/logo_ccc.png\",\"width\":730,\"height\":270,\"caption\":\"CCC S.A.\"},\"image\":{\"@id\":\"https:\/\/blog.ccc.eu\/cz\/#\/schema\/logo\/image\/\"}},{\"@type\":\"Person\",\"@id\":\"https:\/\/blog.ccc.eu\/cz\/#\/schema\/person\/6d50a49f9c84d32a489180be7a29155d\",\"name\":\"Lena\",\"image\":{\"@type\":\"ImageObject\",\"inLanguage\":\"cs\",\"@id\":\"https:\/\/blog.ccc.eu\/cz\/#\/schema\/person\/image\/\",\"url\":\"https:\/\/blog.ccc.eu\/cz\/wp-content\/uploads\/2022\/06\/MicrosoftTeams-image-2-100x100.jpg\",\"contentUrl\":\"https:\/\/blog.ccc.eu\/cz\/wp-content\/uploads\/2022\/06\/MicrosoftTeams-image-2-100x100.jpg\",\"caption\":\"Lena\"},\"description\":\"Absolventka digit\u00e1ln\u00edho marketingu se zku\u0161enostmi s obsahov\u00fdm marketingem a (velmi p\u0159ekvapiv\u011b) copywritingem. Ve voln\u00e9m \u010dase r\u00e1da nos\u00ed platformy a sna\u017e\u00ed se vyva\u017eovat n\u00e1kupy ve fast-fashion \u0159et\u011bzc\u00edch, swapov\u00e1n\u00edm.\",\"url\":\"https:\/\/blog.ccc.eu\/cz\/author\/katarzyna-kostygin\/\"}]}<\/script>\n<!-- \/ Yoast SEO plugin. -->","yoast_head_json":{"title":"Nejnov\u011bj\u0161\u00ed kolekce CCC x Jenny Fairy: v hlavn\u00ed roli Emily Ratajkowski! - blog.ccc.eu\/cz","description":"Jak se v\u00e1m l\u00edb\u00ed p\u0159edstava supermodelky Emily Ratajkowski v nenapodobiteln\u00e9m stylu 60. let v pod\u00e1n\u00ed Jenny Fairy? C'est tr\u00e8s chic! 2026","robots":{"index":"index","follow":"follow","max-snippet":"max-snippet:-1","max-image-preview":"max-image-preview:large","max-video-preview":"max-video-preview:-1"},"canonical":"https:\/\/blog.ccc.eu\/cz\/nejnovejsi-kolekce-ccc-x-jenny-fairy-v-hlavni-roli-emily-ratajkowski\/","og_locale":"cs_CZ","og_type":"article","og_title":"Nejnov\u011bj\u0161\u00ed kolekce CCC x Jenny Fairy: v hlavn\u00ed roli Emily Ratajkowski! - blog.ccc.eu\/cz","og_description":"Jak se v\u00e1m l\u00edb\u00ed p\u0159edstava supermodelky Emily Ratajkowski v nenapodobiteln\u00e9m stylu 60. let v pod\u00e1n\u00ed Jenny Fairy? C'est tr\u00e8s chic!","og_url":"https:\/\/blog.ccc.eu\/cz\/nejnovejsi-kolekce-ccc-x-jenny-fairy-v-hlavni-roli-emily-ratajkowski\/","og_site_name":"blog.ccc.eu\/cz","article_published_time":"2023-03-07T12:33:08+00:00","og_image":[{"width":1500,"height":1000,"url":"https:\/\/blog.ccc.eu\/cz\/wp-content\/uploads\/2023\/03\/Jenny_Fairy_-_SS_2023_4.jpg","type":"image\/jpeg"}],"author":"Lena","twitter_card":"summary_large_image","twitter_misc":{"Napsal(a)":"Lena","Odhadovan\u00e1 doba \u010dten\u00ed":"5 minut"},"schema":{"@context":"https:\/\/schema.org","@graph":[{"@type":"Article","@id":"https:\/\/blog.ccc.eu\/cz\/nejnovejsi-kolekce-ccc-x-jenny-fairy-v-hlavni-roli-emily-ratajkowski\/#article","isPartOf":{"@id":"https:\/\/blog.ccc.eu\/cz\/nejnovejsi-kolekce-ccc-x-jenny-fairy-v-hlavni-roli-emily-ratajkowski\/"},"author":{"name":"Lena","@id":"https:\/\/blog.ccc.eu\/cz\/#\/schema\/person\/6d50a49f9c84d32a489180be7a29155d"},"headline":"Nejnov\u011bj\u0161\u00ed kolekce CCC x Jenny Fairy: v hlavn\u00ed roli Emily Ratajkowski!","datePublished":"2023-03-07T12:33:08+00:00","mainEntityOfPage":{"@id":"https:\/\/blog.ccc.eu\/cz\/nejnovejsi-kolekce-ccc-x-jenny-fairy-v-hlavni-roli-emily-ratajkowski\/"},"wordCount":861,"commentCount":0,"publisher":{"@id":"https:\/\/blog.ccc.eu\/cz\/#organization"},"image":{"@id":"https:\/\/blog.ccc.eu\/cz\/nejnovejsi-kolekce-ccc-x-jenny-fairy-v-hlavni-roli-emily-ratajkowski\/#primaryimage"},"thumbnailUrl":"https:\/\/blog.ccc.eu\/cz\/wp-content\/uploads\/2023\/03\/Jenny_Fairy_-_SS_2023_4.jpg","keywords":["baler\u00edny","Emily Ratajkowski","Jenny Fairy","kabelky","nov\u00e1 kampa\u0148","Tenisky"],"articleSection":["NOVINKY","TRENDY"],"inLanguage":"cs","potentialAction":[{"@type":"CommentAction","name":"Comment","target":["https:\/\/blog.ccc.eu\/cz\/nejnovejsi-kolekce-ccc-x-jenny-fairy-v-hlavni-roli-emily-ratajkowski\/#respond"]}]},{"@type":"WebPage","@id":"https:\/\/blog.ccc.eu\/cz\/nejnovejsi-kolekce-ccc-x-jenny-fairy-v-hlavni-roli-emily-ratajkowski\/","url":"https:\/\/blog.ccc.eu\/cz\/nejnovejsi-kolekce-ccc-x-jenny-fairy-v-hlavni-roli-emily-ratajkowski\/","name":"Nejnov\u011bj\u0161\u00ed kolekce CCC x Jenny Fairy: v hlavn\u00ed roli Emily Ratajkowski! - blog.ccc.eu\/cz","isPartOf":{"@id":"https:\/\/blog.ccc.eu\/cz\/#website"},"primaryImageOfPage":{"@id":"https:\/\/blog.ccc.eu\/cz\/nejnovejsi-kolekce-ccc-x-jenny-fairy-v-hlavni-roli-emily-ratajkowski\/#primaryimage"},"image":{"@id":"https:\/\/blog.ccc.eu\/cz\/nejnovejsi-kolekce-ccc-x-jenny-fairy-v-hlavni-roli-emily-ratajkowski\/#primaryimage"},"thumbnailUrl":"https:\/\/blog.ccc.eu\/cz\/wp-content\/uploads\/2023\/03\/Jenny_Fairy_-_SS_2023_4.jpg","datePublished":"2023-03-07T12:33:08+00:00","description":"Jak se v\u00e1m l\u00edb\u00ed p\u0159edstava supermodelky Emily Ratajkowski v nenapodobiteln\u00e9m stylu 60. let v pod\u00e1n\u00ed Jenny Fairy? C'est tr\u00e8s chic!","breadcrumb":{"@id":"https:\/\/blog.ccc.eu\/cz\/nejnovejsi-kolekce-ccc-x-jenny-fairy-v-hlavni-roli-emily-ratajkowski\/#breadcrumb"},"inLanguage":"cs","potentialAction":[{"@type":"ReadAction","target":["https:\/\/blog.ccc.eu\/cz\/nejnovejsi-kolekce-ccc-x-jenny-fairy-v-hlavni-roli-emily-ratajkowski\/"]}]},{"@type":"ImageObject","inLanguage":"cs","@id":"https:\/\/blog.ccc.eu\/cz\/nejnovejsi-kolekce-ccc-x-jenny-fairy-v-hlavni-roli-emily-ratajkowski\/#primaryimage","url":"https:\/\/blog.ccc.eu\/cz\/wp-content\/uploads\/2023\/03\/Jenny_Fairy_-_SS_2023_4.jpg","contentUrl":"https:\/\/blog.ccc.eu\/cz\/wp-content\/uploads\/2023\/03\/Jenny_Fairy_-_SS_2023_4.jpg","width":1500,"height":1000,"caption":"Emily Ratajkowski CCC"},{"@type":"BreadcrumbList","@id":"https:\/\/blog.ccc.eu\/cz\/nejnovejsi-kolekce-ccc-x-jenny-fairy-v-hlavni-roli-emily-ratajkowski\/#breadcrumb","itemListElement":[{"@type":"ListItem","position":1,"name":"Strona g\u0142\u00f3wna","item":"https:\/\/blog.ccc.eu\/cz\/"},{"@type":"ListItem","position":2,"name":"Nejnov\u011bj\u0161\u00ed kolekce CCC x Jenny Fairy: v hlavn\u00ed roli Emily Ratajkowski!"}]},{"@type":"WebSite","@id":"https:\/\/blog.ccc.eu\/cz\/#website","url":"https:\/\/blog.ccc.eu\/cz\/","name":"blog.ccc.eu\/cz","description":"Va\u0161e m\u00edsto pln\u00e9 m\u00f3dn\u00edch inspirac\u00ed","publisher":{"@id":"https:\/\/blog.ccc.eu\/cz\/#organization"},"potentialAction":[{"@type":"SearchAction","target":{"@type":"EntryPoint","urlTemplate":"https:\/\/blog.ccc.eu\/cz\/?s={search_term_string}"},"query-input":{"@type":"PropertyValueSpecification","valueRequired":true,"valueName":"search_term_string"}}],"inLanguage":"cs"},{"@type":"Organization","@id":"https:\/\/blog.ccc.eu\/cz\/#organization","name":"CCC S.A.","url":"https:\/\/blog.ccc.eu\/cz\/","logo":{"@type":"ImageObject","inLanguage":"cs","@id":"https:\/\/blog.ccc.eu\/cz\/#\/schema\/logo\/image\/","url":"https:\/\/blog.ccc.eu\/cz\/wp-content\/uploads\/2021\/11\/logo_ccc.png","contentUrl":"https:\/\/blog.ccc.eu\/cz\/wp-content\/uploads\/2021\/11\/logo_ccc.png","width":730,"height":270,"caption":"CCC S.A."},"image":{"@id":"https:\/\/blog.ccc.eu\/cz\/#\/schema\/logo\/image\/"}},{"@type":"Person","@id":"https:\/\/blog.ccc.eu\/cz\/#\/schema\/person\/6d50a49f9c84d32a489180be7a29155d","name":"Lena","image":{"@type":"ImageObject","inLanguage":"cs","@id":"https:\/\/blog.ccc.eu\/cz\/#\/schema\/person\/image\/","url":"https:\/\/blog.ccc.eu\/cz\/wp-content\/uploads\/2022\/06\/MicrosoftTeams-image-2-100x100.jpg","contentUrl":"https:\/\/blog.ccc.eu\/cz\/wp-content\/uploads\/2022\/06\/MicrosoftTeams-image-2-100x100.jpg","caption":"Lena"},"description":"Absolventka digit\u00e1ln\u00edho marketingu se zku\u0161enostmi s obsahov\u00fdm marketingem a (velmi p\u0159ekvapiv\u011b) copywritingem. Ve voln\u00e9m \u010dase r\u00e1da nos\u00ed platformy a sna\u017e\u00ed se vyva\u017eovat n\u00e1kupy ve fast-fashion \u0159et\u011bzc\u00edch, swapov\u00e1n\u00edm.","url":"https:\/\/blog.ccc.eu\/cz\/author\/katarzyna-kostygin\/"}]}},"_links":{"self":[{"href":"https:\/\/blog.ccc.eu\/cz\/wp-json\/wp\/v2\/posts\/5736","targetHints":{"allow":["GET"]}}],"collection":[{"href":"https:\/\/blog.ccc.eu\/cz\/wp-json\/wp\/v2\/posts"}],"about":[{"href":"https:\/\/blog.ccc.eu\/cz\/wp-json\/wp\/v2\/types\/post"}],"author":[{"embeddable":true,"href":"https:\/\/blog.ccc.eu\/cz\/wp-json\/wp\/v2\/users\/12"}],"replies":[{"embeddable":true,"href":"https:\/\/blog.ccc.eu\/cz\/wp-json\/wp\/v2\/comments?post=5736"}],"version-history":[{"count":2,"href":"https:\/\/blog.ccc.eu\/cz\/wp-json\/wp\/v2\/posts\/5736\/revisions"}],"predecessor-version":[{"id":5783,"href":"https:\/\/blog.ccc.eu\/cz\/wp-json\/wp\/v2\/posts\/5736\/revisions\/5783"}],"wp:featuredmedia":[{"embeddable":true,"href":"https:\/\/blog.ccc.eu\/cz\/wp-json\/wp\/v2\/media\/5739"}],"wp:attachment":[{"href":"https:\/\/blog.ccc.eu\/cz\/wp-json\/wp\/v2\/media?parent=5736"}],"wp:term":[{"taxonomy":"category","embeddable":true,"href":"https:\/\/blog.ccc.eu\/cz\/wp-json\/wp\/v2\/categories?post=5736"},{"taxonomy":"post_tag","embeddable":true,"href":"https:\/\/blog.ccc.eu\/cz\/wp-json\/wp\/v2\/tags?post=5736"}],"curies":[{"name":"wp","href":"https:\/\/api.w.org\/{rel}","templated":true}]}}