{"id":6227,"date":"2023-09-21T12:46:55","date_gmt":"2023-09-21T10:46:55","guid":{"rendered":"https:\/\/blog.ccc.eu\/cz\/?p=6227"},"modified":"2024-07-26T11:13:04","modified_gmt":"2024-07-26T09:13:04","slug":"uzijte-si-podzimni-trendy-s-emily-ratajkowski","status":"publish","type":"post","link":"https:\/\/blog.ccc.eu\/cz\/uzijte-si-podzimni-trendy-s-emily-ratajkowski\/","title":{"rendered":"U\u017eijte si podzimn\u00ed trendy s Emily Ratajkowski\u00a0\u00a0\u00a0"},"content":{"rendered":"\n<p><strong><em>Kde najdete nejnov\u011bj\u0161\u00ed podzimn\u00ed trendy? Samoz\u0159ejm\u011b u Jenny Fairy. Na\u0161e nejstylov\u011bj\u0161\u00ed zna\u010dka pr\u00e1v\u011b p\u0159edstavila svou nejnov\u011bj\u0161\u00ed podzimn\u00ed kampa\u0148. A v hlavn\u00ed roli nen\u00ed nikdo jin\u00fd ne\u017e supermodelka Emily Ratajkowski! Mezi m\u00f3dn\u00edmi kousky najdete boty, kter\u00e9 jsou absolutn\u00edm hitem leto\u0161n\u00ed sez\u00f3ny, a kabelky navr\u017een\u00e9 v duchu t\u00e9 nejmodern\u011bj\u0161\u00ed estetiky. Emily Ratajkowski n\u00e1s op\u011bt vezme na cestu do t\u011bch nejvyt\u0159\u00edben\u011bj\u0161\u00edch m\u00f3dn\u00edch z\u00e1kout\u00ed. Hlavn\u00ed inspirac\u00ed je podzim. Zastavte se a vychutnejte si p\u0159\u00edjemnou podzimn\u00ed estetiku.<\/em><\/strong>&nbsp;<\/p>\n\n\n\n<figure class=\"wp-block-embed is-type-video is-provider-youtube wp-block-embed-youtube wp-embed-aspect-16-9 wp-has-aspect-ratio\"><div class=\"wp-block-embed__wrapper\">\n<iframe loading=\"lazy\" title=\"CCC I Jenny Fairy x Emily Ratajkowski l slot 3 l Kampania AW23\" width=\"500\" height=\"281\" src=\"https:\/\/www.youtube.com\/embed\/XvwwvLRbN1k?feature=oembed\" frameborder=\"0\" allow=\"accelerometer; autoplay; clipboard-write; encrypted-media; gyroscope; picture-in-picture; web-share\" referrerpolicy=\"strict-origin-when-cross-origin\" allowfullscreen><\/iframe>\n<\/div><\/figure>\n\n\n\n<p><\/p>\n\n\n\n<h2 class=\"wp-block-heading\">Kolekce Jenny Fairy: podzim 2023\u00a0\u00a0\u00a0<\/h2>\n\n\n\n<p>Supermodelka Emily Ratajkowski, kterou asi nen\u00ed t\u0159eba p\u0159edstavovat, se v kampani Jenny Fairy objevuje ji\u017e pot\u0159et\u00ed. Na za\u010d\u00e1tku tohoto roku n\u00e1s supermodelka vzala do Pa\u0159\u00ed\u017ee. Ohromila n\u00e1s svou jarn\u00ed kolekc\u00ed. V l\u00e9t\u011b na n\u00e1s d\u00fdchla atmosf\u00e9ra proslun\u011bn\u00e9 francouzsk\u00e9 rivi\u00e9ry v typick\u00e9 pr\u00e1zdninov\u00e9 n\u00e1lad\u011b.\u00a0<\/p>\n\n\n\n<p>V kolekci <em>podzim\/zima 23-24, <\/em>n\u00e1s Jenny Fairy vezme na dobrodru\u017enou cestu do sv\u011bta stylov\u00fdch bot a ta\u0161ek. V podzimn\u011b-zimn\u00edch modelech t\u00e9to zna\u010dky se objevuj\u00ed nejd\u016fle\u017eit\u011bj\u0161\u00ed trendy sez\u00f3ny. Je z\u0159ejm\u00e9, \u017ee aktu\u00e1ln\u00ed sez\u00f3na bude opravdu v\u00fdjime\u010dn\u00e1.<\/p>\n\n\n\n<figure class=\"wp-block-gallery has-nested-images columns-default is-cropped wp-block-gallery-1 is-layout-flex wp-block-gallery-is-layout-flex\">\n<figure class=\"wp-block-image size-large\"><a href=\"https:\/\/ccc.eu\/cz\/jenny-fairy-emily-ratajkowski\"><img loading=\"lazy\" decoding=\"async\" width=\"923\" height=\"1024\" data-id=\"6230\" src=\"https:\/\/blog.ccc.eu\/cz\/wp-content\/uploads\/2023\/09\/JF_AW23_02_0059_LBX_120dpi-923x1024.jpg\" alt=\"\" class=\"wp-image-6230\" srcset=\"https:\/\/blog.ccc.eu\/cz\/wp-content\/uploads\/2023\/09\/JF_AW23_02_0059_LBX_120dpi-923x1024.jpg 923w, https:\/\/blog.ccc.eu\/cz\/wp-content\/uploads\/2023\/09\/JF_AW23_02_0059_LBX_120dpi-271x300.jpg 271w, https:\/\/blog.ccc.eu\/cz\/wp-content\/uploads\/2023\/09\/JF_AW23_02_0059_LBX_120dpi-768x852.jpg 768w, https:\/\/blog.ccc.eu\/cz\/wp-content\/uploads\/2023\/09\/JF_AW23_02_0059_LBX_120dpi-1385x1536.jpg 1385w, https:\/\/blog.ccc.eu\/cz\/wp-content\/uploads\/2023\/09\/JF_AW23_02_0059_LBX_120dpi-100x111.jpg 100w\" sizes=\"auto, (max-width: 923px) 100vw, 923px\" \/><\/a><\/figure>\n<\/figure>\n\n\n\n<p><\/p>\n\n\n\n<h2 class=\"wp-block-heading\">Boty z nejnov\u011bj\u0161\u00ed kolekce Jenny Fairy\u00a0\u00a0\u00a0<\/h2>\n\n\n\n<p>Nejmodern\u011bj\u0161\u00ed modely a vzory, kter\u00e9 odkazuj\u00ed na minul\u00e9 dek\u00e1dy, n\u00e1m umo\u017e\u0148uj\u00ed poc\u00edtit n\u00e1dech nostalgie, ke kter\u00e9 se r\u00e1di vrac\u00edme. V nov\u00e9 kolekci zaujmou zejm\u00e9na boty s v\u00fdraznou podr\u00e1\u017ekou, kter\u00e9 jsou st\u00e1le trendy.<\/p>\n\n\n\n<p>Klasick\u00e9 mokas\u00edny v aktualizovan\u00e9m m\u00f3dn\u00edm designu budou absolutn\u00edm hitem leto\u0161n\u00edho podzimu. Za zm\u00ednku stoj\u00ed tak\u00e9 boty ve stylu Mary Jane, kter\u00e9 jsou st\u00e1le obl\u00edben\u011bj\u0161\u00ed. Kolekce zahrnuje tak\u00e9 klasick\u00e9 koza\u010dky nad kolena, kovbojsk\u00e9 boty v origin\u00e1ln\u00edch barv\u00e1ch a koza\u010dky s m\u00f3dn\u00edmi prvky.<\/p>\n\n\n\n<figure class=\"wp-block-gallery has-nested-images columns-default is-cropped wp-block-gallery-2 is-layout-flex wp-block-gallery-is-layout-flex\">\n<figure class=\"wp-block-image size-large\"><a href=\"https:\/\/ccc.eu\/cz\/jenny-fairy-emily-ratajkowski\"><img loading=\"lazy\" decoding=\"async\" width=\"1024\" height=\"683\" data-id=\"6232\" src=\"https:\/\/blog.ccc.eu\/cz\/wp-content\/uploads\/2023\/09\/JF_SS23_13_0028_LBX_600dpi-1024x683.jpg\" alt=\"\" class=\"wp-image-6232\" srcset=\"https:\/\/blog.ccc.eu\/cz\/wp-content\/uploads\/2023\/09\/JF_SS23_13_0028_LBX_600dpi-1024x683.jpg 1024w, https:\/\/blog.ccc.eu\/cz\/wp-content\/uploads\/2023\/09\/JF_SS23_13_0028_LBX_600dpi-300x200.jpg 300w, https:\/\/blog.ccc.eu\/cz\/wp-content\/uploads\/2023\/09\/JF_SS23_13_0028_LBX_600dpi-768x512.jpg 768w, https:\/\/blog.ccc.eu\/cz\/wp-content\/uploads\/2023\/09\/JF_SS23_13_0028_LBX_600dpi-1536x1024.jpg 1536w, https:\/\/blog.ccc.eu\/cz\/wp-content\/uploads\/2023\/09\/JF_SS23_13_0028_LBX_600dpi-100x67.jpg 100w\" sizes=\"auto, (max-width: 1024px) 100vw, 1024px\" \/><\/a><\/figure>\n\n\n\n<figure class=\"wp-block-image size-large\"><a href=\"https:\/\/ccc.eu\/cz\/jenny-fairy-emily-ratajkowski\"><img loading=\"lazy\" decoding=\"async\" width=\"1024\" height=\"683\" data-id=\"6233\" src=\"https:\/\/blog.ccc.eu\/cz\/wp-content\/uploads\/2023\/09\/JF_SS23_12_0036_600dpi-1024x683.jpg\" alt=\"\" class=\"wp-image-6233\" srcset=\"https:\/\/blog.ccc.eu\/cz\/wp-content\/uploads\/2023\/09\/JF_SS23_12_0036_600dpi-1024x683.jpg 1024w, https:\/\/blog.ccc.eu\/cz\/wp-content\/uploads\/2023\/09\/JF_SS23_12_0036_600dpi-300x200.jpg 300w, https:\/\/blog.ccc.eu\/cz\/wp-content\/uploads\/2023\/09\/JF_SS23_12_0036_600dpi-768x512.jpg 768w, https:\/\/blog.ccc.eu\/cz\/wp-content\/uploads\/2023\/09\/JF_SS23_12_0036_600dpi-1536x1024.jpg 1536w, https:\/\/blog.ccc.eu\/cz\/wp-content\/uploads\/2023\/09\/JF_SS23_12_0036_600dpi-100x67.jpg 100w\" sizes=\"auto, (max-width: 1024px) 100vw, 1024px\" \/><\/a><\/figure>\n<\/figure>\n\n\n\n<p><\/p>\n\n\n\n<h2 class=\"wp-block-heading\">Kabelky v nejnov\u011bj\u0161\u00ed kolekci Jenny Fairy\u00a0\u00a0\u00a0<\/h2>\n\n\n\n<p>Krom\u011b obuvi je kolekce pln\u00e1 supermodern\u00edch kabelek. Odkaz na retro styl a minulou dek\u00e1du je c\u00edtit v ka\u017ed\u00e9m designu. Dokonale navr\u017een\u00e9 kabelky n\u00e1m tento podzim ukazuj\u00ed svou v\u0161estrannost. Lakovan\u00e9 mal\u00e9 kabelky jsou ide\u00e1ln\u00ed do pr\u00e1ce, ale i na ve\u010dern\u00ed proch\u00e1zku.<\/p>\n\n\n\n<p>V\u011bt\u0161\u00ed modely, kter\u00e9 kombinuj\u00ed nad\u010dasovou klasiku a trendy, budou dokonal\u00fdmi spole\u010dn\u00edky pro ka\u017ed\u00fd podzimn\u00ed a zimn\u00ed outfit. Po\u0159\u00e1dn\u011b si prohl\u00e9dn\u011bte kabelku ve v\u00fdrazn\u00e9 kr\u00e1lovsk\u00e9 mod\u0159i se zelen\u00fdmi detaily na \u0161ir\u0161\u00edm popruhu, kter\u00e1 rozz\u00e1\u0159\u00ed ka\u017ed\u00fd outfit bez \u017eivota.<\/p>\n\n\n\n<figure class=\"wp-block-gallery has-nested-images columns-default is-cropped wp-block-gallery-3 is-layout-flex wp-block-gallery-is-layout-flex\">\n<figure class=\"wp-block-image size-large\"><a href=\"https:\/\/ccc.eu\/cz\/jenny-fairy-emily-ratajkowski\"><img loading=\"lazy\" decoding=\"async\" width=\"1024\" height=\"586\" data-id=\"6239\" src=\"https:\/\/blog.ccc.eu\/cz\/wp-content\/uploads\/2023\/09\/JF_SS23_02_0188_LBX_600dpi-1-1024x586.jpg\" alt=\"\" class=\"wp-image-6239\" srcset=\"https:\/\/blog.ccc.eu\/cz\/wp-content\/uploads\/2023\/09\/JF_SS23_02_0188_LBX_600dpi-1-1024x586.jpg 1024w, https:\/\/blog.ccc.eu\/cz\/wp-content\/uploads\/2023\/09\/JF_SS23_02_0188_LBX_600dpi-1-300x172.jpg 300w, https:\/\/blog.ccc.eu\/cz\/wp-content\/uploads\/2023\/09\/JF_SS23_02_0188_LBX_600dpi-1-768x440.jpg 768w, https:\/\/blog.ccc.eu\/cz\/wp-content\/uploads\/2023\/09\/JF_SS23_02_0188_LBX_600dpi-1-100x57.jpg 100w\" sizes=\"auto, (max-width: 1024px) 100vw, 1024px\" \/><\/a><\/figure>\n\n\n\n<figure class=\"wp-block-image size-large\"><a href=\"https:\/\/ccc.eu\/cz\/jenny-fairy-emily-ratajkowski\"><img loading=\"lazy\" decoding=\"async\" width=\"1024\" height=\"683\" data-id=\"6234\" src=\"https:\/\/blog.ccc.eu\/cz\/wp-content\/uploads\/2023\/09\/JF_SS23_02_0159_600dpi-1024x683.jpg\" alt=\"\" class=\"wp-image-6234\" srcset=\"https:\/\/blog.ccc.eu\/cz\/wp-content\/uploads\/2023\/09\/JF_SS23_02_0159_600dpi-1024x683.jpg 1024w, https:\/\/blog.ccc.eu\/cz\/wp-content\/uploads\/2023\/09\/JF_SS23_02_0159_600dpi-300x200.jpg 300w, https:\/\/blog.ccc.eu\/cz\/wp-content\/uploads\/2023\/09\/JF_SS23_02_0159_600dpi-768x512.jpg 768w, https:\/\/blog.ccc.eu\/cz\/wp-content\/uploads\/2023\/09\/JF_SS23_02_0159_600dpi-1536x1024.jpg 1536w, https:\/\/blog.ccc.eu\/cz\/wp-content\/uploads\/2023\/09\/JF_SS23_02_0159_600dpi-100x67.jpg 100w\" sizes=\"auto, (max-width: 1024px) 100vw, 1024px\" \/><\/a><\/figure>\n<\/figure>\n\n\n\n<p><\/p>\n\n\n\n<h2 class=\"wp-block-heading\">Jak nosit novou kolekci Jenny Fairy?\u00a0<\/h2>\n\n\n\n<p>Podzim je ide\u00e1ln\u00ed obdob\u00ed pro m\u00f3dn\u00ed hr\u00e1tky a nov\u00e9 trendy. Nov\u00e1 kolekce Jenny Fairy nab\u00edz\u00ed \u0159adu stylov\u00fdch kousk\u016f. Obujte si koza\u010dky Mary Jane s pun\u010dochami a kr\u00e1tkou plisovanou sukn\u00ed. Skv\u011ble se budou hodit tak\u00e9 k dlouh\u00e9 d\u017e\u00ednov\u00e9 sukni s rozparkem.<\/p>\n\n\n\n<p>Klasick\u00e9 mokas\u00edny se hod\u00ed k le\u017e\u00e9rn\u00edm i spole\u010densk\u00fdm outfit\u016fm, zat\u00edmco m\u00f3dn\u00ed kovbojsk\u00e9 boty lze kombinovat s netradi\u010dn\u00edmi a modern\u00edmi outfity. A pro ty nejklasi\u010dt\u011bj\u0161\u00ed a nejjednodu\u0161\u0161\u00ed outfity zvolte kabelky, kter\u00e9 ud\u011blaj\u00ed z ka\u017ed\u00e9ho outfitu WOW! S Jenny Fairy je \u00fasp\u011bch ka\u017ed\u00e9 va\u0161\u00ed m\u00f3dn\u00ed kreace zaru\u010den.<\/p>\n\n\n\n<p><\/p>\n\n\n\n<h2 class=\"wp-block-heading\">Nechte se ohromit novou kolekc\u00ed! <\/h2>\n\n\n\n<p>Nezapome\u0148te nav\u0161t\u00edvit na\u0161e prodejny CCC, <a href=\"https:\/\/ccc.eu\/cz\/jenny-fairy-emily-ratajkowski\">ccc.eu<\/a> a mobiln\u00ed aplikaci CCC, kde najdete celou kolekci Jenny Fairy s Emily Ratajkowski.<\/p>\n\n\n\n<figure class=\"wp-block-image size-large\"><a href=\"https:\/\/ccc.eu\/cz\/jenny-fairy-emily-ratajkowski\"><img loading=\"lazy\" decoding=\"async\" width=\"1024\" height=\"683\" src=\"https:\/\/blog.ccc.eu\/cz\/wp-content\/uploads\/2023\/09\/JF_AW23_230131_JennyFairy_0700-1-1-1024x683.jpg\" alt=\"\" class=\"wp-image-6240\" srcset=\"https:\/\/blog.ccc.eu\/cz\/wp-content\/uploads\/2023\/09\/JF_AW23_230131_JennyFairy_0700-1-1-1024x683.jpg 1024w, https:\/\/blog.ccc.eu\/cz\/wp-content\/uploads\/2023\/09\/JF_AW23_230131_JennyFairy_0700-1-1-300x200.jpg 300w, https:\/\/blog.ccc.eu\/cz\/wp-content\/uploads\/2023\/09\/JF_AW23_230131_JennyFairy_0700-1-1-768x512.jpg 768w, https:\/\/blog.ccc.eu\/cz\/wp-content\/uploads\/2023\/09\/JF_AW23_230131_JennyFairy_0700-1-1-1536x1024.jpg 1536w, https:\/\/blog.ccc.eu\/cz\/wp-content\/uploads\/2023\/09\/JF_AW23_230131_JennyFairy_0700-1-1-100x67.jpg 100w\" sizes=\"auto, (max-width: 1024px) 100vw, 1024px\" \/><\/a><\/figure>\n","protected":false},"excerpt":{"rendered":"<p>Kde najdete nejnov\u011bj\u0161\u00ed podzimn\u00ed trendy? Samoz\u0159ejm\u011b u Jenny Fairy. Na\u0161e nejstylov\u011bj\u0161\u00ed zna\u010dka pr\u00e1v\u011b p\u0159edstavila svou nejnov\u011bj\u0161\u00ed podzimn\u00ed kampa\u0148. A v hlavn\u00ed roli nen\u00ed nikdo jin\u00fd ne\u017e supermodelka Emily Ratajkowski! Mezi m\u00f3dn\u00edmi kousky najdete boty, kter\u00e9 jsou absolutn\u00edm hitem leto\u0161n\u00ed sez\u00f3ny, a kabelky navr\u017een\u00e9 v duchu t\u00e9 nejmodern\u011bj\u0161\u00ed estetiky. Emily Ratajkowski n\u00e1s op\u011bt vezme na cestu [&hellip;]<\/p>\n","protected":false},"author":12,"featured_media":6230,"comment_status":"open","ping_status":"open","sticky":false,"template":"","format":"standard","meta":{"_acf_changed":false,"footnotes":""},"categories":[4,432,894,6],"tags":[837,418,728,765,841,737],"class_list":["post-6227","post","type-post","status-publish","format-standard","has-post-thumbnail","hentry","category-modni-tipy","category-novinky","category-podzim-","category-trendy","tag-emily-ratajkowski","tag-jenny-fairy","tag-kabelky","tag-kozacky","tag-mokasiny","tag-podzim"],"acf":[],"yoast_head":"<!-- This site is optimized with the Yoast SEO plugin v26.9 - https:\/\/yoast.com\/product\/yoast-seo-wordpress\/ -->\n<title>U\u017eijte si podzimn\u00ed trendy s Emily Ratajkowski\u00a0\u00a0\u00a0 - blog.ccc.eu\/cz<\/title>\n<meta name=\"description\" content=\"Kde najdete nejnov\u011bj\u0161\u00ed podzimn\u00ed trendy? Samoz\u0159ejm\u011b u Jenny Fairy. A v hlavn\u00ed roli nen\u00ed nikdo jin\u00fd ne\u017e supermodelka Emily Ratajkowski!\u00a0 2026\" \/>\n<meta name=\"robots\" content=\"index, follow, max-snippet:-1, max-image-preview:large, max-video-preview:-1\" \/>\n<link rel=\"canonical\" href=\"https:\/\/blog.ccc.eu\/cz\/uzijte-si-podzimni-trendy-s-emily-ratajkowski\/\" \/>\n<meta property=\"og:locale\" content=\"cs_CZ\" \/>\n<meta property=\"og:type\" content=\"article\" \/>\n<meta property=\"og:title\" content=\"U\u017eijte si podzimn\u00ed trendy s Emily Ratajkowski\u00a0\u00a0\u00a0 - blog.ccc.eu\/cz\" \/>\n<meta property=\"og:description\" content=\"Kde najdete nejnov\u011bj\u0161\u00ed podzimn\u00ed trendy? Samoz\u0159ejm\u011b u Jenny Fairy. A v hlavn\u00ed roli nen\u00ed nikdo jin\u00fd ne\u017e supermodelka Emily Ratajkowski!\u00a0\" \/>\n<meta property=\"og:url\" content=\"https:\/\/blog.ccc.eu\/cz\/uzijte-si-podzimni-trendy-s-emily-ratajkowski\/\" \/>\n<meta property=\"og:site_name\" content=\"blog.ccc.eu\/cz\" \/>\n<meta property=\"article:published_time\" content=\"2023-09-21T10:46:55+00:00\" \/>\n<meta property=\"article:modified_time\" content=\"2024-07-26T09:13:04+00:00\" \/>\n<meta property=\"og:image\" content=\"https:\/\/blog.ccc.eu\/cz\/wp-content\/uploads\/2023\/09\/JF_AW23_02_0059_LBX_120dpi-scaled.jpg\" \/>\n\t<meta property=\"og:image:width\" content=\"2308\" \/>\n\t<meta property=\"og:image:height\" content=\"2560\" \/>\n\t<meta property=\"og:image:type\" content=\"image\/jpeg\" \/>\n<meta name=\"author\" content=\"Lena\" \/>\n<meta name=\"twitter:card\" content=\"summary_large_image\" \/>\n<meta name=\"twitter:label1\" content=\"Napsal(a)\" \/>\n\t<meta name=\"twitter:data1\" content=\"Lena\" \/>\n\t<meta name=\"twitter:label2\" content=\"Odhadovan\u00e1 doba \u010dten\u00ed\" \/>\n\t<meta name=\"twitter:data2\" content=\"4 minuty\" \/>\n<script type=\"application\/ld+json\" class=\"yoast-schema-graph\">{\"@context\":\"https:\/\/schema.org\",\"@graph\":[{\"@type\":\"Article\",\"@id\":\"https:\/\/blog.ccc.eu\/cz\/uzijte-si-podzimni-trendy-s-emily-ratajkowski\/#article\",\"isPartOf\":{\"@id\":\"https:\/\/blog.ccc.eu\/cz\/uzijte-si-podzimni-trendy-s-emily-ratajkowski\/\"},\"author\":{\"name\":\"Lena\",\"@id\":\"https:\/\/blog.ccc.eu\/cz\/#\/schema\/person\/6d50a49f9c84d32a489180be7a29155d\"},\"headline\":\"U\u017eijte si podzimn\u00ed trendy s Emily Ratajkowski\u00a0\u00a0\u00a0\",\"datePublished\":\"2023-09-21T10:46:55+00:00\",\"dateModified\":\"2024-07-26T09:13:04+00:00\",\"mainEntityOfPage\":{\"@id\":\"https:\/\/blog.ccc.eu\/cz\/uzijte-si-podzimni-trendy-s-emily-ratajkowski\/\"},\"wordCount\":622,\"commentCount\":0,\"publisher\":{\"@id\":\"https:\/\/blog.ccc.eu\/cz\/#organization\"},\"image\":{\"@id\":\"https:\/\/blog.ccc.eu\/cz\/uzijte-si-podzimni-trendy-s-emily-ratajkowski\/#primaryimage\"},\"thumbnailUrl\":\"https:\/\/blog.ccc.eu\/cz\/wp-content\/uploads\/2023\/09\/JF_AW23_02_0059_LBX_120dpi-scaled.jpg\",\"keywords\":[\"Emily Ratajkowski\",\"Jenny Fairy\",\"kabelky\",\"koza\u010dky\",\"mokas\u00edny\",\"podzim\"],\"articleSection\":[\"M\u00d3DN\u00cd TIPY\",\"NOVINKY\",\"PODZIM \ud83c\udf41\ud83c\udf42\",\"TRENDY\"],\"inLanguage\":\"cs\",\"potentialAction\":[{\"@type\":\"CommentAction\",\"name\":\"Comment\",\"target\":[\"https:\/\/blog.ccc.eu\/cz\/uzijte-si-podzimni-trendy-s-emily-ratajkowski\/#respond\"]}]},{\"@type\":\"WebPage\",\"@id\":\"https:\/\/blog.ccc.eu\/cz\/uzijte-si-podzimni-trendy-s-emily-ratajkowski\/\",\"url\":\"https:\/\/blog.ccc.eu\/cz\/uzijte-si-podzimni-trendy-s-emily-ratajkowski\/\",\"name\":\"U\u017eijte si podzimn\u00ed trendy s Emily Ratajkowski\u00a0\u00a0\u00a0 - blog.ccc.eu\/cz\",\"isPartOf\":{\"@id\":\"https:\/\/blog.ccc.eu\/cz\/#website\"},\"primaryImageOfPage\":{\"@id\":\"https:\/\/blog.ccc.eu\/cz\/uzijte-si-podzimni-trendy-s-emily-ratajkowski\/#primaryimage\"},\"image\":{\"@id\":\"https:\/\/blog.ccc.eu\/cz\/uzijte-si-podzimni-trendy-s-emily-ratajkowski\/#primaryimage\"},\"thumbnailUrl\":\"https:\/\/blog.ccc.eu\/cz\/wp-content\/uploads\/2023\/09\/JF_AW23_02_0059_LBX_120dpi-scaled.jpg\",\"datePublished\":\"2023-09-21T10:46:55+00:00\",\"dateModified\":\"2024-07-26T09:13:04+00:00\",\"description\":\"Kde najdete nejnov\u011bj\u0161\u00ed podzimn\u00ed trendy? Samoz\u0159ejm\u011b u Jenny Fairy. A v hlavn\u00ed roli nen\u00ed nikdo jin\u00fd ne\u017e supermodelka Emily Ratajkowski!\u00a0\",\"breadcrumb\":{\"@id\":\"https:\/\/blog.ccc.eu\/cz\/uzijte-si-podzimni-trendy-s-emily-ratajkowski\/#breadcrumb\"},\"inLanguage\":\"cs\",\"potentialAction\":[{\"@type\":\"ReadAction\",\"target\":[\"https:\/\/blog.ccc.eu\/cz\/uzijte-si-podzimni-trendy-s-emily-ratajkowski\/\"]}]},{\"@type\":\"ImageObject\",\"inLanguage\":\"cs\",\"@id\":\"https:\/\/blog.ccc.eu\/cz\/uzijte-si-podzimni-trendy-s-emily-ratajkowski\/#primaryimage\",\"url\":\"https:\/\/blog.ccc.eu\/cz\/wp-content\/uploads\/2023\/09\/JF_AW23_02_0059_LBX_120dpi-scaled.jpg\",\"contentUrl\":\"https:\/\/blog.ccc.eu\/cz\/wp-content\/uploads\/2023\/09\/JF_AW23_02_0059_LBX_120dpi-scaled.jpg\",\"width\":2308,\"height\":2560,\"caption\":\"\u010dern\u00e9 koza\u010dky\"},{\"@type\":\"BreadcrumbList\",\"@id\":\"https:\/\/blog.ccc.eu\/cz\/uzijte-si-podzimni-trendy-s-emily-ratajkowski\/#breadcrumb\",\"itemListElement\":[{\"@type\":\"ListItem\",\"position\":1,\"name\":\"Strona g\u0142\u00f3wna\",\"item\":\"https:\/\/blog.ccc.eu\/cz\/\"},{\"@type\":\"ListItem\",\"position\":2,\"name\":\"U\u017eijte si podzimn\u00ed trendy s Emily Ratajkowski\u00a0\u00a0\u00a0\"}]},{\"@type\":\"WebSite\",\"@id\":\"https:\/\/blog.ccc.eu\/cz\/#website\",\"url\":\"https:\/\/blog.ccc.eu\/cz\/\",\"name\":\"blog.ccc.eu\/cz\",\"description\":\"Va\u0161e m\u00edsto pln\u00e9 m\u00f3dn\u00edch inspirac\u00ed\",\"publisher\":{\"@id\":\"https:\/\/blog.ccc.eu\/cz\/#organization\"},\"potentialAction\":[{\"@type\":\"SearchAction\",\"target\":{\"@type\":\"EntryPoint\",\"urlTemplate\":\"https:\/\/blog.ccc.eu\/cz\/?s={search_term_string}\"},\"query-input\":{\"@type\":\"PropertyValueSpecification\",\"valueRequired\":true,\"valueName\":\"search_term_string\"}}],\"inLanguage\":\"cs\"},{\"@type\":\"Organization\",\"@id\":\"https:\/\/blog.ccc.eu\/cz\/#organization\",\"name\":\"CCC S.A.\",\"url\":\"https:\/\/blog.ccc.eu\/cz\/\",\"logo\":{\"@type\":\"ImageObject\",\"inLanguage\":\"cs\",\"@id\":\"https:\/\/blog.ccc.eu\/cz\/#\/schema\/logo\/image\/\",\"url\":\"https:\/\/blog.ccc.eu\/cz\/wp-content\/uploads\/2021\/11\/logo_ccc.png\",\"contentUrl\":\"https:\/\/blog.ccc.eu\/cz\/wp-content\/uploads\/2021\/11\/logo_ccc.png\",\"width\":730,\"height\":270,\"caption\":\"CCC S.A.\"},\"image\":{\"@id\":\"https:\/\/blog.ccc.eu\/cz\/#\/schema\/logo\/image\/\"}},{\"@type\":\"Person\",\"@id\":\"https:\/\/blog.ccc.eu\/cz\/#\/schema\/person\/6d50a49f9c84d32a489180be7a29155d\",\"name\":\"Lena\",\"image\":{\"@type\":\"ImageObject\",\"inLanguage\":\"cs\",\"@id\":\"https:\/\/blog.ccc.eu\/cz\/#\/schema\/person\/image\/\",\"url\":\"https:\/\/blog.ccc.eu\/cz\/wp-content\/uploads\/2022\/06\/MicrosoftTeams-image-2-100x100.jpg\",\"contentUrl\":\"https:\/\/blog.ccc.eu\/cz\/wp-content\/uploads\/2022\/06\/MicrosoftTeams-image-2-100x100.jpg\",\"caption\":\"Lena\"},\"description\":\"Absolventka digit\u00e1ln\u00edho marketingu se zku\u0161enostmi s obsahov\u00fdm marketingem a (velmi p\u0159ekvapiv\u011b) copywritingem. Ve voln\u00e9m \u010dase r\u00e1da nos\u00ed platformy a sna\u017e\u00ed se vyva\u017eovat n\u00e1kupy ve fast-fashion \u0159et\u011bzc\u00edch, swapov\u00e1n\u00edm.\",\"url\":\"https:\/\/blog.ccc.eu\/cz\/author\/katarzyna-kostygin\/\"}]}<\/script>\n<!-- \/ Yoast SEO plugin. -->","yoast_head_json":{"title":"U\u017eijte si podzimn\u00ed trendy s Emily Ratajkowski\u00a0\u00a0\u00a0 - blog.ccc.eu\/cz","description":"Kde najdete nejnov\u011bj\u0161\u00ed podzimn\u00ed trendy? Samoz\u0159ejm\u011b u Jenny Fairy. A v hlavn\u00ed roli nen\u00ed nikdo jin\u00fd ne\u017e supermodelka Emily Ratajkowski!\u00a0 2026","robots":{"index":"index","follow":"follow","max-snippet":"max-snippet:-1","max-image-preview":"max-image-preview:large","max-video-preview":"max-video-preview:-1"},"canonical":"https:\/\/blog.ccc.eu\/cz\/uzijte-si-podzimni-trendy-s-emily-ratajkowski\/","og_locale":"cs_CZ","og_type":"article","og_title":"U\u017eijte si podzimn\u00ed trendy s Emily Ratajkowski\u00a0\u00a0\u00a0 - blog.ccc.eu\/cz","og_description":"Kde najdete nejnov\u011bj\u0161\u00ed podzimn\u00ed trendy? Samoz\u0159ejm\u011b u Jenny Fairy. A v hlavn\u00ed roli nen\u00ed nikdo jin\u00fd ne\u017e supermodelka Emily Ratajkowski!\u00a0","og_url":"https:\/\/blog.ccc.eu\/cz\/uzijte-si-podzimni-trendy-s-emily-ratajkowski\/","og_site_name":"blog.ccc.eu\/cz","article_published_time":"2023-09-21T10:46:55+00:00","article_modified_time":"2024-07-26T09:13:04+00:00","og_image":[{"width":2308,"height":2560,"url":"https:\/\/blog.ccc.eu\/cz\/wp-content\/uploads\/2023\/09\/JF_AW23_02_0059_LBX_120dpi-scaled.jpg","type":"image\/jpeg"}],"author":"Lena","twitter_card":"summary_large_image","twitter_misc":{"Napsal(a)":"Lena","Odhadovan\u00e1 doba \u010dten\u00ed":"4 minuty"},"schema":{"@context":"https:\/\/schema.org","@graph":[{"@type":"Article","@id":"https:\/\/blog.ccc.eu\/cz\/uzijte-si-podzimni-trendy-s-emily-ratajkowski\/#article","isPartOf":{"@id":"https:\/\/blog.ccc.eu\/cz\/uzijte-si-podzimni-trendy-s-emily-ratajkowski\/"},"author":{"name":"Lena","@id":"https:\/\/blog.ccc.eu\/cz\/#\/schema\/person\/6d50a49f9c84d32a489180be7a29155d"},"headline":"U\u017eijte si podzimn\u00ed trendy s Emily Ratajkowski\u00a0\u00a0\u00a0","datePublished":"2023-09-21T10:46:55+00:00","dateModified":"2024-07-26T09:13:04+00:00","mainEntityOfPage":{"@id":"https:\/\/blog.ccc.eu\/cz\/uzijte-si-podzimni-trendy-s-emily-ratajkowski\/"},"wordCount":622,"commentCount":0,"publisher":{"@id":"https:\/\/blog.ccc.eu\/cz\/#organization"},"image":{"@id":"https:\/\/blog.ccc.eu\/cz\/uzijte-si-podzimni-trendy-s-emily-ratajkowski\/#primaryimage"},"thumbnailUrl":"https:\/\/blog.ccc.eu\/cz\/wp-content\/uploads\/2023\/09\/JF_AW23_02_0059_LBX_120dpi-scaled.jpg","keywords":["Emily Ratajkowski","Jenny Fairy","kabelky","koza\u010dky","mokas\u00edny","podzim"],"articleSection":["M\u00d3DN\u00cd TIPY","NOVINKY","PODZIM \ud83c\udf41\ud83c\udf42","TRENDY"],"inLanguage":"cs","potentialAction":[{"@type":"CommentAction","name":"Comment","target":["https:\/\/blog.ccc.eu\/cz\/uzijte-si-podzimni-trendy-s-emily-ratajkowski\/#respond"]}]},{"@type":"WebPage","@id":"https:\/\/blog.ccc.eu\/cz\/uzijte-si-podzimni-trendy-s-emily-ratajkowski\/","url":"https:\/\/blog.ccc.eu\/cz\/uzijte-si-podzimni-trendy-s-emily-ratajkowski\/","name":"U\u017eijte si podzimn\u00ed trendy s Emily Ratajkowski\u00a0\u00a0\u00a0 - blog.ccc.eu\/cz","isPartOf":{"@id":"https:\/\/blog.ccc.eu\/cz\/#website"},"primaryImageOfPage":{"@id":"https:\/\/blog.ccc.eu\/cz\/uzijte-si-podzimni-trendy-s-emily-ratajkowski\/#primaryimage"},"image":{"@id":"https:\/\/blog.ccc.eu\/cz\/uzijte-si-podzimni-trendy-s-emily-ratajkowski\/#primaryimage"},"thumbnailUrl":"https:\/\/blog.ccc.eu\/cz\/wp-content\/uploads\/2023\/09\/JF_AW23_02_0059_LBX_120dpi-scaled.jpg","datePublished":"2023-09-21T10:46:55+00:00","dateModified":"2024-07-26T09:13:04+00:00","description":"Kde najdete nejnov\u011bj\u0161\u00ed podzimn\u00ed trendy? Samoz\u0159ejm\u011b u Jenny Fairy. A v hlavn\u00ed roli nen\u00ed nikdo jin\u00fd ne\u017e supermodelka Emily Ratajkowski!\u00a0","breadcrumb":{"@id":"https:\/\/blog.ccc.eu\/cz\/uzijte-si-podzimni-trendy-s-emily-ratajkowski\/#breadcrumb"},"inLanguage":"cs","potentialAction":[{"@type":"ReadAction","target":["https:\/\/blog.ccc.eu\/cz\/uzijte-si-podzimni-trendy-s-emily-ratajkowski\/"]}]},{"@type":"ImageObject","inLanguage":"cs","@id":"https:\/\/blog.ccc.eu\/cz\/uzijte-si-podzimni-trendy-s-emily-ratajkowski\/#primaryimage","url":"https:\/\/blog.ccc.eu\/cz\/wp-content\/uploads\/2023\/09\/JF_AW23_02_0059_LBX_120dpi-scaled.jpg","contentUrl":"https:\/\/blog.ccc.eu\/cz\/wp-content\/uploads\/2023\/09\/JF_AW23_02_0059_LBX_120dpi-scaled.jpg","width":2308,"height":2560,"caption":"\u010dern\u00e9 koza\u010dky"},{"@type":"BreadcrumbList","@id":"https:\/\/blog.ccc.eu\/cz\/uzijte-si-podzimni-trendy-s-emily-ratajkowski\/#breadcrumb","itemListElement":[{"@type":"ListItem","position":1,"name":"Strona g\u0142\u00f3wna","item":"https:\/\/blog.ccc.eu\/cz\/"},{"@type":"ListItem","position":2,"name":"U\u017eijte si podzimn\u00ed trendy s Emily Ratajkowski\u00a0\u00a0\u00a0"}]},{"@type":"WebSite","@id":"https:\/\/blog.ccc.eu\/cz\/#website","url":"https:\/\/blog.ccc.eu\/cz\/","name":"blog.ccc.eu\/cz","description":"Va\u0161e m\u00edsto pln\u00e9 m\u00f3dn\u00edch inspirac\u00ed","publisher":{"@id":"https:\/\/blog.ccc.eu\/cz\/#organization"},"potentialAction":[{"@type":"SearchAction","target":{"@type":"EntryPoint","urlTemplate":"https:\/\/blog.ccc.eu\/cz\/?s={search_term_string}"},"query-input":{"@type":"PropertyValueSpecification","valueRequired":true,"valueName":"search_term_string"}}],"inLanguage":"cs"},{"@type":"Organization","@id":"https:\/\/blog.ccc.eu\/cz\/#organization","name":"CCC S.A.","url":"https:\/\/blog.ccc.eu\/cz\/","logo":{"@type":"ImageObject","inLanguage":"cs","@id":"https:\/\/blog.ccc.eu\/cz\/#\/schema\/logo\/image\/","url":"https:\/\/blog.ccc.eu\/cz\/wp-content\/uploads\/2021\/11\/logo_ccc.png","contentUrl":"https:\/\/blog.ccc.eu\/cz\/wp-content\/uploads\/2021\/11\/logo_ccc.png","width":730,"height":270,"caption":"CCC S.A."},"image":{"@id":"https:\/\/blog.ccc.eu\/cz\/#\/schema\/logo\/image\/"}},{"@type":"Person","@id":"https:\/\/blog.ccc.eu\/cz\/#\/schema\/person\/6d50a49f9c84d32a489180be7a29155d","name":"Lena","image":{"@type":"ImageObject","inLanguage":"cs","@id":"https:\/\/blog.ccc.eu\/cz\/#\/schema\/person\/image\/","url":"https:\/\/blog.ccc.eu\/cz\/wp-content\/uploads\/2022\/06\/MicrosoftTeams-image-2-100x100.jpg","contentUrl":"https:\/\/blog.ccc.eu\/cz\/wp-content\/uploads\/2022\/06\/MicrosoftTeams-image-2-100x100.jpg","caption":"Lena"},"description":"Absolventka digit\u00e1ln\u00edho marketingu se zku\u0161enostmi s obsahov\u00fdm marketingem a (velmi p\u0159ekvapiv\u011b) copywritingem. Ve voln\u00e9m \u010dase r\u00e1da nos\u00ed platformy a sna\u017e\u00ed se vyva\u017eovat n\u00e1kupy ve fast-fashion \u0159et\u011bzc\u00edch, swapov\u00e1n\u00edm.","url":"https:\/\/blog.ccc.eu\/cz\/author\/katarzyna-kostygin\/"}]}},"_links":{"self":[{"href":"https:\/\/blog.ccc.eu\/cz\/wp-json\/wp\/v2\/posts\/6227","targetHints":{"allow":["GET"]}}],"collection":[{"href":"https:\/\/blog.ccc.eu\/cz\/wp-json\/wp\/v2\/posts"}],"about":[{"href":"https:\/\/blog.ccc.eu\/cz\/wp-json\/wp\/v2\/types\/post"}],"author":[{"embeddable":true,"href":"https:\/\/blog.ccc.eu\/cz\/wp-json\/wp\/v2\/users\/12"}],"replies":[{"embeddable":true,"href":"https:\/\/blog.ccc.eu\/cz\/wp-json\/wp\/v2\/comments?post=6227"}],"version-history":[{"count":3,"href":"https:\/\/blog.ccc.eu\/cz\/wp-json\/wp\/v2\/posts\/6227\/revisions"}],"predecessor-version":[{"id":6243,"href":"https:\/\/blog.ccc.eu\/cz\/wp-json\/wp\/v2\/posts\/6227\/revisions\/6243"}],"wp:featuredmedia":[{"embeddable":true,"href":"https:\/\/blog.ccc.eu\/cz\/wp-json\/wp\/v2\/media\/6230"}],"wp:attachment":[{"href":"https:\/\/blog.ccc.eu\/cz\/wp-json\/wp\/v2\/media?parent=6227"}],"wp:term":[{"taxonomy":"category","embeddable":true,"href":"https:\/\/blog.ccc.eu\/cz\/wp-json\/wp\/v2\/categories?post=6227"},{"taxonomy":"post_tag","embeddable":true,"href":"https:\/\/blog.ccc.eu\/cz\/wp-json\/wp\/v2\/tags?post=6227"}],"curies":[{"name":"wp","href":"https:\/\/api.w.org\/{rel}","templated":true}]}}