{"id":6651,"date":"2024-02-07T14:14:03","date_gmt":"2024-02-07T13:14:03","guid":{"rendered":"https:\/\/blog.ccc.eu\/cz\/?p=6651"},"modified":"2024-02-07T14:14:41","modified_gmt":"2024-02-07T13:14:41","slug":"co-si-oblect-v-unoru-po-nejdelsim-lednu-v-historii-lidstva","status":"publish","type":"post","link":"https:\/\/blog.ccc.eu\/cz\/co-si-oblect-v-unoru-po-nejdelsim-lednu-v-historii-lidstva\/","title":{"rendered":"Co si obl\u00e9ct v \u00fanoru po nejdel\u0161\u00edm lednu v historii lidstva\u00a0"},"content":{"rendered":"\n<p><strong>Leden skon\u010dil. Asi se shodneme, \u017ee mnoz\u00ed z n\u00e1s si mohou oddechnout. S nad\u011bj\u00ed o\u010dek\u00e1v\u00e1me a t\u011b\u0161\u00edme se na prvn\u00ed zn\u00e1mky jara. A na dobu, kdy si kone\u010dn\u011b budeme moci obl\u00e9knout n\u011bco jin\u00e9ho ne\u017e nadm\u011brn\u011b velk\u00e9 zateplen\u00e9 bundy, kab\u00e1ty a tepl\u00e9 boty. V na\u0161ich zem\u011bpisn\u00fdch \u0161\u00ed\u0159k\u00e1ch si v\u0161ak budeme muset je\u0161t\u011b p\u00e1r chladn\u00fdch m\u011bs\u00edc\u016f po\u010dkat. Ale berme to pozitivn\u011b, \u010d\u00edm d\u00e1le, t\u00edm v\u00edce se m\u016f\u017eeme t\u011b\u0161it na p\u0159\u00edzniv\u011bj\u0161\u00ed po\u010das\u00ed.<\/strong>\u00a0<\/p>\n\n\n\n<figure class=\"wp-block-embed\"><div class=\"wp-block-embed__wrapper\">\n    <blockquote class=\"instagram-media\" data-instgrm-permalink=\"https:\/\/www.instagram.com\/p\/C2mQ_GwN9Xz\/\" data-instgrm-version=\"12\"\n                style=\" background:#FFF; border:0; border-radius:3px; box-shadow:0 0 1px 0 rgba(0,0,0,0.5),0 1px 10px 0 rgba(0,0,0,0.15); margin: 1px; max-width:540px; min-width:326px; padding:0; width:99.375%; width:-webkit-calc(100% - 2px); width:calc(100% - 2px);\">\n        <div style=\"padding:16px;\"><a href=\"https:\/\/www.instagram.com\/p\/C2mQ_GwN9Xz\/\"\n                                      style=\" background:#FFFFFF; line-height:0; padding:0 0; text-align:center; text-decoration:none; width:100%;\"\n                                      target=\"_blank\">\n                <div style=\" display: flex; flex-direction: row; align-items: center;\">\n                    <div\n                        style=\"background-color: #F4F4F4; border-radius: 50%; flex-grow: 0; height: 40px; margin-right: 14px; width: 40px;\"><\/div>\n                    <div style=\"display: flex; flex-direction: column; flex-grow: 1; justify-content: center;\">\n                        <div\n                            style=\" background-color: #F4F4F4; border-radius: 4px; flex-grow: 0; height: 14px; margin-bottom: 6px; width: 100px;\"><\/div>\n                        <div\n                            style=\" background-color: #F4F4F4; border-radius: 4px; flex-grow: 0; height: 14px; width: 60px;\"><\/div>\n                    <\/div>\n                <\/div>\n                <div style=\"padding: 19% 0;\"><\/div>\n                <div style=\"display:block; height:50px; margin:0 auto 12px; width:50px;\">\n                    <svg width=\"50px\" height=\"50px\" viewBox=\"0 0 60 60\" version=\"1.1\"\n                         xmlns=\"https:\/\/www.w3.org\/2000\/svg\">\n                        <g stroke=\"none\" stroke-width=\"1\" fill=\"none\" fill-rule=\"evenodd\">\n                            <g transform=\"translate(-511.000000, -20.000000)\" fill=\"#000000\">\n                                <g>\n                                    <path\n                                        d=\"M556.869,30.41 C554.814,30.41 553.148,32.076 553.148,34.131 C553.148,36.186 554.814,37.852 556.869,37.852 C558.924,37.852 560.59,36.186 560.59,34.131 C560.59,32.076 558.924,30.41 556.869,30.41 M541,60.657 C535.114,60.657 530.342,55.887 530.342,50 C530.342,44.114 535.114,39.342 541,39.342 C546.887,39.342 551.658,44.114 551.658,50 C551.658,55.887 546.887,60.657 541,60.657 M541,33.886 C532.1,33.886 524.886,41.1 524.886,50 C524.886,58.899 532.1,66.113 541,66.113 C549.9,66.113 557.115,58.899 557.115,50 C557.115,41.1 549.9,33.886 541,33.886 M565.378,62.101 C565.244,65.022 564.756,66.606 564.346,67.663 C563.803,69.06 563.154,70.057 562.106,71.106 C561.058,72.155 560.06,72.803 558.662,73.347 C557.607,73.757 556.021,74.244 553.102,74.378 C549.944,74.521 548.997,74.552 541,74.552 C533.003,74.552 532.056,74.521 528.898,74.378 C525.979,74.244 524.393,73.757 523.338,73.347 C521.94,72.803 520.942,72.155 519.894,71.106 C518.846,70.057 518.197,69.06 517.654,67.663 C517.244,66.606 516.755,65.022 516.623,62.101 C516.479,58.943 516.448,57.996 516.448,50 C516.448,42.003 516.479,41.056 516.623,37.899 C516.755,34.978 517.244,33.391 517.654,32.338 C518.197,30.938 518.846,29.942 519.894,28.894 C520.942,27.846 521.94,27.196 523.338,26.654 C524.393,26.244 525.979,25.756 528.898,25.623 C532.057,25.479 533.004,25.448 541,25.448 C548.997,25.448 549.943,25.479 553.102,25.623 C556.021,25.756 557.607,26.244 558.662,26.654 C560.06,27.196 561.058,27.846 562.106,28.894 C563.154,29.942 563.803,30.938 564.346,32.338 C564.756,33.391 565.244,34.978 565.378,37.899 C565.522,41.056 565.552,42.003 565.552,50 C565.552,57.996 565.522,58.943 565.378,62.101 M570.82,37.631 C570.674,34.438 570.167,32.258 569.425,30.349 C568.659,28.377 567.633,26.702 565.965,25.035 C564.297,23.368 562.623,22.342 560.652,21.575 C558.743,20.834 556.562,20.326 553.369,20.18 C550.169,20.033 549.148,20 541,20 C532.853,20 531.831,20.033 528.631,20.18 C525.438,20.326 523.257,20.834 521.349,21.575 C519.376,22.342 517.703,23.368 516.035,25.035 C514.368,26.702 513.342,28.377 512.574,30.349 C511.834,32.258 511.326,34.438 511.181,37.631 C511.035,40.831 511,41.851 511,50 C511,58.147 511.035,59.17 511.181,62.369 C511.326,65.562 511.834,67.743 512.574,69.651 C513.342,71.625 514.368,73.296 516.035,74.965 C517.703,76.634 519.376,77.658 521.349,78.425 C523.257,79.167 525.438,79.673 528.631,79.82 C531.831,79.965 532.853,80.001 541,80.001 C549.148,80.001 550.169,79.965 553.369,79.82 C556.562,79.673 558.743,79.167 560.652,78.425 C562.623,77.658 564.297,76.634 565.965,74.965 C567.633,73.296 568.659,71.625 569.425,69.651 C570.167,67.743 570.674,65.562 570.82,62.369 C570.966,59.17 571,58.147 571,50 C571,41.851 570.966,40.831 570.82,37.631\"><\/path>\n                                <\/g>\n                            <\/g>\n                        <\/g>\n                    <\/svg>\n                <\/div>\n                <div style=\"padding: 12.5% 0;\"><\/div>\n                <div style=\"display: flex; flex-direction: row; margin-bottom: 14px; align-items: center;\">\n                    <div>\n                        <div\n                            style=\"background-color: #F4F4F4; border-radius: 50%; height: 12.5px; width: 12.5px; transform: translateX(0px) translateY(7px);\"><\/div>\n                        <div\n                            style=\"background-color: #F4F4F4; height: 12.5px; transform: rotate(-45deg) translateX(3px) translateY(1px); width: 12.5px; flex-grow: 0; margin-right: 14px; margin-left: 2px;\"><\/div>\n                        <div\n                            style=\"background-color: #F4F4F4; border-radius: 50%; height: 12.5px; width: 12.5px; transform: translateX(9px) translateY(-18px);\"><\/div>\n                    <\/div>\n                    <div style=\"margin-left: 8px;\">\n                        <div\n                            style=\" background-color: #F4F4F4; border-radius: 50%; flex-grow: 0; height: 20px; width: 20px;\"><\/div>\n                        <div\n                            style=\" width: 0; height: 0; border-top: 2px solid transparent; border-left: 6px solid #f4f4f4; border-bottom: 2px solid transparent; transform: translateX(16px) translateY(-4px) rotate(30deg)\"><\/div>\n                    <\/div>\n                    <div style=\"margin-left: auto;\">\n                        <div\n                            style=\" width: 0; border-top: 8px solid #F4F4F4; border-right: 8px solid transparent; transform: translateY(16px);\"><\/div>\n                        <div\n                            style=\" background-color: #F4F4F4; flex-grow: 0; height: 12px; width: 16px; transform: translateY(-4px);\"><\/div>\n                        <div\n                            style=\" width: 0; height: 0; border-top: 8px solid #F4F4F4; border-left: 8px solid transparent; transform: translateY(-4px) translateX(8px);\"><\/div>\n                    <\/div>\n                <\/div>\n                <div\n                    style=\"display: flex; flex-direction: column; flex-grow: 1; justify-content: center; margin-bottom: 24px;\">\n                    <div\n                        style=\" background-color: #F4F4F4; border-radius: 4px; flex-grow: 0; height: 14px; margin-bottom: 6px; width: 224px;\"><\/div>\n                    <div\n                        style=\" background-color: #F4F4F4; border-radius: 4px; flex-grow: 0; height: 14px; width: 144px;\"><\/div>\n                <\/div>\n            <\/a><\/div>\n    <\/blockquote>\n    <script async=\"\" src=\"\/\/www.instagram.com\/embed.js\"><\/script>\n\n    \n<\/div><\/figure>\n\n\n\n<p><em>Co ve v\u00e1s vyvol\u00e1v\u00e1 m\u011bs\u00edc \u00fanor? Je to m\u011bs\u00edc l\u00e1sky, kdy se slav\u00ed Valent\u00fdn. Je to tak\u00e9 nejkrat\u0161\u00ed m\u011bs\u00edc v roce, co\u017e je pro mnoh\u00e9 p\u0159\u00edle\u017eitost do\u010dasn\u011b abstinovat nebo vyzkou\u0161et alternativn\u00ed diety. \u00danor b\u00fdv\u00e1 tak\u00e9 m\u011bs\u00edcem poru\u0161en\u00fdch, novoro\u010dn\u00edch p\u0159edsevzet\u00ed. Je to tak\u00e9 m\u011bs\u00edc m\u00f3dy, kdy se v hlavn\u00edch m\u011bstech m\u00f3dy konaj\u00ed Fashion weeks. Pokud je po\u010das\u00ed p\u0159\u00edzniv\u00e9, m\u016f\u017ee to b\u00fdt ide\u00e1ln\u00ed m\u011bs\u00edc pro zkou\u0161en\u00ed nov\u00fdch, p\u0159echodn\u00fdch outfit\u016f.\u00a0<\/em>\u00a0<\/p>\n\n\n\n<p><em>Bohu\u017eel je je\u0161t\u011b trochu brzy na to, abychom schov\u00e1vali pun\u010doch\u00e1\u010de, univerz\u00e1ln\u00ed tepl\u00e9 svetry a vytahovali lehk\u00e9 pastelov\u00e9 \u0161aty a sand\u00e1ly, na kter\u00e9 se v l\u00e9t\u011b tak t\u011b\u0161\u00edme. Uleh\u010dete si to! K z\u00e1kladn\u00edm kousk\u016fm do chladn\u00e9ho po\u010das\u00ed zvolte elegantn\u00ed vrstvy, sv\u011b\u017e\u00ed barvy a trendy alternativn\u00ed dopl\u0148ky. Abychom v\u00e1m poskytli p\u00e1r n\u00e1pad\u016f, vybrali jsme pro v\u00e1s 6 outfit\u016f, kter\u00e9 \u00fasp\u011b\u0161n\u011b p\u0159eklenuj\u00ed obdob\u00ed mezi zimou a jarem. Inspirujte se s n\u00e1mi. \u2744\ud83c\udf1e\u2728<\/em>&nbsp;<\/p>\n\n\n\n<h2 class=\"wp-block-heading\">Statement kab\u00e1t + maxi sukn\u011b + koza\u010dky ke kolen\u016fm&nbsp;<\/h2>\n\n\n\n<p>Dokud ofici\u00e1ln\u011b neza\u010dne sez\u00f3na tren\u010dkot\u016f, sah\u00e1me po dlouh\u00fdch kab\u00e1tech. Dlouh\u00e9 a univerz\u00e1ln\u00ed tepl\u00e9 kab\u00e1ty n\u00e1s prov\u00e1zej\u00ed celou chladnou zimou. Nejen\u017ee jsou ide\u00e1ln\u00ed pro nep\u0159edv\u00eddateln\u00e9 teploty, ale v\u00fdrazn\u00fd barevn\u00fd akcent nebo textura l\u00e1tky vypadaj\u00ed dob\u0159e t\u00e9m\u011b\u0159 s \u010d\u00edmkoli. V\u00fdrazn\u00fd kab\u00e1t v neobvykl\u00e9 barv\u011b nebo z neobvykl\u00e9ho materi\u00e1lu \u010di se vzorem se m\u016f\u017ee st\u00e1t st\u0159edobodem va\u0161eho (je\u0161t\u011b) zimn\u00edho outfitu. Jak dodat sv\u00e9mu outfitu trochu jara? Dopl\u0148te ho dlouhou sukn\u00ed. Stejn\u011b tak ale samoz\u0159ejm\u011b i pun\u010dochy a vysok\u00e9 koza\u010dky ke kolen\u016fm.&nbsp;<\/p>\n\n\n<shortcode prop-category=\"Koza\u010dky\" prop-manufacturer=\"Lasocki\" prop-load-num=\"12\" prop-display-num=\"4\" prop-view=\"slider\"><\/shortcode>        <div\r\n            class=\"eob-pf-shortcode\"\r\n            id=\"eobpf69f266d07865e\"\r\n        >\r\n            <shortcode prop-category=\"Koza\u010dky\" prop-manufacturer=\"Lasocki\" prop-load-num=\"12\" prop-display-num=\"4\" prop-view=\"slider\"><\/shortcode>        <\/div>\r\n\t\t<script>\r\n\t\t\tjQuery(document).ready(() => {\r\n\t\t\t    const root = document.getElementById('eobpf69f266d07865e');\r\n                Vue.createApp({\r\n\t                components: {\r\n\t                    shortcode\r\n\t                }\r\n                }).mount(root);\r\n\t\t\t});\r\n\t\t<\/script>\r\n\t\t\r\n\t\t\n\n\n\n<p><\/p>\n\n\n\n<h2 class=\"wp-block-heading\">H\u00e1\u010dkovan\u00fd svetr + rovn\u00e9 d\u017e\u00edny + Mary Janes boty\u00a0\u00a0<\/h2>\n\n\n\n<p>Mysl\u00edme si, \u017ee po lednov\u00e9 pov\u00e1no\u010dn\u00ed pochmurnosti bychom v\u0161ichni pot\u0159ebovali trochu povzbudit. Vezm\u011bte si proto vesel\u00fd svetr ve sv\u00fdch obl\u00edben\u00fdch barv\u00e1ch, d\u017e\u00edny rovn\u00e9ho st\u0159ihu a k nim obuv Mary Janes. Samoz\u0159ejm\u011b nezapome\u0148te na tepl\u00e9 pono\u017eky.&nbsp;<\/p>\n\n\n\n<shortcode prop-category=\"Polobotky\" prop-load-num=\"12\" prop-display-num=\"4\" prop-view=\"slider\"><\/shortcode>        <div\r\n            class=\"eob-pf-shortcode\"\r\n            id=\"eobpf69f266d078781\"\r\n        >\r\n            <shortcode prop-category=\"Polobotky\" prop-load-num=\"12\" prop-display-num=\"4\" prop-view=\"slider\"><\/shortcode>        <\/div>\r\n\t\t<script>\r\n\t\t\tjQuery(document).ready(() => {\r\n\t\t\t    const root = document.getElementById('eobpf69f266d078781');\r\n                Vue.createApp({\r\n\t                components: {\r\n\t                    shortcode\r\n\t                }\r\n                }).mount(root);\r\n\t\t\t});\r\n\t\t<\/script>\r\n\t\t\r\n\t\t\n\n\n\n<p><\/p>\n\n\n\n<h2 class=\"wp-block-heading\">Pleten\u00e9 \u0161aty + pun\u010dochy + vysok\u00e9 koza\u010dky\u00a0\u00a0<\/h2>\n\n\n\n<p>Po barevn\u00fdch kab\u00e1tech a netradi\u010dn\u00edch pletenin\u00e1ch je tu outfit z opa\u010dn\u00e9ho m\u00f3dn\u00edho spektra: neutr\u00e1ln\u00ed a jednobarevn\u00fd st\u0159ih od hlavy a\u017e k pat\u011b. P\u0159ekonejte chlad mezi ro\u010dn\u00edmi obdob\u00edmi s pleten\u00fdmi \u0161aty, vrstven\u00fdmi d\u00edky zateplen\u00fdm pun\u010doch\u00e1m (<em>aktu\u00e1ln\u00ed barvou je \u010derven\u00e1, hned za n\u00ed b\u00edl\u00e1<\/em>). Zakon\u010dete je leskl\u00fdmi koza\u010dkami nad kolena.&nbsp;<\/p>\n\n\n\n<shortcode prop-category=\"Koza\u010dky\" prop-manufacturer=\"NINE WEST\" prop-load-num=\"12\" prop-display-num=\"4\" prop-view=\"slider\"><\/shortcode>        <div\r\n            class=\"eob-pf-shortcode\"\r\n            id=\"eobpf69f266d0787ba\"\r\n        >\r\n            <shortcode prop-category=\"Koza\u010dky\" prop-manufacturer=\"NINE WEST\" prop-load-num=\"12\" prop-display-num=\"4\" prop-view=\"slider\"><\/shortcode>        <\/div>\r\n\t\t<script>\r\n\t\t\tjQuery(document).ready(() => {\r\n\t\t\t    const root = document.getElementById('eobpf69f266d0787ba');\r\n                Vue.createApp({\r\n\t                components: {\r\n\t                    shortcode\r\n\t                }\r\n                }).mount(root);\r\n\t\t\t});\r\n\t\t<\/script>\r\n\t\t\r\n\t\t\n\n\n\n<p><\/p>\n\n\n\n<h2 class=\"wp-block-heading\">Nadrozm\u011brn\u00fd svetr + kalhoty + velk\u00e1 ta\u0161ka\u00a0\u00a0<\/h2>\n\n\n\n<p>Pokud jste za\u010d\u00e1tek roku stejn\u011b str\u00e1vili v py\u017eamu nebo \u017eupanu a ba\u010dkor\u00e1ch, dopl\u0148te tuto \u00fatulnou kombinaci o kalhoty voln\u00e9ho st\u0159ihu z p\u0159\u00edjemn\u00e9ho materi\u00e1lu. Samoz\u0159ejm\u011b v\u00e1m nesm\u00ed chyb\u011bt ani obrovsk\u00fd svetr. St\u00e1le stejn\u011b pohodln\u00fd, ale nesporn\u011b o n\u011bco elegantn\u011bj\u0161\u00ed n\u00e1pad. Budete se c\u00edtit, jako byste nikdy neopustili m\u011bkkou postel.&nbsp;<\/p>\n\n\n\n<shortcode prop-category=\"D\u00e1msk\u00e9 kabelky\" prop-manufacturer=\"Lasocki\" prop-load-num=\"12\" prop-display-num=\"4\" prop-view=\"slider\"><\/shortcode>        <div\r\n            class=\"eob-pf-shortcode\"\r\n            id=\"eobpf69f266d0787e4\"\r\n        >\r\n            <shortcode prop-category=\"D\u00e1msk\u00e9 kabelky\" prop-manufacturer=\"Lasocki\" prop-load-num=\"12\" prop-display-num=\"4\" prop-view=\"slider\"><\/shortcode>        <\/div>\r\n\t\t<script>\r\n\t\t\tjQuery(document).ready(() => {\r\n\t\t\t    const root = document.getElementById('eobpf69f266d0787e4');\r\n                Vue.createApp({\r\n\t                components: {\r\n\t                    shortcode\r\n\t                }\r\n                }).mount(root);\r\n\t\t\t});\r\n\t\t<\/script>\r\n\t\t\r\n\t\t\n\n\n\n<p><\/p>\n\n\n\n<h2 class=\"wp-block-heading\">Vesta + d\u017e\u00edny + mokas\u00edny\u00a0<\/h2>\n\n\n\n<p>\u00danor je ide\u00e1ln\u00ed \u010das na vyzkou\u0161en\u00ed nov\u00fdch trend\u016f. Bomberov\u00e9 bundy, d\u017e\u00ednov\u00e9 sukn\u011b a baler\u00ednky jsou trendy i na ja\u0159e. Co takhle aktualizovat look teplou vestou a tmav\u011b \u0161ed\u00fdmi nebo \u010dern\u00fdmi d\u017e\u00edny? Dopl\u0148te je mokas\u00edny a drobnou kabelkou.&nbsp;<\/p>\n\n\n\n<shortcode prop-category=\"Mokas\u00edny\" prop-load-num=\"12\" prop-display-num=\"4\" prop-view=\"slider\"><\/shortcode>        <div\r\n            class=\"eob-pf-shortcode\"\r\n            id=\"eobpf69f266d078808\"\r\n        >\r\n            <shortcode prop-category=\"Mokas\u00edny\" prop-load-num=\"12\" prop-display-num=\"4\" prop-view=\"slider\"><\/shortcode>        <\/div>\r\n\t\t<script>\r\n\t\t\tjQuery(document).ready(() => {\r\n\t\t\t    const root = document.getElementById('eobpf69f266d078808');\r\n                Vue.createApp({\r\n\t                components: {\r\n\t                    shortcode\r\n\t                }\r\n                }).mount(root);\r\n\t\t\t});\r\n\t\t<\/script>\r\n\t\t\r\n\t\t\n\n\n\n<p><\/p>\n\n\n\n<h2 class=\"wp-block-heading\">Vln\u011bn\u00e1 bunda + maxi \u0161aty + baler\u00ednky\u00a0\u00a0<\/h2>\n\n\n\n<p>\u00danor je u konce. P\u0159\u00edpadn\u011b m\u00e1 sv\u011btlou (a teplou) chvilku a je p\u0159\u00edli\u0161 teplo na t\u011b\u017ek\u00fd svetr a kab\u00e1t, ale p\u0159\u00edli\u0161 chladno na lehkou bundu? Spojte se s vln\u011bnou bundou, aby v\u00e1m bylo po\u0159\u00e1dn\u011b teplo. Dopl\u0148te ji jednoduch\u00fdmi maxi \u0161aty. A do kabelky si v\u017edycky m\u016f\u017eete pro jistotu schovat n\u00e1hradn\u00ed p\u00e1r nouzov\u00fdch pun\u010doch.&nbsp;<\/p>\n\n\n\n<shortcode prop-category=\"Baler\u00edny\" prop-load-num=\"12\" prop-display-num=\"4\" prop-view=\"slider\"><\/shortcode>        <div\r\n            class=\"eob-pf-shortcode\"\r\n            id=\"eobpf69f266d07882a\"\r\n        >\r\n            <shortcode prop-category=\"Baler\u00edny\" prop-load-num=\"12\" prop-display-num=\"4\" prop-view=\"slider\"><\/shortcode>        <\/div>\r\n\t\t<script>\r\n\t\t\tjQuery(document).ready(() => {\r\n\t\t\t    const root = document.getElementById('eobpf69f266d07882a');\r\n                Vue.createApp({\r\n\t                components: {\r\n\t                    shortcode\r\n\t                }\r\n                }).mount(root);\r\n\t\t\t});\r\n\t\t<\/script>\r\n\t\t\r\n\t\t\n","protected":false},"excerpt":{"rendered":"<p>Leden skon\u010dil. Asi se shodneme, \u017ee mnoz\u00ed z n\u00e1s si mohou oddechnout. S nad\u011bj\u00ed o\u010dek\u00e1v\u00e1me a t\u011b\u0161\u00edme se na prvn\u00ed zn\u00e1mky jara. A na dobu, kdy si kone\u010dn\u011b budeme moci obl\u00e9knout n\u011bco jin\u00e9ho ne\u017e nadm\u011brn\u011b velk\u00e9 zateplen\u00e9 bundy, kab\u00e1ty a tepl\u00e9 boty. V na\u0161ich zem\u011bpisn\u00fdch \u0161\u00ed\u0159k\u00e1ch si v\u0161ak budeme muset je\u0161t\u011b p\u00e1r chladn\u00fdch m\u011bs\u00edc\u016f po\u010dkat. [&hellip;]<\/p>\n","protected":false},"author":12,"featured_media":6654,"comment_status":"open","ping_status":"open","sticky":false,"template":"","format":"standard","meta":{"_acf_changed":false,"footnotes":""},"categories":[4],"tags":[566,728,939,544],"class_list":["post-6651","post","type-post","status-publish","format-standard","has-post-thumbnail","hentry","category-modni-tipy","tag-boty","tag-kabelky","tag-unor","tag-zima"],"acf":[],"yoast_head":"<!-- This site is optimized with the Yoast SEO plugin v26.9 - https:\/\/yoast.com\/product\/yoast-seo-wordpress\/ -->\n<title>Co si obl\u00e9ct v \u00fanoru po nejdel\u0161\u00edm lednu v historii lidstva\u00a0 - blog.ccc.eu\/cz<\/title>\n<meta name=\"description\" content=\"Co evokuje \u00fanor? Je to m\u011bs\u00edc Fashion week\u016f. Pokud n\u00e1m bude po\u010das\u00ed p\u0159\u00e1t, je to tak\u00e9 ide\u00e1ln\u00ed \u010das vyzkou\u0161et nov\u00e9, p\u0159echodn\u00e9 outfity.\u00a0 2026\" \/>\n<meta name=\"robots\" content=\"index, follow, max-snippet:-1, max-image-preview:large, max-video-preview:-1\" \/>\n<link rel=\"canonical\" href=\"https:\/\/blog.ccc.eu\/cz\/co-si-oblect-v-unoru-po-nejdelsim-lednu-v-historii-lidstva\/\" \/>\n<meta property=\"og:locale\" content=\"cs_CZ\" \/>\n<meta property=\"og:type\" content=\"article\" \/>\n<meta property=\"og:title\" content=\"Co si obl\u00e9ct v \u00fanoru po nejdel\u0161\u00edm lednu v historii lidstva\u00a0 - blog.ccc.eu\/cz\" \/>\n<meta property=\"og:description\" content=\"Co evokuje \u00fanor? Je to m\u011bs\u00edc Fashion week\u016f. Pokud n\u00e1m bude po\u010das\u00ed p\u0159\u00e1t, je to tak\u00e9 ide\u00e1ln\u00ed \u010das vyzkou\u0161et nov\u00e9, p\u0159echodn\u00e9 outfity.\u00a0\" \/>\n<meta property=\"og:url\" content=\"https:\/\/blog.ccc.eu\/cz\/co-si-oblect-v-unoru-po-nejdelsim-lednu-v-historii-lidstva\/\" \/>\n<meta property=\"og:site_name\" content=\"blog.ccc.eu\/cz\" \/>\n<meta property=\"article:published_time\" content=\"2024-02-07T13:14:03+00:00\" \/>\n<meta property=\"article:modified_time\" content=\"2024-02-07T13:14:41+00:00\" \/>\n<meta property=\"og:image\" content=\"https:\/\/blog.ccc.eu\/cz\/wp-content\/uploads\/2024\/02\/Untitled-837-scaled-1.jpg\" \/>\n\t<meta property=\"og:image:width\" content=\"1920\" \/>\n\t<meta property=\"og:image:height\" content=\"2560\" \/>\n\t<meta property=\"og:image:type\" content=\"image\/jpeg\" \/>\n<meta name=\"author\" content=\"Lena\" \/>\n<meta name=\"twitter:card\" content=\"summary_large_image\" \/>\n<meta name=\"twitter:label1\" content=\"Napsal(a)\" \/>\n\t<meta name=\"twitter:data1\" content=\"Lena\" \/>\n\t<meta name=\"twitter:label2\" content=\"Odhadovan\u00e1 doba \u010dten\u00ed\" \/>\n\t<meta name=\"twitter:data2\" content=\"4 minuty\" \/>\n<script type=\"application\/ld+json\" class=\"yoast-schema-graph\">{\"@context\":\"https:\/\/schema.org\",\"@graph\":[{\"@type\":\"Article\",\"@id\":\"https:\/\/blog.ccc.eu\/cz\/co-si-oblect-v-unoru-po-nejdelsim-lednu-v-historii-lidstva\/#article\",\"isPartOf\":{\"@id\":\"https:\/\/blog.ccc.eu\/cz\/co-si-oblect-v-unoru-po-nejdelsim-lednu-v-historii-lidstva\/\"},\"author\":{\"name\":\"Lena\",\"@id\":\"https:\/\/blog.ccc.eu\/cz\/#\/schema\/person\/6d50a49f9c84d32a489180be7a29155d\"},\"headline\":\"Co si obl\u00e9ct v \u00fanoru po nejdel\u0161\u00edm lednu v historii lidstva\u00a0\",\"datePublished\":\"2024-02-07T13:14:03+00:00\",\"dateModified\":\"2024-02-07T13:14:41+00:00\",\"mainEntityOfPage\":{\"@id\":\"https:\/\/blog.ccc.eu\/cz\/co-si-oblect-v-unoru-po-nejdelsim-lednu-v-historii-lidstva\/\"},\"wordCount\":866,\"commentCount\":0,\"publisher\":{\"@id\":\"https:\/\/blog.ccc.eu\/cz\/#organization\"},\"image\":{\"@id\":\"https:\/\/blog.ccc.eu\/cz\/co-si-oblect-v-unoru-po-nejdelsim-lednu-v-historii-lidstva\/#primaryimage\"},\"thumbnailUrl\":\"https:\/\/blog.ccc.eu\/cz\/wp-content\/uploads\/2024\/02\/Untitled-837-scaled-1.jpg\",\"keywords\":[\"Boty\",\"kabelky\",\"\u00fanor\",\"zima\"],\"articleSection\":[\"M\u00d3DN\u00cd TIPY\"],\"inLanguage\":\"cs\",\"potentialAction\":[{\"@type\":\"CommentAction\",\"name\":\"Comment\",\"target\":[\"https:\/\/blog.ccc.eu\/cz\/co-si-oblect-v-unoru-po-nejdelsim-lednu-v-historii-lidstva\/#respond\"]}]},{\"@type\":\"WebPage\",\"@id\":\"https:\/\/blog.ccc.eu\/cz\/co-si-oblect-v-unoru-po-nejdelsim-lednu-v-historii-lidstva\/\",\"url\":\"https:\/\/blog.ccc.eu\/cz\/co-si-oblect-v-unoru-po-nejdelsim-lednu-v-historii-lidstva\/\",\"name\":\"Co si obl\u00e9ct v \u00fanoru po nejdel\u0161\u00edm lednu v historii lidstva\u00a0 - blog.ccc.eu\/cz\",\"isPartOf\":{\"@id\":\"https:\/\/blog.ccc.eu\/cz\/#website\"},\"primaryImageOfPage\":{\"@id\":\"https:\/\/blog.ccc.eu\/cz\/co-si-oblect-v-unoru-po-nejdelsim-lednu-v-historii-lidstva\/#primaryimage\"},\"image\":{\"@id\":\"https:\/\/blog.ccc.eu\/cz\/co-si-oblect-v-unoru-po-nejdelsim-lednu-v-historii-lidstva\/#primaryimage\"},\"thumbnailUrl\":\"https:\/\/blog.ccc.eu\/cz\/wp-content\/uploads\/2024\/02\/Untitled-837-scaled-1.jpg\",\"datePublished\":\"2024-02-07T13:14:03+00:00\",\"dateModified\":\"2024-02-07T13:14:41+00:00\",\"description\":\"Co evokuje \u00fanor? Je to m\u011bs\u00edc Fashion week\u016f. Pokud n\u00e1m bude po\u010das\u00ed p\u0159\u00e1t, je to tak\u00e9 ide\u00e1ln\u00ed \u010das vyzkou\u0161et nov\u00e9, p\u0159echodn\u00e9 outfity.\u00a0\",\"breadcrumb\":{\"@id\":\"https:\/\/blog.ccc.eu\/cz\/co-si-oblect-v-unoru-po-nejdelsim-lednu-v-historii-lidstva\/#breadcrumb\"},\"inLanguage\":\"cs\",\"potentialAction\":[{\"@type\":\"ReadAction\",\"target\":[\"https:\/\/blog.ccc.eu\/cz\/co-si-oblect-v-unoru-po-nejdelsim-lednu-v-historii-lidstva\/\"]}]},{\"@type\":\"ImageObject\",\"inLanguage\":\"cs\",\"@id\":\"https:\/\/blog.ccc.eu\/cz\/co-si-oblect-v-unoru-po-nejdelsim-lednu-v-historii-lidstva\/#primaryimage\",\"url\":\"https:\/\/blog.ccc.eu\/cz\/wp-content\/uploads\/2024\/02\/Untitled-837-scaled-1.jpg\",\"contentUrl\":\"https:\/\/blog.ccc.eu\/cz\/wp-content\/uploads\/2024\/02\/Untitled-837-scaled-1.jpg\",\"width\":1920,\"height\":2560,\"caption\":\"lodi\u010dky\"},{\"@type\":\"BreadcrumbList\",\"@id\":\"https:\/\/blog.ccc.eu\/cz\/co-si-oblect-v-unoru-po-nejdelsim-lednu-v-historii-lidstva\/#breadcrumb\",\"itemListElement\":[{\"@type\":\"ListItem\",\"position\":1,\"name\":\"Strona g\u0142\u00f3wna\",\"item\":\"https:\/\/blog.ccc.eu\/cz\/\"},{\"@type\":\"ListItem\",\"position\":2,\"name\":\"Co si obl\u00e9ct v \u00fanoru po nejdel\u0161\u00edm lednu v historii lidstva\u00a0\"}]},{\"@type\":\"WebSite\",\"@id\":\"https:\/\/blog.ccc.eu\/cz\/#website\",\"url\":\"https:\/\/blog.ccc.eu\/cz\/\",\"name\":\"blog.ccc.eu\/cz\",\"description\":\"Va\u0161e m\u00edsto pln\u00e9 m\u00f3dn\u00edch inspirac\u00ed\",\"publisher\":{\"@id\":\"https:\/\/blog.ccc.eu\/cz\/#organization\"},\"potentialAction\":[{\"@type\":\"SearchAction\",\"target\":{\"@type\":\"EntryPoint\",\"urlTemplate\":\"https:\/\/blog.ccc.eu\/cz\/?s={search_term_string}\"},\"query-input\":{\"@type\":\"PropertyValueSpecification\",\"valueRequired\":true,\"valueName\":\"search_term_string\"}}],\"inLanguage\":\"cs\"},{\"@type\":\"Organization\",\"@id\":\"https:\/\/blog.ccc.eu\/cz\/#organization\",\"name\":\"CCC S.A.\",\"url\":\"https:\/\/blog.ccc.eu\/cz\/\",\"logo\":{\"@type\":\"ImageObject\",\"inLanguage\":\"cs\",\"@id\":\"https:\/\/blog.ccc.eu\/cz\/#\/schema\/logo\/image\/\",\"url\":\"https:\/\/blog.ccc.eu\/cz\/wp-content\/uploads\/2021\/11\/logo_ccc.png\",\"contentUrl\":\"https:\/\/blog.ccc.eu\/cz\/wp-content\/uploads\/2021\/11\/logo_ccc.png\",\"width\":730,\"height\":270,\"caption\":\"CCC S.A.\"},\"image\":{\"@id\":\"https:\/\/blog.ccc.eu\/cz\/#\/schema\/logo\/image\/\"}},{\"@type\":\"Person\",\"@id\":\"https:\/\/blog.ccc.eu\/cz\/#\/schema\/person\/6d50a49f9c84d32a489180be7a29155d\",\"name\":\"Lena\",\"image\":{\"@type\":\"ImageObject\",\"inLanguage\":\"cs\",\"@id\":\"https:\/\/blog.ccc.eu\/cz\/#\/schema\/person\/image\/\",\"url\":\"https:\/\/blog.ccc.eu\/cz\/wp-content\/uploads\/2022\/06\/MicrosoftTeams-image-2-100x100.jpg\",\"contentUrl\":\"https:\/\/blog.ccc.eu\/cz\/wp-content\/uploads\/2022\/06\/MicrosoftTeams-image-2-100x100.jpg\",\"caption\":\"Lena\"},\"description\":\"Absolventka digit\u00e1ln\u00edho marketingu se zku\u0161enostmi s obsahov\u00fdm marketingem a (velmi p\u0159ekvapiv\u011b) copywritingem. Ve voln\u00e9m \u010dase r\u00e1da nos\u00ed platformy a sna\u017e\u00ed se vyva\u017eovat n\u00e1kupy ve fast-fashion \u0159et\u011bzc\u00edch, swapov\u00e1n\u00edm.\",\"url\":\"https:\/\/blog.ccc.eu\/cz\/author\/katarzyna-kostygin\/\"}]}<\/script>\n<!-- \/ Yoast SEO plugin. -->","yoast_head_json":{"title":"Co si obl\u00e9ct v \u00fanoru po nejdel\u0161\u00edm lednu v historii lidstva\u00a0 - blog.ccc.eu\/cz","description":"Co evokuje \u00fanor? Je to m\u011bs\u00edc Fashion week\u016f. Pokud n\u00e1m bude po\u010das\u00ed p\u0159\u00e1t, je to tak\u00e9 ide\u00e1ln\u00ed \u010das vyzkou\u0161et nov\u00e9, p\u0159echodn\u00e9 outfity.\u00a0 2026","robots":{"index":"index","follow":"follow","max-snippet":"max-snippet:-1","max-image-preview":"max-image-preview:large","max-video-preview":"max-video-preview:-1"},"canonical":"https:\/\/blog.ccc.eu\/cz\/co-si-oblect-v-unoru-po-nejdelsim-lednu-v-historii-lidstva\/","og_locale":"cs_CZ","og_type":"article","og_title":"Co si obl\u00e9ct v \u00fanoru po nejdel\u0161\u00edm lednu v historii lidstva\u00a0 - blog.ccc.eu\/cz","og_description":"Co evokuje \u00fanor? Je to m\u011bs\u00edc Fashion week\u016f. Pokud n\u00e1m bude po\u010das\u00ed p\u0159\u00e1t, je to tak\u00e9 ide\u00e1ln\u00ed \u010das vyzkou\u0161et nov\u00e9, p\u0159echodn\u00e9 outfity.\u00a0","og_url":"https:\/\/blog.ccc.eu\/cz\/co-si-oblect-v-unoru-po-nejdelsim-lednu-v-historii-lidstva\/","og_site_name":"blog.ccc.eu\/cz","article_published_time":"2024-02-07T13:14:03+00:00","article_modified_time":"2024-02-07T13:14:41+00:00","og_image":[{"width":1920,"height":2560,"url":"https:\/\/blog.ccc.eu\/cz\/wp-content\/uploads\/2024\/02\/Untitled-837-scaled-1.jpg","type":"image\/jpeg"}],"author":"Lena","twitter_card":"summary_large_image","twitter_misc":{"Napsal(a)":"Lena","Odhadovan\u00e1 doba \u010dten\u00ed":"4 minuty"},"schema":{"@context":"https:\/\/schema.org","@graph":[{"@type":"Article","@id":"https:\/\/blog.ccc.eu\/cz\/co-si-oblect-v-unoru-po-nejdelsim-lednu-v-historii-lidstva\/#article","isPartOf":{"@id":"https:\/\/blog.ccc.eu\/cz\/co-si-oblect-v-unoru-po-nejdelsim-lednu-v-historii-lidstva\/"},"author":{"name":"Lena","@id":"https:\/\/blog.ccc.eu\/cz\/#\/schema\/person\/6d50a49f9c84d32a489180be7a29155d"},"headline":"Co si obl\u00e9ct v \u00fanoru po nejdel\u0161\u00edm lednu v historii lidstva\u00a0","datePublished":"2024-02-07T13:14:03+00:00","dateModified":"2024-02-07T13:14:41+00:00","mainEntityOfPage":{"@id":"https:\/\/blog.ccc.eu\/cz\/co-si-oblect-v-unoru-po-nejdelsim-lednu-v-historii-lidstva\/"},"wordCount":866,"commentCount":0,"publisher":{"@id":"https:\/\/blog.ccc.eu\/cz\/#organization"},"image":{"@id":"https:\/\/blog.ccc.eu\/cz\/co-si-oblect-v-unoru-po-nejdelsim-lednu-v-historii-lidstva\/#primaryimage"},"thumbnailUrl":"https:\/\/blog.ccc.eu\/cz\/wp-content\/uploads\/2024\/02\/Untitled-837-scaled-1.jpg","keywords":["Boty","kabelky","\u00fanor","zima"],"articleSection":["M\u00d3DN\u00cd TIPY"],"inLanguage":"cs","potentialAction":[{"@type":"CommentAction","name":"Comment","target":["https:\/\/blog.ccc.eu\/cz\/co-si-oblect-v-unoru-po-nejdelsim-lednu-v-historii-lidstva\/#respond"]}]},{"@type":"WebPage","@id":"https:\/\/blog.ccc.eu\/cz\/co-si-oblect-v-unoru-po-nejdelsim-lednu-v-historii-lidstva\/","url":"https:\/\/blog.ccc.eu\/cz\/co-si-oblect-v-unoru-po-nejdelsim-lednu-v-historii-lidstva\/","name":"Co si obl\u00e9ct v \u00fanoru po nejdel\u0161\u00edm lednu v historii lidstva\u00a0 - blog.ccc.eu\/cz","isPartOf":{"@id":"https:\/\/blog.ccc.eu\/cz\/#website"},"primaryImageOfPage":{"@id":"https:\/\/blog.ccc.eu\/cz\/co-si-oblect-v-unoru-po-nejdelsim-lednu-v-historii-lidstva\/#primaryimage"},"image":{"@id":"https:\/\/blog.ccc.eu\/cz\/co-si-oblect-v-unoru-po-nejdelsim-lednu-v-historii-lidstva\/#primaryimage"},"thumbnailUrl":"https:\/\/blog.ccc.eu\/cz\/wp-content\/uploads\/2024\/02\/Untitled-837-scaled-1.jpg","datePublished":"2024-02-07T13:14:03+00:00","dateModified":"2024-02-07T13:14:41+00:00","description":"Co evokuje \u00fanor? Je to m\u011bs\u00edc Fashion week\u016f. Pokud n\u00e1m bude po\u010das\u00ed p\u0159\u00e1t, je to tak\u00e9 ide\u00e1ln\u00ed \u010das vyzkou\u0161et nov\u00e9, p\u0159echodn\u00e9 outfity.\u00a0","breadcrumb":{"@id":"https:\/\/blog.ccc.eu\/cz\/co-si-oblect-v-unoru-po-nejdelsim-lednu-v-historii-lidstva\/#breadcrumb"},"inLanguage":"cs","potentialAction":[{"@type":"ReadAction","target":["https:\/\/blog.ccc.eu\/cz\/co-si-oblect-v-unoru-po-nejdelsim-lednu-v-historii-lidstva\/"]}]},{"@type":"ImageObject","inLanguage":"cs","@id":"https:\/\/blog.ccc.eu\/cz\/co-si-oblect-v-unoru-po-nejdelsim-lednu-v-historii-lidstva\/#primaryimage","url":"https:\/\/blog.ccc.eu\/cz\/wp-content\/uploads\/2024\/02\/Untitled-837-scaled-1.jpg","contentUrl":"https:\/\/blog.ccc.eu\/cz\/wp-content\/uploads\/2024\/02\/Untitled-837-scaled-1.jpg","width":1920,"height":2560,"caption":"lodi\u010dky"},{"@type":"BreadcrumbList","@id":"https:\/\/blog.ccc.eu\/cz\/co-si-oblect-v-unoru-po-nejdelsim-lednu-v-historii-lidstva\/#breadcrumb","itemListElement":[{"@type":"ListItem","position":1,"name":"Strona g\u0142\u00f3wna","item":"https:\/\/blog.ccc.eu\/cz\/"},{"@type":"ListItem","position":2,"name":"Co si obl\u00e9ct v \u00fanoru po nejdel\u0161\u00edm lednu v historii lidstva\u00a0"}]},{"@type":"WebSite","@id":"https:\/\/blog.ccc.eu\/cz\/#website","url":"https:\/\/blog.ccc.eu\/cz\/","name":"blog.ccc.eu\/cz","description":"Va\u0161e m\u00edsto pln\u00e9 m\u00f3dn\u00edch inspirac\u00ed","publisher":{"@id":"https:\/\/blog.ccc.eu\/cz\/#organization"},"potentialAction":[{"@type":"SearchAction","target":{"@type":"EntryPoint","urlTemplate":"https:\/\/blog.ccc.eu\/cz\/?s={search_term_string}"},"query-input":{"@type":"PropertyValueSpecification","valueRequired":true,"valueName":"search_term_string"}}],"inLanguage":"cs"},{"@type":"Organization","@id":"https:\/\/blog.ccc.eu\/cz\/#organization","name":"CCC S.A.","url":"https:\/\/blog.ccc.eu\/cz\/","logo":{"@type":"ImageObject","inLanguage":"cs","@id":"https:\/\/blog.ccc.eu\/cz\/#\/schema\/logo\/image\/","url":"https:\/\/blog.ccc.eu\/cz\/wp-content\/uploads\/2021\/11\/logo_ccc.png","contentUrl":"https:\/\/blog.ccc.eu\/cz\/wp-content\/uploads\/2021\/11\/logo_ccc.png","width":730,"height":270,"caption":"CCC S.A."},"image":{"@id":"https:\/\/blog.ccc.eu\/cz\/#\/schema\/logo\/image\/"}},{"@type":"Person","@id":"https:\/\/blog.ccc.eu\/cz\/#\/schema\/person\/6d50a49f9c84d32a489180be7a29155d","name":"Lena","image":{"@type":"ImageObject","inLanguage":"cs","@id":"https:\/\/blog.ccc.eu\/cz\/#\/schema\/person\/image\/","url":"https:\/\/blog.ccc.eu\/cz\/wp-content\/uploads\/2022\/06\/MicrosoftTeams-image-2-100x100.jpg","contentUrl":"https:\/\/blog.ccc.eu\/cz\/wp-content\/uploads\/2022\/06\/MicrosoftTeams-image-2-100x100.jpg","caption":"Lena"},"description":"Absolventka digit\u00e1ln\u00edho marketingu se zku\u0161enostmi s obsahov\u00fdm marketingem a (velmi p\u0159ekvapiv\u011b) copywritingem. Ve voln\u00e9m \u010dase r\u00e1da nos\u00ed platformy a sna\u017e\u00ed se vyva\u017eovat n\u00e1kupy ve fast-fashion \u0159et\u011bzc\u00edch, swapov\u00e1n\u00edm.","url":"https:\/\/blog.ccc.eu\/cz\/author\/katarzyna-kostygin\/"}]}},"_links":{"self":[{"href":"https:\/\/blog.ccc.eu\/cz\/wp-json\/wp\/v2\/posts\/6651","targetHints":{"allow":["GET"]}}],"collection":[{"href":"https:\/\/blog.ccc.eu\/cz\/wp-json\/wp\/v2\/posts"}],"about":[{"href":"https:\/\/blog.ccc.eu\/cz\/wp-json\/wp\/v2\/types\/post"}],"author":[{"embeddable":true,"href":"https:\/\/blog.ccc.eu\/cz\/wp-json\/wp\/v2\/users\/12"}],"replies":[{"embeddable":true,"href":"https:\/\/blog.ccc.eu\/cz\/wp-json\/wp\/v2\/comments?post=6651"}],"version-history":[{"count":4,"href":"https:\/\/blog.ccc.eu\/cz\/wp-json\/wp\/v2\/posts\/6651\/revisions"}],"predecessor-version":[{"id":6659,"href":"https:\/\/blog.ccc.eu\/cz\/wp-json\/wp\/v2\/posts\/6651\/revisions\/6659"}],"wp:featuredmedia":[{"embeddable":true,"href":"https:\/\/blog.ccc.eu\/cz\/wp-json\/wp\/v2\/media\/6654"}],"wp:attachment":[{"href":"https:\/\/blog.ccc.eu\/cz\/wp-json\/wp\/v2\/media?parent=6651"}],"wp:term":[{"taxonomy":"category","embeddable":true,"href":"https:\/\/blog.ccc.eu\/cz\/wp-json\/wp\/v2\/categories?post=6651"},{"taxonomy":"post_tag","embeddable":true,"href":"https:\/\/blog.ccc.eu\/cz\/wp-json\/wp\/v2\/tags?post=6651"}],"curies":[{"name":"wp","href":"https:\/\/api.w.org\/{rel}","templated":true}]}}