{"id":6795,"date":"2024-03-26T12:29:22","date_gmt":"2024-03-26T11:29:22","guid":{"rendered":"https:\/\/blog.ccc.eu\/cz\/?p=6795"},"modified":"2024-05-02T09:32:14","modified_gmt":"2024-05-02T07:32:14","slug":"jaro-je-tu-a-s-nim-prichazi-nova-kolekce-od-vasich-oblibenych-znacek-jenny-fairy-nine-west-a-deezee","status":"publish","type":"post","link":"https:\/\/blog.ccc.eu\/cz\/jaro-je-tu-a-s-nim-prichazi-nova-kolekce-od-vasich-oblibenych-znacek-jenny-fairy-nine-west-a-deezee\/","title":{"rendered":"Jaro je tu! A s n\u00edm p\u0159ich\u00e1z\u00ed nov\u00e1 kolekce od va\u0161ich obl\u00edben\u00fdch zna\u010dek: Jenny Fairy, NINE WEST a DeeZee\u00a0"},"content":{"rendered":"\n<p><\/p>\n\n\n\n<p><strong>Jar se bl\u00ed\u017e\u00ed a s n\u00edm p\u0159ich\u00e1z\u00ed do m\u00f3dy vlna sv\u011b\u017eesti a nov\u00fdch trend\u016f. Po dlouh\u00e9 zim\u011b, kdy jsme nosili tlumen\u00e9 barvy a t\u011b\u017ek\u00e9 materi\u00e1ly, se t\u011b\u0161\u00edme na op\u011bt probouzej\u00edc\u00ed se p\u0159\u00edrodu a odv\u00e1\u017en\u011bj\u0161\u00ed m\u00f3dn\u00ed experimenty. Jaro v sob\u011b nese atmosf\u00e9ru obnovy a nov\u00fdch za\u010d\u00e1tk\u016f, co\u017e se odr\u00e1\u017e\u00ed i v na\u0161em oble\u010den\u00ed.&nbsp;<\/strong><\/p>\n\n\n\n<p><\/p>\n\n\n\n<figure class=\"wp-block-embed\"><div class=\"wp-block-embed__wrapper\">\nhttps:\/\/www.instagram.com\/p\/C4x9rTeNeG3\n<\/div><\/figure>\n\n\n\n<p>Sv\u011btl\u00e9 a pastelov\u00e9 barvy se st\u00e1vaj\u00ed st\u0159edobodem pozornosti, rozjas\u0148uj\u00ed na\u0161e outfitu i n\u00e1ladu. Vzory jako kv\u011btiny, listy a geometrick\u00e9 tvary n\u00e1m p\u0159ipom\u00ednaj\u00ed rozkvetlou p\u0159\u00edrodu a p\u0159in\u00e1\u0161ej\u00ed do na\u0161ich \u0161atn\u00edk\u016f \u0161petku vesel\u00ed. Lehk\u00e9 materi\u00e1ly jako bavlna, len a visk\u00f3za se st\u00e1vaj\u00ed na\u0161imi v\u011brn\u00fdmi spole\u010dn\u00edky, zaji\u0161\u0165uj\u00edc\u00edmi n\u00e1m pohodl\u00ed a styl v ka\u017ed\u00e9m po\u010das\u00ed. Jaro je obdob\u00edm obnovy a kreativity. M\u016f\u017eeme prost\u0159ednictv\u00edm oble\u010den\u00ed l\u00e9pe vyj\u00e1d\u0159it na\u0161i osobnost a energii. Obnovte si sv\u016fj \u0161atn\u00edk <a href=\"https:\/\/ccc.eu\/cz\/all\/damska-kolekce-2024\">s novou kolekc\u00ed va\u0161ich obl\u00edben\u00fdch zna\u010dek Jenny Fairy, NINE WEST a DeeZee. \ud83d\udc90 &nbsp;<\/a><\/p>\n\n\n\n<figure class=\"wp-block-embed\"><div class=\"wp-block-embed__wrapper\">\nhttps:\/\/www.instagram.com\/p\/C45CShPtrOf\n<\/div><\/figure>\n\n\n\n<p><\/p>\n\n\n\n<h2 class=\"wp-block-heading\">Jenny Fairy<\/h2>\n\n\n\n<p>Jenny Fairy je zna\u010dka, kter\u00e1 p\u0159in\u00e1\u0161\u00ed do sv\u011bta m\u00f3dy dostupn\u00e9 trendy spojen\u00e9 s eleganc\u00ed a stylem. Je zn\u00e1m\u00e1 sv\u00fdmi modern\u00edmi a stylov\u00fdmi kabelkami, obuv\u00ed a dopl\u0148ky, kter\u00e9 odpov\u00eddaj\u00ed aktu\u00e1ln\u00edm trend\u016fm a vkusu. Kolekce Jenny Fairy se vyzna\u010duj\u00ed r\u016fznorodost\u00ed design\u016f, barevn\u00fdch kombinac\u00ed a kvalitn\u00edmi materi\u00e1ly, co\u017e \u010din\u00ed zna\u010dku obl\u00edbenou nejen mezi mlad\u00fdmi trendsettery, ale i mezi t\u011bmi, kte\u0159\u00ed hledaj\u00ed praktick\u00e9 a stylov\u00e9 dopl\u0148ky pro ka\u017edodenn\u00ed pou\u017eit\u00ed.&nbsp;<\/p>\n\n\n\n<p>A to plat\u00ed i pro <a href=\"https:\/\/ccc.eu\/cz\/damske\/znacky\/jenny-fairy\">novou jarn\u00ed kolekci: Spring edit.<\/a> Vyberte si z bohat\u00e9 nab\u00eddky elegantn\u00edch a roztomil\u00fdch baler\u00ednek. Milovnice nad\u010dasov\u00e9 \u010dern\u00e9 si ur\u010dit\u011b p\u0159ijdou na sv\u00e9, ale i ty, kter\u00e9 se neboj\u00ed metalick\u00fdch odlesk\u016f, kter\u00e9 jsou tento rok velmi trendy. St\u0159\u00edbrn\u00e1 a zlat\u00e1 barva ve va\u0161em \u0161atn\u00edku rozhodn\u011b nesm\u00ed chyb\u011bt!&nbsp;<\/p>\n\n\n\n<p>Pokud preferujete vy\u0161\u0161\u00ed podpatky, s\u00e1hn\u011bte po nad\u010dasov\u00fdch Mary Janes v leskl\u00e9 \u010dern\u00e9 barv\u011b. Jsou skv\u011bl\u00e9 na ka\u017ed\u00fd den, ale i na speci\u00e1ln\u00ed p\u0159\u00edle\u017eitosti.&nbsp;<\/p>\n\n\n\n<shortcode prop-category=\"Baler\u00ednky\" prop-manufacturer=\"Jenny Fairy\" prop-load-num=\"12\" prop-display-num=\"4\" prop-sku=\"5905588322986, 5905588345237, 5905588372042,00, 5905588372035, 5905588439615, 5905588377283, 5905588220367, 5905588372028, 5905588372035, 5905588309321, 5905588487517, 5905588383734, 5905588358299,\" prop-view=\"slider\"><\/shortcode>        <div\r\n            class=\"eob-pf-shortcode\"\r\n            id=\"eobpf69f33c0cc8528\"\r\n        >\r\n            <shortcode prop-category=\"Baler\u00ednky\" prop-manufacturer=\"Jenny Fairy\" prop-load-num=\"12\" prop-display-num=\"4\" prop-sku=\"5905588322986, 5905588345237, 5905588372042,00, 5905588372035, 5905588439615, 5905588377283, 5905588220367, 5905588372028, 5905588372035, 5905588309321, 5905588487517, 5905588383734, 5905588358299,\" prop-view=\"slider\"><\/shortcode>        <\/div>\r\n\t\t<script>\r\n\t\t\tjQuery(document).ready(() => {\r\n\t\t\t    const root = document.getElementById('eobpf69f33c0cc8528');\r\n                Vue.createApp({\r\n\t                components: {\r\n\t                    shortcode\r\n\t                }\r\n                }).mount(root);\r\n\t\t\t});\r\n\t\t<\/script>\r\n\t\t\r\n\t\t\n\n\n\n<p><\/p>\n\n\n\n<p>Tuto sez\u00f3nu samoz\u0159ejm\u011b nezapom\u00edn\u00e1me ani na kabelky. Vyberte si z bohat\u00e9 nab\u00eddky praktick\u00fdch a trendy model\u016f ve v\u011bt\u0161\u00edch i st\u0159edn\u00edch rozm\u011brech.&nbsp;<\/p>\n\n\n\n<p>Jenny Fairy se sna\u017e\u00ed p\u0159in\u00e1\u0161et m\u00f3du, kter\u00e1 je nejen modern\u00ed, ale i dostupn\u00e1 pro \u0161irokou ve\u0159ejnost, \u010d\u00edm\u017e d\u011bl\u00e1 m\u00f3du p\u0159\u00edstupnou a z\u00e1bavnou pro ka\u017ed\u00e9ho. Jej\u00ed produkty jsou vhodn\u00e9 nejen pro speci\u00e1ln\u00ed p\u0159\u00edle\u017eitosti, ale i pro ka\u017edodenn\u00ed no\u0161en\u00ed, \u010d\u00edm\u017e se st\u00e1vaj\u00ed nenahraditeln\u00fdmi spole\u010dn\u00edky ve va\u0161em ka\u017edodenn\u00edm \u017eivot\u011b.&nbsp;<\/p>\n\n\n<shortcode prop-category=\"D\u00e1msk\u00e9 kabelky\" prop-manufacturer=\"Jenny Fairy\" prop-load-num=\"12\" prop-display-num=\"4\" prop-sku=\"5905588335320, 5905588335092, 5905588346326, 5905588335146, 5905588249771, 5905588353027, 5905588335108, 5905588335160, 5905588335177,  5905588335153, 5905588249658 \" prop-view=\"slider\"><\/shortcode>        <div\r\n            class=\"eob-pf-shortcode\"\r\n            id=\"eobpf69f33c0cc863d\"\r\n        >\r\n            <shortcode prop-category=\"D\u00e1msk\u00e9 kabelky\" prop-manufacturer=\"Jenny Fairy\" prop-load-num=\"12\" prop-display-num=\"4\" prop-sku=\"5905588335320, 5905588335092, 5905588346326, 5905588335146, 5905588249771, 5905588353027, 5905588335108, 5905588335160, 5905588335177,  5905588335153, 5905588249658 \" prop-view=\"slider\"><\/shortcode>        <\/div>\r\n\t\t<script>\r\n\t\t\tjQuery(document).ready(() => {\r\n\t\t\t    const root = document.getElementById('eobpf69f33c0cc863d');\r\n                Vue.createApp({\r\n\t                components: {\r\n\t                    shortcode\r\n\t                }\r\n                }).mount(root);\r\n\t\t\t});\r\n\t\t<\/script>\r\n\t\t\r\n\t\t\n\n\n\n<p><\/p>\n\n\n\n<h2 class=\"wp-block-heading\">NINE WEST&nbsp;<\/h2>\n\n\n\n<p>Nine West je renomovan\u00e1 zna\u010dka zam\u011b\u0159en\u00e1 na obuv, kabelky, dopl\u0148ky a dal\u0161\u00ed m\u00f3dn\u00ed dopl\u0148ky, kter\u00e9 zd\u016fraz\u0148uj\u00ed eleganci a styl modern\u00edho m\u011bsta. Od sv\u00e9ho zalo\u017een\u00ed v roce 1978 se Nine West stal symbolem sofistikovanosti a trendov\u00e9ho stylu pro \u017eeny po cel\u00e9m sv\u011bt\u011b. Jejich kolekce jsou zn\u00e1m\u00e9 pro svou inovativn\u00ed design\u00e9rskou pr\u00e1ci a kvalitn\u00ed materi\u00e1ly, kter\u00e9 se spojuj\u00ed s pohodln\u00fdm no\u0161en\u00edm.&nbsp;<\/p>\n\n\n\n<figure class=\"wp-block-embed\"><div class=\"wp-block-embed__wrapper\">\nhttps:\/\/www.instagram.com\/p\/C4zq9sItl0y\n<\/div><\/figure>\n\n\n\n<p>Pod\u00edvejte se na dokonal\u00e9 dopl\u0148ky <a href=\"https:\/\/ccc.eu\/cz\/all\/damska-kolekce-2024\/znacka:nine_west\">od NINE WEST v nov\u00e9 kolekci Spring edit. <\/a>Elegantn\u00ed a p\u0159itom pohodln\u00e9 baler\u00edny v nad\u010dasov\u00e9 \u010dern\u00e9 a femme fatale \u010derven\u00e9 barv\u011b se snadno stanou va\u0161\u00ed nejobl\u00edben\u011bj\u0161\u00ed obuv\u00ed na jaro. Pokud hled\u00e1te nov\u00fd p\u00e1r lodi\u010dek, nezapome\u0148te na pastelov\u011b r\u016f\u017eov\u00e9, ide\u00e1ln\u00ed ke jarn\u00edm outfit\u016fm.&nbsp;<\/p>\n\n\n\n<p>Bez ohledu na to, zda hled\u00e1te elegantn\u00ed boty na pracovn\u00ed sch\u016fzku nebo stylovou kabelku na n\u00e1kupy, Nine West nab\u00edz\u00ed \u0161irok\u00fd v\u00fdb\u011br mo\u017enost\u00ed pro ka\u017edou p\u0159\u00edle\u017eitost. Jejich kolekce se p\u0159izp\u016fsobuj\u00ed m\u011bn\u00edc\u00edm se trend\u016fm m\u00f3dy, p\u0159i\u010dem\u017e si zachov\u00e1vaj\u00ed svou jedine\u010dnou identitu a nad\u010dasov\u00fd styl. Proto Nine West z\u016fst\u00e1v\u00e1 spolehlivou volbou pro \u017eeny, kter\u00e9 hledaj\u00ed stylov\u00e9 a kvalitn\u00ed m\u00f3dn\u00ed produkty.&nbsp;<\/p>\n\n\n\n<shortcode prop-category=\"Baler\u00ednky\" prop-manufacturer=\"NINE WEST\" prop-load-num=\"12\" prop-display-num=\"4\" prop-sku=\"5905588533733, 5905588468356, 5905588468363\" prop-view=\"slider\"><\/shortcode>        <div\r\n            class=\"eob-pf-shortcode\"\r\n            id=\"eobpf69f33c0cc8677\"\r\n        >\r\n            <shortcode prop-category=\"Baler\u00ednky\" prop-manufacturer=\"NINE WEST\" prop-load-num=\"12\" prop-display-num=\"4\" prop-sku=\"5905588533733, 5905588468356, 5905588468363\" prop-view=\"slider\"><\/shortcode>        <\/div>\r\n\t\t<script>\r\n\t\t\tjQuery(document).ready(() => {\r\n\t\t\t    const root = document.getElementById('eobpf69f33c0cc8677');\r\n                Vue.createApp({\r\n\t                components: {\r\n\t                    shortcode\r\n\t                }\r\n                }).mount(root);\r\n\t\t\t});\r\n\t\t<\/script>\r\n\t\t\r\n\t\t\n\n\n\n<p><\/p>\n\n\n\n<h2 class=\"wp-block-heading\">DeeZee<\/h2>\n\n\n\n<p>DeeZee je trendy zna\u010dka zam\u011b\u0159en\u00e1 na obuv a dopl\u0148ky, kter\u00e9 o\u017eivuj\u00ed v\u00e1\u0161 outfit a dod\u00e1vaj\u00ed mu osobitost. Svoji kreativitou a neust\u00e1l\u00fdm sledov\u00e1n\u00edm m\u00f3dn\u00edch trend\u016f se DeeZee st\u00e1v\u00e1 obl\u00edbenou volbou pro ty, kte\u0159\u00ed hledaj\u00ed stylov\u00e9 a pohodln\u00e9 dopl\u0148ky na ka\u017ed\u00fd den. A\u0165 u\u017e jde o trendy boty, elegantn\u00ed sand\u00e1ly nebo pohodln\u00e9 tenisky, DeeZee nab\u00edz\u00ed \u0161irok\u00fd v\u00fdb\u011br mo\u017enost\u00ed na r\u016fzn\u00e9 p\u0159\u00edle\u017eitosti.&nbsp;<\/p>\n\n\n\n<figure class=\"wp-block-embed\"><div class=\"wp-block-embed__wrapper\">\nhttps:\/\/www.instagram.com\/p\/C4xT9wAhoyf\n<\/div><\/figure>\n\n\n\n<p>Kolekce DeeZee se vyzna\u010duj\u00ed inovativn\u00edmi designy, kvalitn\u00edmi materi\u00e1ly a dostupn\u00fdmi cenami, co\u017e d\u011bl\u00e1 zna\u010dku obl\u00edbenou mezi r\u016fzn\u00fdmi v\u011bkov\u00fdmi skupinami a m\u00f3dn\u00edmi estetikami. Bez ohledu na to, jestli se chyst\u00e1te na pracovn\u00ed den, setk\u00e1n\u00ed s p\u0159\u00e1teli nebo ve\u010dern\u00ed ud\u00e1lost, DeeZee m\u00e1 pro v\u00e1s ten spr\u00e1vn\u00fd kousek, kter\u00fd v\u00e1m pom\u016f\u017ee vyj\u00e1d\u0159it va\u0161i osobnost a styl. Objevte nad\u010dasov\u00e9, \u010dern\u00e9 mokas\u00edny nebo b\u00edl\u00e9 tenisky, ide\u00e1ln\u00ed na jaro. Jsou skv\u011bl\u00e9 k \u0161at\u016fm i va\u0161im obl\u00edben\u00fdm d\u017e\u00edn\u016fm.&nbsp;<\/p>\n\n\n\n<p>S\u00e1hn\u011bte po b\u00edl\u00fdch kabelk\u00e1ch a dopl\u0148te tak v\u00e1\u0161 jarn\u00ed outfit ne\u010dekan\u011b a p\u0159itom tak p\u0159irozen\u011b! <a href=\"https:\/\/ccc.eu\/cz\/damske\/znacky\/deezee\">Dopl\u0148ky jako kabelky od DeeZee<\/a> dodaj\u00ed va\u0161emu vzhledu je\u0161t\u011b v\u011bt\u0161\u00ed eleganci a \u0161arm. Proto a\u0165 u\u017e hled\u00e1te praktick\u00e1 nebo stylov\u00e1 \u0159e\u0161en\u00ed, DeeZee je tu, aby v\u00e1m pomohl vytvo\u0159it si ten spr\u00e1vn\u00fd look na ka\u017edou p\u0159\u00edle\u017eitost.&nbsp;<\/p>\n","protected":false},"excerpt":{"rendered":"<p>Jar se bl\u00ed\u017e\u00ed a s n\u00edm p\u0159ich\u00e1z\u00ed do m\u00f3dy vlna sv\u011b\u017eesti a nov\u00fdch trend\u016f. Po dlouh\u00e9 zim\u011b, kdy jsme nosili tlumen\u00e9 barvy a t\u011b\u017ek\u00e9 materi\u00e1ly, se t\u011b\u0161\u00edme na op\u011bt probouzej\u00edc\u00ed se p\u0159\u00edrodu a odv\u00e1\u017en\u011bj\u0161\u00ed m\u00f3dn\u00ed experimenty. Jaro v sob\u011b nese atmosf\u00e9ru obnovy a nov\u00fdch za\u010d\u00e1tk\u016f, co\u017e se odr\u00e1\u017e\u00ed i v na\u0161em oble\u010den\u00ed.&nbsp; Sv\u011btl\u00e9 a pastelov\u00e9 [&hellip;]<\/p>\n","protected":false},"author":12,"featured_media":6803,"comment_status":"open","ping_status":"open","sticky":false,"template":"","format":"standard","meta":{"_acf_changed":false,"footnotes":""},"categories":[432,6],"tags":[965,468,834,968,969,966,967],"class_list":["post-6795","post","type-post","status-publish","format-standard","has-post-thumbnail","hentry","category-novinky","category-trendy","tag-springedit","tag-deezee","tag-jar","tag-jarnakolekcia","tag-jarnamoda","tag-jennyfairy","tag-ninewest"],"acf":[],"yoast_head":"<!-- This site is optimized with the Yoast SEO plugin v26.9 - https:\/\/yoast.com\/product\/yoast-seo-wordpress\/ -->\n<title>Jaro je tu! A s n\u00edm p\u0159ich\u00e1z\u00ed nov\u00e1 kolekce od va\u0161ich obl\u00edben\u00fdch zna\u010dek: Jenny Fairy, NINE WEST a DeeZee\u00a0 - blog.ccc.eu\/cz<\/title>\n<meta name=\"description\" content=\"2026\" \/>\n<meta name=\"robots\" content=\"index, follow, max-snippet:-1, max-image-preview:large, max-video-preview:-1\" \/>\n<link rel=\"canonical\" href=\"https:\/\/blog.ccc.eu\/cz\/jaro-je-tu-a-s-nim-prichazi-nova-kolekce-od-vasich-oblibenych-znacek-jenny-fairy-nine-west-a-deezee\/\" \/>\n<meta property=\"og:locale\" content=\"cs_CZ\" \/>\n<meta property=\"og:type\" content=\"article\" \/>\n<meta property=\"og:title\" content=\"Jaro je tu! A s n\u00edm p\u0159ich\u00e1z\u00ed nov\u00e1 kolekce od va\u0161ich obl\u00edben\u00fdch zna\u010dek: Jenny Fairy, NINE WEST a DeeZee\u00a0 - blog.ccc.eu\/cz\" \/>\n<meta property=\"og:description\" content=\"Jar se bl\u00ed\u017e\u00ed a s n\u00edm p\u0159ich\u00e1z\u00ed do m\u00f3dy vlna sv\u011b\u017eesti a nov\u00fdch trend\u016f. Po dlouh\u00e9 zim\u011b, kdy jsme nosili tlumen\u00e9 barvy a t\u011b\u017ek\u00e9 materi\u00e1ly, se t\u011b\u0161\u00edme na op\u011bt probouzej\u00edc\u00ed se p\u0159\u00edrodu a odv\u00e1\u017en\u011bj\u0161\u00ed m\u00f3dn\u00ed experimenty. Jaro v sob\u011b nese atmosf\u00e9ru obnovy a nov\u00fdch za\u010d\u00e1tk\u016f, co\u017e se odr\u00e1\u017e\u00ed i v na\u0161em oble\u010den\u00ed.&nbsp; Sv\u011btl\u00e9 a pastelov\u00e9 [&hellip;]\" \/>\n<meta property=\"og:url\" content=\"https:\/\/blog.ccc.eu\/cz\/jaro-je-tu-a-s-nim-prichazi-nova-kolekce-od-vasich-oblibenych-znacek-jenny-fairy-nine-west-a-deezee\/\" \/>\n<meta property=\"og:site_name\" content=\"blog.ccc.eu\/cz\" \/>\n<meta property=\"article:published_time\" content=\"2024-03-26T11:29:22+00:00\" \/>\n<meta property=\"article:modified_time\" content=\"2024-05-02T07:32:14+00:00\" \/>\n<meta property=\"og:image\" content=\"https:\/\/blog.ccc.eu\/cz\/wp-content\/uploads\/2024\/03\/SPRING-EDIT-PAID_1x1_6.jpg\" \/>\n\t<meta property=\"og:image:width\" content=\"1080\" \/>\n\t<meta property=\"og:image:height\" content=\"1080\" \/>\n\t<meta property=\"og:image:type\" content=\"image\/jpeg\" \/>\n<meta name=\"author\" content=\"Lena\" \/>\n<meta name=\"twitter:card\" content=\"summary_large_image\" \/>\n<meta name=\"twitter:label1\" content=\"Napsal(a)\" \/>\n\t<meta name=\"twitter:data1\" content=\"Lena\" \/>\n\t<meta name=\"twitter:label2\" content=\"Odhadovan\u00e1 doba \u010dten\u00ed\" \/>\n\t<meta name=\"twitter:data2\" content=\"5 minut\" \/>\n<script type=\"application\/ld+json\" class=\"yoast-schema-graph\">{\"@context\":\"https:\/\/schema.org\",\"@graph\":[{\"@type\":\"Article\",\"@id\":\"https:\/\/blog.ccc.eu\/cz\/jaro-je-tu-a-s-nim-prichazi-nova-kolekce-od-vasich-oblibenych-znacek-jenny-fairy-nine-west-a-deezee\/#article\",\"isPartOf\":{\"@id\":\"https:\/\/blog.ccc.eu\/cz\/jaro-je-tu-a-s-nim-prichazi-nova-kolekce-od-vasich-oblibenych-znacek-jenny-fairy-nine-west-a-deezee\/\"},\"author\":{\"name\":\"Lena\",\"@id\":\"https:\/\/blog.ccc.eu\/cz\/#\/schema\/person\/6d50a49f9c84d32a489180be7a29155d\"},\"headline\":\"Jaro je tu! A s n\u00edm p\u0159ich\u00e1z\u00ed nov\u00e1 kolekce od va\u0161ich obl\u00edben\u00fdch zna\u010dek: Jenny Fairy, NINE WEST a DeeZee\u00a0\",\"datePublished\":\"2024-03-26T11:29:22+00:00\",\"dateModified\":\"2024-05-02T07:32:14+00:00\",\"mainEntityOfPage\":{\"@id\":\"https:\/\/blog.ccc.eu\/cz\/jaro-je-tu-a-s-nim-prichazi-nova-kolekce-od-vasich-oblibenych-znacek-jenny-fairy-nine-west-a-deezee\/\"},\"wordCount\":1088,\"commentCount\":0,\"publisher\":{\"@id\":\"https:\/\/blog.ccc.eu\/cz\/#organization\"},\"image\":{\"@id\":\"https:\/\/blog.ccc.eu\/cz\/jaro-je-tu-a-s-nim-prichazi-nova-kolekce-od-vasich-oblibenych-znacek-jenny-fairy-nine-west-a-deezee\/#primaryimage\"},\"thumbnailUrl\":\"https:\/\/blog.ccc.eu\/cz\/wp-content\/uploads\/2024\/03\/SPRING-EDIT-PAID_1x1_6.jpg\",\"keywords\":[\"#springedit\",\"deezee\",\"jar\",\"jarnakolekcia\",\"jarnamoda\",\"jennyfairy\",\"ninewest\"],\"articleSection\":[\"NOVINKY\",\"TRENDY\"],\"inLanguage\":\"cs\",\"potentialAction\":[{\"@type\":\"CommentAction\",\"name\":\"Comment\",\"target\":[\"https:\/\/blog.ccc.eu\/cz\/jaro-je-tu-a-s-nim-prichazi-nova-kolekce-od-vasich-oblibenych-znacek-jenny-fairy-nine-west-a-deezee\/#respond\"]}]},{\"@type\":\"WebPage\",\"@id\":\"https:\/\/blog.ccc.eu\/cz\/jaro-je-tu-a-s-nim-prichazi-nova-kolekce-od-vasich-oblibenych-znacek-jenny-fairy-nine-west-a-deezee\/\",\"url\":\"https:\/\/blog.ccc.eu\/cz\/jaro-je-tu-a-s-nim-prichazi-nova-kolekce-od-vasich-oblibenych-znacek-jenny-fairy-nine-west-a-deezee\/\",\"name\":\"Jaro je tu! A s n\u00edm p\u0159ich\u00e1z\u00ed nov\u00e1 kolekce od va\u0161ich obl\u00edben\u00fdch zna\u010dek: Jenny Fairy, NINE WEST a DeeZee\u00a0 - blog.ccc.eu\/cz\",\"isPartOf\":{\"@id\":\"https:\/\/blog.ccc.eu\/cz\/#website\"},\"primaryImageOfPage\":{\"@id\":\"https:\/\/blog.ccc.eu\/cz\/jaro-je-tu-a-s-nim-prichazi-nova-kolekce-od-vasich-oblibenych-znacek-jenny-fairy-nine-west-a-deezee\/#primaryimage\"},\"image\":{\"@id\":\"https:\/\/blog.ccc.eu\/cz\/jaro-je-tu-a-s-nim-prichazi-nova-kolekce-od-vasich-oblibenych-znacek-jenny-fairy-nine-west-a-deezee\/#primaryimage\"},\"thumbnailUrl\":\"https:\/\/blog.ccc.eu\/cz\/wp-content\/uploads\/2024\/03\/SPRING-EDIT-PAID_1x1_6.jpg\",\"datePublished\":\"2024-03-26T11:29:22+00:00\",\"dateModified\":\"2024-05-02T07:32:14+00:00\",\"breadcrumb\":{\"@id\":\"https:\/\/blog.ccc.eu\/cz\/jaro-je-tu-a-s-nim-prichazi-nova-kolekce-od-vasich-oblibenych-znacek-jenny-fairy-nine-west-a-deezee\/#breadcrumb\"},\"inLanguage\":\"cs\",\"potentialAction\":[{\"@type\":\"ReadAction\",\"target\":[\"https:\/\/blog.ccc.eu\/cz\/jaro-je-tu-a-s-nim-prichazi-nova-kolekce-od-vasich-oblibenych-znacek-jenny-fairy-nine-west-a-deezee\/\"]}]},{\"@type\":\"ImageObject\",\"inLanguage\":\"cs\",\"@id\":\"https:\/\/blog.ccc.eu\/cz\/jaro-je-tu-a-s-nim-prichazi-nova-kolekce-od-vasich-oblibenych-znacek-jenny-fairy-nine-west-a-deezee\/#primaryimage\",\"url\":\"https:\/\/blog.ccc.eu\/cz\/wp-content\/uploads\/2024\/03\/SPRING-EDIT-PAID_1x1_6.jpg\",\"contentUrl\":\"https:\/\/blog.ccc.eu\/cz\/wp-content\/uploads\/2024\/03\/SPRING-EDIT-PAID_1x1_6.jpg\",\"width\":1080,\"height\":1080,\"caption\":\"\u010dern\u00e9 baler\u00ednky\"},{\"@type\":\"BreadcrumbList\",\"@id\":\"https:\/\/blog.ccc.eu\/cz\/jaro-je-tu-a-s-nim-prichazi-nova-kolekce-od-vasich-oblibenych-znacek-jenny-fairy-nine-west-a-deezee\/#breadcrumb\",\"itemListElement\":[{\"@type\":\"ListItem\",\"position\":1,\"name\":\"Strona g\u0142\u00f3wna\",\"item\":\"https:\/\/blog.ccc.eu\/cz\/\"},{\"@type\":\"ListItem\",\"position\":2,\"name\":\"Jaro je tu! A s n\u00edm p\u0159ich\u00e1z\u00ed nov\u00e1 kolekce od va\u0161ich obl\u00edben\u00fdch zna\u010dek: Jenny Fairy, NINE WEST a DeeZee\u00a0\"}]},{\"@type\":\"WebSite\",\"@id\":\"https:\/\/blog.ccc.eu\/cz\/#website\",\"url\":\"https:\/\/blog.ccc.eu\/cz\/\",\"name\":\"blog.ccc.eu\/cz\",\"description\":\"Va\u0161e m\u00edsto pln\u00e9 m\u00f3dn\u00edch inspirac\u00ed\",\"publisher\":{\"@id\":\"https:\/\/blog.ccc.eu\/cz\/#organization\"},\"potentialAction\":[{\"@type\":\"SearchAction\",\"target\":{\"@type\":\"EntryPoint\",\"urlTemplate\":\"https:\/\/blog.ccc.eu\/cz\/?s={search_term_string}\"},\"query-input\":{\"@type\":\"PropertyValueSpecification\",\"valueRequired\":true,\"valueName\":\"search_term_string\"}}],\"inLanguage\":\"cs\"},{\"@type\":\"Organization\",\"@id\":\"https:\/\/blog.ccc.eu\/cz\/#organization\",\"name\":\"CCC S.A.\",\"url\":\"https:\/\/blog.ccc.eu\/cz\/\",\"logo\":{\"@type\":\"ImageObject\",\"inLanguage\":\"cs\",\"@id\":\"https:\/\/blog.ccc.eu\/cz\/#\/schema\/logo\/image\/\",\"url\":\"https:\/\/blog.ccc.eu\/cz\/wp-content\/uploads\/2021\/11\/logo_ccc.png\",\"contentUrl\":\"https:\/\/blog.ccc.eu\/cz\/wp-content\/uploads\/2021\/11\/logo_ccc.png\",\"width\":730,\"height\":270,\"caption\":\"CCC S.A.\"},\"image\":{\"@id\":\"https:\/\/blog.ccc.eu\/cz\/#\/schema\/logo\/image\/\"}},{\"@type\":\"Person\",\"@id\":\"https:\/\/blog.ccc.eu\/cz\/#\/schema\/person\/6d50a49f9c84d32a489180be7a29155d\",\"name\":\"Lena\",\"image\":{\"@type\":\"ImageObject\",\"inLanguage\":\"cs\",\"@id\":\"https:\/\/blog.ccc.eu\/cz\/#\/schema\/person\/image\/\",\"url\":\"https:\/\/blog.ccc.eu\/cz\/wp-content\/uploads\/2022\/06\/MicrosoftTeams-image-2-100x100.jpg\",\"contentUrl\":\"https:\/\/blog.ccc.eu\/cz\/wp-content\/uploads\/2022\/06\/MicrosoftTeams-image-2-100x100.jpg\",\"caption\":\"Lena\"},\"description\":\"Absolventka digit\u00e1ln\u00edho marketingu se zku\u0161enostmi s obsahov\u00fdm marketingem a (velmi p\u0159ekvapiv\u011b) copywritingem. Ve voln\u00e9m \u010dase r\u00e1da nos\u00ed platformy a sna\u017e\u00ed se vyva\u017eovat n\u00e1kupy ve fast-fashion \u0159et\u011bzc\u00edch, swapov\u00e1n\u00edm.\",\"url\":\"https:\/\/blog.ccc.eu\/cz\/author\/katarzyna-kostygin\/\"}]}<\/script>\n<!-- \/ Yoast SEO plugin. -->","yoast_head_json":{"title":"Jaro je tu! A s n\u00edm p\u0159ich\u00e1z\u00ed nov\u00e1 kolekce od va\u0161ich obl\u00edben\u00fdch zna\u010dek: Jenny Fairy, NINE WEST a DeeZee\u00a0 - blog.ccc.eu\/cz","description":"2026","robots":{"index":"index","follow":"follow","max-snippet":"max-snippet:-1","max-image-preview":"max-image-preview:large","max-video-preview":"max-video-preview:-1"},"canonical":"https:\/\/blog.ccc.eu\/cz\/jaro-je-tu-a-s-nim-prichazi-nova-kolekce-od-vasich-oblibenych-znacek-jenny-fairy-nine-west-a-deezee\/","og_locale":"cs_CZ","og_type":"article","og_title":"Jaro je tu! A s n\u00edm p\u0159ich\u00e1z\u00ed nov\u00e1 kolekce od va\u0161ich obl\u00edben\u00fdch zna\u010dek: Jenny Fairy, NINE WEST a DeeZee\u00a0 - blog.ccc.eu\/cz","og_description":"Jar se bl\u00ed\u017e\u00ed a s n\u00edm p\u0159ich\u00e1z\u00ed do m\u00f3dy vlna sv\u011b\u017eesti a nov\u00fdch trend\u016f. Po dlouh\u00e9 zim\u011b, kdy jsme nosili tlumen\u00e9 barvy a t\u011b\u017ek\u00e9 materi\u00e1ly, se t\u011b\u0161\u00edme na op\u011bt probouzej\u00edc\u00ed se p\u0159\u00edrodu a odv\u00e1\u017en\u011bj\u0161\u00ed m\u00f3dn\u00ed experimenty. Jaro v sob\u011b nese atmosf\u00e9ru obnovy a nov\u00fdch za\u010d\u00e1tk\u016f, co\u017e se odr\u00e1\u017e\u00ed i v na\u0161em oble\u010den\u00ed.&nbsp; Sv\u011btl\u00e9 a pastelov\u00e9 [&hellip;]","og_url":"https:\/\/blog.ccc.eu\/cz\/jaro-je-tu-a-s-nim-prichazi-nova-kolekce-od-vasich-oblibenych-znacek-jenny-fairy-nine-west-a-deezee\/","og_site_name":"blog.ccc.eu\/cz","article_published_time":"2024-03-26T11:29:22+00:00","article_modified_time":"2024-05-02T07:32:14+00:00","og_image":[{"width":1080,"height":1080,"url":"https:\/\/blog.ccc.eu\/cz\/wp-content\/uploads\/2024\/03\/SPRING-EDIT-PAID_1x1_6.jpg","type":"image\/jpeg"}],"author":"Lena","twitter_card":"summary_large_image","twitter_misc":{"Napsal(a)":"Lena","Odhadovan\u00e1 doba \u010dten\u00ed":"5 minut"},"schema":{"@context":"https:\/\/schema.org","@graph":[{"@type":"Article","@id":"https:\/\/blog.ccc.eu\/cz\/jaro-je-tu-a-s-nim-prichazi-nova-kolekce-od-vasich-oblibenych-znacek-jenny-fairy-nine-west-a-deezee\/#article","isPartOf":{"@id":"https:\/\/blog.ccc.eu\/cz\/jaro-je-tu-a-s-nim-prichazi-nova-kolekce-od-vasich-oblibenych-znacek-jenny-fairy-nine-west-a-deezee\/"},"author":{"name":"Lena","@id":"https:\/\/blog.ccc.eu\/cz\/#\/schema\/person\/6d50a49f9c84d32a489180be7a29155d"},"headline":"Jaro je tu! A s n\u00edm p\u0159ich\u00e1z\u00ed nov\u00e1 kolekce od va\u0161ich obl\u00edben\u00fdch zna\u010dek: Jenny Fairy, NINE WEST a DeeZee\u00a0","datePublished":"2024-03-26T11:29:22+00:00","dateModified":"2024-05-02T07:32:14+00:00","mainEntityOfPage":{"@id":"https:\/\/blog.ccc.eu\/cz\/jaro-je-tu-a-s-nim-prichazi-nova-kolekce-od-vasich-oblibenych-znacek-jenny-fairy-nine-west-a-deezee\/"},"wordCount":1088,"commentCount":0,"publisher":{"@id":"https:\/\/blog.ccc.eu\/cz\/#organization"},"image":{"@id":"https:\/\/blog.ccc.eu\/cz\/jaro-je-tu-a-s-nim-prichazi-nova-kolekce-od-vasich-oblibenych-znacek-jenny-fairy-nine-west-a-deezee\/#primaryimage"},"thumbnailUrl":"https:\/\/blog.ccc.eu\/cz\/wp-content\/uploads\/2024\/03\/SPRING-EDIT-PAID_1x1_6.jpg","keywords":["#springedit","deezee","jar","jarnakolekcia","jarnamoda","jennyfairy","ninewest"],"articleSection":["NOVINKY","TRENDY"],"inLanguage":"cs","potentialAction":[{"@type":"CommentAction","name":"Comment","target":["https:\/\/blog.ccc.eu\/cz\/jaro-je-tu-a-s-nim-prichazi-nova-kolekce-od-vasich-oblibenych-znacek-jenny-fairy-nine-west-a-deezee\/#respond"]}]},{"@type":"WebPage","@id":"https:\/\/blog.ccc.eu\/cz\/jaro-je-tu-a-s-nim-prichazi-nova-kolekce-od-vasich-oblibenych-znacek-jenny-fairy-nine-west-a-deezee\/","url":"https:\/\/blog.ccc.eu\/cz\/jaro-je-tu-a-s-nim-prichazi-nova-kolekce-od-vasich-oblibenych-znacek-jenny-fairy-nine-west-a-deezee\/","name":"Jaro je tu! A s n\u00edm p\u0159ich\u00e1z\u00ed nov\u00e1 kolekce od va\u0161ich obl\u00edben\u00fdch zna\u010dek: Jenny Fairy, NINE WEST a DeeZee\u00a0 - blog.ccc.eu\/cz","isPartOf":{"@id":"https:\/\/blog.ccc.eu\/cz\/#website"},"primaryImageOfPage":{"@id":"https:\/\/blog.ccc.eu\/cz\/jaro-je-tu-a-s-nim-prichazi-nova-kolekce-od-vasich-oblibenych-znacek-jenny-fairy-nine-west-a-deezee\/#primaryimage"},"image":{"@id":"https:\/\/blog.ccc.eu\/cz\/jaro-je-tu-a-s-nim-prichazi-nova-kolekce-od-vasich-oblibenych-znacek-jenny-fairy-nine-west-a-deezee\/#primaryimage"},"thumbnailUrl":"https:\/\/blog.ccc.eu\/cz\/wp-content\/uploads\/2024\/03\/SPRING-EDIT-PAID_1x1_6.jpg","datePublished":"2024-03-26T11:29:22+00:00","dateModified":"2024-05-02T07:32:14+00:00","breadcrumb":{"@id":"https:\/\/blog.ccc.eu\/cz\/jaro-je-tu-a-s-nim-prichazi-nova-kolekce-od-vasich-oblibenych-znacek-jenny-fairy-nine-west-a-deezee\/#breadcrumb"},"inLanguage":"cs","potentialAction":[{"@type":"ReadAction","target":["https:\/\/blog.ccc.eu\/cz\/jaro-je-tu-a-s-nim-prichazi-nova-kolekce-od-vasich-oblibenych-znacek-jenny-fairy-nine-west-a-deezee\/"]}]},{"@type":"ImageObject","inLanguage":"cs","@id":"https:\/\/blog.ccc.eu\/cz\/jaro-je-tu-a-s-nim-prichazi-nova-kolekce-od-vasich-oblibenych-znacek-jenny-fairy-nine-west-a-deezee\/#primaryimage","url":"https:\/\/blog.ccc.eu\/cz\/wp-content\/uploads\/2024\/03\/SPRING-EDIT-PAID_1x1_6.jpg","contentUrl":"https:\/\/blog.ccc.eu\/cz\/wp-content\/uploads\/2024\/03\/SPRING-EDIT-PAID_1x1_6.jpg","width":1080,"height":1080,"caption":"\u010dern\u00e9 baler\u00ednky"},{"@type":"BreadcrumbList","@id":"https:\/\/blog.ccc.eu\/cz\/jaro-je-tu-a-s-nim-prichazi-nova-kolekce-od-vasich-oblibenych-znacek-jenny-fairy-nine-west-a-deezee\/#breadcrumb","itemListElement":[{"@type":"ListItem","position":1,"name":"Strona g\u0142\u00f3wna","item":"https:\/\/blog.ccc.eu\/cz\/"},{"@type":"ListItem","position":2,"name":"Jaro je tu! A s n\u00edm p\u0159ich\u00e1z\u00ed nov\u00e1 kolekce od va\u0161ich obl\u00edben\u00fdch zna\u010dek: Jenny Fairy, NINE WEST a DeeZee\u00a0"}]},{"@type":"WebSite","@id":"https:\/\/blog.ccc.eu\/cz\/#website","url":"https:\/\/blog.ccc.eu\/cz\/","name":"blog.ccc.eu\/cz","description":"Va\u0161e m\u00edsto pln\u00e9 m\u00f3dn\u00edch inspirac\u00ed","publisher":{"@id":"https:\/\/blog.ccc.eu\/cz\/#organization"},"potentialAction":[{"@type":"SearchAction","target":{"@type":"EntryPoint","urlTemplate":"https:\/\/blog.ccc.eu\/cz\/?s={search_term_string}"},"query-input":{"@type":"PropertyValueSpecification","valueRequired":true,"valueName":"search_term_string"}}],"inLanguage":"cs"},{"@type":"Organization","@id":"https:\/\/blog.ccc.eu\/cz\/#organization","name":"CCC S.A.","url":"https:\/\/blog.ccc.eu\/cz\/","logo":{"@type":"ImageObject","inLanguage":"cs","@id":"https:\/\/blog.ccc.eu\/cz\/#\/schema\/logo\/image\/","url":"https:\/\/blog.ccc.eu\/cz\/wp-content\/uploads\/2021\/11\/logo_ccc.png","contentUrl":"https:\/\/blog.ccc.eu\/cz\/wp-content\/uploads\/2021\/11\/logo_ccc.png","width":730,"height":270,"caption":"CCC S.A."},"image":{"@id":"https:\/\/blog.ccc.eu\/cz\/#\/schema\/logo\/image\/"}},{"@type":"Person","@id":"https:\/\/blog.ccc.eu\/cz\/#\/schema\/person\/6d50a49f9c84d32a489180be7a29155d","name":"Lena","image":{"@type":"ImageObject","inLanguage":"cs","@id":"https:\/\/blog.ccc.eu\/cz\/#\/schema\/person\/image\/","url":"https:\/\/blog.ccc.eu\/cz\/wp-content\/uploads\/2022\/06\/MicrosoftTeams-image-2-100x100.jpg","contentUrl":"https:\/\/blog.ccc.eu\/cz\/wp-content\/uploads\/2022\/06\/MicrosoftTeams-image-2-100x100.jpg","caption":"Lena"},"description":"Absolventka digit\u00e1ln\u00edho marketingu se zku\u0161enostmi s obsahov\u00fdm marketingem a (velmi p\u0159ekvapiv\u011b) copywritingem. Ve voln\u00e9m \u010dase r\u00e1da nos\u00ed platformy a sna\u017e\u00ed se vyva\u017eovat n\u00e1kupy ve fast-fashion \u0159et\u011bzc\u00edch, swapov\u00e1n\u00edm.","url":"https:\/\/blog.ccc.eu\/cz\/author\/katarzyna-kostygin\/"}]}},"_links":{"self":[{"href":"https:\/\/blog.ccc.eu\/cz\/wp-json\/wp\/v2\/posts\/6795","targetHints":{"allow":["GET"]}}],"collection":[{"href":"https:\/\/blog.ccc.eu\/cz\/wp-json\/wp\/v2\/posts"}],"about":[{"href":"https:\/\/blog.ccc.eu\/cz\/wp-json\/wp\/v2\/types\/post"}],"author":[{"embeddable":true,"href":"https:\/\/blog.ccc.eu\/cz\/wp-json\/wp\/v2\/users\/12"}],"replies":[{"embeddable":true,"href":"https:\/\/blog.ccc.eu\/cz\/wp-json\/wp\/v2\/comments?post=6795"}],"version-history":[{"count":7,"href":"https:\/\/blog.ccc.eu\/cz\/wp-json\/wp\/v2\/posts\/6795\/revisions"}],"predecessor-version":[{"id":6950,"href":"https:\/\/blog.ccc.eu\/cz\/wp-json\/wp\/v2\/posts\/6795\/revisions\/6950"}],"wp:featuredmedia":[{"embeddable":true,"href":"https:\/\/blog.ccc.eu\/cz\/wp-json\/wp\/v2\/media\/6803"}],"wp:attachment":[{"href":"https:\/\/blog.ccc.eu\/cz\/wp-json\/wp\/v2\/media?parent=6795"}],"wp:term":[{"taxonomy":"category","embeddable":true,"href":"https:\/\/blog.ccc.eu\/cz\/wp-json\/wp\/v2\/categories?post=6795"},{"taxonomy":"post_tag","embeddable":true,"href":"https:\/\/blog.ccc.eu\/cz\/wp-json\/wp\/v2\/tags?post=6795"}],"curies":[{"name":"wp","href":"https:\/\/api.w.org\/{rel}","templated":true}]}}