{"id":6806,"date":"2024-03-27T08:33:00","date_gmt":"2024-03-27T07:33:00","guid":{"rendered":"https:\/\/blog.ccc.eu\/cz\/?p=6806"},"modified":"2024-05-02T09:32:31","modified_gmt":"2024-05-02T07:32:31","slug":"jake-barevne-trendy-budeme-nosit-letos-na-jare","status":"publish","type":"post","link":"https:\/\/blog.ccc.eu\/cz\/jake-barevne-trendy-budeme-nosit-letos-na-jare\/","title":{"rendered":"Jak\u00e9 barevn\u00e9 trendy budeme nosit letos na ja\u0159e?\u00a0"},"content":{"rendered":"\n<p><\/p>\n\n\n\n<p><strong>Jaro 2024 je pln\u00e9 jasn\u00fdch barev a osv\u011b\u017euj\u00edc\u00edch kombinac\u00ed, kter\u00e9 p\u0159in\u00e1\u0161ej\u00ed do m\u00f3dy nov\u00fd dech. Pastelov\u00e9 odst\u00edny se m\u00edchaj\u00ed s odv\u00e1\u017en\u00fdmi barevn\u00fdmi akcenty, vytv\u00e1\u0159ej\u00ed dynamick\u00fd a \u017eiv\u00fd vzhled. Kv\u011btiny a p\u0159\u00edrodn\u00ed vzory jsou st\u00e1le v kurzu, ale letos se vyzna\u010duj\u00ed netradi\u010dn\u00edmi kombinacemi a modern\u00edm p\u0159\u00edstupem. Nechte se inspirovat sv\u011btem jarn\u00edch barevn\u00fdch trend\u016f a dejte sv\u00e9mu \u0161atn\u00edku novou energii a styl!&nbsp;<\/strong><\/p>\n\n\n\n<p><\/p>\n\n\n\n<figure class=\"wp-block-embed\"><div class=\"wp-block-embed__wrapper\">\nhttps:\/\/www.instagram.com\/p\/C4z4tNahJkh\n<\/div><\/figure>\n\n\n\n<h2 class=\"wp-block-heading\">Porcel\u00e1nov\u011b b\u00edl\u00e1&nbsp;<\/h2>\n\n\n\n<p>Nosit b\u00edlou b\u011bhem tepl\u00fdch m\u011bs\u00edc\u016f je v\u017edy spr\u00e1vn\u00e1 a nad\u010dasov\u00e1 volba. Vytv\u00e1\u0159\u00ed sv\u011b\u017e\u00ed a lehk\u00fd dojem, co\u017e je ide\u00e1ln\u00ed pro probouzej\u00edc\u00ed se p\u0159\u00edrodu a stoupaj\u00edc\u00ed teploty. B\u00edl\u00e1 barva skv\u011ble lad\u00ed s jarn\u00edmi pastelov\u00fdmi t\u00f3ny, jako jsou jemn\u00e9 r\u016f\u017eov\u00e9, nebov\u00e9 nebo modr\u00e9 odst\u00edny, a vytv\u00e1\u0159\u00ed harmonick\u00fd a elegantn\u00ed vzhled. B\u00edl\u00e1 barva je univerz\u00e1ln\u00ed a nad\u010dasov\u00e1 volba, kter\u00e1 se nikdy neztrat\u00ed v \u017e\u00e1dn\u00e9m jarn\u00edm \u0161atn\u00edku.&nbsp;<\/p>\n\n\n<shortcode prop-category=\"D\u00e1msk\u00e9 kabelky\" prop-color=\"B\u00cdL\u00c1\" prop-load-num=\"12\" prop-display-num=\"4\" prop-view=\"slider\"><\/shortcode>        <div\r\n            class=\"eob-pf-shortcode\"\r\n            id=\"eobpf69f325de4fafb\"\r\n        >\r\n            <shortcode prop-category=\"D\u00e1msk\u00e9 kabelky\" prop-color=\"B\u00cdL\u00c1\" prop-load-num=\"12\" prop-display-num=\"4\" prop-view=\"slider\"><\/shortcode>        <\/div>\r\n\t\t<script>\r\n\t\t\tjQuery(document).ready(() => {\r\n\t\t\t    const root = document.getElementById('eobpf69f325de4fafb');\r\n                Vue.createApp({\r\n\t                components: {\r\n\t                    shortcode\r\n\t                }\r\n                }).mount(root);\r\n\t\t\t});\r\n\t\t<\/script>\r\n\t\t\r\n\t\t\n\n\n\n<p><\/p>\n\n\n\n<h2 class=\"wp-block-heading\">Cherry red&nbsp;<\/h2>\n\n\n\n<p>Posadnut\u00ed m\u00f3dnou jasnou \u010dervenou farbou bylo v ned\u00e1vn\u00fdch sez\u00f3n\u00e1ch nemo\u017en\u00e9 p\u0159ehl\u00e9dnout, viditeln\u00e9 na molech, ale i na \u010derven\u00e9m koberci. Jarn\u00ed kolekce 2024 p\u0159inesla v\u00fdrazn\u00fd posun sm\u011brem k hlub\u0161\u00edm a bohat\u0161\u00edm verz\u00edm tohoto odst\u00ednu. Odt\u00edn cherry red je vynikaj\u00edc\u00ed volbou pro jarn\u00ed outfity, jeliko\u017e p\u0159id\u00e1v\u00e1 do va\u0161eho stylu energii a z\u00e1rove\u0148 dod\u00e1v\u00e1 jarn\u00edmu oble\u010den\u00ed \u0161mrnc. Tento jasn\u00fd a \u017eiv\u00fd odst\u00edn \u010derven\u00e9 barvy p\u0159itahuje pozornost a je skv\u011bl\u00fdm zp\u016fsobem, jak ozvl\u00e1\u0161tnit va\u0161e jarn\u00ed outfity.&nbsp;<\/p>\n\n\n\n<p>Cherry red botami m\u016f\u017ee p\u0159idat va\u0161emu vzhledu \u0161mrnc a styl. M\u016f\u017eete zv\u00e1\u017eit boty na podpatku, baler\u00ednky nebo tenisky v tomto z\u00e1\u0159iv\u00e9m odst\u00ednu. P\u0159\u00edjemn\u00fdm zp\u016fsobem, jak p\u0159idat trochu barvy do va\u0161eho outfitu, je s cherry red kabelkou. Tento dopln\u011bk m\u016f\u017ee okam\u017eit\u011b o\u017eivit i ten nejjednodu\u0161\u0161\u00ed outfit a dod\u00e1v\u00e1 mu stylov\u00fd n\u00e1dech. Nez\u00e1le\u017e\u00ed na tom, jak se rozhodnete integrovat cherry red barvu do sv\u00fdch jarn\u00edch outfit\u016f, ur\u010dit\u011b p\u0159inese do va\u0161eho stylu vitalitu a \u017eivost. Bu\u010fte odv\u00e1\u017en\u00ed a experimentujte s touto v\u00fdraznou barvou pro \u00fa\u017easn\u00fd jarn\u00ed vzhled!&nbsp;<\/p>\n\n\n<shortcode prop-color=\"\u010cERVEN\u00c1\" prop-manufacturer=\"NINE WEST\" prop-load-num=\"12\" prop-display-num=\"4\" prop-view=\"slider\"><\/shortcode>        <div\r\n            class=\"eob-pf-shortcode\"\r\n            id=\"eobpf69f325de4fc3a\"\r\n        >\r\n            <shortcode prop-color=\"\u010cERVEN\u00c1\" prop-manufacturer=\"NINE WEST\" prop-load-num=\"12\" prop-display-num=\"4\" prop-view=\"slider\"><\/shortcode>        <\/div>\r\n\t\t<script>\r\n\t\t\tjQuery(document).ready(() => {\r\n\t\t\t    const root = document.getElementById('eobpf69f325de4fc3a');\r\n                Vue.createApp({\r\n\t                components: {\r\n\t                    shortcode\r\n\t                }\r\n                }).mount(root);\r\n\t\t\t});\r\n\t\t<\/script>\r\n\t\t\r\n\t\t\n\n\n\n<p><\/p>\n\n\n\n<h2 class=\"wp-block-heading\">Nebesk\u00e1 modr\u00e1&nbsp;<\/h2>\n\n\n\n<p>Jak l\u00e9pe vyj\u00e1d\u0159it &#8222;dopaminov\u00e9 obl\u00e9k\u00e1n\u00ed,&#8220; ne\u017e nosit nejuklid\u0148uj\u00edc\u00ed odst\u00edn nebe? Nebesk\u00e1 modr\u00e1 barva je ide\u00e1ln\u00ed volbou pro jarn\u00ed outfity, proto\u017ee vyvol\u00e1v\u00e1 pocit lehkosti, sv\u011b\u017eesti a jasn\u00e9 oblohy. Tento jemn\u00fd a osv\u011b\u017euj\u00edc\u00ed odst\u00edn modr\u00e9 m\u016f\u017ee p\u0159idat do va\u0161eho vzhledu klidnou a romantickou atmosf\u00e9ru.&nbsp;<\/p>\n\n\n\n<p>Pokud si p\u0159ejete p\u0159idat do va\u0161eho outfitu jemn\u00fd dotek nebesk\u00e9 modr\u00e9 barvy, m\u016f\u017eete si vybrat dopl\u0148ky, jako jsou \u0161\u00e1tky, \u0161perky, opasky nebo kabelky v tomto odst\u00ednu. Tyto dopl\u0148ky dok\u00e1\u017e\u00ed skv\u011ble doplnit v\u00e1\u0161 outfit a p\u0159idat mu stylov\u00fd a sofistikovan\u00fd n\u00e1dech. Nebesk\u00e1 modr\u00e1 barva je vesel\u00e1 a osv\u011b\u017euj\u00edc\u00ed volbou pro jarn\u00ed outfity a dok\u00e1\u017ee p\u0159isp\u011bt k vytvo\u0159en\u00ed lehk\u00e9ho a romantick\u00e9ho vzhledu. Bu\u010fte kreativn\u00ed a experimentujte s touto kr\u00e1snou barvou b\u011bhem tohoto jara!&nbsp;<\/p>\n\n\n<shortcode prop-category=\"D\u00e1msk\u00e9 kabelky\" prop-color=\"BLANKYTN\u011a MODR\u00c1\" prop-load-num=\"12\" prop-display-num=\"4\" prop-view=\"slider\"><\/shortcode>        <div\r\n            class=\"eob-pf-shortcode\"\r\n            id=\"eobpf69f325de4fc78\"\r\n        >\r\n            <shortcode prop-category=\"D\u00e1msk\u00e9 kabelky\" prop-color=\"BLANKYTN\u011a MODR\u00c1\" prop-load-num=\"12\" prop-display-num=\"4\" prop-view=\"slider\"><\/shortcode>        <\/div>\r\n\t\t<script>\r\n\t\t\tjQuery(document).ready(() => {\r\n\t\t\t    const root = document.getElementById('eobpf69f325de4fc78');\r\n                Vue.createApp({\r\n\t                components: {\r\n\t                    shortcode\r\n\t                }\r\n                }).mount(root);\r\n\t\t\t});\r\n\t\t<\/script>\r\n\t\t\r\n\t\t\n\n\n\n<p><\/p>\n\n\n\n<h2 class=\"wp-block-heading\">Pastelov\u00e1 lila&nbsp;<\/h2>\n\n\n\n<p>Pastelov\u00e9 barvy byly kl\u00ed\u010dov\u00fdm prvkem jarn\u00edch kolekc\u00ed roku 2024, ale nejv\u00fdrazn\u011bj\u0161\u00edm odst\u00ednem mezi nimi byl bohat\u00fd liliov\u00fd odst\u00edn. Pastelov\u00e1 lila barva je n\u00e1dhern\u00fdm dopl\u0148kem do jarn\u00edch outfit\u016f, proto\u017ee p\u0159in\u00e1\u0161\u00ed do va\u0161eho vzhledu jemnost, \u017eenskost a romantiku. Tento sv\u011btl\u00fd a klidn\u00fd odst\u00edn fialov\u00e9 je ide\u00e1ln\u00ed pro jarn\u00ed dny a p\u0159id\u00e1v\u00e1 do va\u0161eho stylu \u0161mrnc.&nbsp;<\/p>\n\n\n\n<p>Pokud si p\u0159ejete p\u0159idat do va\u0161eho outfitu subtiln\u00ed dotek pastelov\u00e9 lilov\u00e9 barvy, m\u016f\u017eete si vybrat dopl\u0148ky, jako jsou n\u00e1ramky, n\u00e1hrdeln\u00edky, \u0161\u00e1tky nebo kabelky v tomto odst\u00ednu. Tyto dopl\u0148ky dok\u00e1\u017eou skv\u011ble doplnit v\u00e1\u0161 outfit a p\u0159idat mu jemn\u00fd a stylov\u00fd n\u00e1dech. Pastelov\u00e1 lila barva je ide\u00e1ln\u00ed volbou pro jarn\u00ed outfity, proto\u017ee p\u0159in\u00e1\u0161\u00ed do va\u0161eho stylu lehkost, jemnost a romantiku.&nbsp;<\/p>\n\n\n<shortcode prop-category=\"D\u00e1msk\u00e9 kabelky\" prop-color=\"FIALOV\u00c1\" prop-load-num=\"12\" prop-display-num=\"4\" prop-view=\"slider\"><\/shortcode>        <div\r\n            class=\"eob-pf-shortcode\"\r\n            id=\"eobpf69f325de4fcb8\"\r\n        >\r\n            <shortcode prop-category=\"D\u00e1msk\u00e9 kabelky\" prop-color=\"FIALOV\u00c1\" prop-load-num=\"12\" prop-display-num=\"4\" prop-view=\"slider\"><\/shortcode>        <\/div>\r\n\t\t<script>\r\n\t\t\tjQuery(document).ready(() => {\r\n\t\t\t    const root = document.getElementById('eobpf69f325de4fcb8');\r\n                Vue.createApp({\r\n\t                components: {\r\n\t                    shortcode\r\n\t                }\r\n                }).mount(root);\r\n\t\t\t});\r\n\t\t<\/script>\r\n\t\t\r\n\t\t\n\n\n\n<p><\/p>\n\n\n\n<h2 class=\"wp-block-heading\">Tekut\u00e9 zlato&nbsp;<\/h2>\n\n\n\n<p>Zlato se na jarn\u00edch p\u0159ehl\u00eddk\u00e1ch m\u00f3dy roku 2024 objevilo v elegantn\u011bj\u0161\u00ed podob\u011b. Zlat\u00e1 barva je vynikaj\u00edc\u00ed volbou pro jarn\u00ed outfity, jeliko\u017e p\u0159id\u00e1v\u00e1 do va\u0161eho vzhledu tepl\u00fd a luxusn\u00ed dotek. Tento odst\u00edn zlata skv\u011ble lad\u00ed s jarn\u00edmi slune\u010dn\u00edmi dny a m\u016f\u017ee va\u0161e outfity ozvl\u00e1\u0161tnit elegantn\u00edm a sofistikovan\u00fdm zp\u016fsobem.&nbsp;<\/p>\n\n\n\n<p>Pokud si p\u0159ejete p\u0159idat do va\u0161eho outfitu subtiln\u00ed dotek zlat\u00e9 barvy, m\u016f\u017eete si vybrat dopl\u0148ky, jako jsou n\u00e1ramky, n\u00e1hrdeln\u00edky, opasky nebo kabelky v tomto odst\u00ednu. Tyto dopl\u0148ky dok\u00e1\u017eou skv\u011ble doplnit v\u00e1\u0161 outfit a p\u0159idat mu luxusn\u00ed a elegantn\u00ed n\u00e1dech. Zlat\u00e1 barva je vynikaj\u00edc\u00ed volbou pro jarn\u00ed outfity, jeliko\u017e p\u0159id\u00e1v\u00e1 do va\u0161eho stylu tepl\u00fd a luxusn\u00ed dotek.&nbsp;<\/p>\n\n\n<shortcode prop-color=\"ZLAT\u00c1\" prop-manufacturer=\"EVA MINGE\" prop-load-num=\"12\" prop-display-num=\"4\" prop-view=\"slider\"><\/shortcode>        <div\r\n            class=\"eob-pf-shortcode\"\r\n            id=\"eobpf69f325de4fce1\"\r\n        >\r\n            <shortcode prop-color=\"ZLAT\u00c1\" prop-manufacturer=\"EVA MINGE\" prop-load-num=\"12\" prop-display-num=\"4\" prop-view=\"slider\"><\/shortcode>        <\/div>\r\n\t\t<script>\r\n\t\t\tjQuery(document).ready(() => {\r\n\t\t\t    const root = document.getElementById('eobpf69f325de4fce1');\r\n                Vue.createApp({\r\n\t                components: {\r\n\t                    shortcode\r\n\t                }\r\n                }).mount(root);\r\n\t\t\t});\r\n\t\t<\/script>\r\n\t\t\r\n\t\t\n\n\n\n<p><\/p>\n\n\n\n<p><strong>Dal\u0161\u00ed trendy odst\u00edny barev, kter\u00e9 p\u0159edpokl\u00e1d\u00e1me na rok 2024 jsou:&nbsp;<\/strong><\/p>\n\n\n\n<p><em>Zemit\u00e9 odst\u00edny s n\u00e1dechem moderny:<\/em> Hn\u011bd\u00e9, hn\u011bdozelen\u00e9 a tepl\u00e9 odst\u00edny hn\u011bd\u00e9 budou v m\u00f3d\u011b. Tyto barvy spojuj\u00ed p\u0159\u00edrodn\u00ed pocit s modern\u00ed eleganc\u00ed.&nbsp;<\/p>\n\n\n\n<p><em>Pastelov\u00e9 odst\u00edny s v\u00fdrazn\u00fdm kontrastem: <\/em>Sladk\u00e9 pastelov\u00e9 barvy jako m\u00e1ta, r\u016f\u017eov\u00e1 a sv\u011btl\u00e1 modr\u00e1 budou doprov\u00e1zeny v\u00fdrazn\u00fdmi kontrasty, \u010d\u00edm vytvo\u0159\u00ed zaj\u00edmav\u00e9 a \u017eiv\u00e9 kombinace.&nbsp;<\/p>\n\n\n\n<p><em>Ne\u00f3ny: <\/em>Ne\u00f3nov\u00e9 odst\u00edny jako neonov\u00e1 oran\u017eov\u00e1, zelen\u00e1 nebo r\u016f\u017eov\u00e1 dodaj\u00ed outfit\u016fm z\u00e1bavn\u00fd a energick\u00fd styl.&nbsp;<\/p>\n\n\n\n<p>Metalick\u00e9 akcenty: Leskl\u00e9 a metalick\u00e9 barvy jako st\u0159\u00edbro, zlato a bronz dod\u00e1vaj\u00ed m\u00f3dn\u00edm dopl\u0148k\u016fm luxusn\u00ed a sofistikovan\u00fd vzhled.&nbsp;<\/p>\n\n\n\n<p><em>P\u0159\u00edrodn\u00ed odst\u00edny: <\/em>Odst\u00edny jako jemn\u00e1 olivov\u00e1, jantarov\u00e1 barva budou odr\u00e1\u017eet touhu po klidu a harmonii s p\u0159\u00edrodou.&nbsp;<\/p>\n\n\n\n<p><em>Barevn\u00e9 bloky a geometrick\u00e9 vzory: <\/em>Kombinace barevn\u00fdch blok\u016f a geometrick\u00e9 vzory budou dominovat v designu oble\u010den\u00ed, \u010d\u00edm vytvo\u0159\u00ed modern\u00ed a grafick\u00e9 v\u00fdzvy.&nbsp;<\/p>\n\n\n\n<figure class=\"wp-block-embed\"><div class=\"wp-block-embed__wrapper\">\nhttps:\/\/www.instagram.com\/p\/C42WqN3Ntrs\n<\/div><\/figure>\n","protected":false},"excerpt":{"rendered":"<p>Jaro 2024 je pln\u00e9 jasn\u00fdch barev a osv\u011b\u017euj\u00edc\u00edch kombinac\u00ed, kter\u00e9 p\u0159in\u00e1\u0161ej\u00ed do m\u00f3dy nov\u00fd dech. Pastelov\u00e9 odst\u00edny se m\u00edchaj\u00ed s odv\u00e1\u017en\u00fdmi barevn\u00fdmi akcenty, vytv\u00e1\u0159ej\u00ed dynamick\u00fd a \u017eiv\u00fd vzhled. Kv\u011btiny a p\u0159\u00edrodn\u00ed vzory jsou st\u00e1le v kurzu, ale letos se vyzna\u010duj\u00ed netradi\u010dn\u00edmi kombinacemi a modern\u00edm p\u0159\u00edstupem. Nechte se inspirovat sv\u011btem jarn\u00edch barevn\u00fdch trend\u016f a dejte sv\u00e9mu [&hellip;]<\/p>\n","protected":false},"author":12,"featured_media":6807,"comment_status":"open","ping_status":"open","sticky":false,"template":"","format":"standard","meta":{"_acf_changed":false,"footnotes":""},"categories":[6],"tags":[970,798,566,818,728],"class_list":["post-6806","post","type-post","status-publish","format-standard","has-post-thumbnail","hentry","category-trendy","tag-barevne-trendy","tag-barvy","tag-boty","tag-jaro","tag-kabelky"],"acf":[],"yoast_head":"<!-- This site is optimized with the Yoast SEO plugin v26.9 - https:\/\/yoast.com\/product\/yoast-seo-wordpress\/ -->\n<title>Jak\u00e9 barevn\u00e9 trendy budeme nosit letos na ja\u0159e?\u00a0 - blog.ccc.eu\/cz<\/title>\n<meta name=\"description\" content=\"Nechte se inspirovat sv\u011btem jarn\u00edch barevn\u00fdch trend\u016f a dejte sv\u00e9mu \u0161atn\u00edku novou energii a styl! \ud83d\ude0d\ud83d\udc96\ud83d\udc96\u00a0 2026\" \/>\n<meta name=\"robots\" content=\"index, follow, max-snippet:-1, max-image-preview:large, max-video-preview:-1\" \/>\n<link rel=\"canonical\" href=\"https:\/\/blog.ccc.eu\/cz\/jake-barevne-trendy-budeme-nosit-letos-na-jare\/\" \/>\n<meta property=\"og:locale\" content=\"cs_CZ\" \/>\n<meta property=\"og:type\" content=\"article\" \/>\n<meta property=\"og:title\" content=\"Jak\u00e9 barevn\u00e9 trendy budeme nosit letos na ja\u0159e?\u00a0 - blog.ccc.eu\/cz\" \/>\n<meta property=\"og:description\" content=\"Nechte se inspirovat sv\u011btem jarn\u00edch barevn\u00fdch trend\u016f a dejte sv\u00e9mu \u0161atn\u00edku novou energii a styl! \ud83d\ude0d\ud83d\udc96\ud83d\udc96\u00a0\" \/>\n<meta property=\"og:url\" content=\"https:\/\/blog.ccc.eu\/cz\/jake-barevne-trendy-budeme-nosit-letos-na-jare\/\" \/>\n<meta property=\"og:site_name\" content=\"blog.ccc.eu\/cz\" \/>\n<meta property=\"article:published_time\" content=\"2024-03-27T07:33:00+00:00\" \/>\n<meta property=\"article:modified_time\" content=\"2024-05-02T07:32:31+00:00\" \/>\n<meta property=\"og:image\" content=\"https:\/\/blog.ccc.eu\/cz\/wp-content\/uploads\/2024\/03\/221220_Jenny_Fairy1489.jpg\" \/>\n\t<meta property=\"og:image:width\" content=\"1024\" \/>\n\t<meta property=\"og:image:height\" content=\"683\" \/>\n\t<meta property=\"og:image:type\" content=\"image\/jpeg\" \/>\n<meta name=\"author\" content=\"Lena\" \/>\n<meta name=\"twitter:card\" content=\"summary_large_image\" \/>\n<meta name=\"twitter:label1\" content=\"Napsal(a)\" \/>\n\t<meta name=\"twitter:data1\" content=\"Lena\" \/>\n\t<meta name=\"twitter:label2\" content=\"Odhadovan\u00e1 doba \u010dten\u00ed\" \/>\n\t<meta name=\"twitter:data2\" content=\"6 minut\" \/>\n<script type=\"application\/ld+json\" class=\"yoast-schema-graph\">{\"@context\":\"https:\/\/schema.org\",\"@graph\":[{\"@type\":\"Article\",\"@id\":\"https:\/\/blog.ccc.eu\/cz\/jake-barevne-trendy-budeme-nosit-letos-na-jare\/#article\",\"isPartOf\":{\"@id\":\"https:\/\/blog.ccc.eu\/cz\/jake-barevne-trendy-budeme-nosit-letos-na-jare\/\"},\"author\":{\"name\":\"Lena\",\"@id\":\"https:\/\/blog.ccc.eu\/cz\/#\/schema\/person\/6d50a49f9c84d32a489180be7a29155d\"},\"headline\":\"Jak\u00e9 barevn\u00e9 trendy budeme nosit letos na ja\u0159e?\u00a0\",\"datePublished\":\"2024-03-27T07:33:00+00:00\",\"dateModified\":\"2024-05-02T07:32:31+00:00\",\"mainEntityOfPage\":{\"@id\":\"https:\/\/blog.ccc.eu\/cz\/jake-barevne-trendy-budeme-nosit-letos-na-jare\/\"},\"wordCount\":1126,\"commentCount\":0,\"publisher\":{\"@id\":\"https:\/\/blog.ccc.eu\/cz\/#organization\"},\"image\":{\"@id\":\"https:\/\/blog.ccc.eu\/cz\/jake-barevne-trendy-budeme-nosit-letos-na-jare\/#primaryimage\"},\"thumbnailUrl\":\"https:\/\/blog.ccc.eu\/cz\/wp-content\/uploads\/2024\/03\/221220_Jenny_Fairy1489.jpg\",\"keywords\":[\"barevn\u00e9 trendy\",\"barvy\",\"Boty\",\"jaro\",\"kabelky\"],\"articleSection\":[\"TRENDY\"],\"inLanguage\":\"cs\",\"potentialAction\":[{\"@type\":\"CommentAction\",\"name\":\"Comment\",\"target\":[\"https:\/\/blog.ccc.eu\/cz\/jake-barevne-trendy-budeme-nosit-letos-na-jare\/#respond\"]}]},{\"@type\":\"WebPage\",\"@id\":\"https:\/\/blog.ccc.eu\/cz\/jake-barevne-trendy-budeme-nosit-letos-na-jare\/\",\"url\":\"https:\/\/blog.ccc.eu\/cz\/jake-barevne-trendy-budeme-nosit-letos-na-jare\/\",\"name\":\"Jak\u00e9 barevn\u00e9 trendy budeme nosit letos na ja\u0159e?\u00a0 - blog.ccc.eu\/cz\",\"isPartOf\":{\"@id\":\"https:\/\/blog.ccc.eu\/cz\/#website\"},\"primaryImageOfPage\":{\"@id\":\"https:\/\/blog.ccc.eu\/cz\/jake-barevne-trendy-budeme-nosit-letos-na-jare\/#primaryimage\"},\"image\":{\"@id\":\"https:\/\/blog.ccc.eu\/cz\/jake-barevne-trendy-budeme-nosit-letos-na-jare\/#primaryimage\"},\"thumbnailUrl\":\"https:\/\/blog.ccc.eu\/cz\/wp-content\/uploads\/2024\/03\/221220_Jenny_Fairy1489.jpg\",\"datePublished\":\"2024-03-27T07:33:00+00:00\",\"dateModified\":\"2024-05-02T07:32:31+00:00\",\"description\":\"Nechte se inspirovat sv\u011btem jarn\u00edch barevn\u00fdch trend\u016f a dejte sv\u00e9mu \u0161atn\u00edku novou energii a styl! \ud83d\ude0d\ud83d\udc96\ud83d\udc96\u00a0\",\"breadcrumb\":{\"@id\":\"https:\/\/blog.ccc.eu\/cz\/jake-barevne-trendy-budeme-nosit-letos-na-jare\/#breadcrumb\"},\"inLanguage\":\"cs\",\"potentialAction\":[{\"@type\":\"ReadAction\",\"target\":[\"https:\/\/blog.ccc.eu\/cz\/jake-barevne-trendy-budeme-nosit-letos-na-jare\/\"]}]},{\"@type\":\"ImageObject\",\"inLanguage\":\"cs\",\"@id\":\"https:\/\/blog.ccc.eu\/cz\/jake-barevne-trendy-budeme-nosit-letos-na-jare\/#primaryimage\",\"url\":\"https:\/\/blog.ccc.eu\/cz\/wp-content\/uploads\/2024\/03\/221220_Jenny_Fairy1489.jpg\",\"contentUrl\":\"https:\/\/blog.ccc.eu\/cz\/wp-content\/uploads\/2024\/03\/221220_Jenny_Fairy1489.jpg\",\"width\":8256,\"height\":5504,\"caption\":\"\u010dern\u00e9 boty na platform\u011b\"},{\"@type\":\"BreadcrumbList\",\"@id\":\"https:\/\/blog.ccc.eu\/cz\/jake-barevne-trendy-budeme-nosit-letos-na-jare\/#breadcrumb\",\"itemListElement\":[{\"@type\":\"ListItem\",\"position\":1,\"name\":\"Strona g\u0142\u00f3wna\",\"item\":\"https:\/\/blog.ccc.eu\/cz\/\"},{\"@type\":\"ListItem\",\"position\":2,\"name\":\"Jak\u00e9 barevn\u00e9 trendy budeme nosit letos na ja\u0159e?\u00a0\"}]},{\"@type\":\"WebSite\",\"@id\":\"https:\/\/blog.ccc.eu\/cz\/#website\",\"url\":\"https:\/\/blog.ccc.eu\/cz\/\",\"name\":\"blog.ccc.eu\/cz\",\"description\":\"Va\u0161e m\u00edsto pln\u00e9 m\u00f3dn\u00edch inspirac\u00ed\",\"publisher\":{\"@id\":\"https:\/\/blog.ccc.eu\/cz\/#organization\"},\"potentialAction\":[{\"@type\":\"SearchAction\",\"target\":{\"@type\":\"EntryPoint\",\"urlTemplate\":\"https:\/\/blog.ccc.eu\/cz\/?s={search_term_string}\"},\"query-input\":{\"@type\":\"PropertyValueSpecification\",\"valueRequired\":true,\"valueName\":\"search_term_string\"}}],\"inLanguage\":\"cs\"},{\"@type\":\"Organization\",\"@id\":\"https:\/\/blog.ccc.eu\/cz\/#organization\",\"name\":\"CCC S.A.\",\"url\":\"https:\/\/blog.ccc.eu\/cz\/\",\"logo\":{\"@type\":\"ImageObject\",\"inLanguage\":\"cs\",\"@id\":\"https:\/\/blog.ccc.eu\/cz\/#\/schema\/logo\/image\/\",\"url\":\"https:\/\/blog.ccc.eu\/cz\/wp-content\/uploads\/2021\/11\/logo_ccc.png\",\"contentUrl\":\"https:\/\/blog.ccc.eu\/cz\/wp-content\/uploads\/2021\/11\/logo_ccc.png\",\"width\":730,\"height\":270,\"caption\":\"CCC S.A.\"},\"image\":{\"@id\":\"https:\/\/blog.ccc.eu\/cz\/#\/schema\/logo\/image\/\"}},{\"@type\":\"Person\",\"@id\":\"https:\/\/blog.ccc.eu\/cz\/#\/schema\/person\/6d50a49f9c84d32a489180be7a29155d\",\"name\":\"Lena\",\"image\":{\"@type\":\"ImageObject\",\"inLanguage\":\"cs\",\"@id\":\"https:\/\/blog.ccc.eu\/cz\/#\/schema\/person\/image\/\",\"url\":\"https:\/\/blog.ccc.eu\/cz\/wp-content\/uploads\/2022\/06\/MicrosoftTeams-image-2-100x100.jpg\",\"contentUrl\":\"https:\/\/blog.ccc.eu\/cz\/wp-content\/uploads\/2022\/06\/MicrosoftTeams-image-2-100x100.jpg\",\"caption\":\"Lena\"},\"description\":\"Absolventka digit\u00e1ln\u00edho marketingu se zku\u0161enostmi s obsahov\u00fdm marketingem a (velmi p\u0159ekvapiv\u011b) copywritingem. Ve voln\u00e9m \u010dase r\u00e1da nos\u00ed platformy a sna\u017e\u00ed se vyva\u017eovat n\u00e1kupy ve fast-fashion \u0159et\u011bzc\u00edch, swapov\u00e1n\u00edm.\",\"url\":\"https:\/\/blog.ccc.eu\/cz\/author\/katarzyna-kostygin\/\"}]}<\/script>\n<!-- \/ Yoast SEO plugin. -->","yoast_head_json":{"title":"Jak\u00e9 barevn\u00e9 trendy budeme nosit letos na ja\u0159e?\u00a0 - blog.ccc.eu\/cz","description":"Nechte se inspirovat sv\u011btem jarn\u00edch barevn\u00fdch trend\u016f a dejte sv\u00e9mu \u0161atn\u00edku novou energii a styl! \ud83d\ude0d\ud83d\udc96\ud83d\udc96\u00a0 2026","robots":{"index":"index","follow":"follow","max-snippet":"max-snippet:-1","max-image-preview":"max-image-preview:large","max-video-preview":"max-video-preview:-1"},"canonical":"https:\/\/blog.ccc.eu\/cz\/jake-barevne-trendy-budeme-nosit-letos-na-jare\/","og_locale":"cs_CZ","og_type":"article","og_title":"Jak\u00e9 barevn\u00e9 trendy budeme nosit letos na ja\u0159e?\u00a0 - blog.ccc.eu\/cz","og_description":"Nechte se inspirovat sv\u011btem jarn\u00edch barevn\u00fdch trend\u016f a dejte sv\u00e9mu \u0161atn\u00edku novou energii a styl! \ud83d\ude0d\ud83d\udc96\ud83d\udc96\u00a0","og_url":"https:\/\/blog.ccc.eu\/cz\/jake-barevne-trendy-budeme-nosit-letos-na-jare\/","og_site_name":"blog.ccc.eu\/cz","article_published_time":"2024-03-27T07:33:00+00:00","article_modified_time":"2024-05-02T07:32:31+00:00","og_image":[{"url":"https:\/\/blog.ccc.eu\/cz\/wp-content\/uploads\/2024\/03\/221220_Jenny_Fairy1489.jpg","width":1024,"height":683,"type":"image\/jpeg"}],"author":"Lena","twitter_card":"summary_large_image","twitter_misc":{"Napsal(a)":"Lena","Odhadovan\u00e1 doba \u010dten\u00ed":"6 minut"},"schema":{"@context":"https:\/\/schema.org","@graph":[{"@type":"Article","@id":"https:\/\/blog.ccc.eu\/cz\/jake-barevne-trendy-budeme-nosit-letos-na-jare\/#article","isPartOf":{"@id":"https:\/\/blog.ccc.eu\/cz\/jake-barevne-trendy-budeme-nosit-letos-na-jare\/"},"author":{"name":"Lena","@id":"https:\/\/blog.ccc.eu\/cz\/#\/schema\/person\/6d50a49f9c84d32a489180be7a29155d"},"headline":"Jak\u00e9 barevn\u00e9 trendy budeme nosit letos na ja\u0159e?\u00a0","datePublished":"2024-03-27T07:33:00+00:00","dateModified":"2024-05-02T07:32:31+00:00","mainEntityOfPage":{"@id":"https:\/\/blog.ccc.eu\/cz\/jake-barevne-trendy-budeme-nosit-letos-na-jare\/"},"wordCount":1126,"commentCount":0,"publisher":{"@id":"https:\/\/blog.ccc.eu\/cz\/#organization"},"image":{"@id":"https:\/\/blog.ccc.eu\/cz\/jake-barevne-trendy-budeme-nosit-letos-na-jare\/#primaryimage"},"thumbnailUrl":"https:\/\/blog.ccc.eu\/cz\/wp-content\/uploads\/2024\/03\/221220_Jenny_Fairy1489.jpg","keywords":["barevn\u00e9 trendy","barvy","Boty","jaro","kabelky"],"articleSection":["TRENDY"],"inLanguage":"cs","potentialAction":[{"@type":"CommentAction","name":"Comment","target":["https:\/\/blog.ccc.eu\/cz\/jake-barevne-trendy-budeme-nosit-letos-na-jare\/#respond"]}]},{"@type":"WebPage","@id":"https:\/\/blog.ccc.eu\/cz\/jake-barevne-trendy-budeme-nosit-letos-na-jare\/","url":"https:\/\/blog.ccc.eu\/cz\/jake-barevne-trendy-budeme-nosit-letos-na-jare\/","name":"Jak\u00e9 barevn\u00e9 trendy budeme nosit letos na ja\u0159e?\u00a0 - blog.ccc.eu\/cz","isPartOf":{"@id":"https:\/\/blog.ccc.eu\/cz\/#website"},"primaryImageOfPage":{"@id":"https:\/\/blog.ccc.eu\/cz\/jake-barevne-trendy-budeme-nosit-letos-na-jare\/#primaryimage"},"image":{"@id":"https:\/\/blog.ccc.eu\/cz\/jake-barevne-trendy-budeme-nosit-letos-na-jare\/#primaryimage"},"thumbnailUrl":"https:\/\/blog.ccc.eu\/cz\/wp-content\/uploads\/2024\/03\/221220_Jenny_Fairy1489.jpg","datePublished":"2024-03-27T07:33:00+00:00","dateModified":"2024-05-02T07:32:31+00:00","description":"Nechte se inspirovat sv\u011btem jarn\u00edch barevn\u00fdch trend\u016f a dejte sv\u00e9mu \u0161atn\u00edku novou energii a styl! \ud83d\ude0d\ud83d\udc96\ud83d\udc96\u00a0","breadcrumb":{"@id":"https:\/\/blog.ccc.eu\/cz\/jake-barevne-trendy-budeme-nosit-letos-na-jare\/#breadcrumb"},"inLanguage":"cs","potentialAction":[{"@type":"ReadAction","target":["https:\/\/blog.ccc.eu\/cz\/jake-barevne-trendy-budeme-nosit-letos-na-jare\/"]}]},{"@type":"ImageObject","inLanguage":"cs","@id":"https:\/\/blog.ccc.eu\/cz\/jake-barevne-trendy-budeme-nosit-letos-na-jare\/#primaryimage","url":"https:\/\/blog.ccc.eu\/cz\/wp-content\/uploads\/2024\/03\/221220_Jenny_Fairy1489.jpg","contentUrl":"https:\/\/blog.ccc.eu\/cz\/wp-content\/uploads\/2024\/03\/221220_Jenny_Fairy1489.jpg","width":8256,"height":5504,"caption":"\u010dern\u00e9 boty na platform\u011b"},{"@type":"BreadcrumbList","@id":"https:\/\/blog.ccc.eu\/cz\/jake-barevne-trendy-budeme-nosit-letos-na-jare\/#breadcrumb","itemListElement":[{"@type":"ListItem","position":1,"name":"Strona g\u0142\u00f3wna","item":"https:\/\/blog.ccc.eu\/cz\/"},{"@type":"ListItem","position":2,"name":"Jak\u00e9 barevn\u00e9 trendy budeme nosit letos na ja\u0159e?\u00a0"}]},{"@type":"WebSite","@id":"https:\/\/blog.ccc.eu\/cz\/#website","url":"https:\/\/blog.ccc.eu\/cz\/","name":"blog.ccc.eu\/cz","description":"Va\u0161e m\u00edsto pln\u00e9 m\u00f3dn\u00edch inspirac\u00ed","publisher":{"@id":"https:\/\/blog.ccc.eu\/cz\/#organization"},"potentialAction":[{"@type":"SearchAction","target":{"@type":"EntryPoint","urlTemplate":"https:\/\/blog.ccc.eu\/cz\/?s={search_term_string}"},"query-input":{"@type":"PropertyValueSpecification","valueRequired":true,"valueName":"search_term_string"}}],"inLanguage":"cs"},{"@type":"Organization","@id":"https:\/\/blog.ccc.eu\/cz\/#organization","name":"CCC S.A.","url":"https:\/\/blog.ccc.eu\/cz\/","logo":{"@type":"ImageObject","inLanguage":"cs","@id":"https:\/\/blog.ccc.eu\/cz\/#\/schema\/logo\/image\/","url":"https:\/\/blog.ccc.eu\/cz\/wp-content\/uploads\/2021\/11\/logo_ccc.png","contentUrl":"https:\/\/blog.ccc.eu\/cz\/wp-content\/uploads\/2021\/11\/logo_ccc.png","width":730,"height":270,"caption":"CCC S.A."},"image":{"@id":"https:\/\/blog.ccc.eu\/cz\/#\/schema\/logo\/image\/"}},{"@type":"Person","@id":"https:\/\/blog.ccc.eu\/cz\/#\/schema\/person\/6d50a49f9c84d32a489180be7a29155d","name":"Lena","image":{"@type":"ImageObject","inLanguage":"cs","@id":"https:\/\/blog.ccc.eu\/cz\/#\/schema\/person\/image\/","url":"https:\/\/blog.ccc.eu\/cz\/wp-content\/uploads\/2022\/06\/MicrosoftTeams-image-2-100x100.jpg","contentUrl":"https:\/\/blog.ccc.eu\/cz\/wp-content\/uploads\/2022\/06\/MicrosoftTeams-image-2-100x100.jpg","caption":"Lena"},"description":"Absolventka digit\u00e1ln\u00edho marketingu se zku\u0161enostmi s obsahov\u00fdm marketingem a (velmi p\u0159ekvapiv\u011b) copywritingem. Ve voln\u00e9m \u010dase r\u00e1da nos\u00ed platformy a sna\u017e\u00ed se vyva\u017eovat n\u00e1kupy ve fast-fashion \u0159et\u011bzc\u00edch, swapov\u00e1n\u00edm.","url":"https:\/\/blog.ccc.eu\/cz\/author\/katarzyna-kostygin\/"}]}},"_links":{"self":[{"href":"https:\/\/blog.ccc.eu\/cz\/wp-json\/wp\/v2\/posts\/6806","targetHints":{"allow":["GET"]}}],"collection":[{"href":"https:\/\/blog.ccc.eu\/cz\/wp-json\/wp\/v2\/posts"}],"about":[{"href":"https:\/\/blog.ccc.eu\/cz\/wp-json\/wp\/v2\/types\/post"}],"author":[{"embeddable":true,"href":"https:\/\/blog.ccc.eu\/cz\/wp-json\/wp\/v2\/users\/12"}],"replies":[{"embeddable":true,"href":"https:\/\/blog.ccc.eu\/cz\/wp-json\/wp\/v2\/comments?post=6806"}],"version-history":[{"count":3,"href":"https:\/\/blog.ccc.eu\/cz\/wp-json\/wp\/v2\/posts\/6806\/revisions"}],"predecessor-version":[{"id":6951,"href":"https:\/\/blog.ccc.eu\/cz\/wp-json\/wp\/v2\/posts\/6806\/revisions\/6951"}],"wp:featuredmedia":[{"embeddable":true,"href":"https:\/\/blog.ccc.eu\/cz\/wp-json\/wp\/v2\/media\/6807"}],"wp:attachment":[{"href":"https:\/\/blog.ccc.eu\/cz\/wp-json\/wp\/v2\/media?parent=6806"}],"wp:term":[{"taxonomy":"category","embeddable":true,"href":"https:\/\/blog.ccc.eu\/cz\/wp-json\/wp\/v2\/categories?post=6806"},{"taxonomy":"post_tag","embeddable":true,"href":"https:\/\/blog.ccc.eu\/cz\/wp-json\/wp\/v2\/tags?post=6806"}],"curies":[{"name":"wp","href":"https:\/\/api.w.org\/{rel}","templated":true}]}}