{"id":7040,"date":"2024-06-04T13:52:00","date_gmt":"2024-06-04T11:52:00","guid":{"rendered":"https:\/\/blog.ccc.eu\/cz\/?p=7040"},"modified":"2024-06-03T13:52:30","modified_gmt":"2024-06-03T11:52:30","slug":"leto-v-nejnovejsich-barvach-objevte-7-nejzhavejsich-odstinu","status":"publish","type":"post","link":"https:\/\/blog.ccc.eu\/cz\/leto-v-nejnovejsich-barvach-objevte-7-nejzhavejsich-odstinu\/","title":{"rendered":"L\u00e9to v nejnov\u011bj\u0161\u00edch barv\u00e1ch: Objevte 7 nej\u017ehav\u011bj\u0161\u00edch odst\u00edn\u016f!\u00a0\u00a0\u00a0"},"content":{"rendered":"\n<p><\/p>\n\n\n\n<p><strong>Barevn\u00e9 trendy pro l\u00e9to 2024 p\u0159inesly tuto sez\u00f3nu op\u011bt n\u00e1znaky dopaminov\u00e9ho obl\u00e9k\u00e1n\u00ed a s n\u00edm i mno\u017estv\u00ed bohat\u00fdch odst\u00edn\u016f barev. Rozhodn\u011b je na co se t\u011b\u0161it! Nudit se rozhodn\u011b nebudeme. N\u00e1lada sez\u00f3ny se \u010dasto odr\u00e1\u017e\u00ed v barv\u00e1ch, kter\u00e9 dominuj\u00ed p\u0159ehl\u00eddkov\u00fdm mol\u016fm. Po roce 2023, kter\u00fd se nesl ve znamen\u00ed v\u0161udyp\u0159\u00edtomn\u00e9 r\u016f\u017eov\u00e9, za kterou vd\u011b\u010d\u00edme celove\u010dern\u00edmu filmu s Margot Robbie v hlavn\u00ed roli, nastal \u010das na barevnou revoluci. L\u00e9to 2024 bude pat\u0159it barv\u011b roku: Peach Fuzz, stejn\u011b \u0161\u0165avnat\u00e9 t\u0159e\u0161\u0148ov\u00e9, metalick\u00e9 z\u00e1plav\u011b a stejn\u011b, mo\u017en\u00e1 trochu ne\u010dekan\u011b&#8230;\u00a0\u00a0<\/strong>\u00a0<\/p>\n\n\n\n<figure class=\"wp-block-image size-large\"><a href=\"https:\/\/ccc.eu\/cz\/\"><img loading=\"lazy\" decoding=\"async\" width=\"1024\" height=\"683\" src=\"https:\/\/blog.ccc.eu\/cz\/wp-content\/uploads\/2024\/06\/CCC_5905588603351_02M_1291-2048x1365-1-1024x683.jpg\" alt=\"\" class=\"wp-image-7042\" srcset=\"https:\/\/blog.ccc.eu\/cz\/wp-content\/uploads\/2024\/06\/CCC_5905588603351_02M_1291-2048x1365-1-1024x683.jpg 1024w, https:\/\/blog.ccc.eu\/cz\/wp-content\/uploads\/2024\/06\/CCC_5905588603351_02M_1291-2048x1365-1-300x200.jpg 300w, https:\/\/blog.ccc.eu\/cz\/wp-content\/uploads\/2024\/06\/CCC_5905588603351_02M_1291-2048x1365-1-768x512.jpg 768w, https:\/\/blog.ccc.eu\/cz\/wp-content\/uploads\/2024\/06\/CCC_5905588603351_02M_1291-2048x1365-1-1536x1024.jpg 1536w, https:\/\/blog.ccc.eu\/cz\/wp-content\/uploads\/2024\/06\/CCC_5905588603351_02M_1291-2048x1365-1-100x67.jpg 100w, https:\/\/blog.ccc.eu\/cz\/wp-content\/uploads\/2024\/06\/CCC_5905588603351_02M_1291-2048x1365-1.jpg 2048w\" sizes=\"auto, (max-width: 1024px) 100vw, 1024px\" \/><\/a><\/figure>\n\n\n\n<h2 class=\"wp-block-heading\">Porcel\u00e1nov\u011b b\u00edl\u00e1&nbsp;<\/h2>\n\n\n\n<p>B\u00edl\u00e1 a l\u00e9to je nad\u010dasov\u00e1 volba. P\u0159esto\u017ee n\u011bkolik m\u00f3dn\u00edch \u010dasopis\u016f ozna\u010dilo b\u00edlou barvu za kl\u00ed\u010dov\u00fd trend jara a l\u00e9ta 2024, nap\u0159\u00edklad krajkov\u00e9 \u0161aty Chlo\u00e9, ko\u0161ilov\u00e9 \u0161aty Valentino a tri\u010dkov\u00e9 \u0161aty Luara, najdete toto zt\u011blesn\u011bn\u00ed nej\u010dist\u0161\u00ed barvy i na mnoha dal\u0161\u00edch kousc\u00edch ve sv\u00e9m letn\u00edm \u0161atn\u00edku.&nbsp;&nbsp;&nbsp;<\/p>\n\n\n\n<p>Pro v\u00fdrazn\u00fd efekt je nejlep\u0161\u00ed nosit b\u00edlou barvu od hlavy a\u017e k pat\u011b. Pokud ji milujete a nejste ne\u0161ikovn\u00ed jedl\u00edci, je ide\u00e1ln\u00ed. Pro minimalistick\u00e9 no\u0161en\u00ed ji spojte se sakem a modr\u00fdmi d\u017e\u00edny.&nbsp;<\/p>\n\n\n\n<shortcode prop-category=\"Lodi\u010dky\" prop-color=\"B\u00cdL\u00c1\" prop-gender=\"female\" prop-load-num=\"12\" prop-display-num=\"4\" prop-view=\"slider\"><\/shortcode>        <div\r\n            class=\"eob-pf-shortcode\"\r\n            id=\"eobpf69f48ab130adc\"\r\n        >\r\n            <shortcode prop-category=\"Lodi\u010dky\" prop-color=\"B\u00cdL\u00c1\" prop-gender=\"female\" prop-load-num=\"12\" prop-display-num=\"4\" prop-view=\"slider\"><\/shortcode>        <\/div>\r\n\t\t<script>\r\n\t\t\tjQuery(document).ready(() => {\r\n\t\t\t    const root = document.getElementById('eobpf69f48ab130adc');\r\n                Vue.createApp({\r\n\t                components: {\r\n\t                    shortcode\r\n\t                }\r\n                }).mount(root);\r\n\t\t\t});\r\n\t\t<\/script>\r\n\t\t\r\n\t\t\n\n\n\n<p><\/p>\n\n\n\n<h2 class=\"wp-block-heading\">T\u0159e\u0161\u0148ov\u00e1\u00a0<\/h2>\n\n\n\n<p>M\u00f3dn\u00ed posedlost z\u00e1\u0159iv\u011b \u010dervenou barvou v posledn\u00edch sez\u00f3n\u00e1ch nelze ignorovat. Vid\u00edme ji na p\u0159ehl\u00eddkov\u00fdch molech i na \u010derven\u00e9m koberci. Sabato De Sarno ve sv\u00e9 prvn\u00ed kolekci pro zna\u010dku Gucci hojn\u011b vyu\u017e\u00edval tento odst\u00edn, kter\u00fd nazval \u201eGucci Rosso\u201c, a obl\u00e9kl do n\u011bj tu\u017ekov\u00e9 sukn\u011b, saka a v\u00fdrazn\u00e9 dopl\u0148ky ve stejn\u00e9m syt\u011b t\u0159e\u0161\u0148ov\u00e9m odst\u00ednu.&nbsp;&nbsp;&nbsp;<\/p>\n\n\n\n<p>\u010cerven\u00e1, kter\u00e1 byla trendem ji\u017e v roce 2023 a vr\u00e1tila se na p\u0159ehl\u00eddkov\u00e1 mola, je jistotou pro jaro a l\u00e9to 2024. Tento odst\u00edn \u010derven\u00e9, kter\u00fd je sp\u00ed\u0161e tich\u00fdm luxusem ne\u017e femme fatale, m\u016f\u017eete nosit s kab\u00e1tem Herm\u00e8s, ko\u017een\u00fdmi \u0161aty bez ram\u00ednek od Bottega Veneta nebo soupravou ko\u0161ile a kalhot s jemn\u00fdm vzorem Burberry. Sexy siluetu nab\u00eddl Jaquemus v kolekci \u201eLes Sculptures\u201c. Obsahuje mini\u0161aty, kter\u00e9 ji\u017e nos\u00ed Kylie Jenner.\u00a0\u00a0\u00a0<\/p>\n\n\n\n<figure class=\"wp-block-image size-full\"><a href=\"https:\/\/ccc.eu\/cz\/\"><img decoding=\"async\" src=\"https:\/\/blog.ccc.eu\/cz\/wp-content\/uploads\/2024\/06\/CCC_5905588319535_02M_0173-1-1024x683-1.jpg\" alt=\"\" class=\"wp-image-7043\"\/><\/a><\/figure>\n\n\n\n<shortcode prop-category=\"Lodi\u010dky\" prop-color=\"\u010cERVEN\u00c1\" prop-load-num=\"12\" prop-display-num=\"4\" prop-view=\"slider\"><\/shortcode>        <div\r\n            class=\"eob-pf-shortcode\"\r\n            id=\"eobpf69f48ab130bf8\"\r\n        >\r\n            <shortcode prop-category=\"Lodi\u010dky\" prop-color=\"\u010cERVEN\u00c1\" prop-load-num=\"12\" prop-display-num=\"4\" prop-view=\"slider\"><\/shortcode>        <\/div>\r\n\t\t<script>\r\n\t\t\tjQuery(document).ready(() => {\r\n\t\t\t    const root = document.getElementById('eobpf69f48ab130bf8');\r\n                Vue.createApp({\r\n\t                components: {\r\n\t                    shortcode\r\n\t                }\r\n                }).mount(root);\r\n\t\t\t});\r\n\t\t<\/script>\r\n\t\t\r\n\t\t\n\n\n\n<p><\/p>\n\n\n\n<h2 class=\"wp-block-heading\">Dvojit\u00e9 espresso\u00a0\u00a0<\/h2>\n\n\n\n<p>Hn\u011bd\u00e1 se v posledn\u00ed dob\u011b stala jednou z hlavn\u00edch barev na m\u00f3dn\u00ed sc\u00e9n\u011b. Ji\u017e si vyslou\u017eila titul <em>\u201enov\u00e1 \u010dern\u00e1\u201c <\/em>a sv\u016fj v\u00fdznam jist\u011b neztrat\u00ed ani v nadch\u00e1zej\u00edc\u00edch sez\u00f3n\u00e1ch. P\u0159esv\u011bd\u010dit se o tom m\u016f\u017eete sami sledov\u00e1n\u00edm p\u0159ehl\u00eddek na jaro a l\u00e9to 2024: jen t\u011b\u017eko najdete n\u00e1vrh\u00e1\u0159e, kter\u00fd by hn\u011bdou ve sv\u00fdch kolekc\u00edch nepou\u017eil.&nbsp;<\/p>\n\n\n\n<p>Tento trend by v\u00e1s vlastn\u011b nem\u011bl p\u0159ekvapit, proto\u017ee spolu s dal\u0161\u00edmi neutr\u00e1ln\u00edmi odst\u00edny dokonale zt\u011bles\u0148uje styl \u201eOld Money\u201c, kter\u00fd je st\u00e1le tak popul\u00e1rn\u00ed. Hn\u011bd\u00e1 je ji\u017e n\u011bkolik sez\u00f3n m\u00f3dn\u00ed neutr\u00e1ln\u00ed barvou jako jemn\u00e1 alternativa k \u010dern\u00e9 inspirovan\u00e9 90. lety. P\u0159esto\u017ee se \u010dern\u00e1 vrac\u00ed, chladn\u00e9 t\u00f3ny hn\u011bd\u00e9 a tmav\u011b hn\u011bd\u00e9, kter\u00e9 by se daly zam\u011bnit za \u010dernou, maj\u00ed st\u00e1le co nab\u00eddnout.&nbsp;<\/p>\n\n\n<shortcode prop-category=\"D\u00e1msk\u00e9 kabelky\" prop-color=\"HN\u011aD\u00c1\" prop-load-num=\"12\" prop-display-num=\"4\" prop-view=\"slider\"><\/shortcode>        <div\r\n            class=\"eob-pf-shortcode\"\r\n            id=\"eobpf69f48ab130c32\"\r\n        >\r\n            <shortcode prop-category=\"D\u00e1msk\u00e9 kabelky\" prop-color=\"HN\u011aD\u00c1\" prop-load-num=\"12\" prop-display-num=\"4\" prop-view=\"slider\"><\/shortcode>        <\/div>\r\n\t\t<script>\r\n\t\t\tjQuery(document).ready(() => {\r\n\t\t\t    const root = document.getElementById('eobpf69f48ab130c32');\r\n                Vue.createApp({\r\n\t                components: {\r\n\t                    shortcode\r\n\t                }\r\n                }).mount(root);\r\n\t\t\t});\r\n\t\t<\/script>\r\n\t\t\r\n\t\t\n\n\n\n<p><\/p>\n\n\n\n<h2 class=\"wp-block-heading\">Noblesn\u00ed kov\u00a0<\/h2>\n\n\n\n<p>Nic se nevyrovn\u00e1 lesku kovu, kter\u00fd z\u00e1\u0159\u00ed v kteroukoli denn\u00ed dobu. V leto\u0161n\u00ed sez\u00f3n\u011b jaro\/l\u00e9to 2024 se metalick\u00e9 odst\u00edny nos\u00ed i p\u0159es den, nap\u0159\u00edklad zlat\u00e9 s\u00ed\u0165ovan\u00e9 \u0161aty Dior zjemn\u011bn\u00e9 kab\u00e1tem, \u0161ortky Prada na m\u00edru a st\u0159\u00edbrn\u00fd p\u00e1sek se st\u0159apci nebo zlat\u00e9 \u0161aty Miu Miu. A kone\u010dn\u011b ve\u010der si troufneme na st\u0159\u00edbrn\u00e9, flitry zdoben\u00e9 \u0161aty Rabanne nebo oblek inspirovan\u00fd sedmdes\u00e1t\u00fdmi l\u00e9ty od Stelly McCartney ve sv\u011btle zlat\u00e9 barv\u011b.\u00a0\u00a0\u00a0<\/p>\n\n\n\n<figure class=\"wp-block-image size-full\"><a href=\"https:\/\/ccc.eu\/cz\/\"><img loading=\"lazy\" decoding=\"async\" width=\"1024\" height=\"683\" src=\"https:\/\/blog.ccc.eu\/cz\/wp-content\/uploads\/2024\/06\/CCC_5905588568988_02M02_0448-1024x683-1.jpg\" alt=\"\" class=\"wp-image-7044\" srcset=\"https:\/\/blog.ccc.eu\/cz\/wp-content\/uploads\/2024\/06\/CCC_5905588568988_02M02_0448-1024x683-1.jpg 1024w, https:\/\/blog.ccc.eu\/cz\/wp-content\/uploads\/2024\/06\/CCC_5905588568988_02M02_0448-1024x683-1-300x200.jpg 300w, https:\/\/blog.ccc.eu\/cz\/wp-content\/uploads\/2024\/06\/CCC_5905588568988_02M02_0448-1024x683-1-768x512.jpg 768w, https:\/\/blog.ccc.eu\/cz\/wp-content\/uploads\/2024\/06\/CCC_5905588568988_02M02_0448-1024x683-1-100x67.jpg 100w\" sizes=\"auto, (max-width: 1024px) 100vw, 1024px\" \/><\/a><\/figure>\n\n\n<shortcode prop-category=\"Sand\u00e1ly\" prop-color=\"ZLAT\u00c1\" prop-manufacturer=\"Sergio Bardi\" prop-load-num=\"12\" prop-display-num=\"4\" prop-view=\"slider\"><\/shortcode>        <div\r\n            class=\"eob-pf-shortcode\"\r\n            id=\"eobpf69f48ab130c5d\"\r\n        >\r\n            <shortcode prop-category=\"Sand\u00e1ly\" prop-color=\"ZLAT\u00c1\" prop-manufacturer=\"Sergio Bardi\" prop-load-num=\"12\" prop-display-num=\"4\" prop-view=\"slider\"><\/shortcode>        <\/div>\r\n\t\t<script>\r\n\t\t\tjQuery(document).ready(() => {\r\n\t\t\t    const root = document.getElementById('eobpf69f48ab130c5d');\r\n                Vue.createApp({\r\n\t                components: {\r\n\t                    shortcode\r\n\t                }\r\n                }).mount(root);\r\n\t\t\t});\r\n\t\t<\/script>\r\n\t\t\r\n\t\t\n\n\n\n<p><\/p>\n\n\n\n<h2 class=\"wp-block-heading\">Pastelov\u00e9 lilie\u00a0<\/h2>\n\n\n\n<p>Barevn\u00fdm kl\u00ed\u010dem kolekc\u00ed byly pastelov\u00e9 barvy. Nejv\u00fdrazn\u011bj\u0161\u00edm odst\u00ednem byla sv\u011b\u017e\u00ed lilie. V kolekci Michaela Korse se objevily fialov\u00e9 pleten\u00e9 svetry a tren\u010dkoty. Nov\u00fd kreativn\u00ed \u0159editel zna\u010dky Tom Ford Peter Hawkings upoutal pozornost v\u0161ech elegantn\u00edm sat\u00e9nov\u00fdm oblekem v jemn\u00e9 lila barv\u011b. Tato barva se objevila tak\u00e9 u zna\u010dek Maison Margiela, Supriya Lele a Issey Miyake, co\u017e z n\u00ed \u010din\u00ed siln\u00fd barevn\u00fd trend pro jaro\/l\u00e9to 2024.&nbsp;<\/p>\n\n\n<shortcode prop-category=\"D\u00e1msk\u00e9 kabelky\" prop-color=\"FIALOV\u00c1\" prop-load-num=\"12\" prop-display-num=\"4\" prop-view=\"slider\"><\/shortcode>        <div\r\n            class=\"eob-pf-shortcode\"\r\n            id=\"eobpf69f48ab130c83\"\r\n        >\r\n            <shortcode prop-category=\"D\u00e1msk\u00e9 kabelky\" prop-color=\"FIALOV\u00c1\" prop-load-num=\"12\" prop-display-num=\"4\" prop-view=\"slider\"><\/shortcode>        <\/div>\r\n\t\t<script>\r\n\t\t\tjQuery(document).ready(() => {\r\n\t\t\t    const root = document.getElementById('eobpf69f48ab130c83');\r\n                Vue.createApp({\r\n\t                components: {\r\n\t                    shortcode\r\n\t                }\r\n                }).mount(root);\r\n\t\t\t});\r\n\t\t<\/script>\r\n\t\t\r\n\t\t\n\n\n\n<p><\/p>\n\n\n\n<h2 class=\"wp-block-heading\">Nebesk\u00e1 modr\u00e1\u00a0\u00a0<\/h2>\n\n\n\n<p>Vzpom\u00ednky na romantiku a d\u011btstv\u00ed jsou pry\u010d. Dopamin lze p\u0159ivolat zp\u011bt mnoha zp\u016fsoby a pomoci mohou i barvy. Co t\u0159eba modr\u00e1 jako jasn\u00e1 obloha?&nbsp;<\/p>\n\n\n\n<p>Letos na ja\u0159e a v l\u00e9t\u011b 2024 se bude d\u011btsk\u00e1 modr\u00e1 nosit na smysln\u00fdch i le\u017e\u00e9rn\u00edch kousc\u00edch oble\u010den\u00ed. U zna\u010dky Ala\u00efa si zna\u010dka hraje s kontrasty pomoc\u00ed pr\u016fsvitn\u00fdch \u0161at\u016f na t\u00f3n v t\u00f3nu, zat\u00edmco The Attico pou\u017e\u00edv\u00e1 tuto barvu na krajkov\u00fdch \u0161atech. U zna\u010dky Gucci zdob\u00ed d\u011btsk\u00e1 mod\u0159 ko\u017eenou tu\u017ekovou sukni. V neposledn\u00ed \u0159ad\u011b nab\u00edz\u00ed Alberta Ferretti elegantn\u00ed pruhovan\u00fd py\u017eamov\u00fd oblek, kter\u00fd se skv\u011ble hod\u00ed do va\u0161eho pr\u00e1zdninov\u00e9ho \u0161atn\u00edku.&nbsp;<\/p>\n\n\n<shortcode prop-category=\"Obuv\" prop-color=\"SV\u011aTLE MODR\u00c1\" prop-load-num=\"12\" prop-display-num=\"4\" prop-view=\"slider\"><\/shortcode>        <div\r\n            class=\"eob-pf-shortcode\"\r\n            id=\"eobpf69f48ab130ca6\"\r\n        >\r\n            <shortcode prop-category=\"Obuv\" prop-color=\"SV\u011aTLE MODR\u00c1\" prop-load-num=\"12\" prop-display-num=\"4\" prop-view=\"slider\"><\/shortcode>        <\/div>\r\n\t\t<script>\r\n\t\t\tjQuery(document).ready(() => {\r\n\t\t\t    const root = document.getElementById('eobpf69f48ab130ca6');\r\n                Vue.createApp({\r\n\t                components: {\r\n\t                    shortcode\r\n\t                }\r\n                }).mount(root);\r\n\t\t\t});\r\n\t\t<\/script>\r\n\t\t\r\n\t\t\n\n\n\n<p><\/p>\n\n\n\n<h2 class=\"wp-block-heading\">50 odst\u00edn\u016f zelen\u00e9\u00a0\u00a0<\/h2>\n\n\n\n<p>Zelen\u00e1 barva se vrac\u00ed ve velk\u00e9m stylu. Pist\u00e1ciov\u00e1, m\u00e1tov\u00e1 a lesn\u00ed v\u00edla. Highsnobiety ned\u00e1vno ozna\u010dil zelenou za soupe\u0159e \u010derven\u00e9 pro p\u0159\u00ed\u0161t\u00ed zimu.&nbsp;<\/p>\n\n\n\n<p>Jakmile za\u010dne op\u011bt sv\u00edtit slunce, m\u016f\u017eete o\u010dek\u00e1vat p\u0159\u00edliv pist\u00e1ci\u00ed a m\u00e1ty. Tento mo\u017en\u00e1 trochu ne\u010dekan\u00fd odst\u00edn je dokonal\u00fdm barevn\u00fdm \u201epopem\u201c, kter\u00fd m\u016f\u017eete p\u0159idat do sv\u00e9 sb\u00edrky ve\u010dern\u00edch \u0161at\u016f (<em>zejm\u00e9na pro svatebn\u00ed sez\u00f3nu<\/em>). Pist\u00e1cie je pastelov\u00fd odst\u00edn, a proto bude vypadat jemn\u011b a lichotiv\u011b na \u0161irok\u00e9 \u0161k\u00e1le odst\u00edn\u016f pleti.&nbsp;<\/p>\n\n\n\n<p>Lesn\u00ed zelen\u00e1 byla hitem p\u0159ehl\u00eddkov\u00fdch mol pro jaro\/l\u00e9to 2024. Tento odst\u00edn se objevil v le\u017e\u00e9rn\u00edch topech, ve\u010dern\u00edch \u0161atech i praktick\u00fdch \u0161atech do kancel\u00e1\u0159e. Jemn\u00e1 zelen\u00e1 m\u011bla v posledn\u00edch letech kr\u00e1tkou p\u0159est\u00e1vku, proto\u017ee v\u0161ude se objevovala sp\u00ed\u0161e odv\u00e1\u017en\u00e1 a ostr\u00e1 zelen\u00e1. V roce 2024 se zaru\u010den\u011b do\u010dk\u00e1te v\u00fdrazn\u00e9ho o\u017eiven\u00ed tohoto barevn\u00e9ho odst\u00ednu.&nbsp;<\/p>\n\n\n\n<shortcode prop-category=\"D\u00e1msk\u00e9 kabelky\" prop-color=\"ZELEN\u00c1\" prop-load-num=\"12\" prop-display-num=\"4\" prop-view=\"slider\"><\/shortcode>        <div\r\n            class=\"eob-pf-shortcode\"\r\n            id=\"eobpf69f48ab130cca\"\r\n        >\r\n            <shortcode prop-category=\"D\u00e1msk\u00e9 kabelky\" prop-color=\"ZELEN\u00c1\" prop-load-num=\"12\" prop-display-num=\"4\" prop-view=\"slider\"><\/shortcode>        <\/div>\r\n\t\t<script>\r\n\t\t\tjQuery(document).ready(() => {\r\n\t\t\t    const root = document.getElementById('eobpf69f48ab130cca');\r\n                Vue.createApp({\r\n\t                components: {\r\n\t                    shortcode\r\n\t                }\r\n                }).mount(root);\r\n\t\t\t});\r\n\t\t<\/script>\r\n\t\t\r\n\t\t\n","protected":false},"excerpt":{"rendered":"<p>Barevn\u00e9 trendy pro l\u00e9to 2024 p\u0159inesly tuto sez\u00f3nu op\u011bt n\u00e1znaky dopaminov\u00e9ho obl\u00e9k\u00e1n\u00ed a s n\u00edm i mno\u017estv\u00ed bohat\u00fdch odst\u00edn\u016f barev. Rozhodn\u011b je na co se t\u011b\u0161it! Nudit se rozhodn\u011b nebudeme. N\u00e1lada sez\u00f3ny se \u010dasto odr\u00e1\u017e\u00ed v barv\u00e1ch, kter\u00e9 dominuj\u00ed p\u0159ehl\u00eddkov\u00fdm mol\u016fm. Po roce 2023, kter\u00fd se nesl ve znamen\u00ed v\u0161udyp\u0159\u00edtomn\u00e9 r\u016f\u017eov\u00e9, za kterou vd\u011b\u010d\u00edme celove\u010dern\u00edmu [&hellip;]<\/p>\n","protected":false},"author":12,"featured_media":7042,"comment_status":"open","ping_status":"open","sticky":false,"template":"","format":"standard","meta":{"_acf_changed":false,"footnotes":""},"categories":[4,6],"tags":[798,988,702],"class_list":["post-7040","post","type-post","status-publish","format-standard","has-post-thumbnail","hentry","category-modni-tipy","category-trendy","tag-barvy","tag-letni-barvy-2024","tag-leto"],"acf":[],"yoast_head":"<!-- This site is optimized with the Yoast SEO plugin v26.9 - https:\/\/yoast.com\/product\/yoast-seo-wordpress\/ -->\n<title>L\u00e9to v nejnov\u011bj\u0161\u00edch barv\u00e1ch: Objevte 7 nej\u017ehav\u011bj\u0161\u00edch odst\u00edn\u016f!\u00a0\u00a0\u00a0 - blog.ccc.eu\/cz<\/title>\n<meta name=\"description\" content=\"L\u00e9to 2024 bude pat\u0159it barv\u011b roku: Peach Fuzz, stejn\u011b tak i \u0161\u0165avnat\u00e9 t\u0159e\u0161\u0148ov\u00e9, metalick\u00e9 z\u00e1plav\u011b a mo\u017en\u00e1 trochu ne\u010dekan\u011b... \ud83c\udf51\ud83c\udf52\u2728\u00a0\u00a0 2026\" \/>\n<meta name=\"robots\" content=\"index, follow, max-snippet:-1, max-image-preview:large, max-video-preview:-1\" \/>\n<link rel=\"canonical\" href=\"https:\/\/blog.ccc.eu\/cz\/leto-v-nejnovejsich-barvach-objevte-7-nejzhavejsich-odstinu\/\" \/>\n<meta property=\"og:locale\" content=\"cs_CZ\" \/>\n<meta property=\"og:type\" content=\"article\" \/>\n<meta property=\"og:title\" content=\"L\u00e9to v nejnov\u011bj\u0161\u00edch barv\u00e1ch: Objevte 7 nej\u017ehav\u011bj\u0161\u00edch odst\u00edn\u016f!\u00a0\u00a0\u00a0 - blog.ccc.eu\/cz\" \/>\n<meta property=\"og:description\" content=\"L\u00e9to 2024 bude pat\u0159it barv\u011b roku: Peach Fuzz, stejn\u011b tak i \u0161\u0165avnat\u00e9 t\u0159e\u0161\u0148ov\u00e9, metalick\u00e9 z\u00e1plav\u011b a mo\u017en\u00e1 trochu ne\u010dekan\u011b... \ud83c\udf51\ud83c\udf52\u2728\u00a0\u00a0\" \/>\n<meta property=\"og:url\" content=\"https:\/\/blog.ccc.eu\/cz\/leto-v-nejnovejsich-barvach-objevte-7-nejzhavejsich-odstinu\/\" \/>\n<meta property=\"og:site_name\" content=\"blog.ccc.eu\/cz\" \/>\n<meta property=\"article:published_time\" content=\"2024-06-04T11:52:00+00:00\" \/>\n<meta property=\"og:image\" content=\"https:\/\/blog.ccc.eu\/cz\/wp-content\/uploads\/2024\/06\/CCC_5905588603351_02M_1291-2048x1365-1.jpg\" \/>\n\t<meta property=\"og:image:width\" content=\"2048\" \/>\n\t<meta property=\"og:image:height\" content=\"1365\" \/>\n\t<meta property=\"og:image:type\" content=\"image\/jpeg\" \/>\n<meta name=\"author\" content=\"Lena\" \/>\n<meta name=\"twitter:card\" content=\"summary_large_image\" \/>\n<meta name=\"twitter:label1\" content=\"Napsal(a)\" \/>\n\t<meta name=\"twitter:data1\" content=\"Lena\" \/>\n\t<meta name=\"twitter:label2\" content=\"Odhadovan\u00e1 doba \u010dten\u00ed\" \/>\n\t<meta name=\"twitter:data2\" content=\"6 minut\" \/>\n<script type=\"application\/ld+json\" class=\"yoast-schema-graph\">{\"@context\":\"https:\/\/schema.org\",\"@graph\":[{\"@type\":\"Article\",\"@id\":\"https:\/\/blog.ccc.eu\/cz\/leto-v-nejnovejsich-barvach-objevte-7-nejzhavejsich-odstinu\/#article\",\"isPartOf\":{\"@id\":\"https:\/\/blog.ccc.eu\/cz\/leto-v-nejnovejsich-barvach-objevte-7-nejzhavejsich-odstinu\/\"},\"author\":{\"name\":\"Lena\",\"@id\":\"https:\/\/blog.ccc.eu\/cz\/#\/schema\/person\/6d50a49f9c84d32a489180be7a29155d\"},\"headline\":\"L\u00e9to v nejnov\u011bj\u0161\u00edch barv\u00e1ch: Objevte 7 nej\u017ehav\u011bj\u0161\u00edch odst\u00edn\u016f!\u00a0\u00a0\u00a0\",\"datePublished\":\"2024-06-04T11:52:00+00:00\",\"mainEntityOfPage\":{\"@id\":\"https:\/\/blog.ccc.eu\/cz\/leto-v-nejnovejsich-barvach-objevte-7-nejzhavejsich-odstinu\/\"},\"wordCount\":1163,\"commentCount\":0,\"publisher\":{\"@id\":\"https:\/\/blog.ccc.eu\/cz\/#organization\"},\"image\":{\"@id\":\"https:\/\/blog.ccc.eu\/cz\/leto-v-nejnovejsich-barvach-objevte-7-nejzhavejsich-odstinu\/#primaryimage\"},\"thumbnailUrl\":\"https:\/\/blog.ccc.eu\/cz\/wp-content\/uploads\/2024\/06\/CCC_5905588603351_02M_1291-2048x1365-1.jpg\",\"keywords\":[\"barvy\",\"letn\u00ed barvy 2024\",\"l\u00e9to\"],\"articleSection\":[\"M\u00d3DN\u00cd TIPY\",\"TRENDY\"],\"inLanguage\":\"cs\",\"potentialAction\":[{\"@type\":\"CommentAction\",\"name\":\"Comment\",\"target\":[\"https:\/\/blog.ccc.eu\/cz\/leto-v-nejnovejsich-barvach-objevte-7-nejzhavejsich-odstinu\/#respond\"]}]},{\"@type\":\"WebPage\",\"@id\":\"https:\/\/blog.ccc.eu\/cz\/leto-v-nejnovejsich-barvach-objevte-7-nejzhavejsich-odstinu\/\",\"url\":\"https:\/\/blog.ccc.eu\/cz\/leto-v-nejnovejsich-barvach-objevte-7-nejzhavejsich-odstinu\/\",\"name\":\"L\u00e9to v nejnov\u011bj\u0161\u00edch barv\u00e1ch: Objevte 7 nej\u017ehav\u011bj\u0161\u00edch odst\u00edn\u016f!\u00a0\u00a0\u00a0 - blog.ccc.eu\/cz\",\"isPartOf\":{\"@id\":\"https:\/\/blog.ccc.eu\/cz\/#website\"},\"primaryImageOfPage\":{\"@id\":\"https:\/\/blog.ccc.eu\/cz\/leto-v-nejnovejsich-barvach-objevte-7-nejzhavejsich-odstinu\/#primaryimage\"},\"image\":{\"@id\":\"https:\/\/blog.ccc.eu\/cz\/leto-v-nejnovejsich-barvach-objevte-7-nejzhavejsich-odstinu\/#primaryimage\"},\"thumbnailUrl\":\"https:\/\/blog.ccc.eu\/cz\/wp-content\/uploads\/2024\/06\/CCC_5905588603351_02M_1291-2048x1365-1.jpg\",\"datePublished\":\"2024-06-04T11:52:00+00:00\",\"description\":\"L\u00e9to 2024 bude pat\u0159it barv\u011b roku: Peach Fuzz, stejn\u011b tak i \u0161\u0165avnat\u00e9 t\u0159e\u0161\u0148ov\u00e9, metalick\u00e9 z\u00e1plav\u011b a mo\u017en\u00e1 trochu ne\u010dekan\u011b... \ud83c\udf51\ud83c\udf52\u2728\u00a0\u00a0\",\"breadcrumb\":{\"@id\":\"https:\/\/blog.ccc.eu\/cz\/leto-v-nejnovejsich-barvach-objevte-7-nejzhavejsich-odstinu\/#breadcrumb\"},\"inLanguage\":\"cs\",\"potentialAction\":[{\"@type\":\"ReadAction\",\"target\":[\"https:\/\/blog.ccc.eu\/cz\/leto-v-nejnovejsich-barvach-objevte-7-nejzhavejsich-odstinu\/\"]}]},{\"@type\":\"ImageObject\",\"inLanguage\":\"cs\",\"@id\":\"https:\/\/blog.ccc.eu\/cz\/leto-v-nejnovejsich-barvach-objevte-7-nejzhavejsich-odstinu\/#primaryimage\",\"url\":\"https:\/\/blog.ccc.eu\/cz\/wp-content\/uploads\/2024\/06\/CCC_5905588603351_02M_1291-2048x1365-1.jpg\",\"contentUrl\":\"https:\/\/blog.ccc.eu\/cz\/wp-content\/uploads\/2024\/06\/CCC_5905588603351_02M_1291-2048x1365-1.jpg\",\"width\":2048,\"height\":1365,\"caption\":\"L\u00e9to v CCC\"},{\"@type\":\"BreadcrumbList\",\"@id\":\"https:\/\/blog.ccc.eu\/cz\/leto-v-nejnovejsich-barvach-objevte-7-nejzhavejsich-odstinu\/#breadcrumb\",\"itemListElement\":[{\"@type\":\"ListItem\",\"position\":1,\"name\":\"Strona g\u0142\u00f3wna\",\"item\":\"https:\/\/blog.ccc.eu\/cz\/\"},{\"@type\":\"ListItem\",\"position\":2,\"name\":\"L\u00e9to v nejnov\u011bj\u0161\u00edch barv\u00e1ch: Objevte 7 nej\u017ehav\u011bj\u0161\u00edch odst\u00edn\u016f!\u00a0\u00a0\u00a0\"}]},{\"@type\":\"WebSite\",\"@id\":\"https:\/\/blog.ccc.eu\/cz\/#website\",\"url\":\"https:\/\/blog.ccc.eu\/cz\/\",\"name\":\"blog.ccc.eu\/cz\",\"description\":\"Va\u0161e m\u00edsto pln\u00e9 m\u00f3dn\u00edch inspirac\u00ed\",\"publisher\":{\"@id\":\"https:\/\/blog.ccc.eu\/cz\/#organization\"},\"potentialAction\":[{\"@type\":\"SearchAction\",\"target\":{\"@type\":\"EntryPoint\",\"urlTemplate\":\"https:\/\/blog.ccc.eu\/cz\/?s={search_term_string}\"},\"query-input\":{\"@type\":\"PropertyValueSpecification\",\"valueRequired\":true,\"valueName\":\"search_term_string\"}}],\"inLanguage\":\"cs\"},{\"@type\":\"Organization\",\"@id\":\"https:\/\/blog.ccc.eu\/cz\/#organization\",\"name\":\"CCC S.A.\",\"url\":\"https:\/\/blog.ccc.eu\/cz\/\",\"logo\":{\"@type\":\"ImageObject\",\"inLanguage\":\"cs\",\"@id\":\"https:\/\/blog.ccc.eu\/cz\/#\/schema\/logo\/image\/\",\"url\":\"https:\/\/blog.ccc.eu\/cz\/wp-content\/uploads\/2021\/11\/logo_ccc.png\",\"contentUrl\":\"https:\/\/blog.ccc.eu\/cz\/wp-content\/uploads\/2021\/11\/logo_ccc.png\",\"width\":730,\"height\":270,\"caption\":\"CCC S.A.\"},\"image\":{\"@id\":\"https:\/\/blog.ccc.eu\/cz\/#\/schema\/logo\/image\/\"}},{\"@type\":\"Person\",\"@id\":\"https:\/\/blog.ccc.eu\/cz\/#\/schema\/person\/6d50a49f9c84d32a489180be7a29155d\",\"name\":\"Lena\",\"image\":{\"@type\":\"ImageObject\",\"inLanguage\":\"cs\",\"@id\":\"https:\/\/blog.ccc.eu\/cz\/#\/schema\/person\/image\/\",\"url\":\"https:\/\/blog.ccc.eu\/cz\/wp-content\/uploads\/2022\/06\/MicrosoftTeams-image-2-100x100.jpg\",\"contentUrl\":\"https:\/\/blog.ccc.eu\/cz\/wp-content\/uploads\/2022\/06\/MicrosoftTeams-image-2-100x100.jpg\",\"caption\":\"Lena\"},\"description\":\"Absolventka digit\u00e1ln\u00edho marketingu se zku\u0161enostmi s obsahov\u00fdm marketingem a (velmi p\u0159ekvapiv\u011b) copywritingem. Ve voln\u00e9m \u010dase r\u00e1da nos\u00ed platformy a sna\u017e\u00ed se vyva\u017eovat n\u00e1kupy ve fast-fashion \u0159et\u011bzc\u00edch, swapov\u00e1n\u00edm.\",\"url\":\"https:\/\/blog.ccc.eu\/cz\/author\/katarzyna-kostygin\/\"}]}<\/script>\n<!-- \/ Yoast SEO plugin. -->","yoast_head_json":{"title":"L\u00e9to v nejnov\u011bj\u0161\u00edch barv\u00e1ch: Objevte 7 nej\u017ehav\u011bj\u0161\u00edch odst\u00edn\u016f!\u00a0\u00a0\u00a0 - blog.ccc.eu\/cz","description":"L\u00e9to 2024 bude pat\u0159it barv\u011b roku: Peach Fuzz, stejn\u011b tak i \u0161\u0165avnat\u00e9 t\u0159e\u0161\u0148ov\u00e9, metalick\u00e9 z\u00e1plav\u011b a mo\u017en\u00e1 trochu ne\u010dekan\u011b... \ud83c\udf51\ud83c\udf52\u2728\u00a0\u00a0 2026","robots":{"index":"index","follow":"follow","max-snippet":"max-snippet:-1","max-image-preview":"max-image-preview:large","max-video-preview":"max-video-preview:-1"},"canonical":"https:\/\/blog.ccc.eu\/cz\/leto-v-nejnovejsich-barvach-objevte-7-nejzhavejsich-odstinu\/","og_locale":"cs_CZ","og_type":"article","og_title":"L\u00e9to v nejnov\u011bj\u0161\u00edch barv\u00e1ch: Objevte 7 nej\u017ehav\u011bj\u0161\u00edch odst\u00edn\u016f!\u00a0\u00a0\u00a0 - blog.ccc.eu\/cz","og_description":"L\u00e9to 2024 bude pat\u0159it barv\u011b roku: Peach Fuzz, stejn\u011b tak i \u0161\u0165avnat\u00e9 t\u0159e\u0161\u0148ov\u00e9, metalick\u00e9 z\u00e1plav\u011b a mo\u017en\u00e1 trochu ne\u010dekan\u011b... \ud83c\udf51\ud83c\udf52\u2728\u00a0\u00a0","og_url":"https:\/\/blog.ccc.eu\/cz\/leto-v-nejnovejsich-barvach-objevte-7-nejzhavejsich-odstinu\/","og_site_name":"blog.ccc.eu\/cz","article_published_time":"2024-06-04T11:52:00+00:00","og_image":[{"width":2048,"height":1365,"url":"https:\/\/blog.ccc.eu\/cz\/wp-content\/uploads\/2024\/06\/CCC_5905588603351_02M_1291-2048x1365-1.jpg","type":"image\/jpeg"}],"author":"Lena","twitter_card":"summary_large_image","twitter_misc":{"Napsal(a)":"Lena","Odhadovan\u00e1 doba \u010dten\u00ed":"6 minut"},"schema":{"@context":"https:\/\/schema.org","@graph":[{"@type":"Article","@id":"https:\/\/blog.ccc.eu\/cz\/leto-v-nejnovejsich-barvach-objevte-7-nejzhavejsich-odstinu\/#article","isPartOf":{"@id":"https:\/\/blog.ccc.eu\/cz\/leto-v-nejnovejsich-barvach-objevte-7-nejzhavejsich-odstinu\/"},"author":{"name":"Lena","@id":"https:\/\/blog.ccc.eu\/cz\/#\/schema\/person\/6d50a49f9c84d32a489180be7a29155d"},"headline":"L\u00e9to v nejnov\u011bj\u0161\u00edch barv\u00e1ch: Objevte 7 nej\u017ehav\u011bj\u0161\u00edch odst\u00edn\u016f!\u00a0\u00a0\u00a0","datePublished":"2024-06-04T11:52:00+00:00","mainEntityOfPage":{"@id":"https:\/\/blog.ccc.eu\/cz\/leto-v-nejnovejsich-barvach-objevte-7-nejzhavejsich-odstinu\/"},"wordCount":1163,"commentCount":0,"publisher":{"@id":"https:\/\/blog.ccc.eu\/cz\/#organization"},"image":{"@id":"https:\/\/blog.ccc.eu\/cz\/leto-v-nejnovejsich-barvach-objevte-7-nejzhavejsich-odstinu\/#primaryimage"},"thumbnailUrl":"https:\/\/blog.ccc.eu\/cz\/wp-content\/uploads\/2024\/06\/CCC_5905588603351_02M_1291-2048x1365-1.jpg","keywords":["barvy","letn\u00ed barvy 2024","l\u00e9to"],"articleSection":["M\u00d3DN\u00cd TIPY","TRENDY"],"inLanguage":"cs","potentialAction":[{"@type":"CommentAction","name":"Comment","target":["https:\/\/blog.ccc.eu\/cz\/leto-v-nejnovejsich-barvach-objevte-7-nejzhavejsich-odstinu\/#respond"]}]},{"@type":"WebPage","@id":"https:\/\/blog.ccc.eu\/cz\/leto-v-nejnovejsich-barvach-objevte-7-nejzhavejsich-odstinu\/","url":"https:\/\/blog.ccc.eu\/cz\/leto-v-nejnovejsich-barvach-objevte-7-nejzhavejsich-odstinu\/","name":"L\u00e9to v nejnov\u011bj\u0161\u00edch barv\u00e1ch: Objevte 7 nej\u017ehav\u011bj\u0161\u00edch odst\u00edn\u016f!\u00a0\u00a0\u00a0 - blog.ccc.eu\/cz","isPartOf":{"@id":"https:\/\/blog.ccc.eu\/cz\/#website"},"primaryImageOfPage":{"@id":"https:\/\/blog.ccc.eu\/cz\/leto-v-nejnovejsich-barvach-objevte-7-nejzhavejsich-odstinu\/#primaryimage"},"image":{"@id":"https:\/\/blog.ccc.eu\/cz\/leto-v-nejnovejsich-barvach-objevte-7-nejzhavejsich-odstinu\/#primaryimage"},"thumbnailUrl":"https:\/\/blog.ccc.eu\/cz\/wp-content\/uploads\/2024\/06\/CCC_5905588603351_02M_1291-2048x1365-1.jpg","datePublished":"2024-06-04T11:52:00+00:00","description":"L\u00e9to 2024 bude pat\u0159it barv\u011b roku: Peach Fuzz, stejn\u011b tak i \u0161\u0165avnat\u00e9 t\u0159e\u0161\u0148ov\u00e9, metalick\u00e9 z\u00e1plav\u011b a mo\u017en\u00e1 trochu ne\u010dekan\u011b... \ud83c\udf51\ud83c\udf52\u2728\u00a0\u00a0","breadcrumb":{"@id":"https:\/\/blog.ccc.eu\/cz\/leto-v-nejnovejsich-barvach-objevte-7-nejzhavejsich-odstinu\/#breadcrumb"},"inLanguage":"cs","potentialAction":[{"@type":"ReadAction","target":["https:\/\/blog.ccc.eu\/cz\/leto-v-nejnovejsich-barvach-objevte-7-nejzhavejsich-odstinu\/"]}]},{"@type":"ImageObject","inLanguage":"cs","@id":"https:\/\/blog.ccc.eu\/cz\/leto-v-nejnovejsich-barvach-objevte-7-nejzhavejsich-odstinu\/#primaryimage","url":"https:\/\/blog.ccc.eu\/cz\/wp-content\/uploads\/2024\/06\/CCC_5905588603351_02M_1291-2048x1365-1.jpg","contentUrl":"https:\/\/blog.ccc.eu\/cz\/wp-content\/uploads\/2024\/06\/CCC_5905588603351_02M_1291-2048x1365-1.jpg","width":2048,"height":1365,"caption":"L\u00e9to v CCC"},{"@type":"BreadcrumbList","@id":"https:\/\/blog.ccc.eu\/cz\/leto-v-nejnovejsich-barvach-objevte-7-nejzhavejsich-odstinu\/#breadcrumb","itemListElement":[{"@type":"ListItem","position":1,"name":"Strona g\u0142\u00f3wna","item":"https:\/\/blog.ccc.eu\/cz\/"},{"@type":"ListItem","position":2,"name":"L\u00e9to v nejnov\u011bj\u0161\u00edch barv\u00e1ch: Objevte 7 nej\u017ehav\u011bj\u0161\u00edch odst\u00edn\u016f!\u00a0\u00a0\u00a0"}]},{"@type":"WebSite","@id":"https:\/\/blog.ccc.eu\/cz\/#website","url":"https:\/\/blog.ccc.eu\/cz\/","name":"blog.ccc.eu\/cz","description":"Va\u0161e m\u00edsto pln\u00e9 m\u00f3dn\u00edch inspirac\u00ed","publisher":{"@id":"https:\/\/blog.ccc.eu\/cz\/#organization"},"potentialAction":[{"@type":"SearchAction","target":{"@type":"EntryPoint","urlTemplate":"https:\/\/blog.ccc.eu\/cz\/?s={search_term_string}"},"query-input":{"@type":"PropertyValueSpecification","valueRequired":true,"valueName":"search_term_string"}}],"inLanguage":"cs"},{"@type":"Organization","@id":"https:\/\/blog.ccc.eu\/cz\/#organization","name":"CCC S.A.","url":"https:\/\/blog.ccc.eu\/cz\/","logo":{"@type":"ImageObject","inLanguage":"cs","@id":"https:\/\/blog.ccc.eu\/cz\/#\/schema\/logo\/image\/","url":"https:\/\/blog.ccc.eu\/cz\/wp-content\/uploads\/2021\/11\/logo_ccc.png","contentUrl":"https:\/\/blog.ccc.eu\/cz\/wp-content\/uploads\/2021\/11\/logo_ccc.png","width":730,"height":270,"caption":"CCC S.A."},"image":{"@id":"https:\/\/blog.ccc.eu\/cz\/#\/schema\/logo\/image\/"}},{"@type":"Person","@id":"https:\/\/blog.ccc.eu\/cz\/#\/schema\/person\/6d50a49f9c84d32a489180be7a29155d","name":"Lena","image":{"@type":"ImageObject","inLanguage":"cs","@id":"https:\/\/blog.ccc.eu\/cz\/#\/schema\/person\/image\/","url":"https:\/\/blog.ccc.eu\/cz\/wp-content\/uploads\/2022\/06\/MicrosoftTeams-image-2-100x100.jpg","contentUrl":"https:\/\/blog.ccc.eu\/cz\/wp-content\/uploads\/2022\/06\/MicrosoftTeams-image-2-100x100.jpg","caption":"Lena"},"description":"Absolventka digit\u00e1ln\u00edho marketingu se zku\u0161enostmi s obsahov\u00fdm marketingem a (velmi p\u0159ekvapiv\u011b) copywritingem. Ve voln\u00e9m \u010dase r\u00e1da nos\u00ed platformy a sna\u017e\u00ed se vyva\u017eovat n\u00e1kupy ve fast-fashion \u0159et\u011bzc\u00edch, swapov\u00e1n\u00edm.","url":"https:\/\/blog.ccc.eu\/cz\/author\/katarzyna-kostygin\/"}]}},"_links":{"self":[{"href":"https:\/\/blog.ccc.eu\/cz\/wp-json\/wp\/v2\/posts\/7040","targetHints":{"allow":["GET"]}}],"collection":[{"href":"https:\/\/blog.ccc.eu\/cz\/wp-json\/wp\/v2\/posts"}],"about":[{"href":"https:\/\/blog.ccc.eu\/cz\/wp-json\/wp\/v2\/types\/post"}],"author":[{"embeddable":true,"href":"https:\/\/blog.ccc.eu\/cz\/wp-json\/wp\/v2\/users\/12"}],"replies":[{"embeddable":true,"href":"https:\/\/blog.ccc.eu\/cz\/wp-json\/wp\/v2\/comments?post=7040"}],"version-history":[{"count":6,"href":"https:\/\/blog.ccc.eu\/cz\/wp-json\/wp\/v2\/posts\/7040\/revisions"}],"predecessor-version":[{"id":7050,"href":"https:\/\/blog.ccc.eu\/cz\/wp-json\/wp\/v2\/posts\/7040\/revisions\/7050"}],"wp:featuredmedia":[{"embeddable":true,"href":"https:\/\/blog.ccc.eu\/cz\/wp-json\/wp\/v2\/media\/7042"}],"wp:attachment":[{"href":"https:\/\/blog.ccc.eu\/cz\/wp-json\/wp\/v2\/media?parent=7040"}],"wp:term":[{"taxonomy":"category","embeddable":true,"href":"https:\/\/blog.ccc.eu\/cz\/wp-json\/wp\/v2\/categories?post=7040"},{"taxonomy":"post_tag","embeddable":true,"href":"https:\/\/blog.ccc.eu\/cz\/wp-json\/wp\/v2\/tags?post=7040"}],"curies":[{"name":"wp","href":"https:\/\/api.w.org\/{rel}","templated":true}]}}