{"id":7244,"date":"2024-10-18T19:51:00","date_gmt":"2024-10-18T17:51:00","guid":{"rendered":"https:\/\/blog.ccc.eu\/cz\/?p=7244"},"modified":"2024-10-20T22:58:21","modified_gmt":"2024-10-20T20:58:21","slug":"trendy-v-teniskach-ktere-se-budou-na-podzim-a-v-zime-objevovat-v-ulicich","status":"publish","type":"post","link":"https:\/\/blog.ccc.eu\/cz\/trendy-v-teniskach-ktere-se-budou-na-podzim-a-v-zime-objevovat-v-ulicich\/","title":{"rendered":"Trendy v tenisk\u00e1ch, kter\u00e9 se budou na podzim a v zim\u011b objevovat v ulic\u00edch"},"content":{"rendered":"\n<p><em>U\u017e d\u00e1vno jsou pry\u010d doby, kdy byla zima tak krut\u00e1, \u017ee jsme nemohli nosit to, co mnoz\u00ed z n\u00e1s miluj\u00ed celoro\u010dn\u011b \u2013 tenisky. A p\u0159esto\u017ee se jedn\u00e1 o nesmrtelnou obuv, existuj\u00ed ur\u010dit\u00e9 trendy, kter\u00fdm podl\u00e9haj\u00ed i ro\u010dn\u00ed obdob\u00ed. V chladn\u00fdch t\u00fddnech se v ulic\u00edch rozhodn\u011b nevyhnete no\u0161en\u00ed t\u011bchto typ\u016f tenisek na chodidlech jak va\u0161ich zn\u00e1m\u00fdch, tak i nezn\u00e1m\u00fdch.<\/em><\/p>\n\n\n\n<figure class=\"wp-block-image size-full\"><img loading=\"lazy\" decoding=\"async\" width=\"798\" height=\"798\" src=\"https:\/\/blog.ccc.eu\/cz\/wp-content\/uploads\/2024\/10\/rozowe-buty-na-silownie.jpg\" alt=\"\" class=\"wp-image-7245\" srcset=\"https:\/\/blog.ccc.eu\/cz\/wp-content\/uploads\/2024\/10\/rozowe-buty-na-silownie.jpg 798w, https:\/\/blog.ccc.eu\/cz\/wp-content\/uploads\/2024\/10\/rozowe-buty-na-silownie-300x300.jpg 300w, https:\/\/blog.ccc.eu\/cz\/wp-content\/uploads\/2024\/10\/rozowe-buty-na-silownie-150x150.jpg 150w, https:\/\/blog.ccc.eu\/cz\/wp-content\/uploads\/2024\/10\/rozowe-buty-na-silownie-768x768.jpg 768w, https:\/\/blog.ccc.eu\/cz\/wp-content\/uploads\/2024\/10\/rozowe-buty-na-silownie-100x100.jpg 100w\" sizes=\"auto, (max-width: 798px) 100vw, 798px\" \/><\/figure>\n\n\n\n<p>Shr\u0148me si to nejprve glob\u00e1ln\u011b. Leto\u0161n\u00ed podzim a zimu budou mezi teniskami kralovat sportovn\u00ed tenisky, zejm\u00e9na \u0161t\u00edhl\u00fd retro styl. Co se t\u00fdk\u00e1 barev, p\u016fjde bu\u010f o neutr\u00e1ln\u00ed t\u00f3ny, nebo pak naopak o velmi odv\u00e1\u017en\u00e9, nap\u0159\u00edklad leopard\u00ed potisk nebo syt\u011b \u010derven\u00e9 tenisky.<\/p>\n\n\n\n<h2 class=\"wp-block-heading\"><strong>Sportovn\u00ed tenisky<\/strong><\/h2>\n\n\n\n<p>V\u00fd\u0161e zm\u00edn\u011bn\u00fd retro n\u00e1vrat k \u00fazk\u00fdm tenisk\u00e1m, kter\u00e9 rozhodn\u011b mus\u00edte zkombinovat s pono\u017ekami, abyste dos\u00e1hli prav\u00e9ho retro efektu! Nemus\u00edte b\u00fdt \u00fapln\u011b sportovn\u00ed typ, nebo dokonce sportovat, abyste si mohli dop\u0159\u00e1t tento sportovn\u00ed styl. Tyto tenisky m\u016f\u017eete snadno kombinovat se \u0161aty, sukn\u011bmi, silonkami, \u0161ortkami. D\u00edky tomu, \u017ee jsou \u00fazk\u00e9, a ne p\u0159\u00edli\u0161 robustn\u00ed, se hod\u00ed klidn\u011b i k jemn\u011bj\u0161\u00edm kousk\u016fm oble\u010den\u00ed.<\/p>\n\n\n<shortcode prop-category=\"Tenisky\" prop-load-num=\"12\" prop-display-num=\"5\" prop-sku=\"5905588724438, 5905588500315, 5905588683346, 5905588647348, 5905588694458\" prop-view=\"slider\"><\/shortcode>        <div\r\n            class=\"eob-pf-shortcode\"\r\n            id=\"eobpf69f202cb00af0\"\r\n        >\r\n            <shortcode prop-category=\"Tenisky\" prop-load-num=\"12\" prop-display-num=\"5\" prop-sku=\"5905588724438, 5905588500315, 5905588683346, 5905588647348, 5905588694458\" prop-view=\"slider\"><\/shortcode>        <\/div>\r\n\t\t<script>\r\n\t\t\tjQuery(document).ready(() => {\r\n\t\t\t    const root = document.getElementById('eobpf69f202cb00af0');\r\n                Vue.createApp({\r\n\t                components: {\r\n\t                    shortcode\r\n\t                }\r\n                }).mount(root);\r\n\t\t\t});\r\n\t\t<\/script>\r\n\t\t\r\n\t\t\n\n\n\n<p><\/p>\n\n\n\n<h2 class=\"wp-block-heading\"><strong>Leopard\u00ed vzor!<\/strong><\/h2>\n\n\n\n<p>Pokud milujete tento vzor, m\u00e1te se na co t\u011b\u0161it. Pokud ho naopak nemilujete, d\u00edvejte se sp\u00ed\u0161e do nebe ne\u017e na zem, proto\u017ee se mu rozhodn\u011b nevyhnete. Leopard\u00ed vzor na tenisk\u00e1ch je hitem leto\u0161n\u00ed sez\u00f3ny a nem\u011bl by chyb\u011bt v botn\u00edku nikoho, kdo chce dr\u017eet krok s nejnov\u011bj\u0161\u00edmi trendy. Faktem je, \u017ee leopard\u00ed vzor se dostal v\u0161ude \u2013 na kabelky, d\u017e\u00edny, ta\u0161ky, bundy \u2013 a nevyhnul se ani bot\u00e1m! I kdy\u017e si ho nemus\u00ed zamilovat ka\u017ed\u00fd, jeho v\u00fdhodou je, \u017ee nen\u00ed tak odv\u00e1\u017en\u00fd ani netradi\u010dn\u00ed, tak\u017ee m\u016f\u017ee vyhovovat i t\u011bm, kte\u0159\u00ed se ost\u00fdchaj\u00ed experimentovat se vzory. Z\u00e1rove\u0148 dok\u00e1\u017e\u00ed pozvednout jak\u00fdkoli outfit a ud\u011blat z n\u011bj n\u011bco nep\u0159ehl\u00e9dnuteln\u00e9ho.<\/p>\n\n\n<shortcode prop-category=\"Tenisky\" prop-load-num=\"12\" prop-display-num=\"3\" prop-sku=\"5905588257998, 5905588826057, 5905588826200\" prop-view=\"slider\"><\/shortcode>        <div\r\n            class=\"eob-pf-shortcode\"\r\n            id=\"eobpf69f202cb00c73\"\r\n        >\r\n            <shortcode prop-category=\"Tenisky\" prop-load-num=\"12\" prop-display-num=\"3\" prop-sku=\"5905588257998, 5905588826057, 5905588826200\" prop-view=\"slider\"><\/shortcode>        <\/div>\r\n\t\t<script>\r\n\t\t\tjQuery(document).ready(() => {\r\n\t\t\t    const root = document.getElementById('eobpf69f202cb00c73');\r\n                Vue.createApp({\r\n\t                components: {\r\n\t                    shortcode\r\n\t                }\r\n                }).mount(root);\r\n\t\t\t});\r\n\t\t<\/script>\r\n\t\t\r\n\t\t\n\n\n\n<p><\/p>\n\n\n\n<h2 class=\"wp-block-heading\"><strong>P\u0159\u00edrodn\u00ed tenisky<\/strong><\/h2>\n\n\n\n<p>B\u00edl\u00e9 barv\u011b v\u00edcem\u00e9n\u011b odzvonilo. Dob\u0159e, ne \u00fapln\u011b, ale rozhodn\u011b u\u017e nen\u00ed tak IN nosit sn\u011bhob\u00edl\u00e9 tenisky. Trend se p\u0159esunul k p\u0159irozen\u011bj\u0161\u00edm t\u00f3n\u016fm slonovinov\u00e9 kosti, b\u00e9\u017eov\u00e9, \u0161ed\u00e9 nebo b\u00edl\u00e9 k\u00e1vy. V\u00fdhodou t\u011bchto tenisek je, \u017ee d\u00edky jejich p\u0159irozenosti nemus\u00edte p\u0159\u00edli\u0161 p\u0159em\u00fd\u0161let, co si vezmete na sebe, proto\u017ee se hod\u00ed ke v\u0161emu!<\/p>\n\n\n<shortcode prop-category=\"Tenisky\" prop-load-num=\"12\" prop-display-num=\"5\" prop-sku=\"5905588860631, 5905588710431, 5905588319047, 5905588727255, 5905588825807\" prop-view=\"slider\"><\/shortcode>        <div\r\n            class=\"eob-pf-shortcode\"\r\n            id=\"eobpf69f202cb00cc9\"\r\n        >\r\n            <shortcode prop-category=\"Tenisky\" prop-load-num=\"12\" prop-display-num=\"5\" prop-sku=\"5905588860631, 5905588710431, 5905588319047, 5905588727255, 5905588825807\" prop-view=\"slider\"><\/shortcode>        <\/div>\r\n\t\t<script>\r\n\t\t\tjQuery(document).ready(() => {\r\n\t\t\t    const root = document.getElementById('eobpf69f202cb00cc9');\r\n                Vue.createApp({\r\n\t                components: {\r\n\t                    shortcode\r\n\t                }\r\n                }).mount(root);\r\n\t\t\t});\r\n\t\t<\/script>\r\n\t\t\r\n\t\t\n\n\n\n<p><\/p>\n\n\n\n<h2 class=\"wp-block-heading\"><strong>V\u00fdrazn\u00e9 tenisky<\/strong><\/h2>\n\n\n\n<p>Pokud naopak chcete s teniskami upoutat pozornost a r\u00e1di na sebe upozor\u0148ujete, zaujme v\u00e1s opa\u010dn\u00fd trend, tedy trend v\u00fdrazn\u00fdch tenisek. Rozhodn\u011bte se pro v\u00fdrazn\u00e9 barvy, kter\u00e9 rozz\u00e1\u0159\u00ed jinak sp\u00ed\u0161e pochmurn\u00e9 a ponur\u00e9 dny. Ale pozor, vyb\u00edrejte je p\u0159edev\u0161\u00edm ke sportovn\u00edmu oble\u010den\u00ed, nosit je k n\u011b\u010demu jemn\u00e9mu nebo n\u011b\u017en\u00e9mu by asi nebyl nejlep\u0161\u00ed n\u00e1pad. A bu\u010f k nim zvolte m\u00e9n\u011b barevn\u00fd outfit, nebo se naopak odva\u017ete a jd\u011bte do toho s barvami naplno.<\/p>\n\n\n<shortcode prop-category=\"Tenisky\" prop-load-num=\"12\" prop-display-num=\"4\" prop-sku=\"5905588902874, 5905588903390, 5905588683841, 5905588686255\" prop-view=\"slider\"><\/shortcode>        <div\r\n            class=\"eob-pf-shortcode\"\r\n            id=\"eobpf69f202cb00d0d\"\r\n        >\r\n            <shortcode prop-category=\"Tenisky\" prop-load-num=\"12\" prop-display-num=\"4\" prop-sku=\"5905588902874, 5905588903390, 5905588683841, 5905588686255\" prop-view=\"slider\"><\/shortcode>        <\/div>\r\n\t\t<script>\r\n\t\t\tjQuery(document).ready(() => {\r\n\t\t\t    const root = document.getElementById('eobpf69f202cb00d0d');\r\n                Vue.createApp({\r\n\t                components: {\r\n\t                    shortcode\r\n\t                }\r\n                }).mount(root);\r\n\t\t\t});\r\n\t\t<\/script>\r\n\t\t\r\n\t\t\n\n\n\n<p><\/p>\n\n\n\n<h2 class=\"wp-block-heading\"><strong>Zab\u011bhn\u011bte si pro nov\u00e9 tenisky<\/strong><\/h2>\n\n\n\n<p>A takovou zvl\u00e1\u0161tnost\u00ed leto\u0161n\u00ed sez\u00f3ny se staly tenisky, kter\u00e9 vypadaj\u00ed jako b\u011b\u017eeck\u00e9 boty (nebo dokonce b\u011b\u017eeck\u00fdmi botami jsou), ale ve skute\u010dnosti v nich neb\u011bh\u00e1te, ale tr\u00e1v\u00edte v nich i zbytek \u010dasu. A mo\u017en\u00e1 je\u0161t\u011b p\u0159ekvapiv\u011bj\u0161\u00ed je, \u017ee se hod\u00ed prakticky ke v\u0161emu \u2013 k sukn\u00edm, \u0161at\u016fm, d\u017e\u00edn\u016fm, tepl\u00e1k\u016fm&#8230; Pokud se v tomto stylu tenisek c\u00edt\u00edte dob\u0159e, nastalo to prav\u00e9 obdob\u00ed.<\/p>\n\n\n<shortcode prop-category=\"Tenisky\" prop-load-num=\"12\" prop-display-num=\"5\" prop-sku=\"2230072309710, 5905588862130, 2230072309390, 2230060486737, 5905588501992\" prop-view=\"slider\"><\/shortcode>        <div\r\n            class=\"eob-pf-shortcode\"\r\n            id=\"eobpf69f202cb00d49\"\r\n        >\r\n            <shortcode prop-category=\"Tenisky\" prop-load-num=\"12\" prop-display-num=\"5\" prop-sku=\"2230072309710, 5905588862130, 2230072309390, 2230060486737, 5905588501992\" prop-view=\"slider\"><\/shortcode>        <\/div>\r\n\t\t<script>\r\n\t\t\tjQuery(document).ready(() => {\r\n\t\t\t    const root = document.getElementById('eobpf69f202cb00d49');\r\n                Vue.createApp({\r\n\t                components: {\r\n\t                    shortcode\r\n\t                }\r\n                }).mount(root);\r\n\t\t\t});\r\n\t\t<\/script>\r\n\t\t\r\n\t\t\n\n\n\n<p><\/p>\n\n\n\n<p>Nejkr\u00e1sn\u011bj\u0161\u00ed m\u00f3da je ta le\u017e\u00e9rn\u00ed. Takov\u00e1, p\u0159i kter\u00e9 to vypad\u00e1, \u017ee jste v\u016fbec nestr\u00e1vili \u010das nad t\u00edm, co vyt\u00e1hnete ze sk\u0159\u00edn\u011b, nebo co jste vyt\u00e1hli, a p\u0159esto to vypad\u00e1 prost\u011b dokonale. Tenisky jsou skv\u011bl\u00fdm dopl\u0148kem pr\u00e1v\u011b takov\u00e9 le\u017e\u00e9rn\u00ed m\u00f3dy a nab\u00eddka t\u011bch, kter\u00e9 vl\u00e1dnou t\u00e9to sez\u00f3n\u011b, je tak pestr\u00e1, \u017ee m\u00e1te z \u010deho vyb\u00edrat a \u010d\u00edm se pot\u011b\u0161it. Nav\u00edc chodit m\u016f\u017eete v opravdu pohodln\u00fdch bot\u00e1ch, proto\u017ee tenisky jsou v dne\u0161n\u00ed dob\u011b vybrou\u0161en\u00e9 k absolutn\u00edmu pohodl\u00ed.<\/p>\n","protected":false},"excerpt":{"rendered":"<p>U\u017e d\u00e1vno jsou pry\u010d doby, kdy byla zima tak krut\u00e1, \u017ee jsme nemohli nosit to, co mnoz\u00ed z n\u00e1s miluj\u00ed celoro\u010dn\u011b \u2013 tenisky. A p\u0159esto\u017ee se jedn\u00e1 o nesmrtelnou obuv, existuj\u00ed ur\u010dit\u00e9 trendy, kter\u00fdm podl\u00e9haj\u00ed i ro\u010dn\u00ed obdob\u00ed.<\/p>\n","protected":false},"author":24,"featured_media":7246,"comment_status":"open","ping_status":"open","sticky":false,"template":"","format":"standard","meta":{"_acf_changed":false,"footnotes":""},"categories":[894,6],"tags":[737,568,9],"class_list":["post-7244","post","type-post","status-publish","format-standard","has-post-thumbnail","hentry","category-podzim-","category-trendy","tag-podzim","tag-tenisky","tag-trendy"],"acf":[],"yoast_head":"<!-- This site is optimized with the Yoast SEO plugin v26.9 - https:\/\/yoast.com\/product\/yoast-seo-wordpress\/ -->\n<title>Trendy v tenisk\u00e1ch, kter\u00e9 se budou na podzim a v zim\u011b objevovat v ulic\u00edch - blog.ccc.eu\/cz<\/title>\n<meta name=\"description\" content=\"U\u017e d\u00e1vno jsou pry\u010d doby, kdy byla zima tak krut\u00e1, \u017ee jsme nemohli nosit to, co mnoz\u00ed z n\u00e1s miluj\u00ed celoro\u010dn\u011b \u2013 tenisky. A co jejich trendy? 2026\" \/>\n<meta name=\"robots\" content=\"index, follow, max-snippet:-1, max-image-preview:large, max-video-preview:-1\" \/>\n<link rel=\"canonical\" href=\"https:\/\/blog.ccc.eu\/cz\/trendy-v-teniskach-ktere-se-budou-na-podzim-a-v-zime-objevovat-v-ulicich\/\" \/>\n<meta property=\"og:locale\" content=\"cs_CZ\" \/>\n<meta property=\"og:type\" content=\"article\" \/>\n<meta property=\"og:title\" content=\"Trendy v tenisk\u00e1ch, kter\u00e9 se budou na podzim a v zim\u011b objevovat v ulic\u00edch - blog.ccc.eu\/cz\" \/>\n<meta property=\"og:description\" content=\"U\u017e d\u00e1vno jsou pry\u010d doby, kdy byla zima tak krut\u00e1, \u017ee jsme nemohli nosit to, co mnoz\u00ed z n\u00e1s miluj\u00ed celoro\u010dn\u011b \u2013 tenisky. A co jejich trendy?\" \/>\n<meta property=\"og:url\" content=\"https:\/\/blog.ccc.eu\/cz\/trendy-v-teniskach-ktere-se-budou-na-podzim-a-v-zime-objevovat-v-ulicich\/\" \/>\n<meta property=\"og:site_name\" content=\"blog.ccc.eu\/cz\" \/>\n<meta property=\"article:published_time\" content=\"2024-10-18T17:51:00+00:00\" \/>\n<meta property=\"article:modified_time\" content=\"2024-10-20T20:58:21+00:00\" \/>\n<meta property=\"og:image\" content=\"https:\/\/blog.ccc.eu\/cz\/wp-content\/uploads\/2024\/10\/buty-na-silownie-damskie.jpg\" \/>\n\t<meta property=\"og:image:width\" content=\"1080\" \/>\n\t<meta property=\"og:image:height\" content=\"1080\" \/>\n\t<meta property=\"og:image:type\" content=\"image\/jpeg\" \/>\n<meta name=\"author\" content=\"Kaja\" \/>\n<meta name=\"twitter:card\" content=\"summary_large_image\" \/>\n<meta name=\"twitter:label1\" content=\"Napsal(a)\" \/>\n\t<meta name=\"twitter:data1\" content=\"Kaja\" \/>\n\t<meta name=\"twitter:label2\" content=\"Odhadovan\u00e1 doba \u010dten\u00ed\" \/>\n\t<meta name=\"twitter:data2\" content=\"4 minuty\" \/>\n<script type=\"application\/ld+json\" class=\"yoast-schema-graph\">{\"@context\":\"https:\/\/schema.org\",\"@graph\":[{\"@type\":\"Article\",\"@id\":\"https:\/\/blog.ccc.eu\/cz\/trendy-v-teniskach-ktere-se-budou-na-podzim-a-v-zime-objevovat-v-ulicich\/#article\",\"isPartOf\":{\"@id\":\"https:\/\/blog.ccc.eu\/cz\/trendy-v-teniskach-ktere-se-budou-na-podzim-a-v-zime-objevovat-v-ulicich\/\"},\"author\":{\"name\":\"Kaja\",\"@id\":\"https:\/\/blog.ccc.eu\/cz\/#\/schema\/person\/f21bfa7ed9e08fb4b5b823707bdde059\"},\"headline\":\"Trendy v tenisk\u00e1ch, kter\u00e9 se budou na podzim a v zim\u011b objevovat v ulic\u00edch\",\"datePublished\":\"2024-10-18T17:51:00+00:00\",\"dateModified\":\"2024-10-20T20:58:21+00:00\",\"mainEntityOfPage\":{\"@id\":\"https:\/\/blog.ccc.eu\/cz\/trendy-v-teniskach-ktere-se-budou-na-podzim-a-v-zime-objevovat-v-ulicich\/\"},\"wordCount\":792,\"commentCount\":0,\"publisher\":{\"@id\":\"https:\/\/blog.ccc.eu\/cz\/#organization\"},\"image\":{\"@id\":\"https:\/\/blog.ccc.eu\/cz\/trendy-v-teniskach-ktere-se-budou-na-podzim-a-v-zime-objevovat-v-ulicich\/#primaryimage\"},\"thumbnailUrl\":\"https:\/\/blog.ccc.eu\/cz\/wp-content\/uploads\/2024\/10\/buty-na-silownie-damskie-e1731060547903.jpg\",\"keywords\":[\"podzim\",\"Tenisky\",\"trendy\"],\"articleSection\":[\"PODZIM \ud83c\udf41\ud83c\udf42\",\"TRENDY\"],\"inLanguage\":\"cs\",\"potentialAction\":[{\"@type\":\"CommentAction\",\"name\":\"Comment\",\"target\":[\"https:\/\/blog.ccc.eu\/cz\/trendy-v-teniskach-ktere-se-budou-na-podzim-a-v-zime-objevovat-v-ulicich\/#respond\"]}]},{\"@type\":\"WebPage\",\"@id\":\"https:\/\/blog.ccc.eu\/cz\/trendy-v-teniskach-ktere-se-budou-na-podzim-a-v-zime-objevovat-v-ulicich\/\",\"url\":\"https:\/\/blog.ccc.eu\/cz\/trendy-v-teniskach-ktere-se-budou-na-podzim-a-v-zime-objevovat-v-ulicich\/\",\"name\":\"Trendy v tenisk\u00e1ch, kter\u00e9 se budou na podzim a v zim\u011b objevovat v ulic\u00edch - blog.ccc.eu\/cz\",\"isPartOf\":{\"@id\":\"https:\/\/blog.ccc.eu\/cz\/#website\"},\"primaryImageOfPage\":{\"@id\":\"https:\/\/blog.ccc.eu\/cz\/trendy-v-teniskach-ktere-se-budou-na-podzim-a-v-zime-objevovat-v-ulicich\/#primaryimage\"},\"image\":{\"@id\":\"https:\/\/blog.ccc.eu\/cz\/trendy-v-teniskach-ktere-se-budou-na-podzim-a-v-zime-objevovat-v-ulicich\/#primaryimage\"},\"thumbnailUrl\":\"https:\/\/blog.ccc.eu\/cz\/wp-content\/uploads\/2024\/10\/buty-na-silownie-damskie-e1731060547903.jpg\",\"datePublished\":\"2024-10-18T17:51:00+00:00\",\"dateModified\":\"2024-10-20T20:58:21+00:00\",\"description\":\"U\u017e d\u00e1vno jsou pry\u010d doby, kdy byla zima tak krut\u00e1, \u017ee jsme nemohli nosit to, co mnoz\u00ed z n\u00e1s miluj\u00ed celoro\u010dn\u011b \u2013 tenisky. A co jejich trendy?\",\"breadcrumb\":{\"@id\":\"https:\/\/blog.ccc.eu\/cz\/trendy-v-teniskach-ktere-se-budou-na-podzim-a-v-zime-objevovat-v-ulicich\/#breadcrumb\"},\"inLanguage\":\"cs\",\"potentialAction\":[{\"@type\":\"ReadAction\",\"target\":[\"https:\/\/blog.ccc.eu\/cz\/trendy-v-teniskach-ktere-se-budou-na-podzim-a-v-zime-objevovat-v-ulicich\/\"]}]},{\"@type\":\"ImageObject\",\"inLanguage\":\"cs\",\"@id\":\"https:\/\/blog.ccc.eu\/cz\/trendy-v-teniskach-ktere-se-budou-na-podzim-a-v-zime-objevovat-v-ulicich\/#primaryimage\",\"url\":\"https:\/\/blog.ccc.eu\/cz\/wp-content\/uploads\/2024\/10\/buty-na-silownie-damskie-e1731060547903.jpg\",\"contentUrl\":\"https:\/\/blog.ccc.eu\/cz\/wp-content\/uploads\/2024\/10\/buty-na-silownie-damskie-e1731060547903.jpg\",\"width\":1080,\"height\":563,\"caption\":\"Sprandi tenisky r\u016f\u017eov\u00e1\"},{\"@type\":\"BreadcrumbList\",\"@id\":\"https:\/\/blog.ccc.eu\/cz\/trendy-v-teniskach-ktere-se-budou-na-podzim-a-v-zime-objevovat-v-ulicich\/#breadcrumb\",\"itemListElement\":[{\"@type\":\"ListItem\",\"position\":1,\"name\":\"Strona g\u0142\u00f3wna\",\"item\":\"https:\/\/blog.ccc.eu\/cz\/\"},{\"@type\":\"ListItem\",\"position\":2,\"name\":\"Trendy v tenisk\u00e1ch, kter\u00e9 se budou na podzim a v zim\u011b objevovat v ulic\u00edch\"}]},{\"@type\":\"WebSite\",\"@id\":\"https:\/\/blog.ccc.eu\/cz\/#website\",\"url\":\"https:\/\/blog.ccc.eu\/cz\/\",\"name\":\"blog.ccc.eu\/cz\",\"description\":\"Va\u0161e m\u00edsto pln\u00e9 m\u00f3dn\u00edch inspirac\u00ed\",\"publisher\":{\"@id\":\"https:\/\/blog.ccc.eu\/cz\/#organization\"},\"potentialAction\":[{\"@type\":\"SearchAction\",\"target\":{\"@type\":\"EntryPoint\",\"urlTemplate\":\"https:\/\/blog.ccc.eu\/cz\/?s={search_term_string}\"},\"query-input\":{\"@type\":\"PropertyValueSpecification\",\"valueRequired\":true,\"valueName\":\"search_term_string\"}}],\"inLanguage\":\"cs\"},{\"@type\":\"Organization\",\"@id\":\"https:\/\/blog.ccc.eu\/cz\/#organization\",\"name\":\"CCC S.A.\",\"url\":\"https:\/\/blog.ccc.eu\/cz\/\",\"logo\":{\"@type\":\"ImageObject\",\"inLanguage\":\"cs\",\"@id\":\"https:\/\/blog.ccc.eu\/cz\/#\/schema\/logo\/image\/\",\"url\":\"https:\/\/blog.ccc.eu\/cz\/wp-content\/uploads\/2021\/11\/logo_ccc.png\",\"contentUrl\":\"https:\/\/blog.ccc.eu\/cz\/wp-content\/uploads\/2021\/11\/logo_ccc.png\",\"width\":730,\"height\":270,\"caption\":\"CCC S.A.\"},\"image\":{\"@id\":\"https:\/\/blog.ccc.eu\/cz\/#\/schema\/logo\/image\/\"}},{\"@type\":\"Person\",\"@id\":\"https:\/\/blog.ccc.eu\/cz\/#\/schema\/person\/f21bfa7ed9e08fb4b5b823707bdde059\",\"name\":\"Kaja\",\"image\":{\"@type\":\"ImageObject\",\"inLanguage\":\"cs\",\"@id\":\"https:\/\/blog.ccc.eu\/cz\/#\/schema\/person\/image\/\",\"url\":\"https:\/\/blog.ccc.eu\/cz\/wp-content\/uploads\/2024\/06\/white-1-300x300-1-100x100.jpg\",\"contentUrl\":\"https:\/\/blog.ccc.eu\/cz\/wp-content\/uploads\/2024\/06\/white-1-300x300-1-100x100.jpg\",\"caption\":\"Kaja\"},\"description\":\"U\u017e od pubert\u00e1ln\u00edch let se v\u011bnuje pr\u00e1ci v m\u00e9di\u00edch a psan\u00ed. Z kon\u00ed\u010dka se stalo \u017eivobyt\u00ed, kter\u00e9 j\u00ed z\u00e1rove\u0148 poskytlo dostatek svobody k tomu, aby mohla pom\u011brn\u011b hodn\u011b cestovat a pozn\u00e1vat sv\u011bt a r\u016fzn\u00e9 kultury. Energii j\u00ed dod\u00e1v\u00e1 \u010dten\u00ed knih, voda a hudba.\",\"url\":\"https:\/\/blog.ccc.eu\/cz\/author\/perlamakovienka-sk\/\"}]}<\/script>\n<!-- \/ Yoast SEO plugin. -->","yoast_head_json":{"title":"Trendy v tenisk\u00e1ch, kter\u00e9 se budou na podzim a v zim\u011b objevovat v ulic\u00edch - blog.ccc.eu\/cz","description":"U\u017e d\u00e1vno jsou pry\u010d doby, kdy byla zima tak krut\u00e1, \u017ee jsme nemohli nosit to, co mnoz\u00ed z n\u00e1s miluj\u00ed celoro\u010dn\u011b \u2013 tenisky. A co jejich trendy? 2026","robots":{"index":"index","follow":"follow","max-snippet":"max-snippet:-1","max-image-preview":"max-image-preview:large","max-video-preview":"max-video-preview:-1"},"canonical":"https:\/\/blog.ccc.eu\/cz\/trendy-v-teniskach-ktere-se-budou-na-podzim-a-v-zime-objevovat-v-ulicich\/","og_locale":"cs_CZ","og_type":"article","og_title":"Trendy v tenisk\u00e1ch, kter\u00e9 se budou na podzim a v zim\u011b objevovat v ulic\u00edch - blog.ccc.eu\/cz","og_description":"U\u017e d\u00e1vno jsou pry\u010d doby, kdy byla zima tak krut\u00e1, \u017ee jsme nemohli nosit to, co mnoz\u00ed z n\u00e1s miluj\u00ed celoro\u010dn\u011b \u2013 tenisky. A co jejich trendy?","og_url":"https:\/\/blog.ccc.eu\/cz\/trendy-v-teniskach-ktere-se-budou-na-podzim-a-v-zime-objevovat-v-ulicich\/","og_site_name":"blog.ccc.eu\/cz","article_published_time":"2024-10-18T17:51:00+00:00","article_modified_time":"2024-10-20T20:58:21+00:00","og_image":[{"width":1080,"height":1080,"url":"https:\/\/blog.ccc.eu\/cz\/wp-content\/uploads\/2024\/10\/buty-na-silownie-damskie.jpg","type":"image\/jpeg"}],"author":"Kaja","twitter_card":"summary_large_image","twitter_misc":{"Napsal(a)":"Kaja","Odhadovan\u00e1 doba \u010dten\u00ed":"4 minuty"},"schema":{"@context":"https:\/\/schema.org","@graph":[{"@type":"Article","@id":"https:\/\/blog.ccc.eu\/cz\/trendy-v-teniskach-ktere-se-budou-na-podzim-a-v-zime-objevovat-v-ulicich\/#article","isPartOf":{"@id":"https:\/\/blog.ccc.eu\/cz\/trendy-v-teniskach-ktere-se-budou-na-podzim-a-v-zime-objevovat-v-ulicich\/"},"author":{"name":"Kaja","@id":"https:\/\/blog.ccc.eu\/cz\/#\/schema\/person\/f21bfa7ed9e08fb4b5b823707bdde059"},"headline":"Trendy v tenisk\u00e1ch, kter\u00e9 se budou na podzim a v zim\u011b objevovat v ulic\u00edch","datePublished":"2024-10-18T17:51:00+00:00","dateModified":"2024-10-20T20:58:21+00:00","mainEntityOfPage":{"@id":"https:\/\/blog.ccc.eu\/cz\/trendy-v-teniskach-ktere-se-budou-na-podzim-a-v-zime-objevovat-v-ulicich\/"},"wordCount":792,"commentCount":0,"publisher":{"@id":"https:\/\/blog.ccc.eu\/cz\/#organization"},"image":{"@id":"https:\/\/blog.ccc.eu\/cz\/trendy-v-teniskach-ktere-se-budou-na-podzim-a-v-zime-objevovat-v-ulicich\/#primaryimage"},"thumbnailUrl":"https:\/\/blog.ccc.eu\/cz\/wp-content\/uploads\/2024\/10\/buty-na-silownie-damskie-e1731060547903.jpg","keywords":["podzim","Tenisky","trendy"],"articleSection":["PODZIM \ud83c\udf41\ud83c\udf42","TRENDY"],"inLanguage":"cs","potentialAction":[{"@type":"CommentAction","name":"Comment","target":["https:\/\/blog.ccc.eu\/cz\/trendy-v-teniskach-ktere-se-budou-na-podzim-a-v-zime-objevovat-v-ulicich\/#respond"]}]},{"@type":"WebPage","@id":"https:\/\/blog.ccc.eu\/cz\/trendy-v-teniskach-ktere-se-budou-na-podzim-a-v-zime-objevovat-v-ulicich\/","url":"https:\/\/blog.ccc.eu\/cz\/trendy-v-teniskach-ktere-se-budou-na-podzim-a-v-zime-objevovat-v-ulicich\/","name":"Trendy v tenisk\u00e1ch, kter\u00e9 se budou na podzim a v zim\u011b objevovat v ulic\u00edch - blog.ccc.eu\/cz","isPartOf":{"@id":"https:\/\/blog.ccc.eu\/cz\/#website"},"primaryImageOfPage":{"@id":"https:\/\/blog.ccc.eu\/cz\/trendy-v-teniskach-ktere-se-budou-na-podzim-a-v-zime-objevovat-v-ulicich\/#primaryimage"},"image":{"@id":"https:\/\/blog.ccc.eu\/cz\/trendy-v-teniskach-ktere-se-budou-na-podzim-a-v-zime-objevovat-v-ulicich\/#primaryimage"},"thumbnailUrl":"https:\/\/blog.ccc.eu\/cz\/wp-content\/uploads\/2024\/10\/buty-na-silownie-damskie-e1731060547903.jpg","datePublished":"2024-10-18T17:51:00+00:00","dateModified":"2024-10-20T20:58:21+00:00","description":"U\u017e d\u00e1vno jsou pry\u010d doby, kdy byla zima tak krut\u00e1, \u017ee jsme nemohli nosit to, co mnoz\u00ed z n\u00e1s miluj\u00ed celoro\u010dn\u011b \u2013 tenisky. A co jejich trendy?","breadcrumb":{"@id":"https:\/\/blog.ccc.eu\/cz\/trendy-v-teniskach-ktere-se-budou-na-podzim-a-v-zime-objevovat-v-ulicich\/#breadcrumb"},"inLanguage":"cs","potentialAction":[{"@type":"ReadAction","target":["https:\/\/blog.ccc.eu\/cz\/trendy-v-teniskach-ktere-se-budou-na-podzim-a-v-zime-objevovat-v-ulicich\/"]}]},{"@type":"ImageObject","inLanguage":"cs","@id":"https:\/\/blog.ccc.eu\/cz\/trendy-v-teniskach-ktere-se-budou-na-podzim-a-v-zime-objevovat-v-ulicich\/#primaryimage","url":"https:\/\/blog.ccc.eu\/cz\/wp-content\/uploads\/2024\/10\/buty-na-silownie-damskie-e1731060547903.jpg","contentUrl":"https:\/\/blog.ccc.eu\/cz\/wp-content\/uploads\/2024\/10\/buty-na-silownie-damskie-e1731060547903.jpg","width":1080,"height":563,"caption":"Sprandi tenisky r\u016f\u017eov\u00e1"},{"@type":"BreadcrumbList","@id":"https:\/\/blog.ccc.eu\/cz\/trendy-v-teniskach-ktere-se-budou-na-podzim-a-v-zime-objevovat-v-ulicich\/#breadcrumb","itemListElement":[{"@type":"ListItem","position":1,"name":"Strona g\u0142\u00f3wna","item":"https:\/\/blog.ccc.eu\/cz\/"},{"@type":"ListItem","position":2,"name":"Trendy v tenisk\u00e1ch, kter\u00e9 se budou na podzim a v zim\u011b objevovat v ulic\u00edch"}]},{"@type":"WebSite","@id":"https:\/\/blog.ccc.eu\/cz\/#website","url":"https:\/\/blog.ccc.eu\/cz\/","name":"blog.ccc.eu\/cz","description":"Va\u0161e m\u00edsto pln\u00e9 m\u00f3dn\u00edch inspirac\u00ed","publisher":{"@id":"https:\/\/blog.ccc.eu\/cz\/#organization"},"potentialAction":[{"@type":"SearchAction","target":{"@type":"EntryPoint","urlTemplate":"https:\/\/blog.ccc.eu\/cz\/?s={search_term_string}"},"query-input":{"@type":"PropertyValueSpecification","valueRequired":true,"valueName":"search_term_string"}}],"inLanguage":"cs"},{"@type":"Organization","@id":"https:\/\/blog.ccc.eu\/cz\/#organization","name":"CCC S.A.","url":"https:\/\/blog.ccc.eu\/cz\/","logo":{"@type":"ImageObject","inLanguage":"cs","@id":"https:\/\/blog.ccc.eu\/cz\/#\/schema\/logo\/image\/","url":"https:\/\/blog.ccc.eu\/cz\/wp-content\/uploads\/2021\/11\/logo_ccc.png","contentUrl":"https:\/\/blog.ccc.eu\/cz\/wp-content\/uploads\/2021\/11\/logo_ccc.png","width":730,"height":270,"caption":"CCC S.A."},"image":{"@id":"https:\/\/blog.ccc.eu\/cz\/#\/schema\/logo\/image\/"}},{"@type":"Person","@id":"https:\/\/blog.ccc.eu\/cz\/#\/schema\/person\/f21bfa7ed9e08fb4b5b823707bdde059","name":"Kaja","image":{"@type":"ImageObject","inLanguage":"cs","@id":"https:\/\/blog.ccc.eu\/cz\/#\/schema\/person\/image\/","url":"https:\/\/blog.ccc.eu\/cz\/wp-content\/uploads\/2024\/06\/white-1-300x300-1-100x100.jpg","contentUrl":"https:\/\/blog.ccc.eu\/cz\/wp-content\/uploads\/2024\/06\/white-1-300x300-1-100x100.jpg","caption":"Kaja"},"description":"U\u017e od pubert\u00e1ln\u00edch let se v\u011bnuje pr\u00e1ci v m\u00e9di\u00edch a psan\u00ed. Z kon\u00ed\u010dka se stalo \u017eivobyt\u00ed, kter\u00e9 j\u00ed z\u00e1rove\u0148 poskytlo dostatek svobody k tomu, aby mohla pom\u011brn\u011b hodn\u011b cestovat a pozn\u00e1vat sv\u011bt a r\u016fzn\u00e9 kultury. Energii j\u00ed dod\u00e1v\u00e1 \u010dten\u00ed knih, voda a hudba.","url":"https:\/\/blog.ccc.eu\/cz\/author\/perlamakovienka-sk\/"}]}},"_links":{"self":[{"href":"https:\/\/blog.ccc.eu\/cz\/wp-json\/wp\/v2\/posts\/7244","targetHints":{"allow":["GET"]}}],"collection":[{"href":"https:\/\/blog.ccc.eu\/cz\/wp-json\/wp\/v2\/posts"}],"about":[{"href":"https:\/\/blog.ccc.eu\/cz\/wp-json\/wp\/v2\/types\/post"}],"author":[{"embeddable":true,"href":"https:\/\/blog.ccc.eu\/cz\/wp-json\/wp\/v2\/users\/24"}],"replies":[{"embeddable":true,"href":"https:\/\/blog.ccc.eu\/cz\/wp-json\/wp\/v2\/comments?post=7244"}],"version-history":[{"count":1,"href":"https:\/\/blog.ccc.eu\/cz\/wp-json\/wp\/v2\/posts\/7244\/revisions"}],"predecessor-version":[{"id":7247,"href":"https:\/\/blog.ccc.eu\/cz\/wp-json\/wp\/v2\/posts\/7244\/revisions\/7247"}],"wp:featuredmedia":[{"embeddable":true,"href":"https:\/\/blog.ccc.eu\/cz\/wp-json\/wp\/v2\/media\/7246"}],"wp:attachment":[{"href":"https:\/\/blog.ccc.eu\/cz\/wp-json\/wp\/v2\/media?parent=7244"}],"wp:term":[{"taxonomy":"category","embeddable":true,"href":"https:\/\/blog.ccc.eu\/cz\/wp-json\/wp\/v2\/categories?post=7244"},{"taxonomy":"post_tag","embeddable":true,"href":"https:\/\/blog.ccc.eu\/cz\/wp-json\/wp\/v2\/tags?post=7244"}],"curies":[{"name":"wp","href":"https:\/\/api.w.org\/{rel}","templated":true}]}}