{"id":7255,"date":"2024-10-11T14:59:00","date_gmt":"2024-10-11T12:59:00","guid":{"rendered":"https:\/\/blog.ccc.eu\/cz\/?p=7255"},"modified":"2024-10-21T18:07:49","modified_gmt":"2024-10-21T16:07:49","slug":"budte-sik-v-nove-podzimni-kolekci-lasocki","status":"publish","type":"post","link":"https:\/\/blog.ccc.eu\/cz\/budte-sik-v-nove-podzimni-kolekci-lasocki\/","title":{"rendered":"Bu\u010fte \u0161ik v nov\u00e9 podzimn\u00ed kolekci Lasocki!"},"content":{"rendered":"\n<p><em>Zna\u010dka Lasocki, kterou lze zakoupit pouze v prodejn\u00e1ch a na e-shopu CCC, je ji\u017e l\u00e9ta obl\u00edben\u00e1 mezi milovn\u00edky kvality. Jej\u00ed velkou v\u00fdhodou je, \u017ee je nad\u010dasovou klasikou a \u017ee ve sv\u00fdch nest\u00e1rnouc\u00edch designech dok\u00e1\u017ee dr\u017eet krok i s nejnov\u011bj\u0161\u00edmi trendy a m\u00f3dou. A nejinak je tomu i v sez\u00f3n\u011b podzim\/zima 2024\/2025.<\/em><\/p>\n\n\n\n<figure class=\"wp-block-gallery has-nested-images columns-default is-cropped wp-block-gallery-1 is-layout-flex wp-block-gallery-is-layout-flex\">\n<figure class=\"wp-block-image size-large\"><img loading=\"lazy\" decoding=\"async\" width=\"683\" height=\"1024\" data-id=\"7257\" src=\"https:\/\/blog.ccc.eu\/cz\/wp-content\/uploads\/2024\/10\/CCC_LASOCKI_FAMILY-3.jpg\" alt=\"\" class=\"wp-image-7257\" srcset=\"https:\/\/blog.ccc.eu\/cz\/wp-content\/uploads\/2024\/10\/CCC_LASOCKI_FAMILY-3.jpg 683w, https:\/\/blog.ccc.eu\/cz\/wp-content\/uploads\/2024\/10\/CCC_LASOCKI_FAMILY-3-200x300.jpg 200w, https:\/\/blog.ccc.eu\/cz\/wp-content\/uploads\/2024\/10\/CCC_LASOCKI_FAMILY-3-100x150.jpg 100w\" sizes=\"auto, (max-width: 683px) 100vw, 683px\" \/><\/figure>\n\n\n\n<figure class=\"wp-block-image size-large\"><img loading=\"lazy\" decoding=\"async\" width=\"683\" height=\"1024\" data-id=\"7256\" src=\"https:\/\/blog.ccc.eu\/cz\/wp-content\/uploads\/2024\/10\/CCC_LASOCKI_FAMILY-4.jpg\" alt=\"\" class=\"wp-image-7256\" srcset=\"https:\/\/blog.ccc.eu\/cz\/wp-content\/uploads\/2024\/10\/CCC_LASOCKI_FAMILY-4.jpg 683w, https:\/\/blog.ccc.eu\/cz\/wp-content\/uploads\/2024\/10\/CCC_LASOCKI_FAMILY-4-200x300.jpg 200w, https:\/\/blog.ccc.eu\/cz\/wp-content\/uploads\/2024\/10\/CCC_LASOCKI_FAMILY-4-100x150.jpg 100w\" sizes=\"auto, (max-width: 683px) 100vw, 683px\" \/><\/figure>\n<\/figure>\n\n\n\n<p>Leto\u0161n\u00ed podzim a zimu se zna\u010dka Lasocki zam\u011b\u0159uje na nad\u010dasovost s n\u00e1dechem avantgardy. B\u00e9\u017eov\u00e9 kotn\u00edkov\u00e9 boty se silnou podr\u00e1\u017ekou jsou naprosto nezbytnou sou\u010d\u00e1st\u00ed botn\u00edku. Doporu\u010dujeme je doplnit oversized svetrem.<\/p>\n\n\n<shortcode prop-manufacturer=\"Lasocki\" prop-load-num=\"12\" prop-display-num=\"4\" prop-sku=\"5905588751960, 5905588734147, 5905588128250\" prop-view=\"slider\"><\/shortcode>        <div\r\n            class=\"eob-pf-shortcode\"\r\n            id=\"eobpf69f41e03d304e\"\r\n        >\r\n            <shortcode prop-manufacturer=\"Lasocki\" prop-load-num=\"12\" prop-display-num=\"4\" prop-sku=\"5905588751960, 5905588734147, 5905588128250\" prop-view=\"slider\"><\/shortcode>        <\/div>\r\n\t\t<script>\r\n\t\t\tjQuery(document).ready(() => {\r\n\t\t\t    const root = document.getElementById('eobpf69f41e03d304e');\r\n                Vue.createApp({\r\n\t                components: {\r\n\t                    shortcode\r\n\t                }\r\n                }).mount(root);\r\n\t\t\t});\r\n\t\t<\/script>\r\n\t\t\r\n\t\t\n\n\n\n<p><\/p>\n\n\n\n<p><strong>Ko\u017een\u00e9 mokas\u00edny<\/strong> dodaj\u00ed eleganci kancel\u00e1\u0159sk\u00e9mu stylu s cigaretov\u00fdmi kalhotami, blejzrem anebo lodi\u010dky na podpatku tvo\u0159\u00ed zas harmonick\u00fd p\u00e1r s pleten\u00fdmi \u0161aty. Zlat\u00e9 baler\u00edny jsou skute\u010dn\u00fdm hitem sez\u00f3ny! Jejich minimalistick\u00fd design je \u010din\u00ed mimo\u0159\u00e1dn\u011b univerz\u00e1ln\u00edmi. Skv\u011ble se hod\u00ed na ve\u010der k mal\u00fdm \u010dern\u00fdm \u0161at\u016fm nebo sat\u00e9nov\u00fdm midi \u0161at\u016fm, ale stejn\u011b dob\u0159e budou fungovat i v ka\u017edodenn\u00edm, le\u017e\u00e9rn\u00edm outfitu.<\/p>\n\n\n<shortcode prop-manufacturer=\"Lasocki\" prop-load-num=\"12\" prop-display-num=\"4\" prop-sku=\"5905588871545, 5905588742654, 5905588739647, 5905588766568, 5905588810483\" prop-view=\"slider\"><\/shortcode>        <div\r\n            class=\"eob-pf-shortcode\"\r\n            id=\"eobpf69f41e03d316c\"\r\n        >\r\n            <shortcode prop-manufacturer=\"Lasocki\" prop-load-num=\"12\" prop-display-num=\"4\" prop-sku=\"5905588871545, 5905588742654, 5905588739647, 5905588766568, 5905588810483\" prop-view=\"slider\"><\/shortcode>        <\/div>\r\n\t\t<script>\r\n\t\t\tjQuery(document).ready(() => {\r\n\t\t\t    const root = document.getElementById('eobpf69f41e03d316c');\r\n                Vue.createApp({\r\n\t                components: {\r\n\t                    shortcode\r\n\t                }\r\n                }).mount(root);\r\n\t\t\t});\r\n\t\t<\/script>\r\n\t\t\r\n\t\t\n\n\n\n<p><\/p>\n\n\n\n<p>Lid\u00e9 na <strong>zna\u010dce Lasocki<\/strong> \u010dasto miluj\u00ed jej\u00ed <strong>spojen\u00ed s p\u0159\u00edrodou<\/strong>. Kr\u00e1sn\u011b se hod\u00ed do t\u011bchto podzimn\u00edch a zimn\u00edch dn\u016f, kter\u00e9 jsou pomalej\u0161\u00ed, ur\u010den\u00e9 ke zklidn\u011bn\u00ed, k nevn\u00edm\u00e1n\u00ed p\u0159\u00edli\u0161 mnoha podn\u011bt\u016f, ale naopak k uzav\u0159en\u00ed se do sebe sam\u00fdch. Minimalistick\u00fd design v\u00fdrobk\u016f Lasocki p\u0159esn\u011b tohle podporuje, mo\u017en\u00e1 k tomu dokonce vyb\u00edz\u00ed. Spojuje se s p\u0159\u00edrodou, s kolob\u011bhem Zem\u011b a s kolob\u011bhem n\u00e1s sam\u00fdch, kdy se na podzim p\u0159irozen\u011b uzav\u00edr\u00e1me do sebe, do sv\u00fdch domov\u016f a prostor\u016f, kde se c\u00edt\u00edme dob\u0159e. Propou\u0161t\u00edme star\u00e9 a necht\u011bn\u00e9 a p\u0159ipravujeme se na nov\u00e9, kter\u00e9 p\u0159ijde v podob\u011b jara a l\u00e9ta.\u00a0<\/p>\n\n\n\n<p><strong>Lasocki nab\u00edz\u00ed tak\u00e9 dopl\u0148ky<\/strong>, kter\u00e9 se dokonale hod\u00ed do m\u011bsta, ale klidn\u011b se vydejte na proch\u00e1zky do lesa, kam m\u016f\u017eete zav\u00edtat nejen s respektem, ale tak\u00e9 se \u2013 stylem!<\/p>\n\n\n<shortcode prop-manufacturer=\"Lasocki\" prop-load-num=\"12\" prop-display-num=\"4\" prop-sku=\"5905588944324, 5905588944355, 5905588833727, 5905588321323, 5905588832768\" prop-view=\"slider\"><\/shortcode>        <div\r\n            class=\"eob-pf-shortcode\"\r\n            id=\"eobpf69f41e03d31a4\"\r\n        >\r\n            <shortcode prop-manufacturer=\"Lasocki\" prop-load-num=\"12\" prop-display-num=\"4\" prop-sku=\"5905588944324, 5905588944355, 5905588833727, 5905588321323, 5905588832768\" prop-view=\"slider\"><\/shortcode>        <\/div>\r\n\t\t<script>\r\n\t\t\tjQuery(document).ready(() => {\r\n\t\t\t    const root = document.getElementById('eobpf69f41e03d31a4');\r\n                Vue.createApp({\r\n\t                components: {\r\n\t                    shortcode\r\n\t                }\r\n                }).mount(root);\r\n\t\t\t});\r\n\t\t<\/script>\r\n\t\t\r\n\t\t\n\n\n\n<p><\/p>\n\n\n\n<p><strong>P\u00e1nsk\u00e1 kolekce je zt\u011blesn\u011bn\u00edm elegance v modern\u00edm proveden\u00ed.<\/strong> Klasick\u00e9 kotn\u00edkov\u00e9 boty a chelsea boty vytvo\u0159\u00ed dokonal\u00fd komplet s chinos kalhotami, ko\u0161il\u00ed a tv\u00eddov\u00fdm sakem. \u010cern\u00e9 polobotky jsou univerz\u00e1ln\u00ed volbou pro p\u0159\u00edznivce smart casual &#8211; vypadaj\u00ed skv\u011ble s elegantn\u00edmi kalhotami a svetrem, stejn\u011b jako s d\u017e\u00ednami.<\/p>\n\n\n<shortcode prop-manufacturer=\"Lasocki\" prop-load-num=\"12\" prop-display-num=\"3\" prop-sku=\"5905588802587, 5905588326816, 5905588773993\" prop-view=\"slider\"><\/shortcode>        <div\r\n            class=\"eob-pf-shortcode\"\r\n            id=\"eobpf69f41e03d31cd\"\r\n        >\r\n            <shortcode prop-manufacturer=\"Lasocki\" prop-load-num=\"12\" prop-display-num=\"3\" prop-sku=\"5905588802587, 5905588326816, 5905588773993\" prop-view=\"slider\"><\/shortcode>        <\/div>\r\n\t\t<script>\r\n\t\t\tjQuery(document).ready(() => {\r\n\t\t\t    const root = document.getElementById('eobpf69f41e03d31cd');\r\n                Vue.createApp({\r\n\t                components: {\r\n\t                    shortcode\r\n\t                }\r\n                }).mount(root);\r\n\t\t\t});\r\n\t\t<\/script>\r\n\t\t\r\n\t\t\n\n\n\n<p><\/p>\n\n\n\n<p><strong>Kolekce Lasocki Kids a Lasocki Young<\/strong> reaguj\u00ed na pot\u0159eby aktivn\u00edch d\u011bt\u00ed a jejich rodi\u010d\u016f. Robustn\u00ed zateplen\u00e9 kotn\u00edkov\u00e9 boty a polobotky se zap\u00edn\u00e1n\u00edm na such\u00fd zip nebo dokonce na tkani\u010dky (v z\u00e1vislosti na preferenc\u00edch d\u00edt\u011bte) poskytuj\u00ed pohodl\u00ed p\u0159i ka\u017edodenn\u00edch hr\u00e1ch a proch\u00e1zk\u00e1ch. Pro d\u00edvky byly navr\u017eeny stylov\u00e9 kotn\u00edkov\u00e9 boty s ozdobn\u00fdmi p\u0159ezkami, zat\u00edmco chlapci si mohou vybrat z tenisek se zap\u00edn\u00e1n\u00edm na such\u00fd zip. Ti nejmen\u0161\u00ed se pot\u011b\u0161\u00ed roztomil\u00fdmi postavi\u010dkami, zat\u00edmco ti star\u0161\u00ed se budou v modelech c\u00edtit p\u0159ipraveni na pomal\u00e9 dosp\u00edv\u00e1n\u00ed, kdy se z nich ji\u017e st\u00e1vaj\u00ed mlad\u00ed p\u00e1nov\u00e9 a mlad\u00e9 sle\u010dny.<\/p>\n\n\n<shortcode prop-manufacturer=\"Lasocki\" prop-load-num=\"12\" prop-display-num=\"3\" prop-sku=\"5905588186243, 5905588907152, 5905588934479, 5905588778844\" prop-view=\"slider\"><\/shortcode>        <div\r\n            class=\"eob-pf-shortcode\"\r\n            id=\"eobpf69f41e03d31f0\"\r\n        >\r\n            <shortcode prop-manufacturer=\"Lasocki\" prop-load-num=\"12\" prop-display-num=\"3\" prop-sku=\"5905588186243, 5905588907152, 5905588934479, 5905588778844\" prop-view=\"slider\"><\/shortcode>        <\/div>\r\n\t\t<script>\r\n\t\t\tjQuery(document).ready(() => {\r\n\t\t\t    const root = document.getElementById('eobpf69f41e03d31f0');\r\n                Vue.createApp({\r\n\t                components: {\r\n\t                    shortcode\r\n\t                }\r\n                }).mount(root);\r\n\t\t\t});\r\n\t\t<\/script>\r\n\t\t\r\n\t\t\n\n\n\n<p><\/p>\n\n\n\n<p>Lasocki je zna\u010dka, po kter\u00e9 doporu\u010dujeme s\u00e1hnout, pokud jste ji je\u0161t\u011b nevyzkou\u0161eli. Ur\u010dit\u011b budete spokojeni, mimo jin\u00e9 p\u0159edev\u0161\u00edm s kvalitou, kter\u00e1 je na vysok\u00e9 \u00farovni. Nav\u00edc drobn\u00e9 nuance, dekory, barevn\u00e9 t\u00f3ny \u2013 to v\u0161e je v souladu s nejnov\u011bj\u0161\u00edmi trendy a s aktu\u00e1ln\u00ed m\u00f3dou. Z\u00e1rove\u0148 je v\u0161ak nad\u010dasov\u00e1, a tak pokud hled\u00e1te produkty pro v\u00edce ro\u010dn\u00edch obdob\u00ed, Lasocki m\u016f\u017eoul b\u00fdt tou spr\u00e1vnou volbou.<strong> V kamenn\u00fdch prodejn\u00e1ch a na e-shopu CCC shoes &amp; bags.<\/strong><\/p>\n","protected":false},"excerpt":{"rendered":"<p>Zna\u010dka Lasocki, kterou lze zakoupit pouze v prodejn\u00e1ch a na e-shopu CCC, je ji\u017e l\u00e9ta obl\u00edben\u00e1 mezi milovn\u00edky kvality. Jej\u00ed velkou v\u00fdhodou je, \u017ee je nad\u010dasovou klasikou a \u017ee ve sv\u00fdch nest\u00e1rnouc\u00edch designech dok\u00e1\u017ee dr\u017eet krok i s nejnov\u011bj\u0161\u00edmi trendy a m\u00f3dou.<\/p>\n","protected":false},"author":24,"featured_media":7258,"comment_status":"open","ping_status":"open","sticky":false,"template":"","format":"standard","meta":{"_acf_changed":false,"footnotes":""},"categories":[6],"tags":[22,9],"class_list":["post-7255","post","type-post","status-publish","format-standard","has-post-thumbnail","hentry","category-trendy","tag-lasocki-2","tag-trendy"],"acf":[],"yoast_head":"<!-- This site is optimized with the Yoast SEO plugin v26.9 - https:\/\/yoast.com\/product\/yoast-seo-wordpress\/ -->\n<title>Bu\u010fte \u0161ik v nov\u00e9 podzimn\u00ed kolekci Lasocki! - blog.ccc.eu\/cz<\/title>\n<meta name=\"description\" content=\"Velkou v\u00fdhodou zna\u010dky Lasocki je, \u017ee je nad\u010dasovou klasikou a \u017ee ve sv\u00fdch nesmrteln\u00fdch designech dok\u00e1\u017ee dr\u017eet krok s trendy. 2026\" \/>\n<meta name=\"robots\" content=\"index, follow, max-snippet:-1, max-image-preview:large, max-video-preview:-1\" \/>\n<link rel=\"canonical\" href=\"https:\/\/blog.ccc.eu\/cz\/budte-sik-v-nove-podzimni-kolekci-lasocki\/\" \/>\n<meta property=\"og:locale\" content=\"cs_CZ\" \/>\n<meta property=\"og:type\" content=\"article\" \/>\n<meta property=\"og:title\" content=\"Bu\u010fte \u0161ik v nov\u00e9 podzimn\u00ed kolekci Lasocki! - blog.ccc.eu\/cz\" \/>\n<meta property=\"og:description\" content=\"Velkou v\u00fdhodou zna\u010dky Lasocki je, \u017ee je nad\u010dasovou klasikou a \u017ee ve sv\u00fdch nesmrteln\u00fdch designech dok\u00e1\u017ee dr\u017eet krok s trendy.\" \/>\n<meta property=\"og:url\" content=\"https:\/\/blog.ccc.eu\/cz\/budte-sik-v-nove-podzimni-kolekci-lasocki\/\" \/>\n<meta property=\"og:site_name\" content=\"blog.ccc.eu\/cz\" \/>\n<meta property=\"article:published_time\" content=\"2024-10-11T12:59:00+00:00\" \/>\n<meta property=\"article:modified_time\" content=\"2024-10-21T16:07:49+00:00\" \/>\n<meta property=\"og:image\" content=\"https:\/\/blog.ccc.eu\/cz\/wp-content\/uploads\/2024\/10\/glowne-1-3.jpg\" \/>\n\t<meta property=\"og:image:width\" content=\"1293\" \/>\n\t<meta property=\"og:image:height\" content=\"933\" \/>\n\t<meta property=\"og:image:type\" content=\"image\/jpeg\" \/>\n<meta name=\"author\" content=\"Kaja\" \/>\n<meta name=\"twitter:card\" content=\"summary_large_image\" \/>\n<meta name=\"twitter:label1\" content=\"Napsal(a)\" \/>\n\t<meta name=\"twitter:data1\" content=\"Kaja\" \/>\n\t<meta name=\"twitter:label2\" content=\"Odhadovan\u00e1 doba \u010dten\u00ed\" \/>\n\t<meta name=\"twitter:data2\" content=\"4 minuty\" \/>\n<script type=\"application\/ld+json\" class=\"yoast-schema-graph\">{\"@context\":\"https:\/\/schema.org\",\"@graph\":[{\"@type\":\"Article\",\"@id\":\"https:\/\/blog.ccc.eu\/cz\/budte-sik-v-nove-podzimni-kolekci-lasocki\/#article\",\"isPartOf\":{\"@id\":\"https:\/\/blog.ccc.eu\/cz\/budte-sik-v-nove-podzimni-kolekci-lasocki\/\"},\"author\":{\"name\":\"Kaja\",\"@id\":\"https:\/\/blog.ccc.eu\/cz\/#\/schema\/person\/f21bfa7ed9e08fb4b5b823707bdde059\"},\"headline\":\"Bu\u010fte \u0161ik v nov\u00e9 podzimn\u00ed kolekci Lasocki!\",\"datePublished\":\"2024-10-11T12:59:00+00:00\",\"dateModified\":\"2024-10-21T16:07:49+00:00\",\"mainEntityOfPage\":{\"@id\":\"https:\/\/blog.ccc.eu\/cz\/budte-sik-v-nove-podzimni-kolekci-lasocki\/\"},\"wordCount\":702,\"commentCount\":0,\"publisher\":{\"@id\":\"https:\/\/blog.ccc.eu\/cz\/#organization\"},\"image\":{\"@id\":\"https:\/\/blog.ccc.eu\/cz\/budte-sik-v-nove-podzimni-kolekci-lasocki\/#primaryimage\"},\"thumbnailUrl\":\"https:\/\/blog.ccc.eu\/cz\/wp-content\/uploads\/2024\/10\/glowne-1-3.jpg\",\"keywords\":[\"lasocki\",\"trendy\"],\"articleSection\":[\"TRENDY\"],\"inLanguage\":\"cs\",\"potentialAction\":[{\"@type\":\"CommentAction\",\"name\":\"Comment\",\"target\":[\"https:\/\/blog.ccc.eu\/cz\/budte-sik-v-nove-podzimni-kolekci-lasocki\/#respond\"]}]},{\"@type\":\"WebPage\",\"@id\":\"https:\/\/blog.ccc.eu\/cz\/budte-sik-v-nove-podzimni-kolekci-lasocki\/\",\"url\":\"https:\/\/blog.ccc.eu\/cz\/budte-sik-v-nove-podzimni-kolekci-lasocki\/\",\"name\":\"Bu\u010fte \u0161ik v nov\u00e9 podzimn\u00ed kolekci Lasocki! - blog.ccc.eu\/cz\",\"isPartOf\":{\"@id\":\"https:\/\/blog.ccc.eu\/cz\/#website\"},\"primaryImageOfPage\":{\"@id\":\"https:\/\/blog.ccc.eu\/cz\/budte-sik-v-nove-podzimni-kolekci-lasocki\/#primaryimage\"},\"image\":{\"@id\":\"https:\/\/blog.ccc.eu\/cz\/budte-sik-v-nove-podzimni-kolekci-lasocki\/#primaryimage\"},\"thumbnailUrl\":\"https:\/\/blog.ccc.eu\/cz\/wp-content\/uploads\/2024\/10\/glowne-1-3.jpg\",\"datePublished\":\"2024-10-11T12:59:00+00:00\",\"dateModified\":\"2024-10-21T16:07:49+00:00\",\"description\":\"Velkou v\u00fdhodou zna\u010dky Lasocki je, \u017ee je nad\u010dasovou klasikou a \u017ee ve sv\u00fdch nesmrteln\u00fdch designech dok\u00e1\u017ee dr\u017eet krok s trendy.\",\"breadcrumb\":{\"@id\":\"https:\/\/blog.ccc.eu\/cz\/budte-sik-v-nove-podzimni-kolekci-lasocki\/#breadcrumb\"},\"inLanguage\":\"cs\",\"potentialAction\":[{\"@type\":\"ReadAction\",\"target\":[\"https:\/\/blog.ccc.eu\/cz\/budte-sik-v-nove-podzimni-kolekci-lasocki\/\"]}]},{\"@type\":\"ImageObject\",\"inLanguage\":\"cs\",\"@id\":\"https:\/\/blog.ccc.eu\/cz\/budte-sik-v-nove-podzimni-kolekci-lasocki\/#primaryimage\",\"url\":\"https:\/\/blog.ccc.eu\/cz\/wp-content\/uploads\/2024\/10\/glowne-1-3.jpg\",\"contentUrl\":\"https:\/\/blog.ccc.eu\/cz\/wp-content\/uploads\/2024\/10\/glowne-1-3.jpg\",\"width\":1293,\"height\":933,\"caption\":\"semi\u0161ov\u00e1 kabelka Lasocki\"},{\"@type\":\"BreadcrumbList\",\"@id\":\"https:\/\/blog.ccc.eu\/cz\/budte-sik-v-nove-podzimni-kolekci-lasocki\/#breadcrumb\",\"itemListElement\":[{\"@type\":\"ListItem\",\"position\":1,\"name\":\"Strona g\u0142\u00f3wna\",\"item\":\"https:\/\/blog.ccc.eu\/cz\/\"},{\"@type\":\"ListItem\",\"position\":2,\"name\":\"Bu\u010fte \u0161ik v nov\u00e9 podzimn\u00ed kolekci Lasocki!\"}]},{\"@type\":\"WebSite\",\"@id\":\"https:\/\/blog.ccc.eu\/cz\/#website\",\"url\":\"https:\/\/blog.ccc.eu\/cz\/\",\"name\":\"blog.ccc.eu\/cz\",\"description\":\"Va\u0161e m\u00edsto pln\u00e9 m\u00f3dn\u00edch inspirac\u00ed\",\"publisher\":{\"@id\":\"https:\/\/blog.ccc.eu\/cz\/#organization\"},\"potentialAction\":[{\"@type\":\"SearchAction\",\"target\":{\"@type\":\"EntryPoint\",\"urlTemplate\":\"https:\/\/blog.ccc.eu\/cz\/?s={search_term_string}\"},\"query-input\":{\"@type\":\"PropertyValueSpecification\",\"valueRequired\":true,\"valueName\":\"search_term_string\"}}],\"inLanguage\":\"cs\"},{\"@type\":\"Organization\",\"@id\":\"https:\/\/blog.ccc.eu\/cz\/#organization\",\"name\":\"CCC S.A.\",\"url\":\"https:\/\/blog.ccc.eu\/cz\/\",\"logo\":{\"@type\":\"ImageObject\",\"inLanguage\":\"cs\",\"@id\":\"https:\/\/blog.ccc.eu\/cz\/#\/schema\/logo\/image\/\",\"url\":\"https:\/\/blog.ccc.eu\/cz\/wp-content\/uploads\/2021\/11\/logo_ccc.png\",\"contentUrl\":\"https:\/\/blog.ccc.eu\/cz\/wp-content\/uploads\/2021\/11\/logo_ccc.png\",\"width\":730,\"height\":270,\"caption\":\"CCC S.A.\"},\"image\":{\"@id\":\"https:\/\/blog.ccc.eu\/cz\/#\/schema\/logo\/image\/\"}},{\"@type\":\"Person\",\"@id\":\"https:\/\/blog.ccc.eu\/cz\/#\/schema\/person\/f21bfa7ed9e08fb4b5b823707bdde059\",\"name\":\"Kaja\",\"image\":{\"@type\":\"ImageObject\",\"inLanguage\":\"cs\",\"@id\":\"https:\/\/blog.ccc.eu\/cz\/#\/schema\/person\/image\/\",\"url\":\"https:\/\/blog.ccc.eu\/cz\/wp-content\/uploads\/2024\/06\/white-1-300x300-1-100x100.jpg\",\"contentUrl\":\"https:\/\/blog.ccc.eu\/cz\/wp-content\/uploads\/2024\/06\/white-1-300x300-1-100x100.jpg\",\"caption\":\"Kaja\"},\"description\":\"U\u017e od pubert\u00e1ln\u00edch let se v\u011bnuje pr\u00e1ci v m\u00e9di\u00edch a psan\u00ed. Z kon\u00ed\u010dka se stalo \u017eivobyt\u00ed, kter\u00e9 j\u00ed z\u00e1rove\u0148 poskytlo dostatek svobody k tomu, aby mohla pom\u011brn\u011b hodn\u011b cestovat a pozn\u00e1vat sv\u011bt a r\u016fzn\u00e9 kultury. Energii j\u00ed dod\u00e1v\u00e1 \u010dten\u00ed knih, voda a hudba.\",\"url\":\"https:\/\/blog.ccc.eu\/cz\/author\/perlamakovienka-sk\/\"}]}<\/script>\n<!-- \/ Yoast SEO plugin. -->","yoast_head_json":{"title":"Bu\u010fte \u0161ik v nov\u00e9 podzimn\u00ed kolekci Lasocki! - blog.ccc.eu\/cz","description":"Velkou v\u00fdhodou zna\u010dky Lasocki je, \u017ee je nad\u010dasovou klasikou a \u017ee ve sv\u00fdch nesmrteln\u00fdch designech dok\u00e1\u017ee dr\u017eet krok s trendy. 2026","robots":{"index":"index","follow":"follow","max-snippet":"max-snippet:-1","max-image-preview":"max-image-preview:large","max-video-preview":"max-video-preview:-1"},"canonical":"https:\/\/blog.ccc.eu\/cz\/budte-sik-v-nove-podzimni-kolekci-lasocki\/","og_locale":"cs_CZ","og_type":"article","og_title":"Bu\u010fte \u0161ik v nov\u00e9 podzimn\u00ed kolekci Lasocki! - blog.ccc.eu\/cz","og_description":"Velkou v\u00fdhodou zna\u010dky Lasocki je, \u017ee je nad\u010dasovou klasikou a \u017ee ve sv\u00fdch nesmrteln\u00fdch designech dok\u00e1\u017ee dr\u017eet krok s trendy.","og_url":"https:\/\/blog.ccc.eu\/cz\/budte-sik-v-nove-podzimni-kolekci-lasocki\/","og_site_name":"blog.ccc.eu\/cz","article_published_time":"2024-10-11T12:59:00+00:00","article_modified_time":"2024-10-21T16:07:49+00:00","og_image":[{"width":1293,"height":933,"url":"https:\/\/blog.ccc.eu\/cz\/wp-content\/uploads\/2024\/10\/glowne-1-3.jpg","type":"image\/jpeg"}],"author":"Kaja","twitter_card":"summary_large_image","twitter_misc":{"Napsal(a)":"Kaja","Odhadovan\u00e1 doba \u010dten\u00ed":"4 minuty"},"schema":{"@context":"https:\/\/schema.org","@graph":[{"@type":"Article","@id":"https:\/\/blog.ccc.eu\/cz\/budte-sik-v-nove-podzimni-kolekci-lasocki\/#article","isPartOf":{"@id":"https:\/\/blog.ccc.eu\/cz\/budte-sik-v-nove-podzimni-kolekci-lasocki\/"},"author":{"name":"Kaja","@id":"https:\/\/blog.ccc.eu\/cz\/#\/schema\/person\/f21bfa7ed9e08fb4b5b823707bdde059"},"headline":"Bu\u010fte \u0161ik v nov\u00e9 podzimn\u00ed kolekci Lasocki!","datePublished":"2024-10-11T12:59:00+00:00","dateModified":"2024-10-21T16:07:49+00:00","mainEntityOfPage":{"@id":"https:\/\/blog.ccc.eu\/cz\/budte-sik-v-nove-podzimni-kolekci-lasocki\/"},"wordCount":702,"commentCount":0,"publisher":{"@id":"https:\/\/blog.ccc.eu\/cz\/#organization"},"image":{"@id":"https:\/\/blog.ccc.eu\/cz\/budte-sik-v-nove-podzimni-kolekci-lasocki\/#primaryimage"},"thumbnailUrl":"https:\/\/blog.ccc.eu\/cz\/wp-content\/uploads\/2024\/10\/glowne-1-3.jpg","keywords":["lasocki","trendy"],"articleSection":["TRENDY"],"inLanguage":"cs","potentialAction":[{"@type":"CommentAction","name":"Comment","target":["https:\/\/blog.ccc.eu\/cz\/budte-sik-v-nove-podzimni-kolekci-lasocki\/#respond"]}]},{"@type":"WebPage","@id":"https:\/\/blog.ccc.eu\/cz\/budte-sik-v-nove-podzimni-kolekci-lasocki\/","url":"https:\/\/blog.ccc.eu\/cz\/budte-sik-v-nove-podzimni-kolekci-lasocki\/","name":"Bu\u010fte \u0161ik v nov\u00e9 podzimn\u00ed kolekci Lasocki! - blog.ccc.eu\/cz","isPartOf":{"@id":"https:\/\/blog.ccc.eu\/cz\/#website"},"primaryImageOfPage":{"@id":"https:\/\/blog.ccc.eu\/cz\/budte-sik-v-nove-podzimni-kolekci-lasocki\/#primaryimage"},"image":{"@id":"https:\/\/blog.ccc.eu\/cz\/budte-sik-v-nove-podzimni-kolekci-lasocki\/#primaryimage"},"thumbnailUrl":"https:\/\/blog.ccc.eu\/cz\/wp-content\/uploads\/2024\/10\/glowne-1-3.jpg","datePublished":"2024-10-11T12:59:00+00:00","dateModified":"2024-10-21T16:07:49+00:00","description":"Velkou v\u00fdhodou zna\u010dky Lasocki je, \u017ee je nad\u010dasovou klasikou a \u017ee ve sv\u00fdch nesmrteln\u00fdch designech dok\u00e1\u017ee dr\u017eet krok s trendy.","breadcrumb":{"@id":"https:\/\/blog.ccc.eu\/cz\/budte-sik-v-nove-podzimni-kolekci-lasocki\/#breadcrumb"},"inLanguage":"cs","potentialAction":[{"@type":"ReadAction","target":["https:\/\/blog.ccc.eu\/cz\/budte-sik-v-nove-podzimni-kolekci-lasocki\/"]}]},{"@type":"ImageObject","inLanguage":"cs","@id":"https:\/\/blog.ccc.eu\/cz\/budte-sik-v-nove-podzimni-kolekci-lasocki\/#primaryimage","url":"https:\/\/blog.ccc.eu\/cz\/wp-content\/uploads\/2024\/10\/glowne-1-3.jpg","contentUrl":"https:\/\/blog.ccc.eu\/cz\/wp-content\/uploads\/2024\/10\/glowne-1-3.jpg","width":1293,"height":933,"caption":"semi\u0161ov\u00e1 kabelka Lasocki"},{"@type":"BreadcrumbList","@id":"https:\/\/blog.ccc.eu\/cz\/budte-sik-v-nove-podzimni-kolekci-lasocki\/#breadcrumb","itemListElement":[{"@type":"ListItem","position":1,"name":"Strona g\u0142\u00f3wna","item":"https:\/\/blog.ccc.eu\/cz\/"},{"@type":"ListItem","position":2,"name":"Bu\u010fte \u0161ik v nov\u00e9 podzimn\u00ed kolekci Lasocki!"}]},{"@type":"WebSite","@id":"https:\/\/blog.ccc.eu\/cz\/#website","url":"https:\/\/blog.ccc.eu\/cz\/","name":"blog.ccc.eu\/cz","description":"Va\u0161e m\u00edsto pln\u00e9 m\u00f3dn\u00edch inspirac\u00ed","publisher":{"@id":"https:\/\/blog.ccc.eu\/cz\/#organization"},"potentialAction":[{"@type":"SearchAction","target":{"@type":"EntryPoint","urlTemplate":"https:\/\/blog.ccc.eu\/cz\/?s={search_term_string}"},"query-input":{"@type":"PropertyValueSpecification","valueRequired":true,"valueName":"search_term_string"}}],"inLanguage":"cs"},{"@type":"Organization","@id":"https:\/\/blog.ccc.eu\/cz\/#organization","name":"CCC S.A.","url":"https:\/\/blog.ccc.eu\/cz\/","logo":{"@type":"ImageObject","inLanguage":"cs","@id":"https:\/\/blog.ccc.eu\/cz\/#\/schema\/logo\/image\/","url":"https:\/\/blog.ccc.eu\/cz\/wp-content\/uploads\/2021\/11\/logo_ccc.png","contentUrl":"https:\/\/blog.ccc.eu\/cz\/wp-content\/uploads\/2021\/11\/logo_ccc.png","width":730,"height":270,"caption":"CCC S.A."},"image":{"@id":"https:\/\/blog.ccc.eu\/cz\/#\/schema\/logo\/image\/"}},{"@type":"Person","@id":"https:\/\/blog.ccc.eu\/cz\/#\/schema\/person\/f21bfa7ed9e08fb4b5b823707bdde059","name":"Kaja","image":{"@type":"ImageObject","inLanguage":"cs","@id":"https:\/\/blog.ccc.eu\/cz\/#\/schema\/person\/image\/","url":"https:\/\/blog.ccc.eu\/cz\/wp-content\/uploads\/2024\/06\/white-1-300x300-1-100x100.jpg","contentUrl":"https:\/\/blog.ccc.eu\/cz\/wp-content\/uploads\/2024\/06\/white-1-300x300-1-100x100.jpg","caption":"Kaja"},"description":"U\u017e od pubert\u00e1ln\u00edch let se v\u011bnuje pr\u00e1ci v m\u00e9di\u00edch a psan\u00ed. Z kon\u00ed\u010dka se stalo \u017eivobyt\u00ed, kter\u00e9 j\u00ed z\u00e1rove\u0148 poskytlo dostatek svobody k tomu, aby mohla pom\u011brn\u011b hodn\u011b cestovat a pozn\u00e1vat sv\u011bt a r\u016fzn\u00e9 kultury. Energii j\u00ed dod\u00e1v\u00e1 \u010dten\u00ed knih, voda a hudba.","url":"https:\/\/blog.ccc.eu\/cz\/author\/perlamakovienka-sk\/"}]}},"_links":{"self":[{"href":"https:\/\/blog.ccc.eu\/cz\/wp-json\/wp\/v2\/posts\/7255","targetHints":{"allow":["GET"]}}],"collection":[{"href":"https:\/\/blog.ccc.eu\/cz\/wp-json\/wp\/v2\/posts"}],"about":[{"href":"https:\/\/blog.ccc.eu\/cz\/wp-json\/wp\/v2\/types\/post"}],"author":[{"embeddable":true,"href":"https:\/\/blog.ccc.eu\/cz\/wp-json\/wp\/v2\/users\/24"}],"replies":[{"embeddable":true,"href":"https:\/\/blog.ccc.eu\/cz\/wp-json\/wp\/v2\/comments?post=7255"}],"version-history":[{"count":1,"href":"https:\/\/blog.ccc.eu\/cz\/wp-json\/wp\/v2\/posts\/7255\/revisions"}],"predecessor-version":[{"id":7259,"href":"https:\/\/blog.ccc.eu\/cz\/wp-json\/wp\/v2\/posts\/7255\/revisions\/7259"}],"wp:featuredmedia":[{"embeddable":true,"href":"https:\/\/blog.ccc.eu\/cz\/wp-json\/wp\/v2\/media\/7258"}],"wp:attachment":[{"href":"https:\/\/blog.ccc.eu\/cz\/wp-json\/wp\/v2\/media?parent=7255"}],"wp:term":[{"taxonomy":"category","embeddable":true,"href":"https:\/\/blog.ccc.eu\/cz\/wp-json\/wp\/v2\/categories?post=7255"},{"taxonomy":"post_tag","embeddable":true,"href":"https:\/\/blog.ccc.eu\/cz\/wp-json\/wp\/v2\/tags?post=7255"}],"curies":[{"name":"wp","href":"https:\/\/api.w.org\/{rel}","templated":true}]}}