{"id":7395,"date":"2024-12-13T23:12:00","date_gmt":"2024-12-13T22:12:00","guid":{"rendered":"https:\/\/blog.ccc.eu\/cz\/?p=7395"},"modified":"2025-02-05T02:12:48","modified_gmt":"2025-02-05T01:12:48","slug":"nejstylovejsi-zimni-obuv-se-znackami-ccc","status":"publish","type":"post","link":"https:\/\/blog.ccc.eu\/cz\/nejstylovejsi-zimni-obuv-se-znackami-ccc\/","title":{"rendered":"Nejstylov\u011bj\u0161\u00ed zimn\u00ed obuv se zna\u010dkami CCC"},"content":{"rendered":"\n<p><em>Zna\u010dky CCC si z\u00edskaly obrovskou popularitu, proto\u017ee nab\u00edzej\u00ed prvot\u0159\u00eddn\u00ed kvalitu, nenahraditeln\u00fd styl a trendovost, kter\u00e9 nikde jinde nenajdete. Ka\u017ed\u00fd si v nich najde n\u011bco pro sebe, bez ohledu na sv\u00e9 finan\u010dn\u00ed mo\u017enosti.<\/em><\/p>\n\n\n\n<figure class=\"wp-block-gallery has-nested-images columns-default is-cropped wp-block-gallery-1 is-layout-flex wp-block-gallery-is-layout-flex\">\n<figure class=\"wp-block-image size-large\"><img loading=\"lazy\" decoding=\"async\" width=\"512\" height=\"768\" data-id=\"7397\" src=\"https:\/\/blog.ccc.eu\/cz\/wp-content\/uploads\/2025\/02\/CCC_5905588937807_02M-Copy.jpg\" alt=\"\" class=\"wp-image-7397\" srcset=\"https:\/\/blog.ccc.eu\/cz\/wp-content\/uploads\/2025\/02\/CCC_5905588937807_02M-Copy.jpg 512w, https:\/\/blog.ccc.eu\/cz\/wp-content\/uploads\/2025\/02\/CCC_5905588937807_02M-Copy-200x300.jpg 200w, https:\/\/blog.ccc.eu\/cz\/wp-content\/uploads\/2025\/02\/CCC_5905588937807_02M-Copy-100x150.jpg 100w\" sizes=\"auto, (max-width: 512px) 100vw, 512px\" \/><\/figure>\n\n\n\n<figure class=\"wp-block-image size-large\"><img loading=\"lazy\" decoding=\"async\" width=\"512\" height=\"768\" data-id=\"7396\" src=\"https:\/\/blog.ccc.eu\/cz\/wp-content\/uploads\/2025\/02\/CCC_590558895684603_02M-Copy.jpg\" alt=\"\" class=\"wp-image-7396\" srcset=\"https:\/\/blog.ccc.eu\/cz\/wp-content\/uploads\/2025\/02\/CCC_590558895684603_02M-Copy.jpg 512w, https:\/\/blog.ccc.eu\/cz\/wp-content\/uploads\/2025\/02\/CCC_590558895684603_02M-Copy-200x300.jpg 200w, https:\/\/blog.ccc.eu\/cz\/wp-content\/uploads\/2025\/02\/CCC_590558895684603_02M-Copy-100x150.jpg 100w\" sizes=\"auto, (max-width: 512px) 100vw, 512px\" \/><\/figure>\n<\/figure>\n\n\n\n<h2 class=\"wp-block-heading\"><strong>Pr\u00e9miovost a styl<\/strong><\/h2>\n\n\n\n<p>Tak bychom mohli popsat zna\u010dku Badura, kter\u00e1 nab\u00edz\u00ed vysokou kvalitu a dokonal\u00fd styl. Ne zcela minimalistick\u00fd, ale bl\u00edzk\u00fd minimalismu. Pokud m\u00e1te r\u00e1di jednodu\u0161\u0161\u00ed oble\u010den\u00ed, ale z\u00e1rove\u0148 chcete nosit n\u011bco, \u010d\u00edm vyniknete, Badura je pro v\u00e1s tou spr\u00e1vnou volbou. Zimn\u00ed boty Badura \u010dasto nab\u00edzej\u00ed platformu s tlustou podr\u00e1\u017ekou, kter\u00e1 zajist\u00ed, \u017ee se p\u0159i ch\u016fzi snadno vyhnete vod\u011b, kalu\u017e\u00edm a p\u0159\u00edpadn\u011b i taj\u00edc\u00edmu sn\u011bhu (pokud \u017eijete n\u011bkde, kde n\u011bjak\u00fd je&#8230;). <\/p>\n\n\n\n<p>Pokud si potrp\u00edte na jezdeck\u00fd styl, zna\u010dka Badura nab\u00edz\u00ed n\u011bkolik barevn\u00fdch proveden\u00ed bot, ve kter\u00fdch budete vypadat jako mistryn\u011b jezdectv\u00ed. Rozum\u011bjte, zejm\u00e9na ve stylu a dokonal\u00e9m slad\u011bn\u00ed t\u011bchto bot v ka\u017edodenn\u00edm \u017eivot\u011b. M\u016f\u017eete d\u00e1t p\u0159ednost kovbojsk\u00e9mu stylu, ale m\u016f\u017eete si vybrat i elitn\u00ed styl, kter\u00fd z v\u00e1s ud\u011bl\u00e1 naprosto elegantn\u00ed \u017eenu, za kterou se na ulici oto\u010d\u00ed ka\u017ed\u00fd zral\u00fd mu\u017e. Boty Badura pat\u0159\u00ed mezi ty dra\u017e\u0161\u00ed, ale jsou vyrobeny z kvalitn\u00edch materi\u00e1l\u016f, maj\u00ed prvot\u0159\u00eddn\u00ed kvalitu a ve va\u0161em botn\u00edku se budou h\u0159\u00e1t opravdu dlouho.<\/p>\n\n\n\n<h2 class=\"wp-block-heading\"><strong>Minimalistick\u00e1 elegance<\/strong><\/h2>\n\n\n\n<p>Zna\u010dka Gino Rossi je l\u00eddrem mezi d\u00e1mami, kter\u00e9 maj\u00ed jasn\u011b definovan\u00fd styl a v\u011bd\u00ed, co od \u017eivota cht\u011bj\u00ed. D\u00e1vaj\u00ed p\u0159ednost barevn\u00e9 harmonii a sp\u00ed\u0161e monot\u00f3nnosti, jejich \u0161atn\u00edk m\u00e1 \u010dasto kapslov\u00fd charakter. Dbaj\u00ed na kvalitu a eleganci, kter\u00e9 se nav\u00edc snoub\u00ed v ekologick\u00e9m p\u0159\u00edstupu k v\u00fdrob\u011b. Italsk\u00e1 inspirace je sou\u010d\u00e1st\u00ed genofondu zna\u010dky, kterou zalo\u017eil poctiv\u00fd \u0159emesln\u00edk Gino Rossi. V zimn\u00ed nab\u00eddce najdete p\u0159edev\u0161\u00edm eleganci, ale tak\u00e9 sportovn\u00ed obuv, kterou lze vyu\u017e\u00edt pro b\u011b\u017en\u011bj\u0161\u00ed dny v pr\u00e1ci i ve voln\u00e9m \u010dase.<\/p>\n\n\n\n<h2 class=\"wp-block-heading\"><strong>Styl a barvy!<\/strong><\/h2>\n\n\n\n<p>Pokud jste naopak typ, kter\u00fd d\u00e1v\u00e1 p\u0159ednost barv\u00e1m, r\u016fzn\u00fdm tvar\u016fm, vzor\u016fm, ko\u017ee\u0161in\u00e1m, spon\u00e1m a ozdob\u00e1m, rozhodn\u011b se rozhodn\u011bte pro zna\u010dku DeeZee. Je o n\u011bco cenov\u011b dostupn\u011bj\u0161\u00ed, ale to p\u0159esn\u011b vystihuje pot\u0159ebu v\u00edce typ\u016f bot, kter\u00e9 uspokoj\u00ed pot\u0159eby r\u016fzn\u00fdch styl\u016f, barev a vzor\u016f. Zna\u010dka DeeZee je ur\u010dena pro d\u00e1my, kter\u00e9 pot\u0159ebuj\u00ed bohat\u0161\u00ed botn\u00edk a kter\u00e9 hledaj\u00ed boty pro v\u0161echny pot\u0159eby sv\u00e9ho bohat\u00e9ho dobrodru\u017en\u00e9ho \u017eivota.<\/p>\n\n\n\n<h2 class=\"wp-block-heading\"><strong>Trendsetting<\/strong><\/h2>\n\n\n\n<p>Pokud hled\u00e1te boty, kter\u00e9 ud\u00e1vaj\u00ed nebo alespo\u0148 sleduj\u00ed nejnov\u011bj\u0161\u00ed m\u00f3dn\u00ed trendy v cel\u00e9m sortimentu (styly a barvy), rozhodnete se spr\u00e1vn\u011b, pokud si vyberete boty zna\u010dky Jenny Fairy. Zna\u010dka Jenny Fairy je cenov\u011b dostupn\u00e1 a je ur\u010dena pro v\u0161echny, kte\u0159\u00ed miluj\u00ed \u017eivot v cel\u00e9 jeho barevnosti, maj\u00ed r\u00e1di m\u00f3dn\u00ed trendy, sm\u011bry a cht\u011bj\u00ed uk\u00e1zat, \u017ee je sleduj\u00ed a \u017ee jdou s dobou. P\u0159esn\u011b takov\u00e9 jsou i zimn\u00ed boty Jenny Fairy \u2013 pokud hled\u00e1te nejnov\u011bj\u0161\u00ed m\u00f3dn\u00ed trendy, najdete je zde. A\u0165 u\u017e jsou to zimn\u00ed zateplen\u00e9 \u017eabky, kotn\u00edkov\u00e9 hu\u0148at\u00e9 boty, jezdeck\u00e9 boty, kovbojsk\u00e9 boty nebo elegantn\u00ed vysok\u00e9 koza\u010dky&#8230; Pro v\u0161echno a pro ka\u017edou p\u0159\u00edle\u017eitost se n\u011bco najde.<\/p>\n\n\n\n<h2 class=\"wp-block-heading\"><strong>Tradice, kvalita a l\u00e1ska k\u00a0p\u0159\u00edrod\u011b<\/strong><\/h2>\n\n\n\n<p>To je zna\u010dka Lasocki, kter\u00e1 je na trhu ji\u017e 70 let. Co\u017e je dost na to, aby \u201evychytala mouchy\u201c a m\u011bla ve sv\u00e9 nab\u00eddce skute\u010dnou kvalitu, funk\u010dnost a tradici. Zimn\u00ed boty Lasocki jsou pr\u00e1v\u011b takov\u00e9 \u2013 spojen\u00e9 s p\u0159\u00edrodou, funk\u010dn\u00ed, v\u0161estrann\u00e9, barevn\u011b i designov\u011b minimalistick\u00e9. Jejich snad nejv\u011bt\u0161\u00ed p\u0159ednost\u00ed je pohodl\u00ed p\u0159i no\u0161en\u00ed, kter\u00e9 zaru\u010duj\u00ed kvalitn\u00ed materi\u00e1ly, jako je ko\u017een\u00fd svr\u0161ek a pod\u0161\u00edvka.<\/p>\n\n\n\n<p>Zima je\u0161t\u011b nekon\u010d\u00ed, a tak pokud jste n\u00e1kup nov\u00fdch zimn\u00edch bot n\u011bjakou dobu odkl\u00e1dali (nap\u0159\u00edklad kv\u016fli slev\u00e1m ve v\u00fdprodeji) nebo pokud nyn\u00ed p\u0159i\u0161la pot\u0159eba konkr\u00e9tn\u00edch bot pro novou p\u0159\u00edle\u017eitost, nev\u00e1hejte a vyberte si z nab\u00eddky zna\u010dky CCC. P\u0159esto i mimo v\u00e1no\u010dn\u00ed ve\u010d\u00edrky a silvestrovsk\u00e9 party m\u00e1te st\u00e1le \u0161anci zaz\u00e1\u0159it a uk\u00e1zat, \u017ee jste pan\u00ed sv\u00e9ho stylu.<\/p>\n","protected":false},"excerpt":{"rendered":"<p>Zna\u010dky CCC si z\u00edskaly obrovskou popularitu, proto\u017ee nab\u00edzej\u00ed prvot\u0159\u00eddn\u00ed kvalitu, nenahraditeln\u00fd styl a trendovost, kter\u00e9 nikde jinde nenajdete. Ka\u017ed\u00fd si v nich najde n\u011bco pro sebe, bez ohledu na sv\u00e9 finan\u010dn\u00ed mo\u017enosti.<\/p>\n","protected":false},"author":24,"featured_media":7397,"comment_status":"open","ping_status":"open","sticky":false,"template":"","format":"standard","meta":{"_acf_changed":false,"footnotes":""},"categories":[6,1019],"tags":[566,651,867,544],"class_list":["post-7395","post","type-post","status-publish","format-standard","has-post-thumbnail","hentry","category-trendy","category-zima","tag-boty","tag-ccc","tag-styl","tag-zima"],"acf":[],"yoast_head":"<!-- This site is optimized with the Yoast SEO plugin v26.9 - https:\/\/yoast.com\/product\/yoast-seo-wordpress\/ -->\n<title>Nejstylov\u011bj\u0161\u00ed zimn\u00ed obuv se zna\u010dkami CCC - blog.ccc.eu\/cz<\/title>\n<meta name=\"description\" content=\"Zna\u010dky CCC si z\u00edskaly obrovskou popularitu, proto\u017ee nab\u00edzej\u00ed prvot\u0159\u00eddn\u00ed kvalitu, nenahraditeln\u00fd styl a trendovost, kter\u00e9 jinde nenajdete. 2026\" \/>\n<meta name=\"robots\" content=\"index, follow, max-snippet:-1, max-image-preview:large, max-video-preview:-1\" \/>\n<link rel=\"canonical\" href=\"https:\/\/blog.ccc.eu\/cz\/nejstylovejsi-zimni-obuv-se-znackami-ccc\/\" \/>\n<meta property=\"og:locale\" content=\"cs_CZ\" \/>\n<meta property=\"og:type\" content=\"article\" \/>\n<meta property=\"og:title\" content=\"Nejstylov\u011bj\u0161\u00ed zimn\u00ed obuv se zna\u010dkami CCC - blog.ccc.eu\/cz\" \/>\n<meta property=\"og:description\" content=\"Zna\u010dky CCC si z\u00edskaly obrovskou popularitu, proto\u017ee nab\u00edzej\u00ed prvot\u0159\u00eddn\u00ed kvalitu, nenahraditeln\u00fd styl a trendovost, kter\u00e9 jinde nenajdete.\" \/>\n<meta property=\"og:url\" content=\"https:\/\/blog.ccc.eu\/cz\/nejstylovejsi-zimni-obuv-se-znackami-ccc\/\" \/>\n<meta property=\"og:site_name\" content=\"blog.ccc.eu\/cz\" \/>\n<meta property=\"article:published_time\" content=\"2024-12-13T22:12:00+00:00\" \/>\n<meta property=\"article:modified_time\" content=\"2025-02-05T01:12:48+00:00\" \/>\n<meta property=\"og:image\" content=\"https:\/\/blog.ccc.eu\/cz\/wp-content\/uploads\/2025\/02\/CCC_5905588937807_02M-Copy.jpg\" \/>\n\t<meta property=\"og:image:width\" content=\"512\" \/>\n\t<meta property=\"og:image:height\" content=\"768\" \/>\n\t<meta property=\"og:image:type\" content=\"image\/jpeg\" \/>\n<meta name=\"author\" content=\"Kaja\" \/>\n<meta name=\"twitter:card\" content=\"summary_large_image\" \/>\n<meta name=\"twitter:label1\" content=\"Napsal(a)\" \/>\n\t<meta name=\"twitter:data1\" content=\"Kaja\" \/>\n\t<meta name=\"twitter:label2\" content=\"Odhadovan\u00e1 doba \u010dten\u00ed\" \/>\n\t<meta name=\"twitter:data2\" content=\"4 minuty\" \/>\n<script type=\"application\/ld+json\" class=\"yoast-schema-graph\">{\"@context\":\"https:\/\/schema.org\",\"@graph\":[{\"@type\":\"Article\",\"@id\":\"https:\/\/blog.ccc.eu\/cz\/nejstylovejsi-zimni-obuv-se-znackami-ccc\/#article\",\"isPartOf\":{\"@id\":\"https:\/\/blog.ccc.eu\/cz\/nejstylovejsi-zimni-obuv-se-znackami-ccc\/\"},\"author\":{\"name\":\"Kaja\",\"@id\":\"https:\/\/blog.ccc.eu\/cz\/#\/schema\/person\/f21bfa7ed9e08fb4b5b823707bdde059\"},\"headline\":\"Nejstylov\u011bj\u0161\u00ed zimn\u00ed obuv se zna\u010dkami CCC\",\"datePublished\":\"2024-12-13T22:12:00+00:00\",\"dateModified\":\"2025-02-05T01:12:48+00:00\",\"mainEntityOfPage\":{\"@id\":\"https:\/\/blog.ccc.eu\/cz\/nejstylovejsi-zimni-obuv-se-znackami-ccc\/\"},\"wordCount\":763,\"commentCount\":0,\"publisher\":{\"@id\":\"https:\/\/blog.ccc.eu\/cz\/#organization\"},\"image\":{\"@id\":\"https:\/\/blog.ccc.eu\/cz\/nejstylovejsi-zimni-obuv-se-znackami-ccc\/#primaryimage\"},\"thumbnailUrl\":\"https:\/\/blog.ccc.eu\/cz\/wp-content\/uploads\/2025\/02\/CCC_5905588937807_02M-Copy.jpg\",\"keywords\":[\"Boty\",\"CCC\",\"styl\",\"zima\"],\"articleSection\":[\"TRENDY\",\"ZIMA\"],\"inLanguage\":\"cs\",\"potentialAction\":[{\"@type\":\"CommentAction\",\"name\":\"Comment\",\"target\":[\"https:\/\/blog.ccc.eu\/cz\/nejstylovejsi-zimni-obuv-se-znackami-ccc\/#respond\"]}]},{\"@type\":\"WebPage\",\"@id\":\"https:\/\/blog.ccc.eu\/cz\/nejstylovejsi-zimni-obuv-se-znackami-ccc\/\",\"url\":\"https:\/\/blog.ccc.eu\/cz\/nejstylovejsi-zimni-obuv-se-znackami-ccc\/\",\"name\":\"Nejstylov\u011bj\u0161\u00ed zimn\u00ed obuv se zna\u010dkami CCC - blog.ccc.eu\/cz\",\"isPartOf\":{\"@id\":\"https:\/\/blog.ccc.eu\/cz\/#website\"},\"primaryImageOfPage\":{\"@id\":\"https:\/\/blog.ccc.eu\/cz\/nejstylovejsi-zimni-obuv-se-znackami-ccc\/#primaryimage\"},\"image\":{\"@id\":\"https:\/\/blog.ccc.eu\/cz\/nejstylovejsi-zimni-obuv-se-znackami-ccc\/#primaryimage\"},\"thumbnailUrl\":\"https:\/\/blog.ccc.eu\/cz\/wp-content\/uploads\/2025\/02\/CCC_5905588937807_02M-Copy.jpg\",\"datePublished\":\"2024-12-13T22:12:00+00:00\",\"dateModified\":\"2025-02-05T01:12:48+00:00\",\"description\":\"Zna\u010dky CCC si z\u00edskaly obrovskou popularitu, proto\u017ee nab\u00edzej\u00ed prvot\u0159\u00eddn\u00ed kvalitu, nenahraditeln\u00fd styl a trendovost, kter\u00e9 jinde nenajdete.\",\"breadcrumb\":{\"@id\":\"https:\/\/blog.ccc.eu\/cz\/nejstylovejsi-zimni-obuv-se-znackami-ccc\/#breadcrumb\"},\"inLanguage\":\"cs\",\"potentialAction\":[{\"@type\":\"ReadAction\",\"target\":[\"https:\/\/blog.ccc.eu\/cz\/nejstylovejsi-zimni-obuv-se-znackami-ccc\/\"]}]},{\"@type\":\"ImageObject\",\"inLanguage\":\"cs\",\"@id\":\"https:\/\/blog.ccc.eu\/cz\/nejstylovejsi-zimni-obuv-se-znackami-ccc\/#primaryimage\",\"url\":\"https:\/\/blog.ccc.eu\/cz\/wp-content\/uploads\/2025\/02\/CCC_5905588937807_02M-Copy.jpg\",\"contentUrl\":\"https:\/\/blog.ccc.eu\/cz\/wp-content\/uploads\/2025\/02\/CCC_5905588937807_02M-Copy.jpg\",\"width\":512,\"height\":768,\"caption\":\"d\u00e1msk\u00e1 a d\u00edv\u010d\u00ed zimn\u00ed obuv\"},{\"@type\":\"BreadcrumbList\",\"@id\":\"https:\/\/blog.ccc.eu\/cz\/nejstylovejsi-zimni-obuv-se-znackami-ccc\/#breadcrumb\",\"itemListElement\":[{\"@type\":\"ListItem\",\"position\":1,\"name\":\"Strona g\u0142\u00f3wna\",\"item\":\"https:\/\/blog.ccc.eu\/cz\/\"},{\"@type\":\"ListItem\",\"position\":2,\"name\":\"Nejstylov\u011bj\u0161\u00ed zimn\u00ed obuv se zna\u010dkami CCC\"}]},{\"@type\":\"WebSite\",\"@id\":\"https:\/\/blog.ccc.eu\/cz\/#website\",\"url\":\"https:\/\/blog.ccc.eu\/cz\/\",\"name\":\"blog.ccc.eu\/cz\",\"description\":\"Va\u0161e m\u00edsto pln\u00e9 m\u00f3dn\u00edch inspirac\u00ed\",\"publisher\":{\"@id\":\"https:\/\/blog.ccc.eu\/cz\/#organization\"},\"potentialAction\":[{\"@type\":\"SearchAction\",\"target\":{\"@type\":\"EntryPoint\",\"urlTemplate\":\"https:\/\/blog.ccc.eu\/cz\/?s={search_term_string}\"},\"query-input\":{\"@type\":\"PropertyValueSpecification\",\"valueRequired\":true,\"valueName\":\"search_term_string\"}}],\"inLanguage\":\"cs\"},{\"@type\":\"Organization\",\"@id\":\"https:\/\/blog.ccc.eu\/cz\/#organization\",\"name\":\"CCC S.A.\",\"url\":\"https:\/\/blog.ccc.eu\/cz\/\",\"logo\":{\"@type\":\"ImageObject\",\"inLanguage\":\"cs\",\"@id\":\"https:\/\/blog.ccc.eu\/cz\/#\/schema\/logo\/image\/\",\"url\":\"https:\/\/blog.ccc.eu\/cz\/wp-content\/uploads\/2021\/11\/logo_ccc.png\",\"contentUrl\":\"https:\/\/blog.ccc.eu\/cz\/wp-content\/uploads\/2021\/11\/logo_ccc.png\",\"width\":730,\"height\":270,\"caption\":\"CCC S.A.\"},\"image\":{\"@id\":\"https:\/\/blog.ccc.eu\/cz\/#\/schema\/logo\/image\/\"}},{\"@type\":\"Person\",\"@id\":\"https:\/\/blog.ccc.eu\/cz\/#\/schema\/person\/f21bfa7ed9e08fb4b5b823707bdde059\",\"name\":\"Kaja\",\"image\":{\"@type\":\"ImageObject\",\"inLanguage\":\"cs\",\"@id\":\"https:\/\/blog.ccc.eu\/cz\/#\/schema\/person\/image\/\",\"url\":\"https:\/\/blog.ccc.eu\/cz\/wp-content\/uploads\/2024\/06\/white-1-300x300-1-100x100.jpg\",\"contentUrl\":\"https:\/\/blog.ccc.eu\/cz\/wp-content\/uploads\/2024\/06\/white-1-300x300-1-100x100.jpg\",\"caption\":\"Kaja\"},\"description\":\"U\u017e od pubert\u00e1ln\u00edch let se v\u011bnuje pr\u00e1ci v m\u00e9di\u00edch a psan\u00ed. Z kon\u00ed\u010dka se stalo \u017eivobyt\u00ed, kter\u00e9 j\u00ed z\u00e1rove\u0148 poskytlo dostatek svobody k tomu, aby mohla pom\u011brn\u011b hodn\u011b cestovat a pozn\u00e1vat sv\u011bt a r\u016fzn\u00e9 kultury. Energii j\u00ed dod\u00e1v\u00e1 \u010dten\u00ed knih, voda a hudba.\",\"url\":\"https:\/\/blog.ccc.eu\/cz\/author\/perlamakovienka-sk\/\"}]}<\/script>\n<!-- \/ Yoast SEO plugin. -->","yoast_head_json":{"title":"Nejstylov\u011bj\u0161\u00ed zimn\u00ed obuv se zna\u010dkami CCC - blog.ccc.eu\/cz","description":"Zna\u010dky CCC si z\u00edskaly obrovskou popularitu, proto\u017ee nab\u00edzej\u00ed prvot\u0159\u00eddn\u00ed kvalitu, nenahraditeln\u00fd styl a trendovost, kter\u00e9 jinde nenajdete. 2026","robots":{"index":"index","follow":"follow","max-snippet":"max-snippet:-1","max-image-preview":"max-image-preview:large","max-video-preview":"max-video-preview:-1"},"canonical":"https:\/\/blog.ccc.eu\/cz\/nejstylovejsi-zimni-obuv-se-znackami-ccc\/","og_locale":"cs_CZ","og_type":"article","og_title":"Nejstylov\u011bj\u0161\u00ed zimn\u00ed obuv se zna\u010dkami CCC - blog.ccc.eu\/cz","og_description":"Zna\u010dky CCC si z\u00edskaly obrovskou popularitu, proto\u017ee nab\u00edzej\u00ed prvot\u0159\u00eddn\u00ed kvalitu, nenahraditeln\u00fd styl a trendovost, kter\u00e9 jinde nenajdete.","og_url":"https:\/\/blog.ccc.eu\/cz\/nejstylovejsi-zimni-obuv-se-znackami-ccc\/","og_site_name":"blog.ccc.eu\/cz","article_published_time":"2024-12-13T22:12:00+00:00","article_modified_time":"2025-02-05T01:12:48+00:00","og_image":[{"width":512,"height":768,"url":"https:\/\/blog.ccc.eu\/cz\/wp-content\/uploads\/2025\/02\/CCC_5905588937807_02M-Copy.jpg","type":"image\/jpeg"}],"author":"Kaja","twitter_card":"summary_large_image","twitter_misc":{"Napsal(a)":"Kaja","Odhadovan\u00e1 doba \u010dten\u00ed":"4 minuty"},"schema":{"@context":"https:\/\/schema.org","@graph":[{"@type":"Article","@id":"https:\/\/blog.ccc.eu\/cz\/nejstylovejsi-zimni-obuv-se-znackami-ccc\/#article","isPartOf":{"@id":"https:\/\/blog.ccc.eu\/cz\/nejstylovejsi-zimni-obuv-se-znackami-ccc\/"},"author":{"name":"Kaja","@id":"https:\/\/blog.ccc.eu\/cz\/#\/schema\/person\/f21bfa7ed9e08fb4b5b823707bdde059"},"headline":"Nejstylov\u011bj\u0161\u00ed zimn\u00ed obuv se zna\u010dkami CCC","datePublished":"2024-12-13T22:12:00+00:00","dateModified":"2025-02-05T01:12:48+00:00","mainEntityOfPage":{"@id":"https:\/\/blog.ccc.eu\/cz\/nejstylovejsi-zimni-obuv-se-znackami-ccc\/"},"wordCount":763,"commentCount":0,"publisher":{"@id":"https:\/\/blog.ccc.eu\/cz\/#organization"},"image":{"@id":"https:\/\/blog.ccc.eu\/cz\/nejstylovejsi-zimni-obuv-se-znackami-ccc\/#primaryimage"},"thumbnailUrl":"https:\/\/blog.ccc.eu\/cz\/wp-content\/uploads\/2025\/02\/CCC_5905588937807_02M-Copy.jpg","keywords":["Boty","CCC","styl","zima"],"articleSection":["TRENDY","ZIMA"],"inLanguage":"cs","potentialAction":[{"@type":"CommentAction","name":"Comment","target":["https:\/\/blog.ccc.eu\/cz\/nejstylovejsi-zimni-obuv-se-znackami-ccc\/#respond"]}]},{"@type":"WebPage","@id":"https:\/\/blog.ccc.eu\/cz\/nejstylovejsi-zimni-obuv-se-znackami-ccc\/","url":"https:\/\/blog.ccc.eu\/cz\/nejstylovejsi-zimni-obuv-se-znackami-ccc\/","name":"Nejstylov\u011bj\u0161\u00ed zimn\u00ed obuv se zna\u010dkami CCC - blog.ccc.eu\/cz","isPartOf":{"@id":"https:\/\/blog.ccc.eu\/cz\/#website"},"primaryImageOfPage":{"@id":"https:\/\/blog.ccc.eu\/cz\/nejstylovejsi-zimni-obuv-se-znackami-ccc\/#primaryimage"},"image":{"@id":"https:\/\/blog.ccc.eu\/cz\/nejstylovejsi-zimni-obuv-se-znackami-ccc\/#primaryimage"},"thumbnailUrl":"https:\/\/blog.ccc.eu\/cz\/wp-content\/uploads\/2025\/02\/CCC_5905588937807_02M-Copy.jpg","datePublished":"2024-12-13T22:12:00+00:00","dateModified":"2025-02-05T01:12:48+00:00","description":"Zna\u010dky CCC si z\u00edskaly obrovskou popularitu, proto\u017ee nab\u00edzej\u00ed prvot\u0159\u00eddn\u00ed kvalitu, nenahraditeln\u00fd styl a trendovost, kter\u00e9 jinde nenajdete.","breadcrumb":{"@id":"https:\/\/blog.ccc.eu\/cz\/nejstylovejsi-zimni-obuv-se-znackami-ccc\/#breadcrumb"},"inLanguage":"cs","potentialAction":[{"@type":"ReadAction","target":["https:\/\/blog.ccc.eu\/cz\/nejstylovejsi-zimni-obuv-se-znackami-ccc\/"]}]},{"@type":"ImageObject","inLanguage":"cs","@id":"https:\/\/blog.ccc.eu\/cz\/nejstylovejsi-zimni-obuv-se-znackami-ccc\/#primaryimage","url":"https:\/\/blog.ccc.eu\/cz\/wp-content\/uploads\/2025\/02\/CCC_5905588937807_02M-Copy.jpg","contentUrl":"https:\/\/blog.ccc.eu\/cz\/wp-content\/uploads\/2025\/02\/CCC_5905588937807_02M-Copy.jpg","width":512,"height":768,"caption":"d\u00e1msk\u00e1 a d\u00edv\u010d\u00ed zimn\u00ed obuv"},{"@type":"BreadcrumbList","@id":"https:\/\/blog.ccc.eu\/cz\/nejstylovejsi-zimni-obuv-se-znackami-ccc\/#breadcrumb","itemListElement":[{"@type":"ListItem","position":1,"name":"Strona g\u0142\u00f3wna","item":"https:\/\/blog.ccc.eu\/cz\/"},{"@type":"ListItem","position":2,"name":"Nejstylov\u011bj\u0161\u00ed zimn\u00ed obuv se zna\u010dkami CCC"}]},{"@type":"WebSite","@id":"https:\/\/blog.ccc.eu\/cz\/#website","url":"https:\/\/blog.ccc.eu\/cz\/","name":"blog.ccc.eu\/cz","description":"Va\u0161e m\u00edsto pln\u00e9 m\u00f3dn\u00edch inspirac\u00ed","publisher":{"@id":"https:\/\/blog.ccc.eu\/cz\/#organization"},"potentialAction":[{"@type":"SearchAction","target":{"@type":"EntryPoint","urlTemplate":"https:\/\/blog.ccc.eu\/cz\/?s={search_term_string}"},"query-input":{"@type":"PropertyValueSpecification","valueRequired":true,"valueName":"search_term_string"}}],"inLanguage":"cs"},{"@type":"Organization","@id":"https:\/\/blog.ccc.eu\/cz\/#organization","name":"CCC S.A.","url":"https:\/\/blog.ccc.eu\/cz\/","logo":{"@type":"ImageObject","inLanguage":"cs","@id":"https:\/\/blog.ccc.eu\/cz\/#\/schema\/logo\/image\/","url":"https:\/\/blog.ccc.eu\/cz\/wp-content\/uploads\/2021\/11\/logo_ccc.png","contentUrl":"https:\/\/blog.ccc.eu\/cz\/wp-content\/uploads\/2021\/11\/logo_ccc.png","width":730,"height":270,"caption":"CCC S.A."},"image":{"@id":"https:\/\/blog.ccc.eu\/cz\/#\/schema\/logo\/image\/"}},{"@type":"Person","@id":"https:\/\/blog.ccc.eu\/cz\/#\/schema\/person\/f21bfa7ed9e08fb4b5b823707bdde059","name":"Kaja","image":{"@type":"ImageObject","inLanguage":"cs","@id":"https:\/\/blog.ccc.eu\/cz\/#\/schema\/person\/image\/","url":"https:\/\/blog.ccc.eu\/cz\/wp-content\/uploads\/2024\/06\/white-1-300x300-1-100x100.jpg","contentUrl":"https:\/\/blog.ccc.eu\/cz\/wp-content\/uploads\/2024\/06\/white-1-300x300-1-100x100.jpg","caption":"Kaja"},"description":"U\u017e od pubert\u00e1ln\u00edch let se v\u011bnuje pr\u00e1ci v m\u00e9di\u00edch a psan\u00ed. Z kon\u00ed\u010dka se stalo \u017eivobyt\u00ed, kter\u00e9 j\u00ed z\u00e1rove\u0148 poskytlo dostatek svobody k tomu, aby mohla pom\u011brn\u011b hodn\u011b cestovat a pozn\u00e1vat sv\u011bt a r\u016fzn\u00e9 kultury. Energii j\u00ed dod\u00e1v\u00e1 \u010dten\u00ed knih, voda a hudba.","url":"https:\/\/blog.ccc.eu\/cz\/author\/perlamakovienka-sk\/"}]}},"_links":{"self":[{"href":"https:\/\/blog.ccc.eu\/cz\/wp-json\/wp\/v2\/posts\/7395","targetHints":{"allow":["GET"]}}],"collection":[{"href":"https:\/\/blog.ccc.eu\/cz\/wp-json\/wp\/v2\/posts"}],"about":[{"href":"https:\/\/blog.ccc.eu\/cz\/wp-json\/wp\/v2\/types\/post"}],"author":[{"embeddable":true,"href":"https:\/\/blog.ccc.eu\/cz\/wp-json\/wp\/v2\/users\/24"}],"replies":[{"embeddable":true,"href":"https:\/\/blog.ccc.eu\/cz\/wp-json\/wp\/v2\/comments?post=7395"}],"version-history":[{"count":1,"href":"https:\/\/blog.ccc.eu\/cz\/wp-json\/wp\/v2\/posts\/7395\/revisions"}],"predecessor-version":[{"id":7398,"href":"https:\/\/blog.ccc.eu\/cz\/wp-json\/wp\/v2\/posts\/7395\/revisions\/7398"}],"wp:featuredmedia":[{"embeddable":true,"href":"https:\/\/blog.ccc.eu\/cz\/wp-json\/wp\/v2\/media\/7397"}],"wp:attachment":[{"href":"https:\/\/blog.ccc.eu\/cz\/wp-json\/wp\/v2\/media?parent=7395"}],"wp:term":[{"taxonomy":"category","embeddable":true,"href":"https:\/\/blog.ccc.eu\/cz\/wp-json\/wp\/v2\/categories?post=7395"},{"taxonomy":"post_tag","embeddable":true,"href":"https:\/\/blog.ccc.eu\/cz\/wp-json\/wp\/v2\/tags?post=7395"}],"curies":[{"name":"wp","href":"https:\/\/api.w.org\/{rel}","templated":true}]}}