{"id":7424,"date":"2025-02-10T08:06:11","date_gmt":"2025-02-10T07:06:11","guid":{"rendered":"https:\/\/blog.ccc.eu\/cz\/?p=7424"},"modified":"2025-02-12T08:08:27","modified_gmt":"2025-02-12T07:08:27","slug":"udelejte-si-radost-na-valentyna","status":"publish","type":"post","link":"https:\/\/blog.ccc.eu\/cz\/udelejte-si-radost-na-valentyna\/","title":{"rendered":"Ud\u011blejte (si) radost na Valent\u00fdna!"},"content":{"rendered":"\n<p><em>Ano, ano, je to tak! Valent\u00fdn je jen takov\u00e1 z\u00e1minka. Ale na druhou stranu \u2013 v\u011bt\u0161inou se tak chov\u00e1me ke v\u0161em kolem n\u00e1s, jen ne k sob\u011b. Kupujeme pro sv\u00e9 d\u011bti, sourozence, rodi\u010de, p\u0159\u00e1tele&#8230; a zapom\u00edn\u00e1me na sebe. Tak\u017ee Valent\u00fdna v\u016fbec nemus\u00edte slavit, ale je to skv\u011bl\u00e1 z\u00e1minka, jak obdarovat toho, na koho v\u011bt\u0161inou nemysl\u00edte. Nebo na sebe\/sebe.<\/em><\/p>\n\n\n\n<p>Nev\u00edm, jak je to u v\u00e1s doma, ale u n\u00e1s doma je to zcela tak. D\u011btem kupuji v\u0161echno, co pot\u0159ebuj\u00ed. Nezapom\u00edn\u00e1m na p\u0159\u00e1tele o sv\u00e1tc\u00edch. Kdy\u017e d\u011bti pot\u0159ebuj\u00ed obdarovat u\u010ditele, spolu\u017e\u00e1ky, kamar\u00e1dy \u2013 zajist\u00edm. Mysl\u00edm na v\u0161echny a zapom\u00edn\u00e1m na sebe. Kdy\u017e si n\u011bco dop\u0159eji, je to kniha, ale kdy\u017e pak jdu na n\u011bjakou v\u00fdjime\u010dn\u011bj\u0161\u00ed p\u0159\u00edle\u017eitost, zjist\u00edm, \u017ee nem\u00e1m kabelku nebo n\u011bco na sebe. Kdy\u017e vyt\u00e1hnu kabelku, rychle ji schov\u00e1m, proto\u017ee je roztrhan\u00e1. <\/p>\n\n\n\n<p>Neviditeln\u00e9 pono\u017eky by byly fajn, ale kdy\u017e jsem je koupila, zjistila jsem, \u017ee by se hodily dce\u0159i, tak jsem j\u00ed je dala&#8230; A tak te\u010f, na Valent\u00fdna, je opravdu ide\u00e1ln\u00ed \u010das \u0159\u00edct si, \u017ee se m\u00e1me opravdu r\u00e1di natolik, abychom si koupili n\u011bco i pro sebe. Nebo \u017ee m\u00e1me sv\u00e9 druh\u00e9 polovi\u010dky opravdu r\u00e1di a milujeme je natolik, abychom pot\u011b\u0161ili nejen d\u011bti a \u201epovinn\u00e9\u201c, ale i je.<\/p>\n\n\n\n<p>P\u0159in\u00e1\u0161\u00edm v\u00e1m seznam toho, co by v\u00e1s mohlo opravdu pot\u011b\u0161it, co by pro v\u00e1s mohlo b\u00fdt p\u0159\u00edjemnou inspirac\u00ed a mohlo by b\u00fdt p\u0159esn\u011b t\u00edm, co pot\u011b\u0161\u00ed a z\u00e1rove\u0148 se hod\u00ed. Proto\u017ee koneckonc\u016f my dosp\u011bl\u00ed u\u017e v\u011bt\u0161inou tou\u017e\u00edme po tom, co se hod\u00ed, i kdy\u017e jsou to t\u0159eba ty zm\u00edn\u011bn\u00e9 pono\u017eky. <\/p>\n\n\n\n<h2 class=\"wp-block-heading\"><strong>L\u00e1hev, termoska, p\u0159enosn\u00fd hrnek<\/strong><\/h2>\n\n\n\n<p>Tak schv\u00e1ln\u011b. Spo\u010d\u00edtejte si, kolik m\u00e1te doma d\u011btsk\u00fdch lahv\u00ed. A kolik jich m\u00e1te pro sebe? Jen pro kolo? A nepot\u0159ebujete termosku nebo p\u0159enosn\u00fd hrnek na k\u00e1vu, kdy\u017e jdete r\u00e1no se psem na proch\u00e1zku? Nebo l\u00e1hev na v\u00fdlet, abyste i vy m\u011bli kone\u010dn\u011b p\u011bknou a kvalitn\u00ed? \u010casto p\u0159i tom na d\u011bti opravdu mysl\u00edme, zkoum\u00e1me, kter\u00e1 l\u00e1hev je zdrav\u00e1, nejm\u00e9n\u011b z\u00e1vadn\u00e1, dokonce i p\u011bkn\u00e1. A kdy\u017e jde o n\u00e1s, u\u017e tomu tolik pozornosti nev\u011bnujeme. \u010c\u00edm jsem star\u0161\u00ed, t\u00edm v\u00edc d\u00e1v\u00e1m p\u0159ednost kvalitn\u011bj\u0161\u00edm v\u00fdrobk\u016fm, kter\u00e9 dlouho vydr\u017e\u00ed. A samoz\u0159ejm\u011b mi za\u010d\u00edn\u00e1 z\u00e1le\u017eet na stylu. <\/p>\n\n\n\n<p>Ten m\u016fj je naprosto minimalistick\u00fd, v \u010dem\u017e mi zna\u010dka HUNTER dokonale vyhovuje. Ta je v CCC v prodeji od lo\u0148sk\u00e9ho roku, a krom\u011b bot v n\u00ed najdete i lahve, termosky, p\u0159enosn\u00e9 hrnky, kter\u00e9 jsou minimalistick\u00e9, designov\u00e9, \u010dist\u00e9, kr\u00e1sn\u00e9, stylov\u00e9 a (!) &#8211; kvalitn\u00ed. Neobsahuj\u00ed BPA, maj\u00ed protiskluzov\u00e9 dno, nepropustn\u00fd uz\u00e1v\u011br (opravdu neprote\u010dou!) a udr\u017e\u00ed v\u00e1\u0161 n\u00e1poj studen\u00fd nebo tepl\u00fd (podle pot\u0159eby) a\u017e 6 hodin.<\/p>\n\n\n<shortcode prop-category=\"Doplnky\" prop-load-num=\"12\" prop-display-num=\"4\" prop-sku=\"5903698584102, 5903698583730, 5903698583792, 5903698583860, 5903698583952\" prop-view=\"slider\"><\/shortcode>        <div\r\n            class=\"eob-pf-shortcode\"\r\n            id=\"eobpf69f24146a0e2b\"\r\n        >\r\n            <shortcode prop-category=\"Doplnky\" prop-load-num=\"12\" prop-display-num=\"4\" prop-sku=\"5903698584102, 5903698583730, 5903698583792, 5903698583860, 5903698583952\" prop-view=\"slider\"><\/shortcode>        <\/div>\r\n\t\t<script>\r\n\t\t\tjQuery(document).ready(() => {\r\n\t\t\t    const root = document.getElementById('eobpf69f24146a0e2b');\r\n                Vue.createApp({\r\n\t                components: {\r\n\t                    shortcode\r\n\t                }\r\n                }).mount(root);\r\n\t\t\t});\r\n\t\t<\/script>\r\n\t\t\r\n\t\t\n\n\n\n<p><\/p>\n\n\n\n<h2 class=\"wp-block-heading\"><strong>Pen\u011b\u017eenka<\/strong><\/h2>\n\n\n\n<p>Aby bylo jasno \u2013 m\u00e1m p\u011bknou pen\u011b\u017eenku. \ud83d\ude42 Ale je opot\u0159ebovan\u00e1 a je vid\u011bt, \u017ee u\u017e m\u00e1 n\u011bco za sebou. Ale j\u00e1 jsem p\u0159esn\u011b ten typ, kter\u00fd ji bude nosit, dokud se nerozpadne, proto\u017ee si \u0159\u00edk\u00e1m, \u017ee kdy\u017e u\u017e ji m\u00e1m, tak ji nepot\u0159ebuji vym\u011bnit. Pozitivn\u00ed ale je, \u017ee m\u016fj partner to vid\u00ed jinak a ka\u017edou chv\u00edli ho napadne m\u011b p\u0159ekvapit a koupit mi (ano, i mimo Valent\u00fdna) d\u00e1rek, kter\u00fd nahrad\u00ed u\u017e opot\u0159ebovanou v\u011bc hez\u010d\u00ed, abych se nemusela styd\u011bt, kdy\u017e plat\u00edm t\u0159eba hotov\u011b.<\/p>\n\n\n\n<p>Pen\u011b\u017eenka je ide\u00e1ln\u00ed d\u00e1rek, proto\u017ee se v\u017edycky hod\u00ed. Opravdu v\u017edy, ka\u017ed\u00fd ji pot\u0159ebuje. Jen je t\u0159eba trochu zn\u00e1t preference, pokud jde o velikost, proto\u017ee pen\u011b\u017eenka, kter\u00e1 neodpov\u00edd\u00e1 po\u017eadavk\u016fm, m\u016f\u017ee b\u00fdt jedn\u00edm z nejhor\u0161\u00edch d\u00e1rk\u016f. \ud83d\ude42<\/p>\n\n\n\n<p>V CCC najdete spoustu pen\u011b\u017eenek r\u016fzn\u00fdch velikost\u00ed, design\u016f, cen, materi\u00e1l\u016f \u2013 opravdu pro ka\u017ed\u00e9ho a pro ka\u017edou p\u0159\u00edle\u017eitost se n\u011bco najde.<\/p>\n\n\n<shortcode prop-category=\"Pe\u0148a\u017eenky\" prop-load-num=\"12\" prop-display-num=\"4\" prop-sku=\"5903419775123, 5903419557750, 5905588970446, 5905588970828, 5903419557743, 5905588978084\" prop-view=\"slider\"><\/shortcode>        <div\r\n            class=\"eob-pf-shortcode\"\r\n            id=\"eobpf69f24146a0f80\"\r\n        >\r\n            <shortcode prop-category=\"Pe\u0148a\u017eenky\" prop-load-num=\"12\" prop-display-num=\"4\" prop-sku=\"5903419775123, 5903419557750, 5905588970446, 5905588970828, 5903419557743, 5905588978084\" prop-view=\"slider\"><\/shortcode>        <\/div>\r\n\t\t<script>\r\n\t\t\tjQuery(document).ready(() => {\r\n\t\t\t    const root = document.getElementById('eobpf69f24146a0f80');\r\n                Vue.createApp({\r\n\t                components: {\r\n\t                    shortcode\r\n\t                }\r\n                }).mount(root);\r\n\t\t\t});\r\n\t\t<\/script>\r\n\t\t\r\n\t\t\n\n\n\n<p><\/p>\n\n\n\n<h2 class=\"wp-block-heading\"><strong>Kosmetick\u00e1 ta\u0161ti\u010dka<\/strong><\/h2>\n\n\n\n<p>Pracovn\u00ed cesty, v\u00fdlety, ale tak\u00e9 \u0161koly v p\u0159\u00edrod\u011b, ly\u017eov\u00e1n\u00ed, prodlou\u017een\u00e9 v\u00edkendy. Prost\u011b se v\u017edycky hod\u00ed, proto\u017ee nacpat 2-3-4 lidi do jedn\u00e9 kosmetick\u00e9 ta\u0161ky je vylo\u017een\u011b nemo\u017en\u00e9. Tak\u017ee i kdy\u017e \u017eeny, kter\u00e9 bal\u00ed celou rodinu, ob\u010das slev\u00ed ze sv\u00fdch n\u00e1rok\u016f a o\u010dek\u00e1v\u00e1n\u00ed. Stejn\u011b asi rad\u011bji m\u00e1me sv\u00e9 osobn\u00ed kosmetick\u00e9 v\u011bci na jednom m\u00edst\u011b a nep\u0159ehrabuje se v nich cel\u00e1 rodina. <\/p>\n\n\n\n<p>Kosmetick\u00e1 ta\u0161ti\u010dka jako d\u00e1rek (nejen) k Valent\u00fdnu je kr\u00e1sn\u00e1 v\u011bc, kter\u00e1 je p\u0159esn\u011b t\u00edm vyj\u00e1d\u0159en\u00edm, \u017ee v\u00edme, \u017ee my nebo ten druh\u00fd pot\u0159ebuje sv\u016fj vlastn\u00ed prostor a m\u00edsto pro sv\u00e9 osobn\u00ed v\u011bci. A pokud m\u00e1 nav\u00edc styl a je kr\u00e1sn\u00e1, pot\u011b\u0161\u00ed nejen pot\u0159eby, ale i du\u0161i.<\/p>\n\n\n<shortcode prop-category=\"Kozmetick\u00e9 ta\u0161ky\" prop-load-num=\"12\" prop-display-num=\"4\" prop-sku=\"5905588990406, 5903419557637, 5903419557644, 5903419557651, 5905588990413, 5905588990420\" prop-view=\"slider\"><\/shortcode>        <div\r\n            class=\"eob-pf-shortcode\"\r\n            id=\"eobpf69f24146a0fbd\"\r\n        >\r\n            <shortcode prop-category=\"Kozmetick\u00e9 ta\u0161ky\" prop-load-num=\"12\" prop-display-num=\"4\" prop-sku=\"5905588990406, 5903419557637, 5903419557644, 5903419557651, 5905588990413, 5905588990420\" prop-view=\"slider\"><\/shortcode>        <\/div>\r\n\t\t<script>\r\n\t\t\tjQuery(document).ready(() => {\r\n\t\t\t    const root = document.getElementById('eobpf69f24146a0fbd');\r\n                Vue.createApp({\r\n\t                components: {\r\n\t                    shortcode\r\n\t                }\r\n                }).mount(root);\r\n\t\t\t});\r\n\t\t<\/script>\r\n\t\t\r\n\t\t\n\n\n\n<p><\/p>\n\n\n\n<h2 class=\"wp-block-heading\"><strong>Slune\u010dn\u00ed br\u00fdle<\/strong><\/h2>\n\n\n\n<p>Valent\u00fdn je ji\u017e takovou p\u0159edzv\u011bst\u00ed nadch\u00e1zej\u00edc\u00edch tepl\u00fdch dn\u016f, slune\u010dn\u00fdch dn\u016f, kdy je t\u0159eba chr\u00e1nit sv\u016fj zrak. Skute\u010dn\u011b si chr\u00e1nit sv\u016fj zrak. N\u011bkdy to podce\u0148ujeme, ale faktem je, \u017ee m\u00edt spr\u00e1vn\u00e9 slune\u010dn\u00ed br\u00fdle je velmi d\u016fle\u017eit\u00e9. Mus\u00edte vz\u00edt v potaz, zda je pot\u0159ebujete do m\u011bsta, na hory, k mo\u0159i, ale ochrana zraku p\u0159ed UV z\u00e1\u0159en\u00edm je jednou z nejd\u016fle\u017eit\u011bj\u0161\u00edch v\u011bc\u00ed. <\/p>\n\n\n\n<p>Statistiky \u0159\u00edkaj\u00ed, \u017ee po\u010det lid\u00ed s rakovinou o\u010d\u00ed roste, melanom oka je z\u00e1va\u017en\u00e1 diagn\u00f3za, jej\u00ed\u017e prevenc\u00ed jsou tak\u00e9 kvalitn\u00ed slune\u010dn\u00ed br\u00fdle. V t\u00e9to souvislosti bych cht\u011bl apelovat na to, abyste si kupovali slune\u010dn\u00ed br\u00fdle, kter\u00e9 skute\u010dn\u011b maj\u00ed pot\u0159ebnou ochranu proti UV z\u00e1\u0159en\u00ed a nejsou to jen tmav\u00e9 slune\u010dn\u00ed br\u00fdle. Sta\u010d\u00ed nakupovat u renomovan\u00fdch prodejc\u016f. V CCC najdete slune\u010dn\u00ed br\u00fdle pro r\u016fzn\u00e9 pot\u0159eby, r\u016fzn\u00e9 designy, barvy, styly a samoz\u0159ejm\u011b zna\u010dky.<\/p>\n\n\n<shortcode prop-category=\"Kozmetick\u00e9 ta\u0161ky\" prop-load-num=\"12\" prop-display-num=\"3\" prop-sku=\"5905588944461, 5905588944492, 5905588944478\" prop-view=\"slider\"><\/shortcode>        <div\r\n            class=\"eob-pf-shortcode\"\r\n            id=\"eobpf69f24146a0fe8\"\r\n        >\r\n            <shortcode prop-category=\"Kozmetick\u00e9 ta\u0161ky\" prop-load-num=\"12\" prop-display-num=\"3\" prop-sku=\"5905588944461, 5905588944492, 5905588944478\" prop-view=\"slider\"><\/shortcode>        <\/div>\r\n\t\t<script>\r\n\t\t\tjQuery(document).ready(() => {\r\n\t\t\t    const root = document.getElementById('eobpf69f24146a0fe8');\r\n                Vue.createApp({\r\n\t                components: {\r\n\t                    shortcode\r\n\t                }\r\n                }).mount(root);\r\n\t\t\t});\r\n\t\t<\/script>\r\n\t\t\r\n\t\t\n\n\n\n<p><\/p>\n\n\n\n<h2 class=\"wp-block-heading\"><strong>Pun\u010doch\u00e1\u010de!<\/strong><\/h2>\n\n\n\n<p>Mo\u017en\u00e1 je to trochu recese, ale snem mnoha mu\u017e\u016f je roztrhnout je. M\u011bli jste takov\u00e9, kter\u00e9 byly ur\u010deny pr\u00e1v\u011b k tomuto \u00fa\u010delu? Co takhle dop\u0159\u00e1t si na Valent\u00fdna romantickou hodinku plnou divok\u00e9 v\u00e1\u0161n\u011b a darovat si p\u00e1r pun\u010doch, kter\u00e9 mohly b\u00fdt klidn\u011b navr\u017eeny jen pro tento jedin\u00fd \u00fa\u010del? Ano, je to \u0161koda, ale kdy\u017e si to budete po\u0159\u00e1d \u0159\u00edkat, nikdy mu ten z\u00e1\u017eitek nedop\u0159ejete&#8230;<\/p>\n\n\n<shortcode prop-category=\"Pan\u010duchy\" prop-load-num=\"12\" prop-display-num=\"4\" prop-sku=\"5904862506616, 5904862506630, 5904862506609\" prop-view=\"slider\"><\/shortcode>        <div\r\n            class=\"eob-pf-shortcode\"\r\n            id=\"eobpf69f24146a100d\"\r\n        >\r\n            <shortcode prop-category=\"Pan\u010duchy\" prop-load-num=\"12\" prop-display-num=\"4\" prop-sku=\"5904862506616, 5904862506630, 5904862506609\" prop-view=\"slider\"><\/shortcode>        <\/div>\r\n\t\t<script>\r\n\t\t\tjQuery(document).ready(() => {\r\n\t\t\t    const root = document.getElementById('eobpf69f24146a100d');\r\n                Vue.createApp({\r\n\t                components: {\r\n\t                    shortcode\r\n\t                }\r\n                }).mount(root);\r\n\t\t\t});\r\n\t\t<\/script>\r\n\t\t\r\n\t\t\n\n\n\n<p><\/p>\n\n\n\n<p>Najm\u00e4 si to u\u017e\u00edvajte. Hoci je to v r\u00fdchlych d\u0148och niekedy \u0165a\u017ek\u00e9, niekedy je priam nere\u00e1lne cez de\u0148 prehodi\u0165 \u010do i len jedno slovo o inom, ako o povinnostiach, be\u017enom chode dom\u00e1cnosti, o tom, kto kedy a kde vyzdvihne deti \u010di p\u00f4jde so psom a ma\u010dkou k veterin\u00e1rke\u2026 &#8211; sna\u017ete sa u\u017ei\u0165\u00a0si to. U\u017ei\u0165 si v\u00e1\u0161 vz\u0165ah. Sna\u017ete sa u\u017ei\u0165 si to, \u017ee aj po rokoch sa m\u00e1te st\u00e1le o\u00a0\u010dom porozpr\u00e1va\u0165. \u017de napriek v\u0161etk\u00fdm povinnostiam a nutnostiam ste si st\u00e1le bl\u00edzki. \u017de ke\u010f si ve\u010der \u013eahnete unaven\u00ed a zmohnut\u00ed, tak sa na\u010diahnete a telo toho druh\u00e9ho tam st\u00e1le tie\u017e oddychuje a t\u00e1 poko\u017eka je tak pr\u00edjemn\u00e1\u2026 Preto\u017ee o tom to v\u0161etko je. A v\u0161etko ostatn\u00e9\u00a0je u\u017e iba pridan\u00e1 hodnota.<\/p>\n","protected":false},"excerpt":{"rendered":"<p>Ano, ano, je to tak! Valent\u00fdn je jen takov\u00e1 z\u00e1minka. Ale na druhou stranu \u2013 v\u011bt\u0161inou se tak chov\u00e1me ke v\u0161em kolem n\u00e1s, jen ne k sob\u011b. Kupujeme pro sv\u00e9 d\u011bti, sourozence, rodi\u010de, p\u0159\u00e1tele&#8230; a zapom\u00edn\u00e1me na sebe. Tak\u017ee Valent\u00fdna v\u016fbec nemus\u00edte slavit, ale je to skv\u011bl\u00e1 z\u00e1minka, jak obdarovat toho, na koho v\u011bt\u0161inou nemysl\u00edte. Nebo na sebe\/sebe.<\/p>\n","protected":false},"author":24,"featured_media":7426,"comment_status":"open","ping_status":"open","sticky":false,"template":"","format":"standard","meta":{"_acf_changed":false,"footnotes":""},"categories":[1023,1027],"tags":[1028],"class_list":["post-7424","post","type-post","status-publish","format-standard","has-post-thumbnail","hentry","category-darecky","category-valentin","tag-laska"],"acf":[],"yoast_head":"<!-- This site is optimized with the Yoast SEO plugin v26.9 - https:\/\/yoast.com\/product\/yoast-seo-wordpress\/ -->\n<title>Ud\u011blejte (si) radost na Valent\u00fdna! - blog.ccc.eu\/cz<\/title>\n<meta name=\"description\" content=\"Valent\u00fdna v\u016fbec nemus\u00edte slavit, ale je to skv\u011bl\u00e1 z\u00e1minka, jak obdarovat toho, na koho obvykle nemysl\u00edte. Nebo sob\u011b. 2026\" \/>\n<meta name=\"robots\" content=\"index, follow, max-snippet:-1, max-image-preview:large, max-video-preview:-1\" \/>\n<link rel=\"canonical\" href=\"https:\/\/blog.ccc.eu\/cz\/udelejte-si-radost-na-valentyna\/\" \/>\n<meta property=\"og:locale\" content=\"cs_CZ\" \/>\n<meta property=\"og:type\" content=\"article\" \/>\n<meta property=\"og:title\" content=\"Ud\u011blejte (si) radost na Valent\u00fdna! - blog.ccc.eu\/cz\" \/>\n<meta property=\"og:description\" content=\"Valent\u00fdna v\u016fbec nemus\u00edte slavit, ale je to skv\u011bl\u00e1 z\u00e1minka, jak obdarovat toho, na koho obvykle nemysl\u00edte. Nebo sob\u011b.\" \/>\n<meta property=\"og:url\" content=\"https:\/\/blog.ccc.eu\/cz\/udelejte-si-radost-na-valentyna\/\" \/>\n<meta property=\"og:site_name\" content=\"blog.ccc.eu\/cz\" \/>\n<meta property=\"article:published_time\" content=\"2025-02-10T07:06:11+00:00\" \/>\n<meta property=\"article:modified_time\" content=\"2025-02-12T07:08:27+00:00\" \/>\n<meta property=\"og:image\" content=\"https:\/\/blog.ccc.eu\/cz\/wp-content\/uploads\/2025\/02\/imgonline-com-ua-compressed-bvlPXiiJSlsT4.jpg\" \/>\n\t<meta property=\"og:image:width\" content=\"1731\" \/>\n\t<meta property=\"og:image:height\" content=\"1155\" \/>\n\t<meta property=\"og:image:type\" content=\"image\/jpeg\" \/>\n<meta name=\"author\" content=\"Kaja\" \/>\n<meta name=\"twitter:card\" content=\"summary_large_image\" \/>\n<meta name=\"twitter:label1\" content=\"Napsal(a)\" \/>\n\t<meta name=\"twitter:data1\" content=\"Kaja\" \/>\n\t<meta name=\"twitter:label2\" content=\"Odhadovan\u00e1 doba \u010dten\u00ed\" \/>\n\t<meta name=\"twitter:data2\" content=\"6 minut\" \/>\n<script type=\"application\/ld+json\" class=\"yoast-schema-graph\">{\"@context\":\"https:\/\/schema.org\",\"@graph\":[{\"@type\":\"Article\",\"@id\":\"https:\/\/blog.ccc.eu\/cz\/udelejte-si-radost-na-valentyna\/#article\",\"isPartOf\":{\"@id\":\"https:\/\/blog.ccc.eu\/cz\/udelejte-si-radost-na-valentyna\/\"},\"author\":{\"name\":\"Kaja\",\"@id\":\"https:\/\/blog.ccc.eu\/cz\/#\/schema\/person\/f21bfa7ed9e08fb4b5b823707bdde059\"},\"headline\":\"Ud\u011blejte (si) radost na Valent\u00fdna!\",\"datePublished\":\"2025-02-10T07:06:11+00:00\",\"dateModified\":\"2025-02-12T07:08:27+00:00\",\"mainEntityOfPage\":{\"@id\":\"https:\/\/blog.ccc.eu\/cz\/udelejte-si-radost-na-valentyna\/\"},\"wordCount\":1378,\"commentCount\":0,\"publisher\":{\"@id\":\"https:\/\/blog.ccc.eu\/cz\/#organization\"},\"image\":{\"@id\":\"https:\/\/blog.ccc.eu\/cz\/udelejte-si-radost-na-valentyna\/#primaryimage\"},\"thumbnailUrl\":\"https:\/\/blog.ccc.eu\/cz\/wp-content\/uploads\/2025\/02\/imgonline-com-ua-compressed-bvlPXiiJSlsT4.jpg\",\"keywords\":[\"laska\"],\"articleSection\":[\"D\u00c1RE\u010cKY\",\"VALENTIN\"],\"inLanguage\":\"cs\",\"potentialAction\":[{\"@type\":\"CommentAction\",\"name\":\"Comment\",\"target\":[\"https:\/\/blog.ccc.eu\/cz\/udelejte-si-radost-na-valentyna\/#respond\"]}]},{\"@type\":\"WebPage\",\"@id\":\"https:\/\/blog.ccc.eu\/cz\/udelejte-si-radost-na-valentyna\/\",\"url\":\"https:\/\/blog.ccc.eu\/cz\/udelejte-si-radost-na-valentyna\/\",\"name\":\"Ud\u011blejte (si) radost na Valent\u00fdna! - blog.ccc.eu\/cz\",\"isPartOf\":{\"@id\":\"https:\/\/blog.ccc.eu\/cz\/#website\"},\"primaryImageOfPage\":{\"@id\":\"https:\/\/blog.ccc.eu\/cz\/udelejte-si-radost-na-valentyna\/#primaryimage\"},\"image\":{\"@id\":\"https:\/\/blog.ccc.eu\/cz\/udelejte-si-radost-na-valentyna\/#primaryimage\"},\"thumbnailUrl\":\"https:\/\/blog.ccc.eu\/cz\/wp-content\/uploads\/2025\/02\/imgonline-com-ua-compressed-bvlPXiiJSlsT4.jpg\",\"datePublished\":\"2025-02-10T07:06:11+00:00\",\"dateModified\":\"2025-02-12T07:08:27+00:00\",\"description\":\"Valent\u00fdna v\u016fbec nemus\u00edte slavit, ale je to skv\u011bl\u00e1 z\u00e1minka, jak obdarovat toho, na koho obvykle nemysl\u00edte. Nebo sob\u011b.\",\"breadcrumb\":{\"@id\":\"https:\/\/blog.ccc.eu\/cz\/udelejte-si-radost-na-valentyna\/#breadcrumb\"},\"inLanguage\":\"cs\",\"potentialAction\":[{\"@type\":\"ReadAction\",\"target\":[\"https:\/\/blog.ccc.eu\/cz\/udelejte-si-radost-na-valentyna\/\"]}]},{\"@type\":\"ImageObject\",\"inLanguage\":\"cs\",\"@id\":\"https:\/\/blog.ccc.eu\/cz\/udelejte-si-radost-na-valentyna\/#primaryimage\",\"url\":\"https:\/\/blog.ccc.eu\/cz\/wp-content\/uploads\/2025\/02\/imgonline-com-ua-compressed-bvlPXiiJSlsT4.jpg\",\"contentUrl\":\"https:\/\/blog.ccc.eu\/cz\/wp-content\/uploads\/2025\/02\/imgonline-com-ua-compressed-bvlPXiiJSlsT4.jpg\",\"width\":1731,\"height\":1155,\"caption\":\"couple covering faces with bundle of balloons isolated on red\"},{\"@type\":\"BreadcrumbList\",\"@id\":\"https:\/\/blog.ccc.eu\/cz\/udelejte-si-radost-na-valentyna\/#breadcrumb\",\"itemListElement\":[{\"@type\":\"ListItem\",\"position\":1,\"name\":\"Strona g\u0142\u00f3wna\",\"item\":\"https:\/\/blog.ccc.eu\/cz\/\"},{\"@type\":\"ListItem\",\"position\":2,\"name\":\"Ud\u011blejte (si) radost na Valent\u00fdna!\"}]},{\"@type\":\"WebSite\",\"@id\":\"https:\/\/blog.ccc.eu\/cz\/#website\",\"url\":\"https:\/\/blog.ccc.eu\/cz\/\",\"name\":\"blog.ccc.eu\/cz\",\"description\":\"Va\u0161e m\u00edsto pln\u00e9 m\u00f3dn\u00edch inspirac\u00ed\",\"publisher\":{\"@id\":\"https:\/\/blog.ccc.eu\/cz\/#organization\"},\"potentialAction\":[{\"@type\":\"SearchAction\",\"target\":{\"@type\":\"EntryPoint\",\"urlTemplate\":\"https:\/\/blog.ccc.eu\/cz\/?s={search_term_string}\"},\"query-input\":{\"@type\":\"PropertyValueSpecification\",\"valueRequired\":true,\"valueName\":\"search_term_string\"}}],\"inLanguage\":\"cs\"},{\"@type\":\"Organization\",\"@id\":\"https:\/\/blog.ccc.eu\/cz\/#organization\",\"name\":\"CCC S.A.\",\"url\":\"https:\/\/blog.ccc.eu\/cz\/\",\"logo\":{\"@type\":\"ImageObject\",\"inLanguage\":\"cs\",\"@id\":\"https:\/\/blog.ccc.eu\/cz\/#\/schema\/logo\/image\/\",\"url\":\"https:\/\/blog.ccc.eu\/cz\/wp-content\/uploads\/2021\/11\/logo_ccc.png\",\"contentUrl\":\"https:\/\/blog.ccc.eu\/cz\/wp-content\/uploads\/2021\/11\/logo_ccc.png\",\"width\":730,\"height\":270,\"caption\":\"CCC S.A.\"},\"image\":{\"@id\":\"https:\/\/blog.ccc.eu\/cz\/#\/schema\/logo\/image\/\"}},{\"@type\":\"Person\",\"@id\":\"https:\/\/blog.ccc.eu\/cz\/#\/schema\/person\/f21bfa7ed9e08fb4b5b823707bdde059\",\"name\":\"Kaja\",\"image\":{\"@type\":\"ImageObject\",\"inLanguage\":\"cs\",\"@id\":\"https:\/\/blog.ccc.eu\/cz\/#\/schema\/person\/image\/\",\"url\":\"https:\/\/blog.ccc.eu\/cz\/wp-content\/uploads\/2024\/06\/white-1-300x300-1-100x100.jpg\",\"contentUrl\":\"https:\/\/blog.ccc.eu\/cz\/wp-content\/uploads\/2024\/06\/white-1-300x300-1-100x100.jpg\",\"caption\":\"Kaja\"},\"description\":\"U\u017e od pubert\u00e1ln\u00edch let se v\u011bnuje pr\u00e1ci v m\u00e9di\u00edch a psan\u00ed. Z kon\u00ed\u010dka se stalo \u017eivobyt\u00ed, kter\u00e9 j\u00ed z\u00e1rove\u0148 poskytlo dostatek svobody k tomu, aby mohla pom\u011brn\u011b hodn\u011b cestovat a pozn\u00e1vat sv\u011bt a r\u016fzn\u00e9 kultury. Energii j\u00ed dod\u00e1v\u00e1 \u010dten\u00ed knih, voda a hudba.\",\"url\":\"https:\/\/blog.ccc.eu\/cz\/author\/perlamakovienka-sk\/\"}]}<\/script>\n<!-- \/ Yoast SEO plugin. -->","yoast_head_json":{"title":"Ud\u011blejte (si) radost na Valent\u00fdna! - blog.ccc.eu\/cz","description":"Valent\u00fdna v\u016fbec nemus\u00edte slavit, ale je to skv\u011bl\u00e1 z\u00e1minka, jak obdarovat toho, na koho obvykle nemysl\u00edte. Nebo sob\u011b. 2026","robots":{"index":"index","follow":"follow","max-snippet":"max-snippet:-1","max-image-preview":"max-image-preview:large","max-video-preview":"max-video-preview:-1"},"canonical":"https:\/\/blog.ccc.eu\/cz\/udelejte-si-radost-na-valentyna\/","og_locale":"cs_CZ","og_type":"article","og_title":"Ud\u011blejte (si) radost na Valent\u00fdna! - blog.ccc.eu\/cz","og_description":"Valent\u00fdna v\u016fbec nemus\u00edte slavit, ale je to skv\u011bl\u00e1 z\u00e1minka, jak obdarovat toho, na koho obvykle nemysl\u00edte. Nebo sob\u011b.","og_url":"https:\/\/blog.ccc.eu\/cz\/udelejte-si-radost-na-valentyna\/","og_site_name":"blog.ccc.eu\/cz","article_published_time":"2025-02-10T07:06:11+00:00","article_modified_time":"2025-02-12T07:08:27+00:00","og_image":[{"width":1731,"height":1155,"url":"https:\/\/blog.ccc.eu\/cz\/wp-content\/uploads\/2025\/02\/imgonline-com-ua-compressed-bvlPXiiJSlsT4.jpg","type":"image\/jpeg"}],"author":"Kaja","twitter_card":"summary_large_image","twitter_misc":{"Napsal(a)":"Kaja","Odhadovan\u00e1 doba \u010dten\u00ed":"6 minut"},"schema":{"@context":"https:\/\/schema.org","@graph":[{"@type":"Article","@id":"https:\/\/blog.ccc.eu\/cz\/udelejte-si-radost-na-valentyna\/#article","isPartOf":{"@id":"https:\/\/blog.ccc.eu\/cz\/udelejte-si-radost-na-valentyna\/"},"author":{"name":"Kaja","@id":"https:\/\/blog.ccc.eu\/cz\/#\/schema\/person\/f21bfa7ed9e08fb4b5b823707bdde059"},"headline":"Ud\u011blejte (si) radost na Valent\u00fdna!","datePublished":"2025-02-10T07:06:11+00:00","dateModified":"2025-02-12T07:08:27+00:00","mainEntityOfPage":{"@id":"https:\/\/blog.ccc.eu\/cz\/udelejte-si-radost-na-valentyna\/"},"wordCount":1378,"commentCount":0,"publisher":{"@id":"https:\/\/blog.ccc.eu\/cz\/#organization"},"image":{"@id":"https:\/\/blog.ccc.eu\/cz\/udelejte-si-radost-na-valentyna\/#primaryimage"},"thumbnailUrl":"https:\/\/blog.ccc.eu\/cz\/wp-content\/uploads\/2025\/02\/imgonline-com-ua-compressed-bvlPXiiJSlsT4.jpg","keywords":["laska"],"articleSection":["D\u00c1RE\u010cKY","VALENTIN"],"inLanguage":"cs","potentialAction":[{"@type":"CommentAction","name":"Comment","target":["https:\/\/blog.ccc.eu\/cz\/udelejte-si-radost-na-valentyna\/#respond"]}]},{"@type":"WebPage","@id":"https:\/\/blog.ccc.eu\/cz\/udelejte-si-radost-na-valentyna\/","url":"https:\/\/blog.ccc.eu\/cz\/udelejte-si-radost-na-valentyna\/","name":"Ud\u011blejte (si) radost na Valent\u00fdna! - blog.ccc.eu\/cz","isPartOf":{"@id":"https:\/\/blog.ccc.eu\/cz\/#website"},"primaryImageOfPage":{"@id":"https:\/\/blog.ccc.eu\/cz\/udelejte-si-radost-na-valentyna\/#primaryimage"},"image":{"@id":"https:\/\/blog.ccc.eu\/cz\/udelejte-si-radost-na-valentyna\/#primaryimage"},"thumbnailUrl":"https:\/\/blog.ccc.eu\/cz\/wp-content\/uploads\/2025\/02\/imgonline-com-ua-compressed-bvlPXiiJSlsT4.jpg","datePublished":"2025-02-10T07:06:11+00:00","dateModified":"2025-02-12T07:08:27+00:00","description":"Valent\u00fdna v\u016fbec nemus\u00edte slavit, ale je to skv\u011bl\u00e1 z\u00e1minka, jak obdarovat toho, na koho obvykle nemysl\u00edte. Nebo sob\u011b.","breadcrumb":{"@id":"https:\/\/blog.ccc.eu\/cz\/udelejte-si-radost-na-valentyna\/#breadcrumb"},"inLanguage":"cs","potentialAction":[{"@type":"ReadAction","target":["https:\/\/blog.ccc.eu\/cz\/udelejte-si-radost-na-valentyna\/"]}]},{"@type":"ImageObject","inLanguage":"cs","@id":"https:\/\/blog.ccc.eu\/cz\/udelejte-si-radost-na-valentyna\/#primaryimage","url":"https:\/\/blog.ccc.eu\/cz\/wp-content\/uploads\/2025\/02\/imgonline-com-ua-compressed-bvlPXiiJSlsT4.jpg","contentUrl":"https:\/\/blog.ccc.eu\/cz\/wp-content\/uploads\/2025\/02\/imgonline-com-ua-compressed-bvlPXiiJSlsT4.jpg","width":1731,"height":1155,"caption":"couple covering faces with bundle of balloons isolated on red"},{"@type":"BreadcrumbList","@id":"https:\/\/blog.ccc.eu\/cz\/udelejte-si-radost-na-valentyna\/#breadcrumb","itemListElement":[{"@type":"ListItem","position":1,"name":"Strona g\u0142\u00f3wna","item":"https:\/\/blog.ccc.eu\/cz\/"},{"@type":"ListItem","position":2,"name":"Ud\u011blejte (si) radost na Valent\u00fdna!"}]},{"@type":"WebSite","@id":"https:\/\/blog.ccc.eu\/cz\/#website","url":"https:\/\/blog.ccc.eu\/cz\/","name":"blog.ccc.eu\/cz","description":"Va\u0161e m\u00edsto pln\u00e9 m\u00f3dn\u00edch inspirac\u00ed","publisher":{"@id":"https:\/\/blog.ccc.eu\/cz\/#organization"},"potentialAction":[{"@type":"SearchAction","target":{"@type":"EntryPoint","urlTemplate":"https:\/\/blog.ccc.eu\/cz\/?s={search_term_string}"},"query-input":{"@type":"PropertyValueSpecification","valueRequired":true,"valueName":"search_term_string"}}],"inLanguage":"cs"},{"@type":"Organization","@id":"https:\/\/blog.ccc.eu\/cz\/#organization","name":"CCC S.A.","url":"https:\/\/blog.ccc.eu\/cz\/","logo":{"@type":"ImageObject","inLanguage":"cs","@id":"https:\/\/blog.ccc.eu\/cz\/#\/schema\/logo\/image\/","url":"https:\/\/blog.ccc.eu\/cz\/wp-content\/uploads\/2021\/11\/logo_ccc.png","contentUrl":"https:\/\/blog.ccc.eu\/cz\/wp-content\/uploads\/2021\/11\/logo_ccc.png","width":730,"height":270,"caption":"CCC S.A."},"image":{"@id":"https:\/\/blog.ccc.eu\/cz\/#\/schema\/logo\/image\/"}},{"@type":"Person","@id":"https:\/\/blog.ccc.eu\/cz\/#\/schema\/person\/f21bfa7ed9e08fb4b5b823707bdde059","name":"Kaja","image":{"@type":"ImageObject","inLanguage":"cs","@id":"https:\/\/blog.ccc.eu\/cz\/#\/schema\/person\/image\/","url":"https:\/\/blog.ccc.eu\/cz\/wp-content\/uploads\/2024\/06\/white-1-300x300-1-100x100.jpg","contentUrl":"https:\/\/blog.ccc.eu\/cz\/wp-content\/uploads\/2024\/06\/white-1-300x300-1-100x100.jpg","caption":"Kaja"},"description":"U\u017e od pubert\u00e1ln\u00edch let se v\u011bnuje pr\u00e1ci v m\u00e9di\u00edch a psan\u00ed. Z kon\u00ed\u010dka se stalo \u017eivobyt\u00ed, kter\u00e9 j\u00ed z\u00e1rove\u0148 poskytlo dostatek svobody k tomu, aby mohla pom\u011brn\u011b hodn\u011b cestovat a pozn\u00e1vat sv\u011bt a r\u016fzn\u00e9 kultury. Energii j\u00ed dod\u00e1v\u00e1 \u010dten\u00ed knih, voda a hudba.","url":"https:\/\/blog.ccc.eu\/cz\/author\/perlamakovienka-sk\/"}]}},"_links":{"self":[{"href":"https:\/\/blog.ccc.eu\/cz\/wp-json\/wp\/v2\/posts\/7424","targetHints":{"allow":["GET"]}}],"collection":[{"href":"https:\/\/blog.ccc.eu\/cz\/wp-json\/wp\/v2\/posts"}],"about":[{"href":"https:\/\/blog.ccc.eu\/cz\/wp-json\/wp\/v2\/types\/post"}],"author":[{"embeddable":true,"href":"https:\/\/blog.ccc.eu\/cz\/wp-json\/wp\/v2\/users\/24"}],"replies":[{"embeddable":true,"href":"https:\/\/blog.ccc.eu\/cz\/wp-json\/wp\/v2\/comments?post=7424"}],"version-history":[{"count":2,"href":"https:\/\/blog.ccc.eu\/cz\/wp-json\/wp\/v2\/posts\/7424\/revisions"}],"predecessor-version":[{"id":7427,"href":"https:\/\/blog.ccc.eu\/cz\/wp-json\/wp\/v2\/posts\/7424\/revisions\/7427"}],"wp:featuredmedia":[{"embeddable":true,"href":"https:\/\/blog.ccc.eu\/cz\/wp-json\/wp\/v2\/media\/7426"}],"wp:attachment":[{"href":"https:\/\/blog.ccc.eu\/cz\/wp-json\/wp\/v2\/media?parent=7424"}],"wp:term":[{"taxonomy":"category","embeddable":true,"href":"https:\/\/blog.ccc.eu\/cz\/wp-json\/wp\/v2\/categories?post=7424"},{"taxonomy":"post_tag","embeddable":true,"href":"https:\/\/blog.ccc.eu\/cz\/wp-json\/wp\/v2\/tags?post=7424"}],"curies":[{"name":"wp","href":"https:\/\/api.w.org\/{rel}","templated":true}]}}