{"id":7433,"date":"2025-02-17T18:38:00","date_gmt":"2025-02-17T17:38:00","guid":{"rendered":"https:\/\/blog.ccc.eu\/cz\/?p=7433"},"modified":"2025-03-01T20:40:19","modified_gmt":"2025-03-01T19:40:19","slug":"nejlepsi-boty-pro-sezonu-jaro-leto-2025","status":"publish","type":"post","link":"https:\/\/blog.ccc.eu\/cz\/nejlepsi-boty-pro-sezonu-jaro-leto-2025\/","title":{"rendered":"Nejlep\u0161\u00ed boty pro sez\u00f3nu jaro\/l\u00e9to 2025"},"content":{"rendered":"\n<p><em>A\u010dkoli je za okny je\u0161t\u011b trochu chladno, u\u017e vyhl\u00ed\u017e\u00edme teplej\u0161\u00ed t\u00fddny a m\u011bs\u00edce. Ve v\u0161ech obchodech se ji\u017e pomalu za\u010d\u00ednaj\u00ed tvo\u0159it z\u00e1soby zbo\u017e\u00ed pro tyto teplej\u0161\u00ed dny a v CCC tomu nen\u00ed jinak. Pod\u00edvejte se, jak\u00e9 jsou trendy v obuvi pro nadch\u00e1zej\u00edc\u00ed sez\u00f3nu.<\/em><\/p>\n\n\n\n<p><\/p>\n\n\n\n<h1 class=\"wp-block-heading has-text-align-center\"><strong>Nemus\u00edte, ale CHCETE je m\u00edt!<\/strong><\/h1>\n\n\n\n<p><\/p>\n\n\n\n<h2 class=\"wp-block-heading\">Boty jar \/ l\u00e9to 2025<\/h2>\n\n\n\n<p><\/p>\n\n\n\n<h3 class=\"wp-block-heading\"><strong>Baler\u00edny<\/strong><\/h3>\n\n\n\n<p>Ty jsou samoz\u0159ejm\u011b nutnost\u00ed pro ka\u017edou p\u0159\u00edle\u017eitost. Pokud chcete m\u00edt ty trendov\u00e9 na tepl\u00e9 dny roku 2025, materi\u00e1l by m\u011bl b\u00fdt ide\u00e1ln\u011b z k\u016f\u017ee zpracovan\u00e9 jako use\u0148. Nebo pak syntetick\u00fd materi\u00e1l, kter\u00fd z\u00e1rove\u0148 vytv\u00e1\u0159\u00ed semi\u0161ov\u00fd pocit. Co se t\u00fd\u010de designu, <strong>budou vl\u00e1dnout p\u00e1sky, kter\u00e9 mohou j\u00edt kolem kotn\u00edku, ale tak\u00e9 n\u00ed\u017ee kolem n\u00e1rtu<\/strong>. Hitem budou tak\u00e9 v\u011bt\u0161\u00ed p\u0159ezky a barevn\u00e9 proveden\u00ed. Ale tak\u00e9 design, kter\u00fd p\u0159ipom\u00edn\u00e1 boty skute\u010dn\u00fdch baletek. A\u010dkoli jsou ur\u010deny pro ch\u016fzi po m\u011bst\u011b, baletn\u00ed vzhled dod\u00e1 va\u0161emu outfitu zcela jin\u00fd rozm\u011br, inklinuj\u00edc\u00ed k n\u011b\u017enosti a \u017eenskosti.<\/p>\n\n\n<shortcode prop-category=\"Baler\u00ednky\" prop-load-num=\"12\" prop-display-num=\"4\" prop-sku=\"5904862330488, 5903419851230, 5906751009147, 5906751007440, 5903698621272, 5903698600048\" prop-view=\"slider\"><\/shortcode>        <div\r\n            class=\"eob-pf-shortcode\"\r\n            id=\"eobpf69f36713bb309\"\r\n        >\r\n            <shortcode prop-category=\"Baler\u00ednky\" prop-load-num=\"12\" prop-display-num=\"4\" prop-sku=\"5904862330488, 5903419851230, 5906751009147, 5906751007440, 5903698621272, 5903698600048\" prop-view=\"slider\"><\/shortcode>        <\/div>\r\n\t\t<script>\r\n\t\t\tjQuery(document).ready(() => {\r\n\t\t\t    const root = document.getElementById('eobpf69f36713bb309');\r\n                Vue.createApp({\r\n\t                components: {\r\n\t                    shortcode\r\n\t                }\r\n                }).mount(root);\r\n\t\t\t});\r\n\t\t<\/script>\r\n\t\t\r\n\t\t\n\n\n\n<p><\/p>\n\n\n\n<h3 class=\"wp-block-heading\"><strong>Lodi\u010dky s otev\u0159enou patou<\/strong><\/h3>\n\n\n\n<p>Ale ne takov\u00e9 \u201ed\u0159evorubeck\u00e9\u201c, ale decentn\u00ed, \u017eensk\u00e9, s p\u00e1skem p\u0159es patu a uzav\u0159enou \u0161pi\u010dkou, na v\u011bt\u0161\u00edm \u010di men\u0161\u00edm podpatku. Op\u011bt v r\u016fzn\u00fdch barv\u00e1ch.&nbsp;<\/p>\n\n\n\n<p><strong>Tyto <a href=\"https:\/\/ccc.eu\/cz\/search?query[menu_item]=sr_&amp;query[querystring]=lodi\u010dky\">lodi\u010dky<\/a> jsou naprosto \u00fa\u017easn\u00e9, proto\u017ee jsou kombinac\u00ed elegantn\u00edch lodi\u010dek se sand\u00e1ly, spojuj\u00ed m\u00f3dn\u00ed trendy s funk\u010dnost\u00ed bot, nohu dr\u017e\u00ed jemn\u011b pevn\u011b, ale z\u00e1rove\u0148 j\u00ed d\u00e1vaj\u00ed ur\u010ditou volnost. A umo\u017e\u0148uj\u00ed poko\u017ece d\u00fdchat. <\/strong><\/p>\n\n\n\n<p>Net\u0159eba dod\u00e1vat, \u017ee tento typ obuvi je m\u00f3dn\u00ed prakticky neust\u00e1le, ale v nadch\u00e1zej\u00edc\u00edch m\u011bs\u00edc\u00edch bude o\u017eiven jako naprosto \u017ehav\u00fd trend. Pokud je tedy ve sv\u00e9m botn\u00edku je\u0161t\u011b nem\u00e1te, je nejvy\u0161\u0161\u00ed \u010das. A pak je m\u016f\u017eete kdykoli vyt\u00e1hnout, proto\u017ee jsou opravdu nesmrteln\u00e9. A nesmrteln\u011b \u017eensk\u00e9.<\/p>\n\n\n<shortcode prop-category=\"Lodi\u010dky\" prop-load-num=\"12\" prop-display-num=\"4\" prop-sku=\"5906751031438, 5903419784866, 5905588879978, 5905588889885\" prop-view=\"slider\"><\/shortcode>        <div\r\n            class=\"eob-pf-shortcode\"\r\n            id=\"eobpf69f36713bb444\"\r\n        >\r\n            <shortcode prop-category=\"Lodi\u010dky\" prop-load-num=\"12\" prop-display-num=\"4\" prop-sku=\"5906751031438, 5903419784866, 5905588879978, 5905588889885\" prop-view=\"slider\"><\/shortcode>        <\/div>\r\n\t\t<script>\r\n\t\t\tjQuery(document).ready(() => {\r\n\t\t\t    const root = document.getElementById('eobpf69f36713bb444');\r\n                Vue.createApp({\r\n\t                components: {\r\n\t                    shortcode\r\n\t                }\r\n                }).mount(root);\r\n\t\t\t});\r\n\t\t<\/script>\r\n\t\t\r\n\t\t\n\n\n\n<p><\/p>\n\n\n\n<h3 class=\"wp-block-heading\"><strong>Pantofle s v\u00fdrazn\u00fdmi prvky<\/strong><\/h3>\n\n\n\n<p>Zat\u00edmco loni byly preferov\u00e1ny sp\u00ed\u0161e \u201enah\u00e9\u201c, minimalistick\u00e9 <a href=\"https:\/\/ccc.eu\/cz\/search?query[menu_item]=sr_&amp;query[querystring]=d\u00e1msk\u00e9%20pantofle\">pantofle<\/a>, <strong>leto\u0161n\u00ed sez\u00f3na naopak p\u0159eje v\u00fdrazn\u00fdm design\u016fm.<\/strong> Poohl\u00e9dn\u011bte se po v\u00fdrazn\u00e9 p\u0159ezce, ma\u0161li, zdoben\u00ed&#8230; &#8211; prost\u011b prvc\u00edch, kter\u00fdch si ka\u017ed\u00fd v\u0161imne na prvn\u00ed pohled a kter\u00e9 zaujmou.<\/p>\n\n\n<shortcode prop-category=\"\u0160\u013eapky\" prop-load-num=\"12\" prop-display-num=\"4\" prop-sku=\"5906751022795, 5903698598185, 5906751022801, 5906751016916, 5903698286143, 5903698049373\" prop-view=\"slider\"><\/shortcode>        <div\r\n            class=\"eob-pf-shortcode\"\r\n            id=\"eobpf69f36713bb482\"\r\n        >\r\n            <shortcode prop-category=\"\u0160\u013eapky\" prop-load-num=\"12\" prop-display-num=\"4\" prop-sku=\"5906751022795, 5903698598185, 5906751022801, 5906751016916, 5903698286143, 5903698049373\" prop-view=\"slider\"><\/shortcode>        <\/div>\r\n\t\t<script>\r\n\t\t\tjQuery(document).ready(() => {\r\n\t\t\t    const root = document.getElementById('eobpf69f36713bb482');\r\n                Vue.createApp({\r\n\t                components: {\r\n\t                    shortcode\r\n\t                }\r\n                }).mount(root);\r\n\t\t\t});\r\n\t\t<\/script>\r\n\t\t\r\n\t\t\n\n\n\n<p><\/p>\n\n\n\n<p><strong>Samoz\u0159ejm\u011b, tenisky<\/strong><\/p>\n\n\n\n<p>A zde budou p\u0159eva\u017eovat dva typy <a href=\"https:\/\/ccc.eu\/cz\/search?query[menu_item]=sr_&amp;query[querystring]=d\u00e1msk\u00e9%20tenisky\">tenisek<\/a>, a to \u201efotbalov\u00e9\u201c, tedy minimalistick\u00e9 s tenkou podr\u00e1\u017ekou, a naopak tlust\u00e9 tenisky, kter\u00e9 p\u0159idaj\u00ed i p\u00e1r centimetr\u016f nav\u00edc. V tomto ro\u010dn\u00edm obdob\u00ed si tedy m\u016f\u017eete jednodu\u0161e vybrat podle sv\u00fdch preferenc\u00ed, kter\u00fd styl vyhovuje va\u0161\u00ed osobnosti. A tak\u00e9 postav\u011b.<\/p>\n\n\n<shortcode prop-category=\"Tenisky\" prop-load-num=\"12\" prop-display-num=\"4\" prop-sku=\"5903698584676, 5905588911982, 5905588684411, 5903698096124, 5905588953388, 5905588876687\" prop-view=\"slider\"><\/shortcode>        <div\r\n            class=\"eob-pf-shortcode\"\r\n            id=\"eobpf69f36713bb4b0\"\r\n        >\r\n            <shortcode prop-category=\"Tenisky\" prop-load-num=\"12\" prop-display-num=\"4\" prop-sku=\"5903698584676, 5905588911982, 5905588684411, 5903698096124, 5905588953388, 5905588876687\" prop-view=\"slider\"><\/shortcode>        <\/div>\r\n\t\t<script>\r\n\t\t\tjQuery(document).ready(() => {\r\n\t\t\t    const root = document.getElementById('eobpf69f36713bb4b0');\r\n                Vue.createApp({\r\n\t                components: {\r\n\t                    shortcode\r\n\t                }\r\n                }).mount(root);\r\n\t\t\t});\r\n\t\t<\/script>\r\n\t\t\r\n\t\t\n\n\n\n<p><\/p>\n\n\n\n<h2 class=\"wp-block-heading\">Farby jar \/ l\u00e9to 2025<\/h2>\n\n\n\n<p><\/p>\n\n\n\n<p><strong>Poj\u010fme se spole\u010dn\u011b pod\u00edvat tak\u00e9 na barvy, kter\u00e9 budou vl\u00e1dnout jaru a l\u00e9tu 2025.<\/strong> Za sebe mus\u00edm \u0159\u00edct, \u017ee barevn\u00e9 odst\u00edny, kter\u00e9 p\u0159ich\u00e1zej\u00ed do m\u00f3dy, jsou n\u011bco, co mi naprosto vyhovuje, a to i pro chv\u00edle, kdy bych se nejrad\u011bji schovala a splynula n\u011bkde v \u00fastran\u00ed, ale i pro chv\u00edle, kdy chci zaz\u00e1\u0159it.<\/p>\n\n\n\n<p><\/p>\n\n\n\n<h3 class=\"wp-block-heading\"><strong>Barvou sez\u00f3ny je Mocca Mousse!<\/strong><\/h3>\n\n\n\n<p><strong>Barva Mocca Mousse je elegantn\u00ed odst\u00edn hn\u011bd\u00e9 s jemn\u00fdm n\u00e1dechem \u0161ed\u00e9 nebo b\u00e9\u017eov\u00e9. <\/strong>Tato barva je obl\u00edben\u00e1 pro svou neutralitu, tepl\u00fd podt\u00f3n a sofistikovan\u00fd vzhled. Jako barva obuvi je naprosto ide\u00e1ln\u00ed, proto\u017ee vypad\u00e1 p\u0159irozen\u011b, p\u0159\u00edjemn\u011b a snadno se kombinuje s dal\u0161\u00edmi odst\u00edny.<\/p>\n\n\n<shortcode prop-load-num=\"12\" prop-display-num=\"4\" prop-sku=\"5903698586250, 5903698595702, 5905588559542, 5905588376705, 5905588635505, 5904862852935\" prop-view=\"slider\"><\/shortcode>        <div\r\n            class=\"eob-pf-shortcode\"\r\n            id=\"eobpf69f36713bb4d7\"\r\n        >\r\n            <shortcode prop-load-num=\"12\" prop-display-num=\"4\" prop-sku=\"5903698586250, 5903698595702, 5905588559542, 5905588376705, 5905588635505, 5904862852935\" prop-view=\"slider\"><\/shortcode>        <\/div>\r\n\t\t<script>\r\n\t\t\tjQuery(document).ready(() => {\r\n\t\t\t    const root = document.getElementById('eobpf69f36713bb4d7');\r\n                Vue.createApp({\r\n\t                components: {\r\n\t                    shortcode\r\n\t                }\r\n                }).mount(root);\r\n\t\t\t});\r\n\t\t<\/script>\r\n\t\t\r\n\t\t\n\n\n\n<p><\/p>\n\n\n\n<h3 class=\"wp-block-heading\"><strong>Popelav\u00e1<\/strong><\/h3>\n\n\n\n<p>Takzvan\u00e1 wood ash barva v sob\u011b spojuje p\u0159\u00edrodn\u00ed jemnost a sofistikovanou eleganci. <strong>Jedn\u00e1 se o sv\u011btl\u00fd, tlumen\u00fd odst\u00edn \u0161ed\u00e9 s jemn\u00fdmi hn\u011bd\u00fdmi nebo b\u00e9\u017eov\u00fdmi podt\u00f3ny, d\u00edky \u010demu\u017e je tepl\u00e1 a neutr\u00e1ln\u00ed. <\/strong>Je to nad\u010dasov\u00fd odst\u00edn, kter\u00fd lze snadno kombinovat se sv\u011btl\u00fdmi i tmav\u00fdmi barvami zbytku oble\u010den\u00ed.<\/p>\n\n\n<shortcode prop-load-num=\"12\" prop-display-num=\"4\" prop-sku=\"5906751000779, 5903698620282, 5903419946011, 5903698054698, 5905588622277, 5905588498445\" prop-view=\"slider\"><\/shortcode>        <div\r\n            class=\"eob-pf-shortcode\"\r\n            id=\"eobpf69f36713bb4fb\"\r\n        >\r\n            <shortcode prop-load-num=\"12\" prop-display-num=\"4\" prop-sku=\"5906751000779, 5903698620282, 5903419946011, 5903698054698, 5905588622277, 5905588498445\" prop-view=\"slider\"><\/shortcode>        <\/div>\r\n\t\t<script>\r\n\t\t\tjQuery(document).ready(() => {\r\n\t\t\t    const root = document.getElementById('eobpf69f36713bb4fb');\r\n                Vue.createApp({\r\n\t                components: {\r\n\t                    shortcode\r\n\t                }\r\n                }).mount(root);\r\n\t\t\t});\r\n\t\t<\/script>\r\n\t\t\r\n\t\t\n\n\n\n<p><\/p>\n\n\n\n<h3 class=\"wp-block-heading\"><strong>\u010cerven\u00e1<\/strong><\/h3>\n\n\n\n<p>\u010cerven\u00e1 barva na bot\u00e1ch je odv\u00e1\u017en\u00e1, sebev\u011bdom\u00e1 a sm\u011bl\u00e1. <strong>V m\u00f3d\u011b je \u010derven\u00e1 barva ji\u017e dlouho symbolem v\u00e1\u0161n\u011b, elegance a luxusu, co\u017e z n\u00ed \u010din\u00ed obl\u00edben\u00fd trend<\/strong>, kter\u00fd nikdy nevyjde z m\u00f3dy a dostal se i do nejv\u011bt\u0161\u00edch trend\u016f sez\u00f3ny jaro 2025. <\/p>\n\n\n\n<p>\u010cerven\u00e9 boty jsou nav\u00edc \u00fa\u017easn\u00fdm kontrastem k neutr\u00e1ln\u00edm barv\u00e1m, jako je \u010dern\u00e1, b\u00edl\u00e1, b\u00e9\u017eov\u00e1 nebo \u0161ed\u00e1, tak\u017ee pokud se r\u00e1di obl\u00e9k\u00e1te do neutr\u00e1ln\u011bj\u0161\u00edch t\u00f3n\u016f, o\u017eiven\u00ed \u010derven\u00fdmi botami d\u00e1v\u00e1 naprost\u00fd smysl!<\/p>\n\n\n<shortcode prop-load-num=\"12\" prop-display-num=\"4\" prop-sku=\"5903698287713, 5903698586243, 5903698588636, 5903698317731, 5905588897125, 5905588714729\" prop-view=\"slider\"><\/shortcode>        <div\r\n            class=\"eob-pf-shortcode\"\r\n            id=\"eobpf69f36713bb51f\"\r\n        >\r\n            <shortcode prop-load-num=\"12\" prop-display-num=\"4\" prop-sku=\"5903698287713, 5903698586243, 5903698588636, 5903698317731, 5905588897125, 5905588714729\" prop-view=\"slider\"><\/shortcode>        <\/div>\r\n\t\t<script>\r\n\t\t\tjQuery(document).ready(() => {\r\n\t\t\t    const root = document.getElementById('eobpf69f36713bb51f');\r\n                Vue.createApp({\r\n\t                components: {\r\n\t                    shortcode\r\n\t                }\r\n                }).mount(root);\r\n\t\t\t});\r\n\t\t<\/script>\r\n\t\t\r\n\t\t\n\n\n\n<p><\/p>\n\n\n\n<h3 class=\"wp-block-heading\"><strong>Cameo Rose<\/strong><\/h3>\n\n\n\n<p>T\u011b\u017eko \u0159\u00edct, jak p\u0159esn\u011b bychom n\u00e1zev tohoto odst\u00ednu p\u0159elo\u017eili do \u010de\u0161tiny, proto\u017ee to nen\u00ed r\u016f\u017eov\u00e1 ani staror\u016f\u017eov\u00e1. <strong>Je to jemn\u00fd, tlumen\u00fd odst\u00edn r\u016f\u017eov\u00e9 s n\u00e1dechem b\u00e9\u017eov\u00fdch a pudrov\u00fdch t\u00f3n\u016f, d\u00edky \u010demu\u017e vypad\u00e1 elegantn\u011b, neutr\u00e1ln\u011b a snadno se kombinuje. <\/strong>Tato barva je v m\u00f3d\u011b st\u00e1le obl\u00edben\u011bj\u0161\u00ed, zejm\u00e9na na obuvi, proto\u017ee p\u0159in\u00e1\u0161\u00ed \u017eenskost, sofistikovanost a modern\u00ed n\u00e1dech.<\/p>\n\n\n<shortcode prop-load-num=\"12\" prop-display-num=\"4\" prop-sku=\"5905588597926, 5905588625506, 5905588635482, 5905588533733, 5905588373919, 5905588530046\" prop-view=\"slider\"><\/shortcode>        <div\r\n            class=\"eob-pf-shortcode\"\r\n            id=\"eobpf69f36713bb543\"\r\n        >\r\n            <shortcode prop-load-num=\"12\" prop-display-num=\"4\" prop-sku=\"5905588597926, 5905588625506, 5905588635482, 5905588533733, 5905588373919, 5905588530046\" prop-view=\"slider\"><\/shortcode>        <\/div>\r\n\t\t<script>\r\n\t\t\tjQuery(document).ready(() => {\r\n\t\t\t    const root = document.getElementById('eobpf69f36713bb543');\r\n                Vue.createApp({\r\n\t                components: {\r\n\t                    shortcode\r\n\t                }\r\n                }).mount(root);\r\n\t\t\t});\r\n\t\t<\/script>\r\n\t\t\r\n\t\t\n\n\n\n<p><\/p>\n\n\n\n<h3 class=\"wp-block-heading\"><strong>Brusnicov\u00e1<\/strong><\/h3>\n\n\n\n<p>Brusinkov\u00e1 barva, zn\u00e1m\u00e1 tak\u00e9 <strong>jako cranberry juice, je v\u00fdrazn\u00fd a \u017eiv\u00fd odst\u00edn \u010derven\u00e9 s n\u00e1dechem r\u016f\u017eov\u00e9 a fialov\u00e9<\/strong>. Z\u00edsk\u00e1v\u00e1 si oblibu v letn\u00ed m\u00f3d\u011b, zejm\u00e9na na bot\u00e1ch, proto\u017ee v sob\u011b spojuje \u017eivost, eleganci a \u017eenskost. Brusinkov\u00e1 barva p\u0159ipom\u00edn\u00e1 \u0161\u0165avnat\u00e9 ovoce a slune\u010dn\u00e9 dny, tak\u017ee se skv\u011ble hod\u00ed do letn\u00edho \u0161atn\u00edku. Brusinkov\u00e9 sand\u00e1ly, espadrilky nebo lodi\u010dky jsou skv\u011bl\u00fdm akcentem letn\u00edch outfit\u016f \u2013 hod\u00ed se k b\u00edl\u00e9, b\u00e9\u017eov\u00e9, ale i k d\u017e\u00ednov\u00fdm kousk\u016fm.<\/p>\n\n\n<shortcode prop-load-num=\"12\" prop-display-num=\"4\" prop-sku=\"5905588931416, 5905588766896, 5903698117546, 5905588889892, 5905588952282, 5905588468356\" prop-view=\"slider\"><\/shortcode>        <div\r\n            class=\"eob-pf-shortcode\"\r\n            id=\"eobpf69f36713bb569\"\r\n        >\r\n            <shortcode prop-load-num=\"12\" prop-display-num=\"4\" prop-sku=\"5905588931416, 5905588766896, 5903698117546, 5905588889892, 5905588952282, 5905588468356\" prop-view=\"slider\"><\/shortcode>        <\/div>\r\n\t\t<script>\r\n\t\t\tjQuery(document).ready(() => {\r\n\t\t\t    const root = document.getElementById('eobpf69f36713bb569');\r\n                Vue.createApp({\r\n\t                components: {\r\n\t                    shortcode\r\n\t                }\r\n                }).mount(root);\r\n\t\t\t});\r\n\t\t<\/script>\r\n\t\t\r\n\t\t\n\n\n\n<p><\/p>\n\n\n\n<h3 class=\"wp-block-heading\"><strong>Eclipse<\/strong><\/h3>\n\n\n\n<p>Barva Eclipse <strong>je tmav\u011b modr\u00fd odst\u00edn, kter\u00fd p\u0159ipom\u00edn\u00e1 no\u010dn\u00ed oblohu t\u011bsn\u011b p\u0159ed zatm\u011bn\u00edm M\u011bs\u00edce.<\/strong> Tato tajemn\u00e1 a elegantn\u00ed barva je na obuvi st\u00e1le obl\u00edben\u011bj\u0161\u00ed, proto\u017ee nab\u00edz\u00ed luxusn\u00ed vzhled, nad\u010dasovost a vynikaj\u00edc\u00ed kombinovatelnost. <\/p>\n\n\n\n<p>Eclipse je tmav\u00fd, sofistikovan\u00fd odst\u00edn, kter\u00fd p\u016fsob\u00ed luxusn\u011b a elegantn\u011b. Je to skv\u011bl\u00e1 alternativa k \u010dern\u00e9 \u2013 m\u00e9n\u011b drsn\u00e1, ale st\u00e1le univerz\u00e1ln\u00ed. Eclipse se hod\u00ed t\u00e9m\u011b\u0159 ke ka\u017ed\u00e9 barv\u011b, od neutr\u00e1ln\u00edch b\u00e9\u017eov\u00fdch t\u00f3n\u016f a\u017e po syt\u00e9 barvy, jako je v\u00ednov\u00e1, smaragdov\u00e1 nebo \u0161ed\u00e1. Skv\u011ble se hod\u00ed pro form\u00e1ln\u00ed lodi\u010dky, ale i pro le\u017e\u00e9rn\u00ed mokas\u00edny nebo tenisky.<\/p>\n\n\n<shortcode prop-load-num=\"12\" prop-display-num=\"4\" prop-sku=\"5903419919176, 5905588952312, 5905588804536, 5905588512219, 5905588760894, 2230059178551\" prop-view=\"slider\"><\/shortcode>        <div\r\n            class=\"eob-pf-shortcode\"\r\n            id=\"eobpf69f36713bb58b\"\r\n        >\r\n            <shortcode prop-load-num=\"12\" prop-display-num=\"4\" prop-sku=\"5903419919176, 5905588952312, 5905588804536, 5905588512219, 5905588760894, 2230059178551\" prop-view=\"slider\"><\/shortcode>        <\/div>\r\n\t\t<script>\r\n\t\t\tjQuery(document).ready(() => {\r\n\t\t\t    const root = document.getElementById('eobpf69f36713bb58b');\r\n                Vue.createApp({\r\n\t                components: {\r\n\t                    shortcode\r\n\t                }\r\n                }).mount(root);\r\n\t\t\t});\r\n\t\t<\/script>\r\n\t\t\r\n\t\t\n\n\n\n<p><\/p>\n\n\n\n<h3 class=\"wp-block-heading\"><strong>Antick\u00e1 b\u00edl\u00e1<\/strong><\/h3>\n\n\n\n<p>Barva antick\u00e1 b\u00edl\u00e1 <strong>je jemn\u00fd, tepl\u00fd odst\u00edn b\u00edl\u00e9 s n\u00e1dechem kr\u00e9mov\u00e9 nebo b\u00e9\u017eov\u00e9.<\/strong> Na obuvi p\u016fsob\u00ed sofistikovan\u011b, elegantn\u011b a nad\u010dasov\u011b a je ide\u00e1ln\u00ed volbou pro ty, kte\u0159\u00ed cht\u011bj\u00ed neutr\u00e1ln\u00ed, ale p\u0159esto neobvykl\u00e9 odst\u00edny. <\/p>\n\n\n\n<p>Tento odst\u00edn b\u00edl\u00e9 vypad\u00e1 jemn\u011bji a tepleji ne\u017e \u010dist\u011b b\u00edl\u00e1 a dod\u00e1v\u00e1 obuvi sofistikovan\u00fd vzhled. Pro svou eleganci se \u010dasto pou\u017e\u00edv\u00e1 v pr\u00e9miov\u00fdch a designov\u00fdch kolekc\u00edch. Antick\u00e1 b\u00edl\u00e1 se hod\u00ed t\u00e9m\u011b\u0159 ke ka\u017ed\u00e9 barv\u011b \u2013 od pastelov\u00fdch odst\u00edn\u016f a\u017e po syt\u00e9 a zemit\u00e9 t\u00f3ny. Je ide\u00e1ln\u00ed pro svatebn\u00ed obuv, letn\u00ed sand\u00e1ly, ale i elegantn\u00ed lodi\u010dky nebo tenisky.<\/p>\n\n\n<shortcode prop-load-num=\"12\" prop-display-num=\"4\" prop-sku=\"5904862332048, 5903698287676, 5903698286143, 5905588563686, 5905588567288, 5905588516552\" prop-view=\"slider\"><\/shortcode>        <div\r\n            class=\"eob-pf-shortcode\"\r\n            id=\"eobpf69f36713bb5ab\"\r\n        >\r\n            <shortcode prop-load-num=\"12\" prop-display-num=\"4\" prop-sku=\"5904862332048, 5903698287676, 5903698286143, 5905588563686, 5905588567288, 5905588516552\" prop-view=\"slider\"><\/shortcode>        <\/div>\r\n\t\t<script>\r\n\t\t\tjQuery(document).ready(() => {\r\n\t\t\t    const root = document.getElementById('eobpf69f36713bb5ab');\r\n                Vue.createApp({\r\n\t                components: {\r\n\t                    shortcode\r\n\t                }\r\n                }).mount(root);\r\n\t\t\t});\r\n\t\t<\/script>\r\n\t\t\r\n\t\t\n\n\n\n<p><\/p>\n\n\n\n<p>Mil\u00e9 d\u00e1my, myslete na to, \u017ee jste to pr\u00e1v\u011b vy, kdo nikdy nevyjde z m\u00f3dy a je trendy naprosto neust\u00e1le. Modern\u00ed obuv, m\u00f3dn\u00ed barvy a vzory to jen podtrhnou. U\u017e\u00edvejte si tepl\u00fdch dn\u016f a uka\u017ete se v cel\u00e9 sv\u00e9 kr\u00e1se \u2013 ostatn\u00edm, ale tak\u00e9 (nebo p\u0159edev\u0161\u00edm) sob\u011b.<\/p>\n","protected":false},"excerpt":{"rendered":"<p>Ve v\u0161ech obchodech se ji\u017e pomalu za\u010d\u00ednaj\u00ed tvo\u0159it z\u00e1soby zbo\u017e\u00ed pro tyto teplej\u0161\u00ed dny a v CCC tomu nen\u00ed jinak. Pod\u00edvejte se, jak\u00e9 jsou trendy v obuvi pro nadch\u00e1zej\u00edc\u00ed sez\u00f3nu.<\/p>\n","protected":false},"author":24,"featured_media":7434,"comment_status":"open","ping_status":"open","sticky":false,"template":"","format":"standard","meta":{"_acf_changed":false,"footnotes":""},"categories":[1011,1029,6],"tags":[854,614,879,568],"class_list":["post-7433","post","type-post","status-publish","format-standard","has-post-thumbnail","hentry","category-jaro","category-leto","category-trendy","tag-balerinky","tag-lodicky-2","tag-pantofle","tag-tenisky"],"acf":[],"yoast_head":"<!-- This site is optimized with the Yoast SEO plugin v26.9 - https:\/\/yoast.com\/product\/yoast-seo-wordpress\/ -->\n<title>Nejlep\u0161\u00ed boty pro sez\u00f3nu jaro\/l\u00e9to 2025 - blog.ccc.eu\/cz<\/title>\n<meta name=\"description\" content=\"Obchody se ji\u017e z\u00e1sobuj\u00ed zbo\u017e\u00edm na teplej\u0161\u00ed dny a v CCC tomu nen\u00ed jinak. Jak\u00e9 jsou trendy v obuvi pro nadch\u00e1zej\u00edc\u00ed sez\u00f3nu? 2026\" \/>\n<meta name=\"robots\" content=\"index, follow, max-snippet:-1, max-image-preview:large, max-video-preview:-1\" \/>\n<link rel=\"canonical\" href=\"https:\/\/blog.ccc.eu\/cz\/nejlepsi-boty-pro-sezonu-jaro-leto-2025\/\" \/>\n<meta property=\"og:locale\" content=\"cs_CZ\" \/>\n<meta property=\"og:type\" content=\"article\" \/>\n<meta property=\"og:title\" content=\"Nejlep\u0161\u00ed boty pro sez\u00f3nu jaro\/l\u00e9to 2025 - blog.ccc.eu\/cz\" \/>\n<meta property=\"og:description\" content=\"Obchody se ji\u017e z\u00e1sobuj\u00ed zbo\u017e\u00edm na teplej\u0161\u00ed dny a v CCC tomu nen\u00ed jinak. Jak\u00e9 jsou trendy v obuvi pro nadch\u00e1zej\u00edc\u00ed sez\u00f3nu?\" \/>\n<meta property=\"og:url\" content=\"https:\/\/blog.ccc.eu\/cz\/nejlepsi-boty-pro-sezonu-jaro-leto-2025\/\" \/>\n<meta property=\"og:site_name\" content=\"blog.ccc.eu\/cz\" \/>\n<meta property=\"article:published_time\" content=\"2025-02-17T17:38:00+00:00\" \/>\n<meta property=\"article:modified_time\" content=\"2025-03-01T19:40:19+00:00\" \/>\n<meta property=\"og:image\" content=\"https:\/\/blog.ccc.eu\/cz\/wp-content\/uploads\/2025\/02\/GRAFIKI_NA_BLOGA_NOWE_1240_x_640_trendy_2024_2025.jpg\" \/>\n\t<meta property=\"og:image:width\" content=\"1240\" \/>\n\t<meta property=\"og:image:height\" content=\"640\" \/>\n\t<meta property=\"og:image:type\" content=\"image\/jpeg\" \/>\n<meta name=\"author\" content=\"Kaja\" \/>\n<meta name=\"twitter:card\" content=\"summary_large_image\" \/>\n<meta name=\"twitter:label1\" content=\"Napsal(a)\" \/>\n\t<meta name=\"twitter:data1\" content=\"Kaja\" \/>\n\t<meta name=\"twitter:label2\" content=\"Odhadovan\u00e1 doba \u010dten\u00ed\" \/>\n\t<meta name=\"twitter:data2\" content=\"6 minut\" \/>\n<script type=\"application\/ld+json\" class=\"yoast-schema-graph\">{\"@context\":\"https:\/\/schema.org\",\"@graph\":[{\"@type\":\"Article\",\"@id\":\"https:\/\/blog.ccc.eu\/cz\/nejlepsi-boty-pro-sezonu-jaro-leto-2025\/#article\",\"isPartOf\":{\"@id\":\"https:\/\/blog.ccc.eu\/cz\/nejlepsi-boty-pro-sezonu-jaro-leto-2025\/\"},\"author\":{\"name\":\"Kaja\",\"@id\":\"https:\/\/blog.ccc.eu\/cz\/#\/schema\/person\/f21bfa7ed9e08fb4b5b823707bdde059\"},\"headline\":\"Nejlep\u0161\u00ed boty pro sez\u00f3nu jaro\/l\u00e9to 2025\",\"datePublished\":\"2025-02-17T17:38:00+00:00\",\"dateModified\":\"2025-03-01T19:40:19+00:00\",\"mainEntityOfPage\":{\"@id\":\"https:\/\/blog.ccc.eu\/cz\/nejlepsi-boty-pro-sezonu-jaro-leto-2025\/\"},\"wordCount\":1351,\"commentCount\":0,\"publisher\":{\"@id\":\"https:\/\/blog.ccc.eu\/cz\/#organization\"},\"image\":{\"@id\":\"https:\/\/blog.ccc.eu\/cz\/nejlepsi-boty-pro-sezonu-jaro-leto-2025\/#primaryimage\"},\"thumbnailUrl\":\"https:\/\/blog.ccc.eu\/cz\/wp-content\/uploads\/2025\/02\/GRAFIKI_NA_BLOGA_NOWE_1240_x_640_trendy_2024_2025.jpg\",\"keywords\":[\"baler\u00ednky\",\"Lodi\u010dky\",\"pantofle\",\"Tenisky\"],\"articleSection\":[\"JARO\",\"L\u00c9TO\",\"TRENDY\"],\"inLanguage\":\"cs\",\"potentialAction\":[{\"@type\":\"CommentAction\",\"name\":\"Comment\",\"target\":[\"https:\/\/blog.ccc.eu\/cz\/nejlepsi-boty-pro-sezonu-jaro-leto-2025\/#respond\"]}]},{\"@type\":\"WebPage\",\"@id\":\"https:\/\/blog.ccc.eu\/cz\/nejlepsi-boty-pro-sezonu-jaro-leto-2025\/\",\"url\":\"https:\/\/blog.ccc.eu\/cz\/nejlepsi-boty-pro-sezonu-jaro-leto-2025\/\",\"name\":\"Nejlep\u0161\u00ed boty pro sez\u00f3nu jaro\/l\u00e9to 2025 - blog.ccc.eu\/cz\",\"isPartOf\":{\"@id\":\"https:\/\/blog.ccc.eu\/cz\/#website\"},\"primaryImageOfPage\":{\"@id\":\"https:\/\/blog.ccc.eu\/cz\/nejlepsi-boty-pro-sezonu-jaro-leto-2025\/#primaryimage\"},\"image\":{\"@id\":\"https:\/\/blog.ccc.eu\/cz\/nejlepsi-boty-pro-sezonu-jaro-leto-2025\/#primaryimage\"},\"thumbnailUrl\":\"https:\/\/blog.ccc.eu\/cz\/wp-content\/uploads\/2025\/02\/GRAFIKI_NA_BLOGA_NOWE_1240_x_640_trendy_2024_2025.jpg\",\"datePublished\":\"2025-02-17T17:38:00+00:00\",\"dateModified\":\"2025-03-01T19:40:19+00:00\",\"description\":\"Obchody se ji\u017e z\u00e1sobuj\u00ed zbo\u017e\u00edm na teplej\u0161\u00ed dny a v CCC tomu nen\u00ed jinak. Jak\u00e9 jsou trendy v obuvi pro nadch\u00e1zej\u00edc\u00ed sez\u00f3nu?\",\"breadcrumb\":{\"@id\":\"https:\/\/blog.ccc.eu\/cz\/nejlepsi-boty-pro-sezonu-jaro-leto-2025\/#breadcrumb\"},\"inLanguage\":\"cs\",\"potentialAction\":[{\"@type\":\"ReadAction\",\"target\":[\"https:\/\/blog.ccc.eu\/cz\/nejlepsi-boty-pro-sezonu-jaro-leto-2025\/\"]}]},{\"@type\":\"ImageObject\",\"inLanguage\":\"cs\",\"@id\":\"https:\/\/blog.ccc.eu\/cz\/nejlepsi-boty-pro-sezonu-jaro-leto-2025\/#primaryimage\",\"url\":\"https:\/\/blog.ccc.eu\/cz\/wp-content\/uploads\/2025\/02\/GRAFIKI_NA_BLOGA_NOWE_1240_x_640_trendy_2024_2025.jpg\",\"contentUrl\":\"https:\/\/blog.ccc.eu\/cz\/wp-content\/uploads\/2025\/02\/GRAFIKI_NA_BLOGA_NOWE_1240_x_640_trendy_2024_2025.jpg\",\"width\":1240,\"height\":640,\"caption\":\"trendy 2025\"},{\"@type\":\"BreadcrumbList\",\"@id\":\"https:\/\/blog.ccc.eu\/cz\/nejlepsi-boty-pro-sezonu-jaro-leto-2025\/#breadcrumb\",\"itemListElement\":[{\"@type\":\"ListItem\",\"position\":1,\"name\":\"Strona g\u0142\u00f3wna\",\"item\":\"https:\/\/blog.ccc.eu\/cz\/\"},{\"@type\":\"ListItem\",\"position\":2,\"name\":\"Nejlep\u0161\u00ed boty pro sez\u00f3nu jaro\/l\u00e9to 2025\"}]},{\"@type\":\"WebSite\",\"@id\":\"https:\/\/blog.ccc.eu\/cz\/#website\",\"url\":\"https:\/\/blog.ccc.eu\/cz\/\",\"name\":\"blog.ccc.eu\/cz\",\"description\":\"Va\u0161e m\u00edsto pln\u00e9 m\u00f3dn\u00edch inspirac\u00ed\",\"publisher\":{\"@id\":\"https:\/\/blog.ccc.eu\/cz\/#organization\"},\"potentialAction\":[{\"@type\":\"SearchAction\",\"target\":{\"@type\":\"EntryPoint\",\"urlTemplate\":\"https:\/\/blog.ccc.eu\/cz\/?s={search_term_string}\"},\"query-input\":{\"@type\":\"PropertyValueSpecification\",\"valueRequired\":true,\"valueName\":\"search_term_string\"}}],\"inLanguage\":\"cs\"},{\"@type\":\"Organization\",\"@id\":\"https:\/\/blog.ccc.eu\/cz\/#organization\",\"name\":\"CCC S.A.\",\"url\":\"https:\/\/blog.ccc.eu\/cz\/\",\"logo\":{\"@type\":\"ImageObject\",\"inLanguage\":\"cs\",\"@id\":\"https:\/\/blog.ccc.eu\/cz\/#\/schema\/logo\/image\/\",\"url\":\"https:\/\/blog.ccc.eu\/cz\/wp-content\/uploads\/2021\/11\/logo_ccc.png\",\"contentUrl\":\"https:\/\/blog.ccc.eu\/cz\/wp-content\/uploads\/2021\/11\/logo_ccc.png\",\"width\":730,\"height\":270,\"caption\":\"CCC S.A.\"},\"image\":{\"@id\":\"https:\/\/blog.ccc.eu\/cz\/#\/schema\/logo\/image\/\"}},{\"@type\":\"Person\",\"@id\":\"https:\/\/blog.ccc.eu\/cz\/#\/schema\/person\/f21bfa7ed9e08fb4b5b823707bdde059\",\"name\":\"Kaja\",\"image\":{\"@type\":\"ImageObject\",\"inLanguage\":\"cs\",\"@id\":\"https:\/\/blog.ccc.eu\/cz\/#\/schema\/person\/image\/\",\"url\":\"https:\/\/blog.ccc.eu\/cz\/wp-content\/uploads\/2024\/06\/white-1-300x300-1-100x100.jpg\",\"contentUrl\":\"https:\/\/blog.ccc.eu\/cz\/wp-content\/uploads\/2024\/06\/white-1-300x300-1-100x100.jpg\",\"caption\":\"Kaja\"},\"description\":\"U\u017e od pubert\u00e1ln\u00edch let se v\u011bnuje pr\u00e1ci v m\u00e9di\u00edch a psan\u00ed. Z kon\u00ed\u010dka se stalo \u017eivobyt\u00ed, kter\u00e9 j\u00ed z\u00e1rove\u0148 poskytlo dostatek svobody k tomu, aby mohla pom\u011brn\u011b hodn\u011b cestovat a pozn\u00e1vat sv\u011bt a r\u016fzn\u00e9 kultury. Energii j\u00ed dod\u00e1v\u00e1 \u010dten\u00ed knih, voda a hudba.\",\"url\":\"https:\/\/blog.ccc.eu\/cz\/author\/perlamakovienka-sk\/\"}]}<\/script>\n<!-- \/ Yoast SEO plugin. -->","yoast_head_json":{"title":"Nejlep\u0161\u00ed boty pro sez\u00f3nu jaro\/l\u00e9to 2025 - blog.ccc.eu\/cz","description":"Obchody se ji\u017e z\u00e1sobuj\u00ed zbo\u017e\u00edm na teplej\u0161\u00ed dny a v CCC tomu nen\u00ed jinak. Jak\u00e9 jsou trendy v obuvi pro nadch\u00e1zej\u00edc\u00ed sez\u00f3nu? 2026","robots":{"index":"index","follow":"follow","max-snippet":"max-snippet:-1","max-image-preview":"max-image-preview:large","max-video-preview":"max-video-preview:-1"},"canonical":"https:\/\/blog.ccc.eu\/cz\/nejlepsi-boty-pro-sezonu-jaro-leto-2025\/","og_locale":"cs_CZ","og_type":"article","og_title":"Nejlep\u0161\u00ed boty pro sez\u00f3nu jaro\/l\u00e9to 2025 - blog.ccc.eu\/cz","og_description":"Obchody se ji\u017e z\u00e1sobuj\u00ed zbo\u017e\u00edm na teplej\u0161\u00ed dny a v CCC tomu nen\u00ed jinak. Jak\u00e9 jsou trendy v obuvi pro nadch\u00e1zej\u00edc\u00ed sez\u00f3nu?","og_url":"https:\/\/blog.ccc.eu\/cz\/nejlepsi-boty-pro-sezonu-jaro-leto-2025\/","og_site_name":"blog.ccc.eu\/cz","article_published_time":"2025-02-17T17:38:00+00:00","article_modified_time":"2025-03-01T19:40:19+00:00","og_image":[{"width":1240,"height":640,"url":"https:\/\/blog.ccc.eu\/cz\/wp-content\/uploads\/2025\/02\/GRAFIKI_NA_BLOGA_NOWE_1240_x_640_trendy_2024_2025.jpg","type":"image\/jpeg"}],"author":"Kaja","twitter_card":"summary_large_image","twitter_misc":{"Napsal(a)":"Kaja","Odhadovan\u00e1 doba \u010dten\u00ed":"6 minut"},"schema":{"@context":"https:\/\/schema.org","@graph":[{"@type":"Article","@id":"https:\/\/blog.ccc.eu\/cz\/nejlepsi-boty-pro-sezonu-jaro-leto-2025\/#article","isPartOf":{"@id":"https:\/\/blog.ccc.eu\/cz\/nejlepsi-boty-pro-sezonu-jaro-leto-2025\/"},"author":{"name":"Kaja","@id":"https:\/\/blog.ccc.eu\/cz\/#\/schema\/person\/f21bfa7ed9e08fb4b5b823707bdde059"},"headline":"Nejlep\u0161\u00ed boty pro sez\u00f3nu jaro\/l\u00e9to 2025","datePublished":"2025-02-17T17:38:00+00:00","dateModified":"2025-03-01T19:40:19+00:00","mainEntityOfPage":{"@id":"https:\/\/blog.ccc.eu\/cz\/nejlepsi-boty-pro-sezonu-jaro-leto-2025\/"},"wordCount":1351,"commentCount":0,"publisher":{"@id":"https:\/\/blog.ccc.eu\/cz\/#organization"},"image":{"@id":"https:\/\/blog.ccc.eu\/cz\/nejlepsi-boty-pro-sezonu-jaro-leto-2025\/#primaryimage"},"thumbnailUrl":"https:\/\/blog.ccc.eu\/cz\/wp-content\/uploads\/2025\/02\/GRAFIKI_NA_BLOGA_NOWE_1240_x_640_trendy_2024_2025.jpg","keywords":["baler\u00ednky","Lodi\u010dky","pantofle","Tenisky"],"articleSection":["JARO","L\u00c9TO","TRENDY"],"inLanguage":"cs","potentialAction":[{"@type":"CommentAction","name":"Comment","target":["https:\/\/blog.ccc.eu\/cz\/nejlepsi-boty-pro-sezonu-jaro-leto-2025\/#respond"]}]},{"@type":"WebPage","@id":"https:\/\/blog.ccc.eu\/cz\/nejlepsi-boty-pro-sezonu-jaro-leto-2025\/","url":"https:\/\/blog.ccc.eu\/cz\/nejlepsi-boty-pro-sezonu-jaro-leto-2025\/","name":"Nejlep\u0161\u00ed boty pro sez\u00f3nu jaro\/l\u00e9to 2025 - blog.ccc.eu\/cz","isPartOf":{"@id":"https:\/\/blog.ccc.eu\/cz\/#website"},"primaryImageOfPage":{"@id":"https:\/\/blog.ccc.eu\/cz\/nejlepsi-boty-pro-sezonu-jaro-leto-2025\/#primaryimage"},"image":{"@id":"https:\/\/blog.ccc.eu\/cz\/nejlepsi-boty-pro-sezonu-jaro-leto-2025\/#primaryimage"},"thumbnailUrl":"https:\/\/blog.ccc.eu\/cz\/wp-content\/uploads\/2025\/02\/GRAFIKI_NA_BLOGA_NOWE_1240_x_640_trendy_2024_2025.jpg","datePublished":"2025-02-17T17:38:00+00:00","dateModified":"2025-03-01T19:40:19+00:00","description":"Obchody se ji\u017e z\u00e1sobuj\u00ed zbo\u017e\u00edm na teplej\u0161\u00ed dny a v CCC tomu nen\u00ed jinak. Jak\u00e9 jsou trendy v obuvi pro nadch\u00e1zej\u00edc\u00ed sez\u00f3nu?","breadcrumb":{"@id":"https:\/\/blog.ccc.eu\/cz\/nejlepsi-boty-pro-sezonu-jaro-leto-2025\/#breadcrumb"},"inLanguage":"cs","potentialAction":[{"@type":"ReadAction","target":["https:\/\/blog.ccc.eu\/cz\/nejlepsi-boty-pro-sezonu-jaro-leto-2025\/"]}]},{"@type":"ImageObject","inLanguage":"cs","@id":"https:\/\/blog.ccc.eu\/cz\/nejlepsi-boty-pro-sezonu-jaro-leto-2025\/#primaryimage","url":"https:\/\/blog.ccc.eu\/cz\/wp-content\/uploads\/2025\/02\/GRAFIKI_NA_BLOGA_NOWE_1240_x_640_trendy_2024_2025.jpg","contentUrl":"https:\/\/blog.ccc.eu\/cz\/wp-content\/uploads\/2025\/02\/GRAFIKI_NA_BLOGA_NOWE_1240_x_640_trendy_2024_2025.jpg","width":1240,"height":640,"caption":"trendy 2025"},{"@type":"BreadcrumbList","@id":"https:\/\/blog.ccc.eu\/cz\/nejlepsi-boty-pro-sezonu-jaro-leto-2025\/#breadcrumb","itemListElement":[{"@type":"ListItem","position":1,"name":"Strona g\u0142\u00f3wna","item":"https:\/\/blog.ccc.eu\/cz\/"},{"@type":"ListItem","position":2,"name":"Nejlep\u0161\u00ed boty pro sez\u00f3nu jaro\/l\u00e9to 2025"}]},{"@type":"WebSite","@id":"https:\/\/blog.ccc.eu\/cz\/#website","url":"https:\/\/blog.ccc.eu\/cz\/","name":"blog.ccc.eu\/cz","description":"Va\u0161e m\u00edsto pln\u00e9 m\u00f3dn\u00edch inspirac\u00ed","publisher":{"@id":"https:\/\/blog.ccc.eu\/cz\/#organization"},"potentialAction":[{"@type":"SearchAction","target":{"@type":"EntryPoint","urlTemplate":"https:\/\/blog.ccc.eu\/cz\/?s={search_term_string}"},"query-input":{"@type":"PropertyValueSpecification","valueRequired":true,"valueName":"search_term_string"}}],"inLanguage":"cs"},{"@type":"Organization","@id":"https:\/\/blog.ccc.eu\/cz\/#organization","name":"CCC S.A.","url":"https:\/\/blog.ccc.eu\/cz\/","logo":{"@type":"ImageObject","inLanguage":"cs","@id":"https:\/\/blog.ccc.eu\/cz\/#\/schema\/logo\/image\/","url":"https:\/\/blog.ccc.eu\/cz\/wp-content\/uploads\/2021\/11\/logo_ccc.png","contentUrl":"https:\/\/blog.ccc.eu\/cz\/wp-content\/uploads\/2021\/11\/logo_ccc.png","width":730,"height":270,"caption":"CCC S.A."},"image":{"@id":"https:\/\/blog.ccc.eu\/cz\/#\/schema\/logo\/image\/"}},{"@type":"Person","@id":"https:\/\/blog.ccc.eu\/cz\/#\/schema\/person\/f21bfa7ed9e08fb4b5b823707bdde059","name":"Kaja","image":{"@type":"ImageObject","inLanguage":"cs","@id":"https:\/\/blog.ccc.eu\/cz\/#\/schema\/person\/image\/","url":"https:\/\/blog.ccc.eu\/cz\/wp-content\/uploads\/2024\/06\/white-1-300x300-1-100x100.jpg","contentUrl":"https:\/\/blog.ccc.eu\/cz\/wp-content\/uploads\/2024\/06\/white-1-300x300-1-100x100.jpg","caption":"Kaja"},"description":"U\u017e od pubert\u00e1ln\u00edch let se v\u011bnuje pr\u00e1ci v m\u00e9di\u00edch a psan\u00ed. Z kon\u00ed\u010dka se stalo \u017eivobyt\u00ed, kter\u00e9 j\u00ed z\u00e1rove\u0148 poskytlo dostatek svobody k tomu, aby mohla pom\u011brn\u011b hodn\u011b cestovat a pozn\u00e1vat sv\u011bt a r\u016fzn\u00e9 kultury. Energii j\u00ed dod\u00e1v\u00e1 \u010dten\u00ed knih, voda a hudba.","url":"https:\/\/blog.ccc.eu\/cz\/author\/perlamakovienka-sk\/"}]}},"_links":{"self":[{"href":"https:\/\/blog.ccc.eu\/cz\/wp-json\/wp\/v2\/posts\/7433","targetHints":{"allow":["GET"]}}],"collection":[{"href":"https:\/\/blog.ccc.eu\/cz\/wp-json\/wp\/v2\/posts"}],"about":[{"href":"https:\/\/blog.ccc.eu\/cz\/wp-json\/wp\/v2\/types\/post"}],"author":[{"embeddable":true,"href":"https:\/\/blog.ccc.eu\/cz\/wp-json\/wp\/v2\/users\/24"}],"replies":[{"embeddable":true,"href":"https:\/\/blog.ccc.eu\/cz\/wp-json\/wp\/v2\/comments?post=7433"}],"version-history":[{"count":2,"href":"https:\/\/blog.ccc.eu\/cz\/wp-json\/wp\/v2\/posts\/7433\/revisions"}],"predecessor-version":[{"id":7445,"href":"https:\/\/blog.ccc.eu\/cz\/wp-json\/wp\/v2\/posts\/7433\/revisions\/7445"}],"wp:featuredmedia":[{"embeddable":true,"href":"https:\/\/blog.ccc.eu\/cz\/wp-json\/wp\/v2\/media\/7434"}],"wp:attachment":[{"href":"https:\/\/blog.ccc.eu\/cz\/wp-json\/wp\/v2\/media?parent=7433"}],"wp:term":[{"taxonomy":"category","embeddable":true,"href":"https:\/\/blog.ccc.eu\/cz\/wp-json\/wp\/v2\/categories?post=7433"},{"taxonomy":"post_tag","embeddable":true,"href":"https:\/\/blog.ccc.eu\/cz\/wp-json\/wp\/v2\/tags?post=7433"}],"curies":[{"name":"wp","href":"https:\/\/api.w.org\/{rel}","templated":true}]}}