{"id":7555,"date":"2025-04-14T10:11:59","date_gmt":"2025-04-14T08:11:59","guid":{"rendered":"https:\/\/blog.ccc.eu\/cz\/?p=7555"},"modified":"2025-04-14T10:11:59","modified_gmt":"2025-04-14T08:11:59","slug":"obuv-luxusni-mestsky-styl","status":"publish","type":"post","link":"https:\/\/blog.ccc.eu\/cz\/obuv-luxusni-mestsky-styl\/","title":{"rendered":"Luxusn\u00ed m\u011bstsk\u00fd styl: komfort, elegance a barvy na ka\u017ed\u00fd den"},"content":{"rendered":"\n<p>Kdo \u0159\u00edk\u00e1, \u017ee<strong> luxus, pohodl\u00ed a styl se nedaj\u00ed skloubit<\/strong>? V dne\u0161n\u00ed dob\u011b si ka\u017ed\u00fd zaslou\u017e\u00ed m\u00edt v\u0161e \u2013 <a href=\"https:\/\/ccc.eu\/cz\/damske\/boty\">obuv<\/a>, kter\u00e1 je nejen pohodln\u00e1, ale i elegantn\u00ed, a <a href=\"https:\/\/ccc.eu\/cz\/kabelky\/damske-kabelky\">kabelky<\/a>, kter\u00e9 v\u00e1s budou doprov\u00e1zet na ka\u017ed\u00e9m kroku. A\u0165 u\u017e se vyd\u00e1te na proch\u00e1zku m\u011bstsk\u00fdmi ulicemi, zam\u00ed\u0159\u00edte na ve\u010dern\u00ed v\u00fdlet, nebo objevujete skryt\u00e9 klenoty sv\u00e9 \u010dtvrti, v\u00e1\u0161 outfit by m\u011bl odr\u00e1\u017eet nejen v\u00e1\u0161 styl, ale i komfort. Doba, kdy jsme si museli vyb\u00edrat mezi m\u00f3dou a pohodl\u00edm, je pry\u010d. Te\u010f je \u010das vybrat si obuv a kabelky, kter\u00e9 v\u00e1s nenechaj\u00ed ve \u0161tychu, a nav\u00edc v\u00e1m dodaj\u00ed \u0161mrnc, a\u0165 u\u017e v\u00e1s \u010dek\u00e1 jak\u00e1koliv p\u0159\u00edle\u017eitost. Nenechte se omezovat \u2013 zkombinujte luxus, prakti\u010dnost a kr\u00e1su ka\u017ed\u00fd den a <strong>vytvo\u0159te si sv\u016fj vlastn\u00ed m\u011bstsk\u00fd look<\/strong>!<\/p>\n\n\n\n<div class=\"wp-block-columns is-layout-flex wp-container-core-columns-is-layout-9d6595d7 wp-block-columns-is-layout-flex\">\n<div class=\"wp-block-column is-layout-flow wp-block-column-is-layout-flow\">\n<figure class=\"wp-block-image size-large\"><img loading=\"lazy\" decoding=\"async\" width=\"683\" height=\"1024\" src=\"https:\/\/blog.ccc.eu\/cz\/wp-content\/uploads\/2025\/04\/CCC_5903419834059_02M_0211-683x1024.jpg\" alt=\"jarn\u00ed obuv pro de\u0161tiv\u00e9 dny\" class=\"wp-image-7561\" srcset=\"https:\/\/blog.ccc.eu\/cz\/wp-content\/uploads\/2025\/04\/CCC_5903419834059_02M_0211-683x1024.jpg 683w, https:\/\/blog.ccc.eu\/cz\/wp-content\/uploads\/2025\/04\/CCC_5903419834059_02M_0211-200x300.jpg 200w, https:\/\/blog.ccc.eu\/cz\/wp-content\/uploads\/2025\/04\/CCC_5903419834059_02M_0211-768x1152.jpg 768w, https:\/\/blog.ccc.eu\/cz\/wp-content\/uploads\/2025\/04\/CCC_5903419834059_02M_0211-1024x1536.jpg 1024w, https:\/\/blog.ccc.eu\/cz\/wp-content\/uploads\/2025\/04\/CCC_5903419834059_02M_0211-1365x2048.jpg 1365w, https:\/\/blog.ccc.eu\/cz\/wp-content\/uploads\/2025\/04\/CCC_5903419834059_02M_0211-100x150.jpg 100w, https:\/\/blog.ccc.eu\/cz\/wp-content\/uploads\/2025\/04\/CCC_5903419834059_02M_0211-scaled.jpg 1707w\" sizes=\"auto, (max-width: 683px) 100vw, 683px\" \/><\/figure>\n<\/div>\n\n\n\n<div class=\"wp-block-column is-layout-flow wp-block-column-is-layout-flow\">\n<figure class=\"wp-block-image size-large\"><img loading=\"lazy\" decoding=\"async\" width=\"683\" height=\"1024\" src=\"https:\/\/blog.ccc.eu\/cz\/wp-content\/uploads\/2025\/04\/CCC_5903419783746_02M_0294-683x1024.jpg\" alt=\"modern\u00ed a elegantn\u00ed crossbody kabelka v m\u011bstsk\u00e9m stylu\" class=\"wp-image-7562\" srcset=\"https:\/\/blog.ccc.eu\/cz\/wp-content\/uploads\/2025\/04\/CCC_5903419783746_02M_0294-683x1024.jpg 683w, https:\/\/blog.ccc.eu\/cz\/wp-content\/uploads\/2025\/04\/CCC_5903419783746_02M_0294-200x300.jpg 200w, https:\/\/blog.ccc.eu\/cz\/wp-content\/uploads\/2025\/04\/CCC_5903419783746_02M_0294-768x1152.jpg 768w, https:\/\/blog.ccc.eu\/cz\/wp-content\/uploads\/2025\/04\/CCC_5903419783746_02M_0294-1024x1536.jpg 1024w, https:\/\/blog.ccc.eu\/cz\/wp-content\/uploads\/2025\/04\/CCC_5903419783746_02M_0294-1365x2048.jpg 1365w, https:\/\/blog.ccc.eu\/cz\/wp-content\/uploads\/2025\/04\/CCC_5903419783746_02M_0294-100x150.jpg 100w, https:\/\/blog.ccc.eu\/cz\/wp-content\/uploads\/2025\/04\/CCC_5903419783746_02M_0294-scaled.jpg 1707w\" sizes=\"auto, (max-width: 683px) 100vw, 683px\" \/><\/figure>\n<\/div>\n<\/div>\n\n\n\n<h3 class=\"wp-block-heading\"><strong>Luxusn\u00ed obuv, kter\u00e1 v\u00e1s doprovod\u00ed na ka\u017ed\u00e9m kroku<\/strong><\/h3>\n\n\n\n<p>Pohodl\u00ed je z\u00e1kladem ka\u017edodenn\u00edho stylu, a to nejen p\u0159i proch\u00e1zk\u00e1ch po m\u011bst\u011b. A co je lep\u0161\u00ed ne\u017e krok v kvalitn\u00ed, stylov\u00e9 obuvi, kter\u00e1 <strong>kombinuje komfort s luxusn\u00edm vzhledem<\/strong>? Boty, kter\u00e9 v\u00e1m nejen\u017ee skv\u011ble padnou, ale i perfektn\u011b dopln\u00ed v\u00e1\u0161 ka\u017edodenn\u00ed outfit, a\u0165 u\u017e m\u00e1te v pl\u00e1nu rann\u00ed k\u00e1vu na rohu nebo ve\u010dern\u00ed proch\u00e1zku s p\u0159\u00e1teli. Pro tuto sez\u00f3nu je kladen d\u016fraz na <strong>m\u011bstskou eleganci<\/strong>, kter\u00e1 je nejen v trendu, ale je tak\u00e9 pohodln\u00e1. <a href=\"https:\/\/ccc.eu\/cz\/znacky\/beverly-hills-polo-club?limit=100&amp;page=3\">Boty s nad\u010dasov\u00fdmi liniemi<\/a>, kvalitn\u00edmi materi\u00e1ly a detailn\u00edmi prvky, kter\u00e9 zaru\u010duj\u00ed pohodl\u00ed i b\u011bhem dlouh\u00fdch proch\u00e1zek, by nem\u011bly chyb\u011bt v \u017e\u00e1dn\u00e9m jarn\u00edm \u0161atn\u00edku. Komfortn\u00ed podr\u00e1\u017eky, m\u011bkk\u00e9 vnit\u0159n\u00ed st\u00e9lky a flexibiln\u00ed materi\u00e1ly v\u00e1m zajist\u00ed, \u017ee ka\u017ed\u00fd krok bude lehk\u00fd.<\/p>\n\n\n\n<p><\/p>\n\n\n<shortcode prop-load-num=\"8\" prop-display-num=\"4\" prop-sku=\"5904862908229, 5905588908005, 5905588907992, 5905588827030, 5905588827054, 5905588811565, 5905588677093, 5905588541943\" prop-view=\"slider\"><\/shortcode>        <div\r\n            class=\"eob-pf-shortcode\"\r\n            id=\"eobpf69f30e963a06f\"\r\n        >\r\n            <shortcode prop-load-num=\"8\" prop-display-num=\"4\" prop-sku=\"5904862908229, 5905588908005, 5905588907992, 5905588827030, 5905588827054, 5905588811565, 5905588677093, 5905588541943\" prop-view=\"slider\"><\/shortcode>        <\/div>\r\n\t\t<script>\r\n\t\t\tjQuery(document).ready(() => {\r\n\t\t\t    const root = document.getElementById('eobpf69f30e963a06f');\r\n                Vue.createApp({\r\n\t                components: {\r\n\t                    shortcode\r\n\t                }\r\n                }).mount(root);\r\n\t\t\t});\r\n\t\t<\/script>\r\n\t\t\r\n\t\t\n\n\n\n<p><\/p>\n\n\n\n<div class=\"wp-block-buttons is-content-justification-center is-layout-flex wp-container-core-buttons-is-layout-16018d1d wp-block-buttons-is-layout-flex\">\n<div class=\"wp-block-button has-custom-font-size is-style-outline is-style-outline--1\" style=\"font-size:15px\"><a class=\"wp-block-button__link wp-element-button\" href=\"https:\/\/ccc.eu\/cz\/znacky\/beverly-hills-polo-club?limit=100&amp;page=3\" style=\"border-radius:0px\">Zobrazit v\u00edce produkt\u016f<\/a><\/div>\n<\/div>\n\n\n\n<p><\/p>\n\n\n\n<h3 class=\"wp-block-heading\"><strong>Jarn\u00ed barvy obuvi i na de\u0161tiv\u00e9 dny<\/strong><\/h3>\n\n\n\n<p>I kdy\u017e jaro p\u0159in\u00e1\u0161\u00ed p\u0159\u00edjemn\u00e9 po\u010das\u00ed, ob\u010das se mus\u00edme vyrovnat i s p\u0159eh\u00e1\u0148kami. De\u0161tiv\u00e9 dny ale nemus\u00ed b\u00fdt d\u016fvodem, pro\u010d byste se m\u011bli vzd\u00e1t sv\u00e9ho stylu. Pr\u00e1v\u011b naopak! Zvolte obuv, kter\u00e1 je <strong><a href=\"https:\/\/ccc.eu\/cz\/znacky\/hunter\">vod\u011bodoln\u00e1<\/a><\/strong>, ale p\u0159itom nepostr\u00e1d\u00e1 eleganci. Stylov\u00e9 designy, kter\u00e9 nejen \u017ee v\u00e1s ochr\u00e1n\u00ed p\u0159ed de\u0161t\u011bm, ale tak\u00e9 dodaj\u00ed va\u0161emu outfitu \u0161mrnc. Jaro je ide\u00e1ln\u00ed pro<strong> experimentov\u00e1n\u00ed s barvami<\/strong>. P\u0159idejte do sv\u00e9ho \u0161atn\u00edku kousky v \u017eiv\u00fdch, pastelov\u00fdch nebo dokonce metalick\u00fdch t\u00f3nech, kter\u00e9 rozjasn\u00ed i ten nejde\u0161tiv\u011bj\u0161\u00ed den. R\u016f\u017eov\u00e9, modr\u00e9, \u010di zelen\u00e9 detaily dodaj\u00ed va\u0161im krok\u016fm radost, a\u0165 u\u017e se pohybujete po m\u011bstsk\u00fdch ulic\u00edch nebo proch\u00e1z\u00edte parkem.<\/p>\n\n\n\n<p><\/p>\n\n\n<shortcode prop-load-num=\"8\" prop-display-num=\"4\" prop-sku=\"5905588654667, 5905588649069, 5905588654681, 5905588729181, 5905588959540, 5905588648314, 5905588649106, 5905588986607\" prop-view=\"slider\"><\/shortcode>        <div\r\n            class=\"eob-pf-shortcode\"\r\n            id=\"eobpf69f30e963a18b\"\r\n        >\r\n            <shortcode prop-load-num=\"8\" prop-display-num=\"4\" prop-sku=\"5905588654667, 5905588649069, 5905588654681, 5905588729181, 5905588959540, 5905588648314, 5905588649106, 5905588986607\" prop-view=\"slider\"><\/shortcode>        <\/div>\r\n\t\t<script>\r\n\t\t\tjQuery(document).ready(() => {\r\n\t\t\t    const root = document.getElementById('eobpf69f30e963a18b');\r\n                Vue.createApp({\r\n\t                components: {\r\n\t                    shortcode\r\n\t                }\r\n                }).mount(root);\r\n\t\t\t});\r\n\t\t<\/script>\r\n\t\t\r\n\t\t\n\n\n\n<p><\/p>\n\n\n\n<div class=\"wp-block-buttons is-content-justification-center is-layout-flex wp-container-core-buttons-is-layout-16018d1d wp-block-buttons-is-layout-flex\">\n<div class=\"wp-block-button has-custom-font-size is-style-outline is-style-outline--2\" style=\"font-size:15px\"><a class=\"wp-block-button__link wp-element-button\" href=\"https:\/\/ccc.eu\/cz\/znacky\/hunter\" style=\"border-radius:0px\">Objevit v\u00edce produkt\u016f<\/a><\/div>\n<\/div>\n\n\n\n<p><\/p>\n\n\n\n<h3 class=\"wp-block-heading\"><strong>Komfort a styl pro milovn\u00edky m\u011bstsk\u00e9ho looku<\/strong><\/h3>\n\n\n\n<p>Pro v\u0161echny, kte\u0159\u00ed miluj\u00ed <strong>m\u011bstsk\u00fd styl<\/strong>, je jaro ide\u00e1ln\u00edm obdob\u00edm pro jeho o\u017eiven\u00ed. D\u016fraz je kladen na pohodl\u00ed a funk\u010dnost, ale nikdy nezapom\u00edn\u00e1me na eleganci. Vyb\u00edrejte boty, kter\u00e9 nejen \u017ee skv\u011ble vypadaj\u00ed, ale tak\u00e9 se snadno kombinuj\u00ed s va\u0161imi obl\u00edben\u00fdmi d\u017e\u00ednami, sukn\u011bmi nebo \u0161aty. M\u011bstsk\u00fd styl pro tuto sez\u00f3nu je o kombinaci jednoduchosti a rafinovanosti. <strong><a href=\"https:\/\/ccc.eu\/cz\/znacky\/g-star-raw\">Le\u017e\u00e9rn\u00ed, ale elegantn\u00ed obuv<\/a><\/strong>, kter\u00e1 se hod\u00ed do kancel\u00e1\u0159e, na k\u00e1vu s p\u0159\u00e1teli nebo na ve\u010dern\u00ed proch\u00e1zku m\u011bstem.<\/p>\n\n\n\n<p><\/p>\n\n\n<shortcode prop-load-num=\"8\" prop-display-num=\"4\" prop-sku=\"5906751053270, 5906751060100, 5906751046777, 5906751060094, 5904862333052, 5906751053416, 5906751053263, 5906751053409\" prop-view=\"slider\"><\/shortcode>        <div\r\n            class=\"eob-pf-shortcode\"\r\n            id=\"eobpf69f30e963a1c6\"\r\n        >\r\n            <shortcode prop-load-num=\"8\" prop-display-num=\"4\" prop-sku=\"5906751053270, 5906751060100, 5906751046777, 5906751060094, 5904862333052, 5906751053416, 5906751053263, 5906751053409\" prop-view=\"slider\"><\/shortcode>        <\/div>\r\n\t\t<script>\r\n\t\t\tjQuery(document).ready(() => {\r\n\t\t\t    const root = document.getElementById('eobpf69f30e963a1c6');\r\n                Vue.createApp({\r\n\t                components: {\r\n\t                    shortcode\r\n\t                }\r\n                }).mount(root);\r\n\t\t\t});\r\n\t\t<\/script>\r\n\t\t\r\n\t\t\n\n\n\n<p><\/p>\n\n\n\n<div class=\"wp-block-buttons is-content-justification-center is-layout-flex wp-container-core-buttons-is-layout-16018d1d wp-block-buttons-is-layout-flex\">\n<div class=\"wp-block-button has-custom-font-size is-style-outline is-style-outline--3\" style=\"font-size:15px\"><a class=\"wp-block-button__link wp-element-button\" href=\"https:\/\/ccc.eu\/cz\/znacky\/g-star-raw\" style=\"border-radius:0px\">Zobrazit v\u00edce produkt\u016f<\/a><\/div>\n<\/div>\n\n\n\n<p><\/p>\n\n\n\n<h3 class=\"wp-block-heading\"><strong>Kabelky, kter\u00e9 o\u017eiv\u00ed ka\u017ed\u00fd look<\/strong><\/h3>\n\n\n\n<p><a href=\"https:\/\/ccc.eu\/cz\/kabelky\/damske-kabelky\">Kabelka<\/a> je v\u00edce ne\u017e jen praktick\u00fd dopln\u011bk \u2013 je to <strong>prohl\u00e1\u0161en\u00ed o va\u0161em stylu<\/strong>. Pokud chcete sv\u016fj outfit pozvednout na novou \u00farove\u0148, spr\u00e1vn\u00e1 kabelka je kl\u00ed\u010dem. Tento jarn\u00ed sezonu jsou v kurzu kabelky v \u017eiv\u00fdch barv\u00e1ch, kter\u00e9 dok\u00e1\u017eou rozjasnit i ten nejjednodu\u0161\u0161\u00ed look. Nez\u00e1le\u017e\u00ed na tom, jestli hled\u00e1te prostornou ta\u0161ku pro ka\u017edodenn\u00ed no\u0161en\u00ed nebo elegantn\u00ed model pro ve\u010dern\u00ed v\u00fdlet \u2013 s na\u0161\u00ed kolekc\u00ed kabelek najdete ide\u00e1ln\u00ed kousek pro ka\u017edou p\u0159\u00edle\u017eitost. S d\u016frazem na kvalitn\u00ed materi\u00e1ly a modern\u00ed designy, na\u0161e kabelky nab\u00edzej\u00ed nejen styl, ale i praktick\u00e9 vyu\u017eit\u00ed. Klasick\u00e9 tvary, minimalistick\u00e9 detaily a univerz\u00e1ln\u00ed barvy v\u00e1m umo\u017en\u00ed snadno je kombinovat s r\u016fzn\u00fdmi outfity. <\/p>\n\n\n\n<p><\/p>\n\n\n<shortcode prop-load-num=\"8\" prop-display-num=\"4\" prop-sku=\"5903419784460, 5903698186405, 5903419784163, 5903698190884, 5904862329529, 5903419783746, 5903419548819, 5903419548895\" prop-view=\"slider\"><\/shortcode>        <div\r\n            class=\"eob-pf-shortcode\"\r\n            id=\"eobpf69f30e963a1f0\"\r\n        >\r\n            <shortcode prop-load-num=\"8\" prop-display-num=\"4\" prop-sku=\"5903419784460, 5903698186405, 5903419784163, 5903698190884, 5904862329529, 5903419783746, 5903419548819, 5903419548895\" prop-view=\"slider\"><\/shortcode>        <\/div>\r\n\t\t<script>\r\n\t\t\tjQuery(document).ready(() => {\r\n\t\t\t    const root = document.getElementById('eobpf69f30e963a1f0');\r\n                Vue.createApp({\r\n\t                components: {\r\n\t                    shortcode\r\n\t                }\r\n                }).mount(root);\r\n\t\t\t});\r\n\t\t<\/script>\r\n\t\t\r\n\t\t\n\n\n\n<p><\/p>\n\n\n\n<div class=\"wp-block-buttons is-content-justification-center is-layout-flex wp-container-core-buttons-is-layout-16018d1d wp-block-buttons-is-layout-flex\">\n<div class=\"wp-block-button has-custom-font-size is-style-outline is-style-outline--4\" style=\"font-size:15px\"><a class=\"wp-block-button__link wp-element-button\" href=\"https:\/\/ccc.eu\/cz\/kabelky\/damske-kabelky\/velke-kabelky?limit=100\" style=\"border-radius:0px\">Zobrazit nab\u00eddku kabelek<\/a><\/div>\n<\/div>\n\n\n\n<p><\/p>\n\n\n\n<h3 class=\"wp-block-heading\"><strong>Stylov\u00e1 a komfortn\u00ed obuv pro mu\u017ee<\/strong><\/h3>\n\n\n\n<p>Jaro je tak\u00e9 ide\u00e1ln\u00ed p\u0159\u00edle\u017eitost pro mu\u017ee, kte\u0159\u00ed cht\u011bj\u00ed o\u017eivit sv\u016fj \u0161atn\u00edk pohodln\u00fdmi, ale stylov\u00fdmi kousky. M\u011bstsk\u00fd styl pro mu\u017ee <strong>nen\u00ed jen o funk\u010dnosti, ale tak\u00e9 o sofistikovanosti<\/strong>. Proch\u00e1zejte m\u011bstsk\u00fdmi ulicemi v kvalitn\u00ed obuvi, kter\u00e1 je nejen stylov\u00e1, ale tak\u00e9 pohodln\u00e1. <a href=\"https:\/\/ccc.eu\/cz\/znacky\/g-star-raw\/pohlavi:panske\">Modern\u00ed p\u00e1nsk\u00e9 boty<\/a> kombinuj\u00ed praktick\u00e9 vlastnosti s designem, kter\u00fd se hod\u00ed na ka\u017edodenn\u00ed no\u0161en\u00ed i pro speci\u00e1ln\u00ed p\u0159\u00edle\u017eitosti.<\/p>\n\n\n\n<p><\/p>\n\n\n<shortcode prop-load-num=\"8\" prop-display-num=\"4\" prop-sku=\"5904862884004, 5906751165010, 5904862978567, 5906751009994, 5904862883984, 5906751002926, 5903698582573, 5903698187105\" prop-view=\"slider\"><\/shortcode>        <div\r\n            class=\"eob-pf-shortcode\"\r\n            id=\"eobpf69f30e963a216\"\r\n        >\r\n            <shortcode prop-load-num=\"8\" prop-display-num=\"4\" prop-sku=\"5904862884004, 5906751165010, 5904862978567, 5906751009994, 5904862883984, 5906751002926, 5903698582573, 5903698187105\" prop-view=\"slider\"><\/shortcode>        <\/div>\r\n\t\t<script>\r\n\t\t\tjQuery(document).ready(() => {\r\n\t\t\t    const root = document.getElementById('eobpf69f30e963a216');\r\n                Vue.createApp({\r\n\t                components: {\r\n\t                    shortcode\r\n\t                }\r\n                }).mount(root);\r\n\t\t\t});\r\n\t\t<\/script>\r\n\t\t\r\n\t\t\n\n\n\n<p><\/p>\n\n\n\n<div class=\"wp-block-buttons is-content-justification-center is-layout-flex wp-container-core-buttons-is-layout-16018d1d wp-block-buttons-is-layout-flex\">\n<div class=\"wp-block-button has-custom-font-size is-style-outline is-style-outline--5\" style=\"font-size:15px\"><a class=\"wp-block-button__link wp-element-button\" href=\"https:\/\/ccc.eu\/cz\/znacky\/g-star-raw\/pohlavi:panske\" style=\"border-radius:0px\">V\u00edce p\u00e1nsk\u00e9 obuvi<\/a><\/div>\n<\/div>\n\n\n\n<p><\/p>\n\n\n\n<p>Luxus, pohodl\u00ed a styl mohou j\u00edt ruku v ruce \u2013 a to je p\u0159esn\u011b to, co najdete v na\u0161\u00ed nab\u00eddce <a href=\"https:\/\/ccc.eu\/cz\/damske\/boty\">obuvi<\/a> a <a href=\"https:\/\/ccc.eu\/cz\/kabelky\/damske-kabelky\/male-kabelky\">kabelek<\/a>. Jaro je ide\u00e1ln\u00ed p\u0159\u00edle\u017eitost\u00ed pro osv\u011b\u017een\u00ed \u0161atn\u00edku, a\u0165 u\u017e hled\u00e1te n\u011bco elegantn\u00edho na ve\u010dern\u00ed v\u00fdlet nebo pohodln\u00e9ho na proch\u00e1zky m\u011bstem. S kvalitn\u00edmi materi\u00e1ly, nad\u010dasov\u00fdmi designy a praktick\u00fdmi detaily si m\u016f\u017eete b\u00fdt jist\u00ed, \u017ee ka\u017ed\u00fd krok bude pohodln\u00fd, a z\u00e1rove\u0148 budete vypadat naprosto skv\u011ble. Objevte kousky, kter\u00e9 v\u00e1m pomohou nejen dr\u017eet krok s m\u011bstsk\u00fdm \u017eivotem, ale tak\u00e9 si u\u017e\u00edt ka\u017ed\u00fd moment na cest\u00e1ch \u2013 a\u0165 u\u017e ve slune\u010dn\u00fdch dnech, nebo b\u011bhem de\u0161tiv\u00fdch p\u0159eh\u00e1n\u011bk.<\/p>\n\n\n\n<p><strong>Nenechte si uj\u00edt na\u0161i kolekci a objevte sv\u016fj nov\u00fd obl\u00edben\u00fd kousek je\u0161t\u011b dnes!<\/strong><\/p>\n\n\n\n<p><\/p>\n\n\n\n<div class=\"wp-block-buttons is-content-justification-center is-layout-flex wp-container-core-buttons-is-layout-16018d1d wp-block-buttons-is-layout-flex\">\n<div class=\"wp-block-button has-custom-font-size is-style-fill\" style=\"font-size:15px\"><a class=\"wp-block-button__link wp-element-button\" href=\"https:\/\/ccc.eu\/cz\/\" style=\"border-radius:0px\">Proskoumat celou nab\u00eddku obuvi a kabelek v CCC<\/a><\/div>\n<\/div>\n","protected":false},"excerpt":{"rendered":"<p>Kdo \u0159\u00edk\u00e1, \u017ee luxus, pohodl\u00ed a styl se nedaj\u00ed skloubit? V dne\u0161n\u00ed dob\u011b si ka\u017ed\u00fd zaslou\u017e\u00ed m\u00edt v\u0161e \u2013 obuv, kter\u00e1 je nejen pohodln\u00e1, ale i elegantn\u00ed, a kabelky, kter\u00e9 v\u00e1s budou doprov\u00e1zet na ka\u017ed\u00e9m kroku. A\u0165 u\u017e se vyd\u00e1te na proch\u00e1zku m\u011bstsk\u00fdmi ulicemi, zam\u00ed\u0159\u00edte na ve\u010dern\u00ed v\u00fdlet, nebo objevujete skryt\u00e9 klenoty sv\u00e9 \u010dtvrti, v\u00e1\u0161 [&hellip;]<\/p>\n","protected":false},"author":25,"featured_media":7564,"comment_status":"open","ping_status":"open","sticky":false,"template":"","format":"standard","meta":{"_acf_changed":false,"footnotes":""},"categories":[1011,4,6],"tags":[566,818,9],"class_list":["post-7555","post","type-post","status-publish","format-standard","has-post-thumbnail","hentry","category-jaro","category-modni-tipy","category-trendy","tag-boty","tag-jaro","tag-trendy"],"acf":[],"yoast_head":"<!-- This site is optimized with the Yoast SEO plugin v26.9 - https:\/\/yoast.com\/product\/yoast-seo-wordpress\/ -->\n<title>Luxusn\u00ed m\u011bstsk\u00fd styl: komfort, elegance a barvy na ka\u017ed\u00fd den - blog.ccc.eu\/cz<\/title>\n<meta name=\"description\" content=\"Objevte luxusn\u00ed obuv a kabelky, kter\u00e9 kombinuj\u00ed komfort, eleganci a jarn\u00ed barvy. Ide\u00e1ln\u00ed m\u011bstsk\u00fd look pro ka\u017ed\u00fd den, bez ohledu na po\u010das\u00ed! 2026\" \/>\n<meta name=\"robots\" content=\"index, follow, max-snippet:-1, max-image-preview:large, max-video-preview:-1\" \/>\n<link rel=\"canonical\" href=\"https:\/\/blog.ccc.eu\/cz\/obuv-luxusni-mestsky-styl\/\" \/>\n<meta property=\"og:locale\" content=\"cs_CZ\" \/>\n<meta property=\"og:type\" content=\"article\" \/>\n<meta property=\"og:title\" content=\"Luxusn\u00ed m\u011bstsk\u00fd styl: komfort, elegance a barvy na ka\u017ed\u00fd den - blog.ccc.eu\/cz\" \/>\n<meta property=\"og:description\" content=\"Objevte luxusn\u00ed obuv a kabelky, kter\u00e9 kombinuj\u00ed komfort, eleganci a jarn\u00ed barvy. Ide\u00e1ln\u00ed m\u011bstsk\u00fd look pro ka\u017ed\u00fd den, bez ohledu na po\u010das\u00ed!\" \/>\n<meta property=\"og:url\" content=\"https:\/\/blog.ccc.eu\/cz\/obuv-luxusni-mestsky-styl\/\" \/>\n<meta property=\"og:site_name\" content=\"blog.ccc.eu\/cz\" \/>\n<meta property=\"article:published_time\" content=\"2025-04-14T08:11:59+00:00\" \/>\n<meta property=\"og:image\" content=\"https:\/\/blog.ccc.eu\/cz\/wp-content\/uploads\/2025\/04\/BLOG-2.png\" \/>\n\t<meta property=\"og:image:width\" content=\"1240\" \/>\n\t<meta property=\"og:image:height\" content=\"640\" \/>\n\t<meta property=\"og:image:type\" content=\"image\/png\" \/>\n<meta name=\"author\" content=\"Petra Susilova\" \/>\n<meta name=\"twitter:card\" content=\"summary_large_image\" \/>\n<meta name=\"twitter:label1\" content=\"Napsal(a)\" \/>\n\t<meta name=\"twitter:data1\" content=\"Petra Susilova\" \/>\n\t<meta name=\"twitter:label2\" content=\"Odhadovan\u00e1 doba \u010dten\u00ed\" \/>\n\t<meta name=\"twitter:data2\" content=\"5 minut\" \/>\n<script type=\"application\/ld+json\" class=\"yoast-schema-graph\">{\"@context\":\"https:\/\/schema.org\",\"@graph\":[{\"@type\":\"Article\",\"@id\":\"https:\/\/blog.ccc.eu\/cz\/obuv-luxusni-mestsky-styl\/#article\",\"isPartOf\":{\"@id\":\"https:\/\/blog.ccc.eu\/cz\/obuv-luxusni-mestsky-styl\/\"},\"author\":{\"name\":\"Petra Susilova\",\"@id\":\"https:\/\/blog.ccc.eu\/cz\/#\/schema\/person\/74ddaf45957c4c3e85587a666ba20782\"},\"headline\":\"Luxusn\u00ed m\u011bstsk\u00fd styl: komfort, elegance a barvy na ka\u017ed\u00fd den\",\"datePublished\":\"2025-04-14T08:11:59+00:00\",\"mainEntityOfPage\":{\"@id\":\"https:\/\/blog.ccc.eu\/cz\/obuv-luxusni-mestsky-styl\/\"},\"wordCount\":1029,\"commentCount\":0,\"publisher\":{\"@id\":\"https:\/\/blog.ccc.eu\/cz\/#organization\"},\"image\":{\"@id\":\"https:\/\/blog.ccc.eu\/cz\/obuv-luxusni-mestsky-styl\/#primaryimage\"},\"thumbnailUrl\":\"https:\/\/blog.ccc.eu\/cz\/wp-content\/uploads\/2025\/04\/BLOG-2.png\",\"keywords\":[\"Boty\",\"jaro\",\"trendy\"],\"articleSection\":[\"JARO\",\"M\u00d3DN\u00cd TIPY\",\"TRENDY\"],\"inLanguage\":\"cs\",\"potentialAction\":[{\"@type\":\"CommentAction\",\"name\":\"Comment\",\"target\":[\"https:\/\/blog.ccc.eu\/cz\/obuv-luxusni-mestsky-styl\/#respond\"]}]},{\"@type\":\"WebPage\",\"@id\":\"https:\/\/blog.ccc.eu\/cz\/obuv-luxusni-mestsky-styl\/\",\"url\":\"https:\/\/blog.ccc.eu\/cz\/obuv-luxusni-mestsky-styl\/\",\"name\":\"Luxusn\u00ed m\u011bstsk\u00fd styl: komfort, elegance a barvy na ka\u017ed\u00fd den - blog.ccc.eu\/cz\",\"isPartOf\":{\"@id\":\"https:\/\/blog.ccc.eu\/cz\/#website\"},\"primaryImageOfPage\":{\"@id\":\"https:\/\/blog.ccc.eu\/cz\/obuv-luxusni-mestsky-styl\/#primaryimage\"},\"image\":{\"@id\":\"https:\/\/blog.ccc.eu\/cz\/obuv-luxusni-mestsky-styl\/#primaryimage\"},\"thumbnailUrl\":\"https:\/\/blog.ccc.eu\/cz\/wp-content\/uploads\/2025\/04\/BLOG-2.png\",\"datePublished\":\"2025-04-14T08:11:59+00:00\",\"description\":\"Objevte luxusn\u00ed obuv a kabelky, kter\u00e9 kombinuj\u00ed komfort, eleganci a jarn\u00ed barvy. Ide\u00e1ln\u00ed m\u011bstsk\u00fd look pro ka\u017ed\u00fd den, bez ohledu na po\u010das\u00ed!\",\"breadcrumb\":{\"@id\":\"https:\/\/blog.ccc.eu\/cz\/obuv-luxusni-mestsky-styl\/#breadcrumb\"},\"inLanguage\":\"cs\",\"potentialAction\":[{\"@type\":\"ReadAction\",\"target\":[\"https:\/\/blog.ccc.eu\/cz\/obuv-luxusni-mestsky-styl\/\"]}]},{\"@type\":\"ImageObject\",\"inLanguage\":\"cs\",\"@id\":\"https:\/\/blog.ccc.eu\/cz\/obuv-luxusni-mestsky-styl\/#primaryimage\",\"url\":\"https:\/\/blog.ccc.eu\/cz\/wp-content\/uploads\/2025\/04\/BLOG-2.png\",\"contentUrl\":\"https:\/\/blog.ccc.eu\/cz\/wp-content\/uploads\/2025\/04\/BLOG-2.png\",\"width\":1240,\"height\":640,\"caption\":\"r\u016f\u017eov\u00e9 hol\u00ednky\"},{\"@type\":\"BreadcrumbList\",\"@id\":\"https:\/\/blog.ccc.eu\/cz\/obuv-luxusni-mestsky-styl\/#breadcrumb\",\"itemListElement\":[{\"@type\":\"ListItem\",\"position\":1,\"name\":\"Strona g\u0142\u00f3wna\",\"item\":\"https:\/\/blog.ccc.eu\/cz\/\"},{\"@type\":\"ListItem\",\"position\":2,\"name\":\"Luxusn\u00ed m\u011bstsk\u00fd styl: komfort, elegance a barvy na ka\u017ed\u00fd den\"}]},{\"@type\":\"WebSite\",\"@id\":\"https:\/\/blog.ccc.eu\/cz\/#website\",\"url\":\"https:\/\/blog.ccc.eu\/cz\/\",\"name\":\"blog.ccc.eu\/cz\",\"description\":\"Va\u0161e m\u00edsto pln\u00e9 m\u00f3dn\u00edch inspirac\u00ed\",\"publisher\":{\"@id\":\"https:\/\/blog.ccc.eu\/cz\/#organization\"},\"potentialAction\":[{\"@type\":\"SearchAction\",\"target\":{\"@type\":\"EntryPoint\",\"urlTemplate\":\"https:\/\/blog.ccc.eu\/cz\/?s={search_term_string}\"},\"query-input\":{\"@type\":\"PropertyValueSpecification\",\"valueRequired\":true,\"valueName\":\"search_term_string\"}}],\"inLanguage\":\"cs\"},{\"@type\":\"Organization\",\"@id\":\"https:\/\/blog.ccc.eu\/cz\/#organization\",\"name\":\"CCC S.A.\",\"url\":\"https:\/\/blog.ccc.eu\/cz\/\",\"logo\":{\"@type\":\"ImageObject\",\"inLanguage\":\"cs\",\"@id\":\"https:\/\/blog.ccc.eu\/cz\/#\/schema\/logo\/image\/\",\"url\":\"https:\/\/blog.ccc.eu\/cz\/wp-content\/uploads\/2021\/11\/logo_ccc.png\",\"contentUrl\":\"https:\/\/blog.ccc.eu\/cz\/wp-content\/uploads\/2021\/11\/logo_ccc.png\",\"width\":730,\"height\":270,\"caption\":\"CCC S.A.\"},\"image\":{\"@id\":\"https:\/\/blog.ccc.eu\/cz\/#\/schema\/logo\/image\/\"}},{\"@type\":\"Person\",\"@id\":\"https:\/\/blog.ccc.eu\/cz\/#\/schema\/person\/74ddaf45957c4c3e85587a666ba20782\",\"name\":\"Petra Susilova\",\"image\":{\"@type\":\"ImageObject\",\"inLanguage\":\"cs\",\"@id\":\"https:\/\/blog.ccc.eu\/cz\/#\/schema\/person\/image\/\",\"url\":\"https:\/\/secure.gravatar.com\/avatar\/2eeba86289b6f51c358487152d296aa19002ba9c061f1bb2f0c5f86ed31e132f?s=96&r=g\",\"contentUrl\":\"https:\/\/secure.gravatar.com\/avatar\/2eeba86289b6f51c358487152d296aa19002ba9c061f1bb2f0c5f86ed31e132f?s=96&r=g\",\"caption\":\"Petra Susilova\"},\"url\":\"https:\/\/blog.ccc.eu\/cz\/author\/petra-susilova\/\"}]}<\/script>\n<!-- \/ Yoast SEO plugin. -->","yoast_head_json":{"title":"Luxusn\u00ed m\u011bstsk\u00fd styl: komfort, elegance a barvy na ka\u017ed\u00fd den - blog.ccc.eu\/cz","description":"Objevte luxusn\u00ed obuv a kabelky, kter\u00e9 kombinuj\u00ed komfort, eleganci a jarn\u00ed barvy. Ide\u00e1ln\u00ed m\u011bstsk\u00fd look pro ka\u017ed\u00fd den, bez ohledu na po\u010das\u00ed! 2026","robots":{"index":"index","follow":"follow","max-snippet":"max-snippet:-1","max-image-preview":"max-image-preview:large","max-video-preview":"max-video-preview:-1"},"canonical":"https:\/\/blog.ccc.eu\/cz\/obuv-luxusni-mestsky-styl\/","og_locale":"cs_CZ","og_type":"article","og_title":"Luxusn\u00ed m\u011bstsk\u00fd styl: komfort, elegance a barvy na ka\u017ed\u00fd den - blog.ccc.eu\/cz","og_description":"Objevte luxusn\u00ed obuv a kabelky, kter\u00e9 kombinuj\u00ed komfort, eleganci a jarn\u00ed barvy. Ide\u00e1ln\u00ed m\u011bstsk\u00fd look pro ka\u017ed\u00fd den, bez ohledu na po\u010das\u00ed!","og_url":"https:\/\/blog.ccc.eu\/cz\/obuv-luxusni-mestsky-styl\/","og_site_name":"blog.ccc.eu\/cz","article_published_time":"2025-04-14T08:11:59+00:00","og_image":[{"width":1240,"height":640,"url":"https:\/\/blog.ccc.eu\/cz\/wp-content\/uploads\/2025\/04\/BLOG-2.png","type":"image\/png"}],"author":"Petra Susilova","twitter_card":"summary_large_image","twitter_misc":{"Napsal(a)":"Petra Susilova","Odhadovan\u00e1 doba \u010dten\u00ed":"5 minut"},"schema":{"@context":"https:\/\/schema.org","@graph":[{"@type":"Article","@id":"https:\/\/blog.ccc.eu\/cz\/obuv-luxusni-mestsky-styl\/#article","isPartOf":{"@id":"https:\/\/blog.ccc.eu\/cz\/obuv-luxusni-mestsky-styl\/"},"author":{"name":"Petra Susilova","@id":"https:\/\/blog.ccc.eu\/cz\/#\/schema\/person\/74ddaf45957c4c3e85587a666ba20782"},"headline":"Luxusn\u00ed m\u011bstsk\u00fd styl: komfort, elegance a barvy na ka\u017ed\u00fd den","datePublished":"2025-04-14T08:11:59+00:00","mainEntityOfPage":{"@id":"https:\/\/blog.ccc.eu\/cz\/obuv-luxusni-mestsky-styl\/"},"wordCount":1029,"commentCount":0,"publisher":{"@id":"https:\/\/blog.ccc.eu\/cz\/#organization"},"image":{"@id":"https:\/\/blog.ccc.eu\/cz\/obuv-luxusni-mestsky-styl\/#primaryimage"},"thumbnailUrl":"https:\/\/blog.ccc.eu\/cz\/wp-content\/uploads\/2025\/04\/BLOG-2.png","keywords":["Boty","jaro","trendy"],"articleSection":["JARO","M\u00d3DN\u00cd TIPY","TRENDY"],"inLanguage":"cs","potentialAction":[{"@type":"CommentAction","name":"Comment","target":["https:\/\/blog.ccc.eu\/cz\/obuv-luxusni-mestsky-styl\/#respond"]}]},{"@type":"WebPage","@id":"https:\/\/blog.ccc.eu\/cz\/obuv-luxusni-mestsky-styl\/","url":"https:\/\/blog.ccc.eu\/cz\/obuv-luxusni-mestsky-styl\/","name":"Luxusn\u00ed m\u011bstsk\u00fd styl: komfort, elegance a barvy na ka\u017ed\u00fd den - blog.ccc.eu\/cz","isPartOf":{"@id":"https:\/\/blog.ccc.eu\/cz\/#website"},"primaryImageOfPage":{"@id":"https:\/\/blog.ccc.eu\/cz\/obuv-luxusni-mestsky-styl\/#primaryimage"},"image":{"@id":"https:\/\/blog.ccc.eu\/cz\/obuv-luxusni-mestsky-styl\/#primaryimage"},"thumbnailUrl":"https:\/\/blog.ccc.eu\/cz\/wp-content\/uploads\/2025\/04\/BLOG-2.png","datePublished":"2025-04-14T08:11:59+00:00","description":"Objevte luxusn\u00ed obuv a kabelky, kter\u00e9 kombinuj\u00ed komfort, eleganci a jarn\u00ed barvy. Ide\u00e1ln\u00ed m\u011bstsk\u00fd look pro ka\u017ed\u00fd den, bez ohledu na po\u010das\u00ed!","breadcrumb":{"@id":"https:\/\/blog.ccc.eu\/cz\/obuv-luxusni-mestsky-styl\/#breadcrumb"},"inLanguage":"cs","potentialAction":[{"@type":"ReadAction","target":["https:\/\/blog.ccc.eu\/cz\/obuv-luxusni-mestsky-styl\/"]}]},{"@type":"ImageObject","inLanguage":"cs","@id":"https:\/\/blog.ccc.eu\/cz\/obuv-luxusni-mestsky-styl\/#primaryimage","url":"https:\/\/blog.ccc.eu\/cz\/wp-content\/uploads\/2025\/04\/BLOG-2.png","contentUrl":"https:\/\/blog.ccc.eu\/cz\/wp-content\/uploads\/2025\/04\/BLOG-2.png","width":1240,"height":640,"caption":"r\u016f\u017eov\u00e9 hol\u00ednky"},{"@type":"BreadcrumbList","@id":"https:\/\/blog.ccc.eu\/cz\/obuv-luxusni-mestsky-styl\/#breadcrumb","itemListElement":[{"@type":"ListItem","position":1,"name":"Strona g\u0142\u00f3wna","item":"https:\/\/blog.ccc.eu\/cz\/"},{"@type":"ListItem","position":2,"name":"Luxusn\u00ed m\u011bstsk\u00fd styl: komfort, elegance a barvy na ka\u017ed\u00fd den"}]},{"@type":"WebSite","@id":"https:\/\/blog.ccc.eu\/cz\/#website","url":"https:\/\/blog.ccc.eu\/cz\/","name":"blog.ccc.eu\/cz","description":"Va\u0161e m\u00edsto pln\u00e9 m\u00f3dn\u00edch inspirac\u00ed","publisher":{"@id":"https:\/\/blog.ccc.eu\/cz\/#organization"},"potentialAction":[{"@type":"SearchAction","target":{"@type":"EntryPoint","urlTemplate":"https:\/\/blog.ccc.eu\/cz\/?s={search_term_string}"},"query-input":{"@type":"PropertyValueSpecification","valueRequired":true,"valueName":"search_term_string"}}],"inLanguage":"cs"},{"@type":"Organization","@id":"https:\/\/blog.ccc.eu\/cz\/#organization","name":"CCC S.A.","url":"https:\/\/blog.ccc.eu\/cz\/","logo":{"@type":"ImageObject","inLanguage":"cs","@id":"https:\/\/blog.ccc.eu\/cz\/#\/schema\/logo\/image\/","url":"https:\/\/blog.ccc.eu\/cz\/wp-content\/uploads\/2021\/11\/logo_ccc.png","contentUrl":"https:\/\/blog.ccc.eu\/cz\/wp-content\/uploads\/2021\/11\/logo_ccc.png","width":730,"height":270,"caption":"CCC S.A."},"image":{"@id":"https:\/\/blog.ccc.eu\/cz\/#\/schema\/logo\/image\/"}},{"@type":"Person","@id":"https:\/\/blog.ccc.eu\/cz\/#\/schema\/person\/74ddaf45957c4c3e85587a666ba20782","name":"Petra Susilova","image":{"@type":"ImageObject","inLanguage":"cs","@id":"https:\/\/blog.ccc.eu\/cz\/#\/schema\/person\/image\/","url":"https:\/\/secure.gravatar.com\/avatar\/2eeba86289b6f51c358487152d296aa19002ba9c061f1bb2f0c5f86ed31e132f?s=96&r=g","contentUrl":"https:\/\/secure.gravatar.com\/avatar\/2eeba86289b6f51c358487152d296aa19002ba9c061f1bb2f0c5f86ed31e132f?s=96&r=g","caption":"Petra Susilova"},"url":"https:\/\/blog.ccc.eu\/cz\/author\/petra-susilova\/"}]}},"_links":{"self":[{"href":"https:\/\/blog.ccc.eu\/cz\/wp-json\/wp\/v2\/posts\/7555","targetHints":{"allow":["GET"]}}],"collection":[{"href":"https:\/\/blog.ccc.eu\/cz\/wp-json\/wp\/v2\/posts"}],"about":[{"href":"https:\/\/blog.ccc.eu\/cz\/wp-json\/wp\/v2\/types\/post"}],"author":[{"embeddable":true,"href":"https:\/\/blog.ccc.eu\/cz\/wp-json\/wp\/v2\/users\/25"}],"replies":[{"embeddable":true,"href":"https:\/\/blog.ccc.eu\/cz\/wp-json\/wp\/v2\/comments?post=7555"}],"version-history":[{"count":8,"href":"https:\/\/blog.ccc.eu\/cz\/wp-json\/wp\/v2\/posts\/7555\/revisions"}],"predecessor-version":[{"id":7567,"href":"https:\/\/blog.ccc.eu\/cz\/wp-json\/wp\/v2\/posts\/7555\/revisions\/7567"}],"wp:featuredmedia":[{"embeddable":true,"href":"https:\/\/blog.ccc.eu\/cz\/wp-json\/wp\/v2\/media\/7564"}],"wp:attachment":[{"href":"https:\/\/blog.ccc.eu\/cz\/wp-json\/wp\/v2\/media?parent=7555"}],"wp:term":[{"taxonomy":"category","embeddable":true,"href":"https:\/\/blog.ccc.eu\/cz\/wp-json\/wp\/v2\/categories?post=7555"},{"taxonomy":"post_tag","embeddable":true,"href":"https:\/\/blog.ccc.eu\/cz\/wp-json\/wp\/v2\/tags?post=7555"}],"curies":[{"name":"wp","href":"https:\/\/api.w.org\/{rel}","templated":true}]}}