{"id":7568,"date":"2025-04-22T09:23:07","date_gmt":"2025-04-22T07:23:07","guid":{"rendered":"https:\/\/blog.ccc.eu\/cz\/?p=7568"},"modified":"2025-04-22T09:55:05","modified_gmt":"2025-04-22T07:55:05","slug":"udrzitelna-obuv-den-zeme","status":"publish","type":"post","link":"https:\/\/blog.ccc.eu\/cz\/udrzitelna-obuv-den-zeme\/","title":{"rendered":"Udr\u017eiteln\u00e1 obuv: M\u00f3da, kter\u00e1 d\u00e1v\u00e1 smysl"},"content":{"rendered":"\n<p><strong>Oslavte Den Zem\u011b stylov\u011b!<\/strong> Tato sez\u00f3na je ide\u00e1ln\u00ed p\u0159\u00edle\u017eitost\u00ed, jak spojit m\u00f3du s udr\u017eitelnost\u00ed a uk\u00e1zat, \u017ee ka\u017ed\u00fd krok, kter\u00fd ud\u011bl\u00e1me, m\u016f\u017ee m\u00edt pozitivn\u00ed dopad na na\u0161i planetu. V dne\u0161n\u00ed dob\u011b u\u017e nen\u00ed nutn\u00e9 vyb\u00edrat mezi t\u00edm, co je kr\u00e1sn\u00e9, pohodln\u00e9 a ekologick\u00e9 \u2013 s kolekc\u00ed udr\u017eiteln\u00e9 obuvi <a href=\"https:\/\/ccc.eu\/cz\/wecare\"><strong>weCare<\/strong> <\/a>od CCC m\u016f\u017eete m\u00edt v\u0161e. Nejen\u017ee v\u00e1m nab\u00eddneme obuv, kter\u00e1 je skv\u011bl\u00e1 pro va\u0161e nohy, ale z\u00e1rove\u0148 i pro na\u0161i zemi.<\/p>\n\n\n\n<p>Vstupte do jara s obuv\u00ed, kter\u00e1 vypr\u00e1v\u00ed p\u0159\u00edb\u011bh o va\u0161ich hodnot\u00e1ch a <strong>z\u00e1rove\u0148 p\u0159in\u00e1\u0161\u00ed pohodl\u00ed a styl<\/strong>, kter\u00e9 si zaslou\u017e\u00edte. Oslavte tento Den Zem\u011b m\u00f3dn\u011b, s lehkost\u00ed a odpov\u011bdnost\u00ed \u2013 a\u0165 u\u017e proch\u00e1z\u00edte m\u011bstem, nebo u\u017e\u00edv\u00e1te kr\u00e1sy p\u0159\u00edrody.<\/p>\n\n\n\n<div class=\"wp-block-columns is-layout-flex wp-container-core-columns-is-layout-9d6595d7 wp-block-columns-is-layout-flex\">\n<div class=\"wp-block-column is-layout-flow wp-block-column-is-layout-flow\">\n<figure class=\"wp-block-image size-large\"><img loading=\"lazy\" decoding=\"async\" width=\"1919\" height=\"2560\" src=\"https:\/\/blog.ccc.eu\/cz\/wp-content\/uploads\/2025\/04\/CCC_5903698599885_02M_0134_V1-edited-scaled.jpg\" alt=\"udr\u017eiteln\u00e1 obuv CCC\" class=\"wp-image-7584\" srcset=\"https:\/\/blog.ccc.eu\/cz\/wp-content\/uploads\/2025\/04\/CCC_5903698599885_02M_0134_V1-edited-scaled.jpg 1919w, https:\/\/blog.ccc.eu\/cz\/wp-content\/uploads\/2025\/04\/CCC_5903698599885_02M_0134_V1-edited-225x300.jpg 225w, https:\/\/blog.ccc.eu\/cz\/wp-content\/uploads\/2025\/04\/CCC_5903698599885_02M_0134_V1-edited-768x1024.jpg 768w, https:\/\/blog.ccc.eu\/cz\/wp-content\/uploads\/2025\/04\/CCC_5903698599885_02M_0134_V1-edited-1152x1536.jpg 1152w, https:\/\/blog.ccc.eu\/cz\/wp-content\/uploads\/2025\/04\/CCC_5903698599885_02M_0134_V1-edited-1535x2048.jpg 1535w, https:\/\/blog.ccc.eu\/cz\/wp-content\/uploads\/2025\/04\/CCC_5903698599885_02M_0134_V1-edited-100x133.jpg 100w\" sizes=\"auto, (max-width: 1919px) 100vw, 1919px\" \/><\/figure>\n<\/div>\n\n\n\n<div class=\"wp-block-column is-layout-flow wp-block-column-is-layout-flow\">\n<figure class=\"wp-block-image size-full\"><img loading=\"lazy\" decoding=\"async\" width=\"683\" height=\"911\" src=\"https:\/\/blog.ccc.eu\/cz\/wp-content\/uploads\/2025\/04\/NWNY-8-683x1024-1-edited.jpg\" alt=\"udr\u017eiteln\u00e1 obuv CCC\" class=\"wp-image-7579\" srcset=\"https:\/\/blog.ccc.eu\/cz\/wp-content\/uploads\/2025\/04\/NWNY-8-683x1024-1-edited.jpg 683w, https:\/\/blog.ccc.eu\/cz\/wp-content\/uploads\/2025\/04\/NWNY-8-683x1024-1-edited-225x300.jpg 225w, https:\/\/blog.ccc.eu\/cz\/wp-content\/uploads\/2025\/04\/NWNY-8-683x1024-1-edited-100x133.jpg 100w\" sizes=\"auto, (max-width: 683px) 100vw, 683px\" \/><\/figure>\n<\/div>\n<\/div>\n\n\n\n<h3 class=\"wp-block-heading\"><strong>Baler\u00edny a espadrilky: Na vln\u011b lehkosti a eko trend\u016f<\/strong><\/h3>\n\n\n\n<p>Co jin\u00e9ho si obout do sv\u011b\u017e\u00edch dn\u016f ne\u017e <a href=\"https:\/\/ccc.eu\/cz\/damske\/doporucene\/we-care\/kategorie:baleriny?limit=100\">baler\u00edny a espadrilky<\/a>, kter\u00e9 jsou tak <strong>lehk\u00e9, \u017ee je skoro nec\u00edt\u00edte<\/strong>? Udr\u017eiteln\u00e1 obuv z kolekce weCare vypad\u00e1 nejen skv\u011ble, ale taky d\u011bl\u00e1 radost planet\u011b. Baler\u00edny i espadrilky z t\u00e9to kolekce jsou vyroben\u00e9 z recyklovan\u00fdch materi\u00e1l\u016f a <strong>k\u016f\u017ee s certifikac\u00ed LWG<\/strong> \u2013 tak\u017ee m\u016f\u017eete vykro\u010dit vst\u0159\u00edc slune\u010dn\u00e9mu dni s pocitem, \u017ee d\u011bl\u00e1te n\u011bco dobr\u00e9ho. Jsou prody\u0161n\u00e9, pohodln\u00e9, a hlavn\u011b&#8230; kr\u00e1sn\u011b kombinovateln\u00e9! K letn\u00edm \u0161at\u016fm? Elegantn\u00ed baler\u00edny. Na v\u00edkendov\u00fd brunch v parku? Espadrilky jako z \u010dasopisu. Do m\u011bsta nebo na v\u00fdlet? V\u017edycky stylov\u011b a s lehkost\u00ed.<\/p>\n\n\n<shortcode prop-load-num=\"8\" prop-display-num=\"4\" prop-sku=\"5906751118672, 5905588292005, 5906751009130, 5905588432357, 5903698764580, 5904862504452, 5903698721293, 5903698586250\" prop-view=\"slider\"><\/shortcode>        <div\r\n            class=\"eob-pf-shortcode\"\r\n            id=\"eobpf69f30e96b132a\"\r\n        >\r\n            <shortcode prop-load-num=\"8\" prop-display-num=\"4\" prop-sku=\"5906751118672, 5905588292005, 5906751009130, 5905588432357, 5903698764580, 5904862504452, 5903698721293, 5903698586250\" prop-view=\"slider\"><\/shortcode>        <\/div>\r\n\t\t<script>\r\n\t\t\tjQuery(document).ready(() => {\r\n\t\t\t    const root = document.getElementById('eobpf69f30e96b132a');\r\n                Vue.createApp({\r\n\t                components: {\r\n\t                    shortcode\r\n\t                }\r\n                }).mount(root);\r\n\t\t\t});\r\n\t\t<\/script>\r\n\t\t\r\n\t\t\n\n\n\n<p><\/p>\n\n\n\n<div class=\"wp-block-buttons is-content-justification-center is-layout-flex wp-container-core-buttons-is-layout-16018d1d wp-block-buttons-is-layout-flex\">\n<div class=\"wp-block-button is-style-outline is-style-outline--1\"><a class=\"wp-block-button__link has-custom-font-size wp-element-button\" href=\"https:\/\/ccc.eu\/cz\/damske\/doporucene\/we-care\/kategorie:baleriny?limit=100\" style=\"border-radius:0px;font-size:15px\">Zobrazit v\u00edce produkt\u016f<\/a><\/div>\n<\/div>\n\n\n\n<p><\/p>\n\n\n\n<h3 class=\"wp-block-heading\"><strong>Mokas\u00edny: Klasika s ekologick\u00fdm n\u00e1dechem<\/strong><\/h3>\n\n\n\n<p>Pokud hled\u00e1te obuv, kter\u00e1 je <strong>pohodln\u00e1, nad\u010dasov\u00e1 a nav\u00edc \u0161etrn\u00e1 k na\u0161\u00ed planet\u011b<\/strong>, m\u00e1me tady ide\u00e1ln\u00ed kousek! <a href=\"https:\/\/ccc.eu\/cz\/damske\/doporucene\/we-care\/kategorie:loafersy-mokasiny-mokasiny_na_podpatku?limit=100\">Mokas\u00edny <\/a> z kolekce weCare jsou tou pravou volbou, kter\u00e1 spojuje eleganci s udr\u017eitelnost\u00ed. A\u0165 u\u017e vyr\u00e1\u017e\u00edte do kancel\u00e1\u0159e, na sch\u016fzku nebo na v\u00edkendov\u00fd v\u00fdlet, tyto boty nezklamou. Klasick\u00fd design nikdy nevyjde z m\u00f3dy, a s t\u011bmito botami nav\u00edc v\u017edy p\u016fjdete s dobou. Univerz\u00e1ln\u00ed kousek, kter\u00fd si zamilujete!<\/p>\n\n\n<shortcode prop-load-num=\"8\" prop-display-num=\"4\" prop-sku=\"5906751071281, 5906751018958, 5904862334035, 5904862302102, 5903698055435, 5903698005584, 5905588829027, 5905588134190\" prop-view=\"slider\"><\/shortcode>        <div\r\n            class=\"eob-pf-shortcode\"\r\n            id=\"eobpf69f30e96b1435\"\r\n        >\r\n            <shortcode prop-load-num=\"8\" prop-display-num=\"4\" prop-sku=\"5906751071281, 5906751018958, 5904862334035, 5904862302102, 5903698055435, 5903698005584, 5905588829027, 5905588134190\" prop-view=\"slider\"><\/shortcode>        <\/div>\r\n\t\t<script>\r\n\t\t\tjQuery(document).ready(() => {\r\n\t\t\t    const root = document.getElementById('eobpf69f30e96b1435');\r\n                Vue.createApp({\r\n\t                components: {\r\n\t                    shortcode\r\n\t                }\r\n                }).mount(root);\r\n\t\t\t});\r\n\t\t<\/script>\r\n\t\t\r\n\t\t\n\n\n\n<p><\/p>\n\n\n\n<div class=\"wp-block-buttons is-content-justification-center is-layout-flex wp-container-core-buttons-is-layout-16018d1d wp-block-buttons-is-layout-flex\">\n<div class=\"wp-block-button is-style-outline is-style-outline--2\"><a class=\"wp-block-button__link has-custom-font-size wp-element-button\" href=\"https:\/\/ccc.eu\/cz\/damske\/doporucene\/we-care\/kategorie:loafersy-mokasiny-mokasiny_na_podpatku?limit=100\" style=\"border-radius:0px;font-size:15px\">Objevit v\u00edce produkt\u016f<\/a><\/div>\n<\/div>\n\n\n\n<p><\/p>\n\n\n\n<h3 class=\"wp-block-heading\"><strong>Tenisky a sportovn\u00ed obuv: V kroku s p\u0159\u00edrodou<\/strong><\/h3>\n\n\n\n<p>Skv\u011bl\u00e1 obuv a\u0165 u\u017e jdete na proch\u00e1zku po parku, na b\u011bh kolem jezera nebo na v\u00edkendov\u00fd v\u00fdlet. Pro\u010d byste m\u011bli vyb\u00edrat mezi <strong>pohodl\u00edm a stylem<\/strong>, kdy\u017e m\u016f\u017eete m\u00edt oboj\u00ed? <a href=\"https:\/\/ccc.eu\/cz\/damske\/doporucene\/we-care\/kategorie:sneakersy-sportovni_obuv?limit=100\">Tenisky a sportovn\u00ed obuv<\/a> z kolekce weCare v\u00e1s provedou ka\u017ed\u00fdm krokem. Od minimalistick\u00fdch b\u00edl\u00fdch tenisek a\u017e po dynamick\u00e9 sportovn\u00ed modely, ka\u017ed\u00fd p\u00e1r je \u0161etrn\u00fd k \u017eivotn\u00edmu prost\u0159ed\u00ed. Kvalita a styl, kter\u00e9 jsou ohledupln\u00e9 k p\u0159\u00edrod\u011b.<\/p>\n\n\n<shortcode prop-load-num=\"8\" prop-display-num=\"4\" prop-sku=\"5904248153359, 5905588291916, 5903698095899, 5905588556138, 5906751017135, 5905588512752, 5903698177717, 5906751116500\" prop-view=\"slider\"><\/shortcode>        <div\r\n            class=\"eob-pf-shortcode\"\r\n            id=\"eobpf69f30e96b1470\"\r\n        >\r\n            <shortcode prop-load-num=\"8\" prop-display-num=\"4\" prop-sku=\"5904248153359, 5905588291916, 5903698095899, 5905588556138, 5906751017135, 5905588512752, 5903698177717, 5906751116500\" prop-view=\"slider\"><\/shortcode>        <\/div>\r\n\t\t<script>\r\n\t\t\tjQuery(document).ready(() => {\r\n\t\t\t    const root = document.getElementById('eobpf69f30e96b1470');\r\n                Vue.createApp({\r\n\t                components: {\r\n\t                    shortcode\r\n\t                }\r\n                }).mount(root);\r\n\t\t\t});\r\n\t\t<\/script>\r\n\t\t\r\n\t\t\n\n\n\n<p><\/p>\n\n\n\n<div class=\"wp-block-buttons is-content-justification-center is-layout-flex wp-container-core-buttons-is-layout-16018d1d wp-block-buttons-is-layout-flex\">\n<div class=\"wp-block-button is-style-outline is-style-outline--3\"><a class=\"wp-block-button__link has-custom-font-size wp-element-button\" href=\"https:\/\/ccc.eu\/cz\/damske\/doporucene\/we-care\/kategorie:sneakersy-sportovni_obuv?limit=100\" style=\"border-radius:0px;font-size:15px\">Proskoumat v\u00edce produkt\u016f<\/a><\/div>\n<\/div>\n\n\n\n<p><\/p>\n\n\n\n<h3 class=\"wp-block-heading\"><strong>Dejte sv\u00fdm bot\u00e1m druh\u00fd \u017eivot!<\/strong><\/h3>\n\n\n\n<p>CCC tak\u00e9 podporuje iniciativu \u201e<strong>Dejte sv\u00fdm bot\u00e1m druh\u00fd \u017eivot<\/strong>\u201c. Vyu\u017eit\u00e9, ale zachoval\u00e9 boty m\u016f\u017eete odevzdat ve vybran\u00fdch prodejn\u00e1ch, odkud putuj\u00ed k charitativn\u00edm organizac\u00edm a z\u00edsk\u00e1vaj\u00ed nov\u00e9 vyu\u017eit\u00ed.<\/p>\n\n\n\n<figure class=\"wp-block-image size-full\"><a href=\"https:\/\/ccc.eu\/cz\/dejte-svym-botam-druhy-zivot\"><img loading=\"lazy\" decoding=\"async\" width=\"936\" height=\"208\" src=\"https:\/\/blog.ccc.eu\/cz\/wp-content\/uploads\/2025\/04\/936x208_PR_CZ_Daj-Swoim-Butom-Drugie-Zycie15.jpg\" alt=\"\" class=\"wp-image-7575\" srcset=\"https:\/\/blog.ccc.eu\/cz\/wp-content\/uploads\/2025\/04\/936x208_PR_CZ_Daj-Swoim-Butom-Drugie-Zycie15.jpg 936w, https:\/\/blog.ccc.eu\/cz\/wp-content\/uploads\/2025\/04\/936x208_PR_CZ_Daj-Swoim-Butom-Drugie-Zycie15-300x67.jpg 300w, https:\/\/blog.ccc.eu\/cz\/wp-content\/uploads\/2025\/04\/936x208_PR_CZ_Daj-Swoim-Butom-Drugie-Zycie15-768x171.jpg 768w, https:\/\/blog.ccc.eu\/cz\/wp-content\/uploads\/2025\/04\/936x208_PR_CZ_Daj-Swoim-Butom-Drugie-Zycie15-100x22.jpg 100w\" sizes=\"auto, (max-width: 936px) 100vw, 936px\" \/><\/a><\/figure>\n\n\n\n<div class=\"wp-block-buttons is-horizontal is-content-justification-center is-layout-flex wp-container-core-buttons-is-layout-499968f5 wp-block-buttons-is-layout-flex\">\n<div class=\"wp-block-button is-style-fill\"><a class=\"wp-block-button__link has-custom-font-size wp-element-button\" href=\"https:\/\/ccc.eu\/cz\/dejte-svym-botam-druhy-zivot\" style=\"border-radius:0px;font-size:15px\">Chci se zapojit!<\/a><\/div>\n<\/div>\n\n\n\n<p><\/p>\n\n\n\n<p>S kolekc\u00ed <a href=\"https:\/\/ccc.eu\/cz\/damske\/doporucene\/we-care?limit=100\"><strong>weCare<\/strong> <\/a>od CCC m\u016f\u017eete spojit styl s odpov\u011bdnost\u00ed a vykro\u010dit do jara v obuvi, kter\u00e1 je \u0161etrn\u00e1 k planet\u011b. A\u0165 u\u017e si vyberete baler\u00edny, espadrilky, mokas\u00edny, loafers nebo sportovn\u00ed tenisky, ka\u017ed\u00fd p\u00e1r p\u0159in\u00e1\u0161\u00ed nejen komfort, ale i pozitivn\u00ed dopad na na\u0161e \u017eivotn\u00ed prost\u0159ed\u00ed. Udr\u017eiteln\u00e1 obuv z kolekce <strong>weCare<\/strong> dod\u00e1 ka\u017ed\u00e9mu kroku je\u0161t\u011b v\u011bt\u0161\u00ed smysl.<\/p>\n\n\n\n<p><\/p>\n","protected":false},"excerpt":{"rendered":"<p>Oslavte Den Zem\u011b stylov\u011b! Tato sez\u00f3na je ide\u00e1ln\u00ed p\u0159\u00edle\u017eitost\u00ed, jak spojit m\u00f3du s udr\u017eitelnost\u00ed a uk\u00e1zat, \u017ee ka\u017ed\u00fd krok, kter\u00fd ud\u011bl\u00e1me, m\u016f\u017ee m\u00edt pozitivn\u00ed dopad na na\u0161i planetu. V dne\u0161n\u00ed dob\u011b u\u017e nen\u00ed nutn\u00e9 vyb\u00edrat mezi t\u00edm, co je kr\u00e1sn\u00e9, pohodln\u00e9 a ekologick\u00e9 \u2013 s kolekc\u00ed udr\u017eiteln\u00e9 obuvi weCare od CCC m\u016f\u017eete m\u00edt v\u0161e. Nejen\u017ee [&hellip;]<\/p>\n","protected":false},"author":25,"featured_media":7585,"comment_status":"open","ping_status":"open","sticky":false,"template":"","format":"standard","meta":{"_acf_changed":false,"footnotes":""},"categories":[1011,4],"tags":[844,594,818,841,568,9],"class_list":["post-7568","post","type-post","status-publish","format-standard","has-post-thumbnail","hentry","category-jaro","category-modni-tipy","tag-baleriny-2","tag-damske-boty","tag-jaro","tag-mokasiny","tag-tenisky","tag-trendy"],"acf":[],"yoast_head":"<!-- This site is optimized with the Yoast SEO plugin v26.9 - https:\/\/yoast.com\/product\/yoast-seo-wordpress\/ -->\n<title>Udr\u017eiteln\u00e1 obuv: M\u00f3da, kter\u00e1 d\u00e1v\u00e1 smysl - blog.ccc.eu\/cz<\/title>\n<meta name=\"description\" content=\"Oslavte Den Zem\u011b stylov\u011b s kolekc\u00ed weCare od CCC! Pohodln\u00e1 a udr\u017eiteln\u00e1 obuv ide\u00e1ln\u00ed pro jarn\u00ed dny! Objevte tuto kolekci pr\u00e1v\u011b te\u010f. 2026\" \/>\n<meta name=\"robots\" content=\"index, follow, max-snippet:-1, max-image-preview:large, max-video-preview:-1\" \/>\n<link rel=\"canonical\" href=\"https:\/\/blog.ccc.eu\/cz\/udrzitelna-obuv-den-zeme\/\" \/>\n<meta property=\"og:locale\" content=\"cs_CZ\" \/>\n<meta property=\"og:type\" content=\"article\" \/>\n<meta property=\"og:title\" content=\"Udr\u017eiteln\u00e1 obuv: M\u00f3da, kter\u00e1 d\u00e1v\u00e1 smysl - blog.ccc.eu\/cz\" \/>\n<meta property=\"og:description\" content=\"Oslavte Den Zem\u011b stylov\u011b s kolekc\u00ed weCare od CCC! Pohodln\u00e1 a udr\u017eiteln\u00e1 obuv ide\u00e1ln\u00ed pro jarn\u00ed dny! Objevte tuto kolekci pr\u00e1v\u011b te\u010f.\" \/>\n<meta property=\"og:url\" content=\"https:\/\/blog.ccc.eu\/cz\/udrzitelna-obuv-den-zeme\/\" \/>\n<meta property=\"og:site_name\" content=\"blog.ccc.eu\/cz\" \/>\n<meta property=\"article:published_time\" content=\"2025-04-22T07:23:07+00:00\" \/>\n<meta property=\"article:modified_time\" content=\"2025-04-22T07:55:05+00:00\" \/>\n<meta property=\"og:image\" content=\"https:\/\/blog.ccc.eu\/cz\/wp-content\/uploads\/2025\/04\/BLOG-3.png\" \/>\n\t<meta property=\"og:image:width\" content=\"1240\" \/>\n\t<meta property=\"og:image:height\" content=\"640\" \/>\n\t<meta property=\"og:image:type\" content=\"image\/png\" \/>\n<meta name=\"author\" content=\"Petra Susilova\" \/>\n<meta name=\"twitter:card\" content=\"summary_large_image\" \/>\n<meta name=\"twitter:label1\" content=\"Napsal(a)\" \/>\n\t<meta name=\"twitter:data1\" content=\"Petra Susilova\" \/>\n\t<meta name=\"twitter:label2\" content=\"Odhadovan\u00e1 doba \u010dten\u00ed\" \/>\n\t<meta name=\"twitter:data2\" content=\"4 minuty\" \/>\n<script type=\"application\/ld+json\" class=\"yoast-schema-graph\">{\"@context\":\"https:\/\/schema.org\",\"@graph\":[{\"@type\":\"Article\",\"@id\":\"https:\/\/blog.ccc.eu\/cz\/udrzitelna-obuv-den-zeme\/#article\",\"isPartOf\":{\"@id\":\"https:\/\/blog.ccc.eu\/cz\/udrzitelna-obuv-den-zeme\/\"},\"author\":{\"name\":\"Petra Susilova\",\"@id\":\"https:\/\/blog.ccc.eu\/cz\/#\/schema\/person\/74ddaf45957c4c3e85587a666ba20782\"},\"headline\":\"Udr\u017eiteln\u00e1 obuv: M\u00f3da, kter\u00e1 d\u00e1v\u00e1 smysl\",\"datePublished\":\"2025-04-22T07:23:07+00:00\",\"dateModified\":\"2025-04-22T07:55:05+00:00\",\"mainEntityOfPage\":{\"@id\":\"https:\/\/blog.ccc.eu\/cz\/udrzitelna-obuv-den-zeme\/\"},\"wordCount\":632,\"commentCount\":0,\"publisher\":{\"@id\":\"https:\/\/blog.ccc.eu\/cz\/#organization\"},\"image\":{\"@id\":\"https:\/\/blog.ccc.eu\/cz\/udrzitelna-obuv-den-zeme\/#primaryimage\"},\"thumbnailUrl\":\"https:\/\/blog.ccc.eu\/cz\/wp-content\/uploads\/2025\/04\/BLOG-3.png\",\"keywords\":[\"baler\u00edny\",\"D\u00e1msk\u00e9 boty\",\"jaro\",\"mokas\u00edny\",\"Tenisky\",\"trendy\"],\"articleSection\":[\"JARO\",\"M\u00d3DN\u00cd TIPY\"],\"inLanguage\":\"cs\",\"potentialAction\":[{\"@type\":\"CommentAction\",\"name\":\"Comment\",\"target\":[\"https:\/\/blog.ccc.eu\/cz\/udrzitelna-obuv-den-zeme\/#respond\"]}]},{\"@type\":\"WebPage\",\"@id\":\"https:\/\/blog.ccc.eu\/cz\/udrzitelna-obuv-den-zeme\/\",\"url\":\"https:\/\/blog.ccc.eu\/cz\/udrzitelna-obuv-den-zeme\/\",\"name\":\"Udr\u017eiteln\u00e1 obuv: M\u00f3da, kter\u00e1 d\u00e1v\u00e1 smysl - blog.ccc.eu\/cz\",\"isPartOf\":{\"@id\":\"https:\/\/blog.ccc.eu\/cz\/#website\"},\"primaryImageOfPage\":{\"@id\":\"https:\/\/blog.ccc.eu\/cz\/udrzitelna-obuv-den-zeme\/#primaryimage\"},\"image\":{\"@id\":\"https:\/\/blog.ccc.eu\/cz\/udrzitelna-obuv-den-zeme\/#primaryimage\"},\"thumbnailUrl\":\"https:\/\/blog.ccc.eu\/cz\/wp-content\/uploads\/2025\/04\/BLOG-3.png\",\"datePublished\":\"2025-04-22T07:23:07+00:00\",\"dateModified\":\"2025-04-22T07:55:05+00:00\",\"description\":\"Oslavte Den Zem\u011b stylov\u011b s kolekc\u00ed weCare od CCC! Pohodln\u00e1 a udr\u017eiteln\u00e1 obuv ide\u00e1ln\u00ed pro jarn\u00ed dny! Objevte tuto kolekci pr\u00e1v\u011b te\u010f.\",\"breadcrumb\":{\"@id\":\"https:\/\/blog.ccc.eu\/cz\/udrzitelna-obuv-den-zeme\/#breadcrumb\"},\"inLanguage\":\"cs\",\"potentialAction\":[{\"@type\":\"ReadAction\",\"target\":[\"https:\/\/blog.ccc.eu\/cz\/udrzitelna-obuv-den-zeme\/\"]}]},{\"@type\":\"ImageObject\",\"inLanguage\":\"cs\",\"@id\":\"https:\/\/blog.ccc.eu\/cz\/udrzitelna-obuv-den-zeme\/#primaryimage\",\"url\":\"https:\/\/blog.ccc.eu\/cz\/wp-content\/uploads\/2025\/04\/BLOG-3.png\",\"contentUrl\":\"https:\/\/blog.ccc.eu\/cz\/wp-content\/uploads\/2025\/04\/BLOG-3.png\",\"width\":1240,\"height\":640,\"caption\":\"udr\u017eiteln\u00e1 obuv CCC\"},{\"@type\":\"BreadcrumbList\",\"@id\":\"https:\/\/blog.ccc.eu\/cz\/udrzitelna-obuv-den-zeme\/#breadcrumb\",\"itemListElement\":[{\"@type\":\"ListItem\",\"position\":1,\"name\":\"Strona g\u0142\u00f3wna\",\"item\":\"https:\/\/blog.ccc.eu\/cz\/\"},{\"@type\":\"ListItem\",\"position\":2,\"name\":\"Udr\u017eiteln\u00e1 obuv: M\u00f3da, kter\u00e1 d\u00e1v\u00e1 smysl\"}]},{\"@type\":\"WebSite\",\"@id\":\"https:\/\/blog.ccc.eu\/cz\/#website\",\"url\":\"https:\/\/blog.ccc.eu\/cz\/\",\"name\":\"blog.ccc.eu\/cz\",\"description\":\"Va\u0161e m\u00edsto pln\u00e9 m\u00f3dn\u00edch inspirac\u00ed\",\"publisher\":{\"@id\":\"https:\/\/blog.ccc.eu\/cz\/#organization\"},\"potentialAction\":[{\"@type\":\"SearchAction\",\"target\":{\"@type\":\"EntryPoint\",\"urlTemplate\":\"https:\/\/blog.ccc.eu\/cz\/?s={search_term_string}\"},\"query-input\":{\"@type\":\"PropertyValueSpecification\",\"valueRequired\":true,\"valueName\":\"search_term_string\"}}],\"inLanguage\":\"cs\"},{\"@type\":\"Organization\",\"@id\":\"https:\/\/blog.ccc.eu\/cz\/#organization\",\"name\":\"CCC S.A.\",\"url\":\"https:\/\/blog.ccc.eu\/cz\/\",\"logo\":{\"@type\":\"ImageObject\",\"inLanguage\":\"cs\",\"@id\":\"https:\/\/blog.ccc.eu\/cz\/#\/schema\/logo\/image\/\",\"url\":\"https:\/\/blog.ccc.eu\/cz\/wp-content\/uploads\/2021\/11\/logo_ccc.png\",\"contentUrl\":\"https:\/\/blog.ccc.eu\/cz\/wp-content\/uploads\/2021\/11\/logo_ccc.png\",\"width\":730,\"height\":270,\"caption\":\"CCC S.A.\"},\"image\":{\"@id\":\"https:\/\/blog.ccc.eu\/cz\/#\/schema\/logo\/image\/\"}},{\"@type\":\"Person\",\"@id\":\"https:\/\/blog.ccc.eu\/cz\/#\/schema\/person\/74ddaf45957c4c3e85587a666ba20782\",\"name\":\"Petra Susilova\",\"image\":{\"@type\":\"ImageObject\",\"inLanguage\":\"cs\",\"@id\":\"https:\/\/blog.ccc.eu\/cz\/#\/schema\/person\/image\/\",\"url\":\"https:\/\/secure.gravatar.com\/avatar\/2eeba86289b6f51c358487152d296aa19002ba9c061f1bb2f0c5f86ed31e132f?s=96&r=g\",\"contentUrl\":\"https:\/\/secure.gravatar.com\/avatar\/2eeba86289b6f51c358487152d296aa19002ba9c061f1bb2f0c5f86ed31e132f?s=96&r=g\",\"caption\":\"Petra Susilova\"},\"url\":\"https:\/\/blog.ccc.eu\/cz\/author\/petra-susilova\/\"}]}<\/script>\n<!-- \/ Yoast SEO plugin. -->","yoast_head_json":{"title":"Udr\u017eiteln\u00e1 obuv: M\u00f3da, kter\u00e1 d\u00e1v\u00e1 smysl - blog.ccc.eu\/cz","description":"Oslavte Den Zem\u011b stylov\u011b s kolekc\u00ed weCare od CCC! Pohodln\u00e1 a udr\u017eiteln\u00e1 obuv ide\u00e1ln\u00ed pro jarn\u00ed dny! Objevte tuto kolekci pr\u00e1v\u011b te\u010f. 2026","robots":{"index":"index","follow":"follow","max-snippet":"max-snippet:-1","max-image-preview":"max-image-preview:large","max-video-preview":"max-video-preview:-1"},"canonical":"https:\/\/blog.ccc.eu\/cz\/udrzitelna-obuv-den-zeme\/","og_locale":"cs_CZ","og_type":"article","og_title":"Udr\u017eiteln\u00e1 obuv: M\u00f3da, kter\u00e1 d\u00e1v\u00e1 smysl - blog.ccc.eu\/cz","og_description":"Oslavte Den Zem\u011b stylov\u011b s kolekc\u00ed weCare od CCC! Pohodln\u00e1 a udr\u017eiteln\u00e1 obuv ide\u00e1ln\u00ed pro jarn\u00ed dny! Objevte tuto kolekci pr\u00e1v\u011b te\u010f.","og_url":"https:\/\/blog.ccc.eu\/cz\/udrzitelna-obuv-den-zeme\/","og_site_name":"blog.ccc.eu\/cz","article_published_time":"2025-04-22T07:23:07+00:00","article_modified_time":"2025-04-22T07:55:05+00:00","og_image":[{"width":1240,"height":640,"url":"https:\/\/blog.ccc.eu\/cz\/wp-content\/uploads\/2025\/04\/BLOG-3.png","type":"image\/png"}],"author":"Petra Susilova","twitter_card":"summary_large_image","twitter_misc":{"Napsal(a)":"Petra Susilova","Odhadovan\u00e1 doba \u010dten\u00ed":"4 minuty"},"schema":{"@context":"https:\/\/schema.org","@graph":[{"@type":"Article","@id":"https:\/\/blog.ccc.eu\/cz\/udrzitelna-obuv-den-zeme\/#article","isPartOf":{"@id":"https:\/\/blog.ccc.eu\/cz\/udrzitelna-obuv-den-zeme\/"},"author":{"name":"Petra Susilova","@id":"https:\/\/blog.ccc.eu\/cz\/#\/schema\/person\/74ddaf45957c4c3e85587a666ba20782"},"headline":"Udr\u017eiteln\u00e1 obuv: M\u00f3da, kter\u00e1 d\u00e1v\u00e1 smysl","datePublished":"2025-04-22T07:23:07+00:00","dateModified":"2025-04-22T07:55:05+00:00","mainEntityOfPage":{"@id":"https:\/\/blog.ccc.eu\/cz\/udrzitelna-obuv-den-zeme\/"},"wordCount":632,"commentCount":0,"publisher":{"@id":"https:\/\/blog.ccc.eu\/cz\/#organization"},"image":{"@id":"https:\/\/blog.ccc.eu\/cz\/udrzitelna-obuv-den-zeme\/#primaryimage"},"thumbnailUrl":"https:\/\/blog.ccc.eu\/cz\/wp-content\/uploads\/2025\/04\/BLOG-3.png","keywords":["baler\u00edny","D\u00e1msk\u00e9 boty","jaro","mokas\u00edny","Tenisky","trendy"],"articleSection":["JARO","M\u00d3DN\u00cd TIPY"],"inLanguage":"cs","potentialAction":[{"@type":"CommentAction","name":"Comment","target":["https:\/\/blog.ccc.eu\/cz\/udrzitelna-obuv-den-zeme\/#respond"]}]},{"@type":"WebPage","@id":"https:\/\/blog.ccc.eu\/cz\/udrzitelna-obuv-den-zeme\/","url":"https:\/\/blog.ccc.eu\/cz\/udrzitelna-obuv-den-zeme\/","name":"Udr\u017eiteln\u00e1 obuv: M\u00f3da, kter\u00e1 d\u00e1v\u00e1 smysl - blog.ccc.eu\/cz","isPartOf":{"@id":"https:\/\/blog.ccc.eu\/cz\/#website"},"primaryImageOfPage":{"@id":"https:\/\/blog.ccc.eu\/cz\/udrzitelna-obuv-den-zeme\/#primaryimage"},"image":{"@id":"https:\/\/blog.ccc.eu\/cz\/udrzitelna-obuv-den-zeme\/#primaryimage"},"thumbnailUrl":"https:\/\/blog.ccc.eu\/cz\/wp-content\/uploads\/2025\/04\/BLOG-3.png","datePublished":"2025-04-22T07:23:07+00:00","dateModified":"2025-04-22T07:55:05+00:00","description":"Oslavte Den Zem\u011b stylov\u011b s kolekc\u00ed weCare od CCC! Pohodln\u00e1 a udr\u017eiteln\u00e1 obuv ide\u00e1ln\u00ed pro jarn\u00ed dny! Objevte tuto kolekci pr\u00e1v\u011b te\u010f.","breadcrumb":{"@id":"https:\/\/blog.ccc.eu\/cz\/udrzitelna-obuv-den-zeme\/#breadcrumb"},"inLanguage":"cs","potentialAction":[{"@type":"ReadAction","target":["https:\/\/blog.ccc.eu\/cz\/udrzitelna-obuv-den-zeme\/"]}]},{"@type":"ImageObject","inLanguage":"cs","@id":"https:\/\/blog.ccc.eu\/cz\/udrzitelna-obuv-den-zeme\/#primaryimage","url":"https:\/\/blog.ccc.eu\/cz\/wp-content\/uploads\/2025\/04\/BLOG-3.png","contentUrl":"https:\/\/blog.ccc.eu\/cz\/wp-content\/uploads\/2025\/04\/BLOG-3.png","width":1240,"height":640,"caption":"udr\u017eiteln\u00e1 obuv CCC"},{"@type":"BreadcrumbList","@id":"https:\/\/blog.ccc.eu\/cz\/udrzitelna-obuv-den-zeme\/#breadcrumb","itemListElement":[{"@type":"ListItem","position":1,"name":"Strona g\u0142\u00f3wna","item":"https:\/\/blog.ccc.eu\/cz\/"},{"@type":"ListItem","position":2,"name":"Udr\u017eiteln\u00e1 obuv: M\u00f3da, kter\u00e1 d\u00e1v\u00e1 smysl"}]},{"@type":"WebSite","@id":"https:\/\/blog.ccc.eu\/cz\/#website","url":"https:\/\/blog.ccc.eu\/cz\/","name":"blog.ccc.eu\/cz","description":"Va\u0161e m\u00edsto pln\u00e9 m\u00f3dn\u00edch inspirac\u00ed","publisher":{"@id":"https:\/\/blog.ccc.eu\/cz\/#organization"},"potentialAction":[{"@type":"SearchAction","target":{"@type":"EntryPoint","urlTemplate":"https:\/\/blog.ccc.eu\/cz\/?s={search_term_string}"},"query-input":{"@type":"PropertyValueSpecification","valueRequired":true,"valueName":"search_term_string"}}],"inLanguage":"cs"},{"@type":"Organization","@id":"https:\/\/blog.ccc.eu\/cz\/#organization","name":"CCC S.A.","url":"https:\/\/blog.ccc.eu\/cz\/","logo":{"@type":"ImageObject","inLanguage":"cs","@id":"https:\/\/blog.ccc.eu\/cz\/#\/schema\/logo\/image\/","url":"https:\/\/blog.ccc.eu\/cz\/wp-content\/uploads\/2021\/11\/logo_ccc.png","contentUrl":"https:\/\/blog.ccc.eu\/cz\/wp-content\/uploads\/2021\/11\/logo_ccc.png","width":730,"height":270,"caption":"CCC S.A."},"image":{"@id":"https:\/\/blog.ccc.eu\/cz\/#\/schema\/logo\/image\/"}},{"@type":"Person","@id":"https:\/\/blog.ccc.eu\/cz\/#\/schema\/person\/74ddaf45957c4c3e85587a666ba20782","name":"Petra Susilova","image":{"@type":"ImageObject","inLanguage":"cs","@id":"https:\/\/blog.ccc.eu\/cz\/#\/schema\/person\/image\/","url":"https:\/\/secure.gravatar.com\/avatar\/2eeba86289b6f51c358487152d296aa19002ba9c061f1bb2f0c5f86ed31e132f?s=96&r=g","contentUrl":"https:\/\/secure.gravatar.com\/avatar\/2eeba86289b6f51c358487152d296aa19002ba9c061f1bb2f0c5f86ed31e132f?s=96&r=g","caption":"Petra Susilova"},"url":"https:\/\/blog.ccc.eu\/cz\/author\/petra-susilova\/"}]}},"_links":{"self":[{"href":"https:\/\/blog.ccc.eu\/cz\/wp-json\/wp\/v2\/posts\/7568","targetHints":{"allow":["GET"]}}],"collection":[{"href":"https:\/\/blog.ccc.eu\/cz\/wp-json\/wp\/v2\/posts"}],"about":[{"href":"https:\/\/blog.ccc.eu\/cz\/wp-json\/wp\/v2\/types\/post"}],"author":[{"embeddable":true,"href":"https:\/\/blog.ccc.eu\/cz\/wp-json\/wp\/v2\/users\/25"}],"replies":[{"embeddable":true,"href":"https:\/\/blog.ccc.eu\/cz\/wp-json\/wp\/v2\/comments?post=7568"}],"version-history":[{"count":12,"href":"https:\/\/blog.ccc.eu\/cz\/wp-json\/wp\/v2\/posts\/7568\/revisions"}],"predecessor-version":[{"id":7649,"href":"https:\/\/blog.ccc.eu\/cz\/wp-json\/wp\/v2\/posts\/7568\/revisions\/7649"}],"wp:featuredmedia":[{"embeddable":true,"href":"https:\/\/blog.ccc.eu\/cz\/wp-json\/wp\/v2\/media\/7585"}],"wp:attachment":[{"href":"https:\/\/blog.ccc.eu\/cz\/wp-json\/wp\/v2\/media?parent=7568"}],"wp:term":[{"taxonomy":"category","embeddable":true,"href":"https:\/\/blog.ccc.eu\/cz\/wp-json\/wp\/v2\/categories?post=7568"},{"taxonomy":"post_tag","embeddable":true,"href":"https:\/\/blog.ccc.eu\/cz\/wp-json\/wp\/v2\/tags?post=7568"}],"curies":[{"name":"wp","href":"https:\/\/api.w.org\/{rel}","templated":true}]}}