{"id":7775,"date":"2025-06-12T17:38:00","date_gmt":"2025-06-12T15:38:00","guid":{"rendered":"https:\/\/blog.ccc.eu\/cz\/?p=7775"},"modified":"2025-07-13T00:44:57","modified_gmt":"2025-07-12T22:44:57","slug":"tipy-na-boty-ktere-opticky-zvysuji","status":"publish","type":"post","link":"https:\/\/blog.ccc.eu\/cz\/tipy-na-boty-ktere-opticky-zvysuji\/","title":{"rendered":"Pat\u0159\u00edte mezi \u017eeny ni\u017e\u0161\u00edho vzr\u016fstu? Tipy na boty, kter\u00e9 v\u00e1s opticky prodlou\u017e\u00ed"},"content":{"rendered":"\n<p><em>V\u00fdb\u011br spr\u00e1vn\u00e9 obuvi m\u016f\u017ee v\u00fdrazn\u011b ovlivnit v\u00e1\u0161 celkov\u00fd vzhled, zejm\u00e9na u \u017een ni\u017e\u0161\u00edho vzr\u016fstu. Nen\u00ed v\u017edy nutn\u00e9 sahat po extr\u00e9mn\u011b vysok\u00fdch podpatc\u00edch \u2013 optick\u00e9 triky, proporce a styl mohou postavu elegantn\u011b prodlou\u017eit i bez nich.<\/em><\/p>\n\n\n\n<figure class=\"wp-block-gallery has-nested-images columns-default is-cropped wp-block-gallery-1 is-layout-flex wp-block-gallery-is-layout-flex\">\n<figure class=\"wp-block-image size-large\"><img loading=\"lazy\" decoding=\"async\" width=\"683\" height=\"1024\" data-id=\"7777\" src=\"https:\/\/blog.ccc.eu\/cz\/wp-content\/uploads\/2025\/06\/CCC_5905588228646_04-683x1024.jpg\" alt=\"\" class=\"wp-image-7777\" srcset=\"https:\/\/blog.ccc.eu\/cz\/wp-content\/uploads\/2025\/06\/CCC_5905588228646_04-683x1024.jpg 683w, https:\/\/blog.ccc.eu\/cz\/wp-content\/uploads\/2025\/06\/CCC_5905588228646_04-200x300.jpg 200w, https:\/\/blog.ccc.eu\/cz\/wp-content\/uploads\/2025\/06\/CCC_5905588228646_04-768x1152.jpg 768w, https:\/\/blog.ccc.eu\/cz\/wp-content\/uploads\/2025\/06\/CCC_5905588228646_04-100x150.jpg 100w, https:\/\/blog.ccc.eu\/cz\/wp-content\/uploads\/2025\/06\/CCC_5905588228646_04.jpg 876w\" sizes=\"auto, (max-width: 683px) 100vw, 683px\" \/><\/figure>\n\n\n\n<figure class=\"wp-block-image size-large\"><img loading=\"lazy\" decoding=\"async\" width=\"683\" height=\"1024\" data-id=\"7776\" src=\"https:\/\/blog.ccc.eu\/cz\/wp-content\/uploads\/2025\/06\/CCC_5905588228646_01K-683x1024.jpg\" alt=\"\" class=\"wp-image-7776\" srcset=\"https:\/\/blog.ccc.eu\/cz\/wp-content\/uploads\/2025\/06\/CCC_5905588228646_01K-683x1024.jpg 683w, https:\/\/blog.ccc.eu\/cz\/wp-content\/uploads\/2025\/06\/CCC_5905588228646_01K-200x300.jpg 200w, https:\/\/blog.ccc.eu\/cz\/wp-content\/uploads\/2025\/06\/CCC_5905588228646_01K-768x1152.jpg 768w, https:\/\/blog.ccc.eu\/cz\/wp-content\/uploads\/2025\/06\/CCC_5905588228646_01K-100x150.jpg 100w, https:\/\/blog.ccc.eu\/cz\/wp-content\/uploads\/2025\/06\/CCC_5905588228646_01K.jpg 876w\" sizes=\"auto, (max-width: 683px) 100vw, 683px\" \/><\/figure>\n<\/figure>\n\n\n\n<p><\/p>\n\n\n\n<p>Na\u0161t\u011bst\u00ed \u017eijeme v dob\u011b, kdy lze drobn\u00e9 \u201egenetick\u00e9 nedostatky\u201c zakr\u00fdt, vylep\u0161it. A nemysl\u00edm t\u00edm invazivn\u011b (i kdy\u017e i to lze samoz\u0159ejm\u011b ud\u011blat), ale prost\u00fdm p\u0159ehledem spr\u00e1vn\u00e9ho stylingu. Mo\u017en\u00e1 nejste typ \u017eeny, kter\u00e1 se vy\u017e\u00edv\u00e1 v m\u00f3dn\u00edch tipech a sleduje nejnov\u011bj\u0161\u00ed trendy. <\/p>\n\n\n\n<p>Ale mo\u017en\u00e1 i s p\u0159ib\u00fdvaj\u00edc\u00edm v\u011bkem postupn\u011b p\u0159ich\u00e1z\u00edte na to, \u017ee zn\u00e1t n\u011bkter\u00e1 pravidla a p\u00e1r tip\u016f, jak snadno vylep\u0161it sv\u016fj vzhled, je velmi u\u017eite\u010dn\u00e9. N\u00ed\u017ee nap\u0159\u00edklad najdete p\u0159ehled n\u011bkolika tip\u016f, jak opticky upravit svou v\u00fd\u0161ku, pokud pat\u0159\u00edte mezi \u017eeny, kter\u00e9 by r\u00e1dy p\u0159idaly p\u00e1r centimetr\u016f. Darmo, ne v\u0161echny jsme se narodily jako modelky.&nbsp;\ud83d\ude42<\/p>\n\n\n\n<p>Pokud tedy chcete opticky p\u0159idat p\u00e1r centimetr\u016f ve sm\u011bru v\u00fd\u0161ky, zkuste to s pomoc\u00ed bot. Je to asi nejjednodu\u0161\u0161\u00ed a velmi decentn\u00ed zp\u016fsob. A nemus\u00edte v\u016fbec sahat po vysok\u00fdch podpatc\u00edch!<\/p>\n\n\n\n<h2 class=\"wp-block-heading\"><strong>Ni\u017e\u0161\u00ed podpatky, vysok\u00fd efekt<\/strong><\/h2>\n\n\n\n<p>Vysok\u00e9 podpatky mohou okam\u017eit\u011b p\u0159idat n\u011bkolik centimetr\u016f, ale ne ka\u017ed\u00e1 \u017eena je chce nebo m\u016f\u017ee nosit ka\u017ed\u00fd den. N\u011bkolik centimetr\u016f v\u0161ak m\u016f\u017eete opticky p\u0159idat t\u00edm, \u017ee zvol\u00edte ni\u017e\u0161\u00ed podpatky. <\/p>\n\n\n\n<p>Zvolte si boty na kl\u00ednku, kter\u00e9 vypadaj\u00ed p\u0159irozen\u011bji a pohodln\u011bji ne\u017e klasick\u00e9 jehlov\u00e9 podpatky. Volbou \u010d. 2 mohou b\u00fdt blokov\u00e9 podpatky, kter\u00e9 poskytuj\u00ed eleganci a stabilitu z\u00e1rove\u0148, a kone\u010dn\u011b volbou \u010d. 3 mohou b\u00fdt boty na platform\u011b, kter\u00e9 p\u0159id\u00e1vaj\u00ed v\u00fd\u0161ku velmi p\u0159irozen\u011b, ani\u017e by vytv\u00e1\u0159ely nep\u0159irozen\u00fd sklon chodidla.<\/p>\n\n\n\n<p>V\u00fdb\u011br jednoho z t\u011bchto typ\u016f podpatk\u016f nebo dokonce bot na platform\u011b prodlou\u017e\u00ed va\u0161i v\u00fd\u0161ku, v tomto p\u0159\u00edpad\u011b fyzicky, nejen vizu\u00e1ln\u011b.<\/p>\n\n\n<shortcode prop-load-num=\"12\" prop-display-num=\"4\" prop-sku=\"5903698112336, 5903419919176, 5903698112398, 5903419651441, 5903419651427, 5903698005287, 5903698598956\" prop-view=\"slider\"><\/shortcode>        <div\r\n            class=\"eob-pf-shortcode\"\r\n            id=\"eobpf69f2508199e19\"\r\n        >\r\n            <shortcode prop-load-num=\"12\" prop-display-num=\"4\" prop-sku=\"5903698112336, 5903419919176, 5903698112398, 5903419651441, 5903419651427, 5903698005287, 5903698598956\" prop-view=\"slider\"><\/shortcode>        <\/div>\r\n\t\t<script>\r\n\t\t\tjQuery(document).ready(() => {\r\n\t\t\t    const root = document.getElementById('eobpf69f2508199e19');\r\n                Vue.createApp({\r\n\t                components: {\r\n\t                    shortcode\r\n\t                }\r\n                }).mount(root);\r\n\t\t\t});\r\n\t\t<\/script>\r\n\t\t\r\n\t\t\n\n\n\n<p><\/p>\n\n\n\n<h2 class=\"wp-block-heading\"><strong>Boty v t\u011blov\u00e9 barv\u011b prodlu\u017euj\u00ed nohy<\/strong><\/h2>\n\n\n\n<p>Tento typ obuvi zp\u016fsobuje prodlou\u017een\u00ed sp\u00ed\u0161e optick\u00e9ho charakteru. Boty v barv\u011b k\u016f\u017ee vyvol\u00e1vaj\u00ed dojem del\u0161\u00edch nohou, zejm\u00e9na pokud se jedn\u00e1 o lodi\u010dky, sand\u00e1ly nebo baler\u00edny s odhalenou \u0161pi\u010dkou. Tento efekt se zes\u00edl\u00ed, pokud je t\u011blov\u00e1 barva co nejbl\u00ed\u017ee odst\u00ednu k\u016f\u017ee. V\u00e1\u0161 celkov\u00fd vzhled bude p\u016fsobit del\u0161\u00ed, vy\u0161\u0161\u00ed.<\/p>\n\n\n<shortcode prop-load-num=\"12\" prop-display-num=\"4\" prop-sku=\"5906751118665, 5903698297040, 5903698599113, 5905588344056, 5906751088746, 5906751025130, 5906751099490, 5906751116692, 5906751030073, 5906751009833\" prop-view=\"slider\"><\/shortcode>        <div\r\n            class=\"eob-pf-shortcode\"\r\n            id=\"eobpf69f2508199f24\"\r\n        >\r\n            <shortcode prop-load-num=\"12\" prop-display-num=\"4\" prop-sku=\"5906751118665, 5903698297040, 5903698599113, 5905588344056, 5906751088746, 5906751025130, 5906751099490, 5906751116692, 5906751030073, 5906751009833\" prop-view=\"slider\"><\/shortcode>        <\/div>\r\n\t\t<script>\r\n\t\t\tjQuery(document).ready(() => {\r\n\t\t\t    const root = document.getElementById('eobpf69f2508199f24');\r\n                Vue.createApp({\r\n\t                components: {\r\n\t                    shortcode\r\n\t                }\r\n                }).mount(root);\r\n\t\t\t});\r\n\t\t<\/script>\r\n\t\t\r\n\t\t\n\n\n\n<p><\/p>\n\n\n\n<h2 class=\"wp-block-heading\"><strong>Lodi\u010dky s ostrou \u0161pi\u010dkou<\/strong><\/h2>\n\n\n\n<p>Boty s \u00fazkou, \u0161pi\u010datou \u0161pi\u010dkou vypadaj\u00ed prodlou\u017een\u011b a elegantn\u011b. Takov\u00fd tvar obuvi opticky prodlu\u017euje nejen chodidlo, ale i celou nohu. Pokud tedy chcete p\u0159idat alespo\u0148 centimetr nebo dva, s\u00e1hn\u011bte po lodi\u010dk\u00e1ch s \u00fazkou \u0161pi\u010dkou, kter\u00e9 tento efekt opticky zaru\u010d\u00ed.<\/p>\n\n\n<shortcode prop-load-num=\"12\" prop-display-num=\"4\" prop-sku=\"5906751084977, 5906751018224, 5904862306285, 5903698599250, 5903698173702, 5903698677989, 5903419784866\" prop-view=\"slider\"><\/shortcode>        <div\r\n            class=\"eob-pf-shortcode\"\r\n            id=\"eobpf69f2508199f5d\"\r\n        >\r\n            <shortcode prop-load-num=\"12\" prop-display-num=\"4\" prop-sku=\"5906751084977, 5906751018224, 5904862306285, 5903698599250, 5903698173702, 5903698677989, 5903419784866\" prop-view=\"slider\"><\/shortcode>        <\/div>\r\n\t\t<script>\r\n\t\t\tjQuery(document).ready(() => {\r\n\t\t\t    const root = document.getElementById('eobpf69f2508199f5d');\r\n                Vue.createApp({\r\n\t                components: {\r\n\t                    shortcode\r\n\t                }\r\n                }).mount(root);\r\n\t\t\t});\r\n\t\t<\/script>\r\n\t\t\r\n\t\t\n\n\n\n<p><\/p>\n\n\n\n<h2 class=\"wp-block-heading\"><strong>Jednobarevn\u00fd outfit s botami ve stejn\u00e9m t\u00f3nu<\/strong><\/h2>\n\n\n\n<p>Pokud jsou boty slad\u011bny s kalhotami nebo pun\u010dochami, vznikne jednotn\u00e1 linie, kter\u00e1 opticky prot\u00e1hne postavu. To plat\u00ed zejm\u00e9na pro tmav\u00e9 odst\u00edny, jako je \u010dern\u00e1, tmav\u011b modr\u00e1 nebo \u0161ed\u00e1. Sna\u017ete se, aby oble\u010den\u00ed bylo barevn\u011b slad\u011bn\u00e9, nikoliv barevn\u011b blokovan\u00e9, to v\u00e1m alespo\u0148 trochu opticky p\u0159id\u00e1 na v\u00fd\u0161ce. Nav\u00edc to vypad\u00e1 opravdu elegantn\u011b a sofistikovan\u011b.<\/p>\n\n\n\n<h2 class=\"wp-block-heading\"><strong>Ne vodorovn\u00fdm lini\u00edm a p\u00e1sk\u016fm na kotn\u00edc\u00edch<\/strong><\/h2>\n\n\n\n<p>\u0158em\u00ednky, zejm\u00e9na ty siln\u00e9, kter\u00e9 obep\u00ednaj\u00ed kotn\u00edk, zkracuj\u00ed nohy a p\u0159eru\u0161uj\u00ed linii. Tento typ obuvi je zn\u00e1m\u00fd t\u00edm, \u017ee opticky zkracuje nohy, tak\u017ee by m\u011bl b\u00fdt volbou vysok\u00fdch \u017een. Nen\u00ed divu, \u017ee jsou pom\u011brn\u011b \u010dasto k vid\u011bn\u00ed na modelk\u00e1ch. <\/p>\n\n\n\n<p>Pokud jste naopak vysok\u00e1 a chcete opticky ubrat p\u00e1r centimetr\u016f, m\u016f\u017ee b\u00fdt tento typ obuvi pro v\u00e1s ten prav\u00fd. Ale pro ty ni\u017e\u0161\u00ed u\u017e tolik ne, volte lodi\u010dky s v\u00fd\u0159ezem ve tvaru V na z\u00e1tylku a rozhodn\u011b bez p\u00e1sk\u016f kolem kotn\u00edku.<\/p>\n\n\n<shortcode prop-load-num=\"12\" prop-display-num=\"4\" prop-sku=\"5904862303253, 2230083251282, 5903698117546, 5903698604251, 5903698678108, 5903698599250\" prop-view=\"slider\"><\/shortcode>        <div\r\n            class=\"eob-pf-shortcode\"\r\n            id=\"eobpf69f2508199f85\"\r\n        >\r\n            <shortcode prop-load-num=\"12\" prop-display-num=\"4\" prop-sku=\"5904862303253, 2230083251282, 5903698117546, 5903698604251, 5903698678108, 5903698599250\" prop-view=\"slider\"><\/shortcode>        <\/div>\r\n\t\t<script>\r\n\t\t\tjQuery(document).ready(() => {\r\n\t\t\t    const root = document.getElementById('eobpf69f2508199f85');\r\n                Vue.createApp({\r\n\t                components: {\r\n\t                    shortcode\r\n\t                }\r\n                }).mount(root);\r\n\t\t\t});\r\n\t\t<\/script>\r\n\t\t\r\n\t\t\n\n\n\n<p><\/p>\n\n\n\n<h2 class=\"wp-block-heading\"><strong>Koza\u010dky a kotn\u00edkov\u00e9 boty \u2013 pozor na v\u00fd\u0161ku<\/strong><\/h2>\n\n\n\n<p>Bl\u00ed\u017e\u00ed se l\u00e9to, tak\u017ee po koza\u010dk\u00e1ch a kotn\u00ed\u010dkov\u00fdch bot\u00e1ch pravd\u011bpodobn\u011b v nejbli\u017e\u0161\u00ed dob\u011b nes\u00e1hnete, ale pokud chcete kotn\u00ed\u010dkov\u00e9 boty nap\u0159\u00edklad na festival, dejte si pozor na spr\u00e1vn\u00fd v\u00fdb\u011br! N\u00edzk\u00e9 \u017eeny by se m\u011bly vyhnout vysok\u00fdm bot\u00e1m do p\u016fli l\u00fdtek, kter\u00e9 mohou zkr\u00e1tit postavu. <\/p>\n\n\n\n<p>M\u00edsto toho volte kotn\u00edkov\u00e9 boty s \u00fazk\u00fdm st\u0159ihem, nebo pokud v\u00e1s boty do p\u016fli l\u00fdtek velmi l\u00e1kaj\u00ed, obujte si k nim nadkolenky, ide\u00e1ln\u011b ve stejn\u00e9 barv\u011b.<\/p>\n\n\n<shortcode prop-load-num=\"12\" prop-display-num=\"4\" prop-sku=\"5905588988076, 5903419339653, 5905588985006, 5903419218927, 2230084389335, 5905588924630, 5905588925392, 5905588913740, 5905588881476\" prop-view=\"slider\"><\/shortcode>        <div\r\n            class=\"eob-pf-shortcode\"\r\n            id=\"eobpf69f2508199faa\"\r\n        >\r\n            <shortcode prop-load-num=\"12\" prop-display-num=\"4\" prop-sku=\"5905588988076, 5903419339653, 5905588985006, 5903419218927, 2230084389335, 5905588924630, 5905588925392, 5905588913740, 5905588881476\" prop-view=\"slider\"><\/shortcode>        <\/div>\r\n\t\t<script>\r\n\t\t\tjQuery(document).ready(() => {\r\n\t\t\t    const root = document.getElementById('eobpf69f2508199faa');\r\n                Vue.createApp({\r\n\t                components: {\r\n\t                    shortcode\r\n\t                }\r\n                }).mount(root);\r\n\t\t\t});\r\n\t\t<\/script>\r\n\t\t\r\n\t\t\n\n\n\n<p><\/p>\n\n\n\n<h2 class=\"wp-block-heading\"><strong>Minimalistick\u00fd design bez mas\u00edvn\u00edch detail\u016f<\/strong><\/h2>\n\n\n\n<p>Masivn\u00ed podr\u00e1\u017eky, objemn\u00e9 \u0161n\u011brov\u00e1n\u00ed nebo velk\u00e9 ozdoby mohou p\u016fsobit t\u011b\u017ekop\u00e1dn\u011b. Pro ni\u017e\u0161\u00ed postavu je vhodn\u011bj\u0161\u00ed subtiln\u00ed obuv s \u010distou siluetou. Proto si vyb\u00edrejte obuv, kter\u00e1 podtrhne va\u0161i jemnou \u017eenskou siluetu \u2013 a ne naopak. Zvolte minimalistick\u00fd design, kter\u00fd zd\u016frazn\u00ed va\u0161i kr\u00e1snou \u017eenskou energii.<\/p>\n\n\n\n<p>Pokud jste si p\u0159e\u010detli tento p\u0159\u00edsp\u011bvek, pravd\u011bpodobn\u011b byste cht\u011bli n\u011bjak\u00fdm zp\u016fsobem prodlou\u017eit svou v\u00fd\u0161ku. Najdete zde n\u011bkolik tip\u016f, ale pravd\u011bpodobn\u011b nen\u00ed nic d\u016fle\u017eit\u011bj\u0161\u00edho ne\u017e m\u00edt se r\u00e1di takov\u00ed, jac\u00ed jsme. Konkr\u00e9tn\u011b v\u00fd\u0161ka je n\u011bco, co je n\u00e1m opravdu p\u0159ed\u00e1no, a i kdy\u017e s n\u00ed vizu\u00e1ln\u011b m\u016f\u017eeme pracovat, co\u017e se v n\u011bkter\u00fdch p\u0159\u00edpadech jist\u011b m\u016f\u017ee sej\u00edt, nejlep\u0161\u00ed je, kdy\u017e jste spokojeni sami se sebou. <\/p>\n\n\n\n<div class=\"wp-block-buttons is-content-justification-center is-layout-flex wp-container-core-buttons-is-layout-16018d1d wp-block-buttons-is-layout-flex\">\n<div class=\"wp-block-button is-style-fill\"><a class=\"wp-block-button__link has-custom-font-size wp-element-button\" href=\"https:\/\/ccc.eu\/cz\/\" style=\"border-radius:0px;font-size:15px\">Objevit celou ponuku CCC<\/a><\/div>\n<\/div>\n\n\n\n<p><\/p>\n\n\n\n<p>P\u0159edev\u0161\u00edm bu\u010fme vd\u011b\u010dn\u00ed za v\u0161echno dobr\u00e9, co n\u00e1s v \u017eivot\u011b potkalo, a to jist\u011b p\u0159i\u0161lo v podob\u011b v\u00fd\u0161ky, kter\u00e1 je p\u0159esn\u011b takov\u00e1, jak\u00e1 m\u00e1 b\u00fdt \u2013 pro n\u00e1s dokonal\u00e1. A pokud je to nutn\u00e9 pro n\u011bjakou p\u0159\u00edle\u017eitost nebo proto, abychom se c\u00edtili l\u00e9pe, nap\u0159\u00edklad p\u0159i konkr\u00e9tn\u00edm jedn\u00e1n\u00ed, s\u00e1hn\u011bme nap\u0159\u00edklad po spr\u00e1vn\u00fdch bot\u00e1ch.<\/p>\n","protected":false},"excerpt":{"rendered":"<p>V\u00fdb\u011br spr\u00e1vn\u00e9 obuvi m\u016f\u017ee v\u00fdrazn\u011b ovlivnit v\u00e1\u0161 celkov\u00fd vzhled, zejm\u00e9na u \u017een ni\u017e\u0161\u00edho vzr\u016fstu. Nen\u00ed v\u017edy nutn\u00e9 sahat po extr\u00e9mn\u011b vysok\u00fdch podpatc\u00edch \u2013 optick\u00e9 triky, proporce a styl mohou postavu elegantn\u011b prodlou\u017eit i bez nich. Na\u0161t\u011bst\u00ed \u017eijeme v dob\u011b, kdy lze drobn\u00e9 \u201egenetick\u00e9 nedostatky\u201c zakr\u00fdt, vylep\u0161it. A nemysl\u00edm t\u00edm invazivn\u011b (i kdy\u017e i to lze [&hellip;]<\/p>\n","protected":false},"author":24,"featured_media":7778,"comment_status":"open","ping_status":"open","sticky":false,"template":"","format":"standard","meta":{"_acf_changed":false,"footnotes":""},"categories":[4],"tags":[566],"class_list":["post-7775","post","type-post","status-publish","format-standard","has-post-thumbnail","hentry","category-modni-tipy","tag-boty"],"acf":[],"yoast_head":"<!-- This site is optimized with the Yoast SEO plugin v26.9 - https:\/\/yoast.com\/product\/yoast-seo-wordpress\/ -->\n<title>Pat\u0159\u00edte mezi \u017eeny ni\u017e\u0161\u00edho vzr\u016fstu? Tipy na boty, kter\u00e9 v\u00e1s opticky prodlou\u017e\u00ed - blog.ccc.eu\/cz<\/title>\n<meta name=\"description\" content=\"Tipy na boty pro ni\u017e\u0161\u00ed \u017eeny: jak si opticky prodlou\u017eit postavu bez vysok\u00fdch podpatk\u016f \u2013 jednoduch\u00e9 triky, styl a spr\u00e1vn\u00fd v\u00fdb\u011br obuvi. 2026\" \/>\n<meta name=\"robots\" content=\"index, follow, max-snippet:-1, max-image-preview:large, max-video-preview:-1\" \/>\n<link rel=\"canonical\" href=\"https:\/\/blog.ccc.eu\/cz\/tipy-na-boty-ktere-opticky-zvysuji\/\" \/>\n<meta property=\"og:locale\" content=\"cs_CZ\" \/>\n<meta property=\"og:type\" content=\"article\" \/>\n<meta property=\"og:title\" content=\"Pat\u0159\u00edte mezi \u017eeny ni\u017e\u0161\u00edho vzr\u016fstu? Tipy na boty, kter\u00e9 v\u00e1s opticky prodlou\u017e\u00ed - blog.ccc.eu\/cz\" \/>\n<meta property=\"og:description\" content=\"Tipy na boty pro ni\u017e\u0161\u00ed \u017eeny: jak si opticky prodlou\u017eit postavu bez vysok\u00fdch podpatk\u016f \u2013 jednoduch\u00e9 triky, styl a spr\u00e1vn\u00fd v\u00fdb\u011br obuvi.\" \/>\n<meta property=\"og:url\" content=\"https:\/\/blog.ccc.eu\/cz\/tipy-na-boty-ktere-opticky-zvysuji\/\" \/>\n<meta property=\"og:site_name\" content=\"blog.ccc.eu\/cz\" \/>\n<meta property=\"article:published_time\" content=\"2025-06-12T15:38:00+00:00\" \/>\n<meta property=\"article:modified_time\" content=\"2025-07-12T22:44:57+00:00\" \/>\n<meta property=\"og:image\" content=\"https:\/\/blog.ccc.eu\/cz\/wp-content\/uploads\/2025\/06\/CCC_590558887448503_02M-Copy.jpg\" \/>\n\t<meta property=\"og:image:width\" content=\"1024\" \/>\n\t<meta property=\"og:image:height\" content=\"683\" \/>\n\t<meta property=\"og:image:type\" content=\"image\/jpeg\" \/>\n<meta name=\"author\" content=\"Kaja\" \/>\n<meta name=\"twitter:card\" content=\"summary_large_image\" \/>\n<meta name=\"twitter:label1\" content=\"Napsal(a)\" \/>\n\t<meta name=\"twitter:data1\" content=\"Kaja\" \/>\n\t<meta name=\"twitter:label2\" content=\"Odhadovan\u00e1 doba \u010dten\u00ed\" \/>\n\t<meta name=\"twitter:data2\" content=\"5 minut\" \/>\n<script type=\"application\/ld+json\" class=\"yoast-schema-graph\">{\"@context\":\"https:\/\/schema.org\",\"@graph\":[{\"@type\":\"Article\",\"@id\":\"https:\/\/blog.ccc.eu\/cz\/tipy-na-boty-ktere-opticky-zvysuji\/#article\",\"isPartOf\":{\"@id\":\"https:\/\/blog.ccc.eu\/cz\/tipy-na-boty-ktere-opticky-zvysuji\/\"},\"author\":{\"name\":\"Kaja\",\"@id\":\"https:\/\/blog.ccc.eu\/cz\/#\/schema\/person\/f21bfa7ed9e08fb4b5b823707bdde059\"},\"headline\":\"Pat\u0159\u00edte mezi \u017eeny ni\u017e\u0161\u00edho vzr\u016fstu? Tipy na boty, kter\u00e9 v\u00e1s opticky prodlou\u017e\u00ed\",\"datePublished\":\"2025-06-12T15:38:00+00:00\",\"dateModified\":\"2025-07-12T22:44:57+00:00\",\"mainEntityOfPage\":{\"@id\":\"https:\/\/blog.ccc.eu\/cz\/tipy-na-boty-ktere-opticky-zvysuji\/\"},\"wordCount\":1078,\"commentCount\":0,\"publisher\":{\"@id\":\"https:\/\/blog.ccc.eu\/cz\/#organization\"},\"image\":{\"@id\":\"https:\/\/blog.ccc.eu\/cz\/tipy-na-boty-ktere-opticky-zvysuji\/#primaryimage\"},\"thumbnailUrl\":\"https:\/\/blog.ccc.eu\/cz\/wp-content\/uploads\/2025\/06\/CCC_590558887448503_02M-Copy.jpg\",\"keywords\":[\"Boty\"],\"articleSection\":[\"M\u00d3DN\u00cd TIPY\"],\"inLanguage\":\"cs\",\"potentialAction\":[{\"@type\":\"CommentAction\",\"name\":\"Comment\",\"target\":[\"https:\/\/blog.ccc.eu\/cz\/tipy-na-boty-ktere-opticky-zvysuji\/#respond\"]}]},{\"@type\":\"WebPage\",\"@id\":\"https:\/\/blog.ccc.eu\/cz\/tipy-na-boty-ktere-opticky-zvysuji\/\",\"url\":\"https:\/\/blog.ccc.eu\/cz\/tipy-na-boty-ktere-opticky-zvysuji\/\",\"name\":\"Pat\u0159\u00edte mezi \u017eeny ni\u017e\u0161\u00edho vzr\u016fstu? Tipy na boty, kter\u00e9 v\u00e1s opticky prodlou\u017e\u00ed - blog.ccc.eu\/cz\",\"isPartOf\":{\"@id\":\"https:\/\/blog.ccc.eu\/cz\/#website\"},\"primaryImageOfPage\":{\"@id\":\"https:\/\/blog.ccc.eu\/cz\/tipy-na-boty-ktere-opticky-zvysuji\/#primaryimage\"},\"image\":{\"@id\":\"https:\/\/blog.ccc.eu\/cz\/tipy-na-boty-ktere-opticky-zvysuji\/#primaryimage\"},\"thumbnailUrl\":\"https:\/\/blog.ccc.eu\/cz\/wp-content\/uploads\/2025\/06\/CCC_590558887448503_02M-Copy.jpg\",\"datePublished\":\"2025-06-12T15:38:00+00:00\",\"dateModified\":\"2025-07-12T22:44:57+00:00\",\"description\":\"Tipy na boty pro ni\u017e\u0161\u00ed \u017eeny: jak si opticky prodlou\u017eit postavu bez vysok\u00fdch podpatk\u016f \u2013 jednoduch\u00e9 triky, styl a spr\u00e1vn\u00fd v\u00fdb\u011br obuvi.\",\"breadcrumb\":{\"@id\":\"https:\/\/blog.ccc.eu\/cz\/tipy-na-boty-ktere-opticky-zvysuji\/#breadcrumb\"},\"inLanguage\":\"cs\",\"potentialAction\":[{\"@type\":\"ReadAction\",\"target\":[\"https:\/\/blog.ccc.eu\/cz\/tipy-na-boty-ktere-opticky-zvysuji\/\"]}]},{\"@type\":\"ImageObject\",\"inLanguage\":\"cs\",\"@id\":\"https:\/\/blog.ccc.eu\/cz\/tipy-na-boty-ktere-opticky-zvysuji\/#primaryimage\",\"url\":\"https:\/\/blog.ccc.eu\/cz\/wp-content\/uploads\/2025\/06\/CCC_590558887448503_02M-Copy.jpg\",\"contentUrl\":\"https:\/\/blog.ccc.eu\/cz\/wp-content\/uploads\/2025\/06\/CCC_590558887448503_02M-Copy.jpg\",\"width\":1024,\"height\":683,\"caption\":\"boty\"},{\"@type\":\"BreadcrumbList\",\"@id\":\"https:\/\/blog.ccc.eu\/cz\/tipy-na-boty-ktere-opticky-zvysuji\/#breadcrumb\",\"itemListElement\":[{\"@type\":\"ListItem\",\"position\":1,\"name\":\"Strona g\u0142\u00f3wna\",\"item\":\"https:\/\/blog.ccc.eu\/cz\/\"},{\"@type\":\"ListItem\",\"position\":2,\"name\":\"Pat\u0159\u00edte mezi \u017eeny ni\u017e\u0161\u00edho vzr\u016fstu? Tipy na boty, kter\u00e9 v\u00e1s opticky prodlou\u017e\u00ed\"}]},{\"@type\":\"WebSite\",\"@id\":\"https:\/\/blog.ccc.eu\/cz\/#website\",\"url\":\"https:\/\/blog.ccc.eu\/cz\/\",\"name\":\"blog.ccc.eu\/cz\",\"description\":\"Va\u0161e m\u00edsto pln\u00e9 m\u00f3dn\u00edch inspirac\u00ed\",\"publisher\":{\"@id\":\"https:\/\/blog.ccc.eu\/cz\/#organization\"},\"potentialAction\":[{\"@type\":\"SearchAction\",\"target\":{\"@type\":\"EntryPoint\",\"urlTemplate\":\"https:\/\/blog.ccc.eu\/cz\/?s={search_term_string}\"},\"query-input\":{\"@type\":\"PropertyValueSpecification\",\"valueRequired\":true,\"valueName\":\"search_term_string\"}}],\"inLanguage\":\"cs\"},{\"@type\":\"Organization\",\"@id\":\"https:\/\/blog.ccc.eu\/cz\/#organization\",\"name\":\"CCC S.A.\",\"url\":\"https:\/\/blog.ccc.eu\/cz\/\",\"logo\":{\"@type\":\"ImageObject\",\"inLanguage\":\"cs\",\"@id\":\"https:\/\/blog.ccc.eu\/cz\/#\/schema\/logo\/image\/\",\"url\":\"https:\/\/blog.ccc.eu\/cz\/wp-content\/uploads\/2021\/11\/logo_ccc.png\",\"contentUrl\":\"https:\/\/blog.ccc.eu\/cz\/wp-content\/uploads\/2021\/11\/logo_ccc.png\",\"width\":730,\"height\":270,\"caption\":\"CCC S.A.\"},\"image\":{\"@id\":\"https:\/\/blog.ccc.eu\/cz\/#\/schema\/logo\/image\/\"}},{\"@type\":\"Person\",\"@id\":\"https:\/\/blog.ccc.eu\/cz\/#\/schema\/person\/f21bfa7ed9e08fb4b5b823707bdde059\",\"name\":\"Kaja\",\"image\":{\"@type\":\"ImageObject\",\"inLanguage\":\"cs\",\"@id\":\"https:\/\/blog.ccc.eu\/cz\/#\/schema\/person\/image\/\",\"url\":\"https:\/\/blog.ccc.eu\/cz\/wp-content\/uploads\/2024\/06\/white-1-300x300-1-100x100.jpg\",\"contentUrl\":\"https:\/\/blog.ccc.eu\/cz\/wp-content\/uploads\/2024\/06\/white-1-300x300-1-100x100.jpg\",\"caption\":\"Kaja\"},\"description\":\"U\u017e od pubert\u00e1ln\u00edch let se v\u011bnuje pr\u00e1ci v m\u00e9di\u00edch a psan\u00ed. Z kon\u00ed\u010dka se stalo \u017eivobyt\u00ed, kter\u00e9 j\u00ed z\u00e1rove\u0148 poskytlo dostatek svobody k tomu, aby mohla pom\u011brn\u011b hodn\u011b cestovat a pozn\u00e1vat sv\u011bt a r\u016fzn\u00e9 kultury. Energii j\u00ed dod\u00e1v\u00e1 \u010dten\u00ed knih, voda a hudba.\",\"url\":\"https:\/\/blog.ccc.eu\/cz\/author\/perlamakovienka-sk\/\"}]}<\/script>\n<!-- \/ Yoast SEO plugin. -->","yoast_head_json":{"title":"Pat\u0159\u00edte mezi \u017eeny ni\u017e\u0161\u00edho vzr\u016fstu? Tipy na boty, kter\u00e9 v\u00e1s opticky prodlou\u017e\u00ed - blog.ccc.eu\/cz","description":"Tipy na boty pro ni\u017e\u0161\u00ed \u017eeny: jak si opticky prodlou\u017eit postavu bez vysok\u00fdch podpatk\u016f \u2013 jednoduch\u00e9 triky, styl a spr\u00e1vn\u00fd v\u00fdb\u011br obuvi. 2026","robots":{"index":"index","follow":"follow","max-snippet":"max-snippet:-1","max-image-preview":"max-image-preview:large","max-video-preview":"max-video-preview:-1"},"canonical":"https:\/\/blog.ccc.eu\/cz\/tipy-na-boty-ktere-opticky-zvysuji\/","og_locale":"cs_CZ","og_type":"article","og_title":"Pat\u0159\u00edte mezi \u017eeny ni\u017e\u0161\u00edho vzr\u016fstu? Tipy na boty, kter\u00e9 v\u00e1s opticky prodlou\u017e\u00ed - blog.ccc.eu\/cz","og_description":"Tipy na boty pro ni\u017e\u0161\u00ed \u017eeny: jak si opticky prodlou\u017eit postavu bez vysok\u00fdch podpatk\u016f \u2013 jednoduch\u00e9 triky, styl a spr\u00e1vn\u00fd v\u00fdb\u011br obuvi.","og_url":"https:\/\/blog.ccc.eu\/cz\/tipy-na-boty-ktere-opticky-zvysuji\/","og_site_name":"blog.ccc.eu\/cz","article_published_time":"2025-06-12T15:38:00+00:00","article_modified_time":"2025-07-12T22:44:57+00:00","og_image":[{"width":1024,"height":683,"url":"https:\/\/blog.ccc.eu\/cz\/wp-content\/uploads\/2025\/06\/CCC_590558887448503_02M-Copy.jpg","type":"image\/jpeg"}],"author":"Kaja","twitter_card":"summary_large_image","twitter_misc":{"Napsal(a)":"Kaja","Odhadovan\u00e1 doba \u010dten\u00ed":"5 minut"},"schema":{"@context":"https:\/\/schema.org","@graph":[{"@type":"Article","@id":"https:\/\/blog.ccc.eu\/cz\/tipy-na-boty-ktere-opticky-zvysuji\/#article","isPartOf":{"@id":"https:\/\/blog.ccc.eu\/cz\/tipy-na-boty-ktere-opticky-zvysuji\/"},"author":{"name":"Kaja","@id":"https:\/\/blog.ccc.eu\/cz\/#\/schema\/person\/f21bfa7ed9e08fb4b5b823707bdde059"},"headline":"Pat\u0159\u00edte mezi \u017eeny ni\u017e\u0161\u00edho vzr\u016fstu? Tipy na boty, kter\u00e9 v\u00e1s opticky prodlou\u017e\u00ed","datePublished":"2025-06-12T15:38:00+00:00","dateModified":"2025-07-12T22:44:57+00:00","mainEntityOfPage":{"@id":"https:\/\/blog.ccc.eu\/cz\/tipy-na-boty-ktere-opticky-zvysuji\/"},"wordCount":1078,"commentCount":0,"publisher":{"@id":"https:\/\/blog.ccc.eu\/cz\/#organization"},"image":{"@id":"https:\/\/blog.ccc.eu\/cz\/tipy-na-boty-ktere-opticky-zvysuji\/#primaryimage"},"thumbnailUrl":"https:\/\/blog.ccc.eu\/cz\/wp-content\/uploads\/2025\/06\/CCC_590558887448503_02M-Copy.jpg","keywords":["Boty"],"articleSection":["M\u00d3DN\u00cd TIPY"],"inLanguage":"cs","potentialAction":[{"@type":"CommentAction","name":"Comment","target":["https:\/\/blog.ccc.eu\/cz\/tipy-na-boty-ktere-opticky-zvysuji\/#respond"]}]},{"@type":"WebPage","@id":"https:\/\/blog.ccc.eu\/cz\/tipy-na-boty-ktere-opticky-zvysuji\/","url":"https:\/\/blog.ccc.eu\/cz\/tipy-na-boty-ktere-opticky-zvysuji\/","name":"Pat\u0159\u00edte mezi \u017eeny ni\u017e\u0161\u00edho vzr\u016fstu? Tipy na boty, kter\u00e9 v\u00e1s opticky prodlou\u017e\u00ed - blog.ccc.eu\/cz","isPartOf":{"@id":"https:\/\/blog.ccc.eu\/cz\/#website"},"primaryImageOfPage":{"@id":"https:\/\/blog.ccc.eu\/cz\/tipy-na-boty-ktere-opticky-zvysuji\/#primaryimage"},"image":{"@id":"https:\/\/blog.ccc.eu\/cz\/tipy-na-boty-ktere-opticky-zvysuji\/#primaryimage"},"thumbnailUrl":"https:\/\/blog.ccc.eu\/cz\/wp-content\/uploads\/2025\/06\/CCC_590558887448503_02M-Copy.jpg","datePublished":"2025-06-12T15:38:00+00:00","dateModified":"2025-07-12T22:44:57+00:00","description":"Tipy na boty pro ni\u017e\u0161\u00ed \u017eeny: jak si opticky prodlou\u017eit postavu bez vysok\u00fdch podpatk\u016f \u2013 jednoduch\u00e9 triky, styl a spr\u00e1vn\u00fd v\u00fdb\u011br obuvi.","breadcrumb":{"@id":"https:\/\/blog.ccc.eu\/cz\/tipy-na-boty-ktere-opticky-zvysuji\/#breadcrumb"},"inLanguage":"cs","potentialAction":[{"@type":"ReadAction","target":["https:\/\/blog.ccc.eu\/cz\/tipy-na-boty-ktere-opticky-zvysuji\/"]}]},{"@type":"ImageObject","inLanguage":"cs","@id":"https:\/\/blog.ccc.eu\/cz\/tipy-na-boty-ktere-opticky-zvysuji\/#primaryimage","url":"https:\/\/blog.ccc.eu\/cz\/wp-content\/uploads\/2025\/06\/CCC_590558887448503_02M-Copy.jpg","contentUrl":"https:\/\/blog.ccc.eu\/cz\/wp-content\/uploads\/2025\/06\/CCC_590558887448503_02M-Copy.jpg","width":1024,"height":683,"caption":"boty"},{"@type":"BreadcrumbList","@id":"https:\/\/blog.ccc.eu\/cz\/tipy-na-boty-ktere-opticky-zvysuji\/#breadcrumb","itemListElement":[{"@type":"ListItem","position":1,"name":"Strona g\u0142\u00f3wna","item":"https:\/\/blog.ccc.eu\/cz\/"},{"@type":"ListItem","position":2,"name":"Pat\u0159\u00edte mezi \u017eeny ni\u017e\u0161\u00edho vzr\u016fstu? Tipy na boty, kter\u00e9 v\u00e1s opticky prodlou\u017e\u00ed"}]},{"@type":"WebSite","@id":"https:\/\/blog.ccc.eu\/cz\/#website","url":"https:\/\/blog.ccc.eu\/cz\/","name":"blog.ccc.eu\/cz","description":"Va\u0161e m\u00edsto pln\u00e9 m\u00f3dn\u00edch inspirac\u00ed","publisher":{"@id":"https:\/\/blog.ccc.eu\/cz\/#organization"},"potentialAction":[{"@type":"SearchAction","target":{"@type":"EntryPoint","urlTemplate":"https:\/\/blog.ccc.eu\/cz\/?s={search_term_string}"},"query-input":{"@type":"PropertyValueSpecification","valueRequired":true,"valueName":"search_term_string"}}],"inLanguage":"cs"},{"@type":"Organization","@id":"https:\/\/blog.ccc.eu\/cz\/#organization","name":"CCC S.A.","url":"https:\/\/blog.ccc.eu\/cz\/","logo":{"@type":"ImageObject","inLanguage":"cs","@id":"https:\/\/blog.ccc.eu\/cz\/#\/schema\/logo\/image\/","url":"https:\/\/blog.ccc.eu\/cz\/wp-content\/uploads\/2021\/11\/logo_ccc.png","contentUrl":"https:\/\/blog.ccc.eu\/cz\/wp-content\/uploads\/2021\/11\/logo_ccc.png","width":730,"height":270,"caption":"CCC S.A."},"image":{"@id":"https:\/\/blog.ccc.eu\/cz\/#\/schema\/logo\/image\/"}},{"@type":"Person","@id":"https:\/\/blog.ccc.eu\/cz\/#\/schema\/person\/f21bfa7ed9e08fb4b5b823707bdde059","name":"Kaja","image":{"@type":"ImageObject","inLanguage":"cs","@id":"https:\/\/blog.ccc.eu\/cz\/#\/schema\/person\/image\/","url":"https:\/\/blog.ccc.eu\/cz\/wp-content\/uploads\/2024\/06\/white-1-300x300-1-100x100.jpg","contentUrl":"https:\/\/blog.ccc.eu\/cz\/wp-content\/uploads\/2024\/06\/white-1-300x300-1-100x100.jpg","caption":"Kaja"},"description":"U\u017e od pubert\u00e1ln\u00edch let se v\u011bnuje pr\u00e1ci v m\u00e9di\u00edch a psan\u00ed. Z kon\u00ed\u010dka se stalo \u017eivobyt\u00ed, kter\u00e9 j\u00ed z\u00e1rove\u0148 poskytlo dostatek svobody k tomu, aby mohla pom\u011brn\u011b hodn\u011b cestovat a pozn\u00e1vat sv\u011bt a r\u016fzn\u00e9 kultury. Energii j\u00ed dod\u00e1v\u00e1 \u010dten\u00ed knih, voda a hudba.","url":"https:\/\/blog.ccc.eu\/cz\/author\/perlamakovienka-sk\/"}]}},"_links":{"self":[{"href":"https:\/\/blog.ccc.eu\/cz\/wp-json\/wp\/v2\/posts\/7775","targetHints":{"allow":["GET"]}}],"collection":[{"href":"https:\/\/blog.ccc.eu\/cz\/wp-json\/wp\/v2\/posts"}],"about":[{"href":"https:\/\/blog.ccc.eu\/cz\/wp-json\/wp\/v2\/types\/post"}],"author":[{"embeddable":true,"href":"https:\/\/blog.ccc.eu\/cz\/wp-json\/wp\/v2\/users\/24"}],"replies":[{"embeddable":true,"href":"https:\/\/blog.ccc.eu\/cz\/wp-json\/wp\/v2\/comments?post=7775"}],"version-history":[{"count":2,"href":"https:\/\/blog.ccc.eu\/cz\/wp-json\/wp\/v2\/posts\/7775\/revisions"}],"predecessor-version":[{"id":7822,"href":"https:\/\/blog.ccc.eu\/cz\/wp-json\/wp\/v2\/posts\/7775\/revisions\/7822"}],"wp:featuredmedia":[{"embeddable":true,"href":"https:\/\/blog.ccc.eu\/cz\/wp-json\/wp\/v2\/media\/7778"}],"wp:attachment":[{"href":"https:\/\/blog.ccc.eu\/cz\/wp-json\/wp\/v2\/media?parent=7775"}],"wp:term":[{"taxonomy":"category","embeddable":true,"href":"https:\/\/blog.ccc.eu\/cz\/wp-json\/wp\/v2\/categories?post=7775"},{"taxonomy":"post_tag","embeddable":true,"href":"https:\/\/blog.ccc.eu\/cz\/wp-json\/wp\/v2\/tags?post=7775"}],"curies":[{"name":"wp","href":"https:\/\/api.w.org\/{rel}","templated":true}]}}