{"id":7781,"date":"2025-06-16T09:18:00","date_gmt":"2025-06-16T07:18:00","guid":{"rendered":"https:\/\/blog.ccc.eu\/cz\/?p=7781"},"modified":"2025-07-13T00:44:36","modified_gmt":"2025-07-12T22:44:36","slug":"pantofle-trendy-leto-2025","status":"publish","type":"post","link":"https:\/\/blog.ccc.eu\/cz\/pantofle-trendy-leto-2025\/","title":{"rendered":"Pantofle, kter\u00e9 vl\u00e1dnou letu 2025: Trendy sez\u00f3ny, kter\u00e9 by nem\u011bly chyb\u011bt ve va\u0161em botn\u00edku."},"content":{"rendered":"\n<p>Letn\u00ed sez\u00f3na 2025 p\u0159in\u00e1\u0161\u00ed sv\u011b\u017e\u00ed a sebev\u011bdom\u00e9 trendy, kter\u00e9 se odr\u00e1\u017eej\u00ed i v obuvi. Pantofle, jako jeden z nejobl\u00edben\u011bj\u0161\u00edch kousk\u016f letn\u00edho \u0161atn\u00edku, se op\u011bt st\u00e1vaj\u00ed sou\u010d\u00e1st\u00ed ulic. Letos v\u0161ak p\u0159evl\u00e1daj\u00ed nov\u00e9 tvary, netradi\u010dn\u00ed materi\u00e1ly a zaj\u00edmav\u00e9 detaily. Pokud si pl\u00e1nujete dop\u0159\u00e1t nov\u00e9 letn\u00ed kousky, pod\u00edvejte se, kter\u00e9 pantofle jsou hitem l\u00e9ta 2025.<\/p>\n\n\n\n<figure class=\"wp-block-gallery has-nested-images columns-default is-cropped wp-block-gallery-1 is-layout-flex wp-block-gallery-is-layout-flex\">\n<figure class=\"wp-block-image size-large\"><img loading=\"lazy\" decoding=\"async\" width=\"533\" height=\"800\" data-id=\"7784\" src=\"https:\/\/blog.ccc.eu\/cz\/wp-content\/uploads\/2025\/06\/CCC_5905588617365_02M_1736_Copy.jpg\" alt=\"\" class=\"wp-image-7784\" srcset=\"https:\/\/blog.ccc.eu\/cz\/wp-content\/uploads\/2025\/06\/CCC_5905588617365_02M_1736_Copy.jpg 533w, https:\/\/blog.ccc.eu\/cz\/wp-content\/uploads\/2025\/06\/CCC_5905588617365_02M_1736_Copy-200x300.jpg 200w, https:\/\/blog.ccc.eu\/cz\/wp-content\/uploads\/2025\/06\/CCC_5905588617365_02M_1736_Copy-100x150.jpg 100w\" sizes=\"auto, (max-width: 533px) 100vw, 533px\" \/><\/figure>\n\n\n\n<figure class=\"wp-block-image size-large\"><img loading=\"lazy\" decoding=\"async\" width=\"533\" height=\"800\" data-id=\"7785\" src=\"https:\/\/blog.ccc.eu\/cz\/wp-content\/uploads\/2025\/06\/CCC_5905588638070_02M_1680_Copy.jpg\" alt=\"\" class=\"wp-image-7785\" srcset=\"https:\/\/blog.ccc.eu\/cz\/wp-content\/uploads\/2025\/06\/CCC_5905588638070_02M_1680_Copy.jpg 533w, https:\/\/blog.ccc.eu\/cz\/wp-content\/uploads\/2025\/06\/CCC_5905588638070_02M_1680_Copy-200x300.jpg 200w, https:\/\/blog.ccc.eu\/cz\/wp-content\/uploads\/2025\/06\/CCC_5905588638070_02M_1680_Copy-100x150.jpg 100w\" sizes=\"auto, (max-width: 533px) 100vw, 533px\" \/><\/figure>\n<\/figure>\n\n\n\n<p><\/p>\n\n\n\n<p>Mysl\u00edm, \u017ee pantofle jsou jednou z nejobl\u00edben\u011bj\u0161\u00edch bot ka\u017ed\u00e9 \u017eeny. Snadno se nazouvaj\u00ed a vyzouvaj\u00ed, jsou pohodln\u00e9, netla\u010d\u00ed a umo\u017e\u0148uj\u00ed noze d\u00fdchat. Prost\u011b dokonal\u00fd kousek obuvi, na kter\u00fd se v\u011bt\u0161inou v\u0161ichni t\u011b\u0161\u00edme a nos\u00edme je, jakmile to jde. V\u011bt\u0161inou ji\u017e p\u0159i 20 \u00baC.<\/p>\n\n\n\n<p>Pod\u00edvejme se, jak\u00e9 trendy dominuj\u00ed sou\u010dasn\u00e9 sez\u00f3n\u011b, a \u010d\u00edm nem\u016f\u017eete \u0161l\u00e1pnout vedle. Doslova.&nbsp;<\/p>\n\n\n\n<h2 class=\"wp-block-heading\"><strong>Pantofle na platform\u011b<\/strong><\/h2>\n\n\n\n<p>Platformy jsou op\u011bt v kurzu. Tento typ pantofl\u00ed nab\u00edz\u00ed nejen v\u00fd\u0161ku a \u0161t\u00edhlej\u0161\u00ed vzhled va\u0161ich nohou, ale tak\u00e9 stabilitu. Noste je k pl\u00e1t\u011bn\u00fdm \u0161at\u016fm, \u0161irok\u00fdm kalhot\u00e1m nebo pl\u00e1\u017eov\u00fdm souprav\u00e1m. Nejobl\u00edben\u011bj\u0161\u00ed jsou ty z korku, p\u011bny nebo s pletenou podr\u00e1\u017ekou. Do pop\u0159ed\u00ed se v\u0161ak dost\u00e1vaj\u00ed i ty s m\u011bstsk\u00fdm nebo industri\u00e1ln\u00edm vzhledem a samoz\u0159ejm\u011b obl\u00edben\u00e9 gumov\u00e9, kter\u00e9 jsou ide\u00e1ln\u00ed k vod\u011b a letn\u00edm vodn\u00edm radov\u00e1nk\u00e1m.<\/p>\n\n\n<shortcode prop-load-num=\"12\" prop-display-num=\"4\" prop-sku=\"5906751151426, 5906751141311, 5906751120095, 5906751044056, 5906751063897, 5906751063262\" prop-view=\"slider\"><\/shortcode>        <div\r\n            class=\"eob-pf-shortcode\"\r\n            id=\"eobpf69f250818f74a\"\r\n        >\r\n            <shortcode prop-load-num=\"12\" prop-display-num=\"4\" prop-sku=\"5906751151426, 5906751141311, 5906751120095, 5906751044056, 5906751063897, 5906751063262\" prop-view=\"slider\"><\/shortcode>        <\/div>\r\n\t\t<script>\r\n\t\t\tjQuery(document).ready(() => {\r\n\t\t\t    const root = document.getElementById('eobpf69f250818f74a');\r\n                Vue.createApp({\r\n\t                components: {\r\n\t                    shortcode\r\n\t                }\r\n                }).mount(root);\r\n\t\t\t});\r\n\t\t<\/script>\r\n\t\t\r\n\t\t\n\n\n\n<p><\/p>\n\n\n\n<h2 class=\"wp-block-heading\"><strong>Minimalistick\u00e9 ko\u017een\u00e9 pantofle<\/strong><\/h2>\n\n\n\n<p>\u010cist\u00e9 linie, p\u0159\u00edrodn\u00ed barvy a jednoduch\u00fd st\u0159ih. Minimalismus dominuje nejen v m\u00f3d\u011b, ale tak\u00e9 v letn\u00ed obuvi. B\u00e9\u017eov\u00e1, kr\u00e9mov\u00e1, \u010dern\u00e1 nebo hn\u011bd\u00e1 k\u016f\u017ee p\u016fsob\u00ed elegantn\u011b a univerz\u00e1ln\u011b \u2013 hod\u00ed se na pl\u00e1\u017e i na ve\u010dern\u00ed proch\u00e1zku m\u011bstem. Jejich absolutn\u00ed v\u00fdhodou je, \u017ee se daj\u00ed v\u011bt\u0161inou sladit se v\u0161\u00edm. <\/p>\n\n\n\n<p>A\u0165 u\u017e zvol\u00edte \u0161aty, \u0161ortky, sukni nebo dlouh\u00e9 kalhoty \u2013 ko\u017een\u00e9 pantofle m\u016f\u017eete nosit naprosto ke v\u0161emu. Nav\u00edc dod\u00e1vaj\u00ed \u017een\u011b jemnou \u017eenskou energii a vzhled dosp\u011bl\u00e9 \u017eeny, kter\u00e1 si je ji\u017e v\u011bdoma sv\u00e9 hodnoty a neobuje si pantofle jen tak z \u201en\u011bjak\u00e9ho\u201c materi\u00e1lu.<\/p>\n\n\n<shortcode prop-load-num=\"12\" prop-display-num=\"4\" prop-sku=\"5906751057223, 5906751056899, 5906751003947, 5904862286853, 5903698725697, 5905588514640, 5905588374589, 5905588343516\" prop-view=\"slider\"><\/shortcode>        <div\r\n            class=\"eob-pf-shortcode\"\r\n            id=\"eobpf69f250818f84b\"\r\n        >\r\n            <shortcode prop-load-num=\"12\" prop-display-num=\"4\" prop-sku=\"5906751057223, 5906751056899, 5906751003947, 5904862286853, 5903698725697, 5905588514640, 5905588374589, 5905588343516\" prop-view=\"slider\"><\/shortcode>        <\/div>\r\n\t\t<script>\r\n\t\t\tjQuery(document).ready(() => {\r\n\t\t\t    const root = document.getElementById('eobpf69f250818f84b');\r\n                Vue.createApp({\r\n\t                components: {\r\n\t                    shortcode\r\n\t                }\r\n                }).mount(root);\r\n\t\t\t});\r\n\t\t<\/script>\r\n\t\t\r\n\t\t\n\n\n\n<p><\/p>\n\n\n\n<h2 class=\"wp-block-heading\"><strong>Pr\u016fsvitn\u00e9 a gumov\u00e9<\/strong><\/h2>\n\n\n\n<p>Pr\u016fhledn\u00e9 materi\u00e1ly si na\u0161ly cestu i do sv\u011bta pantofl\u00ed. Pr\u016fsvitn\u00e9 prou\u017eky nebo cel\u00e1 gumov\u00e1 verze jsou trendy zejm\u00e9na v m\u011bstsk\u00e9 m\u00f3d\u011b. D\u00edky snadn\u00e9 \u00fadr\u017eb\u011b jsou praktick\u00e9 i pro baz\u00e9ny, koupali\u0161t\u011b nebo festivaly. Skv\u011ble poslou\u017e\u00ed i na dovolen\u00e9 \u2013 nemus\u00edte \u0159e\u0161it d\u00e9\u0161\u0165 v exotice, obavy z po\u0161kozen\u00ed ani v\u00fddr\u017e. Tyto pantofle zvl\u00e1dnou ka\u017ed\u00e9 dobrodru\u017estv\u00ed. Jejich v\u00fdhodou je tak\u00e9 rychlej\u0161\u00ed schnut\u00ed, tak\u017ee i po letn\u00edm de\u0161ti budete m\u00edt brzy such\u00e9 nohy.<\/p>\n\n\n<shortcode prop-load-num=\"12\" prop-display-num=\"4\" prop-sku=\"5906751154281, 5906751154274, 5906751073407, 5906751055762, 5904862315973, 5903698053356\" prop-view=\"slider\"><\/shortcode>        <div\r\n            class=\"eob-pf-shortcode\"\r\n            id=\"eobpf69f250818f883\"\r\n        >\r\n            <shortcode prop-load-num=\"12\" prop-display-num=\"4\" prop-sku=\"5906751154281, 5906751154274, 5906751073407, 5906751055762, 5904862315973, 5903698053356\" prop-view=\"slider\"><\/shortcode>        <\/div>\r\n\t\t<script>\r\n\t\t\tjQuery(document).ready(() => {\r\n\t\t\t    const root = document.getElementById('eobpf69f250818f883');\r\n                Vue.createApp({\r\n\t                components: {\r\n\t                    shortcode\r\n\t                }\r\n                }).mount(root);\r\n\t\t\t});\r\n\t\t<\/script>\r\n\t\t\r\n\t\t\n\n\n\n<p><\/p>\n\n\n\n<h2 class=\"wp-block-heading\"><strong>Pantofle se zdoben\u00edm<\/strong><\/h2>\n\n\n\n<p>Trend zdoben\u00ed pokra\u010duje \u2013 pantofle se zlat\u00fdmi p\u0159ezkami, perlami, \u0159et\u00edzky nebo ma\u0161lemi vypadaj\u00ed v\u00fdrazn\u011b a elegantn\u011b. Tento typ si obl\u00edbily zejm\u00e9na \u017eeny, kter\u00e9 si potrp\u00ed na \u017eenskost a detaily. Jen si dejte pozor, co k nim lad\u00edte, m\u00e9n\u011b je n\u011bkdy v\u00edce. <\/p>\n\n\n\n<p>Pokud se rozhodnete pro zdoben\u011bj\u0161\u00ed boty, vy\u0159a\u010fte ozdoby ze zbytku oble\u010den\u00ed. A n\u011bkter\u00e9 z n\u00e1s tak\u00e9 nemaj\u00ed r\u00e1dy m\u00edch\u00e1n\u00ed \u017elutozlat\u00fdch prvk\u016f s b\u00edlo-zlat\u00fdmi, tak\u017ee pokud pat\u0159\u00edte do t\u00e9to skupiny, zva\u017ete, jak\u00e9 \u0161perky a bi\u017euterii m\u00e1te doma a r\u00e1di nos\u00edte p\u0159i n\u00e1kupech.<\/p>\n\n\n<shortcode prop-load-num=\"12\" prop-display-num=\"4\" prop-sku=\"5906751143308, 5906751153581, 5906751120163, 5906751056363, 5906751099452, 5906751021330, 5904862478777, 5904862476339, 5904862328720\" prop-view=\"slider\"><\/shortcode>        <div\r\n            class=\"eob-pf-shortcode\"\r\n            id=\"eobpf69f250818f8ac\"\r\n        >\r\n            <shortcode prop-load-num=\"12\" prop-display-num=\"4\" prop-sku=\"5906751143308, 5906751153581, 5906751120163, 5906751056363, 5906751099452, 5906751021330, 5904862478777, 5904862476339, 5904862328720\" prop-view=\"slider\"><\/shortcode>        <\/div>\r\n\t\t<script>\r\n\t\t\tjQuery(document).ready(() => {\r\n\t\t\t    const root = document.getElementById('eobpf69f250818f8ac');\r\n                Vue.createApp({\r\n\t                components: {\r\n\t                    shortcode\r\n\t                }\r\n                }).mount(root);\r\n\t\t\t});\r\n\t\t<\/script>\r\n\t\t\r\n\t\t\n\n\n\n<p><\/p>\n\n\n\n<h2 class=\"wp-block-heading\"><strong>Typ \u201edad sandals\u201c<\/strong><\/h2>\n\n\n\n<p>Masivn\u00ed, robustn\u00ed a pohodln\u00e9 \u2013 to jsou takzvan\u00e9 \u201et\u00e1tovy sand\u00e1ly\u201c, kter\u00e9 maj\u00ed silnou podr\u00e1\u017eku, \u010dasto sportovn\u00ed detaily a v\u00fdrazn\u00fd design. I kdy\u017e p\u016fsob\u00ed netradi\u010dn\u011b, tyto pantofle p\u0159edstavuj\u00ed pohodln\u00fd a stylov\u00fd dopln\u011bk k letn\u00edm \u0161ortk\u00e1m nebo oversized \u0161at\u016fm. Nebojte se je kombinovat s decentn\u00edm outfitem \u2013 snadno o\u017eiv\u00ed i ten nejnen\u00e1padn\u011bj\u0161\u00ed vzhled a dodaj\u00ed mu \u0161mrnc. Po jejich obut\u00ed mo\u017en\u00e1 objev\u00edte zcela nov\u00fd styl, kter\u00fd v\u00e1s p\u0159ekvap\u00ed. P\u0159edev\u0161\u00edm si zamilujete v\u00fdjime\u010dn\u00e9 pohodl\u00ed, kter\u00e9 tyto pantofle (nebo sand\u00e1ly) nab\u00edzej\u00ed ka\u017ed\u00fd den.<\/p>\n\n\n<shortcode prop-load-num=\"12\" prop-display-num=\"4\" prop-sku=\"5906751057230, 5906751056899, 5906751056745, 5904862332833, 5906751022795, 5903698598185, 5906751016916\" prop-view=\"slider\"><\/shortcode>        <div\r\n            class=\"eob-pf-shortcode\"\r\n            id=\"eobpf69f250818f8d3\"\r\n        >\r\n            <shortcode prop-load-num=\"12\" prop-display-num=\"4\" prop-sku=\"5906751057230, 5906751056899, 5906751056745, 5904862332833, 5906751022795, 5903698598185, 5906751016916\" prop-view=\"slider\"><\/shortcode>        <\/div>\r\n\t\t<script>\r\n\t\t\tjQuery(document).ready(() => {\r\n\t\t\t    const root = document.getElementById('eobpf69f250818f8d3');\r\n                Vue.createApp({\r\n\t                components: {\r\n\t                    shortcode\r\n\t                }\r\n                }).mount(root);\r\n\t\t\t});\r\n\t\t<\/script>\r\n\t\t\r\n\t\t\n\n\n\n<p><\/p>\n\n\n\n<div class=\"wp-block-buttons is-content-justification-center is-layout-flex wp-container-core-buttons-is-layout-16018d1d wp-block-buttons-is-layout-flex\">\n<div class=\"wp-block-button is-style-fill\"><a class=\"wp-block-button__link has-custom-font-size wp-element-button\" href=\"https:\/\/ccc.eu\/cz\/\" style=\"border-radius:0px;font-size:15px\">Objevit celou ponuku CCC<\/a><\/div>\n<\/div>\n\n\n\n<p><\/p>\n\n\n\n<p>L\u00e9to 2025 stav\u00ed na kontrastech \u2013 elegance versus extravagance, p\u0159\u00edrodn\u00ed versus futuristick\u00e9 materi\u00e1ly. D\u016fle\u017eit\u00fdmi prvky jsou pohodl\u00ed, v\u0161estrannost a originalita. Nez\u00e1le\u017e\u00ed na tom, zda si vyberete elegantn\u00ed ko\u017een\u00e9 pantofle nebo odv\u00e1\u017en\u00e9, robustn\u00ed \u201et\u00e1tovy sand\u00e1ly\u201c, kl\u00ed\u010dem je nosit je s vkusem a vhodn\u011b sladit s ostatn\u00edmi. Dbejte zejm\u00e9na na vnit\u0159n\u00ed pocit, co se dob\u0159e nos\u00ed, proto\u017ee m\u00e1loco je tak nep\u0159\u00edjemn\u00e9 jako m\u00edt na nohou nepohodln\u00e9 boty.<\/p>\n\n\n\n<p><\/p>\n","protected":false},"excerpt":{"rendered":"<p>Pantofle, jako jeden z nejobl\u00edben\u011bj\u0161\u00edch kousk\u016f letn\u00edho \u0161atn\u00edku, se op\u011bt st\u00e1vaj\u00ed sou\u010d\u00e1st\u00ed ulic. Letos v\u0161ak p\u0159evl\u00e1daj\u00ed nov\u00e9 tvary, netradi\u010dn\u00ed materi\u00e1ly a zaj\u00edmav\u00e9 detaily. Pokud si pl\u00e1nujete dop\u0159\u00e1t nov\u00e9 letn\u00ed kousky, pod\u00edvejte se, kter\u00e9 pantofle jsou hitem l\u00e9ta 2025.<\/p>\n","protected":false},"author":24,"featured_media":7786,"comment_status":"open","ping_status":"open","sticky":false,"template":"","format":"standard","meta":{"_acf_changed":false,"footnotes":""},"categories":[1029,6],"tags":[879],"class_list":["post-7781","post","type-post","status-publish","format-standard","has-post-thumbnail","hentry","category-leto","category-trendy","tag-pantofle"],"acf":[],"yoast_head":"<!-- This site is optimized with the Yoast SEO plugin v26.9 - https:\/\/yoast.com\/product\/yoast-seo-wordpress\/ -->\n<title>Pantofle, kter\u00e9 vl\u00e1dnou letu 2025: Trendy sez\u00f3ny, kter\u00e9 by nem\u011bly chyb\u011bt ve va\u0161em botn\u00edku. - blog.ccc.eu\/cz<\/title>\n<meta name=\"description\" content=\"Objevte trendy pantofle pro l\u00e9to 2025 \u2013 stylov\u00e9, pohodln\u00e9 a origin\u00e1ln\u00ed kousky, kter\u00e9 by nem\u011bly chyb\u011bt ve va\u0161em letn\u00edm botn\u00edku. 2026\" \/>\n<meta name=\"robots\" content=\"index, follow, max-snippet:-1, max-image-preview:large, max-video-preview:-1\" \/>\n<link rel=\"canonical\" href=\"https:\/\/blog.ccc.eu\/cz\/pantofle-trendy-leto-2025\/\" \/>\n<meta property=\"og:locale\" content=\"cs_CZ\" \/>\n<meta property=\"og:type\" content=\"article\" \/>\n<meta property=\"og:title\" content=\"Pantofle, kter\u00e9 vl\u00e1dnou letu 2025: Trendy sez\u00f3ny, kter\u00e9 by nem\u011bly chyb\u011bt ve va\u0161em botn\u00edku. - blog.ccc.eu\/cz\" \/>\n<meta property=\"og:description\" content=\"Objevte trendy pantofle pro l\u00e9to 2025 \u2013 stylov\u00e9, pohodln\u00e9 a origin\u00e1ln\u00ed kousky, kter\u00e9 by nem\u011bly chyb\u011bt ve va\u0161em letn\u00edm botn\u00edku.\" \/>\n<meta property=\"og:url\" content=\"https:\/\/blog.ccc.eu\/cz\/pantofle-trendy-leto-2025\/\" \/>\n<meta property=\"og:site_name\" content=\"blog.ccc.eu\/cz\" \/>\n<meta property=\"article:published_time\" content=\"2025-06-16T07:18:00+00:00\" \/>\n<meta property=\"article:modified_time\" content=\"2025-07-12T22:44:36+00:00\" \/>\n<meta property=\"og:image\" content=\"https:\/\/blog.ccc.eu\/cz\/wp-content\/uploads\/2025\/06\/CCC_5905588573104_02M_1209_Copy.jpg\" \/>\n\t<meta property=\"og:image:width\" content=\"1200\" \/>\n\t<meta property=\"og:image:height\" content=\"800\" \/>\n\t<meta property=\"og:image:type\" content=\"image\/jpeg\" \/>\n<meta name=\"author\" content=\"Kaja\" \/>\n<meta name=\"twitter:card\" content=\"summary_large_image\" \/>\n<meta name=\"twitter:label1\" content=\"Napsal(a)\" \/>\n\t<meta name=\"twitter:data1\" content=\"Kaja\" \/>\n\t<meta name=\"twitter:label2\" content=\"Odhadovan\u00e1 doba \u010dten\u00ed\" \/>\n\t<meta name=\"twitter:data2\" content=\"5 minut\" \/>\n<script type=\"application\/ld+json\" class=\"yoast-schema-graph\">{\"@context\":\"https:\/\/schema.org\",\"@graph\":[{\"@type\":\"Article\",\"@id\":\"https:\/\/blog.ccc.eu\/cz\/pantofle-trendy-leto-2025\/#article\",\"isPartOf\":{\"@id\":\"https:\/\/blog.ccc.eu\/cz\/pantofle-trendy-leto-2025\/\"},\"author\":{\"name\":\"Kaja\",\"@id\":\"https:\/\/blog.ccc.eu\/cz\/#\/schema\/person\/f21bfa7ed9e08fb4b5b823707bdde059\"},\"headline\":\"Pantofle, kter\u00e9 vl\u00e1dnou letu 2025: Trendy sez\u00f3ny, kter\u00e9 by nem\u011bly chyb\u011bt ve va\u0161em botn\u00edku.\",\"datePublished\":\"2025-06-16T07:18:00+00:00\",\"dateModified\":\"2025-07-12T22:44:36+00:00\",\"mainEntityOfPage\":{\"@id\":\"https:\/\/blog.ccc.eu\/cz\/pantofle-trendy-leto-2025\/\"},\"wordCount\":837,\"commentCount\":0,\"publisher\":{\"@id\":\"https:\/\/blog.ccc.eu\/cz\/#organization\"},\"image\":{\"@id\":\"https:\/\/blog.ccc.eu\/cz\/pantofle-trendy-leto-2025\/#primaryimage\"},\"thumbnailUrl\":\"https:\/\/blog.ccc.eu\/cz\/wp-content\/uploads\/2025\/06\/CCC_5905588573104_02M_1209_Copy.jpg\",\"keywords\":[\"pantofle\"],\"articleSection\":[\"L\u00c9TO\",\"TRENDY\"],\"inLanguage\":\"cs\",\"potentialAction\":[{\"@type\":\"CommentAction\",\"name\":\"Comment\",\"target\":[\"https:\/\/blog.ccc.eu\/cz\/pantofle-trendy-leto-2025\/#respond\"]}]},{\"@type\":\"WebPage\",\"@id\":\"https:\/\/blog.ccc.eu\/cz\/pantofle-trendy-leto-2025\/\",\"url\":\"https:\/\/blog.ccc.eu\/cz\/pantofle-trendy-leto-2025\/\",\"name\":\"Pantofle, kter\u00e9 vl\u00e1dnou letu 2025: Trendy sez\u00f3ny, kter\u00e9 by nem\u011bly chyb\u011bt ve va\u0161em botn\u00edku. - blog.ccc.eu\/cz\",\"isPartOf\":{\"@id\":\"https:\/\/blog.ccc.eu\/cz\/#website\"},\"primaryImageOfPage\":{\"@id\":\"https:\/\/blog.ccc.eu\/cz\/pantofle-trendy-leto-2025\/#primaryimage\"},\"image\":{\"@id\":\"https:\/\/blog.ccc.eu\/cz\/pantofle-trendy-leto-2025\/#primaryimage\"},\"thumbnailUrl\":\"https:\/\/blog.ccc.eu\/cz\/wp-content\/uploads\/2025\/06\/CCC_5905588573104_02M_1209_Copy.jpg\",\"datePublished\":\"2025-06-16T07:18:00+00:00\",\"dateModified\":\"2025-07-12T22:44:36+00:00\",\"description\":\"Objevte trendy pantofle pro l\u00e9to 2025 \u2013 stylov\u00e9, pohodln\u00e9 a origin\u00e1ln\u00ed kousky, kter\u00e9 by nem\u011bly chyb\u011bt ve va\u0161em letn\u00edm botn\u00edku.\",\"breadcrumb\":{\"@id\":\"https:\/\/blog.ccc.eu\/cz\/pantofle-trendy-leto-2025\/#breadcrumb\"},\"inLanguage\":\"cs\",\"potentialAction\":[{\"@type\":\"ReadAction\",\"target\":[\"https:\/\/blog.ccc.eu\/cz\/pantofle-trendy-leto-2025\/\"]}]},{\"@type\":\"ImageObject\",\"inLanguage\":\"cs\",\"@id\":\"https:\/\/blog.ccc.eu\/cz\/pantofle-trendy-leto-2025\/#primaryimage\",\"url\":\"https:\/\/blog.ccc.eu\/cz\/wp-content\/uploads\/2025\/06\/CCC_5905588573104_02M_1209_Copy.jpg\",\"contentUrl\":\"https:\/\/blog.ccc.eu\/cz\/wp-content\/uploads\/2025\/06\/CCC_5905588573104_02M_1209_Copy.jpg\",\"width\":1200,\"height\":800,\"caption\":\"pantofle\"},{\"@type\":\"BreadcrumbList\",\"@id\":\"https:\/\/blog.ccc.eu\/cz\/pantofle-trendy-leto-2025\/#breadcrumb\",\"itemListElement\":[{\"@type\":\"ListItem\",\"position\":1,\"name\":\"Strona g\u0142\u00f3wna\",\"item\":\"https:\/\/blog.ccc.eu\/cz\/\"},{\"@type\":\"ListItem\",\"position\":2,\"name\":\"Pantofle, kter\u00e9 vl\u00e1dnou letu 2025: Trendy sez\u00f3ny, kter\u00e9 by nem\u011bly chyb\u011bt ve va\u0161em botn\u00edku.\"}]},{\"@type\":\"WebSite\",\"@id\":\"https:\/\/blog.ccc.eu\/cz\/#website\",\"url\":\"https:\/\/blog.ccc.eu\/cz\/\",\"name\":\"blog.ccc.eu\/cz\",\"description\":\"Va\u0161e m\u00edsto pln\u00e9 m\u00f3dn\u00edch inspirac\u00ed\",\"publisher\":{\"@id\":\"https:\/\/blog.ccc.eu\/cz\/#organization\"},\"potentialAction\":[{\"@type\":\"SearchAction\",\"target\":{\"@type\":\"EntryPoint\",\"urlTemplate\":\"https:\/\/blog.ccc.eu\/cz\/?s={search_term_string}\"},\"query-input\":{\"@type\":\"PropertyValueSpecification\",\"valueRequired\":true,\"valueName\":\"search_term_string\"}}],\"inLanguage\":\"cs\"},{\"@type\":\"Organization\",\"@id\":\"https:\/\/blog.ccc.eu\/cz\/#organization\",\"name\":\"CCC S.A.\",\"url\":\"https:\/\/blog.ccc.eu\/cz\/\",\"logo\":{\"@type\":\"ImageObject\",\"inLanguage\":\"cs\",\"@id\":\"https:\/\/blog.ccc.eu\/cz\/#\/schema\/logo\/image\/\",\"url\":\"https:\/\/blog.ccc.eu\/cz\/wp-content\/uploads\/2021\/11\/logo_ccc.png\",\"contentUrl\":\"https:\/\/blog.ccc.eu\/cz\/wp-content\/uploads\/2021\/11\/logo_ccc.png\",\"width\":730,\"height\":270,\"caption\":\"CCC S.A.\"},\"image\":{\"@id\":\"https:\/\/blog.ccc.eu\/cz\/#\/schema\/logo\/image\/\"}},{\"@type\":\"Person\",\"@id\":\"https:\/\/blog.ccc.eu\/cz\/#\/schema\/person\/f21bfa7ed9e08fb4b5b823707bdde059\",\"name\":\"Kaja\",\"image\":{\"@type\":\"ImageObject\",\"inLanguage\":\"cs\",\"@id\":\"https:\/\/blog.ccc.eu\/cz\/#\/schema\/person\/image\/\",\"url\":\"https:\/\/blog.ccc.eu\/cz\/wp-content\/uploads\/2024\/06\/white-1-300x300-1-100x100.jpg\",\"contentUrl\":\"https:\/\/blog.ccc.eu\/cz\/wp-content\/uploads\/2024\/06\/white-1-300x300-1-100x100.jpg\",\"caption\":\"Kaja\"},\"description\":\"U\u017e od pubert\u00e1ln\u00edch let se v\u011bnuje pr\u00e1ci v m\u00e9di\u00edch a psan\u00ed. Z kon\u00ed\u010dka se stalo \u017eivobyt\u00ed, kter\u00e9 j\u00ed z\u00e1rove\u0148 poskytlo dostatek svobody k tomu, aby mohla pom\u011brn\u011b hodn\u011b cestovat a pozn\u00e1vat sv\u011bt a r\u016fzn\u00e9 kultury. Energii j\u00ed dod\u00e1v\u00e1 \u010dten\u00ed knih, voda a hudba.\",\"url\":\"https:\/\/blog.ccc.eu\/cz\/author\/perlamakovienka-sk\/\"}]}<\/script>\n<!-- \/ Yoast SEO plugin. -->","yoast_head_json":{"title":"Pantofle, kter\u00e9 vl\u00e1dnou letu 2025: Trendy sez\u00f3ny, kter\u00e9 by nem\u011bly chyb\u011bt ve va\u0161em botn\u00edku. - blog.ccc.eu\/cz","description":"Objevte trendy pantofle pro l\u00e9to 2025 \u2013 stylov\u00e9, pohodln\u00e9 a origin\u00e1ln\u00ed kousky, kter\u00e9 by nem\u011bly chyb\u011bt ve va\u0161em letn\u00edm botn\u00edku. 2026","robots":{"index":"index","follow":"follow","max-snippet":"max-snippet:-1","max-image-preview":"max-image-preview:large","max-video-preview":"max-video-preview:-1"},"canonical":"https:\/\/blog.ccc.eu\/cz\/pantofle-trendy-leto-2025\/","og_locale":"cs_CZ","og_type":"article","og_title":"Pantofle, kter\u00e9 vl\u00e1dnou letu 2025: Trendy sez\u00f3ny, kter\u00e9 by nem\u011bly chyb\u011bt ve va\u0161em botn\u00edku. - blog.ccc.eu\/cz","og_description":"Objevte trendy pantofle pro l\u00e9to 2025 \u2013 stylov\u00e9, pohodln\u00e9 a origin\u00e1ln\u00ed kousky, kter\u00e9 by nem\u011bly chyb\u011bt ve va\u0161em letn\u00edm botn\u00edku.","og_url":"https:\/\/blog.ccc.eu\/cz\/pantofle-trendy-leto-2025\/","og_site_name":"blog.ccc.eu\/cz","article_published_time":"2025-06-16T07:18:00+00:00","article_modified_time":"2025-07-12T22:44:36+00:00","og_image":[{"width":1200,"height":800,"url":"https:\/\/blog.ccc.eu\/cz\/wp-content\/uploads\/2025\/06\/CCC_5905588573104_02M_1209_Copy.jpg","type":"image\/jpeg"}],"author":"Kaja","twitter_card":"summary_large_image","twitter_misc":{"Napsal(a)":"Kaja","Odhadovan\u00e1 doba \u010dten\u00ed":"5 minut"},"schema":{"@context":"https:\/\/schema.org","@graph":[{"@type":"Article","@id":"https:\/\/blog.ccc.eu\/cz\/pantofle-trendy-leto-2025\/#article","isPartOf":{"@id":"https:\/\/blog.ccc.eu\/cz\/pantofle-trendy-leto-2025\/"},"author":{"name":"Kaja","@id":"https:\/\/blog.ccc.eu\/cz\/#\/schema\/person\/f21bfa7ed9e08fb4b5b823707bdde059"},"headline":"Pantofle, kter\u00e9 vl\u00e1dnou letu 2025: Trendy sez\u00f3ny, kter\u00e9 by nem\u011bly chyb\u011bt ve va\u0161em botn\u00edku.","datePublished":"2025-06-16T07:18:00+00:00","dateModified":"2025-07-12T22:44:36+00:00","mainEntityOfPage":{"@id":"https:\/\/blog.ccc.eu\/cz\/pantofle-trendy-leto-2025\/"},"wordCount":837,"commentCount":0,"publisher":{"@id":"https:\/\/blog.ccc.eu\/cz\/#organization"},"image":{"@id":"https:\/\/blog.ccc.eu\/cz\/pantofle-trendy-leto-2025\/#primaryimage"},"thumbnailUrl":"https:\/\/blog.ccc.eu\/cz\/wp-content\/uploads\/2025\/06\/CCC_5905588573104_02M_1209_Copy.jpg","keywords":["pantofle"],"articleSection":["L\u00c9TO","TRENDY"],"inLanguage":"cs","potentialAction":[{"@type":"CommentAction","name":"Comment","target":["https:\/\/blog.ccc.eu\/cz\/pantofle-trendy-leto-2025\/#respond"]}]},{"@type":"WebPage","@id":"https:\/\/blog.ccc.eu\/cz\/pantofle-trendy-leto-2025\/","url":"https:\/\/blog.ccc.eu\/cz\/pantofle-trendy-leto-2025\/","name":"Pantofle, kter\u00e9 vl\u00e1dnou letu 2025: Trendy sez\u00f3ny, kter\u00e9 by nem\u011bly chyb\u011bt ve va\u0161em botn\u00edku. - blog.ccc.eu\/cz","isPartOf":{"@id":"https:\/\/blog.ccc.eu\/cz\/#website"},"primaryImageOfPage":{"@id":"https:\/\/blog.ccc.eu\/cz\/pantofle-trendy-leto-2025\/#primaryimage"},"image":{"@id":"https:\/\/blog.ccc.eu\/cz\/pantofle-trendy-leto-2025\/#primaryimage"},"thumbnailUrl":"https:\/\/blog.ccc.eu\/cz\/wp-content\/uploads\/2025\/06\/CCC_5905588573104_02M_1209_Copy.jpg","datePublished":"2025-06-16T07:18:00+00:00","dateModified":"2025-07-12T22:44:36+00:00","description":"Objevte trendy pantofle pro l\u00e9to 2025 \u2013 stylov\u00e9, pohodln\u00e9 a origin\u00e1ln\u00ed kousky, kter\u00e9 by nem\u011bly chyb\u011bt ve va\u0161em letn\u00edm botn\u00edku.","breadcrumb":{"@id":"https:\/\/blog.ccc.eu\/cz\/pantofle-trendy-leto-2025\/#breadcrumb"},"inLanguage":"cs","potentialAction":[{"@type":"ReadAction","target":["https:\/\/blog.ccc.eu\/cz\/pantofle-trendy-leto-2025\/"]}]},{"@type":"ImageObject","inLanguage":"cs","@id":"https:\/\/blog.ccc.eu\/cz\/pantofle-trendy-leto-2025\/#primaryimage","url":"https:\/\/blog.ccc.eu\/cz\/wp-content\/uploads\/2025\/06\/CCC_5905588573104_02M_1209_Copy.jpg","contentUrl":"https:\/\/blog.ccc.eu\/cz\/wp-content\/uploads\/2025\/06\/CCC_5905588573104_02M_1209_Copy.jpg","width":1200,"height":800,"caption":"pantofle"},{"@type":"BreadcrumbList","@id":"https:\/\/blog.ccc.eu\/cz\/pantofle-trendy-leto-2025\/#breadcrumb","itemListElement":[{"@type":"ListItem","position":1,"name":"Strona g\u0142\u00f3wna","item":"https:\/\/blog.ccc.eu\/cz\/"},{"@type":"ListItem","position":2,"name":"Pantofle, kter\u00e9 vl\u00e1dnou letu 2025: Trendy sez\u00f3ny, kter\u00e9 by nem\u011bly chyb\u011bt ve va\u0161em botn\u00edku."}]},{"@type":"WebSite","@id":"https:\/\/blog.ccc.eu\/cz\/#website","url":"https:\/\/blog.ccc.eu\/cz\/","name":"blog.ccc.eu\/cz","description":"Va\u0161e m\u00edsto pln\u00e9 m\u00f3dn\u00edch inspirac\u00ed","publisher":{"@id":"https:\/\/blog.ccc.eu\/cz\/#organization"},"potentialAction":[{"@type":"SearchAction","target":{"@type":"EntryPoint","urlTemplate":"https:\/\/blog.ccc.eu\/cz\/?s={search_term_string}"},"query-input":{"@type":"PropertyValueSpecification","valueRequired":true,"valueName":"search_term_string"}}],"inLanguage":"cs"},{"@type":"Organization","@id":"https:\/\/blog.ccc.eu\/cz\/#organization","name":"CCC S.A.","url":"https:\/\/blog.ccc.eu\/cz\/","logo":{"@type":"ImageObject","inLanguage":"cs","@id":"https:\/\/blog.ccc.eu\/cz\/#\/schema\/logo\/image\/","url":"https:\/\/blog.ccc.eu\/cz\/wp-content\/uploads\/2021\/11\/logo_ccc.png","contentUrl":"https:\/\/blog.ccc.eu\/cz\/wp-content\/uploads\/2021\/11\/logo_ccc.png","width":730,"height":270,"caption":"CCC S.A."},"image":{"@id":"https:\/\/blog.ccc.eu\/cz\/#\/schema\/logo\/image\/"}},{"@type":"Person","@id":"https:\/\/blog.ccc.eu\/cz\/#\/schema\/person\/f21bfa7ed9e08fb4b5b823707bdde059","name":"Kaja","image":{"@type":"ImageObject","inLanguage":"cs","@id":"https:\/\/blog.ccc.eu\/cz\/#\/schema\/person\/image\/","url":"https:\/\/blog.ccc.eu\/cz\/wp-content\/uploads\/2024\/06\/white-1-300x300-1-100x100.jpg","contentUrl":"https:\/\/blog.ccc.eu\/cz\/wp-content\/uploads\/2024\/06\/white-1-300x300-1-100x100.jpg","caption":"Kaja"},"description":"U\u017e od pubert\u00e1ln\u00edch let se v\u011bnuje pr\u00e1ci v m\u00e9di\u00edch a psan\u00ed. Z kon\u00ed\u010dka se stalo \u017eivobyt\u00ed, kter\u00e9 j\u00ed z\u00e1rove\u0148 poskytlo dostatek svobody k tomu, aby mohla pom\u011brn\u011b hodn\u011b cestovat a pozn\u00e1vat sv\u011bt a r\u016fzn\u00e9 kultury. Energii j\u00ed dod\u00e1v\u00e1 \u010dten\u00ed knih, voda a hudba.","url":"https:\/\/blog.ccc.eu\/cz\/author\/perlamakovienka-sk\/"}]}},"_links":{"self":[{"href":"https:\/\/blog.ccc.eu\/cz\/wp-json\/wp\/v2\/posts\/7781","targetHints":{"allow":["GET"]}}],"collection":[{"href":"https:\/\/blog.ccc.eu\/cz\/wp-json\/wp\/v2\/posts"}],"about":[{"href":"https:\/\/blog.ccc.eu\/cz\/wp-json\/wp\/v2\/types\/post"}],"author":[{"embeddable":true,"href":"https:\/\/blog.ccc.eu\/cz\/wp-json\/wp\/v2\/users\/24"}],"replies":[{"embeddable":true,"href":"https:\/\/blog.ccc.eu\/cz\/wp-json\/wp\/v2\/comments?post=7781"}],"version-history":[{"count":2,"href":"https:\/\/blog.ccc.eu\/cz\/wp-json\/wp\/v2\/posts\/7781\/revisions"}],"predecessor-version":[{"id":7821,"href":"https:\/\/blog.ccc.eu\/cz\/wp-json\/wp\/v2\/posts\/7781\/revisions\/7821"}],"wp:featuredmedia":[{"embeddable":true,"href":"https:\/\/blog.ccc.eu\/cz\/wp-json\/wp\/v2\/media\/7786"}],"wp:attachment":[{"href":"https:\/\/blog.ccc.eu\/cz\/wp-json\/wp\/v2\/media?parent=7781"}],"wp:term":[{"taxonomy":"category","embeddable":true,"href":"https:\/\/blog.ccc.eu\/cz\/wp-json\/wp\/v2\/categories?post=7781"},{"taxonomy":"post_tag","embeddable":true,"href":"https:\/\/blog.ccc.eu\/cz\/wp-json\/wp\/v2\/tags?post=7781"}],"curies":[{"name":"wp","href":"https:\/\/api.w.org\/{rel}","templated":true}]}}