{"id":7788,"date":"2025-06-19T23:02:00","date_gmt":"2025-06-19T21:02:00","guid":{"rendered":"https:\/\/blog.ccc.eu\/cz\/?p=7788"},"modified":"2025-07-13T00:44:21","modified_gmt":"2025-07-12T22:44:21","slug":"barvy-kabelek-leto-2025","status":"publish","type":"post","link":"https:\/\/blog.ccc.eu\/cz\/barvy-kabelek-leto-2025\/","title":{"rendered":"Tyto barvy ovl\u00e1dnou sv\u011bt kabelek v l\u00e9t\u011b 2025: Rozza\u0159te sv\u016fj kabelkov\u00fd sv\u011bt!"},"content":{"rendered":"\n<p><em>L\u00e9to 2025 je ve znamen\u00ed odv\u00e1\u017en\u00fdch kombinac\u00ed, ale z\u00e1rove\u0148 db\u00e1 na nad\u010dasovou eleganci. Barvy letn\u00edch kabelek pro tuto sez\u00f3nu p\u0159in\u00e1\u0161ej\u00ed sv\u011b\u017eest, optimismus a stylov\u00e9 kontrasty, kter\u00e9 pozvednou ka\u017ed\u00fd outfit. M\u00f3dn\u00ed zna\u010dky a n\u00e1vrh\u00e1\u0159i se inspiruj\u00ed p\u0159\u00edrodou, energi\u00ed m\u011bsta a technologiemi. Kter\u00e9 odst\u00edny dominuj\u00ed t\u00e9to sez\u00f3n\u011b a kter\u00e9 kabelky stoj\u00ed za to za\u0159adit do va\u0161eho \u0161atn\u00edku?<\/em><\/p>\n\n\n\n<figure class=\"wp-block-gallery has-nested-images columns-default is-cropped wp-block-gallery-1 is-layout-flex wp-block-gallery-is-layout-flex\">\n<figure class=\"wp-block-image size-large\"><img loading=\"lazy\" decoding=\"async\" width=\"683\" height=\"1024\" data-id=\"7790\" src=\"https:\/\/blog.ccc.eu\/cz\/wp-content\/uploads\/2025\/06\/CCC_5905588833666_01_M-683x1024.jpg\" alt=\"\" class=\"wp-image-7790\" srcset=\"https:\/\/blog.ccc.eu\/cz\/wp-content\/uploads\/2025\/06\/CCC_5905588833666_01_M-683x1024.jpg 683w, https:\/\/blog.ccc.eu\/cz\/wp-content\/uploads\/2025\/06\/CCC_5905588833666_01_M-200x300.jpg 200w, https:\/\/blog.ccc.eu\/cz\/wp-content\/uploads\/2025\/06\/CCC_5905588833666_01_M-768x1152.jpg 768w, https:\/\/blog.ccc.eu\/cz\/wp-content\/uploads\/2025\/06\/CCC_5905588833666_01_M-100x150.jpg 100w, https:\/\/blog.ccc.eu\/cz\/wp-content\/uploads\/2025\/06\/CCC_5905588833666_01_M.jpg 876w\" sizes=\"auto, (max-width: 683px) 100vw, 683px\" \/><\/figure>\n\n\n\n<figure class=\"wp-block-image size-large\"><img loading=\"lazy\" decoding=\"async\" width=\"683\" height=\"1024\" data-id=\"7789\" src=\"https:\/\/blog.ccc.eu\/cz\/wp-content\/uploads\/2025\/06\/CCC_5905588833666_01-683x1024.jpg\" alt=\"\" class=\"wp-image-7789\" srcset=\"https:\/\/blog.ccc.eu\/cz\/wp-content\/uploads\/2025\/06\/CCC_5905588833666_01-683x1024.jpg 683w, https:\/\/blog.ccc.eu\/cz\/wp-content\/uploads\/2025\/06\/CCC_5905588833666_01-200x300.jpg 200w, https:\/\/blog.ccc.eu\/cz\/wp-content\/uploads\/2025\/06\/CCC_5905588833666_01-768x1152.jpg 768w, https:\/\/blog.ccc.eu\/cz\/wp-content\/uploads\/2025\/06\/CCC_5905588833666_01-100x150.jpg 100w, https:\/\/blog.ccc.eu\/cz\/wp-content\/uploads\/2025\/06\/CCC_5905588833666_01.jpg 876w\" sizes=\"auto, (max-width: 683px) 100vw, 683px\" \/><\/figure>\n<\/figure>\n\n\n\n<p><\/p>\n\n\n\n<p>L\u00e9to je n\u00e1dhern\u00e9, milovan\u00e9, barevn\u00e9 a sv\u011b\u017e\u00ed! P\u0159esn\u011b takov\u00e9, jak\u00e9 ho m\u00e1me v\u0161ichni r\u00e1di! Nalad\u011bn\u00ed se na tuto energii pomoc\u00ed kabelky jen pom\u016f\u017ee t\u00e9to energii r\u016fst a jej\u00ed vibrace se dotknou \u00fapln\u011b v\u0161eho v na\u0161em okol\u00ed. A my k tomu mus\u00edme p\u0159isp\u011bt \u2013 na sv\u011bt\u011b je dost pochmurnosti, je t\u0159eba naopak p\u0159idat tu sv\u011b\u017eest, radost, optimismus a barvy. Sv\u011bt a \u017eivot jsou p\u0159ece barevn\u00e9 a par\u00e1dn\u00ed kabelka je jen jedn\u00edm z mo\u017en\u00fdch zp\u016fsob\u016f, jak to podpo\u0159it. Ale (!) viditeln\u00e1 pro v\u0161echny, a tak \u2013 d\u016fle\u017eit\u00e1.<\/p>\n\n\n\n<p>Pod\u00edvejme se tedy, jak\u00e9 barvy dominuj\u00ed kabelk\u00e1m v t\u00e9to sez\u00f3n\u011b. V\u0161echny najdete v kamenn\u00fdch prodejn\u00e1ch CCC i v online, proto\u017ee boty a kabelky CCC jdou s dobou a trendy nejen sleduj\u00ed, ale i ur\u010duj\u00ed. Pokud tedy preferujete trendy i ve sv\u00e9m soukrom\u00e9m stylu, klikn\u011bte na ccc.eu a vyberte si z nab\u00eddky, kter\u00e1 uspokoj\u00ed preference a pot\u0159eby snad ka\u017ed\u00e9ho.<\/p>\n\n\n\n<h2 class=\"wp-block-heading\"><strong>Citronov\u011b \u017elut\u00e1 \u2013 barva optimismu<\/strong><\/h2>\n\n\n\n<p>Citronov\u011b \u017elut\u00e1 symbolizuje vitalitu a energii. V kombinaci s minimalistick\u00fdmi st\u0159ihy kabelek p\u016fsob\u00ed sv\u011b\u017ee a modern\u011b. Dob\u0159e kontrastuje s neutr\u00e1ln\u00edmi t\u00f3ny, jako je b\u00e9\u017eov\u00e1 nebo \u0161ed\u00e1, a z\u00e1rove\u0148 se snoub\u00ed s pastelov\u00fdmi barvami, a tak se velmi snadno kombinuje, p\u0159esto\u017ee mo\u017en\u00e1 vzniknou po\u010d\u00e1te\u010dn\u00ed p\u0159edsudky. Citronov\u011b \u017elutou kabelku m\u016f\u017eete sladit t\u00e9m\u011b\u0159 s \u010d\u00edmkoli, a to i pro elegantn\u011bj\u0161\u00ed ve\u010dern\u00ed p\u0159\u00edle\u017eitosti.<\/p>\n\n\n<shortcode prop-load-num=\"12\" prop-display-num=\"4\" prop-sku=\"5906751072417, 5906751030431, 5903698190020, 5903419549908, 5904862312040\" prop-view=\"slider\"><\/shortcode>        <div\r\n            class=\"eob-pf-shortcode\"\r\n            id=\"eobpf69f23c8765a53\"\r\n        >\r\n            <shortcode prop-load-num=\"12\" prop-display-num=\"4\" prop-sku=\"5906751072417, 5906751030431, 5903698190020, 5903419549908, 5904862312040\" prop-view=\"slider\"><\/shortcode>        <\/div>\r\n\t\t<script>\r\n\t\t\tjQuery(document).ready(() => {\r\n\t\t\t    const root = document.getElementById('eobpf69f23c8765a53');\r\n                Vue.createApp({\r\n\t                components: {\r\n\t                    shortcode\r\n\t                }\r\n                }).mount(root);\r\n\t\t\t});\r\n\t\t<\/script>\r\n\t\t\r\n\t\t\n\n\n\n<p><\/p>\n\n\n\n<h2 class=\"wp-block-heading\"><strong>Kor\u00e1lov\u011b r\u016f\u017eov\u00e1 \u2013 letn\u00ed \u017eenskost<\/strong><\/h2>\n\n\n\n<p>Kor\u00e1lov\u00e1 p\u0159in\u00e1\u0161\u00ed jemnou \u017eenskost s modern\u00edm n\u00e1dechem. Je to barva podobn\u00e1 t\u00e9, kterou ka\u017ed\u00fd pravd\u011bpodobn\u011b p\u0159isuzuje ko\u0161ili Rosse Gellera ze seri\u00e1lu P\u0159\u00e1tel\u00e9, ale v\u0161ichni ji r\u00e1di nos\u00edme!&nbsp;&nbsp;V zim\u011b by mohla b\u00fdt \u0161okem, ale v l\u00e9t\u011b je to dokonal\u00e1 barva, kter\u00e1 se kr\u00e1sn\u011b kombinuje t\u00e9m\u011b\u0159 s \u010d\u00edmkoli. Skv\u011ble se hod\u00ed k b\u00edl\u00e9, zlat\u00e9 nebo kr\u00e9mov\u00e9. <\/p>\n\n\n\n<p>Kabelky v tomto odst\u00ednu vyniknou zejm\u00e9na u pl\u00e1\u017eov\u00fdch a pr\u00e1zdninov\u00fdch outfit\u016f, ale skv\u011ble se hod\u00ed i do m\u011bsta. Nebojte se po n\u00ed s\u00e1hnout. Je pravda, \u017ee v\u00e1s pravd\u011bpodobn\u011b zaujme na prvn\u00ed pohled, zejm\u00e9na pokud zvol\u00edte syt\u011bj\u0161\u00ed odst\u00edn. B\u00fdt st\u0159edem pozornosti v\u0161ak v\u016fbec nen\u00ed na \u0161kodu, pr\u00e1v\u011b naopak. Je skv\u011bl\u00e9, kdy\u017e v davu vyniknete.<\/p>\n\n\n<shortcode prop-load-num=\"12\" prop-display-num=\"4\" prop-sku=\"5906751006948, 5906751087107, 5905588971641, 5906751030813, 5904862927800, 5904862882253, 5904862329437, 5904862312286, 5905588982739, 5905588590224, 2230083246240\" prop-view=\"slider\"><\/shortcode>        <div\r\n            class=\"eob-pf-shortcode\"\r\n            id=\"eobpf69f23c8765bc0\"\r\n        >\r\n            <shortcode prop-load-num=\"12\" prop-display-num=\"4\" prop-sku=\"5906751006948, 5906751087107, 5905588971641, 5906751030813, 5904862927800, 5904862882253, 5904862329437, 5904862312286, 5905588982739, 5905588590224, 2230083246240\" prop-view=\"slider\"><\/shortcode>        <\/div>\r\n\t\t<script>\r\n\t\t\tjQuery(document).ready(() => {\r\n\t\t\t    const root = document.getElementById('eobpf69f23c8765bc0');\r\n                Vue.createApp({\r\n\t                components: {\r\n\t                    shortcode\r\n\t                }\r\n                }).mount(root);\r\n\t\t\t});\r\n\t\t<\/script>\r\n\t\t\r\n\t\t\n\n\n\n<p><\/p>\n\n\n\n<h2 class=\"wp-block-heading\"><strong>Cihlov\u011b oran\u017eov\u00e1 \u2013 h\u0159ejiv\u00e1 retro atmosf\u00e9ra<\/strong><\/h2>\n\n\n\n<p>Zemit\u00e1 oran\u017eov\u00e1 s n\u00e1dechem \u010derven\u00e9 dominuje vintage inspirovan\u00fdm kolekc\u00edm. V kombinaci s hn\u011bdou, v\u00ednovou nebo slonovinovou vypad\u00e1 velmi stylov\u011b. Kabelky v tomto t\u00f3nu jsou vhodn\u00e9 pro p\u0159echodn\u00e1 obdob\u00ed a hork\u00e9 letn\u00ed ve\u010dery. Jejich v\u00fdb\u011br nen\u00ed obecn\u011b tak pestr\u00fd, ale pr\u00e1v\u011b to zaru\u010duje, \u017ee pokud s\u00e1hnete po kabelce v t\u00e9to barv\u011b, nebudete nudn\u00e1 d\u00edvka, ale naopak budete m\u00edt kousek, kter\u00fd je naprosto v\u00fdjime\u010dn\u00fd.<\/p>\n\n\n<shortcode prop-load-num=\"12\" prop-display-num=\"4\" prop-sku=\"5905588982029, 5905588980353, 5904862311159, 5905588980759, 5905588980568, 5905588980964\" prop-view=\"slider\"><\/shortcode>        <div\r\n            class=\"eob-pf-shortcode\"\r\n            id=\"eobpf69f23c8765c17\"\r\n        >\r\n            <shortcode prop-load-num=\"12\" prop-display-num=\"4\" prop-sku=\"5905588982029, 5905588980353, 5904862311159, 5905588980759, 5905588980568, 5905588980964\" prop-view=\"slider\"><\/shortcode>        <\/div>\r\n\t\t<script>\r\n\t\t\tjQuery(document).ready(() => {\r\n\t\t\t    const root = document.getElementById('eobpf69f23c8765c17');\r\n                Vue.createApp({\r\n\t                components: {\r\n\t                    shortcode\r\n\t                }\r\n                }).mount(root);\r\n\t\t\t});\r\n\t\t<\/script>\r\n\t\t\r\n\t\t\n\n\n\n<p><\/p>\n\n\n\n<h2 class=\"wp-block-heading\"><strong>Metalick\u00e1 st\u0159\u00edbrn\u00e1 \u2013 futuristick\u00fd lesk<\/strong><\/h2>\n\n\n\n<p>Metalick\u00e9 odlesky za\u017e\u00edvaj\u00ed velk\u00fd n\u00e1vrat, pokud se v\u016fbec d\u00e1 \u0159\u00edct, \u017ee by n\u011bkdy \u201eode\u0161ly\u201c. St\u0159\u00edbrn\u00e9 kabelky vyniknou k ve\u010dern\u00edm \u0161at\u016fm, ale st\u00e1le \u010dast\u011bji se nos\u00ed i p\u0159es den jako kontrast k jednoduch\u00fdm, sportovn\u00edm outfit\u016fm. Dod\u00e1vaj\u00ed looku d\u00e1vku extravagance, kter\u00e1 \u2013 pokud v\u00e1m nen\u00ed ciz\u00ed \u2013 by ve va\u0161em \u0161atn\u00edku rozhodn\u011b nem\u011bla chyb\u011bt. I v tomto p\u0159\u00edpad\u011b plat\u00ed, \u017ee m\u00edru metalick\u00e9ho lesku si m\u016f\u017eete p\u0159izp\u016fsobit sv\u00e9 osobnosti a \u00farovni extravagance, kterou zvl\u00e1dnete.&nbsp;<\/p>\n\n\n<shortcode prop-load-num=\"12\" prop-display-num=\"4\" prop-sku=\"5906751038918, 5906751004807, 5904862882307, 5903419359545, 5906751006955, 5906751006955, 5905588983347, 5903698580968\" prop-view=\"slider\"><\/shortcode>        <div\r\n            class=\"eob-pf-shortcode\"\r\n            id=\"eobpf69f23c8765c60\"\r\n        >\r\n            <shortcode prop-load-num=\"12\" prop-display-num=\"4\" prop-sku=\"5906751038918, 5906751004807, 5904862882307, 5903419359545, 5906751006955, 5906751006955, 5905588983347, 5903698580968\" prop-view=\"slider\"><\/shortcode>        <\/div>\r\n\t\t<script>\r\n\t\t\tjQuery(document).ready(() => {\r\n\t\t\t    const root = document.getElementById('eobpf69f23c8765c60');\r\n                Vue.createApp({\r\n\t                components: {\r\n\t                    shortcode\r\n\t                }\r\n                }).mount(root);\r\n\t\t\t});\r\n\t\t<\/script>\r\n\t\t\r\n\t\t\n\n\n\n<p><\/p>\n\n\n\n<h2 class=\"wp-block-heading\"><strong>Sv\u011btl\u00e1 pist\u00e1ciov\u00e1 \u2013 p\u0159irozen\u00e1 elegance<\/strong><\/h2>\n\n\n\n<p>Pist\u00e1ciov\u00e1 je prost\u011b barva cel\u00e9ho roku, proto\u017ee to bylo tak\u00e9 obdob\u00ed chladn\u011bj\u0161\u00edch t\u00fddn\u016f. V teplej\u0161\u00edch m\u011bs\u00edc\u00edch se nevytr\u00e1c\u00ed, naopak je op\u011bt jednou z barev, kter\u00e9 kraluj\u00ed. Tento jemn\u00fd zelen\u00fd odst\u00edn je jedn\u00edm z nejosv\u011b\u017euj\u00edc\u00edch v palet\u011b barev l\u00e9ta 2025. <\/p>\n\n\n\n<p>Skv\u011ble se hod\u00ed k b\u00edl\u00e9mu lnu, bavln\u011b a p\u0159\u00edrodn\u00edm materi\u00e1l\u016fm. Kabelky v t\u00e9to barv\u011b vyza\u0159uj\u00ed sofistikovanost bez zbyte\u010dn\u00e9 ok\u00e1zalosti a podtrhuj\u00ed p\u0159irozen\u00fd sm\u011br, eleganci a uv\u011bdom\u011blost ka\u017ed\u00e9 \u017eeny, kter\u00e1 nejen\u017ee nastoluje ot\u00e1zky ekologick\u00e9 udr\u017eitelnosti, ale sama je tak\u00e9 \u017eije. Proto p\u0159i v\u00fdb\u011bru t\u00e9to kabelky vol\u00ed tak\u00e9 kvalitn\u00ed materi\u00e1l, kter\u00fd vydr\u017e\u00ed n\u011bkolik sez\u00f3n a neskon\u010d\u00ed po n\u011bkolika pou\u017eit\u00edch v odpadkov\u00e9m ko\u0161i.<\/p>\n\n\n<shortcode prop-load-num=\"12\" prop-display-num=\"4\" prop-sku=\"5906751030462, 5903419917745, 5903419783746, 5905588973249, 5905588972501, 5905588568179, 5905588568018, 5905588568094\" prop-view=\"slider\"><\/shortcode>        <div\r\n            class=\"eob-pf-shortcode\"\r\n            id=\"eobpf69f23c8765ca0\"\r\n        >\r\n            <shortcode prop-load-num=\"12\" prop-display-num=\"4\" prop-sku=\"5906751030462, 5903419917745, 5903419783746, 5905588973249, 5905588972501, 5905588568179, 5905588568018, 5905588568094\" prop-view=\"slider\"><\/shortcode>        <\/div>\r\n\t\t<script>\r\n\t\t\tjQuery(document).ready(() => {\r\n\t\t\t    const root = document.getElementById('eobpf69f23c8765ca0');\r\n                Vue.createApp({\r\n\t                components: {\r\n\t                    shortcode\r\n\t                }\r\n                }).mount(root);\r\n\t\t\t});\r\n\t\t<\/script>\r\n\t\t\r\n\t\t\n\n\n\n<p><\/p>\n\n\n\n<h2 class=\"wp-block-heading\"><strong>Nebesky modr\u00e1 \u2013 klid a \u010distota<\/strong><\/h2>\n\n\n\n<p>Odst\u00edn nebesk\u00e9 modr\u00e9 se objevuje jak na kabelk\u00e1ch z hladk\u00e9 k\u016f\u017ee, tak na textiln\u00edch modelech. Tato barva p\u016fsob\u00ed harmonicky a skv\u011ble dopl\u0148uje b\u00edl\u00e9, d\u017e\u00ednov\u00e9 nebo sv\u011btle \u0161ed\u00e9 oble\u010den\u00ed. V l\u00e9t\u011b se hod\u00ed zejm\u00e9na k denn\u00edmu no\u0161en\u00ed a elegantn\u00edm m\u011bstsk\u00fdm styl\u016fm, ale tak\u00e9 k romantick\u00fdm \u0161at\u016fm a dokonce i na pl\u00e1\u017e. Vyzdvihuje d\u00edv\u010d\u00ed jemnost, a tedy i hol\u010di\u010dku, kter\u00e1 se klidn\u011b skr\u00fdv\u00e1 i ve star\u0161\u00edch \u017een\u00e1ch. V\u0161ichni m\u00e1me v du\u0161i tu malou nebo mladou d\u00edvku a nebesky modr\u00e1 kabelka je jedn\u00edm ze zp\u016fsob\u016f, jak ji p\u0159edstavit sv\u00e9mu okol\u00ed.<\/p>\n\n\n<shortcode prop-load-num=\"12\" prop-display-num=\"4\" prop-sku=\"5906751006900, 5906751054772, 5906751039274, 5906751033241, 5904862337821, 5905588864851, 5904862873084\" prop-view=\"slider\"><\/shortcode>        <div\r\n            class=\"eob-pf-shortcode\"\r\n            id=\"eobpf69f23c8765cd9\"\r\n        >\r\n            <shortcode prop-load-num=\"12\" prop-display-num=\"4\" prop-sku=\"5906751006900, 5906751054772, 5906751039274, 5906751033241, 5904862337821, 5905588864851, 5904862873084\" prop-view=\"slider\"><\/shortcode>        <\/div>\r\n\t\t<script>\r\n\t\t\tjQuery(document).ready(() => {\r\n\t\t\t    const root = document.getElementById('eobpf69f23c8765cd9');\r\n                Vue.createApp({\r\n\t                components: {\r\n\t                    shortcode\r\n\t                }\r\n                }).mount(root);\r\n\t\t\t});\r\n\t\t<\/script>\r\n\t\t\r\n\t\t\n\n\n\n<p><\/p>\n\n\n\n<h2 class=\"wp-block-heading\"><strong>Materi\u00e1ly a text\u00fary<\/strong><\/h2>\n\n\n\n<p>Krom\u011b barev hraje d\u016fle\u017eitou roli tak\u00e9 materi\u00e1l. V letn\u00ed sez\u00f3n\u011b p\u0159evl\u00e1d\u00e1 hladk\u00e1 matn\u00e1 k\u016f\u017ee, rafie, slam\u011bn\u00e9 struktury a recyklovan\u00e9 textilie. M\u00f3dn\u00ed domy s\u00e1zej\u00ed na ekologick\u00fd p\u0159\u00edstup a podporuj\u00ed udr\u017eiteln\u00fd design.<\/p>\n\n\n\n<div class=\"wp-block-buttons is-content-justification-center is-layout-flex wp-container-core-buttons-is-layout-16018d1d wp-block-buttons-is-layout-flex\">\n<div class=\"wp-block-button is-style-fill\"><a class=\"wp-block-button__link has-custom-font-size wp-element-button\" href=\"https:\/\/ccc.eu\/cz\/\" style=\"border-radius:0px;font-size:15px\">Objevit celou ponuku CCC<\/a><\/div>\n<\/div>\n\n\n\n<p><\/p>\n\n\n\n<p>Letn\u00ed kabelky pro rok 2025 nab\u00edzej\u00ed bohatou paletu barev, kter\u00e9 vyjad\u0159uj\u00ed osobnost, n\u00e1ladu a m\u00f3dn\u00ed sebev\u011bdom\u00ed. V\u00fdb\u011br spr\u00e1vn\u00e9 barvy nen\u00ed jen estetickou z\u00e1le\u017eitost\u00ed \u2013 v\u00fdrazn\u011b ovliv\u0148uje dojem z celkov\u00e9ho outfitu. Trendy t\u00e9to sez\u00f3ny vyb\u00edzej\u00ed k experimentov\u00e1n\u00ed, ale z\u00e1rove\u0148 nab\u00edzej\u00ed t\u00f3ny, kter\u00e9 z\u016fstanou v \u0161atn\u00edku vyu\u017eiteln\u00e9 i v dal\u0161\u00edch sez\u00f3n\u00e1ch. P\u0159i n\u00e1kupu nezapome\u0148te zohlednit, co ve va\u0161em \u0161atn\u00edku p\u0159eva\u017euje, abyste si nap\u0159\u00edklad nekupovali kabelku jen k jednomu oble\u010den\u00ed, ale mohli ji kombinovat s v\u00edce kousky.<\/p>\n","protected":false},"excerpt":{"rendered":"<p>L\u00e9to 2025 je ve znamen\u00ed odv\u00e1\u017en\u00fdch kombinac\u00ed, ale z\u00e1rove\u0148 db\u00e1 na nad\u010dasovou eleganci. Barvy letn\u00edch kabelek pro tuto sez\u00f3nu p\u0159in\u00e1\u0161ej\u00ed sv\u011b\u017eest, optimismus a stylov\u00e9 kontrasty, kter\u00e9 pozvednou ka\u017ed\u00fd outfit. <\/p>\n","protected":false},"author":24,"featured_media":7791,"comment_status":"open","ping_status":"open","sticky":false,"template":"","format":"standard","meta":{"_acf_changed":false,"footnotes":""},"categories":[1007,1029,4,6],"tags":[728],"class_list":["post-7788","post","type-post","status-publish","format-standard","has-post-thumbnail","hentry","category-kabelky","category-leto","category-modni-tipy","category-trendy","tag-kabelky"],"acf":[],"yoast_head":"<!-- This site is optimized with the Yoast SEO plugin v26.9 - https:\/\/yoast.com\/product\/yoast-seo-wordpress\/ -->\n<title>Tyto barvy ovl\u00e1dnou sv\u011bt kabelek v l\u00e9t\u011b 2025: Rozza\u0159te sv\u016fj kabelkov\u00fd sv\u011bt! - blog.ccc.eu\/cz<\/title>\n<meta name=\"description\" content=\"Objevte barvy kabelek, kter\u00e9 ovl\u00e1dnou l\u00e9to 2025. Trendy odst\u00edny, styl a inspirace, jak je nosit ka\u017ed\u00fd den s lehkost\u00ed a sebev\u011bdom\u00edm. 2026\" \/>\n<meta name=\"robots\" content=\"index, follow, max-snippet:-1, max-image-preview:large, max-video-preview:-1\" \/>\n<link rel=\"canonical\" href=\"https:\/\/blog.ccc.eu\/cz\/barvy-kabelek-leto-2025\/\" \/>\n<meta property=\"og:locale\" content=\"cs_CZ\" \/>\n<meta property=\"og:type\" content=\"article\" \/>\n<meta property=\"og:title\" content=\"Tyto barvy ovl\u00e1dnou sv\u011bt kabelek v l\u00e9t\u011b 2025: Rozza\u0159te sv\u016fj kabelkov\u00fd sv\u011bt! - blog.ccc.eu\/cz\" \/>\n<meta property=\"og:description\" content=\"Objevte barvy kabelek, kter\u00e9 ovl\u00e1dnou l\u00e9to 2025. Trendy odst\u00edny, styl a inspirace, jak je nosit ka\u017ed\u00fd den s lehkost\u00ed a sebev\u011bdom\u00edm.\" \/>\n<meta property=\"og:url\" content=\"https:\/\/blog.ccc.eu\/cz\/barvy-kabelek-leto-2025\/\" \/>\n<meta property=\"og:site_name\" content=\"blog.ccc.eu\/cz\" \/>\n<meta property=\"article:published_time\" content=\"2025-06-19T21:02:00+00:00\" \/>\n<meta property=\"article:modified_time\" content=\"2025-07-12T22:44:21+00:00\" \/>\n<meta property=\"og:image\" content=\"https:\/\/blog.ccc.eu\/cz\/wp-content\/uploads\/2025\/06\/GRAFIKI-NA-BLOGA-NOWE_1240-x-640_modne-torebki-2024-2025-1.jpg\" \/>\n\t<meta property=\"og:image:width\" content=\"1240\" \/>\n\t<meta property=\"og:image:height\" content=\"640\" \/>\n\t<meta property=\"og:image:type\" content=\"image\/jpeg\" \/>\n<meta name=\"author\" content=\"Kaja\" \/>\n<meta name=\"twitter:card\" content=\"summary_large_image\" \/>\n<meta name=\"twitter:label1\" content=\"Napsal(a)\" \/>\n\t<meta name=\"twitter:data1\" content=\"Kaja\" \/>\n\t<meta name=\"twitter:label2\" content=\"Odhadovan\u00e1 doba \u010dten\u00ed\" \/>\n\t<meta name=\"twitter:data2\" content=\"6 minut\" \/>\n<script type=\"application\/ld+json\" class=\"yoast-schema-graph\">{\"@context\":\"https:\/\/schema.org\",\"@graph\":[{\"@type\":\"Article\",\"@id\":\"https:\/\/blog.ccc.eu\/cz\/barvy-kabelek-leto-2025\/#article\",\"isPartOf\":{\"@id\":\"https:\/\/blog.ccc.eu\/cz\/barvy-kabelek-leto-2025\/\"},\"author\":{\"name\":\"Kaja\",\"@id\":\"https:\/\/blog.ccc.eu\/cz\/#\/schema\/person\/f21bfa7ed9e08fb4b5b823707bdde059\"},\"headline\":\"Tyto barvy ovl\u00e1dnou sv\u011bt kabelek v l\u00e9t\u011b 2025: Rozza\u0159te sv\u016fj kabelkov\u00fd sv\u011bt!\",\"datePublished\":\"2025-06-19T21:02:00+00:00\",\"dateModified\":\"2025-07-12T22:44:21+00:00\",\"mainEntityOfPage\":{\"@id\":\"https:\/\/blog.ccc.eu\/cz\/barvy-kabelek-leto-2025\/\"},\"wordCount\":1205,\"commentCount\":0,\"publisher\":{\"@id\":\"https:\/\/blog.ccc.eu\/cz\/#organization\"},\"image\":{\"@id\":\"https:\/\/blog.ccc.eu\/cz\/barvy-kabelek-leto-2025\/#primaryimage\"},\"thumbnailUrl\":\"https:\/\/blog.ccc.eu\/cz\/wp-content\/uploads\/2025\/06\/GRAFIKI-NA-BLOGA-NOWE_1240-x-640_modne-torebki-2024-2025-1.jpg\",\"keywords\":[\"kabelky\"],\"articleSection\":[\"KABELKY\",\"L\u00c9TO\",\"M\u00d3DN\u00cd TIPY\",\"TRENDY\"],\"inLanguage\":\"cs\",\"potentialAction\":[{\"@type\":\"CommentAction\",\"name\":\"Comment\",\"target\":[\"https:\/\/blog.ccc.eu\/cz\/barvy-kabelek-leto-2025\/#respond\"]}]},{\"@type\":\"WebPage\",\"@id\":\"https:\/\/blog.ccc.eu\/cz\/barvy-kabelek-leto-2025\/\",\"url\":\"https:\/\/blog.ccc.eu\/cz\/barvy-kabelek-leto-2025\/\",\"name\":\"Tyto barvy ovl\u00e1dnou sv\u011bt kabelek v l\u00e9t\u011b 2025: Rozza\u0159te sv\u016fj kabelkov\u00fd sv\u011bt! - blog.ccc.eu\/cz\",\"isPartOf\":{\"@id\":\"https:\/\/blog.ccc.eu\/cz\/#website\"},\"primaryImageOfPage\":{\"@id\":\"https:\/\/blog.ccc.eu\/cz\/barvy-kabelek-leto-2025\/#primaryimage\"},\"image\":{\"@id\":\"https:\/\/blog.ccc.eu\/cz\/barvy-kabelek-leto-2025\/#primaryimage\"},\"thumbnailUrl\":\"https:\/\/blog.ccc.eu\/cz\/wp-content\/uploads\/2025\/06\/GRAFIKI-NA-BLOGA-NOWE_1240-x-640_modne-torebki-2024-2025-1.jpg\",\"datePublished\":\"2025-06-19T21:02:00+00:00\",\"dateModified\":\"2025-07-12T22:44:21+00:00\",\"description\":\"Objevte barvy kabelek, kter\u00e9 ovl\u00e1dnou l\u00e9to 2025. Trendy odst\u00edny, styl a inspirace, jak je nosit ka\u017ed\u00fd den s lehkost\u00ed a sebev\u011bdom\u00edm.\",\"breadcrumb\":{\"@id\":\"https:\/\/blog.ccc.eu\/cz\/barvy-kabelek-leto-2025\/#breadcrumb\"},\"inLanguage\":\"cs\",\"potentialAction\":[{\"@type\":\"ReadAction\",\"target\":[\"https:\/\/blog.ccc.eu\/cz\/barvy-kabelek-leto-2025\/\"]}]},{\"@type\":\"ImageObject\",\"inLanguage\":\"cs\",\"@id\":\"https:\/\/blog.ccc.eu\/cz\/barvy-kabelek-leto-2025\/#primaryimage\",\"url\":\"https:\/\/blog.ccc.eu\/cz\/wp-content\/uploads\/2025\/06\/GRAFIKI-NA-BLOGA-NOWE_1240-x-640_modne-torebki-2024-2025-1.jpg\",\"contentUrl\":\"https:\/\/blog.ccc.eu\/cz\/wp-content\/uploads\/2025\/06\/GRAFIKI-NA-BLOGA-NOWE_1240-x-640_modne-torebki-2024-2025-1.jpg\",\"width\":1240,\"height\":640,\"caption\":\"barevn\u00e9 kabelky Gino Rossi\"},{\"@type\":\"BreadcrumbList\",\"@id\":\"https:\/\/blog.ccc.eu\/cz\/barvy-kabelek-leto-2025\/#breadcrumb\",\"itemListElement\":[{\"@type\":\"ListItem\",\"position\":1,\"name\":\"Strona g\u0142\u00f3wna\",\"item\":\"https:\/\/blog.ccc.eu\/cz\/\"},{\"@type\":\"ListItem\",\"position\":2,\"name\":\"Tyto barvy ovl\u00e1dnou sv\u011bt kabelek v l\u00e9t\u011b 2025: Rozza\u0159te sv\u016fj kabelkov\u00fd sv\u011bt!\"}]},{\"@type\":\"WebSite\",\"@id\":\"https:\/\/blog.ccc.eu\/cz\/#website\",\"url\":\"https:\/\/blog.ccc.eu\/cz\/\",\"name\":\"blog.ccc.eu\/cz\",\"description\":\"Va\u0161e m\u00edsto pln\u00e9 m\u00f3dn\u00edch inspirac\u00ed\",\"publisher\":{\"@id\":\"https:\/\/blog.ccc.eu\/cz\/#organization\"},\"potentialAction\":[{\"@type\":\"SearchAction\",\"target\":{\"@type\":\"EntryPoint\",\"urlTemplate\":\"https:\/\/blog.ccc.eu\/cz\/?s={search_term_string}\"},\"query-input\":{\"@type\":\"PropertyValueSpecification\",\"valueRequired\":true,\"valueName\":\"search_term_string\"}}],\"inLanguage\":\"cs\"},{\"@type\":\"Organization\",\"@id\":\"https:\/\/blog.ccc.eu\/cz\/#organization\",\"name\":\"CCC S.A.\",\"url\":\"https:\/\/blog.ccc.eu\/cz\/\",\"logo\":{\"@type\":\"ImageObject\",\"inLanguage\":\"cs\",\"@id\":\"https:\/\/blog.ccc.eu\/cz\/#\/schema\/logo\/image\/\",\"url\":\"https:\/\/blog.ccc.eu\/cz\/wp-content\/uploads\/2021\/11\/logo_ccc.png\",\"contentUrl\":\"https:\/\/blog.ccc.eu\/cz\/wp-content\/uploads\/2021\/11\/logo_ccc.png\",\"width\":730,\"height\":270,\"caption\":\"CCC S.A.\"},\"image\":{\"@id\":\"https:\/\/blog.ccc.eu\/cz\/#\/schema\/logo\/image\/\"}},{\"@type\":\"Person\",\"@id\":\"https:\/\/blog.ccc.eu\/cz\/#\/schema\/person\/f21bfa7ed9e08fb4b5b823707bdde059\",\"name\":\"Kaja\",\"image\":{\"@type\":\"ImageObject\",\"inLanguage\":\"cs\",\"@id\":\"https:\/\/blog.ccc.eu\/cz\/#\/schema\/person\/image\/\",\"url\":\"https:\/\/blog.ccc.eu\/cz\/wp-content\/uploads\/2024\/06\/white-1-300x300-1-100x100.jpg\",\"contentUrl\":\"https:\/\/blog.ccc.eu\/cz\/wp-content\/uploads\/2024\/06\/white-1-300x300-1-100x100.jpg\",\"caption\":\"Kaja\"},\"description\":\"U\u017e od pubert\u00e1ln\u00edch let se v\u011bnuje pr\u00e1ci v m\u00e9di\u00edch a psan\u00ed. Z kon\u00ed\u010dka se stalo \u017eivobyt\u00ed, kter\u00e9 j\u00ed z\u00e1rove\u0148 poskytlo dostatek svobody k tomu, aby mohla pom\u011brn\u011b hodn\u011b cestovat a pozn\u00e1vat sv\u011bt a r\u016fzn\u00e9 kultury. Energii j\u00ed dod\u00e1v\u00e1 \u010dten\u00ed knih, voda a hudba.\",\"url\":\"https:\/\/blog.ccc.eu\/cz\/author\/perlamakovienka-sk\/\"}]}<\/script>\n<!-- \/ Yoast SEO plugin. -->","yoast_head_json":{"title":"Tyto barvy ovl\u00e1dnou sv\u011bt kabelek v l\u00e9t\u011b 2025: Rozza\u0159te sv\u016fj kabelkov\u00fd sv\u011bt! - blog.ccc.eu\/cz","description":"Objevte barvy kabelek, kter\u00e9 ovl\u00e1dnou l\u00e9to 2025. Trendy odst\u00edny, styl a inspirace, jak je nosit ka\u017ed\u00fd den s lehkost\u00ed a sebev\u011bdom\u00edm. 2026","robots":{"index":"index","follow":"follow","max-snippet":"max-snippet:-1","max-image-preview":"max-image-preview:large","max-video-preview":"max-video-preview:-1"},"canonical":"https:\/\/blog.ccc.eu\/cz\/barvy-kabelek-leto-2025\/","og_locale":"cs_CZ","og_type":"article","og_title":"Tyto barvy ovl\u00e1dnou sv\u011bt kabelek v l\u00e9t\u011b 2025: Rozza\u0159te sv\u016fj kabelkov\u00fd sv\u011bt! - blog.ccc.eu\/cz","og_description":"Objevte barvy kabelek, kter\u00e9 ovl\u00e1dnou l\u00e9to 2025. Trendy odst\u00edny, styl a inspirace, jak je nosit ka\u017ed\u00fd den s lehkost\u00ed a sebev\u011bdom\u00edm.","og_url":"https:\/\/blog.ccc.eu\/cz\/barvy-kabelek-leto-2025\/","og_site_name":"blog.ccc.eu\/cz","article_published_time":"2025-06-19T21:02:00+00:00","article_modified_time":"2025-07-12T22:44:21+00:00","og_image":[{"width":1240,"height":640,"url":"https:\/\/blog.ccc.eu\/cz\/wp-content\/uploads\/2025\/06\/GRAFIKI-NA-BLOGA-NOWE_1240-x-640_modne-torebki-2024-2025-1.jpg","type":"image\/jpeg"}],"author":"Kaja","twitter_card":"summary_large_image","twitter_misc":{"Napsal(a)":"Kaja","Odhadovan\u00e1 doba \u010dten\u00ed":"6 minut"},"schema":{"@context":"https:\/\/schema.org","@graph":[{"@type":"Article","@id":"https:\/\/blog.ccc.eu\/cz\/barvy-kabelek-leto-2025\/#article","isPartOf":{"@id":"https:\/\/blog.ccc.eu\/cz\/barvy-kabelek-leto-2025\/"},"author":{"name":"Kaja","@id":"https:\/\/blog.ccc.eu\/cz\/#\/schema\/person\/f21bfa7ed9e08fb4b5b823707bdde059"},"headline":"Tyto barvy ovl\u00e1dnou sv\u011bt kabelek v l\u00e9t\u011b 2025: Rozza\u0159te sv\u016fj kabelkov\u00fd sv\u011bt!","datePublished":"2025-06-19T21:02:00+00:00","dateModified":"2025-07-12T22:44:21+00:00","mainEntityOfPage":{"@id":"https:\/\/blog.ccc.eu\/cz\/barvy-kabelek-leto-2025\/"},"wordCount":1205,"commentCount":0,"publisher":{"@id":"https:\/\/blog.ccc.eu\/cz\/#organization"},"image":{"@id":"https:\/\/blog.ccc.eu\/cz\/barvy-kabelek-leto-2025\/#primaryimage"},"thumbnailUrl":"https:\/\/blog.ccc.eu\/cz\/wp-content\/uploads\/2025\/06\/GRAFIKI-NA-BLOGA-NOWE_1240-x-640_modne-torebki-2024-2025-1.jpg","keywords":["kabelky"],"articleSection":["KABELKY","L\u00c9TO","M\u00d3DN\u00cd TIPY","TRENDY"],"inLanguage":"cs","potentialAction":[{"@type":"CommentAction","name":"Comment","target":["https:\/\/blog.ccc.eu\/cz\/barvy-kabelek-leto-2025\/#respond"]}]},{"@type":"WebPage","@id":"https:\/\/blog.ccc.eu\/cz\/barvy-kabelek-leto-2025\/","url":"https:\/\/blog.ccc.eu\/cz\/barvy-kabelek-leto-2025\/","name":"Tyto barvy ovl\u00e1dnou sv\u011bt kabelek v l\u00e9t\u011b 2025: Rozza\u0159te sv\u016fj kabelkov\u00fd sv\u011bt! - blog.ccc.eu\/cz","isPartOf":{"@id":"https:\/\/blog.ccc.eu\/cz\/#website"},"primaryImageOfPage":{"@id":"https:\/\/blog.ccc.eu\/cz\/barvy-kabelek-leto-2025\/#primaryimage"},"image":{"@id":"https:\/\/blog.ccc.eu\/cz\/barvy-kabelek-leto-2025\/#primaryimage"},"thumbnailUrl":"https:\/\/blog.ccc.eu\/cz\/wp-content\/uploads\/2025\/06\/GRAFIKI-NA-BLOGA-NOWE_1240-x-640_modne-torebki-2024-2025-1.jpg","datePublished":"2025-06-19T21:02:00+00:00","dateModified":"2025-07-12T22:44:21+00:00","description":"Objevte barvy kabelek, kter\u00e9 ovl\u00e1dnou l\u00e9to 2025. Trendy odst\u00edny, styl a inspirace, jak je nosit ka\u017ed\u00fd den s lehkost\u00ed a sebev\u011bdom\u00edm.","breadcrumb":{"@id":"https:\/\/blog.ccc.eu\/cz\/barvy-kabelek-leto-2025\/#breadcrumb"},"inLanguage":"cs","potentialAction":[{"@type":"ReadAction","target":["https:\/\/blog.ccc.eu\/cz\/barvy-kabelek-leto-2025\/"]}]},{"@type":"ImageObject","inLanguage":"cs","@id":"https:\/\/blog.ccc.eu\/cz\/barvy-kabelek-leto-2025\/#primaryimage","url":"https:\/\/blog.ccc.eu\/cz\/wp-content\/uploads\/2025\/06\/GRAFIKI-NA-BLOGA-NOWE_1240-x-640_modne-torebki-2024-2025-1.jpg","contentUrl":"https:\/\/blog.ccc.eu\/cz\/wp-content\/uploads\/2025\/06\/GRAFIKI-NA-BLOGA-NOWE_1240-x-640_modne-torebki-2024-2025-1.jpg","width":1240,"height":640,"caption":"barevn\u00e9 kabelky Gino Rossi"},{"@type":"BreadcrumbList","@id":"https:\/\/blog.ccc.eu\/cz\/barvy-kabelek-leto-2025\/#breadcrumb","itemListElement":[{"@type":"ListItem","position":1,"name":"Strona g\u0142\u00f3wna","item":"https:\/\/blog.ccc.eu\/cz\/"},{"@type":"ListItem","position":2,"name":"Tyto barvy ovl\u00e1dnou sv\u011bt kabelek v l\u00e9t\u011b 2025: Rozza\u0159te sv\u016fj kabelkov\u00fd sv\u011bt!"}]},{"@type":"WebSite","@id":"https:\/\/blog.ccc.eu\/cz\/#website","url":"https:\/\/blog.ccc.eu\/cz\/","name":"blog.ccc.eu\/cz","description":"Va\u0161e m\u00edsto pln\u00e9 m\u00f3dn\u00edch inspirac\u00ed","publisher":{"@id":"https:\/\/blog.ccc.eu\/cz\/#organization"},"potentialAction":[{"@type":"SearchAction","target":{"@type":"EntryPoint","urlTemplate":"https:\/\/blog.ccc.eu\/cz\/?s={search_term_string}"},"query-input":{"@type":"PropertyValueSpecification","valueRequired":true,"valueName":"search_term_string"}}],"inLanguage":"cs"},{"@type":"Organization","@id":"https:\/\/blog.ccc.eu\/cz\/#organization","name":"CCC S.A.","url":"https:\/\/blog.ccc.eu\/cz\/","logo":{"@type":"ImageObject","inLanguage":"cs","@id":"https:\/\/blog.ccc.eu\/cz\/#\/schema\/logo\/image\/","url":"https:\/\/blog.ccc.eu\/cz\/wp-content\/uploads\/2021\/11\/logo_ccc.png","contentUrl":"https:\/\/blog.ccc.eu\/cz\/wp-content\/uploads\/2021\/11\/logo_ccc.png","width":730,"height":270,"caption":"CCC S.A."},"image":{"@id":"https:\/\/blog.ccc.eu\/cz\/#\/schema\/logo\/image\/"}},{"@type":"Person","@id":"https:\/\/blog.ccc.eu\/cz\/#\/schema\/person\/f21bfa7ed9e08fb4b5b823707bdde059","name":"Kaja","image":{"@type":"ImageObject","inLanguage":"cs","@id":"https:\/\/blog.ccc.eu\/cz\/#\/schema\/person\/image\/","url":"https:\/\/blog.ccc.eu\/cz\/wp-content\/uploads\/2024\/06\/white-1-300x300-1-100x100.jpg","contentUrl":"https:\/\/blog.ccc.eu\/cz\/wp-content\/uploads\/2024\/06\/white-1-300x300-1-100x100.jpg","caption":"Kaja"},"description":"U\u017e od pubert\u00e1ln\u00edch let se v\u011bnuje pr\u00e1ci v m\u00e9di\u00edch a psan\u00ed. Z kon\u00ed\u010dka se stalo \u017eivobyt\u00ed, kter\u00e9 j\u00ed z\u00e1rove\u0148 poskytlo dostatek svobody k tomu, aby mohla pom\u011brn\u011b hodn\u011b cestovat a pozn\u00e1vat sv\u011bt a r\u016fzn\u00e9 kultury. Energii j\u00ed dod\u00e1v\u00e1 \u010dten\u00ed knih, voda a hudba.","url":"https:\/\/blog.ccc.eu\/cz\/author\/perlamakovienka-sk\/"}]}},"_links":{"self":[{"href":"https:\/\/blog.ccc.eu\/cz\/wp-json\/wp\/v2\/posts\/7788","targetHints":{"allow":["GET"]}}],"collection":[{"href":"https:\/\/blog.ccc.eu\/cz\/wp-json\/wp\/v2\/posts"}],"about":[{"href":"https:\/\/blog.ccc.eu\/cz\/wp-json\/wp\/v2\/types\/post"}],"author":[{"embeddable":true,"href":"https:\/\/blog.ccc.eu\/cz\/wp-json\/wp\/v2\/users\/24"}],"replies":[{"embeddable":true,"href":"https:\/\/blog.ccc.eu\/cz\/wp-json\/wp\/v2\/comments?post=7788"}],"version-history":[{"count":2,"href":"https:\/\/blog.ccc.eu\/cz\/wp-json\/wp\/v2\/posts\/7788\/revisions"}],"predecessor-version":[{"id":7820,"href":"https:\/\/blog.ccc.eu\/cz\/wp-json\/wp\/v2\/posts\/7788\/revisions\/7820"}],"wp:featuredmedia":[{"embeddable":true,"href":"https:\/\/blog.ccc.eu\/cz\/wp-json\/wp\/v2\/media\/7791"}],"wp:attachment":[{"href":"https:\/\/blog.ccc.eu\/cz\/wp-json\/wp\/v2\/media?parent=7788"}],"wp:term":[{"taxonomy":"category","embeddable":true,"href":"https:\/\/blog.ccc.eu\/cz\/wp-json\/wp\/v2\/categories?post=7788"},{"taxonomy":"post_tag","embeddable":true,"href":"https:\/\/blog.ccc.eu\/cz\/wp-json\/wp\/v2\/tags?post=7788"}],"curies":[{"name":"wp","href":"https:\/\/api.w.org\/{rel}","templated":true}]}}