{"id":7884,"date":"2025-07-23T08:56:04","date_gmt":"2025-07-23T06:56:04","guid":{"rendered":"https:\/\/blog.ccc.eu\/cz\/?p=7884"},"modified":"2025-07-23T08:56:04","modified_gmt":"2025-07-23T06:56:04","slug":"moda-s-ledovym-dotekem-ccc-partnerem-prehlidky-debbie-brown-na-kviff-2025","status":"publish","type":"post","link":"https:\/\/blog.ccc.eu\/cz\/moda-s-ledovym-dotekem-ccc-partnerem-prehlidky-debbie-brown-na-kviff-2025\/","title":{"rendered":"M\u00f3da s ledov\u00fdm dotekem: CCC partnerem p\u0159ehl\u00eddky Debbie Brown na KVIFF 2025"},"content":{"rendered":"\n<p><em>7. \u010dervence 2025 za\u017eily Karlovy Vary jeden z nejkouzeln\u011bj\u0161\u00edch moment\u016f leto\u0161n\u00edho filmov\u00e9ho festivalu. V historick\u00e9m Po\u0161tovn\u00edm dvo\u0159e se konala m\u00f3dn\u00ed p\u0159ehl\u00eddka n\u00e1vrh\u00e1\u0159ky <strong>Debbie Brown<\/strong> s n\u00e1zvem \u201ePerspective \u2013 \u00fahel pohledu\u201c, kter\u00e1 doslova prom\u011bnila letn\u00ed ve\u010der v zimn\u00ed poh\u00e1dku. Kdy\u017e se na konci p\u0159ehl\u00eddky spustila um\u011bl\u00e1 sn\u011bhov\u00e1 p\u0159eh\u00e1\u0148ka, div\u00e1ci z\u016fstali v \u00fa\u017easu \u2014 \u0161lo o okam\u017eik, kdy se m\u00f3da, film a emoce dokonale propojily.<\/em><\/p>\n\n\n\n<figure class=\"wp-block-image size-large\"><img decoding=\"async\" src=\"https:\/\/blog.ccc.eu\/cz\/wp-content\/uploads\/2025\/07\/DebbieBrownPerspective-89-1-819x1024.jpg\" alt=\"\" class=\"wp-image-7918\"\/><\/figure>\n\n\n\n<p><strong>Zna\u010dka CCC<\/strong> byla hrd\u00fdm ofici\u00e1ln\u00edm m\u00f3dn\u00edm partnerem tohoto ve\u010dera a p\u0159isp\u011bla k tomu, aby ka\u017ed\u00fd krok na mole vypadal nezapomenuteln\u011b.<\/p>\n\n\n\n<h3 class=\"wp-block-heading\"><strong>Perspektiva, kter\u00e1 m\u011bn\u00ed pohled na m\u00f3du<\/strong><\/h3>\n\n\n\n<p>Debbie Brown ve sv\u00e9 kolekci zkoumala r\u016fzn\u00e9 perspektivy \u2013 optick\u00e9, \u010dasov\u00e9 i stylov\u00e9. Modely si hr\u00e1ly s \u017eenskost\u00ed, kontrasty, asymetri\u00ed a vrstven\u00edm, ka\u017ed\u00fd m\u011bl sv\u016fj vlastn\u00ed p\u0159\u00edb\u011bh,, ale se spole\u010dnou vizu\u00e1ln\u00ed identitou. Vyvrcholen\u00edm byla sn\u011bhov\u00e1 p\u0159eh\u00e1\u0148ka, kter\u00e1 div\u00e1ky vt\u00e1hla do sv\u011bta \u201e<strong>elegantn\u00edho l\u00e9ta s dotekem zimy<\/strong>\u201c v siln\u011b filmov\u00e9 a emotivn\u00ed atmosf\u00e9\u0159e.<\/p>\n\n\n\n<p>Obuv od CCC byla kl\u00ed\u010dovou sou\u010d\u00e1st\u00ed ka\u017ed\u00e9ho outfitu na mole. D\u00e1my z\u00e1\u0159ily v elegantn\u00edch lodi\u010dk\u00e1ch a p\u00e1skov\u00fdch sand\u00e1lech <a href=\"https:\/\/ccc.eu\/cz\/damske\/znacky\/nine-west\/kategorie:sandaly-lodicky\">Nine West<\/a>, zat\u00edmco p\u00e1nov\u00e9 zvolili pohodln\u00e9 a nad\u010dasov\u00e9 boty <a href=\"https:\/\/ccc.eu\/cz\/panske\/znacky\/lasocki-for-man\/kategorie:oxfordy-polobotky\">Lasocki <\/a>\u2013 dokonal\u00e1 kombinace stylu a komfortu.<\/p>\n\n\n\n<figure class=\"wp-block-gallery has-nested-images columns-default is-cropped wp-block-gallery-1 is-layout-flex wp-block-gallery-is-layout-flex\">\n<figure class=\"wp-block-image size-large\"><img loading=\"lazy\" decoding=\"async\" width=\"768\" height=\"1024\" data-id=\"7907\" src=\"https:\/\/blog.ccc.eu\/cz\/wp-content\/uploads\/2025\/07\/DSC1347-1-edited-768x1024.jpg\" alt=\"\" class=\"wp-image-7907\" srcset=\"https:\/\/blog.ccc.eu\/cz\/wp-content\/uploads\/2025\/07\/DSC1347-1-edited-768x1024.jpg 768w, https:\/\/blog.ccc.eu\/cz\/wp-content\/uploads\/2025\/07\/DSC1347-1-edited-225x300.jpg 225w, https:\/\/blog.ccc.eu\/cz\/wp-content\/uploads\/2025\/07\/DSC1347-1-edited-1152x1536.jpg 1152w, https:\/\/blog.ccc.eu\/cz\/wp-content\/uploads\/2025\/07\/DSC1347-1-edited-1535x2048.jpg 1535w, https:\/\/blog.ccc.eu\/cz\/wp-content\/uploads\/2025\/07\/DSC1347-1-edited-100x133.jpg 100w, https:\/\/blog.ccc.eu\/cz\/wp-content\/uploads\/2025\/07\/DSC1347-1-edited-scaled.jpg 1919w\" sizes=\"auto, (max-width: 768px) 100vw, 768px\" \/><\/figure>\n\n\n\n<figure class=\"wp-block-image size-large\"><img loading=\"lazy\" decoding=\"async\" width=\"819\" height=\"1024\" data-id=\"7908\" src=\"https:\/\/blog.ccc.eu\/cz\/wp-content\/uploads\/2025\/07\/DebbieBrownPerspective-293-1-819x1024.jpg\" alt=\"\" class=\"wp-image-7908\" srcset=\"https:\/\/blog.ccc.eu\/cz\/wp-content\/uploads\/2025\/07\/DebbieBrownPerspective-293-1-819x1024.jpg 819w, https:\/\/blog.ccc.eu\/cz\/wp-content\/uploads\/2025\/07\/DebbieBrownPerspective-293-1-240x300.jpg 240w, https:\/\/blog.ccc.eu\/cz\/wp-content\/uploads\/2025\/07\/DebbieBrownPerspective-293-1-768x960.jpg 768w, https:\/\/blog.ccc.eu\/cz\/wp-content\/uploads\/2025\/07\/DebbieBrownPerspective-293-1-1229x1536.jpg 1229w, https:\/\/blog.ccc.eu\/cz\/wp-content\/uploads\/2025\/07\/DebbieBrownPerspective-293-1-100x125.jpg 100w, https:\/\/blog.ccc.eu\/cz\/wp-content\/uploads\/2025\/07\/DebbieBrownPerspective-293-1.jpg 1638w\" sizes=\"auto, (max-width: 819px) 100vw, 819px\" \/><\/figure>\n<\/figure>\n\n\n\n<blockquote class=\"wp-block-quote is-layout-flow wp-block-quote-is-layout-flow\">\n<p><\/p>\n<\/blockquote>\n\n\n\n<h3 class=\"wp-block-heading\"><strong>Hv\u011bzdy ve\u010dera nejen na mole<\/strong><\/h3>\n\n\n\n<p>P\u0159ehl\u00eddku si nenechala uj\u00edt \u0159ada zn\u00e1m\u00fdch osobnost\u00ed z filmov\u00e9ho i m\u00f3dn\u00edho sv\u011bta. Mezi hosty nechyb\u011bli p\u0159edn\u00ed \u010de\u0161t\u00ed herci, here\u010dky, re\u017eis\u00e9\u0159i, stylist\u00e9 ani tv\u016frci, kte\u0159\u00ed pravideln\u011b ur\u010duj\u00ed sm\u011br dom\u00e1c\u00ed kulturn\u00ed sc\u00e9ny. V prvn\u00ed \u0159ad\u011b usedli tak\u00e9 herci, influence\u0159i, m\u00f3dn\u00ed novin\u00e1\u0159i a zn\u00e1m\u00e9 tv\u00e1\u0159e online sc\u00e9ny, kte\u0159\u00ed p\u0159i\u0161li, nejen podpo\u0159it talentovanou n\u00e1vrh\u00e1\u0159ku Debbie Brown, ale tak\u00e9 za\u017e\u00edt atmosf\u00e9ru, jak\u00e1 se na \u010desk\u00e9 sc\u00e9n\u011b jen tak nevid\u00ed.<\/p>\n\n\n\n<p>Ne\u0161lo toti\u017e o b\u011b\u017enou m\u00f3dn\u00ed show. Ve\u010der byl od prvn\u00ed minuty promy\u0161len\u00fd do posledn\u00edho detailu \u2013 od lokace, osv\u011btlen\u00ed, hudby, a\u017e po z\u00e1v\u011bre\u010dnou sn\u011bhovou p\u0159eh\u00e1\u0148ku, kter\u00e1 se stala doslova \u201evir\u00e1ln\u00edm\u201c momentem. Cel\u00e9 vystoupen\u00ed st\u00edralo hranice mezi sv\u011btem m\u00f3dy, performance a filmov\u00e9 estetiky. Vznikl tak z\u00e1\u017eitek, kter\u00fd v sob\u011b spojoval styl, p\u0159\u00edb\u011bh i emoce \u2013 a pr\u00e1v\u011b to d\u011bl\u00e1 z p\u0159ehl\u00eddky Debbie Brown na KVIFF 2025 ud\u00e1lost, o kter\u00e9 se bude je\u0161t\u011b dlouho mluvit.<\/p>\n\n\n\n<figure class=\"wp-block-gallery has-nested-images columns-default is-cropped wp-block-gallery-2 is-layout-flex wp-block-gallery-is-layout-flex\">\n<figure class=\"wp-block-image size-large\"><img loading=\"lazy\" decoding=\"async\" width=\"767\" height=\"1024\" data-id=\"7897\" src=\"https:\/\/blog.ccc.eu\/cz\/wp-content\/uploads\/2025\/07\/IMG_2446-1-edited-767x1024.jpg\" alt=\"\" class=\"wp-image-7897\" srcset=\"https:\/\/blog.ccc.eu\/cz\/wp-content\/uploads\/2025\/07\/IMG_2446-1-edited-767x1024.jpg 767w, https:\/\/blog.ccc.eu\/cz\/wp-content\/uploads\/2025\/07\/IMG_2446-1-edited-225x300.jpg 225w, https:\/\/blog.ccc.eu\/cz\/wp-content\/uploads\/2025\/07\/IMG_2446-1-edited-768x1025.jpg 768w, https:\/\/blog.ccc.eu\/cz\/wp-content\/uploads\/2025\/07\/IMG_2446-1-edited-1151x1536.jpg 1151w, https:\/\/blog.ccc.eu\/cz\/wp-content\/uploads\/2025\/07\/IMG_2446-1-edited-1535x2048.jpg 1535w, https:\/\/blog.ccc.eu\/cz\/wp-content\/uploads\/2025\/07\/IMG_2446-1-edited-100x133.jpg 100w, https:\/\/blog.ccc.eu\/cz\/wp-content\/uploads\/2025\/07\/IMG_2446-1-edited-scaled.jpg 1919w\" sizes=\"auto, (max-width: 767px) 100vw, 767px\" \/><\/figure>\n\n\n\n<figure class=\"wp-block-image size-large\"><img loading=\"lazy\" decoding=\"async\" width=\"768\" height=\"1024\" data-id=\"7898\" src=\"https:\/\/blog.ccc.eu\/cz\/wp-content\/uploads\/2025\/07\/DebbieBrownPerspective-93-edited-768x1024.jpg\" alt=\"\" class=\"wp-image-7898\" srcset=\"https:\/\/blog.ccc.eu\/cz\/wp-content\/uploads\/2025\/07\/DebbieBrownPerspective-93-edited-768x1024.jpg 768w, https:\/\/blog.ccc.eu\/cz\/wp-content\/uploads\/2025\/07\/DebbieBrownPerspective-93-edited-225x300.jpg 225w, https:\/\/blog.ccc.eu\/cz\/wp-content\/uploads\/2025\/07\/DebbieBrownPerspective-93-edited-1152x1536.jpg 1152w, https:\/\/blog.ccc.eu\/cz\/wp-content\/uploads\/2025\/07\/DebbieBrownPerspective-93-edited-100x133.jpg 100w, https:\/\/blog.ccc.eu\/cz\/wp-content\/uploads\/2025\/07\/DebbieBrownPerspective-93-edited.jpg 1536w\" sizes=\"auto, (max-width: 768px) 100vw, 768px\" \/><\/figure>\n<\/figure>\n\n\n\n<h3 class=\"wp-block-heading\"><strong>Z mola rovnou k v\u00e1m<\/strong><\/h3>\n\n\n\n<p>A co kdybyste si mohli \u010d\u00e1st t\u00e9 v\u00fdjime\u010dn\u00e9 atmosf\u00e9ry p\u0159en\u00e9st i dom\u016f? M\u00f3da, kterou jste mohli obdivovat na p\u0159ehl\u00eddkov\u00e9m mole, toti\u017e nekon\u010d\u00ed u z\u00e1\u0159e reflektor\u016f. Kolekce zna\u010dek, kter\u00e9 vynikly na t\u00e9to nezapomenuteln\u00e9 ud\u00e1losti, jsou nyn\u00ed dostupn\u00e9 i pro v\u00e1s a mohou se st\u00e1t sou\u010d\u00e1st\u00ed va\u0161eho ka\u017edodenn\u00edho stylu.<\/p>\n\n\n\n<p>A\u0165 u\u017e hled\u00e1te v\u00fdrazn\u00e9 lodi\u010dky, kter\u00e9 p\u0159it\u00e1hnou pozornost na letn\u00ed ve\u010de\u0159i, nebo pohodln\u00e9, ale elegantn\u00ed polobotky do m\u011bsta, obuv od <strong><a href=\"https:\/\/ccc.eu\/cz\/damske\/znacky\/nine-west\/kategorie:sandaly-lodicky\">Nine West<\/a><\/strong> a <a href=\"https:\/\/ccc.eu\/cz\/panske\/znacky\/lasocki-for-man\/kategorie:oxfordy-polobotky\"><strong>Lasocki<\/strong> <\/a>v\u00e1m nab\u00eddne dokonalou rovnov\u00e1hu mezi vkusem, komfortem a nad\u010dasov\u00fdm designem. Tyto kolekce nejsou jen o trendech. Jsou o pocitu v\u00fdjime\u010dnosti \u2013 o tom, jak\u00fd je v\u00e1\u0161 krok, kdy\u017e v\u00edte, \u017ee nos\u00edte n\u011bco, co bylo sou\u010d\u00e1st\u00ed m\u00f3dn\u00edho momentu roku. Vy se tak\u00e9 m\u016f\u017eete c\u00edtit jako hv\u011bzda, a to nejen na \u010derven\u00e9m koberci, ale klidn\u011b i na vlastn\u00ed cest\u011b do pr\u00e1ce nebo na obl\u00edbenou k\u00e1vu.<\/p>\n\n\n\n<p><strong>Objevte eleganci a styl zna\u010dek, kter\u00e9 zaz\u00e1\u0159ily na p\u0159ehl\u00eddce a dop\u0159ejte sv\u00e9mu \u0161atn\u00edku d\u00e1vku exkluzivity a \u0161armu.<\/strong><\/p>\n\n\n<shortcode prop-load-num=\"4\" prop-display-num=\"4\" prop-sku=\"5905588889908, 5903698761695, 5906751045916,5905588497660, 5906751083642, 5906751134344, 5906751071113, 5906751132630, 5906751037638, 5905588335443 \" prop-view=\"slider\"><\/shortcode>        <div\r\n            class=\"eob-pf-shortcode\"\r\n            id=\"eobpf69f23c8f4dc27\"\r\n        >\r\n            <shortcode prop-load-num=\"4\" prop-display-num=\"4\" prop-sku=\"5905588889908, 5903698761695, 5906751045916,5905588497660, 5906751083642, 5906751134344, 5906751071113, 5906751132630, 5906751037638, 5905588335443 \" prop-view=\"slider\"><\/shortcode>        <\/div>\r\n\t\t<script>\r\n\t\t\tjQuery(document).ready(() => {\r\n\t\t\t    const root = document.getElementById('eobpf69f23c8f4dc27');\r\n                Vue.createApp({\r\n\t                components: {\r\n\t                    shortcode\r\n\t                }\r\n                }).mount(root);\r\n\t\t\t});\r\n\t\t<\/script>\r\n\t\t\r\n\t\t\n\n\n\n<p><\/p>\n\n\n\n<figure class=\"wp-block-image size-large\"><img loading=\"lazy\" decoding=\"async\" width=\"2048\" height=\"1365\" src=\"https:\/\/blog.ccc.eu\/cz\/wp-content\/uploads\/2025\/07\/DebbieBrownPerspective-357-edited.jpg\" alt=\"\" class=\"wp-image-7929\" srcset=\"https:\/\/blog.ccc.eu\/cz\/wp-content\/uploads\/2025\/07\/DebbieBrownPerspective-357-edited.jpg 2048w, https:\/\/blog.ccc.eu\/cz\/wp-content\/uploads\/2025\/07\/DebbieBrownPerspective-357-edited-300x200.jpg 300w, https:\/\/blog.ccc.eu\/cz\/wp-content\/uploads\/2025\/07\/DebbieBrownPerspective-357-edited-1024x683.jpg 1024w, https:\/\/blog.ccc.eu\/cz\/wp-content\/uploads\/2025\/07\/DebbieBrownPerspective-357-edited-768x512.jpg 768w, https:\/\/blog.ccc.eu\/cz\/wp-content\/uploads\/2025\/07\/DebbieBrownPerspective-357-edited-1536x1024.jpg 1536w, https:\/\/blog.ccc.eu\/cz\/wp-content\/uploads\/2025\/07\/DebbieBrownPerspective-357-edited-100x67.jpg 100w\" sizes=\"auto, (max-width: 2048px) 100vw, 2048px\" \/><\/figure>\n\n\n\n<p>P\u0159ehl\u00eddka Debbie Brown na KVIFF 2025 nebyla jen m\u00f3dn\u00ed ud\u00e1lost\u00ed. Byla to zku\u0161enost \u2013 pln\u00e1 emoc\u00ed, um\u011bn\u00ed a inspirace. A zna\u010dka CCC byla hrd\u00e1, \u017ee mohla b\u00fdt jej\u00ed sou\u010d\u00e1st\u00ed.<\/p>\n\n\n\n<div class=\"wp-block-buttons is-content-justification-center is-layout-flex wp-container-core-buttons-is-layout-16018d1d wp-block-buttons-is-layout-flex\">\n<div class=\"wp-block-button is-style-fill\"><a class=\"wp-block-button__link has-custom-font-size wp-element-button\" href=\"https:\/\/ccc.eu\/cz\/\" style=\"border-radius:0px;font-size:15px\">Objevit celou nab\u00eddku CCC<\/a><\/div>\n<\/div>\n","protected":false},"excerpt":{"rendered":"<p>7. \u010dervence 2025 za\u017eily Karlovy Vary jeden z nejkouzeln\u011bj\u0161\u00edch moment\u016f leto\u0161n\u00edho filmov\u00e9ho festivalu. V historick\u00e9m Po\u0161tovn\u00edm dvo\u0159e se konala m\u00f3dn\u00ed p\u0159ehl\u00eddka n\u00e1vrh\u00e1\u0159ky Debbie Brown s n\u00e1zvem \u201ePerspective \u2013 \u00fahel pohledu\u201c, kter\u00e1 doslova prom\u011bnila letn\u00ed ve\u010der v zimn\u00ed poh\u00e1dku. Kdy\u017e se na konci p\u0159ehl\u00eddky spustila um\u011bl\u00e1 sn\u011bhov\u00e1 p\u0159eh\u00e1\u0148ka, div\u00e1ci z\u016fstali v \u00fa\u017easu \u2014 \u0161lo o okam\u017eik, [&hellip;]<\/p>\n","protected":false},"author":25,"featured_media":7918,"comment_status":"open","ping_status":"open","sticky":false,"template":"","format":"standard","meta":{"_acf_changed":false,"footnotes":""},"categories":[4],"tags":[594,1039,614],"class_list":["post-7884","post","type-post","status-publish","format-standard","has-post-thumbnail","hentry","category-modni-tipy","tag-damske-boty","tag-debbie-brown","tag-lodicky-2"],"acf":[],"yoast_head":"<!-- This site is optimized with the Yoast SEO plugin v26.9 - https:\/\/yoast.com\/product\/yoast-seo-wordpress\/ -->\n<title>M\u00f3da s ledov\u00fdm dotekem: CCC partnerem p\u0159ehl\u00eddky Debbie Brown na KVIFF 2025 - blog.ccc.eu\/cz<\/title>\n<meta name=\"description\" content=\"Objevte kouzeln\u00fd ve\u010der m\u00f3dn\u00ed p\u0159ehl\u00eddky Debbie Brown na KVIFF 2025. Elegance, styl a exkluzivn\u00ed kolekce Nine West a Lasocki, kter\u00e9 si m\u016f\u017eete po\u0159\u00eddit i vy. 2026\" \/>\n<meta name=\"robots\" content=\"index, follow, max-snippet:-1, max-image-preview:large, max-video-preview:-1\" \/>\n<link rel=\"canonical\" href=\"https:\/\/blog.ccc.eu\/cz\/moda-s-ledovym-dotekem-ccc-partnerem-prehlidky-debbie-brown-na-kviff-2025\/\" \/>\n<meta property=\"og:locale\" content=\"cs_CZ\" \/>\n<meta property=\"og:type\" content=\"article\" \/>\n<meta property=\"og:title\" content=\"M\u00f3da s ledov\u00fdm dotekem: CCC partnerem p\u0159ehl\u00eddky Debbie Brown na KVIFF 2025 - blog.ccc.eu\/cz\" \/>\n<meta property=\"og:description\" content=\"Objevte kouzeln\u00fd ve\u010der m\u00f3dn\u00ed p\u0159ehl\u00eddky Debbie Brown na KVIFF 2025. Elegance, styl a exkluzivn\u00ed kolekce Nine West a Lasocki, kter\u00e9 si m\u016f\u017eete po\u0159\u00eddit i vy.\" \/>\n<meta property=\"og:url\" content=\"https:\/\/blog.ccc.eu\/cz\/moda-s-ledovym-dotekem-ccc-partnerem-prehlidky-debbie-brown-na-kviff-2025\/\" \/>\n<meta property=\"og:site_name\" content=\"blog.ccc.eu\/cz\" \/>\n<meta property=\"article:published_time\" content=\"2025-07-23T06:56:04+00:00\" \/>\n<meta property=\"og:image\" content=\"https:\/\/blog.ccc.eu\/cz\/wp-content\/uploads\/2025\/07\/DebbieBrownPerspective-89-1.jpg\" \/>\n\t<meta property=\"og:image:width\" content=\"1638\" \/>\n\t<meta property=\"og:image:height\" content=\"2048\" \/>\n\t<meta property=\"og:image:type\" content=\"image\/jpeg\" \/>\n<meta name=\"author\" content=\"Petra Susilova\" \/>\n<meta name=\"twitter:card\" content=\"summary_large_image\" \/>\n<meta name=\"twitter:label1\" content=\"Napsal(a)\" \/>\n\t<meta name=\"twitter:data1\" content=\"Petra Susilova\" \/>\n\t<meta name=\"twitter:label2\" content=\"Odhadovan\u00e1 doba \u010dten\u00ed\" \/>\n\t<meta name=\"twitter:data2\" content=\"5 minut\" \/>\n<script type=\"application\/ld+json\" class=\"yoast-schema-graph\">{\"@context\":\"https:\/\/schema.org\",\"@graph\":[{\"@type\":\"Article\",\"@id\":\"https:\/\/blog.ccc.eu\/cz\/moda-s-ledovym-dotekem-ccc-partnerem-prehlidky-debbie-brown-na-kviff-2025\/#article\",\"isPartOf\":{\"@id\":\"https:\/\/blog.ccc.eu\/cz\/moda-s-ledovym-dotekem-ccc-partnerem-prehlidky-debbie-brown-na-kviff-2025\/\"},\"author\":{\"name\":\"Petra Susilova\",\"@id\":\"https:\/\/blog.ccc.eu\/cz\/#\/schema\/person\/74ddaf45957c4c3e85587a666ba20782\"},\"headline\":\"M\u00f3da s ledov\u00fdm dotekem: CCC partnerem p\u0159ehl\u00eddky Debbie Brown na KVIFF 2025\",\"datePublished\":\"2025-07-23T06:56:04+00:00\",\"mainEntityOfPage\":{\"@id\":\"https:\/\/blog.ccc.eu\/cz\/moda-s-ledovym-dotekem-ccc-partnerem-prehlidky-debbie-brown-na-kviff-2025\/\"},\"wordCount\":722,\"commentCount\":0,\"publisher\":{\"@id\":\"https:\/\/blog.ccc.eu\/cz\/#organization\"},\"image\":{\"@id\":\"https:\/\/blog.ccc.eu\/cz\/moda-s-ledovym-dotekem-ccc-partnerem-prehlidky-debbie-brown-na-kviff-2025\/#primaryimage\"},\"thumbnailUrl\":\"https:\/\/blog.ccc.eu\/cz\/wp-content\/uploads\/2025\/07\/DebbieBrownPerspective-89-1-e1753254039887.jpg\",\"keywords\":[\"D\u00e1msk\u00e9 boty\",\"Debbie Brown\",\"Lodi\u010dky\"],\"articleSection\":[\"M\u00d3DN\u00cd TIPY\"],\"inLanguage\":\"cs\",\"potentialAction\":[{\"@type\":\"CommentAction\",\"name\":\"Comment\",\"target\":[\"https:\/\/blog.ccc.eu\/cz\/moda-s-ledovym-dotekem-ccc-partnerem-prehlidky-debbie-brown-na-kviff-2025\/#respond\"]}]},{\"@type\":\"WebPage\",\"@id\":\"https:\/\/blog.ccc.eu\/cz\/moda-s-ledovym-dotekem-ccc-partnerem-prehlidky-debbie-brown-na-kviff-2025\/\",\"url\":\"https:\/\/blog.ccc.eu\/cz\/moda-s-ledovym-dotekem-ccc-partnerem-prehlidky-debbie-brown-na-kviff-2025\/\",\"name\":\"M\u00f3da s ledov\u00fdm dotekem: CCC partnerem p\u0159ehl\u00eddky Debbie Brown na KVIFF 2025 - blog.ccc.eu\/cz\",\"isPartOf\":{\"@id\":\"https:\/\/blog.ccc.eu\/cz\/#website\"},\"primaryImageOfPage\":{\"@id\":\"https:\/\/blog.ccc.eu\/cz\/moda-s-ledovym-dotekem-ccc-partnerem-prehlidky-debbie-brown-na-kviff-2025\/#primaryimage\"},\"image\":{\"@id\":\"https:\/\/blog.ccc.eu\/cz\/moda-s-ledovym-dotekem-ccc-partnerem-prehlidky-debbie-brown-na-kviff-2025\/#primaryimage\"},\"thumbnailUrl\":\"https:\/\/blog.ccc.eu\/cz\/wp-content\/uploads\/2025\/07\/DebbieBrownPerspective-89-1-e1753254039887.jpg\",\"datePublished\":\"2025-07-23T06:56:04+00:00\",\"description\":\"Objevte kouzeln\u00fd ve\u010der m\u00f3dn\u00ed p\u0159ehl\u00eddky Debbie Brown na KVIFF 2025. Elegance, styl a exkluzivn\u00ed kolekce Nine West a Lasocki, kter\u00e9 si m\u016f\u017eete po\u0159\u00eddit i vy.\",\"breadcrumb\":{\"@id\":\"https:\/\/blog.ccc.eu\/cz\/moda-s-ledovym-dotekem-ccc-partnerem-prehlidky-debbie-brown-na-kviff-2025\/#breadcrumb\"},\"inLanguage\":\"cs\",\"potentialAction\":[{\"@type\":\"ReadAction\",\"target\":[\"https:\/\/blog.ccc.eu\/cz\/moda-s-ledovym-dotekem-ccc-partnerem-prehlidky-debbie-brown-na-kviff-2025\/\"]}]},{\"@type\":\"ImageObject\",\"inLanguage\":\"cs\",\"@id\":\"https:\/\/blog.ccc.eu\/cz\/moda-s-ledovym-dotekem-ccc-partnerem-prehlidky-debbie-brown-na-kviff-2025\/#primaryimage\",\"url\":\"https:\/\/blog.ccc.eu\/cz\/wp-content\/uploads\/2025\/07\/DebbieBrownPerspective-89-1-e1753254039887.jpg\",\"contentUrl\":\"https:\/\/blog.ccc.eu\/cz\/wp-content\/uploads\/2025\/07\/DebbieBrownPerspective-89-1-e1753254039887.jpg\",\"width\":1638,\"height\":1113},{\"@type\":\"BreadcrumbList\",\"@id\":\"https:\/\/blog.ccc.eu\/cz\/moda-s-ledovym-dotekem-ccc-partnerem-prehlidky-debbie-brown-na-kviff-2025\/#breadcrumb\",\"itemListElement\":[{\"@type\":\"ListItem\",\"position\":1,\"name\":\"Strona g\u0142\u00f3wna\",\"item\":\"https:\/\/blog.ccc.eu\/cz\/\"},{\"@type\":\"ListItem\",\"position\":2,\"name\":\"M\u00f3da s ledov\u00fdm dotekem: CCC partnerem p\u0159ehl\u00eddky Debbie Brown na KVIFF 2025\"}]},{\"@type\":\"WebSite\",\"@id\":\"https:\/\/blog.ccc.eu\/cz\/#website\",\"url\":\"https:\/\/blog.ccc.eu\/cz\/\",\"name\":\"blog.ccc.eu\/cz\",\"description\":\"Va\u0161e m\u00edsto pln\u00e9 m\u00f3dn\u00edch inspirac\u00ed\",\"publisher\":{\"@id\":\"https:\/\/blog.ccc.eu\/cz\/#organization\"},\"potentialAction\":[{\"@type\":\"SearchAction\",\"target\":{\"@type\":\"EntryPoint\",\"urlTemplate\":\"https:\/\/blog.ccc.eu\/cz\/?s={search_term_string}\"},\"query-input\":{\"@type\":\"PropertyValueSpecification\",\"valueRequired\":true,\"valueName\":\"search_term_string\"}}],\"inLanguage\":\"cs\"},{\"@type\":\"Organization\",\"@id\":\"https:\/\/blog.ccc.eu\/cz\/#organization\",\"name\":\"CCC S.A.\",\"url\":\"https:\/\/blog.ccc.eu\/cz\/\",\"logo\":{\"@type\":\"ImageObject\",\"inLanguage\":\"cs\",\"@id\":\"https:\/\/blog.ccc.eu\/cz\/#\/schema\/logo\/image\/\",\"url\":\"https:\/\/blog.ccc.eu\/cz\/wp-content\/uploads\/2021\/11\/logo_ccc.png\",\"contentUrl\":\"https:\/\/blog.ccc.eu\/cz\/wp-content\/uploads\/2021\/11\/logo_ccc.png\",\"width\":730,\"height\":270,\"caption\":\"CCC S.A.\"},\"image\":{\"@id\":\"https:\/\/blog.ccc.eu\/cz\/#\/schema\/logo\/image\/\"}},{\"@type\":\"Person\",\"@id\":\"https:\/\/blog.ccc.eu\/cz\/#\/schema\/person\/74ddaf45957c4c3e85587a666ba20782\",\"name\":\"Petra Susilova\",\"image\":{\"@type\":\"ImageObject\",\"inLanguage\":\"cs\",\"@id\":\"https:\/\/blog.ccc.eu\/cz\/#\/schema\/person\/image\/\",\"url\":\"https:\/\/secure.gravatar.com\/avatar\/2eeba86289b6f51c358487152d296aa19002ba9c061f1bb2f0c5f86ed31e132f?s=96&r=g\",\"contentUrl\":\"https:\/\/secure.gravatar.com\/avatar\/2eeba86289b6f51c358487152d296aa19002ba9c061f1bb2f0c5f86ed31e132f?s=96&r=g\",\"caption\":\"Petra Susilova\"},\"url\":\"https:\/\/blog.ccc.eu\/cz\/author\/petra-susilova\/\"}]}<\/script>\n<!-- \/ Yoast SEO plugin. -->","yoast_head_json":{"title":"M\u00f3da s ledov\u00fdm dotekem: CCC partnerem p\u0159ehl\u00eddky Debbie Brown na KVIFF 2025 - blog.ccc.eu\/cz","description":"Objevte kouzeln\u00fd ve\u010der m\u00f3dn\u00ed p\u0159ehl\u00eddky Debbie Brown na KVIFF 2025. Elegance, styl a exkluzivn\u00ed kolekce Nine West a Lasocki, kter\u00e9 si m\u016f\u017eete po\u0159\u00eddit i vy. 2026","robots":{"index":"index","follow":"follow","max-snippet":"max-snippet:-1","max-image-preview":"max-image-preview:large","max-video-preview":"max-video-preview:-1"},"canonical":"https:\/\/blog.ccc.eu\/cz\/moda-s-ledovym-dotekem-ccc-partnerem-prehlidky-debbie-brown-na-kviff-2025\/","og_locale":"cs_CZ","og_type":"article","og_title":"M\u00f3da s ledov\u00fdm dotekem: CCC partnerem p\u0159ehl\u00eddky Debbie Brown na KVIFF 2025 - blog.ccc.eu\/cz","og_description":"Objevte kouzeln\u00fd ve\u010der m\u00f3dn\u00ed p\u0159ehl\u00eddky Debbie Brown na KVIFF 2025. Elegance, styl a exkluzivn\u00ed kolekce Nine West a Lasocki, kter\u00e9 si m\u016f\u017eete po\u0159\u00eddit i vy.","og_url":"https:\/\/blog.ccc.eu\/cz\/moda-s-ledovym-dotekem-ccc-partnerem-prehlidky-debbie-brown-na-kviff-2025\/","og_site_name":"blog.ccc.eu\/cz","article_published_time":"2025-07-23T06:56:04+00:00","og_image":[{"width":1638,"height":2048,"url":"https:\/\/blog.ccc.eu\/cz\/wp-content\/uploads\/2025\/07\/DebbieBrownPerspective-89-1.jpg","type":"image\/jpeg"}],"author":"Petra Susilova","twitter_card":"summary_large_image","twitter_misc":{"Napsal(a)":"Petra Susilova","Odhadovan\u00e1 doba \u010dten\u00ed":"5 minut"},"schema":{"@context":"https:\/\/schema.org","@graph":[{"@type":"Article","@id":"https:\/\/blog.ccc.eu\/cz\/moda-s-ledovym-dotekem-ccc-partnerem-prehlidky-debbie-brown-na-kviff-2025\/#article","isPartOf":{"@id":"https:\/\/blog.ccc.eu\/cz\/moda-s-ledovym-dotekem-ccc-partnerem-prehlidky-debbie-brown-na-kviff-2025\/"},"author":{"name":"Petra Susilova","@id":"https:\/\/blog.ccc.eu\/cz\/#\/schema\/person\/74ddaf45957c4c3e85587a666ba20782"},"headline":"M\u00f3da s ledov\u00fdm dotekem: CCC partnerem p\u0159ehl\u00eddky Debbie Brown na KVIFF 2025","datePublished":"2025-07-23T06:56:04+00:00","mainEntityOfPage":{"@id":"https:\/\/blog.ccc.eu\/cz\/moda-s-ledovym-dotekem-ccc-partnerem-prehlidky-debbie-brown-na-kviff-2025\/"},"wordCount":722,"commentCount":0,"publisher":{"@id":"https:\/\/blog.ccc.eu\/cz\/#organization"},"image":{"@id":"https:\/\/blog.ccc.eu\/cz\/moda-s-ledovym-dotekem-ccc-partnerem-prehlidky-debbie-brown-na-kviff-2025\/#primaryimage"},"thumbnailUrl":"https:\/\/blog.ccc.eu\/cz\/wp-content\/uploads\/2025\/07\/DebbieBrownPerspective-89-1-e1753254039887.jpg","keywords":["D\u00e1msk\u00e9 boty","Debbie Brown","Lodi\u010dky"],"articleSection":["M\u00d3DN\u00cd TIPY"],"inLanguage":"cs","potentialAction":[{"@type":"CommentAction","name":"Comment","target":["https:\/\/blog.ccc.eu\/cz\/moda-s-ledovym-dotekem-ccc-partnerem-prehlidky-debbie-brown-na-kviff-2025\/#respond"]}]},{"@type":"WebPage","@id":"https:\/\/blog.ccc.eu\/cz\/moda-s-ledovym-dotekem-ccc-partnerem-prehlidky-debbie-brown-na-kviff-2025\/","url":"https:\/\/blog.ccc.eu\/cz\/moda-s-ledovym-dotekem-ccc-partnerem-prehlidky-debbie-brown-na-kviff-2025\/","name":"M\u00f3da s ledov\u00fdm dotekem: CCC partnerem p\u0159ehl\u00eddky Debbie Brown na KVIFF 2025 - blog.ccc.eu\/cz","isPartOf":{"@id":"https:\/\/blog.ccc.eu\/cz\/#website"},"primaryImageOfPage":{"@id":"https:\/\/blog.ccc.eu\/cz\/moda-s-ledovym-dotekem-ccc-partnerem-prehlidky-debbie-brown-na-kviff-2025\/#primaryimage"},"image":{"@id":"https:\/\/blog.ccc.eu\/cz\/moda-s-ledovym-dotekem-ccc-partnerem-prehlidky-debbie-brown-na-kviff-2025\/#primaryimage"},"thumbnailUrl":"https:\/\/blog.ccc.eu\/cz\/wp-content\/uploads\/2025\/07\/DebbieBrownPerspective-89-1-e1753254039887.jpg","datePublished":"2025-07-23T06:56:04+00:00","description":"Objevte kouzeln\u00fd ve\u010der m\u00f3dn\u00ed p\u0159ehl\u00eddky Debbie Brown na KVIFF 2025. Elegance, styl a exkluzivn\u00ed kolekce Nine West a Lasocki, kter\u00e9 si m\u016f\u017eete po\u0159\u00eddit i vy.","breadcrumb":{"@id":"https:\/\/blog.ccc.eu\/cz\/moda-s-ledovym-dotekem-ccc-partnerem-prehlidky-debbie-brown-na-kviff-2025\/#breadcrumb"},"inLanguage":"cs","potentialAction":[{"@type":"ReadAction","target":["https:\/\/blog.ccc.eu\/cz\/moda-s-ledovym-dotekem-ccc-partnerem-prehlidky-debbie-brown-na-kviff-2025\/"]}]},{"@type":"ImageObject","inLanguage":"cs","@id":"https:\/\/blog.ccc.eu\/cz\/moda-s-ledovym-dotekem-ccc-partnerem-prehlidky-debbie-brown-na-kviff-2025\/#primaryimage","url":"https:\/\/blog.ccc.eu\/cz\/wp-content\/uploads\/2025\/07\/DebbieBrownPerspective-89-1-e1753254039887.jpg","contentUrl":"https:\/\/blog.ccc.eu\/cz\/wp-content\/uploads\/2025\/07\/DebbieBrownPerspective-89-1-e1753254039887.jpg","width":1638,"height":1113},{"@type":"BreadcrumbList","@id":"https:\/\/blog.ccc.eu\/cz\/moda-s-ledovym-dotekem-ccc-partnerem-prehlidky-debbie-brown-na-kviff-2025\/#breadcrumb","itemListElement":[{"@type":"ListItem","position":1,"name":"Strona g\u0142\u00f3wna","item":"https:\/\/blog.ccc.eu\/cz\/"},{"@type":"ListItem","position":2,"name":"M\u00f3da s ledov\u00fdm dotekem: CCC partnerem p\u0159ehl\u00eddky Debbie Brown na KVIFF 2025"}]},{"@type":"WebSite","@id":"https:\/\/blog.ccc.eu\/cz\/#website","url":"https:\/\/blog.ccc.eu\/cz\/","name":"blog.ccc.eu\/cz","description":"Va\u0161e m\u00edsto pln\u00e9 m\u00f3dn\u00edch inspirac\u00ed","publisher":{"@id":"https:\/\/blog.ccc.eu\/cz\/#organization"},"potentialAction":[{"@type":"SearchAction","target":{"@type":"EntryPoint","urlTemplate":"https:\/\/blog.ccc.eu\/cz\/?s={search_term_string}"},"query-input":{"@type":"PropertyValueSpecification","valueRequired":true,"valueName":"search_term_string"}}],"inLanguage":"cs"},{"@type":"Organization","@id":"https:\/\/blog.ccc.eu\/cz\/#organization","name":"CCC S.A.","url":"https:\/\/blog.ccc.eu\/cz\/","logo":{"@type":"ImageObject","inLanguage":"cs","@id":"https:\/\/blog.ccc.eu\/cz\/#\/schema\/logo\/image\/","url":"https:\/\/blog.ccc.eu\/cz\/wp-content\/uploads\/2021\/11\/logo_ccc.png","contentUrl":"https:\/\/blog.ccc.eu\/cz\/wp-content\/uploads\/2021\/11\/logo_ccc.png","width":730,"height":270,"caption":"CCC S.A."},"image":{"@id":"https:\/\/blog.ccc.eu\/cz\/#\/schema\/logo\/image\/"}},{"@type":"Person","@id":"https:\/\/blog.ccc.eu\/cz\/#\/schema\/person\/74ddaf45957c4c3e85587a666ba20782","name":"Petra Susilova","image":{"@type":"ImageObject","inLanguage":"cs","@id":"https:\/\/blog.ccc.eu\/cz\/#\/schema\/person\/image\/","url":"https:\/\/secure.gravatar.com\/avatar\/2eeba86289b6f51c358487152d296aa19002ba9c061f1bb2f0c5f86ed31e132f?s=96&r=g","contentUrl":"https:\/\/secure.gravatar.com\/avatar\/2eeba86289b6f51c358487152d296aa19002ba9c061f1bb2f0c5f86ed31e132f?s=96&r=g","caption":"Petra Susilova"},"url":"https:\/\/blog.ccc.eu\/cz\/author\/petra-susilova\/"}]}},"_links":{"self":[{"href":"https:\/\/blog.ccc.eu\/cz\/wp-json\/wp\/v2\/posts\/7884","targetHints":{"allow":["GET"]}}],"collection":[{"href":"https:\/\/blog.ccc.eu\/cz\/wp-json\/wp\/v2\/posts"}],"about":[{"href":"https:\/\/blog.ccc.eu\/cz\/wp-json\/wp\/v2\/types\/post"}],"author":[{"embeddable":true,"href":"https:\/\/blog.ccc.eu\/cz\/wp-json\/wp\/v2\/users\/25"}],"replies":[{"embeddable":true,"href":"https:\/\/blog.ccc.eu\/cz\/wp-json\/wp\/v2\/comments?post=7884"}],"version-history":[{"count":31,"href":"https:\/\/blog.ccc.eu\/cz\/wp-json\/wp\/v2\/posts\/7884\/revisions"}],"predecessor-version":[{"id":8003,"href":"https:\/\/blog.ccc.eu\/cz\/wp-json\/wp\/v2\/posts\/7884\/revisions\/8003"}],"wp:featuredmedia":[{"embeddable":true,"href":"https:\/\/blog.ccc.eu\/cz\/wp-json\/wp\/v2\/media\/7918"}],"wp:attachment":[{"href":"https:\/\/blog.ccc.eu\/cz\/wp-json\/wp\/v2\/media?parent=7884"}],"wp:term":[{"taxonomy":"category","embeddable":true,"href":"https:\/\/blog.ccc.eu\/cz\/wp-json\/wp\/v2\/categories?post=7884"},{"taxonomy":"post_tag","embeddable":true,"href":"https:\/\/blog.ccc.eu\/cz\/wp-json\/wp\/v2\/tags?post=7884"}],"curies":[{"name":"wp","href":"https:\/\/api.w.org\/{rel}","templated":true}]}}