{"id":7983,"date":"2025-08-31T10:10:00","date_gmt":"2025-08-31T08:10:00","guid":{"rendered":"https:\/\/blog.ccc.eu\/cz\/?p=7983"},"modified":"2025-09-16T23:06:29","modified_gmt":"2025-09-16T21:06:29","slug":"back-to-school-obuv-tasky","status":"publish","type":"post","link":"https:\/\/blog.ccc.eu\/cz\/back-to-school-obuv-tasky\/","title":{"rendered":"Back to School: Jak vybrat ide\u00e1ln\u00ed obuv a ta\u0161ky pro celou rodinu"},"content":{"rendered":"\n<p><em>Za\u010d\u00e1tek \u0161koln\u00edho roku je v\u017edy spojen\u00fd s n\u00e1kupem nov\u00e9ho vybaven\u00ed. Krom\u011b se\u0161it\u016f, per a prav\u00edtek pat\u0159\u00ed mezi nejd\u016fle\u017eit\u011bj\u0161\u00ed polo\u017eky tak\u00e9 ta\u0161ky a kvalitn\u00ed boty. Spr\u00e1vn\u00fd v\u00fdb\u011br m\u016f\u017ee v\u00fdrazn\u011b ovlivnit pohodl\u00ed, zdrav\u00ed d\u011bt\u00ed a jejich v\u00fdkon ve \u0161kole i p\u0159i sportovn\u00edch aktivit\u00e1ch.<\/em><\/p>\n\n\n\n<figure class=\"wp-block-gallery has-nested-images columns-default is-cropped wp-block-gallery-1 is-layout-flex wp-block-gallery-is-layout-flex\">\n<figure class=\"wp-block-image size-large\"><img loading=\"lazy\" decoding=\"async\" width=\"1024\" height=\"537\" data-id=\"7984\" src=\"https:\/\/blog.ccc.eu\/cz\/wp-content\/uploads\/2025\/09\/CCC_590558876117403_02M_Copy-1024x537.jpg\" alt=\"\" class=\"wp-image-7984\" srcset=\"https:\/\/blog.ccc.eu\/cz\/wp-content\/uploads\/2025\/09\/CCC_590558876117403_02M_Copy-1024x537.jpg 1024w, https:\/\/blog.ccc.eu\/cz\/wp-content\/uploads\/2025\/09\/CCC_590558876117403_02M_Copy-300x157.jpg 300w, https:\/\/blog.ccc.eu\/cz\/wp-content\/uploads\/2025\/09\/CCC_590558876117403_02M_Copy-768x403.jpg 768w, https:\/\/blog.ccc.eu\/cz\/wp-content\/uploads\/2025\/09\/CCC_590558876117403_02M_Copy-100x52.jpg 100w, https:\/\/blog.ccc.eu\/cz\/wp-content\/uploads\/2025\/09\/CCC_590558876117403_02M_Copy.jpg 1280w\" sizes=\"auto, (max-width: 1024px) 100vw, 1024px\" \/><\/figure>\n<\/figure>\n\n\n\n<p><\/p>\n\n\n\n<p>U m\u011b osobn\u011b je za\u010d\u00e1tek \u0161koln\u00edho roku v\u017edy pom\u011brn\u011b n\u00e1ro\u010dn\u00e1 z\u00e1le\u017eitost. Kdy\u017e kone\u010dn\u011b vybereme \u0161koln\u00ed p\u0159ez\u016fvky, s hr\u016fzou si uv\u011bdom\u00edm, \u017ee budou m\u00edt i t\u011blesnou v\u00fdchovu, a na ni pot\u0159ebuj\u00ed tenisky \u2013 rozhodn\u011b s b\u00edlou podr\u00e1\u017ekou (!). A krom\u011b \u0161koln\u00ed ta\u0161ky pr\u00e1v\u011b i batoh na tu t\u011blesnou v\u00fdchovu a tak\u00e9 na \u0161koln\u00ed v\u00fdlety. A samoz\u0159ejm\u011b do ZU\u0160ky a na volno\u010dasov\u00e9 aktivity v\u0161emo\u017en\u00fdch krou\u017ek\u016f. Je toho prost\u011b dost a up\u0159\u00edmn\u011b \u0159e\u010deno, i kdy\u017e nekupujeme v\u0161echno v\u017edy nov\u00e9, je to pro pen\u011b\u017eenku dost n\u00e1ro\u010dn\u00e9.<\/p>\n\n\n\n<p>Proto v\u017edy pot\u011b\u0161\u00ed, kdy\u017e se n\u011bco najde i v p\u0159\u00edpadn\u00e9 slev\u011b \u010di akci, kter\u00e1 tento n\u00e1kup ud\u011bl\u00e1 p\u0159\u00edjemn\u011bj\u0161\u00edm a m\u00e9n\u011b \u201ebolestiv\u00fdm\u201c. Poj\u010fme se spole\u010dn\u011b pod\u00edvat na to, \u010demu se v\u011bt\u0161ina rodi\u010d\u016f na za\u010d\u00e1tku \u0161koln\u00edho roku nevyhne.<\/p>\n\n\n\n<p><strong>Jak\u00e9 boty d\u011bti pot\u0159ebuj\u00ed do \u0161koly?<\/strong><\/p>\n\n\n\n<p>P\u0159i v\u00fdb\u011bru d\u011btsk\u00e9 obuvi na ka\u017edodenn\u00ed no\u0161en\u00ed je d\u016fle\u017eit\u00e9 zam\u011b\u0159it se na n\u011bkolik faktor\u016f:<\/p>\n\n\n\n<h2 class=\"wp-block-heading\"><strong>Zdravotn\u00ed aspekt<\/strong><\/h2>\n\n\n\n<p>Boty by m\u011bly m\u00edt pevnou, ale ohebnou podr\u00e1\u017eku. Dostate\u010dn\u00fd prostor pro prsty zabra\u0148uje vzniku otlak\u016f a deformac\u00ed. Anatomicky tvarovan\u00e1 st\u00e9lka podporuje spr\u00e1vn\u00fd v\u00fdvoj chodidla. Je t\u0159eba si uv\u011bdomit, \u017ee d\u00edt\u011b ve \u0161koln\u00edch bot\u00e1ch tr\u00e1v\u00ed dost velkou \u010d\u00e1st dne, a i kdy\u017e b\u011bhem vyu\u010dovac\u00edch hodin v\u011bt\u0161inou sed\u00ed, o p\u0159est\u00e1vk\u00e1ch je i aktivn\u00ed. V\u00fdb\u011br bot tomu mus\u00ed odpov\u00eddat.<\/p>\n\n\n\n<h2 class=\"wp-block-heading\"><strong>Pohodl\u00ed a prody\u0161nost<\/strong><\/h2>\n\n\n\n<p>Materi\u00e1ly jako k\u016f\u017ee nebo textil umo\u017e\u0148uj\u00ed noh\u00e1m d\u00fdchat. Vnit\u0159n\u00ed v\u00fdstelka by m\u011bla b\u00fdt m\u011bkk\u00e1 a sav\u00e1, aby se sn\u00ed\u017eilo pocen\u00ed nohou. D\u0159\u00edve se \u0159\u00edkalo, \u017ee ve \u0161kole by m\u011bly b\u00fdt rozhodn\u011b otev\u0159en\u00e9 boty, dnes, kdy\u017e jsou materi\u00e1ly, a hlavn\u011b technologie zpracov\u00e1n\u00ed \u00fapln\u011b jin\u00e9, to nen\u00ed nutn\u00e9. Klidn\u011b m\u016f\u017eete zvolit uzav\u0159enou obuv, ale s\u00e1hn\u011bte po opravdu kvalitn\u00edm materi\u00e1lu, kter\u00fd v\u011btr\u00e1, nech\u00e1v\u00e1 poko\u017eku d\u00fdchat a z\u00e1rove\u0148 netla\u010d\u00ed prsty a neomezuje chodidlo.<\/p>\n\n\n<shortcode prop-load-num=\"12\" prop-display-num=\"4\" prop-sku=\"5906751161562, 5906751362563, 5906751244821, 5906751292037, 5906751270639, 5906751263358, 5906751362556, 5906751161654\" prop-view=\"slider\"><\/shortcode>        <div\r\n            class=\"eob-pf-shortcode\"\r\n            id=\"eobpf69f254b8493c4\"\r\n        >\r\n            <shortcode prop-load-num=\"12\" prop-display-num=\"4\" prop-sku=\"5906751161562, 5906751362563, 5906751244821, 5906751292037, 5906751270639, 5906751263358, 5906751362556, 5906751161654\" prop-view=\"slider\"><\/shortcode>        <\/div>\r\n\t\t<script>\r\n\t\t\tjQuery(document).ready(() => {\r\n\t\t\t    const root = document.getElementById('eobpf69f254b8493c4');\r\n                Vue.createApp({\r\n\t                components: {\r\n\t                    shortcode\r\n\t                }\r\n                }).mount(root);\r\n\t\t\t});\r\n\t\t<\/script>\r\n\t\t\r\n\t\t\n\n\n\n<p><\/p>\n\n\n\n<h2 class=\"wp-block-heading\"><strong>Bezpe\u010dnost a odolnost<\/strong><\/h2>\n\n\n\n<p>Protiskluzov\u00e1 podr\u00e1\u017eka je nutnost\u00ed, zejm\u00e9na p\u0159i de\u0161tiv\u00e9m po\u010das\u00ed. I kdy\u017e se d\u011bti ve \u0161kole p\u0159ezouvaj\u00ed, p\u0159esto se i ve \u0161kole stane, \u017ee je n\u011bkde n\u011bco mokr\u00e9, rozlije se voda p\u0159i v\u00fdtvarn\u00e9 v\u00fdchov\u011b nebo \u010daj p\u0159i ob\u011bd\u011b. To jsou ty nejnevinn\u011bj\u0161\u00ed, ale n\u011bkdy z\u00e1rove\u0148 nejv\u00e1\u017en\u011bj\u0161\u00ed \u00farazy, kter\u00e9 dok\u00e1\u017eou ovlivnit chod n\u00e1sleduj\u00edc\u00edch dn\u00ed, t\u00fddn\u016f, n\u011bkdy i m\u011bs\u00edc\u016f. Proto rozhodn\u011b volte protiskluzovou podr\u00e1\u017eku.<\/p>\n\n\n\n<p><br>D\u016fle\u017eit\u00e9 je tak\u00e9 kvalitn\u00ed zpracov\u00e1n\u00ed a zes\u00edlen\u00e1 \u0161pi\u010dka, kter\u00e9 prodlu\u017euj\u00ed \u017eivotnost obuvi. Nev\u00edm, jak to m\u00e1te vy, ale j\u00e1 se sna\u017e\u00edm kupovat boty v\u017edy tak, aby je d\u011bti m\u011bly na cel\u00fd \u0161koln\u00ed rok. N\u011bkdy se stane \u2013 v\u011bt\u0161inou t\u011bsn\u011b p\u0159ed koncem \u0161koln\u00edho roku \u2013 \u017ee mi d\u011bti \u0159eknou, \u017ee jim boty za\u010d\u00ednaj\u00ed b\u00fdt mal\u00e9, proto\u017ee d\u011btsk\u00e1 noha roste. Ale obecn\u011b plat\u00ed, \u017ee kvalitn\u00ed boty opravdu vydr\u017e\u00ed i p\u0159i ka\u017edodenn\u00edm no\u0161en\u00ed. Na tom si u n\u00e1s doma zakl\u00e1d\u00e1me.<\/p>\n\n\n\n<h2 class=\"wp-block-heading\"><strong>Sportovn\u00ed m\u00f3da<\/strong><\/h2>\n\n\n\n<p>Dne\u0161n\u00ed d\u011bti cht\u011bj\u00ed b\u00fdt trendy \u2013 proto jsou obl\u00edben\u00e9 d\u011btsk\u00e9 tenisky ve <a href=\"https:\/\/ccc.eu\/cz\/detske\/chlapecke\/sportovni\">sportovn\u00edm stylu<\/a>. Ide\u00e1ln\u00ed jsou modely, kter\u00e9 se hod\u00ed do \u0161koly i na h\u0159i\u0161t\u011b, a\u0165 u\u017e jde o lehk\u00e9 b\u011b\u017eeck\u00e9 tenisky nebo sportovn\u00ed sneakersy s modern\u00edm designem. Men\u0161\u00edm d\u011btem vyb\u00edrejte obuv na such\u00fd zip, star\u0161\u00edm klidn\u011b klasick\u00e9 \u0161n\u011brovac\u00ed tenisky.<\/p>\n\n\n\n<figure class=\"wp-block-gallery has-nested-images columns-default is-cropped wp-block-gallery-2 is-layout-flex wp-block-gallery-is-layout-flex\">\n<figure class=\"wp-block-image size-large\"><img loading=\"lazy\" decoding=\"async\" width=\"1024\" height=\"683\" data-id=\"7985\" src=\"https:\/\/blog.ccc.eu\/cz\/wp-content\/uploads\/2025\/09\/CCC_5905588684749_02M_Copy-1024x683.jpg\" alt=\"\" class=\"wp-image-7985\" srcset=\"https:\/\/blog.ccc.eu\/cz\/wp-content\/uploads\/2025\/09\/CCC_5905588684749_02M_Copy-1024x683.jpg 1024w, https:\/\/blog.ccc.eu\/cz\/wp-content\/uploads\/2025\/09\/CCC_5905588684749_02M_Copy-300x200.jpg 300w, https:\/\/blog.ccc.eu\/cz\/wp-content\/uploads\/2025\/09\/CCC_5905588684749_02M_Copy-768x512.jpg 768w, https:\/\/blog.ccc.eu\/cz\/wp-content\/uploads\/2025\/09\/CCC_5905588684749_02M_Copy-100x67.jpg 100w, https:\/\/blog.ccc.eu\/cz\/wp-content\/uploads\/2025\/09\/CCC_5905588684749_02M_Copy.jpg 1200w\" sizes=\"auto, (max-width: 1024px) 100vw, 1024px\" \/><\/figure>\n<\/figure>\n\n\n\n<p><\/p>\n\n\n\n<p>CCC v kamenn\u00fdch prodejn\u00e1ch i na e-shopu nab\u00edz\u00ed opravdu \u0161irok\u00fd v\u00fdb\u011br sportovn\u00edch zna\u010dek, kter\u00e9 d\u011bti (ale i dosp\u011bl\u00ed) vyu\u017eij\u00ed p\u0159i mnoha p\u0159\u00edle\u017eitostech \u2013 na t\u011blesnou v\u00fdchovu, jako p\u0159ez\u016fvky, na sportovn\u00ed krou\u017eky, ale i na b\u011b\u017en\u00e9 chozen\u00ed, prost\u011b ka\u017ed\u00fd den. Kr\u00e1sn\u00e9 je, \u017ee d\u011bti si mohou vybrat a vsadit na to, co je pro n\u011b v dan\u00e9 f\u00e1zi jejich v\u00fdvoje nejd\u016fle\u017eit\u011bj\u0161\u00ed. A\u0165 u\u017e je to kvalita, zna\u010dka nebo postavi\u010dky, kter\u00e9 zejm\u00e9na d\u011bti na prvn\u00edm stupni z\u00e1kladn\u00ed \u0161koly preferuj\u00ed. V\u00fdb\u011br je \u0161irok\u00fd \u2013 jak co do design\u016f, tak materi\u00e1l\u016f a zp\u016fsob\u016f zpracov\u00e1n\u00ed.<\/p>\n\n\n<shortcode prop-load-num=\"12\" prop-display-num=\"4\" prop-sku=\"5906751263556, 5906751263358, 5906751292389, 5906751270622, 5906751270639, 5906751172315, 5906751292020, 5906751201657, 5906751293522, 5906751335598\" prop-view=\"slider\"><\/shortcode>        <div\r\n            class=\"eob-pf-shortcode\"\r\n            id=\"eobpf69f254b8494d8\"\r\n        >\r\n            <shortcode prop-load-num=\"12\" prop-display-num=\"4\" prop-sku=\"5906751263556, 5906751263358, 5906751292389, 5906751270622, 5906751270639, 5906751172315, 5906751292020, 5906751201657, 5906751293522, 5906751335598\" prop-view=\"slider\"><\/shortcode>        <\/div>\r\n\t\t<script>\r\n\t\t\tjQuery(document).ready(() => {\r\n\t\t\t    const root = document.getElementById('eobpf69f254b8494d8');\r\n                Vue.createApp({\r\n\t                components: {\r\n\t                    shortcode\r\n\t                }\r\n                }).mount(root);\r\n\t\t\t});\r\n\t\t<\/script>\r\n\t\t\r\n\t\t\n\n\n\n<p><\/p>\n\n\n\n<h4 class=\"wp-block-heading\"><strong>A co batohy?<\/strong><\/h4>\n\n\n\n<p><span style=\"font-family: Helvetica; font-size: 11pt; text-align: justify; white-space: normal;\"><a href=\"https:\/\/ccc.eu\/cz\/deti\/batohy-doplnky\">Batohy<\/a> jsou dal\u0161\u00ed v\u011bc, kter\u00e1 je pro d\u011bti do \u0161koly v\u00edce ne\u017e d\u016fle\u017eit\u00e1. Nemysl\u00edm t\u00edm p\u0159\u00edmo \u0161koln\u00ed ta\u0161ku, i kdy\u017e star\u0161\u00ed d\u011bti \u010dasto pou\u017e\u00edvaj\u00ed jako \u0161koln\u00ed ta\u0161ku pr\u00e1v\u011b sportovn\u00ed batohy. Proto je opravdu d\u016fle\u017eit\u00e9, jak\u00fd vyberete. A nez\u00e1le\u017e\u00ed na tom, jestli bude plnit funkci \u0161koln\u00ed ta\u0161ky nebo b\u011b\u017en\u00e9ho batohu \u2013 kvalita mus\u00ed b\u00fdt zachov\u00e1na v obou p\u0159\u00edpadech. Jde p\u0159ece o z\u00e1da na\u0161ich d\u011bt\u00ed. A \u010dasto i n\u00e1s samotn\u00e9, kdy\u017e d\u011bti (zejm\u00e9na ty men\u0161\u00ed) u\u017e nemaj\u00ed s\u00edlu.<\/span><\/p>\n\n\n\n<figure class=\"wp-block-gallery has-nested-images columns-default is-cropped wp-block-gallery-3 is-layout-flex wp-block-gallery-is-layout-flex\">\n<figure class=\"wp-block-image size-large\"><img loading=\"lazy\" decoding=\"async\" width=\"1024\" height=\"652\" data-id=\"7986\" src=\"https:\/\/blog.ccc.eu\/cz\/wp-content\/uploads\/2025\/09\/CCC_590558873313302_02M_Copy-1024x652.jpg\" alt=\"\" class=\"wp-image-7986\" srcset=\"https:\/\/blog.ccc.eu\/cz\/wp-content\/uploads\/2025\/09\/CCC_590558873313302_02M_Copy-1024x652.jpg 1024w, https:\/\/blog.ccc.eu\/cz\/wp-content\/uploads\/2025\/09\/CCC_590558873313302_02M_Copy-300x191.jpg 300w, https:\/\/blog.ccc.eu\/cz\/wp-content\/uploads\/2025\/09\/CCC_590558873313302_02M_Copy-768x489.jpg 768w, https:\/\/blog.ccc.eu\/cz\/wp-content\/uploads\/2025\/09\/CCC_590558873313302_02M_Copy-100x64.jpg 100w, https:\/\/blog.ccc.eu\/cz\/wp-content\/uploads\/2025\/09\/CCC_590558873313302_02M_Copy.jpg 1257w\" sizes=\"auto, (max-width: 1024px) 100vw, 1024px\" \/><\/figure>\n<\/figure>\n\n\n\n<p><p class=\"Predvolen\" style=\"margin: 0cm; line-height: 19.200001px; font-size: medium; font-family: &quot;Helvetica Neue&quot;; border: none; white-space: normal; text-align: justify;\"><span lang=\"CS\" style=\"font-size: 11pt; line-height: 17.6px; font-family: Helvetica;\"><\/span><\/p><\/p>\n\n\n\n<p><\/p>\n\n\n\n<p><strong>Co si v\u0161\u00edmat?<\/strong><\/p>\n\n\n\n<ul class=\"wp-block-list\">\n<li><strong>Ergonomie<\/strong>: Batoh by m\u011bl m\u00edt vyztu\u017een\u00e1 z\u00e1da a nastaviteln\u00e9 ramenn\u00ed popruhy, aby dob\u0159e sed\u011bl a ne\u0161kodil z\u00e1d\u016fm d\u00edt\u011bte.<\/li>\n\n\n\n<li><strong>Hmotnost<\/strong>: Doporu\u010duje se, aby v\u00e1ha ta\u0161ky nep\u0159es\u00e1hla 10\u201315 % hmotnosti d\u00edt\u011bte, aby nebyla p\u0159\u00edli\u0161 t\u011b\u017ek\u00e1 a nezat\u011b\u017eovala z\u00e1da.<\/li>\n\n\n\n<li><strong>\u00dalo\u017en\u00fd prostor<\/strong>: V\u00edce p\u0159ihr\u00e1dek pom\u00e1h\u00e1 udr\u017eet po\u0159\u00e1dek a rovnom\u011brn\u011b rozlo\u017eit v\u00e1hu. Pozor ale, star\u0161\u00ed d\u011bti v\u011bt\u0161inou up\u0159ednost\u0148uj\u00ed jeden velk\u00fd prostor, kam v\u0161e prost\u011b nah\u00e1z\u00ed.<\/li>\n\n\n\n<li><strong>Sportovn\u00ed design<\/strong>: Modern\u00ed \u0161koln\u00ed batohy ve sportovn\u00edm stylu kombinuj\u00ed prakti\u010dnost s m\u00f3dn\u00edm vzhledem \u2013 obl\u00edben\u00e9 jsou zna\u010dkov\u00e9 modely s v\u00fdrazn\u00fdmi barvami.<\/li>\n<\/ul>\n\n\n<shortcode prop-load-num=\"12\" prop-display-num=\"4\" prop-sku=\"5903698028408, 5903698028590, 5906751350478, 5906751225721, 5903698028248, 5906751214268, 5906751353226, 5906751197561\" prop-view=\"slider\"><\/shortcode>        <div\r\n            class=\"eob-pf-shortcode\"\r\n            id=\"eobpf69f254b849511\"\r\n        >\r\n            <shortcode prop-load-num=\"12\" prop-display-num=\"4\" prop-sku=\"5903698028408, 5903698028590, 5906751350478, 5906751225721, 5903698028248, 5906751214268, 5906751353226, 5906751197561\" prop-view=\"slider\"><\/shortcode>        <\/div>\r\n\t\t<script>\r\n\t\t\tjQuery(document).ready(() => {\r\n\t\t\t    const root = document.getElementById('eobpf69f254b849511');\r\n                Vue.createApp({\r\n\t                components: {\r\n\t                    shortcode\r\n\t                }\r\n                }).mount(root);\r\n\t\t\t});\r\n\t\t<\/script>\r\n\t\t\r\n\t\t\n\n\n\n<p><\/p>\n\n\n\n<h4 class=\"wp-block-heading\"><strong>Back to School m\u00f3da i pro rodi\u010de<\/strong><\/h4>\n\n\n\n<p>Za\u010d\u00e1tek \u0161koln\u00edho roku je skv\u011bl\u00e1 p\u0159\u00edle\u017eitost obnovit \u0161atn\u00edk i pro rodi\u010de. Praktick\u00e9 a pohodln\u00e9 <a href=\"https:\/\/ccc.eu\/cz\/panske\/boty\/tenisky\">tenisky<\/a> pro dosp\u011bl\u00e9 jsou ide\u00e1ln\u00ed na rann\u00ed cesty do \u0161koly \u010di sportovn\u00ed aktivity po pr\u00e1ci. K tomu se hod\u00ed sportovn\u00ed batoh nebo crossbody ta\u0161ka, kter\u00e9 spojuj\u00ed funk\u010dnost se stylem.<\/p>\n\n\n\n<p>Pro dosp\u011bl\u00e9 plat\u00ed v\u011bt\u0161inou stejn\u00e1 krit\u00e9ria v\u00fdb\u011bru jako pro d\u011bti. Je zaj\u00edmav\u00e9, \u017ee se \u010dasto \u0159\u00edk\u00e1, \u017ee d\u011bti pot\u0159ebuj\u00ed kvalitn\u00ed v\u011bci, batohy i boty, proto\u017ee jsou ve v\u00fdvoji a je d\u016fle\u017eit\u00e9, aby se jejich t\u011bla spr\u00e1vn\u011b vyv\u00edjela. Na druh\u00e9 stran\u011b ale stoj\u00ed dosp\u011bl\u00ed, jejich\u017e t\u011bla u\u017e tolik nevydr\u017e\u00ed a kte\u0159\u00ed opravdu pot\u0159ebuj\u00ed vsadit na kvalitu pot\u00e9, co jim jejich t\u011bla l\u00e9ta v\u011brn\u011b slou\u017e\u00ed. M\u00e1my, kter\u00e9 sv\u00e9 d\u011bti vynosily a porodily, otcov\u00e9, kte\u0159\u00ed \u010dasto fyzickou silou budovali p\u0159\u00edbytky a domovy\u2026<\/p>\n\n\n\n<p>V\u00fdb\u011br bot i batoh\u016f by m\u011bl b\u00fdt stejn\u011b pe\u010dliv\u00fd a rozhodn\u011b bychom na sob\u011b \u2013 rodi\u010d\u00edch \u2013 nem\u011bli \u0161et\u0159it. Pr\u00e1v\u011b proto, \u017ee tu s na\u0161imi d\u011btmi a v zdrav\u00ed chceme b\u00fdt je\u0161t\u011b dlouho. A to i s na\u0161imi z\u00e1dy a nohama.<\/p>\n\n\n<shortcode prop-load-num=\"12\" prop-display-num=\"4\" prop-sku=\"5906751167144, 5906751214305, 5906751161654, 5906751159927, 5906751164525, 5906751213926, 5906751168035, 5906751213902, 5906751335598\" prop-view=\"slider\"><\/shortcode>        <div\r\n            class=\"eob-pf-shortcode\"\r\n            id=\"eobpf69f254b84954b\"\r\n        >\r\n            <shortcode prop-load-num=\"12\" prop-display-num=\"4\" prop-sku=\"5906751167144, 5906751214305, 5906751161654, 5906751159927, 5906751164525, 5906751213926, 5906751168035, 5906751213902, 5906751335598\" prop-view=\"slider\"><\/shortcode>        <\/div>\r\n\t\t<script>\r\n\t\t\tjQuery(document).ready(() => {\r\n\t\t\t    const root = document.getElementById('eobpf69f254b84954b');\r\n                Vue.createApp({\r\n\t                components: {\r\n\t                    shortcode\r\n\t                }\r\n                }).mount(root);\r\n\t\t\t});\r\n\t\t<\/script>\r\n\t\t\r\n\t\t\n\n\n\n<p><\/p>\n\n\n\n<div class=\"wp-block-buttons is-content-justification-center is-layout-flex wp-container-core-buttons-is-layout-16018d1d wp-block-buttons-is-layout-flex\">\n<div class=\"wp-block-button is-style-fill\"><a class=\"wp-block-button__link has-custom-font-size wp-element-button\" href=\"https:\/\/ccc.eu\/cz\/\" style=\"border-radius:0px;font-size:15px\">Objevit celou ponuku CCC<\/a><\/div>\n<\/div>\n\n\n\n<p><\/p>\n\n\n\n<p>A abyste uleh\u010dili sv\u00e9 pen\u011b\u017eence, v CCC \u2013 a\u0165 u\u017e v kamenn\u00e9 prodejn\u011b nebo na e-shopu \u2013 ur\u010dit\u011b najdete n\u011bjakou akci, kter\u00e1 v\u00e1m umo\u017en\u00ed v\u00fdhodn\u00fd n\u00e1kup a usnadn\u00ed v\u00fdb\u011br kvalitn\u00edch v\u011bc\u00ed. Klikn\u011bte na ccc.eu\/sk a zjist\u011bte, jak\u00e9 v\u00fdhodn\u00e9 nab\u00eddky m\u016f\u017eete vyu\u017e\u00edt pr\u00e1v\u011b dnes.<\/p>\n","protected":false},"excerpt":{"rendered":"<p>Za\u010d\u00e1tek \u0161koln\u00edho roku je ide\u00e1ln\u00ed \u010das vybrat d\u011btem i rodi\u010d\u016fm kvalitn\u00ed obuv a ta\u0161ky. Spr\u00e1vn\u00fd v\u00fdb\u011br zaji\u0161\u0165uje pohodl\u00ed, zdrav\u00ed a styl po cel\u00fd den.<\/p>\n","protected":false},"author":24,"featured_media":7984,"comment_status":"open","ping_status":"open","sticky":false,"template":"","format":"standard","meta":{"_acf_changed":false,"footnotes":""},"categories":[893],"tags":[759],"class_list":["post-7983","post","type-post","status-publish","format-standard","has-post-thumbnail","hentry","category-back-to-school-","tag-skola"],"acf":[],"yoast_head":"<!-- This site is optimized with the Yoast SEO plugin v26.9 - https:\/\/yoast.com\/product\/yoast-seo-wordpress\/ -->\n<title>Back to School: Jak vybrat ide\u00e1ln\u00ed obuv a ta\u0161ky pro celou rodinu - blog.ccc.eu\/cz<\/title>\n<meta name=\"description\" content=\"Jak vybrat ide\u00e1ln\u00ed obuv a ta\u0161ky pro celou rodinu na za\u010d\u00e1tek \u0161koln\u00edho roku? Tipy na kvalitn\u00ed, pohodln\u00e9 a stylov\u00e9 modely pro d\u011bti i dosp\u011bl\u00e9. 2026\" \/>\n<meta name=\"robots\" content=\"index, follow, max-snippet:-1, max-image-preview:large, max-video-preview:-1\" \/>\n<link rel=\"canonical\" href=\"https:\/\/blog.ccc.eu\/cz\/back-to-school-obuv-tasky\/\" \/>\n<meta property=\"og:locale\" content=\"cs_CZ\" \/>\n<meta property=\"og:type\" content=\"article\" \/>\n<meta property=\"og:title\" content=\"Back to School: Jak vybrat ide\u00e1ln\u00ed obuv a ta\u0161ky pro celou rodinu - blog.ccc.eu\/cz\" \/>\n<meta property=\"og:description\" content=\"Jak vybrat ide\u00e1ln\u00ed obuv a ta\u0161ky pro celou rodinu na za\u010d\u00e1tek \u0161koln\u00edho roku? Tipy na kvalitn\u00ed, pohodln\u00e9 a stylov\u00e9 modely pro d\u011bti i dosp\u011bl\u00e9.\" \/>\n<meta property=\"og:url\" content=\"https:\/\/blog.ccc.eu\/cz\/back-to-school-obuv-tasky\/\" \/>\n<meta property=\"og:site_name\" content=\"blog.ccc.eu\/cz\" \/>\n<meta property=\"article:published_time\" content=\"2025-08-31T08:10:00+00:00\" \/>\n<meta property=\"article:modified_time\" content=\"2025-09-16T21:06:29+00:00\" \/>\n<meta property=\"og:image\" content=\"https:\/\/blog.ccc.eu\/cz\/wp-content\/uploads\/2025\/09\/CCC_590558876117403_02M_Copy.jpg\" \/>\n\t<meta property=\"og:image:width\" content=\"1280\" \/>\n\t<meta property=\"og:image:height\" content=\"671\" \/>\n\t<meta property=\"og:image:type\" content=\"image\/jpeg\" \/>\n<meta name=\"author\" content=\"Kaja\" \/>\n<meta name=\"twitter:card\" content=\"summary_large_image\" \/>\n<meta name=\"twitter:label1\" content=\"Napsal(a)\" \/>\n\t<meta name=\"twitter:data1\" content=\"Kaja\" \/>\n\t<meta name=\"twitter:label2\" content=\"Odhadovan\u00e1 doba \u010dten\u00ed\" \/>\n\t<meta name=\"twitter:data2\" content=\"7 minut\" \/>\n<script type=\"application\/ld+json\" class=\"yoast-schema-graph\">{\"@context\":\"https:\/\/schema.org\",\"@graph\":[{\"@type\":\"Article\",\"@id\":\"https:\/\/blog.ccc.eu\/cz\/back-to-school-obuv-tasky\/#article\",\"isPartOf\":{\"@id\":\"https:\/\/blog.ccc.eu\/cz\/back-to-school-obuv-tasky\/\"},\"author\":{\"name\":\"Kaja\",\"@id\":\"https:\/\/blog.ccc.eu\/cz\/#\/schema\/person\/f21bfa7ed9e08fb4b5b823707bdde059\"},\"headline\":\"Back to School: Jak vybrat ide\u00e1ln\u00ed obuv a ta\u0161ky pro celou rodinu\",\"datePublished\":\"2025-08-31T08:10:00+00:00\",\"dateModified\":\"2025-09-16T21:06:29+00:00\",\"mainEntityOfPage\":{\"@id\":\"https:\/\/blog.ccc.eu\/cz\/back-to-school-obuv-tasky\/\"},\"wordCount\":1418,\"commentCount\":0,\"publisher\":{\"@id\":\"https:\/\/blog.ccc.eu\/cz\/#organization\"},\"image\":{\"@id\":\"https:\/\/blog.ccc.eu\/cz\/back-to-school-obuv-tasky\/#primaryimage\"},\"thumbnailUrl\":\"https:\/\/blog.ccc.eu\/cz\/wp-content\/uploads\/2025\/09\/CCC_590558876117403_02M_Copy.jpg\",\"keywords\":[\"\u0161kola\"],\"articleSection\":[\"BACK TO SCHOOL \ud83c\udf92\ud83c\udf93\"],\"inLanguage\":\"cs\",\"potentialAction\":[{\"@type\":\"CommentAction\",\"name\":\"Comment\",\"target\":[\"https:\/\/blog.ccc.eu\/cz\/back-to-school-obuv-tasky\/#respond\"]}]},{\"@type\":\"WebPage\",\"@id\":\"https:\/\/blog.ccc.eu\/cz\/back-to-school-obuv-tasky\/\",\"url\":\"https:\/\/blog.ccc.eu\/cz\/back-to-school-obuv-tasky\/\",\"name\":\"Back to School: Jak vybrat ide\u00e1ln\u00ed obuv a ta\u0161ky pro celou rodinu - blog.ccc.eu\/cz\",\"isPartOf\":{\"@id\":\"https:\/\/blog.ccc.eu\/cz\/#website\"},\"primaryImageOfPage\":{\"@id\":\"https:\/\/blog.ccc.eu\/cz\/back-to-school-obuv-tasky\/#primaryimage\"},\"image\":{\"@id\":\"https:\/\/blog.ccc.eu\/cz\/back-to-school-obuv-tasky\/#primaryimage\"},\"thumbnailUrl\":\"https:\/\/blog.ccc.eu\/cz\/wp-content\/uploads\/2025\/09\/CCC_590558876117403_02M_Copy.jpg\",\"datePublished\":\"2025-08-31T08:10:00+00:00\",\"dateModified\":\"2025-09-16T21:06:29+00:00\",\"description\":\"Jak vybrat ide\u00e1ln\u00ed obuv a ta\u0161ky pro celou rodinu na za\u010d\u00e1tek \u0161koln\u00edho roku? Tipy na kvalitn\u00ed, pohodln\u00e9 a stylov\u00e9 modely pro d\u011bti i dosp\u011bl\u00e9.\",\"breadcrumb\":{\"@id\":\"https:\/\/blog.ccc.eu\/cz\/back-to-school-obuv-tasky\/#breadcrumb\"},\"inLanguage\":\"cs\",\"potentialAction\":[{\"@type\":\"ReadAction\",\"target\":[\"https:\/\/blog.ccc.eu\/cz\/back-to-school-obuv-tasky\/\"]}]},{\"@type\":\"ImageObject\",\"inLanguage\":\"cs\",\"@id\":\"https:\/\/blog.ccc.eu\/cz\/back-to-school-obuv-tasky\/#primaryimage\",\"url\":\"https:\/\/blog.ccc.eu\/cz\/wp-content\/uploads\/2025\/09\/CCC_590558876117403_02M_Copy.jpg\",\"contentUrl\":\"https:\/\/blog.ccc.eu\/cz\/wp-content\/uploads\/2025\/09\/CCC_590558876117403_02M_Copy.jpg\",\"width\":1280,\"height\":671,\"caption\":\"back to school\"},{\"@type\":\"BreadcrumbList\",\"@id\":\"https:\/\/blog.ccc.eu\/cz\/back-to-school-obuv-tasky\/#breadcrumb\",\"itemListElement\":[{\"@type\":\"ListItem\",\"position\":1,\"name\":\"Strona g\u0142\u00f3wna\",\"item\":\"https:\/\/blog.ccc.eu\/cz\/\"},{\"@type\":\"ListItem\",\"position\":2,\"name\":\"Back to School: Jak vybrat ide\u00e1ln\u00ed obuv a ta\u0161ky pro celou rodinu\"}]},{\"@type\":\"WebSite\",\"@id\":\"https:\/\/blog.ccc.eu\/cz\/#website\",\"url\":\"https:\/\/blog.ccc.eu\/cz\/\",\"name\":\"blog.ccc.eu\/cz\",\"description\":\"Va\u0161e m\u00edsto pln\u00e9 m\u00f3dn\u00edch inspirac\u00ed\",\"publisher\":{\"@id\":\"https:\/\/blog.ccc.eu\/cz\/#organization\"},\"potentialAction\":[{\"@type\":\"SearchAction\",\"target\":{\"@type\":\"EntryPoint\",\"urlTemplate\":\"https:\/\/blog.ccc.eu\/cz\/?s={search_term_string}\"},\"query-input\":{\"@type\":\"PropertyValueSpecification\",\"valueRequired\":true,\"valueName\":\"search_term_string\"}}],\"inLanguage\":\"cs\"},{\"@type\":\"Organization\",\"@id\":\"https:\/\/blog.ccc.eu\/cz\/#organization\",\"name\":\"CCC S.A.\",\"url\":\"https:\/\/blog.ccc.eu\/cz\/\",\"logo\":{\"@type\":\"ImageObject\",\"inLanguage\":\"cs\",\"@id\":\"https:\/\/blog.ccc.eu\/cz\/#\/schema\/logo\/image\/\",\"url\":\"https:\/\/blog.ccc.eu\/cz\/wp-content\/uploads\/2021\/11\/logo_ccc.png\",\"contentUrl\":\"https:\/\/blog.ccc.eu\/cz\/wp-content\/uploads\/2021\/11\/logo_ccc.png\",\"width\":730,\"height\":270,\"caption\":\"CCC S.A.\"},\"image\":{\"@id\":\"https:\/\/blog.ccc.eu\/cz\/#\/schema\/logo\/image\/\"}},{\"@type\":\"Person\",\"@id\":\"https:\/\/blog.ccc.eu\/cz\/#\/schema\/person\/f21bfa7ed9e08fb4b5b823707bdde059\",\"name\":\"Kaja\",\"image\":{\"@type\":\"ImageObject\",\"inLanguage\":\"cs\",\"@id\":\"https:\/\/blog.ccc.eu\/cz\/#\/schema\/person\/image\/\",\"url\":\"https:\/\/blog.ccc.eu\/cz\/wp-content\/uploads\/2024\/06\/white-1-300x300-1-100x100.jpg\",\"contentUrl\":\"https:\/\/blog.ccc.eu\/cz\/wp-content\/uploads\/2024\/06\/white-1-300x300-1-100x100.jpg\",\"caption\":\"Kaja\"},\"description\":\"U\u017e od pubert\u00e1ln\u00edch let se v\u011bnuje pr\u00e1ci v m\u00e9di\u00edch a psan\u00ed. Z kon\u00ed\u010dka se stalo \u017eivobyt\u00ed, kter\u00e9 j\u00ed z\u00e1rove\u0148 poskytlo dostatek svobody k tomu, aby mohla pom\u011brn\u011b hodn\u011b cestovat a pozn\u00e1vat sv\u011bt a r\u016fzn\u00e9 kultury. Energii j\u00ed dod\u00e1v\u00e1 \u010dten\u00ed knih, voda a hudba.\",\"url\":\"https:\/\/blog.ccc.eu\/cz\/author\/perlamakovienka-sk\/\"}]}<\/script>\n<!-- \/ Yoast SEO plugin. -->","yoast_head_json":{"title":"Back to School: Jak vybrat ide\u00e1ln\u00ed obuv a ta\u0161ky pro celou rodinu - blog.ccc.eu\/cz","description":"Jak vybrat ide\u00e1ln\u00ed obuv a ta\u0161ky pro celou rodinu na za\u010d\u00e1tek \u0161koln\u00edho roku? Tipy na kvalitn\u00ed, pohodln\u00e9 a stylov\u00e9 modely pro d\u011bti i dosp\u011bl\u00e9. 2026","robots":{"index":"index","follow":"follow","max-snippet":"max-snippet:-1","max-image-preview":"max-image-preview:large","max-video-preview":"max-video-preview:-1"},"canonical":"https:\/\/blog.ccc.eu\/cz\/back-to-school-obuv-tasky\/","og_locale":"cs_CZ","og_type":"article","og_title":"Back to School: Jak vybrat ide\u00e1ln\u00ed obuv a ta\u0161ky pro celou rodinu - blog.ccc.eu\/cz","og_description":"Jak vybrat ide\u00e1ln\u00ed obuv a ta\u0161ky pro celou rodinu na za\u010d\u00e1tek \u0161koln\u00edho roku? Tipy na kvalitn\u00ed, pohodln\u00e9 a stylov\u00e9 modely pro d\u011bti i dosp\u011bl\u00e9.","og_url":"https:\/\/blog.ccc.eu\/cz\/back-to-school-obuv-tasky\/","og_site_name":"blog.ccc.eu\/cz","article_published_time":"2025-08-31T08:10:00+00:00","article_modified_time":"2025-09-16T21:06:29+00:00","og_image":[{"width":1280,"height":671,"url":"https:\/\/blog.ccc.eu\/cz\/wp-content\/uploads\/2025\/09\/CCC_590558876117403_02M_Copy.jpg","type":"image\/jpeg"}],"author":"Kaja","twitter_card":"summary_large_image","twitter_misc":{"Napsal(a)":"Kaja","Odhadovan\u00e1 doba \u010dten\u00ed":"7 minut"},"schema":{"@context":"https:\/\/schema.org","@graph":[{"@type":"Article","@id":"https:\/\/blog.ccc.eu\/cz\/back-to-school-obuv-tasky\/#article","isPartOf":{"@id":"https:\/\/blog.ccc.eu\/cz\/back-to-school-obuv-tasky\/"},"author":{"name":"Kaja","@id":"https:\/\/blog.ccc.eu\/cz\/#\/schema\/person\/f21bfa7ed9e08fb4b5b823707bdde059"},"headline":"Back to School: Jak vybrat ide\u00e1ln\u00ed obuv a ta\u0161ky pro celou rodinu","datePublished":"2025-08-31T08:10:00+00:00","dateModified":"2025-09-16T21:06:29+00:00","mainEntityOfPage":{"@id":"https:\/\/blog.ccc.eu\/cz\/back-to-school-obuv-tasky\/"},"wordCount":1418,"commentCount":0,"publisher":{"@id":"https:\/\/blog.ccc.eu\/cz\/#organization"},"image":{"@id":"https:\/\/blog.ccc.eu\/cz\/back-to-school-obuv-tasky\/#primaryimage"},"thumbnailUrl":"https:\/\/blog.ccc.eu\/cz\/wp-content\/uploads\/2025\/09\/CCC_590558876117403_02M_Copy.jpg","keywords":["\u0161kola"],"articleSection":["BACK TO SCHOOL \ud83c\udf92\ud83c\udf93"],"inLanguage":"cs","potentialAction":[{"@type":"CommentAction","name":"Comment","target":["https:\/\/blog.ccc.eu\/cz\/back-to-school-obuv-tasky\/#respond"]}]},{"@type":"WebPage","@id":"https:\/\/blog.ccc.eu\/cz\/back-to-school-obuv-tasky\/","url":"https:\/\/blog.ccc.eu\/cz\/back-to-school-obuv-tasky\/","name":"Back to School: Jak vybrat ide\u00e1ln\u00ed obuv a ta\u0161ky pro celou rodinu - blog.ccc.eu\/cz","isPartOf":{"@id":"https:\/\/blog.ccc.eu\/cz\/#website"},"primaryImageOfPage":{"@id":"https:\/\/blog.ccc.eu\/cz\/back-to-school-obuv-tasky\/#primaryimage"},"image":{"@id":"https:\/\/blog.ccc.eu\/cz\/back-to-school-obuv-tasky\/#primaryimage"},"thumbnailUrl":"https:\/\/blog.ccc.eu\/cz\/wp-content\/uploads\/2025\/09\/CCC_590558876117403_02M_Copy.jpg","datePublished":"2025-08-31T08:10:00+00:00","dateModified":"2025-09-16T21:06:29+00:00","description":"Jak vybrat ide\u00e1ln\u00ed obuv a ta\u0161ky pro celou rodinu na za\u010d\u00e1tek \u0161koln\u00edho roku? Tipy na kvalitn\u00ed, pohodln\u00e9 a stylov\u00e9 modely pro d\u011bti i dosp\u011bl\u00e9.","breadcrumb":{"@id":"https:\/\/blog.ccc.eu\/cz\/back-to-school-obuv-tasky\/#breadcrumb"},"inLanguage":"cs","potentialAction":[{"@type":"ReadAction","target":["https:\/\/blog.ccc.eu\/cz\/back-to-school-obuv-tasky\/"]}]},{"@type":"ImageObject","inLanguage":"cs","@id":"https:\/\/blog.ccc.eu\/cz\/back-to-school-obuv-tasky\/#primaryimage","url":"https:\/\/blog.ccc.eu\/cz\/wp-content\/uploads\/2025\/09\/CCC_590558876117403_02M_Copy.jpg","contentUrl":"https:\/\/blog.ccc.eu\/cz\/wp-content\/uploads\/2025\/09\/CCC_590558876117403_02M_Copy.jpg","width":1280,"height":671,"caption":"back to school"},{"@type":"BreadcrumbList","@id":"https:\/\/blog.ccc.eu\/cz\/back-to-school-obuv-tasky\/#breadcrumb","itemListElement":[{"@type":"ListItem","position":1,"name":"Strona g\u0142\u00f3wna","item":"https:\/\/blog.ccc.eu\/cz\/"},{"@type":"ListItem","position":2,"name":"Back to School: Jak vybrat ide\u00e1ln\u00ed obuv a ta\u0161ky pro celou rodinu"}]},{"@type":"WebSite","@id":"https:\/\/blog.ccc.eu\/cz\/#website","url":"https:\/\/blog.ccc.eu\/cz\/","name":"blog.ccc.eu\/cz","description":"Va\u0161e m\u00edsto pln\u00e9 m\u00f3dn\u00edch inspirac\u00ed","publisher":{"@id":"https:\/\/blog.ccc.eu\/cz\/#organization"},"potentialAction":[{"@type":"SearchAction","target":{"@type":"EntryPoint","urlTemplate":"https:\/\/blog.ccc.eu\/cz\/?s={search_term_string}"},"query-input":{"@type":"PropertyValueSpecification","valueRequired":true,"valueName":"search_term_string"}}],"inLanguage":"cs"},{"@type":"Organization","@id":"https:\/\/blog.ccc.eu\/cz\/#organization","name":"CCC S.A.","url":"https:\/\/blog.ccc.eu\/cz\/","logo":{"@type":"ImageObject","inLanguage":"cs","@id":"https:\/\/blog.ccc.eu\/cz\/#\/schema\/logo\/image\/","url":"https:\/\/blog.ccc.eu\/cz\/wp-content\/uploads\/2021\/11\/logo_ccc.png","contentUrl":"https:\/\/blog.ccc.eu\/cz\/wp-content\/uploads\/2021\/11\/logo_ccc.png","width":730,"height":270,"caption":"CCC S.A."},"image":{"@id":"https:\/\/blog.ccc.eu\/cz\/#\/schema\/logo\/image\/"}},{"@type":"Person","@id":"https:\/\/blog.ccc.eu\/cz\/#\/schema\/person\/f21bfa7ed9e08fb4b5b823707bdde059","name":"Kaja","image":{"@type":"ImageObject","inLanguage":"cs","@id":"https:\/\/blog.ccc.eu\/cz\/#\/schema\/person\/image\/","url":"https:\/\/blog.ccc.eu\/cz\/wp-content\/uploads\/2024\/06\/white-1-300x300-1-100x100.jpg","contentUrl":"https:\/\/blog.ccc.eu\/cz\/wp-content\/uploads\/2024\/06\/white-1-300x300-1-100x100.jpg","caption":"Kaja"},"description":"U\u017e od pubert\u00e1ln\u00edch let se v\u011bnuje pr\u00e1ci v m\u00e9di\u00edch a psan\u00ed. Z kon\u00ed\u010dka se stalo \u017eivobyt\u00ed, kter\u00e9 j\u00ed z\u00e1rove\u0148 poskytlo dostatek svobody k tomu, aby mohla pom\u011brn\u011b hodn\u011b cestovat a pozn\u00e1vat sv\u011bt a r\u016fzn\u00e9 kultury. Energii j\u00ed dod\u00e1v\u00e1 \u010dten\u00ed knih, voda a hudba.","url":"https:\/\/blog.ccc.eu\/cz\/author\/perlamakovienka-sk\/"}]}},"_links":{"self":[{"href":"https:\/\/blog.ccc.eu\/cz\/wp-json\/wp\/v2\/posts\/7983","targetHints":{"allow":["GET"]}}],"collection":[{"href":"https:\/\/blog.ccc.eu\/cz\/wp-json\/wp\/v2\/posts"}],"about":[{"href":"https:\/\/blog.ccc.eu\/cz\/wp-json\/wp\/v2\/types\/post"}],"author":[{"embeddable":true,"href":"https:\/\/blog.ccc.eu\/cz\/wp-json\/wp\/v2\/users\/24"}],"replies":[{"embeddable":true,"href":"https:\/\/blog.ccc.eu\/cz\/wp-json\/wp\/v2\/comments?post=7983"}],"version-history":[{"count":3,"href":"https:\/\/blog.ccc.eu\/cz\/wp-json\/wp\/v2\/posts\/7983\/revisions"}],"predecessor-version":[{"id":8054,"href":"https:\/\/blog.ccc.eu\/cz\/wp-json\/wp\/v2\/posts\/7983\/revisions\/8054"}],"wp:featuredmedia":[{"embeddable":true,"href":"https:\/\/blog.ccc.eu\/cz\/wp-json\/wp\/v2\/media\/7984"}],"wp:attachment":[{"href":"https:\/\/blog.ccc.eu\/cz\/wp-json\/wp\/v2\/media?parent=7983"}],"wp:term":[{"taxonomy":"category","embeddable":true,"href":"https:\/\/blog.ccc.eu\/cz\/wp-json\/wp\/v2\/categories?post=7983"},{"taxonomy":"post_tag","embeddable":true,"href":"https:\/\/blog.ccc.eu\/cz\/wp-json\/wp\/v2\/tags?post=7983"}],"curies":[{"name":"wp","href":"https:\/\/api.w.org\/{rel}","templated":true}]}}