{"id":8087,"date":"2025-10-15T12:56:48","date_gmt":"2025-10-15T10:56:48","guid":{"rendered":"https:\/\/blog.ccc.eu\/cz\/?p=8087"},"modified":"2025-10-15T13:20:41","modified_gmt":"2025-10-15T11:20:41","slug":"ccc-na-mbpfw-ss26","status":"publish","type":"post","link":"https:\/\/blog.ccc.eu\/cz\/ccc-na-mbpfw-ss26\/","title":{"rendered":"CCC na MBPFW SS26: Obuv z p\u0159ehl\u00eddkov\u00e9ho mola, kter\u00e1 vypr\u00e1v\u00ed p\u0159\u00edb\u011bhy \u010desk\u00e9 m\u00f3dy"},"content":{"rendered":"\n<p><em>Kdy\u017e se m\u00f3da m\u011bn\u00ed v p\u0159\u00edb\u011bh a ka\u017ed\u00fd krok m\u00e1 sv\u00e9 opodstatn\u011bn\u00ed, nast\u00e1v\u00e1 moment, kdy obuv p\u0159est\u00e1v\u00e1 b\u00fdt pouh\u00fdm dopl\u0148kem. St\u00e1v\u00e1 se <strong>vyj\u00e1d\u0159en\u00edm<\/strong>. A p\u0159esn\u011b takov\u00e9 vyj\u00e1d\u0159en\u00ed zazn\u011blo na leto\u0161n\u00edm <strong>Mercedes-Benz Prague Fashion Weeku SS26<\/strong>, kde se <strong>CCC<\/strong> spojilo s v\u00fdjime\u010dn\u00fdmi \u010desk\u00fdmi n\u00e1vrh\u00e1\u0159i a poskytlo obuv pro jejich p\u0159ehl\u00eddky \u2013 p\u0159esn\u011b takovou, kter\u00e1 dok\u00e1zala podpo\u0159it atmosf\u00e9ru ka\u017ed\u00e9ho modelu, ka\u017ed\u00e9 vize a ka\u017ed\u00e9ho p\u0159\u00edb\u011bhu.<\/em><\/p>\n\n\n\n<figure class=\"wp-block-image size-large\"><img decoding=\"async\" src=\"https:\/\/blog.ccc.eu\/cz\/wp-content\/uploads\/2025\/10\/@sebastian.skorek-DSCF5632-edited.jpg\" alt=\"CCC obuv na MBPFW\" class=\"wp-image-8101\"\/><\/figure>\n\n\n\n<p>Letos se molem nesla t\u00e9mata volnosti, nostalgie, \u017eensk\u00e9 s\u00edly, dramatick\u00fdch filmov\u00fdch sc\u00e9n i melancholick\u00e9ho n\u00e1vratu do minulosti. CCC m\u011blo mo\u017enost st\u00e1t u zrodu t\u011bchto moment\u016f \u2013 a hlavn\u011b st\u00e1t pevn\u011b <strong>na ka\u017ed\u00e9m kroku<\/strong>, kter\u00fd je p\u0159inesl.<\/p>\n\n\n\n<h3 class=\"wp-block-heading\"><strong>M\u00f3da, kter\u00e1 mluv\u00ed r\u016fzn\u00fdmi jazyky<\/strong><\/h3>\n\n\n\n<p>V r\u00e1mci leto\u0161n\u00edho Mercedes-Benz Prague Fashion Weeku jsme vybran\u00fdm n\u00e1vrh\u00e1\u0159\u016fm zap\u016fj\u010dili obuv z kolekc\u00ed CCC, kter\u00e1 se stala p\u0159irozenou sou\u010d\u00e1st\u00ed jejich p\u0159ehl\u00eddkov\u00fdch koncept\u016f. Boty podtrhly celkovou atmosf\u00e9ru i vizu\u00e1ln\u00ed styl jednotliv\u00fdch kolekc\u00ed a dokonale zapadly do kreativn\u00edch viz\u00ed n\u00e1vrh\u00e1\u0159\u016f. <strong>On The Boat<\/strong> p\u0159inesli sv\u011b\u017e\u00ed v\u00edtr v podob\u011b svobody a vrstven\u00ed, <strong>Alexandra Gnidiak<\/strong> vt\u00e1hla div\u00e1ky do nostalgick\u00e9ho sv\u011bta analogov\u00fdch vzpom\u00ednek, a <strong>Val\u00e9rie Jur\u010d\u00edkov\u00e1<\/strong> nab\u00eddla dramatickou cestu inspirovanou Orient expresem. Vedle nich zaujali tak\u00e9 <strong>Hana Valtov\u00e1<\/strong> se sv\u00fdm citem pro tradici a \u0159emeslo a <strong>Tom\u00e1\u0161 Vy\u0161kovsk\u00fd<\/strong>, kter\u00fd svou kolekci vystav\u011bl na melancholii here\u010dky Ji\u0159iny Jir\u00e1skov\u00e9. Obuv CCC tak doprov\u00e1zela siln\u00e9 p\u0159\u00edb\u011bhy, kter\u00e9 letos na mole zazn\u011bly, a podtrhla jejich originalitu i charakter.<\/p>\n\n\n\n<p><\/p>\n\n\n<shortcode prop-load-num=\"4\" prop-display-num=\"4\" prop-sku=\"5903419346569, 5905588371533, 5905588583653, 5904862312378, 5903698721279, 5904862312361\" prop-view=\"slider\"><\/shortcode>        <div\r\n            class=\"eob-pf-shortcode\"\r\n            id=\"eobpf69f25087216ed\"\r\n        >\r\n            <shortcode prop-load-num=\"4\" prop-display-num=\"4\" prop-sku=\"5903419346569, 5905588371533, 5905588583653, 5904862312378, 5903698721279, 5904862312361\" prop-view=\"slider\"><\/shortcode>        <\/div>\r\n\t\t<script>\r\n\t\t\tjQuery(document).ready(() => {\r\n\t\t\t    const root = document.getElementById('eobpf69f25087216ed');\r\n                Vue.createApp({\r\n\t                components: {\r\n\t                    shortcode\r\n\t                }\r\n                }).mount(root);\r\n\t\t\t});\r\n\t\t<\/script>\r\n\t\t\r\n\t\t\n\n\n\n<p><\/p>\n\n\n\n<h3 class=\"wp-block-heading\"><strong>On The Boat: Vrstvy, svoboda a singularita<\/strong><\/h3>\n\n\n\n<p>Zna\u010dka <strong>On The Boat<\/strong> je zn\u00e1m\u00e1 sv\u00fdm progresivn\u00edm p\u0159\u00edstupem k od\u011bvu, a jejich kolekce <strong>ON THE BOAT powered by Ploom (SS26)<\/strong> nebyla v\u00fdjimkou. T\u00e9matem byla singularita \u2013 nejen ta technologick\u00e1 (s odkazem na um\u011blou inteligenci), ale tak\u00e9 lidsk\u00e1, t\u011blesn\u00e1 a emo\u010dn\u00ed. Ka\u017ed\u00fd model byl vytvo\u0159en jako modul\u00e1rn\u00ed prvek \u2013 samostatn\u00fd i kombinovateln\u00fd s jin\u00fdmi. Kolekce pracovala s v\u00fdrazn\u00fdm vrstven\u00edm, texturami a kombinac\u00ed materi\u00e1l\u016f tak, aby umo\u017enila volnost a individualitu. CCC obuv reflektovala pr\u00e1v\u011b tuto filozofii: boty s \u010dist\u00fdmi liniemi, neutr\u00e1ln\u00edmi barvami, ale z\u00e1rove\u0148 se schopnost\u00ed zapadnout do slo\u017eit\u011bj\u0161\u00edch stylov\u00fdch kompozic. Vrstven\u00ed a struktura vy\u017eadovaly obuv, kter\u00e1 dr\u017e\u00ed krok s pohybem i v\u00fdrazem.<\/p>\n\n\n\n<div class=\"wp-block-columns is-layout-flex wp-container-core-columns-is-layout-9d6595d7 wp-block-columns-is-layout-flex\">\n<div class=\"wp-block-column is-layout-flow wp-block-column-is-layout-flow\">\n<figure class=\"wp-block-image size-full\"><img loading=\"lazy\" decoding=\"async\" width=\"528\" height=\"792\" src=\"https:\/\/blog.ccc.eu\/cz\/wp-content\/uploads\/2025\/10\/mbpfw1-1-edited.png\" alt=\"CCC obuv na MBPFW - On The Boat\" class=\"wp-image-8091\" srcset=\"https:\/\/blog.ccc.eu\/cz\/wp-content\/uploads\/2025\/10\/mbpfw1-1-edited.png 528w, https:\/\/blog.ccc.eu\/cz\/wp-content\/uploads\/2025\/10\/mbpfw1-1-edited-200x300.png 200w, https:\/\/blog.ccc.eu\/cz\/wp-content\/uploads\/2025\/10\/mbpfw1-1-edited-100x150.png 100w\" sizes=\"auto, (max-width: 528px) 100vw, 528px\" \/><\/figure>\n<\/div>\n\n\n\n<div class=\"wp-block-column is-layout-flow wp-block-column-is-layout-flow\">\n<figure class=\"wp-block-image size-full\"><img loading=\"lazy\" decoding=\"async\" width=\"528\" height=\"792\" src=\"https:\/\/blog.ccc.eu\/cz\/wp-content\/uploads\/2025\/10\/mbpfw2-edited.png\" alt=\"CCC obuv na MBPFW - On The Boat\" class=\"wp-image-8092\" srcset=\"https:\/\/blog.ccc.eu\/cz\/wp-content\/uploads\/2025\/10\/mbpfw2-edited.png 528w, https:\/\/blog.ccc.eu\/cz\/wp-content\/uploads\/2025\/10\/mbpfw2-edited-200x300.png 200w, https:\/\/blog.ccc.eu\/cz\/wp-content\/uploads\/2025\/10\/mbpfw2-edited-100x150.png 100w\" sizes=\"auto, (max-width: 528px) 100vw, 528px\" \/><\/figure>\n<\/div>\n<\/div>\n\n\n\n<p><\/p>\n\n\n\n<h3 class=\"wp-block-heading\"><strong>Alexandra Gnidiak: Textura pam\u011bti a hrdinky v tichu<\/strong><\/h3>\n\n\n\n<p><strong>Alexandra Gnidiak<\/strong>, n\u00e1vrh\u00e1\u0159ka s divadeln\u00edm c\u00edt\u011bn\u00edm a rukopisem, kter\u00fd se pohybuje na hranici mezi m\u00f3dou a sc\u00e9nografi\u00ed, p\u0159edstavila kolekci, kter\u00e1 mluvila jazykem <strong>textur, vzpom\u00ednek a ticha<\/strong>. M\u00edsto konkr\u00e9tn\u00ed inspirace \u201chrdinkou z archivu\u201d se tentokr\u00e1t zam\u011b\u0159ila na dialog materi\u00e1l\u016f \u2013 <strong>hrub\u00e9 pleteniny, imitace ko\u017ee\u0161in a jemn\u00e9 sat\u00e9ny<\/strong>. Kolekce evokovala analogov\u00e9 vzpom\u00ednky \u2013 n\u011bco, co v sob\u011b nese melancholii star\u00fdch fotografi\u00ed, a p\u0159itom je siln\u011b aktu\u00e1ln\u00ed. Ka\u017ed\u00fd outfit p\u016fsobil jako zastaven\u00fd obraz, sn\u00edmek z minulosti, kter\u00fd v\u0161ak promlouv\u00e1 i dnes.<\/p>\n\n\n\n<div class=\"wp-block-columns is-layout-flex wp-container-core-columns-is-layout-9d6595d7 wp-block-columns-is-layout-flex\">\n<div class=\"wp-block-column is-layout-flow wp-block-column-is-layout-flow\">\n<figure class=\"wp-block-image size-full\"><img loading=\"lazy\" decoding=\"async\" width=\"526\" height=\"789\" src=\"https:\/\/blog.ccc.eu\/cz\/wp-content\/uploads\/2025\/10\/mbpfw3-edited.png\" alt=\"CCC obuv na MBPFW - Alexandra Gnidiak\" class=\"wp-image-8095\" srcset=\"https:\/\/blog.ccc.eu\/cz\/wp-content\/uploads\/2025\/10\/mbpfw3-edited.png 526w, https:\/\/blog.ccc.eu\/cz\/wp-content\/uploads\/2025\/10\/mbpfw3-edited-200x300.png 200w, https:\/\/blog.ccc.eu\/cz\/wp-content\/uploads\/2025\/10\/mbpfw3-edited-100x150.png 100w\" sizes=\"auto, (max-width: 526px) 100vw, 526px\" \/><\/figure>\n<\/div>\n\n\n\n<div class=\"wp-block-column is-layout-flow wp-block-column-is-layout-flow\">\n<figure class=\"wp-block-image size-full\"><img loading=\"lazy\" decoding=\"async\" width=\"523\" height=\"785\" src=\"https:\/\/blog.ccc.eu\/cz\/wp-content\/uploads\/2025\/10\/mbpfw4-edited.png\" alt=\"CCC obuv na MBPFW - Alexandra Gnidiak\" class=\"wp-image-8096\" srcset=\"https:\/\/blog.ccc.eu\/cz\/wp-content\/uploads\/2025\/10\/mbpfw4-edited.png 523w, https:\/\/blog.ccc.eu\/cz\/wp-content\/uploads\/2025\/10\/mbpfw4-edited-200x300.png 200w, https:\/\/blog.ccc.eu\/cz\/wp-content\/uploads\/2025\/10\/mbpfw4-edited-100x150.png 100w\" sizes=\"auto, (max-width: 523px) 100vw, 523px\" \/><\/figure>\n<\/div>\n<\/div>\n\n\n\n<p><\/p>\n\n\n\n<h3 class=\"wp-block-heading\"><strong>Val\u00e9rie Jur\u010d\u00edkov\u00e1: Detektivka, tajemstv\u00ed a \u010dist\u011b \u017eensk\u00fd Orient expres<\/strong><\/h3>\n\n\n\n<p>N\u00e1vrh\u00e1\u0159ka <strong>Val\u00e9rie Jur\u010d\u00edkov\u00e1<\/strong> je zn\u00e1m\u00e1 sv\u00fdm konceptu\u00e1ln\u00edm my\u0161len\u00edm, a letos v kolekci <strong>4.0<\/strong> posunula hranice m\u00f3dn\u00edho storytellingu na zcela novou \u00farove\u0148. Vzala slavn\u00fd detektivn\u00ed rom\u00e1n <em>Vra\u017eda v Orient expresu<\/em> od Agathy Christie \u2013 a polo\u017eila odv\u00e1\u017enou ot\u00e1zku: <strong>Co kdyby v\u0161echny postavy byly \u017eeny?<\/strong> Ka\u017ed\u00fd model p\u0159edstavoval jednu postavu: detektiva, tajemnou \u017eenu v kimonu, ob\u011b\u0165\u2026 a stejn\u011b jako v p\u0159\u00edb\u011bhu \u2013 i zde \u201ebylo dvan\u00e1ct vrah\u016f\u201c. Barevn\u00e1 paleta kolekce odr\u00e1\u017eela nap\u011bt\u00ed a tajemstv\u00ed: <strong>\u010dern\u00e1, temn\u011b v\u00ednov\u00e1, petrolejov\u00e1, kr\u00e9mov\u00e1<\/strong>. Materi\u00e1ly jako sat\u00e9n, vlna, ko\u017ee\u0161iny a perle\u0165ov\u00e9 detaily podtrhovaly filmov\u00fd v\u00fdraz cel\u00e9 kolekce.<\/p>\n\n\n\n<div class=\"wp-block-columns is-layout-flex wp-container-core-columns-is-layout-9d6595d7 wp-block-columns-is-layout-flex\">\n<div class=\"wp-block-column is-layout-flow wp-block-column-is-layout-flow\">\n<figure class=\"wp-block-image size-large\"><img loading=\"lazy\" decoding=\"async\" width=\"683\" height=\"1024\" src=\"https:\/\/blog.ccc.eu\/cz\/wp-content\/uploads\/2025\/10\/IMG_9207-683x1024.jpeg\" alt=\"CCC obuv na MBPFW - Val\u00e9rie Jur\u010d\u00edkov\u00e1\" class=\"wp-image-8097\" srcset=\"https:\/\/blog.ccc.eu\/cz\/wp-content\/uploads\/2025\/10\/IMG_9207-683x1024.jpeg 683w, https:\/\/blog.ccc.eu\/cz\/wp-content\/uploads\/2025\/10\/IMG_9207-200x300.jpeg 200w, https:\/\/blog.ccc.eu\/cz\/wp-content\/uploads\/2025\/10\/IMG_9207-768x1152.jpeg 768w, https:\/\/blog.ccc.eu\/cz\/wp-content\/uploads\/2025\/10\/IMG_9207-1024x1536.jpeg 1024w, https:\/\/blog.ccc.eu\/cz\/wp-content\/uploads\/2025\/10\/IMG_9207-1365x2048.jpeg 1365w, https:\/\/blog.ccc.eu\/cz\/wp-content\/uploads\/2025\/10\/IMG_9207-100x150.jpeg 100w, https:\/\/blog.ccc.eu\/cz\/wp-content\/uploads\/2025\/10\/IMG_9207-scaled.jpeg 1707w\" sizes=\"auto, (max-width: 683px) 100vw, 683px\" \/><\/figure>\n<\/div>\n\n\n\n<div class=\"wp-block-column is-layout-flow wp-block-column-is-layout-flow\">\n<figure class=\"wp-block-image size-full\"><img loading=\"lazy\" decoding=\"async\" width=\"554\" height=\"831\" src=\"https:\/\/blog.ccc.eu\/cz\/wp-content\/uploads\/2025\/10\/mbpfw5.png\" alt=\"CCC obuv na MBPFW - Val\u00e9rie Jur\u010d\u00edkov\u00e1\" class=\"wp-image-8099\" srcset=\"https:\/\/blog.ccc.eu\/cz\/wp-content\/uploads\/2025\/10\/mbpfw5.png 554w, https:\/\/blog.ccc.eu\/cz\/wp-content\/uploads\/2025\/10\/mbpfw5-200x300.png 200w, https:\/\/blog.ccc.eu\/cz\/wp-content\/uploads\/2025\/10\/mbpfw5-100x150.png 100w\" sizes=\"auto, (max-width: 554px) 100vw, 554px\" \/><\/figure>\n<\/div>\n<\/div>\n\n\n\n<p>T\u00fdden m\u00f3dy v Praze znovu uk\u00e1zal, \u017ee m\u00f3da nen\u00ed jen o tom, co nos\u00edme, ale <strong>jak\u00fdm zp\u016fsobem to nos\u00edme<\/strong> \u2013 jak\u00fd p\u0159\u00edb\u011bh t\u00edm sd\u011blujeme. Obuv hraje v tomto sd\u011blen\u00ed nezastupitelnou roli. Nechte se inspirovat i Vy a objevte obuv z p\u0159ehl\u00eddkov\u00e9ho mola.<\/p>\n\n\n<shortcode prop-load-num=\"4\" prop-display-num=\"4\" prop-sku=\"5906751112656, 5903419346576, 5905588880325, 5906751077696, 5905588473176\" prop-view=\"slider\"><\/shortcode>        <div\r\n            class=\"eob-pf-shortcode\"\r\n            id=\"eobpf69f2508721855\"\r\n        >\r\n            <shortcode prop-load-num=\"4\" prop-display-num=\"4\" prop-sku=\"5906751112656, 5903419346576, 5905588880325, 5906751077696, 5905588473176\" prop-view=\"slider\"><\/shortcode>        <\/div>\r\n\t\t<script>\r\n\t\t\tjQuery(document).ready(() => {\r\n\t\t\t    const root = document.getElementById('eobpf69f2508721855');\r\n                Vue.createApp({\r\n\t                components: {\r\n\t                    shortcode\r\n\t                }\r\n                }).mount(root);\r\n\t\t\t});\r\n\t\t<\/script>\r\n\t\t\r\n\t\t\n\n\n\n<p><\/p>\n\n\n\n<div class=\"wp-block-buttons is-content-justification-center is-layout-flex wp-container-core-buttons-is-layout-16018d1d wp-block-buttons-is-layout-flex\">\n<div class=\"wp-block-button is-style-fill\"><a class=\"wp-block-button__link has-custom-font-size wp-element-button\" href=\"https:\/\/ccc.eu\/cz\/all\/fashion-shows-2025\" style=\"border-radius:0px;font-size:15px\">Kupte si obuv z t\u00fddne m\u00f3dy<\/a><\/div>\n<\/div>\n\n\n\n<p><\/p>\n","protected":false},"excerpt":{"rendered":"<p>Kdy\u017e se m\u00f3da m\u011bn\u00ed v p\u0159\u00edb\u011bh a ka\u017ed\u00fd krok m\u00e1 sv\u00e9 opodstatn\u011bn\u00ed, nast\u00e1v\u00e1 moment, kdy obuv p\u0159est\u00e1v\u00e1 b\u00fdt pouh\u00fdm dopl\u0148kem. St\u00e1v\u00e1 se vyj\u00e1d\u0159en\u00edm. A p\u0159esn\u011b takov\u00e9 vyj\u00e1d\u0159en\u00ed zazn\u011blo na leto\u0161n\u00edm Mercedes-Benz Prague Fashion Weeku SS26, kde se CCC spojilo s v\u00fdjime\u010dn\u00fdmi \u010desk\u00fdmi n\u00e1vrh\u00e1\u0159i a poskytlo obuv pro jejich p\u0159ehl\u00eddky \u2013 p\u0159esn\u011b takovou, kter\u00e1 dok\u00e1zala podpo\u0159it [&hellip;]<\/p>\n","protected":false},"author":25,"featured_media":8101,"comment_status":"open","ping_status":"open","sticky":false,"template":"","format":"standard","meta":{"_acf_changed":false,"footnotes":""},"categories":[1040],"tags":[594],"class_list":["post-8087","post","type-post","status-publish","format-standard","has-post-thumbnail","hentry","category-akce","tag-damske-boty"],"acf":[],"yoast_head":"<!-- This site is optimized with the Yoast SEO plugin v26.9 - https:\/\/yoast.com\/product\/yoast-seo-wordpress\/ -->\n<title>CCC na MBPFW SS26: Obuv z p\u0159ehl\u00eddkov\u00e9ho mola, kter\u00e1 vypr\u00e1v\u00ed p\u0159\u00edb\u011bhy \u010desk\u00e9 m\u00f3dy - blog.ccc.eu\/cz<\/title>\n<meta name=\"description\" content=\"Objevte, jak CCC obuv podpo\u0159ila exkluzivn\u00ed kolekce \u010desk\u00fdch n\u00e1vrh\u00e1\u0159\u016f na Mercedes-Benz Prague Fashion Week SS26. 2026\" \/>\n<meta name=\"robots\" content=\"index, follow, max-snippet:-1, max-image-preview:large, max-video-preview:-1\" \/>\n<link rel=\"canonical\" href=\"https:\/\/blog.ccc.eu\/cz\/ccc-na-mbpfw-ss26\/\" \/>\n<meta property=\"og:locale\" content=\"cs_CZ\" \/>\n<meta property=\"og:type\" content=\"article\" \/>\n<meta property=\"og:title\" content=\"CCC na MBPFW SS26: Obuv z p\u0159ehl\u00eddkov\u00e9ho mola, kter\u00e1 vypr\u00e1v\u00ed p\u0159\u00edb\u011bhy \u010desk\u00e9 m\u00f3dy - blog.ccc.eu\/cz\" \/>\n<meta property=\"og:description\" content=\"Objevte, jak CCC obuv podpo\u0159ila exkluzivn\u00ed kolekce \u010desk\u00fdch n\u00e1vrh\u00e1\u0159\u016f na Mercedes-Benz Prague Fashion Week SS26.\" \/>\n<meta property=\"og:url\" content=\"https:\/\/blog.ccc.eu\/cz\/ccc-na-mbpfw-ss26\/\" \/>\n<meta property=\"og:site_name\" content=\"blog.ccc.eu\/cz\" \/>\n<meta property=\"article:published_time\" content=\"2025-10-15T10:56:48+00:00\" \/>\n<meta property=\"article:modified_time\" content=\"2025-10-15T11:20:41+00:00\" \/>\n<meta property=\"og:image\" content=\"https:\/\/blog.ccc.eu\/cz\/wp-content\/uploads\/2025\/10\/@sebastian.skorek-DSCF5632-edited-e1760525334779.jpg\" \/>\n\t<meta property=\"og:image:width\" content=\"1717\" \/>\n\t<meta property=\"og:image:height\" content=\"880\" \/>\n\t<meta property=\"og:image:type\" content=\"image\/jpeg\" \/>\n<meta name=\"author\" content=\"Petra Susilova\" \/>\n<meta name=\"twitter:card\" content=\"summary_large_image\" \/>\n<meta name=\"twitter:label1\" content=\"Napsal(a)\" \/>\n\t<meta name=\"twitter:data1\" content=\"Petra Susilova\" \/>\n\t<meta name=\"twitter:label2\" content=\"Odhadovan\u00e1 doba \u010dten\u00ed\" \/>\n\t<meta name=\"twitter:data2\" content=\"5 minut\" \/>\n<script type=\"application\/ld+json\" class=\"yoast-schema-graph\">{\"@context\":\"https:\/\/schema.org\",\"@graph\":[{\"@type\":\"Article\",\"@id\":\"https:\/\/blog.ccc.eu\/cz\/ccc-na-mbpfw-ss26\/#article\",\"isPartOf\":{\"@id\":\"https:\/\/blog.ccc.eu\/cz\/ccc-na-mbpfw-ss26\/\"},\"author\":{\"name\":\"Petra Susilova\",\"@id\":\"https:\/\/blog.ccc.eu\/cz\/#\/schema\/person\/74ddaf45957c4c3e85587a666ba20782\"},\"headline\":\"CCC na MBPFW SS26: Obuv z p\u0159ehl\u00eddkov\u00e9ho mola, kter\u00e1 vypr\u00e1v\u00ed p\u0159\u00edb\u011bhy \u010desk\u00e9 m\u00f3dy\",\"datePublished\":\"2025-10-15T10:56:48+00:00\",\"dateModified\":\"2025-10-15T11:20:41+00:00\",\"mainEntityOfPage\":{\"@id\":\"https:\/\/blog.ccc.eu\/cz\/ccc-na-mbpfw-ss26\/\"},\"wordCount\":792,\"commentCount\":0,\"publisher\":{\"@id\":\"https:\/\/blog.ccc.eu\/cz\/#organization\"},\"image\":{\"@id\":\"https:\/\/blog.ccc.eu\/cz\/ccc-na-mbpfw-ss26\/#primaryimage\"},\"thumbnailUrl\":\"https:\/\/blog.ccc.eu\/cz\/wp-content\/uploads\/2025\/10\/@sebastian.skorek-DSCF5632-edited-e1760525334779.jpg\",\"keywords\":[\"D\u00e1msk\u00e9 boty\"],\"articleSection\":[\"AKCE\"],\"inLanguage\":\"cs\",\"potentialAction\":[{\"@type\":\"CommentAction\",\"name\":\"Comment\",\"target\":[\"https:\/\/blog.ccc.eu\/cz\/ccc-na-mbpfw-ss26\/#respond\"]}]},{\"@type\":\"WebPage\",\"@id\":\"https:\/\/blog.ccc.eu\/cz\/ccc-na-mbpfw-ss26\/\",\"url\":\"https:\/\/blog.ccc.eu\/cz\/ccc-na-mbpfw-ss26\/\",\"name\":\"CCC na MBPFW SS26: Obuv z p\u0159ehl\u00eddkov\u00e9ho mola, kter\u00e1 vypr\u00e1v\u00ed p\u0159\u00edb\u011bhy \u010desk\u00e9 m\u00f3dy - blog.ccc.eu\/cz\",\"isPartOf\":{\"@id\":\"https:\/\/blog.ccc.eu\/cz\/#website\"},\"primaryImageOfPage\":{\"@id\":\"https:\/\/blog.ccc.eu\/cz\/ccc-na-mbpfw-ss26\/#primaryimage\"},\"image\":{\"@id\":\"https:\/\/blog.ccc.eu\/cz\/ccc-na-mbpfw-ss26\/#primaryimage\"},\"thumbnailUrl\":\"https:\/\/blog.ccc.eu\/cz\/wp-content\/uploads\/2025\/10\/@sebastian.skorek-DSCF5632-edited-e1760525334779.jpg\",\"datePublished\":\"2025-10-15T10:56:48+00:00\",\"dateModified\":\"2025-10-15T11:20:41+00:00\",\"description\":\"Objevte, jak CCC obuv podpo\u0159ila exkluzivn\u00ed kolekce \u010desk\u00fdch n\u00e1vrh\u00e1\u0159\u016f na Mercedes-Benz Prague Fashion Week SS26.\",\"breadcrumb\":{\"@id\":\"https:\/\/blog.ccc.eu\/cz\/ccc-na-mbpfw-ss26\/#breadcrumb\"},\"inLanguage\":\"cs\",\"potentialAction\":[{\"@type\":\"ReadAction\",\"target\":[\"https:\/\/blog.ccc.eu\/cz\/ccc-na-mbpfw-ss26\/\"]}]},{\"@type\":\"ImageObject\",\"inLanguage\":\"cs\",\"@id\":\"https:\/\/blog.ccc.eu\/cz\/ccc-na-mbpfw-ss26\/#primaryimage\",\"url\":\"https:\/\/blog.ccc.eu\/cz\/wp-content\/uploads\/2025\/10\/@sebastian.skorek-DSCF5632-edited-e1760525334779.jpg\",\"contentUrl\":\"https:\/\/blog.ccc.eu\/cz\/wp-content\/uploads\/2025\/10\/@sebastian.skorek-DSCF5632-edited-e1760525334779.jpg\",\"width\":1717,\"height\":880,\"caption\":\"Mercedes-Benz Prague Fashion Week\"},{\"@type\":\"BreadcrumbList\",\"@id\":\"https:\/\/blog.ccc.eu\/cz\/ccc-na-mbpfw-ss26\/#breadcrumb\",\"itemListElement\":[{\"@type\":\"ListItem\",\"position\":1,\"name\":\"Strona g\u0142\u00f3wna\",\"item\":\"https:\/\/blog.ccc.eu\/cz\/\"},{\"@type\":\"ListItem\",\"position\":2,\"name\":\"CCC na MBPFW SS26: Obuv z p\u0159ehl\u00eddkov\u00e9ho mola, kter\u00e1 vypr\u00e1v\u00ed p\u0159\u00edb\u011bhy \u010desk\u00e9 m\u00f3dy\"}]},{\"@type\":\"WebSite\",\"@id\":\"https:\/\/blog.ccc.eu\/cz\/#website\",\"url\":\"https:\/\/blog.ccc.eu\/cz\/\",\"name\":\"blog.ccc.eu\/cz\",\"description\":\"Va\u0161e m\u00edsto pln\u00e9 m\u00f3dn\u00edch inspirac\u00ed\",\"publisher\":{\"@id\":\"https:\/\/blog.ccc.eu\/cz\/#organization\"},\"potentialAction\":[{\"@type\":\"SearchAction\",\"target\":{\"@type\":\"EntryPoint\",\"urlTemplate\":\"https:\/\/blog.ccc.eu\/cz\/?s={search_term_string}\"},\"query-input\":{\"@type\":\"PropertyValueSpecification\",\"valueRequired\":true,\"valueName\":\"search_term_string\"}}],\"inLanguage\":\"cs\"},{\"@type\":\"Organization\",\"@id\":\"https:\/\/blog.ccc.eu\/cz\/#organization\",\"name\":\"CCC S.A.\",\"url\":\"https:\/\/blog.ccc.eu\/cz\/\",\"logo\":{\"@type\":\"ImageObject\",\"inLanguage\":\"cs\",\"@id\":\"https:\/\/blog.ccc.eu\/cz\/#\/schema\/logo\/image\/\",\"url\":\"https:\/\/blog.ccc.eu\/cz\/wp-content\/uploads\/2021\/11\/logo_ccc.png\",\"contentUrl\":\"https:\/\/blog.ccc.eu\/cz\/wp-content\/uploads\/2021\/11\/logo_ccc.png\",\"width\":730,\"height\":270,\"caption\":\"CCC S.A.\"},\"image\":{\"@id\":\"https:\/\/blog.ccc.eu\/cz\/#\/schema\/logo\/image\/\"}},{\"@type\":\"Person\",\"@id\":\"https:\/\/blog.ccc.eu\/cz\/#\/schema\/person\/74ddaf45957c4c3e85587a666ba20782\",\"name\":\"Petra Susilova\",\"image\":{\"@type\":\"ImageObject\",\"inLanguage\":\"cs\",\"@id\":\"https:\/\/blog.ccc.eu\/cz\/#\/schema\/person\/image\/\",\"url\":\"https:\/\/secure.gravatar.com\/avatar\/2eeba86289b6f51c358487152d296aa19002ba9c061f1bb2f0c5f86ed31e132f?s=96&r=g\",\"contentUrl\":\"https:\/\/secure.gravatar.com\/avatar\/2eeba86289b6f51c358487152d296aa19002ba9c061f1bb2f0c5f86ed31e132f?s=96&r=g\",\"caption\":\"Petra Susilova\"},\"url\":\"https:\/\/blog.ccc.eu\/cz\/author\/petra-susilova\/\"}]}<\/script>\n<!-- \/ Yoast SEO plugin. -->","yoast_head_json":{"title":"CCC na MBPFW SS26: Obuv z p\u0159ehl\u00eddkov\u00e9ho mola, kter\u00e1 vypr\u00e1v\u00ed p\u0159\u00edb\u011bhy \u010desk\u00e9 m\u00f3dy - blog.ccc.eu\/cz","description":"Objevte, jak CCC obuv podpo\u0159ila exkluzivn\u00ed kolekce \u010desk\u00fdch n\u00e1vrh\u00e1\u0159\u016f na Mercedes-Benz Prague Fashion Week SS26. 2026","robots":{"index":"index","follow":"follow","max-snippet":"max-snippet:-1","max-image-preview":"max-image-preview:large","max-video-preview":"max-video-preview:-1"},"canonical":"https:\/\/blog.ccc.eu\/cz\/ccc-na-mbpfw-ss26\/","og_locale":"cs_CZ","og_type":"article","og_title":"CCC na MBPFW SS26: Obuv z p\u0159ehl\u00eddkov\u00e9ho mola, kter\u00e1 vypr\u00e1v\u00ed p\u0159\u00edb\u011bhy \u010desk\u00e9 m\u00f3dy - blog.ccc.eu\/cz","og_description":"Objevte, jak CCC obuv podpo\u0159ila exkluzivn\u00ed kolekce \u010desk\u00fdch n\u00e1vrh\u00e1\u0159\u016f na Mercedes-Benz Prague Fashion Week SS26.","og_url":"https:\/\/blog.ccc.eu\/cz\/ccc-na-mbpfw-ss26\/","og_site_name":"blog.ccc.eu\/cz","article_published_time":"2025-10-15T10:56:48+00:00","article_modified_time":"2025-10-15T11:20:41+00:00","og_image":[{"width":1717,"height":880,"url":"https:\/\/blog.ccc.eu\/cz\/wp-content\/uploads\/2025\/10\/@sebastian.skorek-DSCF5632-edited-e1760525334779.jpg","type":"image\/jpeg"}],"author":"Petra Susilova","twitter_card":"summary_large_image","twitter_misc":{"Napsal(a)":"Petra Susilova","Odhadovan\u00e1 doba \u010dten\u00ed":"5 minut"},"schema":{"@context":"https:\/\/schema.org","@graph":[{"@type":"Article","@id":"https:\/\/blog.ccc.eu\/cz\/ccc-na-mbpfw-ss26\/#article","isPartOf":{"@id":"https:\/\/blog.ccc.eu\/cz\/ccc-na-mbpfw-ss26\/"},"author":{"name":"Petra Susilova","@id":"https:\/\/blog.ccc.eu\/cz\/#\/schema\/person\/74ddaf45957c4c3e85587a666ba20782"},"headline":"CCC na MBPFW SS26: Obuv z p\u0159ehl\u00eddkov\u00e9ho mola, kter\u00e1 vypr\u00e1v\u00ed p\u0159\u00edb\u011bhy \u010desk\u00e9 m\u00f3dy","datePublished":"2025-10-15T10:56:48+00:00","dateModified":"2025-10-15T11:20:41+00:00","mainEntityOfPage":{"@id":"https:\/\/blog.ccc.eu\/cz\/ccc-na-mbpfw-ss26\/"},"wordCount":792,"commentCount":0,"publisher":{"@id":"https:\/\/blog.ccc.eu\/cz\/#organization"},"image":{"@id":"https:\/\/blog.ccc.eu\/cz\/ccc-na-mbpfw-ss26\/#primaryimage"},"thumbnailUrl":"https:\/\/blog.ccc.eu\/cz\/wp-content\/uploads\/2025\/10\/@sebastian.skorek-DSCF5632-edited-e1760525334779.jpg","keywords":["D\u00e1msk\u00e9 boty"],"articleSection":["AKCE"],"inLanguage":"cs","potentialAction":[{"@type":"CommentAction","name":"Comment","target":["https:\/\/blog.ccc.eu\/cz\/ccc-na-mbpfw-ss26\/#respond"]}]},{"@type":"WebPage","@id":"https:\/\/blog.ccc.eu\/cz\/ccc-na-mbpfw-ss26\/","url":"https:\/\/blog.ccc.eu\/cz\/ccc-na-mbpfw-ss26\/","name":"CCC na MBPFW SS26: Obuv z p\u0159ehl\u00eddkov\u00e9ho mola, kter\u00e1 vypr\u00e1v\u00ed p\u0159\u00edb\u011bhy \u010desk\u00e9 m\u00f3dy - blog.ccc.eu\/cz","isPartOf":{"@id":"https:\/\/blog.ccc.eu\/cz\/#website"},"primaryImageOfPage":{"@id":"https:\/\/blog.ccc.eu\/cz\/ccc-na-mbpfw-ss26\/#primaryimage"},"image":{"@id":"https:\/\/blog.ccc.eu\/cz\/ccc-na-mbpfw-ss26\/#primaryimage"},"thumbnailUrl":"https:\/\/blog.ccc.eu\/cz\/wp-content\/uploads\/2025\/10\/@sebastian.skorek-DSCF5632-edited-e1760525334779.jpg","datePublished":"2025-10-15T10:56:48+00:00","dateModified":"2025-10-15T11:20:41+00:00","description":"Objevte, jak CCC obuv podpo\u0159ila exkluzivn\u00ed kolekce \u010desk\u00fdch n\u00e1vrh\u00e1\u0159\u016f na Mercedes-Benz Prague Fashion Week SS26.","breadcrumb":{"@id":"https:\/\/blog.ccc.eu\/cz\/ccc-na-mbpfw-ss26\/#breadcrumb"},"inLanguage":"cs","potentialAction":[{"@type":"ReadAction","target":["https:\/\/blog.ccc.eu\/cz\/ccc-na-mbpfw-ss26\/"]}]},{"@type":"ImageObject","inLanguage":"cs","@id":"https:\/\/blog.ccc.eu\/cz\/ccc-na-mbpfw-ss26\/#primaryimage","url":"https:\/\/blog.ccc.eu\/cz\/wp-content\/uploads\/2025\/10\/@sebastian.skorek-DSCF5632-edited-e1760525334779.jpg","contentUrl":"https:\/\/blog.ccc.eu\/cz\/wp-content\/uploads\/2025\/10\/@sebastian.skorek-DSCF5632-edited-e1760525334779.jpg","width":1717,"height":880,"caption":"Mercedes-Benz Prague Fashion Week"},{"@type":"BreadcrumbList","@id":"https:\/\/blog.ccc.eu\/cz\/ccc-na-mbpfw-ss26\/#breadcrumb","itemListElement":[{"@type":"ListItem","position":1,"name":"Strona g\u0142\u00f3wna","item":"https:\/\/blog.ccc.eu\/cz\/"},{"@type":"ListItem","position":2,"name":"CCC na MBPFW SS26: Obuv z p\u0159ehl\u00eddkov\u00e9ho mola, kter\u00e1 vypr\u00e1v\u00ed p\u0159\u00edb\u011bhy \u010desk\u00e9 m\u00f3dy"}]},{"@type":"WebSite","@id":"https:\/\/blog.ccc.eu\/cz\/#website","url":"https:\/\/blog.ccc.eu\/cz\/","name":"blog.ccc.eu\/cz","description":"Va\u0161e m\u00edsto pln\u00e9 m\u00f3dn\u00edch inspirac\u00ed","publisher":{"@id":"https:\/\/blog.ccc.eu\/cz\/#organization"},"potentialAction":[{"@type":"SearchAction","target":{"@type":"EntryPoint","urlTemplate":"https:\/\/blog.ccc.eu\/cz\/?s={search_term_string}"},"query-input":{"@type":"PropertyValueSpecification","valueRequired":true,"valueName":"search_term_string"}}],"inLanguage":"cs"},{"@type":"Organization","@id":"https:\/\/blog.ccc.eu\/cz\/#organization","name":"CCC S.A.","url":"https:\/\/blog.ccc.eu\/cz\/","logo":{"@type":"ImageObject","inLanguage":"cs","@id":"https:\/\/blog.ccc.eu\/cz\/#\/schema\/logo\/image\/","url":"https:\/\/blog.ccc.eu\/cz\/wp-content\/uploads\/2021\/11\/logo_ccc.png","contentUrl":"https:\/\/blog.ccc.eu\/cz\/wp-content\/uploads\/2021\/11\/logo_ccc.png","width":730,"height":270,"caption":"CCC S.A."},"image":{"@id":"https:\/\/blog.ccc.eu\/cz\/#\/schema\/logo\/image\/"}},{"@type":"Person","@id":"https:\/\/blog.ccc.eu\/cz\/#\/schema\/person\/74ddaf45957c4c3e85587a666ba20782","name":"Petra Susilova","image":{"@type":"ImageObject","inLanguage":"cs","@id":"https:\/\/blog.ccc.eu\/cz\/#\/schema\/person\/image\/","url":"https:\/\/secure.gravatar.com\/avatar\/2eeba86289b6f51c358487152d296aa19002ba9c061f1bb2f0c5f86ed31e132f?s=96&r=g","contentUrl":"https:\/\/secure.gravatar.com\/avatar\/2eeba86289b6f51c358487152d296aa19002ba9c061f1bb2f0c5f86ed31e132f?s=96&r=g","caption":"Petra Susilova"},"url":"https:\/\/blog.ccc.eu\/cz\/author\/petra-susilova\/"}]}},"_links":{"self":[{"href":"https:\/\/blog.ccc.eu\/cz\/wp-json\/wp\/v2\/posts\/8087","targetHints":{"allow":["GET"]}}],"collection":[{"href":"https:\/\/blog.ccc.eu\/cz\/wp-json\/wp\/v2\/posts"}],"about":[{"href":"https:\/\/blog.ccc.eu\/cz\/wp-json\/wp\/v2\/types\/post"}],"author":[{"embeddable":true,"href":"https:\/\/blog.ccc.eu\/cz\/wp-json\/wp\/v2\/users\/25"}],"replies":[{"embeddable":true,"href":"https:\/\/blog.ccc.eu\/cz\/wp-json\/wp\/v2\/comments?post=8087"}],"version-history":[{"count":7,"href":"https:\/\/blog.ccc.eu\/cz\/wp-json\/wp\/v2\/posts\/8087\/revisions"}],"predecessor-version":[{"id":8108,"href":"https:\/\/blog.ccc.eu\/cz\/wp-json\/wp\/v2\/posts\/8087\/revisions\/8108"}],"wp:featuredmedia":[{"embeddable":true,"href":"https:\/\/blog.ccc.eu\/cz\/wp-json\/wp\/v2\/media\/8101"}],"wp:attachment":[{"href":"https:\/\/blog.ccc.eu\/cz\/wp-json\/wp\/v2\/media?parent=8087"}],"wp:term":[{"taxonomy":"category","embeddable":true,"href":"https:\/\/blog.ccc.eu\/cz\/wp-json\/wp\/v2\/categories?post=8087"},{"taxonomy":"post_tag","embeddable":true,"href":"https:\/\/blog.ccc.eu\/cz\/wp-json\/wp\/v2\/tags?post=8087"}],"curies":[{"name":"wp","href":"https:\/\/api.w.org\/{rel}","templated":true}]}}