{"id":8109,"date":"2025-10-15T16:56:26","date_gmt":"2025-10-15T14:56:26","guid":{"rendered":"https:\/\/blog.ccc.eu\/cz\/?p=8109"},"modified":"2025-10-15T16:56:27","modified_gmt":"2025-10-15T14:56:27","slug":"moda-ktera-ma-krok-ccc","status":"publish","type":"post","link":"https:\/\/blog.ccc.eu\/cz\/moda-ktera-ma-krok-ccc\/","title":{"rendered":"M\u00f3da, kter\u00e1 ud\u00e1va sm\u011br: CCC obulo p\u0159ehl\u00eddky Luk\u00e1\u0161e Mach\u00e1\u010dka a Michaela Kov\u00e1\u010dika na BCEFW"},"content":{"rendered":"\n<p><em>V sobotu 6. z\u00e1\u0159\u00ed se v prostor\u00e1ch Millen\u00e1ris Park v Budape\u0161ti odehr\u00e1l jeden z nejv\u00fdznamn\u011bj\u0161\u00edch m\u00f3dn\u00edch moment\u016f st\u0159edn\u00ed Evropy \u2013 Budapest Central European Fashion Week (BCEFW) SS26. Pr\u00e1v\u011b zde se p\u0159edstavil slovensk\u00fd design\u00e9r Michael Kov\u00e1\u010dik se svou kolekc\u00ed <strong>SELF-REFLECTION<\/strong>, kter\u00e1 zaz\u00e1\u0159ila svou osobitou viz\u00ed a stylov\u00fdm pojet\u00edm. Spolu s n\u00edm svou druhou \u00fa\u010dast\u00ed potvrdil \u010desk\u00fd m\u00f3dn\u00ed tv\u016frce Luk\u00e1\u0161 Mach\u00e1\u010dek, jen\u017e uvedl svou sv\u011btovou premi\u00e9ru sat\u00e9nov\u00e9 kolekce <strong>RADIANT<\/strong>.<\/em><\/p>\n\n\n\n<figure class=\"wp-block-image size-large\"><img loading=\"lazy\" decoding=\"async\" width=\"1024\" height=\"683\" src=\"https:\/\/blog.ccc.eu\/cz\/wp-content\/uploads\/2025\/10\/Lukas_Machacek_BCEFW_SS26_HFDA_DARKROOM_PRODUCTIONS_-16-1024x683.jpg\" alt=\"\" class=\"wp-image-8114\" srcset=\"https:\/\/blog.ccc.eu\/cz\/wp-content\/uploads\/2025\/10\/Lukas_Machacek_BCEFW_SS26_HFDA_DARKROOM_PRODUCTIONS_-16-1024x683.jpg 1024w, https:\/\/blog.ccc.eu\/cz\/wp-content\/uploads\/2025\/10\/Lukas_Machacek_BCEFW_SS26_HFDA_DARKROOM_PRODUCTIONS_-16-300x200.jpg 300w, https:\/\/blog.ccc.eu\/cz\/wp-content\/uploads\/2025\/10\/Lukas_Machacek_BCEFW_SS26_HFDA_DARKROOM_PRODUCTIONS_-16-768x512.jpg 768w, https:\/\/blog.ccc.eu\/cz\/wp-content\/uploads\/2025\/10\/Lukas_Machacek_BCEFW_SS26_HFDA_DARKROOM_PRODUCTIONS_-16-1536x1024.jpg 1536w, https:\/\/blog.ccc.eu\/cz\/wp-content\/uploads\/2025\/10\/Lukas_Machacek_BCEFW_SS26_HFDA_DARKROOM_PRODUCTIONS_-16-2048x1365.jpg 2048w, https:\/\/blog.ccc.eu\/cz\/wp-content\/uploads\/2025\/10\/Lukas_Machacek_BCEFW_SS26_HFDA_DARKROOM_PRODUCTIONS_-16-100x67.jpg 100w\" sizes=\"auto, (max-width: 1024px) 100vw, 1024px\" \/><\/figure>\n\n\n\n<p>Kl\u00ed\u010dovou roli v obou p\u0159ehl\u00eddk\u00e1ch sehr\u00e1la <strong><a href=\"https:\/\/ccc.eu\/cz\/all\/fashion-shows-2025\">obuv z portfolia CCC<\/a><\/strong>, kter\u00e1 dokonale podtrhla unik\u00e1tn\u00ed atmosf\u00e9ru kolekc\u00ed a dodala model\u016fm nezbytn\u00fd \u0161mrnc a pohodl\u00ed. D\u00edky tomu mohli modelov\u00e9 p\u0159edv\u00e1d\u011bt sv\u00e9 kroky sebev\u011bdom\u011b a elegantn\u011b.<\/p>\n\n\n<shortcode prop-load-num=\"4\" prop-display-num=\"4\" prop-sku=\"5906751112656, 5906751018248, 5905588371540, 5905588657811, 5905588371533, 5905588473176\" prop-view=\"slider\"><\/shortcode>        <div\r\n            class=\"eob-pf-shortcode\"\r\n            id=\"eobpf69f25087071e4\"\r\n        >\r\n            <shortcode prop-load-num=\"4\" prop-display-num=\"4\" prop-sku=\"5906751112656, 5906751018248, 5905588371540, 5905588657811, 5905588371533, 5905588473176\" prop-view=\"slider\"><\/shortcode>        <\/div>\r\n\t\t<script>\r\n\t\t\tjQuery(document).ready(() => {\r\n\t\t\t    const root = document.getElementById('eobpf69f25087071e4');\r\n                Vue.createApp({\r\n\t                components: {\r\n\t                    shortcode\r\n\t                }\r\n                }).mount(root);\r\n\t\t\t});\r\n\t\t<\/script>\r\n\t\t\r\n\t\t\n\n\n\n<p><\/p>\n\n\n\n<h3 class=\"wp-block-heading\"><strong>Michael Kov\u00e1\u010dik a kolekce SELF-REFLECTION<\/strong><\/h3>\n\n\n\n<p>Michael Kov\u00e1\u010dik p\u0159inesl na BCEFW svou kolekci <strong>SELF-REFLECTION<\/strong>, kter\u00e1 je hlubok\u00fdm pohledem do vnit\u0159n\u00edho sv\u011bta a identity. Ka\u017ed\u00fd model v t\u00e9to kolekci vypr\u00e1v\u00ed sv\u016fj vlastn\u00ed p\u0159\u00edb\u011bh \u2013 je to odraz emoc\u00ed, introspektivn\u00edch my\u0161lenek a hled\u00e1n\u00ed sebe sama v modern\u00edm sv\u011bt\u011b. Michael pracuje s kontrasty, jemn\u00fdmi materi\u00e1ly a z\u00e1rove\u0148 v\u00fdrazn\u00fdmi detaily, kter\u00e9 zaujmou na prvn\u00ed pohled. CCC bylo ide\u00e1ln\u00edm partnerem, kter\u00fd poskytl kolekci pohodln\u00e9, ale z\u00e1rove\u0148 elegantn\u00ed lodi\u010dky v odst\u00ednech b\u00e9\u017eov\u00e9 a \u010dern\u00e9. Tato obuv perfektn\u011b ladila s barevnou paletou a materi\u00e1lov\u00fdm pojet\u00edm Michaelovy kolekce. D\u00edky nim modelky mohly na molu vystoupit s lehkost\u00ed a jistotou, kter\u00e1 podtrhla sofistikovanost a promy\u0161lenost cel\u00e9ho konceptu. Obuv CCC tak nebyla jen dopl\u0148kem, ale stala se nezbytnou sou\u010d\u00e1st\u00ed vizu\u00e1ln\u00edho p\u0159\u00edb\u011bhu, kter\u00fd Michael cht\u011bl sd\u011blit.<\/p>\n\n\n\n<div class=\"wp-block-columns is-layout-flex wp-container-core-columns-is-layout-9d6595d7 wp-block-columns-is-layout-flex\">\n<div class=\"wp-block-column is-layout-flow wp-block-column-is-layout-flow\">\n<figure class=\"wp-block-image size-large\"><a href=\"https:\/\/ccc.eu\/cz\/damske\/boty\/lodicky\/lodicky-deezee-ht0327-1-cerna\"><img loading=\"lazy\" decoding=\"async\" width=\"819\" height=\"1024\" src=\"https:\/\/blog.ccc.eu\/cz\/wp-content\/uploads\/2025\/10\/Lukas_Machacek_BCEFW_SS26_HFDA_DARKROOM_PRODUCTIONS_-01-819x1024.jpg\" alt=\"\" class=\"wp-image-8110\" srcset=\"https:\/\/blog.ccc.eu\/cz\/wp-content\/uploads\/2025\/10\/Lukas_Machacek_BCEFW_SS26_HFDA_DARKROOM_PRODUCTIONS_-01-819x1024.jpg 819w, https:\/\/blog.ccc.eu\/cz\/wp-content\/uploads\/2025\/10\/Lukas_Machacek_BCEFW_SS26_HFDA_DARKROOM_PRODUCTIONS_-01-240x300.jpg 240w, https:\/\/blog.ccc.eu\/cz\/wp-content\/uploads\/2025\/10\/Lukas_Machacek_BCEFW_SS26_HFDA_DARKROOM_PRODUCTIONS_-01-768x960.jpg 768w, https:\/\/blog.ccc.eu\/cz\/wp-content\/uploads\/2025\/10\/Lukas_Machacek_BCEFW_SS26_HFDA_DARKROOM_PRODUCTIONS_-01-1229x1536.jpg 1229w, https:\/\/blog.ccc.eu\/cz\/wp-content\/uploads\/2025\/10\/Lukas_Machacek_BCEFW_SS26_HFDA_DARKROOM_PRODUCTIONS_-01-1638x2048.jpg 1638w, https:\/\/blog.ccc.eu\/cz\/wp-content\/uploads\/2025\/10\/Lukas_Machacek_BCEFW_SS26_HFDA_DARKROOM_PRODUCTIONS_-01-100x125.jpg 100w, https:\/\/blog.ccc.eu\/cz\/wp-content\/uploads\/2025\/10\/Lukas_Machacek_BCEFW_SS26_HFDA_DARKROOM_PRODUCTIONS_-01-scaled.jpg 2048w\" sizes=\"auto, (max-width: 819px) 100vw, 819px\" \/><\/a><\/figure>\n<\/div>\n\n\n\n<div class=\"wp-block-column is-layout-flow wp-block-column-is-layout-flow\">\n<figure class=\"wp-block-image size-large\"><a href=\"https:\/\/ccc.eu\/cz\/damske\/boty\/lodicky\/lodicky-deezee-dz0023-bezova\"><img loading=\"lazy\" decoding=\"async\" width=\"819\" height=\"1024\" src=\"https:\/\/blog.ccc.eu\/cz\/wp-content\/uploads\/2025\/10\/LUKASMACHACEK_BCEFW_SS26_HFDA_DARKROOMPRODUCTION05-819x1024.jpg\" alt=\"\" class=\"wp-image-8111\" srcset=\"https:\/\/blog.ccc.eu\/cz\/wp-content\/uploads\/2025\/10\/LUKASMACHACEK_BCEFW_SS26_HFDA_DARKROOMPRODUCTION05-819x1024.jpg 819w, https:\/\/blog.ccc.eu\/cz\/wp-content\/uploads\/2025\/10\/LUKASMACHACEK_BCEFW_SS26_HFDA_DARKROOMPRODUCTION05-240x300.jpg 240w, https:\/\/blog.ccc.eu\/cz\/wp-content\/uploads\/2025\/10\/LUKASMACHACEK_BCEFW_SS26_HFDA_DARKROOMPRODUCTION05-768x960.jpg 768w, https:\/\/blog.ccc.eu\/cz\/wp-content\/uploads\/2025\/10\/LUKASMACHACEK_BCEFW_SS26_HFDA_DARKROOMPRODUCTION05-1229x1536.jpg 1229w, https:\/\/blog.ccc.eu\/cz\/wp-content\/uploads\/2025\/10\/LUKASMACHACEK_BCEFW_SS26_HFDA_DARKROOMPRODUCTION05-1638x2048.jpg 1638w, https:\/\/blog.ccc.eu\/cz\/wp-content\/uploads\/2025\/10\/LUKASMACHACEK_BCEFW_SS26_HFDA_DARKROOMPRODUCTION05-100x125.jpg 100w, https:\/\/blog.ccc.eu\/cz\/wp-content\/uploads\/2025\/10\/LUKASMACHACEK_BCEFW_SS26_HFDA_DARKROOMPRODUCTION05-scaled.jpg 2048w\" sizes=\"auto, (max-width: 819px) 100vw, 819px\" \/><\/a><\/figure>\n<\/div>\n<\/div>\n\n\n\n<h3 class=\"wp-block-heading\"><strong>Luk\u00e1\u0161 Mach\u00e1\u010dek a kolekce RADIANT<\/strong><\/h3>\n\n\n\n<p>Luk\u00e1\u0161 Mach\u00e1\u010dek p\u0159inesl na Budapest Central European Fashion Week svou nejnov\u011bj\u0161\u00ed kolekci <strong>RADIANT<\/strong>, kter\u00e1 m\u011bla pr\u00e1v\u011b na t\u00e9to presti\u017en\u00ed ud\u00e1losti svou sv\u011btovou premi\u00e9ru. Kolekce je inspirov\u00e1na sv\u011btem filmu a ikonick\u00fdmi postavami, kter\u00e9 formovaly d\u011bjiny kinematografie. Mach\u00e1\u010dek vytv\u00e1\u0159\u00ed modely, kter\u00e9 vyza\u0159uj\u00ed eleganci a noblesu, a z\u00e1rove\u0148 oslavuj\u00ed \u017eenskou s\u00edlu a osobitost. K tomu, aby jeho modely zaz\u00e1\u0159ily na molu, byla vybr\u00e1na exkluzivn\u00ed obuv z kolekce CCC. Stylov\u00e9 lodi\u010dky nejen\u017ee doplnily vizu\u00e1ln\u00ed estetiku sat\u00e9nov\u00fdch a hedv\u00e1bn\u00fdch materi\u00e1l\u016f kolekce, ale tak\u00e9 poskytly modelk\u00e1m komfort a stabilitu nezbytnou pro n\u00e1ro\u010dn\u00e9 p\u0159ehl\u00eddkov\u00e9 tempo. \u010cern\u00e9 a b\u00edl\u00e9 odst\u00edny lodi\u010dek podtrhly kolekci a umo\u017enily jednotliv\u00fdm look\u016fm vystoupit do pop\u0159ed\u00ed.<\/p>\n\n\n\n<div class=\"wp-block-columns is-layout-flex wp-container-core-columns-is-layout-9d6595d7 wp-block-columns-is-layout-flex\">\n<div class=\"wp-block-column is-layout-flow wp-block-column-is-layout-flow\">\n<figure class=\"wp-block-image size-large\"><a href=\"https:\/\/ccc.eu\/cz\/damske\/boty\/lodicky\/lodicky-gino-rossi-sugar-slt625-62-bila\"><img loading=\"lazy\" decoding=\"async\" width=\"819\" height=\"1024\" src=\"https:\/\/blog.ccc.eu\/cz\/wp-content\/uploads\/2025\/10\/MICHAELKOVACIK_BCEFW_SS26_HFDA_DARKROOMPRODUCTION29-819x1024.jpg\" alt=\"\" class=\"wp-image-8112\" srcset=\"https:\/\/blog.ccc.eu\/cz\/wp-content\/uploads\/2025\/10\/MICHAELKOVACIK_BCEFW_SS26_HFDA_DARKROOMPRODUCTION29-819x1024.jpg 819w, https:\/\/blog.ccc.eu\/cz\/wp-content\/uploads\/2025\/10\/MICHAELKOVACIK_BCEFW_SS26_HFDA_DARKROOMPRODUCTION29-240x300.jpg 240w, https:\/\/blog.ccc.eu\/cz\/wp-content\/uploads\/2025\/10\/MICHAELKOVACIK_BCEFW_SS26_HFDA_DARKROOMPRODUCTION29-768x960.jpg 768w, https:\/\/blog.ccc.eu\/cz\/wp-content\/uploads\/2025\/10\/MICHAELKOVACIK_BCEFW_SS26_HFDA_DARKROOMPRODUCTION29-1229x1536.jpg 1229w, https:\/\/blog.ccc.eu\/cz\/wp-content\/uploads\/2025\/10\/MICHAELKOVACIK_BCEFW_SS26_HFDA_DARKROOMPRODUCTION29-1638x2048.jpg 1638w, https:\/\/blog.ccc.eu\/cz\/wp-content\/uploads\/2025\/10\/MICHAELKOVACIK_BCEFW_SS26_HFDA_DARKROOMPRODUCTION29-100x125.jpg 100w, https:\/\/blog.ccc.eu\/cz\/wp-content\/uploads\/2025\/10\/MICHAELKOVACIK_BCEFW_SS26_HFDA_DARKROOMPRODUCTION29-scaled.jpg 2048w\" sizes=\"auto, (max-width: 819px) 100vw, 819px\" \/><\/a><\/figure>\n<\/div>\n\n\n\n<div class=\"wp-block-column is-layout-flow wp-block-column-is-layout-flow\">\n<figure class=\"wp-block-image size-large\"><a href=\"https:\/\/ccc.eu\/cz\/damske\/boty\/lodicky\/lodicky-gino-rossi-sugar-slt625-62-bila\"><img loading=\"lazy\" decoding=\"async\" width=\"819\" height=\"1024\" src=\"https:\/\/blog.ccc.eu\/cz\/wp-content\/uploads\/2025\/10\/MICHAEL_KOVACIK_B55I6540-819x1024.jpg\" alt=\"\" class=\"wp-image-8113\" srcset=\"https:\/\/blog.ccc.eu\/cz\/wp-content\/uploads\/2025\/10\/MICHAEL_KOVACIK_B55I6540-819x1024.jpg 819w, https:\/\/blog.ccc.eu\/cz\/wp-content\/uploads\/2025\/10\/MICHAEL_KOVACIK_B55I6540-240x300.jpg 240w, https:\/\/blog.ccc.eu\/cz\/wp-content\/uploads\/2025\/10\/MICHAEL_KOVACIK_B55I6540-768x960.jpg 768w, https:\/\/blog.ccc.eu\/cz\/wp-content\/uploads\/2025\/10\/MICHAEL_KOVACIK_B55I6540-1229x1536.jpg 1229w, https:\/\/blog.ccc.eu\/cz\/wp-content\/uploads\/2025\/10\/MICHAEL_KOVACIK_B55I6540-1638x2048.jpg 1638w, https:\/\/blog.ccc.eu\/cz\/wp-content\/uploads\/2025\/10\/MICHAEL_KOVACIK_B55I6540-100x125.jpg 100w, https:\/\/blog.ccc.eu\/cz\/wp-content\/uploads\/2025\/10\/MICHAEL_KOVACIK_B55I6540-scaled.jpg 2048w\" sizes=\"auto, (max-width: 819px) 100vw, 819px\" \/><\/a><\/figure>\n<\/div>\n<\/div>\n\n\n\n<p><\/p>\n\n\n\n<p>Pokud v\u00e1s zaujala obuv, kter\u00e1 zaz\u00e1\u0159ila na BCEFW SS26, m\u016f\u017eete si je po\u0159\u00eddit p\u0159\u00edmo v prodejn\u00e1ch CCC nebo online. Vyberte si z nab\u00eddky elegantn\u00edch lodi\u010dek <strong>DeeZee<\/strong>, <strong>Nine West<\/strong>, <strong>GINO ROSSI<\/strong> i dal\u0161\u00edch a dop\u0159ejte sv\u00e9mu outfitu tu spr\u00e1vnou d\u00e1vku stylu a komfortu.<\/p>\n\n\n<shortcode prop-load-num=\"4\" prop-display-num=\"4\" prop-sku=\"5905588473176, 5905588371533, 5905588657811, 5905588371540, 5906751018248, 5906751112656\" prop-view=\"slider\"><\/shortcode>        <div\r\n            class=\"eob-pf-shortcode\"\r\n            id=\"eobpf69f250870730d\"\r\n        >\r\n            <shortcode prop-load-num=\"4\" prop-display-num=\"4\" prop-sku=\"5905588473176, 5905588371533, 5905588657811, 5905588371540, 5906751018248, 5906751112656\" prop-view=\"slider\"><\/shortcode>        <\/div>\r\n\t\t<script>\r\n\t\t\tjQuery(document).ready(() => {\r\n\t\t\t    const root = document.getElementById('eobpf69f250870730d');\r\n                Vue.createApp({\r\n\t                components: {\r\n\t                    shortcode\r\n\t                }\r\n                }).mount(root);\r\n\t\t\t});\r\n\t\t<\/script>\r\n\t\t\r\n\t\t\n\n\n\n<p><\/p>\n\n\n\n<div class=\"wp-block-buttons is-content-justification-center is-layout-flex wp-container-core-buttons-is-layout-16018d1d wp-block-buttons-is-layout-flex\">\n<div class=\"wp-block-button is-style-fill\"><a class=\"wp-block-button__link has-custom-font-size wp-element-button\" href=\"https:\/\/ccc.eu\/cz\/all\/fashion-shows-2025\" style=\"border-radius:0px;font-size:15px\">Kupte si obuv z m\u00f3dn\u00edch p\u0159ehl\u00eddek<\/a><\/div>\n<\/div>\n\n\n\n<p><\/p>\n","protected":false},"excerpt":{"rendered":"<p>V sobotu 6. z\u00e1\u0159\u00ed se v prostor\u00e1ch Millen\u00e1ris Park v Budape\u0161ti odehr\u00e1l jeden z nejv\u00fdznamn\u011bj\u0161\u00edch m\u00f3dn\u00edch moment\u016f st\u0159edn\u00ed Evropy \u2013 Budapest Central European Fashion Week (BCEFW) SS26. Pr\u00e1v\u011b zde se p\u0159edstavil slovensk\u00fd design\u00e9r Michael Kov\u00e1\u010dik se svou kolekc\u00ed SELF-REFLECTION, kter\u00e1 zaz\u00e1\u0159ila svou osobitou viz\u00ed a stylov\u00fdm pojet\u00edm. Spolu s n\u00edm svou druhou \u00fa\u010dast\u00ed potvrdil \u010desk\u00fd [&hellip;]<\/p>\n","protected":false},"author":25,"featured_media":8114,"comment_status":"open","ping_status":"open","sticky":false,"template":"","format":"standard","meta":{"_acf_changed":false,"footnotes":""},"categories":[1040],"tags":[594],"class_list":["post-8109","post","type-post","status-publish","format-standard","has-post-thumbnail","hentry","category-akce","tag-damske-boty"],"acf":[],"yoast_head":"<!-- This site is optimized with the Yoast SEO plugin v26.9 - https:\/\/yoast.com\/product\/yoast-seo-wordpress\/ -->\n<title>M\u00f3da, kter\u00e1 ud\u00e1va sm\u011br: CCC obulo p\u0159ehl\u00eddky Luk\u00e1\u0161e Mach\u00e1\u010dka a Michaela Kov\u00e1\u010dika na BCEFW - blog.ccc.eu\/cz<\/title>\n<meta name=\"description\" content=\"Objevte, jak CCC doplnilo kolekce Luk\u00e1\u0161e Mach\u00e1\u010dka a Michaela Kov\u00e1\u010dika exkluzivn\u00ed obuv\u00ed na presti\u017en\u00edm Budapest Central European Fashion Week. 2026\" \/>\n<meta name=\"robots\" content=\"index, follow, max-snippet:-1, max-image-preview:large, max-video-preview:-1\" \/>\n<link rel=\"canonical\" href=\"https:\/\/blog.ccc.eu\/cz\/moda-ktera-ma-krok-ccc\/\" \/>\n<meta property=\"og:locale\" content=\"cs_CZ\" \/>\n<meta property=\"og:type\" content=\"article\" \/>\n<meta property=\"og:title\" content=\"M\u00f3da, kter\u00e1 ud\u00e1va sm\u011br: CCC obulo p\u0159ehl\u00eddky Luk\u00e1\u0161e Mach\u00e1\u010dka a Michaela Kov\u00e1\u010dika na BCEFW - blog.ccc.eu\/cz\" \/>\n<meta property=\"og:description\" content=\"Objevte, jak CCC doplnilo kolekce Luk\u00e1\u0161e Mach\u00e1\u010dka a Michaela Kov\u00e1\u010dika exkluzivn\u00ed obuv\u00ed na presti\u017en\u00edm Budapest Central European Fashion Week.\" \/>\n<meta property=\"og:url\" content=\"https:\/\/blog.ccc.eu\/cz\/moda-ktera-ma-krok-ccc\/\" \/>\n<meta property=\"og:site_name\" content=\"blog.ccc.eu\/cz\" \/>\n<meta property=\"article:published_time\" content=\"2025-10-15T14:56:26+00:00\" \/>\n<meta property=\"article:modified_time\" content=\"2025-10-15T14:56:27+00:00\" \/>\n<meta property=\"og:image\" content=\"https:\/\/blog.ccc.eu\/cz\/wp-content\/uploads\/2025\/10\/Lukas_Machacek_BCEFW_SS26_HFDA_DARKROOM_PRODUCTIONS_-16-scaled.jpg\" \/>\n\t<meta property=\"og:image:width\" content=\"2560\" \/>\n\t<meta property=\"og:image:height\" content=\"1707\" \/>\n\t<meta property=\"og:image:type\" content=\"image\/jpeg\" \/>\n<meta name=\"author\" content=\"Petra Susilova\" \/>\n<meta name=\"twitter:card\" content=\"summary_large_image\" \/>\n<meta name=\"twitter:label1\" content=\"Napsal(a)\" \/>\n\t<meta name=\"twitter:data1\" content=\"Petra Susilova\" \/>\n\t<meta name=\"twitter:label2\" content=\"Odhadovan\u00e1 doba \u010dten\u00ed\" \/>\n\t<meta name=\"twitter:data2\" content=\"4 minuty\" \/>\n<script type=\"application\/ld+json\" class=\"yoast-schema-graph\">{\"@context\":\"https:\/\/schema.org\",\"@graph\":[{\"@type\":\"Article\",\"@id\":\"https:\/\/blog.ccc.eu\/cz\/moda-ktera-ma-krok-ccc\/#article\",\"isPartOf\":{\"@id\":\"https:\/\/blog.ccc.eu\/cz\/moda-ktera-ma-krok-ccc\/\"},\"author\":{\"name\":\"Petra Susilova\",\"@id\":\"https:\/\/blog.ccc.eu\/cz\/#\/schema\/person\/74ddaf45957c4c3e85587a666ba20782\"},\"headline\":\"M\u00f3da, kter\u00e1 ud\u00e1va sm\u011br: CCC obulo p\u0159ehl\u00eddky Luk\u00e1\u0161e Mach\u00e1\u010dka a Michaela Kov\u00e1\u010dika na BCEFW\",\"datePublished\":\"2025-10-15T14:56:26+00:00\",\"dateModified\":\"2025-10-15T14:56:27+00:00\",\"mainEntityOfPage\":{\"@id\":\"https:\/\/blog.ccc.eu\/cz\/moda-ktera-ma-krok-ccc\/\"},\"wordCount\":553,\"commentCount\":0,\"publisher\":{\"@id\":\"https:\/\/blog.ccc.eu\/cz\/#organization\"},\"image\":{\"@id\":\"https:\/\/blog.ccc.eu\/cz\/moda-ktera-ma-krok-ccc\/#primaryimage\"},\"thumbnailUrl\":\"https:\/\/blog.ccc.eu\/cz\/wp-content\/uploads\/2025\/10\/Lukas_Machacek_BCEFW_SS26_HFDA_DARKROOM_PRODUCTIONS_-16-scaled.jpg\",\"keywords\":[\"D\u00e1msk\u00e9 boty\"],\"articleSection\":[\"AKCE\"],\"inLanguage\":\"cs\",\"potentialAction\":[{\"@type\":\"CommentAction\",\"name\":\"Comment\",\"target\":[\"https:\/\/blog.ccc.eu\/cz\/moda-ktera-ma-krok-ccc\/#respond\"]}]},{\"@type\":\"WebPage\",\"@id\":\"https:\/\/blog.ccc.eu\/cz\/moda-ktera-ma-krok-ccc\/\",\"url\":\"https:\/\/blog.ccc.eu\/cz\/moda-ktera-ma-krok-ccc\/\",\"name\":\"M\u00f3da, kter\u00e1 ud\u00e1va sm\u011br: CCC obulo p\u0159ehl\u00eddky Luk\u00e1\u0161e Mach\u00e1\u010dka a Michaela Kov\u00e1\u010dika na BCEFW - blog.ccc.eu\/cz\",\"isPartOf\":{\"@id\":\"https:\/\/blog.ccc.eu\/cz\/#website\"},\"primaryImageOfPage\":{\"@id\":\"https:\/\/blog.ccc.eu\/cz\/moda-ktera-ma-krok-ccc\/#primaryimage\"},\"image\":{\"@id\":\"https:\/\/blog.ccc.eu\/cz\/moda-ktera-ma-krok-ccc\/#primaryimage\"},\"thumbnailUrl\":\"https:\/\/blog.ccc.eu\/cz\/wp-content\/uploads\/2025\/10\/Lukas_Machacek_BCEFW_SS26_HFDA_DARKROOM_PRODUCTIONS_-16-scaled.jpg\",\"datePublished\":\"2025-10-15T14:56:26+00:00\",\"dateModified\":\"2025-10-15T14:56:27+00:00\",\"description\":\"Objevte, jak CCC doplnilo kolekce Luk\u00e1\u0161e Mach\u00e1\u010dka a Michaela Kov\u00e1\u010dika exkluzivn\u00ed obuv\u00ed na presti\u017en\u00edm Budapest Central European Fashion Week.\",\"breadcrumb\":{\"@id\":\"https:\/\/blog.ccc.eu\/cz\/moda-ktera-ma-krok-ccc\/#breadcrumb\"},\"inLanguage\":\"cs\",\"potentialAction\":[{\"@type\":\"ReadAction\",\"target\":[\"https:\/\/blog.ccc.eu\/cz\/moda-ktera-ma-krok-ccc\/\"]}]},{\"@type\":\"ImageObject\",\"inLanguage\":\"cs\",\"@id\":\"https:\/\/blog.ccc.eu\/cz\/moda-ktera-ma-krok-ccc\/#primaryimage\",\"url\":\"https:\/\/blog.ccc.eu\/cz\/wp-content\/uploads\/2025\/10\/Lukas_Machacek_BCEFW_SS26_HFDA_DARKROOM_PRODUCTIONS_-16-scaled.jpg\",\"contentUrl\":\"https:\/\/blog.ccc.eu\/cz\/wp-content\/uploads\/2025\/10\/Lukas_Machacek_BCEFW_SS26_HFDA_DARKROOM_PRODUCTIONS_-16-scaled.jpg\",\"width\":2560,\"height\":1707,\"caption\":\"Budapest Central European Fashion Week\"},{\"@type\":\"BreadcrumbList\",\"@id\":\"https:\/\/blog.ccc.eu\/cz\/moda-ktera-ma-krok-ccc\/#breadcrumb\",\"itemListElement\":[{\"@type\":\"ListItem\",\"position\":1,\"name\":\"Strona g\u0142\u00f3wna\",\"item\":\"https:\/\/blog.ccc.eu\/cz\/\"},{\"@type\":\"ListItem\",\"position\":2,\"name\":\"M\u00f3da, kter\u00e1 ud\u00e1va sm\u011br: CCC obulo p\u0159ehl\u00eddky Luk\u00e1\u0161e Mach\u00e1\u010dka a Michaela Kov\u00e1\u010dika na BCEFW\"}]},{\"@type\":\"WebSite\",\"@id\":\"https:\/\/blog.ccc.eu\/cz\/#website\",\"url\":\"https:\/\/blog.ccc.eu\/cz\/\",\"name\":\"blog.ccc.eu\/cz\",\"description\":\"Va\u0161e m\u00edsto pln\u00e9 m\u00f3dn\u00edch inspirac\u00ed\",\"publisher\":{\"@id\":\"https:\/\/blog.ccc.eu\/cz\/#organization\"},\"potentialAction\":[{\"@type\":\"SearchAction\",\"target\":{\"@type\":\"EntryPoint\",\"urlTemplate\":\"https:\/\/blog.ccc.eu\/cz\/?s={search_term_string}\"},\"query-input\":{\"@type\":\"PropertyValueSpecification\",\"valueRequired\":true,\"valueName\":\"search_term_string\"}}],\"inLanguage\":\"cs\"},{\"@type\":\"Organization\",\"@id\":\"https:\/\/blog.ccc.eu\/cz\/#organization\",\"name\":\"CCC S.A.\",\"url\":\"https:\/\/blog.ccc.eu\/cz\/\",\"logo\":{\"@type\":\"ImageObject\",\"inLanguage\":\"cs\",\"@id\":\"https:\/\/blog.ccc.eu\/cz\/#\/schema\/logo\/image\/\",\"url\":\"https:\/\/blog.ccc.eu\/cz\/wp-content\/uploads\/2021\/11\/logo_ccc.png\",\"contentUrl\":\"https:\/\/blog.ccc.eu\/cz\/wp-content\/uploads\/2021\/11\/logo_ccc.png\",\"width\":730,\"height\":270,\"caption\":\"CCC S.A.\"},\"image\":{\"@id\":\"https:\/\/blog.ccc.eu\/cz\/#\/schema\/logo\/image\/\"}},{\"@type\":\"Person\",\"@id\":\"https:\/\/blog.ccc.eu\/cz\/#\/schema\/person\/74ddaf45957c4c3e85587a666ba20782\",\"name\":\"Petra Susilova\",\"image\":{\"@type\":\"ImageObject\",\"inLanguage\":\"cs\",\"@id\":\"https:\/\/blog.ccc.eu\/cz\/#\/schema\/person\/image\/\",\"url\":\"https:\/\/secure.gravatar.com\/avatar\/2eeba86289b6f51c358487152d296aa19002ba9c061f1bb2f0c5f86ed31e132f?s=96&r=g\",\"contentUrl\":\"https:\/\/secure.gravatar.com\/avatar\/2eeba86289b6f51c358487152d296aa19002ba9c061f1bb2f0c5f86ed31e132f?s=96&r=g\",\"caption\":\"Petra Susilova\"},\"url\":\"https:\/\/blog.ccc.eu\/cz\/author\/petra-susilova\/\"}]}<\/script>\n<!-- \/ Yoast SEO plugin. -->","yoast_head_json":{"title":"M\u00f3da, kter\u00e1 ud\u00e1va sm\u011br: CCC obulo p\u0159ehl\u00eddky Luk\u00e1\u0161e Mach\u00e1\u010dka a Michaela Kov\u00e1\u010dika na BCEFW - blog.ccc.eu\/cz","description":"Objevte, jak CCC doplnilo kolekce Luk\u00e1\u0161e Mach\u00e1\u010dka a Michaela Kov\u00e1\u010dika exkluzivn\u00ed obuv\u00ed na presti\u017en\u00edm Budapest Central European Fashion Week. 2026","robots":{"index":"index","follow":"follow","max-snippet":"max-snippet:-1","max-image-preview":"max-image-preview:large","max-video-preview":"max-video-preview:-1"},"canonical":"https:\/\/blog.ccc.eu\/cz\/moda-ktera-ma-krok-ccc\/","og_locale":"cs_CZ","og_type":"article","og_title":"M\u00f3da, kter\u00e1 ud\u00e1va sm\u011br: CCC obulo p\u0159ehl\u00eddky Luk\u00e1\u0161e Mach\u00e1\u010dka a Michaela Kov\u00e1\u010dika na BCEFW - blog.ccc.eu\/cz","og_description":"Objevte, jak CCC doplnilo kolekce Luk\u00e1\u0161e Mach\u00e1\u010dka a Michaela Kov\u00e1\u010dika exkluzivn\u00ed obuv\u00ed na presti\u017en\u00edm Budapest Central European Fashion Week.","og_url":"https:\/\/blog.ccc.eu\/cz\/moda-ktera-ma-krok-ccc\/","og_site_name":"blog.ccc.eu\/cz","article_published_time":"2025-10-15T14:56:26+00:00","article_modified_time":"2025-10-15T14:56:27+00:00","og_image":[{"width":2560,"height":1707,"url":"https:\/\/blog.ccc.eu\/cz\/wp-content\/uploads\/2025\/10\/Lukas_Machacek_BCEFW_SS26_HFDA_DARKROOM_PRODUCTIONS_-16-scaled.jpg","type":"image\/jpeg"}],"author":"Petra Susilova","twitter_card":"summary_large_image","twitter_misc":{"Napsal(a)":"Petra Susilova","Odhadovan\u00e1 doba \u010dten\u00ed":"4 minuty"},"schema":{"@context":"https:\/\/schema.org","@graph":[{"@type":"Article","@id":"https:\/\/blog.ccc.eu\/cz\/moda-ktera-ma-krok-ccc\/#article","isPartOf":{"@id":"https:\/\/blog.ccc.eu\/cz\/moda-ktera-ma-krok-ccc\/"},"author":{"name":"Petra Susilova","@id":"https:\/\/blog.ccc.eu\/cz\/#\/schema\/person\/74ddaf45957c4c3e85587a666ba20782"},"headline":"M\u00f3da, kter\u00e1 ud\u00e1va sm\u011br: CCC obulo p\u0159ehl\u00eddky Luk\u00e1\u0161e Mach\u00e1\u010dka a Michaela Kov\u00e1\u010dika na BCEFW","datePublished":"2025-10-15T14:56:26+00:00","dateModified":"2025-10-15T14:56:27+00:00","mainEntityOfPage":{"@id":"https:\/\/blog.ccc.eu\/cz\/moda-ktera-ma-krok-ccc\/"},"wordCount":553,"commentCount":0,"publisher":{"@id":"https:\/\/blog.ccc.eu\/cz\/#organization"},"image":{"@id":"https:\/\/blog.ccc.eu\/cz\/moda-ktera-ma-krok-ccc\/#primaryimage"},"thumbnailUrl":"https:\/\/blog.ccc.eu\/cz\/wp-content\/uploads\/2025\/10\/Lukas_Machacek_BCEFW_SS26_HFDA_DARKROOM_PRODUCTIONS_-16-scaled.jpg","keywords":["D\u00e1msk\u00e9 boty"],"articleSection":["AKCE"],"inLanguage":"cs","potentialAction":[{"@type":"CommentAction","name":"Comment","target":["https:\/\/blog.ccc.eu\/cz\/moda-ktera-ma-krok-ccc\/#respond"]}]},{"@type":"WebPage","@id":"https:\/\/blog.ccc.eu\/cz\/moda-ktera-ma-krok-ccc\/","url":"https:\/\/blog.ccc.eu\/cz\/moda-ktera-ma-krok-ccc\/","name":"M\u00f3da, kter\u00e1 ud\u00e1va sm\u011br: CCC obulo p\u0159ehl\u00eddky Luk\u00e1\u0161e Mach\u00e1\u010dka a Michaela Kov\u00e1\u010dika na BCEFW - blog.ccc.eu\/cz","isPartOf":{"@id":"https:\/\/blog.ccc.eu\/cz\/#website"},"primaryImageOfPage":{"@id":"https:\/\/blog.ccc.eu\/cz\/moda-ktera-ma-krok-ccc\/#primaryimage"},"image":{"@id":"https:\/\/blog.ccc.eu\/cz\/moda-ktera-ma-krok-ccc\/#primaryimage"},"thumbnailUrl":"https:\/\/blog.ccc.eu\/cz\/wp-content\/uploads\/2025\/10\/Lukas_Machacek_BCEFW_SS26_HFDA_DARKROOM_PRODUCTIONS_-16-scaled.jpg","datePublished":"2025-10-15T14:56:26+00:00","dateModified":"2025-10-15T14:56:27+00:00","description":"Objevte, jak CCC doplnilo kolekce Luk\u00e1\u0161e Mach\u00e1\u010dka a Michaela Kov\u00e1\u010dika exkluzivn\u00ed obuv\u00ed na presti\u017en\u00edm Budapest Central European Fashion Week.","breadcrumb":{"@id":"https:\/\/blog.ccc.eu\/cz\/moda-ktera-ma-krok-ccc\/#breadcrumb"},"inLanguage":"cs","potentialAction":[{"@type":"ReadAction","target":["https:\/\/blog.ccc.eu\/cz\/moda-ktera-ma-krok-ccc\/"]}]},{"@type":"ImageObject","inLanguage":"cs","@id":"https:\/\/blog.ccc.eu\/cz\/moda-ktera-ma-krok-ccc\/#primaryimage","url":"https:\/\/blog.ccc.eu\/cz\/wp-content\/uploads\/2025\/10\/Lukas_Machacek_BCEFW_SS26_HFDA_DARKROOM_PRODUCTIONS_-16-scaled.jpg","contentUrl":"https:\/\/blog.ccc.eu\/cz\/wp-content\/uploads\/2025\/10\/Lukas_Machacek_BCEFW_SS26_HFDA_DARKROOM_PRODUCTIONS_-16-scaled.jpg","width":2560,"height":1707,"caption":"Budapest Central European Fashion Week"},{"@type":"BreadcrumbList","@id":"https:\/\/blog.ccc.eu\/cz\/moda-ktera-ma-krok-ccc\/#breadcrumb","itemListElement":[{"@type":"ListItem","position":1,"name":"Strona g\u0142\u00f3wna","item":"https:\/\/blog.ccc.eu\/cz\/"},{"@type":"ListItem","position":2,"name":"M\u00f3da, kter\u00e1 ud\u00e1va sm\u011br: CCC obulo p\u0159ehl\u00eddky Luk\u00e1\u0161e Mach\u00e1\u010dka a Michaela Kov\u00e1\u010dika na BCEFW"}]},{"@type":"WebSite","@id":"https:\/\/blog.ccc.eu\/cz\/#website","url":"https:\/\/blog.ccc.eu\/cz\/","name":"blog.ccc.eu\/cz","description":"Va\u0161e m\u00edsto pln\u00e9 m\u00f3dn\u00edch inspirac\u00ed","publisher":{"@id":"https:\/\/blog.ccc.eu\/cz\/#organization"},"potentialAction":[{"@type":"SearchAction","target":{"@type":"EntryPoint","urlTemplate":"https:\/\/blog.ccc.eu\/cz\/?s={search_term_string}"},"query-input":{"@type":"PropertyValueSpecification","valueRequired":true,"valueName":"search_term_string"}}],"inLanguage":"cs"},{"@type":"Organization","@id":"https:\/\/blog.ccc.eu\/cz\/#organization","name":"CCC S.A.","url":"https:\/\/blog.ccc.eu\/cz\/","logo":{"@type":"ImageObject","inLanguage":"cs","@id":"https:\/\/blog.ccc.eu\/cz\/#\/schema\/logo\/image\/","url":"https:\/\/blog.ccc.eu\/cz\/wp-content\/uploads\/2021\/11\/logo_ccc.png","contentUrl":"https:\/\/blog.ccc.eu\/cz\/wp-content\/uploads\/2021\/11\/logo_ccc.png","width":730,"height":270,"caption":"CCC S.A."},"image":{"@id":"https:\/\/blog.ccc.eu\/cz\/#\/schema\/logo\/image\/"}},{"@type":"Person","@id":"https:\/\/blog.ccc.eu\/cz\/#\/schema\/person\/74ddaf45957c4c3e85587a666ba20782","name":"Petra Susilova","image":{"@type":"ImageObject","inLanguage":"cs","@id":"https:\/\/blog.ccc.eu\/cz\/#\/schema\/person\/image\/","url":"https:\/\/secure.gravatar.com\/avatar\/2eeba86289b6f51c358487152d296aa19002ba9c061f1bb2f0c5f86ed31e132f?s=96&r=g","contentUrl":"https:\/\/secure.gravatar.com\/avatar\/2eeba86289b6f51c358487152d296aa19002ba9c061f1bb2f0c5f86ed31e132f?s=96&r=g","caption":"Petra Susilova"},"url":"https:\/\/blog.ccc.eu\/cz\/author\/petra-susilova\/"}]}},"_links":{"self":[{"href":"https:\/\/blog.ccc.eu\/cz\/wp-json\/wp\/v2\/posts\/8109","targetHints":{"allow":["GET"]}}],"collection":[{"href":"https:\/\/blog.ccc.eu\/cz\/wp-json\/wp\/v2\/posts"}],"about":[{"href":"https:\/\/blog.ccc.eu\/cz\/wp-json\/wp\/v2\/types\/post"}],"author":[{"embeddable":true,"href":"https:\/\/blog.ccc.eu\/cz\/wp-json\/wp\/v2\/users\/25"}],"replies":[{"embeddable":true,"href":"https:\/\/blog.ccc.eu\/cz\/wp-json\/wp\/v2\/comments?post=8109"}],"version-history":[{"count":5,"href":"https:\/\/blog.ccc.eu\/cz\/wp-json\/wp\/v2\/posts\/8109\/revisions"}],"predecessor-version":[{"id":8128,"href":"https:\/\/blog.ccc.eu\/cz\/wp-json\/wp\/v2\/posts\/8109\/revisions\/8128"}],"wp:featuredmedia":[{"embeddable":true,"href":"https:\/\/blog.ccc.eu\/cz\/wp-json\/wp\/v2\/media\/8114"}],"wp:attachment":[{"href":"https:\/\/blog.ccc.eu\/cz\/wp-json\/wp\/v2\/media?parent=8109"}],"wp:term":[{"taxonomy":"category","embeddable":true,"href":"https:\/\/blog.ccc.eu\/cz\/wp-json\/wp\/v2\/categories?post=8109"},{"taxonomy":"post_tag","embeddable":true,"href":"https:\/\/blog.ccc.eu\/cz\/wp-json\/wp\/v2\/tags?post=8109"}],"curies":[{"name":"wp","href":"https:\/\/api.w.org\/{rel}","templated":true}]}}