{"id":8121,"date":"2025-10-06T15:04:53","date_gmt":"2025-10-06T13:04:53","guid":{"rendered":"https:\/\/blog.ccc.eu\/cz\/?p=8121"},"modified":"2025-11-13T11:29:08","modified_gmt":"2025-11-13T10:29:08","slug":"zeny-ktere-promeny-obuv-ve-svou-uniformu","status":"publish","type":"post","link":"https:\/\/blog.ccc.eu\/cz\/zeny-ktere-promeny-obuv-ve-svou-uniformu\/","title":{"rendered":"\u017deny, kter\u00e9 prom\u011bnily obuv ve svou uniformu"},"content":{"rendered":"\n<p><em>D\u00edv\u00e1te se n\u011bkdy na obuv lid\u00ed kolem sebe? Mnoz\u00ed z nich nos\u00ed poka\u017ed\u00e9 n\u011bco jin\u00e9ho, ale n\u011bkte\u0159\u00ed si naopak vyprofilovali sv\u016fj m\u00f3dn\u00ed styl natolik, \u017ee up\u0159ednost\u0148uj\u00ed \u2013 pokud ne jeden typ oble\u010den\u00ed \u2013 tak alespo\u0148 jeden typ obuvi. I historie zn\u00e1 \u017eeny, kter\u00e9 si svou obuv zvolily jako pozn\u00e1vac\u00ed znamen\u00ed. Poj\u010fme se na n\u011b spole\u010dn\u011b pod\u00edvat.<\/em><\/p>\n\n\n\n<figure class=\"wp-block-gallery has-nested-images columns-default is-cropped wp-block-gallery-1 is-layout-flex wp-block-gallery-is-layout-flex\">\n<figure class=\"wp-block-image size-large\"><img loading=\"lazy\" decoding=\"async\" width=\"683\" height=\"1024\" data-id=\"8122\" src=\"https:\/\/blog.ccc.eu\/cz\/wp-content\/uploads\/2025\/10\/CCC_5905588565079_01-683x1024.jpg\" alt=\"\" class=\"wp-image-8122\"\/><\/figure>\n\n\n\n<figure class=\"wp-block-image size-large\"><img loading=\"lazy\" decoding=\"async\" width=\"683\" height=\"1024\" data-id=\"8123\" src=\"https:\/\/blog.ccc.eu\/cz\/wp-content\/uploads\/2025\/10\/CCC_5905588565079_04-683x1024.jpg\" alt=\"\" class=\"wp-image-8123\" srcset=\"https:\/\/blog.ccc.eu\/cz\/wp-content\/uploads\/2025\/10\/CCC_5905588565079_04-683x1024.jpg 683w, https:\/\/blog.ccc.eu\/cz\/wp-content\/uploads\/2025\/10\/CCC_5905588565079_04-200x300.jpg 200w, https:\/\/blog.ccc.eu\/cz\/wp-content\/uploads\/2025\/10\/CCC_5905588565079_04-768x1152.jpg 768w, https:\/\/blog.ccc.eu\/cz\/wp-content\/uploads\/2025\/10\/CCC_5905588565079_04-100x150.jpg 100w, https:\/\/blog.ccc.eu\/cz\/wp-content\/uploads\/2025\/10\/CCC_5905588565079_04.jpg 876w\" sizes=\"auto, (max-width: 683px) 100vw, 683px\" \/><\/figure>\n<\/figure>\n\n\n\n<p><\/p>\n\n\n\n<p>Obuv je na\u0161\u00ed ned\u00edlnou sou\u010d\u00e1st\u00ed. N\u011bkdy ji lad\u00edme se zbytkem outfitu, jindy p\u0159izp\u016fsobujeme po\u010das\u00ed nebo n\u00e1lad\u011b&#8230; a n\u011bkter\u00e9 z n\u00e1s zkr\u00e1tka maj\u00ed jeden styl, kter\u00e9mu z\u016fst\u00e1vaj\u00ed v\u011brn\u00e9 prakticky cel\u00fd \u017eivot. P\u0159ipravila jsem si pro v\u00e1s n\u011bkolik p\u0159\u00edklad\u016f \u017een, kter\u00e9 vsadily na jeden a tent\u00fd\u017e styl obuvi \u2013 \u010dasto byste si mohli myslet, \u017ee vlastn\u00ed jen jeden p\u00e1r, kter\u00fd nos\u00ed, dokud se doslova nerozpadne. Tedy, a\u017e na jednu v\u00fdjimku\u2026 ta jich m\u011bla o&nbsp;<em>trochu<\/em>&nbsp;v\u00edc.<\/p>\n\n\n\n<h2 class=\"wp-block-heading\"><strong>Coco Chanel \u2013 dvoubarevn\u00e9 lodi\u010dky<\/strong><\/h2>\n\n\n\n<p>Ikonick\u00e1 francouzsk\u00e1 m\u00f3dn\u00ed n\u00e1vrh\u00e1\u0159ka a podnikatelka, zakladatelka zna\u010dky Chanel. Zaj\u00edmavost\u00ed je, \u017ee jej\u00edm rodn\u00fdm jm\u00e9nem bylo Gabrielle Chasnel \u2013 n\u00e1zev sv\u00e9 zna\u010dky si tedy jemn\u011b upravila. Do d\u00e1msk\u00e9 m\u00f3dy p\u0159inesla progresivn\u00ed prvky, jako byly jednoduch\u00e9 kost\u00fdmy se sukn\u00ed nebo kalhotami, a z nen\u00e1padn\u00e9 d\u00edvky z chud\u00fdch pom\u011br\u016f se vypracovala v \u017eenu, kter\u00e1 dodnes pat\u0159\u00ed mezi nejv\u00fdznamn\u011bj\u0161\u00ed postavy sv\u011bta m\u00f3dy i podnik\u00e1n\u00ed. V dob\u011b, kdy \u017eeny podnikaly jen v\u00fdjime\u010dn\u011b, to byl v\u00fdjime\u010dn\u00fd po\u010din.<\/p>\n\n\n\n<p>Krom\u011b jedine\u010dn\u00e9ho stylu obl\u00e9k\u00e1n\u00ed jsou pro ni typick\u00e9 i boty, kter\u00e9 nosila prakticky denn\u011b. Nej\u010dast\u011bji obouvala ikonick\u00e9 b\u00e9\u017eovo-\u010dern\u00e9 slingback <a href=\"https:\/\/ccc.eu\/cz\/cs\/c\/damske\/boty\/lodicky\">lodi\u010dky s n\u00edzk\u00fdm podpatkem<\/a>, kter\u00e9 sama navrhla v 50. letech. Tento model se stal synonymem francouzsk\u00e9 elegance a Chanel o nich prohl\u00e1sila, \u017ee jsou to \u201eboty, kter\u00e9 zkracuj\u00ed nohu, ale prodlu\u017euj\u00ed postavu\u201c.<\/p>\n\n\n<shortcode prop-load-num=\"12\" prop-display-num=\"4\" prop-sku=\"5903698302041, 5903419782145, 5903419651427, 5903419927423, 5903698112282\" prop-view=\"slider\"><\/shortcode>        <div\r\n            class=\"eob-pf-shortcode\"\r\n            id=\"eobpf69f2194e2a1c2\"\r\n        >\r\n            <shortcode prop-load-num=\"12\" prop-display-num=\"4\" prop-sku=\"5903698302041, 5903419782145, 5903419651427, 5903419927423, 5903698112282\" prop-view=\"slider\"><\/shortcode>        <\/div>\r\n\t\t<script>\r\n\t\t\tjQuery(document).ready(() => {\r\n\t\t\t    const root = document.getElementById('eobpf69f2194e2a1c2');\r\n                Vue.createApp({\r\n\t                components: {\r\n\t                    shortcode\r\n\t                }\r\n                }).mount(root);\r\n\t\t\t});\r\n\t\t<\/script>\r\n\t\t\r\n\t\t\n\n\n\n<p><\/p>\n\n\n\n<h2 class=\"wp-block-heading\"><strong>Obl\u00edben\u00e1 obuv<\/strong> <strong>Audrey Hepburn? \u2013 baler\u00ednky<\/strong><\/h2>\n\n\n\n<p>Audrey Kathleen Hepburn byla britsk\u00e1 here\u010dka, m\u00f3dn\u00ed ikona a filantropka, kter\u00e1 z\u00e1rove\u0148 p\u016fsobila jako ambasadorka dobr\u00e9 v\u016fle organizace UNICEF. Ne\u00fanavn\u011b bojovala za pr\u00e1va d\u011bt\u00ed \u2013 a mo\u017en\u00e1 i proto pot\u0159ebovala m\u00edt na nohou obuv, kter\u00e1 j\u00ed umo\u017en\u00ed voln\u00fd pohyb. Jako ambasadorka toti\u017e nejen vystupovala p\u0159ed m\u00e9dii, ale tak\u00e9 cestovala p\u0159\u00edmo do ter\u00e9nu. Nav\u0161t\u00edvila d\u011bti v Etiopii, Venezuele, Turecku, Ekv\u00e1doru, Guatemale, Hondurasu, Indii, Vietnamu i Thajsku.<\/p>\n\n\n\n<p>Audrey Hepburn proslavila jednoduch\u00e9 ploch\u00e9 <a href=\"https:\/\/ccc.eu\/cz\/cs\/c\/damske\/boty\/baleriny\">baler\u00ednky<\/a>. Nosila je v soukrom\u00ed i na filmov\u00e9m pl\u00e1tn\u011b, a staly se tak jej\u00edm typick\u00fdm pozn\u00e1vac\u00edm znakem.<\/p>\n\n\n<shortcode prop-load-num=\"12\" prop-display-num=\"4\" prop-sku=\"5906751231012, 5906751231678, 5903419785238, 5904862330488\" prop-view=\"slider\"><\/shortcode>        <div\r\n            class=\"eob-pf-shortcode\"\r\n            id=\"eobpf69f2194e2a2c6\"\r\n        >\r\n            <shortcode prop-load-num=\"12\" prop-display-num=\"4\" prop-sku=\"5906751231012, 5906751231678, 5903419785238, 5904862330488\" prop-view=\"slider\"><\/shortcode>        <\/div>\r\n\t\t<script>\r\n\t\t\tjQuery(document).ready(() => {\r\n\t\t\t    const root = document.getElementById('eobpf69f2194e2a2c6');\r\n                Vue.createApp({\r\n\t                components: {\r\n\t                    shortcode\r\n\t                }\r\n                }).mount(root);\r\n\t\t\t});\r\n\t\t<\/script>\r\n\t\t\r\n\t\t\n\n\n\n<p><\/p>\n\n\n\n<h2 class=\"wp-block-heading\"><strong>Kr\u00e1lovna Al\u017eb\u011bta II. \u2013 klasick\u00e9 n\u00edzk\u00e9 lodi\u010dky<\/strong><\/h2>\n\n\n\n<p>Britsk\u00e1 kr\u00e1lovna Al\u017eb\u011bta II. nosila po cel\u00fd \u017eivot prakticky stejn\u00fd model \u010dern\u00fdch lodi\u010dek s n\u00edzk\u00fdm podpatkem. Pohodln\u00e9, elegantn\u00ed, ale nijak vyz\u00fdvav\u00e9 ani p\u0159ehnan\u011b extravagantn\u00ed. P\u0159esn\u011b takov\u00e9, jako je britsk\u00e1 kr\u00e1lovsk\u00e1 rodina \u2013 naprosto elegantn\u00ed a ur\u010duj\u00edc\u00ed trendy, ale nikdy ok\u00e1zale nebo \u201ek\u0159iklav\u011b\u201c.<\/p>\n\n\n\n<p>Jen v\u00fdjime\u010dn\u011b, p\u0159i zvl\u00e1\u0161tn\u00edch p\u0159\u00edle\u017eitostech, s\u00e1hla po jin\u00e9 obuvi. Nap\u0159\u00edklad po st\u0159\u00edbrn\u00fdch lodi\u010dk\u00e1ch, koza\u010dk\u00e1ch, jezdeck\u00fdch bot\u00e1ch nebo polobotk\u00e1ch\u2026<br>Jej\u00ed dominantn\u00ed styl v\u0161ak v\u017edy reprezentovaly pr\u00e1v\u011b pohodln\u00e9 <a href=\"https:\/\/ccc.eu\/cz\/cs\/c\/damske\/boty\/lodicky\">lodi\u010dky na n\u00edzk\u00e9m podpatku<\/a>, kter\u00e9 za ni dokonce roz\u0161lap\u00e1valy asistentky, aby byly pohodln\u00e9 hned od prvn\u00edho obut\u00ed. To bychom ur\u010dit\u011b ocenily i my, co \u0159\u00edk\u00e1te?<\/p>\n\n\n<shortcode prop-load-num=\"12\" prop-display-num=\"4\" prop-sku=\"5903419927447, 5903698678108, 5905588402992, 5905588561705, 5905588891321\" prop-view=\"slider\"><\/shortcode>        <div\r\n            class=\"eob-pf-shortcode\"\r\n            id=\"eobpf69f2194e2a2ff\"\r\n        >\r\n            <shortcode prop-load-num=\"12\" prop-display-num=\"4\" prop-sku=\"5903419927447, 5903698678108, 5905588402992, 5905588561705, 5905588891321\" prop-view=\"slider\"><\/shortcode>        <\/div>\r\n\t\t<script>\r\n\t\t\tjQuery(document).ready(() => {\r\n\t\t\t    const root = document.getElementById('eobpf69f2194e2a2ff');\r\n                Vue.createApp({\r\n\t                components: {\r\n\t                    shortcode\r\n\t                }\r\n                }).mount(root);\r\n\t\t\t});\r\n\t\t<\/script>\r\n\t\t\r\n\t\t\n\n\n\n<p><\/p>\n\n\n\n<h2 class=\"wp-block-heading\"><strong>Obl\u00edben\u00e1 obuv<\/strong> <strong>Margaret Thatcher? \u2013 \u010dern\u00e9 lodi\u010dky<\/strong><\/h2>\n\n\n\n<p>\u017delezn\u00e1 lady, jak ji mnoz\u00ed naz\u00fdvali, m\u011bla konzervativn\u00ed styl. Pravd\u011bpodobn\u011b to souviselo i s t\u00edm, \u017ee necht\u011bla sv\u00e9 okol\u00ed, kter\u00e9 tvo\u0159ili p\u0159edev\u0161\u00edm mu\u017ei, rozptylovat svou \u017eenskost\u00ed. To, \u017ee se stala politi\u010dkou, p\u0159edsedkyn\u00ed britsk\u00e9 vl\u00e1dy a tak\u00e9 Konzervativn\u00ed strany, nebylo v\u016fbec samoz\u0159ejm\u00e9 a ur\u010dit\u011b od n\u00ed vy\u017eadovalo mnoho, aby dok\u00e1zala \u010delit v\u0161udyp\u0159\u00edtomn\u00e9 mu\u017esk\u00e9 energii. Mimochodem, za\u010d\u00ednala v komun\u00e1ln\u00ed politice, ale byla tak\u00e9 ministryn\u00ed \u0161kolstv\u00ed. Pro\u0161la si opravdu hodn\u011b, prosazovala konzervativn\u00ed hodnoty, omezen\u00ed imigrace a silnou a samostatnou zahrani\u010dn\u00ed politiku.<\/p>\n\n\n\n<p>K tomu samoz\u0159ejm\u011b pot\u0159ebovala outfity, kter\u00e9 j\u00ed nebudou p\u0159ek\u00e1\u017eet, ba naopak. Pot\u0159ebovala ale i vizu\u00e1ln\u011b vyvolat dojem, \u017ee nen\u00ed \u201em\u011bkk\u00e1\u201c a \u017ee si k n\u00ed nikdo nem\u016f\u017ee dovolit cokoliv. Britsk\u00e1 premi\u00e9rka byla zn\u00e1m\u00e1 no\u0161en\u00edm jednoduch\u00fdch, v\u011bt\u0161inou \u010dern\u00fdch lodi\u010dek se <a href=\"https:\/\/ccc.eu\/cz\/cs\/c\/damske\/boty\/lodicky\/vyska_podpatku:4___6_cm-6___8_cm\/barva:cerna\">st\u0159edn\u00edm podpatkem<\/a>.<\/p>\n\n\n<shortcode prop-load-num=\"12\" prop-display-num=\"4\" prop-sku=\"5906751250099, 2230083218100, 5903698599250, 5905588767299, 5905588739647\" prop-view=\"slider\"><\/shortcode>        <div\r\n            class=\"eob-pf-shortcode\"\r\n            id=\"eobpf69f2194e2a329\"\r\n        >\r\n            <shortcode prop-load-num=\"12\" prop-display-num=\"4\" prop-sku=\"5906751250099, 2230083218100, 5903698599250, 5905588767299, 5905588739647\" prop-view=\"slider\"><\/shortcode>        <\/div>\r\n\t\t<script>\r\n\t\t\tjQuery(document).ready(() => {\r\n\t\t\t    const root = document.getElementById('eobpf69f2194e2a329');\r\n                Vue.createApp({\r\n\t                components: {\r\n\t                    shortcode\r\n\t                }\r\n                }).mount(root);\r\n\t\t\t});\r\n\t\t<\/script>\r\n\t\t\r\n\t\t\n\n\n\n<p><\/p>\n\n\n\n<h2 class=\"wp-block-heading\"><strong>A co obuv<\/strong> <strong>Imeldy Marcos? \u2013 vysok\u00e9 lodi\u010dky<\/strong><\/h2>\n\n\n\n<p>B\u00fdval\u00e1 prvn\u00ed d\u00e1ma Filip\u00edn se stala symbolem obsesivn\u00edho vztahu k obuvi \u2013 vlastnila p\u0159es 3 000 p\u00e1r\u016f (!), p\u0159ev\u00e1\u017en\u011b \u0161lo o klasick\u00e9 lodi\u010dky na podpatku. Zde se kone\u010dn\u011b setk\u00e1v\u00e1me s v\u011bt\u0161\u00ed barevnost\u00ed, ale ne n\u011bjakou ok\u00e1zalou. Preferovala b\u00edl\u00e9, b\u00e9\u017eov\u00e9, st\u0159\u00edbrn\u00e9, \u010dern\u00e9 a ob\u010das i \u010derven\u00e9 kousky. Variovala tak\u00e9 designy \u2013 n\u011bkdy vsadila na uzav\u0159enou \u0161pi\u010dku, jindy naopak na otev\u0159enou, stejn\u011b tak to bylo i s podpatkem. Mo\u017en\u00e1 to souvis\u00ed i s t\u00edm, \u017ee p\u016fvodn\u011b pracovala jako zp\u011bva\u010dka a modelka, ne\u017e se jej\u00ed man\u017eel stal prezidentem a ona tak po jeho boku reprezentovala filip\u00ednsk\u00fd lid.<\/p>\n\n\n\n<p>Zaj\u00edmavost\u00ed je, \u017ee si tolik bot mohla ur\u010dit\u011b dovolit i proto, \u017ee byla velmi bohat\u00e1, kv\u016fli \u010demu\u017e museli kv\u016fli odporu lid\u00ed z Filip\u00edn (kte\u0159\u00ed takov\u00fd dostatek rozhodn\u011b nem\u011bli a nemaj\u00ed) dokonce ut\u00e9ct a n\u011bjakou dobu se skr\u00fdvali na Havaji, kde man\u017eel zem\u0159el. Imelda se vr\u00e1tila dom\u016f a m\u011bla politick\u00e9 ambice, kter\u00e9 se j\u00ed poda\u0159ilo \u2013 ale jen \u010d\u00e1ste\u010dn\u011b a v mal\u00e9m \u2013 naplnit. Jej\u00ed image byl neodd\u011bliteln\u011b spojen\u00fd se \u201elodi\u010dkov\u00fdm\u201c stylem. Dnes je j\u00ed u\u017e 96 let, tak\u017ee se to mo\u017en\u00e1 u\u017e jemn\u011b zm\u011bnilo.<\/p>\n\n\n<shortcode prop-load-num=\"12\" prop-display-num=\"4\" prop-sku=\"5906751250372, 5906751341063, 5906751065273, 5906751341193\" prop-view=\"slider\"><\/shortcode>        <div\r\n            class=\"eob-pf-shortcode\"\r\n            id=\"eobpf69f2194e2a34d\"\r\n        >\r\n            <shortcode prop-load-num=\"12\" prop-display-num=\"4\" prop-sku=\"5906751250372, 5906751341063, 5906751065273, 5906751341193\" prop-view=\"slider\"><\/shortcode>        <\/div>\r\n\t\t<script>\r\n\t\t\tjQuery(document).ready(() => {\r\n\t\t\t    const root = document.getElementById('eobpf69f2194e2a34d');\r\n                Vue.createApp({\r\n\t                components: {\r\n\t                    shortcode\r\n\t                }\r\n                }).mount(root);\r\n\t\t\t});\r\n\t\t<\/script>\r\n\t\t\r\n\t\t\n\n\n\n<p><\/p>\n\n\n\n<h2 class=\"wp-block-heading\"><strong>Anna Wintour \u2013 sand\u00e1le<\/strong><\/h2>\n\n\n\n<p>Dnes u\u017e 75let\u00e1 legend\u00e1rn\u00ed \u0161\u00e9fredaktorka m\u00f3dn\u00edho magaz\u00ednu Vogue nos\u00ed prakticky jedin\u00fd model \u2013 b\u00e9\u017eovo-r\u016f\u017eov\u00e9 <a href=\"https:\/\/ccc.eu\/cz\/cs\/c\/damske\/boty\/sandaly\/vyska_podpatku:0___2_cm-2___4_cm\">sand\u00e1ly s n\u00edzk\u00fdm podpatkem<\/a>. Objevuj\u00ed se na n\u00ed od 90. let a\u017e dodnes. Pan\u00ed Wintour je \u010dasto ozna\u010dov\u00e1na za nejvlivn\u011bj\u0161\u00ed \u017eenu m\u00f3dn\u00edho pr\u016fmyslu a zaj\u00edmavost\u00ed je, \u017ee toto l\u00e9to ozn\u00e1mila, \u017ee u\u017e m\u00e1 chu\u0165 z pozice \u0161\u00e9fredaktorky odej\u00edt. V jej\u00edm v\u011bku j\u00ed to asi lze odpustit.<\/p>\n\n\n\n<p>Sand\u00e1ly na podpatku v\u0161ak miluje dodnes a nemohu si nev\u0161imnout, \u017ee jako absolutn\u00ed znalkyn\u011b \u017eensk\u00e9 m\u00f3dy je vn\u00edm\u00e1na jako m\u00f3dn\u00ed ikona a trendsetterka i ve sv\u00e9m sou\u010dasn\u00e9m v\u011bku. Pr\u00e1v\u011b botami dok\u00e1\u017ee dokonale podtrhnout svou \u017eenskost, jemnost, m\u00edrnou v\u00fdst\u0159ednost, ale z\u00e1rove\u0148 st\u00e1le eleganci. Tento styl obuvi najdete i v kamenn\u00fdch prodejn\u00e1ch CCC a v e-shopu.<\/p>\n\n\n<shortcode prop-load-num=\"12\" prop-display-num=\"4\" prop-sku=\"5903698711058, 5904862875200, 5906751037478, 5906751116692\" prop-view=\"slider\"><\/shortcode>        <div\r\n            class=\"eob-pf-shortcode\"\r\n            id=\"eobpf69f2194e2a370\"\r\n        >\r\n            <shortcode prop-load-num=\"12\" prop-display-num=\"4\" prop-sku=\"5903698711058, 5904862875200, 5906751037478, 5906751116692\" prop-view=\"slider\"><\/shortcode>        <\/div>\r\n\t\t<script>\r\n\t\t\tjQuery(document).ready(() => {\r\n\t\t\t    const root = document.getElementById('eobpf69f2194e2a370');\r\n                Vue.createApp({\r\n\t                components: {\r\n\t                    shortcode\r\n\t                }\r\n                }).mount(root);\r\n\t\t\t});\r\n\t\t<\/script>\r\n\t\t\r\n\t\t\n\n\n\n<p><\/p>\n\n\n\n<h2 class=\"wp-block-heading\"><strong>Angela Merkelov\u00e1 \u2013 klasick\u00e9 n\u00edzk\u00e9 \u010dern\u00e9 polobotky<\/strong><\/h2>\n\n\n\n<p>A tady m\u00e1me zase d\u00e1mu z jin\u00e9ho ne\u017e m\u00f3dn\u00edho byznysu, kter\u00e1 preferuje konzervativn\u00ed styl. Magazin Forbes ji opakovan\u011b ozna\u010dil za nejsiln\u011bj\u0161\u00ed \u017eenu sv\u011bta, a v roce 2012 dokonce za druhou nejsiln\u011bj\u0161\u00ed osobu na planet\u011b, co\u017e p\u0159edstavovalo historicky nejvy\u0161\u0161\u00ed postaven\u00ed \u017eeny. P\u016fvodn\u011b v\u0161ak byla v\u011bdkyn\u00ed a v\u011bnovala se kvantov\u00e9 chemii, co\u017e o n\u00ed nev\u00ed ka\u017ed\u00fd.<\/p>\n\n\n\n<p>Jej\u00ed m\u00f3dn\u00ed styl rozhodn\u011b souvis\u00ed jak s politickou kari\u00e9rou, tak i s \u010dasem str\u00e1ven\u00fdm v laborato\u0159\u00edch, kde prostor pro n\u011bjak\u00e9 m\u00f3dn\u00ed v\u00fdst\u0159elky ur\u010dit\u011b nebyl. N\u011bmeck\u00e1 kancl\u00e9\u0159ka je zn\u00e1m\u00e1 konzistentn\u00edm vkusem na obuv \u2013 hlavn\u00ed roli u n\u00ed hraj\u00ed n\u00edzk\u00e9 <a href=\"https:\/\/ccc.eu\/cz\/cs\/c\/damske\/boty\/polobotky\">polobotky<\/a>. Proto\u017ee se nikdy nesna\u017eila tento image nijak m\u011bnit, staly se polobotky na n\u00edzk\u00e9m podpatku jej\u00edm pozn\u00e1vac\u00edm znamen\u00edm.<\/p>\n\n\n<shortcode prop-load-num=\"12\" prop-display-num=\"4\" prop-sku=\"5906751326824, 5903698045955, 5903698104959, 5903698045955, 5905588366225\" prop-view=\"slider\"><\/shortcode>        <div\r\n            class=\"eob-pf-shortcode\"\r\n            id=\"eobpf69f2194e2a391\"\r\n        >\r\n            <shortcode prop-load-num=\"12\" prop-display-num=\"4\" prop-sku=\"5906751326824, 5903698045955, 5903698104959, 5903698045955, 5905588366225\" prop-view=\"slider\"><\/shortcode>        <\/div>\r\n\t\t<script>\r\n\t\t\tjQuery(document).ready(() => {\r\n\t\t\t    const root = document.getElementById('eobpf69f2194e2a391');\r\n                Vue.createApp({\r\n\t                components: {\r\n\t                    shortcode\r\n\t                }\r\n                }).mount(root);\r\n\t\t\t});\r\n\t\t<\/script>\r\n\t\t\r\n\t\t\n\n\n\n<p><\/p>\n\n\n\n<p>Kter\u00fd z t\u011bchto styl\u016f je v\u00e1m nejbli\u017e\u0161\u00ed? Mus\u00edm p\u0159iznat, \u017ee \u010d\u00edm jsem star\u0161\u00ed, t\u00edm v\u00edce taky inklinuji k jednomu stylu, ale tak vyhran\u011bn\u00e1, jako v\u00fd\u0161e zm\u00edn\u011bn\u00e9 d\u00e1my, rozhodn\u011b nejsem. A\u0165 u\u017e v jak\u00fdchkoli bot\u00e1ch \u2013 u\u017e\u00edvejte si ty kr\u00e1sn\u00e9 podzimn\u00ed dny!<\/p>\n\n\n\n<p><\/p>\n\n\n\n<div class=\"wp-block-buttons is-content-justification-center is-layout-flex wp-container-core-buttons-is-layout-16018d1d wp-block-buttons-is-layout-flex\">\n<div class=\"wp-block-button is-style-fill\"><a class=\"wp-block-button__link has-custom-font-size wp-element-button\" href=\"https:\/\/ccc.eu\/cz\/damske\/boty\/polobotky\" style=\"border-radius:0px;font-size:15px\">Objevit celou nab\u00eddku d\u00e1mskych polobotek v CCC<\/a><\/div>\n<\/div>\n","protected":false},"excerpt":{"rendered":"<p>Blog p\u0159edstavuje slavn\u00e9 \u017eeny, kter\u00e9 prom\u011bnily obuv ve svou osobn\u00ed uniformu. Od Coco Chanel po Angelu Merkelovou ukazuje, jak jeden styl bot dok\u00e1\u017ee vyj\u00e1d\u0159it osobnost, s\u00edlu i eleganci.<\/p>\n","protected":false},"author":24,"featured_media":8123,"comment_status":"open","ping_status":"open","sticky":false,"template":"","format":"standard","meta":{"_acf_changed":false,"footnotes":""},"categories":[4],"tags":[614,609],"class_list":["post-8121","post","type-post","status-publish","format-standard","has-post-thumbnail","hentry","category-modni-tipy","tag-lodicky-2","tag-lodicky-na-podpatku"],"acf":[],"yoast_head":"<!-- This site is optimized with the Yoast SEO plugin v26.9 - https:\/\/yoast.com\/product\/yoast-seo-wordpress\/ -->\n<title>\u017deny, kter\u00e9 prom\u011bnily obuv ve svou uniformu.<\/title>\n<meta name=\"description\" content=\"Objevte \u017eeny, kter\u00e9 prom\u011bnily obuv ve svou uniformu. Inspirujte se jejich stylem \u2013 od ikonick\u00e9 Chanel po modern\u00ed Merkelovou. 2026\" \/>\n<meta name=\"robots\" content=\"index, follow, max-snippet:-1, max-image-preview:large, max-video-preview:-1\" \/>\n<link rel=\"canonical\" href=\"https:\/\/blog.ccc.eu\/cz\/zeny-ktere-promeny-obuv-ve-svou-uniformu\/\" \/>\n<meta property=\"og:locale\" content=\"cs_CZ\" \/>\n<meta property=\"og:type\" content=\"article\" \/>\n<meta property=\"og:title\" content=\"\u017deny, kter\u00e9 prom\u011bnily obuv ve svou uniformu.\" \/>\n<meta property=\"og:description\" content=\"Objevte \u017eeny, kter\u00e9 prom\u011bnily obuv ve svou uniformu. Inspirujte se jejich stylem \u2013 od ikonick\u00e9 Chanel po modern\u00ed Merkelovou.\" \/>\n<meta property=\"og:url\" content=\"https:\/\/blog.ccc.eu\/cz\/zeny-ktere-promeny-obuv-ve-svou-uniformu\/\" \/>\n<meta property=\"og:site_name\" content=\"blog.ccc.eu\/cz\" \/>\n<meta property=\"article:published_time\" content=\"2025-10-06T13:04:53+00:00\" \/>\n<meta property=\"article:modified_time\" content=\"2025-11-13T10:29:08+00:00\" \/>\n<meta property=\"og:image\" content=\"https:\/\/blog.ccc.eu\/cz\/wp-content\/uploads\/2025\/10\/CCC_5905588565079_04.jpg\" \/>\n\t<meta property=\"og:image:width\" content=\"876\" \/>\n\t<meta property=\"og:image:height\" content=\"1314\" \/>\n\t<meta property=\"og:image:type\" content=\"image\/jpeg\" \/>\n<meta name=\"author\" content=\"Kaja\" \/>\n<meta name=\"twitter:card\" content=\"summary_large_image\" \/>\n<meta name=\"twitter:label1\" content=\"Napsal(a)\" \/>\n\t<meta name=\"twitter:data1\" content=\"Kaja\" \/>\n\t<meta name=\"twitter:label2\" content=\"Odhadovan\u00e1 doba \u010dten\u00ed\" \/>\n\t<meta name=\"twitter:data2\" content=\"7 minut\" \/>\n<script type=\"application\/ld+json\" class=\"yoast-schema-graph\">{\"@context\":\"https:\/\/schema.org\",\"@graph\":[{\"@type\":\"Article\",\"@id\":\"https:\/\/blog.ccc.eu\/cz\/zeny-ktere-promeny-obuv-ve-svou-uniformu\/#article\",\"isPartOf\":{\"@id\":\"https:\/\/blog.ccc.eu\/cz\/zeny-ktere-promeny-obuv-ve-svou-uniformu\/\"},\"author\":{\"name\":\"Kaja\",\"@id\":\"https:\/\/blog.ccc.eu\/cz\/#\/schema\/person\/f21bfa7ed9e08fb4b5b823707bdde059\"},\"headline\":\"\u017deny, kter\u00e9 prom\u011bnily obuv ve svou uniformu\",\"datePublished\":\"2025-10-06T13:04:53+00:00\",\"dateModified\":\"2025-11-13T10:29:08+00:00\",\"mainEntityOfPage\":{\"@id\":\"https:\/\/blog.ccc.eu\/cz\/zeny-ktere-promeny-obuv-ve-svou-uniformu\/\"},\"wordCount\":1442,\"commentCount\":0,\"publisher\":{\"@id\":\"https:\/\/blog.ccc.eu\/cz\/#organization\"},\"image\":{\"@id\":\"https:\/\/blog.ccc.eu\/cz\/zeny-ktere-promeny-obuv-ve-svou-uniformu\/#primaryimage\"},\"thumbnailUrl\":\"https:\/\/blog.ccc.eu\/cz\/wp-content\/uploads\/2025\/10\/CCC_5905588565079_04.jpg\",\"keywords\":[\"Lodi\u010dky\",\"lodi\u010dky na podpatku\"],\"articleSection\":[\"M\u00d3DN\u00cd TIPY\"],\"inLanguage\":\"cs\",\"potentialAction\":[{\"@type\":\"CommentAction\",\"name\":\"Comment\",\"target\":[\"https:\/\/blog.ccc.eu\/cz\/zeny-ktere-promeny-obuv-ve-svou-uniformu\/#respond\"]}]},{\"@type\":\"WebPage\",\"@id\":\"https:\/\/blog.ccc.eu\/cz\/zeny-ktere-promeny-obuv-ve-svou-uniformu\/\",\"url\":\"https:\/\/blog.ccc.eu\/cz\/zeny-ktere-promeny-obuv-ve-svou-uniformu\/\",\"name\":\"\u017deny, kter\u00e9 prom\u011bnily obuv ve svou uniformu.\",\"isPartOf\":{\"@id\":\"https:\/\/blog.ccc.eu\/cz\/#website\"},\"primaryImageOfPage\":{\"@id\":\"https:\/\/blog.ccc.eu\/cz\/zeny-ktere-promeny-obuv-ve-svou-uniformu\/#primaryimage\"},\"image\":{\"@id\":\"https:\/\/blog.ccc.eu\/cz\/zeny-ktere-promeny-obuv-ve-svou-uniformu\/#primaryimage\"},\"thumbnailUrl\":\"https:\/\/blog.ccc.eu\/cz\/wp-content\/uploads\/2025\/10\/CCC_5905588565079_04.jpg\",\"datePublished\":\"2025-10-06T13:04:53+00:00\",\"dateModified\":\"2025-11-13T10:29:08+00:00\",\"description\":\"Objevte \u017eeny, kter\u00e9 prom\u011bnily obuv ve svou uniformu. Inspirujte se jejich stylem \u2013 od ikonick\u00e9 Chanel po modern\u00ed Merkelovou.\",\"breadcrumb\":{\"@id\":\"https:\/\/blog.ccc.eu\/cz\/zeny-ktere-promeny-obuv-ve-svou-uniformu\/#breadcrumb\"},\"inLanguage\":\"cs\",\"potentialAction\":[{\"@type\":\"ReadAction\",\"target\":[\"https:\/\/blog.ccc.eu\/cz\/zeny-ktere-promeny-obuv-ve-svou-uniformu\/\"]}]},{\"@type\":\"ImageObject\",\"inLanguage\":\"cs\",\"@id\":\"https:\/\/blog.ccc.eu\/cz\/zeny-ktere-promeny-obuv-ve-svou-uniformu\/#primaryimage\",\"url\":\"https:\/\/blog.ccc.eu\/cz\/wp-content\/uploads\/2025\/10\/CCC_5905588565079_04.jpg\",\"contentUrl\":\"https:\/\/blog.ccc.eu\/cz\/wp-content\/uploads\/2025\/10\/CCC_5905588565079_04.jpg\",\"width\":876,\"height\":1314,\"caption\":\"top\u00e1nky\"},{\"@type\":\"BreadcrumbList\",\"@id\":\"https:\/\/blog.ccc.eu\/cz\/zeny-ktere-promeny-obuv-ve-svou-uniformu\/#breadcrumb\",\"itemListElement\":[{\"@type\":\"ListItem\",\"position\":1,\"name\":\"Strona g\u0142\u00f3wna\",\"item\":\"https:\/\/blog.ccc.eu\/cz\/\"},{\"@type\":\"ListItem\",\"position\":2,\"name\":\"\u017deny, kter\u00e9 prom\u011bnily obuv ve svou uniformu\"}]},{\"@type\":\"WebSite\",\"@id\":\"https:\/\/blog.ccc.eu\/cz\/#website\",\"url\":\"https:\/\/blog.ccc.eu\/cz\/\",\"name\":\"blog.ccc.eu\/cz\",\"description\":\"Va\u0161e m\u00edsto pln\u00e9 m\u00f3dn\u00edch inspirac\u00ed\",\"publisher\":{\"@id\":\"https:\/\/blog.ccc.eu\/cz\/#organization\"},\"potentialAction\":[{\"@type\":\"SearchAction\",\"target\":{\"@type\":\"EntryPoint\",\"urlTemplate\":\"https:\/\/blog.ccc.eu\/cz\/?s={search_term_string}\"},\"query-input\":{\"@type\":\"PropertyValueSpecification\",\"valueRequired\":true,\"valueName\":\"search_term_string\"}}],\"inLanguage\":\"cs\"},{\"@type\":\"Organization\",\"@id\":\"https:\/\/blog.ccc.eu\/cz\/#organization\",\"name\":\"CCC S.A.\",\"url\":\"https:\/\/blog.ccc.eu\/cz\/\",\"logo\":{\"@type\":\"ImageObject\",\"inLanguage\":\"cs\",\"@id\":\"https:\/\/blog.ccc.eu\/cz\/#\/schema\/logo\/image\/\",\"url\":\"https:\/\/blog.ccc.eu\/cz\/wp-content\/uploads\/2021\/11\/logo_ccc.png\",\"contentUrl\":\"https:\/\/blog.ccc.eu\/cz\/wp-content\/uploads\/2021\/11\/logo_ccc.png\",\"width\":730,\"height\":270,\"caption\":\"CCC S.A.\"},\"image\":{\"@id\":\"https:\/\/blog.ccc.eu\/cz\/#\/schema\/logo\/image\/\"}},{\"@type\":\"Person\",\"@id\":\"https:\/\/blog.ccc.eu\/cz\/#\/schema\/person\/f21bfa7ed9e08fb4b5b823707bdde059\",\"name\":\"Kaja\",\"image\":{\"@type\":\"ImageObject\",\"inLanguage\":\"cs\",\"@id\":\"https:\/\/blog.ccc.eu\/cz\/#\/schema\/person\/image\/\",\"url\":\"https:\/\/blog.ccc.eu\/cz\/wp-content\/uploads\/2024\/06\/white-1-300x300-1-100x100.jpg\",\"contentUrl\":\"https:\/\/blog.ccc.eu\/cz\/wp-content\/uploads\/2024\/06\/white-1-300x300-1-100x100.jpg\",\"caption\":\"Kaja\"},\"description\":\"U\u017e od pubert\u00e1ln\u00edch let se v\u011bnuje pr\u00e1ci v m\u00e9di\u00edch a psan\u00ed. Z kon\u00ed\u010dka se stalo \u017eivobyt\u00ed, kter\u00e9 j\u00ed z\u00e1rove\u0148 poskytlo dostatek svobody k tomu, aby mohla pom\u011brn\u011b hodn\u011b cestovat a pozn\u00e1vat sv\u011bt a r\u016fzn\u00e9 kultury. Energii j\u00ed dod\u00e1v\u00e1 \u010dten\u00ed knih, voda a hudba.\",\"url\":\"https:\/\/blog.ccc.eu\/cz\/author\/perlamakovienka-sk\/\"}]}<\/script>\n<!-- \/ Yoast SEO plugin. -->","yoast_head_json":{"title":"\u017deny, kter\u00e9 prom\u011bnily obuv ve svou uniformu.","description":"Objevte \u017eeny, kter\u00e9 prom\u011bnily obuv ve svou uniformu. Inspirujte se jejich stylem \u2013 od ikonick\u00e9 Chanel po modern\u00ed Merkelovou. 2026","robots":{"index":"index","follow":"follow","max-snippet":"max-snippet:-1","max-image-preview":"max-image-preview:large","max-video-preview":"max-video-preview:-1"},"canonical":"https:\/\/blog.ccc.eu\/cz\/zeny-ktere-promeny-obuv-ve-svou-uniformu\/","og_locale":"cs_CZ","og_type":"article","og_title":"\u017deny, kter\u00e9 prom\u011bnily obuv ve svou uniformu.","og_description":"Objevte \u017eeny, kter\u00e9 prom\u011bnily obuv ve svou uniformu. Inspirujte se jejich stylem \u2013 od ikonick\u00e9 Chanel po modern\u00ed Merkelovou.","og_url":"https:\/\/blog.ccc.eu\/cz\/zeny-ktere-promeny-obuv-ve-svou-uniformu\/","og_site_name":"blog.ccc.eu\/cz","article_published_time":"2025-10-06T13:04:53+00:00","article_modified_time":"2025-11-13T10:29:08+00:00","og_image":[{"width":876,"height":1314,"url":"https:\/\/blog.ccc.eu\/cz\/wp-content\/uploads\/2025\/10\/CCC_5905588565079_04.jpg","type":"image\/jpeg"}],"author":"Kaja","twitter_card":"summary_large_image","twitter_misc":{"Napsal(a)":"Kaja","Odhadovan\u00e1 doba \u010dten\u00ed":"7 minut"},"schema":{"@context":"https:\/\/schema.org","@graph":[{"@type":"Article","@id":"https:\/\/blog.ccc.eu\/cz\/zeny-ktere-promeny-obuv-ve-svou-uniformu\/#article","isPartOf":{"@id":"https:\/\/blog.ccc.eu\/cz\/zeny-ktere-promeny-obuv-ve-svou-uniformu\/"},"author":{"name":"Kaja","@id":"https:\/\/blog.ccc.eu\/cz\/#\/schema\/person\/f21bfa7ed9e08fb4b5b823707bdde059"},"headline":"\u017deny, kter\u00e9 prom\u011bnily obuv ve svou uniformu","datePublished":"2025-10-06T13:04:53+00:00","dateModified":"2025-11-13T10:29:08+00:00","mainEntityOfPage":{"@id":"https:\/\/blog.ccc.eu\/cz\/zeny-ktere-promeny-obuv-ve-svou-uniformu\/"},"wordCount":1442,"commentCount":0,"publisher":{"@id":"https:\/\/blog.ccc.eu\/cz\/#organization"},"image":{"@id":"https:\/\/blog.ccc.eu\/cz\/zeny-ktere-promeny-obuv-ve-svou-uniformu\/#primaryimage"},"thumbnailUrl":"https:\/\/blog.ccc.eu\/cz\/wp-content\/uploads\/2025\/10\/CCC_5905588565079_04.jpg","keywords":["Lodi\u010dky","lodi\u010dky na podpatku"],"articleSection":["M\u00d3DN\u00cd TIPY"],"inLanguage":"cs","potentialAction":[{"@type":"CommentAction","name":"Comment","target":["https:\/\/blog.ccc.eu\/cz\/zeny-ktere-promeny-obuv-ve-svou-uniformu\/#respond"]}]},{"@type":"WebPage","@id":"https:\/\/blog.ccc.eu\/cz\/zeny-ktere-promeny-obuv-ve-svou-uniformu\/","url":"https:\/\/blog.ccc.eu\/cz\/zeny-ktere-promeny-obuv-ve-svou-uniformu\/","name":"\u017deny, kter\u00e9 prom\u011bnily obuv ve svou uniformu.","isPartOf":{"@id":"https:\/\/blog.ccc.eu\/cz\/#website"},"primaryImageOfPage":{"@id":"https:\/\/blog.ccc.eu\/cz\/zeny-ktere-promeny-obuv-ve-svou-uniformu\/#primaryimage"},"image":{"@id":"https:\/\/blog.ccc.eu\/cz\/zeny-ktere-promeny-obuv-ve-svou-uniformu\/#primaryimage"},"thumbnailUrl":"https:\/\/blog.ccc.eu\/cz\/wp-content\/uploads\/2025\/10\/CCC_5905588565079_04.jpg","datePublished":"2025-10-06T13:04:53+00:00","dateModified":"2025-11-13T10:29:08+00:00","description":"Objevte \u017eeny, kter\u00e9 prom\u011bnily obuv ve svou uniformu. Inspirujte se jejich stylem \u2013 od ikonick\u00e9 Chanel po modern\u00ed Merkelovou.","breadcrumb":{"@id":"https:\/\/blog.ccc.eu\/cz\/zeny-ktere-promeny-obuv-ve-svou-uniformu\/#breadcrumb"},"inLanguage":"cs","potentialAction":[{"@type":"ReadAction","target":["https:\/\/blog.ccc.eu\/cz\/zeny-ktere-promeny-obuv-ve-svou-uniformu\/"]}]},{"@type":"ImageObject","inLanguage":"cs","@id":"https:\/\/blog.ccc.eu\/cz\/zeny-ktere-promeny-obuv-ve-svou-uniformu\/#primaryimage","url":"https:\/\/blog.ccc.eu\/cz\/wp-content\/uploads\/2025\/10\/CCC_5905588565079_04.jpg","contentUrl":"https:\/\/blog.ccc.eu\/cz\/wp-content\/uploads\/2025\/10\/CCC_5905588565079_04.jpg","width":876,"height":1314,"caption":"top\u00e1nky"},{"@type":"BreadcrumbList","@id":"https:\/\/blog.ccc.eu\/cz\/zeny-ktere-promeny-obuv-ve-svou-uniformu\/#breadcrumb","itemListElement":[{"@type":"ListItem","position":1,"name":"Strona g\u0142\u00f3wna","item":"https:\/\/blog.ccc.eu\/cz\/"},{"@type":"ListItem","position":2,"name":"\u017deny, kter\u00e9 prom\u011bnily obuv ve svou uniformu"}]},{"@type":"WebSite","@id":"https:\/\/blog.ccc.eu\/cz\/#website","url":"https:\/\/blog.ccc.eu\/cz\/","name":"blog.ccc.eu\/cz","description":"Va\u0161e m\u00edsto pln\u00e9 m\u00f3dn\u00edch inspirac\u00ed","publisher":{"@id":"https:\/\/blog.ccc.eu\/cz\/#organization"},"potentialAction":[{"@type":"SearchAction","target":{"@type":"EntryPoint","urlTemplate":"https:\/\/blog.ccc.eu\/cz\/?s={search_term_string}"},"query-input":{"@type":"PropertyValueSpecification","valueRequired":true,"valueName":"search_term_string"}}],"inLanguage":"cs"},{"@type":"Organization","@id":"https:\/\/blog.ccc.eu\/cz\/#organization","name":"CCC S.A.","url":"https:\/\/blog.ccc.eu\/cz\/","logo":{"@type":"ImageObject","inLanguage":"cs","@id":"https:\/\/blog.ccc.eu\/cz\/#\/schema\/logo\/image\/","url":"https:\/\/blog.ccc.eu\/cz\/wp-content\/uploads\/2021\/11\/logo_ccc.png","contentUrl":"https:\/\/blog.ccc.eu\/cz\/wp-content\/uploads\/2021\/11\/logo_ccc.png","width":730,"height":270,"caption":"CCC S.A."},"image":{"@id":"https:\/\/blog.ccc.eu\/cz\/#\/schema\/logo\/image\/"}},{"@type":"Person","@id":"https:\/\/blog.ccc.eu\/cz\/#\/schema\/person\/f21bfa7ed9e08fb4b5b823707bdde059","name":"Kaja","image":{"@type":"ImageObject","inLanguage":"cs","@id":"https:\/\/blog.ccc.eu\/cz\/#\/schema\/person\/image\/","url":"https:\/\/blog.ccc.eu\/cz\/wp-content\/uploads\/2024\/06\/white-1-300x300-1-100x100.jpg","contentUrl":"https:\/\/blog.ccc.eu\/cz\/wp-content\/uploads\/2024\/06\/white-1-300x300-1-100x100.jpg","caption":"Kaja"},"description":"U\u017e od pubert\u00e1ln\u00edch let se v\u011bnuje pr\u00e1ci v m\u00e9di\u00edch a psan\u00ed. Z kon\u00ed\u010dka se stalo \u017eivobyt\u00ed, kter\u00e9 j\u00ed z\u00e1rove\u0148 poskytlo dostatek svobody k tomu, aby mohla pom\u011brn\u011b hodn\u011b cestovat a pozn\u00e1vat sv\u011bt a r\u016fzn\u00e9 kultury. Energii j\u00ed dod\u00e1v\u00e1 \u010dten\u00ed knih, voda a hudba.","url":"https:\/\/blog.ccc.eu\/cz\/author\/perlamakovienka-sk\/"}]}},"_links":{"self":[{"href":"https:\/\/blog.ccc.eu\/cz\/wp-json\/wp\/v2\/posts\/8121","targetHints":{"allow":["GET"]}}],"collection":[{"href":"https:\/\/blog.ccc.eu\/cz\/wp-json\/wp\/v2\/posts"}],"about":[{"href":"https:\/\/blog.ccc.eu\/cz\/wp-json\/wp\/v2\/types\/post"}],"author":[{"embeddable":true,"href":"https:\/\/blog.ccc.eu\/cz\/wp-json\/wp\/v2\/users\/24"}],"replies":[{"embeddable":true,"href":"https:\/\/blog.ccc.eu\/cz\/wp-json\/wp\/v2\/comments?post=8121"}],"version-history":[{"count":3,"href":"https:\/\/blog.ccc.eu\/cz\/wp-json\/wp\/v2\/posts\/8121\/revisions"}],"predecessor-version":[{"id":8190,"href":"https:\/\/blog.ccc.eu\/cz\/wp-json\/wp\/v2\/posts\/8121\/revisions\/8190"}],"wp:featuredmedia":[{"embeddable":true,"href":"https:\/\/blog.ccc.eu\/cz\/wp-json\/wp\/v2\/media\/8123"}],"wp:attachment":[{"href":"https:\/\/blog.ccc.eu\/cz\/wp-json\/wp\/v2\/media?parent=8121"}],"wp:term":[{"taxonomy":"category","embeddable":true,"href":"https:\/\/blog.ccc.eu\/cz\/wp-json\/wp\/v2\/categories?post=8121"},{"taxonomy":"post_tag","embeddable":true,"href":"https:\/\/blog.ccc.eu\/cz\/wp-json\/wp\/v2\/tags?post=8121"}],"curies":[{"name":"wp","href":"https:\/\/api.w.org\/{rel}","templated":true}]}}