{"id":8129,"date":"2025-10-24T12:10:59","date_gmt":"2025-10-24T10:10:59","guid":{"rendered":"https:\/\/blog.ccc.eu\/cz\/?p=8129"},"modified":"2025-10-24T12:36:30","modified_gmt":"2025-10-24T10:36:30","slug":"styl-ktery-si-zamilujete","status":"publish","type":"post","link":"https:\/\/blog.ccc.eu\/cz\/styl-ktery-si-zamilujete\/","title":{"rendered":"Styl, kter\u00fd si zamilujete: Zorka Hejdov\u00e1 a jej\u00ed podzimn\u00ed v\u00fdb\u011br z\u00a0CCC"},"content":{"rendered":"\n<p><em><em>Podzim v m\u00f3d\u011b nikdy nen\u00ed jen o vrstven\u00ed a tepl\u00fdch t\u00f3nech \u2013 je to i obdob\u00ed experimentov\u00e1n\u00ed a obnovy \u0161atn\u00edku. A pr\u00e1v\u011b v tomto duchu p\u0159ich\u00e1z\u00ed i nejnov\u011bj\u0161\u00ed kampa\u0148 CCC se zn\u00e1mou moder\u00e1torkou a influencerkou <strong>Zorkou Hejdovou<\/strong>, kter\u00e1 zt\u011bles\u0148uje modern\u00ed \u017eenskost s autentick\u00fdm \u0161armem. Zorka je energick\u00e1, stylov\u00e1 a p\u0159irozen\u00e1. A p\u0159esn\u011b takov\u00e1 je i jej\u00ed volba dopl\u0148k\u016f z nejnov\u011bj\u0161\u00ed kolekce.<\/em><\/em><\/p>\n\n\n\n<div class=\"wp-block-columns is-layout-flex wp-container-core-columns-is-layout-9d6595d7 wp-block-columns-is-layout-flex\">\n<div class=\"wp-block-column is-layout-flow wp-block-column-is-layout-flow\">\n<figure class=\"wp-block-image size-large\"><a href=\"https:\/\/ccc.eu\/cz\/kabelky\/damske-kabelky\/kabelka-badura-ceo-addison-lda8054-bordo\"><img loading=\"lazy\" decoding=\"async\" width=\"1441\" height=\"2560\" src=\"https:\/\/blog.ccc.eu\/cz\/wp-content\/uploads\/2025\/10\/CCC_Zamp_J197159-edited-1-scaled.jpg\" alt=\"\" class=\"wp-image-8147\" srcset=\"https:\/\/blog.ccc.eu\/cz\/wp-content\/uploads\/2025\/10\/CCC_Zamp_J197159-edited-1-scaled.jpg 1441w, https:\/\/blog.ccc.eu\/cz\/wp-content\/uploads\/2025\/10\/CCC_Zamp_J197159-edited-1-169x300.jpg 169w, https:\/\/blog.ccc.eu\/cz\/wp-content\/uploads\/2025\/10\/CCC_Zamp_J197159-edited-1-576x1024.jpg 576w, https:\/\/blog.ccc.eu\/cz\/wp-content\/uploads\/2025\/10\/CCC_Zamp_J197159-edited-1-768x1365.jpg 768w, https:\/\/blog.ccc.eu\/cz\/wp-content\/uploads\/2025\/10\/CCC_Zamp_J197159-edited-1-864x1536.jpg 864w, https:\/\/blog.ccc.eu\/cz\/wp-content\/uploads\/2025\/10\/CCC_Zamp_J197159-edited-1-1152x2048.jpg 1152w, https:\/\/blog.ccc.eu\/cz\/wp-content\/uploads\/2025\/10\/CCC_Zamp_J197159-edited-1-100x178.jpg 100w\" sizes=\"auto, (max-width: 1441px) 100vw, 1441px\" \/><\/a><\/figure>\n<\/div>\n\n\n\n<div class=\"wp-block-column is-layout-flow wp-block-column-is-layout-flow\">\n<figure class=\"wp-block-video\"><video height=\"1920\" style=\"aspect-ratio: 1080 \/ 1920;\" width=\"1080\" autoplay controls loop muted src=\"https:\/\/blog.ccc.eu\/cz\/wp-content\/uploads\/2025\/10\/CCC_Zorka_9-16-1.mp4\"><\/video><\/figure>\n<\/div>\n<\/div>\n\n\n\n<p>Zorku sledujeme nejen na televizn\u00edch obrazovk\u00e1ch, ale i na soci\u00e1ln\u00edch s\u00edt\u00edch, kde si dr\u017e\u00ed konzistentn\u00ed m\u00f3dn\u00ed styl: pohodln\u00fd, ale v\u017edy sofistikovan\u00fd. M\u00f3da pro ni nen\u00ed o tom b\u00fdt za ka\u017edou cenu extravagantn\u00ed \u2013 naopak, klade d\u016fraz na funk\u010dnost, kvalitu a detaily, kter\u00e9 d\u011blaj\u00ed rozd\u00edl. Miluje jednoduch\u00e9 siluety, v\u00fdrazn\u00e9 barvy i textury, kter\u00e9 dod\u00e1vaj\u00ed outfitu charakter. To najdeme i v jej\u00edm v\u00fdb\u011bru \u2013 t\u0159i odli\u0161n\u00e9 n\u00e1lady, kter\u00e9 V\u00e1s p\u0159esv\u011bd\u010d\u00ed, \u017ee podzimn\u00ed styl m\u016f\u017ee b\u00fdt nejen praktick\u00fd, ale i dokonale chic.<\/p>\n\n\n\n<p><strong>Poj\u010fme se na n\u011b spole\u010dn\u011b pod\u00edvat.<\/strong><\/p>\n\n\n\n<p><\/p>\n\n\n<shortcode prop-load-num=\"4\" prop-display-num=\"4\" prop-sku=\"5906751285176, 5903698268781, 5906751281536, 5903419052323, 5906751342121, 5906751025284\" prop-view=\"slider\"><\/shortcode>        <div\r\n            class=\"eob-pf-shortcode\"\r\n            id=\"eobpf69f23c90009e2\"\r\n        >\r\n            <shortcode prop-load-num=\"4\" prop-display-num=\"4\" prop-sku=\"5906751285176, 5903698268781, 5906751281536, 5903419052323, 5906751342121, 5906751025284\" prop-view=\"slider\"><\/shortcode>        <\/div>\r\n\t\t<script>\r\n\t\t\tjQuery(document).ready(() => {\r\n\t\t\t    const root = document.getElementById('eobpf69f23c90009e2');\r\n                Vue.createApp({\r\n\t                components: {\r\n\t                    shortcode\r\n\t                }\r\n                }).mount(root);\r\n\t\t\t});\r\n\t\t<\/script>\r\n\t\t\r\n\t\t\n\n\n\n<p><\/p>\n\n\n\n<h3 class=\"wp-block-heading\"><strong><strong>Elegance v pod\u00e1n\u00ed Gino Rossi<\/strong><\/strong><\/h3>\n\n\n\n<p>Podzim si \u017e\u00e1d\u00e1 hlubok\u00e9 t\u00f3ny a strukturovan\u00e9 tvary \u2013 p\u0159esn\u011b to nab\u00edz\u00ed kabelka <a href=\"https:\/\/ccc.eu\/cz\/kabelky\/damske-kabelky\/kabelka-gino-rossi-ceo-zinna-bordo\"><strong>Zinna<\/strong><\/a> od zna\u010dky <a href=\"https:\/\/ccc.eu\/cz\/znacky\/gino-rossi\"><strong>Gino Rossi<\/strong><\/a>. Jej\u00ed odst\u00edny p\u016fsob\u00ed sofistikovan\u011b a p\u0159itahuj\u00ed pohledy, a\u0165 u\u017e ji vezmete k neutr\u00e1ln\u00edmu kab\u00e1tu nebo pleten\u00fdm \u0161at\u016fm. Zorka si ji obl\u00edbila pro jej\u00ed pevn\u00fd tvar, kovov\u00e9 detaily a v\u00fdrazn\u00fd \u017eensk\u00fd styl, kter\u00fd z n\u00ed d\u011bl\u00e1 ide\u00e1ln\u00ed kabelku do pr\u00e1ce i na ve\u010dern\u00ed akci. K dokonalosti dovedla outfit s vysok\u00fdmi koza\u010dkami <a href=\"https:\/\/ccc.eu\/cz\/damske\/boty\/kozacky\/kozacky-gino-rossi-zanna-9802-cerna\"><strong>Zanna<\/strong><\/a>, kter\u00e9 zaujmou sv\u00fdm jednoduch\u00fdm, ale elegantn\u00edm designem. \u010cern\u00e1 klasika, kter\u00e1 nikdy nezklame. Tento look je d\u016fkazem, \u017ee elegance nemus\u00ed b\u00fdt ok\u00e1zal\u00e1 \u2013 sta\u010d\u00ed kvalitn\u00ed materi\u00e1ly a promy\u0161len\u00fd st\u0159ih.<\/p>\n\n\n\n<div class=\"wp-block-columns is-layout-flex wp-container-core-columns-is-layout-9d6595d7 wp-block-columns-is-layout-flex\">\n<div class=\"wp-block-column is-layout-flow wp-block-column-is-layout-flow\">\n<figure class=\"wp-block-image size-large\"><a href=\"https:\/\/ccc.eu\/cz\/kabelky\/damske-kabelky\/kabelka-gino-rossi-ceo-zinna-bordo\"><img loading=\"lazy\" decoding=\"async\" width=\"819\" height=\"1024\" src=\"https:\/\/blog.ccc.eu\/cz\/wp-content\/uploads\/2025\/10\/CCC_Zamp_J197777-819x1024.jpg\" alt=\"\" class=\"wp-image-8130\" srcset=\"https:\/\/blog.ccc.eu\/cz\/wp-content\/uploads\/2025\/10\/CCC_Zamp_J197777-819x1024.jpg 819w, https:\/\/blog.ccc.eu\/cz\/wp-content\/uploads\/2025\/10\/CCC_Zamp_J197777-240x300.jpg 240w, https:\/\/blog.ccc.eu\/cz\/wp-content\/uploads\/2025\/10\/CCC_Zamp_J197777-768x960.jpg 768w, https:\/\/blog.ccc.eu\/cz\/wp-content\/uploads\/2025\/10\/CCC_Zamp_J197777-1229x1536.jpg 1229w, https:\/\/blog.ccc.eu\/cz\/wp-content\/uploads\/2025\/10\/CCC_Zamp_J197777-1638x2048.jpg 1638w, https:\/\/blog.ccc.eu\/cz\/wp-content\/uploads\/2025\/10\/CCC_Zamp_J197777-100x125.jpg 100w, https:\/\/blog.ccc.eu\/cz\/wp-content\/uploads\/2025\/10\/CCC_Zamp_J197777-scaled.jpg 2048w\" sizes=\"auto, (max-width: 819px) 100vw, 819px\" \/><\/a><\/figure>\n<\/div>\n\n\n\n<div class=\"wp-block-column is-layout-flow wp-block-column-is-layout-flow\">\n<figure class=\"wp-block-image size-large\"><a href=\"https:\/\/ccc.eu\/cz\/damske\/boty\/kozacky\/kozacky-gino-rossi-zanna-9802-cerna\"><img loading=\"lazy\" decoding=\"async\" width=\"819\" height=\"1024\" src=\"https:\/\/blog.ccc.eu\/cz\/wp-content\/uploads\/2025\/10\/CCC_Zamp_J197686-819x1024.jpg\" alt=\"\" class=\"wp-image-8131\" srcset=\"https:\/\/blog.ccc.eu\/cz\/wp-content\/uploads\/2025\/10\/CCC_Zamp_J197686-819x1024.jpg 819w, https:\/\/blog.ccc.eu\/cz\/wp-content\/uploads\/2025\/10\/CCC_Zamp_J197686-240x300.jpg 240w, https:\/\/blog.ccc.eu\/cz\/wp-content\/uploads\/2025\/10\/CCC_Zamp_J197686-768x960.jpg 768w, https:\/\/blog.ccc.eu\/cz\/wp-content\/uploads\/2025\/10\/CCC_Zamp_J197686-1229x1536.jpg 1229w, https:\/\/blog.ccc.eu\/cz\/wp-content\/uploads\/2025\/10\/CCC_Zamp_J197686-1638x2048.jpg 1638w, https:\/\/blog.ccc.eu\/cz\/wp-content\/uploads\/2025\/10\/CCC_Zamp_J197686-100x125.jpg 100w, https:\/\/blog.ccc.eu\/cz\/wp-content\/uploads\/2025\/10\/CCC_Zamp_J197686-scaled.jpg 2048w\" sizes=\"auto, (max-width: 819px) 100vw, 819px\" \/><\/a><\/figure>\n<\/div>\n\n\n\n<div class=\"wp-block-column is-layout-flow wp-block-column-is-layout-flow\">\n<figure class=\"wp-block-image size-large\"><a href=\"https:\/\/ccc.eu\/cz\/damske\/boty\/kozacky\/kozacky-gino-rossi-zanna-9802-cerna\"><img loading=\"lazy\" decoding=\"async\" width=\"819\" height=\"1024\" src=\"https:\/\/blog.ccc.eu\/cz\/wp-content\/uploads\/2025\/10\/CCC_Zamp_J197725-819x1024.jpg\" alt=\"\" class=\"wp-image-8132\" srcset=\"https:\/\/blog.ccc.eu\/cz\/wp-content\/uploads\/2025\/10\/CCC_Zamp_J197725-819x1024.jpg 819w, https:\/\/blog.ccc.eu\/cz\/wp-content\/uploads\/2025\/10\/CCC_Zamp_J197725-240x300.jpg 240w, https:\/\/blog.ccc.eu\/cz\/wp-content\/uploads\/2025\/10\/CCC_Zamp_J197725-768x960.jpg 768w, https:\/\/blog.ccc.eu\/cz\/wp-content\/uploads\/2025\/10\/CCC_Zamp_J197725-1229x1536.jpg 1229w, https:\/\/blog.ccc.eu\/cz\/wp-content\/uploads\/2025\/10\/CCC_Zamp_J197725-1639x2048.jpg 1639w, https:\/\/blog.ccc.eu\/cz\/wp-content\/uploads\/2025\/10\/CCC_Zamp_J197725-100x125.jpg 100w, https:\/\/blog.ccc.eu\/cz\/wp-content\/uploads\/2025\/10\/CCC_Zamp_J197725-scaled.jpg 2048w\" sizes=\"auto, (max-width: 819px) 100vw, 819px\" \/><\/a><\/figure>\n<\/div>\n<\/div>\n\n\n\n<h3 class=\"wp-block-heading\"><strong><strong>Podzimn\u00ed hravost Beverly Hills Polo Club<\/strong><\/strong><\/h3>\n\n\n\n<p>V druh\u00e9 stylizaci Zorka p\u0159edstavila t\u00f3ny tepl\u00e9 hn\u011bd\u00e9 a fialov\u00e9 \u2013 barvy, kter\u00e9 spolu p\u0159ekvapiv\u011b dob\u0159e funguj\u00ed. Hlavn\u00ed hv\u011bzdou je tentokr\u00e1t <a href=\"https:\/\/ccc.eu\/cz\/kabelky\/damske-kabelky\/kabelka-beverly-hills-polo-club-ceo-bhpc-c-003-08-fialova\"><strong>kabelka BHPC v odst\u00ednu fialov\u00e9<\/strong><\/a>, kter\u00e1 je n\u00e1padit\u00e1, ale st\u00e1le elegantn\u00ed. Je to ide\u00e1ln\u00ed volba pro \u017eeny, kter\u00e9 se neboj\u00ed barev a cht\u011bj\u00ed do \u0161atn\u00edku vn\u00e9st trochu hravosti bez ztr\u00e1ty vkusu. Doplnila ji hn\u011bd\u00fdmi <a href=\"https:\/\/ccc.eu\/cz\/damske\/boty\/polobotky\/mokasiny-beverly-hills-polo-club-wi34-dover-01-hneda\"><strong>mokas\u00ednami Dover<\/strong><\/a> \u2013 pohodlnou, stylovou a v\u0161estrannou obuv\u00ed. Jejich ko\u017een\u00fd povrch a jemn\u00e9 pro\u0161it\u00ed z nich d\u011bl\u00e1 nad\u010dasov\u00fd kousek, kter\u00fd skv\u011ble padne k d\u017e\u00edn\u016fm, kalhot\u00e1m i \u0161at\u016fm. Tento look se hod\u00ed na v\u00edkendov\u00e9 proch\u00e1zky m\u011bstem i neform\u00e1ln\u00ed pracovn\u00ed den. P\u0159esn\u011b takov\u00fd styl Zorka sed\u00ed. A pokud d\u00e1v\u00e1te p\u0159ednost klasice, tyto mokas\u00edny najdete v CCC i v <a href=\"https:\/\/ccc.eu\/cz\/damske\/boty\/polobotky\/mokasiny-beverly-hills-polo-club-wi34-dover-01-cerna\"><strong>elegantn\u00ed \u010dern\u00e9 variant\u011b<\/strong><\/a>.<\/p>\n\n\n\n<div class=\"wp-block-columns is-layout-flex wp-container-core-columns-is-layout-9d6595d7 wp-block-columns-is-layout-flex\">\n<div class=\"wp-block-column is-layout-flow wp-block-column-is-layout-flow\">\n<figure class=\"wp-block-image size-large\"><a href=\"https:\/\/ccc.eu\/cz\/damske\/boty\/polobotky\/mokasiny-beverly-hills-polo-club-wi34-dover-01-cerna\"><img loading=\"lazy\" decoding=\"async\" width=\"819\" height=\"1024\" src=\"https:\/\/blog.ccc.eu\/cz\/wp-content\/uploads\/2025\/10\/CCC_Zamp_J198004-819x1024.jpg\" alt=\"\" class=\"wp-image-8133\" srcset=\"https:\/\/blog.ccc.eu\/cz\/wp-content\/uploads\/2025\/10\/CCC_Zamp_J198004-819x1024.jpg 819w, https:\/\/blog.ccc.eu\/cz\/wp-content\/uploads\/2025\/10\/CCC_Zamp_J198004-240x300.jpg 240w, https:\/\/blog.ccc.eu\/cz\/wp-content\/uploads\/2025\/10\/CCC_Zamp_J198004-768x960.jpg 768w, https:\/\/blog.ccc.eu\/cz\/wp-content\/uploads\/2025\/10\/CCC_Zamp_J198004-1229x1536.jpg 1229w, https:\/\/blog.ccc.eu\/cz\/wp-content\/uploads\/2025\/10\/CCC_Zamp_J198004-1638x2048.jpg 1638w, https:\/\/blog.ccc.eu\/cz\/wp-content\/uploads\/2025\/10\/CCC_Zamp_J198004-100x125.jpg 100w, https:\/\/blog.ccc.eu\/cz\/wp-content\/uploads\/2025\/10\/CCC_Zamp_J198004-scaled.jpg 2048w\" sizes=\"auto, (max-width: 819px) 100vw, 819px\" \/><\/a><\/figure>\n<\/div>\n\n\n\n<div class=\"wp-block-column is-layout-flow wp-block-column-is-layout-flow\">\n<figure class=\"wp-block-image size-large\"><a href=\"https:\/\/ccc.eu\/cz\/kabelky\/damske-kabelky\/kabelka-beverly-hills-polo-club-ceo-bhpc-c-003-08-fialova\"><img loading=\"lazy\" decoding=\"async\" width=\"819\" height=\"1024\" src=\"https:\/\/blog.ccc.eu\/cz\/wp-content\/uploads\/2025\/10\/CCC_Zamp_J198898-819x1024.jpg\" alt=\"\" class=\"wp-image-8134\" srcset=\"https:\/\/blog.ccc.eu\/cz\/wp-content\/uploads\/2025\/10\/CCC_Zamp_J198898-819x1024.jpg 819w, https:\/\/blog.ccc.eu\/cz\/wp-content\/uploads\/2025\/10\/CCC_Zamp_J198898-240x300.jpg 240w, https:\/\/blog.ccc.eu\/cz\/wp-content\/uploads\/2025\/10\/CCC_Zamp_J198898-768x960.jpg 768w, https:\/\/blog.ccc.eu\/cz\/wp-content\/uploads\/2025\/10\/CCC_Zamp_J198898-1229x1536.jpg 1229w, https:\/\/blog.ccc.eu\/cz\/wp-content\/uploads\/2025\/10\/CCC_Zamp_J198898-1638x2048.jpg 1638w, https:\/\/blog.ccc.eu\/cz\/wp-content\/uploads\/2025\/10\/CCC_Zamp_J198898-100x125.jpg 100w, https:\/\/blog.ccc.eu\/cz\/wp-content\/uploads\/2025\/10\/CCC_Zamp_J198898-scaled.jpg 2048w\" sizes=\"auto, (max-width: 819px) 100vw, 819px\" \/><\/a><\/figure>\n<\/div>\n\n\n\n<div class=\"wp-block-column is-layout-flow wp-block-column-is-layout-flow\">\n<figure class=\"wp-block-image size-large\"><a href=\"https:\/\/ccc.eu\/cz\/damske\/boty\/polobotky\/mokasiny-beverly-hills-polo-club-wi34-dover-01-hneda\"><img loading=\"lazy\" decoding=\"async\" width=\"819\" height=\"1024\" src=\"https:\/\/blog.ccc.eu\/cz\/wp-content\/uploads\/2025\/10\/CCC_Zamp_J198847-819x1024.jpg\" alt=\"\" class=\"wp-image-8135\" srcset=\"https:\/\/blog.ccc.eu\/cz\/wp-content\/uploads\/2025\/10\/CCC_Zamp_J198847-819x1024.jpg 819w, https:\/\/blog.ccc.eu\/cz\/wp-content\/uploads\/2025\/10\/CCC_Zamp_J198847-240x300.jpg 240w, https:\/\/blog.ccc.eu\/cz\/wp-content\/uploads\/2025\/10\/CCC_Zamp_J198847-768x960.jpg 768w, https:\/\/blog.ccc.eu\/cz\/wp-content\/uploads\/2025\/10\/CCC_Zamp_J198847-1229x1536.jpg 1229w, https:\/\/blog.ccc.eu\/cz\/wp-content\/uploads\/2025\/10\/CCC_Zamp_J198847-1639x2048.jpg 1639w, https:\/\/blog.ccc.eu\/cz\/wp-content\/uploads\/2025\/10\/CCC_Zamp_J198847-100x125.jpg 100w, https:\/\/blog.ccc.eu\/cz\/wp-content\/uploads\/2025\/10\/CCC_Zamp_J198847-scaled.jpg 2048w\" sizes=\"auto, (max-width: 819px) 100vw, 819px\" \/><\/a><\/figure>\n<\/div>\n<\/div>\n\n\n\n<h3 class=\"wp-block-heading\"><strong><strong>M\u011bstsk\u00fd minimalismus G-Star RAW<\/strong><\/strong><\/h3>\n\n\n\n<p>Na z\u00e1v\u011br Zorka zvolila m\u011bstsky lad\u011bn\u00fd, minimalistick\u00fd look, kter\u00e9mu dominuje <a href=\"https:\/\/ccc.eu\/cz\/kabelky\/damske-kabelky\/kabelka-g-star-raw-ceo-lila-lda8145-tmave-seda\"><strong>kabelka G-Star RAW Lila<\/strong><\/a> v tmav\u011b \u0161ed\u00e9 barv\u011b. Je to kabelka, kter\u00e1 vynikne pr\u00e1v\u011b svou jednoduchost\u00ed. Tmav\u00fd odst\u00edn, pevn\u00fd tvar a decentn\u00ed logo \u2013 to v\u0161e z n\u00ed d\u011bl\u00e1 ide\u00e1ln\u00ed dopln\u011bk k podzimn\u00edmu kab\u00e1tu nebo oversize svetru. Kabelku doplnila \u010dern\u00fdmi <a href=\"https:\/\/ccc.eu\/cz\/damske\/boty\/polobotky\/mokasiny-g-star-raw-ceo-elif-9001-25-1-cerna\"><strong>mokas\u00ednami G-Star RAW Elif<\/strong><\/a>, kter\u00e9 jsou jako stvo\u0159en\u00e9 pro ruch velkom\u011bsta. Modern\u00ed st\u0159ih, leskl\u00fd finish a pohodln\u00e1 podr\u00e1\u017eka \u2013 tyto mokas\u00edny jsou stylov\u00fdm kompromisem mezi eleganc\u00ed a prakti\u010dnost\u00ed.<\/p>\n\n\n\n<div class=\"wp-block-columns is-layout-flex wp-container-core-columns-is-layout-9d6595d7 wp-block-columns-is-layout-flex\">\n<div class=\"wp-block-column is-layout-flow wp-block-column-is-layout-flow\">\n<figure class=\"wp-block-image size-large\"><img loading=\"lazy\" decoding=\"async\" width=\"819\" height=\"1024\" src=\"https:\/\/blog.ccc.eu\/cz\/wp-content\/uploads\/2025\/10\/CCC_Zamp_J196280-819x1024.jpg\" alt=\"\" class=\"wp-image-8136\" srcset=\"https:\/\/blog.ccc.eu\/cz\/wp-content\/uploads\/2025\/10\/CCC_Zamp_J196280-819x1024.jpg 819w, https:\/\/blog.ccc.eu\/cz\/wp-content\/uploads\/2025\/10\/CCC_Zamp_J196280-240x300.jpg 240w, https:\/\/blog.ccc.eu\/cz\/wp-content\/uploads\/2025\/10\/CCC_Zamp_J196280-768x960.jpg 768w, https:\/\/blog.ccc.eu\/cz\/wp-content\/uploads\/2025\/10\/CCC_Zamp_J196280-1229x1536.jpg 1229w, https:\/\/blog.ccc.eu\/cz\/wp-content\/uploads\/2025\/10\/CCC_Zamp_J196280-1638x2048.jpg 1638w, https:\/\/blog.ccc.eu\/cz\/wp-content\/uploads\/2025\/10\/CCC_Zamp_J196280-100x125.jpg 100w, https:\/\/blog.ccc.eu\/cz\/wp-content\/uploads\/2025\/10\/CCC_Zamp_J196280-scaled.jpg 2048w\" sizes=\"auto, (max-width: 819px) 100vw, 819px\" \/><\/figure>\n<\/div>\n\n\n\n<div class=\"wp-block-column is-layout-flow wp-block-column-is-layout-flow\">\n<figure class=\"wp-block-image size-large\"><a href=\"https:\/\/ccc.eu\/cz\/kabelky\/damske-kabelky\/kabelka-g-star-raw-ceo-lila-lda8145-tmave-seda\"><img loading=\"lazy\" decoding=\"async\" width=\"819\" height=\"1024\" src=\"https:\/\/blog.ccc.eu\/cz\/wp-content\/uploads\/2025\/10\/CCC_Zamp_J196401-819x1024.jpg\" alt=\"\" class=\"wp-image-8137\" srcset=\"https:\/\/blog.ccc.eu\/cz\/wp-content\/uploads\/2025\/10\/CCC_Zamp_J196401-819x1024.jpg 819w, https:\/\/blog.ccc.eu\/cz\/wp-content\/uploads\/2025\/10\/CCC_Zamp_J196401-240x300.jpg 240w, https:\/\/blog.ccc.eu\/cz\/wp-content\/uploads\/2025\/10\/CCC_Zamp_J196401-768x960.jpg 768w, https:\/\/blog.ccc.eu\/cz\/wp-content\/uploads\/2025\/10\/CCC_Zamp_J196401-1229x1536.jpg 1229w, https:\/\/blog.ccc.eu\/cz\/wp-content\/uploads\/2025\/10\/CCC_Zamp_J196401-1638x2048.jpg 1638w, https:\/\/blog.ccc.eu\/cz\/wp-content\/uploads\/2025\/10\/CCC_Zamp_J196401-100x125.jpg 100w, https:\/\/blog.ccc.eu\/cz\/wp-content\/uploads\/2025\/10\/CCC_Zamp_J196401-scaled.jpg 2048w\" sizes=\"auto, (max-width: 819px) 100vw, 819px\" \/><\/a><\/figure>\n<\/div>\n\n\n\n<div class=\"wp-block-column is-layout-flow wp-block-column-is-layout-flow\">\n<figure class=\"wp-block-image size-large\"><a href=\"https:\/\/ccc.eu\/cz\/damske\/boty\/polobotky\/mokasiny-g-star-raw-ceo-elif-9001-25-1-cerna\"><img loading=\"lazy\" decoding=\"async\" width=\"819\" height=\"1024\" src=\"https:\/\/blog.ccc.eu\/cz\/wp-content\/uploads\/2025\/10\/CCC_Zamp_J196311-819x1024.jpg\" alt=\"\" class=\"wp-image-8138\" srcset=\"https:\/\/blog.ccc.eu\/cz\/wp-content\/uploads\/2025\/10\/CCC_Zamp_J196311-819x1024.jpg 819w, https:\/\/blog.ccc.eu\/cz\/wp-content\/uploads\/2025\/10\/CCC_Zamp_J196311-240x300.jpg 240w, https:\/\/blog.ccc.eu\/cz\/wp-content\/uploads\/2025\/10\/CCC_Zamp_J196311-768x960.jpg 768w, https:\/\/blog.ccc.eu\/cz\/wp-content\/uploads\/2025\/10\/CCC_Zamp_J196311-1229x1536.jpg 1229w, https:\/\/blog.ccc.eu\/cz\/wp-content\/uploads\/2025\/10\/CCC_Zamp_J196311-1638x2048.jpg 1638w, https:\/\/blog.ccc.eu\/cz\/wp-content\/uploads\/2025\/10\/CCC_Zamp_J196311-100x125.jpg 100w, https:\/\/blog.ccc.eu\/cz\/wp-content\/uploads\/2025\/10\/CCC_Zamp_J196311-scaled.jpg 2048w\" sizes=\"auto, (max-width: 819px) 100vw, 819px\" \/><\/a><\/figure>\n<\/div>\n<\/div>\n\n\n\n<p>Zorka Hejdov\u00e1 sv\u00fdm v\u00fdb\u011brem ukazuje, \u017ee <strong>dopl\u0148ky jsou kl\u00ed\u010dem ke ka\u017ed\u00e9mu outfitu<\/strong>. A\u0165 u\u017e hled\u00e1te kabelku, kter\u00e1 dod\u00e1 Va\u0161emu looku barvu, nebo pohodlnou obuv, kter\u00e1 zvl\u00e1dne cel\u00fd den na cest\u00e1ch \u2013 v nov\u00e9 kolekci CCC najdete to prav\u00e9. Nechte se inspirovat v\u00fdberem Zorky Hejdov\u00e9 a objevte dopl\u0148ky, kter\u00e9 budou vyjad\u0159ovat i Va\u0161i osobnost.<\/p>\n\n\n\n<p><\/p>\n\n\n\n<div class=\"wp-block-buttons is-content-justification-center is-layout-flex wp-container-core-buttons-is-layout-16018d1d wp-block-buttons-is-layout-flex\">\n<div class=\"wp-block-button is-style-fill\"><a class=\"wp-block-button__link has-custom-font-size wp-element-button\" href=\"https:\/\/ccc.eu\/cz\/novinky\/damske\/kabelky\/kolekce-podzim-zima\" style=\"border-radius:0px;font-size:15px\">Objevit novou podzimn\u00ed kolekci v CCC<\/a><\/div>\n<\/div>\n\n\n\n<p><\/p>\n","protected":false},"excerpt":{"rendered":"<p>Podzim v m\u00f3d\u011b nikdy nen\u00ed jen o vrstven\u00ed a tepl\u00fdch t\u00f3nech \u2013 je to i obdob\u00ed experimentov\u00e1n\u00ed a obnovy \u0161atn\u00edku. A pr\u00e1v\u011b v tomto duchu p\u0159ich\u00e1z\u00ed i nejnov\u011bj\u0161\u00ed kampa\u0148 CCC se zn\u00e1mou moder\u00e1torkou a influencerkou Zorkou Hejdovou, kter\u00e1 zt\u011bles\u0148uje modern\u00ed \u017eenskost s autentick\u00fdm \u0161armem. Zorka je energick\u00e1, stylov\u00e1 a p\u0159irozen\u00e1. A p\u0159esn\u011b takov\u00e1 je i [&hellip;]<\/p>\n","protected":false},"author":25,"featured_media":8144,"comment_status":"open","ping_status":"open","sticky":false,"template":"","format":"standard","meta":{"_acf_changed":false,"footnotes":""},"categories":[1007,4,894],"tags":[728,737],"class_list":["post-8129","post","type-post","status-publish","format-standard","has-post-thumbnail","hentry","category-kabelky","category-modni-tipy","category-podzim-","tag-kabelky","tag-podzim"],"acf":[],"yoast_head":"<!-- This site is optimized with the Yoast SEO plugin v26.9 - https:\/\/yoast.com\/product\/yoast-seo-wordpress\/ -->\n<title>Styl, kter\u00fd si zamilujete: Zorka Hejdov\u00e1 a jej\u00ed podzimn\u00ed v\u00fdb\u011br z\u00a0CCC - blog.ccc.eu\/cz<\/title>\n<meta name=\"description\" content=\"Objevte podzimn\u00ed v\u00fdb\u011br Zorky Hejdov\u00e9 z CCC \u2013 stylov\u00e9 kabelky a obuv, kter\u00e9 spojuj\u00ed eleganci, pohodl\u00ed a modern\u00ed \u017eenskost. 2026\" \/>\n<meta name=\"robots\" content=\"index, follow, max-snippet:-1, max-image-preview:large, max-video-preview:-1\" \/>\n<link rel=\"canonical\" href=\"https:\/\/blog.ccc.eu\/cz\/styl-ktery-si-zamilujete\/\" \/>\n<meta property=\"og:locale\" content=\"cs_CZ\" \/>\n<meta property=\"og:type\" content=\"article\" \/>\n<meta property=\"og:title\" content=\"Styl, kter\u00fd si zamilujete: Zorka Hejdov\u00e1 a jej\u00ed podzimn\u00ed v\u00fdb\u011br z\u00a0CCC - blog.ccc.eu\/cz\" \/>\n<meta property=\"og:description\" content=\"Objevte podzimn\u00ed v\u00fdb\u011br Zorky Hejdov\u00e9 z CCC \u2013 stylov\u00e9 kabelky a obuv, kter\u00e9 spojuj\u00ed eleganci, pohodl\u00ed a modern\u00ed \u017eenskost.\" \/>\n<meta property=\"og:url\" content=\"https:\/\/blog.ccc.eu\/cz\/styl-ktery-si-zamilujete\/\" \/>\n<meta property=\"og:site_name\" content=\"blog.ccc.eu\/cz\" \/>\n<meta property=\"article:published_time\" content=\"2025-10-24T10:10:59+00:00\" \/>\n<meta property=\"article:modified_time\" content=\"2025-10-24T10:36:30+00:00\" \/>\n<meta property=\"og:image\" content=\"https:\/\/blog.ccc.eu\/cz\/wp-content\/uploads\/2025\/10\/CCC_Zamp_J196311-1-scaled-e1761300480942.jpg\" \/>\n\t<meta property=\"og:image:width\" content=\"2048\" \/>\n\t<meta property=\"og:image:height\" content=\"1088\" \/>\n\t<meta property=\"og:image:type\" content=\"image\/jpeg\" \/>\n<meta name=\"author\" content=\"Petra Susilova\" \/>\n<meta name=\"twitter:card\" content=\"summary_large_image\" \/>\n<meta name=\"twitter:label1\" content=\"Napsal(a)\" \/>\n\t<meta name=\"twitter:data1\" content=\"Petra Susilova\" \/>\n\t<meta name=\"twitter:label2\" content=\"Odhadovan\u00e1 doba \u010dten\u00ed\" \/>\n\t<meta name=\"twitter:data2\" content=\"5 minut\" \/>\n<script type=\"application\/ld+json\" class=\"yoast-schema-graph\">{\"@context\":\"https:\/\/schema.org\",\"@graph\":[{\"@type\":\"Article\",\"@id\":\"https:\/\/blog.ccc.eu\/cz\/styl-ktery-si-zamilujete\/#article\",\"isPartOf\":{\"@id\":\"https:\/\/blog.ccc.eu\/cz\/styl-ktery-si-zamilujete\/\"},\"author\":{\"name\":\"Petra Susilova\",\"@id\":\"https:\/\/blog.ccc.eu\/cz\/#\/schema\/person\/74ddaf45957c4c3e85587a666ba20782\"},\"headline\":\"Styl, kter\u00fd si zamilujete: Zorka Hejdov\u00e1 a jej\u00ed podzimn\u00ed v\u00fdb\u011br z\u00a0CCC\",\"datePublished\":\"2025-10-24T10:10:59+00:00\",\"dateModified\":\"2025-10-24T10:36:30+00:00\",\"mainEntityOfPage\":{\"@id\":\"https:\/\/blog.ccc.eu\/cz\/styl-ktery-si-zamilujete\/\"},\"wordCount\":675,\"commentCount\":0,\"publisher\":{\"@id\":\"https:\/\/blog.ccc.eu\/cz\/#organization\"},\"image\":{\"@id\":\"https:\/\/blog.ccc.eu\/cz\/styl-ktery-si-zamilujete\/#primaryimage\"},\"thumbnailUrl\":\"https:\/\/blog.ccc.eu\/cz\/wp-content\/uploads\/2025\/10\/CCC_Zamp_J196311-1-scaled-e1761300480942.jpg\",\"keywords\":[\"kabelky\",\"podzim\"],\"articleSection\":[\"KABELKY\",\"M\u00d3DN\u00cd TIPY\",\"PODZIM \ud83c\udf41\ud83c\udf42\"],\"inLanguage\":\"cs\",\"potentialAction\":[{\"@type\":\"CommentAction\",\"name\":\"Comment\",\"target\":[\"https:\/\/blog.ccc.eu\/cz\/styl-ktery-si-zamilujete\/#respond\"]}]},{\"@type\":\"WebPage\",\"@id\":\"https:\/\/blog.ccc.eu\/cz\/styl-ktery-si-zamilujete\/\",\"url\":\"https:\/\/blog.ccc.eu\/cz\/styl-ktery-si-zamilujete\/\",\"name\":\"Styl, kter\u00fd si zamilujete: Zorka Hejdov\u00e1 a jej\u00ed podzimn\u00ed v\u00fdb\u011br z\u00a0CCC - blog.ccc.eu\/cz\",\"isPartOf\":{\"@id\":\"https:\/\/blog.ccc.eu\/cz\/#website\"},\"primaryImageOfPage\":{\"@id\":\"https:\/\/blog.ccc.eu\/cz\/styl-ktery-si-zamilujete\/#primaryimage\"},\"image\":{\"@id\":\"https:\/\/blog.ccc.eu\/cz\/styl-ktery-si-zamilujete\/#primaryimage\"},\"thumbnailUrl\":\"https:\/\/blog.ccc.eu\/cz\/wp-content\/uploads\/2025\/10\/CCC_Zamp_J196311-1-scaled-e1761300480942.jpg\",\"datePublished\":\"2025-10-24T10:10:59+00:00\",\"dateModified\":\"2025-10-24T10:36:30+00:00\",\"description\":\"Objevte podzimn\u00ed v\u00fdb\u011br Zorky Hejdov\u00e9 z CCC \u2013 stylov\u00e9 kabelky a obuv, kter\u00e9 spojuj\u00ed eleganci, pohodl\u00ed a modern\u00ed \u017eenskost.\",\"breadcrumb\":{\"@id\":\"https:\/\/blog.ccc.eu\/cz\/styl-ktery-si-zamilujete\/#breadcrumb\"},\"inLanguage\":\"cs\",\"potentialAction\":[{\"@type\":\"ReadAction\",\"target\":[\"https:\/\/blog.ccc.eu\/cz\/styl-ktery-si-zamilujete\/\"]}]},{\"@type\":\"ImageObject\",\"inLanguage\":\"cs\",\"@id\":\"https:\/\/blog.ccc.eu\/cz\/styl-ktery-si-zamilujete\/#primaryimage\",\"url\":\"https:\/\/blog.ccc.eu\/cz\/wp-content\/uploads\/2025\/10\/CCC_Zamp_J196311-1-scaled-e1761300480942.jpg\",\"contentUrl\":\"https:\/\/blog.ccc.eu\/cz\/wp-content\/uploads\/2025\/10\/CCC_Zamp_J196311-1-scaled-e1761300480942.jpg\",\"width\":2048,\"height\":1088,\"caption\":\"kabelka G-Star RAW Lila\"},{\"@type\":\"BreadcrumbList\",\"@id\":\"https:\/\/blog.ccc.eu\/cz\/styl-ktery-si-zamilujete\/#breadcrumb\",\"itemListElement\":[{\"@type\":\"ListItem\",\"position\":1,\"name\":\"Strona g\u0142\u00f3wna\",\"item\":\"https:\/\/blog.ccc.eu\/cz\/\"},{\"@type\":\"ListItem\",\"position\":2,\"name\":\"Styl, kter\u00fd si zamilujete: Zorka Hejdov\u00e1 a jej\u00ed podzimn\u00ed v\u00fdb\u011br z\u00a0CCC\"}]},{\"@type\":\"WebSite\",\"@id\":\"https:\/\/blog.ccc.eu\/cz\/#website\",\"url\":\"https:\/\/blog.ccc.eu\/cz\/\",\"name\":\"blog.ccc.eu\/cz\",\"description\":\"Va\u0161e m\u00edsto pln\u00e9 m\u00f3dn\u00edch inspirac\u00ed\",\"publisher\":{\"@id\":\"https:\/\/blog.ccc.eu\/cz\/#organization\"},\"potentialAction\":[{\"@type\":\"SearchAction\",\"target\":{\"@type\":\"EntryPoint\",\"urlTemplate\":\"https:\/\/blog.ccc.eu\/cz\/?s={search_term_string}\"},\"query-input\":{\"@type\":\"PropertyValueSpecification\",\"valueRequired\":true,\"valueName\":\"search_term_string\"}}],\"inLanguage\":\"cs\"},{\"@type\":\"Organization\",\"@id\":\"https:\/\/blog.ccc.eu\/cz\/#organization\",\"name\":\"CCC S.A.\",\"url\":\"https:\/\/blog.ccc.eu\/cz\/\",\"logo\":{\"@type\":\"ImageObject\",\"inLanguage\":\"cs\",\"@id\":\"https:\/\/blog.ccc.eu\/cz\/#\/schema\/logo\/image\/\",\"url\":\"https:\/\/blog.ccc.eu\/cz\/wp-content\/uploads\/2021\/11\/logo_ccc.png\",\"contentUrl\":\"https:\/\/blog.ccc.eu\/cz\/wp-content\/uploads\/2021\/11\/logo_ccc.png\",\"width\":730,\"height\":270,\"caption\":\"CCC S.A.\"},\"image\":{\"@id\":\"https:\/\/blog.ccc.eu\/cz\/#\/schema\/logo\/image\/\"}},{\"@type\":\"Person\",\"@id\":\"https:\/\/blog.ccc.eu\/cz\/#\/schema\/person\/74ddaf45957c4c3e85587a666ba20782\",\"name\":\"Petra Susilova\",\"image\":{\"@type\":\"ImageObject\",\"inLanguage\":\"cs\",\"@id\":\"https:\/\/blog.ccc.eu\/cz\/#\/schema\/person\/image\/\",\"url\":\"https:\/\/secure.gravatar.com\/avatar\/2eeba86289b6f51c358487152d296aa19002ba9c061f1bb2f0c5f86ed31e132f?s=96&r=g\",\"contentUrl\":\"https:\/\/secure.gravatar.com\/avatar\/2eeba86289b6f51c358487152d296aa19002ba9c061f1bb2f0c5f86ed31e132f?s=96&r=g\",\"caption\":\"Petra Susilova\"},\"url\":\"https:\/\/blog.ccc.eu\/cz\/author\/petra-susilova\/\"}]}<\/script>\n<!-- \/ Yoast SEO plugin. -->","yoast_head_json":{"title":"Styl, kter\u00fd si zamilujete: Zorka Hejdov\u00e1 a jej\u00ed podzimn\u00ed v\u00fdb\u011br z\u00a0CCC - blog.ccc.eu\/cz","description":"Objevte podzimn\u00ed v\u00fdb\u011br Zorky Hejdov\u00e9 z CCC \u2013 stylov\u00e9 kabelky a obuv, kter\u00e9 spojuj\u00ed eleganci, pohodl\u00ed a modern\u00ed \u017eenskost. 2026","robots":{"index":"index","follow":"follow","max-snippet":"max-snippet:-1","max-image-preview":"max-image-preview:large","max-video-preview":"max-video-preview:-1"},"canonical":"https:\/\/blog.ccc.eu\/cz\/styl-ktery-si-zamilujete\/","og_locale":"cs_CZ","og_type":"article","og_title":"Styl, kter\u00fd si zamilujete: Zorka Hejdov\u00e1 a jej\u00ed podzimn\u00ed v\u00fdb\u011br z\u00a0CCC - blog.ccc.eu\/cz","og_description":"Objevte podzimn\u00ed v\u00fdb\u011br Zorky Hejdov\u00e9 z CCC \u2013 stylov\u00e9 kabelky a obuv, kter\u00e9 spojuj\u00ed eleganci, pohodl\u00ed a modern\u00ed \u017eenskost.","og_url":"https:\/\/blog.ccc.eu\/cz\/styl-ktery-si-zamilujete\/","og_site_name":"blog.ccc.eu\/cz","article_published_time":"2025-10-24T10:10:59+00:00","article_modified_time":"2025-10-24T10:36:30+00:00","og_image":[{"width":2048,"height":1088,"url":"https:\/\/blog.ccc.eu\/cz\/wp-content\/uploads\/2025\/10\/CCC_Zamp_J196311-1-scaled-e1761300480942.jpg","type":"image\/jpeg"}],"author":"Petra Susilova","twitter_card":"summary_large_image","twitter_misc":{"Napsal(a)":"Petra Susilova","Odhadovan\u00e1 doba \u010dten\u00ed":"5 minut"},"schema":{"@context":"https:\/\/schema.org","@graph":[{"@type":"Article","@id":"https:\/\/blog.ccc.eu\/cz\/styl-ktery-si-zamilujete\/#article","isPartOf":{"@id":"https:\/\/blog.ccc.eu\/cz\/styl-ktery-si-zamilujete\/"},"author":{"name":"Petra Susilova","@id":"https:\/\/blog.ccc.eu\/cz\/#\/schema\/person\/74ddaf45957c4c3e85587a666ba20782"},"headline":"Styl, kter\u00fd si zamilujete: Zorka Hejdov\u00e1 a jej\u00ed podzimn\u00ed v\u00fdb\u011br z\u00a0CCC","datePublished":"2025-10-24T10:10:59+00:00","dateModified":"2025-10-24T10:36:30+00:00","mainEntityOfPage":{"@id":"https:\/\/blog.ccc.eu\/cz\/styl-ktery-si-zamilujete\/"},"wordCount":675,"commentCount":0,"publisher":{"@id":"https:\/\/blog.ccc.eu\/cz\/#organization"},"image":{"@id":"https:\/\/blog.ccc.eu\/cz\/styl-ktery-si-zamilujete\/#primaryimage"},"thumbnailUrl":"https:\/\/blog.ccc.eu\/cz\/wp-content\/uploads\/2025\/10\/CCC_Zamp_J196311-1-scaled-e1761300480942.jpg","keywords":["kabelky","podzim"],"articleSection":["KABELKY","M\u00d3DN\u00cd TIPY","PODZIM \ud83c\udf41\ud83c\udf42"],"inLanguage":"cs","potentialAction":[{"@type":"CommentAction","name":"Comment","target":["https:\/\/blog.ccc.eu\/cz\/styl-ktery-si-zamilujete\/#respond"]}]},{"@type":"WebPage","@id":"https:\/\/blog.ccc.eu\/cz\/styl-ktery-si-zamilujete\/","url":"https:\/\/blog.ccc.eu\/cz\/styl-ktery-si-zamilujete\/","name":"Styl, kter\u00fd si zamilujete: Zorka Hejdov\u00e1 a jej\u00ed podzimn\u00ed v\u00fdb\u011br z\u00a0CCC - blog.ccc.eu\/cz","isPartOf":{"@id":"https:\/\/blog.ccc.eu\/cz\/#website"},"primaryImageOfPage":{"@id":"https:\/\/blog.ccc.eu\/cz\/styl-ktery-si-zamilujete\/#primaryimage"},"image":{"@id":"https:\/\/blog.ccc.eu\/cz\/styl-ktery-si-zamilujete\/#primaryimage"},"thumbnailUrl":"https:\/\/blog.ccc.eu\/cz\/wp-content\/uploads\/2025\/10\/CCC_Zamp_J196311-1-scaled-e1761300480942.jpg","datePublished":"2025-10-24T10:10:59+00:00","dateModified":"2025-10-24T10:36:30+00:00","description":"Objevte podzimn\u00ed v\u00fdb\u011br Zorky Hejdov\u00e9 z CCC \u2013 stylov\u00e9 kabelky a obuv, kter\u00e9 spojuj\u00ed eleganci, pohodl\u00ed a modern\u00ed \u017eenskost.","breadcrumb":{"@id":"https:\/\/blog.ccc.eu\/cz\/styl-ktery-si-zamilujete\/#breadcrumb"},"inLanguage":"cs","potentialAction":[{"@type":"ReadAction","target":["https:\/\/blog.ccc.eu\/cz\/styl-ktery-si-zamilujete\/"]}]},{"@type":"ImageObject","inLanguage":"cs","@id":"https:\/\/blog.ccc.eu\/cz\/styl-ktery-si-zamilujete\/#primaryimage","url":"https:\/\/blog.ccc.eu\/cz\/wp-content\/uploads\/2025\/10\/CCC_Zamp_J196311-1-scaled-e1761300480942.jpg","contentUrl":"https:\/\/blog.ccc.eu\/cz\/wp-content\/uploads\/2025\/10\/CCC_Zamp_J196311-1-scaled-e1761300480942.jpg","width":2048,"height":1088,"caption":"kabelka G-Star RAW Lila"},{"@type":"BreadcrumbList","@id":"https:\/\/blog.ccc.eu\/cz\/styl-ktery-si-zamilujete\/#breadcrumb","itemListElement":[{"@type":"ListItem","position":1,"name":"Strona g\u0142\u00f3wna","item":"https:\/\/blog.ccc.eu\/cz\/"},{"@type":"ListItem","position":2,"name":"Styl, kter\u00fd si zamilujete: Zorka Hejdov\u00e1 a jej\u00ed podzimn\u00ed v\u00fdb\u011br z\u00a0CCC"}]},{"@type":"WebSite","@id":"https:\/\/blog.ccc.eu\/cz\/#website","url":"https:\/\/blog.ccc.eu\/cz\/","name":"blog.ccc.eu\/cz","description":"Va\u0161e m\u00edsto pln\u00e9 m\u00f3dn\u00edch inspirac\u00ed","publisher":{"@id":"https:\/\/blog.ccc.eu\/cz\/#organization"},"potentialAction":[{"@type":"SearchAction","target":{"@type":"EntryPoint","urlTemplate":"https:\/\/blog.ccc.eu\/cz\/?s={search_term_string}"},"query-input":{"@type":"PropertyValueSpecification","valueRequired":true,"valueName":"search_term_string"}}],"inLanguage":"cs"},{"@type":"Organization","@id":"https:\/\/blog.ccc.eu\/cz\/#organization","name":"CCC S.A.","url":"https:\/\/blog.ccc.eu\/cz\/","logo":{"@type":"ImageObject","inLanguage":"cs","@id":"https:\/\/blog.ccc.eu\/cz\/#\/schema\/logo\/image\/","url":"https:\/\/blog.ccc.eu\/cz\/wp-content\/uploads\/2021\/11\/logo_ccc.png","contentUrl":"https:\/\/blog.ccc.eu\/cz\/wp-content\/uploads\/2021\/11\/logo_ccc.png","width":730,"height":270,"caption":"CCC S.A."},"image":{"@id":"https:\/\/blog.ccc.eu\/cz\/#\/schema\/logo\/image\/"}},{"@type":"Person","@id":"https:\/\/blog.ccc.eu\/cz\/#\/schema\/person\/74ddaf45957c4c3e85587a666ba20782","name":"Petra Susilova","image":{"@type":"ImageObject","inLanguage":"cs","@id":"https:\/\/blog.ccc.eu\/cz\/#\/schema\/person\/image\/","url":"https:\/\/secure.gravatar.com\/avatar\/2eeba86289b6f51c358487152d296aa19002ba9c061f1bb2f0c5f86ed31e132f?s=96&r=g","contentUrl":"https:\/\/secure.gravatar.com\/avatar\/2eeba86289b6f51c358487152d296aa19002ba9c061f1bb2f0c5f86ed31e132f?s=96&r=g","caption":"Petra Susilova"},"url":"https:\/\/blog.ccc.eu\/cz\/author\/petra-susilova\/"}]}},"_links":{"self":[{"href":"https:\/\/blog.ccc.eu\/cz\/wp-json\/wp\/v2\/posts\/8129","targetHints":{"allow":["GET"]}}],"collection":[{"href":"https:\/\/blog.ccc.eu\/cz\/wp-json\/wp\/v2\/posts"}],"about":[{"href":"https:\/\/blog.ccc.eu\/cz\/wp-json\/wp\/v2\/types\/post"}],"author":[{"embeddable":true,"href":"https:\/\/blog.ccc.eu\/cz\/wp-json\/wp\/v2\/users\/25"}],"replies":[{"embeddable":true,"href":"https:\/\/blog.ccc.eu\/cz\/wp-json\/wp\/v2\/comments?post=8129"}],"version-history":[{"count":3,"href":"https:\/\/blog.ccc.eu\/cz\/wp-json\/wp\/v2\/posts\/8129\/revisions"}],"predecessor-version":[{"id":8150,"href":"https:\/\/blog.ccc.eu\/cz\/wp-json\/wp\/v2\/posts\/8129\/revisions\/8150"}],"wp:featuredmedia":[{"embeddable":true,"href":"https:\/\/blog.ccc.eu\/cz\/wp-json\/wp\/v2\/media\/8144"}],"wp:attachment":[{"href":"https:\/\/blog.ccc.eu\/cz\/wp-json\/wp\/v2\/media?parent=8129"}],"wp:term":[{"taxonomy":"category","embeddable":true,"href":"https:\/\/blog.ccc.eu\/cz\/wp-json\/wp\/v2\/categories?post=8129"},{"taxonomy":"post_tag","embeddable":true,"href":"https:\/\/blog.ccc.eu\/cz\/wp-json\/wp\/v2\/tags?post=8129"}],"curies":[{"name":"wp","href":"https:\/\/api.w.org\/{rel}","templated":true}]}}