{"id":8152,"date":"2025-10-06T19:44:13","date_gmt":"2025-10-06T17:44:13","guid":{"rendered":"https:\/\/blog.ccc.eu\/cz\/?p=8152"},"modified":"2025-11-13T11:22:48","modified_gmt":"2025-11-13T10:22:48","slug":"jak-si-zachovat-eleganci-v-chladnych-mesicich","status":"publish","type":"post","link":"https:\/\/blog.ccc.eu\/cz\/jak-si-zachovat-eleganci-v-chladnych-mesicich\/","title":{"rendered":"Jak si zachovat eleganci (a teplo) v chladn\u00fdch m\u011bs\u00edc\u00edch"},"content":{"rendered":"\n<p><em>Zima nen\u00ed jen o vrstven\u00ed a tepl\u00fdch kab\u00e1tech. Je tak\u00e9 o tom, jak si zachovat styl a eleganci, i kdy\u017e teplom\u011br klesne na nulu nebo dokonce pod ni. Zat\u00edmco letn\u00ed outfity hraj\u00ed barvami a lehkost\u00ed, zimn\u00ed obdob\u00ed si \u017e\u00e1d\u00e1 kombinaci pohodl\u00ed, kvality a nad\u010dasov\u00e9ho designu. A pr\u00e1v\u011b obuv a kabelky jsou ty kousky, kter\u00e9 dok\u00e1\u017eou cel\u00fd vzhled pozvednout i v t\u011bch nejchladn\u011bj\u0161\u00edch dnech.<\/em><\/p>\n\n\n\n<figure class=\"wp-block-gallery has-nested-images columns-default is-cropped wp-block-gallery-1 is-layout-flex wp-block-gallery-is-layout-flex\">\n<figure class=\"wp-block-image size-large\"><img loading=\"lazy\" decoding=\"async\" width=\"1024\" height=\"641\" data-id=\"8153\" src=\"https:\/\/blog.ccc.eu\/cz\/wp-content\/uploads\/2025\/10\/imgonline-com-ua-compressed-t0VF71DisMIx-edited-1-1024x641.jpg\" alt=\"\" class=\"wp-image-8153\" srcset=\"https:\/\/blog.ccc.eu\/cz\/wp-content\/uploads\/2025\/10\/imgonline-com-ua-compressed-t0VF71DisMIx-edited-1-1024x641.jpg 1024w, https:\/\/blog.ccc.eu\/cz\/wp-content\/uploads\/2025\/10\/imgonline-com-ua-compressed-t0VF71DisMIx-edited-1-300x188.jpg 300w, https:\/\/blog.ccc.eu\/cz\/wp-content\/uploads\/2025\/10\/imgonline-com-ua-compressed-t0VF71DisMIx-edited-1-768x480.jpg 768w, https:\/\/blog.ccc.eu\/cz\/wp-content\/uploads\/2025\/10\/imgonline-com-ua-compressed-t0VF71DisMIx-edited-1-1536x961.jpg 1536w, https:\/\/blog.ccc.eu\/cz\/wp-content\/uploads\/2025\/10\/imgonline-com-ua-compressed-t0VF71DisMIx-edited-1-100x63.jpg 100w, https:\/\/blog.ccc.eu\/cz\/wp-content\/uploads\/2025\/10\/imgonline-com-ua-compressed-t0VF71DisMIx-edited-1.jpg 1923w\" sizes=\"auto, (max-width: 1024px) 100vw, 1024px\" \/><\/figure>\n<\/figure>\n\n\n\n<p><\/p>\n\n\n\n<h1 class=\"wp-block-heading\"><strong>Elegantn\u00ed zima za\u010d\u00edn\u00e1 u obuvi<\/strong><\/h1>\n\n\n\n<p>Obuv je z\u00e1kladem zimn\u00edho \u0161atn\u00edku. Moje babi\u010dka mi u\u017e v d\u011btstv\u00ed \u010dasto kladla na srdce, \u017ee zima a nemoci za\u010d\u00ednaj\u00ed od nohou, a tak byl u n\u00e1s v\u00fdb\u011br tepl\u00e9 obuvi v\u017edy velmi d\u016fle\u017eit\u00fd. Nepova\u017eovala jsem ji v\u017edy za nejhez\u010d\u00ed, a o to v\u00edc jsem dnes vd\u011b\u010dn\u00e1, \u017ee se n\u00e1m da\u0159\u00ed kr\u00e1sn\u011b skloubit teplo a vkusn\u00fd design do jednoho. V kamenn\u00fdch prodejn\u00e1ch i v e-shopu CCC najdete v\u00fdb\u011br toho, co je dokonal\u00fdm spojen\u00edm tepla a elegance. Zejm\u00e9na doporu\u010dujeme tyto 3 typy obuvi, kter\u00e9 by rozhodn\u011b nem\u011bly chyb\u011bt ve va\u0161em zimn\u00edm \u0161atn\u00edku.<\/p>\n\n\n\n<figure class=\"wp-block-gallery has-nested-images columns-default is-cropped wp-block-gallery-2 is-layout-flex wp-block-gallery-is-layout-flex\">\n<figure class=\"wp-block-image size-large\"><img loading=\"lazy\" decoding=\"async\" width=\"682\" height=\"1024\" data-id=\"8155\" src=\"https:\/\/blog.ccc.eu\/cz\/wp-content\/uploads\/2025\/10\/imgonline-com-ua-compressed-cW8nMagZ8Rqwz-scaled-1-682x1024.jpg\" alt=\"\" class=\"wp-image-8155\" srcset=\"https:\/\/blog.ccc.eu\/cz\/wp-content\/uploads\/2025\/10\/imgonline-com-ua-compressed-cW8nMagZ8Rqwz-scaled-1-682x1024.jpg 682w, https:\/\/blog.ccc.eu\/cz\/wp-content\/uploads\/2025\/10\/imgonline-com-ua-compressed-cW8nMagZ8Rqwz-scaled-1-200x300.jpg 200w, https:\/\/blog.ccc.eu\/cz\/wp-content\/uploads\/2025\/10\/imgonline-com-ua-compressed-cW8nMagZ8Rqwz-scaled-1-768x1152.jpg 768w, https:\/\/blog.ccc.eu\/cz\/wp-content\/uploads\/2025\/10\/imgonline-com-ua-compressed-cW8nMagZ8Rqwz-scaled-1-1024x1536.jpg 1024w, https:\/\/blog.ccc.eu\/cz\/wp-content\/uploads\/2025\/10\/imgonline-com-ua-compressed-cW8nMagZ8Rqwz-scaled-1-1365x2048.jpg 1365w, https:\/\/blog.ccc.eu\/cz\/wp-content\/uploads\/2025\/10\/imgonline-com-ua-compressed-cW8nMagZ8Rqwz-scaled-1-100x150.jpg 100w, https:\/\/blog.ccc.eu\/cz\/wp-content\/uploads\/2025\/10\/imgonline-com-ua-compressed-cW8nMagZ8Rqwz-scaled-1.jpg 1706w\" sizes=\"auto, (max-width: 682px) 100vw, 682px\" \/><\/figure>\n\n\n\n<figure class=\"wp-block-image size-large\"><img loading=\"lazy\" decoding=\"async\" width=\"682\" height=\"1024\" data-id=\"8154\" src=\"https:\/\/blog.ccc.eu\/cz\/wp-content\/uploads\/2025\/10\/imgonline-com-ua-compressed-Y6zRbz2dtSON-scaled-1-682x1024.jpg\" alt=\"\" class=\"wp-image-8154\" srcset=\"https:\/\/blog.ccc.eu\/cz\/wp-content\/uploads\/2025\/10\/imgonline-com-ua-compressed-Y6zRbz2dtSON-scaled-1-682x1024.jpg 682w, https:\/\/blog.ccc.eu\/cz\/wp-content\/uploads\/2025\/10\/imgonline-com-ua-compressed-Y6zRbz2dtSON-scaled-1-200x300.jpg 200w, https:\/\/blog.ccc.eu\/cz\/wp-content\/uploads\/2025\/10\/imgonline-com-ua-compressed-Y6zRbz2dtSON-scaled-1-768x1152.jpg 768w, https:\/\/blog.ccc.eu\/cz\/wp-content\/uploads\/2025\/10\/imgonline-com-ua-compressed-Y6zRbz2dtSON-scaled-1-1024x1536.jpg 1024w, https:\/\/blog.ccc.eu\/cz\/wp-content\/uploads\/2025\/10\/imgonline-com-ua-compressed-Y6zRbz2dtSON-scaled-1-1365x2048.jpg 1365w, https:\/\/blog.ccc.eu\/cz\/wp-content\/uploads\/2025\/10\/imgonline-com-ua-compressed-Y6zRbz2dtSON-scaled-1-100x150.jpg 100w, https:\/\/blog.ccc.eu\/cz\/wp-content\/uploads\/2025\/10\/imgonline-com-ua-compressed-Y6zRbz2dtSON-scaled-1.jpg 1706w\" sizes=\"auto, (max-width: 682px) 100vw, 682px\" \/><\/figure>\n<\/figure>\n\n\n\n<p><\/p>\n\n\n\n<h2 class=\"wp-block-heading\"><strong>Ko\u017een\u00e9 koza\u010dky s v\u00fdraznou podr\u00e1\u017ekou<\/strong><\/h2>\n\n\n\n<p>Klasick\u00e9 st\u0159edn\u00ed nebo vysok\u00e9 koza\u010dky z hladk\u00e9 \u010di <a href=\"https:\/\/ccc.eu\/cz\/cs\/c\/damske\/boty\/kozacky\/svrchni_material:prirodni_kuze\">semi\u0161ov\u00e9 k\u016f\u017ee<\/a> se tuto zimu vracej\u00ed v nov\u00e9m pojet\u00ed \u2013 s masivn\u00edmi podr\u00e1\u017ekami, hranat\u00fdmi \u0161pi\u010dkami a kovov\u00fdmi detaily. Tento trend spojuje eleganci s modern\u00ed odvahou. Skv\u011ble se kombinuj\u00ed s vln\u011bn\u00fdm kab\u00e1tem nebo pleten\u00fdmi \u0161aty.<\/p>\n\n\n\n<p>Pokud zvol\u00edte vysok\u00e9 koza\u010dky, m\u00e1te jistotu, \u017ee v teple z\u016fstane v\u011bt\u0161\u00ed \u010d\u00e1st nohy. Siln\u00e1 podr\u00e1\u017eka nav\u00edc vytv\u00e1\u0159\u00ed p\u0159irozenou bari\u00e9ru mezi chodidlem a studen\u00fdm povrchem chodn\u00edk\u016f.<\/p>\n\n\n<shortcode prop-load-num=\"12\" prop-display-num=\"4\" prop-sku=\"5906751303733, 5906751274286, 5906751407622, 5906751423189\" prop-view=\"slider\"><\/shortcode>        <div\r\n            class=\"eob-pf-shortcode\"\r\n            id=\"eobpf69f36392905bd\"\r\n        >\r\n            <shortcode prop-load-num=\"12\" prop-display-num=\"4\" prop-sku=\"5906751303733, 5906751274286, 5906751407622, 5906751423189\" prop-view=\"slider\"><\/shortcode>        <\/div>\r\n\t\t<script>\r\n\t\t\tjQuery(document).ready(() => {\r\n\t\t\t    const root = document.getElementById('eobpf69f36392905bd');\r\n                Vue.createApp({\r\n\t                components: {\r\n\t                    shortcode\r\n\t                }\r\n                }).mount(root);\r\n\t\t\t});\r\n\t\t<\/script>\r\n\t\t\r\n\t\t\n\n\n\n<p><\/p>\n\n\n\n<h2 class=\"wp-block-heading\"><strong>Kotn\u00edkov\u00e9 boty na podpatku<\/strong><\/h2>\n\n\n\n<p>St\u0159edn\u011b vysok\u00fd blokov\u00fd podpatek z\u016fst\u00e1v\u00e1 hitem i tuto sez\u00f3nu. Je pohodln\u00fd, stabiln\u00ed a z\u00e1rove\u0148 vytv\u00e1\u0159\u00ed siluetu, kter\u00e1 opticky prodlu\u017euje nohy. Trendy jsou tmav\u011b zelen\u00e9, v\u00ednov\u00e9 a b\u00e9\u017eov\u00e9 odst\u00edny, kter\u00e9 p\u016fsob\u00ed luxusn\u011b a snadno se kombinuj\u00ed jak s kab\u00e1tem, tak s d\u017e\u00ednami. V tomto p\u0159\u00edpad\u011b z\u00e1le\u017e\u00ed jen na v\u00e1s a va\u0161em stylu, jak\u00e9 si zvol\u00edte. <\/p>\n\n\n\n<p>Samoz\u0159ejm\u011b teplej\u0161\u00ed jsou v\u017edy ty s hrub\u0161\u00ed konstrukc\u00ed a siln\u011bj\u0161\u00ed podr\u00e1\u017ekou \u2013 d\u016fle\u017eit\u00e1 je vnit\u0159n\u00ed v\u00fdstelka, kter\u00e1 by m\u011bla b\u00fdt <a href=\"https:\/\/ccc.eu\/cz\/cs\/c\/damske\/boty\/kozacky\/zatepleni:ano\">zateplen\u00e1<\/a>. Pokud ale nap\u0159\u00edklad do pr\u00e1ce nutn\u011b pot\u0159ebujete kotn\u00ed\u010dkov\u00e9 koza\u010dky na \u00fazk\u00e9m podpatku, s teplem u\u017e to bude trochu slo\u017eit\u011bj\u0161\u00ed. Ide\u00e1ln\u00ed je m\u00edt alespo\u0148 dva p\u00e1ry, abyste si mohla r\u00e1no vybrat podle n\u00e1lady \u2013 a po\u010das\u00ed!<\/p>\n\n\n<shortcode prop-load-num=\"12\" prop-display-num=\"4\" prop-sku=\"5906751274880, 5906751282564, 5906751291825, 5906751330425, 5906751459102\" prop-view=\"slider\"><\/shortcode>        <div\r\n            class=\"eob-pf-shortcode\"\r\n            id=\"eobpf69f36392906cc\"\r\n        >\r\n            <shortcode prop-load-num=\"12\" prop-display-num=\"4\" prop-sku=\"5906751274880, 5906751282564, 5906751291825, 5906751330425, 5906751459102\" prop-view=\"slider\"><\/shortcode>        <\/div>\r\n\t\t<script>\r\n\t\t\tjQuery(document).ready(() => {\r\n\t\t\t    const root = document.getElementById('eobpf69f36392906cc');\r\n                Vue.createApp({\r\n\t                components: {\r\n\t                    shortcode\r\n\t                }\r\n                }).mount(root);\r\n\t\t\t});\r\n\t\t<\/script>\r\n\t\t\r\n\t\t\n\n\n\n<p><\/p>\n\n\n\n<h2 class=\"wp-block-heading\"><strong>\u0160n\u011brovac\u00ed obuv ve stylu \u201ccity trekking\u201d<\/strong><\/h2>\n\n\n\n<p>Pokud hled\u00e1te n\u011bco mezi sportovn\u00edm a m\u011bstsk\u00fdm stylem, zvolte stylov\u00e9 \u0161n\u011brovac\u00ed boty s fleecovou nebo ko\u017e\u00ed\u0161kovou vlo\u017ekou. V kombinaci s kab\u00e1tem p\u016fsob\u00ed neform\u00e1ln\u011b, ale p\u0159esto elegantn\u011b. Na tomto typu obuvi je zaj\u00edmav\u00e9, \u017ee v\u017edy upoutaj\u00ed pozornost a n\u011bkdy p\u016fsob\u00ed dojmem jemn\u00e9ho rebelstv\u00ed. P\u0159esto nemus\u00edte b\u00fdt rebelkou, abyste si je obl\u00e9kla \u2013 klidn\u011b je noste i k \u201eb\u011b\u017en\u00e9mu\u201c oble\u010den\u00ed, v\u00e1\u0161 styl pozvednou na \u00fapln\u011b novou \u00farove\u0148.<\/p>\n\n\n<shortcode prop-load-num=\"12\" prop-display-num=\"4\" prop-sku=\"5906751227374, 5906751248348, 5906751275023, 5906751348864, 5906751350201\" prop-view=\"slider\"><\/shortcode>        <div\r\n            class=\"eob-pf-shortcode\"\r\n            id=\"eobpf69f3639290704\"\r\n        >\r\n            <shortcode prop-load-num=\"12\" prop-display-num=\"4\" prop-sku=\"5906751227374, 5906751248348, 5906751275023, 5906751348864, 5906751350201\" prop-view=\"slider\"><\/shortcode>        <\/div>\r\n\t\t<script>\r\n\t\t\tjQuery(document).ready(() => {\r\n\t\t\t    const root = document.getElementById('eobpf69f3639290704');\r\n                Vue.createApp({\r\n\t                components: {\r\n\t                    shortcode\r\n\t                }\r\n                }).mount(root);\r\n\t\t\t});\r\n\t\t<\/script>\r\n\t\t\r\n\t\t\n\n\n\n<p><\/p>\n\n\n\n<h1 class=\"wp-block-heading\"><strong>Kabelky \u2013 detail, kter\u00fd ur\u010duje dojem<\/strong><\/h1>\n\n\n\n<p>Zat\u00edmco obuv zaru\u010duje stabilitu a teplo, kabelka dod\u00e1v\u00e1 outfitu charakter. Tato sez\u00f3na se nese ve znamen\u00ed st\u0159\u00eddmosti a kvality \u2013 n\u00e1vrh\u00e1\u0159i up\u0159ednost\u0148uj\u00ed \u010dist\u00e9 linie, jemn\u00e9 kovov\u00e9 detaily a pr\u00e9miov\u00e9 materi\u00e1ly. Pro m\u011b osobn\u011b je nejd\u016fle\u017eit\u011bj\u0161\u00ed, aby se mi do n\u00ed ve\u0161ly rukavice, \u0161\u00e1la \u010di \u0161\u00e1tek, a ide\u00e1ln\u011b i n\u011bjak\u00fd ten leh\u010d\u00ed svetr, kter\u00fd lze navrstvit na ostatn\u00ed oble\u010den\u00ed. <\/p>\n\n\n\n<p>Ur\u010dit\u011b to pochop\u00ed zejm\u00e9na maminky d\u011bt\u00ed, kter\u00e9 ob\u010das mus\u00ed zachra\u0148ovat situaci, kdy je \u201emal\u00e9mu\u201c \u010di \u201emal\u00e9\u201c zima\u2013a tehdy jsou opravdu r\u00e1dy, kdy\u017e maj\u00ed dostate\u010dn\u011b velkou kabelku, ze kter\u00e9 mohou rychle vyt\u00e1hnout pomoc.<\/p>\n\n\n\n<h2 class=\"wp-block-heading\"><strong>Midi kabelky jako symbol rovnov\u00e1hy<\/strong><\/h2>\n\n\n\n<p>Ani mal\u00e9 \u201e<a href=\"https:\/\/ccc.eu\/cz\/cs\/c\/damske\/kabelky-kufry-batohy\/kabelky\/male-kabelky\">mini bags<\/a>\u201c, ani objemn\u00e9 \u201e<a href=\"https:\/\/ccc.eu\/cz\/cs\/c\/damske\/kabelky-kufry-batohy\/kabelky\/shopper\">shoppery<\/a>\u201c \u2013 podzim a zima 2025 pat\u0159\u00ed st\u0159edn\u011b velk\u00fdm kabelk\u00e1m, kter\u00e9 jsou praktick\u00e9, ale zachov\u00e1vaj\u00ed eleganci. Obl\u00edben\u00e9 jsou strukturovan\u00e9 modely z prav\u00e9 k\u016f\u017ee, kter\u00e9 lze nosit na rameni nebo v ruce. Mn\u011b osobn\u011b se na midi kabelk\u00e1ch l\u00edb\u00ed, \u017ee p\u0159edstavuj\u00ed opravdu ka\u017ed\u00fd styl.<\/p>\n\n\n\n<p>A\u0165 u\u017e zvol\u00edte naprosto elegantn\u00ed, nebo sportovn\u011bj\u0161\u00ed, v\u00edce freestyle, najdete jak\u00fdkoli v\u00fdb\u011br. Ur\u010dit\u011b je ale d\u016fle\u017eit\u00e1 kvalita, proto\u017ee kabelky jsou v zim\u011b podrobeny velk\u00fdm zkou\u0161k\u00e1m. Na jedn\u00e9 stran\u011b vrtoch\u016fm po\u010das\u00ed, ale tak\u00e9 zm\u011bn\u00e1m teplot, kdy p\u0159ech\u00e1z\u00edme z tepla do zimy a naopak.&nbsp;<\/p>\n\n\n<shortcode prop-load-num=\"12\" prop-display-num=\"4\" prop-sku=\"5906751210185, 5906751209882, 5906751210192, 5906751210284, 5906751212240\" prop-view=\"slider\"><\/shortcode>        <div\r\n            class=\"eob-pf-shortcode\"\r\n            id=\"eobpf69f363929072d\"\r\n        >\r\n            <shortcode prop-load-num=\"12\" prop-display-num=\"4\" prop-sku=\"5906751210185, 5906751209882, 5906751210192, 5906751210284, 5906751212240\" prop-view=\"slider\"><\/shortcode>        <\/div>\r\n\t\t<script>\r\n\t\t\tjQuery(document).ready(() => {\r\n\t\t\t    const root = document.getElementById('eobpf69f363929072d');\r\n                Vue.createApp({\r\n\t                components: {\r\n\t                    shortcode\r\n\t                }\r\n                }).mount(root);\r\n\t\t\t});\r\n\t\t<\/script>\r\n\t\t\r\n\t\t\n\n\n\n<p><\/p>\n\n\n\n<h2 class=\"wp-block-heading\"><strong>Ta\u0161ky p\u0159es rameno s \u0159et\u00edzkov\u00fdm popruhem<\/strong><\/h2>\n\n\n\n<p>Toto je volba pro ty z n\u00e1s, jejich\u017e styl je p\u0159edev\u0161\u00edm elegantn\u00ed a kter\u00e9 cht\u011bj\u00ed alespo\u0148 trochu rozz\u00e1\u0159it sychrav\u00e9 podzimn\u00ed \u010di temn\u00e9 zimn\u00ed dny. Metalick\u00e9 detaily se vr\u00e1tily ve velk\u00e9m stylu. Zlat\u00e9 nebo st\u0159\u00edbrn\u00e9 \u0159et\u011bzy dod\u00e1vaj\u00ed kabelce lesk a p\u016fsob\u00ed jako \u0161perk. <\/p>\n\n\n\n<p>Tento typ kabelky dokonale lad\u00ed s elegantn\u00edmi kab\u00e1ty, sukn\u011bmi a koza\u010dkami na vysok\u00e9m podpatku. Mimochodem, pokud je v\u00e1m cel\u00fd popruh p\u0159\u00edli\u0161, v nab\u00eddce CCC najdete mnoho kabelek, kter\u00e9 sice \u0159et\u00edzek maj\u00ed, ale sp\u00ed\u0161e jako elegantn\u00ed detail ne\u017e jako cel\u00fd popruh p\u0159es rameno.<\/p>\n\n\n<shortcode prop-load-num=\"12\" prop-display-num=\"4\" prop-sku=\"5906751209899, 5906751212578, 5906751213315, 5906751220948, 5906751223710\" prop-view=\"slider\"><\/shortcode>        <div\r\n            class=\"eob-pf-shortcode\"\r\n            id=\"eobpf69f3639290750\"\r\n        >\r\n            <shortcode prop-load-num=\"12\" prop-display-num=\"4\" prop-sku=\"5906751209899, 5906751212578, 5906751213315, 5906751220948, 5906751223710\" prop-view=\"slider\"><\/shortcode>        <\/div>\r\n\t\t<script>\r\n\t\t\tjQuery(document).ready(() => {\r\n\t\t\t    const root = document.getElementById('eobpf69f3639290750');\r\n                Vue.createApp({\r\n\t                components: {\r\n\t                    shortcode\r\n\t                }\r\n                }).mount(root);\r\n\t\t\t});\r\n\t\t<\/script>\r\n\t\t\r\n\t\t\n\n\n\n<p><\/p>\n\n\n\n<h2 class=\"wp-block-heading\"><strong>Jak kombinovat teplo a eleganci<\/strong><\/h2>\n\n\n\n<p>Zachovat eleganci b\u011bhem zimy nen\u00ed o mno\u017estv\u00ed vrstev, ale o jejich spr\u00e1vn\u00e9m v\u00fdb\u011bru. Kombinujte vln\u011bn\u00fd kab\u00e1t, ko\u017een\u00e9 rukavice, kvalitn\u00ed obuv a stylovou kabelku a vytvo\u0159\u00edte outfit, kter\u00fd p\u016fsob\u00ed sofistikovan\u011b, i kdy\u017e venku sn\u011b\u017e\u00ed.<\/p>\n\n\n\n<p>V nab\u00eddce CCC najdete tak\u00e9 dopl\u0148ky, a\u0165 u\u017e na volno\u010dasov\u00e9 nebo spole\u010densk\u00e9 ud\u00e1losti. Prohl\u00e9dn\u011bte si nab\u00eddku rukavic, \u010depic, \u0161\u00e1l a dal\u0161\u00edch dopl\u0148k\u016f pro d\u011bti i dosp\u011bl\u00e9, se kter\u00fdmi si snadno udr\u017e\u00edte teplo.<\/p>\n\n\n<shortcode prop-load-num=\"12\" prop-display-num=\"4\" prop-sku=\"5906751209899, 5906751212578, 5906751213315, 5906751220948, 5906751223710\" prop-view=\"slider\"><\/shortcode>        <div\r\n            class=\"eob-pf-shortcode\"\r\n            id=\"eobpf69f3639290771\"\r\n        >\r\n            <shortcode prop-load-num=\"12\" prop-display-num=\"4\" prop-sku=\"5906751209899, 5906751212578, 5906751213315, 5906751220948, 5906751223710\" prop-view=\"slider\"><\/shortcode>        <\/div>\r\n\t\t<script>\r\n\t\t\tjQuery(document).ready(() => {\r\n\t\t\t    const root = document.getElementById('eobpf69f3639290771');\r\n                Vue.createApp({\r\n\t                components: {\r\n\t                    shortcode\r\n\t                }\r\n                }).mount(root);\r\n\t\t\t});\r\n\t\t<\/script>\r\n\t\t\r\n\t\t\n\n\n\n<p><\/p>\n\n\n\n<p>Elegance v chladn\u00fdch m\u011bs\u00edc\u00edch znamen\u00e1 spojit estetiku s funk\u010dnost\u00ed. Vyberte si kousky, kter\u00e9 v\u00e1m p\u0159inesou komfort, ale z\u00e1rove\u0148 se stanou stylov\u00fdm dopl\u0148kem. Koza\u010dky z kvalitn\u00ed k\u016f\u017ee a nad\u010dasov\u00e1 kabelka jsou investice, kter\u00e9 p\u0159e\u017eij\u00ed sez\u00f3ny \u2013 a vy budete p\u016fsobit upraven\u011b a sebev\u011bdom\u011b, a\u0165 se venku d\u011bje cokoli. A nezapome\u0148te na vrstven\u00ed, kter\u00e9 nech\u00e1 vyniknout pr\u00e1v\u011b v\u00e1\u0161 vkus. Ne ka\u017ed\u00fd toti\u017e um\u00ed vrstvit, tak vyu\u017eijte, \u017ee vy ano.<\/p>\n\n\n\n<div class=\"wp-block-buttons is-content-justification-center is-layout-flex wp-container-core-buttons-is-layout-16018d1d wp-block-buttons-is-layout-flex\">\n<div class=\"wp-block-button is-style-fill\"><a class=\"wp-block-button__link has-custom-font-size wp-element-button\" href=\"https:\/\/ccc.eu\/cz\/cs\/c\/damske\/boty\/kozacky\/zatepleni:ano\" style=\"border-radius:0px;font-size:15px\">Cel\u00e1 nab\u00eddka zateplen\u00fdch koza\u010dek v CCC<\/a><\/div>\n<\/div>\n","protected":false},"excerpt":{"rendered":"<p>Zima neznamen\u00e1 ztr\u00e1tu elegance. Objevte, jak kombinovat teplo, pohodl\u00ed a styl d\u00edky kvalitn\u00ed obuvi, nad\u010dasov\u00fdm kabelk\u00e1m a zimn\u00edm dopl\u0148k\u016fm z CCC.<\/p>\n","protected":false},"author":24,"featured_media":8156,"comment_status":"open","ping_status":"open","sticky":false,"template":"","format":"standard","meta":{"_acf_changed":false,"footnotes":""},"categories":[1007,894,6,1019],"tags":[728,568,9],"class_list":["post-8152","post","type-post","status-publish","format-standard","has-post-thumbnail","hentry","category-kabelky","category-podzim-","category-trendy","category-zima","tag-kabelky","tag-tenisky","tag-trendy"],"acf":[],"yoast_head":"<!-- This site is optimized with the Yoast SEO plugin v26.9 - https:\/\/yoast.com\/product\/yoast-seo-wordpress\/ -->\n<title>Jak si zachovat eleganci a styl v chladn\u00fdch zimn\u00edch m\u011bs\u00edc\u00edch<\/title>\n<meta name=\"description\" content=\"Zjist\u011bte, jak si b\u011bhem zimy zachovat eleganci i teplo. Inspirujte se tipy na obuv, kabelky a dopl\u0148ky, kter\u00e9 zv\u00fdrazn\u00ed v\u00e1\u0161 styl. 2026\" \/>\n<meta name=\"robots\" content=\"index, follow, max-snippet:-1, max-image-preview:large, max-video-preview:-1\" \/>\n<link rel=\"canonical\" href=\"https:\/\/blog.ccc.eu\/cz\/jak-si-zachovat-eleganci-v-chladnych-mesicich\/\" \/>\n<meta property=\"og:locale\" content=\"cs_CZ\" \/>\n<meta property=\"og:type\" content=\"article\" \/>\n<meta property=\"og:title\" content=\"Jak si zachovat eleganci a styl v chladn\u00fdch zimn\u00edch m\u011bs\u00edc\u00edch\" \/>\n<meta property=\"og:description\" content=\"Zjist\u011bte, jak si b\u011bhem zimy zachovat eleganci i teplo. Inspirujte se tipy na obuv, kabelky a dopl\u0148ky, kter\u00e9 zv\u00fdrazn\u00ed v\u00e1\u0161 styl.\" \/>\n<meta property=\"og:url\" content=\"https:\/\/blog.ccc.eu\/cz\/jak-si-zachovat-eleganci-v-chladnych-mesicich\/\" \/>\n<meta property=\"og:site_name\" content=\"blog.ccc.eu\/cz\" \/>\n<meta property=\"article:published_time\" content=\"2025-10-06T17:44:13+00:00\" \/>\n<meta property=\"article:modified_time\" content=\"2025-11-13T10:22:48+00:00\" \/>\n<meta property=\"og:image\" content=\"https:\/\/blog.ccc.eu\/cz\/wp-content\/uploads\/2025\/10\/imgonline-com-ua-compressed-t0VF71DisMIx-edited-1-1.jpg\" \/>\n\t<meta property=\"og:image:width\" content=\"1923\" \/>\n\t<meta property=\"og:image:height\" content=\"1203\" \/>\n\t<meta property=\"og:image:type\" content=\"image\/jpeg\" \/>\n<meta name=\"author\" content=\"Kaja\" \/>\n<meta name=\"twitter:card\" content=\"summary_large_image\" \/>\n<meta name=\"twitter:label1\" content=\"Napsal(a)\" \/>\n\t<meta name=\"twitter:data1\" content=\"Kaja\" \/>\n\t<meta name=\"twitter:label2\" content=\"Odhadovan\u00e1 doba \u010dten\u00ed\" \/>\n\t<meta name=\"twitter:data2\" content=\"6 minut\" \/>\n<script type=\"application\/ld+json\" class=\"yoast-schema-graph\">{\"@context\":\"https:\/\/schema.org\",\"@graph\":[{\"@type\":\"Article\",\"@id\":\"https:\/\/blog.ccc.eu\/cz\/jak-si-zachovat-eleganci-v-chladnych-mesicich\/#article\",\"isPartOf\":{\"@id\":\"https:\/\/blog.ccc.eu\/cz\/jak-si-zachovat-eleganci-v-chladnych-mesicich\/\"},\"author\":{\"name\":\"Kaja\",\"@id\":\"https:\/\/blog.ccc.eu\/cz\/#\/schema\/person\/f21bfa7ed9e08fb4b5b823707bdde059\"},\"headline\":\"Jak si zachovat eleganci (a teplo) v chladn\u00fdch m\u011bs\u00edc\u00edch\",\"datePublished\":\"2025-10-06T17:44:13+00:00\",\"dateModified\":\"2025-11-13T10:22:48+00:00\",\"mainEntityOfPage\":{\"@id\":\"https:\/\/blog.ccc.eu\/cz\/jak-si-zachovat-eleganci-v-chladnych-mesicich\/\"},\"wordCount\":1169,\"commentCount\":0,\"publisher\":{\"@id\":\"https:\/\/blog.ccc.eu\/cz\/#organization\"},\"image\":{\"@id\":\"https:\/\/blog.ccc.eu\/cz\/jak-si-zachovat-eleganci-v-chladnych-mesicich\/#primaryimage\"},\"thumbnailUrl\":\"https:\/\/blog.ccc.eu\/cz\/wp-content\/uploads\/2025\/10\/imgonline-com-ua-compressed-t0VF71DisMIx-edited-1-1.jpg\",\"keywords\":[\"kabelky\",\"Tenisky\",\"trendy\"],\"articleSection\":[\"KABELKY\",\"PODZIM \ud83c\udf41\ud83c\udf42\",\"TRENDY\",\"ZIMA\"],\"inLanguage\":\"cs\",\"potentialAction\":[{\"@type\":\"CommentAction\",\"name\":\"Comment\",\"target\":[\"https:\/\/blog.ccc.eu\/cz\/jak-si-zachovat-eleganci-v-chladnych-mesicich\/#respond\"]}]},{\"@type\":\"WebPage\",\"@id\":\"https:\/\/blog.ccc.eu\/cz\/jak-si-zachovat-eleganci-v-chladnych-mesicich\/\",\"url\":\"https:\/\/blog.ccc.eu\/cz\/jak-si-zachovat-eleganci-v-chladnych-mesicich\/\",\"name\":\"Jak si zachovat eleganci a styl v chladn\u00fdch zimn\u00edch m\u011bs\u00edc\u00edch\",\"isPartOf\":{\"@id\":\"https:\/\/blog.ccc.eu\/cz\/#website\"},\"primaryImageOfPage\":{\"@id\":\"https:\/\/blog.ccc.eu\/cz\/jak-si-zachovat-eleganci-v-chladnych-mesicich\/#primaryimage\"},\"image\":{\"@id\":\"https:\/\/blog.ccc.eu\/cz\/jak-si-zachovat-eleganci-v-chladnych-mesicich\/#primaryimage\"},\"thumbnailUrl\":\"https:\/\/blog.ccc.eu\/cz\/wp-content\/uploads\/2025\/10\/imgonline-com-ua-compressed-t0VF71DisMIx-edited-1-1.jpg\",\"datePublished\":\"2025-10-06T17:44:13+00:00\",\"dateModified\":\"2025-11-13T10:22:48+00:00\",\"description\":\"Zjist\u011bte, jak si b\u011bhem zimy zachovat eleganci i teplo. Inspirujte se tipy na obuv, kabelky a dopl\u0148ky, kter\u00e9 zv\u00fdrazn\u00ed v\u00e1\u0161 styl.\",\"breadcrumb\":{\"@id\":\"https:\/\/blog.ccc.eu\/cz\/jak-si-zachovat-eleganci-v-chladnych-mesicich\/#breadcrumb\"},\"inLanguage\":\"cs\",\"potentialAction\":[{\"@type\":\"ReadAction\",\"target\":[\"https:\/\/blog.ccc.eu\/cz\/jak-si-zachovat-eleganci-v-chladnych-mesicich\/\"]}]},{\"@type\":\"ImageObject\",\"inLanguage\":\"cs\",\"@id\":\"https:\/\/blog.ccc.eu\/cz\/jak-si-zachovat-eleganci-v-chladnych-mesicich\/#primaryimage\",\"url\":\"https:\/\/blog.ccc.eu\/cz\/wp-content\/uploads\/2025\/10\/imgonline-com-ua-compressed-t0VF71DisMIx-edited-1-1.jpg\",\"contentUrl\":\"https:\/\/blog.ccc.eu\/cz\/wp-content\/uploads\/2025\/10\/imgonline-com-ua-compressed-t0VF71DisMIx-edited-1-1.jpg\",\"width\":1923,\"height\":1203,\"caption\":\"elegance\"},{\"@type\":\"BreadcrumbList\",\"@id\":\"https:\/\/blog.ccc.eu\/cz\/jak-si-zachovat-eleganci-v-chladnych-mesicich\/#breadcrumb\",\"itemListElement\":[{\"@type\":\"ListItem\",\"position\":1,\"name\":\"Strona g\u0142\u00f3wna\",\"item\":\"https:\/\/blog.ccc.eu\/cz\/\"},{\"@type\":\"ListItem\",\"position\":2,\"name\":\"Jak si zachovat eleganci (a teplo) v chladn\u00fdch m\u011bs\u00edc\u00edch\"}]},{\"@type\":\"WebSite\",\"@id\":\"https:\/\/blog.ccc.eu\/cz\/#website\",\"url\":\"https:\/\/blog.ccc.eu\/cz\/\",\"name\":\"blog.ccc.eu\/cz\",\"description\":\"Va\u0161e m\u00edsto pln\u00e9 m\u00f3dn\u00edch inspirac\u00ed\",\"publisher\":{\"@id\":\"https:\/\/blog.ccc.eu\/cz\/#organization\"},\"potentialAction\":[{\"@type\":\"SearchAction\",\"target\":{\"@type\":\"EntryPoint\",\"urlTemplate\":\"https:\/\/blog.ccc.eu\/cz\/?s={search_term_string}\"},\"query-input\":{\"@type\":\"PropertyValueSpecification\",\"valueRequired\":true,\"valueName\":\"search_term_string\"}}],\"inLanguage\":\"cs\"},{\"@type\":\"Organization\",\"@id\":\"https:\/\/blog.ccc.eu\/cz\/#organization\",\"name\":\"CCC S.A.\",\"url\":\"https:\/\/blog.ccc.eu\/cz\/\",\"logo\":{\"@type\":\"ImageObject\",\"inLanguage\":\"cs\",\"@id\":\"https:\/\/blog.ccc.eu\/cz\/#\/schema\/logo\/image\/\",\"url\":\"https:\/\/blog.ccc.eu\/cz\/wp-content\/uploads\/2021\/11\/logo_ccc.png\",\"contentUrl\":\"https:\/\/blog.ccc.eu\/cz\/wp-content\/uploads\/2021\/11\/logo_ccc.png\",\"width\":730,\"height\":270,\"caption\":\"CCC S.A.\"},\"image\":{\"@id\":\"https:\/\/blog.ccc.eu\/cz\/#\/schema\/logo\/image\/\"}},{\"@type\":\"Person\",\"@id\":\"https:\/\/blog.ccc.eu\/cz\/#\/schema\/person\/f21bfa7ed9e08fb4b5b823707bdde059\",\"name\":\"Kaja\",\"image\":{\"@type\":\"ImageObject\",\"inLanguage\":\"cs\",\"@id\":\"https:\/\/blog.ccc.eu\/cz\/#\/schema\/person\/image\/\",\"url\":\"https:\/\/blog.ccc.eu\/cz\/wp-content\/uploads\/2024\/06\/white-1-300x300-1-100x100.jpg\",\"contentUrl\":\"https:\/\/blog.ccc.eu\/cz\/wp-content\/uploads\/2024\/06\/white-1-300x300-1-100x100.jpg\",\"caption\":\"Kaja\"},\"description\":\"U\u017e od pubert\u00e1ln\u00edch let se v\u011bnuje pr\u00e1ci v m\u00e9di\u00edch a psan\u00ed. Z kon\u00ed\u010dka se stalo \u017eivobyt\u00ed, kter\u00e9 j\u00ed z\u00e1rove\u0148 poskytlo dostatek svobody k tomu, aby mohla pom\u011brn\u011b hodn\u011b cestovat a pozn\u00e1vat sv\u011bt a r\u016fzn\u00e9 kultury. Energii j\u00ed dod\u00e1v\u00e1 \u010dten\u00ed knih, voda a hudba.\",\"url\":\"https:\/\/blog.ccc.eu\/cz\/author\/perlamakovienka-sk\/\"}]}<\/script>\n<!-- \/ Yoast SEO plugin. -->","yoast_head_json":{"title":"Jak si zachovat eleganci a styl v chladn\u00fdch zimn\u00edch m\u011bs\u00edc\u00edch","description":"Zjist\u011bte, jak si b\u011bhem zimy zachovat eleganci i teplo. Inspirujte se tipy na obuv, kabelky a dopl\u0148ky, kter\u00e9 zv\u00fdrazn\u00ed v\u00e1\u0161 styl. 2026","robots":{"index":"index","follow":"follow","max-snippet":"max-snippet:-1","max-image-preview":"max-image-preview:large","max-video-preview":"max-video-preview:-1"},"canonical":"https:\/\/blog.ccc.eu\/cz\/jak-si-zachovat-eleganci-v-chladnych-mesicich\/","og_locale":"cs_CZ","og_type":"article","og_title":"Jak si zachovat eleganci a styl v chladn\u00fdch zimn\u00edch m\u011bs\u00edc\u00edch","og_description":"Zjist\u011bte, jak si b\u011bhem zimy zachovat eleganci i teplo. Inspirujte se tipy na obuv, kabelky a dopl\u0148ky, kter\u00e9 zv\u00fdrazn\u00ed v\u00e1\u0161 styl.","og_url":"https:\/\/blog.ccc.eu\/cz\/jak-si-zachovat-eleganci-v-chladnych-mesicich\/","og_site_name":"blog.ccc.eu\/cz","article_published_time":"2025-10-06T17:44:13+00:00","article_modified_time":"2025-11-13T10:22:48+00:00","og_image":[{"width":1923,"height":1203,"url":"https:\/\/blog.ccc.eu\/cz\/wp-content\/uploads\/2025\/10\/imgonline-com-ua-compressed-t0VF71DisMIx-edited-1-1.jpg","type":"image\/jpeg"}],"author":"Kaja","twitter_card":"summary_large_image","twitter_misc":{"Napsal(a)":"Kaja","Odhadovan\u00e1 doba \u010dten\u00ed":"6 minut"},"schema":{"@context":"https:\/\/schema.org","@graph":[{"@type":"Article","@id":"https:\/\/blog.ccc.eu\/cz\/jak-si-zachovat-eleganci-v-chladnych-mesicich\/#article","isPartOf":{"@id":"https:\/\/blog.ccc.eu\/cz\/jak-si-zachovat-eleganci-v-chladnych-mesicich\/"},"author":{"name":"Kaja","@id":"https:\/\/blog.ccc.eu\/cz\/#\/schema\/person\/f21bfa7ed9e08fb4b5b823707bdde059"},"headline":"Jak si zachovat eleganci (a teplo) v chladn\u00fdch m\u011bs\u00edc\u00edch","datePublished":"2025-10-06T17:44:13+00:00","dateModified":"2025-11-13T10:22:48+00:00","mainEntityOfPage":{"@id":"https:\/\/blog.ccc.eu\/cz\/jak-si-zachovat-eleganci-v-chladnych-mesicich\/"},"wordCount":1169,"commentCount":0,"publisher":{"@id":"https:\/\/blog.ccc.eu\/cz\/#organization"},"image":{"@id":"https:\/\/blog.ccc.eu\/cz\/jak-si-zachovat-eleganci-v-chladnych-mesicich\/#primaryimage"},"thumbnailUrl":"https:\/\/blog.ccc.eu\/cz\/wp-content\/uploads\/2025\/10\/imgonline-com-ua-compressed-t0VF71DisMIx-edited-1-1.jpg","keywords":["kabelky","Tenisky","trendy"],"articleSection":["KABELKY","PODZIM \ud83c\udf41\ud83c\udf42","TRENDY","ZIMA"],"inLanguage":"cs","potentialAction":[{"@type":"CommentAction","name":"Comment","target":["https:\/\/blog.ccc.eu\/cz\/jak-si-zachovat-eleganci-v-chladnych-mesicich\/#respond"]}]},{"@type":"WebPage","@id":"https:\/\/blog.ccc.eu\/cz\/jak-si-zachovat-eleganci-v-chladnych-mesicich\/","url":"https:\/\/blog.ccc.eu\/cz\/jak-si-zachovat-eleganci-v-chladnych-mesicich\/","name":"Jak si zachovat eleganci a styl v chladn\u00fdch zimn\u00edch m\u011bs\u00edc\u00edch","isPartOf":{"@id":"https:\/\/blog.ccc.eu\/cz\/#website"},"primaryImageOfPage":{"@id":"https:\/\/blog.ccc.eu\/cz\/jak-si-zachovat-eleganci-v-chladnych-mesicich\/#primaryimage"},"image":{"@id":"https:\/\/blog.ccc.eu\/cz\/jak-si-zachovat-eleganci-v-chladnych-mesicich\/#primaryimage"},"thumbnailUrl":"https:\/\/blog.ccc.eu\/cz\/wp-content\/uploads\/2025\/10\/imgonline-com-ua-compressed-t0VF71DisMIx-edited-1-1.jpg","datePublished":"2025-10-06T17:44:13+00:00","dateModified":"2025-11-13T10:22:48+00:00","description":"Zjist\u011bte, jak si b\u011bhem zimy zachovat eleganci i teplo. Inspirujte se tipy na obuv, kabelky a dopl\u0148ky, kter\u00e9 zv\u00fdrazn\u00ed v\u00e1\u0161 styl.","breadcrumb":{"@id":"https:\/\/blog.ccc.eu\/cz\/jak-si-zachovat-eleganci-v-chladnych-mesicich\/#breadcrumb"},"inLanguage":"cs","potentialAction":[{"@type":"ReadAction","target":["https:\/\/blog.ccc.eu\/cz\/jak-si-zachovat-eleganci-v-chladnych-mesicich\/"]}]},{"@type":"ImageObject","inLanguage":"cs","@id":"https:\/\/blog.ccc.eu\/cz\/jak-si-zachovat-eleganci-v-chladnych-mesicich\/#primaryimage","url":"https:\/\/blog.ccc.eu\/cz\/wp-content\/uploads\/2025\/10\/imgonline-com-ua-compressed-t0VF71DisMIx-edited-1-1.jpg","contentUrl":"https:\/\/blog.ccc.eu\/cz\/wp-content\/uploads\/2025\/10\/imgonline-com-ua-compressed-t0VF71DisMIx-edited-1-1.jpg","width":1923,"height":1203,"caption":"elegance"},{"@type":"BreadcrumbList","@id":"https:\/\/blog.ccc.eu\/cz\/jak-si-zachovat-eleganci-v-chladnych-mesicich\/#breadcrumb","itemListElement":[{"@type":"ListItem","position":1,"name":"Strona g\u0142\u00f3wna","item":"https:\/\/blog.ccc.eu\/cz\/"},{"@type":"ListItem","position":2,"name":"Jak si zachovat eleganci (a teplo) v chladn\u00fdch m\u011bs\u00edc\u00edch"}]},{"@type":"WebSite","@id":"https:\/\/blog.ccc.eu\/cz\/#website","url":"https:\/\/blog.ccc.eu\/cz\/","name":"blog.ccc.eu\/cz","description":"Va\u0161e m\u00edsto pln\u00e9 m\u00f3dn\u00edch inspirac\u00ed","publisher":{"@id":"https:\/\/blog.ccc.eu\/cz\/#organization"},"potentialAction":[{"@type":"SearchAction","target":{"@type":"EntryPoint","urlTemplate":"https:\/\/blog.ccc.eu\/cz\/?s={search_term_string}"},"query-input":{"@type":"PropertyValueSpecification","valueRequired":true,"valueName":"search_term_string"}}],"inLanguage":"cs"},{"@type":"Organization","@id":"https:\/\/blog.ccc.eu\/cz\/#organization","name":"CCC S.A.","url":"https:\/\/blog.ccc.eu\/cz\/","logo":{"@type":"ImageObject","inLanguage":"cs","@id":"https:\/\/blog.ccc.eu\/cz\/#\/schema\/logo\/image\/","url":"https:\/\/blog.ccc.eu\/cz\/wp-content\/uploads\/2021\/11\/logo_ccc.png","contentUrl":"https:\/\/blog.ccc.eu\/cz\/wp-content\/uploads\/2021\/11\/logo_ccc.png","width":730,"height":270,"caption":"CCC S.A."},"image":{"@id":"https:\/\/blog.ccc.eu\/cz\/#\/schema\/logo\/image\/"}},{"@type":"Person","@id":"https:\/\/blog.ccc.eu\/cz\/#\/schema\/person\/f21bfa7ed9e08fb4b5b823707bdde059","name":"Kaja","image":{"@type":"ImageObject","inLanguage":"cs","@id":"https:\/\/blog.ccc.eu\/cz\/#\/schema\/person\/image\/","url":"https:\/\/blog.ccc.eu\/cz\/wp-content\/uploads\/2024\/06\/white-1-300x300-1-100x100.jpg","contentUrl":"https:\/\/blog.ccc.eu\/cz\/wp-content\/uploads\/2024\/06\/white-1-300x300-1-100x100.jpg","caption":"Kaja"},"description":"U\u017e od pubert\u00e1ln\u00edch let se v\u011bnuje pr\u00e1ci v m\u00e9di\u00edch a psan\u00ed. Z kon\u00ed\u010dka se stalo \u017eivobyt\u00ed, kter\u00e9 j\u00ed z\u00e1rove\u0148 poskytlo dostatek svobody k tomu, aby mohla pom\u011brn\u011b hodn\u011b cestovat a pozn\u00e1vat sv\u011bt a r\u016fzn\u00e9 kultury. Energii j\u00ed dod\u00e1v\u00e1 \u010dten\u00ed knih, voda a hudba.","url":"https:\/\/blog.ccc.eu\/cz\/author\/perlamakovienka-sk\/"}]}},"_links":{"self":[{"href":"https:\/\/blog.ccc.eu\/cz\/wp-json\/wp\/v2\/posts\/8152","targetHints":{"allow":["GET"]}}],"collection":[{"href":"https:\/\/blog.ccc.eu\/cz\/wp-json\/wp\/v2\/posts"}],"about":[{"href":"https:\/\/blog.ccc.eu\/cz\/wp-json\/wp\/v2\/types\/post"}],"author":[{"embeddable":true,"href":"https:\/\/blog.ccc.eu\/cz\/wp-json\/wp\/v2\/users\/24"}],"replies":[{"embeddable":true,"href":"https:\/\/blog.ccc.eu\/cz\/wp-json\/wp\/v2\/comments?post=8152"}],"version-history":[{"count":2,"href":"https:\/\/blog.ccc.eu\/cz\/wp-json\/wp\/v2\/posts\/8152\/revisions"}],"predecessor-version":[{"id":8188,"href":"https:\/\/blog.ccc.eu\/cz\/wp-json\/wp\/v2\/posts\/8152\/revisions\/8188"}],"wp:featuredmedia":[{"embeddable":true,"href":"https:\/\/blog.ccc.eu\/cz\/wp-json\/wp\/v2\/media\/8156"}],"wp:attachment":[{"href":"https:\/\/blog.ccc.eu\/cz\/wp-json\/wp\/v2\/media?parent=8152"}],"wp:term":[{"taxonomy":"category","embeddable":true,"href":"https:\/\/blog.ccc.eu\/cz\/wp-json\/wp\/v2\/categories?post=8152"},{"taxonomy":"post_tag","embeddable":true,"href":"https:\/\/blog.ccc.eu\/cz\/wp-json\/wp\/v2\/tags?post=8152"}],"curies":[{"name":"wp","href":"https:\/\/api.w.org\/{rel}","templated":true}]}}