{"id":8158,"date":"2025-10-20T01:25:58","date_gmt":"2025-10-19T23:25:58","guid":{"rendered":"https:\/\/blog.ccc.eu\/cz\/?p=8158"},"modified":"2025-11-13T11:13:09","modified_gmt":"2025-11-13T10:13:09","slug":"hneda-kabelka-trendy-2025","status":"publish","type":"post","link":"https:\/\/blog.ccc.eu\/cz\/hneda-kabelka-trendy-2025\/","title":{"rendered":"Hn\u011bd\u00e1 kabelka: Nad\u010dasov\u00fd dopln\u011bk, kter\u00fd nikdy nevyjde z\u00a0m\u00f3dy"},"content":{"rendered":"\n<p><em>Hn\u011bda kabelka je b\u011bhem aktu\u00e1ln\u00ed sez\u00f3ny op\u011bt v centru pozornosti. Jak\u00e9 odst\u00edny hn\u011bd\u00e9 jsou trendy v roce 2025 a s \u010d\u00edm je kombinovat, aby v\u00e1\u0161 outfit p\u016fsobil elegantn\u011b a modern\u011b?<\/em><\/p>\n\n\n\n<figure class=\"wp-block-gallery has-nested-images columns-default is-cropped wp-block-gallery-1 is-layout-flex wp-block-gallery-is-layout-flex\">\n<figure class=\"wp-block-image size-large\"><img loading=\"lazy\" decoding=\"async\" width=\"622\" height=\"933\" data-id=\"8159\" src=\"https:\/\/blog.ccc.eu\/cz\/wp-content\/uploads\/2025\/10\/CCC_.jpg\" alt=\"\" class=\"wp-image-8159\" srcset=\"https:\/\/blog.ccc.eu\/cz\/wp-content\/uploads\/2025\/10\/CCC_.jpg 622w, https:\/\/blog.ccc.eu\/cz\/wp-content\/uploads\/2025\/10\/CCC_-200x300.jpg 200w, https:\/\/blog.ccc.eu\/cz\/wp-content\/uploads\/2025\/10\/CCC_-100x150.jpg 100w\" sizes=\"auto, (max-width: 622px) 100vw, 622px\" \/><\/figure>\n<\/figure>\n\n\n\n<p><\/p>\n\n\n\n<p>Kdy\u017e jsem byla mlad\u0161\u00ed, milovala jsem nejr\u016fzn\u011bj\u0161\u00ed barvy a dok\u00e1zala jsem zkombinovat opravdu ledacos, co\u017e p\u016fsobilo velmi v\u00fdst\u0159edn\u011b. Dnes je to trochu jin\u00e9 \u2013 \u010d\u00edm jsem star\u0161\u00ed, t\u00edm v\u00edc se uzem\u0148uji, a to i ve volb\u011b barev. M\u00e1m r\u00e1da zemit\u00e9 t\u00f3ny, a i kdy\u017e v l\u00e9t\u011b klidn\u011b s\u00e1hnu po v\u00fdrazn\u011bj\u0161\u00ed barv\u011b, v t\u011bchto sychrav\u011bj\u0161\u00edch dnech se r\u00e1da zahaluji do odst\u00edn\u016f, kter\u00e9 p\u0159ipom\u00ednaj\u00ed podzim. \u017dlut\u00e1, \u0161ed\u00e1, jen z\u0159\u00eddka \u010dern\u00e1 a samoz\u0159ejm\u011b hn\u011bd\u00e1! Barvy pak do celkov\u00e9ho vzhledu vn\u00e1\u0161\u00edm dopl\u0148ky \u2013 bro\u017eemi, \u0161\u00e1tky, sarongy, bi\u017euteri\u00ed, botami\u2026 A pr\u00e1v\u011b hn\u011bd\u00e1 letos kraluje nejen mn\u011b, ale i sv\u011btov\u00e9 m\u00f3d\u011b. A <a href=\"https:\/\/ccc.eu\/cz\/cs\/c\/damske\/kabelky-kufry-batohy\/kabelky\/barva:hneda\">hn\u011bd\u00e1 kabelka<\/a> je doslova opravdu TOP.<\/p>\n\n\n\n<h2 class=\"wp-block-heading\"><strong>Pro\u010d pr\u00e1v\u011b hn\u011bd\u00e1 kabelka?<\/strong><\/h2>\n\n\n\n<p>Hn\u011bd\u00e1 je barvou jistoty, p\u0159irozenosti a elegance. Ve sv\u011bt\u011b m\u00f3dy p\u0159edstavuje teplo, stabilitu a univerz\u00e1lnost \u2013 p\u0159esn\u011b ty vlastnosti, kter\u00e9 hled\u00e1me u dopl\u0148k\u016f, jako jsou kabelky. Pokud bychom se na to pod\u00edvali z pohledu spirituality, hn\u011bd\u00e1 je barvou strom\u016f a p\u0159edev\u0161\u00edm zem\u011b. <\/p>\n\n\n\n<p>Symbolizuje na\u0161e ko\u0159eny a pevnou p\u016fdu pod nohama. Zat\u00edmco v men\u0161\u00edm mno\u017estv\u00ed vyvol\u00e1v\u00e1 pocity jistoty, stability a klidu, v nadbytku m\u016f\u017ee naopak p\u016fsobit depresivn\u011b a vyvol\u00e1vat psychicky n\u00e1ro\u010dn\u011bj\u0161\u00ed stavy. Pr\u00e1v\u011b proto je skv\u011bl\u00e9, \u017ee se d\u00e1 velmi snadno kombinovat a m\u016f\u017eete ji nosit prakticky k \u010demukoli.<\/p>\n\n\n\n<figure class=\"wp-block-gallery has-nested-images columns-default is-cropped wp-block-gallery-2 is-layout-flex wp-block-gallery-is-layout-flex\">\n<figure class=\"wp-block-image size-large\"><img loading=\"lazy\" decoding=\"async\" width=\"622\" height=\"933\" data-id=\"8161\" src=\"https:\/\/blog.ccc.eu\/cz\/wp-content\/uploads\/2025\/10\/240308_CCC_skora_D2_2543.jpg\" alt=\"\" class=\"wp-image-8161\" srcset=\"https:\/\/blog.ccc.eu\/cz\/wp-content\/uploads\/2025\/10\/240308_CCC_skora_D2_2543.jpg 622w, https:\/\/blog.ccc.eu\/cz\/wp-content\/uploads\/2025\/10\/240308_CCC_skora_D2_2543-200x300.jpg 200w, https:\/\/blog.ccc.eu\/cz\/wp-content\/uploads\/2025\/10\/240308_CCC_skora_D2_2543-100x150.jpg 100w\" sizes=\"auto, (max-width: 622px) 100vw, 622px\" \/><\/figure>\n\n\n\n<figure class=\"wp-block-image size-large\"><img loading=\"lazy\" decoding=\"async\" width=\"622\" height=\"933\" data-id=\"8162\" src=\"https:\/\/blog.ccc.eu\/cz\/wp-content\/uploads\/2025\/10\/240308_CCC_skora_D2_2591.jpg\" alt=\"\" class=\"wp-image-8162\" srcset=\"https:\/\/blog.ccc.eu\/cz\/wp-content\/uploads\/2025\/10\/240308_CCC_skora_D2_2591.jpg 622w, https:\/\/blog.ccc.eu\/cz\/wp-content\/uploads\/2025\/10\/240308_CCC_skora_D2_2591-200x300.jpg 200w, https:\/\/blog.ccc.eu\/cz\/wp-content\/uploads\/2025\/10\/240308_CCC_skora_D2_2591-100x150.jpg 100w\" sizes=\"auto, (max-width: 622px) 100vw, 622px\" \/><\/figure>\n<\/figure>\n\n\n\n<p><\/p>\n\n\n\n<p>Ve sv\u011bt\u011b m\u00f3dy p\u0159in\u00e1\u0161\u00ed hn\u011bd\u00e1 jemn\u011bj\u0161\u00ed, sofistikovan\u00fd kontrast, kter\u00fd se hod\u00ed do ka\u017ed\u00e9ho ro\u010dn\u00edho obdob\u00ed. Kabelka v hn\u011bd\u00e9m odst\u00ednu nikdy nep\u016fsob\u00ed p\u0159\u00edli\u0161 v\u00fdrazn\u011b, ale v\u017edy zanech\u00e1 dojem. Je ide\u00e1ln\u00ed na ka\u017edodenn\u00ed no\u0161en\u00ed, do pr\u00e1ce i na v\u00edkendov\u00fd brunch. Pokud si ji po\u0159\u00edd\u00edte, rozhodn\u011b nebudete litovat, proto\u017ee se v\u00e1m bude hodit t\u00e9m\u011b\u0159 ke v\u0161emu a pro nejr\u016fzn\u011bj\u0161\u00ed p\u0159\u00edle\u017eitosti.<\/p>\n\n\n\n<h2 class=\"wp-block-heading\"><strong>Trendy odst\u00edny hn\u011bd\u00e9 pro rok 2025<\/strong><\/h2>\n\n\n\n<p>V roce 2025 se do pop\u0159ed\u00ed dost\u00e1vaj\u00ed tepl\u00e9, zemit\u00e9 t\u00f3ny, kter\u00e9 dokonale lad\u00ed s trendem udr\u017eiteln\u00e9 m\u00f3dy a p\u0159\u00edrodn\u00edch materi\u00e1l\u016f. A naprost\u00fdm IN odst\u00ednem je barva ve stylu na\u0161eho milovan\u00e9ho espressa! Zde jsou ty nejobl\u00edben\u011bj\u0161\u00ed odst\u00edny:<\/p>\n\n\n\n<p><strong>Karamelov\u00e1 hn\u011bd\u00e1<\/strong><br>Sladk\u00fd, tepl\u00fd t\u00f3n, kter\u00fd p\u016fsob\u00ed luxusn\u011b a \u017eensk\u00fdm dojmem. Skv\u011ble se kombinuje s b\u00e9\u017eovou, b\u00edlou a pastelov\u00fdmi barvami. Je to sv\u011btlej\u0161\u00ed odst\u00edn, kter\u00fd jemn\u011b rozjasn\u00ed tmav\u00e9 dny a bude ladit s r\u016fzn\u00fdmi karamelov\u00fdmi k\u00e1vov\u00fdmi n\u00e1poji, jimi\u017e si r\u00e1di zp\u0159\u00edjem\u0148ujeme chladn\u00e9 dny.<\/p>\n\n\n<shortcode prop-load-num=\"12\" prop-display-num=\"4\" prop-sku=\"5906751210062, 5906751212349, 5906751213292, 5906751218846, 5906751221891\" prop-view=\"slider\"><\/shortcode>        <div\r\n            class=\"eob-pf-shortcode\"\r\n            id=\"eobpf69f23c907ab9b\"\r\n        >\r\n            <shortcode prop-load-num=\"12\" prop-display-num=\"4\" prop-sku=\"5906751210062, 5906751212349, 5906751213292, 5906751218846, 5906751221891\" prop-view=\"slider\"><\/shortcode>        <\/div>\r\n\t\t<script>\r\n\t\t\tjQuery(document).ready(() => {\r\n\t\t\t    const root = document.getElementById('eobpf69f23c907ab9b');\r\n                Vue.createApp({\r\n\t                components: {\r\n\t                    shortcode\r\n\t                }\r\n                }).mount(root);\r\n\t\t\t});\r\n\t\t<\/script>\r\n\t\t\r\n\t\t\n\n\n\n<p><\/p>\n\n\n\n<p><strong>\u010cokol\u00e1dov\u00e1 hn\u011bd\u00e1 nebo espresso<\/strong><br>Hlubok\u00fd, tmav\u0161\u00ed odst\u00edn ide\u00e1ln\u00ed na podzim a zimu. Elegantn\u00ed dopln\u011bk k \u010dern\u00e9mu kab\u00e1tu nebo sv\u011btl\u00e9mu vln\u011bn\u00e9mu kab\u00e1tu. Toto je barva, kter\u00e1 skute\u010dn\u011b pozved\u00e1 eleganci a p\u0159id\u00e1v\u00e1 ka\u017ed\u00e9 \u017een\u011b na v\u00e1\u017enosti i \u017eenskosti. V\u0161imne si ji ka\u017ed\u00fd, tak\u017ee je ur\u010dena pro odv\u00e1\u017en\u00e9 \u017eeny!<\/p>\n\n\n<shortcode prop-load-num=\"12\" prop-display-num=\"4\" prop-sku=\"5906751210307, 5906751212271, 5906751215548, 5906751212431, 5906751215333, 5906751218853\" prop-view=\"slider\"><\/shortcode>        <div\r\n            class=\"eob-pf-shortcode\"\r\n            id=\"eobpf69f23c907acb4\"\r\n        >\r\n            <shortcode prop-load-num=\"12\" prop-display-num=\"4\" prop-sku=\"5906751210307, 5906751212271, 5906751215548, 5906751212431, 5906751215333, 5906751218853\" prop-view=\"slider\"><\/shortcode>        <\/div>\r\n\t\t<script>\r\n\t\t\tjQuery(document).ready(() => {\r\n\t\t\t    const root = document.getElementById('eobpf69f23c907acb4');\r\n                Vue.createApp({\r\n\t                components: {\r\n\t                    shortcode\r\n\t                }\r\n                }).mount(root);\r\n\t\t\t});\r\n\t\t<\/script>\r\n\t\t\r\n\t\t\n\n\n\n<p><\/p>\n\n\n\n<p><strong>Ko\u0148akov\u00e1<\/strong><br>Klasika mezi kabelkami. Tento odst\u00edn je nejuniverz\u00e1ln\u011bj\u0161\u00ed a tak\u00e9 nej\u010dast\u011bj\u0161\u00ed \u2013 hod\u00ed se k d\u017e\u00edn\u00e1m i k form\u00e1ln\u00edm outfit\u016fm. Je to odst\u00edn, kter\u00fdm nic nezkaz\u00edte, ale pokud tou\u017e\u00edte po v\u00fdrazn\u011bj\u0161\u00edm outfitu, nen\u00ed to ta prav\u00e1 volba. Ide\u00e1ln\u00ed je m\u00edt model na extravaganci i na univerz\u00e1lnost, abyste si mohli vybrat kabelku podle aktu\u00e1ln\u00ed n\u00e1lady.<\/p>\n\n\n<shortcode prop-load-num=\"12\" prop-display-num=\"4\" prop-sku=\"5906751319611, 5906751210277, 5906751212707, 5906751218846, 5906751219973, 5906751223260\" prop-view=\"slider\"><\/shortcode>        <div\r\n            class=\"eob-pf-shortcode\"\r\n            id=\"eobpf69f23c907acf0\"\r\n        >\r\n            <shortcode prop-load-num=\"12\" prop-display-num=\"4\" prop-sku=\"5906751319611, 5906751210277, 5906751212707, 5906751218846, 5906751219973, 5906751223260\" prop-view=\"slider\"><\/shortcode>        <\/div>\r\n\t\t<script>\r\n\t\t\tjQuery(document).ready(() => {\r\n\t\t\t    const root = document.getElementById('eobpf69f23c907acf0');\r\n                Vue.createApp({\r\n\t                components: {\r\n\t                    shortcode\r\n\t                }\r\n                }).mount(root);\r\n\t\t\t});\r\n\t\t<\/script>\r\n\t\t\r\n\t\t\n\n\n\n<p><\/p>\n\n\n\n<p><strong>Hn\u011bdo-\u010derven\u00e9 odst\u00edny<\/strong><br>Bordov\u00e9 a hn\u011bdo-\u010derven\u00e9 odst\u00edny kraluj\u00ed m\u00f3d\u011b u\u017e od l\u00e9ta a svou s\u00edlu si dr\u017e\u00ed i na podzim. Tyto barvy pat\u0159\u00ed odv\u00e1\u017en\u00fdm \u017een\u00e1m, kter\u00e9 se neboj\u00ed vystoupit z davu. Nejde o typ odst\u00ednu, kter\u00fd si vybere ka\u017ed\u00e1 \u017eena. Tento odst\u00edn dod\u00e1 outfitu \u0161mrnc a teplo. Kr\u00e1sn\u011b lad\u00ed s podzimn\u00edmi t\u00f3ny jako okrov\u00e1, terakota \u010di khaki.<\/p>\n\n\n<shortcode prop-load-num=\"12\" prop-display-num=\"4\" prop-sku=\"5906751210024, 5906751210260, 5906751215487, 5906751212684, 5906751220948\" prop-view=\"slider\"><\/shortcode>        <div\r\n            class=\"eob-pf-shortcode\"\r\n            id=\"eobpf69f23c907ad1b\"\r\n        >\r\n            <shortcode prop-load-num=\"12\" prop-display-num=\"4\" prop-sku=\"5906751210024, 5906751210260, 5906751215487, 5906751212684, 5906751220948\" prop-view=\"slider\"><\/shortcode>        <\/div>\r\n\t\t<script>\r\n\t\t\tjQuery(document).ready(() => {\r\n\t\t\t    const root = document.getElementById('eobpf69f23c907ad1b');\r\n                Vue.createApp({\r\n\t                components: {\r\n\t                    shortcode\r\n\t                }\r\n                }).mount(root);\r\n\t\t\t});\r\n\t\t<\/script>\r\n\t\t\r\n\t\t\n\n\n\n<p><\/p>\n\n\n\n<h2 class=\"wp-block-heading\"><strong>S \u010d\u00edm kombinovat hn\u011bd\u00e9 kabelky?<\/strong><\/h2>\n\n\n\n<p><a href=\"https:\/\/ccc.eu\/cz\/cs\/c\/damske\/kabelky-kufry-batohy\/kabelky\/barva:hneda\">Hn\u011bd\u00e9 kabelky<\/a> jsou ve sv\u011bt\u011b dopl\u0148k\u016f t\u00edm nejvd\u011b\u010dn\u011bj\u0161\u00edm artiklem, proto\u017ee lad\u00ed t\u00e9m\u011b\u0159 se v\u0161\u00edm. Tady je n\u011bkolik osv\u011bd\u010den\u00fdch kombinac\u00ed:<\/p>\n\n\n\n<ul class=\"wp-block-list\">\n<li><strong>S neutr\u00e1ln\u00edmi barvami<br><\/strong>B\u00edl\u00e1, b\u00e9\u017eov\u00e1, \u0161ed\u00e1 a kr\u00e9mov\u00e1 \u2013 tyto barvy zv\u00fdrazn\u00ed p\u0159irozenou eleganci hn\u011bd\u00e9. Je to perfektn\u00ed kombinace pro milovnice minimalismu, kter\u00e9 maj\u00ed r\u00e1dy \u010dist\u00e9 linie a jednoduchost.<\/li>\n\n\n\n<li><strong>S denimem<br><\/strong>D\u017e\u00edny a hn\u011bd\u00e1 kabelka \u2013 to je nest\u00e1rnouc\u00ed dvojice. Kombinujte s b\u00edlou ko\u0161il\u00ed a ko\u017een\u00fdmi loaferskami pro le\u017e\u00e9rn\u00ed, ale stylov\u00fd vzhled.<\/li>\n\n\n\n<li><strong>S pastelov\u00fdmi t\u00f3ny<br><\/strong>R\u016f\u017eov\u00e1, levandulov\u00e1 nebo mentolov\u00e1 dodaj\u00ed hn\u011bd\u00e9 sv\u011b\u017eest a \u017eenskost. Tyto barvy p\u016fsob\u00ed sp\u00ed\u0161e letn\u011b a jarn\u011b, ale klidn\u011b je noste i na podzim \u010di v zim\u011b \u2013 rozjasn\u00ed ka\u017ed\u00fd den.<\/li>\n\n\n\n<li><strong>S tepl\u00fdmi podzimn\u00edmi barvami<br><\/strong>Okrov\u00e1, ho\u0159\u010di\u010dn\u00e1, v\u00ednov\u00e1 \u010di smaragdov\u00e1 kr\u00e1sn\u011b dopln\u00ed karamelov\u00e9 a ko\u0148akov\u00e9 odst\u00edny kabelek. Vyzkou\u0161ejte to \u2013 d\u016fle\u017eit\u00e9 je vybrat styl kabelky, kter\u00fd v\u00e1m bude sed\u011bt.<\/li>\n\n\n\n<li><strong>S \u010dernou? Ano, ale opatrn\u011b<br><\/strong>Hn\u011bd\u00e1 a \u010dern\u00e1 mohou p\u016fsobit nejednotn\u011b, ale pokud zvol\u00edte nap\u0159\u00edklad hn\u011bd\u00fd opasek nebo boty, v\u00fdsledek bude harmonick\u00fd a bude z n\u011bj jasn\u00e9, \u017ee tomu rozum\u00edte.<\/li>\n<\/ul>\n\n\n<shortcode prop-load-num=\"12\" prop-display-num=\"4\" prop-sku=\"5906751228548, 5906751228869, 5906751228982, 5906751245552, 5906751245644\" prop-view=\"slider\"><\/shortcode>        <div\r\n            class=\"eob-pf-shortcode\"\r\n            id=\"eobpf69f23c907ad41\"\r\n        >\r\n            <shortcode prop-load-num=\"12\" prop-display-num=\"4\" prop-sku=\"5906751228548, 5906751228869, 5906751228982, 5906751245552, 5906751245644\" prop-view=\"slider\"><\/shortcode>        <\/div>\r\n\t\t<script>\r\n\t\t\tjQuery(document).ready(() => {\r\n\t\t\t    const root = document.getElementById('eobpf69f23c907ad41');\r\n                Vue.createApp({\r\n\t                components: {\r\n\t                    shortcode\r\n\t                }\r\n                }).mount(root);\r\n\t\t\t});\r\n\t\t<\/script>\r\n\t\t\r\n\t\t\n\n\n\n<p><\/p>\n\n\n\n<h2 class=\"wp-block-heading\"><strong>Hn\u011bd\u00e1 kabelka &#8211;<\/strong> <strong>jak si vybrat tu pravou.<\/strong><\/h2>\n\n\n\n<ul class=\"wp-block-list\">\n<li><strong>Na ka\u017ed\u00fd den:<\/strong>&nbsp;volte st\u0159edn\u011b velkou kabelku s pevnou konstrukc\u00ed v odst\u00ednu ko\u0148akov\u00e9 nebo karamelov\u00e9.<\/li>\n\n\n\n<li><strong>Na elegantn\u00ed p\u0159\u00edle\u017eitosti:<\/strong>&nbsp;s\u00e1hn\u011bte po \u010dokol\u00e1dov\u00e9m nebo tmav\u011b hn\u011bd\u00e9m listov\u00e9m modelu.<\/li>\n\n\n\n<li><strong>Na l\u00e9to:<\/strong>&nbsp;zvolte sv\u011btlej\u0161\u00ed odst\u00edn taupe nebo kabelku ze sv\u011btl\u00e9 k\u016f\u017ee, p\u0159\u00edpadn\u011b ze sl\u00e1my.<\/li>\n\n\n\n<li><strong>Na zimu:<\/strong>&nbsp;nic nezkaz\u00edte tmav\u0161\u00edm t\u00f3nem se zlat\u00fdmi detaily.<\/li>\n<\/ul>\n\n\n\n<figure class=\"wp-block-gallery has-nested-images columns-default is-cropped wp-block-gallery-3 is-layout-flex wp-block-gallery-is-layout-flex\">\n<figure class=\"wp-block-image size-large\"><img loading=\"lazy\" decoding=\"async\" width=\"512\" height=\"768\" data-id=\"8163\" src=\"https:\/\/blog.ccc.eu\/cz\/wp-content\/uploads\/2025\/10\/CCC_5904862301006_02M_0619.jpg\" alt=\"\" class=\"wp-image-8163\" srcset=\"https:\/\/blog.ccc.eu\/cz\/wp-content\/uploads\/2025\/10\/CCC_5904862301006_02M_0619.jpg 512w, https:\/\/blog.ccc.eu\/cz\/wp-content\/uploads\/2025\/10\/CCC_5904862301006_02M_0619-200x300.jpg 200w, https:\/\/blog.ccc.eu\/cz\/wp-content\/uploads\/2025\/10\/CCC_5904862301006_02M_0619-100x150.jpg 100w\" sizes=\"auto, (max-width: 512px) 100vw, 512px\" \/><\/figure>\n<\/figure>\n\n\n\n<p><\/p>\n\n\n\n<p>T\u00e9m\u011b\u0159 bez ohledu na to, jak\u00fd odst\u00edn hn\u011bd\u00e9 si vyberete, p\u0159edstavuje <a href=\"https:\/\/ccc.eu\/cz\/cs\/c\/damske\/kabelky-kufry-batohy\/kabelky\/barva:hneda\">hn\u011bd\u00e1 kabelka<\/a> jeden z nejuniverz\u00e1ln\u011bj\u0161\u00edch kousk\u016f na\u0161eho \u0161atn\u00edku. M\u016f\u017eete \u0159\u00edct, \u017ee i \u010dern\u00e1 je univerz\u00e1ln\u00ed, a nebudete se m\u00fdlit. Hn\u011bd\u00e1 v sob\u011b ale skr\u00fdv\u00e1 v\u011bt\u0161\u00ed d\u00e1vku vynal\u00e9zavosti, n\u00e1paditosti a stylovosti, kter\u00e1 se jen tak nevid\u00ed a na kterou u\u017e je pot\u0159eba i trochu m\u00f3dn\u00edho citu. Tak sm\u011ble do toho!<\/p>\n\n\n\n<div class=\"wp-block-buttons is-content-justification-center is-layout-flex wp-container-core-buttons-is-layout-16018d1d wp-block-buttons-is-layout-flex\">\n<div class=\"wp-block-button is-style-fill\"><a class=\"wp-block-button__link has-custom-font-size wp-element-button\" href=\"https:\/\/ccc.eu\/cz\/cs\/c\/damske\/kabelky-kufry-batohy\/kabelky\/barva:hneda\" style=\"border-radius:0px;font-size:15px\">Cel\u00e1 nab\u00eddka hn\u011bd\u00fdch kabelek v CCC<\/a><\/div>\n<\/div>\n","protected":false},"excerpt":{"rendered":"<p>Hn\u011bd\u00e1 kabelka je nad\u010dasov\u00fdm dopl\u0148kem, kter\u00fd spojuje eleganci, univerz\u00e1lnost a p\u0159irozenost. Objevte, jak\u00e9 odst\u00edny hn\u011bd\u00e9 jsou trendy v roce 2025 a s \u010d\u00edm je kombinovat, aby v\u00e1\u0161 outfit p\u016fsobil stylov\u011b v ka\u017ed\u00e9m ro\u010dn\u00edm obdob\u00ed.<\/p>\n","protected":false},"author":24,"featured_media":8162,"comment_status":"open","ping_status":"open","sticky":false,"template":"","format":"standard","meta":{"_acf_changed":false,"footnotes":""},"categories":[1007],"tags":[728],"class_list":["post-8158","post","type-post","status-publish","format-standard","has-post-thumbnail","hentry","category-kabelky","tag-kabelky"],"acf":[],"yoast_head":"<!-- This site is optimized with the Yoast SEO plugin v26.9 - https:\/\/yoast.com\/product\/yoast-seo-wordpress\/ -->\n<title>Hn\u011bd\u00e1 kabelka: Nad\u010dasov\u00fd dopln\u011bk, kter\u00fd nikdy nevyjde z\u00a0m\u00f3dy - blog.ccc.eu\/cz<\/title>\n<meta name=\"description\" content=\"Hn\u011bd\u00e1 kabelka je m\u00f3dn\u00ed st\u00e1lic\u00ed, kter\u00e1 nikdy nevyjde z m\u00f3dy. Objevte trendy odst\u00edny roku 2025 a tipy, s \u010d\u00edm hn\u011bdou kabelku kombinovat. 2026\" \/>\n<meta name=\"robots\" content=\"index, follow, max-snippet:-1, max-image-preview:large, max-video-preview:-1\" \/>\n<link rel=\"canonical\" href=\"https:\/\/blog.ccc.eu\/cz\/hneda-kabelka-trendy-2025\/\" \/>\n<meta property=\"og:locale\" content=\"cs_CZ\" \/>\n<meta property=\"og:type\" content=\"article\" \/>\n<meta property=\"og:title\" content=\"Hn\u011bd\u00e1 kabelka: Nad\u010dasov\u00fd dopln\u011bk, kter\u00fd nikdy nevyjde z\u00a0m\u00f3dy - blog.ccc.eu\/cz\" \/>\n<meta property=\"og:description\" content=\"Hn\u011bd\u00e1 kabelka je m\u00f3dn\u00ed st\u00e1lic\u00ed, kter\u00e1 nikdy nevyjde z m\u00f3dy. Objevte trendy odst\u00edny roku 2025 a tipy, s \u010d\u00edm hn\u011bdou kabelku kombinovat.\" \/>\n<meta property=\"og:url\" content=\"https:\/\/blog.ccc.eu\/cz\/hneda-kabelka-trendy-2025\/\" \/>\n<meta property=\"og:site_name\" content=\"blog.ccc.eu\/cz\" \/>\n<meta property=\"article:published_time\" content=\"2025-10-19T23:25:58+00:00\" \/>\n<meta property=\"article:modified_time\" content=\"2025-11-13T10:13:09+00:00\" \/>\n<meta property=\"og:image\" content=\"https:\/\/blog.ccc.eu\/cz\/wp-content\/uploads\/2025\/10\/240308_CCC_skora_D2_2591.jpg\" \/>\n\t<meta property=\"og:image:width\" content=\"622\" \/>\n\t<meta property=\"og:image:height\" content=\"933\" \/>\n\t<meta property=\"og:image:type\" content=\"image\/jpeg\" \/>\n<meta name=\"author\" content=\"Kaja\" \/>\n<meta name=\"twitter:card\" content=\"summary_large_image\" \/>\n<meta name=\"twitter:label1\" content=\"Napsal(a)\" \/>\n\t<meta name=\"twitter:data1\" content=\"Kaja\" \/>\n\t<meta name=\"twitter:label2\" content=\"Odhadovan\u00e1 doba \u010dten\u00ed\" \/>\n\t<meta name=\"twitter:data2\" content=\"6 minut\" \/>\n<script type=\"application\/ld+json\" class=\"yoast-schema-graph\">{\"@context\":\"https:\/\/schema.org\",\"@graph\":[{\"@type\":\"Article\",\"@id\":\"https:\/\/blog.ccc.eu\/cz\/hneda-kabelka-trendy-2025\/#article\",\"isPartOf\":{\"@id\":\"https:\/\/blog.ccc.eu\/cz\/hneda-kabelka-trendy-2025\/\"},\"author\":{\"name\":\"Kaja\",\"@id\":\"https:\/\/blog.ccc.eu\/cz\/#\/schema\/person\/f21bfa7ed9e08fb4b5b823707bdde059\"},\"headline\":\"Hn\u011bd\u00e1 kabelka: Nad\u010dasov\u00fd dopln\u011bk, kter\u00fd nikdy nevyjde z\u00a0m\u00f3dy\",\"datePublished\":\"2025-10-19T23:25:58+00:00\",\"dateModified\":\"2025-11-13T10:13:09+00:00\",\"mainEntityOfPage\":{\"@id\":\"https:\/\/blog.ccc.eu\/cz\/hneda-kabelka-trendy-2025\/\"},\"wordCount\":1175,\"commentCount\":0,\"publisher\":{\"@id\":\"https:\/\/blog.ccc.eu\/cz\/#organization\"},\"image\":{\"@id\":\"https:\/\/blog.ccc.eu\/cz\/hneda-kabelka-trendy-2025\/#primaryimage\"},\"thumbnailUrl\":\"https:\/\/blog.ccc.eu\/cz\/wp-content\/uploads\/2025\/10\/240308_CCC_skora_D2_2591.jpg\",\"keywords\":[\"kabelky\"],\"articleSection\":[\"KABELKY\"],\"inLanguage\":\"cs\",\"potentialAction\":[{\"@type\":\"CommentAction\",\"name\":\"Comment\",\"target\":[\"https:\/\/blog.ccc.eu\/cz\/hneda-kabelka-trendy-2025\/#respond\"]}]},{\"@type\":\"WebPage\",\"@id\":\"https:\/\/blog.ccc.eu\/cz\/hneda-kabelka-trendy-2025\/\",\"url\":\"https:\/\/blog.ccc.eu\/cz\/hneda-kabelka-trendy-2025\/\",\"name\":\"Hn\u011bd\u00e1 kabelka: Nad\u010dasov\u00fd dopln\u011bk, kter\u00fd nikdy nevyjde z\u00a0m\u00f3dy - blog.ccc.eu\/cz\",\"isPartOf\":{\"@id\":\"https:\/\/blog.ccc.eu\/cz\/#website\"},\"primaryImageOfPage\":{\"@id\":\"https:\/\/blog.ccc.eu\/cz\/hneda-kabelka-trendy-2025\/#primaryimage\"},\"image\":{\"@id\":\"https:\/\/blog.ccc.eu\/cz\/hneda-kabelka-trendy-2025\/#primaryimage\"},\"thumbnailUrl\":\"https:\/\/blog.ccc.eu\/cz\/wp-content\/uploads\/2025\/10\/240308_CCC_skora_D2_2591.jpg\",\"datePublished\":\"2025-10-19T23:25:58+00:00\",\"dateModified\":\"2025-11-13T10:13:09+00:00\",\"description\":\"Hn\u011bd\u00e1 kabelka je m\u00f3dn\u00ed st\u00e1lic\u00ed, kter\u00e1 nikdy nevyjde z m\u00f3dy. Objevte trendy odst\u00edny roku 2025 a tipy, s \u010d\u00edm hn\u011bdou kabelku kombinovat.\",\"breadcrumb\":{\"@id\":\"https:\/\/blog.ccc.eu\/cz\/hneda-kabelka-trendy-2025\/#breadcrumb\"},\"inLanguage\":\"cs\",\"potentialAction\":[{\"@type\":\"ReadAction\",\"target\":[\"https:\/\/blog.ccc.eu\/cz\/hneda-kabelka-trendy-2025\/\"]}]},{\"@type\":\"ImageObject\",\"inLanguage\":\"cs\",\"@id\":\"https:\/\/blog.ccc.eu\/cz\/hneda-kabelka-trendy-2025\/#primaryimage\",\"url\":\"https:\/\/blog.ccc.eu\/cz\/wp-content\/uploads\/2025\/10\/240308_CCC_skora_D2_2591.jpg\",\"contentUrl\":\"https:\/\/blog.ccc.eu\/cz\/wp-content\/uploads\/2025\/10\/240308_CCC_skora_D2_2591.jpg\",\"width\":622,\"height\":933,\"caption\":\"hn\u011bd\u00e1 kabelka\"},{\"@type\":\"BreadcrumbList\",\"@id\":\"https:\/\/blog.ccc.eu\/cz\/hneda-kabelka-trendy-2025\/#breadcrumb\",\"itemListElement\":[{\"@type\":\"ListItem\",\"position\":1,\"name\":\"Strona g\u0142\u00f3wna\",\"item\":\"https:\/\/blog.ccc.eu\/cz\/\"},{\"@type\":\"ListItem\",\"position\":2,\"name\":\"Hn\u011bd\u00e1 kabelka: Nad\u010dasov\u00fd dopln\u011bk, kter\u00fd nikdy nevyjde z\u00a0m\u00f3dy\"}]},{\"@type\":\"WebSite\",\"@id\":\"https:\/\/blog.ccc.eu\/cz\/#website\",\"url\":\"https:\/\/blog.ccc.eu\/cz\/\",\"name\":\"blog.ccc.eu\/cz\",\"description\":\"Va\u0161e m\u00edsto pln\u00e9 m\u00f3dn\u00edch inspirac\u00ed\",\"publisher\":{\"@id\":\"https:\/\/blog.ccc.eu\/cz\/#organization\"},\"potentialAction\":[{\"@type\":\"SearchAction\",\"target\":{\"@type\":\"EntryPoint\",\"urlTemplate\":\"https:\/\/blog.ccc.eu\/cz\/?s={search_term_string}\"},\"query-input\":{\"@type\":\"PropertyValueSpecification\",\"valueRequired\":true,\"valueName\":\"search_term_string\"}}],\"inLanguage\":\"cs\"},{\"@type\":\"Organization\",\"@id\":\"https:\/\/blog.ccc.eu\/cz\/#organization\",\"name\":\"CCC S.A.\",\"url\":\"https:\/\/blog.ccc.eu\/cz\/\",\"logo\":{\"@type\":\"ImageObject\",\"inLanguage\":\"cs\",\"@id\":\"https:\/\/blog.ccc.eu\/cz\/#\/schema\/logo\/image\/\",\"url\":\"https:\/\/blog.ccc.eu\/cz\/wp-content\/uploads\/2021\/11\/logo_ccc.png\",\"contentUrl\":\"https:\/\/blog.ccc.eu\/cz\/wp-content\/uploads\/2021\/11\/logo_ccc.png\",\"width\":730,\"height\":270,\"caption\":\"CCC S.A.\"},\"image\":{\"@id\":\"https:\/\/blog.ccc.eu\/cz\/#\/schema\/logo\/image\/\"}},{\"@type\":\"Person\",\"@id\":\"https:\/\/blog.ccc.eu\/cz\/#\/schema\/person\/f21bfa7ed9e08fb4b5b823707bdde059\",\"name\":\"Kaja\",\"image\":{\"@type\":\"ImageObject\",\"inLanguage\":\"cs\",\"@id\":\"https:\/\/blog.ccc.eu\/cz\/#\/schema\/person\/image\/\",\"url\":\"https:\/\/blog.ccc.eu\/cz\/wp-content\/uploads\/2024\/06\/white-1-300x300-1-100x100.jpg\",\"contentUrl\":\"https:\/\/blog.ccc.eu\/cz\/wp-content\/uploads\/2024\/06\/white-1-300x300-1-100x100.jpg\",\"caption\":\"Kaja\"},\"description\":\"U\u017e od pubert\u00e1ln\u00edch let se v\u011bnuje pr\u00e1ci v m\u00e9di\u00edch a psan\u00ed. Z kon\u00ed\u010dka se stalo \u017eivobyt\u00ed, kter\u00e9 j\u00ed z\u00e1rove\u0148 poskytlo dostatek svobody k tomu, aby mohla pom\u011brn\u011b hodn\u011b cestovat a pozn\u00e1vat sv\u011bt a r\u016fzn\u00e9 kultury. Energii j\u00ed dod\u00e1v\u00e1 \u010dten\u00ed knih, voda a hudba.\",\"url\":\"https:\/\/blog.ccc.eu\/cz\/author\/perlamakovienka-sk\/\"}]}<\/script>\n<!-- \/ Yoast SEO plugin. -->","yoast_head_json":{"title":"Hn\u011bd\u00e1 kabelka: Nad\u010dasov\u00fd dopln\u011bk, kter\u00fd nikdy nevyjde z\u00a0m\u00f3dy - blog.ccc.eu\/cz","description":"Hn\u011bd\u00e1 kabelka je m\u00f3dn\u00ed st\u00e1lic\u00ed, kter\u00e1 nikdy nevyjde z m\u00f3dy. Objevte trendy odst\u00edny roku 2025 a tipy, s \u010d\u00edm hn\u011bdou kabelku kombinovat. 2026","robots":{"index":"index","follow":"follow","max-snippet":"max-snippet:-1","max-image-preview":"max-image-preview:large","max-video-preview":"max-video-preview:-1"},"canonical":"https:\/\/blog.ccc.eu\/cz\/hneda-kabelka-trendy-2025\/","og_locale":"cs_CZ","og_type":"article","og_title":"Hn\u011bd\u00e1 kabelka: Nad\u010dasov\u00fd dopln\u011bk, kter\u00fd nikdy nevyjde z\u00a0m\u00f3dy - blog.ccc.eu\/cz","og_description":"Hn\u011bd\u00e1 kabelka je m\u00f3dn\u00ed st\u00e1lic\u00ed, kter\u00e1 nikdy nevyjde z m\u00f3dy. Objevte trendy odst\u00edny roku 2025 a tipy, s \u010d\u00edm hn\u011bdou kabelku kombinovat.","og_url":"https:\/\/blog.ccc.eu\/cz\/hneda-kabelka-trendy-2025\/","og_site_name":"blog.ccc.eu\/cz","article_published_time":"2025-10-19T23:25:58+00:00","article_modified_time":"2025-11-13T10:13:09+00:00","og_image":[{"width":622,"height":933,"url":"https:\/\/blog.ccc.eu\/cz\/wp-content\/uploads\/2025\/10\/240308_CCC_skora_D2_2591.jpg","type":"image\/jpeg"}],"author":"Kaja","twitter_card":"summary_large_image","twitter_misc":{"Napsal(a)":"Kaja","Odhadovan\u00e1 doba \u010dten\u00ed":"6 minut"},"schema":{"@context":"https:\/\/schema.org","@graph":[{"@type":"Article","@id":"https:\/\/blog.ccc.eu\/cz\/hneda-kabelka-trendy-2025\/#article","isPartOf":{"@id":"https:\/\/blog.ccc.eu\/cz\/hneda-kabelka-trendy-2025\/"},"author":{"name":"Kaja","@id":"https:\/\/blog.ccc.eu\/cz\/#\/schema\/person\/f21bfa7ed9e08fb4b5b823707bdde059"},"headline":"Hn\u011bd\u00e1 kabelka: Nad\u010dasov\u00fd dopln\u011bk, kter\u00fd nikdy nevyjde z\u00a0m\u00f3dy","datePublished":"2025-10-19T23:25:58+00:00","dateModified":"2025-11-13T10:13:09+00:00","mainEntityOfPage":{"@id":"https:\/\/blog.ccc.eu\/cz\/hneda-kabelka-trendy-2025\/"},"wordCount":1175,"commentCount":0,"publisher":{"@id":"https:\/\/blog.ccc.eu\/cz\/#organization"},"image":{"@id":"https:\/\/blog.ccc.eu\/cz\/hneda-kabelka-trendy-2025\/#primaryimage"},"thumbnailUrl":"https:\/\/blog.ccc.eu\/cz\/wp-content\/uploads\/2025\/10\/240308_CCC_skora_D2_2591.jpg","keywords":["kabelky"],"articleSection":["KABELKY"],"inLanguage":"cs","potentialAction":[{"@type":"CommentAction","name":"Comment","target":["https:\/\/blog.ccc.eu\/cz\/hneda-kabelka-trendy-2025\/#respond"]}]},{"@type":"WebPage","@id":"https:\/\/blog.ccc.eu\/cz\/hneda-kabelka-trendy-2025\/","url":"https:\/\/blog.ccc.eu\/cz\/hneda-kabelka-trendy-2025\/","name":"Hn\u011bd\u00e1 kabelka: Nad\u010dasov\u00fd dopln\u011bk, kter\u00fd nikdy nevyjde z\u00a0m\u00f3dy - blog.ccc.eu\/cz","isPartOf":{"@id":"https:\/\/blog.ccc.eu\/cz\/#website"},"primaryImageOfPage":{"@id":"https:\/\/blog.ccc.eu\/cz\/hneda-kabelka-trendy-2025\/#primaryimage"},"image":{"@id":"https:\/\/blog.ccc.eu\/cz\/hneda-kabelka-trendy-2025\/#primaryimage"},"thumbnailUrl":"https:\/\/blog.ccc.eu\/cz\/wp-content\/uploads\/2025\/10\/240308_CCC_skora_D2_2591.jpg","datePublished":"2025-10-19T23:25:58+00:00","dateModified":"2025-11-13T10:13:09+00:00","description":"Hn\u011bd\u00e1 kabelka je m\u00f3dn\u00ed st\u00e1lic\u00ed, kter\u00e1 nikdy nevyjde z m\u00f3dy. Objevte trendy odst\u00edny roku 2025 a tipy, s \u010d\u00edm hn\u011bdou kabelku kombinovat.","breadcrumb":{"@id":"https:\/\/blog.ccc.eu\/cz\/hneda-kabelka-trendy-2025\/#breadcrumb"},"inLanguage":"cs","potentialAction":[{"@type":"ReadAction","target":["https:\/\/blog.ccc.eu\/cz\/hneda-kabelka-trendy-2025\/"]}]},{"@type":"ImageObject","inLanguage":"cs","@id":"https:\/\/blog.ccc.eu\/cz\/hneda-kabelka-trendy-2025\/#primaryimage","url":"https:\/\/blog.ccc.eu\/cz\/wp-content\/uploads\/2025\/10\/240308_CCC_skora_D2_2591.jpg","contentUrl":"https:\/\/blog.ccc.eu\/cz\/wp-content\/uploads\/2025\/10\/240308_CCC_skora_D2_2591.jpg","width":622,"height":933,"caption":"hn\u011bd\u00e1 kabelka"},{"@type":"BreadcrumbList","@id":"https:\/\/blog.ccc.eu\/cz\/hneda-kabelka-trendy-2025\/#breadcrumb","itemListElement":[{"@type":"ListItem","position":1,"name":"Strona g\u0142\u00f3wna","item":"https:\/\/blog.ccc.eu\/cz\/"},{"@type":"ListItem","position":2,"name":"Hn\u011bd\u00e1 kabelka: Nad\u010dasov\u00fd dopln\u011bk, kter\u00fd nikdy nevyjde z\u00a0m\u00f3dy"}]},{"@type":"WebSite","@id":"https:\/\/blog.ccc.eu\/cz\/#website","url":"https:\/\/blog.ccc.eu\/cz\/","name":"blog.ccc.eu\/cz","description":"Va\u0161e m\u00edsto pln\u00e9 m\u00f3dn\u00edch inspirac\u00ed","publisher":{"@id":"https:\/\/blog.ccc.eu\/cz\/#organization"},"potentialAction":[{"@type":"SearchAction","target":{"@type":"EntryPoint","urlTemplate":"https:\/\/blog.ccc.eu\/cz\/?s={search_term_string}"},"query-input":{"@type":"PropertyValueSpecification","valueRequired":true,"valueName":"search_term_string"}}],"inLanguage":"cs"},{"@type":"Organization","@id":"https:\/\/blog.ccc.eu\/cz\/#organization","name":"CCC S.A.","url":"https:\/\/blog.ccc.eu\/cz\/","logo":{"@type":"ImageObject","inLanguage":"cs","@id":"https:\/\/blog.ccc.eu\/cz\/#\/schema\/logo\/image\/","url":"https:\/\/blog.ccc.eu\/cz\/wp-content\/uploads\/2021\/11\/logo_ccc.png","contentUrl":"https:\/\/blog.ccc.eu\/cz\/wp-content\/uploads\/2021\/11\/logo_ccc.png","width":730,"height":270,"caption":"CCC S.A."},"image":{"@id":"https:\/\/blog.ccc.eu\/cz\/#\/schema\/logo\/image\/"}},{"@type":"Person","@id":"https:\/\/blog.ccc.eu\/cz\/#\/schema\/person\/f21bfa7ed9e08fb4b5b823707bdde059","name":"Kaja","image":{"@type":"ImageObject","inLanguage":"cs","@id":"https:\/\/blog.ccc.eu\/cz\/#\/schema\/person\/image\/","url":"https:\/\/blog.ccc.eu\/cz\/wp-content\/uploads\/2024\/06\/white-1-300x300-1-100x100.jpg","contentUrl":"https:\/\/blog.ccc.eu\/cz\/wp-content\/uploads\/2024\/06\/white-1-300x300-1-100x100.jpg","caption":"Kaja"},"description":"U\u017e od pubert\u00e1ln\u00edch let se v\u011bnuje pr\u00e1ci v m\u00e9di\u00edch a psan\u00ed. Z kon\u00ed\u010dka se stalo \u017eivobyt\u00ed, kter\u00e9 j\u00ed z\u00e1rove\u0148 poskytlo dostatek svobody k tomu, aby mohla pom\u011brn\u011b hodn\u011b cestovat a pozn\u00e1vat sv\u011bt a r\u016fzn\u00e9 kultury. Energii j\u00ed dod\u00e1v\u00e1 \u010dten\u00ed knih, voda a hudba.","url":"https:\/\/blog.ccc.eu\/cz\/author\/perlamakovienka-sk\/"}]}},"_links":{"self":[{"href":"https:\/\/blog.ccc.eu\/cz\/wp-json\/wp\/v2\/posts\/8158","targetHints":{"allow":["GET"]}}],"collection":[{"href":"https:\/\/blog.ccc.eu\/cz\/wp-json\/wp\/v2\/posts"}],"about":[{"href":"https:\/\/blog.ccc.eu\/cz\/wp-json\/wp\/v2\/types\/post"}],"author":[{"embeddable":true,"href":"https:\/\/blog.ccc.eu\/cz\/wp-json\/wp\/v2\/users\/24"}],"replies":[{"embeddable":true,"href":"https:\/\/blog.ccc.eu\/cz\/wp-json\/wp\/v2\/comments?post=8158"}],"version-history":[{"count":4,"href":"https:\/\/blog.ccc.eu\/cz\/wp-json\/wp\/v2\/posts\/8158\/revisions"}],"predecessor-version":[{"id":8185,"href":"https:\/\/blog.ccc.eu\/cz\/wp-json\/wp\/v2\/posts\/8158\/revisions\/8185"}],"wp:featuredmedia":[{"embeddable":true,"href":"https:\/\/blog.ccc.eu\/cz\/wp-json\/wp\/v2\/media\/8162"}],"wp:attachment":[{"href":"https:\/\/blog.ccc.eu\/cz\/wp-json\/wp\/v2\/media?parent=8158"}],"wp:term":[{"taxonomy":"category","embeddable":true,"href":"https:\/\/blog.ccc.eu\/cz\/wp-json\/wp\/v2\/categories?post=8158"},{"taxonomy":"post_tag","embeddable":true,"href":"https:\/\/blog.ccc.eu\/cz\/wp-json\/wp\/v2\/tags?post=8158"}],"curies":[{"name":"wp","href":"https:\/\/api.w.org\/{rel}","templated":true}]}}