{"id":8222,"date":"2025-12-02T11:43:23","date_gmt":"2025-12-02T10:43:23","guid":{"rendered":"https:\/\/blog.ccc.eu\/cz\/?p=8222"},"modified":"2025-12-02T12:12:13","modified_gmt":"2025-12-02T11:12:13","slug":"od-kapsuloveho-satniku-k-sebevedomi-ccc-x-zuzana-n-straska","status":"publish","type":"post","link":"https:\/\/blog.ccc.eu\/cz\/od-kapsuloveho-satniku-k-sebevedomi-ccc-x-zuzana-n-straska\/","title":{"rendered":"Od kapsulov\u00e9ho \u0161atn\u00edku k sebev\u011bdom\u00ed: CCC x Zuzana N. Str\u00e1sk\u00e1"},"content":{"rendered":"\n<p><em>Kdy\u017e se ned\u00e1vno otev\u0159ely dve\u0159e workshopu <strong>Meet with Fashion Forecaster<\/strong> a na sc\u00e9n\u011b zaz\u00e1\u0159ila <a href=\"https:\/\/www.instagram.com\/zuzanastraska\/\">Zuzana N. Str\u00e1sk\u00e1<\/a>, bylo jasn\u00e9, \u017ee se chyst\u00e1 n\u011bco mimo\u0159\u00e1dn\u00e9ho. Tento workshop p\u0159inesl nejen vhled do aktu\u00e1ln\u00edch trend\u016f a m\u00f3dn\u00edch kombinac\u00ed, ale i \u0161anci vyzkou\u0161et si je na vlastn\u00ed k\u016f\u017ei \u2014 a pr\u00e1v\u011b tady jsme vstoupili do hry my, CCC.<\/em><\/p>\n\n\n\n<div class=\"wp-block-columns is-layout-flex wp-container-core-columns-is-layout-9d6595d7 wp-block-columns-is-layout-flex\">\n<div class=\"wp-block-column is-layout-flow wp-block-column-is-layout-flow\">\n<figure class=\"wp-block-image size-large\"><a href=\"https:\/\/ccc.eu\/cz\/cs\/c\/novinky\/damske\/kolekce-podzim-zima\/znacka:gino_rossi?pageSize=100\"><img decoding=\"async\" src=\"https:\/\/blog.ccc.eu\/cz\/wp-content\/uploads\/2025\/12\/thumbnail_image00003-683x1024.jpg\" alt=\"\" class=\"wp-image-8223\"\/><\/a><\/figure>\n<\/div>\n\n\n\n<div class=\"wp-block-column is-layout-flow wp-block-column-is-layout-flow\">\n<figure class=\"wp-block-image size-large\"><a href=\"https:\/\/ccc.eu\/cz\/cs\/c\/novinky\/damske\/kolekce-podzim-zima\/znacka:badura?pageSize=100\"><img loading=\"lazy\" decoding=\"async\" width=\"683\" height=\"1024\" src=\"https:\/\/blog.ccc.eu\/cz\/wp-content\/uploads\/2025\/12\/thumbnail_image00009-683x1024.jpg\" alt=\"\" class=\"wp-image-8224\" srcset=\"https:\/\/blog.ccc.eu\/cz\/wp-content\/uploads\/2025\/12\/thumbnail_image00009-683x1024.jpg 683w, https:\/\/blog.ccc.eu\/cz\/wp-content\/uploads\/2025\/12\/thumbnail_image00009-200x300.jpg 200w, https:\/\/blog.ccc.eu\/cz\/wp-content\/uploads\/2025\/12\/thumbnail_image00009-768x1151.jpg 768w, https:\/\/blog.ccc.eu\/cz\/wp-content\/uploads\/2025\/12\/thumbnail_image00009-1025x1536.jpg 1025w, https:\/\/blog.ccc.eu\/cz\/wp-content\/uploads\/2025\/12\/thumbnail_image00009-1366x2048.jpg 1366w, https:\/\/blog.ccc.eu\/cz\/wp-content\/uploads\/2025\/12\/thumbnail_image00009-100x150.jpg 100w, https:\/\/blog.ccc.eu\/cz\/wp-content\/uploads\/2025\/12\/thumbnail_image00009-scaled.jpg 1708w\" sizes=\"auto, (max-width: 683px) 100vw, 683px\" \/><\/a><\/figure>\n<\/div>\n<\/div>\n\n\n\n<p>V\u00fdb\u011br obuvi a kabelek zna\u010dek z CCC pro \u00fa\u010dastnice znamenal v\u00edc ne\u017e jen dopln\u011bn\u00ed outfitu \u2014 umo\u017enil jim experimentovat, objevovat vlastn\u00ed styl a c\u00edtit se sebev\u011bdom\u011b. D\u00edky tomu se workshop prom\u011bnil v m\u00edsto, kde m\u00f3da nebyla jen o n\u00e1kupech, ale <strong>o stylu, sebev\u011bdom\u00ed a objevov\u00e1n\u00ed sebe sama.<\/strong><\/p>\n\n\n\n<p>Zuzana uk\u00e1zala, jak si postavit \u0161atn\u00edk slo\u017een\u00fd z promy\u0161len\u00fdch kousk\u016f, kter\u00e9 dlouhodob\u011b funguj\u00ed. Sta\u010d\u00ed zvolit spr\u00e1vnou obuv a kabelku \u2014 a m\u00e1te z\u00e1klad, na kter\u00e9m lze postavit styl, kter\u00fd v\u00e1s skute\u010dn\u011b vystihuje. Workshop p\u0159edstavil, co je te\u010f v m\u00f3d\u011b \u2014 a jak do b\u011b\u017en\u00e9ho \u0161atn\u00edku vlo\u017eit kousky, kter\u00e9 jsou st\u00e1le modern\u00ed, ani\u017e by to znamenalo nav\u017edy m\u011bnit cel\u00fd sv\u016fj styl.<\/p>\n\n\n\n<div class=\"wp-block-columns is-layout-flex wp-container-core-columns-is-layout-9d6595d7 wp-block-columns-is-layout-flex\">\n<div class=\"wp-block-column is-layout-flow wp-block-column-is-layout-flow\">\n<figure class=\"wp-block-image size-large\"><a href=\"https:\/\/ccc.eu\/cz\/cs\/c\/novinky\/damske\/kolekce-podzim-zima\/znacka:badura?pageSize=100\"><img loading=\"lazy\" decoding=\"async\" width=\"731\" height=\"1024\" src=\"https:\/\/blog.ccc.eu\/cz\/wp-content\/uploads\/2025\/12\/image00004-731x1024.jpeg\" alt=\"\" class=\"wp-image-8225\" srcset=\"https:\/\/blog.ccc.eu\/cz\/wp-content\/uploads\/2025\/12\/image00004-731x1024.jpeg 731w, https:\/\/blog.ccc.eu\/cz\/wp-content\/uploads\/2025\/12\/image00004-214x300.jpeg 214w, https:\/\/blog.ccc.eu\/cz\/wp-content\/uploads\/2025\/12\/image00004-768x1075.jpeg 768w, https:\/\/blog.ccc.eu\/cz\/wp-content\/uploads\/2025\/12\/image00004-1097x1536.jpeg 1097w, https:\/\/blog.ccc.eu\/cz\/wp-content\/uploads\/2025\/12\/image00004-1463x2048.jpeg 1463w, https:\/\/blog.ccc.eu\/cz\/wp-content\/uploads\/2025\/12\/image00004-100x140.jpeg 100w, https:\/\/blog.ccc.eu\/cz\/wp-content\/uploads\/2025\/12\/image00004-scaled.jpeg 1829w\" sizes=\"auto, (max-width: 731px) 100vw, 731px\" \/><\/a><\/figure>\n<\/div>\n\n\n\n<div class=\"wp-block-column is-layout-flow wp-block-column-is-layout-flow\">\n<figure class=\"wp-block-image size-large\"><a href=\"https:\/\/ccc.eu\/cz\/cs\/c\/novinky\/damske\/kolekce-podzim-zima\/znacka:gino_rossi?pageSize=100\"><img loading=\"lazy\" decoding=\"async\" width=\"732\" height=\"1024\" src=\"https:\/\/blog.ccc.eu\/cz\/wp-content\/uploads\/2025\/12\/thumbnail_image00001-1-732x1024.jpg\" alt=\"\" class=\"wp-image-8227\" srcset=\"https:\/\/blog.ccc.eu\/cz\/wp-content\/uploads\/2025\/12\/thumbnail_image00001-1-732x1024.jpg 732w, https:\/\/blog.ccc.eu\/cz\/wp-content\/uploads\/2025\/12\/thumbnail_image00001-1-214x300.jpg 214w, https:\/\/blog.ccc.eu\/cz\/wp-content\/uploads\/2025\/12\/thumbnail_image00001-1-768x1075.jpg 768w, https:\/\/blog.ccc.eu\/cz\/wp-content\/uploads\/2025\/12\/thumbnail_image00001-1-1098x1536.jpg 1098w, https:\/\/blog.ccc.eu\/cz\/wp-content\/uploads\/2025\/12\/thumbnail_image00001-1-1463x2048.jpg 1463w, https:\/\/blog.ccc.eu\/cz\/wp-content\/uploads\/2025\/12\/thumbnail_image00001-1-100x140.jpg 100w, https:\/\/blog.ccc.eu\/cz\/wp-content\/uploads\/2025\/12\/thumbnail_image00001-1-scaled.jpg 1829w\" sizes=\"auto, (max-width: 732px) 100vw, 732px\" \/><\/a><\/figure>\n<\/div>\n<\/div>\n\n\n<shortcode prop-load-num=\"4\" prop-display-num=\"4\" prop-sku=\"5906751290460, 5906751336649, 5906751269572, 5906751324561, 5906751244395, 5906751285107, 5906751285305\" prop-view=\"slider\"><\/shortcode>        <div\r\n            class=\"eob-pf-shortcode\"\r\n            id=\"eobpf69f202c9a875e\"\r\n        >\r\n            <shortcode prop-load-num=\"4\" prop-display-num=\"4\" prop-sku=\"5906751290460, 5906751336649, 5906751269572, 5906751324561, 5906751244395, 5906751285107, 5906751285305\" prop-view=\"slider\"><\/shortcode>        <\/div>\r\n\t\t<script>\r\n\t\t\tjQuery(document).ready(() => {\r\n\t\t\t    const root = document.getElementById('eobpf69f202c9a875e');\r\n                Vue.createApp({\r\n\t                components: {\r\n\t                    shortcode\r\n\t                }\r\n                }).mount(root);\r\n\t\t\t});\r\n\t\t<\/script>\r\n\t\t\r\n\t\t\n\n\n\n<p><\/p>\n\n\n\n<p>Nejv\u00edc s\u00edly m\u011blo osobn\u00ed lad\u011bn\u00ed stylu. Zuzana povzbuzovala \u00fa\u010dastnice, aby nekop\u00edrovaly slep\u011b m\u00f3dn\u00ed dikt\u00e1t, ale hledaly, co jim sed\u00ed a co se hod\u00ed k jejich \u017eivotn\u00edmu stylu. D\u00edky na\u0161im kousk\u016fm zna\u010dky <strong><a href=\"https:\/\/ccc.eu\/cz\/cs\/c\/novinky\/damske\/kolekce-podzim-zima\/znacka:badura?pageSize=100\">Badura<\/a><\/strong>, <a href=\"https:\/\/ccc.eu\/cz\/cs\/c\/novinky\/damske\/kolekce-podzim-zima\/znacka:jenny?pageSize=100\"><strong>JENNY <\/strong><\/a>nebo <strong><a href=\"https:\/\/ccc.eu\/cz\/cs\/c\/novinky\/damske\/kolekce-podzim-zima\/znacka:gino_rossi?pageSize=100\">Gino Rossi<\/a> <\/strong>si to mohla vyzkou\u0161et opravdu ka\u017ed\u00e1.<\/p>\n\n\n\n<p>Atmosf\u00e9ra workshopu uk\u00e1zala, \u017ee kdy\u017e se propoj\u00ed inspirativn\u00ed veden\u00ed, otev\u0159enost k nov\u00fdm n\u00e1pad\u016fm a dostupn\u00e1 m\u00f3da, m\u016f\u017ee vzniknout n\u011bco, co si ka\u017ed\u00e1 \u00fa\u010dastnice odnese mnohem d\u00e1l ne\u017e jen do sv\u00e9ho \u0161atn\u00edku. V CCC v\u011b\u0159\u00edme, \u017ee styl je cesta \u2014 a ka\u017ed\u00fd nov\u00fd p\u00e1r obuvi nebo kabelka m\u016f\u017ee b\u00fdt dal\u0161\u00edm krokem k tomu objevit, v \u010dem se c\u00edt\u00edte sama sebou.<\/p>\n\n\n\n<p><strong>Proto\u017ee m\u00f3da je radost. A s CCC m\u016f\u017ee b\u00fdt ka\u017ed\u00fd den o kousek stylov\u011bj\u0161\u00ed.<\/strong><\/p>\n\n\n\n<p><\/p>\n\n\n\n<div class=\"wp-block-buttons is-content-justification-center is-layout-flex wp-container-core-buttons-is-layout-16018d1d wp-block-buttons-is-layout-flex\">\n<div class=\"wp-block-button is-style-fill\"><a class=\"wp-block-button__link has-custom-font-size wp-element-button\" href=\"https:\/\/ccc.eu\/cz\/cs\/c\/novinky\/damske\/kolekce-podzim-zima?pageSize=100\" style=\"border-radius:0px;font-size:15px\">Objevte nov\u00e9 kousky v CCC<\/a><\/div>\n<\/div>\n\n\n\n<p><\/p>\n","protected":false},"excerpt":{"rendered":"<p>Kdy\u017e se ned\u00e1vno otev\u0159ely dve\u0159e workshopu Meet with Fashion Forecaster a na sc\u00e9n\u011b zaz\u00e1\u0159ila Zuzana N. Str\u00e1sk\u00e1, bylo jasn\u00e9, \u017ee se chyst\u00e1 n\u011bco mimo\u0159\u00e1dn\u00e9ho. Tento workshop p\u0159inesl nejen vhled do aktu\u00e1ln\u00edch trend\u016f a m\u00f3dn\u00edch kombinac\u00ed, ale i \u0161anci vyzkou\u0161et si je na vlastn\u00ed k\u016f\u017ei \u2014 a pr\u00e1v\u011b tady jsme vstoupili do hry my, CCC. V\u00fdb\u011br [&hellip;]<\/p>\n","protected":false},"author":25,"featured_media":8223,"comment_status":"open","ping_status":"open","sticky":false,"template":"","format":"standard","meta":{"_acf_changed":false,"footnotes":""},"categories":[4,432,894,1019],"tags":[594,728,737,544],"class_list":["post-8222","post","type-post","status-publish","format-standard","has-post-thumbnail","hentry","category-modni-tipy","category-novinky","category-podzim-","category-zima","tag-damske-boty","tag-kabelky","tag-podzim","tag-zima"],"acf":[],"yoast_head":"<!-- This site is optimized with the Yoast SEO plugin v26.9 - https:\/\/yoast.com\/product\/yoast-seo-wordpress\/ -->\n<title>Od kapsulov\u00e9ho \u0161atn\u00edku k sebev\u011bdom\u00ed: CCC x Zuzana N. Str\u00e1sk\u00e1 - blog.ccc.eu\/cz<\/title>\n<meta name=\"description\" content=\"Objevte, jak vybrat obuv a kabelky, kter\u00e9 dopln\u00ed v\u00e1\u0161 kapsulov\u00fd \u0161atn\u00edk a podpo\u0159\u00ed osobn\u00ed styl s CCC a Zuzanou N. Str\u00e1skou 2026\" \/>\n<meta name=\"robots\" content=\"index, follow, max-snippet:-1, max-image-preview:large, max-video-preview:-1\" \/>\n<link rel=\"canonical\" href=\"https:\/\/blog.ccc.eu\/cz\/od-kapsuloveho-satniku-k-sebevedomi-ccc-x-zuzana-n-straska\/\" \/>\n<meta property=\"og:locale\" content=\"cs_CZ\" \/>\n<meta property=\"og:type\" content=\"article\" \/>\n<meta property=\"og:title\" content=\"Od kapsulov\u00e9ho \u0161atn\u00edku k sebev\u011bdom\u00ed: CCC x Zuzana N. Str\u00e1sk\u00e1 - blog.ccc.eu\/cz\" \/>\n<meta property=\"og:description\" content=\"Objevte, jak vybrat obuv a kabelky, kter\u00e9 dopln\u00ed v\u00e1\u0161 kapsulov\u00fd \u0161atn\u00edk a podpo\u0159\u00ed osobn\u00ed styl s CCC a Zuzanou N. Str\u00e1skou\" \/>\n<meta property=\"og:url\" content=\"https:\/\/blog.ccc.eu\/cz\/od-kapsuloveho-satniku-k-sebevedomi-ccc-x-zuzana-n-straska\/\" \/>\n<meta property=\"og:site_name\" content=\"blog.ccc.eu\/cz\" \/>\n<meta property=\"article:published_time\" content=\"2025-12-02T10:43:23+00:00\" \/>\n<meta property=\"article:modified_time\" content=\"2025-12-02T11:12:13+00:00\" \/>\n<meta property=\"og:image\" content=\"https:\/\/blog.ccc.eu\/cz\/wp-content\/uploads\/2025\/12\/thumbnail_image00003-scaled-e1764670140969.jpg\" \/>\n\t<meta property=\"og:image:width\" content=\"1707\" \/>\n\t<meta property=\"og:image:height\" content=\"1020\" \/>\n\t<meta property=\"og:image:type\" content=\"image\/jpeg\" \/>\n<meta name=\"author\" content=\"Petra Susilova\" \/>\n<meta name=\"twitter:card\" content=\"summary_large_image\" \/>\n<meta name=\"twitter:label1\" content=\"Napsal(a)\" \/>\n\t<meta name=\"twitter:data1\" content=\"Petra Susilova\" \/>\n\t<meta name=\"twitter:label2\" content=\"Odhadovan\u00e1 doba \u010dten\u00ed\" \/>\n\t<meta name=\"twitter:data2\" content=\"3 minuty\" \/>\n<script type=\"application\/ld+json\" class=\"yoast-schema-graph\">{\"@context\":\"https:\/\/schema.org\",\"@graph\":[{\"@type\":\"Article\",\"@id\":\"https:\/\/blog.ccc.eu\/cz\/od-kapsuloveho-satniku-k-sebevedomi-ccc-x-zuzana-n-straska\/#article\",\"isPartOf\":{\"@id\":\"https:\/\/blog.ccc.eu\/cz\/od-kapsuloveho-satniku-k-sebevedomi-ccc-x-zuzana-n-straska\/\"},\"author\":{\"name\":\"Petra Susilova\",\"@id\":\"https:\/\/blog.ccc.eu\/cz\/#\/schema\/person\/74ddaf45957c4c3e85587a666ba20782\"},\"headline\":\"Od kapsulov\u00e9ho \u0161atn\u00edku k sebev\u011bdom\u00ed: CCC x Zuzana N. Str\u00e1sk\u00e1\",\"datePublished\":\"2025-12-02T10:43:23+00:00\",\"dateModified\":\"2025-12-02T11:12:13+00:00\",\"mainEntityOfPage\":{\"@id\":\"https:\/\/blog.ccc.eu\/cz\/od-kapsuloveho-satniku-k-sebevedomi-ccc-x-zuzana-n-straska\/\"},\"wordCount\":392,\"commentCount\":0,\"publisher\":{\"@id\":\"https:\/\/blog.ccc.eu\/cz\/#organization\"},\"image\":{\"@id\":\"https:\/\/blog.ccc.eu\/cz\/od-kapsuloveho-satniku-k-sebevedomi-ccc-x-zuzana-n-straska\/#primaryimage\"},\"thumbnailUrl\":\"https:\/\/blog.ccc.eu\/cz\/wp-content\/uploads\/2025\/12\/thumbnail_image00003-scaled-e1764670140969.jpg\",\"keywords\":[\"D\u00e1msk\u00e9 boty\",\"kabelky\",\"podzim\",\"zima\"],\"articleSection\":[\"M\u00d3DN\u00cd TIPY\",\"NOVINKY\",\"PODZIM \ud83c\udf41\ud83c\udf42\",\"ZIMA\"],\"inLanguage\":\"cs\",\"potentialAction\":[{\"@type\":\"CommentAction\",\"name\":\"Comment\",\"target\":[\"https:\/\/blog.ccc.eu\/cz\/od-kapsuloveho-satniku-k-sebevedomi-ccc-x-zuzana-n-straska\/#respond\"]}]},{\"@type\":\"WebPage\",\"@id\":\"https:\/\/blog.ccc.eu\/cz\/od-kapsuloveho-satniku-k-sebevedomi-ccc-x-zuzana-n-straska\/\",\"url\":\"https:\/\/blog.ccc.eu\/cz\/od-kapsuloveho-satniku-k-sebevedomi-ccc-x-zuzana-n-straska\/\",\"name\":\"Od kapsulov\u00e9ho \u0161atn\u00edku k sebev\u011bdom\u00ed: CCC x Zuzana N. Str\u00e1sk\u00e1 - blog.ccc.eu\/cz\",\"isPartOf\":{\"@id\":\"https:\/\/blog.ccc.eu\/cz\/#website\"},\"primaryImageOfPage\":{\"@id\":\"https:\/\/blog.ccc.eu\/cz\/od-kapsuloveho-satniku-k-sebevedomi-ccc-x-zuzana-n-straska\/#primaryimage\"},\"image\":{\"@id\":\"https:\/\/blog.ccc.eu\/cz\/od-kapsuloveho-satniku-k-sebevedomi-ccc-x-zuzana-n-straska\/#primaryimage\"},\"thumbnailUrl\":\"https:\/\/blog.ccc.eu\/cz\/wp-content\/uploads\/2025\/12\/thumbnail_image00003-scaled-e1764670140969.jpg\",\"datePublished\":\"2025-12-02T10:43:23+00:00\",\"dateModified\":\"2025-12-02T11:12:13+00:00\",\"description\":\"Objevte, jak vybrat obuv a kabelky, kter\u00e9 dopln\u00ed v\u00e1\u0161 kapsulov\u00fd \u0161atn\u00edk a podpo\u0159\u00ed osobn\u00ed styl s CCC a Zuzanou N. Str\u00e1skou\",\"breadcrumb\":{\"@id\":\"https:\/\/blog.ccc.eu\/cz\/od-kapsuloveho-satniku-k-sebevedomi-ccc-x-zuzana-n-straska\/#breadcrumb\"},\"inLanguage\":\"cs\",\"potentialAction\":[{\"@type\":\"ReadAction\",\"target\":[\"https:\/\/blog.ccc.eu\/cz\/od-kapsuloveho-satniku-k-sebevedomi-ccc-x-zuzana-n-straska\/\"]}]},{\"@type\":\"ImageObject\",\"inLanguage\":\"cs\",\"@id\":\"https:\/\/blog.ccc.eu\/cz\/od-kapsuloveho-satniku-k-sebevedomi-ccc-x-zuzana-n-straska\/#primaryimage\",\"url\":\"https:\/\/blog.ccc.eu\/cz\/wp-content\/uploads\/2025\/12\/thumbnail_image00003-scaled-e1764670140969.jpg\",\"contentUrl\":\"https:\/\/blog.ccc.eu\/cz\/wp-content\/uploads\/2025\/12\/thumbnail_image00003-scaled-e1764670140969.jpg\",\"width\":1707,\"height\":1020,\"caption\":\"hn\u011bd\u00e9 a \u010dern\u00e9 mokas\u00edny\"},{\"@type\":\"BreadcrumbList\",\"@id\":\"https:\/\/blog.ccc.eu\/cz\/od-kapsuloveho-satniku-k-sebevedomi-ccc-x-zuzana-n-straska\/#breadcrumb\",\"itemListElement\":[{\"@type\":\"ListItem\",\"position\":1,\"name\":\"Strona g\u0142\u00f3wna\",\"item\":\"https:\/\/blog.ccc.eu\/cz\/\"},{\"@type\":\"ListItem\",\"position\":2,\"name\":\"Od kapsulov\u00e9ho \u0161atn\u00edku k sebev\u011bdom\u00ed: CCC x Zuzana N. Str\u00e1sk\u00e1\"}]},{\"@type\":\"WebSite\",\"@id\":\"https:\/\/blog.ccc.eu\/cz\/#website\",\"url\":\"https:\/\/blog.ccc.eu\/cz\/\",\"name\":\"blog.ccc.eu\/cz\",\"description\":\"Va\u0161e m\u00edsto pln\u00e9 m\u00f3dn\u00edch inspirac\u00ed\",\"publisher\":{\"@id\":\"https:\/\/blog.ccc.eu\/cz\/#organization\"},\"potentialAction\":[{\"@type\":\"SearchAction\",\"target\":{\"@type\":\"EntryPoint\",\"urlTemplate\":\"https:\/\/blog.ccc.eu\/cz\/?s={search_term_string}\"},\"query-input\":{\"@type\":\"PropertyValueSpecification\",\"valueRequired\":true,\"valueName\":\"search_term_string\"}}],\"inLanguage\":\"cs\"},{\"@type\":\"Organization\",\"@id\":\"https:\/\/blog.ccc.eu\/cz\/#organization\",\"name\":\"CCC S.A.\",\"url\":\"https:\/\/blog.ccc.eu\/cz\/\",\"logo\":{\"@type\":\"ImageObject\",\"inLanguage\":\"cs\",\"@id\":\"https:\/\/blog.ccc.eu\/cz\/#\/schema\/logo\/image\/\",\"url\":\"https:\/\/blog.ccc.eu\/cz\/wp-content\/uploads\/2021\/11\/logo_ccc.png\",\"contentUrl\":\"https:\/\/blog.ccc.eu\/cz\/wp-content\/uploads\/2021\/11\/logo_ccc.png\",\"width\":730,\"height\":270,\"caption\":\"CCC S.A.\"},\"image\":{\"@id\":\"https:\/\/blog.ccc.eu\/cz\/#\/schema\/logo\/image\/\"}},{\"@type\":\"Person\",\"@id\":\"https:\/\/blog.ccc.eu\/cz\/#\/schema\/person\/74ddaf45957c4c3e85587a666ba20782\",\"name\":\"Petra Susilova\",\"image\":{\"@type\":\"ImageObject\",\"inLanguage\":\"cs\",\"@id\":\"https:\/\/blog.ccc.eu\/cz\/#\/schema\/person\/image\/\",\"url\":\"https:\/\/secure.gravatar.com\/avatar\/2eeba86289b6f51c358487152d296aa19002ba9c061f1bb2f0c5f86ed31e132f?s=96&r=g\",\"contentUrl\":\"https:\/\/secure.gravatar.com\/avatar\/2eeba86289b6f51c358487152d296aa19002ba9c061f1bb2f0c5f86ed31e132f?s=96&r=g\",\"caption\":\"Petra Susilova\"},\"url\":\"https:\/\/blog.ccc.eu\/cz\/author\/petra-susilova\/\"}]}<\/script>\n<!-- \/ Yoast SEO plugin. -->","yoast_head_json":{"title":"Od kapsulov\u00e9ho \u0161atn\u00edku k sebev\u011bdom\u00ed: CCC x Zuzana N. Str\u00e1sk\u00e1 - blog.ccc.eu\/cz","description":"Objevte, jak vybrat obuv a kabelky, kter\u00e9 dopln\u00ed v\u00e1\u0161 kapsulov\u00fd \u0161atn\u00edk a podpo\u0159\u00ed osobn\u00ed styl s CCC a Zuzanou N. Str\u00e1skou 2026","robots":{"index":"index","follow":"follow","max-snippet":"max-snippet:-1","max-image-preview":"max-image-preview:large","max-video-preview":"max-video-preview:-1"},"canonical":"https:\/\/blog.ccc.eu\/cz\/od-kapsuloveho-satniku-k-sebevedomi-ccc-x-zuzana-n-straska\/","og_locale":"cs_CZ","og_type":"article","og_title":"Od kapsulov\u00e9ho \u0161atn\u00edku k sebev\u011bdom\u00ed: CCC x Zuzana N. Str\u00e1sk\u00e1 - blog.ccc.eu\/cz","og_description":"Objevte, jak vybrat obuv a kabelky, kter\u00e9 dopln\u00ed v\u00e1\u0161 kapsulov\u00fd \u0161atn\u00edk a podpo\u0159\u00ed osobn\u00ed styl s CCC a Zuzanou N. Str\u00e1skou","og_url":"https:\/\/blog.ccc.eu\/cz\/od-kapsuloveho-satniku-k-sebevedomi-ccc-x-zuzana-n-straska\/","og_site_name":"blog.ccc.eu\/cz","article_published_time":"2025-12-02T10:43:23+00:00","article_modified_time":"2025-12-02T11:12:13+00:00","og_image":[{"width":1707,"height":1020,"url":"https:\/\/blog.ccc.eu\/cz\/wp-content\/uploads\/2025\/12\/thumbnail_image00003-scaled-e1764670140969.jpg","type":"image\/jpeg"}],"author":"Petra Susilova","twitter_card":"summary_large_image","twitter_misc":{"Napsal(a)":"Petra Susilova","Odhadovan\u00e1 doba \u010dten\u00ed":"3 minuty"},"schema":{"@context":"https:\/\/schema.org","@graph":[{"@type":"Article","@id":"https:\/\/blog.ccc.eu\/cz\/od-kapsuloveho-satniku-k-sebevedomi-ccc-x-zuzana-n-straska\/#article","isPartOf":{"@id":"https:\/\/blog.ccc.eu\/cz\/od-kapsuloveho-satniku-k-sebevedomi-ccc-x-zuzana-n-straska\/"},"author":{"name":"Petra Susilova","@id":"https:\/\/blog.ccc.eu\/cz\/#\/schema\/person\/74ddaf45957c4c3e85587a666ba20782"},"headline":"Od kapsulov\u00e9ho \u0161atn\u00edku k sebev\u011bdom\u00ed: CCC x Zuzana N. Str\u00e1sk\u00e1","datePublished":"2025-12-02T10:43:23+00:00","dateModified":"2025-12-02T11:12:13+00:00","mainEntityOfPage":{"@id":"https:\/\/blog.ccc.eu\/cz\/od-kapsuloveho-satniku-k-sebevedomi-ccc-x-zuzana-n-straska\/"},"wordCount":392,"commentCount":0,"publisher":{"@id":"https:\/\/blog.ccc.eu\/cz\/#organization"},"image":{"@id":"https:\/\/blog.ccc.eu\/cz\/od-kapsuloveho-satniku-k-sebevedomi-ccc-x-zuzana-n-straska\/#primaryimage"},"thumbnailUrl":"https:\/\/blog.ccc.eu\/cz\/wp-content\/uploads\/2025\/12\/thumbnail_image00003-scaled-e1764670140969.jpg","keywords":["D\u00e1msk\u00e9 boty","kabelky","podzim","zima"],"articleSection":["M\u00d3DN\u00cd TIPY","NOVINKY","PODZIM \ud83c\udf41\ud83c\udf42","ZIMA"],"inLanguage":"cs","potentialAction":[{"@type":"CommentAction","name":"Comment","target":["https:\/\/blog.ccc.eu\/cz\/od-kapsuloveho-satniku-k-sebevedomi-ccc-x-zuzana-n-straska\/#respond"]}]},{"@type":"WebPage","@id":"https:\/\/blog.ccc.eu\/cz\/od-kapsuloveho-satniku-k-sebevedomi-ccc-x-zuzana-n-straska\/","url":"https:\/\/blog.ccc.eu\/cz\/od-kapsuloveho-satniku-k-sebevedomi-ccc-x-zuzana-n-straska\/","name":"Od kapsulov\u00e9ho \u0161atn\u00edku k sebev\u011bdom\u00ed: CCC x Zuzana N. Str\u00e1sk\u00e1 - blog.ccc.eu\/cz","isPartOf":{"@id":"https:\/\/blog.ccc.eu\/cz\/#website"},"primaryImageOfPage":{"@id":"https:\/\/blog.ccc.eu\/cz\/od-kapsuloveho-satniku-k-sebevedomi-ccc-x-zuzana-n-straska\/#primaryimage"},"image":{"@id":"https:\/\/blog.ccc.eu\/cz\/od-kapsuloveho-satniku-k-sebevedomi-ccc-x-zuzana-n-straska\/#primaryimage"},"thumbnailUrl":"https:\/\/blog.ccc.eu\/cz\/wp-content\/uploads\/2025\/12\/thumbnail_image00003-scaled-e1764670140969.jpg","datePublished":"2025-12-02T10:43:23+00:00","dateModified":"2025-12-02T11:12:13+00:00","description":"Objevte, jak vybrat obuv a kabelky, kter\u00e9 dopln\u00ed v\u00e1\u0161 kapsulov\u00fd \u0161atn\u00edk a podpo\u0159\u00ed osobn\u00ed styl s CCC a Zuzanou N. Str\u00e1skou","breadcrumb":{"@id":"https:\/\/blog.ccc.eu\/cz\/od-kapsuloveho-satniku-k-sebevedomi-ccc-x-zuzana-n-straska\/#breadcrumb"},"inLanguage":"cs","potentialAction":[{"@type":"ReadAction","target":["https:\/\/blog.ccc.eu\/cz\/od-kapsuloveho-satniku-k-sebevedomi-ccc-x-zuzana-n-straska\/"]}]},{"@type":"ImageObject","inLanguage":"cs","@id":"https:\/\/blog.ccc.eu\/cz\/od-kapsuloveho-satniku-k-sebevedomi-ccc-x-zuzana-n-straska\/#primaryimage","url":"https:\/\/blog.ccc.eu\/cz\/wp-content\/uploads\/2025\/12\/thumbnail_image00003-scaled-e1764670140969.jpg","contentUrl":"https:\/\/blog.ccc.eu\/cz\/wp-content\/uploads\/2025\/12\/thumbnail_image00003-scaled-e1764670140969.jpg","width":1707,"height":1020,"caption":"hn\u011bd\u00e9 a \u010dern\u00e9 mokas\u00edny"},{"@type":"BreadcrumbList","@id":"https:\/\/blog.ccc.eu\/cz\/od-kapsuloveho-satniku-k-sebevedomi-ccc-x-zuzana-n-straska\/#breadcrumb","itemListElement":[{"@type":"ListItem","position":1,"name":"Strona g\u0142\u00f3wna","item":"https:\/\/blog.ccc.eu\/cz\/"},{"@type":"ListItem","position":2,"name":"Od kapsulov\u00e9ho \u0161atn\u00edku k sebev\u011bdom\u00ed: CCC x Zuzana N. Str\u00e1sk\u00e1"}]},{"@type":"WebSite","@id":"https:\/\/blog.ccc.eu\/cz\/#website","url":"https:\/\/blog.ccc.eu\/cz\/","name":"blog.ccc.eu\/cz","description":"Va\u0161e m\u00edsto pln\u00e9 m\u00f3dn\u00edch inspirac\u00ed","publisher":{"@id":"https:\/\/blog.ccc.eu\/cz\/#organization"},"potentialAction":[{"@type":"SearchAction","target":{"@type":"EntryPoint","urlTemplate":"https:\/\/blog.ccc.eu\/cz\/?s={search_term_string}"},"query-input":{"@type":"PropertyValueSpecification","valueRequired":true,"valueName":"search_term_string"}}],"inLanguage":"cs"},{"@type":"Organization","@id":"https:\/\/blog.ccc.eu\/cz\/#organization","name":"CCC S.A.","url":"https:\/\/blog.ccc.eu\/cz\/","logo":{"@type":"ImageObject","inLanguage":"cs","@id":"https:\/\/blog.ccc.eu\/cz\/#\/schema\/logo\/image\/","url":"https:\/\/blog.ccc.eu\/cz\/wp-content\/uploads\/2021\/11\/logo_ccc.png","contentUrl":"https:\/\/blog.ccc.eu\/cz\/wp-content\/uploads\/2021\/11\/logo_ccc.png","width":730,"height":270,"caption":"CCC S.A."},"image":{"@id":"https:\/\/blog.ccc.eu\/cz\/#\/schema\/logo\/image\/"}},{"@type":"Person","@id":"https:\/\/blog.ccc.eu\/cz\/#\/schema\/person\/74ddaf45957c4c3e85587a666ba20782","name":"Petra Susilova","image":{"@type":"ImageObject","inLanguage":"cs","@id":"https:\/\/blog.ccc.eu\/cz\/#\/schema\/person\/image\/","url":"https:\/\/secure.gravatar.com\/avatar\/2eeba86289b6f51c358487152d296aa19002ba9c061f1bb2f0c5f86ed31e132f?s=96&r=g","contentUrl":"https:\/\/secure.gravatar.com\/avatar\/2eeba86289b6f51c358487152d296aa19002ba9c061f1bb2f0c5f86ed31e132f?s=96&r=g","caption":"Petra Susilova"},"url":"https:\/\/blog.ccc.eu\/cz\/author\/petra-susilova\/"}]}},"_links":{"self":[{"href":"https:\/\/blog.ccc.eu\/cz\/wp-json\/wp\/v2\/posts\/8222","targetHints":{"allow":["GET"]}}],"collection":[{"href":"https:\/\/blog.ccc.eu\/cz\/wp-json\/wp\/v2\/posts"}],"about":[{"href":"https:\/\/blog.ccc.eu\/cz\/wp-json\/wp\/v2\/types\/post"}],"author":[{"embeddable":true,"href":"https:\/\/blog.ccc.eu\/cz\/wp-json\/wp\/v2\/users\/25"}],"replies":[{"embeddable":true,"href":"https:\/\/blog.ccc.eu\/cz\/wp-json\/wp\/v2\/comments?post=8222"}],"version-history":[{"count":5,"href":"https:\/\/blog.ccc.eu\/cz\/wp-json\/wp\/v2\/posts\/8222\/revisions"}],"predecessor-version":[{"id":8236,"href":"https:\/\/blog.ccc.eu\/cz\/wp-json\/wp\/v2\/posts\/8222\/revisions\/8236"}],"wp:featuredmedia":[{"embeddable":true,"href":"https:\/\/blog.ccc.eu\/cz\/wp-json\/wp\/v2\/media\/8223"}],"wp:attachment":[{"href":"https:\/\/blog.ccc.eu\/cz\/wp-json\/wp\/v2\/media?parent=8222"}],"wp:term":[{"taxonomy":"category","embeddable":true,"href":"https:\/\/blog.ccc.eu\/cz\/wp-json\/wp\/v2\/categories?post=8222"},{"taxonomy":"post_tag","embeddable":true,"href":"https:\/\/blog.ccc.eu\/cz\/wp-json\/wp\/v2\/tags?post=8222"}],"curies":[{"name":"wp","href":"https:\/\/api.w.org\/{rel}","templated":true}]}}