{"id":8233,"date":"2025-11-17T11:44:16","date_gmt":"2025-11-17T10:44:16","guid":{"rendered":"https:\/\/blog.ccc.eu\/cz\/?p=8233"},"modified":"2025-12-05T08:45:47","modified_gmt":"2025-12-05T07:45:47","slug":"10-tipu-co-vlozit-do-adventniho-kalendare","status":"publish","type":"post","link":"https:\/\/blog.ccc.eu\/cz\/10-tipu-co-vlozit-do-adventniho-kalendare\/","title":{"rendered":"10 tip\u016f, co vlo\u017eit do adventn\u00edho kalend\u00e1\u0159e"},"content":{"rendered":"\n<p><em>Kone\u010dn\u011b je to tady! Ve vzduchu za\u010d\u00edn\u00e1 b\u00fdt c\u00edtit pern\u00ed\u010dky, v domech a bytech za\u010d\u00ednaj\u00ed blikat sv\u011bt\u00fdlka a brzy budeme odpo\u010d\u00edt\u00e1vat dny do \u0160t\u011bdr\u00e9ho dne. Pod\u00edvejte se na tipy, co m\u016f\u017eete sv\u00fdm bl\u00edzk\u00fdm vlo\u017eit do adventn\u00edho kalend\u00e1\u0159e<\/em><\/p>\n\n\n\n<p>Nev\u00edm, jak vy, ale j\u00e1 miluju pln\u011bn\u00ed adventn\u00edho kalend\u00e1\u0159e! I kdy\u017e jsem jako d\u00edt\u011b dost\u00e1vala klasick\u00fd s \u010dokol\u00e1dami, jako dosp\u011bl\u00e1 jsem naprosto proti a sna\u017e\u00edm se d\u011btem vytvo\u0159it trochu netradi\u010dn\u00ed kalend\u00e1\u0159, ve kter\u00e9m najdou drobnosti, n\u011bkdy vzkazy, n\u011bkdy pl\u00e1ny na spole\u010dn\u00e9 rodinn\u00e9 aktivity. A \u010dasto se sna\u017e\u00edm spojit p\u0159\u00edjemn\u00e9 a radostn\u00e9 s u\u017eite\u010dn\u00fdm a vlo\u017eit jim tam i n\u011bco, co bych stejn\u011b musela koupit a z\u00e1rove\u0148 v\u00edm, \u017ee jim to ud\u011bl\u00e1 radost.<\/p>\n\n\n\n<figure class=\"wp-block-gallery has-nested-images columns-default is-cropped wp-block-gallery-1 is-layout-flex wp-block-gallery-is-layout-flex\">\n<figure class=\"wp-block-image size-large\"><img loading=\"lazy\" decoding=\"async\" width=\"724\" height=\"483\" data-id=\"8234\" src=\"https:\/\/blog.ccc.eu\/cz\/wp-content\/uploads\/2025\/12\/GettyImages-1339421766-1.jpg\" alt=\"\" class=\"wp-image-8234\" srcset=\"https:\/\/blog.ccc.eu\/cz\/wp-content\/uploads\/2025\/12\/GettyImages-1339421766-1.jpg 724w, https:\/\/blog.ccc.eu\/cz\/wp-content\/uploads\/2025\/12\/GettyImages-1339421766-1-300x200.jpg 300w, https:\/\/blog.ccc.eu\/cz\/wp-content\/uploads\/2025\/12\/GettyImages-1339421766-1-100x67.jpg 100w\" sizes=\"auto, (max-width: 724px) 100vw, 724px\" \/><\/figure>\n<\/figure>\n\n\n\n<p><\/p>\n\n\n\n<p>P\u0159i tvorb\u011b leto\u0161n\u00edho adventn\u00edho kalend\u00e1\u0159e jsem pro v\u00e1s p\u0159ipravila 10 tip\u016f, co do sv\u00fdch adventn\u00edch kalend\u00e1\u0159\u016f m\u016f\u017eete vlo\u017eit i vy pro sv\u00e9 d\u011bti a z\u00e1rove\u0148 vyu\u017e\u00edt toho, \u017ee to m\u016f\u017eete d\u00e1t do kalend\u00e1\u0159e, i kdy\u017e byste to stejn\u011b pot\u0159ebovali koupit.<\/p>\n\n\n\n<h2 class=\"wp-block-heading\"><strong>Rukavice<\/strong><\/h2>\n\n\n\n<p>Tohle je u n\u00e1s velk\u00e1 v\u011bc, kterou \u0159e\u0161\u00edme skoro ka\u017ed\u00fd rok. Bu\u010f se roztrhnou, nebo se jedna z p\u00e1ru ztrat\u00ed, nebo se u\u0161pin\u00ed natolik, \u017ee jsou nenositeln\u00e9\u2026 A tak t\u00e9m\u011b\u0159 ka\u017ed\u00fd rok kupujeme <a href=\"https:\/\/ccc.eu\/cz\/cs\/c\/damske\/doplnky-obleceni\/obleceni\/rukavice\">rukavice<\/a> \u2013 n\u011bkter\u00e9 opravdu oby\u010dejn\u00e9 l\u00e1tkov\u00e9, ale v p\u0159\u00edpad\u011b pot\u0159eby i \u201ev\u00e1\u017en\u011bj\u0161\u00ed\u201c na opravdov\u00e9 sn\u011bhov\u00e9 radov\u00e1nky.<\/p>\n\n\n<shortcode prop-load-num=\"12\" prop-display-num=\"2\" prop-sku=\"5905588993513, 5906751365281\" prop-view=\"slider\"><\/shortcode>        <div\r\n            class=\"eob-pf-shortcode\"\r\n            id=\"eobpf69f2414856c67\"\r\n        >\r\n            <shortcode prop-load-num=\"12\" prop-display-num=\"2\" prop-sku=\"5905588993513, 5906751365281\" prop-view=\"slider\"><\/shortcode>        <\/div>\r\n\t\t<script>\r\n\t\t\tjQuery(document).ready(() => {\r\n\t\t\t    const root = document.getElementById('eobpf69f2414856c67');\r\n                Vue.createApp({\r\n\t                components: {\r\n\t                    shortcode\r\n\t                }\r\n                }).mount(root);\r\n\t\t\t});\r\n\t\t<\/script>\r\n\t\t\r\n\t\t\n\n\n\n<p><\/p>\n\n\n\n<h2 class=\"wp-block-heading\"><strong>Pono\u017eky<\/strong><\/h2>\n\n\n\n<p>To je dal\u0161\u00ed v\u011bc, o kter\u00e9 se s \u00fasm\u011bvem \u0159\u00edk\u00e1 \u201ezase <a href=\"https:\/\/ccc.eu\/cz\/cs\/c\/detske\/doplnky-oblecenie\/oblecenie\/ponozky\">pono\u017eky<\/a>\u201c. Ve skute\u010dnosti jde podle m\u011b o jeden z nejrychleji spot\u0159ebov\u00e1van\u00fdch produkt\u016f v dom\u00e1cnosti. Nav\u00edc ur\u010dit\u011b v\u0161ichni zn\u00e1te pra\u010dku, kter\u00e1 se pono\u017ekami \u017eiv\u00ed, a d\u011bti tak\u00e9 dok\u00e1\u017eou n\u011bkter\u00e9 za\u0161pinit tak, \u017ee u\u017e se nosit nedaj\u00ed. A ty d\u00edrky, kter\u00e9 \u010dasto vznikaj\u00ed, a palce, kter\u00e9 si pak \u0159\u00edkaj\u00ed o j\u00eddlo\u2026<\/p>\n\n\n\n<p>Jednodu\u0161e pono\u017eky jsou ide\u00e1ln\u00ed a hod\u00ed se v\u017edy. A pokud jsou na nich nav\u00edc i obl\u00edben\u00e9 poh\u00e1dkov\u00e9 postavi\u010dky, nen\u00ed co \u0159e\u0161it \u2014 bude to nejobl\u00edben\u011bj\u0161\u00ed ok\u00e9nko v adventn\u00edm kalend\u00e1\u0159i.<\/p>\n\n\n<shortcode prop-load-num=\"12\" prop-display-num=\"4\" prop-sku=\"5906751426340, 5906751426357, 5906751434369, 5906751426364\" prop-view=\"slider\"><\/shortcode>        <div\r\n            class=\"eob-pf-shortcode\"\r\n            id=\"eobpf69f2414856d6c\"\r\n        >\r\n            <shortcode prop-load-num=\"12\" prop-display-num=\"4\" prop-sku=\"5906751426340, 5906751426357, 5906751434369, 5906751426364\" prop-view=\"slider\"><\/shortcode>        <\/div>\r\n\t\t<script>\r\n\t\t\tjQuery(document).ready(() => {\r\n\t\t\t    const root = document.getElementById('eobpf69f2414856d6c');\r\n                Vue.createApp({\r\n\t                components: {\r\n\t                    shortcode\r\n\t                }\r\n                }).mount(root);\r\n\t\t\t});\r\n\t\t<\/script>\r\n\t\t\r\n\t\t\n\n\n\n<p><\/p>\n\n\n\n<h2 class=\"wp-block-heading\"><strong>Sladkosti<\/strong><\/h2>\n\n\n\n<p>Ano, sou\u010d\u00e1st\u00ed adventn\u00edho kalend\u00e1\u0159e by m\u011bly b\u00fdt i sladkosti \u2014 d\u011bti by opravdu nebyly nad\u0161en\u00e9, kdyby tam nic takov\u00e9ho nena\u0161ly. Ty moje nap\u0159\u00edklad miluj\u00ed hroznov\u00fd cukr, co\u017e m\u011b t\u011b\u0161\u00ed, proto\u017ee nen\u00ed a\u017e tak drah\u00fd. (sm\u00edch) Obecn\u011b se jim sna\u017e\u00edm d\u00e1vat sp\u00ed\u0161e zdrav\u011bj\u0161\u00ed sladkosti, kter\u00e9 pro n\u011b v budoucnu nebudou p\u0159edstavovat devasta\u010dn\u00ed dopad na zdrav\u00ed.<\/p>\n\n\n\n<h2 class=\"wp-block-heading\"><strong>\u010cepice<\/strong><\/h2>\n\n\n\n<p>Nev\u00edm, jak va\u0161e d\u011bti, ale ty moje dok\u00e1\u017eou ka\u017edou zimu ztratit <a href=\"https:\/\/ccc.eu\/cz\/cs\/c\/detske\/doplnky-obleceni\/obleceni\/zimni-cepice\">\u010depici<\/a>. Ale nejen to je d\u016fvod, pro\u010d t\u00e9m\u011b\u0159 ka\u017ed\u00fd rok kupujeme n\u011bjakou novou. D\u016fvodem je tak\u00e9 zm\u011bna stylu, d\u00edt\u011b roste, dosp\u00edv\u00e1, m\u011bn\u00ed se jeho preference. A tak\u00e9 bunda nebo kab\u00e1tek, ke kter\u00fdm se sna\u017e\u00edme ty \u010depice sladit.<\/p>\n\n\n<shortcode prop-load-num=\"12\" prop-display-num=\"4\" prop-sku=\"5906751434529, 5906751434208, 5906751434253, 5906751434215\" prop-view=\"slider\"><\/shortcode>        <div\r\n            class=\"eob-pf-shortcode\"\r\n            id=\"eobpf69f2414856dab\"\r\n        >\r\n            <shortcode prop-load-num=\"12\" prop-display-num=\"4\" prop-sku=\"5906751434529, 5906751434208, 5906751434253, 5906751434215\" prop-view=\"slider\"><\/shortcode>        <\/div>\r\n\t\t<script>\r\n\t\t\tjQuery(document).ready(() => {\r\n\t\t\t    const root = document.getElementById('eobpf69f2414856dab');\r\n                Vue.createApp({\r\n\t                components: {\r\n\t                    shortcode\r\n\t                }\r\n                }).mount(root);\r\n\t\t\t});\r\n\t\t<\/script>\r\n\t\t\r\n\t\t\n\n\n\n<p><\/p>\n\n\n\n<h2 class=\"wp-block-heading\"><strong>Sada \u010depice a n\u00e1kr\u010dn\u00edku<\/strong><\/h2>\n\n\n\n<p>V\u00edte, v \u010dem spo\u010d\u00edv\u00e1 v\u00fdhoda setu? \u017de ho m\u016f\u017eete v adventn\u00edm kalend\u00e1\u0159i rozd\u011blit do dvou dn\u00ed! Jeden den si d\u00edt\u011b najde \u010depici a druh\u00fd den n\u00e1kr\u010dn\u00edk. Je to win-win situace pro v\u00e1s oba, op\u011bt hlavn\u011b tehdy, kdy\u017e si d\u00edt\u011b v kalend\u00e1\u0159i najde postavi\u010dky, kter\u00e9 miluje.<\/p>\n\n\n<shortcode prop-load-num=\"12\" prop-display-num=\"4\" prop-sku=\"5906751426777, 5906751426753, 5906751434239, 5906751434260\" prop-view=\"slider\"><\/shortcode>        <div\r\n            class=\"eob-pf-shortcode\"\r\n            id=\"eobpf69f2414856dd3\"\r\n        >\r\n            <shortcode prop-load-num=\"12\" prop-display-num=\"4\" prop-sku=\"5906751426777, 5906751426753, 5906751434239, 5906751434260\" prop-view=\"slider\"><\/shortcode>        <\/div>\r\n\t\t<script>\r\n\t\t\tjQuery(document).ready(() => {\r\n\t\t\t    const root = document.getElementById('eobpf69f2414856dd3');\r\n                Vue.createApp({\r\n\t                components: {\r\n\t                    shortcode\r\n\t                }\r\n                }).mount(root);\r\n\t\t\t});\r\n\t\t<\/script>\r\n\t\t\r\n\t\t\n\n\n\n<p><\/p>\n\n\n\n<h2 class=\"wp-block-heading\"><strong>Vstupenky do kina<\/strong><\/h2>\n\n\n\n<p>J\u00e1 velmi doporu\u010duji, aby adventn\u00ed kalend\u00e1\u0159e nebyly jen o materi\u00e1ln\u00edch v\u011bcech. Klidn\u011b do nich d\u011btem vlo\u017ete nap\u0159\u00edklad vstupenky do kina \u010di do divadla, kter\u00e9 tak\u00e9 m\u016f\u017eete rozd\u011blit na v\u00edce dn\u00ed (po jednom l\u00edstku na ka\u017ed\u00fd den), aby se kalend\u00e1\u0159 v\u00fdrazn\u011b nezdra\u017eil.<\/p>\n\n\n\n<h2 class=\"wp-block-heading\"><strong>Pro milovn\u00edky Crocs<\/strong><\/h2>\n\n\n\n<p>Ti, kte\u0159\u00ed v l\u00e9t\u011b r\u00e1di nos\u00ed <a href=\"https:\/\/ccc.eu\/cz\/cs\/c\/detske\/znacky\/crocs\">Crocsy<\/a>, se ur\u010dit\u011b pot\u011b\u0161\u00ed, kdy\u017e v adventn\u00edm kalend\u00e1\u0159i najdou ozdoby na n\u011b. A op\u011bt plat\u00ed, \u017ee i tyto lze s ur\u010dit\u00fdm rozestupem rozd\u011blit do v\u00edce dn\u00ed, co\u017e \u010din\u00ed d\u00e1rek ekonomi\u010dt\u011bj\u0161\u00edm. Alespo\u0148 j\u00e1 to tak d\u011bl\u00e1m \u2014 pokud je to mo\u017en\u00e9, rozd\u011bl\u00edm stejn\u00fd typ d\u00e1rku do v\u00edce ok\u00e9nek s \u010dasov\u00fdm odstupem, aby se d\u011bti po p\u00e1r dnech znovu pot\u011b\u0161ily. Zejm\u00e9na pokud ho maj\u00ed opravdu r\u00e1dy.<\/p>\n\n\n<shortcode prop-load-num=\"12\" prop-display-num=\"4\" prop-sku=\"5906751067192, 5906751067352, 5906751067116, 5903419923722\" prop-view=\"slider\"><\/shortcode>        <div\r\n            class=\"eob-pf-shortcode\"\r\n            id=\"eobpf69f2414856df7\"\r\n        >\r\n            <shortcode prop-load-num=\"12\" prop-display-num=\"4\" prop-sku=\"5906751067192, 5906751067352, 5906751067116, 5903419923722\" prop-view=\"slider\"><\/shortcode>        <\/div>\r\n\t\t<script>\r\n\t\t\tjQuery(document).ready(() => {\r\n\t\t\t    const root = document.getElementById('eobpf69f2414856df7');\r\n                Vue.createApp({\r\n\t                components: {\r\n\t                    shortcode\r\n\t                }\r\n                }).mount(root);\r\n\t\t\t});\r\n\t\t<\/script>\r\n\t\t\r\n\t\t\n\n\n\n<p><\/p>\n\n\n\n<h2 class=\"wp-block-heading\"><strong>Kabelky a ledvinky<\/strong><\/h2>\n\n\n\n<p>Uzn\u00e1v\u00e1m, \u017ee jde sp\u00ed\u0161e o d\u00e1rek pro holky, ale pot\u011b\u0161\u00ed i kluky \u2013 zvl\u00e1\u0161\u0165 pokud zvol\u00edte tematick\u00fd motiv odpov\u00eddaj\u00edc\u00ed jejich z\u00e1jm\u016fm. Oby\u010dejn\u00e1 <a href=\"https:\/\/ccc.eu\/cz\/cs\/c\/detske\/tasky-kufry-batohy\/tasky\">ta\u0161ti\u010dka<\/a> se tak snadno prom\u011bn\u00ed v kouzeln\u00e9 m\u00edsto, kam si d\u011bti budou ukl\u00e1dat drobnosti z adventn\u00edho kalend\u00e1\u0159e. Nebo cokoliv jin\u00e9ho, proto\u017ee v nab\u00eddce CCC najdete skv\u011bl\u00e9 ta\u0161ky i pro v\u011bt\u0161\u00ed d\u011bti.<\/p>\n\n\n<shortcode prop-load-num=\"12\" prop-display-num=\"4\" prop-sku=\"5906751027226, 5906751027240, 5906751391785, 5906751390689\" prop-view=\"slider\"><\/shortcode>        <div\r\n            class=\"eob-pf-shortcode\"\r\n            id=\"eobpf69f2414856e1b\"\r\n        >\r\n            <shortcode prop-load-num=\"12\" prop-display-num=\"4\" prop-sku=\"5906751027226, 5906751027240, 5906751391785, 5906751390689\" prop-view=\"slider\"><\/shortcode>        <\/div>\r\n\t\t<script>\r\n\t\t\tjQuery(document).ready(() => {\r\n\t\t\t    const root = document.getElementById('eobpf69f2414856e1b');\r\n                Vue.createApp({\r\n\t                components: {\r\n\t                    shortcode\r\n\t                }\r\n                }).mount(root);\r\n\t\t\t});\r\n\t\t<\/script>\r\n\t\t\r\n\t\t\n\n\n\n<p><\/p>\n\n\n\n<h2 class=\"wp-block-heading\"><strong>Pen\u011b\u017eenka<\/strong><\/h2>\n\n\n\n<p>I kdy\u017e <a href=\"https:\/\/ccc.eu\/cz\/cs\/c\/damske\/doplnky-obleceni\/doplnky\/penezenky\">pen\u011b\u017eenky<\/a> \u010dasto dost\u00e1vaj\u00ed i men\u0161\u00ed d\u011bti, osobn\u011b m\u00e1m pocit, \u017ee jde sp\u00ed\u0161e o d\u00e1rek pro star\u0161\u00ed d\u011bti. Proto m\u016f\u017eete zvolit i \u201ev\u00e1\u017en\u011bj\u0161\u00ed\u201c design, kter\u00fd star\u0161\u00ed d\u011bti ocen\u00ed a bez ostychu jej vyt\u00e1hnou p\u0159ed ostatn\u00edmi. Z\u00e1rove\u0148 myslete na to, \u017ee v tomto v\u011bku ji mohou snadn\u011bji ztratit, a proto dbejte i na p\u0159im\u011b\u0159enou cenu.<\/p>\n\n\n<shortcode prop-load-num=\"12\" prop-display-num=\"2\" prop-sku=\"5906751366554, 5906751366608\" prop-view=\"slider\"><\/shortcode>        <div\r\n            class=\"eob-pf-shortcode\"\r\n            id=\"eobpf69f2414856e3c\"\r\n        >\r\n            <shortcode prop-load-num=\"12\" prop-display-num=\"2\" prop-sku=\"5906751366554, 5906751366608\" prop-view=\"slider\"><\/shortcode>        <\/div>\r\n\t\t<script>\r\n\t\t\tjQuery(document).ready(() => {\r\n\t\t\t    const root = document.getElementById('eobpf69f2414856e3c');\r\n                Vue.createApp({\r\n\t                components: {\r\n\t                    shortcode\r\n\t                }\r\n                }).mount(root);\r\n\t\t\t});\r\n\t\t<\/script>\r\n\t\t\r\n\t\t\n\n\n\n<p><\/p>\n\n\n\n<h2 class=\"wp-block-heading\"><strong>Spole\u010dn\u00e1 aktivita<\/strong><\/h2>\n\n\n\n<p>A i kdy\u017e jsem u\u017e zm\u00ednila vstupenky do kina \u010di divadla, ur\u010dit\u011b je v r\u00e1mci ekonomick\u00e9ho p\u0159\u00edstupu k adventn\u00edmu kalend\u00e1\u0159i vhodn\u00e9 do n\u011bkolika ok\u00e9nek vlo\u017eit i spole\u010dnou aktivitu, kter\u00e1 nestoj\u00ed nic \u2013 jen v\u00e1\u0161 \u010das. Nap\u0159\u00edklad d\u011btem v l\u00edstku sl\u00edbit, \u017ee si dnes ve\u010der spole\u010dn\u011b zahrajete karty nebo \u010clov\u011b\u010de, nezlob se, nebo se p\u016fjdete proj\u00edt, nebo si ve\u010der rozpust\u00edte \u010dokol\u00e1du a popov\u00edd\u00e1te si. N\u011bkdy toti\u017e to nejv\u00edc, co m\u016f\u017eeme d\u00e1t, je jednodu\u0161e spole\u010dn\u00fd \u010das, kter\u00fd n\u00e1s nic nestoj\u00ed.<\/p>\n\n\n\n<p>V\u0161em n\u00e1m velmi p\u0159eji, aby se n\u00e1m poda\u0159ilo vytvo\u0159it adventn\u00ed kalend\u00e1\u0159, kter\u00fd na\u0161im bl\u00edzk\u00fdm ud\u011bl\u00e1 radost, a z\u00e1rove\u0148 aby n\u00e1s bavila i jeho p\u0159\u00edprava.<\/p>\n\n\n\n<figure class=\"wp-block-gallery has-nested-images columns-default is-cropped wp-block-gallery-2 is-layout-flex wp-block-gallery-is-layout-flex\">\n<figure class=\"wp-block-image size-large\"><img loading=\"lazy\" decoding=\"async\" width=\"1024\" height=\"268\" data-id=\"8238\" src=\"https:\/\/blog.ccc.eu\/cz\/wp-content\/uploads\/2025\/11\/638974205454870000-Listing-HD-1300x340-K-CZ-1-1024x268.jpg\" alt=\"\" class=\"wp-image-8238\" srcset=\"https:\/\/blog.ccc.eu\/cz\/wp-content\/uploads\/2025\/11\/638974205454870000-Listing-HD-1300x340-K-CZ-1-1024x268.jpg 1024w, https:\/\/blog.ccc.eu\/cz\/wp-content\/uploads\/2025\/11\/638974205454870000-Listing-HD-1300x340-K-CZ-1-300x78.jpg 300w, https:\/\/blog.ccc.eu\/cz\/wp-content\/uploads\/2025\/11\/638974205454870000-Listing-HD-1300x340-K-CZ-1-768x201.jpg 768w, https:\/\/blog.ccc.eu\/cz\/wp-content\/uploads\/2025\/11\/638974205454870000-Listing-HD-1300x340-K-CZ-1-100x26.jpg 100w, https:\/\/blog.ccc.eu\/cz\/wp-content\/uploads\/2025\/11\/638974205454870000-Listing-HD-1300x340-K-CZ-1.jpg 1300w\" sizes=\"auto, (max-width: 1024px) 100vw, 1024px\" \/><\/figure>\n<\/figure>\n\n\n\n<div class=\"wp-block-buttons is-content-justification-center is-layout-flex wp-container-core-buttons-is-layout-16018d1d wp-block-buttons-is-layout-flex\">\n<div class=\"wp-block-button is-style-fill\"><a class=\"wp-block-button__link has-custom-font-size wp-element-button\" href=\"https:\/\/ccc.eu\/cz\/cs\/c\/all\/promotion-for-all-bags\" style=\"border-radius:0px;font-size:15px\">Sleva na ta\u0161ky, batohy a kufry v CCC<\/a><\/div>\n<\/div>\n\n\n\n<p><\/p>\n","protected":false},"excerpt":{"rendered":"<p>\u010cl\u00e1nok prin\u00e1\u0161a 10 praktick\u00fdch tipov na drobn\u00e9 dar\u010deky a z\u00e1\u017eitky, ktor\u00e9 m\u00f4\u017eete vlo\u017ei\u0165 do adventn\u00edho kalend\u00e1\u0159e pre deti \u2013 od rukav\u00edc a pono\u017eiek cez sladkosti a\u017e po vstupenky do kina a spolo\u010dn\u00e9 aktivity.<\/p>\n","protected":false},"author":24,"featured_media":8234,"comment_status":"open","ping_status":"open","sticky":false,"template":"","format":"standard","meta":{"_acf_changed":false,"footnotes":""},"categories":[1023,1022],"tags":[943],"class_list":["post-8233","post","type-post","status-publish","format-standard","has-post-thumbnail","hentry","category-darecky","category-vanoce","tag-darecky"],"acf":[],"yoast_head":"<!-- This site is optimized with the Yoast SEO plugin v26.9 - https:\/\/yoast.com\/product\/yoast-seo-wordpress\/ -->\n<title>10 tip\u016f, co vlo\u017eit do adventn\u00edho kalend\u00e1\u0159e - blog.ccc.eu\/cz<\/title>\n<meta name=\"description\" content=\"Hled\u00e1te inspiraci, co vlo\u017eit do adventn\u00edho kalend\u00e1\u0159e? Objevte 10 praktick\u00fdch tip\u016f na drobn\u00e9 d\u00e1rky i spole\u010dn\u00e9 aktivity. 2026\" \/>\n<meta name=\"robots\" content=\"index, follow, max-snippet:-1, max-image-preview:large, max-video-preview:-1\" \/>\n<link rel=\"canonical\" href=\"https:\/\/blog.ccc.eu\/cz\/10-tipu-co-vlozit-do-adventniho-kalendare\/\" \/>\n<meta property=\"og:locale\" content=\"cs_CZ\" \/>\n<meta property=\"og:type\" content=\"article\" \/>\n<meta property=\"og:title\" content=\"10 tip\u016f, co vlo\u017eit do adventn\u00edho kalend\u00e1\u0159e - blog.ccc.eu\/cz\" \/>\n<meta property=\"og:description\" content=\"Hled\u00e1te inspiraci, co vlo\u017eit do adventn\u00edho kalend\u00e1\u0159e? Objevte 10 praktick\u00fdch tip\u016f na drobn\u00e9 d\u00e1rky i spole\u010dn\u00e9 aktivity.\" \/>\n<meta property=\"og:url\" content=\"https:\/\/blog.ccc.eu\/cz\/10-tipu-co-vlozit-do-adventniho-kalendare\/\" \/>\n<meta property=\"og:site_name\" content=\"blog.ccc.eu\/cz\" \/>\n<meta property=\"article:published_time\" content=\"2025-11-17T10:44:16+00:00\" \/>\n<meta property=\"article:modified_time\" content=\"2025-12-05T07:45:47+00:00\" \/>\n<meta property=\"og:image\" content=\"https:\/\/blog.ccc.eu\/cz\/wp-content\/uploads\/2025\/12\/GettyImages-1339421766-1.jpg\" \/>\n\t<meta property=\"og:image:width\" content=\"724\" \/>\n\t<meta property=\"og:image:height\" content=\"483\" \/>\n\t<meta property=\"og:image:type\" content=\"image\/jpeg\" \/>\n<meta name=\"author\" content=\"Kaja\" \/>\n<meta name=\"twitter:card\" content=\"summary_large_image\" \/>\n<meta name=\"twitter:label1\" content=\"Napsal(a)\" \/>\n\t<meta name=\"twitter:data1\" content=\"Kaja\" \/>\n\t<meta name=\"twitter:label2\" content=\"Odhadovan\u00e1 doba \u010dten\u00ed\" \/>\n\t<meta name=\"twitter:data2\" content=\"6 minut\" \/>\n<script type=\"application\/ld+json\" class=\"yoast-schema-graph\">{\"@context\":\"https:\/\/schema.org\",\"@graph\":[{\"@type\":\"Article\",\"@id\":\"https:\/\/blog.ccc.eu\/cz\/10-tipu-co-vlozit-do-adventniho-kalendare\/#article\",\"isPartOf\":{\"@id\":\"https:\/\/blog.ccc.eu\/cz\/10-tipu-co-vlozit-do-adventniho-kalendare\/\"},\"author\":{\"name\":\"Kaja\",\"@id\":\"https:\/\/blog.ccc.eu\/cz\/#\/schema\/person\/f21bfa7ed9e08fb4b5b823707bdde059\"},\"headline\":\"10 tip\u016f, co vlo\u017eit do adventn\u00edho kalend\u00e1\u0159e\",\"datePublished\":\"2025-11-17T10:44:16+00:00\",\"dateModified\":\"2025-12-05T07:45:47+00:00\",\"mainEntityOfPage\":{\"@id\":\"https:\/\/blog.ccc.eu\/cz\/10-tipu-co-vlozit-do-adventniho-kalendare\/\"},\"wordCount\":1148,\"commentCount\":0,\"publisher\":{\"@id\":\"https:\/\/blog.ccc.eu\/cz\/#organization\"},\"image\":{\"@id\":\"https:\/\/blog.ccc.eu\/cz\/10-tipu-co-vlozit-do-adventniho-kalendare\/#primaryimage\"},\"thumbnailUrl\":\"https:\/\/blog.ccc.eu\/cz\/wp-content\/uploads\/2025\/12\/GettyImages-1339421766-1.jpg\",\"keywords\":[\"d\u00e1re\u010dky\"],\"articleSection\":[\"D\u00c1RE\u010cKY\",\"V\u00c1NOCE\"],\"inLanguage\":\"cs\",\"potentialAction\":[{\"@type\":\"CommentAction\",\"name\":\"Comment\",\"target\":[\"https:\/\/blog.ccc.eu\/cz\/10-tipu-co-vlozit-do-adventniho-kalendare\/#respond\"]}]},{\"@type\":\"WebPage\",\"@id\":\"https:\/\/blog.ccc.eu\/cz\/10-tipu-co-vlozit-do-adventniho-kalendare\/\",\"url\":\"https:\/\/blog.ccc.eu\/cz\/10-tipu-co-vlozit-do-adventniho-kalendare\/\",\"name\":\"10 tip\u016f, co vlo\u017eit do adventn\u00edho kalend\u00e1\u0159e - blog.ccc.eu\/cz\",\"isPartOf\":{\"@id\":\"https:\/\/blog.ccc.eu\/cz\/#website\"},\"primaryImageOfPage\":{\"@id\":\"https:\/\/blog.ccc.eu\/cz\/10-tipu-co-vlozit-do-adventniho-kalendare\/#primaryimage\"},\"image\":{\"@id\":\"https:\/\/blog.ccc.eu\/cz\/10-tipu-co-vlozit-do-adventniho-kalendare\/#primaryimage\"},\"thumbnailUrl\":\"https:\/\/blog.ccc.eu\/cz\/wp-content\/uploads\/2025\/12\/GettyImages-1339421766-1.jpg\",\"datePublished\":\"2025-11-17T10:44:16+00:00\",\"dateModified\":\"2025-12-05T07:45:47+00:00\",\"description\":\"Hled\u00e1te inspiraci, co vlo\u017eit do adventn\u00edho kalend\u00e1\u0159e? Objevte 10 praktick\u00fdch tip\u016f na drobn\u00e9 d\u00e1rky i spole\u010dn\u00e9 aktivity.\",\"breadcrumb\":{\"@id\":\"https:\/\/blog.ccc.eu\/cz\/10-tipu-co-vlozit-do-adventniho-kalendare\/#breadcrumb\"},\"inLanguage\":\"cs\",\"potentialAction\":[{\"@type\":\"ReadAction\",\"target\":[\"https:\/\/blog.ccc.eu\/cz\/10-tipu-co-vlozit-do-adventniho-kalendare\/\"]}]},{\"@type\":\"ImageObject\",\"inLanguage\":\"cs\",\"@id\":\"https:\/\/blog.ccc.eu\/cz\/10-tipu-co-vlozit-do-adventniho-kalendare\/#primaryimage\",\"url\":\"https:\/\/blog.ccc.eu\/cz\/wp-content\/uploads\/2025\/12\/GettyImages-1339421766-1.jpg\",\"contentUrl\":\"https:\/\/blog.ccc.eu\/cz\/wp-content\/uploads\/2025\/12\/GettyImages-1339421766-1.jpg\",\"width\":724,\"height\":483,\"caption\":\"adventn\u00ed kalend\u00e1\u0159\"},{\"@type\":\"BreadcrumbList\",\"@id\":\"https:\/\/blog.ccc.eu\/cz\/10-tipu-co-vlozit-do-adventniho-kalendare\/#breadcrumb\",\"itemListElement\":[{\"@type\":\"ListItem\",\"position\":1,\"name\":\"Strona g\u0142\u00f3wna\",\"item\":\"https:\/\/blog.ccc.eu\/cz\/\"},{\"@type\":\"ListItem\",\"position\":2,\"name\":\"10 tip\u016f, co vlo\u017eit do adventn\u00edho kalend\u00e1\u0159e\"}]},{\"@type\":\"WebSite\",\"@id\":\"https:\/\/blog.ccc.eu\/cz\/#website\",\"url\":\"https:\/\/blog.ccc.eu\/cz\/\",\"name\":\"blog.ccc.eu\/cz\",\"description\":\"Va\u0161e m\u00edsto pln\u00e9 m\u00f3dn\u00edch inspirac\u00ed\",\"publisher\":{\"@id\":\"https:\/\/blog.ccc.eu\/cz\/#organization\"},\"potentialAction\":[{\"@type\":\"SearchAction\",\"target\":{\"@type\":\"EntryPoint\",\"urlTemplate\":\"https:\/\/blog.ccc.eu\/cz\/?s={search_term_string}\"},\"query-input\":{\"@type\":\"PropertyValueSpecification\",\"valueRequired\":true,\"valueName\":\"search_term_string\"}}],\"inLanguage\":\"cs\"},{\"@type\":\"Organization\",\"@id\":\"https:\/\/blog.ccc.eu\/cz\/#organization\",\"name\":\"CCC S.A.\",\"url\":\"https:\/\/blog.ccc.eu\/cz\/\",\"logo\":{\"@type\":\"ImageObject\",\"inLanguage\":\"cs\",\"@id\":\"https:\/\/blog.ccc.eu\/cz\/#\/schema\/logo\/image\/\",\"url\":\"https:\/\/blog.ccc.eu\/cz\/wp-content\/uploads\/2021\/11\/logo_ccc.png\",\"contentUrl\":\"https:\/\/blog.ccc.eu\/cz\/wp-content\/uploads\/2021\/11\/logo_ccc.png\",\"width\":730,\"height\":270,\"caption\":\"CCC S.A.\"},\"image\":{\"@id\":\"https:\/\/blog.ccc.eu\/cz\/#\/schema\/logo\/image\/\"}},{\"@type\":\"Person\",\"@id\":\"https:\/\/blog.ccc.eu\/cz\/#\/schema\/person\/f21bfa7ed9e08fb4b5b823707bdde059\",\"name\":\"Kaja\",\"image\":{\"@type\":\"ImageObject\",\"inLanguage\":\"cs\",\"@id\":\"https:\/\/blog.ccc.eu\/cz\/#\/schema\/person\/image\/\",\"url\":\"https:\/\/blog.ccc.eu\/cz\/wp-content\/uploads\/2024\/06\/white-1-300x300-1-100x100.jpg\",\"contentUrl\":\"https:\/\/blog.ccc.eu\/cz\/wp-content\/uploads\/2024\/06\/white-1-300x300-1-100x100.jpg\",\"caption\":\"Kaja\"},\"description\":\"U\u017e od pubert\u00e1ln\u00edch let se v\u011bnuje pr\u00e1ci v m\u00e9di\u00edch a psan\u00ed. Z kon\u00ed\u010dka se stalo \u017eivobyt\u00ed, kter\u00e9 j\u00ed z\u00e1rove\u0148 poskytlo dostatek svobody k tomu, aby mohla pom\u011brn\u011b hodn\u011b cestovat a pozn\u00e1vat sv\u011bt a r\u016fzn\u00e9 kultury. Energii j\u00ed dod\u00e1v\u00e1 \u010dten\u00ed knih, voda a hudba.\",\"url\":\"https:\/\/blog.ccc.eu\/cz\/author\/perlamakovienka-sk\/\"}]}<\/script>\n<!-- \/ Yoast SEO plugin. -->","yoast_head_json":{"title":"10 tip\u016f, co vlo\u017eit do adventn\u00edho kalend\u00e1\u0159e - blog.ccc.eu\/cz","description":"Hled\u00e1te inspiraci, co vlo\u017eit do adventn\u00edho kalend\u00e1\u0159e? Objevte 10 praktick\u00fdch tip\u016f na drobn\u00e9 d\u00e1rky i spole\u010dn\u00e9 aktivity. 2026","robots":{"index":"index","follow":"follow","max-snippet":"max-snippet:-1","max-image-preview":"max-image-preview:large","max-video-preview":"max-video-preview:-1"},"canonical":"https:\/\/blog.ccc.eu\/cz\/10-tipu-co-vlozit-do-adventniho-kalendare\/","og_locale":"cs_CZ","og_type":"article","og_title":"10 tip\u016f, co vlo\u017eit do adventn\u00edho kalend\u00e1\u0159e - blog.ccc.eu\/cz","og_description":"Hled\u00e1te inspiraci, co vlo\u017eit do adventn\u00edho kalend\u00e1\u0159e? Objevte 10 praktick\u00fdch tip\u016f na drobn\u00e9 d\u00e1rky i spole\u010dn\u00e9 aktivity.","og_url":"https:\/\/blog.ccc.eu\/cz\/10-tipu-co-vlozit-do-adventniho-kalendare\/","og_site_name":"blog.ccc.eu\/cz","article_published_time":"2025-11-17T10:44:16+00:00","article_modified_time":"2025-12-05T07:45:47+00:00","og_image":[{"width":724,"height":483,"url":"https:\/\/blog.ccc.eu\/cz\/wp-content\/uploads\/2025\/12\/GettyImages-1339421766-1.jpg","type":"image\/jpeg"}],"author":"Kaja","twitter_card":"summary_large_image","twitter_misc":{"Napsal(a)":"Kaja","Odhadovan\u00e1 doba \u010dten\u00ed":"6 minut"},"schema":{"@context":"https:\/\/schema.org","@graph":[{"@type":"Article","@id":"https:\/\/blog.ccc.eu\/cz\/10-tipu-co-vlozit-do-adventniho-kalendare\/#article","isPartOf":{"@id":"https:\/\/blog.ccc.eu\/cz\/10-tipu-co-vlozit-do-adventniho-kalendare\/"},"author":{"name":"Kaja","@id":"https:\/\/blog.ccc.eu\/cz\/#\/schema\/person\/f21bfa7ed9e08fb4b5b823707bdde059"},"headline":"10 tip\u016f, co vlo\u017eit do adventn\u00edho kalend\u00e1\u0159e","datePublished":"2025-11-17T10:44:16+00:00","dateModified":"2025-12-05T07:45:47+00:00","mainEntityOfPage":{"@id":"https:\/\/blog.ccc.eu\/cz\/10-tipu-co-vlozit-do-adventniho-kalendare\/"},"wordCount":1148,"commentCount":0,"publisher":{"@id":"https:\/\/blog.ccc.eu\/cz\/#organization"},"image":{"@id":"https:\/\/blog.ccc.eu\/cz\/10-tipu-co-vlozit-do-adventniho-kalendare\/#primaryimage"},"thumbnailUrl":"https:\/\/blog.ccc.eu\/cz\/wp-content\/uploads\/2025\/12\/GettyImages-1339421766-1.jpg","keywords":["d\u00e1re\u010dky"],"articleSection":["D\u00c1RE\u010cKY","V\u00c1NOCE"],"inLanguage":"cs","potentialAction":[{"@type":"CommentAction","name":"Comment","target":["https:\/\/blog.ccc.eu\/cz\/10-tipu-co-vlozit-do-adventniho-kalendare\/#respond"]}]},{"@type":"WebPage","@id":"https:\/\/blog.ccc.eu\/cz\/10-tipu-co-vlozit-do-adventniho-kalendare\/","url":"https:\/\/blog.ccc.eu\/cz\/10-tipu-co-vlozit-do-adventniho-kalendare\/","name":"10 tip\u016f, co vlo\u017eit do adventn\u00edho kalend\u00e1\u0159e - blog.ccc.eu\/cz","isPartOf":{"@id":"https:\/\/blog.ccc.eu\/cz\/#website"},"primaryImageOfPage":{"@id":"https:\/\/blog.ccc.eu\/cz\/10-tipu-co-vlozit-do-adventniho-kalendare\/#primaryimage"},"image":{"@id":"https:\/\/blog.ccc.eu\/cz\/10-tipu-co-vlozit-do-adventniho-kalendare\/#primaryimage"},"thumbnailUrl":"https:\/\/blog.ccc.eu\/cz\/wp-content\/uploads\/2025\/12\/GettyImages-1339421766-1.jpg","datePublished":"2025-11-17T10:44:16+00:00","dateModified":"2025-12-05T07:45:47+00:00","description":"Hled\u00e1te inspiraci, co vlo\u017eit do adventn\u00edho kalend\u00e1\u0159e? Objevte 10 praktick\u00fdch tip\u016f na drobn\u00e9 d\u00e1rky i spole\u010dn\u00e9 aktivity.","breadcrumb":{"@id":"https:\/\/blog.ccc.eu\/cz\/10-tipu-co-vlozit-do-adventniho-kalendare\/#breadcrumb"},"inLanguage":"cs","potentialAction":[{"@type":"ReadAction","target":["https:\/\/blog.ccc.eu\/cz\/10-tipu-co-vlozit-do-adventniho-kalendare\/"]}]},{"@type":"ImageObject","inLanguage":"cs","@id":"https:\/\/blog.ccc.eu\/cz\/10-tipu-co-vlozit-do-adventniho-kalendare\/#primaryimage","url":"https:\/\/blog.ccc.eu\/cz\/wp-content\/uploads\/2025\/12\/GettyImages-1339421766-1.jpg","contentUrl":"https:\/\/blog.ccc.eu\/cz\/wp-content\/uploads\/2025\/12\/GettyImages-1339421766-1.jpg","width":724,"height":483,"caption":"adventn\u00ed kalend\u00e1\u0159"},{"@type":"BreadcrumbList","@id":"https:\/\/blog.ccc.eu\/cz\/10-tipu-co-vlozit-do-adventniho-kalendare\/#breadcrumb","itemListElement":[{"@type":"ListItem","position":1,"name":"Strona g\u0142\u00f3wna","item":"https:\/\/blog.ccc.eu\/cz\/"},{"@type":"ListItem","position":2,"name":"10 tip\u016f, co vlo\u017eit do adventn\u00edho kalend\u00e1\u0159e"}]},{"@type":"WebSite","@id":"https:\/\/blog.ccc.eu\/cz\/#website","url":"https:\/\/blog.ccc.eu\/cz\/","name":"blog.ccc.eu\/cz","description":"Va\u0161e m\u00edsto pln\u00e9 m\u00f3dn\u00edch inspirac\u00ed","publisher":{"@id":"https:\/\/blog.ccc.eu\/cz\/#organization"},"potentialAction":[{"@type":"SearchAction","target":{"@type":"EntryPoint","urlTemplate":"https:\/\/blog.ccc.eu\/cz\/?s={search_term_string}"},"query-input":{"@type":"PropertyValueSpecification","valueRequired":true,"valueName":"search_term_string"}}],"inLanguage":"cs"},{"@type":"Organization","@id":"https:\/\/blog.ccc.eu\/cz\/#organization","name":"CCC S.A.","url":"https:\/\/blog.ccc.eu\/cz\/","logo":{"@type":"ImageObject","inLanguage":"cs","@id":"https:\/\/blog.ccc.eu\/cz\/#\/schema\/logo\/image\/","url":"https:\/\/blog.ccc.eu\/cz\/wp-content\/uploads\/2021\/11\/logo_ccc.png","contentUrl":"https:\/\/blog.ccc.eu\/cz\/wp-content\/uploads\/2021\/11\/logo_ccc.png","width":730,"height":270,"caption":"CCC S.A."},"image":{"@id":"https:\/\/blog.ccc.eu\/cz\/#\/schema\/logo\/image\/"}},{"@type":"Person","@id":"https:\/\/blog.ccc.eu\/cz\/#\/schema\/person\/f21bfa7ed9e08fb4b5b823707bdde059","name":"Kaja","image":{"@type":"ImageObject","inLanguage":"cs","@id":"https:\/\/blog.ccc.eu\/cz\/#\/schema\/person\/image\/","url":"https:\/\/blog.ccc.eu\/cz\/wp-content\/uploads\/2024\/06\/white-1-300x300-1-100x100.jpg","contentUrl":"https:\/\/blog.ccc.eu\/cz\/wp-content\/uploads\/2024\/06\/white-1-300x300-1-100x100.jpg","caption":"Kaja"},"description":"U\u017e od pubert\u00e1ln\u00edch let se v\u011bnuje pr\u00e1ci v m\u00e9di\u00edch a psan\u00ed. Z kon\u00ed\u010dka se stalo \u017eivobyt\u00ed, kter\u00e9 j\u00ed z\u00e1rove\u0148 poskytlo dostatek svobody k tomu, aby mohla pom\u011brn\u011b hodn\u011b cestovat a pozn\u00e1vat sv\u011bt a r\u016fzn\u00e9 kultury. Energii j\u00ed dod\u00e1v\u00e1 \u010dten\u00ed knih, voda a hudba.","url":"https:\/\/blog.ccc.eu\/cz\/author\/perlamakovienka-sk\/"}]}},"_links":{"self":[{"href":"https:\/\/blog.ccc.eu\/cz\/wp-json\/wp\/v2\/posts\/8233","targetHints":{"allow":["GET"]}}],"collection":[{"href":"https:\/\/blog.ccc.eu\/cz\/wp-json\/wp\/v2\/posts"}],"about":[{"href":"https:\/\/blog.ccc.eu\/cz\/wp-json\/wp\/v2\/types\/post"}],"author":[{"embeddable":true,"href":"https:\/\/blog.ccc.eu\/cz\/wp-json\/wp\/v2\/users\/24"}],"replies":[{"embeddable":true,"href":"https:\/\/blog.ccc.eu\/cz\/wp-json\/wp\/v2\/comments?post=8233"}],"version-history":[{"count":4,"href":"https:\/\/blog.ccc.eu\/cz\/wp-json\/wp\/v2\/posts\/8233\/revisions"}],"predecessor-version":[{"id":8253,"href":"https:\/\/blog.ccc.eu\/cz\/wp-json\/wp\/v2\/posts\/8233\/revisions\/8253"}],"wp:featuredmedia":[{"embeddable":true,"href":"https:\/\/blog.ccc.eu\/cz\/wp-json\/wp\/v2\/media\/8234"}],"wp:attachment":[{"href":"https:\/\/blog.ccc.eu\/cz\/wp-json\/wp\/v2\/media?parent=8233"}],"wp:term":[{"taxonomy":"category","embeddable":true,"href":"https:\/\/blog.ccc.eu\/cz\/wp-json\/wp\/v2\/categories?post=8233"},{"taxonomy":"post_tag","embeddable":true,"href":"https:\/\/blog.ccc.eu\/cz\/wp-json\/wp\/v2\/tags?post=8233"}],"curies":[{"name":"wp","href":"https:\/\/api.w.org\/{rel}","templated":true}]}}