{"id":8259,"date":"2025-11-24T23:25:06","date_gmt":"2025-11-24T22:25:06","guid":{"rendered":"https:\/\/blog.ccc.eu\/cz\/?p=8259"},"modified":"2025-12-07T23:53:27","modified_gmt":"2025-12-07T22:53:27","slug":"prakticke-a-nadcasove-vanocni-darky-ktere-potesi-kazdeho-a-to-za-rozpocet-ktery-si-muze-dovolit-opravdu-kazdy","status":"publish","type":"post","link":"https:\/\/blog.ccc.eu\/cz\/prakticke-a-nadcasove-vanocni-darky-ktere-potesi-kazdeho-a-to-za-rozpocet-ktery-si-muze-dovolit-opravdu-kazdy\/","title":{"rendered":"Praktick\u00e9 a nad\u010dasov\u00e9 v\u00e1no\u010dn\u00ed d\u00e1rky, kter\u00e9 pot\u011b\u0161\u00ed ka\u017ed\u00e9ho \u2014 a to za rozpo\u010det, kter\u00fd si m\u016f\u017ee dovolit opravdu ka\u017ed\u00fd!"},"content":{"rendered":"\n<p><em>V\u00e1noce jsou pro mnoh\u00e9 nejobl\u00edben\u011bj\u0161\u00edm obdob\u00edm roku. Milujeme toti\u017e nejen d\u00e1rky dost\u00e1vat, ale mo\u017en\u00e1 je\u0161t\u011b v\u00edce obdarov\u00e1vat sv\u00e9 bl\u00edzk\u00e9. Ne v\u017edy si v\u0161ak m\u016f\u017eeme dovolit\u00a0<strong>cenov\u011b vy\u0161\u0161\u00ed<\/strong>\u00a0p\u0159ekvapen\u00ed \u2014 a \u010dasto pr\u00e1v\u011b drobnost, kter\u00e1 vyj\u00e1d\u0159\u00ed, \u017ee na druh\u00e9ho mysl\u00edme, pot\u011b\u0161\u00ed nejv\u00edc. Prohl\u00e9dn\u011bte si na\u0161i nab\u00eddku d\u00e1rk\u016f v r\u016fzn\u00fdch cenov\u00fdch kategori\u00edch, se kter\u00fdmi ud\u011bl\u00e1te radost a z\u00e1rove\u0148 z\u016fstanete v rozumn\u00e9m rozpo\u010dtu.<\/em><\/p>\n\n\n\n<figure class=\"wp-block-image size-large\"><img loading=\"lazy\" decoding=\"async\" width=\"1024\" height=\"683\" src=\"https:\/\/blog.ccc.eu\/cz\/wp-content\/uploads\/2025\/12\/imgonline-com-ua-compressed-7kGGzPfoV7-1024x683.jpg\" alt=\"\" class=\"wp-image-8260\" srcset=\"https:\/\/blog.ccc.eu\/cz\/wp-content\/uploads\/2025\/12\/imgonline-com-ua-compressed-7kGGzPfoV7-1024x683.jpg 1024w, https:\/\/blog.ccc.eu\/cz\/wp-content\/uploads\/2025\/12\/imgonline-com-ua-compressed-7kGGzPfoV7-300x200.jpg 300w, https:\/\/blog.ccc.eu\/cz\/wp-content\/uploads\/2025\/12\/imgonline-com-ua-compressed-7kGGzPfoV7-768x512.jpg 768w, https:\/\/blog.ccc.eu\/cz\/wp-content\/uploads\/2025\/12\/imgonline-com-ua-compressed-7kGGzPfoV7-100x67.jpg 100w, https:\/\/blog.ccc.eu\/cz\/wp-content\/uploads\/2025\/12\/imgonline-com-ua-compressed-7kGGzPfoV7.jpg 1224w\" sizes=\"auto, (max-width: 1024px) 100vw, 1024px\" \/><\/figure>\n\n\n\n<p><\/p>\n\n\n\n<p>V\u00e1noce jsou skute\u010dn\u011b jedine\u010dn\u00fdm obdob\u00edm, kter\u00e9 spojuje lidi nejen v \u010dase, ale i v my\u0161lenk\u00e1ch. Pokud bychom vych\u00e1zeli z teorie p\u011bti jazyk\u016f l\u00e1sky, V\u00e1noce v sob\u011b nesou t\u00e9m\u011b\u0159 v\u0161echny z nich. Slova uji\u0161t\u011bn\u00ed \u2014 proto\u017ee spolu v\u00edce mluv\u00edme. Pozornost \u2014 proto\u017ee na sebe m\u00e1me v\u00edc \u010dasu, nesp\u011bch\u00e1me do pr\u00e1ce, do \u0161koly ani na krou\u017eky. Fyzick\u00fd dotek je p\u0159irozenou sou\u010d\u00e1st\u00ed setk\u00e1v\u00e1n\u00ed, minim\u00e1ln\u011b p\u0159i v\u00edt\u00e1n\u00ed a lou\u010den\u00ed s rodinou. Skutky slu\u017eby se skr\u00fdvaj\u00ed i v drobn\u00fdch gestech, kter\u00e1 je dobr\u00e9 vn\u00edmat \u2014 t\u0159eba kdy\u017e n\u011bkdo po kol\u00e1\u010dku odnese v\u00e1\u0161 tal\u00ed\u0159. A nakonec \u2014 p\u0159ij\u00edm\u00e1n\u00ed a d\u00e1v\u00e1n\u00ed d\u00e1rk\u016f. I o tom jsou V\u00e1noce. <\/p>\n\n\n\n<p>A i kdy\u017e nepodporujeme zbyte\u010dn\u00fd konzum, V\u00e1noc\u016fm rozhodn\u011b nem\u00e1me za zl\u00e9, \u017ee k nim d\u00e1rky pat\u0159\u00ed. To, \u017ee v\u00fdb\u011bru d\u00e1rku v\u011bnujeme pozornost, je jedn\u00edm z nejkr\u00e1sn\u011bj\u0161\u00edch projev\u016f l\u00e1sky, jak\u00fd dok\u00e1\u017eeme druh\u00fdm d\u00e1t. P\u0159ipravili jsme pro v\u00e1s v\u00fdb\u011br praktick\u00fdch d\u00e1rk\u016f, kter\u00e9 ud\u011blaj\u00ed velkou radost \u2014 zvl\u00e1\u0161\u0165 pokud obdarujete n\u011bkoho, jeho\u017e vkus dob\u0159e zn\u00e1te. Tak poj\u010fme na to.\u00a0<\/p>\n\n\n\n<h2 class=\"wp-block-heading\"><strong>D\u00e1rky do\u00a0299 K\u010d<\/strong><\/h2>\n\n\n\n<p>M\u016f\u017ee se to zd\u00e1t m\u00e1lo, ale i do\u00a0299 K\u010d\u00a0m\u016f\u017eete po\u0159\u00eddit skv\u011bl\u00e9 d\u00e1rky, kter\u00e9 jsou mimo\u0159\u00e1dn\u011b praktick\u00e9 a kter\u00e9 si bu\u010f sami \u010dasto nedop\u0159ejeme, nebo n\u00e1m doma neust\u00e1le chyb\u011bj\u00ed. I kdy\u017e se m\u016f\u017ee zd\u00e1t, \u017ee jich m\u00e1me dost \u2014 nap\u0159\u00edklad takov\u00fdch pono\u017eek. V nab\u00eddce CCC v\u0161ak najdete tak\u00e9 skv\u011bl\u00fd cestovn\u00ed pol\u0161t\u00e1\u0159ek, ide\u00e1ln\u00ed d\u00e1rek pro v\u0161echny, kte\u0159\u00ed r\u00e1di cestuj\u00ed a ob\u010das je \u010dekaj\u00ed i del\u0161\u00ed trasy. <\/p>\n\n\n\n<p>Pr\u00e1v\u011b tehdy dok\u00e1\u017ee tento <a href=\"https:\/\/ccc.eu\/cz\/cs\/search?searchText=cestovni%20polstar\">cestovn\u00ed pol\u0161t\u00e1\u0159 <\/a>opravdu pot\u011b\u0161it. V t\u00e9to cenov\u00e9 kategorii m\u016f\u017eete ud\u011blat radost tak\u00e9 rukavicemi, <a href=\"https:\/\/ccc.eu\/cz\/cs\/c\/damske\/doplnky-obleceni\/obleceni\/puncochace\">pun\u010dochami<\/a>, vlo\u017ekami do bot \u010di kosmetikou pro p\u00e9\u010di o obuv. To je mimochodem n\u011bco, co mnoh\u00e9 ani nenapadne, ale nap\u0159\u00edklad impregna\u010dn\u00ed sprej se hod\u00ed \u00fapln\u011b ka\u017ed\u00e9mu. Jen m\u00e1lokomu se za n\u011bj chce platit, \u017ee?\u00a0<\/p>\n\n\n<shortcode prop-load-num=\"12\" prop-display-num=\"4\" prop-sku=\"5906751335970, 5906751185797, 5906751302675, 5906751332061, 5906751481714\" prop-view=\"slider\"><\/shortcode>        <div\r\n            class=\"eob-pf-shortcode\"\r\n            id=\"eobpf69f39f2fca247\"\r\n        >\r\n            <shortcode prop-load-num=\"12\" prop-display-num=\"4\" prop-sku=\"5906751335970, 5906751185797, 5906751302675, 5906751332061, 5906751481714\" prop-view=\"slider\"><\/shortcode>        <\/div>\r\n\t\t<script>\r\n\t\t\tjQuery(document).ready(() => {\r\n\t\t\t    const root = document.getElementById('eobpf69f39f2fca247');\r\n                Vue.createApp({\r\n\t                components: {\r\n\t                    shortcode\r\n\t                }\r\n                }).mount(root);\r\n\t\t\t});\r\n\t\t<\/script>\r\n\t\t\r\n\t\t\n\n\n\n<p><\/p>\n\n\n\n<h2 class=\"wp-block-heading\"><strong>D\u00e1rky do\u00a0499 K\u010d<\/strong><\/h2>\n\n\n\n<p>Pokud m\u00e1te o n\u011bco vy\u0161\u0161\u00ed rozpo\u010det, do\u00a0499 K\u010d\u00a0se vejde n\u011bkolik dal\u0161\u00edch praktick\u00fdch d\u00e1rk\u016f. Nap\u0159\u00edklad <a href=\"https:\/\/ccc.eu\/cz\/cs\/c\/damske\/doplnky-obleceni\/doplnky\/penezenky\">pen\u011b\u017eenka<\/a> \u2014 skv\u011bl\u00fd d\u00e1rek, proto\u017ee jde o v\u011bc, kterou pou\u017e\u00edv\u00e1me t\u00e9m\u011b\u0159 denn\u011b, a t\u00edm p\u00e1dem se pom\u011brn\u011b rychle opot\u0159ebuje. M\u016f\u017eete tak\u00e9 vyb\u00edrat z pestr\u00e9 nab\u00eddky \u010depic, \u0161\u00e1l, k\u0161iltovek \u010di klobou\u010dk\u016f\u2026 Sta\u010d\u00ed m\u00edt alespo\u0148 z\u00e1kladn\u00ed p\u0159edstavu o tom, co m\u00e1 \u010dlov\u011bk, kter\u00e9ho chcete obdarovat, r\u00e1d, co mu chyb\u00ed, co se mu b\u011bhem roku zni\u010dilo, a je\u0161t\u011b si nestihl po\u0159\u00eddit nov\u00e9\u2026<\/p>\n\n\n<shortcode prop-load-num=\"12\" prop-display-num=\"4\" prop-sku=\"5906751329375, 5906751365168, 5906751365601, 5906751174159\" prop-view=\"slider\"><\/shortcode>        <div\r\n            class=\"eob-pf-shortcode\"\r\n            id=\"eobpf69f39f2fca361\"\r\n        >\r\n            <shortcode prop-load-num=\"12\" prop-display-num=\"4\" prop-sku=\"5906751329375, 5906751365168, 5906751365601, 5906751174159\" prop-view=\"slider\"><\/shortcode>        <\/div>\r\n\t\t<script>\r\n\t\t\tjQuery(document).ready(() => {\r\n\t\t\t    const root = document.getElementById('eobpf69f39f2fca361');\r\n                Vue.createApp({\r\n\t                components: {\r\n\t                    shortcode\r\n\t                }\r\n                }).mount(root);\r\n\t\t\t});\r\n\t\t<\/script>\r\n\t\t\r\n\t\t\n\n\n\n<p><\/p>\n\n\n\n<h2 class=\"wp-block-heading\"><strong>D\u00e1rky do\u00a0799 K\u010d<\/strong><\/h2>\n\n\n\n<p>V tomto finan\u010dn\u00edm rozmez\u00ed si u\u017e m\u016f\u017eete dovolit i boty \u010di <a href=\"https:\/\/ccc.eu\/cz\/cs\/c\/damske\/kabelky-kufry-batohy\/kabelky\">kabelky<\/a>, kter\u00fdmi pot\u011b\u0161\u00edte p\u0159edev\u0161\u00edm milovnice m\u00f3dy. Kvalitn\u00ed kabelka s nad\u010dasov\u00fdm designem je investic\u00ed do stylu i prakti\u010dnosti a pro \u017eeny jde o velmi vd\u011b\u010dn\u00fd v\u00e1no\u010dn\u00ed d\u00e1rek. Kabelka p\u0159itom nemus\u00ed b\u00fdt drah\u00e1, m\u011bla by v\u0161ak b\u00fdt praktick\u00e1 a vkusn\u011b navr\u017een\u00e1. V t\u00e9to cenov\u00e9 kategorii najdete tak\u00e9 skv\u011bl\u00e9 kosmetick\u00e9 ta\u0161ti\u010dky, kter\u00e9 jsou vhodn\u00fdm d\u00e1rkem i pro mu\u017ee, zejm\u00e9na pokud \u010dasto cestuje nebo podnik\u00e1 slu\u017eebn\u00ed cesty. <\/p>\n\n\n\n<p>Kvalitn\u00ed kosmetick\u00e1 ta\u0161ka z odoln\u00e9ho, prateln\u00e9ho (p\u0159\u00edpadn\u011b vod\u011bodoln\u00e9ho) materi\u00e1lu s n\u011bkolika p\u0159ihr\u00e1dkami je nesm\u00edrn\u011b praktick\u00e1. Mimochodem, pokud chcete darovat n\u011bco nen\u00e1padn\u00e9ho, ale z\u00e1rove\u0148 praktick\u00e9ho, opasek je ide\u00e1ln\u00ed volbou. Dok\u00e1\u017ee toti\u017e pov\u00fd\u0161it celkov\u00fd outfit na \u00fapln\u011b jinou \u00farove\u0148. Jak vid\u00edte, do 30 eur m\u00e1te opravdu pestr\u00fd v\u00fdb\u011br v\u00edce \u010di m\u00e9n\u011b u\u017eite\u010dn\u00fdch v\u011bc\u00ed \u2014 sta\u010d\u00ed se rozhodnout. A m\u016f\u017eete s\u00e1hnout i po opravdu stylov\u00fdch bot\u00e1ch.<\/p>\n\n\n<shortcode prop-load-num=\"12\" prop-display-num=\"4\" prop-sku=\"5906751382516, 5906751212325, 5906751252451, 5906751316795, 5906751218778\" prop-view=\"slider\"><\/shortcode>        <div\r\n            class=\"eob-pf-shortcode\"\r\n            id=\"eobpf69f39f2fca39a\"\r\n        >\r\n            <shortcode prop-load-num=\"12\" prop-display-num=\"4\" prop-sku=\"5906751382516, 5906751212325, 5906751252451, 5906751316795, 5906751218778\" prop-view=\"slider\"><\/shortcode>        <\/div>\r\n\t\t<script>\r\n\t\t\tjQuery(document).ready(() => {\r\n\t\t\t    const root = document.getElementById('eobpf69f39f2fca39a');\r\n                Vue.createApp({\r\n\t                components: {\r\n\t                    shortcode\r\n\t                }\r\n                }).mount(root);\r\n\t\t\t});\r\n\t\t<\/script>\r\n\t\t\r\n\t\t\n\n\n\n<p><\/p>\n\n\n\n<h1 class=\"wp-block-heading\"><strong>Pro d\u011bti<\/strong><\/h1>\n\n\n\n<p>Proto\u017ee p\u0159edev\u0161\u00edm pro n\u011b m\u00e1 smysl ud\u011blat V\u00e1noce co nejkr\u00e1sn\u011bj\u0161\u00ed a nejradostn\u011bj\u0161\u00ed\u2026 Proto i CCC p\u0159in\u00e1\u0161\u00ed d\u011btsk\u00e9 produkty s obl\u00edben\u00fdmi motivy, kter\u00e9 pod strome\u010dkem vykouzl\u00ed radost a \u0161t\u011bst\u00ed. Z\u00e1rove\u0148 rodi\u010d\u016fm \u010d\u00e1ste\u010dn\u011b u\u0161et\u0159\u00ed pen\u00edze, proto\u017ee jde o u\u017eite\u010dn\u00e9 v\u011bci, kter\u00e9 se skute\u010dn\u011b hod\u00ed a kter\u00e9 by s nejv\u011bt\u0161\u00ed pravd\u011bpodobnost\u00ed stejn\u011b koupili. Dejte d\u011btem d\u016fvod k obrovsk\u00e9 radosti pod strome\u010dkem!<\/p>\n\n\n\n<ul class=\"wp-block-list\">\n<li><strong>Do\u00a0299 K\u010d<\/strong><\/li>\n<\/ul>\n\n\n<shortcode prop-load-num=\"12\" prop-display-num=\"4\" prop-sku=\"5906751391495, 5906751434352, 5906751434840, 5906751430026, 5906751426364\" prop-view=\"slider\"><\/shortcode>        <div\r\n            class=\"eob-pf-shortcode\"\r\n            id=\"eobpf69f39f2fca3c4\"\r\n        >\r\n            <shortcode prop-load-num=\"12\" prop-display-num=\"4\" prop-sku=\"5906751391495, 5906751434352, 5906751434840, 5906751430026, 5906751426364\" prop-view=\"slider\"><\/shortcode>        <\/div>\r\n\t\t<script>\r\n\t\t\tjQuery(document).ready(() => {\r\n\t\t\t    const root = document.getElementById('eobpf69f39f2fca3c4');\r\n                Vue.createApp({\r\n\t                components: {\r\n\t                    shortcode\r\n\t                }\r\n                }).mount(root);\r\n\t\t\t});\r\n\t\t<\/script>\r\n\t\t\r\n\t\t\n\n\n\n<p><\/p>\n\n\n\n<ul class=\"wp-block-list\">\n<li><strong>Do\u00a0499 K\u010d<\/strong><\/li>\n<\/ul>\n\n\n<shortcode prop-load-num=\"12\" prop-display-num=\"4\" prop-sku=\"5906751391198, 5906751327364, 5906751280881, 5906751281314, 5906751268827\" prop-view=\"slider\"><\/shortcode>        <div\r\n            class=\"eob-pf-shortcode\"\r\n            id=\"eobpf69f39f2fca3ea\"\r\n        >\r\n            <shortcode prop-load-num=\"12\" prop-display-num=\"4\" prop-sku=\"5906751391198, 5906751327364, 5906751280881, 5906751281314, 5906751268827\" prop-view=\"slider\"><\/shortcode>        <\/div>\r\n\t\t<script>\r\n\t\t\tjQuery(document).ready(() => {\r\n\t\t\t    const root = document.getElementById('eobpf69f39f2fca3ea');\r\n                Vue.createApp({\r\n\t                components: {\r\n\t                    shortcode\r\n\t                }\r\n                }).mount(root);\r\n\t\t\t});\r\n\t\t<\/script>\r\n\t\t\r\n\t\t\n\n\n\n<p><\/p>\n\n\n\n<ul class=\"wp-block-list\">\n<li><strong>Do\u00a0799 K\u010d<\/strong><\/li>\n<\/ul>\n\n\n<shortcode prop-load-num=\"12\" prop-display-num=\"4\" prop-sku=\"5906751388938, 5906751391631, 5906751388891, 5906751368336, 5906751391518, 5906751391761\" prop-view=\"slider\"><\/shortcode>        <div\r\n            class=\"eob-pf-shortcode\"\r\n            id=\"eobpf69f39f2fca40e\"\r\n        >\r\n            <shortcode prop-load-num=\"12\" prop-display-num=\"4\" prop-sku=\"5906751388938, 5906751391631, 5906751388891, 5906751368336, 5906751391518, 5906751391761\" prop-view=\"slider\"><\/shortcode>        <\/div>\r\n\t\t<script>\r\n\t\t\tjQuery(document).ready(() => {\r\n\t\t\t    const root = document.getElementById('eobpf69f39f2fca40e');\r\n                Vue.createApp({\r\n\t                components: {\r\n\t                    shortcode\r\n\t                }\r\n                }).mount(root);\r\n\t\t\t});\r\n\t\t<\/script>\r\n\t\t\r\n\t\t\n\n\n\n<p><\/p>\n\n\n\n<ul class=\"wp-block-list\">\n<li><strong>Do\u00a0999 K\u010d<\/strong><\/li>\n<\/ul>\n\n\n<shortcode prop-load-num=\"12\" prop-display-num=\"4\" prop-sku=\"5906751392027, 5906751438701, 5906751417720, 5906751326756, 5906751200728, 5906751421994, 5906751388914\" prop-view=\"slider\"><\/shortcode>        <div\r\n            class=\"eob-pf-shortcode\"\r\n            id=\"eobpf69f39f2fca430\"\r\n        >\r\n            <shortcode prop-load-num=\"12\" prop-display-num=\"4\" prop-sku=\"5906751392027, 5906751438701, 5906751417720, 5906751326756, 5906751200728, 5906751421994, 5906751388914\" prop-view=\"slider\"><\/shortcode>        <\/div>\r\n\t\t<script>\r\n\t\t\tjQuery(document).ready(() => {\r\n\t\t\t    const root = document.getElementById('eobpf69f39f2fca430');\r\n                Vue.createApp({\r\n\t                components: {\r\n\t                    shortcode\r\n\t                }\r\n                }).mount(root);\r\n\t\t\t});\r\n\t\t<\/script>\r\n\t\t\r\n\t\t\n\n\n\n<p><\/p>\n\n\n\n<p>A nyn\u00ed to nejd\u016fle\u017eit\u011bj\u0161\u00ed \u2013 u\u017eijte si to! Vychutnejte si, jak se na chv\u00edli zastav\u00ed t\u00e9m\u011b\u0159 cel\u00fd sv\u011bt, jak v\u0161e utichne a vy m\u016f\u017eete opravdu b\u00fdt chv\u00edli se svou rodinou a v\u011bnovat jednotliv\u00fdm \u010dlen\u016fm neru\u0161enou pozornost. U\u017e\u00edvejte si tyto okam\u017eiky, proto\u017ee b\u011bhem roku, kter\u00fd je v\u011bt\u0161inou tak rychl\u00fd, je jich pom\u011brn\u011b m\u00e1lo. Naberte z nich co nejv\u00edce, abyste na\u010derpali energii do dal\u0161\u00edch dn\u016f. A pokud se v\u00e1m p\u0159itom poda\u0159\u00ed n\u011bkomu ud\u011blat radost, je to jedno velk\u00e9 plus. V\u00fdb\u011br d\u00e1rk\u016f je pestr\u00fd.\u00a0<\/p>\n\n\n\n<p><\/p>\n\n\n\n<div class=\"wp-block-buttons is-content-justification-center is-layout-flex wp-container-core-buttons-is-layout-16018d1d wp-block-buttons-is-layout-flex\">\n<div class=\"wp-block-button is-style-fill\"><a class=\"wp-block-button__link has-custom-font-size wp-element-button\" href=\"https:\/\/ccc.eu\/cz\/cs\/lp\/modivoclub\" style=\"border-radius:0px;font-size:15px\">V\u0161e o platform\u011b v\u00fdhod MODIVO club<\/a><\/div>\n<\/div>\n\n\n\n<figure class=\"wp-block-gallery has-nested-images columns-default is-cropped wp-block-gallery-1 is-layout-flex wp-block-gallery-is-layout-flex\">\n<figure class=\"wp-block-image size-large\"><img loading=\"lazy\" decoding=\"async\" width=\"1024\" height=\"473\" data-id=\"8261\" src=\"https:\/\/blog.ccc.eu\/cz\/wp-content\/uploads\/2025\/12\/639003452938960000-Slider-HD-1300x600-4-1024x473.jpg\" alt=\"\" class=\"wp-image-8261\" srcset=\"https:\/\/blog.ccc.eu\/cz\/wp-content\/uploads\/2025\/12\/639003452938960000-Slider-HD-1300x600-4-1024x473.jpg 1024w, https:\/\/blog.ccc.eu\/cz\/wp-content\/uploads\/2025\/12\/639003452938960000-Slider-HD-1300x600-4-300x139.jpg 300w, https:\/\/blog.ccc.eu\/cz\/wp-content\/uploads\/2025\/12\/639003452938960000-Slider-HD-1300x600-4-768x355.jpg 768w, https:\/\/blog.ccc.eu\/cz\/wp-content\/uploads\/2025\/12\/639003452938960000-Slider-HD-1300x600-4-100x46.jpg 100w, https:\/\/blog.ccc.eu\/cz\/wp-content\/uploads\/2025\/12\/639003452938960000-Slider-HD-1300x600-4.jpg 1300w\" sizes=\"auto, (max-width: 1024px) 100vw, 1024px\" \/><\/figure>\n<\/figure>\n\n\n\n<p><\/p>\n","protected":false},"excerpt":{"rendered":"<p>P\u0159ehled praktick\u00fdch a nad\u010dasov\u00fdch v\u00e1no\u010dn\u00edch d\u00e1rk\u016f pro d\u011bti i dosp\u011bl\u00e9 v r\u016fzn\u00fdch cenov\u00fdch kategori\u00edch. Inspirace na drobnosti i v\u011bt\u0161\u00ed d\u00e1rky, kter\u00e9 pot\u011b\u0161\u00ed, maj\u00ed skute\u010dn\u00e9 vyu\u017eit\u00ed a pomohou udr\u017eet rozumn\u00fd rozpo\u010det.<\/p>\n","protected":false},"author":24,"featured_media":8260,"comment_status":"open","ping_status":"open","sticky":false,"template":"","format":"standard","meta":{"_acf_changed":false,"footnotes":""},"categories":[1023,1022],"tags":[1026],"class_list":["post-8259","post","type-post","status-publish","format-standard","has-post-thumbnail","hentry","category-darecky","category-vanoce","tag-darecky-2"],"acf":[],"yoast_head":"<!-- This site is optimized with the Yoast SEO plugin v26.9 - https:\/\/yoast.com\/product\/yoast-seo-wordpress\/ -->\n<title>Praktick\u00e9 a nad\u010dasov\u00e9 v\u00e1no\u010dn\u00ed d\u00e1rky, kter\u00e9 pot\u011b\u0161\u00ed ka\u017ed\u00e9ho \u2014 a to za rozpo\u010det, kter\u00fd si m\u016f\u017ee dovolit opravdu ka\u017ed\u00fd! - blog.ccc.eu\/cz<\/title>\n<meta name=\"description\" content=\"Hled\u00e1te v\u00e1no\u010dn\u00ed d\u00e1rky, kter\u00e9 pot\u011b\u0161\u00ed ka\u017ed\u00e9ho a nezat\u00ed\u017e\u00ed rozpo\u010det? Inspirujte se p\u0159ehledem praktick\u00fdch tip\u016f v r\u016fzn\u00fdch cenov\u00fdch kategori\u00edch pro celou rodinu. 2026\" \/>\n<meta name=\"robots\" content=\"index, follow, max-snippet:-1, max-image-preview:large, max-video-preview:-1\" \/>\n<link rel=\"canonical\" href=\"https:\/\/blog.ccc.eu\/cz\/prakticke-a-nadcasove-vanocni-darky-ktere-potesi-kazdeho-a-to-za-rozpocet-ktery-si-muze-dovolit-opravdu-kazdy\/\" \/>\n<meta property=\"og:locale\" content=\"cs_CZ\" \/>\n<meta property=\"og:type\" content=\"article\" \/>\n<meta property=\"og:title\" content=\"Praktick\u00e9 a nad\u010dasov\u00e9 v\u00e1no\u010dn\u00ed d\u00e1rky, kter\u00e9 pot\u011b\u0161\u00ed ka\u017ed\u00e9ho \u2014 a to za rozpo\u010det, kter\u00fd si m\u016f\u017ee dovolit opravdu ka\u017ed\u00fd! - blog.ccc.eu\/cz\" \/>\n<meta property=\"og:description\" content=\"Hled\u00e1te v\u00e1no\u010dn\u00ed d\u00e1rky, kter\u00e9 pot\u011b\u0161\u00ed ka\u017ed\u00e9ho a nezat\u00ed\u017e\u00ed rozpo\u010det? Inspirujte se p\u0159ehledem praktick\u00fdch tip\u016f v r\u016fzn\u00fdch cenov\u00fdch kategori\u00edch pro celou rodinu.\" \/>\n<meta property=\"og:url\" content=\"https:\/\/blog.ccc.eu\/cz\/prakticke-a-nadcasove-vanocni-darky-ktere-potesi-kazdeho-a-to-za-rozpocet-ktery-si-muze-dovolit-opravdu-kazdy\/\" \/>\n<meta property=\"og:site_name\" content=\"blog.ccc.eu\/cz\" \/>\n<meta property=\"article:published_time\" content=\"2025-11-24T22:25:06+00:00\" \/>\n<meta property=\"article:modified_time\" content=\"2025-12-07T22:53:27+00:00\" \/>\n<meta property=\"og:image\" content=\"https:\/\/blog.ccc.eu\/cz\/wp-content\/uploads\/2025\/12\/imgonline-com-ua-compressed-7kGGzPfoV7.jpg\" \/>\n\t<meta property=\"og:image:width\" content=\"1224\" \/>\n\t<meta property=\"og:image:height\" content=\"816\" \/>\n\t<meta property=\"og:image:type\" content=\"image\/jpeg\" \/>\n<meta name=\"author\" content=\"Kaja\" \/>\n<meta name=\"twitter:card\" content=\"summary_large_image\" \/>\n<meta name=\"twitter:label1\" content=\"Napsal(a)\" \/>\n\t<meta name=\"twitter:data1\" content=\"Kaja\" \/>\n\t<meta name=\"twitter:label2\" content=\"Odhadovan\u00e1 doba \u010dten\u00ed\" \/>\n\t<meta name=\"twitter:data2\" content=\"5 minut\" \/>\n<script type=\"application\/ld+json\" class=\"yoast-schema-graph\">{\"@context\":\"https:\/\/schema.org\",\"@graph\":[{\"@type\":\"Article\",\"@id\":\"https:\/\/blog.ccc.eu\/cz\/prakticke-a-nadcasove-vanocni-darky-ktere-potesi-kazdeho-a-to-za-rozpocet-ktery-si-muze-dovolit-opravdu-kazdy\/#article\",\"isPartOf\":{\"@id\":\"https:\/\/blog.ccc.eu\/cz\/prakticke-a-nadcasove-vanocni-darky-ktere-potesi-kazdeho-a-to-za-rozpocet-ktery-si-muze-dovolit-opravdu-kazdy\/\"},\"author\":{\"name\":\"Kaja\",\"@id\":\"https:\/\/blog.ccc.eu\/cz\/#\/schema\/person\/f21bfa7ed9e08fb4b5b823707bdde059\"},\"headline\":\"Praktick\u00e9 a nad\u010dasov\u00e9 v\u00e1no\u010dn\u00ed d\u00e1rky, kter\u00e9 pot\u011b\u0161\u00ed ka\u017ed\u00e9ho \u2014 a to za rozpo\u010det, kter\u00fd si m\u016f\u017ee dovolit opravdu ka\u017ed\u00fd!\",\"datePublished\":\"2025-11-24T22:25:06+00:00\",\"dateModified\":\"2025-12-07T22:53:27+00:00\",\"mainEntityOfPage\":{\"@id\":\"https:\/\/blog.ccc.eu\/cz\/prakticke-a-nadcasove-vanocni-darky-ktere-potesi-kazdeho-a-to-za-rozpocet-ktery-si-muze-dovolit-opravdu-kazdy\/\"},\"wordCount\":1103,\"commentCount\":0,\"publisher\":{\"@id\":\"https:\/\/blog.ccc.eu\/cz\/#organization\"},\"image\":{\"@id\":\"https:\/\/blog.ccc.eu\/cz\/prakticke-a-nadcasove-vanocni-darky-ktere-potesi-kazdeho-a-to-za-rozpocet-ktery-si-muze-dovolit-opravdu-kazdy\/#primaryimage\"},\"thumbnailUrl\":\"https:\/\/blog.ccc.eu\/cz\/wp-content\/uploads\/2025\/12\/imgonline-com-ua-compressed-7kGGzPfoV7.jpg\",\"keywords\":[\"dare\u010dky\"],\"articleSection\":[\"D\u00c1RE\u010cKY\",\"V\u00c1NOCE\"],\"inLanguage\":\"cs\",\"potentialAction\":[{\"@type\":\"CommentAction\",\"name\":\"Comment\",\"target\":[\"https:\/\/blog.ccc.eu\/cz\/prakticke-a-nadcasove-vanocni-darky-ktere-potesi-kazdeho-a-to-za-rozpocet-ktery-si-muze-dovolit-opravdu-kazdy\/#respond\"]}]},{\"@type\":\"WebPage\",\"@id\":\"https:\/\/blog.ccc.eu\/cz\/prakticke-a-nadcasove-vanocni-darky-ktere-potesi-kazdeho-a-to-za-rozpocet-ktery-si-muze-dovolit-opravdu-kazdy\/\",\"url\":\"https:\/\/blog.ccc.eu\/cz\/prakticke-a-nadcasove-vanocni-darky-ktere-potesi-kazdeho-a-to-za-rozpocet-ktery-si-muze-dovolit-opravdu-kazdy\/\",\"name\":\"Praktick\u00e9 a nad\u010dasov\u00e9 v\u00e1no\u010dn\u00ed d\u00e1rky, kter\u00e9 pot\u011b\u0161\u00ed ka\u017ed\u00e9ho \u2014 a to za rozpo\u010det, kter\u00fd si m\u016f\u017ee dovolit opravdu ka\u017ed\u00fd! - blog.ccc.eu\/cz\",\"isPartOf\":{\"@id\":\"https:\/\/blog.ccc.eu\/cz\/#website\"},\"primaryImageOfPage\":{\"@id\":\"https:\/\/blog.ccc.eu\/cz\/prakticke-a-nadcasove-vanocni-darky-ktere-potesi-kazdeho-a-to-za-rozpocet-ktery-si-muze-dovolit-opravdu-kazdy\/#primaryimage\"},\"image\":{\"@id\":\"https:\/\/blog.ccc.eu\/cz\/prakticke-a-nadcasove-vanocni-darky-ktere-potesi-kazdeho-a-to-za-rozpocet-ktery-si-muze-dovolit-opravdu-kazdy\/#primaryimage\"},\"thumbnailUrl\":\"https:\/\/blog.ccc.eu\/cz\/wp-content\/uploads\/2025\/12\/imgonline-com-ua-compressed-7kGGzPfoV7.jpg\",\"datePublished\":\"2025-11-24T22:25:06+00:00\",\"dateModified\":\"2025-12-07T22:53:27+00:00\",\"description\":\"Hled\u00e1te v\u00e1no\u010dn\u00ed d\u00e1rky, kter\u00e9 pot\u011b\u0161\u00ed ka\u017ed\u00e9ho a nezat\u00ed\u017e\u00ed rozpo\u010det? Inspirujte se p\u0159ehledem praktick\u00fdch tip\u016f v r\u016fzn\u00fdch cenov\u00fdch kategori\u00edch pro celou rodinu.\",\"breadcrumb\":{\"@id\":\"https:\/\/blog.ccc.eu\/cz\/prakticke-a-nadcasove-vanocni-darky-ktere-potesi-kazdeho-a-to-za-rozpocet-ktery-si-muze-dovolit-opravdu-kazdy\/#breadcrumb\"},\"inLanguage\":\"cs\",\"potentialAction\":[{\"@type\":\"ReadAction\",\"target\":[\"https:\/\/blog.ccc.eu\/cz\/prakticke-a-nadcasove-vanocni-darky-ktere-potesi-kazdeho-a-to-za-rozpocet-ktery-si-muze-dovolit-opravdu-kazdy\/\"]}]},{\"@type\":\"ImageObject\",\"inLanguage\":\"cs\",\"@id\":\"https:\/\/blog.ccc.eu\/cz\/prakticke-a-nadcasove-vanocni-darky-ktere-potesi-kazdeho-a-to-za-rozpocet-ktery-si-muze-dovolit-opravdu-kazdy\/#primaryimage\",\"url\":\"https:\/\/blog.ccc.eu\/cz\/wp-content\/uploads\/2025\/12\/imgonline-com-ua-compressed-7kGGzPfoV7.jpg\",\"contentUrl\":\"https:\/\/blog.ccc.eu\/cz\/wp-content\/uploads\/2025\/12\/imgonline-com-ua-compressed-7kGGzPfoV7.jpg\",\"width\":1224,\"height\":816,\"caption\":\"v\u00e1no\u010dn\u00ed d\u00e1rky\"},{\"@type\":\"BreadcrumbList\",\"@id\":\"https:\/\/blog.ccc.eu\/cz\/prakticke-a-nadcasove-vanocni-darky-ktere-potesi-kazdeho-a-to-za-rozpocet-ktery-si-muze-dovolit-opravdu-kazdy\/#breadcrumb\",\"itemListElement\":[{\"@type\":\"ListItem\",\"position\":1,\"name\":\"Strona g\u0142\u00f3wna\",\"item\":\"https:\/\/blog.ccc.eu\/cz\/\"},{\"@type\":\"ListItem\",\"position\":2,\"name\":\"Praktick\u00e9 a nad\u010dasov\u00e9 v\u00e1no\u010dn\u00ed d\u00e1rky, kter\u00e9 pot\u011b\u0161\u00ed ka\u017ed\u00e9ho \u2014 a to za rozpo\u010det, kter\u00fd si m\u016f\u017ee dovolit opravdu ka\u017ed\u00fd!\"}]},{\"@type\":\"WebSite\",\"@id\":\"https:\/\/blog.ccc.eu\/cz\/#website\",\"url\":\"https:\/\/blog.ccc.eu\/cz\/\",\"name\":\"blog.ccc.eu\/cz\",\"description\":\"Va\u0161e m\u00edsto pln\u00e9 m\u00f3dn\u00edch inspirac\u00ed\",\"publisher\":{\"@id\":\"https:\/\/blog.ccc.eu\/cz\/#organization\"},\"potentialAction\":[{\"@type\":\"SearchAction\",\"target\":{\"@type\":\"EntryPoint\",\"urlTemplate\":\"https:\/\/blog.ccc.eu\/cz\/?s={search_term_string}\"},\"query-input\":{\"@type\":\"PropertyValueSpecification\",\"valueRequired\":true,\"valueName\":\"search_term_string\"}}],\"inLanguage\":\"cs\"},{\"@type\":\"Organization\",\"@id\":\"https:\/\/blog.ccc.eu\/cz\/#organization\",\"name\":\"CCC S.A.\",\"url\":\"https:\/\/blog.ccc.eu\/cz\/\",\"logo\":{\"@type\":\"ImageObject\",\"inLanguage\":\"cs\",\"@id\":\"https:\/\/blog.ccc.eu\/cz\/#\/schema\/logo\/image\/\",\"url\":\"https:\/\/blog.ccc.eu\/cz\/wp-content\/uploads\/2021\/11\/logo_ccc.png\",\"contentUrl\":\"https:\/\/blog.ccc.eu\/cz\/wp-content\/uploads\/2021\/11\/logo_ccc.png\",\"width\":730,\"height\":270,\"caption\":\"CCC S.A.\"},\"image\":{\"@id\":\"https:\/\/blog.ccc.eu\/cz\/#\/schema\/logo\/image\/\"}},{\"@type\":\"Person\",\"@id\":\"https:\/\/blog.ccc.eu\/cz\/#\/schema\/person\/f21bfa7ed9e08fb4b5b823707bdde059\",\"name\":\"Kaja\",\"image\":{\"@type\":\"ImageObject\",\"inLanguage\":\"cs\",\"@id\":\"https:\/\/blog.ccc.eu\/cz\/#\/schema\/person\/image\/\",\"url\":\"https:\/\/blog.ccc.eu\/cz\/wp-content\/uploads\/2024\/06\/white-1-300x300-1-100x100.jpg\",\"contentUrl\":\"https:\/\/blog.ccc.eu\/cz\/wp-content\/uploads\/2024\/06\/white-1-300x300-1-100x100.jpg\",\"caption\":\"Kaja\"},\"description\":\"U\u017e od pubert\u00e1ln\u00edch let se v\u011bnuje pr\u00e1ci v m\u00e9di\u00edch a psan\u00ed. Z kon\u00ed\u010dka se stalo \u017eivobyt\u00ed, kter\u00e9 j\u00ed z\u00e1rove\u0148 poskytlo dostatek svobody k tomu, aby mohla pom\u011brn\u011b hodn\u011b cestovat a pozn\u00e1vat sv\u011bt a r\u016fzn\u00e9 kultury. Energii j\u00ed dod\u00e1v\u00e1 \u010dten\u00ed knih, voda a hudba.\",\"url\":\"https:\/\/blog.ccc.eu\/cz\/author\/perlamakovienka-sk\/\"}]}<\/script>\n<!-- \/ Yoast SEO plugin. -->","yoast_head_json":{"title":"Praktick\u00e9 a nad\u010dasov\u00e9 v\u00e1no\u010dn\u00ed d\u00e1rky, kter\u00e9 pot\u011b\u0161\u00ed ka\u017ed\u00e9ho \u2014 a to za rozpo\u010det, kter\u00fd si m\u016f\u017ee dovolit opravdu ka\u017ed\u00fd! - blog.ccc.eu\/cz","description":"Hled\u00e1te v\u00e1no\u010dn\u00ed d\u00e1rky, kter\u00e9 pot\u011b\u0161\u00ed ka\u017ed\u00e9ho a nezat\u00ed\u017e\u00ed rozpo\u010det? Inspirujte se p\u0159ehledem praktick\u00fdch tip\u016f v r\u016fzn\u00fdch cenov\u00fdch kategori\u00edch pro celou rodinu. 2026","robots":{"index":"index","follow":"follow","max-snippet":"max-snippet:-1","max-image-preview":"max-image-preview:large","max-video-preview":"max-video-preview:-1"},"canonical":"https:\/\/blog.ccc.eu\/cz\/prakticke-a-nadcasove-vanocni-darky-ktere-potesi-kazdeho-a-to-za-rozpocet-ktery-si-muze-dovolit-opravdu-kazdy\/","og_locale":"cs_CZ","og_type":"article","og_title":"Praktick\u00e9 a nad\u010dasov\u00e9 v\u00e1no\u010dn\u00ed d\u00e1rky, kter\u00e9 pot\u011b\u0161\u00ed ka\u017ed\u00e9ho \u2014 a to za rozpo\u010det, kter\u00fd si m\u016f\u017ee dovolit opravdu ka\u017ed\u00fd! - blog.ccc.eu\/cz","og_description":"Hled\u00e1te v\u00e1no\u010dn\u00ed d\u00e1rky, kter\u00e9 pot\u011b\u0161\u00ed ka\u017ed\u00e9ho a nezat\u00ed\u017e\u00ed rozpo\u010det? Inspirujte se p\u0159ehledem praktick\u00fdch tip\u016f v r\u016fzn\u00fdch cenov\u00fdch kategori\u00edch pro celou rodinu.","og_url":"https:\/\/blog.ccc.eu\/cz\/prakticke-a-nadcasove-vanocni-darky-ktere-potesi-kazdeho-a-to-za-rozpocet-ktery-si-muze-dovolit-opravdu-kazdy\/","og_site_name":"blog.ccc.eu\/cz","article_published_time":"2025-11-24T22:25:06+00:00","article_modified_time":"2025-12-07T22:53:27+00:00","og_image":[{"width":1224,"height":816,"url":"https:\/\/blog.ccc.eu\/cz\/wp-content\/uploads\/2025\/12\/imgonline-com-ua-compressed-7kGGzPfoV7.jpg","type":"image\/jpeg"}],"author":"Kaja","twitter_card":"summary_large_image","twitter_misc":{"Napsal(a)":"Kaja","Odhadovan\u00e1 doba \u010dten\u00ed":"5 minut"},"schema":{"@context":"https:\/\/schema.org","@graph":[{"@type":"Article","@id":"https:\/\/blog.ccc.eu\/cz\/prakticke-a-nadcasove-vanocni-darky-ktere-potesi-kazdeho-a-to-za-rozpocet-ktery-si-muze-dovolit-opravdu-kazdy\/#article","isPartOf":{"@id":"https:\/\/blog.ccc.eu\/cz\/prakticke-a-nadcasove-vanocni-darky-ktere-potesi-kazdeho-a-to-za-rozpocet-ktery-si-muze-dovolit-opravdu-kazdy\/"},"author":{"name":"Kaja","@id":"https:\/\/blog.ccc.eu\/cz\/#\/schema\/person\/f21bfa7ed9e08fb4b5b823707bdde059"},"headline":"Praktick\u00e9 a nad\u010dasov\u00e9 v\u00e1no\u010dn\u00ed d\u00e1rky, kter\u00e9 pot\u011b\u0161\u00ed ka\u017ed\u00e9ho \u2014 a to za rozpo\u010det, kter\u00fd si m\u016f\u017ee dovolit opravdu ka\u017ed\u00fd!","datePublished":"2025-11-24T22:25:06+00:00","dateModified":"2025-12-07T22:53:27+00:00","mainEntityOfPage":{"@id":"https:\/\/blog.ccc.eu\/cz\/prakticke-a-nadcasove-vanocni-darky-ktere-potesi-kazdeho-a-to-za-rozpocet-ktery-si-muze-dovolit-opravdu-kazdy\/"},"wordCount":1103,"commentCount":0,"publisher":{"@id":"https:\/\/blog.ccc.eu\/cz\/#organization"},"image":{"@id":"https:\/\/blog.ccc.eu\/cz\/prakticke-a-nadcasove-vanocni-darky-ktere-potesi-kazdeho-a-to-za-rozpocet-ktery-si-muze-dovolit-opravdu-kazdy\/#primaryimage"},"thumbnailUrl":"https:\/\/blog.ccc.eu\/cz\/wp-content\/uploads\/2025\/12\/imgonline-com-ua-compressed-7kGGzPfoV7.jpg","keywords":["dare\u010dky"],"articleSection":["D\u00c1RE\u010cKY","V\u00c1NOCE"],"inLanguage":"cs","potentialAction":[{"@type":"CommentAction","name":"Comment","target":["https:\/\/blog.ccc.eu\/cz\/prakticke-a-nadcasove-vanocni-darky-ktere-potesi-kazdeho-a-to-za-rozpocet-ktery-si-muze-dovolit-opravdu-kazdy\/#respond"]}]},{"@type":"WebPage","@id":"https:\/\/blog.ccc.eu\/cz\/prakticke-a-nadcasove-vanocni-darky-ktere-potesi-kazdeho-a-to-za-rozpocet-ktery-si-muze-dovolit-opravdu-kazdy\/","url":"https:\/\/blog.ccc.eu\/cz\/prakticke-a-nadcasove-vanocni-darky-ktere-potesi-kazdeho-a-to-za-rozpocet-ktery-si-muze-dovolit-opravdu-kazdy\/","name":"Praktick\u00e9 a nad\u010dasov\u00e9 v\u00e1no\u010dn\u00ed d\u00e1rky, kter\u00e9 pot\u011b\u0161\u00ed ka\u017ed\u00e9ho \u2014 a to za rozpo\u010det, kter\u00fd si m\u016f\u017ee dovolit opravdu ka\u017ed\u00fd! - blog.ccc.eu\/cz","isPartOf":{"@id":"https:\/\/blog.ccc.eu\/cz\/#website"},"primaryImageOfPage":{"@id":"https:\/\/blog.ccc.eu\/cz\/prakticke-a-nadcasove-vanocni-darky-ktere-potesi-kazdeho-a-to-za-rozpocet-ktery-si-muze-dovolit-opravdu-kazdy\/#primaryimage"},"image":{"@id":"https:\/\/blog.ccc.eu\/cz\/prakticke-a-nadcasove-vanocni-darky-ktere-potesi-kazdeho-a-to-za-rozpocet-ktery-si-muze-dovolit-opravdu-kazdy\/#primaryimage"},"thumbnailUrl":"https:\/\/blog.ccc.eu\/cz\/wp-content\/uploads\/2025\/12\/imgonline-com-ua-compressed-7kGGzPfoV7.jpg","datePublished":"2025-11-24T22:25:06+00:00","dateModified":"2025-12-07T22:53:27+00:00","description":"Hled\u00e1te v\u00e1no\u010dn\u00ed d\u00e1rky, kter\u00e9 pot\u011b\u0161\u00ed ka\u017ed\u00e9ho a nezat\u00ed\u017e\u00ed rozpo\u010det? Inspirujte se p\u0159ehledem praktick\u00fdch tip\u016f v r\u016fzn\u00fdch cenov\u00fdch kategori\u00edch pro celou rodinu.","breadcrumb":{"@id":"https:\/\/blog.ccc.eu\/cz\/prakticke-a-nadcasove-vanocni-darky-ktere-potesi-kazdeho-a-to-za-rozpocet-ktery-si-muze-dovolit-opravdu-kazdy\/#breadcrumb"},"inLanguage":"cs","potentialAction":[{"@type":"ReadAction","target":["https:\/\/blog.ccc.eu\/cz\/prakticke-a-nadcasove-vanocni-darky-ktere-potesi-kazdeho-a-to-za-rozpocet-ktery-si-muze-dovolit-opravdu-kazdy\/"]}]},{"@type":"ImageObject","inLanguage":"cs","@id":"https:\/\/blog.ccc.eu\/cz\/prakticke-a-nadcasove-vanocni-darky-ktere-potesi-kazdeho-a-to-za-rozpocet-ktery-si-muze-dovolit-opravdu-kazdy\/#primaryimage","url":"https:\/\/blog.ccc.eu\/cz\/wp-content\/uploads\/2025\/12\/imgonline-com-ua-compressed-7kGGzPfoV7.jpg","contentUrl":"https:\/\/blog.ccc.eu\/cz\/wp-content\/uploads\/2025\/12\/imgonline-com-ua-compressed-7kGGzPfoV7.jpg","width":1224,"height":816,"caption":"v\u00e1no\u010dn\u00ed d\u00e1rky"},{"@type":"BreadcrumbList","@id":"https:\/\/blog.ccc.eu\/cz\/prakticke-a-nadcasove-vanocni-darky-ktere-potesi-kazdeho-a-to-za-rozpocet-ktery-si-muze-dovolit-opravdu-kazdy\/#breadcrumb","itemListElement":[{"@type":"ListItem","position":1,"name":"Strona g\u0142\u00f3wna","item":"https:\/\/blog.ccc.eu\/cz\/"},{"@type":"ListItem","position":2,"name":"Praktick\u00e9 a nad\u010dasov\u00e9 v\u00e1no\u010dn\u00ed d\u00e1rky, kter\u00e9 pot\u011b\u0161\u00ed ka\u017ed\u00e9ho \u2014 a to za rozpo\u010det, kter\u00fd si m\u016f\u017ee dovolit opravdu ka\u017ed\u00fd!"}]},{"@type":"WebSite","@id":"https:\/\/blog.ccc.eu\/cz\/#website","url":"https:\/\/blog.ccc.eu\/cz\/","name":"blog.ccc.eu\/cz","description":"Va\u0161e m\u00edsto pln\u00e9 m\u00f3dn\u00edch inspirac\u00ed","publisher":{"@id":"https:\/\/blog.ccc.eu\/cz\/#organization"},"potentialAction":[{"@type":"SearchAction","target":{"@type":"EntryPoint","urlTemplate":"https:\/\/blog.ccc.eu\/cz\/?s={search_term_string}"},"query-input":{"@type":"PropertyValueSpecification","valueRequired":true,"valueName":"search_term_string"}}],"inLanguage":"cs"},{"@type":"Organization","@id":"https:\/\/blog.ccc.eu\/cz\/#organization","name":"CCC S.A.","url":"https:\/\/blog.ccc.eu\/cz\/","logo":{"@type":"ImageObject","inLanguage":"cs","@id":"https:\/\/blog.ccc.eu\/cz\/#\/schema\/logo\/image\/","url":"https:\/\/blog.ccc.eu\/cz\/wp-content\/uploads\/2021\/11\/logo_ccc.png","contentUrl":"https:\/\/blog.ccc.eu\/cz\/wp-content\/uploads\/2021\/11\/logo_ccc.png","width":730,"height":270,"caption":"CCC S.A."},"image":{"@id":"https:\/\/blog.ccc.eu\/cz\/#\/schema\/logo\/image\/"}},{"@type":"Person","@id":"https:\/\/blog.ccc.eu\/cz\/#\/schema\/person\/f21bfa7ed9e08fb4b5b823707bdde059","name":"Kaja","image":{"@type":"ImageObject","inLanguage":"cs","@id":"https:\/\/blog.ccc.eu\/cz\/#\/schema\/person\/image\/","url":"https:\/\/blog.ccc.eu\/cz\/wp-content\/uploads\/2024\/06\/white-1-300x300-1-100x100.jpg","contentUrl":"https:\/\/blog.ccc.eu\/cz\/wp-content\/uploads\/2024\/06\/white-1-300x300-1-100x100.jpg","caption":"Kaja"},"description":"U\u017e od pubert\u00e1ln\u00edch let se v\u011bnuje pr\u00e1ci v m\u00e9di\u00edch a psan\u00ed. Z kon\u00ed\u010dka se stalo \u017eivobyt\u00ed, kter\u00e9 j\u00ed z\u00e1rove\u0148 poskytlo dostatek svobody k tomu, aby mohla pom\u011brn\u011b hodn\u011b cestovat a pozn\u00e1vat sv\u011bt a r\u016fzn\u00e9 kultury. Energii j\u00ed dod\u00e1v\u00e1 \u010dten\u00ed knih, voda a hudba.","url":"https:\/\/blog.ccc.eu\/cz\/author\/perlamakovienka-sk\/"}]}},"_links":{"self":[{"href":"https:\/\/blog.ccc.eu\/cz\/wp-json\/wp\/v2\/posts\/8259","targetHints":{"allow":["GET"]}}],"collection":[{"href":"https:\/\/blog.ccc.eu\/cz\/wp-json\/wp\/v2\/posts"}],"about":[{"href":"https:\/\/blog.ccc.eu\/cz\/wp-json\/wp\/v2\/types\/post"}],"author":[{"embeddable":true,"href":"https:\/\/blog.ccc.eu\/cz\/wp-json\/wp\/v2\/users\/24"}],"replies":[{"embeddable":true,"href":"https:\/\/blog.ccc.eu\/cz\/wp-json\/wp\/v2\/comments?post=8259"}],"version-history":[{"count":2,"href":"https:\/\/blog.ccc.eu\/cz\/wp-json\/wp\/v2\/posts\/8259\/revisions"}],"predecessor-version":[{"id":8264,"href":"https:\/\/blog.ccc.eu\/cz\/wp-json\/wp\/v2\/posts\/8259\/revisions\/8264"}],"wp:featuredmedia":[{"embeddable":true,"href":"https:\/\/blog.ccc.eu\/cz\/wp-json\/wp\/v2\/media\/8260"}],"wp:attachment":[{"href":"https:\/\/blog.ccc.eu\/cz\/wp-json\/wp\/v2\/media?parent=8259"}],"wp:term":[{"taxonomy":"category","embeddable":true,"href":"https:\/\/blog.ccc.eu\/cz\/wp-json\/wp\/v2\/categories?post=8259"},{"taxonomy":"post_tag","embeddable":true,"href":"https:\/\/blog.ccc.eu\/cz\/wp-json\/wp\/v2\/tags?post=8259"}],"curies":[{"name":"wp","href":"https:\/\/api.w.org\/{rel}","templated":true}]}}