{"id":8266,"date":"2025-12-01T01:07:07","date_gmt":"2025-12-01T00:07:07","guid":{"rendered":"https:\/\/blog.ccc.eu\/cz\/?p=8266"},"modified":"2025-12-10T01:25:27","modified_gmt":"2025-12-10T00:25:27","slug":"nejkrasnejsi-zena-u-stedrovecerniho-stolu-v-lodickach","status":"publish","type":"post","link":"https:\/\/blog.ccc.eu\/cz\/nejkrasnejsi-zena-u-stedrovecerniho-stolu-v-lodickach\/","title":{"rendered":"Nejkr\u00e1sn\u011bj\u0161\u00ed \u017eena u \u0161t\u011bdrove\u010dern\u00edho stolu: V\u00a0lodi\u010dk\u00e1ch"},"content":{"rendered":"\n<p><em>\u0160t\u011bdr\u00fd ve\u010der pat\u0159\u00ed mezi nejkouzeln\u011bj\u0161\u00ed dny v roce pro mnoho \u017een. Slavnostn\u00ed ve\u010de\u0159e, rodinn\u00e1 atmosf\u00e9ra a v\u016fn\u011b tradi\u010dn\u00edch cukrovinek. A k tomu dokonal\u00fd outfit, kter\u00fd cel\u00fd ve\u010der pov\u00fd\u0161\u00ed na je\u0161t\u011b v\u00fdjime\u010dn\u011bj\u0161\u00ed z\u00e1\u017eitek.<\/em><\/p>\n\n\n\n<p>J\u00e1 osobn\u011b nejsem velkou milovnic\u00ed <a href=\"https:\/\/ccc.eu\/cz\/cs\/c\/damske\/boty\/lodicky\">lodi\u010dek<\/a> \u2013 nos\u00edm je jen p\u0159i speci\u00e1ln\u00edch p\u0159\u00edle\u017eitostech. O to v\u00edc obdivuji \u017eeny, pro kter\u00e9 lodi\u010dky tvo\u0159\u00ed p\u0159irozenou sou\u010d\u00e1st \u0161atn\u00edku a kter\u00e9 p\u0159i vstupu do m\u00edstnosti okam\u017eit\u011b p\u0159itahuj\u00ed pozornost. Lodi\u010dky v \u017een\u00e1ch probouzej\u00ed n\u011bco mimo\u0159\u00e1dn\u011b p\u0159ita\u017eliv\u00e9ho, elegantn\u00edho, \u017eensk\u00e9ho a kr\u00e1sn\u00e9ho<\/p>\n\n\n\n<figure class=\"wp-block-gallery has-nested-images columns-default is-cropped wp-block-gallery-1 is-layout-flex wp-block-gallery-is-layout-flex\">\n<figure class=\"wp-block-image size-large\"><img loading=\"lazy\" decoding=\"async\" width=\"683\" height=\"1024\" data-id=\"8267\" src=\"https:\/\/blog.ccc.eu\/cz\/wp-content\/uploads\/2025\/12\/CCC_5905588372974_01K-683x1024.jpg\" alt=\"\" class=\"wp-image-8267\"\/><\/figure>\n\n\n\n<figure class=\"wp-block-image size-large\"><img loading=\"lazy\" decoding=\"async\" width=\"683\" height=\"1024\" data-id=\"8268\" src=\"https:\/\/blog.ccc.eu\/cz\/wp-content\/uploads\/2025\/12\/CCC_5905588372974_06-683x1024.jpg\" alt=\"\" class=\"wp-image-8268\" srcset=\"https:\/\/blog.ccc.eu\/cz\/wp-content\/uploads\/2025\/12\/CCC_5905588372974_06-683x1024.jpg 683w, https:\/\/blog.ccc.eu\/cz\/wp-content\/uploads\/2025\/12\/CCC_5905588372974_06-200x300.jpg 200w, https:\/\/blog.ccc.eu\/cz\/wp-content\/uploads\/2025\/12\/CCC_5905588372974_06-768x1152.jpg 768w, https:\/\/blog.ccc.eu\/cz\/wp-content\/uploads\/2025\/12\/CCC_5905588372974_06-100x150.jpg 100w, https:\/\/blog.ccc.eu\/cz\/wp-content\/uploads\/2025\/12\/CCC_5905588372974_06.jpg 876w\" sizes=\"auto, (max-width: 683px) 100vw, 683px\" \/><\/figure>\n<\/figure>\n\n\n\n<p><\/p>\n\n\n\n<p>P\u0159edv\u00e1no\u010dn\u00ed obdob\u00ed d\u00e1 \u017een\u00e1m \u010dasto po\u0159\u00e1dn\u011b zabrat. Sna\u017e\u00ed se m\u00edt uklizeno, nava\u0159eno, nape\u010deno, nav\u00edc nakoupit v\u0161echny d\u00e1rky\u2026 Pro v\u011bt\u0161inu \u017een jsou to sice kr\u00e1sn\u00e9, ale velmi n\u00e1ro\u010dn\u00e9 dny, kdy se \u010dasto c\u00edt\u00ed unaven\u00e9, uhnan\u00e9 a jen z\u0159\u00eddka atraktivn\u00ed. A kdy\u017e p\u0159ijde \u0160t\u011bdr\u00fd den, kone\u010dn\u011b nast\u00e1v\u00e1 \u010das tento pocit si vynahradit a doslova se obl\u00e9knout do sv\u00e9 \u017eenskosti, do sv\u00e9 p\u0159ita\u017elivosti, uk\u00e1zat, a hlavn\u011b sama sebe vid\u011bt jin\u00fdma o\u010dima ne\u017e d\u0159\u00edve tu unavenou, uhnanou \u201epan\u00ed\u201f.<\/p>\n\n\n\n<p>A k tomu se, jak jinak, skv\u011ble hod\u00ed <a href=\"https:\/\/ccc.eu\/cz\/cs\/c\/damske\/boty\/lodicky\">lodi\u010dky<\/a> \u2013 obuv, kter\u00e1 dok\u00e1\u017ee zm\u011bnit \u00fapln\u011b v\u0161echno. Lodi\u010dky jsou st\u00e1lic\u00ed \u017eensk\u00e9ho \u0161atn\u00edku a ke sv\u00e1te\u010dn\u00ed tabuli p\u0159in\u00e1\u0161ej\u00ed eleganci, \u017eenskost a \u0161petku luxusu.\u00a0<\/p>\n\n\n\n<p>Pod\u00edvejme se, kter\u00e9 lodi\u010dky jsou ide\u00e1ln\u00ed na \u0160t\u011bdr\u00fd ve\u010der, jak je kombinovat a kter\u00e9 styly pat\u0159\u00ed mezi nejkr\u00e1sn\u011bj\u0161\u00ed.<\/p>\n\n\n<shortcode prop-load-num=\"12\" prop-display-num=\"4\" prop-sku=\"5906751343067, 5906751250112, 5906751250372, 5906751339176, 5906751341216\" prop-view=\"slider\"><\/shortcode>        <div\r\n            class=\"eob-pf-shortcode\"\r\n            id=\"eobpf69f3b57f8bea2\"\r\n        >\r\n            <shortcode prop-load-num=\"12\" prop-display-num=\"4\" prop-sku=\"5906751343067, 5906751250112, 5906751250372, 5906751339176, 5906751341216\" prop-view=\"slider\"><\/shortcode>        <\/div>\r\n\t\t<script>\r\n\t\t\tjQuery(document).ready(() => {\r\n\t\t\t    const root = document.getElementById('eobpf69f3b57f8bea2');\r\n                Vue.createApp({\r\n\t                components: {\r\n\t                    shortcode\r\n\t                }\r\n                }).mount(root);\r\n\t\t\t});\r\n\t\t<\/script>\r\n\t\t\r\n\t\t\n\n\n\n<p><\/p>\n\n\n\n<h1 class=\"wp-block-heading\"><strong>Pro\u010d pr\u00e1v\u011b lodi\u010dky na \u0160t\u011bdr\u00fd ve\u010der?<\/strong><\/h1>\n\n\n\n<p>Lodi\u010dky maj\u00ed schopnost pozvednout ka\u017ed\u00fd outfit, a i ten \u00fapln\u011b nejjednodu\u0161\u0161\u00ed.<\/p>\n\n\n\n<p>Ke \u0161t\u011bdrove\u010dern\u00edmu stolu se hod\u00ed nejen d\u00edky sv\u00e9mu vzhledu, ale tak\u00e9 proto, \u017ee:<\/p>\n\n\n\n<ul class=\"wp-block-list\">\n<li>nepodl\u00e9haj\u00ed trend\u016fm tak rychle jako jin\u00e9 typy obuvi,<\/li>\n\n\n\n<li>opticky prodlu\u017euj\u00ed siluetu,<\/li>\n\n\n\n<li>p\u016fsob\u00ed elegantn\u011b a slavnostn\u011b,<\/li>\n\n\n\n<li>jsou univerz\u00e1ln\u00ed \u2013 hod\u00ed se k \u0161at\u016fm, sukni i kalhotov\u00e9mu kost\u00fdmu.<\/li>\n<\/ul>\n\n\n\n<p>Sta\u010d\u00ed si jen vybrat spr\u00e1vn\u00fd typ podpatku a materi\u00e1l, abyste se b\u011bhem cel\u00e9ho ve\u010dera c\u00edtila pohodln\u011b.<\/p>\n\n\n\n<h1 class=\"wp-block-heading\"><strong>Nejkr\u00e1sn\u011bj\u0161\u00ed typy lodi\u010dek ke sv\u00e1te\u010dn\u00edmu stolu<\/strong><\/h1>\n\n\n\n<h2 class=\"wp-block-heading\"><strong>Sat\u00e9nov\u00e9 nebo hedv\u00e1bn\u00e9 lodi\u010dky \u2013 symbol sv\u00e1te\u010dn\u00ed elegance<\/strong><\/h2>\n\n\n\n<p>Sat\u00e9n pat\u0159\u00ed k nejobl\u00edben\u011bj\u0161\u00edm materi\u00e1l\u016fm pro slavnostn\u00ed p\u0159\u00edle\u017eitosti. P\u016fsob\u00ed jemn\u011b, luxusn\u011b a n\u00e1dhern\u011b odr\u00e1\u017e\u00ed sv\u011btlo sv\u00ed\u010dek \u010di v\u00e1no\u010dn\u00edho stromku. Mezi doporu\u010den\u00e9 barvy ke \u0161t\u011bdrove\u010dern\u00edmu stolu pat\u0159\u00ed smetanov\u00e1, <a href=\"https:\/\/ccc.eu\/cz\/cs\/c\/damske\/boty\/lodicky\/barva:cervena-bordo\">\u010derven\u00e1, burgundsk\u00e1<\/a>, tmav\u011b zelen\u00e1 nebo zlatav\u00e1. Vyberete-li si je, poc\u00edt\u00edte se jako Popelka v nejkouzeln\u011bj\u0161\u00ed ve\u010der sv\u00e9ho \u017eivota.<\/p>\n\n\n<shortcode prop-load-num=\"12\" prop-display-num=\"4\" prop-sku=\"5906751391259, 5906751391235, 5906751452479, 5906751284476\" prop-view=\"slider\"><\/shortcode>        <div\r\n            class=\"eob-pf-shortcode\"\r\n            id=\"eobpf69f3b57f8bfaa\"\r\n        >\r\n            <shortcode prop-load-num=\"12\" prop-display-num=\"4\" prop-sku=\"5906751391259, 5906751391235, 5906751452479, 5906751284476\" prop-view=\"slider\"><\/shortcode>        <\/div>\r\n\t\t<script>\r\n\t\t\tjQuery(document).ready(() => {\r\n\t\t\t    const root = document.getElementById('eobpf69f3b57f8bfaa');\r\n                Vue.createApp({\r\n\t                components: {\r\n\t                    shortcode\r\n\t                }\r\n                }).mount(root);\r\n\t\t\t});\r\n\t\t<\/script>\r\n\t\t\r\n\t\t\n\n\n\n<p><\/p>\n\n\n\n<h2 class=\"wp-block-heading\"><strong>Sametov\u00e9 lodi\u010dky \u2013 zimn\u00ed klasika<\/strong><\/h2>\n\n\n\n<p>Samet je \u201ezimn\u00ed materi\u00e1l\u201c, kter\u00fd okam\u017eit\u011b dod\u00e1 vzhledu teplo a noblesu. Skv\u011ble se hod\u00ed k tmav\u0161\u00edm outfit\u016fm \u2013 \u010dern\u00fdm \u0161at\u016fm, krajkov\u00e9 bl\u016fzce \u010di elegantn\u00edm kalhot\u00e1m. Volte ho podle m\u00edsta, kde budete slavit. Nap\u0159\u00edklad do luxusn\u00ed chaty je to skv\u011bl\u00e1 volba, kter\u00e1 udr\u017e\u00ed teplo a pohodl\u00ed.<\/p>\n\n\n<shortcode prop-load-num=\"12\" prop-display-num=\"3\" prop-sku=\"5906751250549, 5906751283646, 5906751453322\" prop-view=\"slider\"><\/shortcode>        <div\r\n            class=\"eob-pf-shortcode\"\r\n            id=\"eobpf69f3b57f8bfe1\"\r\n        >\r\n            <shortcode prop-load-num=\"12\" prop-display-num=\"3\" prop-sku=\"5906751250549, 5906751283646, 5906751453322\" prop-view=\"slider\"><\/shortcode>        <\/div>\r\n\t\t<script>\r\n\t\t\tjQuery(document).ready(() => {\r\n\t\t\t    const root = document.getElementById('eobpf69f3b57f8bfe1');\r\n                Vue.createApp({\r\n\t                components: {\r\n\t                    shortcode\r\n\t                }\r\n                }).mount(root);\r\n\t\t\t});\r\n\t\t<\/script>\r\n\t\t\r\n\t\t\n\n\n\n<p><\/p>\n\n\n\n<h2 class=\"wp-block-heading\"><strong>Lodi\u010dky s n\u00edzk\u00fdm podpatkem \u2013 pohodl\u00ed na prvn\u00edm m\u00edst\u011b<\/strong><\/h2>\n\n\n\n<p>Ne ka\u017ed\u00e1 \u017eena si u\u017eije sv\u00e1te\u010dn\u00ed ve\u010der na <a href=\"https:\/\/ccc.eu\/cz\/cs\/c\/damske\/boty\/lodicky\/vyska_podpatku:8___10_cm-nad_10_cm\">vysok\u00fdch podpatc\u00edch<\/a>. Pro ty, kter\u00e9 cht\u011bj\u00ed vypadat elegantn\u011b, ale z\u00e1rove\u0148 se c\u00edtit pohodln\u011b, jsou skv\u011blou volbou lodi\u010dky na n\u00edzk\u00e9m podpatku. Nab\u00edzej\u00ed \u017eenskost bez bolesti \u010di tlaku a jsou ide\u00e1ln\u00ed pro dlouh\u00e9 sezen\u00ed i p\u0159esuny mezi kuchyn\u00ed a ob\u00fdvac\u00edm pokojem.<\/p>\n\n\n<shortcode prop-load-num=\"12\" prop-display-num=\"4\" prop-sku=\"5906751341483, 5906751341063, 5906751250082, 5906751341476\" prop-view=\"slider\"><\/shortcode>        <div\r\n            class=\"eob-pf-shortcode\"\r\n            id=\"eobpf69f3b57f8c00a\"\r\n        >\r\n            <shortcode prop-load-num=\"12\" prop-display-num=\"4\" prop-sku=\"5906751341483, 5906751341063, 5906751250082, 5906751341476\" prop-view=\"slider\"><\/shortcode>        <\/div>\r\n\t\t<script>\r\n\t\t\tjQuery(document).ready(() => {\r\n\t\t\t    const root = document.getElementById('eobpf69f3b57f8c00a');\r\n                Vue.createApp({\r\n\t                components: {\r\n\t                    shortcode\r\n\t                }\r\n                }).mount(root);\r\n\t\t\t});\r\n\t\t<\/script>\r\n\t\t\r\n\t\t\n\n\n\n<p><\/p>\n\n\n\n<h2 class=\"wp-block-heading\"><strong>Metalick\u00e9 lodi\u010dky \u2013 trend, kter\u00fd neomrz\u00ed<\/strong><\/h2>\n\n\n\n<p><a href=\"https:\/\/ccc.eu\/cz\/cs\/c\/damske\/boty\/lodicky\/barva:stribrna-zlata\">Zlat\u00e9, st\u0159\u00edbrn\u00e9<\/a> \u010di r\u016f\u017eov\u011b zlat\u00e9 lodi\u010dky se skv\u011ble hod\u00ed do sv\u00e1te\u010dn\u00edho obdob\u00ed. V kombinaci s jednoduch\u00fdm outfitem se stanou dominantn\u00edm dopl\u0148kem cel\u00e9ho ve\u010dera, a proto jsou ide\u00e1ln\u00ed volbou zejm\u00e9na tehdy, pokud tr\u00e1v\u00edte \u0160t\u011bdr\u00fd ve\u010der ve v\u011bt\u0161\u00ed skupin\u011b rodiny \u010di p\u0159\u00e1tel. S nimi ur\u010dit\u011b vyniknete a pokud r\u00e1da p\u0159itahujete pozornost, naplno si ji u\u017eijete.<\/p>\n\n\n<shortcode prop-load-num=\"12\" prop-display-num=\"4\" prop-sku=\"5903419346576, 5906751403730, 5906751374580, 5906751342800, 5906751357569\" prop-view=\"slider\"><\/shortcode>        <div\r\n            class=\"eob-pf-shortcode\"\r\n            id=\"eobpf69f3b57f8c030\"\r\n        >\r\n            <shortcode prop-load-num=\"12\" prop-display-num=\"4\" prop-sku=\"5903419346576, 5906751403730, 5906751374580, 5906751342800, 5906751357569\" prop-view=\"slider\"><\/shortcode>        <\/div>\r\n\t\t<script>\r\n\t\t\tjQuery(document).ready(() => {\r\n\t\t\t    const root = document.getElementById('eobpf69f3b57f8c030');\r\n                Vue.createApp({\r\n\t                components: {\r\n\t                    shortcode\r\n\t                }\r\n                }).mount(root);\r\n\t\t\t});\r\n\t\t<\/script>\r\n\t\t\r\n\t\t\n\n\n\n<p><\/p>\n\n\n\n<h2 class=\"wp-block-heading\"><strong>Klasick\u00e9 ko\u017een\u00e9 lodi\u010dky \u2013 nad\u010dasov\u00e1 elegance<\/strong><\/h2>\n\n\n\n<p>Pro \u017eeny s minimalistick\u00fdm stylem p\u0159edstavuj\u00ed ide\u00e1ln\u00ed volbu kvalitn\u00ed ko\u017een\u00e9 lodi\u010dky v odst\u00ednech nude, b\u00e9\u017eov\u00e9, \u010dern\u00e9 nebo bord\u00f3. Hod\u00ed se t\u00e9m\u011b\u0159 ke v\u0161emu, jsou praktick\u00e9 a vyu\u017eijete je i po sv\u00e1tc\u00edch. Pokud tedy nejste v\u00e1\u0161nivou milovnic\u00ed lodi\u010dek, kter\u00e9 by je nosily p\u0159i r\u016fzn\u00fdch p\u0159\u00edle\u017eitostech, je toto ekonomick\u00e1, a z\u00e1rove\u0148 i ekologick\u00e1 volba.<\/p>\n\n\n<shortcode prop-load-num=\"12\" prop-display-num=\"2\" prop-sku=\"5906751250099, 5906751250372\" prop-view=\"slider\"><\/shortcode>        <div\r\n            class=\"eob-pf-shortcode\"\r\n            id=\"eobpf69f3b57f8c052\"\r\n        >\r\n            <shortcode prop-load-num=\"12\" prop-display-num=\"2\" prop-sku=\"5906751250099, 5906751250372\" prop-view=\"slider\"><\/shortcode>        <\/div>\r\n\t\t<script>\r\n\t\t\tjQuery(document).ready(() => {\r\n\t\t\t    const root = document.getElementById('eobpf69f3b57f8c052');\r\n                Vue.createApp({\r\n\t                components: {\r\n\t                    shortcode\r\n\t                }\r\n                }).mount(root);\r\n\t\t\t});\r\n\t\t<\/script>\r\n\t\t\r\n\t\t\n\n\n\n<p><\/p>\n\n\n\n<h1 class=\"wp-block-heading\"><strong>A s \u010d\u00edm je kombinovat?<\/strong><\/h1>\n\n\n\n<p>P\u0159i v\u00fdb\u011bru lodi\u010dek byste m\u011bla m\u00edt dop\u0159edu promy\u0161len\u00e9, co vlastn\u011b u \u0161t\u011bdrove\u010dern\u00ed tabule oble\u010dete. Pokud vsad\u00edte na \u010derven\u00e9 \u0161aty, zvolte zlat\u00e9 nebo nude lodi\u010dky. Pl\u00e1nujete-li \u010dern\u00e9 \u0161aty, v\u00e1\u0161 vzhled mohou pozvednout sametov\u00e9 nebo metalick\u00e9 lodi\u010dky. K elegantn\u00edm kalhot\u00e1m se hod\u00ed ko\u017een\u00e9 lodi\u010dky se \u0161ir\u0161\u00edm podpatkem a k svetrov\u00fdm \u0161at\u016fm jemn\u00e9 sat\u00e9nov\u00e9 lodi\u010dky v p\u0159\u00edrodn\u00edch odst\u00ednech.<\/p>\n\n\n\n<div class=\"wp-block-buttons is-content-justification-center is-layout-flex wp-container-core-buttons-is-layout-16018d1d wp-block-buttons-is-layout-flex\">\n<div class=\"wp-block-button is-style-fill\"><a class=\"wp-block-button__link has-custom-font-size wp-element-button\" href=\"https:\/\/ccc.eu\/cz\/cs\/c\/damske\/boty\/lodicky\" style=\"border-radius:0px;font-size:15px\">Cel\u00e1 ponuka lodi\u010dek v CCC<\/a><\/div>\n<\/div>\n\n\n\n<p><\/p>\n","protected":false},"excerpt":{"rendered":"<p>Inspirativn\u00ed pr\u016fvodce v\u00fdb\u011brem lodi\u010dek na \u0160t\u011bdr\u00fd ve\u010der: zjist\u011bte, jak\u00e9 typy, materi\u00e1ly a barvy zvolit, aby v\u00e1\u0161 outfit byl elegantn\u00ed, \u017eensk\u00fd a pohodln\u00fd b\u011bhem slavnostn\u00ed ve\u010de\u0159e.<\/p>\n","protected":false},"author":24,"featured_media":8268,"comment_status":"open","ping_status":"open","sticky":false,"template":"","format":"standard","meta":{"_acf_changed":false,"footnotes":""},"categories":[1022],"tags":[614],"class_list":["post-8266","post","type-post","status-publish","format-standard","has-post-thumbnail","hentry","category-vanoce","tag-lodicky-2"],"acf":[],"yoast_head":"<!-- This site is optimized with the Yoast SEO plugin v26.9 - https:\/\/yoast.com\/product\/yoast-seo-wordpress\/ -->\n<title>Nejkr\u00e1sn\u011bj\u0161\u00ed \u017eena u \u0161t\u011bdrove\u010dern\u00edho stolu: V\u00a0lodi\u010dk\u00e1ch - blog.ccc.eu\/cz<\/title>\n<meta name=\"description\" content=\"Vyberte si lodi\u010dky na \u0160t\u011bdr\u00fd ve\u010der, kter\u00e9 dokonale dopln\u00ed v\u00e1\u0161 outfit a dodaj\u00ed eleganci, \u017eenskost a pohodl\u00ed u slavnostn\u00ed tabule. 2026\" \/>\n<meta name=\"robots\" content=\"index, follow, max-snippet:-1, max-image-preview:large, max-video-preview:-1\" \/>\n<link rel=\"canonical\" href=\"https:\/\/blog.ccc.eu\/cz\/nejkrasnejsi-zena-u-stedrovecerniho-stolu-v-lodickach\/\" \/>\n<meta property=\"og:locale\" content=\"cs_CZ\" \/>\n<meta property=\"og:type\" content=\"article\" \/>\n<meta property=\"og:title\" content=\"Nejkr\u00e1sn\u011bj\u0161\u00ed \u017eena u \u0161t\u011bdrove\u010dern\u00edho stolu: V\u00a0lodi\u010dk\u00e1ch - blog.ccc.eu\/cz\" \/>\n<meta property=\"og:description\" content=\"Vyberte si lodi\u010dky na \u0160t\u011bdr\u00fd ve\u010der, kter\u00e9 dokonale dopln\u00ed v\u00e1\u0161 outfit a dodaj\u00ed eleganci, \u017eenskost a pohodl\u00ed u slavnostn\u00ed tabule.\" \/>\n<meta property=\"og:url\" content=\"https:\/\/blog.ccc.eu\/cz\/nejkrasnejsi-zena-u-stedrovecerniho-stolu-v-lodickach\/\" \/>\n<meta property=\"og:site_name\" content=\"blog.ccc.eu\/cz\" \/>\n<meta property=\"article:published_time\" content=\"2025-12-01T00:07:07+00:00\" \/>\n<meta property=\"article:modified_time\" content=\"2025-12-10T00:25:27+00:00\" \/>\n<meta property=\"og:image\" content=\"https:\/\/blog.ccc.eu\/cz\/wp-content\/uploads\/2025\/12\/CCC_5905588372974_06.jpg\" \/>\n\t<meta property=\"og:image:width\" content=\"876\" \/>\n\t<meta property=\"og:image:height\" content=\"1314\" \/>\n\t<meta property=\"og:image:type\" content=\"image\/jpeg\" \/>\n<meta name=\"author\" content=\"Kaja\" \/>\n<meta name=\"twitter:card\" content=\"summary_large_image\" \/>\n<meta name=\"twitter:label1\" content=\"Napsal(a)\" \/>\n\t<meta name=\"twitter:data1\" content=\"Kaja\" \/>\n\t<meta name=\"twitter:label2\" content=\"Odhadovan\u00e1 doba \u010dten\u00ed\" \/>\n\t<meta name=\"twitter:data2\" content=\"5 minut\" \/>\n<script type=\"application\/ld+json\" class=\"yoast-schema-graph\">{\"@context\":\"https:\/\/schema.org\",\"@graph\":[{\"@type\":\"Article\",\"@id\":\"https:\/\/blog.ccc.eu\/cz\/nejkrasnejsi-zena-u-stedrovecerniho-stolu-v-lodickach\/#article\",\"isPartOf\":{\"@id\":\"https:\/\/blog.ccc.eu\/cz\/nejkrasnejsi-zena-u-stedrovecerniho-stolu-v-lodickach\/\"},\"author\":{\"name\":\"Kaja\",\"@id\":\"https:\/\/blog.ccc.eu\/cz\/#\/schema\/person\/f21bfa7ed9e08fb4b5b823707bdde059\"},\"headline\":\"Nejkr\u00e1sn\u011bj\u0161\u00ed \u017eena u \u0161t\u011bdrove\u010dern\u00edho stolu: V\u00a0lodi\u010dk\u00e1ch\",\"datePublished\":\"2025-12-01T00:07:07+00:00\",\"dateModified\":\"2025-12-10T00:25:27+00:00\",\"mainEntityOfPage\":{\"@id\":\"https:\/\/blog.ccc.eu\/cz\/nejkrasnejsi-zena-u-stedrovecerniho-stolu-v-lodickach\/\"},\"wordCount\":938,\"commentCount\":0,\"publisher\":{\"@id\":\"https:\/\/blog.ccc.eu\/cz\/#organization\"},\"image\":{\"@id\":\"https:\/\/blog.ccc.eu\/cz\/nejkrasnejsi-zena-u-stedrovecerniho-stolu-v-lodickach\/#primaryimage\"},\"thumbnailUrl\":\"https:\/\/blog.ccc.eu\/cz\/wp-content\/uploads\/2025\/12\/CCC_5905588372974_06.jpg\",\"keywords\":[\"Lodi\u010dky\"],\"articleSection\":[\"V\u00c1NOCE\"],\"inLanguage\":\"cs\",\"potentialAction\":[{\"@type\":\"CommentAction\",\"name\":\"Comment\",\"target\":[\"https:\/\/blog.ccc.eu\/cz\/nejkrasnejsi-zena-u-stedrovecerniho-stolu-v-lodickach\/#respond\"]}]},{\"@type\":\"WebPage\",\"@id\":\"https:\/\/blog.ccc.eu\/cz\/nejkrasnejsi-zena-u-stedrovecerniho-stolu-v-lodickach\/\",\"url\":\"https:\/\/blog.ccc.eu\/cz\/nejkrasnejsi-zena-u-stedrovecerniho-stolu-v-lodickach\/\",\"name\":\"Nejkr\u00e1sn\u011bj\u0161\u00ed \u017eena u \u0161t\u011bdrove\u010dern\u00edho stolu: V\u00a0lodi\u010dk\u00e1ch - blog.ccc.eu\/cz\",\"isPartOf\":{\"@id\":\"https:\/\/blog.ccc.eu\/cz\/#website\"},\"primaryImageOfPage\":{\"@id\":\"https:\/\/blog.ccc.eu\/cz\/nejkrasnejsi-zena-u-stedrovecerniho-stolu-v-lodickach\/#primaryimage\"},\"image\":{\"@id\":\"https:\/\/blog.ccc.eu\/cz\/nejkrasnejsi-zena-u-stedrovecerniho-stolu-v-lodickach\/#primaryimage\"},\"thumbnailUrl\":\"https:\/\/blog.ccc.eu\/cz\/wp-content\/uploads\/2025\/12\/CCC_5905588372974_06.jpg\",\"datePublished\":\"2025-12-01T00:07:07+00:00\",\"dateModified\":\"2025-12-10T00:25:27+00:00\",\"description\":\"Vyberte si lodi\u010dky na \u0160t\u011bdr\u00fd ve\u010der, kter\u00e9 dokonale dopln\u00ed v\u00e1\u0161 outfit a dodaj\u00ed eleganci, \u017eenskost a pohodl\u00ed u slavnostn\u00ed tabule.\",\"breadcrumb\":{\"@id\":\"https:\/\/blog.ccc.eu\/cz\/nejkrasnejsi-zena-u-stedrovecerniho-stolu-v-lodickach\/#breadcrumb\"},\"inLanguage\":\"cs\",\"potentialAction\":[{\"@type\":\"ReadAction\",\"target\":[\"https:\/\/blog.ccc.eu\/cz\/nejkrasnejsi-zena-u-stedrovecerniho-stolu-v-lodickach\/\"]}]},{\"@type\":\"ImageObject\",\"inLanguage\":\"cs\",\"@id\":\"https:\/\/blog.ccc.eu\/cz\/nejkrasnejsi-zena-u-stedrovecerniho-stolu-v-lodickach\/#primaryimage\",\"url\":\"https:\/\/blog.ccc.eu\/cz\/wp-content\/uploads\/2025\/12\/CCC_5905588372974_06.jpg\",\"contentUrl\":\"https:\/\/blog.ccc.eu\/cz\/wp-content\/uploads\/2025\/12\/CCC_5905588372974_06.jpg\",\"width\":876,\"height\":1314,\"caption\":\"lodi\u010dky\"},{\"@type\":\"BreadcrumbList\",\"@id\":\"https:\/\/blog.ccc.eu\/cz\/nejkrasnejsi-zena-u-stedrovecerniho-stolu-v-lodickach\/#breadcrumb\",\"itemListElement\":[{\"@type\":\"ListItem\",\"position\":1,\"name\":\"Strona g\u0142\u00f3wna\",\"item\":\"https:\/\/blog.ccc.eu\/cz\/\"},{\"@type\":\"ListItem\",\"position\":2,\"name\":\"Nejkr\u00e1sn\u011bj\u0161\u00ed \u017eena u \u0161t\u011bdrove\u010dern\u00edho stolu: V\u00a0lodi\u010dk\u00e1ch\"}]},{\"@type\":\"WebSite\",\"@id\":\"https:\/\/blog.ccc.eu\/cz\/#website\",\"url\":\"https:\/\/blog.ccc.eu\/cz\/\",\"name\":\"blog.ccc.eu\/cz\",\"description\":\"Va\u0161e m\u00edsto pln\u00e9 m\u00f3dn\u00edch inspirac\u00ed\",\"publisher\":{\"@id\":\"https:\/\/blog.ccc.eu\/cz\/#organization\"},\"potentialAction\":[{\"@type\":\"SearchAction\",\"target\":{\"@type\":\"EntryPoint\",\"urlTemplate\":\"https:\/\/blog.ccc.eu\/cz\/?s={search_term_string}\"},\"query-input\":{\"@type\":\"PropertyValueSpecification\",\"valueRequired\":true,\"valueName\":\"search_term_string\"}}],\"inLanguage\":\"cs\"},{\"@type\":\"Organization\",\"@id\":\"https:\/\/blog.ccc.eu\/cz\/#organization\",\"name\":\"CCC S.A.\",\"url\":\"https:\/\/blog.ccc.eu\/cz\/\",\"logo\":{\"@type\":\"ImageObject\",\"inLanguage\":\"cs\",\"@id\":\"https:\/\/blog.ccc.eu\/cz\/#\/schema\/logo\/image\/\",\"url\":\"https:\/\/blog.ccc.eu\/cz\/wp-content\/uploads\/2021\/11\/logo_ccc.png\",\"contentUrl\":\"https:\/\/blog.ccc.eu\/cz\/wp-content\/uploads\/2021\/11\/logo_ccc.png\",\"width\":730,\"height\":270,\"caption\":\"CCC S.A.\"},\"image\":{\"@id\":\"https:\/\/blog.ccc.eu\/cz\/#\/schema\/logo\/image\/\"}},{\"@type\":\"Person\",\"@id\":\"https:\/\/blog.ccc.eu\/cz\/#\/schema\/person\/f21bfa7ed9e08fb4b5b823707bdde059\",\"name\":\"Kaja\",\"image\":{\"@type\":\"ImageObject\",\"inLanguage\":\"cs\",\"@id\":\"https:\/\/blog.ccc.eu\/cz\/#\/schema\/person\/image\/\",\"url\":\"https:\/\/blog.ccc.eu\/cz\/wp-content\/uploads\/2024\/06\/white-1-300x300-1-100x100.jpg\",\"contentUrl\":\"https:\/\/blog.ccc.eu\/cz\/wp-content\/uploads\/2024\/06\/white-1-300x300-1-100x100.jpg\",\"caption\":\"Kaja\"},\"description\":\"U\u017e od pubert\u00e1ln\u00edch let se v\u011bnuje pr\u00e1ci v m\u00e9di\u00edch a psan\u00ed. Z kon\u00ed\u010dka se stalo \u017eivobyt\u00ed, kter\u00e9 j\u00ed z\u00e1rove\u0148 poskytlo dostatek svobody k tomu, aby mohla pom\u011brn\u011b hodn\u011b cestovat a pozn\u00e1vat sv\u011bt a r\u016fzn\u00e9 kultury. Energii j\u00ed dod\u00e1v\u00e1 \u010dten\u00ed knih, voda a hudba.\",\"url\":\"https:\/\/blog.ccc.eu\/cz\/author\/perlamakovienka-sk\/\"}]}<\/script>\n<!-- \/ Yoast SEO plugin. -->","yoast_head_json":{"title":"Nejkr\u00e1sn\u011bj\u0161\u00ed \u017eena u \u0161t\u011bdrove\u010dern\u00edho stolu: V\u00a0lodi\u010dk\u00e1ch - blog.ccc.eu\/cz","description":"Vyberte si lodi\u010dky na \u0160t\u011bdr\u00fd ve\u010der, kter\u00e9 dokonale dopln\u00ed v\u00e1\u0161 outfit a dodaj\u00ed eleganci, \u017eenskost a pohodl\u00ed u slavnostn\u00ed tabule. 2026","robots":{"index":"index","follow":"follow","max-snippet":"max-snippet:-1","max-image-preview":"max-image-preview:large","max-video-preview":"max-video-preview:-1"},"canonical":"https:\/\/blog.ccc.eu\/cz\/nejkrasnejsi-zena-u-stedrovecerniho-stolu-v-lodickach\/","og_locale":"cs_CZ","og_type":"article","og_title":"Nejkr\u00e1sn\u011bj\u0161\u00ed \u017eena u \u0161t\u011bdrove\u010dern\u00edho stolu: V\u00a0lodi\u010dk\u00e1ch - blog.ccc.eu\/cz","og_description":"Vyberte si lodi\u010dky na \u0160t\u011bdr\u00fd ve\u010der, kter\u00e9 dokonale dopln\u00ed v\u00e1\u0161 outfit a dodaj\u00ed eleganci, \u017eenskost a pohodl\u00ed u slavnostn\u00ed tabule.","og_url":"https:\/\/blog.ccc.eu\/cz\/nejkrasnejsi-zena-u-stedrovecerniho-stolu-v-lodickach\/","og_site_name":"blog.ccc.eu\/cz","article_published_time":"2025-12-01T00:07:07+00:00","article_modified_time":"2025-12-10T00:25:27+00:00","og_image":[{"width":876,"height":1314,"url":"https:\/\/blog.ccc.eu\/cz\/wp-content\/uploads\/2025\/12\/CCC_5905588372974_06.jpg","type":"image\/jpeg"}],"author":"Kaja","twitter_card":"summary_large_image","twitter_misc":{"Napsal(a)":"Kaja","Odhadovan\u00e1 doba \u010dten\u00ed":"5 minut"},"schema":{"@context":"https:\/\/schema.org","@graph":[{"@type":"Article","@id":"https:\/\/blog.ccc.eu\/cz\/nejkrasnejsi-zena-u-stedrovecerniho-stolu-v-lodickach\/#article","isPartOf":{"@id":"https:\/\/blog.ccc.eu\/cz\/nejkrasnejsi-zena-u-stedrovecerniho-stolu-v-lodickach\/"},"author":{"name":"Kaja","@id":"https:\/\/blog.ccc.eu\/cz\/#\/schema\/person\/f21bfa7ed9e08fb4b5b823707bdde059"},"headline":"Nejkr\u00e1sn\u011bj\u0161\u00ed \u017eena u \u0161t\u011bdrove\u010dern\u00edho stolu: V\u00a0lodi\u010dk\u00e1ch","datePublished":"2025-12-01T00:07:07+00:00","dateModified":"2025-12-10T00:25:27+00:00","mainEntityOfPage":{"@id":"https:\/\/blog.ccc.eu\/cz\/nejkrasnejsi-zena-u-stedrovecerniho-stolu-v-lodickach\/"},"wordCount":938,"commentCount":0,"publisher":{"@id":"https:\/\/blog.ccc.eu\/cz\/#organization"},"image":{"@id":"https:\/\/blog.ccc.eu\/cz\/nejkrasnejsi-zena-u-stedrovecerniho-stolu-v-lodickach\/#primaryimage"},"thumbnailUrl":"https:\/\/blog.ccc.eu\/cz\/wp-content\/uploads\/2025\/12\/CCC_5905588372974_06.jpg","keywords":["Lodi\u010dky"],"articleSection":["V\u00c1NOCE"],"inLanguage":"cs","potentialAction":[{"@type":"CommentAction","name":"Comment","target":["https:\/\/blog.ccc.eu\/cz\/nejkrasnejsi-zena-u-stedrovecerniho-stolu-v-lodickach\/#respond"]}]},{"@type":"WebPage","@id":"https:\/\/blog.ccc.eu\/cz\/nejkrasnejsi-zena-u-stedrovecerniho-stolu-v-lodickach\/","url":"https:\/\/blog.ccc.eu\/cz\/nejkrasnejsi-zena-u-stedrovecerniho-stolu-v-lodickach\/","name":"Nejkr\u00e1sn\u011bj\u0161\u00ed \u017eena u \u0161t\u011bdrove\u010dern\u00edho stolu: V\u00a0lodi\u010dk\u00e1ch - blog.ccc.eu\/cz","isPartOf":{"@id":"https:\/\/blog.ccc.eu\/cz\/#website"},"primaryImageOfPage":{"@id":"https:\/\/blog.ccc.eu\/cz\/nejkrasnejsi-zena-u-stedrovecerniho-stolu-v-lodickach\/#primaryimage"},"image":{"@id":"https:\/\/blog.ccc.eu\/cz\/nejkrasnejsi-zena-u-stedrovecerniho-stolu-v-lodickach\/#primaryimage"},"thumbnailUrl":"https:\/\/blog.ccc.eu\/cz\/wp-content\/uploads\/2025\/12\/CCC_5905588372974_06.jpg","datePublished":"2025-12-01T00:07:07+00:00","dateModified":"2025-12-10T00:25:27+00:00","description":"Vyberte si lodi\u010dky na \u0160t\u011bdr\u00fd ve\u010der, kter\u00e9 dokonale dopln\u00ed v\u00e1\u0161 outfit a dodaj\u00ed eleganci, \u017eenskost a pohodl\u00ed u slavnostn\u00ed tabule.","breadcrumb":{"@id":"https:\/\/blog.ccc.eu\/cz\/nejkrasnejsi-zena-u-stedrovecerniho-stolu-v-lodickach\/#breadcrumb"},"inLanguage":"cs","potentialAction":[{"@type":"ReadAction","target":["https:\/\/blog.ccc.eu\/cz\/nejkrasnejsi-zena-u-stedrovecerniho-stolu-v-lodickach\/"]}]},{"@type":"ImageObject","inLanguage":"cs","@id":"https:\/\/blog.ccc.eu\/cz\/nejkrasnejsi-zena-u-stedrovecerniho-stolu-v-lodickach\/#primaryimage","url":"https:\/\/blog.ccc.eu\/cz\/wp-content\/uploads\/2025\/12\/CCC_5905588372974_06.jpg","contentUrl":"https:\/\/blog.ccc.eu\/cz\/wp-content\/uploads\/2025\/12\/CCC_5905588372974_06.jpg","width":876,"height":1314,"caption":"lodi\u010dky"},{"@type":"BreadcrumbList","@id":"https:\/\/blog.ccc.eu\/cz\/nejkrasnejsi-zena-u-stedrovecerniho-stolu-v-lodickach\/#breadcrumb","itemListElement":[{"@type":"ListItem","position":1,"name":"Strona g\u0142\u00f3wna","item":"https:\/\/blog.ccc.eu\/cz\/"},{"@type":"ListItem","position":2,"name":"Nejkr\u00e1sn\u011bj\u0161\u00ed \u017eena u \u0161t\u011bdrove\u010dern\u00edho stolu: V\u00a0lodi\u010dk\u00e1ch"}]},{"@type":"WebSite","@id":"https:\/\/blog.ccc.eu\/cz\/#website","url":"https:\/\/blog.ccc.eu\/cz\/","name":"blog.ccc.eu\/cz","description":"Va\u0161e m\u00edsto pln\u00e9 m\u00f3dn\u00edch inspirac\u00ed","publisher":{"@id":"https:\/\/blog.ccc.eu\/cz\/#organization"},"potentialAction":[{"@type":"SearchAction","target":{"@type":"EntryPoint","urlTemplate":"https:\/\/blog.ccc.eu\/cz\/?s={search_term_string}"},"query-input":{"@type":"PropertyValueSpecification","valueRequired":true,"valueName":"search_term_string"}}],"inLanguage":"cs"},{"@type":"Organization","@id":"https:\/\/blog.ccc.eu\/cz\/#organization","name":"CCC S.A.","url":"https:\/\/blog.ccc.eu\/cz\/","logo":{"@type":"ImageObject","inLanguage":"cs","@id":"https:\/\/blog.ccc.eu\/cz\/#\/schema\/logo\/image\/","url":"https:\/\/blog.ccc.eu\/cz\/wp-content\/uploads\/2021\/11\/logo_ccc.png","contentUrl":"https:\/\/blog.ccc.eu\/cz\/wp-content\/uploads\/2021\/11\/logo_ccc.png","width":730,"height":270,"caption":"CCC S.A."},"image":{"@id":"https:\/\/blog.ccc.eu\/cz\/#\/schema\/logo\/image\/"}},{"@type":"Person","@id":"https:\/\/blog.ccc.eu\/cz\/#\/schema\/person\/f21bfa7ed9e08fb4b5b823707bdde059","name":"Kaja","image":{"@type":"ImageObject","inLanguage":"cs","@id":"https:\/\/blog.ccc.eu\/cz\/#\/schema\/person\/image\/","url":"https:\/\/blog.ccc.eu\/cz\/wp-content\/uploads\/2024\/06\/white-1-300x300-1-100x100.jpg","contentUrl":"https:\/\/blog.ccc.eu\/cz\/wp-content\/uploads\/2024\/06\/white-1-300x300-1-100x100.jpg","caption":"Kaja"},"description":"U\u017e od pubert\u00e1ln\u00edch let se v\u011bnuje pr\u00e1ci v m\u00e9di\u00edch a psan\u00ed. Z kon\u00ed\u010dka se stalo \u017eivobyt\u00ed, kter\u00e9 j\u00ed z\u00e1rove\u0148 poskytlo dostatek svobody k tomu, aby mohla pom\u011brn\u011b hodn\u011b cestovat a pozn\u00e1vat sv\u011bt a r\u016fzn\u00e9 kultury. Energii j\u00ed dod\u00e1v\u00e1 \u010dten\u00ed knih, voda a hudba.","url":"https:\/\/blog.ccc.eu\/cz\/author\/perlamakovienka-sk\/"}]}},"_links":{"self":[{"href":"https:\/\/blog.ccc.eu\/cz\/wp-json\/wp\/v2\/posts\/8266","targetHints":{"allow":["GET"]}}],"collection":[{"href":"https:\/\/blog.ccc.eu\/cz\/wp-json\/wp\/v2\/posts"}],"about":[{"href":"https:\/\/blog.ccc.eu\/cz\/wp-json\/wp\/v2\/types\/post"}],"author":[{"embeddable":true,"href":"https:\/\/blog.ccc.eu\/cz\/wp-json\/wp\/v2\/users\/24"}],"replies":[{"embeddable":true,"href":"https:\/\/blog.ccc.eu\/cz\/wp-json\/wp\/v2\/comments?post=8266"}],"version-history":[{"count":3,"href":"https:\/\/blog.ccc.eu\/cz\/wp-json\/wp\/v2\/posts\/8266\/revisions"}],"predecessor-version":[{"id":8278,"href":"https:\/\/blog.ccc.eu\/cz\/wp-json\/wp\/v2\/posts\/8266\/revisions\/8278"}],"wp:featuredmedia":[{"embeddable":true,"href":"https:\/\/blog.ccc.eu\/cz\/wp-json\/wp\/v2\/media\/8268"}],"wp:attachment":[{"href":"https:\/\/blog.ccc.eu\/cz\/wp-json\/wp\/v2\/media?parent=8266"}],"wp:term":[{"taxonomy":"category","embeddable":true,"href":"https:\/\/blog.ccc.eu\/cz\/wp-json\/wp\/v2\/categories?post=8266"},{"taxonomy":"post_tag","embeddable":true,"href":"https:\/\/blog.ccc.eu\/cz\/wp-json\/wp\/v2\/tags?post=8266"}],"curies":[{"name":"wp","href":"https:\/\/api.w.org\/{rel}","templated":true}]}}