{"id":8272,"date":"2025-12-08T14:40:46","date_gmt":"2025-12-08T13:40:46","guid":{"rendered":"https:\/\/blog.ccc.eu\/cz\/?p=8272"},"modified":"2025-12-10T15:05:57","modified_gmt":"2025-12-10T14:05:57","slug":"novorocni-lyzovani-tepla-obuv","status":"publish","type":"post","link":"https:\/\/blog.ccc.eu\/cz\/novorocni-lyzovani-tepla-obuv\/","title":{"rendered":"Novoro\u010dn\u00ed ly\u017eov\u00e1n\u00ed a nohy v teple? S na\u0161\u00ed obuv\u00ed to jde."},"content":{"rendered":"\n<p>Nev\u00edm, jak to m\u00e1te vy, ale mn\u011b je v prvn\u00ed \u0159ad\u011b v\u017edycky zima na nohy. Miluji ly\u017eov\u00e1n\u00ed a zimn\u00ed aktivity, ale moje nohy opravdu rychle promrznou. \u0158e\u0161en\u00ed je <a href=\"https:\/\/ccc.eu\/cz\/cs\/c\/damske\/boty\/zatepleni:ano\">tepl\u00e1 obuv<\/a>. D\u0159\u00edv jsem si myslela, \u017ee takov\u00e1 ani neexistuje, ale existuje. Opravdu existuje!<\/p>\n\n\n\n<figure class=\"wp-block-image size-full\"><img loading=\"lazy\" decoding=\"async\" width=\"1024\" height=\"683\" src=\"https:\/\/blog.ccc.eu\/cz\/wp-content\/uploads\/2025\/12\/1024x683_SNIEGOWCE_DAMSKIE.webp\" alt=\"\" class=\"wp-image-8274\" srcset=\"https:\/\/blog.ccc.eu\/cz\/wp-content\/uploads\/2025\/12\/1024x683_SNIEGOWCE_DAMSKIE.webp 1024w, https:\/\/blog.ccc.eu\/cz\/wp-content\/uploads\/2025\/12\/1024x683_SNIEGOWCE_DAMSKIE-300x200.webp 300w, https:\/\/blog.ccc.eu\/cz\/wp-content\/uploads\/2025\/12\/1024x683_SNIEGOWCE_DAMSKIE-768x512.webp 768w, https:\/\/blog.ccc.eu\/cz\/wp-content\/uploads\/2025\/12\/1024x683_SNIEGOWCE_DAMSKIE-100x67.webp 100w\" sizes=\"auto, (max-width: 1024px) 100vw, 1024px\" \/><\/figure>\n\n\n\n<p><\/p>\n\n\n\n<p>Nikdy nezapomenu, jak jsem jednou b\u011bhem vysoko\u0161kolsk\u00fdch studi\u00ed st\u00e1la na zast\u00e1vce a \u010dekala na autobusov\u00fd p\u0159\u00edpoj cestou do tepl\u00e9ho domova, na kter\u00fd jsem se tak t\u011b\u0161ila. Jen\u017ee ty p\u0159\u00edpoje jezdily dost z\u0159\u00eddka, tak\u017ee jsem \u010dekala opravdu dlouho \u2013 alespo\u0148 mn\u011b se to tak zd\u00e1lo. To bylo poprv\u00e9 a zat\u00edm naposledy, kdy jsem opravdu plakala zimou. A tehdy tak\u00e9 poprv\u00e9 padlo rozhodnut\u00ed, \u017ee si po\u0159\u00edd\u00edm po\u0159\u00e1dnou obuv, a\u0165 u\u017e bude st\u00e1t cokoliv. I kdy\u017e jsem jako studentka nem\u011bla zrovna moc pen\u011bz, koupila jsem si ji \u2013 a byla to jedna z nejlep\u0161\u00edch investic v m\u00e9m \u017eivot\u011b. Nau\u010dila m\u011b, \u017ee pen\u00edze vlo\u017een\u00e9 do kvalitn\u00ed obuvi opravdu nejsou vyhozen\u00e9. Sp\u00ed\u0161 naopak.<\/p>\n\n\n\n<p>Zimn\u00ed dovolen\u00e1, ly\u017eov\u00e1n\u00ed, p\u0159elom roku str\u00e1ven\u00fd na hor\u00e1ch \u2013 ale t\u0159eba i oby\u010dejn\u00e9 \u010dek\u00e1n\u00ed na autobus \u2013 si vy\u017eaduj\u00ed kvalitn\u00ed obuv, kter\u00e1 v\u00e1s udr\u017e\u00ed v suchu, teple a zajist\u00ed pohodln\u00fd krok i v hlubok\u00e9m sn\u011bhu. P\u0159i v\u00fdb\u011bru <a href=\"https:\/\/ccc.eu\/cz\/cs\/c\/damske\/boty\/zatepleni:ano\">zimn\u00ed obuvi<\/a> do sn\u011bhu nerozhoduje jen design, ale p\u0159edev\u0161\u00edm funk\u010dnost, odolnost a spr\u00e1vn\u00e1 konstrukce. Vybrat ide\u00e1ln\u00ed model m\u016f\u017ee b\u00fdt n\u00e1ro\u010dn\u00e9, ale existuje n\u011bkolik typ\u016f obuvi, kter\u00e9 jsou pro zasn\u011b\u017een\u00e9 podm\u00ednky jako stvo\u0159en\u00e9. A nejlep\u0161\u00ed na tom je, \u017ee dnes u\u017e nejde o volbu mezi kvalitou a estetikou. Dnes je m\u00e1te kr\u00e1sn\u011b zabalen\u00e9 v jednom p\u0159\u00edjemn\u00e9m, stylov\u00e9m bal\u00ed\u010dku.<\/p>\n\n\n\n<h1 class=\"wp-block-heading\"><strong>Jak\u00e1 obuv je nejlep\u0161\u00ed volbou do sn\u011bhu?<\/strong><\/h1>\n\n\n\n<h2 class=\"wp-block-heading\"><strong>Sn\u011bhule s membr\u00e1nou (nap\u0159. Gore-Tex, Texapore, Omni-Tech) nebo zimn\u00ed turistick\u00e1 obuv<\/strong><\/h2>\n\n\n\n<p>Pokud hled\u00e1te obuv, kter\u00e1 v\u00e1s udr\u017e\u00ed v suchu i p\u0159i celodenn\u00edm pobytu ve sn\u011bhu, s\u00e1hnout po <a href=\"https:\/\/ccc.eu\/cz\/cs\/c\/damske\/boty\/snehule\">sn\u011bhul\u00edch<\/a> s nepromokavou membr\u00e1nou je ta nejjist\u011bj\u0161\u00ed volba. Membr\u00e1na br\u00e1n\u00ed pronik\u00e1n\u00ed vlhkosti dovnit\u0159, z\u00e1rove\u0148 v\u0161ak umo\u017e\u0148uje odpa\u0159ov\u00e1n\u00ed potu. D\u00edky tomu z\u016fst\u00e1v\u00e1 obuv such\u00e1 a nohy p\u0159\u00edjemn\u011b tepl\u00e9. Z\u00e1rove\u0148 je ide\u00e1ln\u00ed pro pevn\u00fd krok \u2013 co\u017e ocen\u00ed ka\u017ed\u00fd, kdo se r\u00e1d a \u010dasto pohybuje v p\u0159\u00edrod\u011b a nespol\u00e9h\u00e1 jen na sn\u00edh, ale po\u010d\u00edt\u00e1 i s p\u0159\u00edpadn\u00fdm bl\u00e1tem, zmrzlou p\u016fdou apod.<\/p>\n\n\n<shortcode prop-load-num=\"12\" prop-display-num=\"4\" prop-sku=\"5905588945215, 5903419656330, 5905588945222, 5906751439609, 5906751439623\" prop-view=\"slider\"><\/shortcode>        <div\r\n            class=\"eob-pf-shortcode\"\r\n            id=\"eobpf69f3afa4a9798\"\r\n        >\r\n            <shortcode prop-load-num=\"12\" prop-display-num=\"4\" prop-sku=\"5905588945215, 5903419656330, 5905588945222, 5906751439609, 5906751439623\" prop-view=\"slider\"><\/shortcode>        <\/div>\r\n\t\t<script>\r\n\t\t\tjQuery(document).ready(() => {\r\n\t\t\t    const root = document.getElementById('eobpf69f3afa4a9798');\r\n                Vue.createApp({\r\n\t                components: {\r\n\t                    shortcode\r\n\t                }\r\n                }).mount(root);\r\n\t\t\t});\r\n\t\t<\/script>\r\n\t\t\r\n\t\t\n\n\n\n<p><\/p>\n\n\n\n<h2 class=\"wp-block-heading\"><strong>Kotn\u00edkov\u00e1 obuv s hrubou podr\u00e1\u017ekou<\/strong><\/h2>\n\n\n\n<p>Na b\u011b\u017en\u00e9 no\u0161en\u00ed v ly\u017ea\u0159sk\u00fdch st\u0159edisc\u00edch \u010di horsk\u00fdch chat\u00e1ch je ide\u00e1ln\u00ed tepl\u00e1 kotn\u00edkov\u00e1 obuv. Nen\u00ed ur\u010den\u00e1 do velmi hlubok\u00e9ho sn\u011bhu, ale nab\u00edz\u00ed komfort, styl a dostate\u010dnou ochranu p\u0159ed chladem. Pokud m\u00e1 protiskluzovou podr\u00e1\u017eku, zvl\u00e1dne i m\u00edrn\u011b zledovat\u011bl\u00fd ter\u00e9n. Jejich v\u00fdhodou je, \u017ee je bez probl\u00e9m\u016f unos\u00edte i ve m\u011bst\u011b \u2013 hod\u00ed se zkr\u00e1tka ke v\u0161emu a v\u0161ude.<\/p>\n\n\n<shortcode prop-load-num=\"12\" prop-display-num=\"4\" prop-sku=\"5906751275238, 5906751275306, 5906751303733, 5906751349632, 5905588945505\" prop-view=\"slider\"><\/shortcode>        <div\r\n            class=\"eob-pf-shortcode\"\r\n            id=\"eobpf69f3afa4a98a4\"\r\n        >\r\n            <shortcode prop-load-num=\"12\" prop-display-num=\"4\" prop-sku=\"5906751275238, 5906751275306, 5906751303733, 5906751349632, 5905588945505\" prop-view=\"slider\"><\/shortcode>        <\/div>\r\n\t\t<script>\r\n\t\t\tjQuery(document).ready(() => {\r\n\t\t\t    const root = document.getElementById('eobpf69f3afa4a98a4');\r\n                Vue.createApp({\r\n\t                components: {\r\n\t                    shortcode\r\n\t                }\r\n                }).mount(root);\r\n\t\t\t});\r\n\t\t<\/script>\r\n\t\t\r\n\t\t\n\n\n\n<p><\/p>\n\n\n\n<h2 class=\"wp-block-heading\"><strong>Obuv se sn\u011bhov\u00fdm l\u00edmcem (snow cuff)<\/strong><\/h2>\n\n\n\n<p>Pro hory a zimn\u00ed sporty je to obrovsk\u00e9 plus \u2013 sn\u00edh se nedostane dovnit\u0159 ani p\u0159i hlub\u0161\u00edm brod\u011bn\u00ed. A pokud jste n\u011bkdy za\u017eili situaci, kdy m\u00e1te sice skv\u011ble teplou obuv, ale z vrchu se v\u00e1m dostane dovnit\u0159 sn\u00edh spolu s chladem a vlhkost\u00ed (!), pak p\u0159esn\u011b v\u00edte, o \u010dem mluv\u00edm.<\/p>\n\n\n<shortcode prop-load-num=\"12\" prop-display-num=\"4\" prop-sku=\"5905588945499, 5905588945079, 5905588945086, 5905588093435\" prop-view=\"slider\"><\/shortcode>        <div\r\n            class=\"eob-pf-shortcode\"\r\n            id=\"eobpf69f3afa4a98de\"\r\n        >\r\n            <shortcode prop-load-num=\"12\" prop-display-num=\"4\" prop-sku=\"5905588945499, 5905588945079, 5905588945086, 5905588093435\" prop-view=\"slider\"><\/shortcode>        <\/div>\r\n\t\t<script>\r\n\t\t\tjQuery(document).ready(() => {\r\n\t\t\t    const root = document.getElementById('eobpf69f3afa4a98de');\r\n                Vue.createApp({\r\n\t                components: {\r\n\t                    shortcode\r\n\t                }\r\n                }).mount(root);\r\n\t\t\t});\r\n\t\t<\/script>\r\n\t\t\r\n\t\t\n\n\n\n<p><\/p>\n\n\n\n<h4 class=\"wp-block-heading\"><strong>Nejlep\u0161\u00ed volba na novoro\u010dn\u00ed ly\u017eova\u010dku<\/strong><\/h4>\n\n\n\n<p>Pokud chcete univerz\u00e1ln\u00ed boty, kter\u00e9 zvl\u00e1dnou sn\u00edh, mr\u00e1z i horsk\u00fd ter\u00e9n, nejlep\u0161\u00ed volbou jsou zateplen\u00e9 zimn\u00ed turistick\u00e9 boty s membr\u00e1nou a protiskluzovou podr\u00e1\u017ekou. Nab\u00edzej\u00ed nejlep\u0161\u00ed kombinaci komfortu, ochrany, bezpe\u010dnosti a odolnosti. Do ly\u017ea\u0159sk\u00e9ho st\u0159ediska se hod\u00ed i stylov\u00e9 <a href=\"https:\/\/ccc.eu\/cz\/cs\/c\/damske\/boty\/snehule\">d\u00e1msk\u00e9<\/a> \u010di <a href=\"https:\/\/ccc.eu\/cz\/cs\/c\/panske\/boty\/snehule\">p\u00e1nsk\u00e9 sn\u011bhule<\/a>, kter\u00e9 jsou krom\u011b funk\u010dnosti tak\u00e9 vizu\u00e1ln\u011b atraktivn\u00ed. Pokud preferujete m\u00f3dn\u00ed vzhled, m\u016f\u017eete zvolit ko\u017een\u00e9 zimn\u00ed boty, nezapome\u0148te je v\u0161ak pravideln\u011b impregnovat.<\/p>\n\n\n\n<figure class=\"wp-block-gallery has-nested-images columns-default is-cropped wp-block-gallery-1 is-layout-flex wp-block-gallery-is-layout-flex\">\n<figure class=\"wp-block-image size-large\"><img loading=\"lazy\" decoding=\"async\" width=\"683\" height=\"1024\" data-id=\"8275\" src=\"https:\/\/blog.ccc.eu\/cz\/wp-content\/uploads\/2025\/12\/sniegowce-dla-dzieci-683x1024.jpg\" alt=\"\" class=\"wp-image-8275\" srcset=\"https:\/\/blog.ccc.eu\/cz\/wp-content\/uploads\/2025\/12\/sniegowce-dla-dzieci-683x1024.jpg 683w, https:\/\/blog.ccc.eu\/cz\/wp-content\/uploads\/2025\/12\/sniegowce-dla-dzieci-200x300.jpg 200w, https:\/\/blog.ccc.eu\/cz\/wp-content\/uploads\/2025\/12\/sniegowce-dla-dzieci-768x1152.jpg 768w, https:\/\/blog.ccc.eu\/cz\/wp-content\/uploads\/2025\/12\/sniegowce-dla-dzieci-1024x1536.jpg 1024w, https:\/\/blog.ccc.eu\/cz\/wp-content\/uploads\/2025\/12\/sniegowce-dla-dzieci-100x150.jpg 100w, https:\/\/blog.ccc.eu\/cz\/wp-content\/uploads\/2025\/12\/sniegowce-dla-dzieci.jpg 1360w\" sizes=\"auto, (max-width: 683px) 100vw, 683px\" \/><\/figure>\n\n\n\n<figure class=\"wp-block-image size-large\"><img loading=\"lazy\" decoding=\"async\" width=\"683\" height=\"1024\" data-id=\"8276\" src=\"https:\/\/blog.ccc.eu\/cz\/wp-content\/uploads\/2025\/12\/sniegowce-dla-dziecka-683x1024.jpg\" alt=\"\" class=\"wp-image-8276\" srcset=\"https:\/\/blog.ccc.eu\/cz\/wp-content\/uploads\/2025\/12\/sniegowce-dla-dziecka-683x1024.jpg 683w, https:\/\/blog.ccc.eu\/cz\/wp-content\/uploads\/2025\/12\/sniegowce-dla-dziecka-200x300.jpg 200w, https:\/\/blog.ccc.eu\/cz\/wp-content\/uploads\/2025\/12\/sniegowce-dla-dziecka-768x1152.jpg 768w, https:\/\/blog.ccc.eu\/cz\/wp-content\/uploads\/2025\/12\/sniegowce-dla-dziecka-1024x1536.jpg 1024w, https:\/\/blog.ccc.eu\/cz\/wp-content\/uploads\/2025\/12\/sniegowce-dla-dziecka-100x150.jpg 100w, https:\/\/blog.ccc.eu\/cz\/wp-content\/uploads\/2025\/12\/sniegowce-dla-dziecka.jpg 1360w\" sizes=\"auto, (max-width: 683px) 100vw, 683px\" \/><\/figure>\n<\/figure>\n\n\n\n<p><\/p>\n\n\n\n<p>Ka\u017edop\u00e1dn\u011b, z\u00e1kladn\u00edm pravidlem jak\u00fdchkoli zimn\u00edch aktivit v chladu a p\u0159\u00edpadn\u011b i ve sn\u011bhu jsou jednozna\u010dn\u011b kvalitn\u00ed zimn\u00ed boty. Na tom se rozhodn\u011b nevyplat\u00ed \u0161et\u0159it, a i v prodejn\u00e1ch CCC si m\u016f\u017eete vybrat pro sebe i sv\u00e9 nejbli\u017e\u0161\u00ed ty, kter\u00e9 nazna\u010duj\u00ed, \u017ee si zimu opravdu u\u017eijete, a nebudete jen c\u00edtit chlad p\u0159ech\u00e1zej\u00edc\u00ed v bolest.<\/p>\n\n\n\n<div class=\"wp-block-buttons is-content-justification-center is-layout-flex wp-container-core-buttons-is-layout-16018d1d wp-block-buttons-is-layout-flex\">\n<div class=\"wp-block-button is-style-fill\"><a class=\"wp-block-button__link has-custom-font-size wp-element-button\" href=\"https:\/\/ccc.eu\/cz\/cs\/c\/damske\/boty\/zatepleni:ano\" style=\"border-radius:0px;font-size:15px\">Cel\u00e1 ponuka d\u00e1mskych zimn\u00edch top\u00e1nek v CCC<\/a><\/div>\n<\/div>\n\n\n\n<p><\/p>\n","protected":false},"excerpt":{"rendered":"<p>\u010cl\u00e1nek p\u0159in\u00e1\u0161\u00ed praktick\u00fd n\u00e1vod, jak vybrat spr\u00e1vnou zimn\u00ed obuv pro novoro\u010dn\u00ed ly\u017eov\u00e1n\u00ed i b\u011b\u017en\u00fd pobyt na hor\u00e1ch. Zam\u011b\u0159uje se na sn\u011bhule s membr\u00e1nou, kotn\u00edkovou obuv a modely se sn\u011bhov\u00fdm l\u00edmcem, kter\u00e9 udr\u017e\u00ed nohy v suchu, teple a pohodl\u00ed i v n\u00e1ro\u010dn\u00fdch zimn\u00edch podm\u00ednk\u00e1ch.<\/p>\n","protected":false},"author":24,"featured_media":8275,"comment_status":"open","ping_status":"open","sticky":false,"template":"","format":"standard","meta":{"_acf_changed":false,"footnotes":""},"categories":[1023],"tags":[1045],"class_list":["post-8272","post","type-post","status-publish","format-standard","has-post-thumbnail","hentry","category-darecky","tag-snehule"],"acf":[],"yoast_head":"<!-- This site is optimized with the Yoast SEO plugin v26.9 - https:\/\/yoast.com\/product\/yoast-seo-wordpress\/ -->\n<title>Novoro\u010dn\u00ed ly\u017eov\u00e1n\u00ed a nohy v teple? S na\u0161\u00ed obuv\u00ed to jde. - blog.ccc.eu\/cz<\/title>\n<meta name=\"description\" content=\"Novoro\u010dn\u00ed ly\u017eov\u00e1n\u00ed vy\u017eaduje nohy v teple. Tepl\u00e1 obuv udr\u017e\u00ed nohy v suchu, pohodl\u00ed a teple i p\u0159i zimn\u00edch aktivit\u00e1ch na hor\u00e1ch. 2026\" \/>\n<meta name=\"robots\" content=\"index, follow, max-snippet:-1, max-image-preview:large, max-video-preview:-1\" \/>\n<link rel=\"canonical\" href=\"https:\/\/blog.ccc.eu\/cz\/novorocni-lyzovani-tepla-obuv\/\" \/>\n<meta property=\"og:locale\" content=\"cs_CZ\" \/>\n<meta property=\"og:type\" content=\"article\" \/>\n<meta property=\"og:title\" content=\"Novoro\u010dn\u00ed ly\u017eov\u00e1n\u00ed a nohy v teple? S na\u0161\u00ed obuv\u00ed to jde. - blog.ccc.eu\/cz\" \/>\n<meta property=\"og:description\" content=\"Novoro\u010dn\u00ed ly\u017eov\u00e1n\u00ed vy\u017eaduje nohy v teple. Tepl\u00e1 obuv udr\u017e\u00ed nohy v suchu, pohodl\u00ed a teple i p\u0159i zimn\u00edch aktivit\u00e1ch na hor\u00e1ch.\" \/>\n<meta property=\"og:url\" content=\"https:\/\/blog.ccc.eu\/cz\/novorocni-lyzovani-tepla-obuv\/\" \/>\n<meta property=\"og:site_name\" content=\"blog.ccc.eu\/cz\" \/>\n<meta property=\"article:published_time\" content=\"2025-12-08T13:40:46+00:00\" \/>\n<meta property=\"article:modified_time\" content=\"2025-12-10T14:05:57+00:00\" \/>\n<meta property=\"og:image\" content=\"https:\/\/blog.ccc.eu\/cz\/wp-content\/uploads\/2025\/12\/sniegowce-dla-dzieci.jpg\" \/>\n\t<meta property=\"og:image:width\" content=\"1360\" \/>\n\t<meta property=\"og:image:height\" content=\"2040\" \/>\n\t<meta property=\"og:image:type\" content=\"image\/jpeg\" \/>\n<meta name=\"author\" content=\"Kaja\" \/>\n<meta name=\"twitter:card\" content=\"summary_large_image\" \/>\n<meta name=\"twitter:label1\" content=\"Napsal(a)\" \/>\n\t<meta name=\"twitter:data1\" content=\"Kaja\" \/>\n\t<meta name=\"twitter:label2\" content=\"Odhadovan\u00e1 doba \u010dten\u00ed\" \/>\n\t<meta name=\"twitter:data2\" content=\"5 minut\" \/>\n<script type=\"application\/ld+json\" class=\"yoast-schema-graph\">{\"@context\":\"https:\/\/schema.org\",\"@graph\":[{\"@type\":\"Article\",\"@id\":\"https:\/\/blog.ccc.eu\/cz\/novorocni-lyzovani-tepla-obuv\/#article\",\"isPartOf\":{\"@id\":\"https:\/\/blog.ccc.eu\/cz\/novorocni-lyzovani-tepla-obuv\/\"},\"author\":{\"name\":\"Kaja\",\"@id\":\"https:\/\/blog.ccc.eu\/cz\/#\/schema\/person\/f21bfa7ed9e08fb4b5b823707bdde059\"},\"headline\":\"Novoro\u010dn\u00ed ly\u017eov\u00e1n\u00ed a nohy v teple? S na\u0161\u00ed obuv\u00ed to jde.\",\"datePublished\":\"2025-12-08T13:40:46+00:00\",\"dateModified\":\"2025-12-10T14:05:57+00:00\",\"mainEntityOfPage\":{\"@id\":\"https:\/\/blog.ccc.eu\/cz\/novorocni-lyzovani-tepla-obuv\/\"},\"wordCount\":811,\"commentCount\":0,\"publisher\":{\"@id\":\"https:\/\/blog.ccc.eu\/cz\/#organization\"},\"image\":{\"@id\":\"https:\/\/blog.ccc.eu\/cz\/novorocni-lyzovani-tepla-obuv\/#primaryimage\"},\"thumbnailUrl\":\"https:\/\/blog.ccc.eu\/cz\/wp-content\/uploads\/2025\/12\/sniegowce-dla-dzieci.jpg\",\"keywords\":[\"Sn\u011bhule\"],\"articleSection\":[\"D\u00c1RE\u010cKY\"],\"inLanguage\":\"cs\",\"potentialAction\":[{\"@type\":\"CommentAction\",\"name\":\"Comment\",\"target\":[\"https:\/\/blog.ccc.eu\/cz\/novorocni-lyzovani-tepla-obuv\/#respond\"]}]},{\"@type\":\"WebPage\",\"@id\":\"https:\/\/blog.ccc.eu\/cz\/novorocni-lyzovani-tepla-obuv\/\",\"url\":\"https:\/\/blog.ccc.eu\/cz\/novorocni-lyzovani-tepla-obuv\/\",\"name\":\"Novoro\u010dn\u00ed ly\u017eov\u00e1n\u00ed a nohy v teple? S na\u0161\u00ed obuv\u00ed to jde. - blog.ccc.eu\/cz\",\"isPartOf\":{\"@id\":\"https:\/\/blog.ccc.eu\/cz\/#website\"},\"primaryImageOfPage\":{\"@id\":\"https:\/\/blog.ccc.eu\/cz\/novorocni-lyzovani-tepla-obuv\/#primaryimage\"},\"image\":{\"@id\":\"https:\/\/blog.ccc.eu\/cz\/novorocni-lyzovani-tepla-obuv\/#primaryimage\"},\"thumbnailUrl\":\"https:\/\/blog.ccc.eu\/cz\/wp-content\/uploads\/2025\/12\/sniegowce-dla-dzieci.jpg\",\"datePublished\":\"2025-12-08T13:40:46+00:00\",\"dateModified\":\"2025-12-10T14:05:57+00:00\",\"description\":\"Novoro\u010dn\u00ed ly\u017eov\u00e1n\u00ed vy\u017eaduje nohy v teple. Tepl\u00e1 obuv udr\u017e\u00ed nohy v suchu, pohodl\u00ed a teple i p\u0159i zimn\u00edch aktivit\u00e1ch na hor\u00e1ch.\",\"breadcrumb\":{\"@id\":\"https:\/\/blog.ccc.eu\/cz\/novorocni-lyzovani-tepla-obuv\/#breadcrumb\"},\"inLanguage\":\"cs\",\"potentialAction\":[{\"@type\":\"ReadAction\",\"target\":[\"https:\/\/blog.ccc.eu\/cz\/novorocni-lyzovani-tepla-obuv\/\"]}]},{\"@type\":\"ImageObject\",\"inLanguage\":\"cs\",\"@id\":\"https:\/\/blog.ccc.eu\/cz\/novorocni-lyzovani-tepla-obuv\/#primaryimage\",\"url\":\"https:\/\/blog.ccc.eu\/cz\/wp-content\/uploads\/2025\/12\/sniegowce-dla-dzieci.jpg\",\"contentUrl\":\"https:\/\/blog.ccc.eu\/cz\/wp-content\/uploads\/2025\/12\/sniegowce-dla-dzieci.jpg\",\"width\":1360,\"height\":2040,\"caption\":\"tepl\u00e1 obuv\"},{\"@type\":\"BreadcrumbList\",\"@id\":\"https:\/\/blog.ccc.eu\/cz\/novorocni-lyzovani-tepla-obuv\/#breadcrumb\",\"itemListElement\":[{\"@type\":\"ListItem\",\"position\":1,\"name\":\"Strona g\u0142\u00f3wna\",\"item\":\"https:\/\/blog.ccc.eu\/cz\/\"},{\"@type\":\"ListItem\",\"position\":2,\"name\":\"Novoro\u010dn\u00ed ly\u017eov\u00e1n\u00ed a nohy v teple? S na\u0161\u00ed obuv\u00ed to jde.\"}]},{\"@type\":\"WebSite\",\"@id\":\"https:\/\/blog.ccc.eu\/cz\/#website\",\"url\":\"https:\/\/blog.ccc.eu\/cz\/\",\"name\":\"blog.ccc.eu\/cz\",\"description\":\"Va\u0161e m\u00edsto pln\u00e9 m\u00f3dn\u00edch inspirac\u00ed\",\"publisher\":{\"@id\":\"https:\/\/blog.ccc.eu\/cz\/#organization\"},\"potentialAction\":[{\"@type\":\"SearchAction\",\"target\":{\"@type\":\"EntryPoint\",\"urlTemplate\":\"https:\/\/blog.ccc.eu\/cz\/?s={search_term_string}\"},\"query-input\":{\"@type\":\"PropertyValueSpecification\",\"valueRequired\":true,\"valueName\":\"search_term_string\"}}],\"inLanguage\":\"cs\"},{\"@type\":\"Organization\",\"@id\":\"https:\/\/blog.ccc.eu\/cz\/#organization\",\"name\":\"CCC S.A.\",\"url\":\"https:\/\/blog.ccc.eu\/cz\/\",\"logo\":{\"@type\":\"ImageObject\",\"inLanguage\":\"cs\",\"@id\":\"https:\/\/blog.ccc.eu\/cz\/#\/schema\/logo\/image\/\",\"url\":\"https:\/\/blog.ccc.eu\/cz\/wp-content\/uploads\/2021\/11\/logo_ccc.png\",\"contentUrl\":\"https:\/\/blog.ccc.eu\/cz\/wp-content\/uploads\/2021\/11\/logo_ccc.png\",\"width\":730,\"height\":270,\"caption\":\"CCC S.A.\"},\"image\":{\"@id\":\"https:\/\/blog.ccc.eu\/cz\/#\/schema\/logo\/image\/\"}},{\"@type\":\"Person\",\"@id\":\"https:\/\/blog.ccc.eu\/cz\/#\/schema\/person\/f21bfa7ed9e08fb4b5b823707bdde059\",\"name\":\"Kaja\",\"image\":{\"@type\":\"ImageObject\",\"inLanguage\":\"cs\",\"@id\":\"https:\/\/blog.ccc.eu\/cz\/#\/schema\/person\/image\/\",\"url\":\"https:\/\/blog.ccc.eu\/cz\/wp-content\/uploads\/2024\/06\/white-1-300x300-1-100x100.jpg\",\"contentUrl\":\"https:\/\/blog.ccc.eu\/cz\/wp-content\/uploads\/2024\/06\/white-1-300x300-1-100x100.jpg\",\"caption\":\"Kaja\"},\"description\":\"U\u017e od pubert\u00e1ln\u00edch let se v\u011bnuje pr\u00e1ci v m\u00e9di\u00edch a psan\u00ed. Z kon\u00ed\u010dka se stalo \u017eivobyt\u00ed, kter\u00e9 j\u00ed z\u00e1rove\u0148 poskytlo dostatek svobody k tomu, aby mohla pom\u011brn\u011b hodn\u011b cestovat a pozn\u00e1vat sv\u011bt a r\u016fzn\u00e9 kultury. Energii j\u00ed dod\u00e1v\u00e1 \u010dten\u00ed knih, voda a hudba.\",\"url\":\"https:\/\/blog.ccc.eu\/cz\/author\/perlamakovienka-sk\/\"}]}<\/script>\n<!-- \/ Yoast SEO plugin. -->","yoast_head_json":{"title":"Novoro\u010dn\u00ed ly\u017eov\u00e1n\u00ed a nohy v teple? S na\u0161\u00ed obuv\u00ed to jde. - blog.ccc.eu\/cz","description":"Novoro\u010dn\u00ed ly\u017eov\u00e1n\u00ed vy\u017eaduje nohy v teple. Tepl\u00e1 obuv udr\u017e\u00ed nohy v suchu, pohodl\u00ed a teple i p\u0159i zimn\u00edch aktivit\u00e1ch na hor\u00e1ch. 2026","robots":{"index":"index","follow":"follow","max-snippet":"max-snippet:-1","max-image-preview":"max-image-preview:large","max-video-preview":"max-video-preview:-1"},"canonical":"https:\/\/blog.ccc.eu\/cz\/novorocni-lyzovani-tepla-obuv\/","og_locale":"cs_CZ","og_type":"article","og_title":"Novoro\u010dn\u00ed ly\u017eov\u00e1n\u00ed a nohy v teple? S na\u0161\u00ed obuv\u00ed to jde. - blog.ccc.eu\/cz","og_description":"Novoro\u010dn\u00ed ly\u017eov\u00e1n\u00ed vy\u017eaduje nohy v teple. Tepl\u00e1 obuv udr\u017e\u00ed nohy v suchu, pohodl\u00ed a teple i p\u0159i zimn\u00edch aktivit\u00e1ch na hor\u00e1ch.","og_url":"https:\/\/blog.ccc.eu\/cz\/novorocni-lyzovani-tepla-obuv\/","og_site_name":"blog.ccc.eu\/cz","article_published_time":"2025-12-08T13:40:46+00:00","article_modified_time":"2025-12-10T14:05:57+00:00","og_image":[{"width":1360,"height":2040,"url":"https:\/\/blog.ccc.eu\/cz\/wp-content\/uploads\/2025\/12\/sniegowce-dla-dzieci.jpg","type":"image\/jpeg"}],"author":"Kaja","twitter_card":"summary_large_image","twitter_misc":{"Napsal(a)":"Kaja","Odhadovan\u00e1 doba \u010dten\u00ed":"5 minut"},"schema":{"@context":"https:\/\/schema.org","@graph":[{"@type":"Article","@id":"https:\/\/blog.ccc.eu\/cz\/novorocni-lyzovani-tepla-obuv\/#article","isPartOf":{"@id":"https:\/\/blog.ccc.eu\/cz\/novorocni-lyzovani-tepla-obuv\/"},"author":{"name":"Kaja","@id":"https:\/\/blog.ccc.eu\/cz\/#\/schema\/person\/f21bfa7ed9e08fb4b5b823707bdde059"},"headline":"Novoro\u010dn\u00ed ly\u017eov\u00e1n\u00ed a nohy v teple? S na\u0161\u00ed obuv\u00ed to jde.","datePublished":"2025-12-08T13:40:46+00:00","dateModified":"2025-12-10T14:05:57+00:00","mainEntityOfPage":{"@id":"https:\/\/blog.ccc.eu\/cz\/novorocni-lyzovani-tepla-obuv\/"},"wordCount":811,"commentCount":0,"publisher":{"@id":"https:\/\/blog.ccc.eu\/cz\/#organization"},"image":{"@id":"https:\/\/blog.ccc.eu\/cz\/novorocni-lyzovani-tepla-obuv\/#primaryimage"},"thumbnailUrl":"https:\/\/blog.ccc.eu\/cz\/wp-content\/uploads\/2025\/12\/sniegowce-dla-dzieci.jpg","keywords":["Sn\u011bhule"],"articleSection":["D\u00c1RE\u010cKY"],"inLanguage":"cs","potentialAction":[{"@type":"CommentAction","name":"Comment","target":["https:\/\/blog.ccc.eu\/cz\/novorocni-lyzovani-tepla-obuv\/#respond"]}]},{"@type":"WebPage","@id":"https:\/\/blog.ccc.eu\/cz\/novorocni-lyzovani-tepla-obuv\/","url":"https:\/\/blog.ccc.eu\/cz\/novorocni-lyzovani-tepla-obuv\/","name":"Novoro\u010dn\u00ed ly\u017eov\u00e1n\u00ed a nohy v teple? S na\u0161\u00ed obuv\u00ed to jde. - blog.ccc.eu\/cz","isPartOf":{"@id":"https:\/\/blog.ccc.eu\/cz\/#website"},"primaryImageOfPage":{"@id":"https:\/\/blog.ccc.eu\/cz\/novorocni-lyzovani-tepla-obuv\/#primaryimage"},"image":{"@id":"https:\/\/blog.ccc.eu\/cz\/novorocni-lyzovani-tepla-obuv\/#primaryimage"},"thumbnailUrl":"https:\/\/blog.ccc.eu\/cz\/wp-content\/uploads\/2025\/12\/sniegowce-dla-dzieci.jpg","datePublished":"2025-12-08T13:40:46+00:00","dateModified":"2025-12-10T14:05:57+00:00","description":"Novoro\u010dn\u00ed ly\u017eov\u00e1n\u00ed vy\u017eaduje nohy v teple. Tepl\u00e1 obuv udr\u017e\u00ed nohy v suchu, pohodl\u00ed a teple i p\u0159i zimn\u00edch aktivit\u00e1ch na hor\u00e1ch.","breadcrumb":{"@id":"https:\/\/blog.ccc.eu\/cz\/novorocni-lyzovani-tepla-obuv\/#breadcrumb"},"inLanguage":"cs","potentialAction":[{"@type":"ReadAction","target":["https:\/\/blog.ccc.eu\/cz\/novorocni-lyzovani-tepla-obuv\/"]}]},{"@type":"ImageObject","inLanguage":"cs","@id":"https:\/\/blog.ccc.eu\/cz\/novorocni-lyzovani-tepla-obuv\/#primaryimage","url":"https:\/\/blog.ccc.eu\/cz\/wp-content\/uploads\/2025\/12\/sniegowce-dla-dzieci.jpg","contentUrl":"https:\/\/blog.ccc.eu\/cz\/wp-content\/uploads\/2025\/12\/sniegowce-dla-dzieci.jpg","width":1360,"height":2040,"caption":"tepl\u00e1 obuv"},{"@type":"BreadcrumbList","@id":"https:\/\/blog.ccc.eu\/cz\/novorocni-lyzovani-tepla-obuv\/#breadcrumb","itemListElement":[{"@type":"ListItem","position":1,"name":"Strona g\u0142\u00f3wna","item":"https:\/\/blog.ccc.eu\/cz\/"},{"@type":"ListItem","position":2,"name":"Novoro\u010dn\u00ed ly\u017eov\u00e1n\u00ed a nohy v teple? S na\u0161\u00ed obuv\u00ed to jde."}]},{"@type":"WebSite","@id":"https:\/\/blog.ccc.eu\/cz\/#website","url":"https:\/\/blog.ccc.eu\/cz\/","name":"blog.ccc.eu\/cz","description":"Va\u0161e m\u00edsto pln\u00e9 m\u00f3dn\u00edch inspirac\u00ed","publisher":{"@id":"https:\/\/blog.ccc.eu\/cz\/#organization"},"potentialAction":[{"@type":"SearchAction","target":{"@type":"EntryPoint","urlTemplate":"https:\/\/blog.ccc.eu\/cz\/?s={search_term_string}"},"query-input":{"@type":"PropertyValueSpecification","valueRequired":true,"valueName":"search_term_string"}}],"inLanguage":"cs"},{"@type":"Organization","@id":"https:\/\/blog.ccc.eu\/cz\/#organization","name":"CCC S.A.","url":"https:\/\/blog.ccc.eu\/cz\/","logo":{"@type":"ImageObject","inLanguage":"cs","@id":"https:\/\/blog.ccc.eu\/cz\/#\/schema\/logo\/image\/","url":"https:\/\/blog.ccc.eu\/cz\/wp-content\/uploads\/2021\/11\/logo_ccc.png","contentUrl":"https:\/\/blog.ccc.eu\/cz\/wp-content\/uploads\/2021\/11\/logo_ccc.png","width":730,"height":270,"caption":"CCC S.A."},"image":{"@id":"https:\/\/blog.ccc.eu\/cz\/#\/schema\/logo\/image\/"}},{"@type":"Person","@id":"https:\/\/blog.ccc.eu\/cz\/#\/schema\/person\/f21bfa7ed9e08fb4b5b823707bdde059","name":"Kaja","image":{"@type":"ImageObject","inLanguage":"cs","@id":"https:\/\/blog.ccc.eu\/cz\/#\/schema\/person\/image\/","url":"https:\/\/blog.ccc.eu\/cz\/wp-content\/uploads\/2024\/06\/white-1-300x300-1-100x100.jpg","contentUrl":"https:\/\/blog.ccc.eu\/cz\/wp-content\/uploads\/2024\/06\/white-1-300x300-1-100x100.jpg","caption":"Kaja"},"description":"U\u017e od pubert\u00e1ln\u00edch let se v\u011bnuje pr\u00e1ci v m\u00e9di\u00edch a psan\u00ed. Z kon\u00ed\u010dka se stalo \u017eivobyt\u00ed, kter\u00e9 j\u00ed z\u00e1rove\u0148 poskytlo dostatek svobody k tomu, aby mohla pom\u011brn\u011b hodn\u011b cestovat a pozn\u00e1vat sv\u011bt a r\u016fzn\u00e9 kultury. Energii j\u00ed dod\u00e1v\u00e1 \u010dten\u00ed knih, voda a hudba.","url":"https:\/\/blog.ccc.eu\/cz\/author\/perlamakovienka-sk\/"}]}},"_links":{"self":[{"href":"https:\/\/blog.ccc.eu\/cz\/wp-json\/wp\/v2\/posts\/8272","targetHints":{"allow":["GET"]}}],"collection":[{"href":"https:\/\/blog.ccc.eu\/cz\/wp-json\/wp\/v2\/posts"}],"about":[{"href":"https:\/\/blog.ccc.eu\/cz\/wp-json\/wp\/v2\/types\/post"}],"author":[{"embeddable":true,"href":"https:\/\/blog.ccc.eu\/cz\/wp-json\/wp\/v2\/users\/24"}],"replies":[{"embeddable":true,"href":"https:\/\/blog.ccc.eu\/cz\/wp-json\/wp\/v2\/comments?post=8272"}],"version-history":[{"count":3,"href":"https:\/\/blog.ccc.eu\/cz\/wp-json\/wp\/v2\/posts\/8272\/revisions"}],"predecessor-version":[{"id":8289,"href":"https:\/\/blog.ccc.eu\/cz\/wp-json\/wp\/v2\/posts\/8272\/revisions\/8289"}],"wp:featuredmedia":[{"embeddable":true,"href":"https:\/\/blog.ccc.eu\/cz\/wp-json\/wp\/v2\/media\/8275"}],"wp:attachment":[{"href":"https:\/\/blog.ccc.eu\/cz\/wp-json\/wp\/v2\/media?parent=8272"}],"wp:term":[{"taxonomy":"category","embeddable":true,"href":"https:\/\/blog.ccc.eu\/cz\/wp-json\/wp\/v2\/categories?post=8272"},{"taxonomy":"post_tag","embeddable":true,"href":"https:\/\/blog.ccc.eu\/cz\/wp-json\/wp\/v2\/tags?post=8272"}],"curies":[{"name":"wp","href":"https:\/\/api.w.org\/{rel}","templated":true}]}}