{"id":8273,"date":"2025-12-10T15:53:39","date_gmt":"2025-12-10T14:53:39","guid":{"rendered":"https:\/\/blog.ccc.eu\/cz\/?p=8273"},"modified":"2025-12-10T16:33:22","modified_gmt":"2025-12-10T15:33:22","slug":"zimni-kolekce-elegance-inspirace","status":"publish","type":"post","link":"https:\/\/blog.ccc.eu\/cz\/zimni-kolekce-elegance-inspirace\/","title":{"rendered":"Zimn\u00ed elegance se Zuzanou N. Str\u00e1skou: Inspirace pro stylovou sez\u00f3nu s\u00a0CCC"},"content":{"rendered":"\n<p><em>Zimn\u00ed m\u011bs\u00edce maj\u00ed jedine\u010dnou atmosf\u00e9ru \u2013 kombinuj\u00ed klid, eleganci a jemnou sofistikovanost, kter\u00e1 se odr\u00e1\u017e\u00ed i v na\u0161em \u0161atn\u00edku. Je to obdob\u00ed, kdy vyhled\u00e1v\u00e1me kvalitn\u00ed materi\u00e1ly, promy\u0161len\u00e9 detaily a dopl\u0148ky, kter\u00e9 n\u00e1s nejen zah\u0159ej\u00ed, ale z\u00e1rove\u0148 podpo\u0159\u00ed n\u00e1\u0161 osobn\u00ed styl. Pr\u00e1v\u011b tuto filozofii dokonale vystihuje nov\u00e1 podzimn\u00ed\/zimn\u00ed kolekce CCC, kter\u00e1 spojuje nad\u010dasov\u00fd design, pohodl\u00ed a modern\u00ed p\u0159\u00edstup k m\u00f3d\u011b.<\/em><\/p>\n\n\n\n<p><em>Jednou z tv\u00e1\u0159\u00ed sez\u00f3ny je i stylistka, modelka a m\u00f3dn\u00ed osobnost <strong>Zuzana Nov\u00e1kov\u00e1 Str\u00e1sk\u00e1<\/strong>, kter\u00e1 dlouhodob\u011b ukazuje, \u017ee styl nen\u00ed o mno\u017estv\u00ed, ale o kvalit\u011b a harmonii. Jej\u00ed estetika stav\u00ed na \u010distot\u011b, jednoduchosti a d\u016frazu na funk\u010dn\u00ed detaily. A pr\u00e1v\u011b proto se jej\u00ed zimn\u00ed inspirace dokonale prot\u00edn\u00e1 s filozofi\u00ed CCC.<\/em><\/p>\n\n\n\n<figure class=\"wp-block-image size-large\"><a href=\"https:\/\/ccc.eu\/cz\/cs\/p\/kabelka-lasocki-c-lsk-m-008-08-bordo-5906751245613\"><img decoding=\"async\" src=\"https:\/\/blog.ccc.eu\/cz\/wp-content\/uploads\/2025\/12\/CCC-Elle11662-768x1024.jpg\" alt=\"\" class=\"wp-image-8281\"\/><\/a><\/figure>\n\n\n\n<h3 class=\"wp-block-heading\"><strong>Jak CCC, Gino Rossi, Badura a Lasocki definuj\u00ed styl<\/strong><\/h3>\n\n\n\n<p><strong><a href=\"https:\/\/ccc.eu\/cz\/cs\/c\/novinky\/damske\/kolekce-podzim-zima\/znacka:badura-gino_rossi-lasocki\">Gino Rossi<\/a><\/strong> p\u0159in\u00e1\u0161\u00ed \u010dist\u00fd minimalistick\u00fd design s d\u016frazem na kvalitn\u00ed materi\u00e1ly a jemn\u00e9, decentn\u00ed detaily. Dopl\u0148ky t\u00e9to zna\u010dky se hod\u00ed ke kancel\u00e1\u0159sk\u00e9mu outfitu, do m\u011bsta i na ve\u010dern\u00ed p\u0159\u00edle\u017eitosti. <strong><a href=\"https:\/\/ccc.eu\/cz\/cs\/c\/novinky\/damske\/kolekce-podzim-zima\/znacka:badura\">Badura <\/a><\/strong>vynik\u00e1 robustn\u00ed obuv\u00ed a kabelkami z kvalitn\u00edch materi\u00e1l\u016f \u2013 dopl\u0148ky, kter\u00e9 kombinuj\u00ed tradici a sou\u010dasn\u00fd styl a zvl\u00e1dnou i n\u00e1ro\u010dn\u011bj\u0161\u00ed den. <strong><a href=\"https:\/\/ccc.eu\/cz\/cs\/c\/novinky\/damske\/kolekce-podzim-zima\/znacka:lasocki?pageSize=100\">Lasocki <\/a><\/strong>nab\u00edz\u00ed komfort a univerz\u00e1lnost \u2013 dopl\u0148ky navr\u017een\u00e9 tak, aby obst\u00e1ly v ka\u017edodenn\u00edm tempu \u017eivota, ale z\u00e1rove\u0148 zachovaly styl a eleganci. D\u00edky t\u00e9to diverzit\u011b m\u016f\u017ee ka\u017ed\u00e1 \u017eena naj\u00edt v CCC dopl\u0148ky, kter\u00e9 j\u00ed sednou, a\u0165 u\u017e preferuje minimalistick\u00fd, elegantn\u00ed nebo pohodln\u00fd styl.<\/p>\n\n\n\n<p><\/p>\n\n\n<shortcode prop-load-num=\"4\" prop-display-num=\"4\" prop-sku=\"5906751285114, 5906751251317, 5906751290460, 5906751460528, 5906751369463, 5906751388310, 5906751369470\" prop-view=\"slider\"><\/shortcode>        <div\r\n            class=\"eob-pf-shortcode\"\r\n            id=\"eobpf69f202c9c1542\"\r\n        >\r\n            <shortcode prop-load-num=\"4\" prop-display-num=\"4\" prop-sku=\"5906751285114, 5906751251317, 5906751290460, 5906751460528, 5906751369463, 5906751388310, 5906751369470\" prop-view=\"slider\"><\/shortcode>        <\/div>\r\n\t\t<script>\r\n\t\t\tjQuery(document).ready(() => {\r\n\t\t\t    const root = document.getElementById('eobpf69f202c9c1542');\r\n                Vue.createApp({\r\n\t                components: {\r\n\t                    shortcode\r\n\t                }\r\n                }).mount(root);\r\n\t\t\t});\r\n\t\t<\/script>\r\n\t\t\r\n\t\t\n\n\n\n<p><\/p>\n\n\n\n<h3 class=\"wp-block-heading\"><strong>Stylov\u00e1 inspirace od Zuzany Nov\u00e1kov\u00e9 Str\u00e1sk\u00e9<\/strong><\/h3>\n\n\n\n<p>Zuzana ve sv\u00e9 stylizaci propojuje dopl\u0148ky z kolekc\u00ed CCC s viz\u00ed, kter\u00e1 stav\u00ed na <strong>\u010distot\u011b, jednoduchosti a promy\u0161len\u00fdch detailech<\/strong>. Podle jej\u00edch slov by z\u00e1klad \u0161atn\u00edku m\u011bl b\u00fdt minimalistick\u00fd, v tlumen\u00fdch barv\u00e1ch a dob\u0159e promy\u0161len\u00fd \u2013 n\u011bco, co m\u016f\u017eete snadno nosit nap\u0159\u00ed\u010d sez\u00f3nami a r\u016fzn\u00fdmi situacemi. Mezi jej\u00ed obl\u00edben\u00e9 kousky pat\u0159\u00ed nap\u0159\u00edklad mokas\u00edny od Gino Rossi, kter\u00e9 podle n\u00ed skv\u011ble funguj\u00ed k elegantn\u00edm kalhot\u00e1m i k sukni, nebo robustn\u00ed polobotky a kotn\u00edkov\u00e1 obuv od Badury pro den pln\u00fd pohybu, kdy nechce kompromisy mezi stylem a pohodl\u00edm. Co Zuzana oce\u0148uje nejv\u00edce? Kvalitn\u00ed materi\u00e1l, neutr\u00e1ln\u00ed odst\u00edny (hn\u011bd\u00e1, p\u0159\u00edrodn\u00ed t\u00f3ny), \u010dist\u00e9 linie a kombinovateln\u00fd design, kter\u00fd se snadno hod\u00ed k r\u016fzn\u00fdm outfit\u016fm od elegantn\u00edho kab\u00e1tu po m\u011bstsk\u00fd casual.<\/p>\n\n\n\n<div class=\"wp-block-columns is-layout-flex wp-container-core-columns-is-layout-9d6595d7 wp-block-columns-is-layout-flex\">\n<div class=\"wp-block-column is-layout-flow wp-block-column-is-layout-flow\">\n<figure class=\"wp-block-image size-large\"><a href=\"https:\/\/ccc.eu\/cz\/cs\/p\/kabelka-gino-rossi-c-zaina-rx8784-hneda-5906751369463\"><img decoding=\"async\" src=\"https:\/\/blog.ccc.eu\/cz\/wp-content\/uploads\/2025\/12\/CCC-Elle11867-1-768x1024.jpg\" alt=\"\" class=\"wp-image-8282\"\/><\/a><\/figure>\n<\/div>\n\n\n\n<div class=\"wp-block-column is-layout-flow wp-block-column-is-layout-flow\">\n<figure class=\"wp-block-image size-large\"><a href=\"https:\/\/ccc.eu\/cz\/cs\/p\/kotnikova-obuv-lasocki-ceo-hy60109-1-hneda-5906751251317\"><img loading=\"lazy\" decoding=\"async\" width=\"768\" height=\"1024\" src=\"https:\/\/blog.ccc.eu\/cz\/wp-content\/uploads\/2025\/12\/CCC-Elle11689-768x1024.jpg\" alt=\"zimni kolekce\" class=\"wp-image-8284\" srcset=\"https:\/\/blog.ccc.eu\/cz\/wp-content\/uploads\/2025\/12\/CCC-Elle11689-768x1024.jpg 768w, https:\/\/blog.ccc.eu\/cz\/wp-content\/uploads\/2025\/12\/CCC-Elle11689-225x300.jpg 225w, https:\/\/blog.ccc.eu\/cz\/wp-content\/uploads\/2025\/12\/CCC-Elle11689-1152x1536.jpg 1152w, https:\/\/blog.ccc.eu\/cz\/wp-content\/uploads\/2025\/12\/CCC-Elle11689-1536x2048.jpg 1536w, https:\/\/blog.ccc.eu\/cz\/wp-content\/uploads\/2025\/12\/CCC-Elle11689-100x133.jpg 100w, https:\/\/blog.ccc.eu\/cz\/wp-content\/uploads\/2025\/12\/CCC-Elle11689-scaled.jpg 1919w\" sizes=\"auto, (max-width: 768px) 100vw, 768px\" \/><\/a><\/figure>\n<\/div>\n<\/div>\n\n\n\n<h3 class=\"wp-block-heading\"><strong>Tipy, jak prom\u011bnit zimn\u00ed outfit s CCC dopl\u0148ky<\/strong><\/h3>\n\n\n\n<ul class=\"wp-block-list\">\n<li><strong>Neutr\u00e1ln\u00ed barvy jako z\u00e1klad<\/strong>: Kabelka \u010di obuv v odst\u00ednech hn\u011bd\u00e9, ko\u0148akov\u00e9 nebo taupe se snadno kombinuj\u00ed se zimn\u00edm kab\u00e1tem, d\u017e\u00edny i elegantn\u00edmi \u0161aty.<\/li>\n\n\n\n<li><strong>Investujte do kvality, ne do rychl\u00fdch trend\u016f<\/strong>: Dopln\u011bk z dobr\u00e9 k\u016f\u017ee nebo s pevn\u00fdm zpracov\u00e1n\u00edm vydr\u017e\u00ed sez\u00f3nu i v\u00edce.<\/li>\n\n\n\n<li><strong>Vyb\u00edrejte dopl\u0148ky, kter\u00e9 zvl\u00e1dnou den i ve\u010der<\/strong>: Univerz\u00e1ln\u00ed obuv \u010di kabelka z kolekc\u00ed CCC se hod\u00ed do pr\u00e1ce, do m\u011bsta i na ve\u010dern\u00ed rande.<\/li>\n\n\n\n<li><strong>Minimalismus + styl<\/strong>: Jednoduch\u00e9 linie a decentn\u00ed detaily nechaj\u00ed vyniknout v\u00e1\u0161 osobn\u00ed styl bez p\u0159et\u00ed\u017een\u00fdch kombinac\u00ed.<\/li>\n<\/ul>\n\n\n\n<p><\/p>\n\n\n\n<div class=\"wp-block-columns is-layout-flex wp-container-core-columns-is-layout-9d6595d7 wp-block-columns-is-layout-flex\">\n<div class=\"wp-block-column is-layout-flow wp-block-column-is-layout-flow\">\n<figure class=\"wp-block-image size-large\"><a href=\"https:\/\/ccc.eu\/cz\/cs\/p\/kabelka-gino-rossi-ceo-sade-lx10152-cerna-5906751290460\"><img loading=\"lazy\" decoding=\"async\" width=\"768\" height=\"1024\" src=\"https:\/\/blog.ccc.eu\/cz\/wp-content\/uploads\/2025\/12\/CCC-Elle11837-768x1024.jpg\" alt=\"zimni kolekce\" class=\"wp-image-8285\" srcset=\"https:\/\/blog.ccc.eu\/cz\/wp-content\/uploads\/2025\/12\/CCC-Elle11837-768x1024.jpg 768w, https:\/\/blog.ccc.eu\/cz\/wp-content\/uploads\/2025\/12\/CCC-Elle11837-225x300.jpg 225w, https:\/\/blog.ccc.eu\/cz\/wp-content\/uploads\/2025\/12\/CCC-Elle11837-1152x1536.jpg 1152w, https:\/\/blog.ccc.eu\/cz\/wp-content\/uploads\/2025\/12\/CCC-Elle11837-1536x2048.jpg 1536w, https:\/\/blog.ccc.eu\/cz\/wp-content\/uploads\/2025\/12\/CCC-Elle11837-100x133.jpg 100w, https:\/\/blog.ccc.eu\/cz\/wp-content\/uploads\/2025\/12\/CCC-Elle11837-scaled.jpg 1920w\" sizes=\"auto, (max-width: 768px) 100vw, 768px\" \/><\/a><\/figure>\n<\/div>\n\n\n\n<div class=\"wp-block-column is-layout-flow wp-block-column-is-layout-flow\">\n<figure class=\"wp-block-image size-large\"><a href=\"https:\/\/ccc.eu\/cz\/cs\/p\/mokasiny-badura-eo-azalea-8126-25-tmave-hneda-5906751388310\"><img loading=\"lazy\" decoding=\"async\" width=\"768\" height=\"1024\" src=\"https:\/\/blog.ccc.eu\/cz\/wp-content\/uploads\/2025\/12\/CCC-Elle11746-768x1024.jpg\" alt=\"\" class=\"wp-image-8283\" srcset=\"https:\/\/blog.ccc.eu\/cz\/wp-content\/uploads\/2025\/12\/CCC-Elle11746-768x1024.jpg 768w, https:\/\/blog.ccc.eu\/cz\/wp-content\/uploads\/2025\/12\/CCC-Elle11746-225x300.jpg 225w, https:\/\/blog.ccc.eu\/cz\/wp-content\/uploads\/2025\/12\/CCC-Elle11746-1152x1536.jpg 1152w, https:\/\/blog.ccc.eu\/cz\/wp-content\/uploads\/2025\/12\/CCC-Elle11746-1536x2048.jpg 1536w, https:\/\/blog.ccc.eu\/cz\/wp-content\/uploads\/2025\/12\/CCC-Elle11746-100x133.jpg 100w, https:\/\/blog.ccc.eu\/cz\/wp-content\/uploads\/2025\/12\/CCC-Elle11746-scaled.jpg 1920w\" sizes=\"auto, (max-width: 768px) 100vw, 768px\" \/><\/a><\/figure>\n<\/div>\n<\/div>\n\n\n\n<p><strong>Zimn\u00ed nab\u00eddka CCC<\/strong> dokazuje, \u017ee m\u00f3dn\u00ed dopl\u0148ky nemus\u00ed b\u00fdt pouze sezonn\u00ed z\u00e1le\u017eitost\u00ed. S d\u016frazem na kvalitu, nad\u010dasov\u00fd design a univerz\u00e1lnost mohou b\u00fdt va\u0161\u00edm ka\u017edodenn\u00edm m\u00f3dn\u00edm investi\u010dn\u00edm kouskem. D\u00edky propojen\u00ed zna\u010dek <a href=\"https:\/\/ccc.eu\/cz\/cs\/c\/novinky\/damske\/kolekce-podzim-zima\/znacka:badura-gino_rossi-lasocki\"><strong>Gino Rossi<\/strong><\/a>, <a href=\"https:\/\/ccc.eu\/cz\/cs\/c\/novinky\/damske\/kolekce-podzim-zima\/znacka:badura\"><strong>Badura<\/strong> <\/a>a <a href=\"https:\/\/ccc.eu\/cz\/cs\/c\/novinky\/damske\/kolekce-podzim-zima\/znacka:lasocki?pageSize=100\"><strong>Lasocki<\/strong> <\/a>s viz\u00ed Zuzany Nov\u00e1kov\u00e9 Str\u00e1sk\u00e9 z\u00edsk\u00e1te styl, kter\u00fd v\u00e1s podr\u017e\u00ed ve m\u011bst\u011b, v pr\u00e1ci i p\u0159i voln\u00e9m \u010dase.<\/p>\n\n\n\n<p>Objevte zimn\u00ed kolekci CCC a nechte sv\u016fj styl zaz\u00e1\u0159it s dopl\u0148ky, kter\u00e9 prost\u011b funguj\u00ed.<\/p>\n\n\n\n<p><\/p>\n\n\n\n<div class=\"wp-block-buttons is-content-justification-center is-layout-flex wp-container-core-buttons-is-layout-16018d1d wp-block-buttons-is-layout-flex\">\n<div class=\"wp-block-button is-style-fill\"><a class=\"wp-block-button__link has-custom-font-size wp-element-button\" href=\"https:\/\/ccc.eu\/cz\/cs\/c\/novinky\/damske\/kolekce-podzim-zima\/znacka:badura-gino_rossi-lasocki\" style=\"border-radius:0px;font-size:15px\">Objevte zimn\u00ed kolekci CCC<\/a><\/div>\n<\/div>\n\n\n\n<p><\/p>\n\n\n\n<p>Editorial i tento blogov\u00fd \u010dl\u00e1nek vznikly ve spolupr\u00e1ci s redakc\u00ed ELLE, kter\u00e9 d\u011bkujeme za inspirativn\u00ed m\u00f3dn\u00ed materi\u00e1l se Zuzanou N. Str\u00e1skou, jen\u017e n\u00e1m poslou\u017eil jako zdroj podn\u011bt\u016f k p\u0159edstaven\u00ed aktu\u00e1ln\u00edch kolekc\u00ed CCC.<\/p>\n\n\n\n<p>Fotograf: Ivan Ka\u0161\u0161a; styling: Zuzana Nov\u00e1kov\u00e1 Str\u00e1sk\u00e1; make-up: Jana Lhotov\u00e1; produkce: Kristina Hon\u010darivov\u00e1, Lucie Heincov\u00e1.<\/p>\n","protected":false},"excerpt":{"rendered":"<p>Zimn\u00ed m\u011bs\u00edce maj\u00ed jedine\u010dnou atmosf\u00e9ru \u2013 kombinuj\u00ed klid, eleganci a jemnou sofistikovanost, kter\u00e1 se odr\u00e1\u017e\u00ed i v na\u0161em \u0161atn\u00edku. Je to obdob\u00ed, kdy vyhled\u00e1v\u00e1me kvalitn\u00ed materi\u00e1ly, promy\u0161len\u00e9 detaily a dopl\u0148ky, kter\u00e9 n\u00e1s nejen zah\u0159ej\u00ed, ale z\u00e1rove\u0148 podpo\u0159\u00ed n\u00e1\u0161 osobn\u00ed styl. Pr\u00e1v\u011b tuto filozofii dokonale vystihuje nov\u00e1 podzimn\u00ed\/zimn\u00ed kolekce CCC, kter\u00e1 spojuje nad\u010dasov\u00fd design, pohodl\u00ed a [&hellip;]<\/p>\n","protected":false},"author":25,"featured_media":8282,"comment_status":"open","ping_status":"open","sticky":false,"template":"","format":"standard","meta":{"_acf_changed":false,"footnotes":""},"categories":[4,894,6,1019],"tags":[594,737,9,544],"class_list":["post-8273","post","type-post","status-publish","format-standard","has-post-thumbnail","hentry","category-modni-tipy","category-podzim-","category-trendy","category-zima","tag-damske-boty","tag-podzim","tag-trendy","tag-zima"],"acf":[],"yoast_head":"<!-- This site is optimized with the Yoast SEO plugin v26.9 - https:\/\/yoast.com\/product\/yoast-seo-wordpress\/ -->\n<title>Zimn\u00ed elegance se Zuzanou N. Str\u00e1skou: Inspirace pro stylovou sez\u00f3nu s\u00a0CCC - blog.ccc.eu\/cz<\/title>\n<meta name=\"description\" content=\"Objevte zimn\u00ed kolekce CCC se Zuzanou N. Str\u00e1skou a nad\u010dasov\u00e9 dopl\u0148ky z kolekc\u00ed CCC, kter\u00e9 spojuj\u00ed eleganci, pohodl\u00ed a kvalitn\u00ed design. 2026\" \/>\n<meta name=\"robots\" content=\"index, follow, max-snippet:-1, max-image-preview:large, max-video-preview:-1\" \/>\n<link rel=\"canonical\" href=\"https:\/\/blog.ccc.eu\/cz\/zimni-kolekce-elegance-inspirace\/\" \/>\n<meta property=\"og:locale\" content=\"cs_CZ\" \/>\n<meta property=\"og:type\" content=\"article\" \/>\n<meta property=\"og:title\" content=\"Zimn\u00ed elegance se Zuzanou N. Str\u00e1skou: Inspirace pro stylovou sez\u00f3nu s\u00a0CCC - blog.ccc.eu\/cz\" \/>\n<meta property=\"og:description\" content=\"Objevte zimn\u00ed kolekce CCC se Zuzanou N. Str\u00e1skou a nad\u010dasov\u00e9 dopl\u0148ky z kolekc\u00ed CCC, kter\u00e9 spojuj\u00ed eleganci, pohodl\u00ed a kvalitn\u00ed design.\" \/>\n<meta property=\"og:url\" content=\"https:\/\/blog.ccc.eu\/cz\/zimni-kolekce-elegance-inspirace\/\" \/>\n<meta property=\"og:site_name\" content=\"blog.ccc.eu\/cz\" \/>\n<meta property=\"article:published_time\" content=\"2025-12-10T14:53:39+00:00\" \/>\n<meta property=\"article:modified_time\" content=\"2025-12-10T15:33:22+00:00\" \/>\n<meta property=\"og:image\" content=\"https:\/\/blog.ccc.eu\/cz\/wp-content\/uploads\/2025\/12\/CCC-Elle11867-1-scaled-e1765378203776.jpg\" \/>\n\t<meta property=\"og:image:width\" content=\"1920\" \/>\n\t<meta property=\"og:image:height\" content=\"1178\" \/>\n\t<meta property=\"og:image:type\" content=\"image\/jpeg\" \/>\n<meta name=\"author\" content=\"Petra Susilova\" \/>\n<meta name=\"twitter:card\" content=\"summary_large_image\" \/>\n<meta name=\"twitter:label1\" content=\"Napsal(a)\" \/>\n\t<meta name=\"twitter:data1\" content=\"Petra Susilova\" \/>\n\t<meta name=\"twitter:label2\" content=\"Odhadovan\u00e1 doba \u010dten\u00ed\" \/>\n\t<meta name=\"twitter:data2\" content=\"5 minut\" \/>\n<script type=\"application\/ld+json\" class=\"yoast-schema-graph\">{\"@context\":\"https:\/\/schema.org\",\"@graph\":[{\"@type\":\"Article\",\"@id\":\"https:\/\/blog.ccc.eu\/cz\/zimni-kolekce-elegance-inspirace\/#article\",\"isPartOf\":{\"@id\":\"https:\/\/blog.ccc.eu\/cz\/zimni-kolekce-elegance-inspirace\/\"},\"author\":{\"name\":\"Petra Susilova\",\"@id\":\"https:\/\/blog.ccc.eu\/cz\/#\/schema\/person\/74ddaf45957c4c3e85587a666ba20782\"},\"headline\":\"Zimn\u00ed elegance se Zuzanou N. Str\u00e1skou: Inspirace pro stylovou sez\u00f3nu s\u00a0CCC\",\"datePublished\":\"2025-12-10T14:53:39+00:00\",\"dateModified\":\"2025-12-10T15:33:22+00:00\",\"mainEntityOfPage\":{\"@id\":\"https:\/\/blog.ccc.eu\/cz\/zimni-kolekce-elegance-inspirace\/\"},\"wordCount\":736,\"commentCount\":0,\"publisher\":{\"@id\":\"https:\/\/blog.ccc.eu\/cz\/#organization\"},\"image\":{\"@id\":\"https:\/\/blog.ccc.eu\/cz\/zimni-kolekce-elegance-inspirace\/#primaryimage\"},\"thumbnailUrl\":\"https:\/\/blog.ccc.eu\/cz\/wp-content\/uploads\/2025\/12\/CCC-Elle11867-1-scaled-e1765378203776.jpg\",\"keywords\":[\"D\u00e1msk\u00e9 boty\",\"podzim\",\"trendy\",\"zima\"],\"articleSection\":[\"M\u00d3DN\u00cd TIPY\",\"PODZIM \ud83c\udf41\ud83c\udf42\",\"TRENDY\",\"ZIMA\"],\"inLanguage\":\"cs\",\"potentialAction\":[{\"@type\":\"CommentAction\",\"name\":\"Comment\",\"target\":[\"https:\/\/blog.ccc.eu\/cz\/zimni-kolekce-elegance-inspirace\/#respond\"]}]},{\"@type\":\"WebPage\",\"@id\":\"https:\/\/blog.ccc.eu\/cz\/zimni-kolekce-elegance-inspirace\/\",\"url\":\"https:\/\/blog.ccc.eu\/cz\/zimni-kolekce-elegance-inspirace\/\",\"name\":\"Zimn\u00ed elegance se Zuzanou N. Str\u00e1skou: Inspirace pro stylovou sez\u00f3nu s\u00a0CCC - blog.ccc.eu\/cz\",\"isPartOf\":{\"@id\":\"https:\/\/blog.ccc.eu\/cz\/#website\"},\"primaryImageOfPage\":{\"@id\":\"https:\/\/blog.ccc.eu\/cz\/zimni-kolekce-elegance-inspirace\/#primaryimage\"},\"image\":{\"@id\":\"https:\/\/blog.ccc.eu\/cz\/zimni-kolekce-elegance-inspirace\/#primaryimage\"},\"thumbnailUrl\":\"https:\/\/blog.ccc.eu\/cz\/wp-content\/uploads\/2025\/12\/CCC-Elle11867-1-scaled-e1765378203776.jpg\",\"datePublished\":\"2025-12-10T14:53:39+00:00\",\"dateModified\":\"2025-12-10T15:33:22+00:00\",\"description\":\"Objevte zimn\u00ed kolekce CCC se Zuzanou N. Str\u00e1skou a nad\u010dasov\u00e9 dopl\u0148ky z kolekc\u00ed CCC, kter\u00e9 spojuj\u00ed eleganci, pohodl\u00ed a kvalitn\u00ed design.\",\"breadcrumb\":{\"@id\":\"https:\/\/blog.ccc.eu\/cz\/zimni-kolekce-elegance-inspirace\/#breadcrumb\"},\"inLanguage\":\"cs\",\"potentialAction\":[{\"@type\":\"ReadAction\",\"target\":[\"https:\/\/blog.ccc.eu\/cz\/zimni-kolekce-elegance-inspirace\/\"]}]},{\"@type\":\"ImageObject\",\"inLanguage\":\"cs\",\"@id\":\"https:\/\/blog.ccc.eu\/cz\/zimni-kolekce-elegance-inspirace\/#primaryimage\",\"url\":\"https:\/\/blog.ccc.eu\/cz\/wp-content\/uploads\/2025\/12\/CCC-Elle11867-1-scaled-e1765378203776.jpg\",\"contentUrl\":\"https:\/\/blog.ccc.eu\/cz\/wp-content\/uploads\/2025\/12\/CCC-Elle11867-1-scaled-e1765378203776.jpg\",\"width\":1920,\"height\":1178,\"caption\":\"Zuzana Nov\u00e1kov\u00e1 Str\u00e1sk\u00e1\"},{\"@type\":\"BreadcrumbList\",\"@id\":\"https:\/\/blog.ccc.eu\/cz\/zimni-kolekce-elegance-inspirace\/#breadcrumb\",\"itemListElement\":[{\"@type\":\"ListItem\",\"position\":1,\"name\":\"Strona g\u0142\u00f3wna\",\"item\":\"https:\/\/blog.ccc.eu\/cz\/\"},{\"@type\":\"ListItem\",\"position\":2,\"name\":\"Zimn\u00ed elegance se Zuzanou N. Str\u00e1skou: Inspirace pro stylovou sez\u00f3nu s\u00a0CCC\"}]},{\"@type\":\"WebSite\",\"@id\":\"https:\/\/blog.ccc.eu\/cz\/#website\",\"url\":\"https:\/\/blog.ccc.eu\/cz\/\",\"name\":\"blog.ccc.eu\/cz\",\"description\":\"Va\u0161e m\u00edsto pln\u00e9 m\u00f3dn\u00edch inspirac\u00ed\",\"publisher\":{\"@id\":\"https:\/\/blog.ccc.eu\/cz\/#organization\"},\"potentialAction\":[{\"@type\":\"SearchAction\",\"target\":{\"@type\":\"EntryPoint\",\"urlTemplate\":\"https:\/\/blog.ccc.eu\/cz\/?s={search_term_string}\"},\"query-input\":{\"@type\":\"PropertyValueSpecification\",\"valueRequired\":true,\"valueName\":\"search_term_string\"}}],\"inLanguage\":\"cs\"},{\"@type\":\"Organization\",\"@id\":\"https:\/\/blog.ccc.eu\/cz\/#organization\",\"name\":\"CCC S.A.\",\"url\":\"https:\/\/blog.ccc.eu\/cz\/\",\"logo\":{\"@type\":\"ImageObject\",\"inLanguage\":\"cs\",\"@id\":\"https:\/\/blog.ccc.eu\/cz\/#\/schema\/logo\/image\/\",\"url\":\"https:\/\/blog.ccc.eu\/cz\/wp-content\/uploads\/2021\/11\/logo_ccc.png\",\"contentUrl\":\"https:\/\/blog.ccc.eu\/cz\/wp-content\/uploads\/2021\/11\/logo_ccc.png\",\"width\":730,\"height\":270,\"caption\":\"CCC S.A.\"},\"image\":{\"@id\":\"https:\/\/blog.ccc.eu\/cz\/#\/schema\/logo\/image\/\"}},{\"@type\":\"Person\",\"@id\":\"https:\/\/blog.ccc.eu\/cz\/#\/schema\/person\/74ddaf45957c4c3e85587a666ba20782\",\"name\":\"Petra Susilova\",\"image\":{\"@type\":\"ImageObject\",\"inLanguage\":\"cs\",\"@id\":\"https:\/\/blog.ccc.eu\/cz\/#\/schema\/person\/image\/\",\"url\":\"https:\/\/secure.gravatar.com\/avatar\/2eeba86289b6f51c358487152d296aa19002ba9c061f1bb2f0c5f86ed31e132f?s=96&r=g\",\"contentUrl\":\"https:\/\/secure.gravatar.com\/avatar\/2eeba86289b6f51c358487152d296aa19002ba9c061f1bb2f0c5f86ed31e132f?s=96&r=g\",\"caption\":\"Petra Susilova\"},\"url\":\"https:\/\/blog.ccc.eu\/cz\/author\/petra-susilova\/\"}]}<\/script>\n<!-- \/ Yoast SEO plugin. -->","yoast_head_json":{"title":"Zimn\u00ed elegance se Zuzanou N. Str\u00e1skou: Inspirace pro stylovou sez\u00f3nu s\u00a0CCC - blog.ccc.eu\/cz","description":"Objevte zimn\u00ed kolekce CCC se Zuzanou N. Str\u00e1skou a nad\u010dasov\u00e9 dopl\u0148ky z kolekc\u00ed CCC, kter\u00e9 spojuj\u00ed eleganci, pohodl\u00ed a kvalitn\u00ed design. 2026","robots":{"index":"index","follow":"follow","max-snippet":"max-snippet:-1","max-image-preview":"max-image-preview:large","max-video-preview":"max-video-preview:-1"},"canonical":"https:\/\/blog.ccc.eu\/cz\/zimni-kolekce-elegance-inspirace\/","og_locale":"cs_CZ","og_type":"article","og_title":"Zimn\u00ed elegance se Zuzanou N. Str\u00e1skou: Inspirace pro stylovou sez\u00f3nu s\u00a0CCC - blog.ccc.eu\/cz","og_description":"Objevte zimn\u00ed kolekce CCC se Zuzanou N. Str\u00e1skou a nad\u010dasov\u00e9 dopl\u0148ky z kolekc\u00ed CCC, kter\u00e9 spojuj\u00ed eleganci, pohodl\u00ed a kvalitn\u00ed design.","og_url":"https:\/\/blog.ccc.eu\/cz\/zimni-kolekce-elegance-inspirace\/","og_site_name":"blog.ccc.eu\/cz","article_published_time":"2025-12-10T14:53:39+00:00","article_modified_time":"2025-12-10T15:33:22+00:00","og_image":[{"width":1920,"height":1178,"url":"https:\/\/blog.ccc.eu\/cz\/wp-content\/uploads\/2025\/12\/CCC-Elle11867-1-scaled-e1765378203776.jpg","type":"image\/jpeg"}],"author":"Petra Susilova","twitter_card":"summary_large_image","twitter_misc":{"Napsal(a)":"Petra Susilova","Odhadovan\u00e1 doba \u010dten\u00ed":"5 minut"},"schema":{"@context":"https:\/\/schema.org","@graph":[{"@type":"Article","@id":"https:\/\/blog.ccc.eu\/cz\/zimni-kolekce-elegance-inspirace\/#article","isPartOf":{"@id":"https:\/\/blog.ccc.eu\/cz\/zimni-kolekce-elegance-inspirace\/"},"author":{"name":"Petra Susilova","@id":"https:\/\/blog.ccc.eu\/cz\/#\/schema\/person\/74ddaf45957c4c3e85587a666ba20782"},"headline":"Zimn\u00ed elegance se Zuzanou N. Str\u00e1skou: Inspirace pro stylovou sez\u00f3nu s\u00a0CCC","datePublished":"2025-12-10T14:53:39+00:00","dateModified":"2025-12-10T15:33:22+00:00","mainEntityOfPage":{"@id":"https:\/\/blog.ccc.eu\/cz\/zimni-kolekce-elegance-inspirace\/"},"wordCount":736,"commentCount":0,"publisher":{"@id":"https:\/\/blog.ccc.eu\/cz\/#organization"},"image":{"@id":"https:\/\/blog.ccc.eu\/cz\/zimni-kolekce-elegance-inspirace\/#primaryimage"},"thumbnailUrl":"https:\/\/blog.ccc.eu\/cz\/wp-content\/uploads\/2025\/12\/CCC-Elle11867-1-scaled-e1765378203776.jpg","keywords":["D\u00e1msk\u00e9 boty","podzim","trendy","zima"],"articleSection":["M\u00d3DN\u00cd TIPY","PODZIM \ud83c\udf41\ud83c\udf42","TRENDY","ZIMA"],"inLanguage":"cs","potentialAction":[{"@type":"CommentAction","name":"Comment","target":["https:\/\/blog.ccc.eu\/cz\/zimni-kolekce-elegance-inspirace\/#respond"]}]},{"@type":"WebPage","@id":"https:\/\/blog.ccc.eu\/cz\/zimni-kolekce-elegance-inspirace\/","url":"https:\/\/blog.ccc.eu\/cz\/zimni-kolekce-elegance-inspirace\/","name":"Zimn\u00ed elegance se Zuzanou N. Str\u00e1skou: Inspirace pro stylovou sez\u00f3nu s\u00a0CCC - blog.ccc.eu\/cz","isPartOf":{"@id":"https:\/\/blog.ccc.eu\/cz\/#website"},"primaryImageOfPage":{"@id":"https:\/\/blog.ccc.eu\/cz\/zimni-kolekce-elegance-inspirace\/#primaryimage"},"image":{"@id":"https:\/\/blog.ccc.eu\/cz\/zimni-kolekce-elegance-inspirace\/#primaryimage"},"thumbnailUrl":"https:\/\/blog.ccc.eu\/cz\/wp-content\/uploads\/2025\/12\/CCC-Elle11867-1-scaled-e1765378203776.jpg","datePublished":"2025-12-10T14:53:39+00:00","dateModified":"2025-12-10T15:33:22+00:00","description":"Objevte zimn\u00ed kolekce CCC se Zuzanou N. Str\u00e1skou a nad\u010dasov\u00e9 dopl\u0148ky z kolekc\u00ed CCC, kter\u00e9 spojuj\u00ed eleganci, pohodl\u00ed a kvalitn\u00ed design.","breadcrumb":{"@id":"https:\/\/blog.ccc.eu\/cz\/zimni-kolekce-elegance-inspirace\/#breadcrumb"},"inLanguage":"cs","potentialAction":[{"@type":"ReadAction","target":["https:\/\/blog.ccc.eu\/cz\/zimni-kolekce-elegance-inspirace\/"]}]},{"@type":"ImageObject","inLanguage":"cs","@id":"https:\/\/blog.ccc.eu\/cz\/zimni-kolekce-elegance-inspirace\/#primaryimage","url":"https:\/\/blog.ccc.eu\/cz\/wp-content\/uploads\/2025\/12\/CCC-Elle11867-1-scaled-e1765378203776.jpg","contentUrl":"https:\/\/blog.ccc.eu\/cz\/wp-content\/uploads\/2025\/12\/CCC-Elle11867-1-scaled-e1765378203776.jpg","width":1920,"height":1178,"caption":"Zuzana Nov\u00e1kov\u00e1 Str\u00e1sk\u00e1"},{"@type":"BreadcrumbList","@id":"https:\/\/blog.ccc.eu\/cz\/zimni-kolekce-elegance-inspirace\/#breadcrumb","itemListElement":[{"@type":"ListItem","position":1,"name":"Strona g\u0142\u00f3wna","item":"https:\/\/blog.ccc.eu\/cz\/"},{"@type":"ListItem","position":2,"name":"Zimn\u00ed elegance se Zuzanou N. Str\u00e1skou: Inspirace pro stylovou sez\u00f3nu s\u00a0CCC"}]},{"@type":"WebSite","@id":"https:\/\/blog.ccc.eu\/cz\/#website","url":"https:\/\/blog.ccc.eu\/cz\/","name":"blog.ccc.eu\/cz","description":"Va\u0161e m\u00edsto pln\u00e9 m\u00f3dn\u00edch inspirac\u00ed","publisher":{"@id":"https:\/\/blog.ccc.eu\/cz\/#organization"},"potentialAction":[{"@type":"SearchAction","target":{"@type":"EntryPoint","urlTemplate":"https:\/\/blog.ccc.eu\/cz\/?s={search_term_string}"},"query-input":{"@type":"PropertyValueSpecification","valueRequired":true,"valueName":"search_term_string"}}],"inLanguage":"cs"},{"@type":"Organization","@id":"https:\/\/blog.ccc.eu\/cz\/#organization","name":"CCC S.A.","url":"https:\/\/blog.ccc.eu\/cz\/","logo":{"@type":"ImageObject","inLanguage":"cs","@id":"https:\/\/blog.ccc.eu\/cz\/#\/schema\/logo\/image\/","url":"https:\/\/blog.ccc.eu\/cz\/wp-content\/uploads\/2021\/11\/logo_ccc.png","contentUrl":"https:\/\/blog.ccc.eu\/cz\/wp-content\/uploads\/2021\/11\/logo_ccc.png","width":730,"height":270,"caption":"CCC S.A."},"image":{"@id":"https:\/\/blog.ccc.eu\/cz\/#\/schema\/logo\/image\/"}},{"@type":"Person","@id":"https:\/\/blog.ccc.eu\/cz\/#\/schema\/person\/74ddaf45957c4c3e85587a666ba20782","name":"Petra Susilova","image":{"@type":"ImageObject","inLanguage":"cs","@id":"https:\/\/blog.ccc.eu\/cz\/#\/schema\/person\/image\/","url":"https:\/\/secure.gravatar.com\/avatar\/2eeba86289b6f51c358487152d296aa19002ba9c061f1bb2f0c5f86ed31e132f?s=96&r=g","contentUrl":"https:\/\/secure.gravatar.com\/avatar\/2eeba86289b6f51c358487152d296aa19002ba9c061f1bb2f0c5f86ed31e132f?s=96&r=g","caption":"Petra Susilova"},"url":"https:\/\/blog.ccc.eu\/cz\/author\/petra-susilova\/"}]}},"_links":{"self":[{"href":"https:\/\/blog.ccc.eu\/cz\/wp-json\/wp\/v2\/posts\/8273","targetHints":{"allow":["GET"]}}],"collection":[{"href":"https:\/\/blog.ccc.eu\/cz\/wp-json\/wp\/v2\/posts"}],"about":[{"href":"https:\/\/blog.ccc.eu\/cz\/wp-json\/wp\/v2\/types\/post"}],"author":[{"embeddable":true,"href":"https:\/\/blog.ccc.eu\/cz\/wp-json\/wp\/v2\/users\/25"}],"replies":[{"embeddable":true,"href":"https:\/\/blog.ccc.eu\/cz\/wp-json\/wp\/v2\/comments?post=8273"}],"version-history":[{"count":8,"href":"https:\/\/blog.ccc.eu\/cz\/wp-json\/wp\/v2\/posts\/8273\/revisions"}],"predecessor-version":[{"id":8296,"href":"https:\/\/blog.ccc.eu\/cz\/wp-json\/wp\/v2\/posts\/8273\/revisions\/8296"}],"wp:featuredmedia":[{"embeddable":true,"href":"https:\/\/blog.ccc.eu\/cz\/wp-json\/wp\/v2\/media\/8282"}],"wp:attachment":[{"href":"https:\/\/blog.ccc.eu\/cz\/wp-json\/wp\/v2\/media?parent=8273"}],"wp:term":[{"taxonomy":"category","embeddable":true,"href":"https:\/\/blog.ccc.eu\/cz\/wp-json\/wp\/v2\/categories?post=8273"},{"taxonomy":"post_tag","embeddable":true,"href":"https:\/\/blog.ccc.eu\/cz\/wp-json\/wp\/v2\/tags?post=8273"}],"curies":[{"name":"wp","href":"https:\/\/api.w.org\/{rel}","templated":true}]}}