{"id":8395,"date":"2026-03-05T23:44:54","date_gmt":"2026-03-05T22:44:54","guid":{"rendered":"https:\/\/blog.ccc.eu\/cz\/?p=8395"},"modified":"2026-03-05T23:46:04","modified_gmt":"2026-03-05T22:46:04","slug":"mezinarodni-den-zen-historie-mody-obuv","status":"publish","type":"post","link":"https:\/\/blog.ccc.eu\/cz\/mezinarodni-den-zen-historie-mody-obuv\/","title":{"rendered":"MD\u017d: Sv\u00e1tek spojen\u00fd p\u0159edev\u0161\u00edm s emancipac\u00ed. Obuv v\u0161ak v historii hraje p\u0159ekvapiv\u011b d\u016fle\u017eitou roli."},"content":{"rendered":"\n<p><em>Mezin\u00e1rodn\u00ed den \u017een (MD\u017d) je sv\u00e1tkem oslavuj\u00edc\u00edm \u017eenskost, s\u00edlu a spole\u010densk\u00e9 postaven\u00ed \u017een. P\u0159esto\u017ee je spojov\u00e1n p\u0159edev\u0161\u00edm s pr\u00e1vy a emancipac\u00ed, m\u00f3da \u2013 a zejm\u00e9na obuv \u2013 sehr\u00e1la v d\u011bjin\u00e1ch \u017een p\u0159ekvapiv\u011b v\u00fdznamnou roli. Obuv toti\u017e od nepam\u011bti symbolizovala status i sebev\u011bdom\u00ed. Z\u00e1rove\u0148 posilovala mo\u017enost \u017een vyu\u017e\u00edt jejich \u201e\u017eensk\u00e9 zbran\u011b\u201c.<\/em><\/p>\n\n\n\n<h2 class=\"wp-block-heading\"><strong>Historie MD\u017d: od protestu k oslav\u011b \u017eenskosti<\/strong><\/h2>\n\n\n\n<p>m\u00e1 tento sv\u00e1tek sv\u00e9 po\u010d\u00e1tky, kde a pro\u010d vznikl a pro\u010d ho slav\u00edme i dnes? Mo\u017en\u00e1 pr\u00e1v\u011b v sou\u010dasnosti, kdy se ve\u0159ejn\u011b mluv\u00ed o postaven\u00ed \u017een v n\u011bkter\u00fdch zem\u00edch, je je\u0161t\u011b d\u016fle\u017eit\u011bj\u0161\u00ed uv\u011bdomit si, jak v\u00fdznamn\u00e9 je, \u017ee pro n\u00e1s na\u0161e p\u0159edkyn\u011b tento sv\u00e1tek \u2013 a p\u0159edev\u0161\u00edm jeho poselstv\u00ed \u2013 vybojovaly.<\/p>\n\n\n\n<p>Pod\u00edvejme se na to alespo\u0148 stru\u010dn\u011b. Mezin\u00e1rodn\u00ed den \u017een vznikl na za\u010d\u00e1tku 20. stolet\u00ed z d\u011blnick\u00fdch a feministick\u00fdch hnut\u00ed v Evrop\u011b a USA. Prvn\u00ed demonstrace \u017een za lep\u0161\u00ed pracovn\u00ed podm\u00ednky a volebn\u00ed pr\u00e1vo se konaly kolem roku 1908 v New Yorku. V roce 1910 navrhla n\u011bmeck\u00e1 aktivistka Clara Zetkin zaveden\u00ed Mezin\u00e1rodn\u00edho dne \u017een a od roku 1911 se tento sv\u00e1tek postupn\u011b roz\u0161\u00ed\u0159il do sv\u011bta.<\/p>\n\n\n\n<figure class=\"wp-block-gallery has-nested-images columns-default is-cropped wp-block-gallery-1 is-layout-flex wp-block-gallery-is-layout-flex\">\n<figure class=\"wp-block-image size-large\"><img loading=\"lazy\" decoding=\"async\" width=\"683\" height=\"1024\" data-id=\"8397\" src=\"https:\/\/blog.ccc.eu\/cz\/wp-content\/uploads\/2026\/03\/CCC_5906751542194_01_M-1-683x1024.jpg\" alt=\"\" class=\"wp-image-8397\"\/><\/figure>\n\n\n\n<figure class=\"wp-block-image size-large\"><img loading=\"lazy\" decoding=\"async\" width=\"683\" height=\"1024\" data-id=\"8398\" src=\"https:\/\/blog.ccc.eu\/cz\/wp-content\/uploads\/2026\/03\/CCC_5906751542248_02-683x1024.jpg\" alt=\"\" class=\"wp-image-8398\" srcset=\"https:\/\/blog.ccc.eu\/cz\/wp-content\/uploads\/2026\/03\/CCC_5906751542248_02-683x1024.jpg 683w, https:\/\/blog.ccc.eu\/cz\/wp-content\/uploads\/2026\/03\/CCC_5906751542248_02-200x300.jpg 200w, https:\/\/blog.ccc.eu\/cz\/wp-content\/uploads\/2026\/03\/CCC_5906751542248_02-768x1152.jpg 768w, https:\/\/blog.ccc.eu\/cz\/wp-content\/uploads\/2026\/03\/CCC_5906751542248_02-100x150.jpg 100w, https:\/\/blog.ccc.eu\/cz\/wp-content\/uploads\/2026\/03\/CCC_5906751542248_02.jpg 876w\" sizes=\"auto, (max-width: 683px) 100vw, 683px\" \/><\/figure>\n<\/figure>\n\n\n\n<p><\/p>\n\n\n\n<h2 class=\"wp-block-heading\"><strong>M\u00f3da a boty jako n\u00e1stroj emancipace<\/strong><\/h2>\n\n\n\n<p>Zaj\u00edmav\u00e9 je, \u017ee u\u017e v t\u011bchto obdob\u00edch se \u017eeny prezentovaly tak\u00e9 prost\u0159ednictv\u00edm m\u00f3dy \u2013 v\u010detn\u011b obuvi. Od\u011bv a obuv byly n\u00e1strojem viditelnosti, identity a spole\u010densk\u00e9ho postaven\u00ed, co\u017e p\u0159etrv\u00e1v\u00e1 dodnes. Nen\u00ed to n\u00e1hoda, je to zcela pochopiteln\u00e9.<\/p>\n\n\n\n<p>Zat\u00edmco v\u011bt\u0161ina mu\u017e\u016f se mohla v\u00edce \u010di m\u00e9n\u011b obl\u00e9kat i obouvat p\u0159edev\u0161\u00edm pohodln\u011b, \u017eensk\u00e1 m\u00f3da podl\u00e9hala p\u0159\u00edsn\u00fdm pravidl\u016fm. Nap\u0159\u00edklad zemanky ani na Slovensku se a\u017e p\u0159ibli\u017en\u011b do 50. let 19. stolet\u00ed nedok\u00e1zaly obl\u00e9knout samy. Pot\u0159ebovaly slu\u017eebn\u00e9, kter\u00e9 jim utahovaly korzety a sukn\u011b \u2013 samy by to jednodu\u0161e nezvl\u00e1dly, bylo to fyzicky nemo\u017en\u00e9.<\/p>\n\n\n\n<p>Nemluv\u011b o tom, kolik \u0161aty na\u0161ich p\u0159edky\u0148 v\u00e1\u017eily a jak je jejich obuv tla\u010dila \u010di jak nepohodln\u011b se jim v n\u00ed pohybovalo, tan\u010dilo nebo pracovalo.<\/p>\n\n\n\n<p>M\u00f3da a emancipace \u017een jdou ruku v ruce pr\u00e1v\u011b proto, \u017ee \u017eeny se musely \u2013 a cht\u011bly \u2013 emancipovat i v m\u00f3d\u011b. I v m\u00f3d\u011b si musely prosadit pohodl\u00ed a v\u016fbec mo\u017enost obl\u00e9kat si to, co je pro n\u011b p\u0159irozen\u00e9 \u2013 individu\u00e1ln\u011b, osobnostn\u011b, nebo v \u010dem se jim dob\u0159e pracuje (nap\u0159\u00edklad kalhoty).<\/p>\n\n\n<shortcode prop-load-num=\"12\" prop-display-num=\"1\" prop-sku=\"5906751871799\" prop-view=\"slider\"><\/shortcode>        <div\r\n            class=\"eob-pf-shortcode\"\r\n            id=\"eobpf69f22c80965b3\"\r\n        >\r\n            <shortcode prop-load-num=\"12\" prop-display-num=\"1\" prop-sku=\"5906751871799\" prop-view=\"slider\"><\/shortcode>        <\/div>\r\n\t\t<script>\r\n\t\t\tjQuery(document).ready(() => {\r\n\t\t\t    const root = document.getElementById('eobpf69f22c80965b3');\r\n                Vue.createApp({\r\n\t                components: {\r\n\t                    shortcode\r\n\t                }\r\n                }).mount(root);\r\n\t\t\t});\r\n\t\t<\/script>\r\n\t\t\r\n\t\t\n\n\n\n<p><\/p>\n\n\n\n<h2 class=\"wp-block-heading\"><strong>Obuv jako symbol postaven\u00ed<\/strong><\/h2>\n\n\n\n<p>Aby to v\u0161ak nebylo pouze politick\u00e9 \u010di spole\u010densk\u00e9, obuv dok\u00e1zala u\u017e v minulosti (a dok\u00e1\u017ee i dnes) n\u011bkdy a\u017e neuv\u011b\u0159iteln\u011b vyzdvihnout \u017eenskost sv\u00e9 nositelky. Dok\u00e1\u017ee vyj\u00e1d\u0159it jej\u00ed styl, vkus, ale \u010dasto i sv\u011bton\u00e1zor, kter\u00fd sd\u00edl\u00ed. Podle obuvi nav\u00edc \u010dasto dok\u00e1\u017eeme odhadnout \u017eivotn\u00ed styl, kter\u00fd je pro jej\u00ed nositelku typick\u00fd.<\/p>\n\n\n\n<p>Historicky m\u011bla obuv t\u0159i hlavn\u00ed v\u00fdznamy:<\/p>\n\n\n\n<ul class=\"wp-block-list\">\n<li>zv\u00fdrazn\u011bn\u00ed siluety a dr\u017een\u00ed t\u011bla<\/li>\n\n\n\n<li>signalizov\u00e1n\u00ed spole\u010densk\u00e9ho statusu<\/li>\n\n\n\n<li>estetickou symboliku<\/li>\n<\/ul>\n\n\n\n<p>V mnoha kultur\u00e1ch se obuv vyvinula z praktick\u00e9 ochrany chodidla na luxusn\u00ed a dekorativn\u00ed p\u0159edm\u011bt, jak jej zn\u00e1me dnes. Historick\u00e9 modely, jako platformy \u010di podpatky, byly p\u0159\u00edmo spojov\u00e1ny se \u017eenskou p\u0159ita\u017elivost\u00ed a spole\u010densk\u00fdm postaven\u00edm.<\/p>\n\n\n\n<p>U\u017e ve st\u0159edov\u011bku nosily \u017eeny vysokou <a href=\"https:\/\/ccc.eu\/cz\/cs\/search?searchText=boty%20na%20platform%C4%9B\">platformovou obuv<\/a>, kter\u00e1 mohla m\u011b\u0159it des\u00edtky centimetr\u016f. \u010c\u00edm vy\u0161\u0161\u00ed obuv, t\u00edm vy\u0161\u0161\u00ed bylo postaven\u00ed jej\u00ed nositelky. Zde m\u011bla obuv jasn\u00fd spole\u010densk\u00fd rozm\u011br a velmi viditeln\u011b nazna\u010dovala, kam lze nositelku za\u0159adit. V dob\u011b, kdy \u017eeny je\u0161t\u011b nebyly pova\u017eov\u00e1ny za pln\u011b \u201ehodnotn\u00e9\u201c, to m\u011blo velk\u00fd v\u00fdznam pro okol\u00ed, kter\u00e9 d\u00edky obuvi jasn\u011b v\u011bd\u011blo, jak\u00fd postoj a styl komunikace k dan\u00e9 d\u00e1m\u011b zaujmout, i kdy\u017e ji nap\u0159\u00edklad osobn\u011b neznalo. V 17. stolet\u00ed se podpatky staly symbolem aristokracie a luxusu. Pozd\u011bji se vyvinuly do elegantn\u011bj\u0161\u00edch tvar\u016f a ve 20. stolet\u00ed se staly z\u00e1kladem modern\u00ed \u017eenskosti.<\/p>\n\n\n<shortcode prop-load-num=\"12\" prop-display-num=\"3\" prop-sku=\"5906751557549, 5906751886458, 5906751727737\" prop-view=\"slider\"><\/shortcode>        <div\r\n            class=\"eob-pf-shortcode\"\r\n            id=\"eobpf69f22c80966bd\"\r\n        >\r\n            <shortcode prop-load-num=\"12\" prop-display-num=\"3\" prop-sku=\"5906751557549, 5906751886458, 5906751727737\" prop-view=\"slider\"><\/shortcode>        <\/div>\r\n\t\t<script>\r\n\t\t\tjQuery(document).ready(() => {\r\n\t\t\t    const root = document.getElementById('eobpf69f22c80966bd');\r\n                Vue.createApp({\r\n\t                components: {\r\n\t                    shortcode\r\n\t                }\r\n                }).mount(root);\r\n\t\t\t});\r\n\t\t<\/script>\r\n\t\t\r\n\t\t\n\n\n\n<p><\/p>\n\n\n\n<h2 class=\"wp-block-heading\"><strong>20. stolet\u00ed: Obuv jako symbol \u017eenskosti<\/strong><\/h2>\n\n\n\n<p>V\u00fdvoj \u017eensk\u00e9 obuvi ve 20. stolet\u00ed \u00fazce kop\u00edruje spole\u010densk\u00e9 zm\u011bny postaven\u00ed \u017een. Je to stolet\u00ed nejv\u011bt\u0161\u00edch zm\u011bn v postaven\u00ed \u017een, jejich nejv\u011bt\u0161\u00edch boj\u016f proti podce\u0148ov\u00e1n\u00ed a za rovnopr\u00e1vnost s mu\u017ei, a to jak v mo\u017enostech, tak nap\u0159\u00edklad v platov\u00fdch podm\u00ednk\u00e1ch.<\/p>\n\n\n\n<ul class=\"wp-block-list\">\n<li><strong>1920. l\u00e9ta \u2013 modern\u00ed \u00e9ra:<\/strong>\u00a0obuv se poprv\u00e9 stala viditeln\u00fdm m\u00f3dn\u00edm prvkem<\/li>\n\n\n\n<li><strong>1940. l\u00e9ta \u2013 v\u00e1lka:<\/strong>\u00a0kl\u00ednov\u00e9 podpatky pro pracuj\u00edc\u00ed \u017eeny<\/li>\n\n\n\n<li><strong>1950. l\u00e9ta \u2013 n\u00e1vrat glamouru:<\/strong>\u00a0vznik jehlov\u00fdch podpatk\u016f pro podporu \u017eenskosti a zv\u00fd\u0161en\u00ed sebev\u011bdom\u00ed<\/li>\n\n\n\n<li><strong>1960. l\u00e9ta \u2013 emancipace:<\/strong>\u00a0koza\u010dky a n\u00edzk\u00e9 podpatky<\/li>\n\n\n\n<li><strong>1970. l\u00e9ta \u2013 sebevyj\u00e1d\u0159en\u00ed:<\/strong>\u00a0platformy<\/li>\n\n\n\n<li><strong>1990. l\u00e9ta \u2013 individualita:<\/strong>\u00a0minimalistick\u00e9 sand\u00e1ly a design\u00e9rsk\u00e9 lodi\u010dky<\/li>\n<\/ul>\n\n\n\n<p>Vzestup <a href=\"https:\/\/ccc.eu\/cz\/cs\/search?searchText=boty%20na%20podpatku\">jehlov\u00fdch podpatk\u016f<\/a> v 50. letech znamenal zlom: obuv se stala ikonick\u00fdm symbolem \u017eenskosti, elegance a atraktivity. V pov\u00e1le\u010dn\u00e9 m\u00f3d\u011b se obuv velmi rychle za\u010dala rozv\u00edjet sm\u011brem k individu\u00e1ln\u00edmu stylu, k vyj\u00e1d\u0159en\u00ed vlastn\u00ed osobnosti a individuality, ale paradoxn\u011b i postaven\u00ed \u017eeny \u2013 podnikatelky, schopn\u00e9 a c\u00edlev\u011bdom\u00e9, kter\u00e1 \u010dasto u\u017e sv\u00fdm vzhledem, oby\u010dejn\u00fdm zjeven\u00edm, vyjad\u0159ovala svou s\u00edlu a postoj. Ne\u0161lo jen o sign\u00e1l pro mu\u017ee, ale i pro \u017eenu samu, kter\u00e1 si sv\u00fdm stylem posilovala postaven\u00ed, sebev\u011bdom\u00ed a vyza\u0159ov\u00e1n\u00ed.<\/p>\n\n\n\n<p>Dne\u0161n\u00ed obuv je ji\u017e velmi r\u016fznorod\u00e1 a umo\u017e\u0148uje vyj\u00e1d\u0159it skute\u010dn\u011b \u0161irokou \u0161k\u00e1lu pocit\u016f, postoj\u016f a individualit. Na druhou stranu ji dok\u00e1\u017eeme dokonale p\u0159izp\u016fsobit konkr\u00e9tn\u00ed ud\u00e1losti, a tak v jednom okam\u017eiku m\u016f\u017ee b\u00fdt z n\u00e1s dom\u00e1c\u00ed pohod\u00e1\u0159ka a v druh\u00e9m okam\u017eiku siln\u00e1, sebev\u011bdom\u00e1 \u017eena s jasn\u011b vyza\u0159uj\u00edc\u00edm postojem. Je to \u010dist\u011b na n\u00e1s.<\/p>\n\n\n<shortcode prop-load-num=\"12\" prop-display-num=\"4\" prop-sku=\"5906751582336, 5906751555880, 5906751734803, 5906751610473\" prop-view=\"slider\"><\/shortcode>        <div\r\n            class=\"eob-pf-shortcode\"\r\n            id=\"eobpf69f22c80966f5\"\r\n        >\r\n            <shortcode prop-load-num=\"12\" prop-display-num=\"4\" prop-sku=\"5906751582336, 5906751555880, 5906751734803, 5906751610473\" prop-view=\"slider\"><\/shortcode>        <\/div>\r\n\t\t<script>\r\n\t\t\tjQuery(document).ready(() => {\r\n\t\t\t    const root = document.getElementById('eobpf69f22c80966f5');\r\n                Vue.createApp({\r\n\t                components: {\r\n\t                    shortcode\r\n\t                }\r\n                }).mount(root);\r\n\t\t\t});\r\n\t\t<\/script>\r\n\t\t\r\n\t\t\n\n\n\n<p><\/p>\n\n\n\n<p>Mil\u00e9 d\u00e1my, pokud se p\u0159i obdarov\u00e1v\u00e1n\u00ed kv\u011btinami \u010di jin\u00fdmi d\u00e1rky na MD\u017d jen usm\u011bjete a pomysl\u00edte si, \u017ee je to zastaral\u00fd sv\u00e1tek, kter\u00fd dnes nem\u00e1 m\u00edsto \u2013 nen\u00ed tomu tak. Vn\u00edmejte MD\u017d jako projev \u00facty nejen k sob\u011b sam\u00e9, ale ke v\u0161em \u017een\u00e1m, kter\u00e9 n\u00e1m vy\u0161lapaly tento chodn\u00edk. \u017den\u00e1m, kter\u00e9 jako prvn\u00ed za\u010daly tvo\u0159it a obouvat obuv symbolizuj\u00edc\u00ed \u017eenskou s\u00edlu, jemnost a hodnotu.<\/p>\n\n\n\n<p>Dnes u\u017e pova\u017eujeme za samoz\u0159ejmost, \u017ee m\u016f\u017eeme d\u011blat, co chceme, obl\u00e9kat si, co chceme, a chodit kam chceme. P\u0159ed p\u00e1r lety to v\u0161ak samoz\u0159ejmost\u00ed nebylo pro na\u0161e prababi\u010dky a ani dnes to nen\u00ed samoz\u0159ejmost pro \u017eeny v r\u016fzn\u00fdch kultur\u00e1ch. MD\u017d je p\u0159\u00edle\u017eitost\u00ed spojit se v \u017eensk\u00e9 energii a poslat vd\u011bk na\u0161im p\u0159edkyn\u00edm do minulosti, ale tak\u00e9 pos\u00edlit \u017eeny v kultur\u00e1ch a spole\u010dnostech, kde tento boj teprve \u010dek\u00e1. Kde je \u010dek\u00e1 svoboda a mo\u017enost vyj\u00e1d\u0159it svou \u017eenskost a s\u00edlu \u2013 nap\u0159\u00edklad i obuv\u00ed.<\/p>\n\n\n\n<figure class=\"wp-block-gallery has-nested-images columns-default is-cropped wp-block-gallery-2 is-layout-flex wp-block-gallery-is-layout-flex\">\n<figure class=\"wp-block-image size-large\"><img loading=\"lazy\" decoding=\"async\" width=\"683\" height=\"1024\" data-id=\"8399\" src=\"https:\/\/blog.ccc.eu\/cz\/wp-content\/uploads\/2026\/03\/CCC_5904248138325_01-683x1024.jpg\" alt=\"\" class=\"wp-image-8399\" srcset=\"https:\/\/blog.ccc.eu\/cz\/wp-content\/uploads\/2026\/03\/CCC_5904248138325_01-683x1024.jpg 683w, https:\/\/blog.ccc.eu\/cz\/wp-content\/uploads\/2026\/03\/CCC_5904248138325_01-200x300.jpg 200w, https:\/\/blog.ccc.eu\/cz\/wp-content\/uploads\/2026\/03\/CCC_5904248138325_01-768x1152.jpg 768w, https:\/\/blog.ccc.eu\/cz\/wp-content\/uploads\/2026\/03\/CCC_5904248138325_01-100x150.jpg 100w, https:\/\/blog.ccc.eu\/cz\/wp-content\/uploads\/2026\/03\/CCC_5904248138325_01.jpg 876w\" sizes=\"auto, (max-width: 683px) 100vw, 683px\" \/><\/figure>\n\n\n<\/figure>\n\n\n\n<p><\/p>\n\n\n\n<p>P\u0159eji V\u00e1m kr\u00e1sn\u00fd Mezin\u00e1rodn\u00ed den \u017een, a pokud se nec\u00edt\u00edte dostate\u010dn\u011b siln\u011b, \u017eensky \u010di hodnotn\u011b, zami\u0159te nap\u0159\u00edklad do prodejen CCC a p\u0159esv\u011bd\u010dte se na vlastn\u00ed k\u016f\u017ei, jak V\u00e1m tento pocit m\u016f\u017ee p\u0159in\u00e9st i \u201eoby\u010dejn\u00e1 obuv\u201c. A pr\u00e1v\u011b o ni jsme v minulosti tak\u00e9 bojovaly.&nbsp;\u261d\ufe0f\ud83d\ude0a<\/p>\n\n\n\n<div class=\"wp-block-buttons is-content-justification-center is-layout-flex wp-container-core-buttons-is-layout-16018d1d wp-block-buttons-is-layout-flex\">\n<div class=\"wp-block-button is-style-fill\"><a class=\"wp-block-button__link has-custom-font-size wp-element-button\" href=\"https:\/\/ccc.eu\/cz\/cs\/c\/damske\/boty\/lodicky\/vysoke-podpatky\" style=\"border-radius:0px;font-size:15px\">Cel\u00e1 nab\u00eddka lodi\u010dek na vysok\u00e9m podpatku v CCC<\/a><\/div>\n<\/div>\n\n\n\n<p><\/p>\n","protected":false},"excerpt":{"rendered":"<p>Tento \u010dl\u00e1nek p\u0159ipom\u00edn\u00e1 Mezin\u00e1rodn\u00ed den \u017een jako symbol boje za emancipaci, kter\u00fd se p\u0159ekvapiv\u011b siln\u011b odr\u00e1\u017eel i v d\u011bjin\u00e1ch m\u00f3dy. Obuv v historii neslou\u017eila jen jako ochrana nohou, ale byla z\u00e1sadn\u00edm n\u00e1strojem pro vyj\u00e1d\u0159en\u00ed spole\u010densk\u00e9ho statusu, \u017eenskosti a postupn\u011b i z\u00edskan\u00e9 svobody. Od nepohodln\u00fdch korzet\u016f minulosti jsme se propracovali k dne\u0161n\u00ed rozmanitosti, kter\u00e1 \u017een\u00e1m umo\u017e\u0148uje skrze boty vyj\u00e1d\u0159it svou s\u00edlu i individualitu.<\/p>\n","protected":false},"author":24,"featured_media":8396,"comment_status":"open","ping_status":"open","sticky":false,"template":"","format":"standard","meta":{"_acf_changed":false,"footnotes":""},"categories":[1023],"tags":[944],"class_list":["post-8395","post","type-post","status-publish","format-standard","has-post-thumbnail","hentry","category-darecky","tag-mdz"],"acf":[],"yoast_head":"<!-- This site is optimized with the Yoast SEO plugin v26.9 - https:\/\/yoast.com\/product\/yoast-seo-wordpress\/ -->\n<title>Mezin\u00e1rodn\u00ed den \u017een: Jak boty symbolizuj\u00ed historii emancipace<\/title>\n<meta name=\"description\" content=\"Oslavte Mezin\u00e1rodn\u00ed den \u017een pohledem do historie. Zjist\u011bte, jak m\u00f3da a obuv pom\u00e1haly \u017een\u00e1m vybojovat si sv\u00e9 postaven\u00ed, sebev\u011bdom\u00ed a svobodu vyj\u00e1d\u0159en\u00ed. 2026\" \/>\n<meta name=\"robots\" content=\"index, follow, max-snippet:-1, max-image-preview:large, max-video-preview:-1\" \/>\n<link rel=\"canonical\" href=\"https:\/\/blog.ccc.eu\/cz\/mezinarodni-den-zen-historie-mody-obuv\/\" \/>\n<meta property=\"og:locale\" content=\"cs_CZ\" \/>\n<meta property=\"og:type\" content=\"article\" \/>\n<meta property=\"og:title\" content=\"Mezin\u00e1rodn\u00ed den \u017een: Jak boty symbolizuj\u00ed historii emancipace\" \/>\n<meta property=\"og:description\" content=\"Oslavte Mezin\u00e1rodn\u00ed den \u017een pohledem do historie. Zjist\u011bte, jak m\u00f3da a obuv pom\u00e1haly \u017een\u00e1m vybojovat si sv\u00e9 postaven\u00ed, sebev\u011bdom\u00ed a svobodu vyj\u00e1d\u0159en\u00ed.\" \/>\n<meta property=\"og:url\" content=\"https:\/\/blog.ccc.eu\/cz\/mezinarodni-den-zen-historie-mody-obuv\/\" \/>\n<meta property=\"og:site_name\" content=\"blog.ccc.eu\/cz\" \/>\n<meta property=\"article:published_time\" content=\"2026-03-05T22:44:54+00:00\" \/>\n<meta property=\"article:modified_time\" content=\"2026-03-05T22:46:04+00:00\" \/>\n<meta property=\"og:image\" content=\"https:\/\/blog.ccc.eu\/cz\/wp-content\/uploads\/2026\/03\/CCC_5906751542194_01_M.jpg\" \/>\n\t<meta property=\"og:image:width\" content=\"876\" \/>\n\t<meta property=\"og:image:height\" content=\"1314\" \/>\n\t<meta property=\"og:image:type\" content=\"image\/jpeg\" \/>\n<meta name=\"author\" content=\"Kaja\" \/>\n<meta name=\"twitter:card\" content=\"summary_large_image\" \/>\n<meta name=\"twitter:label1\" content=\"Napsal(a)\" \/>\n\t<meta name=\"twitter:data1\" content=\"Kaja\" \/>\n\t<meta name=\"twitter:label2\" content=\"Odhadovan\u00e1 doba \u010dten\u00ed\" \/>\n\t<meta name=\"twitter:data2\" content=\"7 minut\" \/>\n<script type=\"application\/ld+json\" class=\"yoast-schema-graph\">{\"@context\":\"https:\/\/schema.org\",\"@graph\":[{\"@type\":\"Article\",\"@id\":\"https:\/\/blog.ccc.eu\/cz\/mezinarodni-den-zen-historie-mody-obuv\/#article\",\"isPartOf\":{\"@id\":\"https:\/\/blog.ccc.eu\/cz\/mezinarodni-den-zen-historie-mody-obuv\/\"},\"author\":{\"name\":\"Kaja\",\"@id\":\"https:\/\/blog.ccc.eu\/cz\/#\/schema\/person\/f21bfa7ed9e08fb4b5b823707bdde059\"},\"headline\":\"MD\u017d: Sv\u00e1tek spojen\u00fd p\u0159edev\u0161\u00edm s emancipac\u00ed. Obuv v\u0161ak v historii hraje p\u0159ekvapiv\u011b d\u016fle\u017eitou roli.\",\"datePublished\":\"2026-03-05T22:44:54+00:00\",\"dateModified\":\"2026-03-05T22:46:04+00:00\",\"mainEntityOfPage\":{\"@id\":\"https:\/\/blog.ccc.eu\/cz\/mezinarodni-den-zen-historie-mody-obuv\/\"},\"wordCount\":1326,\"commentCount\":0,\"publisher\":{\"@id\":\"https:\/\/blog.ccc.eu\/cz\/#organization\"},\"image\":{\"@id\":\"https:\/\/blog.ccc.eu\/cz\/mezinarodni-den-zen-historie-mody-obuv\/#primaryimage\"},\"thumbnailUrl\":\"https:\/\/blog.ccc.eu\/cz\/wp-content\/uploads\/2026\/03\/CCC_5906751542194_01_M.jpg\",\"keywords\":[\"MD\u017d\"],\"articleSection\":[\"D\u00c1RE\u010cKY\"],\"inLanguage\":\"cs\",\"potentialAction\":[{\"@type\":\"CommentAction\",\"name\":\"Comment\",\"target\":[\"https:\/\/blog.ccc.eu\/cz\/mezinarodni-den-zen-historie-mody-obuv\/#respond\"]}]},{\"@type\":\"WebPage\",\"@id\":\"https:\/\/blog.ccc.eu\/cz\/mezinarodni-den-zen-historie-mody-obuv\/\",\"url\":\"https:\/\/blog.ccc.eu\/cz\/mezinarodni-den-zen-historie-mody-obuv\/\",\"name\":\"Mezin\u00e1rodn\u00ed den \u017een: Jak boty symbolizuj\u00ed historii emancipace\",\"isPartOf\":{\"@id\":\"https:\/\/blog.ccc.eu\/cz\/#website\"},\"primaryImageOfPage\":{\"@id\":\"https:\/\/blog.ccc.eu\/cz\/mezinarodni-den-zen-historie-mody-obuv\/#primaryimage\"},\"image\":{\"@id\":\"https:\/\/blog.ccc.eu\/cz\/mezinarodni-den-zen-historie-mody-obuv\/#primaryimage\"},\"thumbnailUrl\":\"https:\/\/blog.ccc.eu\/cz\/wp-content\/uploads\/2026\/03\/CCC_5906751542194_01_M.jpg\",\"datePublished\":\"2026-03-05T22:44:54+00:00\",\"dateModified\":\"2026-03-05T22:46:04+00:00\",\"description\":\"Oslavte Mezin\u00e1rodn\u00ed den \u017een pohledem do historie. Zjist\u011bte, jak m\u00f3da a obuv pom\u00e1haly \u017een\u00e1m vybojovat si sv\u00e9 postaven\u00ed, sebev\u011bdom\u00ed a svobodu vyj\u00e1d\u0159en\u00ed.\",\"breadcrumb\":{\"@id\":\"https:\/\/blog.ccc.eu\/cz\/mezinarodni-den-zen-historie-mody-obuv\/#breadcrumb\"},\"inLanguage\":\"cs\",\"potentialAction\":[{\"@type\":\"ReadAction\",\"target\":[\"https:\/\/blog.ccc.eu\/cz\/mezinarodni-den-zen-historie-mody-obuv\/\"]}]},{\"@type\":\"ImageObject\",\"inLanguage\":\"cs\",\"@id\":\"https:\/\/blog.ccc.eu\/cz\/mezinarodni-den-zen-historie-mody-obuv\/#primaryimage\",\"url\":\"https:\/\/blog.ccc.eu\/cz\/wp-content\/uploads\/2026\/03\/CCC_5906751542194_01_M.jpg\",\"contentUrl\":\"https:\/\/blog.ccc.eu\/cz\/wp-content\/uploads\/2026\/03\/CCC_5906751542194_01_M.jpg\",\"width\":876,\"height\":1314,\"caption\":\"Mezin\u00e1rodn\u00ed den \u017een\"},{\"@type\":\"BreadcrumbList\",\"@id\":\"https:\/\/blog.ccc.eu\/cz\/mezinarodni-den-zen-historie-mody-obuv\/#breadcrumb\",\"itemListElement\":[{\"@type\":\"ListItem\",\"position\":1,\"name\":\"Strona g\u0142\u00f3wna\",\"item\":\"https:\/\/blog.ccc.eu\/cz\/\"},{\"@type\":\"ListItem\",\"position\":2,\"name\":\"MD\u017d: Sv\u00e1tek spojen\u00fd p\u0159edev\u0161\u00edm s emancipac\u00ed. Obuv v\u0161ak v historii hraje p\u0159ekvapiv\u011b d\u016fle\u017eitou roli.\"}]},{\"@type\":\"WebSite\",\"@id\":\"https:\/\/blog.ccc.eu\/cz\/#website\",\"url\":\"https:\/\/blog.ccc.eu\/cz\/\",\"name\":\"blog.ccc.eu\/cz\",\"description\":\"Va\u0161e m\u00edsto pln\u00e9 m\u00f3dn\u00edch inspirac\u00ed\",\"publisher\":{\"@id\":\"https:\/\/blog.ccc.eu\/cz\/#organization\"},\"potentialAction\":[{\"@type\":\"SearchAction\",\"target\":{\"@type\":\"EntryPoint\",\"urlTemplate\":\"https:\/\/blog.ccc.eu\/cz\/?s={search_term_string}\"},\"query-input\":{\"@type\":\"PropertyValueSpecification\",\"valueRequired\":true,\"valueName\":\"search_term_string\"}}],\"inLanguage\":\"cs\"},{\"@type\":\"Organization\",\"@id\":\"https:\/\/blog.ccc.eu\/cz\/#organization\",\"name\":\"CCC S.A.\",\"url\":\"https:\/\/blog.ccc.eu\/cz\/\",\"logo\":{\"@type\":\"ImageObject\",\"inLanguage\":\"cs\",\"@id\":\"https:\/\/blog.ccc.eu\/cz\/#\/schema\/logo\/image\/\",\"url\":\"https:\/\/blog.ccc.eu\/cz\/wp-content\/uploads\/2021\/11\/logo_ccc.png\",\"contentUrl\":\"https:\/\/blog.ccc.eu\/cz\/wp-content\/uploads\/2021\/11\/logo_ccc.png\",\"width\":730,\"height\":270,\"caption\":\"CCC S.A.\"},\"image\":{\"@id\":\"https:\/\/blog.ccc.eu\/cz\/#\/schema\/logo\/image\/\"}},{\"@type\":\"Person\",\"@id\":\"https:\/\/blog.ccc.eu\/cz\/#\/schema\/person\/f21bfa7ed9e08fb4b5b823707bdde059\",\"name\":\"Kaja\",\"image\":{\"@type\":\"ImageObject\",\"inLanguage\":\"cs\",\"@id\":\"https:\/\/blog.ccc.eu\/cz\/#\/schema\/person\/image\/\",\"url\":\"https:\/\/blog.ccc.eu\/cz\/wp-content\/uploads\/2024\/06\/white-1-300x300-1-100x100.jpg\",\"contentUrl\":\"https:\/\/blog.ccc.eu\/cz\/wp-content\/uploads\/2024\/06\/white-1-300x300-1-100x100.jpg\",\"caption\":\"Kaja\"},\"description\":\"U\u017e od pubert\u00e1ln\u00edch let se v\u011bnuje pr\u00e1ci v m\u00e9di\u00edch a psan\u00ed. Z kon\u00ed\u010dka se stalo \u017eivobyt\u00ed, kter\u00e9 j\u00ed z\u00e1rove\u0148 poskytlo dostatek svobody k tomu, aby mohla pom\u011brn\u011b hodn\u011b cestovat a pozn\u00e1vat sv\u011bt a r\u016fzn\u00e9 kultury. Energii j\u00ed dod\u00e1v\u00e1 \u010dten\u00ed knih, voda a hudba.\",\"url\":\"https:\/\/blog.ccc.eu\/cz\/author\/perlamakovienka-sk\/\"}]}<\/script>\n<!-- \/ Yoast SEO plugin. -->","yoast_head_json":{"title":"Mezin\u00e1rodn\u00ed den \u017een: Jak boty symbolizuj\u00ed historii emancipace","description":"Oslavte Mezin\u00e1rodn\u00ed den \u017een pohledem do historie. Zjist\u011bte, jak m\u00f3da a obuv pom\u00e1haly \u017een\u00e1m vybojovat si sv\u00e9 postaven\u00ed, sebev\u011bdom\u00ed a svobodu vyj\u00e1d\u0159en\u00ed. 2026","robots":{"index":"index","follow":"follow","max-snippet":"max-snippet:-1","max-image-preview":"max-image-preview:large","max-video-preview":"max-video-preview:-1"},"canonical":"https:\/\/blog.ccc.eu\/cz\/mezinarodni-den-zen-historie-mody-obuv\/","og_locale":"cs_CZ","og_type":"article","og_title":"Mezin\u00e1rodn\u00ed den \u017een: Jak boty symbolizuj\u00ed historii emancipace","og_description":"Oslavte Mezin\u00e1rodn\u00ed den \u017een pohledem do historie. Zjist\u011bte, jak m\u00f3da a obuv pom\u00e1haly \u017een\u00e1m vybojovat si sv\u00e9 postaven\u00ed, sebev\u011bdom\u00ed a svobodu vyj\u00e1d\u0159en\u00ed.","og_url":"https:\/\/blog.ccc.eu\/cz\/mezinarodni-den-zen-historie-mody-obuv\/","og_site_name":"blog.ccc.eu\/cz","article_published_time":"2026-03-05T22:44:54+00:00","article_modified_time":"2026-03-05T22:46:04+00:00","og_image":[{"width":876,"height":1314,"url":"https:\/\/blog.ccc.eu\/cz\/wp-content\/uploads\/2026\/03\/CCC_5906751542194_01_M.jpg","type":"image\/jpeg"}],"author":"Kaja","twitter_card":"summary_large_image","twitter_misc":{"Napsal(a)":"Kaja","Odhadovan\u00e1 doba \u010dten\u00ed":"7 minut"},"schema":{"@context":"https:\/\/schema.org","@graph":[{"@type":"Article","@id":"https:\/\/blog.ccc.eu\/cz\/mezinarodni-den-zen-historie-mody-obuv\/#article","isPartOf":{"@id":"https:\/\/blog.ccc.eu\/cz\/mezinarodni-den-zen-historie-mody-obuv\/"},"author":{"name":"Kaja","@id":"https:\/\/blog.ccc.eu\/cz\/#\/schema\/person\/f21bfa7ed9e08fb4b5b823707bdde059"},"headline":"MD\u017d: Sv\u00e1tek spojen\u00fd p\u0159edev\u0161\u00edm s emancipac\u00ed. Obuv v\u0161ak v historii hraje p\u0159ekvapiv\u011b d\u016fle\u017eitou roli.","datePublished":"2026-03-05T22:44:54+00:00","dateModified":"2026-03-05T22:46:04+00:00","mainEntityOfPage":{"@id":"https:\/\/blog.ccc.eu\/cz\/mezinarodni-den-zen-historie-mody-obuv\/"},"wordCount":1326,"commentCount":0,"publisher":{"@id":"https:\/\/blog.ccc.eu\/cz\/#organization"},"image":{"@id":"https:\/\/blog.ccc.eu\/cz\/mezinarodni-den-zen-historie-mody-obuv\/#primaryimage"},"thumbnailUrl":"https:\/\/blog.ccc.eu\/cz\/wp-content\/uploads\/2026\/03\/CCC_5906751542194_01_M.jpg","keywords":["MD\u017d"],"articleSection":["D\u00c1RE\u010cKY"],"inLanguage":"cs","potentialAction":[{"@type":"CommentAction","name":"Comment","target":["https:\/\/blog.ccc.eu\/cz\/mezinarodni-den-zen-historie-mody-obuv\/#respond"]}]},{"@type":"WebPage","@id":"https:\/\/blog.ccc.eu\/cz\/mezinarodni-den-zen-historie-mody-obuv\/","url":"https:\/\/blog.ccc.eu\/cz\/mezinarodni-den-zen-historie-mody-obuv\/","name":"Mezin\u00e1rodn\u00ed den \u017een: Jak boty symbolizuj\u00ed historii emancipace","isPartOf":{"@id":"https:\/\/blog.ccc.eu\/cz\/#website"},"primaryImageOfPage":{"@id":"https:\/\/blog.ccc.eu\/cz\/mezinarodni-den-zen-historie-mody-obuv\/#primaryimage"},"image":{"@id":"https:\/\/blog.ccc.eu\/cz\/mezinarodni-den-zen-historie-mody-obuv\/#primaryimage"},"thumbnailUrl":"https:\/\/blog.ccc.eu\/cz\/wp-content\/uploads\/2026\/03\/CCC_5906751542194_01_M.jpg","datePublished":"2026-03-05T22:44:54+00:00","dateModified":"2026-03-05T22:46:04+00:00","description":"Oslavte Mezin\u00e1rodn\u00ed den \u017een pohledem do historie. Zjist\u011bte, jak m\u00f3da a obuv pom\u00e1haly \u017een\u00e1m vybojovat si sv\u00e9 postaven\u00ed, sebev\u011bdom\u00ed a svobodu vyj\u00e1d\u0159en\u00ed.","breadcrumb":{"@id":"https:\/\/blog.ccc.eu\/cz\/mezinarodni-den-zen-historie-mody-obuv\/#breadcrumb"},"inLanguage":"cs","potentialAction":[{"@type":"ReadAction","target":["https:\/\/blog.ccc.eu\/cz\/mezinarodni-den-zen-historie-mody-obuv\/"]}]},{"@type":"ImageObject","inLanguage":"cs","@id":"https:\/\/blog.ccc.eu\/cz\/mezinarodni-den-zen-historie-mody-obuv\/#primaryimage","url":"https:\/\/blog.ccc.eu\/cz\/wp-content\/uploads\/2026\/03\/CCC_5906751542194_01_M.jpg","contentUrl":"https:\/\/blog.ccc.eu\/cz\/wp-content\/uploads\/2026\/03\/CCC_5906751542194_01_M.jpg","width":876,"height":1314,"caption":"Mezin\u00e1rodn\u00ed den \u017een"},{"@type":"BreadcrumbList","@id":"https:\/\/blog.ccc.eu\/cz\/mezinarodni-den-zen-historie-mody-obuv\/#breadcrumb","itemListElement":[{"@type":"ListItem","position":1,"name":"Strona g\u0142\u00f3wna","item":"https:\/\/blog.ccc.eu\/cz\/"},{"@type":"ListItem","position":2,"name":"MD\u017d: Sv\u00e1tek spojen\u00fd p\u0159edev\u0161\u00edm s emancipac\u00ed. Obuv v\u0161ak v historii hraje p\u0159ekvapiv\u011b d\u016fle\u017eitou roli."}]},{"@type":"WebSite","@id":"https:\/\/blog.ccc.eu\/cz\/#website","url":"https:\/\/blog.ccc.eu\/cz\/","name":"blog.ccc.eu\/cz","description":"Va\u0161e m\u00edsto pln\u00e9 m\u00f3dn\u00edch inspirac\u00ed","publisher":{"@id":"https:\/\/blog.ccc.eu\/cz\/#organization"},"potentialAction":[{"@type":"SearchAction","target":{"@type":"EntryPoint","urlTemplate":"https:\/\/blog.ccc.eu\/cz\/?s={search_term_string}"},"query-input":{"@type":"PropertyValueSpecification","valueRequired":true,"valueName":"search_term_string"}}],"inLanguage":"cs"},{"@type":"Organization","@id":"https:\/\/blog.ccc.eu\/cz\/#organization","name":"CCC S.A.","url":"https:\/\/blog.ccc.eu\/cz\/","logo":{"@type":"ImageObject","inLanguage":"cs","@id":"https:\/\/blog.ccc.eu\/cz\/#\/schema\/logo\/image\/","url":"https:\/\/blog.ccc.eu\/cz\/wp-content\/uploads\/2021\/11\/logo_ccc.png","contentUrl":"https:\/\/blog.ccc.eu\/cz\/wp-content\/uploads\/2021\/11\/logo_ccc.png","width":730,"height":270,"caption":"CCC S.A."},"image":{"@id":"https:\/\/blog.ccc.eu\/cz\/#\/schema\/logo\/image\/"}},{"@type":"Person","@id":"https:\/\/blog.ccc.eu\/cz\/#\/schema\/person\/f21bfa7ed9e08fb4b5b823707bdde059","name":"Kaja","image":{"@type":"ImageObject","inLanguage":"cs","@id":"https:\/\/blog.ccc.eu\/cz\/#\/schema\/person\/image\/","url":"https:\/\/blog.ccc.eu\/cz\/wp-content\/uploads\/2024\/06\/white-1-300x300-1-100x100.jpg","contentUrl":"https:\/\/blog.ccc.eu\/cz\/wp-content\/uploads\/2024\/06\/white-1-300x300-1-100x100.jpg","caption":"Kaja"},"description":"U\u017e od pubert\u00e1ln\u00edch let se v\u011bnuje pr\u00e1ci v m\u00e9di\u00edch a psan\u00ed. Z kon\u00ed\u010dka se stalo \u017eivobyt\u00ed, kter\u00e9 j\u00ed z\u00e1rove\u0148 poskytlo dostatek svobody k tomu, aby mohla pom\u011brn\u011b hodn\u011b cestovat a pozn\u00e1vat sv\u011bt a r\u016fzn\u00e9 kultury. Energii j\u00ed dod\u00e1v\u00e1 \u010dten\u00ed knih, voda a hudba.","url":"https:\/\/blog.ccc.eu\/cz\/author\/perlamakovienka-sk\/"}]}},"_links":{"self":[{"href":"https:\/\/blog.ccc.eu\/cz\/wp-json\/wp\/v2\/posts\/8395","targetHints":{"allow":["GET"]}}],"collection":[{"href":"https:\/\/blog.ccc.eu\/cz\/wp-json\/wp\/v2\/posts"}],"about":[{"href":"https:\/\/blog.ccc.eu\/cz\/wp-json\/wp\/v2\/types\/post"}],"author":[{"embeddable":true,"href":"https:\/\/blog.ccc.eu\/cz\/wp-json\/wp\/v2\/users\/24"}],"replies":[{"embeddable":true,"href":"https:\/\/blog.ccc.eu\/cz\/wp-json\/wp\/v2\/comments?post=8395"}],"version-history":[{"count":2,"href":"https:\/\/blog.ccc.eu\/cz\/wp-json\/wp\/v2\/posts\/8395\/revisions"}],"predecessor-version":[{"id":8402,"href":"https:\/\/blog.ccc.eu\/cz\/wp-json\/wp\/v2\/posts\/8395\/revisions\/8402"}],"wp:featuredmedia":[{"embeddable":true,"href":"https:\/\/blog.ccc.eu\/cz\/wp-json\/wp\/v2\/media\/8396"}],"wp:attachment":[{"href":"https:\/\/blog.ccc.eu\/cz\/wp-json\/wp\/v2\/media?parent=8395"}],"wp:term":[{"taxonomy":"category","embeddable":true,"href":"https:\/\/blog.ccc.eu\/cz\/wp-json\/wp\/v2\/categories?post=8395"},{"taxonomy":"post_tag","embeddable":true,"href":"https:\/\/blog.ccc.eu\/cz\/wp-json\/wp\/v2\/tags?post=8395"}],"curies":[{"name":"wp","href":"https:\/\/api.w.org\/{rel}","templated":true}]}}