{"id":8403,"date":"2026-03-06T12:18:43","date_gmt":"2026-03-06T11:18:43","guid":{"rendered":"https:\/\/blog.ccc.eu\/cz\/?p=8403"},"modified":"2026-03-06T12:18:44","modified_gmt":"2026-03-06T11:18:44","slug":"styl-kabo-prehlidka","status":"publish","type":"post","link":"https:\/\/blog.ccc.eu\/cz\/styl-kabo-prehlidka\/","title":{"rendered":"Kroky, kter\u00e9 ud\u00e1vaj\u00ed sm\u011br: CCC zaz\u00e1\u0159ilo na p\u0159ehl\u00eddk\u00e1ch STYL &amp; KABO"},"content":{"rendered":"\n<p><em>Kdy\u017e se m\u00f3da setk\u00e1 s kreativitou, vznikaj\u00ed okam\u017eiky, kter\u00e9 definuj\u00ed styl a leto\u0161n\u00ed veletrh <strong>STYL &amp; KABO<\/strong> byl p\u0159esn\u011b takov\u00fdm momentem. Obuv <strong>CCC<\/strong> se stala ned\u00edlnou sou\u010d\u00e1st\u00ed p\u0159ehl\u00eddkov\u00e9ho mola, kde doplnila aktu\u00e1ln\u00ed kolekce vystavovatel\u016f i origin\u00e1ln\u00ed tvorbu p\u0159edn\u00edch n\u00e1vrh\u00e1\u0159\u016f. Ka\u017ed\u00fd model uk\u00e1zal, \u017ee kvalitn\u00ed a dob\u0159e zvolen\u00e1 obuv dok\u00e1\u017ee prom\u011bnit cel\u00fd outfit a dodat mu v\u00fdraz, a\u0165 u\u017e jde o ka\u017edodenn\u00ed look nebo speci\u00e1ln\u00ed stylovou kombinaci.<\/em><\/p>\n\n\n\n<figure class=\"wp-block-image size-large\"><a href=\"https:\/\/ccc.eu\/cz\/cs\/c\/fashion-shows-2025\"><img decoding=\"async\" src=\"https:\/\/blog.ccc.eu\/cz\/wp-content\/uploads\/2026\/03\/1165A9053-1-1024x683.jpg\" alt=\"\" class=\"wp-image-8408\"\/><\/a><\/figure>\n\n\n\n<p>Na p\u0159ehl\u00eddkov\u00e9m mole se letos op\u011bt uk\u00e1zala pestrost styl\u016f, kter\u00e9 CCC nab\u00edz\u00ed. Od elegantn\u00edch a nad\u010dasov\u00fdch model\u016f po origin\u00e1ln\u00ed a kreativn\u00ed design \u2013 ka\u017ed\u00fd krok na molu zd\u016fraznil spojen\u00ed kvality, estetiky a aktu\u00e1ln\u00edch m\u00f3dn\u00edch trend\u016f. Nejv\u011bt\u0161\u00ed pozornost si z\u00edskaly zna\u010dky <strong>Gino Rossi, Jenny nebo Nine West<\/strong>, kter\u00e9 svou jedine\u010dnou identitou a charakterem o\u017eivily p\u0159ehl\u00eddky novou energi\u00ed. <a href=\"https:\/\/ccc.eu\/cz\/cs\/c\/damske\/znacky\/gino-rossi\">Gino Rossi<\/a> zaujalo nad\u010dasovou eleganc\u00ed, zna\u010dka <a href=\"https:\/\/ccc.eu\/cz\/cs\/c\/znacky\/jenny\">Jenny<\/a> p\u0159inesla pohodl\u00ed a \u017eenskou hravost, zat\u00edmco zna\u010dka <a href=\"https:\/\/ccc.eu\/cz\/cs\/c\/znacky\/nine-west\">Nine West<\/a> zaujala v\u00fdrazn\u00fdmi siluetami a modern\u00edmi detaily, kter\u00e9 dodaly outfit\u016fm sebev\u011bdom\u00fd a sofistikovan\u00fd n\u00e1dech.<\/p>\n\n\n\n<figure class=\"wp-block-image size-large\"><a href=\"https:\/\/ccc.eu\/cz\/cs\/c\/fashion-shows-2025\"><img loading=\"lazy\" decoding=\"async\" width=\"1024\" height=\"683\" src=\"https:\/\/blog.ccc.eu\/cz\/wp-content\/uploads\/2026\/03\/1165A9983-1024x683.jpg\" alt=\"\" class=\"wp-image-8406\" srcset=\"https:\/\/blog.ccc.eu\/cz\/wp-content\/uploads\/2026\/03\/1165A9983-1024x683.jpg 1024w, https:\/\/blog.ccc.eu\/cz\/wp-content\/uploads\/2026\/03\/1165A9983-300x200.jpg 300w, https:\/\/blog.ccc.eu\/cz\/wp-content\/uploads\/2026\/03\/1165A9983-768x512.jpg 768w, https:\/\/blog.ccc.eu\/cz\/wp-content\/uploads\/2026\/03\/1165A9983-1536x1024.jpg 1536w, https:\/\/blog.ccc.eu\/cz\/wp-content\/uploads\/2026\/03\/1165A9983-2048x1365.jpg 2048w, https:\/\/blog.ccc.eu\/cz\/wp-content\/uploads\/2026\/03\/1165A9983-100x67.jpg 100w\" sizes=\"auto, (max-width: 1024px) 100vw, 1024px\" \/><\/a><\/figure>\n\n\n\n<div class=\"wp-block-columns is-layout-flex wp-container-core-columns-is-layout-9d6595d7 wp-block-columns-is-layout-flex\">\n<div class=\"wp-block-column is-layout-flow wp-block-column-is-layout-flow\">\n<figure class=\"wp-block-image size-large\"><a href=\"https:\/\/ccc.eu\/cz\/cs\/p\/lodicky-nine-west-cd24081-1-cerna-5904862339153\"><img loading=\"lazy\" decoding=\"async\" width=\"1024\" height=\"683\" src=\"https:\/\/blog.ccc.eu\/cz\/wp-content\/uploads\/2026\/03\/2165A6857-1024x683.jpg\" alt=\"\" class=\"wp-image-8409\" srcset=\"https:\/\/blog.ccc.eu\/cz\/wp-content\/uploads\/2026\/03\/2165A6857-1024x683.jpg 1024w, https:\/\/blog.ccc.eu\/cz\/wp-content\/uploads\/2026\/03\/2165A6857-300x200.jpg 300w, https:\/\/blog.ccc.eu\/cz\/wp-content\/uploads\/2026\/03\/2165A6857-768x512.jpg 768w, https:\/\/blog.ccc.eu\/cz\/wp-content\/uploads\/2026\/03\/2165A6857-1536x1024.jpg 1536w, https:\/\/blog.ccc.eu\/cz\/wp-content\/uploads\/2026\/03\/2165A6857-2048x1366.jpg 2048w, https:\/\/blog.ccc.eu\/cz\/wp-content\/uploads\/2026\/03\/2165A6857-100x67.jpg 100w\" sizes=\"auto, (max-width: 1024px) 100vw, 1024px\" \/><\/a><\/figure>\n<\/div>\n<\/div>\n\n\n\n<p>STYL &amp; KABO je to prostor, kde se setk\u00e1vaj\u00ed tv\u016frci, odborn\u00edci a milovn\u00edci m\u00f3dy, aby sd\u00edleli inspiraci, diskutovali o nov\u00fdch trendech a objevovali nov\u00e9 talenty. CCC se do tohoto prostoru aktivn\u011b zapojilo nejen prost\u0159ednictv\u00edm sv\u00fdch model\u016f, ale i podporou nastupuj\u00edc\u00edch n\u00e1vrh\u00e1\u0159\u016f, kte\u0159\u00ed v r\u00e1mci sout\u011b\u017ee pro mlad\u00e9 tv\u016frce p\u0159edv\u00e1d\u011bli svou vizi a kreativitu. Na\u0161e obuv tak byla sou\u010d\u00e1st\u00ed nejen estetick\u00e9ho z\u00e1\u017eitku, ale i dialogu o tom, jak m\u00f3da \u017eije a ovliv\u0148uje modern\u00ed \u017eivotn\u00ed styl.<\/p>\n\n\n\n<p>Tato spolupr\u00e1ce potvrzuje z\u00e1vazek zna\u010dky CCC p\u0159in\u00e1\u0161et nejen kvalitn\u00ed obuv, ale tak\u00e9 inspiraci a propojen\u00ed s t\u00edm nejlep\u0161\u00edm, co sou\u010dasn\u00e1 m\u00f3dn\u00ed sc\u00e9na nab\u00edz\u00ed.<\/p>\n\n\n\n<p><\/p>\n\n\n\n<figure class=\"wp-block-image size-large\"><a href=\"https:\/\/ccc.eu\/cz\/cs\/p\/sandaly-nine-west-wfa2646-1-bezova-5905588517351\"><img loading=\"lazy\" decoding=\"async\" width=\"1024\" height=\"683\" src=\"https:\/\/blog.ccc.eu\/cz\/wp-content\/uploads\/2026\/03\/2165A6756-1-1024x683.jpg\" alt=\"\" class=\"wp-image-8412\" srcset=\"https:\/\/blog.ccc.eu\/cz\/wp-content\/uploads\/2026\/03\/2165A6756-1-1024x683.jpg 1024w, https:\/\/blog.ccc.eu\/cz\/wp-content\/uploads\/2026\/03\/2165A6756-1-300x200.jpg 300w, https:\/\/blog.ccc.eu\/cz\/wp-content\/uploads\/2026\/03\/2165A6756-1-768x512.jpg 768w, https:\/\/blog.ccc.eu\/cz\/wp-content\/uploads\/2026\/03\/2165A6756-1-1536x1024.jpg 1536w, https:\/\/blog.ccc.eu\/cz\/wp-content\/uploads\/2026\/03\/2165A6756-1-2048x1366.jpg 2048w, https:\/\/blog.ccc.eu\/cz\/wp-content\/uploads\/2026\/03\/2165A6756-1-100x67.jpg 100w\" sizes=\"auto, (max-width: 1024px) 100vw, 1024px\" \/><\/a><\/figure>\n\n\n<shortcode prop-load-num=\"4\" prop-display-num=\"4\" prop-sku=\"5906751388808, 590558851735, 5905588717607, 5906751908112, 5906751339169, 5906751368091\" prop-view=\"slider\"><\/shortcode>        <div\r\n            class=\"eob-pf-shortcode\"\r\n            id=\"eobpf69f23c87f1f81\"\r\n        >\r\n            <shortcode prop-load-num=\"4\" prop-display-num=\"4\" prop-sku=\"5906751388808, 590558851735, 5905588717607, 5906751908112, 5906751339169, 5906751368091\" prop-view=\"slider\"><\/shortcode>        <\/div>\r\n\t\t<script>\r\n\t\t\tjQuery(document).ready(() => {\r\n\t\t\t    const root = document.getElementById('eobpf69f23c87f1f81');\r\n                Vue.createApp({\r\n\t                components: {\r\n\t                    shortcode\r\n\t                }\r\n                }).mount(root);\r\n\t\t\t});\r\n\t\t<\/script>\r\n\t\t\r\n\t\t\n\n\n\n<p><\/p>\n\n\n\n<p>Ka\u017ed\u00fd krok, kter\u00fd ud\u011bl\u00e1te v na\u0161ich modelech, je krokem, kter\u00fd inspiruje \u2013 a\u0165 u\u017e na p\u0159ehl\u00eddkov\u00e9m mole, nebo ve va\u0161em ka\u017edodenn\u00edm \u017eivot\u011b.<\/p>\n\n\n\n<p><\/p>\n\n\n\n<div class=\"wp-block-buttons is-content-justification-center is-layout-flex wp-container-core-buttons-is-layout-16018d1d wp-block-buttons-is-layout-flex\">\n<div class=\"wp-block-button is-style-fill\"><a class=\"wp-block-button__link has-custom-font-size wp-element-button\" href=\"https:\/\/ccc.eu\/cz\/cs\/c\/fashion-shows-2025\" style=\"border-radius:0px;font-size:15px\">Objevte produkty z p\u0159ehl\u00eddky<\/a><\/div>\n<\/div>\n\n\n\n<p><\/p>\n","protected":false},"excerpt":{"rendered":"<p>Kdy\u017e se m\u00f3da setk\u00e1 s kreativitou, vznikaj\u00ed okam\u017eiky, kter\u00e9 definuj\u00ed styl a leto\u0161n\u00ed veletrh STYL &amp; KABO byl p\u0159esn\u011b takov\u00fdm momentem. Obuv CCC se stala ned\u00edlnou sou\u010d\u00e1st\u00ed p\u0159ehl\u00eddkov\u00e9ho mola, kde doplnila aktu\u00e1ln\u00ed kolekce vystavovatel\u016f i origin\u00e1ln\u00ed tvorbu p\u0159edn\u00edch n\u00e1vrh\u00e1\u0159\u016f. Ka\u017ed\u00fd model uk\u00e1zal, \u017ee kvalitn\u00ed a dob\u0159e zvolen\u00e1 obuv dok\u00e1\u017ee prom\u011bnit cel\u00fd outfit a dodat mu [&hellip;]<\/p>\n","protected":false},"author":25,"featured_media":8408,"comment_status":"open","ping_status":"open","sticky":false,"template":"","format":"standard","meta":{"_acf_changed":false,"footnotes":""},"categories":[1040,1044],"tags":[594,818,702,614],"class_list":["post-8403","post","type-post","status-publish","format-standard","has-post-thumbnail","hentry","category-akce","category-eventy","tag-damske-boty","tag-jaro","tag-leto","tag-lodicky-2"],"acf":[],"yoast_head":"<!-- This site is optimized with the Yoast SEO plugin v26.9 - https:\/\/yoast.com\/product\/yoast-seo-wordpress\/ -->\n<title>Kroky, kter\u00e9 ud\u00e1vaj\u00ed sm\u011br: CCC zaz\u00e1\u0159ilo na p\u0159ehl\u00eddk\u00e1ch STYL &amp; KABO - blog.ccc.eu\/cz<\/title>\n<meta name=\"description\" content=\"M\u00f3da a kreativita na veletrhu STYL &amp; KAB. Obuv CCC na p\u0159ehl\u00eddkov\u00e9m mole. 2026\" \/>\n<meta name=\"robots\" content=\"index, follow, max-snippet:-1, max-image-preview:large, max-video-preview:-1\" \/>\n<link rel=\"canonical\" href=\"https:\/\/blog.ccc.eu\/cz\/styl-kabo-prehlidka\/\" \/>\n<meta property=\"og:locale\" content=\"cs_CZ\" \/>\n<meta property=\"og:type\" content=\"article\" \/>\n<meta property=\"og:title\" content=\"Kroky, kter\u00e9 ud\u00e1vaj\u00ed sm\u011br: CCC zaz\u00e1\u0159ilo na p\u0159ehl\u00eddk\u00e1ch STYL &amp; KABO - blog.ccc.eu\/cz\" \/>\n<meta property=\"og:description\" content=\"M\u00f3da a kreativita na veletrhu STYL &amp; KAB. Obuv CCC na p\u0159ehl\u00eddkov\u00e9m mole.\" \/>\n<meta property=\"og:url\" content=\"https:\/\/blog.ccc.eu\/cz\/styl-kabo-prehlidka\/\" \/>\n<meta property=\"og:site_name\" content=\"blog.ccc.eu\/cz\" \/>\n<meta property=\"article:published_time\" content=\"2026-03-06T11:18:43+00:00\" \/>\n<meta property=\"article:modified_time\" content=\"2026-03-06T11:18:44+00:00\" \/>\n<meta property=\"og:image\" content=\"https:\/\/blog.ccc.eu\/cz\/wp-content\/uploads\/2026\/03\/1165A9053-1-scaled.jpg\" \/>\n\t<meta property=\"og:image:width\" content=\"2560\" \/>\n\t<meta property=\"og:image:height\" content=\"1707\" \/>\n\t<meta property=\"og:image:type\" content=\"image\/jpeg\" \/>\n<meta name=\"author\" content=\"Petra Susilova\" \/>\n<meta name=\"twitter:card\" content=\"summary_large_image\" \/>\n<meta name=\"twitter:label1\" content=\"Napsal(a)\" \/>\n\t<meta name=\"twitter:data1\" content=\"Petra Susilova\" \/>\n\t<meta name=\"twitter:label2\" content=\"Odhadovan\u00e1 doba \u010dten\u00ed\" \/>\n\t<meta name=\"twitter:data2\" content=\"3 minuty\" \/>\n<script type=\"application\/ld+json\" class=\"yoast-schema-graph\">{\"@context\":\"https:\/\/schema.org\",\"@graph\":[{\"@type\":\"Article\",\"@id\":\"https:\/\/blog.ccc.eu\/cz\/styl-kabo-prehlidka\/#article\",\"isPartOf\":{\"@id\":\"https:\/\/blog.ccc.eu\/cz\/styl-kabo-prehlidka\/\"},\"author\":{\"name\":\"Petra Susilova\",\"@id\":\"https:\/\/blog.ccc.eu\/cz\/#\/schema\/person\/74ddaf45957c4c3e85587a666ba20782\"},\"headline\":\"Kroky, kter\u00e9 ud\u00e1vaj\u00ed sm\u011br: CCC zaz\u00e1\u0159ilo na p\u0159ehl\u00eddk\u00e1ch STYL &amp; KABO\",\"datePublished\":\"2026-03-06T11:18:43+00:00\",\"dateModified\":\"2026-03-06T11:18:44+00:00\",\"mainEntityOfPage\":{\"@id\":\"https:\/\/blog.ccc.eu\/cz\/styl-kabo-prehlidka\/\"},\"wordCount\":402,\"commentCount\":0,\"publisher\":{\"@id\":\"https:\/\/blog.ccc.eu\/cz\/#organization\"},\"image\":{\"@id\":\"https:\/\/blog.ccc.eu\/cz\/styl-kabo-prehlidka\/#primaryimage\"},\"thumbnailUrl\":\"https:\/\/blog.ccc.eu\/cz\/wp-content\/uploads\/2026\/03\/1165A9053-1-scaled-e1772803036434.jpg\",\"keywords\":[\"D\u00e1msk\u00e9 boty\",\"jaro\",\"l\u00e9to\",\"Lodi\u010dky\"],\"articleSection\":[\"AKCE\",\"EVENTY\"],\"inLanguage\":\"cs\",\"potentialAction\":[{\"@type\":\"CommentAction\",\"name\":\"Comment\",\"target\":[\"https:\/\/blog.ccc.eu\/cz\/styl-kabo-prehlidka\/#respond\"]}]},{\"@type\":\"WebPage\",\"@id\":\"https:\/\/blog.ccc.eu\/cz\/styl-kabo-prehlidka\/\",\"url\":\"https:\/\/blog.ccc.eu\/cz\/styl-kabo-prehlidka\/\",\"name\":\"Kroky, kter\u00e9 ud\u00e1vaj\u00ed sm\u011br: CCC zaz\u00e1\u0159ilo na p\u0159ehl\u00eddk\u00e1ch STYL &amp; KABO - blog.ccc.eu\/cz\",\"isPartOf\":{\"@id\":\"https:\/\/blog.ccc.eu\/cz\/#website\"},\"primaryImageOfPage\":{\"@id\":\"https:\/\/blog.ccc.eu\/cz\/styl-kabo-prehlidka\/#primaryimage\"},\"image\":{\"@id\":\"https:\/\/blog.ccc.eu\/cz\/styl-kabo-prehlidka\/#primaryimage\"},\"thumbnailUrl\":\"https:\/\/blog.ccc.eu\/cz\/wp-content\/uploads\/2026\/03\/1165A9053-1-scaled-e1772803036434.jpg\",\"datePublished\":\"2026-03-06T11:18:43+00:00\",\"dateModified\":\"2026-03-06T11:18:44+00:00\",\"description\":\"M\u00f3da a kreativita na veletrhu STYL & KAB. Obuv CCC na p\u0159ehl\u00eddkov\u00e9m mole.\",\"breadcrumb\":{\"@id\":\"https:\/\/blog.ccc.eu\/cz\/styl-kabo-prehlidka\/#breadcrumb\"},\"inLanguage\":\"cs\",\"potentialAction\":[{\"@type\":\"ReadAction\",\"target\":[\"https:\/\/blog.ccc.eu\/cz\/styl-kabo-prehlidka\/\"]}]},{\"@type\":\"ImageObject\",\"inLanguage\":\"cs\",\"@id\":\"https:\/\/blog.ccc.eu\/cz\/styl-kabo-prehlidka\/#primaryimage\",\"url\":\"https:\/\/blog.ccc.eu\/cz\/wp-content\/uploads\/2026\/03\/1165A9053-1-scaled-e1772803036434.jpg\",\"contentUrl\":\"https:\/\/blog.ccc.eu\/cz\/wp-content\/uploads\/2026\/03\/1165A9053-1-scaled-e1772803036434.jpg\",\"width\":2560,\"height\":1404,\"caption\":\"Kroky, kter\u00e9 ud\u00e1vaj\u00ed sm\u011br: CCC zaz\u00e1\u0159ilo na p\u0159ehl\u00eddk\u00e1ch STYL & KABO\"},{\"@type\":\"BreadcrumbList\",\"@id\":\"https:\/\/blog.ccc.eu\/cz\/styl-kabo-prehlidka\/#breadcrumb\",\"itemListElement\":[{\"@type\":\"ListItem\",\"position\":1,\"name\":\"Strona g\u0142\u00f3wna\",\"item\":\"https:\/\/blog.ccc.eu\/cz\/\"},{\"@type\":\"ListItem\",\"position\":2,\"name\":\"Kroky, kter\u00e9 ud\u00e1vaj\u00ed sm\u011br: CCC zaz\u00e1\u0159ilo na p\u0159ehl\u00eddk\u00e1ch STYL &amp; KABO\"}]},{\"@type\":\"WebSite\",\"@id\":\"https:\/\/blog.ccc.eu\/cz\/#website\",\"url\":\"https:\/\/blog.ccc.eu\/cz\/\",\"name\":\"blog.ccc.eu\/cz\",\"description\":\"Va\u0161e m\u00edsto pln\u00e9 m\u00f3dn\u00edch inspirac\u00ed\",\"publisher\":{\"@id\":\"https:\/\/blog.ccc.eu\/cz\/#organization\"},\"potentialAction\":[{\"@type\":\"SearchAction\",\"target\":{\"@type\":\"EntryPoint\",\"urlTemplate\":\"https:\/\/blog.ccc.eu\/cz\/?s={search_term_string}\"},\"query-input\":{\"@type\":\"PropertyValueSpecification\",\"valueRequired\":true,\"valueName\":\"search_term_string\"}}],\"inLanguage\":\"cs\"},{\"@type\":\"Organization\",\"@id\":\"https:\/\/blog.ccc.eu\/cz\/#organization\",\"name\":\"CCC S.A.\",\"url\":\"https:\/\/blog.ccc.eu\/cz\/\",\"logo\":{\"@type\":\"ImageObject\",\"inLanguage\":\"cs\",\"@id\":\"https:\/\/blog.ccc.eu\/cz\/#\/schema\/logo\/image\/\",\"url\":\"https:\/\/blog.ccc.eu\/cz\/wp-content\/uploads\/2021\/11\/logo_ccc.png\",\"contentUrl\":\"https:\/\/blog.ccc.eu\/cz\/wp-content\/uploads\/2021\/11\/logo_ccc.png\",\"width\":730,\"height\":270,\"caption\":\"CCC S.A.\"},\"image\":{\"@id\":\"https:\/\/blog.ccc.eu\/cz\/#\/schema\/logo\/image\/\"}},{\"@type\":\"Person\",\"@id\":\"https:\/\/blog.ccc.eu\/cz\/#\/schema\/person\/74ddaf45957c4c3e85587a666ba20782\",\"name\":\"Petra Susilova\",\"image\":{\"@type\":\"ImageObject\",\"inLanguage\":\"cs\",\"@id\":\"https:\/\/blog.ccc.eu\/cz\/#\/schema\/person\/image\/\",\"url\":\"https:\/\/secure.gravatar.com\/avatar\/2eeba86289b6f51c358487152d296aa19002ba9c061f1bb2f0c5f86ed31e132f?s=96&r=g\",\"contentUrl\":\"https:\/\/secure.gravatar.com\/avatar\/2eeba86289b6f51c358487152d296aa19002ba9c061f1bb2f0c5f86ed31e132f?s=96&r=g\",\"caption\":\"Petra Susilova\"},\"url\":\"https:\/\/blog.ccc.eu\/cz\/author\/petra-susilova\/\"}]}<\/script>\n<!-- \/ Yoast SEO plugin. -->","yoast_head_json":{"title":"Kroky, kter\u00e9 ud\u00e1vaj\u00ed sm\u011br: CCC zaz\u00e1\u0159ilo na p\u0159ehl\u00eddk\u00e1ch STYL &amp; KABO - blog.ccc.eu\/cz","description":"M\u00f3da a kreativita na veletrhu STYL & KAB. Obuv CCC na p\u0159ehl\u00eddkov\u00e9m mole. 2026","robots":{"index":"index","follow":"follow","max-snippet":"max-snippet:-1","max-image-preview":"max-image-preview:large","max-video-preview":"max-video-preview:-1"},"canonical":"https:\/\/blog.ccc.eu\/cz\/styl-kabo-prehlidka\/","og_locale":"cs_CZ","og_type":"article","og_title":"Kroky, kter\u00e9 ud\u00e1vaj\u00ed sm\u011br: CCC zaz\u00e1\u0159ilo na p\u0159ehl\u00eddk\u00e1ch STYL &amp; KABO - blog.ccc.eu\/cz","og_description":"M\u00f3da a kreativita na veletrhu STYL & KAB. Obuv CCC na p\u0159ehl\u00eddkov\u00e9m mole.","og_url":"https:\/\/blog.ccc.eu\/cz\/styl-kabo-prehlidka\/","og_site_name":"blog.ccc.eu\/cz","article_published_time":"2026-03-06T11:18:43+00:00","article_modified_time":"2026-03-06T11:18:44+00:00","og_image":[{"width":2560,"height":1707,"url":"https:\/\/blog.ccc.eu\/cz\/wp-content\/uploads\/2026\/03\/1165A9053-1-scaled.jpg","type":"image\/jpeg"}],"author":"Petra Susilova","twitter_card":"summary_large_image","twitter_misc":{"Napsal(a)":"Petra Susilova","Odhadovan\u00e1 doba \u010dten\u00ed":"3 minuty"},"schema":{"@context":"https:\/\/schema.org","@graph":[{"@type":"Article","@id":"https:\/\/blog.ccc.eu\/cz\/styl-kabo-prehlidka\/#article","isPartOf":{"@id":"https:\/\/blog.ccc.eu\/cz\/styl-kabo-prehlidka\/"},"author":{"name":"Petra Susilova","@id":"https:\/\/blog.ccc.eu\/cz\/#\/schema\/person\/74ddaf45957c4c3e85587a666ba20782"},"headline":"Kroky, kter\u00e9 ud\u00e1vaj\u00ed sm\u011br: CCC zaz\u00e1\u0159ilo na p\u0159ehl\u00eddk\u00e1ch STYL &amp; KABO","datePublished":"2026-03-06T11:18:43+00:00","dateModified":"2026-03-06T11:18:44+00:00","mainEntityOfPage":{"@id":"https:\/\/blog.ccc.eu\/cz\/styl-kabo-prehlidka\/"},"wordCount":402,"commentCount":0,"publisher":{"@id":"https:\/\/blog.ccc.eu\/cz\/#organization"},"image":{"@id":"https:\/\/blog.ccc.eu\/cz\/styl-kabo-prehlidka\/#primaryimage"},"thumbnailUrl":"https:\/\/blog.ccc.eu\/cz\/wp-content\/uploads\/2026\/03\/1165A9053-1-scaled-e1772803036434.jpg","keywords":["D\u00e1msk\u00e9 boty","jaro","l\u00e9to","Lodi\u010dky"],"articleSection":["AKCE","EVENTY"],"inLanguage":"cs","potentialAction":[{"@type":"CommentAction","name":"Comment","target":["https:\/\/blog.ccc.eu\/cz\/styl-kabo-prehlidka\/#respond"]}]},{"@type":"WebPage","@id":"https:\/\/blog.ccc.eu\/cz\/styl-kabo-prehlidka\/","url":"https:\/\/blog.ccc.eu\/cz\/styl-kabo-prehlidka\/","name":"Kroky, kter\u00e9 ud\u00e1vaj\u00ed sm\u011br: CCC zaz\u00e1\u0159ilo na p\u0159ehl\u00eddk\u00e1ch STYL &amp; KABO - blog.ccc.eu\/cz","isPartOf":{"@id":"https:\/\/blog.ccc.eu\/cz\/#website"},"primaryImageOfPage":{"@id":"https:\/\/blog.ccc.eu\/cz\/styl-kabo-prehlidka\/#primaryimage"},"image":{"@id":"https:\/\/blog.ccc.eu\/cz\/styl-kabo-prehlidka\/#primaryimage"},"thumbnailUrl":"https:\/\/blog.ccc.eu\/cz\/wp-content\/uploads\/2026\/03\/1165A9053-1-scaled-e1772803036434.jpg","datePublished":"2026-03-06T11:18:43+00:00","dateModified":"2026-03-06T11:18:44+00:00","description":"M\u00f3da a kreativita na veletrhu STYL & KAB. Obuv CCC na p\u0159ehl\u00eddkov\u00e9m mole.","breadcrumb":{"@id":"https:\/\/blog.ccc.eu\/cz\/styl-kabo-prehlidka\/#breadcrumb"},"inLanguage":"cs","potentialAction":[{"@type":"ReadAction","target":["https:\/\/blog.ccc.eu\/cz\/styl-kabo-prehlidka\/"]}]},{"@type":"ImageObject","inLanguage":"cs","@id":"https:\/\/blog.ccc.eu\/cz\/styl-kabo-prehlidka\/#primaryimage","url":"https:\/\/blog.ccc.eu\/cz\/wp-content\/uploads\/2026\/03\/1165A9053-1-scaled-e1772803036434.jpg","contentUrl":"https:\/\/blog.ccc.eu\/cz\/wp-content\/uploads\/2026\/03\/1165A9053-1-scaled-e1772803036434.jpg","width":2560,"height":1404,"caption":"Kroky, kter\u00e9 ud\u00e1vaj\u00ed sm\u011br: CCC zaz\u00e1\u0159ilo na p\u0159ehl\u00eddk\u00e1ch STYL & KABO"},{"@type":"BreadcrumbList","@id":"https:\/\/blog.ccc.eu\/cz\/styl-kabo-prehlidka\/#breadcrumb","itemListElement":[{"@type":"ListItem","position":1,"name":"Strona g\u0142\u00f3wna","item":"https:\/\/blog.ccc.eu\/cz\/"},{"@type":"ListItem","position":2,"name":"Kroky, kter\u00e9 ud\u00e1vaj\u00ed sm\u011br: CCC zaz\u00e1\u0159ilo na p\u0159ehl\u00eddk\u00e1ch STYL &amp; KABO"}]},{"@type":"WebSite","@id":"https:\/\/blog.ccc.eu\/cz\/#website","url":"https:\/\/blog.ccc.eu\/cz\/","name":"blog.ccc.eu\/cz","description":"Va\u0161e m\u00edsto pln\u00e9 m\u00f3dn\u00edch inspirac\u00ed","publisher":{"@id":"https:\/\/blog.ccc.eu\/cz\/#organization"},"potentialAction":[{"@type":"SearchAction","target":{"@type":"EntryPoint","urlTemplate":"https:\/\/blog.ccc.eu\/cz\/?s={search_term_string}"},"query-input":{"@type":"PropertyValueSpecification","valueRequired":true,"valueName":"search_term_string"}}],"inLanguage":"cs"},{"@type":"Organization","@id":"https:\/\/blog.ccc.eu\/cz\/#organization","name":"CCC S.A.","url":"https:\/\/blog.ccc.eu\/cz\/","logo":{"@type":"ImageObject","inLanguage":"cs","@id":"https:\/\/blog.ccc.eu\/cz\/#\/schema\/logo\/image\/","url":"https:\/\/blog.ccc.eu\/cz\/wp-content\/uploads\/2021\/11\/logo_ccc.png","contentUrl":"https:\/\/blog.ccc.eu\/cz\/wp-content\/uploads\/2021\/11\/logo_ccc.png","width":730,"height":270,"caption":"CCC S.A."},"image":{"@id":"https:\/\/blog.ccc.eu\/cz\/#\/schema\/logo\/image\/"}},{"@type":"Person","@id":"https:\/\/blog.ccc.eu\/cz\/#\/schema\/person\/74ddaf45957c4c3e85587a666ba20782","name":"Petra Susilova","image":{"@type":"ImageObject","inLanguage":"cs","@id":"https:\/\/blog.ccc.eu\/cz\/#\/schema\/person\/image\/","url":"https:\/\/secure.gravatar.com\/avatar\/2eeba86289b6f51c358487152d296aa19002ba9c061f1bb2f0c5f86ed31e132f?s=96&r=g","contentUrl":"https:\/\/secure.gravatar.com\/avatar\/2eeba86289b6f51c358487152d296aa19002ba9c061f1bb2f0c5f86ed31e132f?s=96&r=g","caption":"Petra Susilova"},"url":"https:\/\/blog.ccc.eu\/cz\/author\/petra-susilova\/"}]}},"_links":{"self":[{"href":"https:\/\/blog.ccc.eu\/cz\/wp-json\/wp\/v2\/posts\/8403","targetHints":{"allow":["GET"]}}],"collection":[{"href":"https:\/\/blog.ccc.eu\/cz\/wp-json\/wp\/v2\/posts"}],"about":[{"href":"https:\/\/blog.ccc.eu\/cz\/wp-json\/wp\/v2\/types\/post"}],"author":[{"embeddable":true,"href":"https:\/\/blog.ccc.eu\/cz\/wp-json\/wp\/v2\/users\/25"}],"replies":[{"embeddable":true,"href":"https:\/\/blog.ccc.eu\/cz\/wp-json\/wp\/v2\/comments?post=8403"}],"version-history":[{"count":2,"href":"https:\/\/blog.ccc.eu\/cz\/wp-json\/wp\/v2\/posts\/8403\/revisions"}],"predecessor-version":[{"id":8413,"href":"https:\/\/blog.ccc.eu\/cz\/wp-json\/wp\/v2\/posts\/8403\/revisions\/8413"}],"wp:featuredmedia":[{"embeddable":true,"href":"https:\/\/blog.ccc.eu\/cz\/wp-json\/wp\/v2\/media\/8408"}],"wp:attachment":[{"href":"https:\/\/blog.ccc.eu\/cz\/wp-json\/wp\/v2\/media?parent=8403"}],"wp:term":[{"taxonomy":"category","embeddable":true,"href":"https:\/\/blog.ccc.eu\/cz\/wp-json\/wp\/v2\/categories?post=8403"},{"taxonomy":"post_tag","embeddable":true,"href":"https:\/\/blog.ccc.eu\/cz\/wp-json\/wp\/v2\/tags?post=8403"}],"curies":[{"name":"wp","href":"https:\/\/api.w.org\/{rel}","templated":true}]}}