{"id":8418,"date":"2026-03-09T18:35:36","date_gmt":"2026-03-09T17:35:36","guid":{"rendered":"https:\/\/blog.ccc.eu\/cz\/?p=8418"},"modified":"2026-03-16T00:11:34","modified_gmt":"2026-03-15T23:11:34","slug":"nejlepsi-obuv-do-prechodneho-pocasi","status":"publish","type":"post","link":"https:\/\/blog.ccc.eu\/cz\/nejlepsi-obuv-do-prechodneho-pocasi\/","title":{"rendered":"Nejlep\u0161\u00ed obuv do p\u0159echodn\u00e9ho po\u010das\u00ed: Co nosit, kdy\u017e je\u0161t\u011b nen\u00ed jaro, ale u\u017e nen\u00ed zima"},"content":{"rendered":"\n<p><em>P\u0159echodn\u00e9 obdob\u00ed mezi zimou a jarem pat\u0159\u00ed v m\u00f3d\u011b mezi nejn\u00e1ro\u010dn\u011bj\u0161\u00ed. Po\u010das\u00ed se m\u011bn\u00ed nejen ze dne na den, ale doslova i z hodiny na hodinu. Zat\u00edmco r\u00e1no a ve\u010der n\u00e1m m\u016f\u017ee b\u00fdt po\u0159\u00e1dn\u00e1 zima, p\u0159es den m\u00e1me chu\u0165 svl\u00e9kat vrstvy a st\u011b\u017eujeme si na p\u0159eh\u0159\u00e1t\u00ed. Obl\u00e9ct se v t\u011bchto dnech a t\u00fddnech je skute\u010dn\u00e9 um\u011bn\u00ed. Poj\u010fme ho spolu \u201erozlousknout\u201c.<\/em><\/p>\n\n\n\n<p>Obuv do tohoto <a href=\"https:\/\/ccc.eu\/cz\/cs\/c\/damske\/boty\/jarni\">p\u0159echodn\u00e9ho<\/a>, n\u011bkdy studen\u00e9ho, n\u011bkdy tepl\u00e9ho po\u010das\u00ed je snad nejz\u00e1kladn\u011bj\u0161\u00ed. Nen\u00ed n\u00e1hodou, \u017ee se \u0159\u00edk\u00e1, \u017ee zima jde od nohou. Opravdu plat\u00ed, \u017ee kdy\u017e m\u00e1te nohy v teple, vydr\u017e\u00ed v teple i zbytek t\u011bla. A hlavn\u011b to podporuje imunitu v po\u010das\u00ed, kter\u00e9 je st\u00e1le zr\u00e1dn\u00e9.<\/p>\n\n\n\n<figure class=\"wp-block-gallery has-nested-images columns-default is-cropped wp-block-gallery-1 is-layout-flex wp-block-gallery-is-layout-flex\">\n<figure class=\"wp-block-image size-large\"><img loading=\"lazy\" decoding=\"async\" width=\"683\" height=\"1024\" data-id=\"8419\" src=\"https:\/\/blog.ccc.eu\/cz\/wp-content\/uploads\/2026\/03\/mokasyny-gino-rosssi-683x1024.jpg\" alt=\"\" class=\"wp-image-8419\" srcset=\"https:\/\/blog.ccc.eu\/cz\/wp-content\/uploads\/2026\/03\/mokasyny-gino-rosssi-683x1024.jpg 683w, https:\/\/blog.ccc.eu\/cz\/wp-content\/uploads\/2026\/03\/mokasyny-gino-rosssi-200x300.jpg 200w, https:\/\/blog.ccc.eu\/cz\/wp-content\/uploads\/2026\/03\/mokasyny-gino-rosssi-768x1152.jpg 768w, https:\/\/blog.ccc.eu\/cz\/wp-content\/uploads\/2026\/03\/mokasyny-gino-rosssi-100x150.jpg 100w, https:\/\/blog.ccc.eu\/cz\/wp-content\/uploads\/2026\/03\/mokasyny-gino-rosssi.jpg 876w\" sizes=\"auto, (max-width: 683px) 100vw, 683px\" \/><\/figure>\n\n\n\n<figure class=\"wp-block-image size-large\"><img loading=\"lazy\" decoding=\"async\" width=\"683\" height=\"1024\" data-id=\"8420\" src=\"https:\/\/blog.ccc.eu\/cz\/wp-content\/uploads\/2026\/03\/sneakersy-gino-rossi-683x1024.jpg\" alt=\"\" class=\"wp-image-8420\"\/><\/figure>\n<\/figure>\n\n\n\n<p><\/p>\n\n\n\n<p>A krom\u011b tepla chceme samoz\u0159ejm\u011b i vypadat stylov\u011b \u2013 chceme to spojit a sladit tak, aby n\u00e1\u0161 celkov\u00fd outfit byl trendy, funk\u010dn\u00ed, spr\u00e1vn\u011b zkombinovan\u00fd a aby \u0161el ruku v ruce s aktu\u00e1ln\u00edmi m\u00f3dn\u00edmi trendy. V CCC n\u00e1s samoz\u0159ejm\u011b nejv\u00edce zaj\u00edm\u00e1 obuv a existuje hned n\u011bkolik typ\u016f, kter\u00e9 jsou vhodn\u00e9 pr\u00e1v\u011b pro toto p\u0159echodn\u00e9 obdob\u00ed. D\u00edky nim nebudete p\u016fsobit jako naobl\u00e9kan\u00fd \u201esn\u011bhul\u00e1k\u201c, a p\u0159itom v\u00e1m nebude zima.<\/p>\n\n\n\n<h2 class=\"wp-block-heading\"><strong>Kotn\u00edkov\u00e1 obuv: Nad\u010dasov\u00e1 klasika pro p\u0159echodn\u00e9 obdob\u00ed<\/strong><\/h2>\n\n\n\n<p>Kotn\u00edkov\u00e1 obuv je rozhodn\u011b volbou \u010d\u00edslo jedna, pokud jde o p\u0159echodn\u00e9 obdob\u00ed. Nep\u016fsob\u00ed tak t\u011b\u017ekop\u00e1dn\u011b jako koza\u010dky, a p\u0159itom jsou dostate\u010dn\u011b tepl\u00e9 a st\u00e1le zah\u0159\u00edvaj\u00ed i kotn\u00edky, kter\u00e9 nap\u0159\u00edklad terapeuti tradi\u010dn\u00ed \u010d\u00ednsk\u00e9 medic\u00edny doporu\u010duj\u00ed udr\u017eovat v teple pro podporu imunity, dokud opravdu nenastane teplo.<\/p>\n\n\n\n<p>Kotn\u00edkov\u00e1 obuv je kr\u00e1sn\u00fdm kouskem k d\u017e\u00edn\u00e1m, midi sukn\u00edm i jarn\u00edm kab\u00e1tk\u016fm. Nejobl\u00edben\u011bj\u0161\u00ed varianty jsou:<\/p>\n\n\n\n<ul class=\"wp-block-list\">\n<li>ko\u017een\u00e9 nebo semi\u0161ov\u00e9<\/li>\n\n\n\n<li>na n\u00edzk\u00e9m podpatku<\/li>\n\n\n\n<li>minimalistick\u00e9 modely v neutr\u00e1ln\u00edch barv\u00e1ch<\/li>\n<\/ul>\n\n\n\n<p>Je to dokonal\u00fd univerz\u00e1ln\u00ed model, kter\u00fd, pokud je z kvalitn\u00edho materi\u00e1lu, p\u0159\u00edjemn\u011b zah\u0159eje nohy, ani\u017e by je p\u0159eh\u0159\u00e1l natolik, \u017ee by se nap\u0159\u00edklad potily.<\/p>\n\n\n<shortcode prop-load-num=\"12\" prop-display-num=\"3\" prop-sku=\"5906751288894, 5906751315453, 5906751368091\" prop-view=\"slider\"><\/shortcode>        <div\r\n            class=\"eob-pf-shortcode\"\r\n            id=\"eobpf69f31257e0cc2\"\r\n        >\r\n            <shortcode prop-load-num=\"12\" prop-display-num=\"3\" prop-sku=\"5906751288894, 5906751315453, 5906751368091\" prop-view=\"slider\"><\/shortcode>        <\/div>\r\n\t\t<script>\r\n\t\t\tjQuery(document).ready(() => {\r\n\t\t\t    const root = document.getElementById('eobpf69f31257e0cc2');\r\n                Vue.createApp({\r\n\t                components: {\r\n\t                    shortcode\r\n\t                }\r\n                }).mount(root);\r\n\t\t\t});\r\n\t\t<\/script>\r\n\t\t\r\n\t\t\n\n\n\n<p><\/p>\n\n\n\n<h2 class=\"wp-block-heading\"><strong>Mokas\u00ednov\u00e1 obuv: N\u00e1dech elegance do teplej\u0161\u00edch dn\u00ed<\/strong><\/h2>\n\n\n\n<p>Jak jsem u\u017e zm\u00ednila, z\u00e1kladem jsou nohy v teple a zakryt\u00e9 kotn\u00edky. Na druhou stranu, pokud pl\u00e1nujete str\u00e1vit venku jen \u010d\u00e1st dne a vyhnete se rann\u00edmu \u010di ve\u010dern\u00edmu chladu, zvolte stylov\u00e9 <a href=\"https:\/\/ccc.eu\/cz\/cs\/c\/damske\/boty\/mokasiny\">mokas\u00edny<\/a>. Je pohodln\u00e1, elegantn\u00ed a z\u00e1rove\u0148 dostate\u010dn\u011b uzav\u0159en\u00e1, tak\u017ee st\u00e1le chr\u00e1n\u00ed p\u0159ed chladem, pokud by na chv\u00edli op\u011bt vysvitlo slunce, p\u0159\u00edpadn\u011b p\u0159ed chladn\u00fdm dopolednem.<\/p>\n\n\n\n<p>Modern\u00ed jsou mokas\u00edny z p\u0159\u00edrodn\u00ed nebo lakovan\u00e9 k\u016f\u017ee, s minimalistick\u00fdm designem a v neutr\u00e1ln\u00edch barv\u00e1ch, jako jsou \u010dern\u00e1, hn\u011bd\u00e1 nebo b\u00e9\u017eov\u00e1. A budete naprosto n\u00e1dhern\u00e1, pokud je zkombinujete se zkr\u00e1cen\u00fdmi kalhotami, \u0161irok\u00fdmi nohavicemi a jarn\u00edm tren\u010dkotem. Jednozna\u010dn\u011b jde o jeden z nejstylov\u011bj\u0161\u00edch typ\u016f obuvi na jaro.<\/p>\n\n\n<shortcode prop-load-num=\"12\" prop-display-num=\"2\" prop-sku=\"5906751802922, 5906751556948\" prop-view=\"slider\"><\/shortcode>        <div\r\n            class=\"eob-pf-shortcode\"\r\n            id=\"eobpf69f31257e0dcf\"\r\n        >\r\n            <shortcode prop-load-num=\"12\" prop-display-num=\"2\" prop-sku=\"5906751802922, 5906751556948\" prop-view=\"slider\"><\/shortcode>        <\/div>\r\n\t\t<script>\r\n\t\t\tjQuery(document).ready(() => {\r\n\t\t\t    const root = document.getElementById('eobpf69f31257e0dcf');\r\n                Vue.createApp({\r\n\t                components: {\r\n\t                    shortcode\r\n\t                }\r\n                }).mount(root);\r\n\t\t\t});\r\n\t\t<\/script>\r\n\t\t\r\n\t\t\n\n\n\n<p><\/p>\n\n\n\n<h2 class=\"wp-block-heading\"><strong>Teniskov\u00e1 obuv: Nejpohodln\u011bj\u0161\u00ed volba<\/strong><\/h2>\n\n\n\n<p>O tom nemus\u00edme v\u016fbec polemizovat \u2013 tenisky kraluj\u00ed \u017eeb\u0159\u00ed\u010dk\u016fm nejobl\u00edben\u011bj\u0161\u00ed jarn\u00ed obuvi a mnoz\u00ed z n\u00e1s je nos\u00ed v podstat\u011b celou zimu. Nen\u00ed divu, jde asi o nejv\u00edce praktick\u00fd volno\u010dasov\u00fd typ obuvi, ide\u00e1ln\u00ed pro ka\u017edodenn\u00ed no\u0161en\u00ed. Zat\u00edmco n\u011bkte\u0159\u00ed v nich chod\u00ed i do pr\u00e1ce, ti m\u00e9n\u011b \u0161\u0165astn\u00ed se t\u011b\u0161\u00ed, a\u017e do nich vklouznou alespo\u0148 po pracovn\u00ed dob\u011b.<\/p>\n\n\n\n<p>Ide\u00e1ln\u00ed <a href=\"https:\/\/ccc.eu\/cz\/cs\/c\/damske\/boty\/tenisky\">tenisky<\/a> jsou z k\u016f\u017ee nebo kvalitn\u00ed textilie. Letos na ja\u0159e je velmi trendy animalistick\u00fd design \u2013 tedy leopard\u00ed, tyg\u0159\u00ed nebo had\u00ed vzory\u2026 jednodu\u0161e zv\u00ed\u0159ec\u00ed potisk. Tenisky jsou dokonalou volbou k denimov\u00fdm kombinac\u00edm, le\u017e\u00e9rn\u00edm jarn\u00edm outfit\u016fm i m\u011bstsk\u00fdm stylizac\u00edm.<\/p>\n\n\n<shortcode prop-load-num=\"12\" prop-display-num=\"2\" prop-sku=\"5906751633281, 5906751435243\" prop-view=\"slider\"><\/shortcode>        <div\r\n            class=\"eob-pf-shortcode\"\r\n            id=\"eobpf69f31257e0e07\"\r\n        >\r\n            <shortcode prop-load-num=\"12\" prop-display-num=\"2\" prop-sku=\"5906751633281, 5906751435243\" prop-view=\"slider\"><\/shortcode>        <\/div>\r\n\t\t<script>\r\n\t\t\tjQuery(document).ready(() => {\r\n\t\t\t    const root = document.getElementById('eobpf69f31257e0e07');\r\n                Vue.createApp({\r\n\t                components: {\r\n\t                    shortcode\r\n\t                }\r\n                }).mount(root);\r\n\t\t\t});\r\n\t\t<\/script>\r\n\t\t\r\n\t\t\n\n\n\n<p><\/p>\n\n\n\n<h2 class=\"wp-block-heading\"><strong>Lodi\u010dky: Elegantn\u00ed \u0159e\u0161en\u00ed do pr\u00e1ce<\/strong><\/h2>\n\n\n\n<p>Pro pracovn\u00ed outfity jsou ide\u00e1ln\u00ed minimalistick\u00e9 <a href=\"https:\/\/ccc.eu\/cz\/cs\/c\/damske\/boty\/lodicky\">lodi\u010dky<\/a>. Jsou to p\u0159esn\u011b ty situace, kdy je \u010das str\u00e1ven\u00fd venku pom\u011brn\u011b kr\u00e1tk\u00fd \u2013 dojedete a odjedete autem \u2013 ale z\u00e1le\u017e\u00ed v\u00e1m na eleganci a reprezentativn\u00edm vzhledu. Lodi\u010dky jsou typem obuvi, za kter\u00fd v\u00e1s \u0161\u00e9f po obchodn\u00edm jedn\u00e1n\u00ed s potenci\u00e1ln\u00edmi partnery pochv\u00e1l\u00ed, proto\u017ee je to zp\u016fsob, jak se chce prezentovat: kr\u00e1sn\u00e1 elegantn\u00ed d\u00e1ma vyza\u0159uj\u00edc\u00ed sebev\u011bdom\u00ed, inteligenci a vkus.<\/p>\n\n\n\n<p>Lodi\u010dky se dokonale hod\u00ed k kalhotov\u00fdm i sukn\u00edm kost\u00fdm\u016fm, k elegantn\u00edm kab\u00e1t\u016fm a je skv\u011bl\u00fdm dopl\u0148kem kancel\u00e1\u0159sk\u00e9ho stylu. Pokud vsad\u00edte na kvalitn\u00ed materi\u00e1l (k\u016f\u017ei) a precizn\u00ed proveden\u00ed (ne p\u0159\u00edli\u0161 vysok\u00fd a tenk\u00fd podpatek, dostate\u010dn\u00e1 stabilita nohy), jde nejen o elegantn\u00ed, ale tak\u00e9 mimo\u0159\u00e1dn\u011b pohodlnou obuv.<\/p>\n\n\n<shortcode prop-load-num=\"12\" prop-display-num=\"3\" prop-sku=\"5906751876312, 5906751573297, 5906751610398\" prop-view=\"slider\"><\/shortcode>        <div\r\n            class=\"eob-pf-shortcode\"\r\n            id=\"eobpf69f31257e0e2e\"\r\n        >\r\n            <shortcode prop-load-num=\"12\" prop-display-num=\"3\" prop-sku=\"5906751876312, 5906751573297, 5906751610398\" prop-view=\"slider\"><\/shortcode>        <\/div>\r\n\t\t<script>\r\n\t\t\tjQuery(document).ready(() => {\r\n\t\t\t    const root = document.getElementById('eobpf69f31257e0e2e');\r\n                Vue.createApp({\r\n\t                components: {\r\n\t                    shortcode\r\n\t                }\r\n                }).mount(root);\r\n\t\t\t});\r\n\t\t<\/script>\r\n\t\t\r\n\t\t\n\n\n\n<p><\/p>\n\n\n\n<h2 class=\"wp-block-heading\"><strong>Myslete hlavn\u011b na toto<\/strong><\/h2>\n\n\n\n<p>P\u0159echodn\u00e9, nest\u00e1l\u00e9 a prom\u011bnliv\u00e9 po\u010das\u00ed vy\u017eaduje myslet na 3 z\u00e1kladn\u00ed v\u011bci:<\/p>\n\n\n\n<p><strong>Materi\u00e1l:<\/strong>\u00a0Ide\u00e1ln\u00ed je k\u016f\u017ee nebo kvalitn\u00ed syntetick\u00fd materi\u00e1l, kter\u00fd odol\u00e1 i p\u0159\u00edpadn\u00e9 vlhkosti.<br><strong>Pode\u0161ev:<\/strong>\u00a0Op\u011bt je t\u0159eba myslet na mo\u017en\u00e9 de\u0161t\u011b a ob\u010dasn\u00e9 bl\u00e1to \u2013 kvalitn\u00ed pode\u0161ev zaru\u010d\u00ed stabilitu. Z\u00e1rove\u0148 plat\u00ed, \u017ee do st\u00e1le chladn\u011bj\u0161\u00edch dn\u00ed \u010d\u00edm tlust\u0161\u00ed pode\u0161ev, t\u00edm teplej\u0161\u00ed nohy.<br><strong>Barva:<\/strong>\u00a0Prvn\u00ed volbou jsou neutr\u00e1ln\u00ed barevn\u00e9 t\u00f3ny (\u010dern\u00e1, b\u00e9\u017eov\u00e1, hn\u011bd\u00e1). Pro d\u00e1my, kter\u00e9 cht\u011bj\u00ed dr\u017eet krok s nejaktu\u00e1ln\u011bj\u0161\u00edmi trendy, pat\u0159\u00ed jaro 2026 zv\u00ed\u0159ec\u00edm potisk\u016fm, zejm\u00e9na leopard\u00ed a had\u00ed k\u016f\u017ei.<\/p>\n\n\n\n<figure class=\"wp-block-gallery has-nested-images columns-default is-cropped wp-block-gallery-2 is-layout-flex wp-block-gallery-is-layout-flex\">\n<figure class=\"wp-block-image size-large\"><img loading=\"lazy\" decoding=\"async\" width=\"683\" height=\"1024\" data-id=\"8421\" src=\"https:\/\/blog.ccc.eu\/cz\/wp-content\/uploads\/2026\/03\/CCC_5906751519684_02_M-683x1024.jpg\" alt=\"\" class=\"wp-image-8421\" srcset=\"https:\/\/blog.ccc.eu\/cz\/wp-content\/uploads\/2026\/03\/CCC_5906751519684_02_M-683x1024.jpg 683w, https:\/\/blog.ccc.eu\/cz\/wp-content\/uploads\/2026\/03\/CCC_5906751519684_02_M-200x300.jpg 200w, https:\/\/blog.ccc.eu\/cz\/wp-content\/uploads\/2026\/03\/CCC_5906751519684_02_M-768x1152.jpg 768w, https:\/\/blog.ccc.eu\/cz\/wp-content\/uploads\/2026\/03\/CCC_5906751519684_02_M-100x150.jpg 100w, https:\/\/blog.ccc.eu\/cz\/wp-content\/uploads\/2026\/03\/CCC_5906751519684_02_M.jpg 876w\" sizes=\"auto, (max-width: 683px) 100vw, 683px\" \/><\/figure>\n\n\n\n<figure class=\"wp-block-image size-large\"><img loading=\"lazy\" decoding=\"async\" width=\"683\" height=\"1024\" data-id=\"8422\" src=\"https:\/\/blog.ccc.eu\/cz\/wp-content\/uploads\/2026\/03\/CCC_5906751979075_02_M-683x1024.jpg\" alt=\"\" class=\"wp-image-8422\" srcset=\"https:\/\/blog.ccc.eu\/cz\/wp-content\/uploads\/2026\/03\/CCC_5906751979075_02_M-683x1024.jpg 683w, https:\/\/blog.ccc.eu\/cz\/wp-content\/uploads\/2026\/03\/CCC_5906751979075_02_M-200x300.jpg 200w, https:\/\/blog.ccc.eu\/cz\/wp-content\/uploads\/2026\/03\/CCC_5906751979075_02_M-768x1152.jpg 768w, https:\/\/blog.ccc.eu\/cz\/wp-content\/uploads\/2026\/03\/CCC_5906751979075_02_M-100x150.jpg 100w, https:\/\/blog.ccc.eu\/cz\/wp-content\/uploads\/2026\/03\/CCC_5906751979075_02_M.jpg 876w\" sizes=\"auto, (max-width: 683px) 100vw, 683px\" \/><\/figure>\n<\/figure>\n\n\n\n<p><\/p>\n\n\n\n<div class=\"wp-block-buttons is-content-justification-center is-layout-flex wp-container-core-buttons-is-layout-16018d1d wp-block-buttons-is-layout-flex\">\n<div class=\"wp-block-button is-style-fill\"><a class=\"wp-block-button__link has-custom-font-size wp-element-button\" href=\"https:\/\/ccc.eu\/cz\/cs\/c\/damske\/boty\/jarni\" style=\"border-radius:0px;font-size:15px\">Cel\u00e1 nab\u00eddka jarn\u00ed obuvi v CCC<\/a><\/div>\n<\/div>\n","protected":false},"excerpt":{"rendered":"<p>P\u0159echodn\u00e9 obdob\u00ed mezi zimou a jarem \u010dasto doprov\u00e1z\u00ed nevyzpytateln\u00e9 po\u010das\u00ed, kter\u00e9 vy\u017eaduje spr\u00e1vnou a funk\u010dn\u00ed obuv. \u010cl\u00e1nek v\u00e1m p\u0159edstav\u00ed nejlep\u0161\u00ed modely od kotn\u00edkov\u00fdch bot p\u0159es stylov\u00e9 mokas\u00edny a\u017e po pohodln\u00e9 tenisky. Zjist\u00edte, jak tyto kousky sladit s jarn\u00edm outfitem, abyste se c\u00edtila skv\u011ble a z\u016fstala v teple i b\u011bhem chladn\u00fdch r\u00e1n. Nechyb\u00ed ani tipy na trendy materi\u00e1ly a vzory pro sez\u00f3nu 2026.<\/p>\n","protected":false},"author":24,"featured_media":8420,"comment_status":"open","ping_status":"open","sticky":false,"template":"","format":"standard","meta":{"_acf_changed":false,"footnotes":""},"categories":[1011],"tags":[818,568,9],"class_list":["post-8418","post","type-post","status-publish","format-standard","has-post-thumbnail","hentry","category-jaro","tag-jaro","tag-tenisky","tag-trendy"],"acf":[],"yoast_head":"<!-- This site is optimized with the Yoast SEO plugin v26.9 - https:\/\/yoast.com\/product\/yoast-seo-wordpress\/ -->\n<title>Nejlep\u0161\u00ed obuv do p\u0159echodn\u00e9ho po\u010das\u00ed: Jak ji vybrat a nosit?<\/title>\n<meta name=\"description\" content=\"Hled\u00e1te nejlep\u0161\u00ed obuv do p\u0159echodn\u00e9ho po\u010das\u00ed? Na\u0161e tipy na kotn\u00edkov\u00e9 boty, mokas\u00edny i tenisky v\u00e1m pomohou vytvo\u0159it stylov\u00fd outfit. 2026\" \/>\n<meta name=\"robots\" content=\"index, follow, max-snippet:-1, max-image-preview:large, max-video-preview:-1\" \/>\n<link rel=\"canonical\" href=\"https:\/\/blog.ccc.eu\/cz\/nejlepsi-obuv-do-prechodneho-pocasi\/\" \/>\n<meta property=\"og:locale\" content=\"cs_CZ\" \/>\n<meta property=\"og:type\" content=\"article\" \/>\n<meta property=\"og:title\" content=\"Nejlep\u0161\u00ed obuv do p\u0159echodn\u00e9ho po\u010das\u00ed: Jak ji vybrat a nosit?\" \/>\n<meta property=\"og:description\" content=\"Hled\u00e1te nejlep\u0161\u00ed obuv do p\u0159echodn\u00e9ho po\u010das\u00ed? Na\u0161e tipy na kotn\u00edkov\u00e9 boty, mokas\u00edny i tenisky v\u00e1m pomohou vytvo\u0159it stylov\u00fd outfit.\" \/>\n<meta property=\"og:url\" content=\"https:\/\/blog.ccc.eu\/cz\/nejlepsi-obuv-do-prechodneho-pocasi\/\" \/>\n<meta property=\"og:site_name\" content=\"blog.ccc.eu\/cz\" \/>\n<meta property=\"article:published_time\" content=\"2026-03-09T17:35:36+00:00\" \/>\n<meta property=\"article:modified_time\" content=\"2026-03-15T23:11:34+00:00\" \/>\n<meta property=\"og:image\" content=\"https:\/\/blog.ccc.eu\/cz\/wp-content\/uploads\/2026\/03\/sneakersy-gino-rossi.jpg\" \/>\n\t<meta property=\"og:image:width\" content=\"876\" \/>\n\t<meta property=\"og:image:height\" content=\"1314\" \/>\n\t<meta property=\"og:image:type\" content=\"image\/jpeg\" \/>\n<meta name=\"author\" content=\"Kaja\" \/>\n<meta name=\"twitter:card\" content=\"summary_large_image\" \/>\n<meta name=\"twitter:label1\" content=\"Napsal(a)\" \/>\n\t<meta name=\"twitter:data1\" content=\"Kaja\" \/>\n\t<meta name=\"twitter:label2\" content=\"Odhadovan\u00e1 doba \u010dten\u00ed\" \/>\n\t<meta name=\"twitter:data2\" content=\"5 minut\" \/>\n<script type=\"application\/ld+json\" class=\"yoast-schema-graph\">{\"@context\":\"https:\/\/schema.org\",\"@graph\":[{\"@type\":\"Article\",\"@id\":\"https:\/\/blog.ccc.eu\/cz\/nejlepsi-obuv-do-prechodneho-pocasi\/#article\",\"isPartOf\":{\"@id\":\"https:\/\/blog.ccc.eu\/cz\/nejlepsi-obuv-do-prechodneho-pocasi\/\"},\"author\":{\"name\":\"Kaja\",\"@id\":\"https:\/\/blog.ccc.eu\/cz\/#\/schema\/person\/f21bfa7ed9e08fb4b5b823707bdde059\"},\"headline\":\"Nejlep\u0161\u00ed obuv do p\u0159echodn\u00e9ho po\u010das\u00ed: Co nosit, kdy\u017e je\u0161t\u011b nen\u00ed jaro, ale u\u017e nen\u00ed zima\",\"datePublished\":\"2026-03-09T17:35:36+00:00\",\"dateModified\":\"2026-03-15T23:11:34+00:00\",\"mainEntityOfPage\":{\"@id\":\"https:\/\/blog.ccc.eu\/cz\/nejlepsi-obuv-do-prechodneho-pocasi\/\"},\"wordCount\":998,\"commentCount\":0,\"publisher\":{\"@id\":\"https:\/\/blog.ccc.eu\/cz\/#organization\"},\"image\":{\"@id\":\"https:\/\/blog.ccc.eu\/cz\/nejlepsi-obuv-do-prechodneho-pocasi\/#primaryimage\"},\"thumbnailUrl\":\"https:\/\/blog.ccc.eu\/cz\/wp-content\/uploads\/2026\/03\/sneakersy-gino-rossi-e1776758205359.jpg\",\"keywords\":[\"jaro\",\"Tenisky\",\"trendy\"],\"articleSection\":[\"JARO\"],\"inLanguage\":\"cs\",\"potentialAction\":[{\"@type\":\"CommentAction\",\"name\":\"Comment\",\"target\":[\"https:\/\/blog.ccc.eu\/cz\/nejlepsi-obuv-do-prechodneho-pocasi\/#respond\"]}]},{\"@type\":\"WebPage\",\"@id\":\"https:\/\/blog.ccc.eu\/cz\/nejlepsi-obuv-do-prechodneho-pocasi\/\",\"url\":\"https:\/\/blog.ccc.eu\/cz\/nejlepsi-obuv-do-prechodneho-pocasi\/\",\"name\":\"Nejlep\u0161\u00ed obuv do p\u0159echodn\u00e9ho po\u010das\u00ed: Jak ji vybrat a nosit?\",\"isPartOf\":{\"@id\":\"https:\/\/blog.ccc.eu\/cz\/#website\"},\"primaryImageOfPage\":{\"@id\":\"https:\/\/blog.ccc.eu\/cz\/nejlepsi-obuv-do-prechodneho-pocasi\/#primaryimage\"},\"image\":{\"@id\":\"https:\/\/blog.ccc.eu\/cz\/nejlepsi-obuv-do-prechodneho-pocasi\/#primaryimage\"},\"thumbnailUrl\":\"https:\/\/blog.ccc.eu\/cz\/wp-content\/uploads\/2026\/03\/sneakersy-gino-rossi-e1776758205359.jpg\",\"datePublished\":\"2026-03-09T17:35:36+00:00\",\"dateModified\":\"2026-03-15T23:11:34+00:00\",\"description\":\"Hled\u00e1te nejlep\u0161\u00ed obuv do p\u0159echodn\u00e9ho po\u010das\u00ed? Na\u0161e tipy na kotn\u00edkov\u00e9 boty, mokas\u00edny i tenisky v\u00e1m pomohou vytvo\u0159it stylov\u00fd outfit.\",\"breadcrumb\":{\"@id\":\"https:\/\/blog.ccc.eu\/cz\/nejlepsi-obuv-do-prechodneho-pocasi\/#breadcrumb\"},\"inLanguage\":\"cs\",\"potentialAction\":[{\"@type\":\"ReadAction\",\"target\":[\"https:\/\/blog.ccc.eu\/cz\/nejlepsi-obuv-do-prechodneho-pocasi\/\"]}]},{\"@type\":\"ImageObject\",\"inLanguage\":\"cs\",\"@id\":\"https:\/\/blog.ccc.eu\/cz\/nejlepsi-obuv-do-prechodneho-pocasi\/#primaryimage\",\"url\":\"https:\/\/blog.ccc.eu\/cz\/wp-content\/uploads\/2026\/03\/sneakersy-gino-rossi-e1776758205359.jpg\",\"contentUrl\":\"https:\/\/blog.ccc.eu\/cz\/wp-content\/uploads\/2026\/03\/sneakersy-gino-rossi-e1776758205359.jpg\",\"width\":876,\"height\":470,\"caption\":\"nejlep\u0161\u00ed obuv do p\u0159echodn\u00e9ho po\u010das\u00ed\"},{\"@type\":\"BreadcrumbList\",\"@id\":\"https:\/\/blog.ccc.eu\/cz\/nejlepsi-obuv-do-prechodneho-pocasi\/#breadcrumb\",\"itemListElement\":[{\"@type\":\"ListItem\",\"position\":1,\"name\":\"Strona g\u0142\u00f3wna\",\"item\":\"https:\/\/blog.ccc.eu\/cz\/\"},{\"@type\":\"ListItem\",\"position\":2,\"name\":\"Nejlep\u0161\u00ed obuv do p\u0159echodn\u00e9ho po\u010das\u00ed: Co nosit, kdy\u017e je\u0161t\u011b nen\u00ed jaro, ale u\u017e nen\u00ed zima\"}]},{\"@type\":\"WebSite\",\"@id\":\"https:\/\/blog.ccc.eu\/cz\/#website\",\"url\":\"https:\/\/blog.ccc.eu\/cz\/\",\"name\":\"blog.ccc.eu\/cz\",\"description\":\"Va\u0161e m\u00edsto pln\u00e9 m\u00f3dn\u00edch inspirac\u00ed\",\"publisher\":{\"@id\":\"https:\/\/blog.ccc.eu\/cz\/#organization\"},\"potentialAction\":[{\"@type\":\"SearchAction\",\"target\":{\"@type\":\"EntryPoint\",\"urlTemplate\":\"https:\/\/blog.ccc.eu\/cz\/?s={search_term_string}\"},\"query-input\":{\"@type\":\"PropertyValueSpecification\",\"valueRequired\":true,\"valueName\":\"search_term_string\"}}],\"inLanguage\":\"cs\"},{\"@type\":\"Organization\",\"@id\":\"https:\/\/blog.ccc.eu\/cz\/#organization\",\"name\":\"CCC S.A.\",\"url\":\"https:\/\/blog.ccc.eu\/cz\/\",\"logo\":{\"@type\":\"ImageObject\",\"inLanguage\":\"cs\",\"@id\":\"https:\/\/blog.ccc.eu\/cz\/#\/schema\/logo\/image\/\",\"url\":\"https:\/\/blog.ccc.eu\/cz\/wp-content\/uploads\/2021\/11\/logo_ccc.png\",\"contentUrl\":\"https:\/\/blog.ccc.eu\/cz\/wp-content\/uploads\/2021\/11\/logo_ccc.png\",\"width\":730,\"height\":270,\"caption\":\"CCC S.A.\"},\"image\":{\"@id\":\"https:\/\/blog.ccc.eu\/cz\/#\/schema\/logo\/image\/\"}},{\"@type\":\"Person\",\"@id\":\"https:\/\/blog.ccc.eu\/cz\/#\/schema\/person\/f21bfa7ed9e08fb4b5b823707bdde059\",\"name\":\"Kaja\",\"image\":{\"@type\":\"ImageObject\",\"inLanguage\":\"cs\",\"@id\":\"https:\/\/blog.ccc.eu\/cz\/#\/schema\/person\/image\/\",\"url\":\"https:\/\/blog.ccc.eu\/cz\/wp-content\/uploads\/2024\/06\/white-1-300x300-1-100x100.jpg\",\"contentUrl\":\"https:\/\/blog.ccc.eu\/cz\/wp-content\/uploads\/2024\/06\/white-1-300x300-1-100x100.jpg\",\"caption\":\"Kaja\"},\"description\":\"U\u017e od pubert\u00e1ln\u00edch let se v\u011bnuje pr\u00e1ci v m\u00e9di\u00edch a psan\u00ed. Z kon\u00ed\u010dka se stalo \u017eivobyt\u00ed, kter\u00e9 j\u00ed z\u00e1rove\u0148 poskytlo dostatek svobody k tomu, aby mohla pom\u011brn\u011b hodn\u011b cestovat a pozn\u00e1vat sv\u011bt a r\u016fzn\u00e9 kultury. Energii j\u00ed dod\u00e1v\u00e1 \u010dten\u00ed knih, voda a hudba.\",\"url\":\"https:\/\/blog.ccc.eu\/cz\/author\/perlamakovienka-sk\/\"}]}<\/script>\n<!-- \/ Yoast SEO plugin. -->","yoast_head_json":{"title":"Nejlep\u0161\u00ed obuv do p\u0159echodn\u00e9ho po\u010das\u00ed: Jak ji vybrat a nosit?","description":"Hled\u00e1te nejlep\u0161\u00ed obuv do p\u0159echodn\u00e9ho po\u010das\u00ed? Na\u0161e tipy na kotn\u00edkov\u00e9 boty, mokas\u00edny i tenisky v\u00e1m pomohou vytvo\u0159it stylov\u00fd outfit. 2026","robots":{"index":"index","follow":"follow","max-snippet":"max-snippet:-1","max-image-preview":"max-image-preview:large","max-video-preview":"max-video-preview:-1"},"canonical":"https:\/\/blog.ccc.eu\/cz\/nejlepsi-obuv-do-prechodneho-pocasi\/","og_locale":"cs_CZ","og_type":"article","og_title":"Nejlep\u0161\u00ed obuv do p\u0159echodn\u00e9ho po\u010das\u00ed: Jak ji vybrat a nosit?","og_description":"Hled\u00e1te nejlep\u0161\u00ed obuv do p\u0159echodn\u00e9ho po\u010das\u00ed? Na\u0161e tipy na kotn\u00edkov\u00e9 boty, mokas\u00edny i tenisky v\u00e1m pomohou vytvo\u0159it stylov\u00fd outfit.","og_url":"https:\/\/blog.ccc.eu\/cz\/nejlepsi-obuv-do-prechodneho-pocasi\/","og_site_name":"blog.ccc.eu\/cz","article_published_time":"2026-03-09T17:35:36+00:00","article_modified_time":"2026-03-15T23:11:34+00:00","og_image":[{"width":876,"height":1314,"url":"https:\/\/blog.ccc.eu\/cz\/wp-content\/uploads\/2026\/03\/sneakersy-gino-rossi.jpg","type":"image\/jpeg"}],"author":"Kaja","twitter_card":"summary_large_image","twitter_misc":{"Napsal(a)":"Kaja","Odhadovan\u00e1 doba \u010dten\u00ed":"5 minut"},"schema":{"@context":"https:\/\/schema.org","@graph":[{"@type":"Article","@id":"https:\/\/blog.ccc.eu\/cz\/nejlepsi-obuv-do-prechodneho-pocasi\/#article","isPartOf":{"@id":"https:\/\/blog.ccc.eu\/cz\/nejlepsi-obuv-do-prechodneho-pocasi\/"},"author":{"name":"Kaja","@id":"https:\/\/blog.ccc.eu\/cz\/#\/schema\/person\/f21bfa7ed9e08fb4b5b823707bdde059"},"headline":"Nejlep\u0161\u00ed obuv do p\u0159echodn\u00e9ho po\u010das\u00ed: Co nosit, kdy\u017e je\u0161t\u011b nen\u00ed jaro, ale u\u017e nen\u00ed zima","datePublished":"2026-03-09T17:35:36+00:00","dateModified":"2026-03-15T23:11:34+00:00","mainEntityOfPage":{"@id":"https:\/\/blog.ccc.eu\/cz\/nejlepsi-obuv-do-prechodneho-pocasi\/"},"wordCount":998,"commentCount":0,"publisher":{"@id":"https:\/\/blog.ccc.eu\/cz\/#organization"},"image":{"@id":"https:\/\/blog.ccc.eu\/cz\/nejlepsi-obuv-do-prechodneho-pocasi\/#primaryimage"},"thumbnailUrl":"https:\/\/blog.ccc.eu\/cz\/wp-content\/uploads\/2026\/03\/sneakersy-gino-rossi-e1776758205359.jpg","keywords":["jaro","Tenisky","trendy"],"articleSection":["JARO"],"inLanguage":"cs","potentialAction":[{"@type":"CommentAction","name":"Comment","target":["https:\/\/blog.ccc.eu\/cz\/nejlepsi-obuv-do-prechodneho-pocasi\/#respond"]}]},{"@type":"WebPage","@id":"https:\/\/blog.ccc.eu\/cz\/nejlepsi-obuv-do-prechodneho-pocasi\/","url":"https:\/\/blog.ccc.eu\/cz\/nejlepsi-obuv-do-prechodneho-pocasi\/","name":"Nejlep\u0161\u00ed obuv do p\u0159echodn\u00e9ho po\u010das\u00ed: Jak ji vybrat a nosit?","isPartOf":{"@id":"https:\/\/blog.ccc.eu\/cz\/#website"},"primaryImageOfPage":{"@id":"https:\/\/blog.ccc.eu\/cz\/nejlepsi-obuv-do-prechodneho-pocasi\/#primaryimage"},"image":{"@id":"https:\/\/blog.ccc.eu\/cz\/nejlepsi-obuv-do-prechodneho-pocasi\/#primaryimage"},"thumbnailUrl":"https:\/\/blog.ccc.eu\/cz\/wp-content\/uploads\/2026\/03\/sneakersy-gino-rossi-e1776758205359.jpg","datePublished":"2026-03-09T17:35:36+00:00","dateModified":"2026-03-15T23:11:34+00:00","description":"Hled\u00e1te nejlep\u0161\u00ed obuv do p\u0159echodn\u00e9ho po\u010das\u00ed? Na\u0161e tipy na kotn\u00edkov\u00e9 boty, mokas\u00edny i tenisky v\u00e1m pomohou vytvo\u0159it stylov\u00fd outfit.","breadcrumb":{"@id":"https:\/\/blog.ccc.eu\/cz\/nejlepsi-obuv-do-prechodneho-pocasi\/#breadcrumb"},"inLanguage":"cs","potentialAction":[{"@type":"ReadAction","target":["https:\/\/blog.ccc.eu\/cz\/nejlepsi-obuv-do-prechodneho-pocasi\/"]}]},{"@type":"ImageObject","inLanguage":"cs","@id":"https:\/\/blog.ccc.eu\/cz\/nejlepsi-obuv-do-prechodneho-pocasi\/#primaryimage","url":"https:\/\/blog.ccc.eu\/cz\/wp-content\/uploads\/2026\/03\/sneakersy-gino-rossi-e1776758205359.jpg","contentUrl":"https:\/\/blog.ccc.eu\/cz\/wp-content\/uploads\/2026\/03\/sneakersy-gino-rossi-e1776758205359.jpg","width":876,"height":470,"caption":"nejlep\u0161\u00ed obuv do p\u0159echodn\u00e9ho po\u010das\u00ed"},{"@type":"BreadcrumbList","@id":"https:\/\/blog.ccc.eu\/cz\/nejlepsi-obuv-do-prechodneho-pocasi\/#breadcrumb","itemListElement":[{"@type":"ListItem","position":1,"name":"Strona g\u0142\u00f3wna","item":"https:\/\/blog.ccc.eu\/cz\/"},{"@type":"ListItem","position":2,"name":"Nejlep\u0161\u00ed obuv do p\u0159echodn\u00e9ho po\u010das\u00ed: Co nosit, kdy\u017e je\u0161t\u011b nen\u00ed jaro, ale u\u017e nen\u00ed zima"}]},{"@type":"WebSite","@id":"https:\/\/blog.ccc.eu\/cz\/#website","url":"https:\/\/blog.ccc.eu\/cz\/","name":"blog.ccc.eu\/cz","description":"Va\u0161e m\u00edsto pln\u00e9 m\u00f3dn\u00edch inspirac\u00ed","publisher":{"@id":"https:\/\/blog.ccc.eu\/cz\/#organization"},"potentialAction":[{"@type":"SearchAction","target":{"@type":"EntryPoint","urlTemplate":"https:\/\/blog.ccc.eu\/cz\/?s={search_term_string}"},"query-input":{"@type":"PropertyValueSpecification","valueRequired":true,"valueName":"search_term_string"}}],"inLanguage":"cs"},{"@type":"Organization","@id":"https:\/\/blog.ccc.eu\/cz\/#organization","name":"CCC S.A.","url":"https:\/\/blog.ccc.eu\/cz\/","logo":{"@type":"ImageObject","inLanguage":"cs","@id":"https:\/\/blog.ccc.eu\/cz\/#\/schema\/logo\/image\/","url":"https:\/\/blog.ccc.eu\/cz\/wp-content\/uploads\/2021\/11\/logo_ccc.png","contentUrl":"https:\/\/blog.ccc.eu\/cz\/wp-content\/uploads\/2021\/11\/logo_ccc.png","width":730,"height":270,"caption":"CCC S.A."},"image":{"@id":"https:\/\/blog.ccc.eu\/cz\/#\/schema\/logo\/image\/"}},{"@type":"Person","@id":"https:\/\/blog.ccc.eu\/cz\/#\/schema\/person\/f21bfa7ed9e08fb4b5b823707bdde059","name":"Kaja","image":{"@type":"ImageObject","inLanguage":"cs","@id":"https:\/\/blog.ccc.eu\/cz\/#\/schema\/person\/image\/","url":"https:\/\/blog.ccc.eu\/cz\/wp-content\/uploads\/2024\/06\/white-1-300x300-1-100x100.jpg","contentUrl":"https:\/\/blog.ccc.eu\/cz\/wp-content\/uploads\/2024\/06\/white-1-300x300-1-100x100.jpg","caption":"Kaja"},"description":"U\u017e od pubert\u00e1ln\u00edch let se v\u011bnuje pr\u00e1ci v m\u00e9di\u00edch a psan\u00ed. Z kon\u00ed\u010dka se stalo \u017eivobyt\u00ed, kter\u00e9 j\u00ed z\u00e1rove\u0148 poskytlo dostatek svobody k tomu, aby mohla pom\u011brn\u011b hodn\u011b cestovat a pozn\u00e1vat sv\u011bt a r\u016fzn\u00e9 kultury. Energii j\u00ed dod\u00e1v\u00e1 \u010dten\u00ed knih, voda a hudba.","url":"https:\/\/blog.ccc.eu\/cz\/author\/perlamakovienka-sk\/"}]}},"_links":{"self":[{"href":"https:\/\/blog.ccc.eu\/cz\/wp-json\/wp\/v2\/posts\/8418","targetHints":{"allow":["GET"]}}],"collection":[{"href":"https:\/\/blog.ccc.eu\/cz\/wp-json\/wp\/v2\/posts"}],"about":[{"href":"https:\/\/blog.ccc.eu\/cz\/wp-json\/wp\/v2\/types\/post"}],"author":[{"embeddable":true,"href":"https:\/\/blog.ccc.eu\/cz\/wp-json\/wp\/v2\/users\/24"}],"replies":[{"embeddable":true,"href":"https:\/\/blog.ccc.eu\/cz\/wp-json\/wp\/v2\/comments?post=8418"}],"version-history":[{"count":2,"href":"https:\/\/blog.ccc.eu\/cz\/wp-json\/wp\/v2\/posts\/8418\/revisions"}],"predecessor-version":[{"id":8425,"href":"https:\/\/blog.ccc.eu\/cz\/wp-json\/wp\/v2\/posts\/8418\/revisions\/8425"}],"wp:featuredmedia":[{"embeddable":true,"href":"https:\/\/blog.ccc.eu\/cz\/wp-json\/wp\/v2\/media\/8420"}],"wp:attachment":[{"href":"https:\/\/blog.ccc.eu\/cz\/wp-json\/wp\/v2\/media?parent=8418"}],"wp:term":[{"taxonomy":"category","embeddable":true,"href":"https:\/\/blog.ccc.eu\/cz\/wp-json\/wp\/v2\/categories?post=8418"},{"taxonomy":"post_tag","embeddable":true,"href":"https:\/\/blog.ccc.eu\/cz\/wp-json\/wp\/v2\/tags?post=8418"}],"curies":[{"name":"wp","href":"https:\/\/api.w.org\/{rel}","templated":true}]}}