{"id":8444,"date":"2026-04-21T09:52:01","date_gmt":"2026-04-21T07:52:01","guid":{"rendered":"https:\/\/blog.ccc.eu\/cz\/?p=8444"},"modified":"2026-04-21T10:07:59","modified_gmt":"2026-04-21T08:07:59","slug":"countryside-press-day-2026","status":"publish","type":"post","link":"https:\/\/blog.ccc.eu\/cz\/countryside-press-day-2026\/","title":{"rendered":"CCC Countryside Press Day: P\u0159irozen\u00e1 elegance a m\u00f3dn\u00ed inspirace pro jaro\/l\u00e9to 2026"},"content":{"rendered":"\n<p><em>V polovin\u011b dubna jsme p\u0159enesli sv\u011bt CCC do prost\u0159ed\u00ed, kde m\u00f3da z\u00edsk\u00e1v\u00e1 nov\u00fd rozm\u011br. Dv\u016fr Hoffmeister se stal m\u00edstem, kde jsme b\u011bhem CCC Countryside Press Day p\u0159edstavili na\u0161i vizi pro sez\u00f3nu jaro\/l\u00e9to 2026 \u2013 lehkou, p\u0159irozenou a sebev\u011bdomou.<\/em><\/p>\n\n\n<div class=\"wp-block-image\">\n<figure class=\"aligncenter size-full\"><a href=\"https:\/\/ccc.eu\/cz\/cs\/c\/kolekce\/jaro-leto\/damske\/znacka:beverly_hills_polo_club-g_star_raw-gino_rossi-guess_jeans-hunter-badura-mexx-nine_west?pageSize=100\"><img decoding=\"async\" src=\"https:\/\/blog.ccc.eu\/cz\/wp-content\/uploads\/2026\/04\/SAKO_KV_600x600.png\" alt=\"\" class=\"wp-image-8445\"\/><\/a><\/figure>\n<\/div>\n\n\n<p>Ne\u0161lo jen o prezentaci kolekc\u00ed. Cht\u011bli jsme vytvo\u0159it atmosf\u00e9ru, ve kter\u00e9 m\u00f3da p\u0159irozen\u011b zapad\u00e1 do ka\u017edodenn\u00edho \u017eivota i okoln\u00ed krajiny. V\u00fdsledkem byl <strong>den pln\u00fd inspirace, autentick\u00fdch moment\u016f a stylu<\/strong>, kter\u00fd nen\u00ed sv\u00e1zan\u00fd pravidly.<\/p>\n\n\n\n<figure class=\"wp-block-gallery has-nested-images columns-default is-cropped wp-block-gallery-1 is-layout-flex wp-block-gallery-is-layout-flex\">\n<figure class=\"wp-block-image size-large\"><a href=\"https:\/\/ccc.eu\/cz\/cs\/c\/kolekce\/jaro-leto\/damske\/znacka:beverly_hills_polo_club-g_star_raw-gino_rossi-guess_jeans-hunter-badura-mexx-nine_west?pageSize=100\"><img loading=\"lazy\" decoding=\"async\" width=\"1024\" height=\"683\" data-id=\"8446\" src=\"https:\/\/blog.ccc.eu\/cz\/wp-content\/uploads\/2026\/04\/3R5A7225-1024x683.jpg\" alt=\"\" class=\"wp-image-8446\" srcset=\"https:\/\/blog.ccc.eu\/cz\/wp-content\/uploads\/2026\/04\/3R5A7225-1024x683.jpg 1024w, https:\/\/blog.ccc.eu\/cz\/wp-content\/uploads\/2026\/04\/3R5A7225-300x200.jpg 300w, https:\/\/blog.ccc.eu\/cz\/wp-content\/uploads\/2026\/04\/3R5A7225-768x512.jpg 768w, https:\/\/blog.ccc.eu\/cz\/wp-content\/uploads\/2026\/04\/3R5A7225-1536x1024.jpg 1536w, https:\/\/blog.ccc.eu\/cz\/wp-content\/uploads\/2026\/04\/3R5A7225-2048x1366.jpg 2048w, https:\/\/blog.ccc.eu\/cz\/wp-content\/uploads\/2026\/04\/3R5A7225-100x67.jpg 100w\" sizes=\"auto, (max-width: 1024px) 100vw, 1024px\" \/><\/a><\/figure>\n<\/figure>\n\n\n\n<h3 class=\"wp-block-heading\"><strong>Styl, kter\u00fd vych\u00e1z\u00ed z p\u0159irozenosti<\/strong><\/h3>\n\n\n\n<p>Jarn\u00ed prost\u0159ed\u00ed statku n\u00e1m umo\u017enilo uk\u00e1zat kolekce v jejich nejp\u0159irozen\u011bj\u0161\u00ed podob\u011b. Siluety, materi\u00e1ly i barevnost vynikly v kontrastu se zelen\u00ed, sv\u011btlem a otev\u0159en\u00fdm prostorem. Pr\u00e1v\u011b zde se naplno uk\u00e1zalo, jak d\u016fle\u017eit\u00e1 je rovnov\u00e1ha mezi designem a funk\u010dnost\u00ed \u2013 mezi t\u00edm, co dob\u0159e vypad\u00e1, a t\u00edm, co skute\u010dn\u011b funguje v ka\u017edodenn\u00edm pohybu. Mezi hosty, kte\u0159\u00ed s n\u00e1mi sd\u00edleli tento den, nechyb\u011bly osobnosti jako <strong>Zorka Hejdov\u00e1<\/strong> nebo <strong>Nikol \u0160vantnerov\u00e1<\/strong>. I jejich styl a p\u0159\u00edstup potvrdily, \u017ee sou\u010dasn\u00e1 m\u00f3da stoj\u00ed na individualit\u011b a p\u0159irozen\u00e9m sebevyj\u00e1d\u0159en\u00ed.<\/p>\n\n\n\n<div class=\"wp-block-columns is-layout-flex wp-container-core-columns-is-layout-9d6595d7 wp-block-columns-is-layout-flex\">\n<div class=\"wp-block-column is-layout-flow wp-block-column-is-layout-flow\">\n<figure class=\"wp-block-image size-large\"><a href=\"https:\/\/ccc.eu\/cz\/cs\/c\/kolekce\/jaro-leto\/damske\/znacka:beverly_hills_polo_club-g_star_raw-gino_rossi-guess_jeans-hunter-badura-mexx-nine_west?pageSize=100\"><img loading=\"lazy\" decoding=\"async\" width=\"683\" height=\"1024\" src=\"https:\/\/blog.ccc.eu\/cz\/wp-content\/uploads\/2026\/04\/3R5A7188-683x1024.jpg\" alt=\"\" class=\"wp-image-8447\" srcset=\"https:\/\/blog.ccc.eu\/cz\/wp-content\/uploads\/2026\/04\/3R5A7188-683x1024.jpg 683w, https:\/\/blog.ccc.eu\/cz\/wp-content\/uploads\/2026\/04\/3R5A7188-200x300.jpg 200w, https:\/\/blog.ccc.eu\/cz\/wp-content\/uploads\/2026\/04\/3R5A7188-768x1152.jpg 768w, https:\/\/blog.ccc.eu\/cz\/wp-content\/uploads\/2026\/04\/3R5A7188-1024x1536.jpg 1024w, https:\/\/blog.ccc.eu\/cz\/wp-content\/uploads\/2026\/04\/3R5A7188-1365x2048.jpg 1365w, https:\/\/blog.ccc.eu\/cz\/wp-content\/uploads\/2026\/04\/3R5A7188-100x150.jpg 100w, https:\/\/blog.ccc.eu\/cz\/wp-content\/uploads\/2026\/04\/3R5A7188-scaled.jpg 1706w\" sizes=\"auto, (max-width: 683px) 100vw, 683px\" \/><\/a><\/figure>\n<\/div>\n\n\n\n<div class=\"wp-block-column is-layout-flow wp-block-column-is-layout-flow\">\n<figure class=\"wp-block-image size-large\"><a href=\"https:\/\/ccc.eu\/cz\/cs\/c\/kolekce\/jaro-leto\/damske\/znacka:beverly_hills_polo_club-g_star_raw-gino_rossi-guess_jeans-hunter-badura-mexx-nine_west?pageSize=100\"><img loading=\"lazy\" decoding=\"async\" width=\"683\" height=\"1024\" src=\"https:\/\/blog.ccc.eu\/cz\/wp-content\/uploads\/2026\/04\/3R5A7464-683x1024.jpg\" alt=\"\" class=\"wp-image-8448\" srcset=\"https:\/\/blog.ccc.eu\/cz\/wp-content\/uploads\/2026\/04\/3R5A7464-683x1024.jpg 683w, https:\/\/blog.ccc.eu\/cz\/wp-content\/uploads\/2026\/04\/3R5A7464-200x300.jpg 200w, https:\/\/blog.ccc.eu\/cz\/wp-content\/uploads\/2026\/04\/3R5A7464-768x1152.jpg 768w, https:\/\/blog.ccc.eu\/cz\/wp-content\/uploads\/2026\/04\/3R5A7464-1024x1536.jpg 1024w, https:\/\/blog.ccc.eu\/cz\/wp-content\/uploads\/2026\/04\/3R5A7464-1365x2048.jpg 1365w, https:\/\/blog.ccc.eu\/cz\/wp-content\/uploads\/2026\/04\/3R5A7464-100x150.jpg 100w, https:\/\/blog.ccc.eu\/cz\/wp-content\/uploads\/2026\/04\/3R5A7464-scaled.jpg 1707w\" sizes=\"auto, (max-width: 683px) 100vw, 683px\" \/><\/a><\/figure>\n<\/div>\n<\/div>\n\n\n\n<h3 class=\"wp-block-heading\"><strong>Kolekce, kter\u00e9 mluv\u00ed vlastn\u00edm jazykem<\/strong><\/h3>\n\n\n\n<p>Ka\u017ed\u00e1 zna\u010dka z na\u0161eho portfolia dostala prostor vyj\u00e1d\u0159it sv\u016fj charakter v kontextu, kter\u00fd j\u00ed je bl\u00edzk\u00fd. <strong><a href=\"https:\/\/ccc.eu\/cz\/cs\/c\/damske\/znacky\/beverly-hills-polo-club\">Beverly Hills Polo Club<\/a><\/strong> jsme zasadili do jezdeck\u00e9ho prost\u0159ed\u00ed, kde vynikla jej\u00ed <strong>sportovn\u00ed elegance a uvoln\u011bn\u00fd luxus<\/strong>. P\u0159irozenou sou\u010d\u00e1st\u00ed t\u00e9to \u010d\u00e1sti programu bylo i focen\u00ed s ko\u0148mi, kter\u00e9 podtrhlo DNA zna\u010dky. Venkovn\u00ed instalace pat\u0159ily zna\u010dk\u00e1m <strong><a href=\"https:\/\/ccc.eu\/cz\/cs\/c\/damske\/znacky\/hunter\">Hunter <\/a><\/strong>a <strong><a href=\"https:\/\/ccc.eu\/cz\/cs\/c\/damske\/znacky\/mexx\">Mexx<\/a><\/strong>. Ty uk\u00e1zaly, \u017ee <strong>styl a prakti\u010dnost mohou j\u00edt ruku<\/strong> v <strong>ruce<\/strong> \u2013 a \u017ee sou\u010dasn\u00fd \u0161atn\u00edk mus\u00ed b\u00fdt p\u0159ipraven\u00fd na prom\u011bnliv\u00e9 tempo i po\u010das\u00ed.<\/p>\n\n\n\n<div class=\"wp-block-columns is-layout-flex wp-container-core-columns-is-layout-9d6595d7 wp-block-columns-is-layout-flex\">\n<div class=\"wp-block-column is-layout-flow wp-block-column-is-layout-flow\">\n<figure class=\"wp-block-image size-large\"><a href=\"http:\/\/\u2022\thttps:\/\/ccc.eu\/cz\/cs\/p\/kabelka-nine-west-ceo-zerna-ky258-ruzova-5906751544006\"><img loading=\"lazy\" decoding=\"async\" width=\"683\" height=\"1024\" src=\"https:\/\/blog.ccc.eu\/cz\/wp-content\/uploads\/2026\/04\/3R5A7206-683x1024.jpg\" alt=\"\" class=\"wp-image-8449\" srcset=\"https:\/\/blog.ccc.eu\/cz\/wp-content\/uploads\/2026\/04\/3R5A7206-683x1024.jpg 683w, https:\/\/blog.ccc.eu\/cz\/wp-content\/uploads\/2026\/04\/3R5A7206-200x300.jpg 200w, https:\/\/blog.ccc.eu\/cz\/wp-content\/uploads\/2026\/04\/3R5A7206-768x1152.jpg 768w, https:\/\/blog.ccc.eu\/cz\/wp-content\/uploads\/2026\/04\/3R5A7206-1024x1536.jpg 1024w, https:\/\/blog.ccc.eu\/cz\/wp-content\/uploads\/2026\/04\/3R5A7206-1365x2048.jpg 1365w, https:\/\/blog.ccc.eu\/cz\/wp-content\/uploads\/2026\/04\/3R5A7206-100x150.jpg 100w, https:\/\/blog.ccc.eu\/cz\/wp-content\/uploads\/2026\/04\/3R5A7206-scaled.jpg 1706w\" sizes=\"auto, (max-width: 683px) 100vw, 683px\" \/><\/a><\/figure>\n<\/div>\n\n\n\n<div class=\"wp-block-column is-layout-flow wp-block-column-is-layout-flow\">\n<figure class=\"wp-block-image size-large\"><a href=\"http:\/\/\u2022\thttps:\/\/ccc.eu\/cz\/cs\/p\/kabelka-nine-west-ceo-verona-lda8887-zluta-5906751543672\"><img loading=\"lazy\" decoding=\"async\" width=\"683\" height=\"1024\" src=\"https:\/\/blog.ccc.eu\/cz\/wp-content\/uploads\/2026\/04\/3R5A7199-683x1024.jpg\" alt=\"\" class=\"wp-image-8450\" srcset=\"https:\/\/blog.ccc.eu\/cz\/wp-content\/uploads\/2026\/04\/3R5A7199-683x1024.jpg 683w, https:\/\/blog.ccc.eu\/cz\/wp-content\/uploads\/2026\/04\/3R5A7199-200x300.jpg 200w, https:\/\/blog.ccc.eu\/cz\/wp-content\/uploads\/2026\/04\/3R5A7199-768x1152.jpg 768w, https:\/\/blog.ccc.eu\/cz\/wp-content\/uploads\/2026\/04\/3R5A7199-1024x1536.jpg 1024w, https:\/\/blog.ccc.eu\/cz\/wp-content\/uploads\/2026\/04\/3R5A7199-1365x2048.jpg 1365w, https:\/\/blog.ccc.eu\/cz\/wp-content\/uploads\/2026\/04\/3R5A7199-100x150.jpg 100w, https:\/\/blog.ccc.eu\/cz\/wp-content\/uploads\/2026\/04\/3R5A7199-scaled.jpg 1706w\" sizes=\"auto, (max-width: 683px) 100vw, 683px\" \/><\/a><\/figure>\n<\/div>\n<\/div>\n\n\n\n<div class=\"wp-block-columns is-layout-flex wp-container-core-columns-is-layout-9d6595d7 wp-block-columns-is-layout-flex\">\n<div class=\"wp-block-column is-layout-flow wp-block-column-is-layout-flow\">\n<figure class=\"wp-block-image size-large\"><a href=\"http:\/\/\u2022\thttps:\/\/ccc.eu\/cz\/cs\/p\/gumaky-hunter-ceo-sjy-t-jasne-zelena-5907964025375\"><img loading=\"lazy\" decoding=\"async\" width=\"683\" height=\"1024\" src=\"https:\/\/blog.ccc.eu\/cz\/wp-content\/uploads\/2026\/04\/3R5A7270-683x1024.jpg\" alt=\"\" class=\"wp-image-8451\" srcset=\"https:\/\/blog.ccc.eu\/cz\/wp-content\/uploads\/2026\/04\/3R5A7270-683x1024.jpg 683w, https:\/\/blog.ccc.eu\/cz\/wp-content\/uploads\/2026\/04\/3R5A7270-200x300.jpg 200w, https:\/\/blog.ccc.eu\/cz\/wp-content\/uploads\/2026\/04\/3R5A7270-768x1152.jpg 768w, https:\/\/blog.ccc.eu\/cz\/wp-content\/uploads\/2026\/04\/3R5A7270-1024x1536.jpg 1024w, https:\/\/blog.ccc.eu\/cz\/wp-content\/uploads\/2026\/04\/3R5A7270-1365x2048.jpg 1365w, https:\/\/blog.ccc.eu\/cz\/wp-content\/uploads\/2026\/04\/3R5A7270-100x150.jpg 100w, https:\/\/blog.ccc.eu\/cz\/wp-content\/uploads\/2026\/04\/3R5A7270-scaled.jpg 1706w\" sizes=\"auto, (max-width: 683px) 100vw, 683px\" \/><\/a><\/figure>\n<\/div>\n\n\n\n<div class=\"wp-block-column is-layout-flow wp-block-column-is-layout-flow\">\n<figure class=\"wp-block-image size-large\"><a href=\"http:\/\/\u2022\thttps:\/\/ccc.eu\/cz\/cs\/p\/kabelka-beverly-hills-polo-club-ceo-bhpc-c-016-07-camel-5906751621684\"><img loading=\"lazy\" decoding=\"async\" width=\"683\" height=\"1024\" src=\"https:\/\/blog.ccc.eu\/cz\/wp-content\/uploads\/2026\/04\/3R5A7246-1-683x1024.jpg\" alt=\"\" class=\"wp-image-8452\" srcset=\"https:\/\/blog.ccc.eu\/cz\/wp-content\/uploads\/2026\/04\/3R5A7246-1-683x1024.jpg 683w, https:\/\/blog.ccc.eu\/cz\/wp-content\/uploads\/2026\/04\/3R5A7246-1-200x300.jpg 200w, https:\/\/blog.ccc.eu\/cz\/wp-content\/uploads\/2026\/04\/3R5A7246-1-768x1152.jpg 768w, https:\/\/blog.ccc.eu\/cz\/wp-content\/uploads\/2026\/04\/3R5A7246-1-1024x1536.jpg 1024w, https:\/\/blog.ccc.eu\/cz\/wp-content\/uploads\/2026\/04\/3R5A7246-1-1365x2048.jpg 1365w, https:\/\/blog.ccc.eu\/cz\/wp-content\/uploads\/2026\/04\/3R5A7246-1-100x150.jpg 100w, https:\/\/blog.ccc.eu\/cz\/wp-content\/uploads\/2026\/04\/3R5A7246-1-scaled.jpg 1706w\" sizes=\"auto, (max-width: 683px) 100vw, 683px\" \/><\/a><\/figure>\n<\/div>\n<\/div>\n\n\n\n<h3 class=\"wp-block-heading\"><strong>THE CCC TREND ROOM: Soust\u0159ed\u011bn\u00fd pohled na detaily<\/strong><\/h3>\n\n\n\n<p>Odpoledne jsme pozornost p\u0159esunuli do prostoru THE CCC TREND ROOM, kde jsme nab\u00eddli jin\u00fd \u00fahel pohledu, kter\u00fd je klidn\u011bj\u0161\u00ed, detailn\u011bj\u0161\u00ed a v\u00edce zam\u011b\u0159en\u00fd na samotnou podstatu trend\u016f. P\u0159edstavili jsme zde v\u00fdb\u011br zna\u010dek jako <strong><a href=\"https:\/\/ccc.eu\/cz\/cs\/c\/znacky\/nine-west\">Nine West<\/a><\/strong>, <strong><a href=\"https:\/\/ccc.eu\/cz\/cs\/c\/znacky\/guess-jeans\">GUESS Jeans<\/a><\/strong>, <strong><a href=\"https:\/\/ccc.eu\/cz\/cs\/c\/znacky\/g-star-raw\">G-STAR<\/a><\/strong>, <strong><a href=\"https:\/\/ccc.eu\/cz\/cs\/c\/damske\/znacky\/gino-rossi\">Gino Rossi<\/a><\/strong> a <strong><a href=\"https:\/\/ccc.eu\/cz\/cs\/c\/damske\/znacky\/badura\">Badura<\/a><\/strong>. Pr\u00e1v\u011b tady vznikl prostor pro sd\u00edlen\u00ed, diskuzi a hlub\u0161\u00ed pochopen\u00ed toho, kam se m\u00f3da posouv\u00e1. Zam\u011b\u0159ili jsme se na kl\u00ed\u010dov\u00e9 siluety, pr\u00e1ci s materi\u00e1ly i barevn\u00e9 sm\u011bry, kter\u00e9 budou definovat nadch\u00e1zej\u00edc\u00ed m\u011bs\u00edce.<\/p>\n\n\n\n<h3 class=\"wp-block-heading\"><strong>M\u00f3da jako z\u00e1\u017eitek, ne jen produkt<\/strong><\/h3>\n\n\n\n<p><strong>CCC Countryside Press Day<\/strong> pro n\u00e1s nen\u00ed jen ud\u00e1lost\u00ed v kalend\u00e1\u0159i. Je to zp\u016fsob, jak p\u0159ibl\u00ed\u017eit m\u00f3du v jej\u00ed skute\u010dn\u00e9 podob\u011b. Jako sou\u010d\u00e1st \u017eivota, pohybu a emoc\u00ed. Uk\u00e1zali jsme, \u017ee styl m\u016f\u017ee b\u00fdt p\u0159irozen\u00fd, funk\u010dn\u00ed a z\u00e1rove\u0148 v\u00fdrazn\u00fd.<\/p>\n\n\n\n<p><\/p>\n\n\n<shortcode prop-load-num=\"4\" prop-display-num=\"4\" prop-sku=\"5907964025368, 5906751633281, 5906751005774, 5906751937112, 5906751991565, 5906751544099\" prop-view=\"slider\"><\/shortcode>        <div\r\n            class=\"eob-pf-shortcode\"\r\n            id=\"eobpf69f23ba470d56\"\r\n        >\r\n            <shortcode prop-load-num=\"4\" prop-display-num=\"4\" prop-sku=\"5907964025368, 5906751633281, 5906751005774, 5906751937112, 5906751991565, 5906751544099\" prop-view=\"slider\"><\/shortcode>        <\/div>\r\n\t\t<script>\r\n\t\t\tjQuery(document).ready(() => {\r\n\t\t\t    const root = document.getElementById('eobpf69f23ba470d56');\r\n                Vue.createApp({\r\n\t                components: {\r\n\t                    shortcode\r\n\t                }\r\n                }).mount(root);\r\n\t\t\t});\r\n\t\t<\/script>\r\n\t\t\r\n\t\t\n\n\n\n<p><\/p>\n\n\n\n<p>Nov\u00e9 kolekce najdete v na\u0161ich prodejn\u00e1ch CCC i online. Sta\u010d\u00ed si jen vybrat styl, kter\u00fd s V\u00e1mi lad\u00ed!<\/p>\n\n\n\n<p><\/p>\n\n\n\n<div class=\"wp-block-buttons is-content-justification-center is-layout-flex wp-container-core-buttons-is-layout-16018d1d wp-block-buttons-is-layout-flex\">\n<div class=\"wp-block-button is-style-fill\"><a class=\"wp-block-button__link has-custom-font-size wp-element-button\" href=\"https:\/\/ccc.eu\/cz\/cs\/c\/kolekce\/jaro-leto\/damske\/znacka:beverly_hills_polo_club-g_star_raw-gino_rossi-guess_jeans-hunter-badura-mexx-nine_west?pageSize=100\" style=\"border-radius:0px;font-size:15px\">Objevte novou kolekci<\/a><\/div>\n<\/div>\n\n\n\n<p><\/p>\n","protected":false},"excerpt":{"rendered":"<p>V polovin\u011b dubna jsme p\u0159enesli sv\u011bt CCC do prost\u0159ed\u00ed, kde m\u00f3da z\u00edsk\u00e1v\u00e1 nov\u00fd rozm\u011br. Dv\u016fr Hoffmeister se stal m\u00edstem, kde jsme b\u011bhem CCC Countryside Press Day p\u0159edstavili na\u0161i vizi pro sez\u00f3nu jaro\/l\u00e9to 2026 \u2013 lehkou, p\u0159irozenou a sebev\u011bdomou. Ne\u0161lo jen o prezentaci kolekc\u00ed. Cht\u011bli jsme vytvo\u0159it atmosf\u00e9ru, ve kter\u00e9 m\u00f3da p\u0159irozen\u011b zapad\u00e1 do ka\u017edodenn\u00edho \u017eivota [&hellip;]<\/p>\n","protected":false},"author":25,"featured_media":8445,"comment_status":"open","ping_status":"open","sticky":false,"template":"","format":"standard","meta":{"_acf_changed":false,"footnotes":""},"categories":[1040,1011,1029],"tags":[594,818,728,702,9],"class_list":["post-8444","post","type-post","status-publish","format-standard","has-post-thumbnail","hentry","category-akce","category-jaro","category-leto","tag-damske-boty","tag-jaro","tag-kabelky","tag-leto","tag-trendy"],"acf":[],"yoast_head":"<!-- This site is optimized with the Yoast SEO plugin v26.9 - https:\/\/yoast.com\/product\/yoast-seo-wordpress\/ -->\n<title>CCC Countryside Press Day: P\u0159irozen\u00e1 elegance a m\u00f3dn\u00ed inspirace pro jaro\/l\u00e9to 2026 - blog.ccc.eu\/cz<\/title>\n<meta name=\"description\" content=\"Objevte CCC Countryside Press Day a trendy jaro\/l\u00e9to 2026 \u2013 p\u0159irozen\u00e1 elegance, nov\u00e9 kolekce a m\u00f3dn\u00ed inspirace v jedine\u010dn\u00e9m prost\u0159ed\u00ed. 2026\" \/>\n<meta name=\"robots\" content=\"index, follow, max-snippet:-1, max-image-preview:large, max-video-preview:-1\" \/>\n<link rel=\"canonical\" href=\"https:\/\/blog.ccc.eu\/cz\/countryside-press-day-2026\/\" \/>\n<meta property=\"og:locale\" content=\"cs_CZ\" \/>\n<meta property=\"og:type\" content=\"article\" \/>\n<meta property=\"og:title\" content=\"CCC Countryside Press Day: P\u0159irozen\u00e1 elegance a m\u00f3dn\u00ed inspirace pro jaro\/l\u00e9to 2026 - blog.ccc.eu\/cz\" \/>\n<meta property=\"og:description\" content=\"Objevte CCC Countryside Press Day a trendy jaro\/l\u00e9to 2026 \u2013 p\u0159irozen\u00e1 elegance, nov\u00e9 kolekce a m\u00f3dn\u00ed inspirace v jedine\u010dn\u00e9m prost\u0159ed\u00ed.\" \/>\n<meta property=\"og:url\" content=\"https:\/\/blog.ccc.eu\/cz\/countryside-press-day-2026\/\" \/>\n<meta property=\"og:site_name\" content=\"blog.ccc.eu\/cz\" \/>\n<meta property=\"article:published_time\" content=\"2026-04-21T07:52:01+00:00\" \/>\n<meta property=\"article:modified_time\" content=\"2026-04-21T08:07:59+00:00\" \/>\n<meta property=\"og:image\" content=\"https:\/\/blog.ccc.eu\/cz\/wp-content\/uploads\/2026\/04\/SAKO_KV_600x600-e1776757698382.png\" \/>\n\t<meta property=\"og:image:width\" content=\"600\" \/>\n\t<meta property=\"og:image:height\" content=\"342\" \/>\n\t<meta property=\"og:image:type\" content=\"image\/png\" \/>\n<meta name=\"author\" content=\"Petra Susilova\" \/>\n<meta name=\"twitter:card\" content=\"summary_large_image\" \/>\n<meta name=\"twitter:label1\" content=\"Napsal(a)\" \/>\n\t<meta name=\"twitter:data1\" content=\"Petra Susilova\" \/>\n\t<meta name=\"twitter:label2\" content=\"Odhadovan\u00e1 doba \u010dten\u00ed\" \/>\n\t<meta name=\"twitter:data2\" content=\"4 minuty\" \/>\n<script type=\"application\/ld+json\" class=\"yoast-schema-graph\">{\"@context\":\"https:\/\/schema.org\",\"@graph\":[{\"@type\":\"Article\",\"@id\":\"https:\/\/blog.ccc.eu\/cz\/countryside-press-day-2026\/#article\",\"isPartOf\":{\"@id\":\"https:\/\/blog.ccc.eu\/cz\/countryside-press-day-2026\/\"},\"author\":{\"name\":\"Petra Susilova\",\"@id\":\"https:\/\/blog.ccc.eu\/cz\/#\/schema\/person\/74ddaf45957c4c3e85587a666ba20782\"},\"headline\":\"CCC Countryside Press Day: P\u0159irozen\u00e1 elegance a m\u00f3dn\u00ed inspirace pro jaro\/l\u00e9to 2026\",\"datePublished\":\"2026-04-21T07:52:01+00:00\",\"dateModified\":\"2026-04-21T08:07:59+00:00\",\"mainEntityOfPage\":{\"@id\":\"https:\/\/blog.ccc.eu\/cz\/countryside-press-day-2026\/\"},\"wordCount\":542,\"commentCount\":0,\"publisher\":{\"@id\":\"https:\/\/blog.ccc.eu\/cz\/#organization\"},\"image\":{\"@id\":\"https:\/\/blog.ccc.eu\/cz\/countryside-press-day-2026\/#primaryimage\"},\"thumbnailUrl\":\"https:\/\/blog.ccc.eu\/cz\/wp-content\/uploads\/2026\/04\/SAKO_KV_600x600-e1776757698382.png\",\"keywords\":[\"D\u00e1msk\u00e9 boty\",\"jaro\",\"kabelky\",\"l\u00e9to\",\"trendy\"],\"articleSection\":[\"AKCE\",\"JARO\",\"L\u00c9TO\"],\"inLanguage\":\"cs\",\"potentialAction\":[{\"@type\":\"CommentAction\",\"name\":\"Comment\",\"target\":[\"https:\/\/blog.ccc.eu\/cz\/countryside-press-day-2026\/#respond\"]}]},{\"@type\":\"WebPage\",\"@id\":\"https:\/\/blog.ccc.eu\/cz\/countryside-press-day-2026\/\",\"url\":\"https:\/\/blog.ccc.eu\/cz\/countryside-press-day-2026\/\",\"name\":\"CCC Countryside Press Day: P\u0159irozen\u00e1 elegance a m\u00f3dn\u00ed inspirace pro jaro\/l\u00e9to 2026 - blog.ccc.eu\/cz\",\"isPartOf\":{\"@id\":\"https:\/\/blog.ccc.eu\/cz\/#website\"},\"primaryImageOfPage\":{\"@id\":\"https:\/\/blog.ccc.eu\/cz\/countryside-press-day-2026\/#primaryimage\"},\"image\":{\"@id\":\"https:\/\/blog.ccc.eu\/cz\/countryside-press-day-2026\/#primaryimage\"},\"thumbnailUrl\":\"https:\/\/blog.ccc.eu\/cz\/wp-content\/uploads\/2026\/04\/SAKO_KV_600x600-e1776757698382.png\",\"datePublished\":\"2026-04-21T07:52:01+00:00\",\"dateModified\":\"2026-04-21T08:07:59+00:00\",\"description\":\"Objevte CCC Countryside Press Day a trendy jaro\/l\u00e9to 2026 \u2013 p\u0159irozen\u00e1 elegance, nov\u00e9 kolekce a m\u00f3dn\u00ed inspirace v jedine\u010dn\u00e9m prost\u0159ed\u00ed.\",\"breadcrumb\":{\"@id\":\"https:\/\/blog.ccc.eu\/cz\/countryside-press-day-2026\/#breadcrumb\"},\"inLanguage\":\"cs\",\"potentialAction\":[{\"@type\":\"ReadAction\",\"target\":[\"https:\/\/blog.ccc.eu\/cz\/countryside-press-day-2026\/\"]}]},{\"@type\":\"ImageObject\",\"inLanguage\":\"cs\",\"@id\":\"https:\/\/blog.ccc.eu\/cz\/countryside-press-day-2026\/#primaryimage\",\"url\":\"https:\/\/blog.ccc.eu\/cz\/wp-content\/uploads\/2026\/04\/SAKO_KV_600x600-e1776757698382.png\",\"contentUrl\":\"https:\/\/blog.ccc.eu\/cz\/wp-content\/uploads\/2026\/04\/SAKO_KV_600x600-e1776757698382.png\",\"width\":600,\"height\":342,\"caption\":\"Press Day\"},{\"@type\":\"BreadcrumbList\",\"@id\":\"https:\/\/blog.ccc.eu\/cz\/countryside-press-day-2026\/#breadcrumb\",\"itemListElement\":[{\"@type\":\"ListItem\",\"position\":1,\"name\":\"Strona g\u0142\u00f3wna\",\"item\":\"https:\/\/blog.ccc.eu\/cz\/\"},{\"@type\":\"ListItem\",\"position\":2,\"name\":\"CCC Countryside Press Day: P\u0159irozen\u00e1 elegance a m\u00f3dn\u00ed inspirace pro jaro\/l\u00e9to 2026\"}]},{\"@type\":\"WebSite\",\"@id\":\"https:\/\/blog.ccc.eu\/cz\/#website\",\"url\":\"https:\/\/blog.ccc.eu\/cz\/\",\"name\":\"blog.ccc.eu\/cz\",\"description\":\"Va\u0161e m\u00edsto pln\u00e9 m\u00f3dn\u00edch inspirac\u00ed\",\"publisher\":{\"@id\":\"https:\/\/blog.ccc.eu\/cz\/#organization\"},\"potentialAction\":[{\"@type\":\"SearchAction\",\"target\":{\"@type\":\"EntryPoint\",\"urlTemplate\":\"https:\/\/blog.ccc.eu\/cz\/?s={search_term_string}\"},\"query-input\":{\"@type\":\"PropertyValueSpecification\",\"valueRequired\":true,\"valueName\":\"search_term_string\"}}],\"inLanguage\":\"cs\"},{\"@type\":\"Organization\",\"@id\":\"https:\/\/blog.ccc.eu\/cz\/#organization\",\"name\":\"CCC S.A.\",\"url\":\"https:\/\/blog.ccc.eu\/cz\/\",\"logo\":{\"@type\":\"ImageObject\",\"inLanguage\":\"cs\",\"@id\":\"https:\/\/blog.ccc.eu\/cz\/#\/schema\/logo\/image\/\",\"url\":\"https:\/\/blog.ccc.eu\/cz\/wp-content\/uploads\/2021\/11\/logo_ccc.png\",\"contentUrl\":\"https:\/\/blog.ccc.eu\/cz\/wp-content\/uploads\/2021\/11\/logo_ccc.png\",\"width\":730,\"height\":270,\"caption\":\"CCC S.A.\"},\"image\":{\"@id\":\"https:\/\/blog.ccc.eu\/cz\/#\/schema\/logo\/image\/\"}},{\"@type\":\"Person\",\"@id\":\"https:\/\/blog.ccc.eu\/cz\/#\/schema\/person\/74ddaf45957c4c3e85587a666ba20782\",\"name\":\"Petra Susilova\",\"image\":{\"@type\":\"ImageObject\",\"inLanguage\":\"cs\",\"@id\":\"https:\/\/blog.ccc.eu\/cz\/#\/schema\/person\/image\/\",\"url\":\"https:\/\/secure.gravatar.com\/avatar\/2eeba86289b6f51c358487152d296aa19002ba9c061f1bb2f0c5f86ed31e132f?s=96&r=g\",\"contentUrl\":\"https:\/\/secure.gravatar.com\/avatar\/2eeba86289b6f51c358487152d296aa19002ba9c061f1bb2f0c5f86ed31e132f?s=96&r=g\",\"caption\":\"Petra Susilova\"},\"url\":\"https:\/\/blog.ccc.eu\/cz\/author\/petra-susilova\/\"}]}<\/script>\n<!-- \/ Yoast SEO plugin. -->","yoast_head_json":{"title":"CCC Countryside Press Day: P\u0159irozen\u00e1 elegance a m\u00f3dn\u00ed inspirace pro jaro\/l\u00e9to 2026 - blog.ccc.eu\/cz","description":"Objevte CCC Countryside Press Day a trendy jaro\/l\u00e9to 2026 \u2013 p\u0159irozen\u00e1 elegance, nov\u00e9 kolekce a m\u00f3dn\u00ed inspirace v jedine\u010dn\u00e9m prost\u0159ed\u00ed. 2026","robots":{"index":"index","follow":"follow","max-snippet":"max-snippet:-1","max-image-preview":"max-image-preview:large","max-video-preview":"max-video-preview:-1"},"canonical":"https:\/\/blog.ccc.eu\/cz\/countryside-press-day-2026\/","og_locale":"cs_CZ","og_type":"article","og_title":"CCC Countryside Press Day: P\u0159irozen\u00e1 elegance a m\u00f3dn\u00ed inspirace pro jaro\/l\u00e9to 2026 - blog.ccc.eu\/cz","og_description":"Objevte CCC Countryside Press Day a trendy jaro\/l\u00e9to 2026 \u2013 p\u0159irozen\u00e1 elegance, nov\u00e9 kolekce a m\u00f3dn\u00ed inspirace v jedine\u010dn\u00e9m prost\u0159ed\u00ed.","og_url":"https:\/\/blog.ccc.eu\/cz\/countryside-press-day-2026\/","og_site_name":"blog.ccc.eu\/cz","article_published_time":"2026-04-21T07:52:01+00:00","article_modified_time":"2026-04-21T08:07:59+00:00","og_image":[{"width":600,"height":342,"url":"https:\/\/blog.ccc.eu\/cz\/wp-content\/uploads\/2026\/04\/SAKO_KV_600x600-e1776757698382.png","type":"image\/png"}],"author":"Petra Susilova","twitter_card":"summary_large_image","twitter_misc":{"Napsal(a)":"Petra Susilova","Odhadovan\u00e1 doba \u010dten\u00ed":"4 minuty"},"schema":{"@context":"https:\/\/schema.org","@graph":[{"@type":"Article","@id":"https:\/\/blog.ccc.eu\/cz\/countryside-press-day-2026\/#article","isPartOf":{"@id":"https:\/\/blog.ccc.eu\/cz\/countryside-press-day-2026\/"},"author":{"name":"Petra Susilova","@id":"https:\/\/blog.ccc.eu\/cz\/#\/schema\/person\/74ddaf45957c4c3e85587a666ba20782"},"headline":"CCC Countryside Press Day: P\u0159irozen\u00e1 elegance a m\u00f3dn\u00ed inspirace pro jaro\/l\u00e9to 2026","datePublished":"2026-04-21T07:52:01+00:00","dateModified":"2026-04-21T08:07:59+00:00","mainEntityOfPage":{"@id":"https:\/\/blog.ccc.eu\/cz\/countryside-press-day-2026\/"},"wordCount":542,"commentCount":0,"publisher":{"@id":"https:\/\/blog.ccc.eu\/cz\/#organization"},"image":{"@id":"https:\/\/blog.ccc.eu\/cz\/countryside-press-day-2026\/#primaryimage"},"thumbnailUrl":"https:\/\/blog.ccc.eu\/cz\/wp-content\/uploads\/2026\/04\/SAKO_KV_600x600-e1776757698382.png","keywords":["D\u00e1msk\u00e9 boty","jaro","kabelky","l\u00e9to","trendy"],"articleSection":["AKCE","JARO","L\u00c9TO"],"inLanguage":"cs","potentialAction":[{"@type":"CommentAction","name":"Comment","target":["https:\/\/blog.ccc.eu\/cz\/countryside-press-day-2026\/#respond"]}]},{"@type":"WebPage","@id":"https:\/\/blog.ccc.eu\/cz\/countryside-press-day-2026\/","url":"https:\/\/blog.ccc.eu\/cz\/countryside-press-day-2026\/","name":"CCC Countryside Press Day: P\u0159irozen\u00e1 elegance a m\u00f3dn\u00ed inspirace pro jaro\/l\u00e9to 2026 - blog.ccc.eu\/cz","isPartOf":{"@id":"https:\/\/blog.ccc.eu\/cz\/#website"},"primaryImageOfPage":{"@id":"https:\/\/blog.ccc.eu\/cz\/countryside-press-day-2026\/#primaryimage"},"image":{"@id":"https:\/\/blog.ccc.eu\/cz\/countryside-press-day-2026\/#primaryimage"},"thumbnailUrl":"https:\/\/blog.ccc.eu\/cz\/wp-content\/uploads\/2026\/04\/SAKO_KV_600x600-e1776757698382.png","datePublished":"2026-04-21T07:52:01+00:00","dateModified":"2026-04-21T08:07:59+00:00","description":"Objevte CCC Countryside Press Day a trendy jaro\/l\u00e9to 2026 \u2013 p\u0159irozen\u00e1 elegance, nov\u00e9 kolekce a m\u00f3dn\u00ed inspirace v jedine\u010dn\u00e9m prost\u0159ed\u00ed.","breadcrumb":{"@id":"https:\/\/blog.ccc.eu\/cz\/countryside-press-day-2026\/#breadcrumb"},"inLanguage":"cs","potentialAction":[{"@type":"ReadAction","target":["https:\/\/blog.ccc.eu\/cz\/countryside-press-day-2026\/"]}]},{"@type":"ImageObject","inLanguage":"cs","@id":"https:\/\/blog.ccc.eu\/cz\/countryside-press-day-2026\/#primaryimage","url":"https:\/\/blog.ccc.eu\/cz\/wp-content\/uploads\/2026\/04\/SAKO_KV_600x600-e1776757698382.png","contentUrl":"https:\/\/blog.ccc.eu\/cz\/wp-content\/uploads\/2026\/04\/SAKO_KV_600x600-e1776757698382.png","width":600,"height":342,"caption":"Press Day"},{"@type":"BreadcrumbList","@id":"https:\/\/blog.ccc.eu\/cz\/countryside-press-day-2026\/#breadcrumb","itemListElement":[{"@type":"ListItem","position":1,"name":"Strona g\u0142\u00f3wna","item":"https:\/\/blog.ccc.eu\/cz\/"},{"@type":"ListItem","position":2,"name":"CCC Countryside Press Day: P\u0159irozen\u00e1 elegance a m\u00f3dn\u00ed inspirace pro jaro\/l\u00e9to 2026"}]},{"@type":"WebSite","@id":"https:\/\/blog.ccc.eu\/cz\/#website","url":"https:\/\/blog.ccc.eu\/cz\/","name":"blog.ccc.eu\/cz","description":"Va\u0161e m\u00edsto pln\u00e9 m\u00f3dn\u00edch inspirac\u00ed","publisher":{"@id":"https:\/\/blog.ccc.eu\/cz\/#organization"},"potentialAction":[{"@type":"SearchAction","target":{"@type":"EntryPoint","urlTemplate":"https:\/\/blog.ccc.eu\/cz\/?s={search_term_string}"},"query-input":{"@type":"PropertyValueSpecification","valueRequired":true,"valueName":"search_term_string"}}],"inLanguage":"cs"},{"@type":"Organization","@id":"https:\/\/blog.ccc.eu\/cz\/#organization","name":"CCC S.A.","url":"https:\/\/blog.ccc.eu\/cz\/","logo":{"@type":"ImageObject","inLanguage":"cs","@id":"https:\/\/blog.ccc.eu\/cz\/#\/schema\/logo\/image\/","url":"https:\/\/blog.ccc.eu\/cz\/wp-content\/uploads\/2021\/11\/logo_ccc.png","contentUrl":"https:\/\/blog.ccc.eu\/cz\/wp-content\/uploads\/2021\/11\/logo_ccc.png","width":730,"height":270,"caption":"CCC S.A."},"image":{"@id":"https:\/\/blog.ccc.eu\/cz\/#\/schema\/logo\/image\/"}},{"@type":"Person","@id":"https:\/\/blog.ccc.eu\/cz\/#\/schema\/person\/74ddaf45957c4c3e85587a666ba20782","name":"Petra Susilova","image":{"@type":"ImageObject","inLanguage":"cs","@id":"https:\/\/blog.ccc.eu\/cz\/#\/schema\/person\/image\/","url":"https:\/\/secure.gravatar.com\/avatar\/2eeba86289b6f51c358487152d296aa19002ba9c061f1bb2f0c5f86ed31e132f?s=96&r=g","contentUrl":"https:\/\/secure.gravatar.com\/avatar\/2eeba86289b6f51c358487152d296aa19002ba9c061f1bb2f0c5f86ed31e132f?s=96&r=g","caption":"Petra Susilova"},"url":"https:\/\/blog.ccc.eu\/cz\/author\/petra-susilova\/"}]}},"_links":{"self":[{"href":"https:\/\/blog.ccc.eu\/cz\/wp-json\/wp\/v2\/posts\/8444","targetHints":{"allow":["GET"]}}],"collection":[{"href":"https:\/\/blog.ccc.eu\/cz\/wp-json\/wp\/v2\/posts"}],"about":[{"href":"https:\/\/blog.ccc.eu\/cz\/wp-json\/wp\/v2\/types\/post"}],"author":[{"embeddable":true,"href":"https:\/\/blog.ccc.eu\/cz\/wp-json\/wp\/v2\/users\/25"}],"replies":[{"embeddable":true,"href":"https:\/\/blog.ccc.eu\/cz\/wp-json\/wp\/v2\/comments?post=8444"}],"version-history":[{"count":3,"href":"https:\/\/blog.ccc.eu\/cz\/wp-json\/wp\/v2\/posts\/8444\/revisions"}],"predecessor-version":[{"id":8458,"href":"https:\/\/blog.ccc.eu\/cz\/wp-json\/wp\/v2\/posts\/8444\/revisions\/8458"}],"wp:featuredmedia":[{"embeddable":true,"href":"https:\/\/blog.ccc.eu\/cz\/wp-json\/wp\/v2\/media\/8445"}],"wp:attachment":[{"href":"https:\/\/blog.ccc.eu\/cz\/wp-json\/wp\/v2\/media?parent=8444"}],"wp:term":[{"taxonomy":"category","embeddable":true,"href":"https:\/\/blog.ccc.eu\/cz\/wp-json\/wp\/v2\/categories?post=8444"},{"taxonomy":"post_tag","embeddable":true,"href":"https:\/\/blog.ccc.eu\/cz\/wp-json\/wp\/v2\/tags?post=8444"}],"curies":[{"name":"wp","href":"https:\/\/api.w.org\/{rel}","templated":true}]}}