{"id":16,"name":"Martina Havl\u00edkov\u00e1","url":"","description":"Psan\u00edm text\u016f se \u017eiv\u00edm od roku 2012, bavilo m\u011b to ale v\u017edycky. Nejrad\u011bji p\u00ed\u0161i \u010dl\u00e1nky o m\u00f3d\u011b a obl\u00e9k\u00e1n\u00ed, cestov\u00e1n\u00ed nebo wellness, ale \u017e\u00e1dn\u00e9 t\u00e9ma mi nen\u00ed \u00fapln\u011b ciz\u00ed. Zhruba posledn\u00ed dva roky p\u00ed\u0161i i v angli\u010dtin\u011b pro klienty z Velk\u00e9 Brit\u00e1nie.","link":"https:\/\/blog.ccc.eu\/cz\/author\/marta-urban\/","slug":"marta-urban","avatar_urls":{"24":"https:\/\/blog.ccc.eu\/cz\/wp-content\/uploads\/2022\/02\/Martina-Havlikova-Cropped-100x100.jpg","48":"https:\/\/blog.ccc.eu\/cz\/wp-content\/uploads\/2022\/02\/Martina-Havlikova-Cropped-100x100.jpg","96":"https:\/\/blog.ccc.eu\/cz\/wp-content\/uploads\/2022\/02\/Martina-Havlikova-Cropped-100x100.jpg"},"meta":[],"acf":[],"yoast_head":"<!-- This site is optimized with the Yoast SEO plugin v26.9 - https:\/\/yoast.com\/product\/yoast-seo-wordpress\/ -->\n<title>Martina Havl\u00edkov\u00e1, Autor w serwisie blog.ccc.eu\/cz<\/title>\n<meta name=\"description\" content=\"2026\" \/>\n<meta name=\"robots\" content=\"noindex, follow\" \/>\n<meta property=\"og:locale\" content=\"cs_CZ\" \/>\n<meta property=\"og:type\" content=\"profile\" \/>\n<meta property=\"og:title\" content=\"Martina Havl\u00edkov\u00e1, Autor w serwisie blog.ccc.eu\/cz\" \/>\n<meta property=\"og:url\" content=\"https:\/\/blog.ccc.eu\/cz\/author\/marta-urban\/\" \/>\n<meta property=\"og:site_name\" content=\"blog.ccc.eu\/cz\" \/>\n<meta property=\"og:image\" content=\"https:\/\/blog.ccc.eu\/cz\/wp-content\/uploads\/2022\/02\/Martina-Havlikova-Cropped.jpg\" \/>\n\t<meta property=\"og:image:width\" content=\"352\" \/>\n\t<meta property=\"og:image:height\" content=\"352\" \/>\n\t<meta property=\"og:image:type\" content=\"image\/jpeg\" \/>\n<meta name=\"twitter:card\" content=\"summary_large_image\" \/>\n<script type=\"application\/ld+json\" class=\"yoast-schema-graph\">{\"@context\":\"https:\/\/schema.org\",\"@graph\":[{\"@type\":\"ProfilePage\",\"@id\":\"https:\/\/blog.ccc.eu\/cz\/author\/marta-urban\/\",\"url\":\"https:\/\/blog.ccc.eu\/cz\/author\/marta-urban\/\",\"name\":\"Martina Havl\u00edkov\u00e1, Autor w serwisie blog.ccc.eu\/cz\",\"isPartOf\":{\"@id\":\"https:\/\/blog.ccc.eu\/cz\/#website\"},\"breadcrumb\":{\"@id\":\"https:\/\/blog.ccc.eu\/cz\/author\/marta-urban\/#breadcrumb\"},\"inLanguage\":\"cs\",\"potentialAction\":[{\"@type\":\"ReadAction\",\"target\":[\"https:\/\/blog.ccc.eu\/cz\/author\/marta-urban\/\"]}]},{\"@type\":\"BreadcrumbList\",\"@id\":\"https:\/\/blog.ccc.eu\/cz\/author\/marta-urban\/#breadcrumb\",\"itemListElement\":[{\"@type\":\"ListItem\",\"position\":1,\"name\":\"Strona g\u0142\u00f3wna\",\"item\":\"https:\/\/blog.ccc.eu\/cz\/\"},{\"@type\":\"ListItem\",\"position\":2,\"name\":\"Archiwum dla Martina Havl\u00edkov\u00e1\"}]},{\"@type\":\"WebSite\",\"@id\":\"https:\/\/blog.ccc.eu\/cz\/#website\",\"url\":\"https:\/\/blog.ccc.eu\/cz\/\",\"name\":\"blog.ccc.eu\/cz\",\"description\":\"Va\u0161e m\u00edsto pln\u00e9 m\u00f3dn\u00edch inspirac\u00ed\",\"publisher\":{\"@id\":\"https:\/\/blog.ccc.eu\/cz\/#organization\"},\"potentialAction\":[{\"@type\":\"SearchAction\",\"target\":{\"@type\":\"EntryPoint\",\"urlTemplate\":\"https:\/\/blog.ccc.eu\/cz\/?s={search_term_string}\"},\"query-input\":{\"@type\":\"PropertyValueSpecification\",\"valueRequired\":true,\"valueName\":\"search_term_string\"}}],\"inLanguage\":\"cs\"},{\"@type\":\"Organization\",\"@id\":\"https:\/\/blog.ccc.eu\/cz\/#organization\",\"name\":\"CCC S.A.\",\"url\":\"https:\/\/blog.ccc.eu\/cz\/\",\"logo\":{\"@type\":\"ImageObject\",\"inLanguage\":\"cs\",\"@id\":\"https:\/\/blog.ccc.eu\/cz\/#\/schema\/logo\/image\/\",\"url\":\"https:\/\/blog.ccc.eu\/cz\/wp-content\/uploads\/2021\/11\/logo_ccc.png\",\"contentUrl\":\"https:\/\/blog.ccc.eu\/cz\/wp-content\/uploads\/2021\/11\/logo_ccc.png\",\"width\":730,\"height\":270,\"caption\":\"CCC S.A.\"},\"image\":{\"@id\":\"https:\/\/blog.ccc.eu\/cz\/#\/schema\/logo\/image\/\"}},{\"@type\":\"Person\",\"@id\":\"https:\/\/blog.ccc.eu\/cz\/#\/schema\/person\/42cd03f93473ab4a9a9fb3f370f9a573\",\"name\":\"Martina Havl\u00edkov\u00e1\",\"image\":{\"@type\":\"ImageObject\",\"inLanguage\":\"cs\",\"@id\":\"https:\/\/blog.ccc.eu\/cz\/#\/schema\/person\/image\/\",\"url\":\"https:\/\/blog.ccc.eu\/cz\/wp-content\/uploads\/2022\/02\/Martina-Havlikova-Cropped-100x100.jpg\",\"contentUrl\":\"https:\/\/blog.ccc.eu\/cz\/wp-content\/uploads\/2022\/02\/Martina-Havlikova-Cropped-100x100.jpg\",\"caption\":\"Martina Havl\u00edkov\u00e1\"},\"description\":\"Psan\u00edm text\u016f se \u017eiv\u00edm od roku 2012, bavilo m\u011b to ale v\u017edycky. Nejrad\u011bji p\u00ed\u0161i \u010dl\u00e1nky o m\u00f3d\u011b a obl\u00e9k\u00e1n\u00ed, cestov\u00e1n\u00ed nebo wellness, ale \u017e\u00e1dn\u00e9 t\u00e9ma mi nen\u00ed \u00fapln\u011b ciz\u00ed. Zhruba posledn\u00ed dva roky p\u00ed\u0161i i v angli\u010dtin\u011b pro klienty z Velk\u00e9 Brit\u00e1nie.\",\"mainEntityOfPage\":{\"@id\":\"https:\/\/blog.ccc.eu\/cz\/author\/marta-urban\/\"}}]}<\/script>\n<!-- \/ Yoast SEO plugin. -->","yoast_head_json":{"title":"Martina Havl\u00edkov\u00e1, Autor w serwisie blog.ccc.eu\/cz","description":"2026","robots":{"index":"noindex","follow":"follow"},"og_locale":"cs_CZ","og_type":"profile","og_title":"Martina Havl\u00edkov\u00e1, Autor w serwisie blog.ccc.eu\/cz","og_url":"https:\/\/blog.ccc.eu\/cz\/author\/marta-urban\/","og_site_name":"blog.ccc.eu\/cz","og_image":[{"width":352,"height":352,"url":"https:\/\/blog.ccc.eu\/cz\/wp-content\/uploads\/2022\/02\/Martina-Havlikova-Cropped.jpg","type":"image\/jpeg"}],"twitter_card":"summary_large_image","schema":{"@context":"https:\/\/schema.org","@graph":[{"@type":"ProfilePage","@id":"https:\/\/blog.ccc.eu\/cz\/author\/marta-urban\/","url":"https:\/\/blog.ccc.eu\/cz\/author\/marta-urban\/","name":"Martina Havl\u00edkov\u00e1, Autor w serwisie blog.ccc.eu\/cz","isPartOf":{"@id":"https:\/\/blog.ccc.eu\/cz\/#website"},"breadcrumb":{"@id":"https:\/\/blog.ccc.eu\/cz\/author\/marta-urban\/#breadcrumb"},"inLanguage":"cs","potentialAction":[{"@type":"ReadAction","target":["https:\/\/blog.ccc.eu\/cz\/author\/marta-urban\/"]}]},{"@type":"BreadcrumbList","@id":"https:\/\/blog.ccc.eu\/cz\/author\/marta-urban\/#breadcrumb","itemListElement":[{"@type":"ListItem","position":1,"name":"Strona g\u0142\u00f3wna","item":"https:\/\/blog.ccc.eu\/cz\/"},{"@type":"ListItem","position":2,"name":"Archiwum dla Martina Havl\u00edkov\u00e1"}]},{"@type":"WebSite","@id":"https:\/\/blog.ccc.eu\/cz\/#website","url":"https:\/\/blog.ccc.eu\/cz\/","name":"blog.ccc.eu\/cz","description":"Va\u0161e m\u00edsto pln\u00e9 m\u00f3dn\u00edch inspirac\u00ed","publisher":{"@id":"https:\/\/blog.ccc.eu\/cz\/#organization"},"potentialAction":[{"@type":"SearchAction","target":{"@type":"EntryPoint","urlTemplate":"https:\/\/blog.ccc.eu\/cz\/?s={search_term_string}"},"query-input":{"@type":"PropertyValueSpecification","valueRequired":true,"valueName":"search_term_string"}}],"inLanguage":"cs"},{"@type":"Organization","@id":"https:\/\/blog.ccc.eu\/cz\/#organization","name":"CCC S.A.","url":"https:\/\/blog.ccc.eu\/cz\/","logo":{"@type":"ImageObject","inLanguage":"cs","@id":"https:\/\/blog.ccc.eu\/cz\/#\/schema\/logo\/image\/","url":"https:\/\/blog.ccc.eu\/cz\/wp-content\/uploads\/2021\/11\/logo_ccc.png","contentUrl":"https:\/\/blog.ccc.eu\/cz\/wp-content\/uploads\/2021\/11\/logo_ccc.png","width":730,"height":270,"caption":"CCC S.A."},"image":{"@id":"https:\/\/blog.ccc.eu\/cz\/#\/schema\/logo\/image\/"}},{"@type":"Person","@id":"https:\/\/blog.ccc.eu\/cz\/#\/schema\/person\/42cd03f93473ab4a9a9fb3f370f9a573","name":"Martina Havl\u00edkov\u00e1","image":{"@type":"ImageObject","inLanguage":"cs","@id":"https:\/\/blog.ccc.eu\/cz\/#\/schema\/person\/image\/","url":"https:\/\/blog.ccc.eu\/cz\/wp-content\/uploads\/2022\/02\/Martina-Havlikova-Cropped-100x100.jpg","contentUrl":"https:\/\/blog.ccc.eu\/cz\/wp-content\/uploads\/2022\/02\/Martina-Havlikova-Cropped-100x100.jpg","caption":"Martina Havl\u00edkov\u00e1"},"description":"Psan\u00edm text\u016f se \u017eiv\u00edm od roku 2012, bavilo m\u011b to ale v\u017edycky. Nejrad\u011bji p\u00ed\u0161i \u010dl\u00e1nky o m\u00f3d\u011b a obl\u00e9k\u00e1n\u00ed, cestov\u00e1n\u00ed nebo wellness, ale \u017e\u00e1dn\u00e9 t\u00e9ma mi nen\u00ed \u00fapln\u011b ciz\u00ed. Zhruba posledn\u00ed dva roky p\u00ed\u0161i i v angli\u010dtin\u011b pro klienty z Velk\u00e9 Brit\u00e1nie.","mainEntityOfPage":{"@id":"https:\/\/blog.ccc.eu\/cz\/author\/marta-urban\/"}}]}},"_links":{"self":[{"href":"https:\/\/blog.ccc.eu\/cz\/wp-json\/wp\/v2\/users\/16","targetHints":{"allow":["GET"]}}],"collection":[{"href":"https:\/\/blog.ccc.eu\/cz\/wp-json\/wp\/v2\/users"}]}}