{"id":10041,"date":"2024-06-27T12:29:45","date_gmt":"2024-06-27T10:29:45","guid":{"rendered":"https:\/\/blog.ccc.eu\/hu\/?p=10041"},"modified":"2024-06-28T12:30:48","modified_gmt":"2024-06-28T10:30:48","slug":"egyszeru-es-elegans-stilus-nyarra","status":"publish","type":"post","link":"https:\/\/blog.ccc.eu\/hu\/egyszeru-es-elegans-stilus-nyarra\/","title":{"rendered":"Egyszer\u0171 \u00e9s eleg\u00e1ns st\u00edlus ny\u00e1rra\u00a0"},"content":{"rendered":"\n<p><b>Lehet egy eleg\u00e1ns ruha k\u00e9nyelmes? Lehetnek-e a divatos ruhakombin\u00e1ci\u00f3k funkcion\u00e1lisak? Az egyszer\u0171, egyben eleg\u00e1ns st\u00edlus hat\u00e1rozottan IGEN v\u00e1laszt ad mindezekre a k\u00e9rd\u00e9sekre. Az id\u0151t\u00e1ll\u00f3 kapszulagardr\u00f3bok, a francia diz\u00e1jn \u00e9s a divat nagyszer\u0171 vil\u00e1ga \u00e1ltal inspir\u00e1lt st\u00edlus a legfunkcion\u00e1lisabb ruhat\u00e1ri elemeket \u00f6tv\u00f6zi trendi elemekkel. Fedezd fel ezt az \u00fajfajta ny\u00e1ri trendet, \u00e9s n\u00e9zd meg, hogyan hozhatod l\u00e9tre a legdivatosabb megjelen\u00e9seket a melegebb napokra!&nbsp;<\/b><\/p>\n\n\n\n<figure class=\"wp-block-gallery has-nested-images columns-default is-cropped wp-block-gallery-1 is-layout-flex wp-block-gallery-is-layout-flex\">\n<figure class=\"wp-block-image size-large\"><img loading=\"lazy\" decoding=\"async\" width=\"683\" height=\"1024\" data-id=\"10042\" src=\"https:\/\/blog.ccc.eu\/hu\/wp-content\/uploads\/2024\/06\/230309_GinoRossi_3915-1-683x1024-1.jpg\" alt=\"\" class=\"wp-image-10042\" srcset=\"https:\/\/blog.ccc.eu\/hu\/wp-content\/uploads\/2024\/06\/230309_GinoRossi_3915-1-683x1024-1.jpg 683w, https:\/\/blog.ccc.eu\/hu\/wp-content\/uploads\/2024\/06\/230309_GinoRossi_3915-1-683x1024-1-200x300.jpg 200w, https:\/\/blog.ccc.eu\/hu\/wp-content\/uploads\/2024\/06\/230309_GinoRossi_3915-1-683x1024-1-100x150.jpg 100w\" sizes=\"auto, (max-width: 683px) 100vw, 683px\" \/><\/figure>\n\n\n\n<figure class=\"wp-block-image size-large\"><img loading=\"lazy\" decoding=\"async\" width=\"512\" height=\"768\" data-id=\"10043\" src=\"https:\/\/blog.ccc.eu\/hu\/wp-content\/uploads\/2024\/06\/CCC_5905588362463_02M_3044-Copy.jpg\" alt=\"\" class=\"wp-image-10043\" srcset=\"https:\/\/blog.ccc.eu\/hu\/wp-content\/uploads\/2024\/06\/CCC_5905588362463_02M_3044-Copy.jpg 512w, https:\/\/blog.ccc.eu\/hu\/wp-content\/uploads\/2024\/06\/CCC_5905588362463_02M_3044-Copy-200x300.jpg 200w, https:\/\/blog.ccc.eu\/hu\/wp-content\/uploads\/2024\/06\/CCC_5905588362463_02M_3044-Copy-100x150.jpg 100w\" sizes=\"auto, (max-width: 512px) 100vw, 512px\" \/><\/figure>\n<\/figure>\n\n\n\n<h2 class=\"wp-block-heading\">Az egyszer\u0171 \u00e9s eleg\u00e1ns gardr\u00f3b elemei&nbsp;<\/h2>\n\n\n\n<p>Egyszer\u0171, eleg\u00e1ns \u00e9s k\u00e9nyelmes. A legdivatosabb \u00f6ssze\u00e1ll\u00edt\u00e1sokat hozhatod l\u00e9tre ezekkel a kombin\u00e1ci\u00f3kkal. A laza, eleg\u00e1ns megjelen\u00e9shez t\u00f6k\u00e9letesen passzol az egyenes szab\u00e1s\u00fa farmer, amely nem t\u00fal sztreccses, de nem is t\u00fal b\u0151.&nbsp;<\/p>\n\n\n\n<p>Ennek a st\u00edlusnak a szerelmesei egy feh\u00e9r inggel kombin\u00e1lj\u00e1k a nadr\u00e1got, amely t\u00f6bbf\u00e9le fazonban is kaphat\u00f3. Ebben a szezonban a megszokott szab\u00e1s helyett nagyon n\u00e9pszer\u0171 a feh\u00e9r oversize ing, amely combk\u00f6z\u00e9pig \u00e9r. V\u00e1lassz lenv\u00e1szonb\u00f3l vagy l\u00e9gies, k\u00f6nnyed pamutb\u00f3l k\u00e9sz\u00fclt ingeket.&nbsp;<\/p>\n\n\n\n<h2 class=\"wp-block-heading\">Balerin\u00e1k &#8211; a t\u00f6k\u00e9letes cip\u0151 az egyszer\u0171 eleg\u00e1ns st\u00edlushoz&nbsp;<\/h2>\n\n\n\n<p>Ha az egyszer\u0171 elegancia mellett d\u00f6ntesz, b\u00facs\u00fat kell intened a platformos cip\u0151kt\u0151l vagy a t\u0171sark\u00fa l\u00e1bbelikt\u0151l. Ebben a szezonban \u00fajra nagy n\u00e9pszer\u0171s\u00e9gnek \u00f6rvendenek a balerina cip\u0151k, amelyek mindig is k\u00fcl\u00f6nleges helyet foglaltak el a n\u0151i gardr\u00f3bban.&nbsp;<\/p>\n\n\n\n<figure class=\"wp-block-gallery has-nested-images columns-default is-cropped wp-block-gallery-2 is-layout-flex wp-block-gallery-is-layout-flex\">\n<figure class=\"wp-block-image size-large\"><img loading=\"lazy\" decoding=\"async\" width=\"683\" height=\"1024\" data-id=\"10045\" src=\"https:\/\/blog.ccc.eu\/hu\/wp-content\/uploads\/2024\/06\/CCC_5905588318415_01-683x1024.jpg\" alt=\"\" class=\"wp-image-10045\" srcset=\"https:\/\/blog.ccc.eu\/hu\/wp-content\/uploads\/2024\/06\/CCC_5905588318415_01-683x1024.jpg 683w, https:\/\/blog.ccc.eu\/hu\/wp-content\/uploads\/2024\/06\/CCC_5905588318415_01-200x300.jpg 200w, https:\/\/blog.ccc.eu\/hu\/wp-content\/uploads\/2024\/06\/CCC_5905588318415_01-768x1152.jpg 768w, https:\/\/blog.ccc.eu\/hu\/wp-content\/uploads\/2024\/06\/CCC_5905588318415_01-100x150.jpg 100w, https:\/\/blog.ccc.eu\/hu\/wp-content\/uploads\/2024\/06\/CCC_5905588318415_01.jpg 876w\" sizes=\"auto, (max-width: 683px) 100vw, 683px\" \/><\/figure>\n\n\n\n<figure class=\"wp-block-image size-large\"><img loading=\"lazy\" decoding=\"async\" width=\"683\" height=\"1024\" data-id=\"10044\" src=\"https:\/\/blog.ccc.eu\/hu\/wp-content\/uploads\/2024\/06\/CCC_5905588318422_01-683x1024.jpg\" alt=\"\" class=\"wp-image-10044\" srcset=\"https:\/\/blog.ccc.eu\/hu\/wp-content\/uploads\/2024\/06\/CCC_5905588318422_01-683x1024.jpg 683w, https:\/\/blog.ccc.eu\/hu\/wp-content\/uploads\/2024\/06\/CCC_5905588318422_01-200x300.jpg 200w, https:\/\/blog.ccc.eu\/hu\/wp-content\/uploads\/2024\/06\/CCC_5905588318422_01-768x1152.jpg 768w, https:\/\/blog.ccc.eu\/hu\/wp-content\/uploads\/2024\/06\/CCC_5905588318422_01-100x150.jpg 100w, https:\/\/blog.ccc.eu\/hu\/wp-content\/uploads\/2024\/06\/CCC_5905588318422_01.jpg 876w\" sizes=\"auto, (max-width: 683px) 100vw, 683px\" \/><\/figure>\n<\/figure>\n\n\n\n<h2 class=\"wp-block-heading\">V\u00e1llt\u00e1ska &#8211; a st\u00edlus koron\u00e1zatlan kir\u00e1lyn\u0151je&nbsp;<\/h2>\n\n\n\n<p>B\u00e1rmilyen trendr\u0151l is legyen sz\u00f3 \u00e9s b\u00e1rmennyi k\u00e9zit\u00e1sk\u00e1ra is v\u00e1gysz, az egyszer\u0171 \u00e9s eleg\u00e1ns trend a j\u00f3l bev\u00e1lt, funkcion\u00e1lis megold\u00e1sokr\u00f3l sz\u00f3l. A mini k\u00e9zit\u00e1sk\u00e1k, b\u00e1r gy\u00f6ny\u00f6r\u0171ek, nem felelnek meg teljes funkcionalit\u00e1suknak, m\u00edg a t\u00falm\u00e9retezett eszt\u00e9tik\u00e1j\u00fa, \u00f3ri\u00e1si k\u00e9zit\u00e1sk\u00e1k nem mindig adj\u00e1k meg nek\u00fcnk azt a k\u00f6nnyeds\u00e9get, amir\u0151l \u00e1lmodunk.&nbsp;<\/p>\n\n\n\n<p>A nagyon klasszikus \u00e9s id\u0151t\u00e1ll\u00f3 v\u00e1llt\u00e1ska remek kompromisszumk\u00e9nt szolg\u00e1l a kis \u00e9s nagy m\u00e9ret k\u00f6z\u00f6tt. Pontosan megfelel a c\u00e9lnak \u00e9s egyes\u00edti a funkcionalit\u00e1st \u00e9s az eleg\u00e1ns eszt\u00e9tik\u00e1t.\u00a0\u00a0<\/p>\n\n\n\n<figure class=\"wp-block-gallery has-nested-images columns-default is-cropped wp-block-gallery-3 is-layout-flex wp-block-gallery-is-layout-flex\">\n<figure class=\"wp-block-image size-large\"><img loading=\"lazy\" decoding=\"async\" width=\"683\" height=\"1024\" data-id=\"10046\" src=\"https:\/\/blog.ccc.eu\/hu\/wp-content\/uploads\/2024\/06\/CCC_5905588112198_01K-683x1024.jpg\" alt=\"\" class=\"wp-image-10046\" srcset=\"https:\/\/blog.ccc.eu\/hu\/wp-content\/uploads\/2024\/06\/CCC_5905588112198_01K-683x1024.jpg 683w, https:\/\/blog.ccc.eu\/hu\/wp-content\/uploads\/2024\/06\/CCC_5905588112198_01K-200x300.jpg 200w, https:\/\/blog.ccc.eu\/hu\/wp-content\/uploads\/2024\/06\/CCC_5905588112198_01K-768x1152.jpg 768w, https:\/\/blog.ccc.eu\/hu\/wp-content\/uploads\/2024\/06\/CCC_5905588112198_01K-100x150.jpg 100w, https:\/\/blog.ccc.eu\/hu\/wp-content\/uploads\/2024\/06\/CCC_5905588112198_01K.jpg 876w\" sizes=\"auto, (max-width: 683px) 100vw, 683px\" \/><\/figure>\n\n\n\n<figure class=\"wp-block-image size-large\"><img loading=\"lazy\" decoding=\"async\" width=\"683\" height=\"1024\" data-id=\"10047\" src=\"https:\/\/blog.ccc.eu\/hu\/wp-content\/uploads\/2024\/06\/CCC_5905588112204_01K-683x1024.jpg\" alt=\"\" class=\"wp-image-10047\" srcset=\"https:\/\/blog.ccc.eu\/hu\/wp-content\/uploads\/2024\/06\/CCC_5905588112204_01K-683x1024.jpg 683w, https:\/\/blog.ccc.eu\/hu\/wp-content\/uploads\/2024\/06\/CCC_5905588112204_01K-200x300.jpg 200w, https:\/\/blog.ccc.eu\/hu\/wp-content\/uploads\/2024\/06\/CCC_5905588112204_01K-768x1152.jpg 768w, https:\/\/blog.ccc.eu\/hu\/wp-content\/uploads\/2024\/06\/CCC_5905588112204_01K-100x150.jpg 100w, https:\/\/blog.ccc.eu\/hu\/wp-content\/uploads\/2024\/06\/CCC_5905588112204_01K.jpg 876w\" sizes=\"auto, (max-width: 683px) 100vw, 683px\" \/><\/figure>\n<\/figure>\n\n\n\n<p>Tekintsd meg az egyszer\u0171 \u00e9s eleg\u00e1ns st\u00edlushoz ill\u0151 cip\u0151ket \u00e9s t\u00e1sk\u00e1kat <a href=\"https:\/\/ccc.eu\/hu\/sklepy\" target=\"_blank\" rel=\"noreferrer noopener\">CCC \u00fczleteinkben<\/a>, <a href=\"https:\/\/ccc.eu\/hu\/\" target=\"_blank\" rel=\"noreferrer noopener\">webshopunkban<\/a>, \u00e9s az <a href=\"https:\/\/ccc.eu\/hu\/mobile-app\" target=\"_blank\" rel=\"noreferrer noopener\">alkalmaz\u00e1sban<\/a>. Legy\u00e9l <a href=\"https:\/\/ccc.eu\/hu\/klub-ccc\" target=\"_blank\" rel=\"noreferrer noopener\">CCC klubtag<\/a> is, \u00e9s \u00e9lvezd a k\u00e9nyelmes \u00e9s kedvezm\u00e9nyes v\u00e1s\u00e1rl\u00e1si lehet\u0151s\u00e9geket! K\u00f6vesd vel\u00fcnk a divatot <a href=\"https:\/\/www.facebook.com\/CCC.Hungary\/\" target=\"_blank\" rel=\"noreferrer noopener\">Facebookon,<\/a> \u00e9s inspir\u00e1l\u00f3dj vel\u00fcnk az <a href=\"https:\/\/www.instagram.com\/cccshoesbags\/\" target=\"_blank\" rel=\"noreferrer noopener\">Instagramon<\/a> is!&nbsp;<\/p>\n","protected":false},"excerpt":{"rendered":"<p>Lehet egy eleg\u00e1ns ruha k\u00e9nyelmes? Lehetnek-e a divatos ruhakombin\u00e1ci\u00f3k funkcion\u00e1lisak? Az egyszer\u0171, egyben eleg\u00e1ns st\u00edlus hat\u00e1rozottan IGEN v\u00e1laszt ad mindezekre a k\u00e9rd\u00e9sekre. Az id\u0151t\u00e1ll\u00f3 kapszulagardr\u00f3bok, a francia diz\u00e1jn \u00e9s a divat nagyszer\u0171 vil\u00e1ga \u00e1ltal inspir\u00e1lt st\u00edlus a legfunkcion\u00e1lisabb ruhat\u00e1ri elemeket \u00f6tv\u00f6zi trendi elemekkel. Fedezd fel ezt az \u00fajfajta ny\u00e1ri trendet, \u00e9s n\u00e9zd meg, hogyan hozhatod [&hellip;]<\/p>\n","protected":false},"author":22,"featured_media":10043,"comment_status":"open","ping_status":"open","sticky":false,"template":"","format":"standard","meta":{"_acf_changed":false,"footnotes":""},"categories":[6],"tags":[560,1176,1016,786],"class_list":["post-10041","post","type-post","status-publish","format-standard","has-post-thumbnail","hentry","category-trendek","tag-ccc","tag-stilusos-cipok","tag-stilusos-taskak","tag-trendek"],"acf":[],"yoast_head":"<!-- This site is optimized with the Yoast SEO plugin v26.9 - https:\/\/yoast.com\/product\/yoast-seo-wordpress\/ -->\n<title>Egyszer\u0171 \u00e9s eleg\u00e1ns st\u00edlus ny\u00e1rra\u00a0 - CCC Fashion blog<\/title>\n<meta name=\"description\" content=\"Eleg\u00e1ns \u00e9s egyszer\u0171 megjelen\u00e9sre v\u00e1gysz? L\u00e1togass el hozz\u00e1nk \u00e9s tal\u00e1ld meg a t\u00f6k\u00e9letes cip\u0151 \u00e9s t\u00e1ska kombin\u00e1ci\u00f3t! 2026\" \/>\n<meta name=\"robots\" content=\"index, follow, max-snippet:-1, max-image-preview:large, max-video-preview:-1\" \/>\n<link rel=\"canonical\" href=\"https:\/\/blog.ccc.eu\/hu\/egyszeru-es-elegans-stilus-nyarra\/\" \/>\n<meta property=\"og:locale\" content=\"hu_HU\" \/>\n<meta property=\"og:type\" content=\"article\" \/>\n<meta property=\"og:title\" content=\"Egyszer\u0171 \u00e9s eleg\u00e1ns st\u00edlus ny\u00e1rra\u00a0 - CCC Fashion blog\" \/>\n<meta property=\"og:description\" content=\"Eleg\u00e1ns \u00e9s egyszer\u0171 megjelen\u00e9sre v\u00e1gysz? L\u00e1togass el hozz\u00e1nk \u00e9s tal\u00e1ld meg a t\u00f6k\u00e9letes cip\u0151 \u00e9s t\u00e1ska kombin\u00e1ci\u00f3t!\" \/>\n<meta property=\"og:url\" content=\"https:\/\/blog.ccc.eu\/hu\/egyszeru-es-elegans-stilus-nyarra\/\" \/>\n<meta property=\"og:site_name\" content=\"CCC Fashion blog\" \/>\n<meta property=\"article:published_time\" content=\"2024-06-27T10:29:45+00:00\" \/>\n<meta property=\"article:modified_time\" content=\"2024-06-28T10:30:48+00:00\" \/>\n<meta property=\"og:image\" content=\"https:\/\/blog.ccc.eu\/hu\/wp-content\/uploads\/2024\/06\/CCC_5905588362463_02M_3044-Copy.jpg\" \/>\n\t<meta property=\"og:image:width\" content=\"512\" \/>\n\t<meta property=\"og:image:height\" content=\"768\" \/>\n\t<meta property=\"og:image:type\" content=\"image\/jpeg\" \/>\n<meta name=\"author\" content=\"Beatrix Korosi\" \/>\n<meta name=\"twitter:card\" content=\"summary_large_image\" \/>\n<meta name=\"twitter:label1\" content=\"Szerz\u0151:\" \/>\n\t<meta name=\"twitter:data1\" content=\"Beatrix Korosi\" \/>\n\t<meta name=\"twitter:label2\" content=\"Becs\u00fclt olvas\u00e1si id\u0151\" \/>\n\t<meta name=\"twitter:data2\" content=\"2 perc\" \/>\n<script type=\"application\/ld+json\" class=\"yoast-schema-graph\">{\"@context\":\"https:\/\/schema.org\",\"@graph\":[{\"@type\":\"Article\",\"@id\":\"https:\/\/blog.ccc.eu\/hu\/egyszeru-es-elegans-stilus-nyarra\/#article\",\"isPartOf\":{\"@id\":\"https:\/\/blog.ccc.eu\/hu\/egyszeru-es-elegans-stilus-nyarra\/\"},\"author\":{\"name\":\"Beatrix Korosi\",\"@id\":\"https:\/\/blog.ccc.eu\/hu\/#\/schema\/person\/b37d4e58a15b8cc6b1339218cfeb7c10\"},\"headline\":\"Egyszer\u0171 \u00e9s eleg\u00e1ns st\u00edlus ny\u00e1rra\u00a0\",\"datePublished\":\"2024-06-27T10:29:45+00:00\",\"dateModified\":\"2024-06-28T10:30:48+00:00\",\"mainEntityOfPage\":{\"@id\":\"https:\/\/blog.ccc.eu\/hu\/egyszeru-es-elegans-stilus-nyarra\/\"},\"wordCount\":480,\"commentCount\":0,\"publisher\":{\"@id\":\"https:\/\/blog.ccc.eu\/hu\/#organization\"},\"image\":{\"@id\":\"https:\/\/blog.ccc.eu\/hu\/egyszeru-es-elegans-stilus-nyarra\/#primaryimage\"},\"thumbnailUrl\":\"https:\/\/blog.ccc.eu\/hu\/wp-content\/uploads\/2024\/06\/CCC_5905588362463_02M_3044-Copy.jpg\",\"keywords\":[\"CCC\",\"St\u00edlusos cip\u0151k\",\"st\u00edlusos t\u00e1sk\u00e1k\",\"trendek\"],\"articleSection\":[\"TRENDEK\"],\"inLanguage\":\"hu\",\"potentialAction\":[{\"@type\":\"CommentAction\",\"name\":\"Comment\",\"target\":[\"https:\/\/blog.ccc.eu\/hu\/egyszeru-es-elegans-stilus-nyarra\/#respond\"]}]},{\"@type\":\"WebPage\",\"@id\":\"https:\/\/blog.ccc.eu\/hu\/egyszeru-es-elegans-stilus-nyarra\/\",\"url\":\"https:\/\/blog.ccc.eu\/hu\/egyszeru-es-elegans-stilus-nyarra\/\",\"name\":\"Egyszer\u0171 \u00e9s eleg\u00e1ns st\u00edlus ny\u00e1rra\u00a0 - CCC Fashion blog\",\"isPartOf\":{\"@id\":\"https:\/\/blog.ccc.eu\/hu\/#website\"},\"primaryImageOfPage\":{\"@id\":\"https:\/\/blog.ccc.eu\/hu\/egyszeru-es-elegans-stilus-nyarra\/#primaryimage\"},\"image\":{\"@id\":\"https:\/\/blog.ccc.eu\/hu\/egyszeru-es-elegans-stilus-nyarra\/#primaryimage\"},\"thumbnailUrl\":\"https:\/\/blog.ccc.eu\/hu\/wp-content\/uploads\/2024\/06\/CCC_5905588362463_02M_3044-Copy.jpg\",\"datePublished\":\"2024-06-27T10:29:45+00:00\",\"dateModified\":\"2024-06-28T10:30:48+00:00\",\"description\":\"Eleg\u00e1ns \u00e9s egyszer\u0171 megjelen\u00e9sre v\u00e1gysz? L\u00e1togass el hozz\u00e1nk \u00e9s tal\u00e1ld meg a t\u00f6k\u00e9letes cip\u0151 \u00e9s t\u00e1ska kombin\u00e1ci\u00f3t!\",\"breadcrumb\":{\"@id\":\"https:\/\/blog.ccc.eu\/hu\/egyszeru-es-elegans-stilus-nyarra\/#breadcrumb\"},\"inLanguage\":\"hu\",\"potentialAction\":[{\"@type\":\"ReadAction\",\"target\":[\"https:\/\/blog.ccc.eu\/hu\/egyszeru-es-elegans-stilus-nyarra\/\"]}]},{\"@type\":\"ImageObject\",\"inLanguage\":\"hu\",\"@id\":\"https:\/\/blog.ccc.eu\/hu\/egyszeru-es-elegans-stilus-nyarra\/#primaryimage\",\"url\":\"https:\/\/blog.ccc.eu\/hu\/wp-content\/uploads\/2024\/06\/CCC_5905588362463_02M_3044-Copy.jpg\",\"contentUrl\":\"https:\/\/blog.ccc.eu\/hu\/wp-content\/uploads\/2024\/06\/CCC_5905588362463_02M_3044-Copy.jpg\",\"width\":512,\"height\":768},{\"@type\":\"BreadcrumbList\",\"@id\":\"https:\/\/blog.ccc.eu\/hu\/egyszeru-es-elegans-stilus-nyarra\/#breadcrumb\",\"itemListElement\":[{\"@type\":\"ListItem\",\"position\":1,\"name\":\"Strona g\u0142\u00f3wna\",\"item\":\"https:\/\/blog.ccc.eu\/hu\/\"},{\"@type\":\"ListItem\",\"position\":2,\"name\":\"Egyszer\u0171 \u00e9s eleg\u00e1ns st\u00edlus ny\u00e1rra\u00a0\"}]},{\"@type\":\"WebSite\",\"@id\":\"https:\/\/blog.ccc.eu\/hu\/#website\",\"url\":\"https:\/\/blog.ccc.eu\/hu\/\",\"name\":\"CCC Fashion blog\",\"description\":\"Az \u00d6n helye tele van divatihletekkel\",\"publisher\":{\"@id\":\"https:\/\/blog.ccc.eu\/hu\/#organization\"},\"potentialAction\":[{\"@type\":\"SearchAction\",\"target\":{\"@type\":\"EntryPoint\",\"urlTemplate\":\"https:\/\/blog.ccc.eu\/hu\/?s={search_term_string}\"},\"query-input\":{\"@type\":\"PropertyValueSpecification\",\"valueRequired\":true,\"valueName\":\"search_term_string\"}}],\"inLanguage\":\"hu\"},{\"@type\":\"Organization\",\"@id\":\"https:\/\/blog.ccc.eu\/hu\/#organization\",\"name\":\"CCC S.A.\",\"url\":\"https:\/\/blog.ccc.eu\/hu\/\",\"logo\":{\"@type\":\"ImageObject\",\"inLanguage\":\"hu\",\"@id\":\"https:\/\/blog.ccc.eu\/hu\/#\/schema\/logo\/image\/\",\"url\":\"https:\/\/blog.ccc.eu\/hu\/wp-content\/uploads\/2021\/11\/logo_ccc.png\",\"contentUrl\":\"https:\/\/blog.ccc.eu\/hu\/wp-content\/uploads\/2021\/11\/logo_ccc.png\",\"width\":730,\"height\":270,\"caption\":\"CCC S.A.\"},\"image\":{\"@id\":\"https:\/\/blog.ccc.eu\/hu\/#\/schema\/logo\/image\/\"}},{\"@type\":\"Person\",\"@id\":\"https:\/\/blog.ccc.eu\/hu\/#\/schema\/person\/b37d4e58a15b8cc6b1339218cfeb7c10\",\"name\":\"Beatrix Korosi\",\"image\":{\"@type\":\"ImageObject\",\"inLanguage\":\"hu\",\"@id\":\"https:\/\/blog.ccc.eu\/hu\/#\/schema\/person\/image\/\",\"url\":\"https:\/\/blog.ccc.eu\/hu\/wp-content\/uploads\/2022\/11\/Bea-150x150.jpg\",\"contentUrl\":\"https:\/\/blog.ccc.eu\/hu\/wp-content\/uploads\/2022\/11\/Bea-150x150.jpg\",\"caption\":\"Beatrix Korosi\"},\"url\":\"https:\/\/blog.ccc.eu\/hu\/author\/beatrix-korosi\/\"}]}<\/script>\n<!-- \/ Yoast SEO plugin. -->","yoast_head_json":{"title":"Egyszer\u0171 \u00e9s eleg\u00e1ns st\u00edlus ny\u00e1rra\u00a0 - CCC Fashion blog","description":"Eleg\u00e1ns \u00e9s egyszer\u0171 megjelen\u00e9sre v\u00e1gysz? L\u00e1togass el hozz\u00e1nk \u00e9s tal\u00e1ld meg a t\u00f6k\u00e9letes cip\u0151 \u00e9s t\u00e1ska kombin\u00e1ci\u00f3t! 2026","robots":{"index":"index","follow":"follow","max-snippet":"max-snippet:-1","max-image-preview":"max-image-preview:large","max-video-preview":"max-video-preview:-1"},"canonical":"https:\/\/blog.ccc.eu\/hu\/egyszeru-es-elegans-stilus-nyarra\/","og_locale":"hu_HU","og_type":"article","og_title":"Egyszer\u0171 \u00e9s eleg\u00e1ns st\u00edlus ny\u00e1rra\u00a0 - CCC Fashion blog","og_description":"Eleg\u00e1ns \u00e9s egyszer\u0171 megjelen\u00e9sre v\u00e1gysz? L\u00e1togass el hozz\u00e1nk \u00e9s tal\u00e1ld meg a t\u00f6k\u00e9letes cip\u0151 \u00e9s t\u00e1ska kombin\u00e1ci\u00f3t!","og_url":"https:\/\/blog.ccc.eu\/hu\/egyszeru-es-elegans-stilus-nyarra\/","og_site_name":"CCC Fashion blog","article_published_time":"2024-06-27T10:29:45+00:00","article_modified_time":"2024-06-28T10:30:48+00:00","og_image":[{"width":512,"height":768,"url":"https:\/\/blog.ccc.eu\/hu\/wp-content\/uploads\/2024\/06\/CCC_5905588362463_02M_3044-Copy.jpg","type":"image\/jpeg"}],"author":"Beatrix Korosi","twitter_card":"summary_large_image","twitter_misc":{"Szerz\u0151:":"Beatrix Korosi","Becs\u00fclt olvas\u00e1si id\u0151":"2 perc"},"schema":{"@context":"https:\/\/schema.org","@graph":[{"@type":"Article","@id":"https:\/\/blog.ccc.eu\/hu\/egyszeru-es-elegans-stilus-nyarra\/#article","isPartOf":{"@id":"https:\/\/blog.ccc.eu\/hu\/egyszeru-es-elegans-stilus-nyarra\/"},"author":{"name":"Beatrix Korosi","@id":"https:\/\/blog.ccc.eu\/hu\/#\/schema\/person\/b37d4e58a15b8cc6b1339218cfeb7c10"},"headline":"Egyszer\u0171 \u00e9s eleg\u00e1ns st\u00edlus ny\u00e1rra\u00a0","datePublished":"2024-06-27T10:29:45+00:00","dateModified":"2024-06-28T10:30:48+00:00","mainEntityOfPage":{"@id":"https:\/\/blog.ccc.eu\/hu\/egyszeru-es-elegans-stilus-nyarra\/"},"wordCount":480,"commentCount":0,"publisher":{"@id":"https:\/\/blog.ccc.eu\/hu\/#organization"},"image":{"@id":"https:\/\/blog.ccc.eu\/hu\/egyszeru-es-elegans-stilus-nyarra\/#primaryimage"},"thumbnailUrl":"https:\/\/blog.ccc.eu\/hu\/wp-content\/uploads\/2024\/06\/CCC_5905588362463_02M_3044-Copy.jpg","keywords":["CCC","St\u00edlusos cip\u0151k","st\u00edlusos t\u00e1sk\u00e1k","trendek"],"articleSection":["TRENDEK"],"inLanguage":"hu","potentialAction":[{"@type":"CommentAction","name":"Comment","target":["https:\/\/blog.ccc.eu\/hu\/egyszeru-es-elegans-stilus-nyarra\/#respond"]}]},{"@type":"WebPage","@id":"https:\/\/blog.ccc.eu\/hu\/egyszeru-es-elegans-stilus-nyarra\/","url":"https:\/\/blog.ccc.eu\/hu\/egyszeru-es-elegans-stilus-nyarra\/","name":"Egyszer\u0171 \u00e9s eleg\u00e1ns st\u00edlus ny\u00e1rra\u00a0 - CCC Fashion blog","isPartOf":{"@id":"https:\/\/blog.ccc.eu\/hu\/#website"},"primaryImageOfPage":{"@id":"https:\/\/blog.ccc.eu\/hu\/egyszeru-es-elegans-stilus-nyarra\/#primaryimage"},"image":{"@id":"https:\/\/blog.ccc.eu\/hu\/egyszeru-es-elegans-stilus-nyarra\/#primaryimage"},"thumbnailUrl":"https:\/\/blog.ccc.eu\/hu\/wp-content\/uploads\/2024\/06\/CCC_5905588362463_02M_3044-Copy.jpg","datePublished":"2024-06-27T10:29:45+00:00","dateModified":"2024-06-28T10:30:48+00:00","description":"Eleg\u00e1ns \u00e9s egyszer\u0171 megjelen\u00e9sre v\u00e1gysz? L\u00e1togass el hozz\u00e1nk \u00e9s tal\u00e1ld meg a t\u00f6k\u00e9letes cip\u0151 \u00e9s t\u00e1ska kombin\u00e1ci\u00f3t!","breadcrumb":{"@id":"https:\/\/blog.ccc.eu\/hu\/egyszeru-es-elegans-stilus-nyarra\/#breadcrumb"},"inLanguage":"hu","potentialAction":[{"@type":"ReadAction","target":["https:\/\/blog.ccc.eu\/hu\/egyszeru-es-elegans-stilus-nyarra\/"]}]},{"@type":"ImageObject","inLanguage":"hu","@id":"https:\/\/blog.ccc.eu\/hu\/egyszeru-es-elegans-stilus-nyarra\/#primaryimage","url":"https:\/\/blog.ccc.eu\/hu\/wp-content\/uploads\/2024\/06\/CCC_5905588362463_02M_3044-Copy.jpg","contentUrl":"https:\/\/blog.ccc.eu\/hu\/wp-content\/uploads\/2024\/06\/CCC_5905588362463_02M_3044-Copy.jpg","width":512,"height":768},{"@type":"BreadcrumbList","@id":"https:\/\/blog.ccc.eu\/hu\/egyszeru-es-elegans-stilus-nyarra\/#breadcrumb","itemListElement":[{"@type":"ListItem","position":1,"name":"Strona g\u0142\u00f3wna","item":"https:\/\/blog.ccc.eu\/hu\/"},{"@type":"ListItem","position":2,"name":"Egyszer\u0171 \u00e9s eleg\u00e1ns st\u00edlus ny\u00e1rra\u00a0"}]},{"@type":"WebSite","@id":"https:\/\/blog.ccc.eu\/hu\/#website","url":"https:\/\/blog.ccc.eu\/hu\/","name":"CCC Fashion blog","description":"Az \u00d6n helye tele van divatihletekkel","publisher":{"@id":"https:\/\/blog.ccc.eu\/hu\/#organization"},"potentialAction":[{"@type":"SearchAction","target":{"@type":"EntryPoint","urlTemplate":"https:\/\/blog.ccc.eu\/hu\/?s={search_term_string}"},"query-input":{"@type":"PropertyValueSpecification","valueRequired":true,"valueName":"search_term_string"}}],"inLanguage":"hu"},{"@type":"Organization","@id":"https:\/\/blog.ccc.eu\/hu\/#organization","name":"CCC S.A.","url":"https:\/\/blog.ccc.eu\/hu\/","logo":{"@type":"ImageObject","inLanguage":"hu","@id":"https:\/\/blog.ccc.eu\/hu\/#\/schema\/logo\/image\/","url":"https:\/\/blog.ccc.eu\/hu\/wp-content\/uploads\/2021\/11\/logo_ccc.png","contentUrl":"https:\/\/blog.ccc.eu\/hu\/wp-content\/uploads\/2021\/11\/logo_ccc.png","width":730,"height":270,"caption":"CCC S.A."},"image":{"@id":"https:\/\/blog.ccc.eu\/hu\/#\/schema\/logo\/image\/"}},{"@type":"Person","@id":"https:\/\/blog.ccc.eu\/hu\/#\/schema\/person\/b37d4e58a15b8cc6b1339218cfeb7c10","name":"Beatrix Korosi","image":{"@type":"ImageObject","inLanguage":"hu","@id":"https:\/\/blog.ccc.eu\/hu\/#\/schema\/person\/image\/","url":"https:\/\/blog.ccc.eu\/hu\/wp-content\/uploads\/2022\/11\/Bea-150x150.jpg","contentUrl":"https:\/\/blog.ccc.eu\/hu\/wp-content\/uploads\/2022\/11\/Bea-150x150.jpg","caption":"Beatrix Korosi"},"url":"https:\/\/blog.ccc.eu\/hu\/author\/beatrix-korosi\/"}]}},"_links":{"self":[{"href":"https:\/\/blog.ccc.eu\/hu\/wp-json\/wp\/v2\/posts\/10041","targetHints":{"allow":["GET"]}}],"collection":[{"href":"https:\/\/blog.ccc.eu\/hu\/wp-json\/wp\/v2\/posts"}],"about":[{"href":"https:\/\/blog.ccc.eu\/hu\/wp-json\/wp\/v2\/types\/post"}],"author":[{"embeddable":true,"href":"https:\/\/blog.ccc.eu\/hu\/wp-json\/wp\/v2\/users\/22"}],"replies":[{"embeddable":true,"href":"https:\/\/blog.ccc.eu\/hu\/wp-json\/wp\/v2\/comments?post=10041"}],"version-history":[{"count":2,"href":"https:\/\/blog.ccc.eu\/hu\/wp-json\/wp\/v2\/posts\/10041\/revisions"}],"predecessor-version":[{"id":10050,"href":"https:\/\/blog.ccc.eu\/hu\/wp-json\/wp\/v2\/posts\/10041\/revisions\/10050"}],"wp:featuredmedia":[{"embeddable":true,"href":"https:\/\/blog.ccc.eu\/hu\/wp-json\/wp\/v2\/media\/10043"}],"wp:attachment":[{"href":"https:\/\/blog.ccc.eu\/hu\/wp-json\/wp\/v2\/media?parent=10041"}],"wp:term":[{"taxonomy":"category","embeddable":true,"href":"https:\/\/blog.ccc.eu\/hu\/wp-json\/wp\/v2\/categories?post=10041"},{"taxonomy":"post_tag","embeddable":true,"href":"https:\/\/blog.ccc.eu\/hu\/wp-json\/wp\/v2\/tags?post=10041"}],"curies":[{"name":"wp","href":"https:\/\/api.w.org\/{rel}","templated":true}]}}