{"id":10150,"date":"2024-07-30T14:02:33","date_gmt":"2024-07-30T12:02:33","guid":{"rendered":"https:\/\/blog.ccc.eu\/hu\/?p=10150"},"modified":"2024-07-30T14:02:34","modified_gmt":"2024-07-30T12:02:34","slug":"a-mandula-orru-cipok-2024-ben-ujra-divatba-jonnek","status":"publish","type":"post","link":"https:\/\/blog.ccc.eu\/hu\/a-mandula-orru-cipok-2024-ben-ujra-divatba-jonnek\/","title":{"rendered":"A mandula orr\u00fa cip\u0151k 2024-ben \u00fajra divatba j\u00f6nnek!\u00a0"},"content":{"rendered":"\n<p><b>Ebben a szezonban a tervez\u0151k sz\u00e1mos klasszikus l\u00e1bbeli modellel k\u00e9sz\u00fcltek mandula orral ell\u00e1tva, melyek eleganci\u00e1t k\u00f6lcs\u00f6n\u00f6znek a megjelen\u00e9s\u00fcnknek. Ezek a l\u00e1bbelik az 1980-as \u00e9vekben lettek n\u00e9pszer\u0171ek \u00e9s most ism\u00e9t a trendek \u00e9l\u00e9n \u00e1llnak! Tekintsd meg ezeket a darabokat \u00e9s tal\u00e1ld meg a st\u00edlusodnak megfelel\u0151 p\u00e1rat! &nbsp;<\/b><\/p>\n\n\n\n<figure class=\"wp-block-gallery has-nested-images columns-default is-cropped wp-block-gallery-1 is-layout-flex wp-block-gallery-is-layout-flex\">\n<figure class=\"wp-block-image size-large\"><img loading=\"lazy\" decoding=\"async\" width=\"533\" height=\"800\" data-id=\"10152\" src=\"https:\/\/blog.ccc.eu\/hu\/wp-content\/uploads\/2024\/07\/CCC_5905588565079_02M_Copy.jpg\" alt=\"\" class=\"wp-image-10152\" srcset=\"https:\/\/blog.ccc.eu\/hu\/wp-content\/uploads\/2024\/07\/CCC_5905588565079_02M_Copy.jpg 533w, https:\/\/blog.ccc.eu\/hu\/wp-content\/uploads\/2024\/07\/CCC_5905588565079_02M_Copy-200x300.jpg 200w, https:\/\/blog.ccc.eu\/hu\/wp-content\/uploads\/2024\/07\/CCC_5905588565079_02M_Copy-100x150.jpg 100w\" sizes=\"auto, (max-width: 533px) 100vw, 533px\" \/><\/figure>\n\n\n\n<figure class=\"wp-block-image size-large\"><img loading=\"lazy\" decoding=\"async\" width=\"533\" height=\"800\" data-id=\"10151\" src=\"https:\/\/blog.ccc.eu\/hu\/wp-content\/uploads\/2024\/07\/CCC_590558856507902_02M_Copy.jpg\" alt=\"\" class=\"wp-image-10151\" srcset=\"https:\/\/blog.ccc.eu\/hu\/wp-content\/uploads\/2024\/07\/CCC_590558856507902_02M_Copy.jpg 533w, https:\/\/blog.ccc.eu\/hu\/wp-content\/uploads\/2024\/07\/CCC_590558856507902_02M_Copy-200x300.jpg 200w, https:\/\/blog.ccc.eu\/hu\/wp-content\/uploads\/2024\/07\/CCC_590558856507902_02M_Copy-100x150.jpg 100w\" sizes=\"auto, (max-width: 533px) 100vw, 533px\" \/><\/figure>\n<\/figure>\n\n\n\n<h2 class=\"wp-block-heading\">Mandula orr\u00fa cip\u0151k a 2024-es trendekben&nbsp;<\/h2>\n\n\n\n<p>A mandula orral ell\u00e1tott cip\u0151k sz\u00e1mos sz\u00ednben \u00e9s st\u00edlusban el\u00e9rhet\u0151ek a CCC-ben! A legdivatosabbak k\u00e9ts\u00e9gk\u00edv\u00fcl a balerina \u00e9s a magassark\u00fa l\u00e1bbelik finom anyagb\u00f3l kidolgozva. Nemcsak kiv\u00e1l\u00f3 kidolgoz\u00e1suknak, hanem visel\u00e9si k\u00e9nyelm\u00fcknek k\u00f6sz\u00f6nhet\u0151en is v\u00e1lasztj\u00e1k sokan ezeket a darabokat.\u00a0<\/p>\n\n\n\n<figure class=\"wp-block-gallery has-nested-images columns-default is-cropped wp-block-gallery-2 is-layout-flex wp-block-gallery-is-layout-flex\">\n<figure class=\"wp-block-image size-large\"><img loading=\"lazy\" decoding=\"async\" width=\"683\" height=\"1024\" data-id=\"10154\" src=\"https:\/\/blog.ccc.eu\/hu\/wp-content\/uploads\/2024\/07\/CCC_5904862952352_01-683x1024-1.jpg\" alt=\"\" class=\"wp-image-10154\" srcset=\"https:\/\/blog.ccc.eu\/hu\/wp-content\/uploads\/2024\/07\/CCC_5904862952352_01-683x1024-1.jpg 683w, https:\/\/blog.ccc.eu\/hu\/wp-content\/uploads\/2024\/07\/CCC_5904862952352_01-683x1024-1-200x300.jpg 200w, https:\/\/blog.ccc.eu\/hu\/wp-content\/uploads\/2024\/07\/CCC_5904862952352_01-683x1024-1-100x150.jpg 100w\" sizes=\"auto, (max-width: 683px) 100vw, 683px\" \/><\/figure>\n\n\n\n<figure class=\"wp-block-image size-large\"><img loading=\"lazy\" decoding=\"async\" width=\"683\" height=\"1024\" data-id=\"10153\" src=\"https:\/\/blog.ccc.eu\/hu\/wp-content\/uploads\/2024\/07\/CCC_5904862952352_99_M-683x1024-1.jpg\" alt=\"\" class=\"wp-image-10153\" srcset=\"https:\/\/blog.ccc.eu\/hu\/wp-content\/uploads\/2024\/07\/CCC_5904862952352_99_M-683x1024-1.jpg 683w, https:\/\/blog.ccc.eu\/hu\/wp-content\/uploads\/2024\/07\/CCC_5904862952352_99_M-683x1024-1-200x300.jpg 200w, https:\/\/blog.ccc.eu\/hu\/wp-content\/uploads\/2024\/07\/CCC_5904862952352_99_M-683x1024-1-100x150.jpg 100w\" sizes=\"auto, (max-width: 683px) 100vw, 683px\" \/><\/figure>\n<\/figure>\n\n\n\n<h2 class=\"wp-block-heading\">Mandula orr\u00fa magassark\u00fa cip\u0151k\u2013 t\u00f6k\u00e9letes&nbsp;l\u00e1bbeli minden alkalomra&nbsp;<\/h2>\n\n\n\n<p>Amikor mandula orr\u00fa cip\u0151t v\u00e1lasztunk, fontos tudnunk, hogy sz\u00e1mos st\u00edlussal kombin\u00e1lhat\u00f3ak. Klasszikus fekete \u00e9s b\u00e9zs sz\u00edn\u0171 darabok k\u00f6z\u00fcl v\u00e1logathatunk, melyek t\u00f6bbf\u00e9le sz\u00ednnel is nagyon j\u00f3l mutatnak.&nbsp;<\/p>\n\n\n\n<p>A legszebb p\u00e1rak a Jenny Fairy \u00e9s a Sergio Bardi m\u00e1rka kollekci\u00f3iban v\u00e1rnak r\u00e1nk, emellett a Lasocki k\u00edn\u00e1lat\u00e1ban is sz\u00e1mos szemet gy\u00f6ny\u00f6rk\u00f6dtet\u0151 l\u00e1bbeli tal\u00e1lhat\u00f3 vel\u00farb\u0151r anyagb\u00f3l. \u00a0<\/p>\n\n\n\n<figure class=\"wp-block-gallery has-nested-images columns-default is-cropped wp-block-gallery-3 is-layout-flex wp-block-gallery-is-layout-flex\">\n<figure class=\"wp-block-image size-large\"><img loading=\"lazy\" decoding=\"async\" width=\"683\" height=\"1024\" data-id=\"10155\" src=\"https:\/\/blog.ccc.eu\/hu\/wp-content\/uploads\/2024\/07\/CCC_5905588289319_02K-683x1024.jpg\" alt=\"\" class=\"wp-image-10155\" srcset=\"https:\/\/blog.ccc.eu\/hu\/wp-content\/uploads\/2024\/07\/CCC_5905588289319_02K-683x1024.jpg 683w, https:\/\/blog.ccc.eu\/hu\/wp-content\/uploads\/2024\/07\/CCC_5905588289319_02K-200x300.jpg 200w, https:\/\/blog.ccc.eu\/hu\/wp-content\/uploads\/2024\/07\/CCC_5905588289319_02K-768x1152.jpg 768w, https:\/\/blog.ccc.eu\/hu\/wp-content\/uploads\/2024\/07\/CCC_5905588289319_02K-100x150.jpg 100w, https:\/\/blog.ccc.eu\/hu\/wp-content\/uploads\/2024\/07\/CCC_5905588289319_02K.jpg 876w\" sizes=\"auto, (max-width: 683px) 100vw, 683px\" \/><\/figure>\n\n\n\n<figure class=\"wp-block-image size-large\"><img loading=\"lazy\" decoding=\"async\" width=\"683\" height=\"1024\" data-id=\"10156\" src=\"https:\/\/blog.ccc.eu\/hu\/wp-content\/uploads\/2024\/07\/CCC_5905588289326_02K-683x1024.jpg\" alt=\"\" class=\"wp-image-10156\" srcset=\"https:\/\/blog.ccc.eu\/hu\/wp-content\/uploads\/2024\/07\/CCC_5905588289326_02K-683x1024.jpg 683w, https:\/\/blog.ccc.eu\/hu\/wp-content\/uploads\/2024\/07\/CCC_5905588289326_02K-200x300.jpg 200w, https:\/\/blog.ccc.eu\/hu\/wp-content\/uploads\/2024\/07\/CCC_5905588289326_02K-768x1152.jpg 768w, https:\/\/blog.ccc.eu\/hu\/wp-content\/uploads\/2024\/07\/CCC_5905588289326_02K-100x150.jpg 100w, https:\/\/blog.ccc.eu\/hu\/wp-content\/uploads\/2024\/07\/CCC_5905588289326_02K.jpg 876w\" sizes=\"auto, (max-width: 683px) 100vw, 683px\" \/><\/figure>\n<\/figure>\n\n\n\n<h2 class=\"wp-block-heading\">Mandula orr\u00fa balerina cip\u0151k\u2013 ide\u00e1lisak a h\u00e9tk\u00f6znapokra&nbsp;<\/h2>\n\n\n\n<p>Ezek lesznek a legjobb v\u00e1laszt\u00e1sok a tavaszi-ny\u00e1ri szezonban! A modern megjelen\u00e9s\u0171 darabok ide\u00e1lisak lesznek sz\u00e1mos alkalomra, nem mellesleg t\u00f6bbf\u00e9le st\u00edlussal is kombin\u00e1lhat\u00f3ak. &nbsp;<\/p>\n\n\n\n<p>T\u00f6bbf\u00e9le sz\u00edn k\u00f6z\u00fcl v\u00e1laszhatunk, piszt\u00e1cia, k\u00e9k \u00e9s pasztell sz\u00edn\u0171 modellek k\u00f6z\u00fcl, m\u00edg az extravag\u00e1nsabb darabok rajong\u00f3i arany \u00e9s ez\u00fcstsz\u00ednben is megtal\u00e1lhatj\u00e1k ezeket a modelleket. \u00a0<\/p>\n\n\n\n<figure class=\"wp-block-gallery has-nested-images columns-default is-cropped wp-block-gallery-4 is-layout-flex wp-block-gallery-is-layout-flex\">\n<figure class=\"wp-block-image size-large\"><img loading=\"lazy\" decoding=\"async\" width=\"683\" height=\"1024\" data-id=\"10158\" src=\"https:\/\/blog.ccc.eu\/hu\/wp-content\/uploads\/2024\/07\/CCC_5905588315261_02K-683x1024.jpg\" alt=\"\" class=\"wp-image-10158\" srcset=\"https:\/\/blog.ccc.eu\/hu\/wp-content\/uploads\/2024\/07\/CCC_5905588315261_02K-683x1024.jpg 683w, https:\/\/blog.ccc.eu\/hu\/wp-content\/uploads\/2024\/07\/CCC_5905588315261_02K-200x300.jpg 200w, https:\/\/blog.ccc.eu\/hu\/wp-content\/uploads\/2024\/07\/CCC_5905588315261_02K-768x1152.jpg 768w, https:\/\/blog.ccc.eu\/hu\/wp-content\/uploads\/2024\/07\/CCC_5905588315261_02K-100x150.jpg 100w, https:\/\/blog.ccc.eu\/hu\/wp-content\/uploads\/2024\/07\/CCC_5905588315261_02K.jpg 876w\" sizes=\"auto, (max-width: 683px) 100vw, 683px\" \/><\/figure>\n\n\n\n<figure class=\"wp-block-image size-large\"><img loading=\"lazy\" decoding=\"async\" width=\"683\" height=\"1024\" data-id=\"10157\" src=\"https:\/\/blog.ccc.eu\/hu\/wp-content\/uploads\/2024\/07\/CCC_5905588315278_01K-683x1024.jpg\" alt=\"\" class=\"wp-image-10157\" srcset=\"https:\/\/blog.ccc.eu\/hu\/wp-content\/uploads\/2024\/07\/CCC_5905588315278_01K-683x1024.jpg 683w, https:\/\/blog.ccc.eu\/hu\/wp-content\/uploads\/2024\/07\/CCC_5905588315278_01K-200x300.jpg 200w, https:\/\/blog.ccc.eu\/hu\/wp-content\/uploads\/2024\/07\/CCC_5905588315278_01K-768x1152.jpg 768w, https:\/\/blog.ccc.eu\/hu\/wp-content\/uploads\/2024\/07\/CCC_5905588315278_01K-100x150.jpg 100w, https:\/\/blog.ccc.eu\/hu\/wp-content\/uploads\/2024\/07\/CCC_5905588315278_01K.jpg 876w\" sizes=\"auto, (max-width: 683px) 100vw, 683px\" \/><\/figure>\n<\/figure>\n\n\n\n<p>Tal\u00e1ld meg az \u00edzl\u00e9sednek megfelel\u0151 mandula orr\u00fa l\u00e1bbeliket\u00a0<a href=\"https:\/\/ccc.eu\/hu\/sklepy\" target=\"_blank\" rel=\"noreferrer noopener\">CCC \u00fczleteinkben<\/a>,\u00a0<a href=\"https:\/\/ccc.eu\/hu\/\" target=\"_blank\" rel=\"noreferrer noopener\">webshopunkban<\/a>, \u00e9s az\u00a0<a href=\"https:\/\/ccc.eu\/hu\/mobile-app\" target=\"_blank\" rel=\"noreferrer noopener\">alkalmaz\u00e1sban<\/a>. Legy\u00e9l\u00a0<a href=\"https:\/\/ccc.eu\/hu\/klub-ccc\" target=\"_blank\" rel=\"noreferrer noopener\">CCC klubtag<\/a>\u00a0is, \u00e9s \u00e9lvezd a k\u00e9nyelmes \u00e9s kedvezm\u00e9nyes v\u00e1s\u00e1rl\u00e1si lehet\u0151s\u00e9geket! K\u00f6vesd vel\u00fcnk a divatot\u00a0<a href=\"https:\/\/www.facebook.com\/CCC.Hungary\/\" target=\"_blank\" rel=\"noreferrer noopener\">Facebookon,<\/a>\u00a0\u00e9s inspir\u00e1l\u00f3dj vel\u00fcnk az\u00a0<a href=\"https:\/\/www.instagram.com\/cccshoesbags\/\" target=\"_blank\" rel=\"noreferrer noopener\">Instagramon<\/a>\u00a0is!\u00a0\u00a0\u00a0\u00a0 \u00a0<\/p>\n","protected":false},"excerpt":{"rendered":"<p>Ebben a szezonban a tervez\u0151k sz\u00e1mos klasszikus l\u00e1bbeli modellel k\u00e9sz\u00fcltek mandula orral ell\u00e1tva, melyek eleganci\u00e1t k\u00f6lcs\u00f6n\u00f6znek a megjelen\u00e9s\u00fcnknek. Ezek a l\u00e1bbelik az 1980-as \u00e9vekben lettek n\u00e9pszer\u0171ek \u00e9s most ism\u00e9t a trendek \u00e9l\u00e9n \u00e1llnak! Tekintsd meg ezeket a darabokat \u00e9s tal\u00e1ld meg a st\u00edlusodnak megfelel\u0151 p\u00e1rat! &nbsp; Mandula orr\u00fa cip\u0151k a 2024-es trendekben&nbsp; A mandula orral [&hellip;]<\/p>\n","protected":false},"author":22,"featured_media":10151,"comment_status":"open","ping_status":"open","sticky":false,"template":"","format":"standard","meta":{"_acf_changed":false,"footnotes":""},"categories":[6],"tags":[560,707,1180,786],"class_list":["post-10150","post","type-post","status-publish","format-standard","has-post-thumbnail","hentry","category-trendek","tag-ccc","tag-cipok","tag-mandula-orru-cipok","tag-trendek"],"acf":[],"yoast_head":"<!-- This site is optimized with the Yoast SEO plugin v26.9 - https:\/\/yoast.com\/product\/yoast-seo-wordpress\/ -->\n<title>A mandula orr\u00fa cip\u0151k 2024-ben \u00fajra divatba j\u00f6nnek!\u00a0 - CCC Fashion blog<\/title>\n<meta name=\"description\" content=\"2026\" \/>\n<meta name=\"robots\" content=\"index, follow, max-snippet:-1, max-image-preview:large, max-video-preview:-1\" \/>\n<link rel=\"canonical\" href=\"https:\/\/blog.ccc.eu\/hu\/a-mandula-orru-cipok-2024-ben-ujra-divatba-jonnek\/\" \/>\n<meta property=\"og:locale\" content=\"hu_HU\" \/>\n<meta property=\"og:type\" content=\"article\" \/>\n<meta property=\"og:title\" content=\"A mandula orr\u00fa cip\u0151k 2024-ben \u00fajra divatba j\u00f6nnek!\u00a0 - CCC Fashion blog\" \/>\n<meta property=\"og:description\" content=\"Ebben a szezonban a tervez\u0151k sz\u00e1mos klasszikus l\u00e1bbeli modellel k\u00e9sz\u00fcltek mandula orral ell\u00e1tva, melyek eleganci\u00e1t k\u00f6lcs\u00f6n\u00f6znek a megjelen\u00e9s\u00fcnknek. Ezek a l\u00e1bbelik az 1980-as \u00e9vekben lettek n\u00e9pszer\u0171ek \u00e9s most ism\u00e9t a trendek \u00e9l\u00e9n \u00e1llnak! Tekintsd meg ezeket a darabokat \u00e9s tal\u00e1ld meg a st\u00edlusodnak megfelel\u0151 p\u00e1rat! &nbsp; Mandula orr\u00fa cip\u0151k a 2024-es trendekben&nbsp; A mandula orral [&hellip;]\" \/>\n<meta property=\"og:url\" content=\"https:\/\/blog.ccc.eu\/hu\/a-mandula-orru-cipok-2024-ben-ujra-divatba-jonnek\/\" \/>\n<meta property=\"og:site_name\" content=\"CCC Fashion blog\" \/>\n<meta property=\"article:published_time\" content=\"2024-07-30T12:02:33+00:00\" \/>\n<meta property=\"article:modified_time\" content=\"2024-07-30T12:02:34+00:00\" \/>\n<meta property=\"og:image\" content=\"https:\/\/blog.ccc.eu\/hu\/wp-content\/uploads\/2024\/07\/CCC_590558856507902_02M_Copy.jpg\" \/>\n\t<meta property=\"og:image:width\" content=\"533\" \/>\n\t<meta property=\"og:image:height\" content=\"800\" \/>\n\t<meta property=\"og:image:type\" content=\"image\/jpeg\" \/>\n<meta name=\"author\" content=\"Beatrix Korosi\" \/>\n<meta name=\"twitter:card\" content=\"summary_large_image\" \/>\n<meta name=\"twitter:label1\" content=\"Szerz\u0151:\" \/>\n\t<meta name=\"twitter:data1\" content=\"Beatrix Korosi\" \/>\n\t<meta name=\"twitter:label2\" content=\"Becs\u00fclt olvas\u00e1si id\u0151\" \/>\n\t<meta name=\"twitter:data2\" content=\"2 perc\" \/>\n<script type=\"application\/ld+json\" class=\"yoast-schema-graph\">{\"@context\":\"https:\/\/schema.org\",\"@graph\":[{\"@type\":\"Article\",\"@id\":\"https:\/\/blog.ccc.eu\/hu\/a-mandula-orru-cipok-2024-ben-ujra-divatba-jonnek\/#article\",\"isPartOf\":{\"@id\":\"https:\/\/blog.ccc.eu\/hu\/a-mandula-orru-cipok-2024-ben-ujra-divatba-jonnek\/\"},\"author\":{\"name\":\"Beatrix Korosi\",\"@id\":\"https:\/\/blog.ccc.eu\/hu\/#\/schema\/person\/b37d4e58a15b8cc6b1339218cfeb7c10\"},\"headline\":\"A mandula orr\u00fa cip\u0151k 2024-ben \u00fajra divatba j\u00f6nnek!\u00a0\",\"datePublished\":\"2024-07-30T12:02:33+00:00\",\"dateModified\":\"2024-07-30T12:02:34+00:00\",\"mainEntityOfPage\":{\"@id\":\"https:\/\/blog.ccc.eu\/hu\/a-mandula-orru-cipok-2024-ben-ujra-divatba-jonnek\/\"},\"wordCount\":385,\"commentCount\":0,\"publisher\":{\"@id\":\"https:\/\/blog.ccc.eu\/hu\/#organization\"},\"image\":{\"@id\":\"https:\/\/blog.ccc.eu\/hu\/a-mandula-orru-cipok-2024-ben-ujra-divatba-jonnek\/#primaryimage\"},\"thumbnailUrl\":\"https:\/\/blog.ccc.eu\/hu\/wp-content\/uploads\/2024\/07\/CCC_590558856507902_02M_Copy.jpg\",\"keywords\":[\"CCC\",\"cip\u0151k\",\"Mandula orr\u00fa cip\u0151k\",\"trendek\"],\"articleSection\":[\"TRENDEK\"],\"inLanguage\":\"hu\",\"potentialAction\":[{\"@type\":\"CommentAction\",\"name\":\"Comment\",\"target\":[\"https:\/\/blog.ccc.eu\/hu\/a-mandula-orru-cipok-2024-ben-ujra-divatba-jonnek\/#respond\"]}]},{\"@type\":\"WebPage\",\"@id\":\"https:\/\/blog.ccc.eu\/hu\/a-mandula-orru-cipok-2024-ben-ujra-divatba-jonnek\/\",\"url\":\"https:\/\/blog.ccc.eu\/hu\/a-mandula-orru-cipok-2024-ben-ujra-divatba-jonnek\/\",\"name\":\"A mandula orr\u00fa cip\u0151k 2024-ben \u00fajra divatba j\u00f6nnek!\u00a0 - CCC Fashion blog\",\"isPartOf\":{\"@id\":\"https:\/\/blog.ccc.eu\/hu\/#website\"},\"primaryImageOfPage\":{\"@id\":\"https:\/\/blog.ccc.eu\/hu\/a-mandula-orru-cipok-2024-ben-ujra-divatba-jonnek\/#primaryimage\"},\"image\":{\"@id\":\"https:\/\/blog.ccc.eu\/hu\/a-mandula-orru-cipok-2024-ben-ujra-divatba-jonnek\/#primaryimage\"},\"thumbnailUrl\":\"https:\/\/blog.ccc.eu\/hu\/wp-content\/uploads\/2024\/07\/CCC_590558856507902_02M_Copy.jpg\",\"datePublished\":\"2024-07-30T12:02:33+00:00\",\"dateModified\":\"2024-07-30T12:02:34+00:00\",\"breadcrumb\":{\"@id\":\"https:\/\/blog.ccc.eu\/hu\/a-mandula-orru-cipok-2024-ben-ujra-divatba-jonnek\/#breadcrumb\"},\"inLanguage\":\"hu\",\"potentialAction\":[{\"@type\":\"ReadAction\",\"target\":[\"https:\/\/blog.ccc.eu\/hu\/a-mandula-orru-cipok-2024-ben-ujra-divatba-jonnek\/\"]}]},{\"@type\":\"ImageObject\",\"inLanguage\":\"hu\",\"@id\":\"https:\/\/blog.ccc.eu\/hu\/a-mandula-orru-cipok-2024-ben-ujra-divatba-jonnek\/#primaryimage\",\"url\":\"https:\/\/blog.ccc.eu\/hu\/wp-content\/uploads\/2024\/07\/CCC_590558856507902_02M_Copy.jpg\",\"contentUrl\":\"https:\/\/blog.ccc.eu\/hu\/wp-content\/uploads\/2024\/07\/CCC_590558856507902_02M_Copy.jpg\",\"width\":533,\"height\":800},{\"@type\":\"BreadcrumbList\",\"@id\":\"https:\/\/blog.ccc.eu\/hu\/a-mandula-orru-cipok-2024-ben-ujra-divatba-jonnek\/#breadcrumb\",\"itemListElement\":[{\"@type\":\"ListItem\",\"position\":1,\"name\":\"Strona g\u0142\u00f3wna\",\"item\":\"https:\/\/blog.ccc.eu\/hu\/\"},{\"@type\":\"ListItem\",\"position\":2,\"name\":\"A mandula orr\u00fa cip\u0151k 2024-ben \u00fajra divatba j\u00f6nnek!\u00a0\"}]},{\"@type\":\"WebSite\",\"@id\":\"https:\/\/blog.ccc.eu\/hu\/#website\",\"url\":\"https:\/\/blog.ccc.eu\/hu\/\",\"name\":\"CCC Fashion blog\",\"description\":\"Az \u00d6n helye tele van divatihletekkel\",\"publisher\":{\"@id\":\"https:\/\/blog.ccc.eu\/hu\/#organization\"},\"potentialAction\":[{\"@type\":\"SearchAction\",\"target\":{\"@type\":\"EntryPoint\",\"urlTemplate\":\"https:\/\/blog.ccc.eu\/hu\/?s={search_term_string}\"},\"query-input\":{\"@type\":\"PropertyValueSpecification\",\"valueRequired\":true,\"valueName\":\"search_term_string\"}}],\"inLanguage\":\"hu\"},{\"@type\":\"Organization\",\"@id\":\"https:\/\/blog.ccc.eu\/hu\/#organization\",\"name\":\"CCC S.A.\",\"url\":\"https:\/\/blog.ccc.eu\/hu\/\",\"logo\":{\"@type\":\"ImageObject\",\"inLanguage\":\"hu\",\"@id\":\"https:\/\/blog.ccc.eu\/hu\/#\/schema\/logo\/image\/\",\"url\":\"https:\/\/blog.ccc.eu\/hu\/wp-content\/uploads\/2021\/11\/logo_ccc.png\",\"contentUrl\":\"https:\/\/blog.ccc.eu\/hu\/wp-content\/uploads\/2021\/11\/logo_ccc.png\",\"width\":730,\"height\":270,\"caption\":\"CCC S.A.\"},\"image\":{\"@id\":\"https:\/\/blog.ccc.eu\/hu\/#\/schema\/logo\/image\/\"}},{\"@type\":\"Person\",\"@id\":\"https:\/\/blog.ccc.eu\/hu\/#\/schema\/person\/b37d4e58a15b8cc6b1339218cfeb7c10\",\"name\":\"Beatrix Korosi\",\"image\":{\"@type\":\"ImageObject\",\"inLanguage\":\"hu\",\"@id\":\"https:\/\/blog.ccc.eu\/hu\/#\/schema\/person\/image\/\",\"url\":\"https:\/\/blog.ccc.eu\/hu\/wp-content\/uploads\/2022\/11\/Bea-150x150.jpg\",\"contentUrl\":\"https:\/\/blog.ccc.eu\/hu\/wp-content\/uploads\/2022\/11\/Bea-150x150.jpg\",\"caption\":\"Beatrix Korosi\"},\"url\":\"https:\/\/blog.ccc.eu\/hu\/author\/beatrix-korosi\/\"}]}<\/script>\n<!-- \/ Yoast SEO plugin. -->","yoast_head_json":{"title":"A mandula orr\u00fa cip\u0151k 2024-ben \u00fajra divatba j\u00f6nnek!\u00a0 - CCC Fashion blog","description":"2026","robots":{"index":"index","follow":"follow","max-snippet":"max-snippet:-1","max-image-preview":"max-image-preview:large","max-video-preview":"max-video-preview:-1"},"canonical":"https:\/\/blog.ccc.eu\/hu\/a-mandula-orru-cipok-2024-ben-ujra-divatba-jonnek\/","og_locale":"hu_HU","og_type":"article","og_title":"A mandula orr\u00fa cip\u0151k 2024-ben \u00fajra divatba j\u00f6nnek!\u00a0 - CCC Fashion blog","og_description":"Ebben a szezonban a tervez\u0151k sz\u00e1mos klasszikus l\u00e1bbeli modellel k\u00e9sz\u00fcltek mandula orral ell\u00e1tva, melyek eleganci\u00e1t k\u00f6lcs\u00f6n\u00f6znek a megjelen\u00e9s\u00fcnknek. Ezek a l\u00e1bbelik az 1980-as \u00e9vekben lettek n\u00e9pszer\u0171ek \u00e9s most ism\u00e9t a trendek \u00e9l\u00e9n \u00e1llnak! Tekintsd meg ezeket a darabokat \u00e9s tal\u00e1ld meg a st\u00edlusodnak megfelel\u0151 p\u00e1rat! &nbsp; Mandula orr\u00fa cip\u0151k a 2024-es trendekben&nbsp; A mandula orral [&hellip;]","og_url":"https:\/\/blog.ccc.eu\/hu\/a-mandula-orru-cipok-2024-ben-ujra-divatba-jonnek\/","og_site_name":"CCC Fashion blog","article_published_time":"2024-07-30T12:02:33+00:00","article_modified_time":"2024-07-30T12:02:34+00:00","og_image":[{"width":533,"height":800,"url":"https:\/\/blog.ccc.eu\/hu\/wp-content\/uploads\/2024\/07\/CCC_590558856507902_02M_Copy.jpg","type":"image\/jpeg"}],"author":"Beatrix Korosi","twitter_card":"summary_large_image","twitter_misc":{"Szerz\u0151:":"Beatrix Korosi","Becs\u00fclt olvas\u00e1si id\u0151":"2 perc"},"schema":{"@context":"https:\/\/schema.org","@graph":[{"@type":"Article","@id":"https:\/\/blog.ccc.eu\/hu\/a-mandula-orru-cipok-2024-ben-ujra-divatba-jonnek\/#article","isPartOf":{"@id":"https:\/\/blog.ccc.eu\/hu\/a-mandula-orru-cipok-2024-ben-ujra-divatba-jonnek\/"},"author":{"name":"Beatrix Korosi","@id":"https:\/\/blog.ccc.eu\/hu\/#\/schema\/person\/b37d4e58a15b8cc6b1339218cfeb7c10"},"headline":"A mandula orr\u00fa cip\u0151k 2024-ben \u00fajra divatba j\u00f6nnek!\u00a0","datePublished":"2024-07-30T12:02:33+00:00","dateModified":"2024-07-30T12:02:34+00:00","mainEntityOfPage":{"@id":"https:\/\/blog.ccc.eu\/hu\/a-mandula-orru-cipok-2024-ben-ujra-divatba-jonnek\/"},"wordCount":385,"commentCount":0,"publisher":{"@id":"https:\/\/blog.ccc.eu\/hu\/#organization"},"image":{"@id":"https:\/\/blog.ccc.eu\/hu\/a-mandula-orru-cipok-2024-ben-ujra-divatba-jonnek\/#primaryimage"},"thumbnailUrl":"https:\/\/blog.ccc.eu\/hu\/wp-content\/uploads\/2024\/07\/CCC_590558856507902_02M_Copy.jpg","keywords":["CCC","cip\u0151k","Mandula orr\u00fa cip\u0151k","trendek"],"articleSection":["TRENDEK"],"inLanguage":"hu","potentialAction":[{"@type":"CommentAction","name":"Comment","target":["https:\/\/blog.ccc.eu\/hu\/a-mandula-orru-cipok-2024-ben-ujra-divatba-jonnek\/#respond"]}]},{"@type":"WebPage","@id":"https:\/\/blog.ccc.eu\/hu\/a-mandula-orru-cipok-2024-ben-ujra-divatba-jonnek\/","url":"https:\/\/blog.ccc.eu\/hu\/a-mandula-orru-cipok-2024-ben-ujra-divatba-jonnek\/","name":"A mandula orr\u00fa cip\u0151k 2024-ben \u00fajra divatba j\u00f6nnek!\u00a0 - CCC Fashion blog","isPartOf":{"@id":"https:\/\/blog.ccc.eu\/hu\/#website"},"primaryImageOfPage":{"@id":"https:\/\/blog.ccc.eu\/hu\/a-mandula-orru-cipok-2024-ben-ujra-divatba-jonnek\/#primaryimage"},"image":{"@id":"https:\/\/blog.ccc.eu\/hu\/a-mandula-orru-cipok-2024-ben-ujra-divatba-jonnek\/#primaryimage"},"thumbnailUrl":"https:\/\/blog.ccc.eu\/hu\/wp-content\/uploads\/2024\/07\/CCC_590558856507902_02M_Copy.jpg","datePublished":"2024-07-30T12:02:33+00:00","dateModified":"2024-07-30T12:02:34+00:00","breadcrumb":{"@id":"https:\/\/blog.ccc.eu\/hu\/a-mandula-orru-cipok-2024-ben-ujra-divatba-jonnek\/#breadcrumb"},"inLanguage":"hu","potentialAction":[{"@type":"ReadAction","target":["https:\/\/blog.ccc.eu\/hu\/a-mandula-orru-cipok-2024-ben-ujra-divatba-jonnek\/"]}]},{"@type":"ImageObject","inLanguage":"hu","@id":"https:\/\/blog.ccc.eu\/hu\/a-mandula-orru-cipok-2024-ben-ujra-divatba-jonnek\/#primaryimage","url":"https:\/\/blog.ccc.eu\/hu\/wp-content\/uploads\/2024\/07\/CCC_590558856507902_02M_Copy.jpg","contentUrl":"https:\/\/blog.ccc.eu\/hu\/wp-content\/uploads\/2024\/07\/CCC_590558856507902_02M_Copy.jpg","width":533,"height":800},{"@type":"BreadcrumbList","@id":"https:\/\/blog.ccc.eu\/hu\/a-mandula-orru-cipok-2024-ben-ujra-divatba-jonnek\/#breadcrumb","itemListElement":[{"@type":"ListItem","position":1,"name":"Strona g\u0142\u00f3wna","item":"https:\/\/blog.ccc.eu\/hu\/"},{"@type":"ListItem","position":2,"name":"A mandula orr\u00fa cip\u0151k 2024-ben \u00fajra divatba j\u00f6nnek!\u00a0"}]},{"@type":"WebSite","@id":"https:\/\/blog.ccc.eu\/hu\/#website","url":"https:\/\/blog.ccc.eu\/hu\/","name":"CCC Fashion blog","description":"Az \u00d6n helye tele van divatihletekkel","publisher":{"@id":"https:\/\/blog.ccc.eu\/hu\/#organization"},"potentialAction":[{"@type":"SearchAction","target":{"@type":"EntryPoint","urlTemplate":"https:\/\/blog.ccc.eu\/hu\/?s={search_term_string}"},"query-input":{"@type":"PropertyValueSpecification","valueRequired":true,"valueName":"search_term_string"}}],"inLanguage":"hu"},{"@type":"Organization","@id":"https:\/\/blog.ccc.eu\/hu\/#organization","name":"CCC S.A.","url":"https:\/\/blog.ccc.eu\/hu\/","logo":{"@type":"ImageObject","inLanguage":"hu","@id":"https:\/\/blog.ccc.eu\/hu\/#\/schema\/logo\/image\/","url":"https:\/\/blog.ccc.eu\/hu\/wp-content\/uploads\/2021\/11\/logo_ccc.png","contentUrl":"https:\/\/blog.ccc.eu\/hu\/wp-content\/uploads\/2021\/11\/logo_ccc.png","width":730,"height":270,"caption":"CCC S.A."},"image":{"@id":"https:\/\/blog.ccc.eu\/hu\/#\/schema\/logo\/image\/"}},{"@type":"Person","@id":"https:\/\/blog.ccc.eu\/hu\/#\/schema\/person\/b37d4e58a15b8cc6b1339218cfeb7c10","name":"Beatrix Korosi","image":{"@type":"ImageObject","inLanguage":"hu","@id":"https:\/\/blog.ccc.eu\/hu\/#\/schema\/person\/image\/","url":"https:\/\/blog.ccc.eu\/hu\/wp-content\/uploads\/2022\/11\/Bea-150x150.jpg","contentUrl":"https:\/\/blog.ccc.eu\/hu\/wp-content\/uploads\/2022\/11\/Bea-150x150.jpg","caption":"Beatrix Korosi"},"url":"https:\/\/blog.ccc.eu\/hu\/author\/beatrix-korosi\/"}]}},"_links":{"self":[{"href":"https:\/\/blog.ccc.eu\/hu\/wp-json\/wp\/v2\/posts\/10150","targetHints":{"allow":["GET"]}}],"collection":[{"href":"https:\/\/blog.ccc.eu\/hu\/wp-json\/wp\/v2\/posts"}],"about":[{"href":"https:\/\/blog.ccc.eu\/hu\/wp-json\/wp\/v2\/types\/post"}],"author":[{"embeddable":true,"href":"https:\/\/blog.ccc.eu\/hu\/wp-json\/wp\/v2\/users\/22"}],"replies":[{"embeddable":true,"href":"https:\/\/blog.ccc.eu\/hu\/wp-json\/wp\/v2\/comments?post=10150"}],"version-history":[{"count":1,"href":"https:\/\/blog.ccc.eu\/hu\/wp-json\/wp\/v2\/posts\/10150\/revisions"}],"predecessor-version":[{"id":10160,"href":"https:\/\/blog.ccc.eu\/hu\/wp-json\/wp\/v2\/posts\/10150\/revisions\/10160"}],"wp:featuredmedia":[{"embeddable":true,"href":"https:\/\/blog.ccc.eu\/hu\/wp-json\/wp\/v2\/media\/10151"}],"wp:attachment":[{"href":"https:\/\/blog.ccc.eu\/hu\/wp-json\/wp\/v2\/media?parent=10150"}],"wp:term":[{"taxonomy":"category","embeddable":true,"href":"https:\/\/blog.ccc.eu\/hu\/wp-json\/wp\/v2\/categories?post=10150"},{"taxonomy":"post_tag","embeddable":true,"href":"https:\/\/blog.ccc.eu\/hu\/wp-json\/wp\/v2\/tags?post=10150"}],"curies":[{"name":"wp","href":"https:\/\/api.w.org\/{rel}","templated":true}]}}